{"id":1023063,"date":"2019-04-06T21:23:58","date_gmt":"2019-04-06T21:23:58","guid":{"rendered":"https:\/\/www.eldigitaldeasturias.com\/noticias\/?p=1023063"},"modified":"2019-04-06T21:23:58","modified_gmt":"2019-04-06T21:23:58","slug":"siemens-quiere-construir-un-campus-de-innovacion-en-berlin","status":"publish","type":"post","link":"https:\/\/www.eldigitaldeasturias.com\/noticias\/siemens-quiere-construir-un-campus-de-innovacion-en-berlin\/","title":{"rendered":"Siemens quiere construir un campus de innovaci\u00f3n en Berl\u00edn"},"content":{"rendered":"<p><img loading=\"lazy\" decoding=\"async\" class=\"alignleft size-medium wp-image-1023064\" src=\"https:\/\/www.eldigitaldeasturias.com\/noticias\/wp-content\/uploads\/2019\/04\/Siemens-dpa-360x244.jpg\" alt=\"\" width=\"360\" height=\"244\" srcset=\"https:\/\/www.eldigitaldeasturias.com\/noticias\/wp-content\/uploads\/2019\/04\/Siemens-dpa-360x244.jpg 360w, https:\/\/www.eldigitaldeasturias.com\/noticias\/wp-content\/uploads\/2019\/04\/Siemens-dpa-768x520.jpg 768w, https:\/\/www.eldigitaldeasturias.com\/noticias\/wp-content\/uploads\/2019\/04\/Siemens-dpa-650x440.jpg 650w, https:\/\/www.eldigitaldeasturias.com\/noticias\/wp-content\/uploads\/2019\/04\/Siemens-dpa.jpg 1012w\" sizes=\"auto, (max-width: 360px) 100vw, 360px\" \/>Berl\u00edn, 6 abr (dpa) &#8211; El gigante tecnol\u00f3gico alem\u00e1n Siemens empezar\u00e1 las obras de su campus de innovaci\u00f3n \u00abSiemensstadt 2.0\u00bb en Berl\u00edn como muy pronto a comienzos del a\u00f1o 2021, declar\u00f3 a dpa el miembro de la junta directiva Cedrik Neike.<\/p>\n<p>A finales de este a\u00f1o ya se ver\u00e1 claramente c\u00f3mo ser\u00e1 el campus que contar\u00e1 con centros de investigaci\u00f3n, de producci\u00f3n y viviendas, agreg\u00f3 Neike.<\/p>\n<p>Luego se cerrar\u00e1 el concurso urban\u00edstico que se iniciar\u00e1 este verano, detall\u00f3 el directivo. \u00abEntonces nos decidiremos por un concepto y esta decisi\u00f3n se discutir\u00e1 de nuevo en la junta directiva\u00bb, puntualiz\u00f3. Aproximadamente se necesita un a\u00f1o para cerrar el contrato urban\u00edstico vinculante.<\/p>\n<p>Siemens hab\u00eda anunciado hace medio a\u00f1o que iba a invertir hasta 600 millones de euros (673 millones de d\u00f3lares) en su emplazamiento de berlin\u00e9s de Spandau. La suma exacta se fijar\u00e1 despu\u00e9s del concurso urban\u00edstico, seg\u00fan Neike.<\/p>\n<p>\u00abSe trata de asegurar los puestos de trabajo a largo plazo en nuestro mayor centro de producci\u00f3n, con 11.500 empleados\u00bb, puntualiz\u00f3 Neike. Adem\u00e1s se asentar\u00e1n all\u00ed empresas de nueva creaci\u00f3n (startups) e institutos de tecnolog\u00eda.<\/p>\n<p>\u00abQueremos compaginar investigaci\u00f3n, vida y producci\u00f3n\u00bb, resumi\u00f3 Neike el proyecto.<\/p>\n<p>El gigante tecnol\u00f3gico, con sede en M\u00fanich, tiene sus ra\u00edces en Berl\u00edn. La empresa se fund\u00f3 en la capital alemana en 1847. El distrito de Siemensstadt, que lleva el nombre de la empresa, con sus f\u00e1bricas y urbanizaciones industriales, fue fundado en 1900.<\/p>\n<p>El campus de innovaci\u00f3n se construir\u00e1 en el lugar donde se encuentran la antigua f\u00e1brica de d\u00ednamo y de interruptores.<\/p>\n","protected":false},"excerpt":{"rendered":"<p>Berl\u00edn, 6 abr (dpa) &#8211; El gigante tecnol\u00f3gico alem\u00e1n Siemens empezar\u00e1 las obras de su campus de innovaci\u00f3n \u00abSiemensstadt 2.0\u00bb en Berl\u00edn como muy pronto a comienzos del a\u00f1o 2021, declar\u00f3 a dpa el miembro de la junta directiva Cedrik Neike. A finales de este a\u00f1o ya se ver\u00e1 claramente c\u00f3mo ser\u00e1 el campus que [&hellip;]<\/p>\n","protected":false},"author":1,"featured_media":1023064,"comment_status":"closed","ping_status":"closed","sticky":false,"template":"","format":"standard","meta":{"footnotes":""},"categories":[187],"tags":[],"class_list":["post-1023063","post","type-post","status-publish","format-standard","has-post-thumbnail","hentry","category-economia"],"aioseo_notices":[],"aioseo_head":"\n\t\t<!-- All in One SEO Pro 4.9.6.2 - aioseo.com -->\n\t<meta name=\"description\" content=\"Berl\u00edn, 6 abr (dpa) - El gigante tecnol\u00f3gico alem\u00e1n Siemens empezar\u00e1 las obras de su campus de innovaci\u00f3n &quot;Siemensstadt 2.0&quot; en Berl\u00edn como muy pronto a comienzos del a\u00f1o 2021, declar\u00f3 a dpa el miembro de la junta directiva Cedrik Neike. A finales de este a\u00f1o ya se ver\u00e1 claramente c\u00f3mo ser\u00e1 el campus que\" \/>\n\t<meta name=\"robots\" content=\"max-image-preview:large\" \/>\n\t<meta name=\"author\" content=\"El Digital de Asturias\"\/>\n\t<meta name=\"google-site-verification\" content=\"UA-38556648-1\" \/>\n\t<meta name=\"msvalidate.01\" content=\"7dfe9f3f1b24437ab69f4f2559babe99\" \/>\n\t<meta name=\"keywords\" content=\"econom\u00eda\" \/>\n\t<link rel=\"canonical\" href=\"https:\/\/www.eldigitaldeasturias.com\/noticias\/siemens-quiere-construir-un-campus-de-innovacion-en-berlin\/\" \/>\n\t<meta name=\"generator\" content=\"All in One SEO Pro (AIOSEO) 4.9.6.2\" \/>\n\t\t<meta property=\"og:locale\" content=\"es_ES\" \/>\n\t\t<meta property=\"og:site_name\" content=\"El Digital de Asturias\" \/>\n\t\t<meta property=\"og:type\" content=\"article\" \/>\n\t\t<meta property=\"og:title\" content=\"Siemens quiere construir un campus de innovaci\u00f3n en Berl\u00edn - El Digital de Asturias\" \/>\n\t\t<meta property=\"og:description\" content=\"Berl\u00edn, 6 abr (dpa) - El gigante tecnol\u00f3gico alem\u00e1n Siemens empezar\u00e1 las obras de su campus de innovaci\u00f3n &quot;Siemensstadt 2.0&quot; en Berl\u00edn como muy pronto a comienzos del a\u00f1o 2021, declar\u00f3 a dpa el miembro de la junta directiva Cedrik Neike. A finales de este a\u00f1o ya se ver\u00e1 claramente c\u00f3mo ser\u00e1 el campus que\" \/>\n\t\t<meta property=\"og:url\" content=\"https:\/\/www.eldigitaldeasturias.com\/noticias\/siemens-quiere-construir-un-campus-de-innovacion-en-berlin\/\" \/>\n\t\t<meta property=\"og:image\" content=\"https:\/\/www.eldigitaldeasturias.com\/noticias\/wp-content\/uploads\/2019\/04\/Siemens-dpa.jpg\" \/>\n\t\t<meta property=\"og:image:secure_url\" content=\"https:\/\/www.eldigitaldeasturias.com\/noticias\/wp-content\/uploads\/2019\/04\/Siemens-dpa.jpg\" \/>\n\t\t<meta property=\"og:image:width\" content=\"1012\" \/>\n\t\t<meta property=\"og:image:height\" content=\"685\" \/>\n\t\t<meta property=\"article:tag\" content=\"econom\u00eda\" \/>\n\t\t<meta property=\"article:published_time\" content=\"2019-04-06T21:23:58+00:00\" \/>\n\t\t<meta property=\"article:modified_time\" content=\"2019-04-06T21:23:58+00:00\" \/>\n\t\t<meta property=\"article:publisher\" content=\"https:\/\/facebook.com\/eldigitaldeasturias\" \/>\n\t\t<meta name=\"twitter:card\" content=\"summary_large_image\" \/>\n\t\t<meta name=\"twitter:title\" content=\"Siemens quiere construir un campus de innovaci\u00f3n en Berl\u00edn - El Digital de Asturias\" \/>\n\t\t<meta name=\"twitter:description\" content=\"Berl\u00edn, 6 abr (dpa) - El gigante tecnol\u00f3gico alem\u00e1n Siemens empezar\u00e1 las obras de su campus de innovaci\u00f3n &quot;Siemensstadt 2.0&quot; en Berl\u00edn como muy pronto a comienzos del a\u00f1o 2021, declar\u00f3 a dpa el miembro de la junta directiva Cedrik Neike. A finales de este a\u00f1o ya se ver\u00e1 claramente c\u00f3mo ser\u00e1 el campus que\" \/>\n\t\t<meta name=\"twitter:image\" content=\"https:\/\/www.eldigitaldeasturias.com\/noticias\/wp-content\/uploads\/2019\/04\/Siemens-dpa.jpg\" \/>\n\t\t<meta name=\"twitter:label1\" content=\"Escrito por\" \/>\n\t\t<meta name=\"twitter:data1\" content=\"El Digital de Asturias\" \/>\n\t\t<meta name=\"twitter:label2\" content=\"Tiempo de lectura estimado\" \/>\n\t\t<meta name=\"twitter:data2\" content=\"1 minuto\" \/>\n\t\t<script type=\"application\/ld+json\" class=\"aioseo-schema\">\n\t\t\t{\"@context\":\"https:\\\/\\\/schema.org\",\"@graph\":[{\"@type\":\"BlogPosting\",\"@id\":\"https:\\\/\\\/www.eldigitaldeasturias.com\\\/noticias\\\/siemens-quiere-construir-un-campus-de-innovacion-en-berlin\\\/#blogposting\",\"name\":\"Siemens quiere construir un campus de innovaci\\u00f3n en Berl\\u00edn - El Digital de Asturias\",\"headline\":\"Siemens quiere construir un campus de innovaci\\u00f3n en Berl\\u00edn\",\"author\":{\"@id\":\"https:\\\/\\\/www.eldigitaldeasturias.com\\\/noticias\\\/author\\\/admin\\\/#author\"},\"publisher\":{\"@id\":\"https:\\\/\\\/www.eldigitaldeasturias.com\\\/noticias\\\/#organization\"},\"image\":{\"@type\":\"ImageObject\",\"url\":\"https:\\\/\\\/www.eldigitaldeasturias.com\\\/noticias\\\/wp-content\\\/uploads\\\/2019\\\/04\\\/Siemens-dpa.jpg\",\"width\":1012,\"height\":685},\"datePublished\":\"2019-04-06T21:23:58+02:00\",\"dateModified\":\"2019-04-06T21:23:58+02:00\",\"inLanguage\":\"es-ES\",\"mainEntityOfPage\":{\"@id\":\"https:\\\/\\\/www.eldigitaldeasturias.com\\\/noticias\\\/siemens-quiere-construir-un-campus-de-innovacion-en-berlin\\\/#webpage\"},\"isPartOf\":{\"@id\":\"https:\\\/\\\/www.eldigitaldeasturias.com\\\/noticias\\\/siemens-quiere-construir-un-campus-de-innovacion-en-berlin\\\/#webpage\"},\"articleSection\":\"Econom\\u00eda\"},{\"@type\":\"BreadcrumbList\",\"@id\":\"https:\\\/\\\/www.eldigitaldeasturias.com\\\/noticias\\\/siemens-quiere-construir-un-campus-de-innovacion-en-berlin\\\/#breadcrumblist\",\"itemListElement\":[{\"@type\":\"ListItem\",\"@id\":\"https:\\\/\\\/www.eldigitaldeasturias.com\\\/noticias#listItem\",\"position\":1,\"name\":\"Home\",\"item\":\"https:\\\/\\\/www.eldigitaldeasturias.com\\\/noticias\",\"nextItem\":{\"@type\":\"ListItem\",\"@id\":\"https:\\\/\\\/www.eldigitaldeasturias.com\\\/noticias\\\/category\\\/economia\\\/#listItem\",\"name\":\"Econom\\u00eda\"}},{\"@type\":\"ListItem\",\"@id\":\"https:\\\/\\\/www.eldigitaldeasturias.com\\\/noticias\\\/category\\\/economia\\\/#listItem\",\"position\":2,\"name\":\"Econom\\u00eda\",\"item\":\"https:\\\/\\\/www.eldigitaldeasturias.com\\\/noticias\\\/category\\\/economia\\\/\",\"nextItem\":{\"@type\":\"ListItem\",\"@id\":\"https:\\\/\\\/www.eldigitaldeasturias.com\\\/noticias\\\/siemens-quiere-construir-un-campus-de-innovacion-en-berlin\\\/#listItem\",\"name\":\"Siemens quiere construir un campus de innovaci\\u00f3n en Berl\\u00edn\"},\"previousItem\":{\"@type\":\"ListItem\",\"@id\":\"https:\\\/\\\/www.eldigitaldeasturias.com\\\/noticias#listItem\",\"name\":\"Home\"}},{\"@type\":\"ListItem\",\"@id\":\"https:\\\/\\\/www.eldigitaldeasturias.com\\\/noticias\\\/siemens-quiere-construir-un-campus-de-innovacion-en-berlin\\\/#listItem\",\"position\":3,\"name\":\"Siemens quiere construir un campus de innovaci\\u00f3n en Berl\\u00edn\",\"previousItem\":{\"@type\":\"ListItem\",\"@id\":\"https:\\\/\\\/www.eldigitaldeasturias.com\\\/noticias\\\/category\\\/economia\\\/#listItem\",\"name\":\"Econom\\u00eda\"}}]},{\"@type\":\"Organization\",\"@id\":\"https:\\\/\\\/www.eldigitaldeasturias.com\\\/noticias\\\/#organization\",\"name\":\"El Digital de Asturias\",\"description\":\"Hemeroteca\",\"url\":\"https:\\\/\\\/www.eldigitaldeasturias.com\\\/noticias\\\/\",\"email\":\"info@eldigitaldeasturias.com\",\"telephone\":\"+34652131393\",\"logo\":{\"@type\":\"ImageObject\",\"url\":\"https:\\\/\\\/www.eldigitaldeasturias.com\\\/noticias\\\/wp-content\\\/uploads\\\/2020\\\/12\\\/EDA.jpg\",\"@id\":\"https:\\\/\\\/www.eldigitaldeasturias.com\\\/noticias\\\/siemens-quiere-construir-un-campus-de-innovacion-en-berlin\\\/#organizationLogo\",\"width\":649,\"height\":297},\"image\":{\"@id\":\"https:\\\/\\\/www.eldigitaldeasturias.com\\\/noticias\\\/siemens-quiere-construir-un-campus-de-innovacion-en-berlin\\\/#organizationLogo\"},\"sameAs\":[\"https:\\\/\\\/facebook.com\\\/eldigitaldeasturias\",\"https:\\\/\\\/www.youtube.com\\\/channel\\\/UCZP-2wLEB9Rv6erhFmqVnvg\"],\"address\":{\"@id\":\"https:\\\/\\\/www.eldigitaldeasturias.com\\\/noticias\\\/#postaladdress\",\"@type\":\"PostalAddress\",\"streetAddress\":\"san antonio 4,\",\"postalCode\":\"33430\",\"addressLocality\":\"Cand\\u00e1s\",\"addressRegion\":\"Asturias\",\"addressCountry\":\"ES\"}},{\"@type\":\"Person\",\"@id\":\"https:\\\/\\\/www.eldigitaldeasturias.com\\\/noticias\\\/author\\\/admin\\\/#author\",\"url\":\"https:\\\/\\\/www.eldigitaldeasturias.com\\\/noticias\\\/author\\\/admin\\\/\",\"name\":\"El Digital de Asturias\",\"image\":{\"@type\":\"ImageObject\",\"@id\":\"https:\\\/\\\/www.eldigitaldeasturias.com\\\/noticias\\\/siemens-quiere-construir-un-campus-de-innovacion-en-berlin\\\/#authorImage\",\"url\":\"https:\\\/\\\/www.eldigitaldeasturias.com\\\/noticias\\\/wp-content\\\/litespeed\\\/avatar\\\/18677e78aa0546b92d9dbf31ec7d7668.jpg?ver=1777290358\",\"width\":96,\"height\":96,\"caption\":\"El Digital de Asturias\"}},{\"@type\":\"WebPage\",\"@id\":\"https:\\\/\\\/www.eldigitaldeasturias.com\\\/noticias\\\/siemens-quiere-construir-un-campus-de-innovacion-en-berlin\\\/#webpage\",\"url\":\"https:\\\/\\\/www.eldigitaldeasturias.com\\\/noticias\\\/siemens-quiere-construir-un-campus-de-innovacion-en-berlin\\\/\",\"name\":\"Siemens quiere construir un campus de innovaci\\u00f3n en Berl\\u00edn - El Digital de Asturias\",\"description\":\"Berl\\u00edn, 6 abr (dpa) - El gigante tecnol\\u00f3gico alem\\u00e1n Siemens empezar\\u00e1 las obras de su campus de innovaci\\u00f3n \\\"Siemensstadt 2.0\\\" en Berl\\u00edn como muy pronto a comienzos del a\\u00f1o 2021, declar\\u00f3 a dpa el miembro de la junta directiva Cedrik Neike. A finales de este a\\u00f1o ya se ver\\u00e1 claramente c\\u00f3mo ser\\u00e1 el campus que\",\"inLanguage\":\"es-ES\",\"isPartOf\":{\"@id\":\"https:\\\/\\\/www.eldigitaldeasturias.com\\\/noticias\\\/#website\"},\"breadcrumb\":{\"@id\":\"https:\\\/\\\/www.eldigitaldeasturias.com\\\/noticias\\\/siemens-quiere-construir-un-campus-de-innovacion-en-berlin\\\/#breadcrumblist\"},\"author\":{\"@id\":\"https:\\\/\\\/www.eldigitaldeasturias.com\\\/noticias\\\/author\\\/admin\\\/#author\"},\"creator\":{\"@id\":\"https:\\\/\\\/www.eldigitaldeasturias.com\\\/noticias\\\/author\\\/admin\\\/#author\"},\"image\":{\"@type\":\"ImageObject\",\"url\":\"https:\\\/\\\/www.eldigitaldeasturias.com\\\/noticias\\\/wp-content\\\/uploads\\\/2019\\\/04\\\/Siemens-dpa.jpg\",\"@id\":\"https:\\\/\\\/www.eldigitaldeasturias.com\\\/noticias\\\/siemens-quiere-construir-un-campus-de-innovacion-en-berlin\\\/#mainImage\",\"width\":1012,\"height\":685},\"primaryImageOfPage\":{\"@id\":\"https:\\\/\\\/www.eldigitaldeasturias.com\\\/noticias\\\/siemens-quiere-construir-un-campus-de-innovacion-en-berlin\\\/#mainImage\"},\"datePublished\":\"2019-04-06T21:23:58+02:00\",\"dateModified\":\"2019-04-06T21:23:58+02:00\"},{\"@type\":\"WebSite\",\"@id\":\"https:\\\/\\\/www.eldigitaldeasturias.com\\\/noticias\\\/#website\",\"url\":\"https:\\\/\\\/www.eldigitaldeasturias.com\\\/noticias\\\/\",\"name\":\"El Digital de Asturias - Diario de actualidad y noticias\",\"alternateName\":\"El Digital de Asturias - Diario de actualidad y noticias\",\"description\":\"Hemeroteca\",\"inLanguage\":\"es-ES\",\"publisher\":{\"@id\":\"https:\\\/\\\/www.eldigitaldeasturias.com\\\/noticias\\\/#organization\"}}]}\n\t\t<\/script>\n\t\t<!-- All in One SEO Pro -->\r\n\t\t<title>Siemens quiere construir un campus de innovaci\u00f3n en Berl\u00edn - El Digital de Asturias<\/title>\n\n","aioseo_head_json":{"title":"Siemens quiere construir un campus de innovaci\u00f3n en Berl\u00edn - El Digital de Asturias","description":"Berl\u00edn, 6 abr (dpa) - El gigante tecnol\u00f3gico alem\u00e1n Siemens empezar\u00e1 las obras de su campus de innovaci\u00f3n \"Siemensstadt 2.0\" en Berl\u00edn como muy pronto a comienzos del a\u00f1o 2021, declar\u00f3 a dpa el miembro de la junta directiva Cedrik Neike. A finales de este a\u00f1o ya se ver\u00e1 claramente c\u00f3mo ser\u00e1 el campus que","canonical_url":"https:\/\/www.eldigitaldeasturias.com\/noticias\/siemens-quiere-construir-un-campus-de-innovacion-en-berlin\/","robots":"max-image-preview:large","keywords":"econom\u00eda","webmasterTools":{"google-site-verification":"UA-38556648-1","msvalidate.01":"7dfe9f3f1b24437ab69f4f2559babe99","miscellaneous":""},"schema":{"@context":"https:\/\/schema.org","@graph":[{"@type":"BlogPosting","@id":"https:\/\/www.eldigitaldeasturias.com\/noticias\/siemens-quiere-construir-un-campus-de-innovacion-en-berlin\/#blogposting","name":"Siemens quiere construir un campus de innovaci\u00f3n en Berl\u00edn - El Digital de Asturias","headline":"Siemens quiere construir un campus de innovaci\u00f3n en Berl\u00edn","author":{"@id":"https:\/\/www.eldigitaldeasturias.com\/noticias\/author\/admin\/#author"},"publisher":{"@id":"https:\/\/www.eldigitaldeasturias.com\/noticias\/#organization"},"image":{"@type":"ImageObject","url":"https:\/\/www.eldigitaldeasturias.com\/noticias\/wp-content\/uploads\/2019\/04\/Siemens-dpa.jpg","width":1012,"height":685},"datePublished":"2019-04-06T21:23:58+02:00","dateModified":"2019-04-06T21:23:58+02:00","inLanguage":"es-ES","mainEntityOfPage":{"@id":"https:\/\/www.eldigitaldeasturias.com\/noticias\/siemens-quiere-construir-un-campus-de-innovacion-en-berlin\/#webpage"},"isPartOf":{"@id":"https:\/\/www.eldigitaldeasturias.com\/noticias\/siemens-quiere-construir-un-campus-de-innovacion-en-berlin\/#webpage"},"articleSection":"Econom\u00eda"},{"@type":"BreadcrumbList","@id":"https:\/\/www.eldigitaldeasturias.com\/noticias\/siemens-quiere-construir-un-campus-de-innovacion-en-berlin\/#breadcrumblist","itemListElement":[{"@type":"ListItem","@id":"https:\/\/www.eldigitaldeasturias.com\/noticias#listItem","position":1,"name":"Home","item":"https:\/\/www.eldigitaldeasturias.com\/noticias","nextItem":{"@type":"ListItem","@id":"https:\/\/www.eldigitaldeasturias.com\/noticias\/category\/economia\/#listItem","name":"Econom\u00eda"}},{"@type":"ListItem","@id":"https:\/\/www.eldigitaldeasturias.com\/noticias\/category\/economia\/#listItem","position":2,"name":"Econom\u00eda","item":"https:\/\/www.eldigitaldeasturias.com\/noticias\/category\/economia\/","nextItem":{"@type":"ListItem","@id":"https:\/\/www.eldigitaldeasturias.com\/noticias\/siemens-quiere-construir-un-campus-de-innovacion-en-berlin\/#listItem","name":"Siemens quiere construir un campus de innovaci\u00f3n en Berl\u00edn"},"previousItem":{"@type":"ListItem","@id":"https:\/\/www.eldigitaldeasturias.com\/noticias#listItem","name":"Home"}},{"@type":"ListItem","@id":"https:\/\/www.eldigitaldeasturias.com\/noticias\/siemens-quiere-construir-un-campus-de-innovacion-en-berlin\/#listItem","position":3,"name":"Siemens quiere construir un campus de innovaci\u00f3n en Berl\u00edn","previousItem":{"@type":"ListItem","@id":"https:\/\/www.eldigitaldeasturias.com\/noticias\/category\/economia\/#listItem","name":"Econom\u00eda"}}]},{"@type":"Organization","@id":"https:\/\/www.eldigitaldeasturias.com\/noticias\/#organization","name":"El Digital de Asturias","description":"Hemeroteca","url":"https:\/\/www.eldigitaldeasturias.com\/noticias\/","email":"info@eldigitaldeasturias.com","telephone":"+34652131393","logo":{"@type":"ImageObject","url":"https:\/\/www.eldigitaldeasturias.com\/noticias\/wp-content\/uploads\/2020\/12\/EDA.jpg","@id":"https:\/\/www.eldigitaldeasturias.com\/noticias\/siemens-quiere-construir-un-campus-de-innovacion-en-berlin\/#organizationLogo","width":649,"height":297},"image":{"@id":"https:\/\/www.eldigitaldeasturias.com\/noticias\/siemens-quiere-construir-un-campus-de-innovacion-en-berlin\/#organizationLogo"},"sameAs":["https:\/\/facebook.com\/eldigitaldeasturias","https:\/\/www.youtube.com\/channel\/UCZP-2wLEB9Rv6erhFmqVnvg"],"address":{"@id":"https:\/\/www.eldigitaldeasturias.com\/noticias\/#postaladdress","@type":"PostalAddress","streetAddress":"san antonio 4,","postalCode":"33430","addressLocality":"Cand\u00e1s","addressRegion":"Asturias","addressCountry":"ES"}},{"@type":"Person","@id":"https:\/\/www.eldigitaldeasturias.com\/noticias\/author\/admin\/#author","url":"https:\/\/www.eldigitaldeasturias.com\/noticias\/author\/admin\/","name":"El Digital de Asturias","image":{"@type":"ImageObject","@id":"https:\/\/www.eldigitaldeasturias.com\/noticias\/siemens-quiere-construir-un-campus-de-innovacion-en-berlin\/#authorImage","url":"https:\/\/www.eldigitaldeasturias.com\/noticias\/wp-content\/litespeed\/avatar\/18677e78aa0546b92d9dbf31ec7d7668.jpg?ver=1777290358","width":96,"height":96,"caption":"El Digital de Asturias"}},{"@type":"WebPage","@id":"https:\/\/www.eldigitaldeasturias.com\/noticias\/siemens-quiere-construir-un-campus-de-innovacion-en-berlin\/#webpage","url":"https:\/\/www.eldigitaldeasturias.com\/noticias\/siemens-quiere-construir-un-campus-de-innovacion-en-berlin\/","name":"Siemens quiere construir un campus de innovaci\u00f3n en Berl\u00edn - El Digital de Asturias","description":"Berl\u00edn, 6 abr (dpa) - El gigante tecnol\u00f3gico alem\u00e1n Siemens empezar\u00e1 las obras de su campus de innovaci\u00f3n \"Siemensstadt 2.0\" en Berl\u00edn como muy pronto a comienzos del a\u00f1o 2021, declar\u00f3 a dpa el miembro de la junta directiva Cedrik Neike. A finales de este a\u00f1o ya se ver\u00e1 claramente c\u00f3mo ser\u00e1 el campus que","inLanguage":"es-ES","isPartOf":{"@id":"https:\/\/www.eldigitaldeasturias.com\/noticias\/#website"},"breadcrumb":{"@id":"https:\/\/www.eldigitaldeasturias.com\/noticias\/siemens-quiere-construir-un-campus-de-innovacion-en-berlin\/#breadcrumblist"},"author":{"@id":"https:\/\/www.eldigitaldeasturias.com\/noticias\/author\/admin\/#author"},"creator":{"@id":"https:\/\/www.eldigitaldeasturias.com\/noticias\/author\/admin\/#author"},"image":{"@type":"ImageObject","url":"https:\/\/www.eldigitaldeasturias.com\/noticias\/wp-content\/uploads\/2019\/04\/Siemens-dpa.jpg","@id":"https:\/\/www.eldigitaldeasturias.com\/noticias\/siemens-quiere-construir-un-campus-de-innovacion-en-berlin\/#mainImage","width":1012,"height":685},"primaryImageOfPage":{"@id":"https:\/\/www.eldigitaldeasturias.com\/noticias\/siemens-quiere-construir-un-campus-de-innovacion-en-berlin\/#mainImage"},"datePublished":"2019-04-06T21:23:58+02:00","dateModified":"2019-04-06T21:23:58+02:00"},{"@type":"WebSite","@id":"https:\/\/www.eldigitaldeasturias.com\/noticias\/#website","url":"https:\/\/www.eldigitaldeasturias.com\/noticias\/","name":"El Digital de Asturias - Diario de actualidad y noticias","alternateName":"El Digital de Asturias - Diario de actualidad y noticias","description":"Hemeroteca","inLanguage":"es-ES","publisher":{"@id":"https:\/\/www.eldigitaldeasturias.com\/noticias\/#organization"}}]},"og:locale":"es_ES","og:site_name":"El Digital de Asturias","og:type":"article","og:title":"Siemens quiere construir un campus de innovaci\u00f3n en Berl\u00edn - El Digital de Asturias","og:description":"Berl\u00edn, 6 abr (dpa) - El gigante tecnol\u00f3gico alem\u00e1n Siemens empezar\u00e1 las obras de su campus de innovaci\u00f3n &quot;Siemensstadt 2.0&quot; en Berl\u00edn como muy pronto a comienzos del a\u00f1o 2021, declar\u00f3 a dpa el miembro de la junta directiva Cedrik Neike. A finales de este a\u00f1o ya se ver\u00e1 claramente c\u00f3mo ser\u00e1 el campus que","og:url":"https:\/\/www.eldigitaldeasturias.com\/noticias\/siemens-quiere-construir-un-campus-de-innovacion-en-berlin\/","og:image":"https:\/\/www.eldigitaldeasturias.com\/noticias\/wp-content\/uploads\/2019\/04\/Siemens-dpa.jpg","og:image:secure_url":"https:\/\/www.eldigitaldeasturias.com\/noticias\/wp-content\/uploads\/2019\/04\/Siemens-dpa.jpg","og:image:width":1012,"og:image:height":685,"article:tag":["econom\u00eda"],"article:published_time":"2019-04-06T21:23:58+00:00","article:modified_time":"2019-04-06T21:23:58+00:00","article:publisher":"https:\/\/facebook.com\/eldigitaldeasturias","twitter:card":"summary_large_image","twitter:title":"Siemens quiere construir un campus de innovaci\u00f3n en Berl\u00edn - El Digital de Asturias","twitter:description":"Berl\u00edn, 6 abr (dpa) - El gigante tecnol\u00f3gico alem\u00e1n Siemens empezar\u00e1 las obras de su campus de innovaci\u00f3n &quot;Siemensstadt 2.0&quot; en Berl\u00edn como muy pronto a comienzos del a\u00f1o 2021, declar\u00f3 a dpa el miembro de la junta directiva Cedrik Neike. A finales de este a\u00f1o ya se ver\u00e1 claramente c\u00f3mo ser\u00e1 el campus que","twitter:image":"https:\/\/www.eldigitaldeasturias.com\/noticias\/wp-content\/uploads\/2019\/04\/Siemens-dpa.jpg","twitter:label1":"Escrito por","twitter:data1":"El Digital de Asturias","twitter:label2":"Tiempo de lectura estimado","twitter:data2":"1 minuto"},"aioseo_meta_data":{"post_id":"1023063","title":null,"description":null,"keywords":null,"keyphrases":null,"primary_term":null,"canonical_url":null,"og_title":null,"og_description":null,"og_object_type":"default","og_image_type":"default","og_image_url":null,"og_image_width":null,"og_image_height":null,"og_image_custom_url":null,"og_image_custom_fields":null,"og_video":null,"og_custom_url":null,"og_article_section":null,"og_article_tags":null,"twitter_use_og":false,"twitter_card":"default","twitter_image_type":"default","twitter_image_url":null,"twitter_image_custom_url":null,"twitter_image_custom_fields":null,"twitter_title":null,"twitter_description":null,"schema":{"blockGraphs":[],"customGraphs":[],"default":{"data":{"Article":[],"Course":[],"Dataset":[],"FAQPage":[],"Movie":[],"Person":[],"Product":[],"ProductReview":[],"Car":[],"Recipe":[],"Service":[],"SoftwareApplication":[],"WebPage":[]},"graphName":"","isEnabled":true},"graphs":[]},"schema_type":null,"schema_type_options":null,"pillar_content":false,"robots_default":true,"robots_noindex":false,"robots_noarchive":false,"robots_nosnippet":false,"robots_nofollow":false,"robots_noimageindex":false,"robots_noodp":false,"robots_notranslate":false,"robots_max_snippet":null,"robots_max_videopreview":null,"robots_max_imagepreview":"large","priority":null,"frequency":null,"local_seo":null,"seo_analyzer_scan_date":"2025-10-17 10:29:28","breadcrumb_settings":null,"limit_modified_date":false,"open_ai":null,"ai":null,"created":"2020-12-21 11:15:39","updated":"2025-10-17 10:29:28"},"aioseo_breadcrumb":"<div class=\"aioseo-breadcrumbs\"><span class=\"aioseo-breadcrumb\">\n\t<a href=\"https:\/\/www.eldigitaldeasturias.com\/noticias\" title=\"Home\">Home<\/a>\n<\/span><span class=\"aioseo-breadcrumb-separator\">\u2013<\/span><span class=\"aioseo-breadcrumb\">\n\t<a href=\"https:\/\/www.eldigitaldeasturias.com\/noticias\/category\/economia\/\" title=\"Econom\u00eda\">Econom\u00eda<\/a>\n<\/span><span class=\"aioseo-breadcrumb-separator\">\u2013<\/span><span class=\"aioseo-breadcrumb\">\n\t<a href=\"https:\/\/www.eldigitaldeasturias.com\/noticias\/siemens-quiere-construir-un-campus-de-innovacion-en-berlin\/\" title=\"Siemens quiere construir un campus de innovaci\u00f3n en Berl\u00edn\">Siemens quiere construir un campus de innovaci\u00f3n en Berl\u00edn<\/a>\n<\/span><\/div>","aioseo_breadcrumb_json":[{"label":"Home","link":"https:\/\/www.eldigitaldeasturias.com\/noticias"},{"label":"Econom\u00eda","link":"https:\/\/www.eldigitaldeasturias.com\/noticias\/category\/economia\/"},{"label":"Siemens quiere construir un campus de innovaci\u00f3n en Berl\u00edn","link":"https:\/\/www.eldigitaldeasturias.com\/noticias\/siemens-quiere-construir-un-campus-de-innovacion-en-berlin\/"}],"_links":{"self":[{"href":"https:\/\/www.eldigitaldeasturias.com\/noticias\/wp-json\/wp\/v2\/posts\/1023063","targetHints":{"allow":["GET"]}}],"collection":[{"href":"https:\/\/www.eldigitaldeasturias.com\/noticias\/wp-json\/wp\/v2\/posts"}],"about":[{"href":"https:\/\/www.eldigitaldeasturias.com\/noticias\/wp-json\/wp\/v2\/types\/post"}],"author":[{"embeddable":true,"href":"https:\/\/www.eldigitaldeasturias.com\/noticias\/wp-json\/wp\/v2\/users\/1"}],"replies":[{"embeddable":true,"href":"https:\/\/www.eldigitaldeasturias.com\/noticias\/wp-json\/wp\/v2\/comments?post=1023063"}],"version-history":[{"count":0,"href":"https:\/\/www.eldigitaldeasturias.com\/noticias\/wp-json\/wp\/v2\/posts\/1023063\/revisions"}],"wp:featuredmedia":[{"embeddable":true,"href":"https:\/\/www.eldigitaldeasturias.com\/noticias\/wp-json\/wp\/v2\/media\/1023064"}],"wp:attachment":[{"href":"https:\/\/www.eldigitaldeasturias.com\/noticias\/wp-json\/wp\/v2\/media?parent=1023063"}],"wp:term":[{"taxonomy":"category","embeddable":true,"href":"https:\/\/www.eldigitaldeasturias.com\/noticias\/wp-json\/wp\/v2\/categories?post=1023063"},{"taxonomy":"post_tag","embeddable":true,"href":"https:\/\/www.eldigitaldeasturias.com\/noticias\/wp-json\/wp\/v2\/tags?post=1023063"}],"curies":[{"name":"wp","href":"https:\/\/api.w.org\/{rel}","templated":true}]}}