{"id":1023010,"date":"2019-04-06T15:19:44","date_gmt":"2019-04-06T15:19:44","guid":{"rendered":"https:\/\/www.eldigitaldeasturias.com\/noticias\/?p=1023010"},"modified":"2019-04-06T15:19:44","modified_gmt":"2019-04-06T15:19:44","slug":"convocada-la-linea-de-ayudas-en-el-ambito-de-la-industria-conectada-4-0","status":"publish","type":"post","link":"https:\/\/www.eldigitaldeasturias.com\/noticias\/convocada-la-linea-de-ayudas-en-el-ambito-de-la-industria-conectada-4-0\/","title":{"rendered":"Convocada la l\u00ednea de ayudas en el \u00e1mbito de la Industria Conectada 4.0"},"content":{"rendered":"<p><img loading=\"lazy\" decoding=\"async\" class=\"alignleft size-medium wp-image-1022084\" src=\"https:\/\/www.eldigitaldeasturias.com\/noticias\/wp-content\/uploads\/2019\/03\/money-3481699_960_720-360x240.jpg\" alt=\"\" width=\"360\" height=\"240\" srcset=\"https:\/\/www.eldigitaldeasturias.com\/noticias\/wp-content\/uploads\/2019\/03\/money-3481699_960_720-360x240.jpg 360w, https:\/\/www.eldigitaldeasturias.com\/noticias\/wp-content\/uploads\/2019\/03\/money-3481699_960_720-768x512.jpg 768w, https:\/\/www.eldigitaldeasturias.com\/noticias\/wp-content\/uploads\/2019\/03\/money-3481699_960_720-650x433.jpg 650w, https:\/\/www.eldigitaldeasturias.com\/noticias\/wp-content\/uploads\/2019\/03\/money-3481699_960_720.jpg 960w\" sizes=\"auto, (max-width: 360px) 100vw, 360px\" \/>El Bolet\u00edn Oficial del Estado ha publicado el anuncio de la convocatoria de concesi\u00f3n de apoyo financiero a proyectos de investigaci\u00f3n, desarrollo e innovaci\u00f3n en el \u00e1mbito de la Industria Conectada 4.0 en el a\u00f1o 2019. La l\u00ednea de ayudas est\u00e1 dotada con 50 millones de euros en pr\u00e9stamos a proyectos dirigidos a la transformaci\u00f3n digital de la industria manufacturera.<\/p>\n<p>El objetivo de esta iniciativa es que el tejido empresarial espa\u00f1ol no se quede rezagado en la revoluci\u00f3n tecnol\u00f3gica y que Espa\u00f1a cuente con una econom\u00eda digital din\u00e1mica y competitiva, que genere oportunidades de empleos de calidad.<\/p>\n<p>Las \u00e1reas tem\u00e1ticas que contempla el programa abarcan desde el tratamiento masivo de datos hasta la rob\u00f3tica avanzada. En la pr\u00e1ctica supone potenciar la investigaci\u00f3n en aplicaciones que usan la informaci\u00f3n recogida en la cadena de producci\u00f3n, visualizaci\u00f3n de datos, nuevos procesos de impresi\u00f3n 3D, rob\u00f3tica colaborativa persona-m\u00e1quina y proyectos de realidad aumentada y virtual.<\/p>\n<p>Las iniciativas seleccionadas acceder\u00e1n a pr\u00e9stamos reembolsables de hasta el 80% de la inversi\u00f3n financiable con un plazo de amortizaci\u00f3n total de 10 a\u00f1os y 3 a\u00f1os de carencia. El plazo de presentaci\u00f3n de solicitudes finalizar\u00e1 el 8 de mayo de 2019.<\/p>\n","protected":false},"excerpt":{"rendered":"<p>El Bolet\u00edn Oficial del Estado ha publicado el anuncio de la convocatoria de concesi\u00f3n de apoyo financiero a proyectos de investigaci\u00f3n, desarrollo e innovaci\u00f3n en el \u00e1mbito de la Industria Conectada 4.0 en el a\u00f1o 2019. La l\u00ednea de ayudas est\u00e1 dotada con 50 millones de euros en pr\u00e9stamos a proyectos dirigidos a la transformaci\u00f3n [&hellip;]<\/p>\n","protected":false},"author":1,"featured_media":1022084,"comment_status":"closed","ping_status":"closed","sticky":false,"template":"","format":"standard","meta":{"footnotes":""},"categories":[187],"tags":[],"class_list":["post-1023010","post","type-post","status-publish","format-standard","has-post-thumbnail","hentry","category-economia"],"aioseo_notices":[],"aioseo_head":"\n\t\t<!-- All in One SEO Pro 4.9.6.2 - aioseo.com -->\n\t<meta name=\"description\" content=\"El Bolet\u00edn Oficial del Estado ha publicado el anuncio de la convocatoria de concesi\u00f3n de apoyo financiero a proyectos de investigaci\u00f3n, desarrollo e innovaci\u00f3n en el \u00e1mbito de la Industria Conectada 4.0 en el a\u00f1o 2019. La l\u00ednea de ayudas est\u00e1 dotada con 50 millones de euros en pr\u00e9stamos a proyectos dirigidos a la transformaci\u00f3n\" \/>\n\t<meta name=\"robots\" content=\"max-image-preview:large\" \/>\n\t<meta name=\"author\" content=\"El Digital de Asturias\"\/>\n\t<meta name=\"google-site-verification\" content=\"UA-38556648-1\" \/>\n\t<meta name=\"msvalidate.01\" content=\"7dfe9f3f1b24437ab69f4f2559babe99\" \/>\n\t<meta name=\"keywords\" content=\"econom\u00eda\" \/>\n\t<link rel=\"canonical\" href=\"https:\/\/www.eldigitaldeasturias.com\/noticias\/convocada-la-linea-de-ayudas-en-el-ambito-de-la-industria-conectada-4-0\/\" \/>\n\t<meta name=\"generator\" content=\"All in One SEO Pro (AIOSEO) 4.9.6.2\" \/>\n\t\t<meta property=\"og:locale\" content=\"es_ES\" \/>\n\t\t<meta property=\"og:site_name\" content=\"El Digital de Asturias\" \/>\n\t\t<meta property=\"og:type\" content=\"article\" \/>\n\t\t<meta property=\"og:title\" content=\"Convocada la l\u00ednea de ayudas en el \u00e1mbito de la Industria Conectada 4.0 - El Digital de Asturias\" \/>\n\t\t<meta property=\"og:description\" content=\"El Bolet\u00edn Oficial del Estado ha publicado el anuncio de la convocatoria de concesi\u00f3n de apoyo financiero a proyectos de investigaci\u00f3n, desarrollo e innovaci\u00f3n en el \u00e1mbito de la Industria Conectada 4.0 en el a\u00f1o 2019. La l\u00ednea de ayudas est\u00e1 dotada con 50 millones de euros en pr\u00e9stamos a proyectos dirigidos a la transformaci\u00f3n\" \/>\n\t\t<meta property=\"og:url\" content=\"https:\/\/www.eldigitaldeasturias.com\/noticias\/convocada-la-linea-de-ayudas-en-el-ambito-de-la-industria-conectada-4-0\/\" \/>\n\t\t<meta property=\"og:image\" content=\"https:\/\/www.eldigitaldeasturias.com\/noticias\/wp-content\/uploads\/2019\/03\/money-3481699_960_720.jpg\" \/>\n\t\t<meta property=\"og:image:secure_url\" content=\"https:\/\/www.eldigitaldeasturias.com\/noticias\/wp-content\/uploads\/2019\/03\/money-3481699_960_720.jpg\" \/>\n\t\t<meta property=\"og:image:width\" content=\"960\" \/>\n\t\t<meta property=\"og:image:height\" content=\"640\" \/>\n\t\t<meta property=\"article:tag\" content=\"econom\u00eda\" \/>\n\t\t<meta property=\"article:published_time\" content=\"2019-04-06T15:19:44+00:00\" \/>\n\t\t<meta property=\"article:modified_time\" content=\"2019-04-06T15:19:44+00:00\" \/>\n\t\t<meta property=\"article:publisher\" content=\"https:\/\/facebook.com\/eldigitaldeasturias\" \/>\n\t\t<meta name=\"twitter:card\" content=\"summary_large_image\" \/>\n\t\t<meta name=\"twitter:title\" content=\"Convocada la l\u00ednea de ayudas en el \u00e1mbito de la Industria Conectada 4.0 - El Digital de Asturias\" \/>\n\t\t<meta name=\"twitter:description\" content=\"El Bolet\u00edn Oficial del Estado ha publicado el anuncio de la convocatoria de concesi\u00f3n de apoyo financiero a proyectos de investigaci\u00f3n, desarrollo e innovaci\u00f3n en el \u00e1mbito de la Industria Conectada 4.0 en el a\u00f1o 2019. La l\u00ednea de ayudas est\u00e1 dotada con 50 millones de euros en pr\u00e9stamos a proyectos dirigidos a la transformaci\u00f3n\" \/>\n\t\t<meta name=\"twitter:image\" content=\"https:\/\/www.eldigitaldeasturias.com\/noticias\/wp-content\/uploads\/2019\/03\/money-3481699_960_720.jpg\" \/>\n\t\t<meta name=\"twitter:label1\" content=\"Escrito por\" \/>\n\t\t<meta name=\"twitter:data1\" content=\"El Digital de Asturias\" \/>\n\t\t<meta name=\"twitter:label2\" content=\"Tiempo de lectura estimado\" \/>\n\t\t<meta name=\"twitter:data2\" content=\"1 minuto\" \/>\n\t\t<script type=\"application\/ld+json\" class=\"aioseo-schema\">\n\t\t\t{\"@context\":\"https:\\\/\\\/schema.org\",\"@graph\":[{\"@type\":\"BlogPosting\",\"@id\":\"https:\\\/\\\/www.eldigitaldeasturias.com\\\/noticias\\\/convocada-la-linea-de-ayudas-en-el-ambito-de-la-industria-conectada-4-0\\\/#blogposting\",\"name\":\"Convocada la l\\u00ednea de ayudas en el \\u00e1mbito de la Industria Conectada 4.0 - El Digital de Asturias\",\"headline\":\"Convocada la l\\u00ednea de ayudas en el \\u00e1mbito de la Industria Conectada 4.0\",\"author\":{\"@id\":\"https:\\\/\\\/www.eldigitaldeasturias.com\\\/noticias\\\/author\\\/admin\\\/#author\"},\"publisher\":{\"@id\":\"https:\\\/\\\/www.eldigitaldeasturias.com\\\/noticias\\\/#organization\"},\"image\":{\"@type\":\"ImageObject\",\"url\":\"https:\\\/\\\/www.eldigitaldeasturias.com\\\/noticias\\\/wp-content\\\/uploads\\\/2019\\\/03\\\/money-3481699_960_720.jpg\",\"width\":960,\"height\":640},\"datePublished\":\"2019-04-06T15:19:44+02:00\",\"dateModified\":\"2019-04-06T15:19:44+02:00\",\"inLanguage\":\"es-ES\",\"mainEntityOfPage\":{\"@id\":\"https:\\\/\\\/www.eldigitaldeasturias.com\\\/noticias\\\/convocada-la-linea-de-ayudas-en-el-ambito-de-la-industria-conectada-4-0\\\/#webpage\"},\"isPartOf\":{\"@id\":\"https:\\\/\\\/www.eldigitaldeasturias.com\\\/noticias\\\/convocada-la-linea-de-ayudas-en-el-ambito-de-la-industria-conectada-4-0\\\/#webpage\"},\"articleSection\":\"Econom\\u00eda\"},{\"@type\":\"BreadcrumbList\",\"@id\":\"https:\\\/\\\/www.eldigitaldeasturias.com\\\/noticias\\\/convocada-la-linea-de-ayudas-en-el-ambito-de-la-industria-conectada-4-0\\\/#breadcrumblist\",\"itemListElement\":[{\"@type\":\"ListItem\",\"@id\":\"https:\\\/\\\/www.eldigitaldeasturias.com\\\/noticias#listItem\",\"position\":1,\"name\":\"Home\",\"item\":\"https:\\\/\\\/www.eldigitaldeasturias.com\\\/noticias\",\"nextItem\":{\"@type\":\"ListItem\",\"@id\":\"https:\\\/\\\/www.eldigitaldeasturias.com\\\/noticias\\\/category\\\/economia\\\/#listItem\",\"name\":\"Econom\\u00eda\"}},{\"@type\":\"ListItem\",\"@id\":\"https:\\\/\\\/www.eldigitaldeasturias.com\\\/noticias\\\/category\\\/economia\\\/#listItem\",\"position\":2,\"name\":\"Econom\\u00eda\",\"item\":\"https:\\\/\\\/www.eldigitaldeasturias.com\\\/noticias\\\/category\\\/economia\\\/\",\"nextItem\":{\"@type\":\"ListItem\",\"@id\":\"https:\\\/\\\/www.eldigitaldeasturias.com\\\/noticias\\\/convocada-la-linea-de-ayudas-en-el-ambito-de-la-industria-conectada-4-0\\\/#listItem\",\"name\":\"Convocada la l\\u00ednea de ayudas en el \\u00e1mbito de la Industria Conectada 4.0\"},\"previousItem\":{\"@type\":\"ListItem\",\"@id\":\"https:\\\/\\\/www.eldigitaldeasturias.com\\\/noticias#listItem\",\"name\":\"Home\"}},{\"@type\":\"ListItem\",\"@id\":\"https:\\\/\\\/www.eldigitaldeasturias.com\\\/noticias\\\/convocada-la-linea-de-ayudas-en-el-ambito-de-la-industria-conectada-4-0\\\/#listItem\",\"position\":3,\"name\":\"Convocada la l\\u00ednea de ayudas en el \\u00e1mbito de la Industria Conectada 4.0\",\"previousItem\":{\"@type\":\"ListItem\",\"@id\":\"https:\\\/\\\/www.eldigitaldeasturias.com\\\/noticias\\\/category\\\/economia\\\/#listItem\",\"name\":\"Econom\\u00eda\"}}]},{\"@type\":\"Organization\",\"@id\":\"https:\\\/\\\/www.eldigitaldeasturias.com\\\/noticias\\\/#organization\",\"name\":\"El Digital de Asturias\",\"description\":\"Hemeroteca\",\"url\":\"https:\\\/\\\/www.eldigitaldeasturias.com\\\/noticias\\\/\",\"email\":\"info@eldigitaldeasturias.com\",\"telephone\":\"+34652131393\",\"logo\":{\"@type\":\"ImageObject\",\"url\":\"https:\\\/\\\/www.eldigitaldeasturias.com\\\/noticias\\\/wp-content\\\/uploads\\\/2020\\\/12\\\/EDA.jpg\",\"@id\":\"https:\\\/\\\/www.eldigitaldeasturias.com\\\/noticias\\\/convocada-la-linea-de-ayudas-en-el-ambito-de-la-industria-conectada-4-0\\\/#organizationLogo\",\"width\":649,\"height\":297},\"image\":{\"@id\":\"https:\\\/\\\/www.eldigitaldeasturias.com\\\/noticias\\\/convocada-la-linea-de-ayudas-en-el-ambito-de-la-industria-conectada-4-0\\\/#organizationLogo\"},\"sameAs\":[\"https:\\\/\\\/facebook.com\\\/eldigitaldeasturias\",\"https:\\\/\\\/www.youtube.com\\\/channel\\\/UCZP-2wLEB9Rv6erhFmqVnvg\"],\"address\":{\"@id\":\"https:\\\/\\\/www.eldigitaldeasturias.com\\\/noticias\\\/#postaladdress\",\"@type\":\"PostalAddress\",\"streetAddress\":\"san antonio 4,\",\"postalCode\":\"33430\",\"addressLocality\":\"Cand\\u00e1s\",\"addressRegion\":\"Asturias\",\"addressCountry\":\"ES\"}},{\"@type\":\"Person\",\"@id\":\"https:\\\/\\\/www.eldigitaldeasturias.com\\\/noticias\\\/author\\\/admin\\\/#author\",\"url\":\"https:\\\/\\\/www.eldigitaldeasturias.com\\\/noticias\\\/author\\\/admin\\\/\",\"name\":\"El Digital de Asturias\",\"image\":{\"@type\":\"ImageObject\",\"@id\":\"https:\\\/\\\/www.eldigitaldeasturias.com\\\/noticias\\\/convocada-la-linea-de-ayudas-en-el-ambito-de-la-industria-conectada-4-0\\\/#authorImage\",\"url\":\"https:\\\/\\\/www.eldigitaldeasturias.com\\\/noticias\\\/wp-content\\\/litespeed\\\/avatar\\\/18677e78aa0546b92d9dbf31ec7d7668.jpg?ver=1777290358\",\"width\":96,\"height\":96,\"caption\":\"El Digital de Asturias\"}},{\"@type\":\"WebPage\",\"@id\":\"https:\\\/\\\/www.eldigitaldeasturias.com\\\/noticias\\\/convocada-la-linea-de-ayudas-en-el-ambito-de-la-industria-conectada-4-0\\\/#webpage\",\"url\":\"https:\\\/\\\/www.eldigitaldeasturias.com\\\/noticias\\\/convocada-la-linea-de-ayudas-en-el-ambito-de-la-industria-conectada-4-0\\\/\",\"name\":\"Convocada la l\\u00ednea de ayudas en el \\u00e1mbito de la Industria Conectada 4.0 - El Digital de Asturias\",\"description\":\"El Bolet\\u00edn Oficial del Estado ha publicado el anuncio de la convocatoria de concesi\\u00f3n de apoyo financiero a proyectos de investigaci\\u00f3n, desarrollo e innovaci\\u00f3n en el \\u00e1mbito de la Industria Conectada 4.0 en el a\\u00f1o 2019. La l\\u00ednea de ayudas est\\u00e1 dotada con 50 millones de euros en pr\\u00e9stamos a proyectos dirigidos a la transformaci\\u00f3n\",\"inLanguage\":\"es-ES\",\"isPartOf\":{\"@id\":\"https:\\\/\\\/www.eldigitaldeasturias.com\\\/noticias\\\/#website\"},\"breadcrumb\":{\"@id\":\"https:\\\/\\\/www.eldigitaldeasturias.com\\\/noticias\\\/convocada-la-linea-de-ayudas-en-el-ambito-de-la-industria-conectada-4-0\\\/#breadcrumblist\"},\"author\":{\"@id\":\"https:\\\/\\\/www.eldigitaldeasturias.com\\\/noticias\\\/author\\\/admin\\\/#author\"},\"creator\":{\"@id\":\"https:\\\/\\\/www.eldigitaldeasturias.com\\\/noticias\\\/author\\\/admin\\\/#author\"},\"image\":{\"@type\":\"ImageObject\",\"url\":\"https:\\\/\\\/www.eldigitaldeasturias.com\\\/noticias\\\/wp-content\\\/uploads\\\/2019\\\/03\\\/money-3481699_960_720.jpg\",\"@id\":\"https:\\\/\\\/www.eldigitaldeasturias.com\\\/noticias\\\/convocada-la-linea-de-ayudas-en-el-ambito-de-la-industria-conectada-4-0\\\/#mainImage\",\"width\":960,\"height\":640},\"primaryImageOfPage\":{\"@id\":\"https:\\\/\\\/www.eldigitaldeasturias.com\\\/noticias\\\/convocada-la-linea-de-ayudas-en-el-ambito-de-la-industria-conectada-4-0\\\/#mainImage\"},\"datePublished\":\"2019-04-06T15:19:44+02:00\",\"dateModified\":\"2019-04-06T15:19:44+02:00\"},{\"@type\":\"WebSite\",\"@id\":\"https:\\\/\\\/www.eldigitaldeasturias.com\\\/noticias\\\/#website\",\"url\":\"https:\\\/\\\/www.eldigitaldeasturias.com\\\/noticias\\\/\",\"name\":\"El Digital de Asturias - Diario de actualidad y noticias\",\"alternateName\":\"El Digital de Asturias - Diario de actualidad y noticias\",\"description\":\"Hemeroteca\",\"inLanguage\":\"es-ES\",\"publisher\":{\"@id\":\"https:\\\/\\\/www.eldigitaldeasturias.com\\\/noticias\\\/#organization\"}}]}\n\t\t<\/script>\n\t\t<!-- All in One SEO Pro -->\r\n\t\t<title>Convocada la l\u00ednea de ayudas en el \u00e1mbito de la Industria Conectada 4.0 - El Digital de Asturias<\/title>\n\n","aioseo_head_json":{"title":"Convocada la l\u00ednea de ayudas en el \u00e1mbito de la Industria Conectada 4.0 - El Digital de Asturias","description":"El Bolet\u00edn Oficial del Estado ha publicado el anuncio de la convocatoria de concesi\u00f3n de apoyo financiero a proyectos de investigaci\u00f3n, desarrollo e innovaci\u00f3n en el \u00e1mbito de la Industria Conectada 4.0 en el a\u00f1o 2019. La l\u00ednea de ayudas est\u00e1 dotada con 50 millones de euros en pr\u00e9stamos a proyectos dirigidos a la transformaci\u00f3n","canonical_url":"https:\/\/www.eldigitaldeasturias.com\/noticias\/convocada-la-linea-de-ayudas-en-el-ambito-de-la-industria-conectada-4-0\/","robots":"max-image-preview:large","keywords":"econom\u00eda","webmasterTools":{"google-site-verification":"UA-38556648-1","msvalidate.01":"7dfe9f3f1b24437ab69f4f2559babe99","miscellaneous":""},"schema":{"@context":"https:\/\/schema.org","@graph":[{"@type":"BlogPosting","@id":"https:\/\/www.eldigitaldeasturias.com\/noticias\/convocada-la-linea-de-ayudas-en-el-ambito-de-la-industria-conectada-4-0\/#blogposting","name":"Convocada la l\u00ednea de ayudas en el \u00e1mbito de la Industria Conectada 4.0 - El Digital de Asturias","headline":"Convocada la l\u00ednea de ayudas en el \u00e1mbito de la Industria Conectada 4.0","author":{"@id":"https:\/\/www.eldigitaldeasturias.com\/noticias\/author\/admin\/#author"},"publisher":{"@id":"https:\/\/www.eldigitaldeasturias.com\/noticias\/#organization"},"image":{"@type":"ImageObject","url":"https:\/\/www.eldigitaldeasturias.com\/noticias\/wp-content\/uploads\/2019\/03\/money-3481699_960_720.jpg","width":960,"height":640},"datePublished":"2019-04-06T15:19:44+02:00","dateModified":"2019-04-06T15:19:44+02:00","inLanguage":"es-ES","mainEntityOfPage":{"@id":"https:\/\/www.eldigitaldeasturias.com\/noticias\/convocada-la-linea-de-ayudas-en-el-ambito-de-la-industria-conectada-4-0\/#webpage"},"isPartOf":{"@id":"https:\/\/www.eldigitaldeasturias.com\/noticias\/convocada-la-linea-de-ayudas-en-el-ambito-de-la-industria-conectada-4-0\/#webpage"},"articleSection":"Econom\u00eda"},{"@type":"BreadcrumbList","@id":"https:\/\/www.eldigitaldeasturias.com\/noticias\/convocada-la-linea-de-ayudas-en-el-ambito-de-la-industria-conectada-4-0\/#breadcrumblist","itemListElement":[{"@type":"ListItem","@id":"https:\/\/www.eldigitaldeasturias.com\/noticias#listItem","position":1,"name":"Home","item":"https:\/\/www.eldigitaldeasturias.com\/noticias","nextItem":{"@type":"ListItem","@id":"https:\/\/www.eldigitaldeasturias.com\/noticias\/category\/economia\/#listItem","name":"Econom\u00eda"}},{"@type":"ListItem","@id":"https:\/\/www.eldigitaldeasturias.com\/noticias\/category\/economia\/#listItem","position":2,"name":"Econom\u00eda","item":"https:\/\/www.eldigitaldeasturias.com\/noticias\/category\/economia\/","nextItem":{"@type":"ListItem","@id":"https:\/\/www.eldigitaldeasturias.com\/noticias\/convocada-la-linea-de-ayudas-en-el-ambito-de-la-industria-conectada-4-0\/#listItem","name":"Convocada la l\u00ednea de ayudas en el \u00e1mbito de la Industria Conectada 4.0"},"previousItem":{"@type":"ListItem","@id":"https:\/\/www.eldigitaldeasturias.com\/noticias#listItem","name":"Home"}},{"@type":"ListItem","@id":"https:\/\/www.eldigitaldeasturias.com\/noticias\/convocada-la-linea-de-ayudas-en-el-ambito-de-la-industria-conectada-4-0\/#listItem","position":3,"name":"Convocada la l\u00ednea de ayudas en el \u00e1mbito de la Industria Conectada 4.0","previousItem":{"@type":"ListItem","@id":"https:\/\/www.eldigitaldeasturias.com\/noticias\/category\/economia\/#listItem","name":"Econom\u00eda"}}]},{"@type":"Organization","@id":"https:\/\/www.eldigitaldeasturias.com\/noticias\/#organization","name":"El Digital de Asturias","description":"Hemeroteca","url":"https:\/\/www.eldigitaldeasturias.com\/noticias\/","email":"info@eldigitaldeasturias.com","telephone":"+34652131393","logo":{"@type":"ImageObject","url":"https:\/\/www.eldigitaldeasturias.com\/noticias\/wp-content\/uploads\/2020\/12\/EDA.jpg","@id":"https:\/\/www.eldigitaldeasturias.com\/noticias\/convocada-la-linea-de-ayudas-en-el-ambito-de-la-industria-conectada-4-0\/#organizationLogo","width":649,"height":297},"image":{"@id":"https:\/\/www.eldigitaldeasturias.com\/noticias\/convocada-la-linea-de-ayudas-en-el-ambito-de-la-industria-conectada-4-0\/#organizationLogo"},"sameAs":["https:\/\/facebook.com\/eldigitaldeasturias","https:\/\/www.youtube.com\/channel\/UCZP-2wLEB9Rv6erhFmqVnvg"],"address":{"@id":"https:\/\/www.eldigitaldeasturias.com\/noticias\/#postaladdress","@type":"PostalAddress","streetAddress":"san antonio 4,","postalCode":"33430","addressLocality":"Cand\u00e1s","addressRegion":"Asturias","addressCountry":"ES"}},{"@type":"Person","@id":"https:\/\/www.eldigitaldeasturias.com\/noticias\/author\/admin\/#author","url":"https:\/\/www.eldigitaldeasturias.com\/noticias\/author\/admin\/","name":"El Digital de Asturias","image":{"@type":"ImageObject","@id":"https:\/\/www.eldigitaldeasturias.com\/noticias\/convocada-la-linea-de-ayudas-en-el-ambito-de-la-industria-conectada-4-0\/#authorImage","url":"https:\/\/www.eldigitaldeasturias.com\/noticias\/wp-content\/litespeed\/avatar\/18677e78aa0546b92d9dbf31ec7d7668.jpg?ver=1777290358","width":96,"height":96,"caption":"El Digital de Asturias"}},{"@type":"WebPage","@id":"https:\/\/www.eldigitaldeasturias.com\/noticias\/convocada-la-linea-de-ayudas-en-el-ambito-de-la-industria-conectada-4-0\/#webpage","url":"https:\/\/www.eldigitaldeasturias.com\/noticias\/convocada-la-linea-de-ayudas-en-el-ambito-de-la-industria-conectada-4-0\/","name":"Convocada la l\u00ednea de ayudas en el \u00e1mbito de la Industria Conectada 4.0 - El Digital de Asturias","description":"El Bolet\u00edn Oficial del Estado ha publicado el anuncio de la convocatoria de concesi\u00f3n de apoyo financiero a proyectos de investigaci\u00f3n, desarrollo e innovaci\u00f3n en el \u00e1mbito de la Industria Conectada 4.0 en el a\u00f1o 2019. La l\u00ednea de ayudas est\u00e1 dotada con 50 millones de euros en pr\u00e9stamos a proyectos dirigidos a la transformaci\u00f3n","inLanguage":"es-ES","isPartOf":{"@id":"https:\/\/www.eldigitaldeasturias.com\/noticias\/#website"},"breadcrumb":{"@id":"https:\/\/www.eldigitaldeasturias.com\/noticias\/convocada-la-linea-de-ayudas-en-el-ambito-de-la-industria-conectada-4-0\/#breadcrumblist"},"author":{"@id":"https:\/\/www.eldigitaldeasturias.com\/noticias\/author\/admin\/#author"},"creator":{"@id":"https:\/\/www.eldigitaldeasturias.com\/noticias\/author\/admin\/#author"},"image":{"@type":"ImageObject","url":"https:\/\/www.eldigitaldeasturias.com\/noticias\/wp-content\/uploads\/2019\/03\/money-3481699_960_720.jpg","@id":"https:\/\/www.eldigitaldeasturias.com\/noticias\/convocada-la-linea-de-ayudas-en-el-ambito-de-la-industria-conectada-4-0\/#mainImage","width":960,"height":640},"primaryImageOfPage":{"@id":"https:\/\/www.eldigitaldeasturias.com\/noticias\/convocada-la-linea-de-ayudas-en-el-ambito-de-la-industria-conectada-4-0\/#mainImage"},"datePublished":"2019-04-06T15:19:44+02:00","dateModified":"2019-04-06T15:19:44+02:00"},{"@type":"WebSite","@id":"https:\/\/www.eldigitaldeasturias.com\/noticias\/#website","url":"https:\/\/www.eldigitaldeasturias.com\/noticias\/","name":"El Digital de Asturias - Diario de actualidad y noticias","alternateName":"El Digital de Asturias - Diario de actualidad y noticias","description":"Hemeroteca","inLanguage":"es-ES","publisher":{"@id":"https:\/\/www.eldigitaldeasturias.com\/noticias\/#organization"}}]},"og:locale":"es_ES","og:site_name":"El Digital de Asturias","og:type":"article","og:title":"Convocada la l\u00ednea de ayudas en el \u00e1mbito de la Industria Conectada 4.0 - El Digital de Asturias","og:description":"El Bolet\u00edn Oficial del Estado ha publicado el anuncio de la convocatoria de concesi\u00f3n de apoyo financiero a proyectos de investigaci\u00f3n, desarrollo e innovaci\u00f3n en el \u00e1mbito de la Industria Conectada 4.0 en el a\u00f1o 2019. La l\u00ednea de ayudas est\u00e1 dotada con 50 millones de euros en pr\u00e9stamos a proyectos dirigidos a la transformaci\u00f3n","og:url":"https:\/\/www.eldigitaldeasturias.com\/noticias\/convocada-la-linea-de-ayudas-en-el-ambito-de-la-industria-conectada-4-0\/","og:image":"https:\/\/www.eldigitaldeasturias.com\/noticias\/wp-content\/uploads\/2019\/03\/money-3481699_960_720.jpg","og:image:secure_url":"https:\/\/www.eldigitaldeasturias.com\/noticias\/wp-content\/uploads\/2019\/03\/money-3481699_960_720.jpg","og:image:width":960,"og:image:height":640,"article:tag":["econom\u00eda"],"article:published_time":"2019-04-06T15:19:44+00:00","article:modified_time":"2019-04-06T15:19:44+00:00","article:publisher":"https:\/\/facebook.com\/eldigitaldeasturias","twitter:card":"summary_large_image","twitter:title":"Convocada la l\u00ednea de ayudas en el \u00e1mbito de la Industria Conectada 4.0 - El Digital de Asturias","twitter:description":"El Bolet\u00edn Oficial del Estado ha publicado el anuncio de la convocatoria de concesi\u00f3n de apoyo financiero a proyectos de investigaci\u00f3n, desarrollo e innovaci\u00f3n en el \u00e1mbito de la Industria Conectada 4.0 en el a\u00f1o 2019. La l\u00ednea de ayudas est\u00e1 dotada con 50 millones de euros en pr\u00e9stamos a proyectos dirigidos a la transformaci\u00f3n","twitter:image":"https:\/\/www.eldigitaldeasturias.com\/noticias\/wp-content\/uploads\/2019\/03\/money-3481699_960_720.jpg","twitter:label1":"Escrito por","twitter:data1":"El Digital de Asturias","twitter:label2":"Tiempo de lectura estimado","twitter:data2":"1 minuto"},"aioseo_meta_data":{"post_id":"1023010","title":null,"description":null,"keywords":null,"keyphrases":null,"primary_term":null,"canonical_url":null,"og_title":null,"og_description":null,"og_object_type":"default","og_image_type":"default","og_image_url":null,"og_image_width":null,"og_image_height":null,"og_image_custom_url":null,"og_image_custom_fields":null,"og_video":null,"og_custom_url":null,"og_article_section":null,"og_article_tags":null,"twitter_use_og":false,"twitter_card":"default","twitter_image_type":"default","twitter_image_url":null,"twitter_image_custom_url":null,"twitter_image_custom_fields":null,"twitter_title":null,"twitter_description":null,"schema":{"blockGraphs":[],"customGraphs":[],"default":{"data":{"Article":[],"Course":[],"Dataset":[],"FAQPage":[],"Movie":[],"Person":[],"Product":[],"ProductReview":[],"Car":[],"Recipe":[],"Service":[],"SoftwareApplication":[],"WebPage":[]},"graphName":"","isEnabled":true},"graphs":[],"defaultGraph":"","defaultPostTypeGraph":""},"schema_type":null,"schema_type_options":null,"pillar_content":false,"robots_default":true,"robots_noindex":false,"robots_noarchive":false,"robots_nosnippet":false,"robots_nofollow":false,"robots_noimageindex":false,"robots_noodp":false,"robots_notranslate":false,"robots_max_snippet":null,"robots_max_videopreview":null,"robots_max_imagepreview":"large","priority":null,"frequency":null,"local_seo":null,"seo_analyzer_scan_date":"2025-10-17 10:11:40","breadcrumb_settings":null,"limit_modified_date":false,"open_ai":null,"ai":null,"created":"2020-12-21 11:15:39","updated":"2025-10-17 10:11:40"},"aioseo_breadcrumb":"<div class=\"aioseo-breadcrumbs\"><span class=\"aioseo-breadcrumb\">\n\t<a href=\"https:\/\/www.eldigitaldeasturias.com\/noticias\" title=\"Home\">Home<\/a>\n<\/span><span class=\"aioseo-breadcrumb-separator\">\u2013<\/span><span class=\"aioseo-breadcrumb\">\n\t<a href=\"https:\/\/www.eldigitaldeasturias.com\/noticias\/category\/economia\/\" title=\"Econom\u00eda\">Econom\u00eda<\/a>\n<\/span><span class=\"aioseo-breadcrumb-separator\">\u2013<\/span><span class=\"aioseo-breadcrumb\">\n\t<a href=\"https:\/\/www.eldigitaldeasturias.com\/noticias\/convocada-la-linea-de-ayudas-en-el-ambito-de-la-industria-conectada-4-0\/\" title=\"Convocada la l\u00ednea de ayudas en el \u00e1mbito de la Industria Conectada 4.0\">Convocada la l\u00ednea de ayudas en el \u00e1mbito de la Industria Conectada 4.0<\/a>\n<\/span><\/div>","aioseo_breadcrumb_json":[{"label":"Home","link":"https:\/\/www.eldigitaldeasturias.com\/noticias"},{"label":"Econom\u00eda","link":"https:\/\/www.eldigitaldeasturias.com\/noticias\/category\/economia\/"},{"label":"Convocada la l\u00ednea de ayudas en el \u00e1mbito de la Industria Conectada 4.0","link":"https:\/\/www.eldigitaldeasturias.com\/noticias\/convocada-la-linea-de-ayudas-en-el-ambito-de-la-industria-conectada-4-0\/"}],"_links":{"self":[{"href":"https:\/\/www.eldigitaldeasturias.com\/noticias\/wp-json\/wp\/v2\/posts\/1023010","targetHints":{"allow":["GET"]}}],"collection":[{"href":"https:\/\/www.eldigitaldeasturias.com\/noticias\/wp-json\/wp\/v2\/posts"}],"about":[{"href":"https:\/\/www.eldigitaldeasturias.com\/noticias\/wp-json\/wp\/v2\/types\/post"}],"author":[{"embeddable":true,"href":"https:\/\/www.eldigitaldeasturias.com\/noticias\/wp-json\/wp\/v2\/users\/1"}],"replies":[{"embeddable":true,"href":"https:\/\/www.eldigitaldeasturias.com\/noticias\/wp-json\/wp\/v2\/comments?post=1023010"}],"version-history":[{"count":0,"href":"https:\/\/www.eldigitaldeasturias.com\/noticias\/wp-json\/wp\/v2\/posts\/1023010\/revisions"}],"wp:featuredmedia":[{"embeddable":true,"href":"https:\/\/www.eldigitaldeasturias.com\/noticias\/wp-json\/wp\/v2\/media\/1022084"}],"wp:attachment":[{"href":"https:\/\/www.eldigitaldeasturias.com\/noticias\/wp-json\/wp\/v2\/media?parent=1023010"}],"wp:term":[{"taxonomy":"category","embeddable":true,"href":"https:\/\/www.eldigitaldeasturias.com\/noticias\/wp-json\/wp\/v2\/categories?post=1023010"},{"taxonomy":"post_tag","embeddable":true,"href":"https:\/\/www.eldigitaldeasturias.com\/noticias\/wp-json\/wp\/v2\/tags?post=1023010"}],"curies":[{"name":"wp","href":"https:\/\/api.w.org\/{rel}","templated":true}]}}