{"id":1022875,"date":"2019-04-05T06:09:59","date_gmt":"2019-04-05T06:09:59","guid":{"rendered":"https:\/\/www.eldigitaldeasturias.com\/noticias\/?p=1022875"},"modified":"2019-04-05T06:09:59","modified_gmt":"2019-04-05T06:09:59","slug":"ayudas-para-las-regiones-alemanas-afectadas-por-el-fin-del-carbon","status":"publish","type":"post","link":"https:\/\/www.eldigitaldeasturias.com\/noticias\/ayudas-para-las-regiones-alemanas-afectadas-por-el-fin-del-carbon\/","title":{"rendered":"Ayudas para las regiones alemanas afectadas por el fin del carb\u00f3n"},"content":{"rendered":"<p><img loading=\"lazy\" decoding=\"async\" class=\"alignleft size-medium wp-image-959030\" src=\"https:\/\/www.eldigitaldeasturias.com\/noticias\/wp-content\/uploads\/2017\/11\/carbon-360x198-360x198.jpg\" alt=\"\" width=\"360\" height=\"198\" \/>Berl\u00edn, 4 abr (dpa) &#8211; El ministro alem\u00e1n de Finanzas, Olaf Scholz, y los estados federados productores de carb\u00f3n acordaron un programa de ayudas inmediatas para reconvertir su econom\u00eda tras el fin del carb\u00f3n como una de las principales fuentes energ\u00e9ticas, confirmaron hoy a dpa c\u00edrculos gubernamentales.<\/p>\n<p>El programa tiene un volumen de 260 millones de euros (290 millones de d\u00f3lares) y contempla la financiaci\u00f3n conjunta de numerosos proyectos, incluidos proyectos de transporte en los estados carbon\u00edferos de Renania del Norte-Westfalia, en el oeste, y de Sajonia, Sajonia-Anhalt y Brandeburgo, en el este del pa\u00eds.<\/p>\n<p>Una comisi\u00f3n gubernamental sugiri\u00f3 que Alemania se retirara gradualmente del carb\u00f3n para finales de 2038 para cumplir sus objetivos de recorte de emisiones de gases de efecto invernadero. El fin de la explotaci\u00f3n del carb\u00f3n costar\u00e1 miles de millones de euros.<\/p>\n<p>Los jefes de Gobierno de los \u00abL\u00e4nder\u00bb de Alemania oriental en los que se explota el lignito se resistieron recientemente a cofinanciar los proyectos previstos.<\/p>\n<p>El primer Ministro de Sajonia-Anhalt, Reiner Haseloff, critic\u00f3 el hecho de que las mismas regiones debiesen destinar partidas presupuestarias por una decisi\u00f3n tomada por el Gobierno central de Berl\u00edn.<\/p>\n<p>A fines de enero, una comisi\u00f3n encargada por el Gobierno de la canciller Angela Merkel recomend\u00f3 que Alemania dejase de usar el carb\u00f3n a m\u00e1s tardar a finales de 2038 y se centrase en las energ\u00edas de fuentes renovables.<\/p>\n<p>Un 37 por ciento de la energ\u00eda el\u00e9ctrica de Alemania se genera a trav\u00e9s de la producci\u00f3n de lignito y hulla, seg\u00fan datos de la Oficina Federal de Estad\u00edsticas de 2017.<\/p>\n<p>El pa\u00eds industrializado y cuarta econom\u00eda del mundo aspira a poner fin a la explotaci\u00f3n de lignito y hulla para cumplir con sus metas de reducci\u00f3n de emisiones de di\u00f3xido de carbono. El carb\u00f3n cobr\u00f3 mayor importancia al resolver el Gobierno en 2011 el apag\u00f3n gradual de las centrales nucleares hasta 2022.<\/p>\n","protected":false},"excerpt":{"rendered":"<p>Berl\u00edn, 4 abr (dpa) &#8211; El ministro alem\u00e1n de Finanzas, Olaf Scholz, y los estados federados productores de carb\u00f3n acordaron un programa de ayudas inmediatas para reconvertir su econom\u00eda tras el fin del carb\u00f3n como una de las principales fuentes energ\u00e9ticas, confirmaron hoy a dpa c\u00edrculos gubernamentales. El programa tiene un volumen de 260 millones [&hellip;]<\/p>\n","protected":false},"author":1,"featured_media":959030,"comment_status":"closed","ping_status":"closed","sticky":false,"template":"","format":"standard","meta":{"footnotes":""},"categories":[187],"tags":[],"class_list":["post-1022875","post","type-post","status-publish","format-standard","has-post-thumbnail","hentry","category-economia"],"aioseo_notices":[],"aioseo_head":"\n\t\t<!-- All in One SEO Pro 4.9.6.2 - aioseo.com -->\n\t<meta name=\"description\" content=\"Berl\u00edn, 4 abr (dpa) - El ministro alem\u00e1n de Finanzas, Olaf Scholz, y los estados federados productores de carb\u00f3n acordaron un programa de ayudas inmediatas para reconvertir su econom\u00eda tras el fin del carb\u00f3n como una de las principales fuentes energ\u00e9ticas, confirmaron hoy a dpa c\u00edrculos gubernamentales. El programa tiene un volumen de 260 millones\" \/>\n\t<meta name=\"robots\" content=\"max-image-preview:large\" \/>\n\t<meta name=\"author\" content=\"El Digital de Asturias\"\/>\n\t<meta name=\"google-site-verification\" content=\"UA-38556648-1\" \/>\n\t<meta name=\"msvalidate.01\" content=\"7dfe9f3f1b24437ab69f4f2559babe99\" \/>\n\t<meta name=\"keywords\" content=\"econom\u00eda\" \/>\n\t<link rel=\"canonical\" href=\"https:\/\/www.eldigitaldeasturias.com\/noticias\/ayudas-para-las-regiones-alemanas-afectadas-por-el-fin-del-carbon\/\" \/>\n\t<meta name=\"generator\" content=\"All in One SEO Pro (AIOSEO) 4.9.6.2\" \/>\n\t\t<meta property=\"og:locale\" content=\"es_ES\" \/>\n\t\t<meta property=\"og:site_name\" content=\"El Digital de Asturias\" \/>\n\t\t<meta property=\"og:type\" content=\"article\" \/>\n\t\t<meta property=\"og:title\" content=\"Ayudas para las regiones alemanas afectadas por el fin del carb\u00f3n - El Digital de Asturias\" \/>\n\t\t<meta property=\"og:description\" content=\"Berl\u00edn, 4 abr (dpa) - El ministro alem\u00e1n de Finanzas, Olaf Scholz, y los estados federados productores de carb\u00f3n acordaron un programa de ayudas inmediatas para reconvertir su econom\u00eda tras el fin del carb\u00f3n como una de las principales fuentes energ\u00e9ticas, confirmaron hoy a dpa c\u00edrculos gubernamentales. El programa tiene un volumen de 260 millones\" \/>\n\t\t<meta property=\"og:url\" content=\"https:\/\/www.eldigitaldeasturias.com\/noticias\/ayudas-para-las-regiones-alemanas-afectadas-por-el-fin-del-carbon\/\" \/>\n\t\t<meta property=\"og:image\" content=\"https:\/\/www.eldigitaldeasturias.com\/noticias\/wp-content\/uploads\/2017\/11\/carbon-360x198.jpg\" \/>\n\t\t<meta property=\"og:image:secure_url\" content=\"https:\/\/www.eldigitaldeasturias.com\/noticias\/wp-content\/uploads\/2017\/11\/carbon-360x198.jpg\" \/>\n\t\t<meta property=\"og:image:width\" content=\"360\" \/>\n\t\t<meta property=\"og:image:height\" content=\"198\" \/>\n\t\t<meta property=\"article:tag\" content=\"econom\u00eda\" \/>\n\t\t<meta property=\"article:published_time\" content=\"2019-04-05T06:09:59+00:00\" \/>\n\t\t<meta property=\"article:modified_time\" content=\"2019-04-05T06:09:59+00:00\" \/>\n\t\t<meta property=\"article:publisher\" content=\"https:\/\/facebook.com\/eldigitaldeasturias\" \/>\n\t\t<meta name=\"twitter:card\" content=\"summary_large_image\" \/>\n\t\t<meta name=\"twitter:title\" content=\"Ayudas para las regiones alemanas afectadas por el fin del carb\u00f3n - El Digital de Asturias\" \/>\n\t\t<meta name=\"twitter:description\" content=\"Berl\u00edn, 4 abr (dpa) - El ministro alem\u00e1n de Finanzas, Olaf Scholz, y los estados federados productores de carb\u00f3n acordaron un programa de ayudas inmediatas para reconvertir su econom\u00eda tras el fin del carb\u00f3n como una de las principales fuentes energ\u00e9ticas, confirmaron hoy a dpa c\u00edrculos gubernamentales. El programa tiene un volumen de 260 millones\" \/>\n\t\t<meta name=\"twitter:image\" content=\"https:\/\/www.eldigitaldeasturias.com\/noticias\/wp-content\/uploads\/2017\/11\/carbon-360x198.jpg\" \/>\n\t\t<meta name=\"twitter:label1\" content=\"Escrito por\" \/>\n\t\t<meta name=\"twitter:data1\" content=\"El Digital de Asturias\" \/>\n\t\t<meta name=\"twitter:label2\" content=\"Tiempo de lectura estimado\" \/>\n\t\t<meta name=\"twitter:data2\" content=\"2 minutos\" \/>\n\t\t<script type=\"application\/ld+json\" class=\"aioseo-schema\">\n\t\t\t{\"@context\":\"https:\\\/\\\/schema.org\",\"@graph\":[{\"@type\":\"BlogPosting\",\"@id\":\"https:\\\/\\\/www.eldigitaldeasturias.com\\\/noticias\\\/ayudas-para-las-regiones-alemanas-afectadas-por-el-fin-del-carbon\\\/#blogposting\",\"name\":\"Ayudas para las regiones alemanas afectadas por el fin del carb\\u00f3n - El Digital de Asturias\",\"headline\":\"Ayudas para las regiones alemanas afectadas por el fin del carb\\u00f3n\",\"author\":{\"@id\":\"https:\\\/\\\/www.eldigitaldeasturias.com\\\/noticias\\\/author\\\/admin\\\/#author\"},\"publisher\":{\"@id\":\"https:\\\/\\\/www.eldigitaldeasturias.com\\\/noticias\\\/#organization\"},\"image\":{\"@type\":\"ImageObject\",\"url\":\"https:\\\/\\\/www.eldigitaldeasturias.com\\\/noticias\\\/wp-content\\\/uploads\\\/2017\\\/11\\\/carbon-360x198.jpg\",\"width\":360,\"height\":198},\"datePublished\":\"2019-04-05T06:09:59+02:00\",\"dateModified\":\"2019-04-05T06:09:59+02:00\",\"inLanguage\":\"es-ES\",\"mainEntityOfPage\":{\"@id\":\"https:\\\/\\\/www.eldigitaldeasturias.com\\\/noticias\\\/ayudas-para-las-regiones-alemanas-afectadas-por-el-fin-del-carbon\\\/#webpage\"},\"isPartOf\":{\"@id\":\"https:\\\/\\\/www.eldigitaldeasturias.com\\\/noticias\\\/ayudas-para-las-regiones-alemanas-afectadas-por-el-fin-del-carbon\\\/#webpage\"},\"articleSection\":\"Econom\\u00eda\"},{\"@type\":\"BreadcrumbList\",\"@id\":\"https:\\\/\\\/www.eldigitaldeasturias.com\\\/noticias\\\/ayudas-para-las-regiones-alemanas-afectadas-por-el-fin-del-carbon\\\/#breadcrumblist\",\"itemListElement\":[{\"@type\":\"ListItem\",\"@id\":\"https:\\\/\\\/www.eldigitaldeasturias.com\\\/noticias#listItem\",\"position\":1,\"name\":\"Home\",\"item\":\"https:\\\/\\\/www.eldigitaldeasturias.com\\\/noticias\",\"nextItem\":{\"@type\":\"ListItem\",\"@id\":\"https:\\\/\\\/www.eldigitaldeasturias.com\\\/noticias\\\/category\\\/economia\\\/#listItem\",\"name\":\"Econom\\u00eda\"}},{\"@type\":\"ListItem\",\"@id\":\"https:\\\/\\\/www.eldigitaldeasturias.com\\\/noticias\\\/category\\\/economia\\\/#listItem\",\"position\":2,\"name\":\"Econom\\u00eda\",\"item\":\"https:\\\/\\\/www.eldigitaldeasturias.com\\\/noticias\\\/category\\\/economia\\\/\",\"nextItem\":{\"@type\":\"ListItem\",\"@id\":\"https:\\\/\\\/www.eldigitaldeasturias.com\\\/noticias\\\/ayudas-para-las-regiones-alemanas-afectadas-por-el-fin-del-carbon\\\/#listItem\",\"name\":\"Ayudas para las regiones alemanas afectadas por el fin del carb\\u00f3n\"},\"previousItem\":{\"@type\":\"ListItem\",\"@id\":\"https:\\\/\\\/www.eldigitaldeasturias.com\\\/noticias#listItem\",\"name\":\"Home\"}},{\"@type\":\"ListItem\",\"@id\":\"https:\\\/\\\/www.eldigitaldeasturias.com\\\/noticias\\\/ayudas-para-las-regiones-alemanas-afectadas-por-el-fin-del-carbon\\\/#listItem\",\"position\":3,\"name\":\"Ayudas para las regiones alemanas afectadas por el fin del carb\\u00f3n\",\"previousItem\":{\"@type\":\"ListItem\",\"@id\":\"https:\\\/\\\/www.eldigitaldeasturias.com\\\/noticias\\\/category\\\/economia\\\/#listItem\",\"name\":\"Econom\\u00eda\"}}]},{\"@type\":\"Organization\",\"@id\":\"https:\\\/\\\/www.eldigitaldeasturias.com\\\/noticias\\\/#organization\",\"name\":\"El Digital de Asturias\",\"description\":\"Hemeroteca\",\"url\":\"https:\\\/\\\/www.eldigitaldeasturias.com\\\/noticias\\\/\",\"email\":\"info@eldigitaldeasturias.com\",\"telephone\":\"+34652131393\",\"logo\":{\"@type\":\"ImageObject\",\"url\":\"https:\\\/\\\/www.eldigitaldeasturias.com\\\/noticias\\\/wp-content\\\/uploads\\\/2020\\\/12\\\/EDA.jpg\",\"@id\":\"https:\\\/\\\/www.eldigitaldeasturias.com\\\/noticias\\\/ayudas-para-las-regiones-alemanas-afectadas-por-el-fin-del-carbon\\\/#organizationLogo\",\"width\":649,\"height\":297},\"image\":{\"@id\":\"https:\\\/\\\/www.eldigitaldeasturias.com\\\/noticias\\\/ayudas-para-las-regiones-alemanas-afectadas-por-el-fin-del-carbon\\\/#organizationLogo\"},\"sameAs\":[\"https:\\\/\\\/facebook.com\\\/eldigitaldeasturias\",\"https:\\\/\\\/www.youtube.com\\\/channel\\\/UCZP-2wLEB9Rv6erhFmqVnvg\"],\"address\":{\"@id\":\"https:\\\/\\\/www.eldigitaldeasturias.com\\\/noticias\\\/#postaladdress\",\"@type\":\"PostalAddress\",\"streetAddress\":\"san antonio 4,\",\"postalCode\":\"33430\",\"addressLocality\":\"Cand\\u00e1s\",\"addressRegion\":\"Asturias\",\"addressCountry\":\"ES\"}},{\"@type\":\"Person\",\"@id\":\"https:\\\/\\\/www.eldigitaldeasturias.com\\\/noticias\\\/author\\\/admin\\\/#author\",\"url\":\"https:\\\/\\\/www.eldigitaldeasturias.com\\\/noticias\\\/author\\\/admin\\\/\",\"name\":\"El Digital de Asturias\",\"image\":{\"@type\":\"ImageObject\",\"@id\":\"https:\\\/\\\/www.eldigitaldeasturias.com\\\/noticias\\\/ayudas-para-las-regiones-alemanas-afectadas-por-el-fin-del-carbon\\\/#authorImage\",\"url\":\"https:\\\/\\\/www.eldigitaldeasturias.com\\\/noticias\\\/wp-content\\\/litespeed\\\/avatar\\\/18677e78aa0546b92d9dbf31ec7d7668.jpg?ver=1777290358\",\"width\":96,\"height\":96,\"caption\":\"El Digital de Asturias\"}},{\"@type\":\"WebPage\",\"@id\":\"https:\\\/\\\/www.eldigitaldeasturias.com\\\/noticias\\\/ayudas-para-las-regiones-alemanas-afectadas-por-el-fin-del-carbon\\\/#webpage\",\"url\":\"https:\\\/\\\/www.eldigitaldeasturias.com\\\/noticias\\\/ayudas-para-las-regiones-alemanas-afectadas-por-el-fin-del-carbon\\\/\",\"name\":\"Ayudas para las regiones alemanas afectadas por el fin del carb\\u00f3n - El Digital de Asturias\",\"description\":\"Berl\\u00edn, 4 abr (dpa) - El ministro alem\\u00e1n de Finanzas, Olaf Scholz, y los estados federados productores de carb\\u00f3n acordaron un programa de ayudas inmediatas para reconvertir su econom\\u00eda tras el fin del carb\\u00f3n como una de las principales fuentes energ\\u00e9ticas, confirmaron hoy a dpa c\\u00edrculos gubernamentales. El programa tiene un volumen de 260 millones\",\"inLanguage\":\"es-ES\",\"isPartOf\":{\"@id\":\"https:\\\/\\\/www.eldigitaldeasturias.com\\\/noticias\\\/#website\"},\"breadcrumb\":{\"@id\":\"https:\\\/\\\/www.eldigitaldeasturias.com\\\/noticias\\\/ayudas-para-las-regiones-alemanas-afectadas-por-el-fin-del-carbon\\\/#breadcrumblist\"},\"author\":{\"@id\":\"https:\\\/\\\/www.eldigitaldeasturias.com\\\/noticias\\\/author\\\/admin\\\/#author\"},\"creator\":{\"@id\":\"https:\\\/\\\/www.eldigitaldeasturias.com\\\/noticias\\\/author\\\/admin\\\/#author\"},\"image\":{\"@type\":\"ImageObject\",\"url\":\"https:\\\/\\\/www.eldigitaldeasturias.com\\\/noticias\\\/wp-content\\\/uploads\\\/2017\\\/11\\\/carbon-360x198.jpg\",\"@id\":\"https:\\\/\\\/www.eldigitaldeasturias.com\\\/noticias\\\/ayudas-para-las-regiones-alemanas-afectadas-por-el-fin-del-carbon\\\/#mainImage\",\"width\":360,\"height\":198},\"primaryImageOfPage\":{\"@id\":\"https:\\\/\\\/www.eldigitaldeasturias.com\\\/noticias\\\/ayudas-para-las-regiones-alemanas-afectadas-por-el-fin-del-carbon\\\/#mainImage\"},\"datePublished\":\"2019-04-05T06:09:59+02:00\",\"dateModified\":\"2019-04-05T06:09:59+02:00\"},{\"@type\":\"WebSite\",\"@id\":\"https:\\\/\\\/www.eldigitaldeasturias.com\\\/noticias\\\/#website\",\"url\":\"https:\\\/\\\/www.eldigitaldeasturias.com\\\/noticias\\\/\",\"name\":\"El Digital de Asturias - Diario de actualidad y noticias\",\"alternateName\":\"El Digital de Asturias - Diario de actualidad y noticias\",\"description\":\"Hemeroteca\",\"inLanguage\":\"es-ES\",\"publisher\":{\"@id\":\"https:\\\/\\\/www.eldigitaldeasturias.com\\\/noticias\\\/#organization\"}}]}\n\t\t<\/script>\n\t\t<!-- All in One SEO Pro -->\r\n\t\t<title>Ayudas para las regiones alemanas afectadas por el fin del carb\u00f3n - El Digital de Asturias<\/title>\n\n","aioseo_head_json":{"title":"Ayudas para las regiones alemanas afectadas por el fin del carb\u00f3n - El Digital de Asturias","description":"Berl\u00edn, 4 abr (dpa) - El ministro alem\u00e1n de Finanzas, Olaf Scholz, y los estados federados productores de carb\u00f3n acordaron un programa de ayudas inmediatas para reconvertir su econom\u00eda tras el fin del carb\u00f3n como una de las principales fuentes energ\u00e9ticas, confirmaron hoy a dpa c\u00edrculos gubernamentales. El programa tiene un volumen de 260 millones","canonical_url":"https:\/\/www.eldigitaldeasturias.com\/noticias\/ayudas-para-las-regiones-alemanas-afectadas-por-el-fin-del-carbon\/","robots":"max-image-preview:large","keywords":"econom\u00eda","webmasterTools":{"google-site-verification":"UA-38556648-1","msvalidate.01":"7dfe9f3f1b24437ab69f4f2559babe99","miscellaneous":""},"schema":{"@context":"https:\/\/schema.org","@graph":[{"@type":"BlogPosting","@id":"https:\/\/www.eldigitaldeasturias.com\/noticias\/ayudas-para-las-regiones-alemanas-afectadas-por-el-fin-del-carbon\/#blogposting","name":"Ayudas para las regiones alemanas afectadas por el fin del carb\u00f3n - El Digital de Asturias","headline":"Ayudas para las regiones alemanas afectadas por el fin del carb\u00f3n","author":{"@id":"https:\/\/www.eldigitaldeasturias.com\/noticias\/author\/admin\/#author"},"publisher":{"@id":"https:\/\/www.eldigitaldeasturias.com\/noticias\/#organization"},"image":{"@type":"ImageObject","url":"https:\/\/www.eldigitaldeasturias.com\/noticias\/wp-content\/uploads\/2017\/11\/carbon-360x198.jpg","width":360,"height":198},"datePublished":"2019-04-05T06:09:59+02:00","dateModified":"2019-04-05T06:09:59+02:00","inLanguage":"es-ES","mainEntityOfPage":{"@id":"https:\/\/www.eldigitaldeasturias.com\/noticias\/ayudas-para-las-regiones-alemanas-afectadas-por-el-fin-del-carbon\/#webpage"},"isPartOf":{"@id":"https:\/\/www.eldigitaldeasturias.com\/noticias\/ayudas-para-las-regiones-alemanas-afectadas-por-el-fin-del-carbon\/#webpage"},"articleSection":"Econom\u00eda"},{"@type":"BreadcrumbList","@id":"https:\/\/www.eldigitaldeasturias.com\/noticias\/ayudas-para-las-regiones-alemanas-afectadas-por-el-fin-del-carbon\/#breadcrumblist","itemListElement":[{"@type":"ListItem","@id":"https:\/\/www.eldigitaldeasturias.com\/noticias#listItem","position":1,"name":"Home","item":"https:\/\/www.eldigitaldeasturias.com\/noticias","nextItem":{"@type":"ListItem","@id":"https:\/\/www.eldigitaldeasturias.com\/noticias\/category\/economia\/#listItem","name":"Econom\u00eda"}},{"@type":"ListItem","@id":"https:\/\/www.eldigitaldeasturias.com\/noticias\/category\/economia\/#listItem","position":2,"name":"Econom\u00eda","item":"https:\/\/www.eldigitaldeasturias.com\/noticias\/category\/economia\/","nextItem":{"@type":"ListItem","@id":"https:\/\/www.eldigitaldeasturias.com\/noticias\/ayudas-para-las-regiones-alemanas-afectadas-por-el-fin-del-carbon\/#listItem","name":"Ayudas para las regiones alemanas afectadas por el fin del carb\u00f3n"},"previousItem":{"@type":"ListItem","@id":"https:\/\/www.eldigitaldeasturias.com\/noticias#listItem","name":"Home"}},{"@type":"ListItem","@id":"https:\/\/www.eldigitaldeasturias.com\/noticias\/ayudas-para-las-regiones-alemanas-afectadas-por-el-fin-del-carbon\/#listItem","position":3,"name":"Ayudas para las regiones alemanas afectadas por el fin del carb\u00f3n","previousItem":{"@type":"ListItem","@id":"https:\/\/www.eldigitaldeasturias.com\/noticias\/category\/economia\/#listItem","name":"Econom\u00eda"}}]},{"@type":"Organization","@id":"https:\/\/www.eldigitaldeasturias.com\/noticias\/#organization","name":"El Digital de Asturias","description":"Hemeroteca","url":"https:\/\/www.eldigitaldeasturias.com\/noticias\/","email":"info@eldigitaldeasturias.com","telephone":"+34652131393","logo":{"@type":"ImageObject","url":"https:\/\/www.eldigitaldeasturias.com\/noticias\/wp-content\/uploads\/2020\/12\/EDA.jpg","@id":"https:\/\/www.eldigitaldeasturias.com\/noticias\/ayudas-para-las-regiones-alemanas-afectadas-por-el-fin-del-carbon\/#organizationLogo","width":649,"height":297},"image":{"@id":"https:\/\/www.eldigitaldeasturias.com\/noticias\/ayudas-para-las-regiones-alemanas-afectadas-por-el-fin-del-carbon\/#organizationLogo"},"sameAs":["https:\/\/facebook.com\/eldigitaldeasturias","https:\/\/www.youtube.com\/channel\/UCZP-2wLEB9Rv6erhFmqVnvg"],"address":{"@id":"https:\/\/www.eldigitaldeasturias.com\/noticias\/#postaladdress","@type":"PostalAddress","streetAddress":"san antonio 4,","postalCode":"33430","addressLocality":"Cand\u00e1s","addressRegion":"Asturias","addressCountry":"ES"}},{"@type":"Person","@id":"https:\/\/www.eldigitaldeasturias.com\/noticias\/author\/admin\/#author","url":"https:\/\/www.eldigitaldeasturias.com\/noticias\/author\/admin\/","name":"El Digital de Asturias","image":{"@type":"ImageObject","@id":"https:\/\/www.eldigitaldeasturias.com\/noticias\/ayudas-para-las-regiones-alemanas-afectadas-por-el-fin-del-carbon\/#authorImage","url":"https:\/\/www.eldigitaldeasturias.com\/noticias\/wp-content\/litespeed\/avatar\/18677e78aa0546b92d9dbf31ec7d7668.jpg?ver=1777290358","width":96,"height":96,"caption":"El Digital de Asturias"}},{"@type":"WebPage","@id":"https:\/\/www.eldigitaldeasturias.com\/noticias\/ayudas-para-las-regiones-alemanas-afectadas-por-el-fin-del-carbon\/#webpage","url":"https:\/\/www.eldigitaldeasturias.com\/noticias\/ayudas-para-las-regiones-alemanas-afectadas-por-el-fin-del-carbon\/","name":"Ayudas para las regiones alemanas afectadas por el fin del carb\u00f3n - El Digital de Asturias","description":"Berl\u00edn, 4 abr (dpa) - El ministro alem\u00e1n de Finanzas, Olaf Scholz, y los estados federados productores de carb\u00f3n acordaron un programa de ayudas inmediatas para reconvertir su econom\u00eda tras el fin del carb\u00f3n como una de las principales fuentes energ\u00e9ticas, confirmaron hoy a dpa c\u00edrculos gubernamentales. El programa tiene un volumen de 260 millones","inLanguage":"es-ES","isPartOf":{"@id":"https:\/\/www.eldigitaldeasturias.com\/noticias\/#website"},"breadcrumb":{"@id":"https:\/\/www.eldigitaldeasturias.com\/noticias\/ayudas-para-las-regiones-alemanas-afectadas-por-el-fin-del-carbon\/#breadcrumblist"},"author":{"@id":"https:\/\/www.eldigitaldeasturias.com\/noticias\/author\/admin\/#author"},"creator":{"@id":"https:\/\/www.eldigitaldeasturias.com\/noticias\/author\/admin\/#author"},"image":{"@type":"ImageObject","url":"https:\/\/www.eldigitaldeasturias.com\/noticias\/wp-content\/uploads\/2017\/11\/carbon-360x198.jpg","@id":"https:\/\/www.eldigitaldeasturias.com\/noticias\/ayudas-para-las-regiones-alemanas-afectadas-por-el-fin-del-carbon\/#mainImage","width":360,"height":198},"primaryImageOfPage":{"@id":"https:\/\/www.eldigitaldeasturias.com\/noticias\/ayudas-para-las-regiones-alemanas-afectadas-por-el-fin-del-carbon\/#mainImage"},"datePublished":"2019-04-05T06:09:59+02:00","dateModified":"2019-04-05T06:09:59+02:00"},{"@type":"WebSite","@id":"https:\/\/www.eldigitaldeasturias.com\/noticias\/#website","url":"https:\/\/www.eldigitaldeasturias.com\/noticias\/","name":"El Digital de Asturias - Diario de actualidad y noticias","alternateName":"El Digital de Asturias - Diario de actualidad y noticias","description":"Hemeroteca","inLanguage":"es-ES","publisher":{"@id":"https:\/\/www.eldigitaldeasturias.com\/noticias\/#organization"}}]},"og:locale":"es_ES","og:site_name":"El Digital de Asturias","og:type":"article","og:title":"Ayudas para las regiones alemanas afectadas por el fin del carb\u00f3n - El Digital de Asturias","og:description":"Berl\u00edn, 4 abr (dpa) - El ministro alem\u00e1n de Finanzas, Olaf Scholz, y los estados federados productores de carb\u00f3n acordaron un programa de ayudas inmediatas para reconvertir su econom\u00eda tras el fin del carb\u00f3n como una de las principales fuentes energ\u00e9ticas, confirmaron hoy a dpa c\u00edrculos gubernamentales. El programa tiene un volumen de 260 millones","og:url":"https:\/\/www.eldigitaldeasturias.com\/noticias\/ayudas-para-las-regiones-alemanas-afectadas-por-el-fin-del-carbon\/","og:image":"https:\/\/www.eldigitaldeasturias.com\/noticias\/wp-content\/uploads\/2017\/11\/carbon-360x198.jpg","og:image:secure_url":"https:\/\/www.eldigitaldeasturias.com\/noticias\/wp-content\/uploads\/2017\/11\/carbon-360x198.jpg","og:image:width":360,"og:image:height":198,"article:tag":["econom\u00eda"],"article:published_time":"2019-04-05T06:09:59+00:00","article:modified_time":"2019-04-05T06:09:59+00:00","article:publisher":"https:\/\/facebook.com\/eldigitaldeasturias","twitter:card":"summary_large_image","twitter:title":"Ayudas para las regiones alemanas afectadas por el fin del carb\u00f3n - El Digital de Asturias","twitter:description":"Berl\u00edn, 4 abr (dpa) - El ministro alem\u00e1n de Finanzas, Olaf Scholz, y los estados federados productores de carb\u00f3n acordaron un programa de ayudas inmediatas para reconvertir su econom\u00eda tras el fin del carb\u00f3n como una de las principales fuentes energ\u00e9ticas, confirmaron hoy a dpa c\u00edrculos gubernamentales. El programa tiene un volumen de 260 millones","twitter:image":"https:\/\/www.eldigitaldeasturias.com\/noticias\/wp-content\/uploads\/2017\/11\/carbon-360x198.jpg","twitter:label1":"Escrito por","twitter:data1":"El Digital de Asturias","twitter:label2":"Tiempo de lectura estimado","twitter:data2":"2 minutos"},"aioseo_meta_data":{"post_id":"1022875","title":null,"description":null,"keywords":null,"keyphrases":null,"primary_term":null,"canonical_url":null,"og_title":null,"og_description":null,"og_object_type":"default","og_image_type":"default","og_image_url":null,"og_image_width":null,"og_image_height":null,"og_image_custom_url":null,"og_image_custom_fields":null,"og_video":null,"og_custom_url":null,"og_article_section":null,"og_article_tags":null,"twitter_use_og":false,"twitter_card":"default","twitter_image_type":"default","twitter_image_url":null,"twitter_image_custom_url":null,"twitter_image_custom_fields":null,"twitter_title":null,"twitter_description":null,"schema":{"blockGraphs":[],"customGraphs":[],"default":{"data":{"Article":[],"Course":[],"Dataset":[],"FAQPage":[],"Movie":[],"Person":[],"Product":[],"ProductReview":[],"Car":[],"Recipe":[],"Service":[],"SoftwareApplication":[],"WebPage":[]},"graphName":"","isEnabled":true},"graphs":[]},"schema_type":null,"schema_type_options":null,"pillar_content":false,"robots_default":true,"robots_noindex":false,"robots_noarchive":false,"robots_nosnippet":false,"robots_nofollow":false,"robots_noimageindex":false,"robots_noodp":false,"robots_notranslate":false,"robots_max_snippet":null,"robots_max_videopreview":null,"robots_max_imagepreview":"large","priority":null,"frequency":null,"local_seo":null,"seo_analyzer_scan_date":"2025-10-17 09:39:22","breadcrumb_settings":null,"limit_modified_date":false,"open_ai":null,"ai":null,"created":"2020-12-21 11:15:40","updated":"2025-10-17 09:39:22"},"aioseo_breadcrumb":"<div class=\"aioseo-breadcrumbs\"><span class=\"aioseo-breadcrumb\">\n\t<a href=\"https:\/\/www.eldigitaldeasturias.com\/noticias\" title=\"Home\">Home<\/a>\n<\/span><span class=\"aioseo-breadcrumb-separator\">\u2013<\/span><span class=\"aioseo-breadcrumb\">\n\t<a href=\"https:\/\/www.eldigitaldeasturias.com\/noticias\/category\/economia\/\" title=\"Econom\u00eda\">Econom\u00eda<\/a>\n<\/span><span class=\"aioseo-breadcrumb-separator\">\u2013<\/span><span class=\"aioseo-breadcrumb\">\n\t<a href=\"https:\/\/www.eldigitaldeasturias.com\/noticias\/ayudas-para-las-regiones-alemanas-afectadas-por-el-fin-del-carbon\/\" title=\"Ayudas para las regiones alemanas afectadas por el fin del carb\u00f3n\">Ayudas para las regiones alemanas afectadas por el fin del carb\u00f3n<\/a>\n<\/span><\/div>","aioseo_breadcrumb_json":[{"label":"Home","link":"https:\/\/www.eldigitaldeasturias.com\/noticias"},{"label":"Econom\u00eda","link":"https:\/\/www.eldigitaldeasturias.com\/noticias\/category\/economia\/"},{"label":"Ayudas para las regiones alemanas afectadas por el fin del carb\u00f3n","link":"https:\/\/www.eldigitaldeasturias.com\/noticias\/ayudas-para-las-regiones-alemanas-afectadas-por-el-fin-del-carbon\/"}],"_links":{"self":[{"href":"https:\/\/www.eldigitaldeasturias.com\/noticias\/wp-json\/wp\/v2\/posts\/1022875","targetHints":{"allow":["GET"]}}],"collection":[{"href":"https:\/\/www.eldigitaldeasturias.com\/noticias\/wp-json\/wp\/v2\/posts"}],"about":[{"href":"https:\/\/www.eldigitaldeasturias.com\/noticias\/wp-json\/wp\/v2\/types\/post"}],"author":[{"embeddable":true,"href":"https:\/\/www.eldigitaldeasturias.com\/noticias\/wp-json\/wp\/v2\/users\/1"}],"replies":[{"embeddable":true,"href":"https:\/\/www.eldigitaldeasturias.com\/noticias\/wp-json\/wp\/v2\/comments?post=1022875"}],"version-history":[{"count":0,"href":"https:\/\/www.eldigitaldeasturias.com\/noticias\/wp-json\/wp\/v2\/posts\/1022875\/revisions"}],"wp:featuredmedia":[{"embeddable":true,"href":"https:\/\/www.eldigitaldeasturias.com\/noticias\/wp-json\/wp\/v2\/media\/959030"}],"wp:attachment":[{"href":"https:\/\/www.eldigitaldeasturias.com\/noticias\/wp-json\/wp\/v2\/media?parent=1022875"}],"wp:term":[{"taxonomy":"category","embeddable":true,"href":"https:\/\/www.eldigitaldeasturias.com\/noticias\/wp-json\/wp\/v2\/categories?post=1022875"},{"taxonomy":"post_tag","embeddable":true,"href":"https:\/\/www.eldigitaldeasturias.com\/noticias\/wp-json\/wp\/v2\/tags?post=1022875"}],"curies":[{"name":"wp","href":"https:\/\/api.w.org\/{rel}","templated":true}]}}