{"id":1022869,"date":"2019-04-05T05:53:21","date_gmt":"2019-04-05T05:53:21","guid":{"rendered":"https:\/\/www.eldigitaldeasturias.com\/noticias\/?p=1022869"},"modified":"2019-04-05T05:53:21","modified_gmt":"2019-04-05T05:53:21","slug":"rebajan-el-pronostico-de-crecimiento-de-la-economia-alemana-al-08","status":"publish","type":"post","link":"https:\/\/www.eldigitaldeasturias.com\/noticias\/rebajan-el-pronostico-de-crecimiento-de-la-economia-alemana-al-08\/","title":{"rendered":"Rebajan el pron\u00f3stico de crecimiento de la econom\u00eda alemana al 0,8 %"},"content":{"rendered":"<p><img loading=\"lazy\" decoding=\"async\" class=\"alignleft size-medium wp-image-1022084\" src=\"https:\/\/www.eldigitaldeasturias.com\/noticias\/wp-content\/uploads\/2019\/03\/money-3481699_960_720-360x240.jpg\" alt=\"\" width=\"360\" height=\"240\" srcset=\"https:\/\/www.eldigitaldeasturias.com\/noticias\/wp-content\/uploads\/2019\/03\/money-3481699_960_720-360x240.jpg 360w, https:\/\/www.eldigitaldeasturias.com\/noticias\/wp-content\/uploads\/2019\/03\/money-3481699_960_720-768x512.jpg 768w, https:\/\/www.eldigitaldeasturias.com\/noticias\/wp-content\/uploads\/2019\/03\/money-3481699_960_720-650x433.jpg 650w, https:\/\/www.eldigitaldeasturias.com\/noticias\/wp-content\/uploads\/2019\/03\/money-3481699_960_720.jpg 960w\" sizes=\"auto, (max-width: 360px) 100vw, 360px\" \/>Berl\u00edn, 4 abr (dpa) &#8211; Los principales institutos de investigaci\u00f3n econ\u00f3mica de Alemania pronosticaron hoy el fin del auge actual y rebajaron de forma marcada el pron\u00f3stico de crecimiento de este a\u00f1o para la mayor econom\u00eda de Europa.<\/p>\n<p>Los expertos esperan un aumento del producto interior bruto (PIB) del 0,8 por ciento, seg\u00fan consta en el informe semestral presentado en Berl\u00edn. Hace medio a\u00f1o auguraban una expansi\u00f3n econ\u00f3mica del 1,9 por ciento.<\/p>\n<p>Los institutos adujeron que los riesgos pol\u00edticos han provocado el deterioro del entorno econ\u00f3mico mundial.<\/p>\n<p>Los investigadores se mostraron m\u00e1s optimistas para 2020, cuando esperan un crecimiento del 1,8 por ciento, aunque el a\u00f1o que viene tendr\u00e1 m\u00e1s d\u00edas laborables. Los llamados \u00abCinco Sabios\u00bb, los expertos alemanes que asesoran al Gobierno alem\u00e1n y el propio Ejecutivo ya hab\u00edan revisado a la baja sus previsiones.<\/p>\n<p>Oliver Holtem\u00f6ller, del Instituto Leibniz de Investigaci\u00f3n Econ\u00f3mica de Halle, afirm\u00f3 que la prolongada recuperaci\u00f3n de la econom\u00eda alemana ha llegado a su fin.<\/p>\n<p>Sin embargo, los expertos consideraron que no existe gran peligro de que se produzca una \u00abrecesi\u00f3n pronunciada\u00bb y se\u00f1alaron que es probable que el aumento del empleo pierda impulso.<\/p>\n<p>La principal raz\u00f3n de la debilidad de la econom\u00eda en el presente a\u00f1o es el enfriamiento de la econom\u00eda mundial. Axel Lindner, del Instituto Leibniz de Investigaci\u00f3n Econ\u00f3mica de Halle, dijo que la econom\u00eda internacional se encuentra en una fase de debilidad.<\/p>\n<p>Esto se debe a los conflictos comerciales y al menor crecimiento de China, as\u00ed como a la incertidumbre en torno a la prevista salida del Reino Unido de la Uni\u00f3n Europea.<\/p>\n<p>Esto afecta especialmente a la industria alemana de la exportaci\u00f3n. Coincidiendo con la rebaja del pron\u00f3stico de crecimiento, la Oficina Federal de Estad\u00edsticas report\u00f3 hoy que las entradas de pedidos de la industria alemana cayeron en febrero un 4,2 por ciento intermensual.<\/p>\n<p>Se trata del peor retroceso en m\u00e1s de dos a\u00f1os, generado fundamentalmente por la ca\u00edda de la demanda de productos alemanes en el extranjero.<\/p>\n<p>El sector de la construcci\u00f3n, en particular, sigue funcionando a toda velocidad, constataron los institutos. Los salarios tambi\u00e9n evolucionaron con fuerza y fortalecieron el consumo privado, dijo Holtem\u00f6ller, de Instituto de Halle.<\/p>\n<p>Seg\u00fan las previsiones, se espera que la renta disponible de los hogares aumente un 3,1 por ciento en el a\u00f1o en curso y un 3,3 por ciento el a\u00f1o pr\u00f3ximo.<\/p>\n<p>Los consumidores tampoco tendr\u00e1n que temer una fuerte subida de precios: la tasa de inflaci\u00f3n seguir\u00e1 siendo moderada. Los institutos esperan un aumento anual del \u00edndice del precio al consumo del 1,5 por ciento en 2019 y del 1,8 por ciento en 2020.<\/p>\n<p>El mercado laboral tambi\u00e9n se mantendr\u00e1 estable. Se seguir\u00e1n creando nuevos puestos de trabajo, pero en menor medida, agregaron los economistas.<\/p>\n<p>Los investigadores econ\u00f3micos criticaron la pol\u00edtica presupuestaria del Ejecutivo de Angela Merkel y advirtieron que la econom\u00eda no puede quedar rezagada en aras de un presupuesto sin nueva deuda.<\/p>\n","protected":false},"excerpt":{"rendered":"<p>Berl\u00edn, 4 abr (dpa) &#8211; Los principales institutos de investigaci\u00f3n econ\u00f3mica de Alemania pronosticaron hoy el fin del auge actual y rebajaron de forma marcada el pron\u00f3stico de crecimiento de este a\u00f1o para la mayor econom\u00eda de Europa. Los expertos esperan un aumento del producto interior bruto (PIB) del 0,8 por ciento, seg\u00fan consta en [&hellip;]<\/p>\n","protected":false},"author":1,"featured_media":1022084,"comment_status":"closed","ping_status":"closed","sticky":false,"template":"","format":"standard","meta":{"footnotes":""},"categories":[187],"tags":[],"class_list":["post-1022869","post","type-post","status-publish","format-standard","has-post-thumbnail","hentry","category-economia"],"aioseo_notices":[],"aioseo_head":"\n\t\t<!-- All in One SEO Pro 4.9.6.2 - aioseo.com -->\n\t<meta name=\"description\" content=\"Berl\u00edn, 4 abr (dpa) - Los principales institutos de investigaci\u00f3n econ\u00f3mica de Alemania pronosticaron hoy el fin del auge actual y rebajaron de forma marcada el pron\u00f3stico de crecimiento de este a\u00f1o para la mayor econom\u00eda de Europa. Los expertos esperan un aumento del producto interior bruto (PIB) del 0,8 por ciento, seg\u00fan consta en\" \/>\n\t<meta name=\"robots\" content=\"max-image-preview:large\" \/>\n\t<meta name=\"author\" content=\"El Digital de Asturias\"\/>\n\t<meta name=\"google-site-verification\" content=\"UA-38556648-1\" \/>\n\t<meta name=\"msvalidate.01\" content=\"7dfe9f3f1b24437ab69f4f2559babe99\" \/>\n\t<meta name=\"keywords\" content=\"econom\u00eda\" \/>\n\t<link rel=\"canonical\" href=\"https:\/\/www.eldigitaldeasturias.com\/noticias\/rebajan-el-pronostico-de-crecimiento-de-la-economia-alemana-al-08\/\" \/>\n\t<meta name=\"generator\" content=\"All in One SEO Pro (AIOSEO) 4.9.6.2\" \/>\n\t\t<meta property=\"og:locale\" content=\"es_ES\" \/>\n\t\t<meta property=\"og:site_name\" content=\"El Digital de Asturias\" \/>\n\t\t<meta property=\"og:type\" content=\"article\" \/>\n\t\t<meta property=\"og:title\" content=\"Rebajan el pron\u00f3stico de crecimiento de la econom\u00eda alemana al 0,8 % - El Digital de Asturias\" \/>\n\t\t<meta property=\"og:description\" content=\"Berl\u00edn, 4 abr (dpa) - Los principales institutos de investigaci\u00f3n econ\u00f3mica de Alemania pronosticaron hoy el fin del auge actual y rebajaron de forma marcada el pron\u00f3stico de crecimiento de este a\u00f1o para la mayor econom\u00eda de Europa. Los expertos esperan un aumento del producto interior bruto (PIB) del 0,8 por ciento, seg\u00fan consta en\" \/>\n\t\t<meta property=\"og:url\" content=\"https:\/\/www.eldigitaldeasturias.com\/noticias\/rebajan-el-pronostico-de-crecimiento-de-la-economia-alemana-al-08\/\" \/>\n\t\t<meta property=\"og:image\" content=\"https:\/\/www.eldigitaldeasturias.com\/noticias\/wp-content\/uploads\/2019\/03\/money-3481699_960_720.jpg\" \/>\n\t\t<meta property=\"og:image:secure_url\" content=\"https:\/\/www.eldigitaldeasturias.com\/noticias\/wp-content\/uploads\/2019\/03\/money-3481699_960_720.jpg\" \/>\n\t\t<meta property=\"og:image:width\" content=\"960\" \/>\n\t\t<meta property=\"og:image:height\" content=\"640\" \/>\n\t\t<meta property=\"article:tag\" content=\"econom\u00eda\" \/>\n\t\t<meta property=\"article:published_time\" content=\"2019-04-05T05:53:21+00:00\" \/>\n\t\t<meta property=\"article:modified_time\" content=\"2019-04-05T05:53:21+00:00\" \/>\n\t\t<meta property=\"article:publisher\" content=\"https:\/\/facebook.com\/eldigitaldeasturias\" \/>\n\t\t<meta name=\"twitter:card\" content=\"summary_large_image\" \/>\n\t\t<meta name=\"twitter:title\" content=\"Rebajan el pron\u00f3stico de crecimiento de la econom\u00eda alemana al 0,8 % - El Digital de Asturias\" \/>\n\t\t<meta name=\"twitter:description\" content=\"Berl\u00edn, 4 abr (dpa) - Los principales institutos de investigaci\u00f3n econ\u00f3mica de Alemania pronosticaron hoy el fin del auge actual y rebajaron de forma marcada el pron\u00f3stico de crecimiento de este a\u00f1o para la mayor econom\u00eda de Europa. Los expertos esperan un aumento del producto interior bruto (PIB) del 0,8 por ciento, seg\u00fan consta en\" \/>\n\t\t<meta name=\"twitter:image\" content=\"https:\/\/www.eldigitaldeasturias.com\/noticias\/wp-content\/uploads\/2019\/03\/money-3481699_960_720.jpg\" \/>\n\t\t<meta name=\"twitter:label1\" content=\"Escrito por\" \/>\n\t\t<meta name=\"twitter:data1\" content=\"El Digital de Asturias\" \/>\n\t\t<meta name=\"twitter:label2\" content=\"Tiempo de lectura estimado\" \/>\n\t\t<meta name=\"twitter:data2\" content=\"3 minutos\" \/>\n\t\t<script type=\"application\/ld+json\" class=\"aioseo-schema\">\n\t\t\t{\"@context\":\"https:\\\/\\\/schema.org\",\"@graph\":[{\"@type\":\"BlogPosting\",\"@id\":\"https:\\\/\\\/www.eldigitaldeasturias.com\\\/noticias\\\/rebajan-el-pronostico-de-crecimiento-de-la-economia-alemana-al-08\\\/#blogposting\",\"name\":\"Rebajan el pron\\u00f3stico de crecimiento de la econom\\u00eda alemana al 0,8 % - El Digital de Asturias\",\"headline\":\"Rebajan el pron\\u00f3stico de crecimiento de la econom\\u00eda alemana al 0,8 %\",\"author\":{\"@id\":\"https:\\\/\\\/www.eldigitaldeasturias.com\\\/noticias\\\/author\\\/admin\\\/#author\"},\"publisher\":{\"@id\":\"https:\\\/\\\/www.eldigitaldeasturias.com\\\/noticias\\\/#organization\"},\"image\":{\"@type\":\"ImageObject\",\"url\":\"https:\\\/\\\/www.eldigitaldeasturias.com\\\/noticias\\\/wp-content\\\/uploads\\\/2019\\\/03\\\/money-3481699_960_720.jpg\",\"width\":960,\"height\":640},\"datePublished\":\"2019-04-05T05:53:21+02:00\",\"dateModified\":\"2019-04-05T05:53:21+02:00\",\"inLanguage\":\"es-ES\",\"mainEntityOfPage\":{\"@id\":\"https:\\\/\\\/www.eldigitaldeasturias.com\\\/noticias\\\/rebajan-el-pronostico-de-crecimiento-de-la-economia-alemana-al-08\\\/#webpage\"},\"isPartOf\":{\"@id\":\"https:\\\/\\\/www.eldigitaldeasturias.com\\\/noticias\\\/rebajan-el-pronostico-de-crecimiento-de-la-economia-alemana-al-08\\\/#webpage\"},\"articleSection\":\"Econom\\u00eda\"},{\"@type\":\"BreadcrumbList\",\"@id\":\"https:\\\/\\\/www.eldigitaldeasturias.com\\\/noticias\\\/rebajan-el-pronostico-de-crecimiento-de-la-economia-alemana-al-08\\\/#breadcrumblist\",\"itemListElement\":[{\"@type\":\"ListItem\",\"@id\":\"https:\\\/\\\/www.eldigitaldeasturias.com\\\/noticias#listItem\",\"position\":1,\"name\":\"Home\",\"item\":\"https:\\\/\\\/www.eldigitaldeasturias.com\\\/noticias\",\"nextItem\":{\"@type\":\"ListItem\",\"@id\":\"https:\\\/\\\/www.eldigitaldeasturias.com\\\/noticias\\\/category\\\/economia\\\/#listItem\",\"name\":\"Econom\\u00eda\"}},{\"@type\":\"ListItem\",\"@id\":\"https:\\\/\\\/www.eldigitaldeasturias.com\\\/noticias\\\/category\\\/economia\\\/#listItem\",\"position\":2,\"name\":\"Econom\\u00eda\",\"item\":\"https:\\\/\\\/www.eldigitaldeasturias.com\\\/noticias\\\/category\\\/economia\\\/\",\"nextItem\":{\"@type\":\"ListItem\",\"@id\":\"https:\\\/\\\/www.eldigitaldeasturias.com\\\/noticias\\\/rebajan-el-pronostico-de-crecimiento-de-la-economia-alemana-al-08\\\/#listItem\",\"name\":\"Rebajan el pron\\u00f3stico de crecimiento de la econom\\u00eda alemana al 0,8 %\"},\"previousItem\":{\"@type\":\"ListItem\",\"@id\":\"https:\\\/\\\/www.eldigitaldeasturias.com\\\/noticias#listItem\",\"name\":\"Home\"}},{\"@type\":\"ListItem\",\"@id\":\"https:\\\/\\\/www.eldigitaldeasturias.com\\\/noticias\\\/rebajan-el-pronostico-de-crecimiento-de-la-economia-alemana-al-08\\\/#listItem\",\"position\":3,\"name\":\"Rebajan el pron\\u00f3stico de crecimiento de la econom\\u00eda alemana al 0,8 %\",\"previousItem\":{\"@type\":\"ListItem\",\"@id\":\"https:\\\/\\\/www.eldigitaldeasturias.com\\\/noticias\\\/category\\\/economia\\\/#listItem\",\"name\":\"Econom\\u00eda\"}}]},{\"@type\":\"Organization\",\"@id\":\"https:\\\/\\\/www.eldigitaldeasturias.com\\\/noticias\\\/#organization\",\"name\":\"El Digital de Asturias\",\"description\":\"Hemeroteca\",\"url\":\"https:\\\/\\\/www.eldigitaldeasturias.com\\\/noticias\\\/\",\"email\":\"info@eldigitaldeasturias.com\",\"telephone\":\"+34652131393\",\"logo\":{\"@type\":\"ImageObject\",\"url\":\"https:\\\/\\\/www.eldigitaldeasturias.com\\\/noticias\\\/wp-content\\\/uploads\\\/2020\\\/12\\\/EDA.jpg\",\"@id\":\"https:\\\/\\\/www.eldigitaldeasturias.com\\\/noticias\\\/rebajan-el-pronostico-de-crecimiento-de-la-economia-alemana-al-08\\\/#organizationLogo\",\"width\":649,\"height\":297},\"image\":{\"@id\":\"https:\\\/\\\/www.eldigitaldeasturias.com\\\/noticias\\\/rebajan-el-pronostico-de-crecimiento-de-la-economia-alemana-al-08\\\/#organizationLogo\"},\"sameAs\":[\"https:\\\/\\\/facebook.com\\\/eldigitaldeasturias\",\"https:\\\/\\\/www.youtube.com\\\/channel\\\/UCZP-2wLEB9Rv6erhFmqVnvg\"],\"address\":{\"@id\":\"https:\\\/\\\/www.eldigitaldeasturias.com\\\/noticias\\\/#postaladdress\",\"@type\":\"PostalAddress\",\"streetAddress\":\"san antonio 4,\",\"postalCode\":\"33430\",\"addressLocality\":\"Cand\\u00e1s\",\"addressRegion\":\"Asturias\",\"addressCountry\":\"ES\"}},{\"@type\":\"Person\",\"@id\":\"https:\\\/\\\/www.eldigitaldeasturias.com\\\/noticias\\\/author\\\/admin\\\/#author\",\"url\":\"https:\\\/\\\/www.eldigitaldeasturias.com\\\/noticias\\\/author\\\/admin\\\/\",\"name\":\"El Digital de Asturias\",\"image\":{\"@type\":\"ImageObject\",\"@id\":\"https:\\\/\\\/www.eldigitaldeasturias.com\\\/noticias\\\/rebajan-el-pronostico-de-crecimiento-de-la-economia-alemana-al-08\\\/#authorImage\",\"url\":\"https:\\\/\\\/www.eldigitaldeasturias.com\\\/noticias\\\/wp-content\\\/litespeed\\\/avatar\\\/18677e78aa0546b92d9dbf31ec7d7668.jpg?ver=1777290358\",\"width\":96,\"height\":96,\"caption\":\"El Digital de Asturias\"}},{\"@type\":\"WebPage\",\"@id\":\"https:\\\/\\\/www.eldigitaldeasturias.com\\\/noticias\\\/rebajan-el-pronostico-de-crecimiento-de-la-economia-alemana-al-08\\\/#webpage\",\"url\":\"https:\\\/\\\/www.eldigitaldeasturias.com\\\/noticias\\\/rebajan-el-pronostico-de-crecimiento-de-la-economia-alemana-al-08\\\/\",\"name\":\"Rebajan el pron\\u00f3stico de crecimiento de la econom\\u00eda alemana al 0,8 % - El Digital de Asturias\",\"description\":\"Berl\\u00edn, 4 abr (dpa) - Los principales institutos de investigaci\\u00f3n econ\\u00f3mica de Alemania pronosticaron hoy el fin del auge actual y rebajaron de forma marcada el pron\\u00f3stico de crecimiento de este a\\u00f1o para la mayor econom\\u00eda de Europa. Los expertos esperan un aumento del producto interior bruto (PIB) del 0,8 por ciento, seg\\u00fan consta en\",\"inLanguage\":\"es-ES\",\"isPartOf\":{\"@id\":\"https:\\\/\\\/www.eldigitaldeasturias.com\\\/noticias\\\/#website\"},\"breadcrumb\":{\"@id\":\"https:\\\/\\\/www.eldigitaldeasturias.com\\\/noticias\\\/rebajan-el-pronostico-de-crecimiento-de-la-economia-alemana-al-08\\\/#breadcrumblist\"},\"author\":{\"@id\":\"https:\\\/\\\/www.eldigitaldeasturias.com\\\/noticias\\\/author\\\/admin\\\/#author\"},\"creator\":{\"@id\":\"https:\\\/\\\/www.eldigitaldeasturias.com\\\/noticias\\\/author\\\/admin\\\/#author\"},\"image\":{\"@type\":\"ImageObject\",\"url\":\"https:\\\/\\\/www.eldigitaldeasturias.com\\\/noticias\\\/wp-content\\\/uploads\\\/2019\\\/03\\\/money-3481699_960_720.jpg\",\"@id\":\"https:\\\/\\\/www.eldigitaldeasturias.com\\\/noticias\\\/rebajan-el-pronostico-de-crecimiento-de-la-economia-alemana-al-08\\\/#mainImage\",\"width\":960,\"height\":640},\"primaryImageOfPage\":{\"@id\":\"https:\\\/\\\/www.eldigitaldeasturias.com\\\/noticias\\\/rebajan-el-pronostico-de-crecimiento-de-la-economia-alemana-al-08\\\/#mainImage\"},\"datePublished\":\"2019-04-05T05:53:21+02:00\",\"dateModified\":\"2019-04-05T05:53:21+02:00\"},{\"@type\":\"WebSite\",\"@id\":\"https:\\\/\\\/www.eldigitaldeasturias.com\\\/noticias\\\/#website\",\"url\":\"https:\\\/\\\/www.eldigitaldeasturias.com\\\/noticias\\\/\",\"name\":\"El Digital de Asturias - Diario de actualidad y noticias\",\"alternateName\":\"El Digital de Asturias - Diario de actualidad y noticias\",\"description\":\"Hemeroteca\",\"inLanguage\":\"es-ES\",\"publisher\":{\"@id\":\"https:\\\/\\\/www.eldigitaldeasturias.com\\\/noticias\\\/#organization\"}}]}\n\t\t<\/script>\n\t\t<!-- All in One SEO Pro -->\r\n\t\t<title>Rebajan el pron\u00f3stico de crecimiento de la econom\u00eda alemana al 0,8 % - El Digital de Asturias<\/title>\n\n","aioseo_head_json":{"title":"Rebajan el pron\u00f3stico de crecimiento de la econom\u00eda alemana al 0,8 % - El Digital de Asturias","description":"Berl\u00edn, 4 abr (dpa) - Los principales institutos de investigaci\u00f3n econ\u00f3mica de Alemania pronosticaron hoy el fin del auge actual y rebajaron de forma marcada el pron\u00f3stico de crecimiento de este a\u00f1o para la mayor econom\u00eda de Europa. Los expertos esperan un aumento del producto interior bruto (PIB) del 0,8 por ciento, seg\u00fan consta en","canonical_url":"https:\/\/www.eldigitaldeasturias.com\/noticias\/rebajan-el-pronostico-de-crecimiento-de-la-economia-alemana-al-08\/","robots":"max-image-preview:large","keywords":"econom\u00eda","webmasterTools":{"google-site-verification":"UA-38556648-1","msvalidate.01":"7dfe9f3f1b24437ab69f4f2559babe99","miscellaneous":""},"schema":{"@context":"https:\/\/schema.org","@graph":[{"@type":"BlogPosting","@id":"https:\/\/www.eldigitaldeasturias.com\/noticias\/rebajan-el-pronostico-de-crecimiento-de-la-economia-alemana-al-08\/#blogposting","name":"Rebajan el pron\u00f3stico de crecimiento de la econom\u00eda alemana al 0,8 % - El Digital de Asturias","headline":"Rebajan el pron\u00f3stico de crecimiento de la econom\u00eda alemana al 0,8 %","author":{"@id":"https:\/\/www.eldigitaldeasturias.com\/noticias\/author\/admin\/#author"},"publisher":{"@id":"https:\/\/www.eldigitaldeasturias.com\/noticias\/#organization"},"image":{"@type":"ImageObject","url":"https:\/\/www.eldigitaldeasturias.com\/noticias\/wp-content\/uploads\/2019\/03\/money-3481699_960_720.jpg","width":960,"height":640},"datePublished":"2019-04-05T05:53:21+02:00","dateModified":"2019-04-05T05:53:21+02:00","inLanguage":"es-ES","mainEntityOfPage":{"@id":"https:\/\/www.eldigitaldeasturias.com\/noticias\/rebajan-el-pronostico-de-crecimiento-de-la-economia-alemana-al-08\/#webpage"},"isPartOf":{"@id":"https:\/\/www.eldigitaldeasturias.com\/noticias\/rebajan-el-pronostico-de-crecimiento-de-la-economia-alemana-al-08\/#webpage"},"articleSection":"Econom\u00eda"},{"@type":"BreadcrumbList","@id":"https:\/\/www.eldigitaldeasturias.com\/noticias\/rebajan-el-pronostico-de-crecimiento-de-la-economia-alemana-al-08\/#breadcrumblist","itemListElement":[{"@type":"ListItem","@id":"https:\/\/www.eldigitaldeasturias.com\/noticias#listItem","position":1,"name":"Home","item":"https:\/\/www.eldigitaldeasturias.com\/noticias","nextItem":{"@type":"ListItem","@id":"https:\/\/www.eldigitaldeasturias.com\/noticias\/category\/economia\/#listItem","name":"Econom\u00eda"}},{"@type":"ListItem","@id":"https:\/\/www.eldigitaldeasturias.com\/noticias\/category\/economia\/#listItem","position":2,"name":"Econom\u00eda","item":"https:\/\/www.eldigitaldeasturias.com\/noticias\/category\/economia\/","nextItem":{"@type":"ListItem","@id":"https:\/\/www.eldigitaldeasturias.com\/noticias\/rebajan-el-pronostico-de-crecimiento-de-la-economia-alemana-al-08\/#listItem","name":"Rebajan el pron\u00f3stico de crecimiento de la econom\u00eda alemana al 0,8 %"},"previousItem":{"@type":"ListItem","@id":"https:\/\/www.eldigitaldeasturias.com\/noticias#listItem","name":"Home"}},{"@type":"ListItem","@id":"https:\/\/www.eldigitaldeasturias.com\/noticias\/rebajan-el-pronostico-de-crecimiento-de-la-economia-alemana-al-08\/#listItem","position":3,"name":"Rebajan el pron\u00f3stico de crecimiento de la econom\u00eda alemana al 0,8 %","previousItem":{"@type":"ListItem","@id":"https:\/\/www.eldigitaldeasturias.com\/noticias\/category\/economia\/#listItem","name":"Econom\u00eda"}}]},{"@type":"Organization","@id":"https:\/\/www.eldigitaldeasturias.com\/noticias\/#organization","name":"El Digital de Asturias","description":"Hemeroteca","url":"https:\/\/www.eldigitaldeasturias.com\/noticias\/","email":"info@eldigitaldeasturias.com","telephone":"+34652131393","logo":{"@type":"ImageObject","url":"https:\/\/www.eldigitaldeasturias.com\/noticias\/wp-content\/uploads\/2020\/12\/EDA.jpg","@id":"https:\/\/www.eldigitaldeasturias.com\/noticias\/rebajan-el-pronostico-de-crecimiento-de-la-economia-alemana-al-08\/#organizationLogo","width":649,"height":297},"image":{"@id":"https:\/\/www.eldigitaldeasturias.com\/noticias\/rebajan-el-pronostico-de-crecimiento-de-la-economia-alemana-al-08\/#organizationLogo"},"sameAs":["https:\/\/facebook.com\/eldigitaldeasturias","https:\/\/www.youtube.com\/channel\/UCZP-2wLEB9Rv6erhFmqVnvg"],"address":{"@id":"https:\/\/www.eldigitaldeasturias.com\/noticias\/#postaladdress","@type":"PostalAddress","streetAddress":"san antonio 4,","postalCode":"33430","addressLocality":"Cand\u00e1s","addressRegion":"Asturias","addressCountry":"ES"}},{"@type":"Person","@id":"https:\/\/www.eldigitaldeasturias.com\/noticias\/author\/admin\/#author","url":"https:\/\/www.eldigitaldeasturias.com\/noticias\/author\/admin\/","name":"El Digital de Asturias","image":{"@type":"ImageObject","@id":"https:\/\/www.eldigitaldeasturias.com\/noticias\/rebajan-el-pronostico-de-crecimiento-de-la-economia-alemana-al-08\/#authorImage","url":"https:\/\/www.eldigitaldeasturias.com\/noticias\/wp-content\/litespeed\/avatar\/18677e78aa0546b92d9dbf31ec7d7668.jpg?ver=1777290358","width":96,"height":96,"caption":"El Digital de Asturias"}},{"@type":"WebPage","@id":"https:\/\/www.eldigitaldeasturias.com\/noticias\/rebajan-el-pronostico-de-crecimiento-de-la-economia-alemana-al-08\/#webpage","url":"https:\/\/www.eldigitaldeasturias.com\/noticias\/rebajan-el-pronostico-de-crecimiento-de-la-economia-alemana-al-08\/","name":"Rebajan el pron\u00f3stico de crecimiento de la econom\u00eda alemana al 0,8 % - El Digital de Asturias","description":"Berl\u00edn, 4 abr (dpa) - Los principales institutos de investigaci\u00f3n econ\u00f3mica de Alemania pronosticaron hoy el fin del auge actual y rebajaron de forma marcada el pron\u00f3stico de crecimiento de este a\u00f1o para la mayor econom\u00eda de Europa. Los expertos esperan un aumento del producto interior bruto (PIB) del 0,8 por ciento, seg\u00fan consta en","inLanguage":"es-ES","isPartOf":{"@id":"https:\/\/www.eldigitaldeasturias.com\/noticias\/#website"},"breadcrumb":{"@id":"https:\/\/www.eldigitaldeasturias.com\/noticias\/rebajan-el-pronostico-de-crecimiento-de-la-economia-alemana-al-08\/#breadcrumblist"},"author":{"@id":"https:\/\/www.eldigitaldeasturias.com\/noticias\/author\/admin\/#author"},"creator":{"@id":"https:\/\/www.eldigitaldeasturias.com\/noticias\/author\/admin\/#author"},"image":{"@type":"ImageObject","url":"https:\/\/www.eldigitaldeasturias.com\/noticias\/wp-content\/uploads\/2019\/03\/money-3481699_960_720.jpg","@id":"https:\/\/www.eldigitaldeasturias.com\/noticias\/rebajan-el-pronostico-de-crecimiento-de-la-economia-alemana-al-08\/#mainImage","width":960,"height":640},"primaryImageOfPage":{"@id":"https:\/\/www.eldigitaldeasturias.com\/noticias\/rebajan-el-pronostico-de-crecimiento-de-la-economia-alemana-al-08\/#mainImage"},"datePublished":"2019-04-05T05:53:21+02:00","dateModified":"2019-04-05T05:53:21+02:00"},{"@type":"WebSite","@id":"https:\/\/www.eldigitaldeasturias.com\/noticias\/#website","url":"https:\/\/www.eldigitaldeasturias.com\/noticias\/","name":"El Digital de Asturias - Diario de actualidad y noticias","alternateName":"El Digital de Asturias - Diario de actualidad y noticias","description":"Hemeroteca","inLanguage":"es-ES","publisher":{"@id":"https:\/\/www.eldigitaldeasturias.com\/noticias\/#organization"}}]},"og:locale":"es_ES","og:site_name":"El Digital de Asturias","og:type":"article","og:title":"Rebajan el pron\u00f3stico de crecimiento de la econom\u00eda alemana al 0,8 % - El Digital de Asturias","og:description":"Berl\u00edn, 4 abr (dpa) - Los principales institutos de investigaci\u00f3n econ\u00f3mica de Alemania pronosticaron hoy el fin del auge actual y rebajaron de forma marcada el pron\u00f3stico de crecimiento de este a\u00f1o para la mayor econom\u00eda de Europa. Los expertos esperan un aumento del producto interior bruto (PIB) del 0,8 por ciento, seg\u00fan consta en","og:url":"https:\/\/www.eldigitaldeasturias.com\/noticias\/rebajan-el-pronostico-de-crecimiento-de-la-economia-alemana-al-08\/","og:image":"https:\/\/www.eldigitaldeasturias.com\/noticias\/wp-content\/uploads\/2019\/03\/money-3481699_960_720.jpg","og:image:secure_url":"https:\/\/www.eldigitaldeasturias.com\/noticias\/wp-content\/uploads\/2019\/03\/money-3481699_960_720.jpg","og:image:width":960,"og:image:height":640,"article:tag":["econom\u00eda"],"article:published_time":"2019-04-05T05:53:21+00:00","article:modified_time":"2019-04-05T05:53:21+00:00","article:publisher":"https:\/\/facebook.com\/eldigitaldeasturias","twitter:card":"summary_large_image","twitter:title":"Rebajan el pron\u00f3stico de crecimiento de la econom\u00eda alemana al 0,8 % - El Digital de Asturias","twitter:description":"Berl\u00edn, 4 abr (dpa) - Los principales institutos de investigaci\u00f3n econ\u00f3mica de Alemania pronosticaron hoy el fin del auge actual y rebajaron de forma marcada el pron\u00f3stico de crecimiento de este a\u00f1o para la mayor econom\u00eda de Europa. Los expertos esperan un aumento del producto interior bruto (PIB) del 0,8 por ciento, seg\u00fan consta en","twitter:image":"https:\/\/www.eldigitaldeasturias.com\/noticias\/wp-content\/uploads\/2019\/03\/money-3481699_960_720.jpg","twitter:label1":"Escrito por","twitter:data1":"El Digital de Asturias","twitter:label2":"Tiempo de lectura estimado","twitter:data2":"3 minutos"},"aioseo_meta_data":{"post_id":"1022869","title":null,"description":null,"keywords":null,"keyphrases":null,"primary_term":null,"canonical_url":null,"og_title":null,"og_description":null,"og_object_type":"default","og_image_type":"default","og_image_url":null,"og_image_width":null,"og_image_height":null,"og_image_custom_url":null,"og_image_custom_fields":null,"og_video":null,"og_custom_url":null,"og_article_section":null,"og_article_tags":null,"twitter_use_og":false,"twitter_card":"default","twitter_image_type":"default","twitter_image_url":null,"twitter_image_custom_url":null,"twitter_image_custom_fields":null,"twitter_title":null,"twitter_description":null,"schema":{"blockGraphs":[],"customGraphs":[],"default":{"data":{"Article":[],"Course":[],"Dataset":[],"FAQPage":[],"Movie":[],"Person":[],"Product":[],"ProductReview":[],"Car":[],"Recipe":[],"Service":[],"SoftwareApplication":[],"WebPage":[]},"graphName":"","isEnabled":true},"graphs":[],"defaultGraph":"","defaultPostTypeGraph":""},"schema_type":null,"schema_type_options":null,"pillar_content":false,"robots_default":true,"robots_noindex":false,"robots_noarchive":false,"robots_nosnippet":false,"robots_nofollow":false,"robots_noimageindex":false,"robots_noodp":false,"robots_notranslate":false,"robots_max_snippet":null,"robots_max_videopreview":null,"robots_max_imagepreview":"large","priority":null,"frequency":null,"local_seo":null,"seo_analyzer_scan_date":"2025-10-17 09:37:09","breadcrumb_settings":null,"limit_modified_date":false,"open_ai":null,"ai":null,"created":"2020-12-21 11:15:40","updated":"2025-10-17 09:37:09"},"aioseo_breadcrumb":"<div class=\"aioseo-breadcrumbs\"><span class=\"aioseo-breadcrumb\">\n\t<a href=\"https:\/\/www.eldigitaldeasturias.com\/noticias\" title=\"Home\">Home<\/a>\n<\/span><span class=\"aioseo-breadcrumb-separator\">\u2013<\/span><span class=\"aioseo-breadcrumb\">\n\t<a href=\"https:\/\/www.eldigitaldeasturias.com\/noticias\/category\/economia\/\" title=\"Econom\u00eda\">Econom\u00eda<\/a>\n<\/span><span class=\"aioseo-breadcrumb-separator\">\u2013<\/span><span class=\"aioseo-breadcrumb\">\n\t<a href=\"https:\/\/www.eldigitaldeasturias.com\/noticias\/rebajan-el-pronostico-de-crecimiento-de-la-economia-alemana-al-08\/\" title=\"Rebajan el pron\u00f3stico de crecimiento de la econom\u00eda alemana al 0,8 %\">Rebajan el pron\u00f3stico de crecimiento de la econom\u00eda alemana al 0,8 %<\/a>\n<\/span><\/div>","aioseo_breadcrumb_json":[{"label":"Home","link":"https:\/\/www.eldigitaldeasturias.com\/noticias"},{"label":"Econom\u00eda","link":"https:\/\/www.eldigitaldeasturias.com\/noticias\/category\/economia\/"},{"label":"Rebajan el pron\u00f3stico de crecimiento de la econom\u00eda alemana al 0,8 %","link":"https:\/\/www.eldigitaldeasturias.com\/noticias\/rebajan-el-pronostico-de-crecimiento-de-la-economia-alemana-al-08\/"}],"_links":{"self":[{"href":"https:\/\/www.eldigitaldeasturias.com\/noticias\/wp-json\/wp\/v2\/posts\/1022869","targetHints":{"allow":["GET"]}}],"collection":[{"href":"https:\/\/www.eldigitaldeasturias.com\/noticias\/wp-json\/wp\/v2\/posts"}],"about":[{"href":"https:\/\/www.eldigitaldeasturias.com\/noticias\/wp-json\/wp\/v2\/types\/post"}],"author":[{"embeddable":true,"href":"https:\/\/www.eldigitaldeasturias.com\/noticias\/wp-json\/wp\/v2\/users\/1"}],"replies":[{"embeddable":true,"href":"https:\/\/www.eldigitaldeasturias.com\/noticias\/wp-json\/wp\/v2\/comments?post=1022869"}],"version-history":[{"count":0,"href":"https:\/\/www.eldigitaldeasturias.com\/noticias\/wp-json\/wp\/v2\/posts\/1022869\/revisions"}],"wp:featuredmedia":[{"embeddable":true,"href":"https:\/\/www.eldigitaldeasturias.com\/noticias\/wp-json\/wp\/v2\/media\/1022084"}],"wp:attachment":[{"href":"https:\/\/www.eldigitaldeasturias.com\/noticias\/wp-json\/wp\/v2\/media?parent=1022869"}],"wp:term":[{"taxonomy":"category","embeddable":true,"href":"https:\/\/www.eldigitaldeasturias.com\/noticias\/wp-json\/wp\/v2\/categories?post=1022869"},{"taxonomy":"post_tag","embeddable":true,"href":"https:\/\/www.eldigitaldeasturias.com\/noticias\/wp-json\/wp\/v2\/tags?post=1022869"}],"curies":[{"name":"wp","href":"https:\/\/api.w.org\/{rel}","templated":true}]}}