{"id":1022765,"date":"2019-04-03T22:18:19","date_gmt":"2019-04-03T22:18:19","guid":{"rendered":"https:\/\/www.eldigitaldeasturias.com\/noticias\/?p=1022765"},"modified":"2019-04-03T22:18:19","modified_gmt":"2019-04-03T22:18:19","slug":"la-industria-4-0-como-palanca-de-cambio-en-el-tejido-empresarial-espanol","status":"publish","type":"post","link":"https:\/\/www.eldigitaldeasturias.com\/noticias\/la-industria-4-0-como-palanca-de-cambio-en-el-tejido-empresarial-espanol\/","title":{"rendered":"La Industria 4.0 como palanca de cambio en el tejido empresarial espa\u00f1ol"},"content":{"rendered":"<div id=\"texto\" class=\"flex mb15\">\n<p><img loading=\"lazy\" decoding=\"async\" class=\"alignleft size-medium wp-image-1022084\" src=\"https:\/\/www.eldigitaldeasturias.com\/noticias\/wp-content\/uploads\/2019\/03\/money-3481699_960_720-360x240.jpg\" alt=\"\" width=\"360\" height=\"240\" srcset=\"https:\/\/www.eldigitaldeasturias.com\/noticias\/wp-content\/uploads\/2019\/03\/money-3481699_960_720-360x240.jpg 360w, https:\/\/www.eldigitaldeasturias.com\/noticias\/wp-content\/uploads\/2019\/03\/money-3481699_960_720-768x512.jpg 768w, https:\/\/www.eldigitaldeasturias.com\/noticias\/wp-content\/uploads\/2019\/03\/money-3481699_960_720-650x433.jpg 650w, https:\/\/www.eldigitaldeasturias.com\/noticias\/wp-content\/uploads\/2019\/03\/money-3481699_960_720.jpg 960w\" sizes=\"auto, (max-width: 360px) 100vw, 360px\" \/>El t\u00e9rmino Industria 4.0 o la Cuarta Revoluci\u00f3n Industrial est\u00e1n en los \u00faltimos tiempos en boca de todos. Pero todav\u00eda no est\u00e1 claro el impacto que esto puede tener para nuestro pa\u00eds.<\/p>\n<p>Tras unos a\u00f1os en los que la crisis econ\u00f3mica hizo mucha mella en el sector industrial espa\u00f1ol, la Industria 4.0 debe verse como una herramienta fortalecedora e impulsadora de un sector que debe recuperar el potencial de anta\u00f1o. Es un hecho probado que los pa\u00edses europeos m\u00e1s industrializados fueron los que se vieron menos afectados por esta coyuntura econ\u00f3mica.<\/p>\n<p>Los datos al respecto son alentadores. Y es que ya se habla desde hace meses que\u00a0<strong>para 2021<\/strong>, la industria 4.0 ser\u00e1\u00a0<strong>clave para potenciar el PIB en Espa\u00f1a con un aumento estimado del 3,6%<\/strong>\u00a0seg\u00fan un estudio de Accenture y Mobile World Capital Barcelona.<\/p>\n<p>Se trata de un sector emergente en el que van apareciendo nuevos casos de \u00e9xito y en el que se va aprendiendo con la experiencia del d\u00eda a d\u00eda. Tanto es as\u00ed, que m\u00e1s del 90% de empresas espa\u00f1olas todav\u00eda no cuenta con una estrategia de digitalizaci\u00f3n en la actualidad. Por ello AMETIC ha reclamado a los partidos pol\u00edticos medidas necesarias para asentar las bases de un proyecto de pa\u00eds digital.<\/p>\n<p><strong>Existe una gran demanda de profesional cualificado<\/strong><\/p>\n<p>Cuando se habla de Industria 4.0, existe la falsa creencia de que tiene que ver m\u00e1s con m\u00e1quinas, robots o hardware que con personas. En la actualidad existen muchos pa\u00edses incapaces de cubrir la demanda de puestos de trabajo en este \u00e1mbito. As\u00ed, se pueden ver casos como el de EEUU en el que Deloitte estima que entre 2018 y 2028 habr\u00e1 4,8 millones de puestos sin cubrir en fabricaci\u00f3n. Tambi\u00e9n es interesante el caso de Alemania en el que actualmente se necesitan 200.000 trabajadores en Industria 4.0.<\/p>\n<p>Mientras, en Espa\u00f1a, se vaticina que\u00a0<strong>para 2020 la demanda en empleos digitales habr\u00e1 crecido un 14% y con los estudiantes actuales se cubrir\u00e1 apenas la mitad de vacantes<\/strong>.<\/p>\n<p>Por ello, cada vez surgen m\u00e1s programas para formar a los profesionales en la transformaci\u00f3n digital de la industria. Uno de ellos es el\u00a0<a href=\"https:\/\/editeca.com\/master-industria-4-0\/?utm_source=pr&amp;utm_medium=comunicae&amp;utm_campaign=master_industria\" target=\"_blank\" rel=\"nofollow noopener noreferrer\"><span style=\"color: #ff6600;\"><strong>M\u00e1ster en Industria 4.0 online de Editeca<\/strong><\/span><\/a>, con el que se podr\u00e1 obtener una formaci\u00f3n personalizada que va mucho m\u00e1s all\u00e1 de las tecnolog\u00edas habilitadoras del cambio. Este programa destaca por una formaci\u00f3n no s\u00f3lo en el \u00e1mbito t\u00e9cnico si no tambi\u00e9n en el estrat\u00e9gico y en las habilidades interpersonales necesarias para poder llevar a cabo la transformaci\u00f3n digital a nivel humano y organizativo. Desde organismos como AMETIC, es uno de los principales factores a mejorar que se est\u00e1n detectando en los proyectos de Industria 4.0.<\/p>\n<p>El programa cuenta con docentes con amplio bagaje en el sector industrial con cargos de CEO, senior manager o consultor senior en sus diferentes empresas y con el respaldo de importantes empresas nacionales e internacionales en el \u00e1mbito de la industria y del IT.<\/p>\n<p><strong>Editeca contin\u00faa ampliando su oferta en nuevas tecnolog\u00edas<\/strong><br \/>\nCon el lanzamiento de este nuevo m\u00e1ster, Editeca complementa su oferta formativa con la que ten\u00eda en otras \u00e1reas como el\u00a0<span style=\"color: #ff6600;\"><strong><a style=\"color: #ff6600;\" href=\"https:\/\/masterbimonline.com\/?utm_source=pr&amp;utm_medium=comunicae&amp;utm_campaign=master_industria\" target=\"_blank\" rel=\"nofollow noopener noreferrer\">BIM<\/a><\/strong><\/span>\u00a0o la\u00a0<a href=\"https:\/\/editeca.com\/master-realidad-virtual-online\/?utm_source=pr&amp;utm_medium=comunicae&amp;utm_campaign=master_industria\" target=\"_blank\" rel=\"nofollow noopener noreferrer\"><span style=\"color: #ff6600;\"><strong>Realidad Virtua<\/strong><\/span>l<\/a>. Con ello, Editeca sigue trabajando en su objetivo de posicionarse como la escuela referente en la formaci\u00f3n en nuevas tecnolog\u00edas.<\/p>\n<\/div>\n<div id=\"datos_extra\" class=\"clearblock\">\n<div id=\"datos_contacto\" class=\"g6 flex\"><\/div>\n<\/div>\n","protected":false},"excerpt":{"rendered":"<p>El t\u00e9rmino Industria 4.0 o la Cuarta Revoluci\u00f3n Industrial est\u00e1n en los \u00faltimos tiempos en boca de todos. Pero todav\u00eda no est\u00e1 claro el impacto que esto puede tener para nuestro pa\u00eds. Tras unos a\u00f1os en los que la crisis econ\u00f3mica hizo mucha mella en el sector industrial espa\u00f1ol, la Industria 4.0 debe verse como [&hellip;]<\/p>\n","protected":false},"author":1,"featured_media":1022084,"comment_status":"closed","ping_status":"closed","sticky":false,"template":"","format":"standard","meta":{"footnotes":""},"categories":[187],"tags":[],"class_list":["post-1022765","post","type-post","status-publish","format-standard","has-post-thumbnail","hentry","category-economia"],"aioseo_notices":[],"aioseo_head":"\n\t\t<!-- All in One SEO Pro 4.9.6.2 - aioseo.com -->\n\t<meta name=\"description\" content=\"El t\u00e9rmino Industria 4.0 o la Cuarta Revoluci\u00f3n Industrial est\u00e1n en los \u00faltimos tiempos en boca de todos. Pero todav\u00eda no est\u00e1 claro el impacto que esto puede tener para nuestro pa\u00eds. Tras unos a\u00f1os en los que la crisis econ\u00f3mica hizo mucha mella en el sector industrial espa\u00f1ol, la Industria 4.0 debe verse como\" \/>\n\t<meta name=\"robots\" content=\"max-image-preview:large\" \/>\n\t<meta name=\"author\" content=\"El Digital de Asturias\"\/>\n\t<meta name=\"google-site-verification\" content=\"UA-38556648-1\" \/>\n\t<meta name=\"msvalidate.01\" content=\"7dfe9f3f1b24437ab69f4f2559babe99\" \/>\n\t<meta name=\"keywords\" content=\"econom\u00eda\" \/>\n\t<link rel=\"canonical\" href=\"https:\/\/www.eldigitaldeasturias.com\/noticias\/la-industria-4-0-como-palanca-de-cambio-en-el-tejido-empresarial-espanol\/\" \/>\n\t<meta name=\"generator\" content=\"All in One SEO Pro (AIOSEO) 4.9.6.2\" \/>\n\t\t<meta property=\"og:locale\" content=\"es_ES\" \/>\n\t\t<meta property=\"og:site_name\" content=\"El Digital de Asturias\" \/>\n\t\t<meta property=\"og:type\" content=\"article\" \/>\n\t\t<meta property=\"og:title\" content=\"La Industria 4.0 como palanca de cambio en el tejido empresarial espa\u00f1ol - El Digital de Asturias\" \/>\n\t\t<meta property=\"og:description\" content=\"El t\u00e9rmino Industria 4.0 o la Cuarta Revoluci\u00f3n Industrial est\u00e1n en los \u00faltimos tiempos en boca de todos. Pero todav\u00eda no est\u00e1 claro el impacto que esto puede tener para nuestro pa\u00eds. Tras unos a\u00f1os en los que la crisis econ\u00f3mica hizo mucha mella en el sector industrial espa\u00f1ol, la Industria 4.0 debe verse como\" \/>\n\t\t<meta property=\"og:url\" content=\"https:\/\/www.eldigitaldeasturias.com\/noticias\/la-industria-4-0-como-palanca-de-cambio-en-el-tejido-empresarial-espanol\/\" \/>\n\t\t<meta property=\"og:image\" content=\"https:\/\/www.eldigitaldeasturias.com\/noticias\/wp-content\/uploads\/2019\/03\/money-3481699_960_720.jpg\" \/>\n\t\t<meta property=\"og:image:secure_url\" content=\"https:\/\/www.eldigitaldeasturias.com\/noticias\/wp-content\/uploads\/2019\/03\/money-3481699_960_720.jpg\" \/>\n\t\t<meta property=\"og:image:width\" content=\"960\" \/>\n\t\t<meta property=\"og:image:height\" content=\"640\" \/>\n\t\t<meta property=\"article:tag\" content=\"econom\u00eda\" \/>\n\t\t<meta property=\"article:published_time\" content=\"2019-04-03T22:18:19+00:00\" \/>\n\t\t<meta property=\"article:modified_time\" content=\"2019-04-03T22:18:19+00:00\" \/>\n\t\t<meta property=\"article:publisher\" content=\"https:\/\/facebook.com\/eldigitaldeasturias\" \/>\n\t\t<meta name=\"twitter:card\" content=\"summary_large_image\" \/>\n\t\t<meta name=\"twitter:title\" content=\"La Industria 4.0 como palanca de cambio en el tejido empresarial espa\u00f1ol - El Digital de Asturias\" \/>\n\t\t<meta name=\"twitter:description\" content=\"El t\u00e9rmino Industria 4.0 o la Cuarta Revoluci\u00f3n Industrial est\u00e1n en los \u00faltimos tiempos en boca de todos. Pero todav\u00eda no est\u00e1 claro el impacto que esto puede tener para nuestro pa\u00eds. Tras unos a\u00f1os en los que la crisis econ\u00f3mica hizo mucha mella en el sector industrial espa\u00f1ol, la Industria 4.0 debe verse como\" \/>\n\t\t<meta name=\"twitter:image\" content=\"https:\/\/www.eldigitaldeasturias.com\/noticias\/wp-content\/uploads\/2019\/03\/money-3481699_960_720.jpg\" \/>\n\t\t<meta name=\"twitter:label1\" content=\"Escrito por\" \/>\n\t\t<meta name=\"twitter:data1\" content=\"El Digital de Asturias\" \/>\n\t\t<meta name=\"twitter:label2\" content=\"Tiempo de lectura estimado\" \/>\n\t\t<meta name=\"twitter:data2\" content=\"3 minutos\" \/>\n\t\t<script type=\"application\/ld+json\" class=\"aioseo-schema\">\n\t\t\t{\"@context\":\"https:\\\/\\\/schema.org\",\"@graph\":[{\"@type\":\"BlogPosting\",\"@id\":\"https:\\\/\\\/www.eldigitaldeasturias.com\\\/noticias\\\/la-industria-4-0-como-palanca-de-cambio-en-el-tejido-empresarial-espanol\\\/#blogposting\",\"name\":\"La Industria 4.0 como palanca de cambio en el tejido empresarial espa\\u00f1ol - El Digital de Asturias\",\"headline\":\"La Industria 4.0 como palanca de cambio en el tejido empresarial espa\\u00f1ol\",\"author\":{\"@id\":\"https:\\\/\\\/www.eldigitaldeasturias.com\\\/noticias\\\/author\\\/admin\\\/#author\"},\"publisher\":{\"@id\":\"https:\\\/\\\/www.eldigitaldeasturias.com\\\/noticias\\\/#organization\"},\"image\":{\"@type\":\"ImageObject\",\"url\":\"https:\\\/\\\/www.eldigitaldeasturias.com\\\/noticias\\\/wp-content\\\/uploads\\\/2019\\\/03\\\/money-3481699_960_720.jpg\",\"width\":960,\"height\":640},\"datePublished\":\"2019-04-03T22:18:19+02:00\",\"dateModified\":\"2019-04-03T22:18:19+02:00\",\"inLanguage\":\"es-ES\",\"mainEntityOfPage\":{\"@id\":\"https:\\\/\\\/www.eldigitaldeasturias.com\\\/noticias\\\/la-industria-4-0-como-palanca-de-cambio-en-el-tejido-empresarial-espanol\\\/#webpage\"},\"isPartOf\":{\"@id\":\"https:\\\/\\\/www.eldigitaldeasturias.com\\\/noticias\\\/la-industria-4-0-como-palanca-de-cambio-en-el-tejido-empresarial-espanol\\\/#webpage\"},\"articleSection\":\"Econom\\u00eda\"},{\"@type\":\"BreadcrumbList\",\"@id\":\"https:\\\/\\\/www.eldigitaldeasturias.com\\\/noticias\\\/la-industria-4-0-como-palanca-de-cambio-en-el-tejido-empresarial-espanol\\\/#breadcrumblist\",\"itemListElement\":[{\"@type\":\"ListItem\",\"@id\":\"https:\\\/\\\/www.eldigitaldeasturias.com\\\/noticias#listItem\",\"position\":1,\"name\":\"Home\",\"item\":\"https:\\\/\\\/www.eldigitaldeasturias.com\\\/noticias\",\"nextItem\":{\"@type\":\"ListItem\",\"@id\":\"https:\\\/\\\/www.eldigitaldeasturias.com\\\/noticias\\\/category\\\/economia\\\/#listItem\",\"name\":\"Econom\\u00eda\"}},{\"@type\":\"ListItem\",\"@id\":\"https:\\\/\\\/www.eldigitaldeasturias.com\\\/noticias\\\/category\\\/economia\\\/#listItem\",\"position\":2,\"name\":\"Econom\\u00eda\",\"item\":\"https:\\\/\\\/www.eldigitaldeasturias.com\\\/noticias\\\/category\\\/economia\\\/\",\"nextItem\":{\"@type\":\"ListItem\",\"@id\":\"https:\\\/\\\/www.eldigitaldeasturias.com\\\/noticias\\\/la-industria-4-0-como-palanca-de-cambio-en-el-tejido-empresarial-espanol\\\/#listItem\",\"name\":\"La Industria 4.0 como palanca de cambio en el tejido empresarial espa\\u00f1ol\"},\"previousItem\":{\"@type\":\"ListItem\",\"@id\":\"https:\\\/\\\/www.eldigitaldeasturias.com\\\/noticias#listItem\",\"name\":\"Home\"}},{\"@type\":\"ListItem\",\"@id\":\"https:\\\/\\\/www.eldigitaldeasturias.com\\\/noticias\\\/la-industria-4-0-como-palanca-de-cambio-en-el-tejido-empresarial-espanol\\\/#listItem\",\"position\":3,\"name\":\"La Industria 4.0 como palanca de cambio en el tejido empresarial espa\\u00f1ol\",\"previousItem\":{\"@type\":\"ListItem\",\"@id\":\"https:\\\/\\\/www.eldigitaldeasturias.com\\\/noticias\\\/category\\\/economia\\\/#listItem\",\"name\":\"Econom\\u00eda\"}}]},{\"@type\":\"Organization\",\"@id\":\"https:\\\/\\\/www.eldigitaldeasturias.com\\\/noticias\\\/#organization\",\"name\":\"El Digital de Asturias\",\"description\":\"Hemeroteca\",\"url\":\"https:\\\/\\\/www.eldigitaldeasturias.com\\\/noticias\\\/\",\"email\":\"info@eldigitaldeasturias.com\",\"telephone\":\"+34652131393\",\"logo\":{\"@type\":\"ImageObject\",\"url\":\"https:\\\/\\\/www.eldigitaldeasturias.com\\\/noticias\\\/wp-content\\\/uploads\\\/2020\\\/12\\\/EDA.jpg\",\"@id\":\"https:\\\/\\\/www.eldigitaldeasturias.com\\\/noticias\\\/la-industria-4-0-como-palanca-de-cambio-en-el-tejido-empresarial-espanol\\\/#organizationLogo\",\"width\":649,\"height\":297},\"image\":{\"@id\":\"https:\\\/\\\/www.eldigitaldeasturias.com\\\/noticias\\\/la-industria-4-0-como-palanca-de-cambio-en-el-tejido-empresarial-espanol\\\/#organizationLogo\"},\"sameAs\":[\"https:\\\/\\\/facebook.com\\\/eldigitaldeasturias\",\"https:\\\/\\\/www.youtube.com\\\/channel\\\/UCZP-2wLEB9Rv6erhFmqVnvg\"],\"address\":{\"@id\":\"https:\\\/\\\/www.eldigitaldeasturias.com\\\/noticias\\\/#postaladdress\",\"@type\":\"PostalAddress\",\"streetAddress\":\"san antonio 4,\",\"postalCode\":\"33430\",\"addressLocality\":\"Cand\\u00e1s\",\"addressRegion\":\"Asturias\",\"addressCountry\":\"ES\"}},{\"@type\":\"Person\",\"@id\":\"https:\\\/\\\/www.eldigitaldeasturias.com\\\/noticias\\\/author\\\/admin\\\/#author\",\"url\":\"https:\\\/\\\/www.eldigitaldeasturias.com\\\/noticias\\\/author\\\/admin\\\/\",\"name\":\"El Digital de Asturias\",\"image\":{\"@type\":\"ImageObject\",\"@id\":\"https:\\\/\\\/www.eldigitaldeasturias.com\\\/noticias\\\/la-industria-4-0-como-palanca-de-cambio-en-el-tejido-empresarial-espanol\\\/#authorImage\",\"url\":\"https:\\\/\\\/www.eldigitaldeasturias.com\\\/noticias\\\/wp-content\\\/litespeed\\\/avatar\\\/18677e78aa0546b92d9dbf31ec7d7668.jpg?ver=1777290358\",\"width\":96,\"height\":96,\"caption\":\"El Digital de Asturias\"}},{\"@type\":\"WebPage\",\"@id\":\"https:\\\/\\\/www.eldigitaldeasturias.com\\\/noticias\\\/la-industria-4-0-como-palanca-de-cambio-en-el-tejido-empresarial-espanol\\\/#webpage\",\"url\":\"https:\\\/\\\/www.eldigitaldeasturias.com\\\/noticias\\\/la-industria-4-0-como-palanca-de-cambio-en-el-tejido-empresarial-espanol\\\/\",\"name\":\"La Industria 4.0 como palanca de cambio en el tejido empresarial espa\\u00f1ol - El Digital de Asturias\",\"description\":\"El t\\u00e9rmino Industria 4.0 o la Cuarta Revoluci\\u00f3n Industrial est\\u00e1n en los \\u00faltimos tiempos en boca de todos. Pero todav\\u00eda no est\\u00e1 claro el impacto que esto puede tener para nuestro pa\\u00eds. Tras unos a\\u00f1os en los que la crisis econ\\u00f3mica hizo mucha mella en el sector industrial espa\\u00f1ol, la Industria 4.0 debe verse como\",\"inLanguage\":\"es-ES\",\"isPartOf\":{\"@id\":\"https:\\\/\\\/www.eldigitaldeasturias.com\\\/noticias\\\/#website\"},\"breadcrumb\":{\"@id\":\"https:\\\/\\\/www.eldigitaldeasturias.com\\\/noticias\\\/la-industria-4-0-como-palanca-de-cambio-en-el-tejido-empresarial-espanol\\\/#breadcrumblist\"},\"author\":{\"@id\":\"https:\\\/\\\/www.eldigitaldeasturias.com\\\/noticias\\\/author\\\/admin\\\/#author\"},\"creator\":{\"@id\":\"https:\\\/\\\/www.eldigitaldeasturias.com\\\/noticias\\\/author\\\/admin\\\/#author\"},\"image\":{\"@type\":\"ImageObject\",\"url\":\"https:\\\/\\\/www.eldigitaldeasturias.com\\\/noticias\\\/wp-content\\\/uploads\\\/2019\\\/03\\\/money-3481699_960_720.jpg\",\"@id\":\"https:\\\/\\\/www.eldigitaldeasturias.com\\\/noticias\\\/la-industria-4-0-como-palanca-de-cambio-en-el-tejido-empresarial-espanol\\\/#mainImage\",\"width\":960,\"height\":640},\"primaryImageOfPage\":{\"@id\":\"https:\\\/\\\/www.eldigitaldeasturias.com\\\/noticias\\\/la-industria-4-0-como-palanca-de-cambio-en-el-tejido-empresarial-espanol\\\/#mainImage\"},\"datePublished\":\"2019-04-03T22:18:19+02:00\",\"dateModified\":\"2019-04-03T22:18:19+02:00\"},{\"@type\":\"WebSite\",\"@id\":\"https:\\\/\\\/www.eldigitaldeasturias.com\\\/noticias\\\/#website\",\"url\":\"https:\\\/\\\/www.eldigitaldeasturias.com\\\/noticias\\\/\",\"name\":\"El Digital de Asturias - Diario de actualidad y noticias\",\"alternateName\":\"El Digital de Asturias - Diario de actualidad y noticias\",\"description\":\"Hemeroteca\",\"inLanguage\":\"es-ES\",\"publisher\":{\"@id\":\"https:\\\/\\\/www.eldigitaldeasturias.com\\\/noticias\\\/#organization\"}}]}\n\t\t<\/script>\n\t\t<!-- All in One SEO Pro -->\r\n\t\t<title>La Industria 4.0 como palanca de cambio en el tejido empresarial espa\u00f1ol - El Digital de Asturias<\/title>\n\n","aioseo_head_json":{"title":"La Industria 4.0 como palanca de cambio en el tejido empresarial espa\u00f1ol - El Digital de Asturias","description":"El t\u00e9rmino Industria 4.0 o la Cuarta Revoluci\u00f3n Industrial est\u00e1n en los \u00faltimos tiempos en boca de todos. Pero todav\u00eda no est\u00e1 claro el impacto que esto puede tener para nuestro pa\u00eds. Tras unos a\u00f1os en los que la crisis econ\u00f3mica hizo mucha mella en el sector industrial espa\u00f1ol, la Industria 4.0 debe verse como","canonical_url":"https:\/\/www.eldigitaldeasturias.com\/noticias\/la-industria-4-0-como-palanca-de-cambio-en-el-tejido-empresarial-espanol\/","robots":"max-image-preview:large","keywords":"econom\u00eda","webmasterTools":{"google-site-verification":"UA-38556648-1","msvalidate.01":"7dfe9f3f1b24437ab69f4f2559babe99","miscellaneous":""},"schema":{"@context":"https:\/\/schema.org","@graph":[{"@type":"BlogPosting","@id":"https:\/\/www.eldigitaldeasturias.com\/noticias\/la-industria-4-0-como-palanca-de-cambio-en-el-tejido-empresarial-espanol\/#blogposting","name":"La Industria 4.0 como palanca de cambio en el tejido empresarial espa\u00f1ol - El Digital de Asturias","headline":"La Industria 4.0 como palanca de cambio en el tejido empresarial espa\u00f1ol","author":{"@id":"https:\/\/www.eldigitaldeasturias.com\/noticias\/author\/admin\/#author"},"publisher":{"@id":"https:\/\/www.eldigitaldeasturias.com\/noticias\/#organization"},"image":{"@type":"ImageObject","url":"https:\/\/www.eldigitaldeasturias.com\/noticias\/wp-content\/uploads\/2019\/03\/money-3481699_960_720.jpg","width":960,"height":640},"datePublished":"2019-04-03T22:18:19+02:00","dateModified":"2019-04-03T22:18:19+02:00","inLanguage":"es-ES","mainEntityOfPage":{"@id":"https:\/\/www.eldigitaldeasturias.com\/noticias\/la-industria-4-0-como-palanca-de-cambio-en-el-tejido-empresarial-espanol\/#webpage"},"isPartOf":{"@id":"https:\/\/www.eldigitaldeasturias.com\/noticias\/la-industria-4-0-como-palanca-de-cambio-en-el-tejido-empresarial-espanol\/#webpage"},"articleSection":"Econom\u00eda"},{"@type":"BreadcrumbList","@id":"https:\/\/www.eldigitaldeasturias.com\/noticias\/la-industria-4-0-como-palanca-de-cambio-en-el-tejido-empresarial-espanol\/#breadcrumblist","itemListElement":[{"@type":"ListItem","@id":"https:\/\/www.eldigitaldeasturias.com\/noticias#listItem","position":1,"name":"Home","item":"https:\/\/www.eldigitaldeasturias.com\/noticias","nextItem":{"@type":"ListItem","@id":"https:\/\/www.eldigitaldeasturias.com\/noticias\/category\/economia\/#listItem","name":"Econom\u00eda"}},{"@type":"ListItem","@id":"https:\/\/www.eldigitaldeasturias.com\/noticias\/category\/economia\/#listItem","position":2,"name":"Econom\u00eda","item":"https:\/\/www.eldigitaldeasturias.com\/noticias\/category\/economia\/","nextItem":{"@type":"ListItem","@id":"https:\/\/www.eldigitaldeasturias.com\/noticias\/la-industria-4-0-como-palanca-de-cambio-en-el-tejido-empresarial-espanol\/#listItem","name":"La Industria 4.0 como palanca de cambio en el tejido empresarial espa\u00f1ol"},"previousItem":{"@type":"ListItem","@id":"https:\/\/www.eldigitaldeasturias.com\/noticias#listItem","name":"Home"}},{"@type":"ListItem","@id":"https:\/\/www.eldigitaldeasturias.com\/noticias\/la-industria-4-0-como-palanca-de-cambio-en-el-tejido-empresarial-espanol\/#listItem","position":3,"name":"La Industria 4.0 como palanca de cambio en el tejido empresarial espa\u00f1ol","previousItem":{"@type":"ListItem","@id":"https:\/\/www.eldigitaldeasturias.com\/noticias\/category\/economia\/#listItem","name":"Econom\u00eda"}}]},{"@type":"Organization","@id":"https:\/\/www.eldigitaldeasturias.com\/noticias\/#organization","name":"El Digital de Asturias","description":"Hemeroteca","url":"https:\/\/www.eldigitaldeasturias.com\/noticias\/","email":"info@eldigitaldeasturias.com","telephone":"+34652131393","logo":{"@type":"ImageObject","url":"https:\/\/www.eldigitaldeasturias.com\/noticias\/wp-content\/uploads\/2020\/12\/EDA.jpg","@id":"https:\/\/www.eldigitaldeasturias.com\/noticias\/la-industria-4-0-como-palanca-de-cambio-en-el-tejido-empresarial-espanol\/#organizationLogo","width":649,"height":297},"image":{"@id":"https:\/\/www.eldigitaldeasturias.com\/noticias\/la-industria-4-0-como-palanca-de-cambio-en-el-tejido-empresarial-espanol\/#organizationLogo"},"sameAs":["https:\/\/facebook.com\/eldigitaldeasturias","https:\/\/www.youtube.com\/channel\/UCZP-2wLEB9Rv6erhFmqVnvg"],"address":{"@id":"https:\/\/www.eldigitaldeasturias.com\/noticias\/#postaladdress","@type":"PostalAddress","streetAddress":"san antonio 4,","postalCode":"33430","addressLocality":"Cand\u00e1s","addressRegion":"Asturias","addressCountry":"ES"}},{"@type":"Person","@id":"https:\/\/www.eldigitaldeasturias.com\/noticias\/author\/admin\/#author","url":"https:\/\/www.eldigitaldeasturias.com\/noticias\/author\/admin\/","name":"El Digital de Asturias","image":{"@type":"ImageObject","@id":"https:\/\/www.eldigitaldeasturias.com\/noticias\/la-industria-4-0-como-palanca-de-cambio-en-el-tejido-empresarial-espanol\/#authorImage","url":"https:\/\/www.eldigitaldeasturias.com\/noticias\/wp-content\/litespeed\/avatar\/18677e78aa0546b92d9dbf31ec7d7668.jpg?ver=1777290358","width":96,"height":96,"caption":"El Digital de Asturias"}},{"@type":"WebPage","@id":"https:\/\/www.eldigitaldeasturias.com\/noticias\/la-industria-4-0-como-palanca-de-cambio-en-el-tejido-empresarial-espanol\/#webpage","url":"https:\/\/www.eldigitaldeasturias.com\/noticias\/la-industria-4-0-como-palanca-de-cambio-en-el-tejido-empresarial-espanol\/","name":"La Industria 4.0 como palanca de cambio en el tejido empresarial espa\u00f1ol - El Digital de Asturias","description":"El t\u00e9rmino Industria 4.0 o la Cuarta Revoluci\u00f3n Industrial est\u00e1n en los \u00faltimos tiempos en boca de todos. Pero todav\u00eda no est\u00e1 claro el impacto que esto puede tener para nuestro pa\u00eds. Tras unos a\u00f1os en los que la crisis econ\u00f3mica hizo mucha mella en el sector industrial espa\u00f1ol, la Industria 4.0 debe verse como","inLanguage":"es-ES","isPartOf":{"@id":"https:\/\/www.eldigitaldeasturias.com\/noticias\/#website"},"breadcrumb":{"@id":"https:\/\/www.eldigitaldeasturias.com\/noticias\/la-industria-4-0-como-palanca-de-cambio-en-el-tejido-empresarial-espanol\/#breadcrumblist"},"author":{"@id":"https:\/\/www.eldigitaldeasturias.com\/noticias\/author\/admin\/#author"},"creator":{"@id":"https:\/\/www.eldigitaldeasturias.com\/noticias\/author\/admin\/#author"},"image":{"@type":"ImageObject","url":"https:\/\/www.eldigitaldeasturias.com\/noticias\/wp-content\/uploads\/2019\/03\/money-3481699_960_720.jpg","@id":"https:\/\/www.eldigitaldeasturias.com\/noticias\/la-industria-4-0-como-palanca-de-cambio-en-el-tejido-empresarial-espanol\/#mainImage","width":960,"height":640},"primaryImageOfPage":{"@id":"https:\/\/www.eldigitaldeasturias.com\/noticias\/la-industria-4-0-como-palanca-de-cambio-en-el-tejido-empresarial-espanol\/#mainImage"},"datePublished":"2019-04-03T22:18:19+02:00","dateModified":"2019-04-03T22:18:19+02:00"},{"@type":"WebSite","@id":"https:\/\/www.eldigitaldeasturias.com\/noticias\/#website","url":"https:\/\/www.eldigitaldeasturias.com\/noticias\/","name":"El Digital de Asturias - Diario de actualidad y noticias","alternateName":"El Digital de Asturias - Diario de actualidad y noticias","description":"Hemeroteca","inLanguage":"es-ES","publisher":{"@id":"https:\/\/www.eldigitaldeasturias.com\/noticias\/#organization"}}]},"og:locale":"es_ES","og:site_name":"El Digital de Asturias","og:type":"article","og:title":"La Industria 4.0 como palanca de cambio en el tejido empresarial espa\u00f1ol - El Digital de Asturias","og:description":"El t\u00e9rmino Industria 4.0 o la Cuarta Revoluci\u00f3n Industrial est\u00e1n en los \u00faltimos tiempos en boca de todos. Pero todav\u00eda no est\u00e1 claro el impacto que esto puede tener para nuestro pa\u00eds. Tras unos a\u00f1os en los que la crisis econ\u00f3mica hizo mucha mella en el sector industrial espa\u00f1ol, la Industria 4.0 debe verse como","og:url":"https:\/\/www.eldigitaldeasturias.com\/noticias\/la-industria-4-0-como-palanca-de-cambio-en-el-tejido-empresarial-espanol\/","og:image":"https:\/\/www.eldigitaldeasturias.com\/noticias\/wp-content\/uploads\/2019\/03\/money-3481699_960_720.jpg","og:image:secure_url":"https:\/\/www.eldigitaldeasturias.com\/noticias\/wp-content\/uploads\/2019\/03\/money-3481699_960_720.jpg","og:image:width":960,"og:image:height":640,"article:tag":["econom\u00eda"],"article:published_time":"2019-04-03T22:18:19+00:00","article:modified_time":"2019-04-03T22:18:19+00:00","article:publisher":"https:\/\/facebook.com\/eldigitaldeasturias","twitter:card":"summary_large_image","twitter:title":"La Industria 4.0 como palanca de cambio en el tejido empresarial espa\u00f1ol - El Digital de Asturias","twitter:description":"El t\u00e9rmino Industria 4.0 o la Cuarta Revoluci\u00f3n Industrial est\u00e1n en los \u00faltimos tiempos en boca de todos. Pero todav\u00eda no est\u00e1 claro el impacto que esto puede tener para nuestro pa\u00eds. Tras unos a\u00f1os en los que la crisis econ\u00f3mica hizo mucha mella en el sector industrial espa\u00f1ol, la Industria 4.0 debe verse como","twitter:image":"https:\/\/www.eldigitaldeasturias.com\/noticias\/wp-content\/uploads\/2019\/03\/money-3481699_960_720.jpg","twitter:label1":"Escrito por","twitter:data1":"El Digital de Asturias","twitter:label2":"Tiempo de lectura estimado","twitter:data2":"3 minutos"},"aioseo_meta_data":{"post_id":"1022765","title":null,"description":null,"keywords":null,"keyphrases":null,"primary_term":null,"canonical_url":null,"og_title":null,"og_description":null,"og_object_type":"default","og_image_type":"default","og_image_url":null,"og_image_width":null,"og_image_height":null,"og_image_custom_url":null,"og_image_custom_fields":null,"og_video":null,"og_custom_url":null,"og_article_section":null,"og_article_tags":null,"twitter_use_og":false,"twitter_card":"default","twitter_image_type":"default","twitter_image_url":null,"twitter_image_custom_url":null,"twitter_image_custom_fields":null,"twitter_title":null,"twitter_description":null,"schema":{"blockGraphs":[],"customGraphs":[],"default":{"data":{"Article":[],"Course":[],"Dataset":[],"FAQPage":[],"Movie":[],"Person":[],"Product":[],"ProductReview":[],"Car":[],"Recipe":[],"Service":[],"SoftwareApplication":[],"WebPage":[]},"graphName":"","isEnabled":true},"graphs":[],"defaultGraph":"","defaultPostTypeGraph":""},"schema_type":null,"schema_type_options":null,"pillar_content":false,"robots_default":true,"robots_noindex":false,"robots_noarchive":false,"robots_nosnippet":false,"robots_nofollow":false,"robots_noimageindex":false,"robots_noodp":false,"robots_notranslate":false,"robots_max_snippet":null,"robots_max_videopreview":null,"robots_max_imagepreview":"large","priority":null,"frequency":null,"local_seo":null,"seo_analyzer_scan_date":"2025-10-17 09:17:13","breadcrumb_settings":null,"limit_modified_date":false,"open_ai":null,"ai":null,"created":"2020-12-21 11:15:40","updated":"2025-10-17 09:17:13"},"aioseo_breadcrumb":"<div class=\"aioseo-breadcrumbs\"><span class=\"aioseo-breadcrumb\">\n\t<a href=\"https:\/\/www.eldigitaldeasturias.com\/noticias\" title=\"Home\">Home<\/a>\n<\/span><span class=\"aioseo-breadcrumb-separator\">\u2013<\/span><span class=\"aioseo-breadcrumb\">\n\t<a href=\"https:\/\/www.eldigitaldeasturias.com\/noticias\/category\/economia\/\" title=\"Econom\u00eda\">Econom\u00eda<\/a>\n<\/span><span class=\"aioseo-breadcrumb-separator\">\u2013<\/span><span class=\"aioseo-breadcrumb\">\n\t<a href=\"https:\/\/www.eldigitaldeasturias.com\/noticias\/la-industria-4-0-como-palanca-de-cambio-en-el-tejido-empresarial-espanol\/\" title=\"La Industria 4.0 como palanca de cambio en el tejido empresarial espa\u00f1ol\">La Industria 4.0 como palanca de cambio en el tejido empresarial espa\u00f1ol<\/a>\n<\/span><\/div>","aioseo_breadcrumb_json":[{"label":"Home","link":"https:\/\/www.eldigitaldeasturias.com\/noticias"},{"label":"Econom\u00eda","link":"https:\/\/www.eldigitaldeasturias.com\/noticias\/category\/economia\/"},{"label":"La Industria 4.0 como palanca de cambio en el tejido empresarial espa\u00f1ol","link":"https:\/\/www.eldigitaldeasturias.com\/noticias\/la-industria-4-0-como-palanca-de-cambio-en-el-tejido-empresarial-espanol\/"}],"_links":{"self":[{"href":"https:\/\/www.eldigitaldeasturias.com\/noticias\/wp-json\/wp\/v2\/posts\/1022765","targetHints":{"allow":["GET"]}}],"collection":[{"href":"https:\/\/www.eldigitaldeasturias.com\/noticias\/wp-json\/wp\/v2\/posts"}],"about":[{"href":"https:\/\/www.eldigitaldeasturias.com\/noticias\/wp-json\/wp\/v2\/types\/post"}],"author":[{"embeddable":true,"href":"https:\/\/www.eldigitaldeasturias.com\/noticias\/wp-json\/wp\/v2\/users\/1"}],"replies":[{"embeddable":true,"href":"https:\/\/www.eldigitaldeasturias.com\/noticias\/wp-json\/wp\/v2\/comments?post=1022765"}],"version-history":[{"count":0,"href":"https:\/\/www.eldigitaldeasturias.com\/noticias\/wp-json\/wp\/v2\/posts\/1022765\/revisions"}],"wp:featuredmedia":[{"embeddable":true,"href":"https:\/\/www.eldigitaldeasturias.com\/noticias\/wp-json\/wp\/v2\/media\/1022084"}],"wp:attachment":[{"href":"https:\/\/www.eldigitaldeasturias.com\/noticias\/wp-json\/wp\/v2\/media?parent=1022765"}],"wp:term":[{"taxonomy":"category","embeddable":true,"href":"https:\/\/www.eldigitaldeasturias.com\/noticias\/wp-json\/wp\/v2\/categories?post=1022765"},{"taxonomy":"post_tag","embeddable":true,"href":"https:\/\/www.eldigitaldeasturias.com\/noticias\/wp-json\/wp\/v2\/tags?post=1022765"}],"curies":[{"name":"wp","href":"https:\/\/api.w.org\/{rel}","templated":true}]}}