{"id":1022638,"date":"2019-04-02T22:16:31","date_gmt":"2019-04-02T22:16:31","guid":{"rendered":"https:\/\/www.eldigitaldeasturias.com\/noticias\/?p=1022638"},"modified":"2019-04-02T22:16:31","modified_gmt":"2019-04-02T22:16:31","slug":"la-seguridad-social-supera-ya-los-19-millones-de-afiliados","status":"publish","type":"post","link":"https:\/\/www.eldigitaldeasturias.com\/noticias\/la-seguridad-social-supera-ya-los-19-millones-de-afiliados\/","title":{"rendered":"La Seguridad Social supera ya los 19 millones de afiliados"},"content":{"rendered":"<p><img loading=\"lazy\" decoding=\"async\" class=\"alignleft size-medium wp-image-1022639\" src=\"https:\/\/www.eldigitaldeasturias.com\/noticias\/wp-content\/uploads\/2019\/04\/Operaria-I-360x239.jpg\" alt=\"\" width=\"360\" height=\"239\" srcset=\"https:\/\/www.eldigitaldeasturias.com\/noticias\/wp-content\/uploads\/2019\/04\/Operaria-I-360x239.jpg 360w, https:\/\/www.eldigitaldeasturias.com\/noticias\/wp-content\/uploads\/2019\/04\/Operaria-I.jpg 496w\" sizes=\"auto, (max-width: 360px) 100vw, 360px\" \/>La afiliaci\u00f3n media a la Seguridad Social super\u00f3 en marzo los 19 millones de afiliados medios y alcanz\u00f3 los 19.043.079 ocupados, la cifra m\u00e1s alta desde agosto de 2008 (19.137.556) y el mejor marzo desde hace once a\u00f1os.<\/p>\n<p>Hay que recordar que las cifras corresponden a un mes de marzo previo al periodo vacacional de la Semana Santa, que este a\u00f1o se encuadra en el mes de abril.<\/p>\n<p>La ocupaci\u00f3n en el mes creci\u00f3 en 155.104 personas (0,82%), un dato que supera en 16.531 el registrado en 2018 (138.573). En los \u00faltimos 12 meses, el Sistema sum\u00f3 541.489 afiliados (un 2,93% m\u00e1s).<\/p>\n<p>Destaca de nuevo el n\u00famero de mujeres afiliadas a la Seguridad Social, que marca r\u00e9cord en toda la serie hist\u00f3rica y totaliza 8.835.018 trabajadoras. Representan el 46,39% del total de ocupados. En cuanto a los hombres, la cifra de trabajadores alcanza los 10.208.558 ocupados (53,61%).<\/p>\n<p>El dato desestacionalizado, que sirve para hacer un seguimiento de la tendencia de fondo que subyace en la evoluci\u00f3n del n\u00famero de afiliados, crece en el mes en 53.036 respecto al mes de febrero.<\/p>\n<p><strong>Respecto a 2018<\/strong><\/p>\n<p>En relaci\u00f3n al a\u00f1o pasado, el Sistema gan\u00f3 541.489 ocupados, el 2,93%, y destaca el buen comportamiento del R\u00e9gimen General, que incorpora 517.083 trabajadores (3,40%), hasta situarse en 15.723.510 trabajadores. Se trata del mejor registro de la serie mensual -la integraci\u00f3n de los reg\u00edmenes Agrario y del Hogar para una comparativa homog\u00e9nea se produjo en 2012-.<\/p>\n<p>En el R\u00e9gimen Especial de Trabajadores Aut\u00f3nomos hay que se\u00f1alar que la tasa aument\u00f3 un 0,73%, lo que se traduce en un crecimiento de 23.678 personas. El R\u00e9gimen del Mar aumenta en 2,32% (1.459) y el Carb\u00f3n registr\u00f3 un descenso de -31,87% (-731).<\/p>\n<p>En t\u00e9rminos anuales, la afiliaci\u00f3n creci\u00f3 en todas las Comunidades Aut\u00f3nomas, destacando en cifras absolutas los incrementos de Madrid (117.203), Andaluc\u00eda (105.364) Catalu\u00f1a (89.679) y Comunidad Valenciana (58.289).<\/p>\n<p><strong>Respecto a febrero<\/strong><\/p>\n<p>El R\u00e9gimen General registr\u00f3 un aumento de 138.724 personas (0,89% m\u00e1s), hasta situarse en 15.723.510 trabajadores.<\/p>\n<p>En marzo, la afiliaci\u00f3n creci\u00f3 en t\u00e9rminos absolutos en todos los sectores, principalmente en Hosteler\u00eda (57.401), Construcci\u00f3n, con 14.986 ocupados; Actividades Sanitarias y Servicios Sociales (9.957); Educaci\u00f3n (8.160); Administraci\u00f3n P\u00fablica y Defensa, Seguridad Social Obligatoria (7.503); Actividades Administrativas y Servicios Auxiliares (7.355) e Industria Manufacturera (7.147).<\/p>\n<p>El Sistema Especial del Empleados del Hogar sum\u00f3 666 (0,16%) y ahora alcanza los 408.343 ocupados. En cuanto al Sistema Especial Agrario, perdi\u00f3 10.232 afiliados medios (-1,30%), hasta situarse ahora en 774.812 personas.<\/p>\n<p>El R\u00e9gimen de Aut\u00f3nomos cuenta con 3.254.078 personas, tras aumentar en 14.425 (0,45%) en el \u00faltimo mes. Respecto al R\u00e9gimen Especial del Mar, sum\u00f3 1.983 ocupados (3,18%) hasta situarse en 64.426 ocupados. Finalmente, el Carb\u00f3n se sit\u00faa en 1.562 afiliados medios (-28).<\/p>\n<p>Por comunidades aut\u00f3nomas, el n\u00famero de afiliados en marzo aument\u00f3 pr\u00e1cticamente en todas, especialmente en Andaluc\u00eda (29.142), Catalu\u00f1a (25.100), y Baleares (24.243), Madrid (17.168) y Comunidad Valenciana (15.549). Solo baja en Castilla-La Mancha (-468) y en la Ciudad Aut\u00f3noma de Melilla (-12).<\/p>\n","protected":false},"excerpt":{"rendered":"<p>La afiliaci\u00f3n media a la Seguridad Social super\u00f3 en marzo los 19 millones de afiliados medios y alcanz\u00f3 los 19.043.079 ocupados, la cifra m\u00e1s alta desde agosto de 2008 (19.137.556) y el mejor marzo desde hace once a\u00f1os. Hay que recordar que las cifras corresponden a un mes de marzo previo al periodo vacacional de [&hellip;]<\/p>\n","protected":false},"author":1,"featured_media":1022639,"comment_status":"closed","ping_status":"closed","sticky":false,"template":"","format":"standard","meta":{"footnotes":""},"categories":[187],"tags":[],"class_list":["post-1022638","post","type-post","status-publish","format-standard","has-post-thumbnail","hentry","category-economia"],"aioseo_notices":[],"aioseo_head":"\n\t\t<!-- All in One SEO Pro 4.9.6.2 - aioseo.com -->\n\t<meta name=\"description\" content=\"La afiliaci\u00f3n media a la Seguridad Social super\u00f3 en marzo los 19 millones de afiliados medios y alcanz\u00f3 los 19.043.079 ocupados, la cifra m\u00e1s alta desde agosto de 2008 (19.137.556) y el mejor marzo desde hace once a\u00f1os. Hay que recordar que las cifras corresponden a un mes de marzo previo al periodo vacacional de\" \/>\n\t<meta name=\"robots\" content=\"max-image-preview:large\" \/>\n\t<meta name=\"author\" content=\"El Digital de Asturias\"\/>\n\t<meta name=\"google-site-verification\" content=\"UA-38556648-1\" \/>\n\t<meta name=\"msvalidate.01\" content=\"7dfe9f3f1b24437ab69f4f2559babe99\" \/>\n\t<meta name=\"keywords\" content=\"econom\u00eda\" \/>\n\t<link rel=\"canonical\" href=\"https:\/\/www.eldigitaldeasturias.com\/noticias\/la-seguridad-social-supera-ya-los-19-millones-de-afiliados\/\" \/>\n\t<meta name=\"generator\" content=\"All in One SEO Pro (AIOSEO) 4.9.6.2\" \/>\n\t\t<meta property=\"og:locale\" content=\"es_ES\" \/>\n\t\t<meta property=\"og:site_name\" content=\"El Digital de Asturias\" \/>\n\t\t<meta property=\"og:type\" content=\"article\" \/>\n\t\t<meta property=\"og:title\" content=\"La Seguridad Social supera ya los 19 millones de afiliados - El Digital de Asturias\" \/>\n\t\t<meta property=\"og:description\" content=\"La afiliaci\u00f3n media a la Seguridad Social super\u00f3 en marzo los 19 millones de afiliados medios y alcanz\u00f3 los 19.043.079 ocupados, la cifra m\u00e1s alta desde agosto de 2008 (19.137.556) y el mejor marzo desde hace once a\u00f1os. Hay que recordar que las cifras corresponden a un mes de marzo previo al periodo vacacional de\" \/>\n\t\t<meta property=\"og:url\" content=\"https:\/\/www.eldigitaldeasturias.com\/noticias\/la-seguridad-social-supera-ya-los-19-millones-de-afiliados\/\" \/>\n\t\t<meta property=\"og:image\" content=\"https:\/\/www.eldigitaldeasturias.com\/noticias\/wp-content\/uploads\/2019\/04\/Operaria-I.jpg\" \/>\n\t\t<meta property=\"og:image:secure_url\" content=\"https:\/\/www.eldigitaldeasturias.com\/noticias\/wp-content\/uploads\/2019\/04\/Operaria-I.jpg\" \/>\n\t\t<meta property=\"og:image:width\" content=\"496\" \/>\n\t\t<meta property=\"og:image:height\" content=\"329\" \/>\n\t\t<meta property=\"article:tag\" content=\"econom\u00eda\" \/>\n\t\t<meta property=\"article:published_time\" content=\"2019-04-02T22:16:31+00:00\" \/>\n\t\t<meta property=\"article:modified_time\" content=\"2019-04-02T22:16:31+00:00\" \/>\n\t\t<meta property=\"article:publisher\" content=\"https:\/\/facebook.com\/eldigitaldeasturias\" \/>\n\t\t<meta name=\"twitter:card\" content=\"summary_large_image\" \/>\n\t\t<meta name=\"twitter:title\" content=\"La Seguridad Social supera ya los 19 millones de afiliados - El Digital de Asturias\" \/>\n\t\t<meta name=\"twitter:description\" content=\"La afiliaci\u00f3n media a la Seguridad Social super\u00f3 en marzo los 19 millones de afiliados medios y alcanz\u00f3 los 19.043.079 ocupados, la cifra m\u00e1s alta desde agosto de 2008 (19.137.556) y el mejor marzo desde hace once a\u00f1os. Hay que recordar que las cifras corresponden a un mes de marzo previo al periodo vacacional de\" \/>\n\t\t<meta name=\"twitter:image\" content=\"https:\/\/www.eldigitaldeasturias.com\/noticias\/wp-content\/uploads\/2019\/04\/Operaria-I.jpg\" \/>\n\t\t<meta name=\"twitter:label1\" content=\"Escrito por\" \/>\n\t\t<meta name=\"twitter:data1\" content=\"El Digital de Asturias\" \/>\n\t\t<meta name=\"twitter:label2\" content=\"Tiempo de lectura estimado\" \/>\n\t\t<meta name=\"twitter:data2\" content=\"2 minutos\" \/>\n\t\t<script type=\"application\/ld+json\" class=\"aioseo-schema\">\n\t\t\t{\"@context\":\"https:\\\/\\\/schema.org\",\"@graph\":[{\"@type\":\"BlogPosting\",\"@id\":\"https:\\\/\\\/www.eldigitaldeasturias.com\\\/noticias\\\/la-seguridad-social-supera-ya-los-19-millones-de-afiliados\\\/#blogposting\",\"name\":\"La Seguridad Social supera ya los 19 millones de afiliados - El Digital de Asturias\",\"headline\":\"La Seguridad Social supera ya los 19 millones de afiliados\",\"author\":{\"@id\":\"https:\\\/\\\/www.eldigitaldeasturias.com\\\/noticias\\\/author\\\/admin\\\/#author\"},\"publisher\":{\"@id\":\"https:\\\/\\\/www.eldigitaldeasturias.com\\\/noticias\\\/#organization\"},\"image\":{\"@type\":\"ImageObject\",\"url\":\"https:\\\/\\\/www.eldigitaldeasturias.com\\\/noticias\\\/wp-content\\\/uploads\\\/2019\\\/04\\\/Operaria-I.jpg\",\"width\":496,\"height\":329},\"datePublished\":\"2019-04-02T22:16:31+02:00\",\"dateModified\":\"2019-04-02T22:16:31+02:00\",\"inLanguage\":\"es-ES\",\"mainEntityOfPage\":{\"@id\":\"https:\\\/\\\/www.eldigitaldeasturias.com\\\/noticias\\\/la-seguridad-social-supera-ya-los-19-millones-de-afiliados\\\/#webpage\"},\"isPartOf\":{\"@id\":\"https:\\\/\\\/www.eldigitaldeasturias.com\\\/noticias\\\/la-seguridad-social-supera-ya-los-19-millones-de-afiliados\\\/#webpage\"},\"articleSection\":\"Econom\\u00eda\"},{\"@type\":\"BreadcrumbList\",\"@id\":\"https:\\\/\\\/www.eldigitaldeasturias.com\\\/noticias\\\/la-seguridad-social-supera-ya-los-19-millones-de-afiliados\\\/#breadcrumblist\",\"itemListElement\":[{\"@type\":\"ListItem\",\"@id\":\"https:\\\/\\\/www.eldigitaldeasturias.com\\\/noticias#listItem\",\"position\":1,\"name\":\"Home\",\"item\":\"https:\\\/\\\/www.eldigitaldeasturias.com\\\/noticias\",\"nextItem\":{\"@type\":\"ListItem\",\"@id\":\"https:\\\/\\\/www.eldigitaldeasturias.com\\\/noticias\\\/category\\\/economia\\\/#listItem\",\"name\":\"Econom\\u00eda\"}},{\"@type\":\"ListItem\",\"@id\":\"https:\\\/\\\/www.eldigitaldeasturias.com\\\/noticias\\\/category\\\/economia\\\/#listItem\",\"position\":2,\"name\":\"Econom\\u00eda\",\"item\":\"https:\\\/\\\/www.eldigitaldeasturias.com\\\/noticias\\\/category\\\/economia\\\/\",\"nextItem\":{\"@type\":\"ListItem\",\"@id\":\"https:\\\/\\\/www.eldigitaldeasturias.com\\\/noticias\\\/la-seguridad-social-supera-ya-los-19-millones-de-afiliados\\\/#listItem\",\"name\":\"La Seguridad Social supera ya los 19 millones de afiliados\"},\"previousItem\":{\"@type\":\"ListItem\",\"@id\":\"https:\\\/\\\/www.eldigitaldeasturias.com\\\/noticias#listItem\",\"name\":\"Home\"}},{\"@type\":\"ListItem\",\"@id\":\"https:\\\/\\\/www.eldigitaldeasturias.com\\\/noticias\\\/la-seguridad-social-supera-ya-los-19-millones-de-afiliados\\\/#listItem\",\"position\":3,\"name\":\"La Seguridad Social supera ya los 19 millones de afiliados\",\"previousItem\":{\"@type\":\"ListItem\",\"@id\":\"https:\\\/\\\/www.eldigitaldeasturias.com\\\/noticias\\\/category\\\/economia\\\/#listItem\",\"name\":\"Econom\\u00eda\"}}]},{\"@type\":\"Organization\",\"@id\":\"https:\\\/\\\/www.eldigitaldeasturias.com\\\/noticias\\\/#organization\",\"name\":\"El Digital de Asturias\",\"description\":\"Hemeroteca\",\"url\":\"https:\\\/\\\/www.eldigitaldeasturias.com\\\/noticias\\\/\",\"email\":\"info@eldigitaldeasturias.com\",\"telephone\":\"+34652131393\",\"logo\":{\"@type\":\"ImageObject\",\"url\":\"https:\\\/\\\/www.eldigitaldeasturias.com\\\/noticias\\\/wp-content\\\/uploads\\\/2020\\\/12\\\/EDA.jpg\",\"@id\":\"https:\\\/\\\/www.eldigitaldeasturias.com\\\/noticias\\\/la-seguridad-social-supera-ya-los-19-millones-de-afiliados\\\/#organizationLogo\",\"width\":649,\"height\":297},\"image\":{\"@id\":\"https:\\\/\\\/www.eldigitaldeasturias.com\\\/noticias\\\/la-seguridad-social-supera-ya-los-19-millones-de-afiliados\\\/#organizationLogo\"},\"sameAs\":[\"https:\\\/\\\/facebook.com\\\/eldigitaldeasturias\",\"https:\\\/\\\/www.youtube.com\\\/channel\\\/UCZP-2wLEB9Rv6erhFmqVnvg\"],\"address\":{\"@id\":\"https:\\\/\\\/www.eldigitaldeasturias.com\\\/noticias\\\/#postaladdress\",\"@type\":\"PostalAddress\",\"streetAddress\":\"san antonio 4,\",\"postalCode\":\"33430\",\"addressLocality\":\"Cand\\u00e1s\",\"addressRegion\":\"Asturias\",\"addressCountry\":\"ES\"}},{\"@type\":\"Person\",\"@id\":\"https:\\\/\\\/www.eldigitaldeasturias.com\\\/noticias\\\/author\\\/admin\\\/#author\",\"url\":\"https:\\\/\\\/www.eldigitaldeasturias.com\\\/noticias\\\/author\\\/admin\\\/\",\"name\":\"El Digital de Asturias\",\"image\":{\"@type\":\"ImageObject\",\"@id\":\"https:\\\/\\\/www.eldigitaldeasturias.com\\\/noticias\\\/la-seguridad-social-supera-ya-los-19-millones-de-afiliados\\\/#authorImage\",\"url\":\"https:\\\/\\\/www.eldigitaldeasturias.com\\\/noticias\\\/wp-content\\\/litespeed\\\/avatar\\\/18677e78aa0546b92d9dbf31ec7d7668.jpg?ver=1777290358\",\"width\":96,\"height\":96,\"caption\":\"El Digital de Asturias\"}},{\"@type\":\"WebPage\",\"@id\":\"https:\\\/\\\/www.eldigitaldeasturias.com\\\/noticias\\\/la-seguridad-social-supera-ya-los-19-millones-de-afiliados\\\/#webpage\",\"url\":\"https:\\\/\\\/www.eldigitaldeasturias.com\\\/noticias\\\/la-seguridad-social-supera-ya-los-19-millones-de-afiliados\\\/\",\"name\":\"La Seguridad Social supera ya los 19 millones de afiliados - El Digital de Asturias\",\"description\":\"La afiliaci\\u00f3n media a la Seguridad Social super\\u00f3 en marzo los 19 millones de afiliados medios y alcanz\\u00f3 los 19.043.079 ocupados, la cifra m\\u00e1s alta desde agosto de 2008 (19.137.556) y el mejor marzo desde hace once a\\u00f1os. Hay que recordar que las cifras corresponden a un mes de marzo previo al periodo vacacional de\",\"inLanguage\":\"es-ES\",\"isPartOf\":{\"@id\":\"https:\\\/\\\/www.eldigitaldeasturias.com\\\/noticias\\\/#website\"},\"breadcrumb\":{\"@id\":\"https:\\\/\\\/www.eldigitaldeasturias.com\\\/noticias\\\/la-seguridad-social-supera-ya-los-19-millones-de-afiliados\\\/#breadcrumblist\"},\"author\":{\"@id\":\"https:\\\/\\\/www.eldigitaldeasturias.com\\\/noticias\\\/author\\\/admin\\\/#author\"},\"creator\":{\"@id\":\"https:\\\/\\\/www.eldigitaldeasturias.com\\\/noticias\\\/author\\\/admin\\\/#author\"},\"image\":{\"@type\":\"ImageObject\",\"url\":\"https:\\\/\\\/www.eldigitaldeasturias.com\\\/noticias\\\/wp-content\\\/uploads\\\/2019\\\/04\\\/Operaria-I.jpg\",\"@id\":\"https:\\\/\\\/www.eldigitaldeasturias.com\\\/noticias\\\/la-seguridad-social-supera-ya-los-19-millones-de-afiliados\\\/#mainImage\",\"width\":496,\"height\":329},\"primaryImageOfPage\":{\"@id\":\"https:\\\/\\\/www.eldigitaldeasturias.com\\\/noticias\\\/la-seguridad-social-supera-ya-los-19-millones-de-afiliados\\\/#mainImage\"},\"datePublished\":\"2019-04-02T22:16:31+02:00\",\"dateModified\":\"2019-04-02T22:16:31+02:00\"},{\"@type\":\"WebSite\",\"@id\":\"https:\\\/\\\/www.eldigitaldeasturias.com\\\/noticias\\\/#website\",\"url\":\"https:\\\/\\\/www.eldigitaldeasturias.com\\\/noticias\\\/\",\"name\":\"El Digital de Asturias - Diario de actualidad y noticias\",\"alternateName\":\"El Digital de Asturias - Diario de actualidad y noticias\",\"description\":\"Hemeroteca\",\"inLanguage\":\"es-ES\",\"publisher\":{\"@id\":\"https:\\\/\\\/www.eldigitaldeasturias.com\\\/noticias\\\/#organization\"}}]}\n\t\t<\/script>\n\t\t<!-- All in One SEO Pro -->\r\n\t\t<title>La Seguridad Social supera ya los 19 millones de afiliados - El Digital de Asturias<\/title>\n\n","aioseo_head_json":{"title":"La Seguridad Social supera ya los 19 millones de afiliados - El Digital de Asturias","description":"La afiliaci\u00f3n media a la Seguridad Social super\u00f3 en marzo los 19 millones de afiliados medios y alcanz\u00f3 los 19.043.079 ocupados, la cifra m\u00e1s alta desde agosto de 2008 (19.137.556) y el mejor marzo desde hace once a\u00f1os. Hay que recordar que las cifras corresponden a un mes de marzo previo al periodo vacacional de","canonical_url":"https:\/\/www.eldigitaldeasturias.com\/noticias\/la-seguridad-social-supera-ya-los-19-millones-de-afiliados\/","robots":"max-image-preview:large","keywords":"econom\u00eda","webmasterTools":{"google-site-verification":"UA-38556648-1","msvalidate.01":"7dfe9f3f1b24437ab69f4f2559babe99","miscellaneous":""},"schema":{"@context":"https:\/\/schema.org","@graph":[{"@type":"BlogPosting","@id":"https:\/\/www.eldigitaldeasturias.com\/noticias\/la-seguridad-social-supera-ya-los-19-millones-de-afiliados\/#blogposting","name":"La Seguridad Social supera ya los 19 millones de afiliados - El Digital de Asturias","headline":"La Seguridad Social supera ya los 19 millones de afiliados","author":{"@id":"https:\/\/www.eldigitaldeasturias.com\/noticias\/author\/admin\/#author"},"publisher":{"@id":"https:\/\/www.eldigitaldeasturias.com\/noticias\/#organization"},"image":{"@type":"ImageObject","url":"https:\/\/www.eldigitaldeasturias.com\/noticias\/wp-content\/uploads\/2019\/04\/Operaria-I.jpg","width":496,"height":329},"datePublished":"2019-04-02T22:16:31+02:00","dateModified":"2019-04-02T22:16:31+02:00","inLanguage":"es-ES","mainEntityOfPage":{"@id":"https:\/\/www.eldigitaldeasturias.com\/noticias\/la-seguridad-social-supera-ya-los-19-millones-de-afiliados\/#webpage"},"isPartOf":{"@id":"https:\/\/www.eldigitaldeasturias.com\/noticias\/la-seguridad-social-supera-ya-los-19-millones-de-afiliados\/#webpage"},"articleSection":"Econom\u00eda"},{"@type":"BreadcrumbList","@id":"https:\/\/www.eldigitaldeasturias.com\/noticias\/la-seguridad-social-supera-ya-los-19-millones-de-afiliados\/#breadcrumblist","itemListElement":[{"@type":"ListItem","@id":"https:\/\/www.eldigitaldeasturias.com\/noticias#listItem","position":1,"name":"Home","item":"https:\/\/www.eldigitaldeasturias.com\/noticias","nextItem":{"@type":"ListItem","@id":"https:\/\/www.eldigitaldeasturias.com\/noticias\/category\/economia\/#listItem","name":"Econom\u00eda"}},{"@type":"ListItem","@id":"https:\/\/www.eldigitaldeasturias.com\/noticias\/category\/economia\/#listItem","position":2,"name":"Econom\u00eda","item":"https:\/\/www.eldigitaldeasturias.com\/noticias\/category\/economia\/","nextItem":{"@type":"ListItem","@id":"https:\/\/www.eldigitaldeasturias.com\/noticias\/la-seguridad-social-supera-ya-los-19-millones-de-afiliados\/#listItem","name":"La Seguridad Social supera ya los 19 millones de afiliados"},"previousItem":{"@type":"ListItem","@id":"https:\/\/www.eldigitaldeasturias.com\/noticias#listItem","name":"Home"}},{"@type":"ListItem","@id":"https:\/\/www.eldigitaldeasturias.com\/noticias\/la-seguridad-social-supera-ya-los-19-millones-de-afiliados\/#listItem","position":3,"name":"La Seguridad Social supera ya los 19 millones de afiliados","previousItem":{"@type":"ListItem","@id":"https:\/\/www.eldigitaldeasturias.com\/noticias\/category\/economia\/#listItem","name":"Econom\u00eda"}}]},{"@type":"Organization","@id":"https:\/\/www.eldigitaldeasturias.com\/noticias\/#organization","name":"El Digital de Asturias","description":"Hemeroteca","url":"https:\/\/www.eldigitaldeasturias.com\/noticias\/","email":"info@eldigitaldeasturias.com","telephone":"+34652131393","logo":{"@type":"ImageObject","url":"https:\/\/www.eldigitaldeasturias.com\/noticias\/wp-content\/uploads\/2020\/12\/EDA.jpg","@id":"https:\/\/www.eldigitaldeasturias.com\/noticias\/la-seguridad-social-supera-ya-los-19-millones-de-afiliados\/#organizationLogo","width":649,"height":297},"image":{"@id":"https:\/\/www.eldigitaldeasturias.com\/noticias\/la-seguridad-social-supera-ya-los-19-millones-de-afiliados\/#organizationLogo"},"sameAs":["https:\/\/facebook.com\/eldigitaldeasturias","https:\/\/www.youtube.com\/channel\/UCZP-2wLEB9Rv6erhFmqVnvg"],"address":{"@id":"https:\/\/www.eldigitaldeasturias.com\/noticias\/#postaladdress","@type":"PostalAddress","streetAddress":"san antonio 4,","postalCode":"33430","addressLocality":"Cand\u00e1s","addressRegion":"Asturias","addressCountry":"ES"}},{"@type":"Person","@id":"https:\/\/www.eldigitaldeasturias.com\/noticias\/author\/admin\/#author","url":"https:\/\/www.eldigitaldeasturias.com\/noticias\/author\/admin\/","name":"El Digital de Asturias","image":{"@type":"ImageObject","@id":"https:\/\/www.eldigitaldeasturias.com\/noticias\/la-seguridad-social-supera-ya-los-19-millones-de-afiliados\/#authorImage","url":"https:\/\/www.eldigitaldeasturias.com\/noticias\/wp-content\/litespeed\/avatar\/18677e78aa0546b92d9dbf31ec7d7668.jpg?ver=1777290358","width":96,"height":96,"caption":"El Digital de Asturias"}},{"@type":"WebPage","@id":"https:\/\/www.eldigitaldeasturias.com\/noticias\/la-seguridad-social-supera-ya-los-19-millones-de-afiliados\/#webpage","url":"https:\/\/www.eldigitaldeasturias.com\/noticias\/la-seguridad-social-supera-ya-los-19-millones-de-afiliados\/","name":"La Seguridad Social supera ya los 19 millones de afiliados - El Digital de Asturias","description":"La afiliaci\u00f3n media a la Seguridad Social super\u00f3 en marzo los 19 millones de afiliados medios y alcanz\u00f3 los 19.043.079 ocupados, la cifra m\u00e1s alta desde agosto de 2008 (19.137.556) y el mejor marzo desde hace once a\u00f1os. Hay que recordar que las cifras corresponden a un mes de marzo previo al periodo vacacional de","inLanguage":"es-ES","isPartOf":{"@id":"https:\/\/www.eldigitaldeasturias.com\/noticias\/#website"},"breadcrumb":{"@id":"https:\/\/www.eldigitaldeasturias.com\/noticias\/la-seguridad-social-supera-ya-los-19-millones-de-afiliados\/#breadcrumblist"},"author":{"@id":"https:\/\/www.eldigitaldeasturias.com\/noticias\/author\/admin\/#author"},"creator":{"@id":"https:\/\/www.eldigitaldeasturias.com\/noticias\/author\/admin\/#author"},"image":{"@type":"ImageObject","url":"https:\/\/www.eldigitaldeasturias.com\/noticias\/wp-content\/uploads\/2019\/04\/Operaria-I.jpg","@id":"https:\/\/www.eldigitaldeasturias.com\/noticias\/la-seguridad-social-supera-ya-los-19-millones-de-afiliados\/#mainImage","width":496,"height":329},"primaryImageOfPage":{"@id":"https:\/\/www.eldigitaldeasturias.com\/noticias\/la-seguridad-social-supera-ya-los-19-millones-de-afiliados\/#mainImage"},"datePublished":"2019-04-02T22:16:31+02:00","dateModified":"2019-04-02T22:16:31+02:00"},{"@type":"WebSite","@id":"https:\/\/www.eldigitaldeasturias.com\/noticias\/#website","url":"https:\/\/www.eldigitaldeasturias.com\/noticias\/","name":"El Digital de Asturias - Diario de actualidad y noticias","alternateName":"El Digital de Asturias - Diario de actualidad y noticias","description":"Hemeroteca","inLanguage":"es-ES","publisher":{"@id":"https:\/\/www.eldigitaldeasturias.com\/noticias\/#organization"}}]},"og:locale":"es_ES","og:site_name":"El Digital de Asturias","og:type":"article","og:title":"La Seguridad Social supera ya los 19 millones de afiliados - El Digital de Asturias","og:description":"La afiliaci\u00f3n media a la Seguridad Social super\u00f3 en marzo los 19 millones de afiliados medios y alcanz\u00f3 los 19.043.079 ocupados, la cifra m\u00e1s alta desde agosto de 2008 (19.137.556) y el mejor marzo desde hace once a\u00f1os. Hay que recordar que las cifras corresponden a un mes de marzo previo al periodo vacacional de","og:url":"https:\/\/www.eldigitaldeasturias.com\/noticias\/la-seguridad-social-supera-ya-los-19-millones-de-afiliados\/","og:image":"https:\/\/www.eldigitaldeasturias.com\/noticias\/wp-content\/uploads\/2019\/04\/Operaria-I.jpg","og:image:secure_url":"https:\/\/www.eldigitaldeasturias.com\/noticias\/wp-content\/uploads\/2019\/04\/Operaria-I.jpg","og:image:width":496,"og:image:height":329,"article:tag":["econom\u00eda"],"article:published_time":"2019-04-02T22:16:31+00:00","article:modified_time":"2019-04-02T22:16:31+00:00","article:publisher":"https:\/\/facebook.com\/eldigitaldeasturias","twitter:card":"summary_large_image","twitter:title":"La Seguridad Social supera ya los 19 millones de afiliados - El Digital de Asturias","twitter:description":"La afiliaci\u00f3n media a la Seguridad Social super\u00f3 en marzo los 19 millones de afiliados medios y alcanz\u00f3 los 19.043.079 ocupados, la cifra m\u00e1s alta desde agosto de 2008 (19.137.556) y el mejor marzo desde hace once a\u00f1os. Hay que recordar que las cifras corresponden a un mes de marzo previo al periodo vacacional de","twitter:image":"https:\/\/www.eldigitaldeasturias.com\/noticias\/wp-content\/uploads\/2019\/04\/Operaria-I.jpg","twitter:label1":"Escrito por","twitter:data1":"El Digital de Asturias","twitter:label2":"Tiempo de lectura estimado","twitter:data2":"2 minutos"},"aioseo_meta_data":{"post_id":"1022638","title":null,"description":null,"keywords":null,"keyphrases":null,"primary_term":null,"canonical_url":null,"og_title":null,"og_description":null,"og_object_type":"default","og_image_type":"default","og_image_url":null,"og_image_width":null,"og_image_height":null,"og_image_custom_url":null,"og_image_custom_fields":null,"og_video":null,"og_custom_url":null,"og_article_section":null,"og_article_tags":null,"twitter_use_og":false,"twitter_card":"default","twitter_image_type":"default","twitter_image_url":null,"twitter_image_custom_url":null,"twitter_image_custom_fields":null,"twitter_title":null,"twitter_description":null,"schema":{"blockGraphs":[],"customGraphs":[],"default":{"data":{"Article":[],"Course":[],"Dataset":[],"FAQPage":[],"Movie":[],"Person":[],"Product":[],"ProductReview":[],"Car":[],"Recipe":[],"Service":[],"SoftwareApplication":[],"WebPage":[]},"graphName":"","isEnabled":true},"graphs":[],"defaultGraph":"","defaultPostTypeGraph":""},"schema_type":null,"schema_type_options":null,"pillar_content":false,"robots_default":true,"robots_noindex":false,"robots_noarchive":false,"robots_nosnippet":false,"robots_nofollow":false,"robots_noimageindex":false,"robots_noodp":false,"robots_notranslate":false,"robots_max_snippet":null,"robots_max_videopreview":null,"robots_max_imagepreview":"large","priority":null,"frequency":null,"local_seo":null,"seo_analyzer_scan_date":"2025-10-17 08:51:12","breadcrumb_settings":null,"limit_modified_date":false,"open_ai":null,"ai":null,"created":"2020-12-21 11:15:47","updated":"2025-10-17 08:51:12"},"aioseo_breadcrumb":"<div class=\"aioseo-breadcrumbs\"><span class=\"aioseo-breadcrumb\">\n\t<a href=\"https:\/\/www.eldigitaldeasturias.com\/noticias\" title=\"Home\">Home<\/a>\n<\/span><span class=\"aioseo-breadcrumb-separator\">\u2013<\/span><span class=\"aioseo-breadcrumb\">\n\t<a href=\"https:\/\/www.eldigitaldeasturias.com\/noticias\/category\/economia\/\" title=\"Econom\u00eda\">Econom\u00eda<\/a>\n<\/span><span class=\"aioseo-breadcrumb-separator\">\u2013<\/span><span class=\"aioseo-breadcrumb\">\n\t<a href=\"https:\/\/www.eldigitaldeasturias.com\/noticias\/la-seguridad-social-supera-ya-los-19-millones-de-afiliados\/\" title=\"La Seguridad Social supera ya los 19 millones de afiliados\">La Seguridad Social supera ya los 19 millones de afiliados<\/a>\n<\/span><\/div>","aioseo_breadcrumb_json":[{"label":"Home","link":"https:\/\/www.eldigitaldeasturias.com\/noticias"},{"label":"Econom\u00eda","link":"https:\/\/www.eldigitaldeasturias.com\/noticias\/category\/economia\/"},{"label":"La Seguridad Social supera ya los 19 millones de afiliados","link":"https:\/\/www.eldigitaldeasturias.com\/noticias\/la-seguridad-social-supera-ya-los-19-millones-de-afiliados\/"}],"_links":{"self":[{"href":"https:\/\/www.eldigitaldeasturias.com\/noticias\/wp-json\/wp\/v2\/posts\/1022638","targetHints":{"allow":["GET"]}}],"collection":[{"href":"https:\/\/www.eldigitaldeasturias.com\/noticias\/wp-json\/wp\/v2\/posts"}],"about":[{"href":"https:\/\/www.eldigitaldeasturias.com\/noticias\/wp-json\/wp\/v2\/types\/post"}],"author":[{"embeddable":true,"href":"https:\/\/www.eldigitaldeasturias.com\/noticias\/wp-json\/wp\/v2\/users\/1"}],"replies":[{"embeddable":true,"href":"https:\/\/www.eldigitaldeasturias.com\/noticias\/wp-json\/wp\/v2\/comments?post=1022638"}],"version-history":[{"count":0,"href":"https:\/\/www.eldigitaldeasturias.com\/noticias\/wp-json\/wp\/v2\/posts\/1022638\/revisions"}],"wp:featuredmedia":[{"embeddable":true,"href":"https:\/\/www.eldigitaldeasturias.com\/noticias\/wp-json\/wp\/v2\/media\/1022639"}],"wp:attachment":[{"href":"https:\/\/www.eldigitaldeasturias.com\/noticias\/wp-json\/wp\/v2\/media?parent=1022638"}],"wp:term":[{"taxonomy":"category","embeddable":true,"href":"https:\/\/www.eldigitaldeasturias.com\/noticias\/wp-json\/wp\/v2\/categories?post=1022638"},{"taxonomy":"post_tag","embeddable":true,"href":"https:\/\/www.eldigitaldeasturias.com\/noticias\/wp-json\/wp\/v2\/tags?post=1022638"}],"curies":[{"name":"wp","href":"https:\/\/api.w.org\/{rel}","templated":true}]}}