{"id":1022578,"date":"2019-04-02T14:39:09","date_gmt":"2019-04-02T14:39:09","guid":{"rendered":"https:\/\/www.eldigitaldeasturias.com\/noticias\/?p=1022578"},"modified":"2019-04-02T14:39:09","modified_gmt":"2019-04-02T14:39:09","slug":"el-parlamento-europeo-alcanza-acuerdo-para-fortalecer-la-proteccion-de-los-consumidores","status":"publish","type":"post","link":"https:\/\/www.eldigitaldeasturias.com\/noticias\/el-parlamento-europeo-alcanza-acuerdo-para-fortalecer-la-proteccion-de-los-consumidores\/","title":{"rendered":"El Parlamento Europeo alcanza acuerdo para fortalecer la protecci\u00f3n de los consumidores"},"content":{"rendered":"<p><img loading=\"lazy\" decoding=\"async\" class=\"alignleft size-medium wp-image-1021037\" src=\"https:\/\/www.eldigitaldeasturias.com\/noticias\/wp-content\/uploads\/2019\/03\/brussels-4056171_960_720-360x240.jpg\" alt=\"\" width=\"360\" height=\"240\" srcset=\"https:\/\/www.eldigitaldeasturias.com\/noticias\/wp-content\/uploads\/2019\/03\/brussels-4056171_960_720-360x240.jpg 360w, https:\/\/www.eldigitaldeasturias.com\/noticias\/wp-content\/uploads\/2019\/03\/brussels-4056171_960_720-450x300.jpg 450w, https:\/\/www.eldigitaldeasturias.com\/noticias\/wp-content\/uploads\/2019\/03\/brussels-4056171_960_720-768x512.jpg 768w, https:\/\/www.eldigitaldeasturias.com\/noticias\/wp-content\/uploads\/2019\/03\/brussels-4056171_960_720-690x460.jpg 690w, https:\/\/www.eldigitaldeasturias.com\/noticias\/wp-content\/uploads\/2019\/03\/brussels-4056171_960_720-20x13.jpg 20w, https:\/\/www.eldigitaldeasturias.com\/noticias\/wp-content\/uploads\/2019\/03\/brussels-4056171_960_720.jpg 960w\" sizes=\"auto, (max-width: 360px) 100vw, 360px\" \/>La Comisi\u00f3n Europea anunci\u00f3 este martes mediante un comunicado de prensa que el Parlamento Europeo y el Consejo han alcanzado un acuerdo provisional sobre unas normas en materia de protecci\u00f3n de los consumidores m\u00e1s estrictas y mejor aplicadas.<\/p>\n<p>De acuerdo con el comunicado de la CE, las principales mejoras consistir\u00e1n en m\u00e1s transparencia para los consumidores al comprar por internet, sanciones efectivas y unas normas claras para resolver el problema de la calidad dual de productos en la UE. La Comisi\u00f3n Europea propuso estas nuevas normas en abril del a\u00f1o pasado como parte del Nuevo acuerdo para los consumidores.<\/p>\n<p>El comunicado completo expone la siguiente informaci\u00f3n:<\/p>\n<p>\u201cEl vicepresidente primero, Frans Timmermans, ha declarado: \u00abSe trata de proteger a los consumidores con m\u00e1s transparencia y una aplicaci\u00f3n contundente de la legislaci\u00f3n si se enga\u00f1a a los consumidores. Con este nuevo acuerdo sabremos lo que compramos y a qui\u00e9n se lo compramos\u00bb.<\/p>\n<p>V\u0115ra Jourov\u00e1, comisaria de Justicia, Consumidores e Igualdad de G\u00e9nero, ha a\u00f1adido: \u00abCon este acuerdo, las normas dobles en el mercado \u00fanico tienen los d\u00edas contados. A los consumidores ya no les despistar\u00e1n productos diferentes presentados como si fueran id\u00e9nticos. Las empresas que sigan enga\u00f1ando, se enfrentar\u00e1n a fuertes sanciones. El nuevo acuerdo tambi\u00e9n robustecer\u00e1 la protecci\u00f3n de los consumidores en el entorno en l\u00ednea y har\u00e1 m\u00e1s transparente la compra por internet\u00bb.<\/p>\n<p>Las medidas adoptadas aportar\u00e1n beneficios tangibles para los consumidores<\/p>\n<p>Sanciones efectivas en caso de infracci\u00f3n de la legislaci\u00f3n de la UE en materia de protecci\u00f3n de los consumidores: las autoridades nacionales encargadas de la protecci\u00f3n de los consumidores tendr\u00e1n la facultad de imponer sanciones eficaces, proporcionadas y disuasorias de forma coordinada. En cuanto a las infracciones generalizadas que afectan a los consumidores en varios Estados miembros de la UE y est\u00e1n sujetas a la ejecuci\u00f3n coordinada por parte de la UE, la multa m\u00e1xima ser\u00e1 del 4 % del volumen anual de negocios de la empresa en cada Estado miembro.<\/p>\n<p>Abordar la calidad dual de los bienes de consumo: las nuevas normas aclaran que comercializar un producto como si fuera id\u00e9ntico al mismo producto en otros Estados miembros, cuando, en realidad, esos productos tengan una composici\u00f3n y unas caracter\u00edsticas significativamente distintas sin una justificaci\u00f3n, se considerar\u00e1 una pr\u00e1ctica enga\u00f1osa.<\/p>\n<p>Un refuerzo de los derechos de los consumidores en l\u00ednea: cuando compren en un mercado en l\u00ednea, los consumidores tendr\u00e1n que ser claramente informados de si est\u00e1n comprando bienes o servicios a un comerciante o a un particular, de manera que sepan de qu\u00e9 protecci\u00f3n se beneficiar\u00edan en caso de que algo salga mal. Al hacer b\u00fasquedas en l\u00ednea, los consumidores sabr\u00e1n claramente si un resultado de la b\u00fasqueda ha sido pagado por un comerciante. Tambi\u00e9n ser\u00e1n informados de los principales par\u00e1metros aplicados para determinar la clasificaci\u00f3n de los resultados de la b\u00fasqueda\u201d, concluye el comunicado de prensa de la Comisi\u00f3n Europea.<\/p>\n","protected":false},"excerpt":{"rendered":"<p>La Comisi\u00f3n Europea anunci\u00f3 este martes mediante un comunicado de prensa que el Parlamento Europeo y el Consejo han alcanzado un acuerdo provisional sobre unas normas en materia de protecci\u00f3n de los consumidores m\u00e1s estrictas y mejor aplicadas. De acuerdo con el comunicado de la CE, las principales mejoras consistir\u00e1n en m\u00e1s transparencia para los [&hellip;]<\/p>\n","protected":false},"author":1,"featured_media":1021037,"comment_status":"closed","ping_status":"closed","sticky":false,"template":"","format":"standard","meta":{"footnotes":""},"categories":[187],"tags":[],"class_list":["post-1022578","post","type-post","status-publish","format-standard","has-post-thumbnail","hentry","category-economia"],"aioseo_notices":[],"aioseo_head":"\n\t\t<!-- All in One SEO Pro 4.9.6.2 - aioseo.com -->\n\t<meta name=\"description\" content=\"La Comisi\u00f3n Europea anunci\u00f3 este martes mediante un comunicado de prensa que el Parlamento Europeo y el Consejo han alcanzado un acuerdo provisional sobre unas normas en materia de protecci\u00f3n de los consumidores m\u00e1s estrictas y mejor aplicadas. De acuerdo con el comunicado de la CE, las principales mejoras consistir\u00e1n en m\u00e1s transparencia para los\" \/>\n\t<meta name=\"robots\" content=\"max-image-preview:large\" \/>\n\t<meta name=\"author\" content=\"El Digital de Asturias\"\/>\n\t<meta name=\"google-site-verification\" content=\"UA-38556648-1\" \/>\n\t<meta name=\"msvalidate.01\" content=\"7dfe9f3f1b24437ab69f4f2559babe99\" \/>\n\t<meta name=\"keywords\" content=\"econom\u00eda\" \/>\n\t<link rel=\"canonical\" href=\"https:\/\/www.eldigitaldeasturias.com\/noticias\/el-parlamento-europeo-alcanza-acuerdo-para-fortalecer-la-proteccion-de-los-consumidores\/\" \/>\n\t<meta name=\"generator\" content=\"All in One SEO Pro (AIOSEO) 4.9.6.2\" \/>\n\t\t<meta property=\"og:locale\" content=\"es_ES\" \/>\n\t\t<meta property=\"og:site_name\" content=\"El Digital de Asturias\" \/>\n\t\t<meta property=\"og:type\" content=\"article\" \/>\n\t\t<meta property=\"og:title\" content=\"El Parlamento Europeo alcanza acuerdo para fortalecer la protecci\u00f3n de los consumidores - El Digital de Asturias\" \/>\n\t\t<meta property=\"og:description\" content=\"La Comisi\u00f3n Europea anunci\u00f3 este martes mediante un comunicado de prensa que el Parlamento Europeo y el Consejo han alcanzado un acuerdo provisional sobre unas normas en materia de protecci\u00f3n de los consumidores m\u00e1s estrictas y mejor aplicadas. De acuerdo con el comunicado de la CE, las principales mejoras consistir\u00e1n en m\u00e1s transparencia para los\" \/>\n\t\t<meta property=\"og:url\" content=\"https:\/\/www.eldigitaldeasturias.com\/noticias\/el-parlamento-europeo-alcanza-acuerdo-para-fortalecer-la-proteccion-de-los-consumidores\/\" \/>\n\t\t<meta property=\"og:image\" content=\"https:\/\/www.eldigitaldeasturias.com\/noticias\/wp-content\/uploads\/2019\/03\/brussels-4056171_960_720.jpg\" \/>\n\t\t<meta property=\"og:image:secure_url\" content=\"https:\/\/www.eldigitaldeasturias.com\/noticias\/wp-content\/uploads\/2019\/03\/brussels-4056171_960_720.jpg\" \/>\n\t\t<meta property=\"og:image:width\" content=\"960\" \/>\n\t\t<meta property=\"og:image:height\" content=\"640\" \/>\n\t\t<meta property=\"article:tag\" content=\"econom\u00eda\" \/>\n\t\t<meta property=\"article:published_time\" content=\"2019-04-02T14:39:09+00:00\" \/>\n\t\t<meta property=\"article:modified_time\" content=\"2019-04-02T14:39:09+00:00\" \/>\n\t\t<meta property=\"article:publisher\" content=\"https:\/\/facebook.com\/eldigitaldeasturias\" \/>\n\t\t<meta name=\"twitter:card\" content=\"summary_large_image\" \/>\n\t\t<meta name=\"twitter:title\" content=\"El Parlamento Europeo alcanza acuerdo para fortalecer la protecci\u00f3n de los consumidores - El Digital de Asturias\" \/>\n\t\t<meta name=\"twitter:description\" content=\"La Comisi\u00f3n Europea anunci\u00f3 este martes mediante un comunicado de prensa que el Parlamento Europeo y el Consejo han alcanzado un acuerdo provisional sobre unas normas en materia de protecci\u00f3n de los consumidores m\u00e1s estrictas y mejor aplicadas. De acuerdo con el comunicado de la CE, las principales mejoras consistir\u00e1n en m\u00e1s transparencia para los\" \/>\n\t\t<meta name=\"twitter:image\" content=\"https:\/\/www.eldigitaldeasturias.com\/noticias\/wp-content\/uploads\/2019\/03\/brussels-4056171_960_720.jpg\" \/>\n\t\t<meta name=\"twitter:label1\" content=\"Escrito por\" \/>\n\t\t<meta name=\"twitter:data1\" content=\"El Digital de Asturias\" \/>\n\t\t<meta name=\"twitter:label2\" content=\"Tiempo de lectura estimado\" \/>\n\t\t<meta name=\"twitter:data2\" content=\"3 minutos\" \/>\n\t\t<script type=\"application\/ld+json\" class=\"aioseo-schema\">\n\t\t\t{\"@context\":\"https:\\\/\\\/schema.org\",\"@graph\":[{\"@type\":\"BlogPosting\",\"@id\":\"https:\\\/\\\/www.eldigitaldeasturias.com\\\/noticias\\\/el-parlamento-europeo-alcanza-acuerdo-para-fortalecer-la-proteccion-de-los-consumidores\\\/#blogposting\",\"name\":\"El Parlamento Europeo alcanza acuerdo para fortalecer la protecci\\u00f3n de los consumidores - El Digital de Asturias\",\"headline\":\"El Parlamento Europeo alcanza acuerdo para fortalecer la protecci\\u00f3n de los consumidores\",\"author\":{\"@id\":\"https:\\\/\\\/www.eldigitaldeasturias.com\\\/noticias\\\/author\\\/admin\\\/#author\"},\"publisher\":{\"@id\":\"https:\\\/\\\/www.eldigitaldeasturias.com\\\/noticias\\\/#organization\"},\"image\":{\"@type\":\"ImageObject\",\"url\":\"https:\\\/\\\/www.eldigitaldeasturias.com\\\/noticias\\\/wp-content\\\/uploads\\\/2019\\\/03\\\/brussels-4056171_960_720.jpg\",\"width\":960,\"height\":640},\"datePublished\":\"2019-04-02T14:39:09+02:00\",\"dateModified\":\"2019-04-02T14:39:09+02:00\",\"inLanguage\":\"es-ES\",\"mainEntityOfPage\":{\"@id\":\"https:\\\/\\\/www.eldigitaldeasturias.com\\\/noticias\\\/el-parlamento-europeo-alcanza-acuerdo-para-fortalecer-la-proteccion-de-los-consumidores\\\/#webpage\"},\"isPartOf\":{\"@id\":\"https:\\\/\\\/www.eldigitaldeasturias.com\\\/noticias\\\/el-parlamento-europeo-alcanza-acuerdo-para-fortalecer-la-proteccion-de-los-consumidores\\\/#webpage\"},\"articleSection\":\"Econom\\u00eda\"},{\"@type\":\"BreadcrumbList\",\"@id\":\"https:\\\/\\\/www.eldigitaldeasturias.com\\\/noticias\\\/el-parlamento-europeo-alcanza-acuerdo-para-fortalecer-la-proteccion-de-los-consumidores\\\/#breadcrumblist\",\"itemListElement\":[{\"@type\":\"ListItem\",\"@id\":\"https:\\\/\\\/www.eldigitaldeasturias.com\\\/noticias#listItem\",\"position\":1,\"name\":\"Home\",\"item\":\"https:\\\/\\\/www.eldigitaldeasturias.com\\\/noticias\",\"nextItem\":{\"@type\":\"ListItem\",\"@id\":\"https:\\\/\\\/www.eldigitaldeasturias.com\\\/noticias\\\/category\\\/economia\\\/#listItem\",\"name\":\"Econom\\u00eda\"}},{\"@type\":\"ListItem\",\"@id\":\"https:\\\/\\\/www.eldigitaldeasturias.com\\\/noticias\\\/category\\\/economia\\\/#listItem\",\"position\":2,\"name\":\"Econom\\u00eda\",\"item\":\"https:\\\/\\\/www.eldigitaldeasturias.com\\\/noticias\\\/category\\\/economia\\\/\",\"nextItem\":{\"@type\":\"ListItem\",\"@id\":\"https:\\\/\\\/www.eldigitaldeasturias.com\\\/noticias\\\/el-parlamento-europeo-alcanza-acuerdo-para-fortalecer-la-proteccion-de-los-consumidores\\\/#listItem\",\"name\":\"El Parlamento Europeo alcanza acuerdo para fortalecer la protecci\\u00f3n de los consumidores\"},\"previousItem\":{\"@type\":\"ListItem\",\"@id\":\"https:\\\/\\\/www.eldigitaldeasturias.com\\\/noticias#listItem\",\"name\":\"Home\"}},{\"@type\":\"ListItem\",\"@id\":\"https:\\\/\\\/www.eldigitaldeasturias.com\\\/noticias\\\/el-parlamento-europeo-alcanza-acuerdo-para-fortalecer-la-proteccion-de-los-consumidores\\\/#listItem\",\"position\":3,\"name\":\"El Parlamento Europeo alcanza acuerdo para fortalecer la protecci\\u00f3n de los consumidores\",\"previousItem\":{\"@type\":\"ListItem\",\"@id\":\"https:\\\/\\\/www.eldigitaldeasturias.com\\\/noticias\\\/category\\\/economia\\\/#listItem\",\"name\":\"Econom\\u00eda\"}}]},{\"@type\":\"Organization\",\"@id\":\"https:\\\/\\\/www.eldigitaldeasturias.com\\\/noticias\\\/#organization\",\"name\":\"El Digital de Asturias\",\"description\":\"Hemeroteca\",\"url\":\"https:\\\/\\\/www.eldigitaldeasturias.com\\\/noticias\\\/\",\"email\":\"info@eldigitaldeasturias.com\",\"telephone\":\"+34652131393\",\"logo\":{\"@type\":\"ImageObject\",\"url\":\"https:\\\/\\\/www.eldigitaldeasturias.com\\\/noticias\\\/wp-content\\\/uploads\\\/2020\\\/12\\\/EDA.jpg\",\"@id\":\"https:\\\/\\\/www.eldigitaldeasturias.com\\\/noticias\\\/el-parlamento-europeo-alcanza-acuerdo-para-fortalecer-la-proteccion-de-los-consumidores\\\/#organizationLogo\",\"width\":649,\"height\":297},\"image\":{\"@id\":\"https:\\\/\\\/www.eldigitaldeasturias.com\\\/noticias\\\/el-parlamento-europeo-alcanza-acuerdo-para-fortalecer-la-proteccion-de-los-consumidores\\\/#organizationLogo\"},\"sameAs\":[\"https:\\\/\\\/facebook.com\\\/eldigitaldeasturias\",\"https:\\\/\\\/www.youtube.com\\\/channel\\\/UCZP-2wLEB9Rv6erhFmqVnvg\"],\"address\":{\"@id\":\"https:\\\/\\\/www.eldigitaldeasturias.com\\\/noticias\\\/#postaladdress\",\"@type\":\"PostalAddress\",\"streetAddress\":\"san antonio 4,\",\"postalCode\":\"33430\",\"addressLocality\":\"Cand\\u00e1s\",\"addressRegion\":\"Asturias\",\"addressCountry\":\"ES\"}},{\"@type\":\"Person\",\"@id\":\"https:\\\/\\\/www.eldigitaldeasturias.com\\\/noticias\\\/author\\\/admin\\\/#author\",\"url\":\"https:\\\/\\\/www.eldigitaldeasturias.com\\\/noticias\\\/author\\\/admin\\\/\",\"name\":\"El Digital de Asturias\",\"image\":{\"@type\":\"ImageObject\",\"@id\":\"https:\\\/\\\/www.eldigitaldeasturias.com\\\/noticias\\\/el-parlamento-europeo-alcanza-acuerdo-para-fortalecer-la-proteccion-de-los-consumidores\\\/#authorImage\",\"url\":\"https:\\\/\\\/www.eldigitaldeasturias.com\\\/noticias\\\/wp-content\\\/litespeed\\\/avatar\\\/18677e78aa0546b92d9dbf31ec7d7668.jpg?ver=1777290358\",\"width\":96,\"height\":96,\"caption\":\"El Digital de Asturias\"}},{\"@type\":\"WebPage\",\"@id\":\"https:\\\/\\\/www.eldigitaldeasturias.com\\\/noticias\\\/el-parlamento-europeo-alcanza-acuerdo-para-fortalecer-la-proteccion-de-los-consumidores\\\/#webpage\",\"url\":\"https:\\\/\\\/www.eldigitaldeasturias.com\\\/noticias\\\/el-parlamento-europeo-alcanza-acuerdo-para-fortalecer-la-proteccion-de-los-consumidores\\\/\",\"name\":\"El Parlamento Europeo alcanza acuerdo para fortalecer la protecci\\u00f3n de los consumidores - El Digital de Asturias\",\"description\":\"La Comisi\\u00f3n Europea anunci\\u00f3 este martes mediante un comunicado de prensa que el Parlamento Europeo y el Consejo han alcanzado un acuerdo provisional sobre unas normas en materia de protecci\\u00f3n de los consumidores m\\u00e1s estrictas y mejor aplicadas. De acuerdo con el comunicado de la CE, las principales mejoras consistir\\u00e1n en m\\u00e1s transparencia para los\",\"inLanguage\":\"es-ES\",\"isPartOf\":{\"@id\":\"https:\\\/\\\/www.eldigitaldeasturias.com\\\/noticias\\\/#website\"},\"breadcrumb\":{\"@id\":\"https:\\\/\\\/www.eldigitaldeasturias.com\\\/noticias\\\/el-parlamento-europeo-alcanza-acuerdo-para-fortalecer-la-proteccion-de-los-consumidores\\\/#breadcrumblist\"},\"author\":{\"@id\":\"https:\\\/\\\/www.eldigitaldeasturias.com\\\/noticias\\\/author\\\/admin\\\/#author\"},\"creator\":{\"@id\":\"https:\\\/\\\/www.eldigitaldeasturias.com\\\/noticias\\\/author\\\/admin\\\/#author\"},\"image\":{\"@type\":\"ImageObject\",\"url\":\"https:\\\/\\\/www.eldigitaldeasturias.com\\\/noticias\\\/wp-content\\\/uploads\\\/2019\\\/03\\\/brussels-4056171_960_720.jpg\",\"@id\":\"https:\\\/\\\/www.eldigitaldeasturias.com\\\/noticias\\\/el-parlamento-europeo-alcanza-acuerdo-para-fortalecer-la-proteccion-de-los-consumidores\\\/#mainImage\",\"width\":960,\"height\":640},\"primaryImageOfPage\":{\"@id\":\"https:\\\/\\\/www.eldigitaldeasturias.com\\\/noticias\\\/el-parlamento-europeo-alcanza-acuerdo-para-fortalecer-la-proteccion-de-los-consumidores\\\/#mainImage\"},\"datePublished\":\"2019-04-02T14:39:09+02:00\",\"dateModified\":\"2019-04-02T14:39:09+02:00\"},{\"@type\":\"WebSite\",\"@id\":\"https:\\\/\\\/www.eldigitaldeasturias.com\\\/noticias\\\/#website\",\"url\":\"https:\\\/\\\/www.eldigitaldeasturias.com\\\/noticias\\\/\",\"name\":\"El Digital de Asturias - Diario de actualidad y noticias\",\"alternateName\":\"El Digital de Asturias - Diario de actualidad y noticias\",\"description\":\"Hemeroteca\",\"inLanguage\":\"es-ES\",\"publisher\":{\"@id\":\"https:\\\/\\\/www.eldigitaldeasturias.com\\\/noticias\\\/#organization\"}}]}\n\t\t<\/script>\n\t\t<!-- All in One SEO Pro -->\r\n\t\t<title>El Parlamento Europeo alcanza acuerdo para fortalecer la protecci\u00f3n de los consumidores - El Digital de Asturias<\/title>\n\n","aioseo_head_json":{"title":"El Parlamento Europeo alcanza acuerdo para fortalecer la protecci\u00f3n de los consumidores - El Digital de Asturias","description":"La Comisi\u00f3n Europea anunci\u00f3 este martes mediante un comunicado de prensa que el Parlamento Europeo y el Consejo han alcanzado un acuerdo provisional sobre unas normas en materia de protecci\u00f3n de los consumidores m\u00e1s estrictas y mejor aplicadas. De acuerdo con el comunicado de la CE, las principales mejoras consistir\u00e1n en m\u00e1s transparencia para los","canonical_url":"https:\/\/www.eldigitaldeasturias.com\/noticias\/el-parlamento-europeo-alcanza-acuerdo-para-fortalecer-la-proteccion-de-los-consumidores\/","robots":"max-image-preview:large","keywords":"econom\u00eda","webmasterTools":{"google-site-verification":"UA-38556648-1","msvalidate.01":"7dfe9f3f1b24437ab69f4f2559babe99","miscellaneous":""},"schema":{"@context":"https:\/\/schema.org","@graph":[{"@type":"BlogPosting","@id":"https:\/\/www.eldigitaldeasturias.com\/noticias\/el-parlamento-europeo-alcanza-acuerdo-para-fortalecer-la-proteccion-de-los-consumidores\/#blogposting","name":"El Parlamento Europeo alcanza acuerdo para fortalecer la protecci\u00f3n de los consumidores - El Digital de Asturias","headline":"El Parlamento Europeo alcanza acuerdo para fortalecer la protecci\u00f3n de los consumidores","author":{"@id":"https:\/\/www.eldigitaldeasturias.com\/noticias\/author\/admin\/#author"},"publisher":{"@id":"https:\/\/www.eldigitaldeasturias.com\/noticias\/#organization"},"image":{"@type":"ImageObject","url":"https:\/\/www.eldigitaldeasturias.com\/noticias\/wp-content\/uploads\/2019\/03\/brussels-4056171_960_720.jpg","width":960,"height":640},"datePublished":"2019-04-02T14:39:09+02:00","dateModified":"2019-04-02T14:39:09+02:00","inLanguage":"es-ES","mainEntityOfPage":{"@id":"https:\/\/www.eldigitaldeasturias.com\/noticias\/el-parlamento-europeo-alcanza-acuerdo-para-fortalecer-la-proteccion-de-los-consumidores\/#webpage"},"isPartOf":{"@id":"https:\/\/www.eldigitaldeasturias.com\/noticias\/el-parlamento-europeo-alcanza-acuerdo-para-fortalecer-la-proteccion-de-los-consumidores\/#webpage"},"articleSection":"Econom\u00eda"},{"@type":"BreadcrumbList","@id":"https:\/\/www.eldigitaldeasturias.com\/noticias\/el-parlamento-europeo-alcanza-acuerdo-para-fortalecer-la-proteccion-de-los-consumidores\/#breadcrumblist","itemListElement":[{"@type":"ListItem","@id":"https:\/\/www.eldigitaldeasturias.com\/noticias#listItem","position":1,"name":"Home","item":"https:\/\/www.eldigitaldeasturias.com\/noticias","nextItem":{"@type":"ListItem","@id":"https:\/\/www.eldigitaldeasturias.com\/noticias\/category\/economia\/#listItem","name":"Econom\u00eda"}},{"@type":"ListItem","@id":"https:\/\/www.eldigitaldeasturias.com\/noticias\/category\/economia\/#listItem","position":2,"name":"Econom\u00eda","item":"https:\/\/www.eldigitaldeasturias.com\/noticias\/category\/economia\/","nextItem":{"@type":"ListItem","@id":"https:\/\/www.eldigitaldeasturias.com\/noticias\/el-parlamento-europeo-alcanza-acuerdo-para-fortalecer-la-proteccion-de-los-consumidores\/#listItem","name":"El Parlamento Europeo alcanza acuerdo para fortalecer la protecci\u00f3n de los consumidores"},"previousItem":{"@type":"ListItem","@id":"https:\/\/www.eldigitaldeasturias.com\/noticias#listItem","name":"Home"}},{"@type":"ListItem","@id":"https:\/\/www.eldigitaldeasturias.com\/noticias\/el-parlamento-europeo-alcanza-acuerdo-para-fortalecer-la-proteccion-de-los-consumidores\/#listItem","position":3,"name":"El Parlamento Europeo alcanza acuerdo para fortalecer la protecci\u00f3n de los consumidores","previousItem":{"@type":"ListItem","@id":"https:\/\/www.eldigitaldeasturias.com\/noticias\/category\/economia\/#listItem","name":"Econom\u00eda"}}]},{"@type":"Organization","@id":"https:\/\/www.eldigitaldeasturias.com\/noticias\/#organization","name":"El Digital de Asturias","description":"Hemeroteca","url":"https:\/\/www.eldigitaldeasturias.com\/noticias\/","email":"info@eldigitaldeasturias.com","telephone":"+34652131393","logo":{"@type":"ImageObject","url":"https:\/\/www.eldigitaldeasturias.com\/noticias\/wp-content\/uploads\/2020\/12\/EDA.jpg","@id":"https:\/\/www.eldigitaldeasturias.com\/noticias\/el-parlamento-europeo-alcanza-acuerdo-para-fortalecer-la-proteccion-de-los-consumidores\/#organizationLogo","width":649,"height":297},"image":{"@id":"https:\/\/www.eldigitaldeasturias.com\/noticias\/el-parlamento-europeo-alcanza-acuerdo-para-fortalecer-la-proteccion-de-los-consumidores\/#organizationLogo"},"sameAs":["https:\/\/facebook.com\/eldigitaldeasturias","https:\/\/www.youtube.com\/channel\/UCZP-2wLEB9Rv6erhFmqVnvg"],"address":{"@id":"https:\/\/www.eldigitaldeasturias.com\/noticias\/#postaladdress","@type":"PostalAddress","streetAddress":"san antonio 4,","postalCode":"33430","addressLocality":"Cand\u00e1s","addressRegion":"Asturias","addressCountry":"ES"}},{"@type":"Person","@id":"https:\/\/www.eldigitaldeasturias.com\/noticias\/author\/admin\/#author","url":"https:\/\/www.eldigitaldeasturias.com\/noticias\/author\/admin\/","name":"El Digital de Asturias","image":{"@type":"ImageObject","@id":"https:\/\/www.eldigitaldeasturias.com\/noticias\/el-parlamento-europeo-alcanza-acuerdo-para-fortalecer-la-proteccion-de-los-consumidores\/#authorImage","url":"https:\/\/www.eldigitaldeasturias.com\/noticias\/wp-content\/litespeed\/avatar\/18677e78aa0546b92d9dbf31ec7d7668.jpg?ver=1777290358","width":96,"height":96,"caption":"El Digital de Asturias"}},{"@type":"WebPage","@id":"https:\/\/www.eldigitaldeasturias.com\/noticias\/el-parlamento-europeo-alcanza-acuerdo-para-fortalecer-la-proteccion-de-los-consumidores\/#webpage","url":"https:\/\/www.eldigitaldeasturias.com\/noticias\/el-parlamento-europeo-alcanza-acuerdo-para-fortalecer-la-proteccion-de-los-consumidores\/","name":"El Parlamento Europeo alcanza acuerdo para fortalecer la protecci\u00f3n de los consumidores - El Digital de Asturias","description":"La Comisi\u00f3n Europea anunci\u00f3 este martes mediante un comunicado de prensa que el Parlamento Europeo y el Consejo han alcanzado un acuerdo provisional sobre unas normas en materia de protecci\u00f3n de los consumidores m\u00e1s estrictas y mejor aplicadas. De acuerdo con el comunicado de la CE, las principales mejoras consistir\u00e1n en m\u00e1s transparencia para los","inLanguage":"es-ES","isPartOf":{"@id":"https:\/\/www.eldigitaldeasturias.com\/noticias\/#website"},"breadcrumb":{"@id":"https:\/\/www.eldigitaldeasturias.com\/noticias\/el-parlamento-europeo-alcanza-acuerdo-para-fortalecer-la-proteccion-de-los-consumidores\/#breadcrumblist"},"author":{"@id":"https:\/\/www.eldigitaldeasturias.com\/noticias\/author\/admin\/#author"},"creator":{"@id":"https:\/\/www.eldigitaldeasturias.com\/noticias\/author\/admin\/#author"},"image":{"@type":"ImageObject","url":"https:\/\/www.eldigitaldeasturias.com\/noticias\/wp-content\/uploads\/2019\/03\/brussels-4056171_960_720.jpg","@id":"https:\/\/www.eldigitaldeasturias.com\/noticias\/el-parlamento-europeo-alcanza-acuerdo-para-fortalecer-la-proteccion-de-los-consumidores\/#mainImage","width":960,"height":640},"primaryImageOfPage":{"@id":"https:\/\/www.eldigitaldeasturias.com\/noticias\/el-parlamento-europeo-alcanza-acuerdo-para-fortalecer-la-proteccion-de-los-consumidores\/#mainImage"},"datePublished":"2019-04-02T14:39:09+02:00","dateModified":"2019-04-02T14:39:09+02:00"},{"@type":"WebSite","@id":"https:\/\/www.eldigitaldeasturias.com\/noticias\/#website","url":"https:\/\/www.eldigitaldeasturias.com\/noticias\/","name":"El Digital de Asturias - Diario de actualidad y noticias","alternateName":"El Digital de Asturias - Diario de actualidad y noticias","description":"Hemeroteca","inLanguage":"es-ES","publisher":{"@id":"https:\/\/www.eldigitaldeasturias.com\/noticias\/#organization"}}]},"og:locale":"es_ES","og:site_name":"El Digital de Asturias","og:type":"article","og:title":"El Parlamento Europeo alcanza acuerdo para fortalecer la protecci\u00f3n de los consumidores - El Digital de Asturias","og:description":"La Comisi\u00f3n Europea anunci\u00f3 este martes mediante un comunicado de prensa que el Parlamento Europeo y el Consejo han alcanzado un acuerdo provisional sobre unas normas en materia de protecci\u00f3n de los consumidores m\u00e1s estrictas y mejor aplicadas. De acuerdo con el comunicado de la CE, las principales mejoras consistir\u00e1n en m\u00e1s transparencia para los","og:url":"https:\/\/www.eldigitaldeasturias.com\/noticias\/el-parlamento-europeo-alcanza-acuerdo-para-fortalecer-la-proteccion-de-los-consumidores\/","og:image":"https:\/\/www.eldigitaldeasturias.com\/noticias\/wp-content\/uploads\/2019\/03\/brussels-4056171_960_720.jpg","og:image:secure_url":"https:\/\/www.eldigitaldeasturias.com\/noticias\/wp-content\/uploads\/2019\/03\/brussels-4056171_960_720.jpg","og:image:width":960,"og:image:height":640,"article:tag":["econom\u00eda"],"article:published_time":"2019-04-02T14:39:09+00:00","article:modified_time":"2019-04-02T14:39:09+00:00","article:publisher":"https:\/\/facebook.com\/eldigitaldeasturias","twitter:card":"summary_large_image","twitter:title":"El Parlamento Europeo alcanza acuerdo para fortalecer la protecci\u00f3n de los consumidores - El Digital de Asturias","twitter:description":"La Comisi\u00f3n Europea anunci\u00f3 este martes mediante un comunicado de prensa que el Parlamento Europeo y el Consejo han alcanzado un acuerdo provisional sobre unas normas en materia de protecci\u00f3n de los consumidores m\u00e1s estrictas y mejor aplicadas. De acuerdo con el comunicado de la CE, las principales mejoras consistir\u00e1n en m\u00e1s transparencia para los","twitter:image":"https:\/\/www.eldigitaldeasturias.com\/noticias\/wp-content\/uploads\/2019\/03\/brussels-4056171_960_720.jpg","twitter:label1":"Escrito por","twitter:data1":"El Digital de Asturias","twitter:label2":"Tiempo de lectura estimado","twitter:data2":"3 minutos"},"aioseo_meta_data":{"post_id":"1022578","title":null,"description":null,"keywords":null,"keyphrases":null,"primary_term":null,"canonical_url":null,"og_title":null,"og_description":null,"og_object_type":"default","og_image_type":"default","og_image_url":null,"og_image_width":null,"og_image_height":null,"og_image_custom_url":null,"og_image_custom_fields":null,"og_video":null,"og_custom_url":null,"og_article_section":null,"og_article_tags":null,"twitter_use_og":false,"twitter_card":"default","twitter_image_type":"default","twitter_image_url":null,"twitter_image_custom_url":null,"twitter_image_custom_fields":null,"twitter_title":null,"twitter_description":null,"schema":{"blockGraphs":[],"customGraphs":[],"default":{"data":{"Article":[],"Course":[],"Dataset":[],"FAQPage":[],"Movie":[],"Person":[],"Product":[],"ProductReview":[],"Car":[],"Recipe":[],"Service":[],"SoftwareApplication":[],"WebPage":[]},"graphName":"","isEnabled":true},"graphs":[],"defaultGraph":"","defaultPostTypeGraph":""},"schema_type":null,"schema_type_options":null,"pillar_content":false,"robots_default":true,"robots_noindex":false,"robots_noarchive":false,"robots_nosnippet":false,"robots_nofollow":false,"robots_noimageindex":false,"robots_noodp":false,"robots_notranslate":false,"robots_max_snippet":null,"robots_max_videopreview":null,"robots_max_imagepreview":"large","priority":null,"frequency":null,"local_seo":null,"seo_analyzer_scan_date":"2025-10-17 08:36:07","breadcrumb_settings":null,"limit_modified_date":false,"open_ai":null,"ai":null,"created":"2020-12-21 11:15:47","updated":"2025-10-17 08:36:07"},"aioseo_breadcrumb":"<div class=\"aioseo-breadcrumbs\"><span class=\"aioseo-breadcrumb\">\n\t<a href=\"https:\/\/www.eldigitaldeasturias.com\/noticias\" title=\"Home\">Home<\/a>\n<\/span><span class=\"aioseo-breadcrumb-separator\">\u2013<\/span><span class=\"aioseo-breadcrumb\">\n\t<a href=\"https:\/\/www.eldigitaldeasturias.com\/noticias\/category\/economia\/\" title=\"Econom\u00eda\">Econom\u00eda<\/a>\n<\/span><span class=\"aioseo-breadcrumb-separator\">\u2013<\/span><span class=\"aioseo-breadcrumb\">\n\t<a href=\"https:\/\/www.eldigitaldeasturias.com\/noticias\/el-parlamento-europeo-alcanza-acuerdo-para-fortalecer-la-proteccion-de-los-consumidores\/\" title=\"El Parlamento Europeo alcanza acuerdo para fortalecer la protecci\u00f3n de los consumidores\">El Parlamento Europeo alcanza acuerdo para fortalecer la protecci\u00f3n de los consumidores<\/a>\n<\/span><\/div>","aioseo_breadcrumb_json":[{"label":"Home","link":"https:\/\/www.eldigitaldeasturias.com\/noticias"},{"label":"Econom\u00eda","link":"https:\/\/www.eldigitaldeasturias.com\/noticias\/category\/economia\/"},{"label":"El Parlamento Europeo alcanza acuerdo para fortalecer la protecci\u00f3n de los consumidores","link":"https:\/\/www.eldigitaldeasturias.com\/noticias\/el-parlamento-europeo-alcanza-acuerdo-para-fortalecer-la-proteccion-de-los-consumidores\/"}],"_links":{"self":[{"href":"https:\/\/www.eldigitaldeasturias.com\/noticias\/wp-json\/wp\/v2\/posts\/1022578","targetHints":{"allow":["GET"]}}],"collection":[{"href":"https:\/\/www.eldigitaldeasturias.com\/noticias\/wp-json\/wp\/v2\/posts"}],"about":[{"href":"https:\/\/www.eldigitaldeasturias.com\/noticias\/wp-json\/wp\/v2\/types\/post"}],"author":[{"embeddable":true,"href":"https:\/\/www.eldigitaldeasturias.com\/noticias\/wp-json\/wp\/v2\/users\/1"}],"replies":[{"embeddable":true,"href":"https:\/\/www.eldigitaldeasturias.com\/noticias\/wp-json\/wp\/v2\/comments?post=1022578"}],"version-history":[{"count":0,"href":"https:\/\/www.eldigitaldeasturias.com\/noticias\/wp-json\/wp\/v2\/posts\/1022578\/revisions"}],"wp:featuredmedia":[{"embeddable":true,"href":"https:\/\/www.eldigitaldeasturias.com\/noticias\/wp-json\/wp\/v2\/media\/1021037"}],"wp:attachment":[{"href":"https:\/\/www.eldigitaldeasturias.com\/noticias\/wp-json\/wp\/v2\/media?parent=1022578"}],"wp:term":[{"taxonomy":"category","embeddable":true,"href":"https:\/\/www.eldigitaldeasturias.com\/noticias\/wp-json\/wp\/v2\/categories?post=1022578"},{"taxonomy":"post_tag","embeddable":true,"href":"https:\/\/www.eldigitaldeasturias.com\/noticias\/wp-json\/wp\/v2\/tags?post=1022578"}],"curies":[{"name":"wp","href":"https:\/\/api.w.org\/{rel}","templated":true}]}}