{"id":1022416,"date":"2019-04-01T13:25:29","date_gmt":"2019-04-01T13:25:29","guid":{"rendered":"https:\/\/www.eldigitaldeasturias.com\/noticias\/?p=1022416"},"modified":"2019-04-01T13:25:29","modified_gmt":"2019-04-01T13:25:29","slug":"los-emprendedores-una-clase-diferente-de-personas","status":"publish","type":"post","link":"https:\/\/www.eldigitaldeasturias.com\/noticias\/los-emprendedores-una-clase-diferente-de-personas\/","title":{"rendered":"Los emprendedores, una clase diferente de personas"},"content":{"rendered":"<p><img loading=\"lazy\" decoding=\"async\" class=\"alignleft size-medium wp-image-1022424\" src=\"https:\/\/www.eldigitaldeasturias.com\/noticias\/wp-content\/uploads\/2019\/04\/women-1209678_960_720-360x240.jpg\" alt=\"\" width=\"360\" height=\"240\" srcset=\"https:\/\/www.eldigitaldeasturias.com\/noticias\/wp-content\/uploads\/2019\/04\/women-1209678_960_720-360x240.jpg 360w, https:\/\/www.eldigitaldeasturias.com\/noticias\/wp-content\/uploads\/2019\/04\/women-1209678_960_720-768x512.jpg 768w, https:\/\/www.eldigitaldeasturias.com\/noticias\/wp-content\/uploads\/2019\/04\/women-1209678_960_720-650x433.jpg 650w, https:\/\/www.eldigitaldeasturias.com\/noticias\/wp-content\/uploads\/2019\/04\/women-1209678_960_720.jpg 960w\" sizes=\"auto, (max-width: 360px) 100vw, 360px\" \/>Algunos de nosotros no queremos nada regalado, tratamos de actuar de forma independiente en todo y cada uno de los aspectos de nuestra vida. Solemos tener un criterio propio y una opini\u00f3n personal ajena a las corrientes y tendencias de la mayor\u00eda, somos m\u00e1s cr\u00edticos y exigentes con nosotros mismos, sabemos que el mundo no cambia a no ser que el primero que se transforme sea uno mismo, por eso mismo tampoco pedimos a nadie lo que no ser\u00edamos capaces de ofrecer nosotros mismos.<\/p>\n<p>No nos gusta recibir ordenes de nadie, nos gusta la creatividad y tenemos un enorme potencial de trabajo mientras no haya nadie a quien obedecer, en cuyo caso nos bloqueamos y no seguimos adelante. No necesitamos demostrarle nada a nadie, pues no tenemos ni gur\u00fa ni gu\u00eda, muchos maestros, todos involuntarios, pues somos observadores y aprendemos constantemente mientras que nadie nos diga qu\u00e9 es lo que tenemos que aprender.<\/p>\n<p>Somos en definitiva gente que lleva en los genes escrito su aprecio por la libertad, por eso solemos ser gente emprendedora, que monta sus propios negocios y se enfrenta a toda clase de adversidades solo con su voluntad y esfuerzo.<\/p>\n<p>Es para nosotros el servicio que se ofrece desde la web <a href=\"https:\/\/business-asset.com\/es\/venta-negocios\/\" target=\"_blank\" rel=\"noopener noreferrer\"><span style=\"color: #ff6600;\"><strong>https:\/\/business-asset.com\/<\/strong><\/span><\/a>, especializada tanto en los <strong>traspasos de negocios<\/strong> como en la <strong>venta de negocios<\/strong> que, por un motivo u otro (cansancio, jubilaci\u00f3n, cambo de residencia\u2026), sus antiguos propietarios han dejado.<\/p>\n<p>Y es que no hay mejor manera de desarrollar nuestras habilidades que con un negocio propio, y si este ya ha pasado por toda esa etapa de burocracia pesada, pero necesaria, para funcionar, mucho mejor. Gracias a esta web, nos encontraremos con un negocio hecho a nuestra medida, pues en el amplio cat\u00e1logo de negocios en oferta que ofrecen, seguro que se encuentra aquel para el que nos sentimos mejor preparados y nos permite desarrollar todo el potencial que llevamos dentro, tanto de creatividad, como de trabajo, como de ilusi\u00f3n.<\/p>\n<p><strong>El sacrificio del emprendedor<\/strong><\/p>\n<p>No se debe cometer el error de creer, aunque nuestra personalidad y car\u00e1cter nos lleve inevitablemente por el camino del emprendimiento, que este sea un camino de rosas. Todo lo contrario, la libertad de acci\u00f3n tiene un precio, y este precio se paga en forma de horas, preocupaciones, falta de descanso y, al menos al principio, falta de capital.<\/p>\n<p>Por esto no debemos dejar de lado nuestra calidad de vida, otro de los errores que suele cometer el emprendedor, que dedica todo su tiempo y recursos por y para su negocio, olvid\u00e1ndose en demasiadas ocasiones de s\u00ed mismo y de su comodidad.<\/p>\n<p>Podemos recurrir a internet para encontrar ese equilibrio entre la limitaci\u00f3n de gastos y el derecho al descanso. Valga como ejemplo localizar el mejor <a href=\"https:\/\/colchonesbaratos.net\/\" target=\"_blank\" rel=\"noopener noreferrer\"><span style=\"color: #ff6600;\"><strong>colch\u00f3n<\/strong><\/span><\/a> a un precio imbatible, como el que podemos localizar tras este enlace que acabamos de rese\u00f1ar.<\/p>\n<p>Para no perder el sentido de la realidad, debemos obligarnos a descansar, tanto en nuestra cama cada noche, desconectando de todo lo que significa nuestro negocio o empresa, como con unas vacaciones. Con toda seguridad, cuando volvamos de nuestro viaje de descanso, conseguiremos tener otra \u00f3ptica, una visi\u00f3n menos sesgada y m\u00e1s profesional que nos abrir\u00e1 puertas m\u00e1s productivas y divertidas que no sab\u00edamos que exist\u00edan.<\/p>\n<p>As\u00ed mismo, no debemos dedicar todo el dinero que nos produce nuestro trabajo reinvirti\u00e9ndolo en el negocio, debemos ser capaces de gastarlo en otras cosas que tambi\u00e9n nos produzcan placer y no est\u00e9n relacionados con el trabajo. De este modo, podremos ver que nuestra calidad de vida tambi\u00e9n mejora.<\/p>\n<p><strong>Invertir en nosotros mismos<\/strong><\/p>\n<p>Parece una obviedad esto que estamos comentando, pero uno de los grandes peligros que corremos los emprendedores es el de la inversi\u00f3n total en nuestro proyecto laboral, creando una fantas\u00eda en la que todo lo que nos rodea est\u00e1 relacionado o puede tener alg\u00fan beneficio sobre nuestro trabajo. Algo que es m\u00e1s habitual de lo que en un principio pudi\u00e9ramos pensar, no eliminar los l\u00edmites entre trabajo y vida privada, es uno de los primeros y m\u00e1s preocupantes fallos que se pueden llegar a cometer como empresarios.<\/p>\n<p>Debemos, por tanto, dedicar parte de los beneficios de nuestro trabajo a nosotros mismos, a pasar algunas horas al mes en un spa donde recibir masajes, viajar cada tres meses a alg\u00fan destino desconocido, o comprar objetos decorativos para el hogar cuya visi\u00f3n nos transporte a otro mundo, desconectando de la realidad laboral y produciendo en nosotros una sensaci\u00f3n de paz y confort que nos renueven de energ\u00eda.<\/p>\n<p>Esta es, precisamente, una de las particularidades de los <a href=\"https:\/\/www.koalacomponents.com\/catalogo\/c\/swarovski-elements\" target=\"_blank\" rel=\"noopener noreferrer\"><span style=\"color: #ff6600;\"><strong>cristales swarovski<\/strong><\/span><\/a>, unos objetos decorativos que embelesan por su extraordinaria belleza, y es que <strong>durante m\u00e1s de 120 a\u00f1os, Swarovski Crystal ha estado tallando cristales con una precisi\u00f3n perfecta. La empresa familiar fue fundada en 1895 por el visionario fundador Daniel Swarovski<\/strong>, no es extra\u00f1o, por tanto, descubrir la magia que nos emite. <strong>Los m\u00e9todos de aplicaci\u00f3n de Swarovski se han desarrollado durante muchos a\u00f1os para ofrecerle la m\u00e1s amplia gama de opciones de dise\u00f1o<\/strong>, que nos recuerden que disponer de belleza a nuestro alrededor es uno de los motivos por los que trabajamos sin descanso.<\/p>\n<p>Los cristales Swaroski sirven tanto para decorar nuestras casas como tambi\u00e9n como complemento para vestir. La realidad es que estos cristales est\u00e1n considerados como verdaderas joyas, que sin ser las m\u00e1s caras, s\u00ed que son las m\u00e1s prestigiosas y deseadas, dando el salto desde la moda, pues en la \u00faltima Pasarela Cibeles los bikinis luc\u00edan estas alhajas, hasta los aparatos tecnol\u00f3gicos m\u00e1s sofisticados.<\/p>\n<p>Tener cristales Swaroski en casa, ya sean anillos, colgantes, relojes, copas, esculturas, l\u00e1mparas\u2026no tiene nada que ver con seguir una tendencia o moda, pues son objetos que llevan a\u00f1os inmunes a los estilos, siempre ocupando las posiciones m\u00e1s elevadas del gusto y refinamiento en la decoraci\u00f3n y en los complementos, y es que, tras estas aut\u00e9nticas obras de arte hechas en cristal, hay un sentimiento de perdurabilidad, algo que evoca a lo eterno. La luminosidad y pureza de sus cristales que han sido creados en series de capas le otorgan ese aire casi m\u00edstico, especial, diferente y m\u00e1gico, que no encontramos en ning\u00fan otro objeto decorativo.<\/p>\n","protected":false},"excerpt":{"rendered":"<p>Algunos de nosotros no queremos nada regalado, tratamos de actuar de forma independiente en todo y cada uno de los aspectos de nuestra vida. Solemos tener un criterio propio y una opini\u00f3n personal ajena a las corrientes y tendencias de la mayor\u00eda, somos m\u00e1s cr\u00edticos y exigentes con nosotros mismos, sabemos que el mundo no [&hellip;]<\/p>\n","protected":false},"author":1,"featured_media":1022424,"comment_status":"closed","ping_status":"closed","sticky":false,"template":"","format":"standard","meta":{"footnotes":""},"categories":[187],"tags":[],"class_list":["post-1022416","post","type-post","status-publish","format-standard","has-post-thumbnail","hentry","category-economia"],"aioseo_notices":[],"aioseo_head":"\n\t\t<!-- All in One SEO Pro 4.9.6.2 - aioseo.com -->\n\t<meta name=\"description\" content=\"Algunos de nosotros no queremos nada regalado, tratamos de actuar de forma independiente en todo y cada uno de los aspectos de nuestra vida. Solemos tener un criterio propio y una opini\u00f3n personal ajena a las corrientes y tendencias de la mayor\u00eda, somos m\u00e1s cr\u00edticos y exigentes con nosotros mismos, sabemos que el mundo no\" \/>\n\t<meta name=\"robots\" content=\"max-image-preview:large\" \/>\n\t<meta name=\"author\" content=\"El Digital de Asturias\"\/>\n\t<meta name=\"google-site-verification\" content=\"UA-38556648-1\" \/>\n\t<meta name=\"msvalidate.01\" content=\"7dfe9f3f1b24437ab69f4f2559babe99\" \/>\n\t<meta name=\"keywords\" content=\"econom\u00eda\" \/>\n\t<link rel=\"canonical\" href=\"https:\/\/www.eldigitaldeasturias.com\/noticias\/los-emprendedores-una-clase-diferente-de-personas\/\" \/>\n\t<meta name=\"generator\" content=\"All in One SEO Pro (AIOSEO) 4.9.6.2\" \/>\n\t\t<meta property=\"og:locale\" content=\"es_ES\" \/>\n\t\t<meta property=\"og:site_name\" content=\"El Digital de Asturias\" \/>\n\t\t<meta property=\"og:type\" content=\"article\" \/>\n\t\t<meta property=\"og:title\" content=\"Los emprendedores, una clase diferente de personas - El Digital de Asturias\" \/>\n\t\t<meta property=\"og:description\" content=\"Algunos de nosotros no queremos nada regalado, tratamos de actuar de forma independiente en todo y cada uno de los aspectos de nuestra vida. Solemos tener un criterio propio y una opini\u00f3n personal ajena a las corrientes y tendencias de la mayor\u00eda, somos m\u00e1s cr\u00edticos y exigentes con nosotros mismos, sabemos que el mundo no\" \/>\n\t\t<meta property=\"og:url\" content=\"https:\/\/www.eldigitaldeasturias.com\/noticias\/los-emprendedores-una-clase-diferente-de-personas\/\" \/>\n\t\t<meta property=\"og:image\" content=\"https:\/\/www.eldigitaldeasturias.com\/noticias\/wp-content\/uploads\/2019\/04\/women-1209678_960_720.jpg\" \/>\n\t\t<meta property=\"og:image:secure_url\" content=\"https:\/\/www.eldigitaldeasturias.com\/noticias\/wp-content\/uploads\/2019\/04\/women-1209678_960_720.jpg\" \/>\n\t\t<meta property=\"og:image:width\" content=\"960\" \/>\n\t\t<meta property=\"og:image:height\" content=\"640\" \/>\n\t\t<meta property=\"article:tag\" content=\"econom\u00eda\" \/>\n\t\t<meta property=\"article:published_time\" content=\"2019-04-01T13:25:29+00:00\" \/>\n\t\t<meta property=\"article:modified_time\" content=\"2019-04-01T13:25:29+00:00\" \/>\n\t\t<meta property=\"article:publisher\" content=\"https:\/\/facebook.com\/eldigitaldeasturias\" \/>\n\t\t<meta name=\"twitter:card\" content=\"summary_large_image\" \/>\n\t\t<meta name=\"twitter:title\" content=\"Los emprendedores, una clase diferente de personas - El Digital de Asturias\" \/>\n\t\t<meta name=\"twitter:description\" content=\"Algunos de nosotros no queremos nada regalado, tratamos de actuar de forma independiente en todo y cada uno de los aspectos de nuestra vida. Solemos tener un criterio propio y una opini\u00f3n personal ajena a las corrientes y tendencias de la mayor\u00eda, somos m\u00e1s cr\u00edticos y exigentes con nosotros mismos, sabemos que el mundo no\" \/>\n\t\t<meta name=\"twitter:image\" content=\"https:\/\/www.eldigitaldeasturias.com\/noticias\/wp-content\/uploads\/2019\/04\/women-1209678_960_720.jpg\" \/>\n\t\t<meta name=\"twitter:label1\" content=\"Escrito por\" \/>\n\t\t<meta name=\"twitter:data1\" content=\"El Digital de Asturias\" \/>\n\t\t<meta name=\"twitter:label2\" content=\"Tiempo de lectura estimado\" \/>\n\t\t<meta name=\"twitter:data2\" content=\"5 minutos\" \/>\n\t\t<script type=\"application\/ld+json\" class=\"aioseo-schema\">\n\t\t\t{\"@context\":\"https:\\\/\\\/schema.org\",\"@graph\":[{\"@type\":\"BlogPosting\",\"@id\":\"https:\\\/\\\/www.eldigitaldeasturias.com\\\/noticias\\\/los-emprendedores-una-clase-diferente-de-personas\\\/#blogposting\",\"name\":\"Los emprendedores, una clase diferente de personas - El Digital de Asturias\",\"headline\":\"Los emprendedores, una clase diferente de personas\",\"author\":{\"@id\":\"https:\\\/\\\/www.eldigitaldeasturias.com\\\/noticias\\\/author\\\/admin\\\/#author\"},\"publisher\":{\"@id\":\"https:\\\/\\\/www.eldigitaldeasturias.com\\\/noticias\\\/#organization\"},\"image\":{\"@type\":\"ImageObject\",\"url\":\"https:\\\/\\\/www.eldigitaldeasturias.com\\\/noticias\\\/wp-content\\\/uploads\\\/2019\\\/04\\\/women-1209678_960_720.jpg\",\"width\":960,\"height\":640},\"datePublished\":\"2019-04-01T13:25:29+02:00\",\"dateModified\":\"2019-04-01T13:25:29+02:00\",\"inLanguage\":\"es-ES\",\"mainEntityOfPage\":{\"@id\":\"https:\\\/\\\/www.eldigitaldeasturias.com\\\/noticias\\\/los-emprendedores-una-clase-diferente-de-personas\\\/#webpage\"},\"isPartOf\":{\"@id\":\"https:\\\/\\\/www.eldigitaldeasturias.com\\\/noticias\\\/los-emprendedores-una-clase-diferente-de-personas\\\/#webpage\"},\"articleSection\":\"Econom\\u00eda\"},{\"@type\":\"BreadcrumbList\",\"@id\":\"https:\\\/\\\/www.eldigitaldeasturias.com\\\/noticias\\\/los-emprendedores-una-clase-diferente-de-personas\\\/#breadcrumblist\",\"itemListElement\":[{\"@type\":\"ListItem\",\"@id\":\"https:\\\/\\\/www.eldigitaldeasturias.com\\\/noticias#listItem\",\"position\":1,\"name\":\"Home\",\"item\":\"https:\\\/\\\/www.eldigitaldeasturias.com\\\/noticias\",\"nextItem\":{\"@type\":\"ListItem\",\"@id\":\"https:\\\/\\\/www.eldigitaldeasturias.com\\\/noticias\\\/category\\\/economia\\\/#listItem\",\"name\":\"Econom\\u00eda\"}},{\"@type\":\"ListItem\",\"@id\":\"https:\\\/\\\/www.eldigitaldeasturias.com\\\/noticias\\\/category\\\/economia\\\/#listItem\",\"position\":2,\"name\":\"Econom\\u00eda\",\"item\":\"https:\\\/\\\/www.eldigitaldeasturias.com\\\/noticias\\\/category\\\/economia\\\/\",\"nextItem\":{\"@type\":\"ListItem\",\"@id\":\"https:\\\/\\\/www.eldigitaldeasturias.com\\\/noticias\\\/los-emprendedores-una-clase-diferente-de-personas\\\/#listItem\",\"name\":\"Los emprendedores, una clase diferente de personas\"},\"previousItem\":{\"@type\":\"ListItem\",\"@id\":\"https:\\\/\\\/www.eldigitaldeasturias.com\\\/noticias#listItem\",\"name\":\"Home\"}},{\"@type\":\"ListItem\",\"@id\":\"https:\\\/\\\/www.eldigitaldeasturias.com\\\/noticias\\\/los-emprendedores-una-clase-diferente-de-personas\\\/#listItem\",\"position\":3,\"name\":\"Los emprendedores, una clase diferente de personas\",\"previousItem\":{\"@type\":\"ListItem\",\"@id\":\"https:\\\/\\\/www.eldigitaldeasturias.com\\\/noticias\\\/category\\\/economia\\\/#listItem\",\"name\":\"Econom\\u00eda\"}}]},{\"@type\":\"Organization\",\"@id\":\"https:\\\/\\\/www.eldigitaldeasturias.com\\\/noticias\\\/#organization\",\"name\":\"El Digital de Asturias\",\"description\":\"Hemeroteca\",\"url\":\"https:\\\/\\\/www.eldigitaldeasturias.com\\\/noticias\\\/\",\"email\":\"info@eldigitaldeasturias.com\",\"telephone\":\"+34652131393\",\"logo\":{\"@type\":\"ImageObject\",\"url\":\"https:\\\/\\\/www.eldigitaldeasturias.com\\\/noticias\\\/wp-content\\\/uploads\\\/2020\\\/12\\\/EDA.jpg\",\"@id\":\"https:\\\/\\\/www.eldigitaldeasturias.com\\\/noticias\\\/los-emprendedores-una-clase-diferente-de-personas\\\/#organizationLogo\",\"width\":649,\"height\":297},\"image\":{\"@id\":\"https:\\\/\\\/www.eldigitaldeasturias.com\\\/noticias\\\/los-emprendedores-una-clase-diferente-de-personas\\\/#organizationLogo\"},\"sameAs\":[\"https:\\\/\\\/facebook.com\\\/eldigitaldeasturias\",\"https:\\\/\\\/www.youtube.com\\\/channel\\\/UCZP-2wLEB9Rv6erhFmqVnvg\"],\"address\":{\"@id\":\"https:\\\/\\\/www.eldigitaldeasturias.com\\\/noticias\\\/#postaladdress\",\"@type\":\"PostalAddress\",\"streetAddress\":\"san antonio 4,\",\"postalCode\":\"33430\",\"addressLocality\":\"Cand\\u00e1s\",\"addressRegion\":\"Asturias\",\"addressCountry\":\"ES\"}},{\"@type\":\"Person\",\"@id\":\"https:\\\/\\\/www.eldigitaldeasturias.com\\\/noticias\\\/author\\\/admin\\\/#author\",\"url\":\"https:\\\/\\\/www.eldigitaldeasturias.com\\\/noticias\\\/author\\\/admin\\\/\",\"name\":\"El Digital de Asturias\",\"image\":{\"@type\":\"ImageObject\",\"@id\":\"https:\\\/\\\/www.eldigitaldeasturias.com\\\/noticias\\\/los-emprendedores-una-clase-diferente-de-personas\\\/#authorImage\",\"url\":\"https:\\\/\\\/www.eldigitaldeasturias.com\\\/noticias\\\/wp-content\\\/litespeed\\\/avatar\\\/18677e78aa0546b92d9dbf31ec7d7668.jpg?ver=1777290358\",\"width\":96,\"height\":96,\"caption\":\"El Digital de Asturias\"}},{\"@type\":\"WebPage\",\"@id\":\"https:\\\/\\\/www.eldigitaldeasturias.com\\\/noticias\\\/los-emprendedores-una-clase-diferente-de-personas\\\/#webpage\",\"url\":\"https:\\\/\\\/www.eldigitaldeasturias.com\\\/noticias\\\/los-emprendedores-una-clase-diferente-de-personas\\\/\",\"name\":\"Los emprendedores, una clase diferente de personas - El Digital de Asturias\",\"description\":\"Algunos de nosotros no queremos nada regalado, tratamos de actuar de forma independiente en todo y cada uno de los aspectos de nuestra vida. Solemos tener un criterio propio y una opini\\u00f3n personal ajena a las corrientes y tendencias de la mayor\\u00eda, somos m\\u00e1s cr\\u00edticos y exigentes con nosotros mismos, sabemos que el mundo no\",\"inLanguage\":\"es-ES\",\"isPartOf\":{\"@id\":\"https:\\\/\\\/www.eldigitaldeasturias.com\\\/noticias\\\/#website\"},\"breadcrumb\":{\"@id\":\"https:\\\/\\\/www.eldigitaldeasturias.com\\\/noticias\\\/los-emprendedores-una-clase-diferente-de-personas\\\/#breadcrumblist\"},\"author\":{\"@id\":\"https:\\\/\\\/www.eldigitaldeasturias.com\\\/noticias\\\/author\\\/admin\\\/#author\"},\"creator\":{\"@id\":\"https:\\\/\\\/www.eldigitaldeasturias.com\\\/noticias\\\/author\\\/admin\\\/#author\"},\"image\":{\"@type\":\"ImageObject\",\"url\":\"https:\\\/\\\/www.eldigitaldeasturias.com\\\/noticias\\\/wp-content\\\/uploads\\\/2019\\\/04\\\/women-1209678_960_720.jpg\",\"@id\":\"https:\\\/\\\/www.eldigitaldeasturias.com\\\/noticias\\\/los-emprendedores-una-clase-diferente-de-personas\\\/#mainImage\",\"width\":960,\"height\":640},\"primaryImageOfPage\":{\"@id\":\"https:\\\/\\\/www.eldigitaldeasturias.com\\\/noticias\\\/los-emprendedores-una-clase-diferente-de-personas\\\/#mainImage\"},\"datePublished\":\"2019-04-01T13:25:29+02:00\",\"dateModified\":\"2019-04-01T13:25:29+02:00\"},{\"@type\":\"WebSite\",\"@id\":\"https:\\\/\\\/www.eldigitaldeasturias.com\\\/noticias\\\/#website\",\"url\":\"https:\\\/\\\/www.eldigitaldeasturias.com\\\/noticias\\\/\",\"name\":\"El Digital de Asturias - Diario de actualidad y noticias\",\"alternateName\":\"El Digital de Asturias - Diario de actualidad y noticias\",\"description\":\"Hemeroteca\",\"inLanguage\":\"es-ES\",\"publisher\":{\"@id\":\"https:\\\/\\\/www.eldigitaldeasturias.com\\\/noticias\\\/#organization\"}}]}\n\t\t<\/script>\n\t\t<!-- All in One SEO Pro -->\r\n\t\t<title>Los emprendedores, una clase diferente de personas - El Digital de Asturias<\/title>\n\n","aioseo_head_json":{"title":"Los emprendedores, una clase diferente de personas - El Digital de Asturias","description":"Algunos de nosotros no queremos nada regalado, tratamos de actuar de forma independiente en todo y cada uno de los aspectos de nuestra vida. Solemos tener un criterio propio y una opini\u00f3n personal ajena a las corrientes y tendencias de la mayor\u00eda, somos m\u00e1s cr\u00edticos y exigentes con nosotros mismos, sabemos que el mundo no","canonical_url":"https:\/\/www.eldigitaldeasturias.com\/noticias\/los-emprendedores-una-clase-diferente-de-personas\/","robots":"max-image-preview:large","keywords":"econom\u00eda","webmasterTools":{"google-site-verification":"UA-38556648-1","msvalidate.01":"7dfe9f3f1b24437ab69f4f2559babe99","miscellaneous":""},"schema":{"@context":"https:\/\/schema.org","@graph":[{"@type":"BlogPosting","@id":"https:\/\/www.eldigitaldeasturias.com\/noticias\/los-emprendedores-una-clase-diferente-de-personas\/#blogposting","name":"Los emprendedores, una clase diferente de personas - El Digital de Asturias","headline":"Los emprendedores, una clase diferente de personas","author":{"@id":"https:\/\/www.eldigitaldeasturias.com\/noticias\/author\/admin\/#author"},"publisher":{"@id":"https:\/\/www.eldigitaldeasturias.com\/noticias\/#organization"},"image":{"@type":"ImageObject","url":"https:\/\/www.eldigitaldeasturias.com\/noticias\/wp-content\/uploads\/2019\/04\/women-1209678_960_720.jpg","width":960,"height":640},"datePublished":"2019-04-01T13:25:29+02:00","dateModified":"2019-04-01T13:25:29+02:00","inLanguage":"es-ES","mainEntityOfPage":{"@id":"https:\/\/www.eldigitaldeasturias.com\/noticias\/los-emprendedores-una-clase-diferente-de-personas\/#webpage"},"isPartOf":{"@id":"https:\/\/www.eldigitaldeasturias.com\/noticias\/los-emprendedores-una-clase-diferente-de-personas\/#webpage"},"articleSection":"Econom\u00eda"},{"@type":"BreadcrumbList","@id":"https:\/\/www.eldigitaldeasturias.com\/noticias\/los-emprendedores-una-clase-diferente-de-personas\/#breadcrumblist","itemListElement":[{"@type":"ListItem","@id":"https:\/\/www.eldigitaldeasturias.com\/noticias#listItem","position":1,"name":"Home","item":"https:\/\/www.eldigitaldeasturias.com\/noticias","nextItem":{"@type":"ListItem","@id":"https:\/\/www.eldigitaldeasturias.com\/noticias\/category\/economia\/#listItem","name":"Econom\u00eda"}},{"@type":"ListItem","@id":"https:\/\/www.eldigitaldeasturias.com\/noticias\/category\/economia\/#listItem","position":2,"name":"Econom\u00eda","item":"https:\/\/www.eldigitaldeasturias.com\/noticias\/category\/economia\/","nextItem":{"@type":"ListItem","@id":"https:\/\/www.eldigitaldeasturias.com\/noticias\/los-emprendedores-una-clase-diferente-de-personas\/#listItem","name":"Los emprendedores, una clase diferente de personas"},"previousItem":{"@type":"ListItem","@id":"https:\/\/www.eldigitaldeasturias.com\/noticias#listItem","name":"Home"}},{"@type":"ListItem","@id":"https:\/\/www.eldigitaldeasturias.com\/noticias\/los-emprendedores-una-clase-diferente-de-personas\/#listItem","position":3,"name":"Los emprendedores, una clase diferente de personas","previousItem":{"@type":"ListItem","@id":"https:\/\/www.eldigitaldeasturias.com\/noticias\/category\/economia\/#listItem","name":"Econom\u00eda"}}]},{"@type":"Organization","@id":"https:\/\/www.eldigitaldeasturias.com\/noticias\/#organization","name":"El Digital de Asturias","description":"Hemeroteca","url":"https:\/\/www.eldigitaldeasturias.com\/noticias\/","email":"info@eldigitaldeasturias.com","telephone":"+34652131393","logo":{"@type":"ImageObject","url":"https:\/\/www.eldigitaldeasturias.com\/noticias\/wp-content\/uploads\/2020\/12\/EDA.jpg","@id":"https:\/\/www.eldigitaldeasturias.com\/noticias\/los-emprendedores-una-clase-diferente-de-personas\/#organizationLogo","width":649,"height":297},"image":{"@id":"https:\/\/www.eldigitaldeasturias.com\/noticias\/los-emprendedores-una-clase-diferente-de-personas\/#organizationLogo"},"sameAs":["https:\/\/facebook.com\/eldigitaldeasturias","https:\/\/www.youtube.com\/channel\/UCZP-2wLEB9Rv6erhFmqVnvg"],"address":{"@id":"https:\/\/www.eldigitaldeasturias.com\/noticias\/#postaladdress","@type":"PostalAddress","streetAddress":"san antonio 4,","postalCode":"33430","addressLocality":"Cand\u00e1s","addressRegion":"Asturias","addressCountry":"ES"}},{"@type":"Person","@id":"https:\/\/www.eldigitaldeasturias.com\/noticias\/author\/admin\/#author","url":"https:\/\/www.eldigitaldeasturias.com\/noticias\/author\/admin\/","name":"El Digital de Asturias","image":{"@type":"ImageObject","@id":"https:\/\/www.eldigitaldeasturias.com\/noticias\/los-emprendedores-una-clase-diferente-de-personas\/#authorImage","url":"https:\/\/www.eldigitaldeasturias.com\/noticias\/wp-content\/litespeed\/avatar\/18677e78aa0546b92d9dbf31ec7d7668.jpg?ver=1777290358","width":96,"height":96,"caption":"El Digital de Asturias"}},{"@type":"WebPage","@id":"https:\/\/www.eldigitaldeasturias.com\/noticias\/los-emprendedores-una-clase-diferente-de-personas\/#webpage","url":"https:\/\/www.eldigitaldeasturias.com\/noticias\/los-emprendedores-una-clase-diferente-de-personas\/","name":"Los emprendedores, una clase diferente de personas - El Digital de Asturias","description":"Algunos de nosotros no queremos nada regalado, tratamos de actuar de forma independiente en todo y cada uno de los aspectos de nuestra vida. Solemos tener un criterio propio y una opini\u00f3n personal ajena a las corrientes y tendencias de la mayor\u00eda, somos m\u00e1s cr\u00edticos y exigentes con nosotros mismos, sabemos que el mundo no","inLanguage":"es-ES","isPartOf":{"@id":"https:\/\/www.eldigitaldeasturias.com\/noticias\/#website"},"breadcrumb":{"@id":"https:\/\/www.eldigitaldeasturias.com\/noticias\/los-emprendedores-una-clase-diferente-de-personas\/#breadcrumblist"},"author":{"@id":"https:\/\/www.eldigitaldeasturias.com\/noticias\/author\/admin\/#author"},"creator":{"@id":"https:\/\/www.eldigitaldeasturias.com\/noticias\/author\/admin\/#author"},"image":{"@type":"ImageObject","url":"https:\/\/www.eldigitaldeasturias.com\/noticias\/wp-content\/uploads\/2019\/04\/women-1209678_960_720.jpg","@id":"https:\/\/www.eldigitaldeasturias.com\/noticias\/los-emprendedores-una-clase-diferente-de-personas\/#mainImage","width":960,"height":640},"primaryImageOfPage":{"@id":"https:\/\/www.eldigitaldeasturias.com\/noticias\/los-emprendedores-una-clase-diferente-de-personas\/#mainImage"},"datePublished":"2019-04-01T13:25:29+02:00","dateModified":"2019-04-01T13:25:29+02:00"},{"@type":"WebSite","@id":"https:\/\/www.eldigitaldeasturias.com\/noticias\/#website","url":"https:\/\/www.eldigitaldeasturias.com\/noticias\/","name":"El Digital de Asturias - Diario de actualidad y noticias","alternateName":"El Digital de Asturias - Diario de actualidad y noticias","description":"Hemeroteca","inLanguage":"es-ES","publisher":{"@id":"https:\/\/www.eldigitaldeasturias.com\/noticias\/#organization"}}]},"og:locale":"es_ES","og:site_name":"El Digital de Asturias","og:type":"article","og:title":"Los emprendedores, una clase diferente de personas - El Digital de Asturias","og:description":"Algunos de nosotros no queremos nada regalado, tratamos de actuar de forma independiente en todo y cada uno de los aspectos de nuestra vida. Solemos tener un criterio propio y una opini\u00f3n personal ajena a las corrientes y tendencias de la mayor\u00eda, somos m\u00e1s cr\u00edticos y exigentes con nosotros mismos, sabemos que el mundo no","og:url":"https:\/\/www.eldigitaldeasturias.com\/noticias\/los-emprendedores-una-clase-diferente-de-personas\/","og:image":"https:\/\/www.eldigitaldeasturias.com\/noticias\/wp-content\/uploads\/2019\/04\/women-1209678_960_720.jpg","og:image:secure_url":"https:\/\/www.eldigitaldeasturias.com\/noticias\/wp-content\/uploads\/2019\/04\/women-1209678_960_720.jpg","og:image:width":960,"og:image:height":640,"article:tag":["econom\u00eda"],"article:published_time":"2019-04-01T13:25:29+00:00","article:modified_time":"2019-04-01T13:25:29+00:00","article:publisher":"https:\/\/facebook.com\/eldigitaldeasturias","twitter:card":"summary_large_image","twitter:title":"Los emprendedores, una clase diferente de personas - El Digital de Asturias","twitter:description":"Algunos de nosotros no queremos nada regalado, tratamos de actuar de forma independiente en todo y cada uno de los aspectos de nuestra vida. Solemos tener un criterio propio y una opini\u00f3n personal ajena a las corrientes y tendencias de la mayor\u00eda, somos m\u00e1s cr\u00edticos y exigentes con nosotros mismos, sabemos que el mundo no","twitter:image":"https:\/\/www.eldigitaldeasturias.com\/noticias\/wp-content\/uploads\/2019\/04\/women-1209678_960_720.jpg","twitter:label1":"Escrito por","twitter:data1":"El Digital de Asturias","twitter:label2":"Tiempo de lectura estimado","twitter:data2":"5 minutos"},"aioseo_meta_data":{"post_id":"1022416","title":null,"description":null,"keywords":null,"keyphrases":null,"primary_term":null,"canonical_url":null,"og_title":null,"og_description":null,"og_object_type":"default","og_image_type":"default","og_image_url":null,"og_image_width":null,"og_image_height":null,"og_image_custom_url":null,"og_image_custom_fields":null,"og_video":null,"og_custom_url":null,"og_article_section":null,"og_article_tags":null,"twitter_use_og":false,"twitter_card":"default","twitter_image_type":"default","twitter_image_url":null,"twitter_image_custom_url":null,"twitter_image_custom_fields":null,"twitter_title":null,"twitter_description":null,"schema":{"blockGraphs":[],"customGraphs":[],"default":{"data":{"Article":[],"Course":[],"Dataset":[],"FAQPage":[],"Movie":[],"Person":[],"Product":[],"ProductReview":[],"Car":[],"Recipe":[],"Service":[],"SoftwareApplication":[],"WebPage":[]},"graphName":"","isEnabled":true},"graphs":[],"defaultGraph":"","defaultPostTypeGraph":""},"schema_type":null,"schema_type_options":null,"pillar_content":false,"robots_default":true,"robots_noindex":false,"robots_noarchive":false,"robots_nosnippet":false,"robots_nofollow":false,"robots_noimageindex":false,"robots_noodp":false,"robots_notranslate":false,"robots_max_snippet":null,"robots_max_videopreview":null,"robots_max_imagepreview":"large","priority":null,"frequency":null,"local_seo":null,"seo_analyzer_scan_date":"2025-10-17 08:01:11","breadcrumb_settings":null,"limit_modified_date":false,"open_ai":null,"ai":null,"created":"2020-12-21 11:15:48","updated":"2025-10-17 08:01:11"},"aioseo_breadcrumb":"<div class=\"aioseo-breadcrumbs\"><span class=\"aioseo-breadcrumb\">\n\t<a href=\"https:\/\/www.eldigitaldeasturias.com\/noticias\" title=\"Home\">Home<\/a>\n<\/span><span class=\"aioseo-breadcrumb-separator\">\u2013<\/span><span class=\"aioseo-breadcrumb\">\n\t<a href=\"https:\/\/www.eldigitaldeasturias.com\/noticias\/category\/economia\/\" title=\"Econom\u00eda\">Econom\u00eda<\/a>\n<\/span><span class=\"aioseo-breadcrumb-separator\">\u2013<\/span><span class=\"aioseo-breadcrumb\">\n\t<a href=\"https:\/\/www.eldigitaldeasturias.com\/noticias\/los-emprendedores-una-clase-diferente-de-personas\/\" title=\"Los emprendedores, una clase diferente de personas\">Los emprendedores, una clase diferente de personas<\/a>\n<\/span><\/div>","aioseo_breadcrumb_json":[{"label":"Home","link":"https:\/\/www.eldigitaldeasturias.com\/noticias"},{"label":"Econom\u00eda","link":"https:\/\/www.eldigitaldeasturias.com\/noticias\/category\/economia\/"},{"label":"Los emprendedores, una clase diferente de personas","link":"https:\/\/www.eldigitaldeasturias.com\/noticias\/los-emprendedores-una-clase-diferente-de-personas\/"}],"_links":{"self":[{"href":"https:\/\/www.eldigitaldeasturias.com\/noticias\/wp-json\/wp\/v2\/posts\/1022416","targetHints":{"allow":["GET"]}}],"collection":[{"href":"https:\/\/www.eldigitaldeasturias.com\/noticias\/wp-json\/wp\/v2\/posts"}],"about":[{"href":"https:\/\/www.eldigitaldeasturias.com\/noticias\/wp-json\/wp\/v2\/types\/post"}],"author":[{"embeddable":true,"href":"https:\/\/www.eldigitaldeasturias.com\/noticias\/wp-json\/wp\/v2\/users\/1"}],"replies":[{"embeddable":true,"href":"https:\/\/www.eldigitaldeasturias.com\/noticias\/wp-json\/wp\/v2\/comments?post=1022416"}],"version-history":[{"count":0,"href":"https:\/\/www.eldigitaldeasturias.com\/noticias\/wp-json\/wp\/v2\/posts\/1022416\/revisions"}],"wp:featuredmedia":[{"embeddable":true,"href":"https:\/\/www.eldigitaldeasturias.com\/noticias\/wp-json\/wp\/v2\/media\/1022424"}],"wp:attachment":[{"href":"https:\/\/www.eldigitaldeasturias.com\/noticias\/wp-json\/wp\/v2\/media?parent=1022416"}],"wp:term":[{"taxonomy":"category","embeddable":true,"href":"https:\/\/www.eldigitaldeasturias.com\/noticias\/wp-json\/wp\/v2\/categories?post=1022416"},{"taxonomy":"post_tag","embeddable":true,"href":"https:\/\/www.eldigitaldeasturias.com\/noticias\/wp-json\/wp\/v2\/tags?post=1022416"}],"curies":[{"name":"wp","href":"https:\/\/api.w.org\/{rel}","templated":true}]}}