{"id":1022096,"date":"2019-03-29T16:48:57","date_gmt":"2019-03-29T16:48:57","guid":{"rendered":"https:\/\/www.eldigitaldeasturias.com\/noticias\/?p=1022096"},"modified":"2019-03-29T16:48:57","modified_gmt":"2019-03-29T16:48:57","slug":"los-alemanes-en-contra-de-postergar-mucho-mas-el-brexit","status":"publish","type":"post","link":"https:\/\/www.eldigitaldeasturias.com\/noticias\/los-alemanes-en-contra-de-postergar-mucho-mas-el-brexit\/","title":{"rendered":"Los alemanes, en contra de postergar mucho m\u00e1s el Brexit"},"content":{"rendered":"<p><img loading=\"lazy\" decoding=\"async\" class=\"alignleft size-medium wp-image-1017456\" src=\"https:\/\/www.eldigitaldeasturias.com\/noticias\/wp-content\/uploads\/2019\/02\/brexit-360x270.jpg\" alt=\"\" width=\"360\" height=\"270\" srcset=\"https:\/\/www.eldigitaldeasturias.com\/noticias\/wp-content\/uploads\/2019\/02\/brexit-360x270.jpg 360w, https:\/\/www.eldigitaldeasturias.com\/noticias\/wp-content\/uploads\/2019\/02\/brexit-768x576.jpg 768w, https:\/\/www.eldigitaldeasturias.com\/noticias\/wp-content\/uploads\/2019\/02\/brexit-640x480.jpg 640w, https:\/\/www.eldigitaldeasturias.com\/noticias\/wp-content\/uploads\/2019\/02\/brexit-90x67.jpg 90w, https:\/\/www.eldigitaldeasturias.com\/noticias\/wp-content\/uploads\/2019\/02\/brexit.jpg 960w\" sizes=\"auto, (max-width: 360px) 100vw, 360px\" \/>Berlin, 28 mar (dpa) &#8211; Cerca de dos tercios de los alemanes, un 67 por ciento, se manifest\u00f3 en contra de que la decisi\u00f3n sobre la salida del Reino Unido de la Uni\u00f3n Europea, conocida como Brexit, se postergue por mucho m\u00e1s tiempo, seg\u00fan la encuesta \u00abPolitbarometer\u00bb de la televisi\u00f3n p\u00fablica alemana ZDF difundida hoy.<\/p>\n<p>En cambio, un cuarto de los ciudadanos alemanes, el 25 por ciento, lo consider\u00f3 algo positivo.<\/p>\n<p>Casi tres cuartos de los consultados, el 73 por ciento, estim\u00f3, sin embargo, que la decisi\u00f3n ser\u00e1 postergada por un tiempo m\u00e1s, de acuerdo a la encuesta realizada por la consultora Forschungsgruppe Wahlen.<\/p>\n<p>En tanto, el 14 por ciento pronostic\u00f3 que en las pr\u00f3ximas semanas se producir\u00e1 una salida desordenada del Reino Unido del bloque europeo. S\u00f3lo un 7 por ciento confi\u00f3 en una salida con acuerdo.<\/p>\n<p>Una amplia mayor\u00eda de los alemanes, casi dos tercios de los encuestados, consider\u00f3 negativa la salida del Reino Unido de la UE, al tiempo que a un 22 por ciento le dio lo mismo, y a un 9 por ciento le pareci\u00f3 bien.<\/p>\n<p>El Parlamento brit\u00e1nico no logr\u00f3 el mi\u00e9rcoles aprobar una alternativa al acuerdo del Brexit al que lleg\u00f3 la jefa de Gobierno Theresa May con la UE. Los legisladores rechazaron diversas variantes propuestas como tambi\u00e9n la posibilidad de celebrar un segundo refer\u00e9ndum sobre el Brexit o de una salida sin acuerdo.<\/p>\n","protected":false},"excerpt":{"rendered":"<p>Berlin, 28 mar (dpa) &#8211; Cerca de dos tercios de los alemanes, un 67 por ciento, se manifest\u00f3 en contra de que la decisi\u00f3n sobre la salida del Reino Unido de la Uni\u00f3n Europea, conocida como Brexit, se postergue por mucho m\u00e1s tiempo, seg\u00fan la encuesta \u00abPolitbarometer\u00bb de la televisi\u00f3n p\u00fablica alemana ZDF difundida hoy. [&hellip;]<\/p>\n","protected":false},"author":1,"featured_media":988811,"comment_status":"closed","ping_status":"closed","sticky":false,"template":"","format":"standard","meta":{"footnotes":""},"categories":[187],"tags":[],"class_list":["post-1022096","post","type-post","status-publish","format-standard","has-post-thumbnail","hentry","category-economia"],"aioseo_notices":[],"aioseo_head":"\n\t\t<!-- All in One SEO Pro 4.9.6.2 - aioseo.com -->\n\t<meta name=\"description\" content=\"Berlin, 28 mar (dpa) - Cerca de dos tercios de los alemanes, un 67 por ciento, se manifest\u00f3 en contra de que la decisi\u00f3n sobre la salida del Reino Unido de la Uni\u00f3n Europea, conocida como Brexit, se postergue por mucho m\u00e1s tiempo, seg\u00fan la encuesta &quot;Politbarometer&quot; de la televisi\u00f3n p\u00fablica alemana ZDF difundida hoy.\" \/>\n\t<meta name=\"robots\" content=\"max-image-preview:large\" \/>\n\t<meta name=\"author\" content=\"El Digital de Asturias\"\/>\n\t<meta name=\"google-site-verification\" content=\"UA-38556648-1\" \/>\n\t<meta name=\"msvalidate.01\" content=\"7dfe9f3f1b24437ab69f4f2559babe99\" \/>\n\t<meta name=\"keywords\" content=\"econom\u00eda\" \/>\n\t<link rel=\"canonical\" href=\"https:\/\/www.eldigitaldeasturias.com\/noticias\/los-alemanes-en-contra-de-postergar-mucho-mas-el-brexit\/\" \/>\n\t<meta name=\"generator\" content=\"All in One SEO Pro (AIOSEO) 4.9.6.2\" \/>\n\t\t<meta property=\"og:locale\" content=\"es_ES\" \/>\n\t\t<meta property=\"og:site_name\" content=\"El Digital de Asturias\" \/>\n\t\t<meta property=\"og:type\" content=\"article\" \/>\n\t\t<meta property=\"og:title\" content=\"Los alemanes, en contra de postergar mucho m\u00e1s el Brexit - El Digital de Asturias\" \/>\n\t\t<meta property=\"og:description\" content=\"Berlin, 28 mar (dpa) - Cerca de dos tercios de los alemanes, un 67 por ciento, se manifest\u00f3 en contra de que la decisi\u00f3n sobre la salida del Reino Unido de la Uni\u00f3n Europea, conocida como Brexit, se postergue por mucho m\u00e1s tiempo, seg\u00fan la encuesta &quot;Politbarometer&quot; de la televisi\u00f3n p\u00fablica alemana ZDF difundida hoy.\" \/>\n\t\t<meta property=\"og:url\" content=\"https:\/\/www.eldigitaldeasturias.com\/noticias\/los-alemanes-en-contra-de-postergar-mucho-mas-el-brexit\/\" \/>\n\t\t<meta property=\"og:image\" content=\"https:\/\/www.eldigitaldeasturias.com\/noticias\/wp-content\/uploads\/2018\/07\/brexit-1481024_960_720.jpg\" \/>\n\t\t<meta property=\"og:image:secure_url\" content=\"https:\/\/www.eldigitaldeasturias.com\/noticias\/wp-content\/uploads\/2018\/07\/brexit-1481024_960_720.jpg\" \/>\n\t\t<meta property=\"og:image:width\" content=\"960\" \/>\n\t\t<meta property=\"og:image:height\" content=\"663\" \/>\n\t\t<meta property=\"article:tag\" content=\"econom\u00eda\" \/>\n\t\t<meta property=\"article:published_time\" content=\"2019-03-29T16:48:57+00:00\" \/>\n\t\t<meta property=\"article:modified_time\" content=\"2019-03-29T16:48:57+00:00\" \/>\n\t\t<meta property=\"article:publisher\" content=\"https:\/\/facebook.com\/eldigitaldeasturias\" \/>\n\t\t<meta name=\"twitter:card\" content=\"summary_large_image\" \/>\n\t\t<meta name=\"twitter:title\" content=\"Los alemanes, en contra de postergar mucho m\u00e1s el Brexit - El Digital de Asturias\" \/>\n\t\t<meta name=\"twitter:description\" content=\"Berlin, 28 mar (dpa) - Cerca de dos tercios de los alemanes, un 67 por ciento, se manifest\u00f3 en contra de que la decisi\u00f3n sobre la salida del Reino Unido de la Uni\u00f3n Europea, conocida como Brexit, se postergue por mucho m\u00e1s tiempo, seg\u00fan la encuesta &quot;Politbarometer&quot; de la televisi\u00f3n p\u00fablica alemana ZDF difundida hoy.\" \/>\n\t\t<meta name=\"twitter:image\" content=\"https:\/\/www.eldigitaldeasturias.com\/noticias\/wp-content\/uploads\/2018\/07\/brexit-1481024_960_720.jpg\" \/>\n\t\t<meta name=\"twitter:label1\" content=\"Escrito por\" \/>\n\t\t<meta name=\"twitter:data1\" content=\"El Digital de Asturias\" \/>\n\t\t<meta name=\"twitter:label2\" content=\"Tiempo de lectura estimado\" \/>\n\t\t<meta name=\"twitter:data2\" content=\"1 minuto\" \/>\n\t\t<script type=\"application\/ld+json\" class=\"aioseo-schema\">\n\t\t\t{\"@context\":\"https:\\\/\\\/schema.org\",\"@graph\":[{\"@type\":\"BlogPosting\",\"@id\":\"https:\\\/\\\/www.eldigitaldeasturias.com\\\/noticias\\\/los-alemanes-en-contra-de-postergar-mucho-mas-el-brexit\\\/#blogposting\",\"name\":\"Los alemanes, en contra de postergar mucho m\\u00e1s el Brexit - El Digital de Asturias\",\"headline\":\"Los alemanes, en contra de postergar mucho m\\u00e1s el Brexit\",\"author\":{\"@id\":\"https:\\\/\\\/www.eldigitaldeasturias.com\\\/noticias\\\/author\\\/admin\\\/#author\"},\"publisher\":{\"@id\":\"https:\\\/\\\/www.eldigitaldeasturias.com\\\/noticias\\\/#organization\"},\"image\":{\"@type\":\"ImageObject\",\"url\":\"https:\\\/\\\/www.eldigitaldeasturias.com\\\/noticias\\\/wp-content\\\/uploads\\\/2018\\\/07\\\/brexit-1481024_960_720.jpg\",\"width\":960,\"height\":663},\"datePublished\":\"2019-03-29T16:48:57+01:00\",\"dateModified\":\"2019-03-29T16:48:57+01:00\",\"inLanguage\":\"es-ES\",\"mainEntityOfPage\":{\"@id\":\"https:\\\/\\\/www.eldigitaldeasturias.com\\\/noticias\\\/los-alemanes-en-contra-de-postergar-mucho-mas-el-brexit\\\/#webpage\"},\"isPartOf\":{\"@id\":\"https:\\\/\\\/www.eldigitaldeasturias.com\\\/noticias\\\/los-alemanes-en-contra-de-postergar-mucho-mas-el-brexit\\\/#webpage\"},\"articleSection\":\"Econom\\u00eda\"},{\"@type\":\"BreadcrumbList\",\"@id\":\"https:\\\/\\\/www.eldigitaldeasturias.com\\\/noticias\\\/los-alemanes-en-contra-de-postergar-mucho-mas-el-brexit\\\/#breadcrumblist\",\"itemListElement\":[{\"@type\":\"ListItem\",\"@id\":\"https:\\\/\\\/www.eldigitaldeasturias.com\\\/noticias#listItem\",\"position\":1,\"name\":\"Home\",\"item\":\"https:\\\/\\\/www.eldigitaldeasturias.com\\\/noticias\",\"nextItem\":{\"@type\":\"ListItem\",\"@id\":\"https:\\\/\\\/www.eldigitaldeasturias.com\\\/noticias\\\/category\\\/economia\\\/#listItem\",\"name\":\"Econom\\u00eda\"}},{\"@type\":\"ListItem\",\"@id\":\"https:\\\/\\\/www.eldigitaldeasturias.com\\\/noticias\\\/category\\\/economia\\\/#listItem\",\"position\":2,\"name\":\"Econom\\u00eda\",\"item\":\"https:\\\/\\\/www.eldigitaldeasturias.com\\\/noticias\\\/category\\\/economia\\\/\",\"nextItem\":{\"@type\":\"ListItem\",\"@id\":\"https:\\\/\\\/www.eldigitaldeasturias.com\\\/noticias\\\/los-alemanes-en-contra-de-postergar-mucho-mas-el-brexit\\\/#listItem\",\"name\":\"Los alemanes, en contra de postergar mucho m\\u00e1s el Brexit\"},\"previousItem\":{\"@type\":\"ListItem\",\"@id\":\"https:\\\/\\\/www.eldigitaldeasturias.com\\\/noticias#listItem\",\"name\":\"Home\"}},{\"@type\":\"ListItem\",\"@id\":\"https:\\\/\\\/www.eldigitaldeasturias.com\\\/noticias\\\/los-alemanes-en-contra-de-postergar-mucho-mas-el-brexit\\\/#listItem\",\"position\":3,\"name\":\"Los alemanes, en contra de postergar mucho m\\u00e1s el Brexit\",\"previousItem\":{\"@type\":\"ListItem\",\"@id\":\"https:\\\/\\\/www.eldigitaldeasturias.com\\\/noticias\\\/category\\\/economia\\\/#listItem\",\"name\":\"Econom\\u00eda\"}}]},{\"@type\":\"Organization\",\"@id\":\"https:\\\/\\\/www.eldigitaldeasturias.com\\\/noticias\\\/#organization\",\"name\":\"El Digital de Asturias\",\"description\":\"Hemeroteca\",\"url\":\"https:\\\/\\\/www.eldigitaldeasturias.com\\\/noticias\\\/\",\"email\":\"info@eldigitaldeasturias.com\",\"telephone\":\"+34652131393\",\"logo\":{\"@type\":\"ImageObject\",\"url\":\"https:\\\/\\\/www.eldigitaldeasturias.com\\\/noticias\\\/wp-content\\\/uploads\\\/2020\\\/12\\\/EDA.jpg\",\"@id\":\"https:\\\/\\\/www.eldigitaldeasturias.com\\\/noticias\\\/los-alemanes-en-contra-de-postergar-mucho-mas-el-brexit\\\/#organizationLogo\",\"width\":649,\"height\":297},\"image\":{\"@id\":\"https:\\\/\\\/www.eldigitaldeasturias.com\\\/noticias\\\/los-alemanes-en-contra-de-postergar-mucho-mas-el-brexit\\\/#organizationLogo\"},\"sameAs\":[\"https:\\\/\\\/facebook.com\\\/eldigitaldeasturias\",\"https:\\\/\\\/www.youtube.com\\\/channel\\\/UCZP-2wLEB9Rv6erhFmqVnvg\"],\"address\":{\"@id\":\"https:\\\/\\\/www.eldigitaldeasturias.com\\\/noticias\\\/#postaladdress\",\"@type\":\"PostalAddress\",\"streetAddress\":\"san antonio 4,\",\"postalCode\":\"33430\",\"addressLocality\":\"Cand\\u00e1s\",\"addressRegion\":\"Asturias\",\"addressCountry\":\"ES\"}},{\"@type\":\"Person\",\"@id\":\"https:\\\/\\\/www.eldigitaldeasturias.com\\\/noticias\\\/author\\\/admin\\\/#author\",\"url\":\"https:\\\/\\\/www.eldigitaldeasturias.com\\\/noticias\\\/author\\\/admin\\\/\",\"name\":\"El Digital de Asturias\",\"image\":{\"@type\":\"ImageObject\",\"@id\":\"https:\\\/\\\/www.eldigitaldeasturias.com\\\/noticias\\\/los-alemanes-en-contra-de-postergar-mucho-mas-el-brexit\\\/#authorImage\",\"url\":\"https:\\\/\\\/www.eldigitaldeasturias.com\\\/noticias\\\/wp-content\\\/litespeed\\\/avatar\\\/18677e78aa0546b92d9dbf31ec7d7668.jpg?ver=1777290358\",\"width\":96,\"height\":96,\"caption\":\"El Digital de Asturias\"}},{\"@type\":\"WebPage\",\"@id\":\"https:\\\/\\\/www.eldigitaldeasturias.com\\\/noticias\\\/los-alemanes-en-contra-de-postergar-mucho-mas-el-brexit\\\/#webpage\",\"url\":\"https:\\\/\\\/www.eldigitaldeasturias.com\\\/noticias\\\/los-alemanes-en-contra-de-postergar-mucho-mas-el-brexit\\\/\",\"name\":\"Los alemanes, en contra de postergar mucho m\\u00e1s el Brexit - El Digital de Asturias\",\"description\":\"Berlin, 28 mar (dpa) - Cerca de dos tercios de los alemanes, un 67 por ciento, se manifest\\u00f3 en contra de que la decisi\\u00f3n sobre la salida del Reino Unido de la Uni\\u00f3n Europea, conocida como Brexit, se postergue por mucho m\\u00e1s tiempo, seg\\u00fan la encuesta \\\"Politbarometer\\\" de la televisi\\u00f3n p\\u00fablica alemana ZDF difundida hoy.\",\"inLanguage\":\"es-ES\",\"isPartOf\":{\"@id\":\"https:\\\/\\\/www.eldigitaldeasturias.com\\\/noticias\\\/#website\"},\"breadcrumb\":{\"@id\":\"https:\\\/\\\/www.eldigitaldeasturias.com\\\/noticias\\\/los-alemanes-en-contra-de-postergar-mucho-mas-el-brexit\\\/#breadcrumblist\"},\"author\":{\"@id\":\"https:\\\/\\\/www.eldigitaldeasturias.com\\\/noticias\\\/author\\\/admin\\\/#author\"},\"creator\":{\"@id\":\"https:\\\/\\\/www.eldigitaldeasturias.com\\\/noticias\\\/author\\\/admin\\\/#author\"},\"image\":{\"@type\":\"ImageObject\",\"url\":\"https:\\\/\\\/www.eldigitaldeasturias.com\\\/noticias\\\/wp-content\\\/uploads\\\/2018\\\/07\\\/brexit-1481024_960_720.jpg\",\"@id\":\"https:\\\/\\\/www.eldigitaldeasturias.com\\\/noticias\\\/los-alemanes-en-contra-de-postergar-mucho-mas-el-brexit\\\/#mainImage\",\"width\":960,\"height\":663},\"primaryImageOfPage\":{\"@id\":\"https:\\\/\\\/www.eldigitaldeasturias.com\\\/noticias\\\/los-alemanes-en-contra-de-postergar-mucho-mas-el-brexit\\\/#mainImage\"},\"datePublished\":\"2019-03-29T16:48:57+01:00\",\"dateModified\":\"2019-03-29T16:48:57+01:00\"},{\"@type\":\"WebSite\",\"@id\":\"https:\\\/\\\/www.eldigitaldeasturias.com\\\/noticias\\\/#website\",\"url\":\"https:\\\/\\\/www.eldigitaldeasturias.com\\\/noticias\\\/\",\"name\":\"El Digital de Asturias - Diario de actualidad y noticias\",\"alternateName\":\"El Digital de Asturias - Diario de actualidad y noticias\",\"description\":\"Hemeroteca\",\"inLanguage\":\"es-ES\",\"publisher\":{\"@id\":\"https:\\\/\\\/www.eldigitaldeasturias.com\\\/noticias\\\/#organization\"}}]}\n\t\t<\/script>\n\t\t<!-- All in One SEO Pro -->\r\n\t\t<title>Los alemanes, en contra de postergar mucho m\u00e1s el Brexit - El Digital de Asturias<\/title>\n\n","aioseo_head_json":{"title":"Los alemanes, en contra de postergar mucho m\u00e1s el Brexit - El Digital de Asturias","description":"Berlin, 28 mar (dpa) - Cerca de dos tercios de los alemanes, un 67 por ciento, se manifest\u00f3 en contra de que la decisi\u00f3n sobre la salida del Reino Unido de la Uni\u00f3n Europea, conocida como Brexit, se postergue por mucho m\u00e1s tiempo, seg\u00fan la encuesta \"Politbarometer\" de la televisi\u00f3n p\u00fablica alemana ZDF difundida hoy.","canonical_url":"https:\/\/www.eldigitaldeasturias.com\/noticias\/los-alemanes-en-contra-de-postergar-mucho-mas-el-brexit\/","robots":"max-image-preview:large","keywords":"econom\u00eda","webmasterTools":{"google-site-verification":"UA-38556648-1","msvalidate.01":"7dfe9f3f1b24437ab69f4f2559babe99","miscellaneous":""},"schema":{"@context":"https:\/\/schema.org","@graph":[{"@type":"BlogPosting","@id":"https:\/\/www.eldigitaldeasturias.com\/noticias\/los-alemanes-en-contra-de-postergar-mucho-mas-el-brexit\/#blogposting","name":"Los alemanes, en contra de postergar mucho m\u00e1s el Brexit - El Digital de Asturias","headline":"Los alemanes, en contra de postergar mucho m\u00e1s el Brexit","author":{"@id":"https:\/\/www.eldigitaldeasturias.com\/noticias\/author\/admin\/#author"},"publisher":{"@id":"https:\/\/www.eldigitaldeasturias.com\/noticias\/#organization"},"image":{"@type":"ImageObject","url":"https:\/\/www.eldigitaldeasturias.com\/noticias\/wp-content\/uploads\/2018\/07\/brexit-1481024_960_720.jpg","width":960,"height":663},"datePublished":"2019-03-29T16:48:57+01:00","dateModified":"2019-03-29T16:48:57+01:00","inLanguage":"es-ES","mainEntityOfPage":{"@id":"https:\/\/www.eldigitaldeasturias.com\/noticias\/los-alemanes-en-contra-de-postergar-mucho-mas-el-brexit\/#webpage"},"isPartOf":{"@id":"https:\/\/www.eldigitaldeasturias.com\/noticias\/los-alemanes-en-contra-de-postergar-mucho-mas-el-brexit\/#webpage"},"articleSection":"Econom\u00eda"},{"@type":"BreadcrumbList","@id":"https:\/\/www.eldigitaldeasturias.com\/noticias\/los-alemanes-en-contra-de-postergar-mucho-mas-el-brexit\/#breadcrumblist","itemListElement":[{"@type":"ListItem","@id":"https:\/\/www.eldigitaldeasturias.com\/noticias#listItem","position":1,"name":"Home","item":"https:\/\/www.eldigitaldeasturias.com\/noticias","nextItem":{"@type":"ListItem","@id":"https:\/\/www.eldigitaldeasturias.com\/noticias\/category\/economia\/#listItem","name":"Econom\u00eda"}},{"@type":"ListItem","@id":"https:\/\/www.eldigitaldeasturias.com\/noticias\/category\/economia\/#listItem","position":2,"name":"Econom\u00eda","item":"https:\/\/www.eldigitaldeasturias.com\/noticias\/category\/economia\/","nextItem":{"@type":"ListItem","@id":"https:\/\/www.eldigitaldeasturias.com\/noticias\/los-alemanes-en-contra-de-postergar-mucho-mas-el-brexit\/#listItem","name":"Los alemanes, en contra de postergar mucho m\u00e1s el Brexit"},"previousItem":{"@type":"ListItem","@id":"https:\/\/www.eldigitaldeasturias.com\/noticias#listItem","name":"Home"}},{"@type":"ListItem","@id":"https:\/\/www.eldigitaldeasturias.com\/noticias\/los-alemanes-en-contra-de-postergar-mucho-mas-el-brexit\/#listItem","position":3,"name":"Los alemanes, en contra de postergar mucho m\u00e1s el Brexit","previousItem":{"@type":"ListItem","@id":"https:\/\/www.eldigitaldeasturias.com\/noticias\/category\/economia\/#listItem","name":"Econom\u00eda"}}]},{"@type":"Organization","@id":"https:\/\/www.eldigitaldeasturias.com\/noticias\/#organization","name":"El Digital de Asturias","description":"Hemeroteca","url":"https:\/\/www.eldigitaldeasturias.com\/noticias\/","email":"info@eldigitaldeasturias.com","telephone":"+34652131393","logo":{"@type":"ImageObject","url":"https:\/\/www.eldigitaldeasturias.com\/noticias\/wp-content\/uploads\/2020\/12\/EDA.jpg","@id":"https:\/\/www.eldigitaldeasturias.com\/noticias\/los-alemanes-en-contra-de-postergar-mucho-mas-el-brexit\/#organizationLogo","width":649,"height":297},"image":{"@id":"https:\/\/www.eldigitaldeasturias.com\/noticias\/los-alemanes-en-contra-de-postergar-mucho-mas-el-brexit\/#organizationLogo"},"sameAs":["https:\/\/facebook.com\/eldigitaldeasturias","https:\/\/www.youtube.com\/channel\/UCZP-2wLEB9Rv6erhFmqVnvg"],"address":{"@id":"https:\/\/www.eldigitaldeasturias.com\/noticias\/#postaladdress","@type":"PostalAddress","streetAddress":"san antonio 4,","postalCode":"33430","addressLocality":"Cand\u00e1s","addressRegion":"Asturias","addressCountry":"ES"}},{"@type":"Person","@id":"https:\/\/www.eldigitaldeasturias.com\/noticias\/author\/admin\/#author","url":"https:\/\/www.eldigitaldeasturias.com\/noticias\/author\/admin\/","name":"El Digital de Asturias","image":{"@type":"ImageObject","@id":"https:\/\/www.eldigitaldeasturias.com\/noticias\/los-alemanes-en-contra-de-postergar-mucho-mas-el-brexit\/#authorImage","url":"https:\/\/www.eldigitaldeasturias.com\/noticias\/wp-content\/litespeed\/avatar\/18677e78aa0546b92d9dbf31ec7d7668.jpg?ver=1777290358","width":96,"height":96,"caption":"El Digital de Asturias"}},{"@type":"WebPage","@id":"https:\/\/www.eldigitaldeasturias.com\/noticias\/los-alemanes-en-contra-de-postergar-mucho-mas-el-brexit\/#webpage","url":"https:\/\/www.eldigitaldeasturias.com\/noticias\/los-alemanes-en-contra-de-postergar-mucho-mas-el-brexit\/","name":"Los alemanes, en contra de postergar mucho m\u00e1s el Brexit - El Digital de Asturias","description":"Berlin, 28 mar (dpa) - Cerca de dos tercios de los alemanes, un 67 por ciento, se manifest\u00f3 en contra de que la decisi\u00f3n sobre la salida del Reino Unido de la Uni\u00f3n Europea, conocida como Brexit, se postergue por mucho m\u00e1s tiempo, seg\u00fan la encuesta \"Politbarometer\" de la televisi\u00f3n p\u00fablica alemana ZDF difundida hoy.","inLanguage":"es-ES","isPartOf":{"@id":"https:\/\/www.eldigitaldeasturias.com\/noticias\/#website"},"breadcrumb":{"@id":"https:\/\/www.eldigitaldeasturias.com\/noticias\/los-alemanes-en-contra-de-postergar-mucho-mas-el-brexit\/#breadcrumblist"},"author":{"@id":"https:\/\/www.eldigitaldeasturias.com\/noticias\/author\/admin\/#author"},"creator":{"@id":"https:\/\/www.eldigitaldeasturias.com\/noticias\/author\/admin\/#author"},"image":{"@type":"ImageObject","url":"https:\/\/www.eldigitaldeasturias.com\/noticias\/wp-content\/uploads\/2018\/07\/brexit-1481024_960_720.jpg","@id":"https:\/\/www.eldigitaldeasturias.com\/noticias\/los-alemanes-en-contra-de-postergar-mucho-mas-el-brexit\/#mainImage","width":960,"height":663},"primaryImageOfPage":{"@id":"https:\/\/www.eldigitaldeasturias.com\/noticias\/los-alemanes-en-contra-de-postergar-mucho-mas-el-brexit\/#mainImage"},"datePublished":"2019-03-29T16:48:57+01:00","dateModified":"2019-03-29T16:48:57+01:00"},{"@type":"WebSite","@id":"https:\/\/www.eldigitaldeasturias.com\/noticias\/#website","url":"https:\/\/www.eldigitaldeasturias.com\/noticias\/","name":"El Digital de Asturias - Diario de actualidad y noticias","alternateName":"El Digital de Asturias - Diario de actualidad y noticias","description":"Hemeroteca","inLanguage":"es-ES","publisher":{"@id":"https:\/\/www.eldigitaldeasturias.com\/noticias\/#organization"}}]},"og:locale":"es_ES","og:site_name":"El Digital de Asturias","og:type":"article","og:title":"Los alemanes, en contra de postergar mucho m\u00e1s el Brexit - El Digital de Asturias","og:description":"Berlin, 28 mar (dpa) - Cerca de dos tercios de los alemanes, un 67 por ciento, se manifest\u00f3 en contra de que la decisi\u00f3n sobre la salida del Reino Unido de la Uni\u00f3n Europea, conocida como Brexit, se postergue por mucho m\u00e1s tiempo, seg\u00fan la encuesta &quot;Politbarometer&quot; de la televisi\u00f3n p\u00fablica alemana ZDF difundida hoy.","og:url":"https:\/\/www.eldigitaldeasturias.com\/noticias\/los-alemanes-en-contra-de-postergar-mucho-mas-el-brexit\/","og:image":"https:\/\/www.eldigitaldeasturias.com\/noticias\/wp-content\/uploads\/2018\/07\/brexit-1481024_960_720.jpg","og:image:secure_url":"https:\/\/www.eldigitaldeasturias.com\/noticias\/wp-content\/uploads\/2018\/07\/brexit-1481024_960_720.jpg","og:image:width":960,"og:image:height":663,"article:tag":["econom\u00eda"],"article:published_time":"2019-03-29T16:48:57+00:00","article:modified_time":"2019-03-29T16:48:57+00:00","article:publisher":"https:\/\/facebook.com\/eldigitaldeasturias","twitter:card":"summary_large_image","twitter:title":"Los alemanes, en contra de postergar mucho m\u00e1s el Brexit - El Digital de Asturias","twitter:description":"Berlin, 28 mar (dpa) - Cerca de dos tercios de los alemanes, un 67 por ciento, se manifest\u00f3 en contra de que la decisi\u00f3n sobre la salida del Reino Unido de la Uni\u00f3n Europea, conocida como Brexit, se postergue por mucho m\u00e1s tiempo, seg\u00fan la encuesta &quot;Politbarometer&quot; de la televisi\u00f3n p\u00fablica alemana ZDF difundida hoy.","twitter:image":"https:\/\/www.eldigitaldeasturias.com\/noticias\/wp-content\/uploads\/2018\/07\/brexit-1481024_960_720.jpg","twitter:label1":"Escrito por","twitter:data1":"El Digital de Asturias","twitter:label2":"Tiempo de lectura estimado","twitter:data2":"1 minuto"},"aioseo_meta_data":{"post_id":"1022096","title":null,"description":null,"keywords":null,"keyphrases":null,"primary_term":null,"canonical_url":null,"og_title":null,"og_description":null,"og_object_type":"default","og_image_type":"default","og_image_url":null,"og_image_width":null,"og_image_height":null,"og_image_custom_url":null,"og_image_custom_fields":null,"og_video":null,"og_custom_url":null,"og_article_section":null,"og_article_tags":null,"twitter_use_og":false,"twitter_card":"default","twitter_image_type":"default","twitter_image_url":null,"twitter_image_custom_url":null,"twitter_image_custom_fields":null,"twitter_title":null,"twitter_description":null,"schema":{"blockGraphs":[],"customGraphs":[],"default":{"data":{"Article":[],"Course":[],"Dataset":[],"FAQPage":[],"Movie":[],"Person":[],"Product":[],"ProductReview":[],"Car":[],"Recipe":[],"Service":[],"SoftwareApplication":[],"WebPage":[]},"graphName":"","isEnabled":true},"graphs":[],"defaultGraph":"","defaultPostTypeGraph":""},"schema_type":null,"schema_type_options":null,"pillar_content":false,"robots_default":true,"robots_noindex":false,"robots_noarchive":false,"robots_nosnippet":false,"robots_nofollow":false,"robots_noimageindex":false,"robots_noodp":false,"robots_notranslate":false,"robots_max_snippet":null,"robots_max_videopreview":null,"robots_max_imagepreview":"large","priority":null,"frequency":null,"local_seo":null,"seo_analyzer_scan_date":"2025-10-17 06:41:09","breadcrumb_settings":null,"limit_modified_date":false,"open_ai":null,"ai":null,"created":"2020-12-21 11:15:57","updated":"2025-10-17 06:41:09"},"aioseo_breadcrumb":"<div class=\"aioseo-breadcrumbs\"><span class=\"aioseo-breadcrumb\">\n\t<a href=\"https:\/\/www.eldigitaldeasturias.com\/noticias\" title=\"Home\">Home<\/a>\n<\/span><span class=\"aioseo-breadcrumb-separator\">\u2013<\/span><span class=\"aioseo-breadcrumb\">\n\t<a href=\"https:\/\/www.eldigitaldeasturias.com\/noticias\/category\/economia\/\" title=\"Econom\u00eda\">Econom\u00eda<\/a>\n<\/span><span class=\"aioseo-breadcrumb-separator\">\u2013<\/span><span class=\"aioseo-breadcrumb\">\n\t<a href=\"https:\/\/www.eldigitaldeasturias.com\/noticias\/los-alemanes-en-contra-de-postergar-mucho-mas-el-brexit\/\" title=\"Los alemanes, en contra de postergar mucho m\u00e1s el Brexit\">Los alemanes, en contra de postergar mucho m\u00e1s el Brexit<\/a>\n<\/span><\/div>","aioseo_breadcrumb_json":[{"label":"Home","link":"https:\/\/www.eldigitaldeasturias.com\/noticias"},{"label":"Econom\u00eda","link":"https:\/\/www.eldigitaldeasturias.com\/noticias\/category\/economia\/"},{"label":"Los alemanes, en contra de postergar mucho m\u00e1s el Brexit","link":"https:\/\/www.eldigitaldeasturias.com\/noticias\/los-alemanes-en-contra-de-postergar-mucho-mas-el-brexit\/"}],"_links":{"self":[{"href":"https:\/\/www.eldigitaldeasturias.com\/noticias\/wp-json\/wp\/v2\/posts\/1022096","targetHints":{"allow":["GET"]}}],"collection":[{"href":"https:\/\/www.eldigitaldeasturias.com\/noticias\/wp-json\/wp\/v2\/posts"}],"about":[{"href":"https:\/\/www.eldigitaldeasturias.com\/noticias\/wp-json\/wp\/v2\/types\/post"}],"author":[{"embeddable":true,"href":"https:\/\/www.eldigitaldeasturias.com\/noticias\/wp-json\/wp\/v2\/users\/1"}],"replies":[{"embeddable":true,"href":"https:\/\/www.eldigitaldeasturias.com\/noticias\/wp-json\/wp\/v2\/comments?post=1022096"}],"version-history":[{"count":0,"href":"https:\/\/www.eldigitaldeasturias.com\/noticias\/wp-json\/wp\/v2\/posts\/1022096\/revisions"}],"wp:featuredmedia":[{"embeddable":true,"href":"https:\/\/www.eldigitaldeasturias.com\/noticias\/wp-json\/wp\/v2\/media\/988811"}],"wp:attachment":[{"href":"https:\/\/www.eldigitaldeasturias.com\/noticias\/wp-json\/wp\/v2\/media?parent=1022096"}],"wp:term":[{"taxonomy":"category","embeddable":true,"href":"https:\/\/www.eldigitaldeasturias.com\/noticias\/wp-json\/wp\/v2\/categories?post=1022096"},{"taxonomy":"post_tag","embeddable":true,"href":"https:\/\/www.eldigitaldeasturias.com\/noticias\/wp-json\/wp\/v2\/tags?post=1022096"}],"curies":[{"name":"wp","href":"https:\/\/api.w.org\/{rel}","templated":true}]}}