{"id":1022018,"date":"2019-03-28T15:09:43","date_gmt":"2019-03-28T15:09:43","guid":{"rendered":"https:\/\/www.eldigitaldeasturias.com\/noticias\/?p=1022018"},"modified":"2019-03-28T15:09:43","modified_gmt":"2019-03-28T15:09:43","slug":"la-comision-europea-ha-asignado-1-116-millones-de-euros-a-espana-durante-2014-2020","status":"publish","type":"post","link":"https:\/\/www.eldigitaldeasturias.com\/noticias\/la-comision-europea-ha-asignado-1-116-millones-de-euros-a-espana-durante-2014-2020\/","title":{"rendered":"La Comisi\u00f3n Europea ha asignado 1.116 millones de euros a Espa\u00f1a durante 2014-2020"},"content":{"rendered":"<p><img loading=\"lazy\" decoding=\"async\" class=\"alignleft size-medium wp-image-1022019\" src=\"https:\/\/www.eldigitaldeasturias.com\/noticias\/wp-content\/uploads\/2019\/03\/ce-360x239.jpg\" alt=\"\" width=\"360\" height=\"239\" srcset=\"https:\/\/www.eldigitaldeasturias.com\/noticias\/wp-content\/uploads\/2019\/03\/ce-360x239.jpg 360w, https:\/\/www.eldigitaldeasturias.com\/noticias\/wp-content\/uploads\/2019\/03\/ce.jpg 512w\" sizes=\"auto, (max-width: 360px) 100vw, 360px\" \/>Seg\u00fan la informaci\u00f3n suministrada en el sitio web de la Moncloa, en el periodo 2014-2020 la Comisi\u00f3n Europea ha asignado 1.116 millones de euros del Mecanismo Conectar Europa (Connecting Europe Facility-CEF) para inversiones en Espa\u00f1a.<\/p>\n<p>El comunicado de prensa completo expone la siguiente informaci\u00f3n:<\/p>\n<p>\u201cLa Comisi\u00f3n Europea ha seleccionado en el Comit\u00e9 del Mecanismo Conectar Europa (CEF) la relaci\u00f3n de proyectos aprobados inicialmente para recibir ayudas correspondientes a la convocatoria CEF 2018.<\/p>\n<p>En total, se han aprobado 13 propuestas con participaci\u00f3n espa\u00f1ola, que recibir\u00e1n ayudas por valor aproximado de 38 millones de euros. Entre estas propuestas, algunas de las cuales cuentan con participaci\u00f3n de otros Estados miembros, hay que destacar:<\/p>\n<p>El desarrollo de Terminal Ferroviaria de Madrid-Vic\u00e1lvaro, en concreto la primera fase, de las tres previstas, para la remodelaci\u00f3n y actualizaci\u00f3n de la misma. La ubicaci\u00f3n de esta terminal, de titularidad de ADIF, no s\u00f3lo aporta una gran importancia estrat\u00e9gica, sino que adem\u00e1s dispone de terrenos suficientes para garantizar su desarrollo, permitiendo su adaptaci\u00f3n a est\u00e1ndares europeos y su crecimiento por fases, en funci\u00f3n de la evoluci\u00f3n de la demanda.<\/p>\n<p>Proyecto de eje de ancho variable para mercanc\u00edas. Desarrollado por ADIF, cuya importancia radica en el gran inter\u00e9s estrat\u00e9gico que tiene el eje de ancho variable en vagones de mercanc\u00edas.<\/p>\n<p>El proyecto FEDeRATED, que incluye un desarrollo y validaci\u00f3n de la informaci\u00f3n asociada a la cadena log\u00edstica y de suministro a lo largo de los corredores de la red de transportes mediante una red de plataformas federativas que ofrezca interoperabilidad y armonizaci\u00f3n, y que a su vez facilite nuevas oportunidades de mercado. En el proyecto participan Holanda, Finlandia, Suecia, Luxemburgo, Italia y Espa\u00f1a. La participaci\u00f3n espa\u00f1ola se desarrollar\u00e1 conjuntamente por el Ministerio de Fomento, Puertos del Estado y ADIF.<\/p>\n<p>El proyecto MIRO 2, cuyo objetivo global es la puesta en servicio de una Autopista Ferroviaria entre Barcelona y Rungis (Paris) con participaci\u00f3n de la empresa VIIA y la Autoridad Portuaria de Barcelona.<\/p>\n<p>La decisi\u00f3n en la que se aprueba la lista de propuestas seleccionada en la convocatoria CEF de 2018 fue presentada y aprobada en el Comit\u00e9 CEF que se celebr\u00f3 en Bruselas, el pasado 25 de marzo.<\/p>\n<p>Mecanismo \u00abConectar Europa\u00bb<\/p>\n<p>Las ayudas a los proyectos que se presentan al mecanismo \u00abConectar Europa\u00bb (CEF, por sus siglas en ingl\u00e9s) se otorgan en competencia entre las diferentes solicitudes que concurren. Se pueden presentar instituciones o empresas establecidas en cualquiera de los pa\u00edses de la Uni\u00f3n Europea, bien de manera individual o en grupo, as\u00ed como determinadas organizaciones internacionales relacionadas con el sector de las infraestructuras y el transporte.<\/p>\n<p>Se puede consultar informaci\u00f3n detallada de la convocatoria en esta web.<\/p>\n<p>Todas las solicitudes han contado expresamente con la conformidad del respectivo Gobierno del Estado miembro de la Uni\u00f3n en el que radiquen las instituciones o empresas solicitantes. En Espa\u00f1a, corresponde dar esa conformidad al Ministerio de Fomento\u201d, concluye el comunicado de prensa de la Moncloa.<\/p>\n","protected":false},"excerpt":{"rendered":"<p>Seg\u00fan la informaci\u00f3n suministrada en el sitio web de la Moncloa, en el periodo 2014-2020 la Comisi\u00f3n Europea ha asignado 1.116 millones de euros del Mecanismo Conectar Europa (Connecting Europe Facility-CEF) para inversiones en Espa\u00f1a. El comunicado de prensa completo expone la siguiente informaci\u00f3n: \u201cLa Comisi\u00f3n Europea ha seleccionado en el Comit\u00e9 del Mecanismo Conectar [&hellip;]<\/p>\n","protected":false},"author":1,"featured_media":1022019,"comment_status":"closed","ping_status":"closed","sticky":false,"template":"","format":"standard","meta":{"footnotes":""},"categories":[187],"tags":[],"class_list":["post-1022018","post","type-post","status-publish","format-standard","has-post-thumbnail","hentry","category-economia"],"aioseo_notices":[],"aioseo_head":"\n\t\t<!-- All in One SEO Pro 4.9.6.2 - aioseo.com -->\n\t<meta name=\"description\" content=\"Seg\u00fan la informaci\u00f3n suministrada en el sitio web de la Moncloa, en el periodo 2014-2020 la Comisi\u00f3n Europea ha asignado 1.116 millones de euros del Mecanismo Conectar Europa (Connecting Europe Facility-CEF) para inversiones en Espa\u00f1a. El comunicado de prensa completo expone la siguiente informaci\u00f3n: \u201cLa Comisi\u00f3n Europea ha seleccionado en el Comit\u00e9 del Mecanismo Conectar\" \/>\n\t<meta name=\"robots\" content=\"max-image-preview:large\" \/>\n\t<meta name=\"author\" content=\"El Digital de Asturias\"\/>\n\t<meta name=\"google-site-verification\" content=\"UA-38556648-1\" \/>\n\t<meta name=\"msvalidate.01\" content=\"7dfe9f3f1b24437ab69f4f2559babe99\" \/>\n\t<meta name=\"keywords\" content=\"econom\u00eda\" \/>\n\t<link rel=\"canonical\" href=\"https:\/\/www.eldigitaldeasturias.com\/noticias\/la-comision-europea-ha-asignado-1-116-millones-de-euros-a-espana-durante-2014-2020\/\" \/>\n\t<meta name=\"generator\" content=\"All in One SEO Pro (AIOSEO) 4.9.6.2\" \/>\n\t\t<meta property=\"og:locale\" content=\"es_ES\" \/>\n\t\t<meta property=\"og:site_name\" content=\"El Digital de Asturias\" \/>\n\t\t<meta property=\"og:type\" content=\"article\" \/>\n\t\t<meta property=\"og:title\" content=\"La Comisi\u00f3n Europea ha asignado 1.116 millones de euros a Espa\u00f1a durante 2014-2020 - El Digital de Asturias\" \/>\n\t\t<meta property=\"og:description\" content=\"Seg\u00fan la informaci\u00f3n suministrada en el sitio web de la Moncloa, en el periodo 2014-2020 la Comisi\u00f3n Europea ha asignado 1.116 millones de euros del Mecanismo Conectar Europa (Connecting Europe Facility-CEF) para inversiones en Espa\u00f1a. El comunicado de prensa completo expone la siguiente informaci\u00f3n: \u201cLa Comisi\u00f3n Europea ha seleccionado en el Comit\u00e9 del Mecanismo Conectar\" \/>\n\t\t<meta property=\"og:url\" content=\"https:\/\/www.eldigitaldeasturias.com\/noticias\/la-comision-europea-ha-asignado-1-116-millones-de-euros-a-espana-durante-2014-2020\/\" \/>\n\t\t<meta property=\"og:image\" content=\"https:\/\/www.eldigitaldeasturias.com\/noticias\/wp-content\/uploads\/2019\/03\/ce.jpg\" \/>\n\t\t<meta property=\"og:image:secure_url\" content=\"https:\/\/www.eldigitaldeasturias.com\/noticias\/wp-content\/uploads\/2019\/03\/ce.jpg\" \/>\n\t\t<meta property=\"og:image:width\" content=\"512\" \/>\n\t\t<meta property=\"og:image:height\" content=\"340\" \/>\n\t\t<meta property=\"article:tag\" content=\"econom\u00eda\" \/>\n\t\t<meta property=\"article:published_time\" content=\"2019-03-28T15:09:43+00:00\" \/>\n\t\t<meta property=\"article:modified_time\" content=\"2019-03-28T15:09:43+00:00\" \/>\n\t\t<meta property=\"article:publisher\" content=\"https:\/\/facebook.com\/eldigitaldeasturias\" \/>\n\t\t<meta name=\"twitter:card\" content=\"summary_large_image\" \/>\n\t\t<meta name=\"twitter:title\" content=\"La Comisi\u00f3n Europea ha asignado 1.116 millones de euros a Espa\u00f1a durante 2014-2020 - El Digital de Asturias\" \/>\n\t\t<meta name=\"twitter:description\" content=\"Seg\u00fan la informaci\u00f3n suministrada en el sitio web de la Moncloa, en el periodo 2014-2020 la Comisi\u00f3n Europea ha asignado 1.116 millones de euros del Mecanismo Conectar Europa (Connecting Europe Facility-CEF) para inversiones en Espa\u00f1a. El comunicado de prensa completo expone la siguiente informaci\u00f3n: \u201cLa Comisi\u00f3n Europea ha seleccionado en el Comit\u00e9 del Mecanismo Conectar\" \/>\n\t\t<meta name=\"twitter:image\" content=\"https:\/\/www.eldigitaldeasturias.com\/noticias\/wp-content\/uploads\/2019\/03\/ce.jpg\" \/>\n\t\t<meta name=\"twitter:label1\" content=\"Escrito por\" \/>\n\t\t<meta name=\"twitter:data1\" content=\"El Digital de Asturias\" \/>\n\t\t<meta name=\"twitter:label2\" content=\"Tiempo de lectura estimado\" \/>\n\t\t<meta name=\"twitter:data2\" content=\"3 minutos\" \/>\n\t\t<script type=\"application\/ld+json\" class=\"aioseo-schema\">\n\t\t\t{\"@context\":\"https:\\\/\\\/schema.org\",\"@graph\":[{\"@type\":\"BlogPosting\",\"@id\":\"https:\\\/\\\/www.eldigitaldeasturias.com\\\/noticias\\\/la-comision-europea-ha-asignado-1-116-millones-de-euros-a-espana-durante-2014-2020\\\/#blogposting\",\"name\":\"La Comisi\\u00f3n Europea ha asignado 1.116 millones de euros a Espa\\u00f1a durante 2014-2020 - El Digital de Asturias\",\"headline\":\"La Comisi\\u00f3n Europea ha asignado 1.116 millones de euros a Espa\\u00f1a durante 2014-2020\",\"author\":{\"@id\":\"https:\\\/\\\/www.eldigitaldeasturias.com\\\/noticias\\\/author\\\/admin\\\/#author\"},\"publisher\":{\"@id\":\"https:\\\/\\\/www.eldigitaldeasturias.com\\\/noticias\\\/#organization\"},\"image\":{\"@type\":\"ImageObject\",\"url\":\"https:\\\/\\\/www.eldigitaldeasturias.com\\\/noticias\\\/wp-content\\\/uploads\\\/2019\\\/03\\\/ce.jpg\",\"width\":512,\"height\":340},\"datePublished\":\"2019-03-28T15:09:43+01:00\",\"dateModified\":\"2019-03-28T15:09:43+01:00\",\"inLanguage\":\"es-ES\",\"mainEntityOfPage\":{\"@id\":\"https:\\\/\\\/www.eldigitaldeasturias.com\\\/noticias\\\/la-comision-europea-ha-asignado-1-116-millones-de-euros-a-espana-durante-2014-2020\\\/#webpage\"},\"isPartOf\":{\"@id\":\"https:\\\/\\\/www.eldigitaldeasturias.com\\\/noticias\\\/la-comision-europea-ha-asignado-1-116-millones-de-euros-a-espana-durante-2014-2020\\\/#webpage\"},\"articleSection\":\"Econom\\u00eda\"},{\"@type\":\"BreadcrumbList\",\"@id\":\"https:\\\/\\\/www.eldigitaldeasturias.com\\\/noticias\\\/la-comision-europea-ha-asignado-1-116-millones-de-euros-a-espana-durante-2014-2020\\\/#breadcrumblist\",\"itemListElement\":[{\"@type\":\"ListItem\",\"@id\":\"https:\\\/\\\/www.eldigitaldeasturias.com\\\/noticias#listItem\",\"position\":1,\"name\":\"Home\",\"item\":\"https:\\\/\\\/www.eldigitaldeasturias.com\\\/noticias\",\"nextItem\":{\"@type\":\"ListItem\",\"@id\":\"https:\\\/\\\/www.eldigitaldeasturias.com\\\/noticias\\\/category\\\/economia\\\/#listItem\",\"name\":\"Econom\\u00eda\"}},{\"@type\":\"ListItem\",\"@id\":\"https:\\\/\\\/www.eldigitaldeasturias.com\\\/noticias\\\/category\\\/economia\\\/#listItem\",\"position\":2,\"name\":\"Econom\\u00eda\",\"item\":\"https:\\\/\\\/www.eldigitaldeasturias.com\\\/noticias\\\/category\\\/economia\\\/\",\"nextItem\":{\"@type\":\"ListItem\",\"@id\":\"https:\\\/\\\/www.eldigitaldeasturias.com\\\/noticias\\\/la-comision-europea-ha-asignado-1-116-millones-de-euros-a-espana-durante-2014-2020\\\/#listItem\",\"name\":\"La Comisi\\u00f3n Europea ha asignado 1.116 millones de euros a Espa\\u00f1a durante 2014-2020\"},\"previousItem\":{\"@type\":\"ListItem\",\"@id\":\"https:\\\/\\\/www.eldigitaldeasturias.com\\\/noticias#listItem\",\"name\":\"Home\"}},{\"@type\":\"ListItem\",\"@id\":\"https:\\\/\\\/www.eldigitaldeasturias.com\\\/noticias\\\/la-comision-europea-ha-asignado-1-116-millones-de-euros-a-espana-durante-2014-2020\\\/#listItem\",\"position\":3,\"name\":\"La Comisi\\u00f3n Europea ha asignado 1.116 millones de euros a Espa\\u00f1a durante 2014-2020\",\"previousItem\":{\"@type\":\"ListItem\",\"@id\":\"https:\\\/\\\/www.eldigitaldeasturias.com\\\/noticias\\\/category\\\/economia\\\/#listItem\",\"name\":\"Econom\\u00eda\"}}]},{\"@type\":\"Organization\",\"@id\":\"https:\\\/\\\/www.eldigitaldeasturias.com\\\/noticias\\\/#organization\",\"name\":\"El Digital de Asturias\",\"description\":\"Hemeroteca\",\"url\":\"https:\\\/\\\/www.eldigitaldeasturias.com\\\/noticias\\\/\",\"email\":\"info@eldigitaldeasturias.com\",\"telephone\":\"+34652131393\",\"logo\":{\"@type\":\"ImageObject\",\"url\":\"https:\\\/\\\/www.eldigitaldeasturias.com\\\/noticias\\\/wp-content\\\/uploads\\\/2020\\\/12\\\/EDA.jpg\",\"@id\":\"https:\\\/\\\/www.eldigitaldeasturias.com\\\/noticias\\\/la-comision-europea-ha-asignado-1-116-millones-de-euros-a-espana-durante-2014-2020\\\/#organizationLogo\",\"width\":649,\"height\":297},\"image\":{\"@id\":\"https:\\\/\\\/www.eldigitaldeasturias.com\\\/noticias\\\/la-comision-europea-ha-asignado-1-116-millones-de-euros-a-espana-durante-2014-2020\\\/#organizationLogo\"},\"sameAs\":[\"https:\\\/\\\/facebook.com\\\/eldigitaldeasturias\",\"https:\\\/\\\/www.youtube.com\\\/channel\\\/UCZP-2wLEB9Rv6erhFmqVnvg\"],\"address\":{\"@id\":\"https:\\\/\\\/www.eldigitaldeasturias.com\\\/noticias\\\/#postaladdress\",\"@type\":\"PostalAddress\",\"streetAddress\":\"san antonio 4,\",\"postalCode\":\"33430\",\"addressLocality\":\"Cand\\u00e1s\",\"addressRegion\":\"Asturias\",\"addressCountry\":\"ES\"}},{\"@type\":\"Person\",\"@id\":\"https:\\\/\\\/www.eldigitaldeasturias.com\\\/noticias\\\/author\\\/admin\\\/#author\",\"url\":\"https:\\\/\\\/www.eldigitaldeasturias.com\\\/noticias\\\/author\\\/admin\\\/\",\"name\":\"El Digital de Asturias\",\"image\":{\"@type\":\"ImageObject\",\"@id\":\"https:\\\/\\\/www.eldigitaldeasturias.com\\\/noticias\\\/la-comision-europea-ha-asignado-1-116-millones-de-euros-a-espana-durante-2014-2020\\\/#authorImage\",\"url\":\"https:\\\/\\\/www.eldigitaldeasturias.com\\\/noticias\\\/wp-content\\\/litespeed\\\/avatar\\\/18677e78aa0546b92d9dbf31ec7d7668.jpg?ver=1777290358\",\"width\":96,\"height\":96,\"caption\":\"El Digital de Asturias\"}},{\"@type\":\"WebPage\",\"@id\":\"https:\\\/\\\/www.eldigitaldeasturias.com\\\/noticias\\\/la-comision-europea-ha-asignado-1-116-millones-de-euros-a-espana-durante-2014-2020\\\/#webpage\",\"url\":\"https:\\\/\\\/www.eldigitaldeasturias.com\\\/noticias\\\/la-comision-europea-ha-asignado-1-116-millones-de-euros-a-espana-durante-2014-2020\\\/\",\"name\":\"La Comisi\\u00f3n Europea ha asignado 1.116 millones de euros a Espa\\u00f1a durante 2014-2020 - El Digital de Asturias\",\"description\":\"Seg\\u00fan la informaci\\u00f3n suministrada en el sitio web de la Moncloa, en el periodo 2014-2020 la Comisi\\u00f3n Europea ha asignado 1.116 millones de euros del Mecanismo Conectar Europa (Connecting Europe Facility-CEF) para inversiones en Espa\\u00f1a. El comunicado de prensa completo expone la siguiente informaci\\u00f3n: \\u201cLa Comisi\\u00f3n Europea ha seleccionado en el Comit\\u00e9 del Mecanismo Conectar\",\"inLanguage\":\"es-ES\",\"isPartOf\":{\"@id\":\"https:\\\/\\\/www.eldigitaldeasturias.com\\\/noticias\\\/#website\"},\"breadcrumb\":{\"@id\":\"https:\\\/\\\/www.eldigitaldeasturias.com\\\/noticias\\\/la-comision-europea-ha-asignado-1-116-millones-de-euros-a-espana-durante-2014-2020\\\/#breadcrumblist\"},\"author\":{\"@id\":\"https:\\\/\\\/www.eldigitaldeasturias.com\\\/noticias\\\/author\\\/admin\\\/#author\"},\"creator\":{\"@id\":\"https:\\\/\\\/www.eldigitaldeasturias.com\\\/noticias\\\/author\\\/admin\\\/#author\"},\"image\":{\"@type\":\"ImageObject\",\"url\":\"https:\\\/\\\/www.eldigitaldeasturias.com\\\/noticias\\\/wp-content\\\/uploads\\\/2019\\\/03\\\/ce.jpg\",\"@id\":\"https:\\\/\\\/www.eldigitaldeasturias.com\\\/noticias\\\/la-comision-europea-ha-asignado-1-116-millones-de-euros-a-espana-durante-2014-2020\\\/#mainImage\",\"width\":512,\"height\":340},\"primaryImageOfPage\":{\"@id\":\"https:\\\/\\\/www.eldigitaldeasturias.com\\\/noticias\\\/la-comision-europea-ha-asignado-1-116-millones-de-euros-a-espana-durante-2014-2020\\\/#mainImage\"},\"datePublished\":\"2019-03-28T15:09:43+01:00\",\"dateModified\":\"2019-03-28T15:09:43+01:00\"},{\"@type\":\"WebSite\",\"@id\":\"https:\\\/\\\/www.eldigitaldeasturias.com\\\/noticias\\\/#website\",\"url\":\"https:\\\/\\\/www.eldigitaldeasturias.com\\\/noticias\\\/\",\"name\":\"El Digital de Asturias - Diario de actualidad y noticias\",\"alternateName\":\"El Digital de Asturias - Diario de actualidad y noticias\",\"description\":\"Hemeroteca\",\"inLanguage\":\"es-ES\",\"publisher\":{\"@id\":\"https:\\\/\\\/www.eldigitaldeasturias.com\\\/noticias\\\/#organization\"}}]}\n\t\t<\/script>\n\t\t<!-- All in One SEO Pro -->\r\n\t\t<title>La Comisi\u00f3n Europea ha asignado 1.116 millones de euros a Espa\u00f1a durante 2014-2020 - El Digital de Asturias<\/title>\n\n","aioseo_head_json":{"title":"La Comisi\u00f3n Europea ha asignado 1.116 millones de euros a Espa\u00f1a durante 2014-2020 - El Digital de Asturias","description":"Seg\u00fan la informaci\u00f3n suministrada en el sitio web de la Moncloa, en el periodo 2014-2020 la Comisi\u00f3n Europea ha asignado 1.116 millones de euros del Mecanismo Conectar Europa (Connecting Europe Facility-CEF) para inversiones en Espa\u00f1a. El comunicado de prensa completo expone la siguiente informaci\u00f3n: \u201cLa Comisi\u00f3n Europea ha seleccionado en el Comit\u00e9 del Mecanismo Conectar","canonical_url":"https:\/\/www.eldigitaldeasturias.com\/noticias\/la-comision-europea-ha-asignado-1-116-millones-de-euros-a-espana-durante-2014-2020\/","robots":"max-image-preview:large","keywords":"econom\u00eda","webmasterTools":{"google-site-verification":"UA-38556648-1","msvalidate.01":"7dfe9f3f1b24437ab69f4f2559babe99","miscellaneous":""},"schema":{"@context":"https:\/\/schema.org","@graph":[{"@type":"BlogPosting","@id":"https:\/\/www.eldigitaldeasturias.com\/noticias\/la-comision-europea-ha-asignado-1-116-millones-de-euros-a-espana-durante-2014-2020\/#blogposting","name":"La Comisi\u00f3n Europea ha asignado 1.116 millones de euros a Espa\u00f1a durante 2014-2020 - El Digital de Asturias","headline":"La Comisi\u00f3n Europea ha asignado 1.116 millones de euros a Espa\u00f1a durante 2014-2020","author":{"@id":"https:\/\/www.eldigitaldeasturias.com\/noticias\/author\/admin\/#author"},"publisher":{"@id":"https:\/\/www.eldigitaldeasturias.com\/noticias\/#organization"},"image":{"@type":"ImageObject","url":"https:\/\/www.eldigitaldeasturias.com\/noticias\/wp-content\/uploads\/2019\/03\/ce.jpg","width":512,"height":340},"datePublished":"2019-03-28T15:09:43+01:00","dateModified":"2019-03-28T15:09:43+01:00","inLanguage":"es-ES","mainEntityOfPage":{"@id":"https:\/\/www.eldigitaldeasturias.com\/noticias\/la-comision-europea-ha-asignado-1-116-millones-de-euros-a-espana-durante-2014-2020\/#webpage"},"isPartOf":{"@id":"https:\/\/www.eldigitaldeasturias.com\/noticias\/la-comision-europea-ha-asignado-1-116-millones-de-euros-a-espana-durante-2014-2020\/#webpage"},"articleSection":"Econom\u00eda"},{"@type":"BreadcrumbList","@id":"https:\/\/www.eldigitaldeasturias.com\/noticias\/la-comision-europea-ha-asignado-1-116-millones-de-euros-a-espana-durante-2014-2020\/#breadcrumblist","itemListElement":[{"@type":"ListItem","@id":"https:\/\/www.eldigitaldeasturias.com\/noticias#listItem","position":1,"name":"Home","item":"https:\/\/www.eldigitaldeasturias.com\/noticias","nextItem":{"@type":"ListItem","@id":"https:\/\/www.eldigitaldeasturias.com\/noticias\/category\/economia\/#listItem","name":"Econom\u00eda"}},{"@type":"ListItem","@id":"https:\/\/www.eldigitaldeasturias.com\/noticias\/category\/economia\/#listItem","position":2,"name":"Econom\u00eda","item":"https:\/\/www.eldigitaldeasturias.com\/noticias\/category\/economia\/","nextItem":{"@type":"ListItem","@id":"https:\/\/www.eldigitaldeasturias.com\/noticias\/la-comision-europea-ha-asignado-1-116-millones-de-euros-a-espana-durante-2014-2020\/#listItem","name":"La Comisi\u00f3n Europea ha asignado 1.116 millones de euros a Espa\u00f1a durante 2014-2020"},"previousItem":{"@type":"ListItem","@id":"https:\/\/www.eldigitaldeasturias.com\/noticias#listItem","name":"Home"}},{"@type":"ListItem","@id":"https:\/\/www.eldigitaldeasturias.com\/noticias\/la-comision-europea-ha-asignado-1-116-millones-de-euros-a-espana-durante-2014-2020\/#listItem","position":3,"name":"La Comisi\u00f3n Europea ha asignado 1.116 millones de euros a Espa\u00f1a durante 2014-2020","previousItem":{"@type":"ListItem","@id":"https:\/\/www.eldigitaldeasturias.com\/noticias\/category\/economia\/#listItem","name":"Econom\u00eda"}}]},{"@type":"Organization","@id":"https:\/\/www.eldigitaldeasturias.com\/noticias\/#organization","name":"El Digital de Asturias","description":"Hemeroteca","url":"https:\/\/www.eldigitaldeasturias.com\/noticias\/","email":"info@eldigitaldeasturias.com","telephone":"+34652131393","logo":{"@type":"ImageObject","url":"https:\/\/www.eldigitaldeasturias.com\/noticias\/wp-content\/uploads\/2020\/12\/EDA.jpg","@id":"https:\/\/www.eldigitaldeasturias.com\/noticias\/la-comision-europea-ha-asignado-1-116-millones-de-euros-a-espana-durante-2014-2020\/#organizationLogo","width":649,"height":297},"image":{"@id":"https:\/\/www.eldigitaldeasturias.com\/noticias\/la-comision-europea-ha-asignado-1-116-millones-de-euros-a-espana-durante-2014-2020\/#organizationLogo"},"sameAs":["https:\/\/facebook.com\/eldigitaldeasturias","https:\/\/www.youtube.com\/channel\/UCZP-2wLEB9Rv6erhFmqVnvg"],"address":{"@id":"https:\/\/www.eldigitaldeasturias.com\/noticias\/#postaladdress","@type":"PostalAddress","streetAddress":"san antonio 4,","postalCode":"33430","addressLocality":"Cand\u00e1s","addressRegion":"Asturias","addressCountry":"ES"}},{"@type":"Person","@id":"https:\/\/www.eldigitaldeasturias.com\/noticias\/author\/admin\/#author","url":"https:\/\/www.eldigitaldeasturias.com\/noticias\/author\/admin\/","name":"El Digital de Asturias","image":{"@type":"ImageObject","@id":"https:\/\/www.eldigitaldeasturias.com\/noticias\/la-comision-europea-ha-asignado-1-116-millones-de-euros-a-espana-durante-2014-2020\/#authorImage","url":"https:\/\/www.eldigitaldeasturias.com\/noticias\/wp-content\/litespeed\/avatar\/18677e78aa0546b92d9dbf31ec7d7668.jpg?ver=1777290358","width":96,"height":96,"caption":"El Digital de Asturias"}},{"@type":"WebPage","@id":"https:\/\/www.eldigitaldeasturias.com\/noticias\/la-comision-europea-ha-asignado-1-116-millones-de-euros-a-espana-durante-2014-2020\/#webpage","url":"https:\/\/www.eldigitaldeasturias.com\/noticias\/la-comision-europea-ha-asignado-1-116-millones-de-euros-a-espana-durante-2014-2020\/","name":"La Comisi\u00f3n Europea ha asignado 1.116 millones de euros a Espa\u00f1a durante 2014-2020 - El Digital de Asturias","description":"Seg\u00fan la informaci\u00f3n suministrada en el sitio web de la Moncloa, en el periodo 2014-2020 la Comisi\u00f3n Europea ha asignado 1.116 millones de euros del Mecanismo Conectar Europa (Connecting Europe Facility-CEF) para inversiones en Espa\u00f1a. El comunicado de prensa completo expone la siguiente informaci\u00f3n: \u201cLa Comisi\u00f3n Europea ha seleccionado en el Comit\u00e9 del Mecanismo Conectar","inLanguage":"es-ES","isPartOf":{"@id":"https:\/\/www.eldigitaldeasturias.com\/noticias\/#website"},"breadcrumb":{"@id":"https:\/\/www.eldigitaldeasturias.com\/noticias\/la-comision-europea-ha-asignado-1-116-millones-de-euros-a-espana-durante-2014-2020\/#breadcrumblist"},"author":{"@id":"https:\/\/www.eldigitaldeasturias.com\/noticias\/author\/admin\/#author"},"creator":{"@id":"https:\/\/www.eldigitaldeasturias.com\/noticias\/author\/admin\/#author"},"image":{"@type":"ImageObject","url":"https:\/\/www.eldigitaldeasturias.com\/noticias\/wp-content\/uploads\/2019\/03\/ce.jpg","@id":"https:\/\/www.eldigitaldeasturias.com\/noticias\/la-comision-europea-ha-asignado-1-116-millones-de-euros-a-espana-durante-2014-2020\/#mainImage","width":512,"height":340},"primaryImageOfPage":{"@id":"https:\/\/www.eldigitaldeasturias.com\/noticias\/la-comision-europea-ha-asignado-1-116-millones-de-euros-a-espana-durante-2014-2020\/#mainImage"},"datePublished":"2019-03-28T15:09:43+01:00","dateModified":"2019-03-28T15:09:43+01:00"},{"@type":"WebSite","@id":"https:\/\/www.eldigitaldeasturias.com\/noticias\/#website","url":"https:\/\/www.eldigitaldeasturias.com\/noticias\/","name":"El Digital de Asturias - Diario de actualidad y noticias","alternateName":"El Digital de Asturias - Diario de actualidad y noticias","description":"Hemeroteca","inLanguage":"es-ES","publisher":{"@id":"https:\/\/www.eldigitaldeasturias.com\/noticias\/#organization"}}]},"og:locale":"es_ES","og:site_name":"El Digital de Asturias","og:type":"article","og:title":"La Comisi\u00f3n Europea ha asignado 1.116 millones de euros a Espa\u00f1a durante 2014-2020 - El Digital de Asturias","og:description":"Seg\u00fan la informaci\u00f3n suministrada en el sitio web de la Moncloa, en el periodo 2014-2020 la Comisi\u00f3n Europea ha asignado 1.116 millones de euros del Mecanismo Conectar Europa (Connecting Europe Facility-CEF) para inversiones en Espa\u00f1a. El comunicado de prensa completo expone la siguiente informaci\u00f3n: \u201cLa Comisi\u00f3n Europea ha seleccionado en el Comit\u00e9 del Mecanismo Conectar","og:url":"https:\/\/www.eldigitaldeasturias.com\/noticias\/la-comision-europea-ha-asignado-1-116-millones-de-euros-a-espana-durante-2014-2020\/","og:image":"https:\/\/www.eldigitaldeasturias.com\/noticias\/wp-content\/uploads\/2019\/03\/ce.jpg","og:image:secure_url":"https:\/\/www.eldigitaldeasturias.com\/noticias\/wp-content\/uploads\/2019\/03\/ce.jpg","og:image:width":512,"og:image:height":340,"article:tag":["econom\u00eda"],"article:published_time":"2019-03-28T15:09:43+00:00","article:modified_time":"2019-03-28T15:09:43+00:00","article:publisher":"https:\/\/facebook.com\/eldigitaldeasturias","twitter:card":"summary_large_image","twitter:title":"La Comisi\u00f3n Europea ha asignado 1.116 millones de euros a Espa\u00f1a durante 2014-2020 - El Digital de Asturias","twitter:description":"Seg\u00fan la informaci\u00f3n suministrada en el sitio web de la Moncloa, en el periodo 2014-2020 la Comisi\u00f3n Europea ha asignado 1.116 millones de euros del Mecanismo Conectar Europa (Connecting Europe Facility-CEF) para inversiones en Espa\u00f1a. El comunicado de prensa completo expone la siguiente informaci\u00f3n: \u201cLa Comisi\u00f3n Europea ha seleccionado en el Comit\u00e9 del Mecanismo Conectar","twitter:image":"https:\/\/www.eldigitaldeasturias.com\/noticias\/wp-content\/uploads\/2019\/03\/ce.jpg","twitter:label1":"Escrito por","twitter:data1":"El Digital de Asturias","twitter:label2":"Tiempo de lectura estimado","twitter:data2":"3 minutos"},"aioseo_meta_data":{"post_id":"1022018","title":null,"description":null,"keywords":null,"keyphrases":null,"primary_term":null,"canonical_url":null,"og_title":null,"og_description":null,"og_object_type":"default","og_image_type":"default","og_image_url":null,"og_image_width":null,"og_image_height":null,"og_image_custom_url":null,"og_image_custom_fields":null,"og_video":null,"og_custom_url":null,"og_article_section":null,"og_article_tags":null,"twitter_use_og":false,"twitter_card":"default","twitter_image_type":"default","twitter_image_url":null,"twitter_image_custom_url":null,"twitter_image_custom_fields":null,"twitter_title":null,"twitter_description":null,"schema":{"blockGraphs":[],"customGraphs":[],"default":{"data":{"Article":[],"Course":[],"Dataset":[],"FAQPage":[],"Movie":[],"Person":[],"Product":[],"ProductReview":[],"Car":[],"Recipe":[],"Service":[],"SoftwareApplication":[],"WebPage":[]},"graphName":"","isEnabled":true},"graphs":[],"defaultGraph":"","defaultPostTypeGraph":""},"schema_type":null,"schema_type_options":null,"pillar_content":false,"robots_default":true,"robots_noindex":false,"robots_noarchive":false,"robots_nosnippet":false,"robots_nofollow":false,"robots_noimageindex":false,"robots_noodp":false,"robots_notranslate":false,"robots_max_snippet":null,"robots_max_videopreview":null,"robots_max_imagepreview":"large","priority":null,"frequency":null,"local_seo":null,"seo_analyzer_scan_date":"2025-10-17 06:23:42","breadcrumb_settings":null,"limit_modified_date":false,"open_ai":null,"ai":null,"created":"2020-12-21 11:15:58","updated":"2025-10-17 06:23:42"},"aioseo_breadcrumb":"<div class=\"aioseo-breadcrumbs\"><span class=\"aioseo-breadcrumb\">\n\t<a href=\"https:\/\/www.eldigitaldeasturias.com\/noticias\" title=\"Home\">Home<\/a>\n<\/span><span class=\"aioseo-breadcrumb-separator\">\u2013<\/span><span class=\"aioseo-breadcrumb\">\n\t<a href=\"https:\/\/www.eldigitaldeasturias.com\/noticias\/category\/economia\/\" title=\"Econom\u00eda\">Econom\u00eda<\/a>\n<\/span><span class=\"aioseo-breadcrumb-separator\">\u2013<\/span><span class=\"aioseo-breadcrumb\">\n\t<a href=\"https:\/\/www.eldigitaldeasturias.com\/noticias\/la-comision-europea-ha-asignado-1-116-millones-de-euros-a-espana-durante-2014-2020\/\" title=\"La Comisi\u00f3n Europea ha asignado 1.116 millones de euros a Espa\u00f1a durante 2014-2020\">La Comisi\u00f3n Europea ha asignado 1.116 millones de euros a Espa\u00f1a durante 2014-2020<\/a>\n<\/span><\/div>","aioseo_breadcrumb_json":[{"label":"Home","link":"https:\/\/www.eldigitaldeasturias.com\/noticias"},{"label":"Econom\u00eda","link":"https:\/\/www.eldigitaldeasturias.com\/noticias\/category\/economia\/"},{"label":"La Comisi\u00f3n Europea ha asignado 1.116 millones de euros a Espa\u00f1a durante 2014-2020","link":"https:\/\/www.eldigitaldeasturias.com\/noticias\/la-comision-europea-ha-asignado-1-116-millones-de-euros-a-espana-durante-2014-2020\/"}],"_links":{"self":[{"href":"https:\/\/www.eldigitaldeasturias.com\/noticias\/wp-json\/wp\/v2\/posts\/1022018","targetHints":{"allow":["GET"]}}],"collection":[{"href":"https:\/\/www.eldigitaldeasturias.com\/noticias\/wp-json\/wp\/v2\/posts"}],"about":[{"href":"https:\/\/www.eldigitaldeasturias.com\/noticias\/wp-json\/wp\/v2\/types\/post"}],"author":[{"embeddable":true,"href":"https:\/\/www.eldigitaldeasturias.com\/noticias\/wp-json\/wp\/v2\/users\/1"}],"replies":[{"embeddable":true,"href":"https:\/\/www.eldigitaldeasturias.com\/noticias\/wp-json\/wp\/v2\/comments?post=1022018"}],"version-history":[{"count":0,"href":"https:\/\/www.eldigitaldeasturias.com\/noticias\/wp-json\/wp\/v2\/posts\/1022018\/revisions"}],"wp:featuredmedia":[{"embeddable":true,"href":"https:\/\/www.eldigitaldeasturias.com\/noticias\/wp-json\/wp\/v2\/media\/1022019"}],"wp:attachment":[{"href":"https:\/\/www.eldigitaldeasturias.com\/noticias\/wp-json\/wp\/v2\/media?parent=1022018"}],"wp:term":[{"taxonomy":"category","embeddable":true,"href":"https:\/\/www.eldigitaldeasturias.com\/noticias\/wp-json\/wp\/v2\/categories?post=1022018"},{"taxonomy":"post_tag","embeddable":true,"href":"https:\/\/www.eldigitaldeasturias.com\/noticias\/wp-json\/wp\/v2\/tags?post=1022018"}],"curies":[{"name":"wp","href":"https:\/\/api.w.org\/{rel}","templated":true}]}}