{"id":1021914,"date":"2019-03-28T11:26:56","date_gmt":"2019-03-28T11:26:56","guid":{"rendered":"https:\/\/www.eldigitaldeasturias.com\/noticias\/?p=1021914"},"modified":"2019-03-28T11:26:56","modified_gmt":"2019-03-28T11:26:56","slug":"tu-empresa-forma-parte-de-la-transformacion-digital","status":"publish","type":"post","link":"https:\/\/www.eldigitaldeasturias.com\/noticias\/tu-empresa-forma-parte-de-la-transformacion-digital\/","title":{"rendered":"\u00bfTu empresa forma parte de la transformaci\u00f3n digital?"},"content":{"rendered":"<p><span style=\"font-weight: 400;\"><img loading=\"lazy\" decoding=\"async\" class=\"alignleft size-medium wp-image-1021915\" src=\"https:\/\/www.eldigitaldeasturias.com\/noticias\/wp-content\/uploads\/2019\/03\/ndp-empresas-digitales-360x249.jpg\" alt=\"\" width=\"360\" height=\"249\" srcset=\"https:\/\/www.eldigitaldeasturias.com\/noticias\/wp-content\/uploads\/2019\/03\/ndp-empresas-digitales-360x249.jpg 360w, https:\/\/www.eldigitaldeasturias.com\/noticias\/wp-content\/uploads\/2019\/03\/ndp-empresas-digitales.jpg 592w\" sizes=\"auto, (max-width: 360px) 100vw, 360px\" \/>En la actualidad, es muy com\u00fan escuchar hablar sobre la transformaci\u00f3n digital y el impacto que esta genera en las empresas. En el presente art\u00edculo te mostramos los aspectos fundamentales de este t\u00e9rmino, as\u00ed como los beneficios que trae para las organizaciones o negocios. Adem\u00e1s, gracias a <\/span><span style=\"color: #ff6600;\"><a style=\"color: #ff6600;\" href=\"https:\/\/www.emprendepyme.net\/\" target=\"_blank\" rel=\"nofollow noopener noreferrer\"><b>Emprendepyme.net<\/b><\/a><\/span><span style=\"font-weight: 400;\">, podr\u00e1s conocer muchos m\u00e1s detalles e informaci\u00f3n para conseguir potenciar tu empresa.<\/span><\/p>\n<p><strong>La transformaci\u00f3n digital en las empresas<\/strong><\/p>\n<p><span style=\"font-weight: 400;\">Con el surgimiento de internet y la masificaci\u00f3n de su uso, ha cambiado la forma en la que se llevan a cabo los procesos de negocio en las empresas. Por lo que, visto de esta manera, a grandes rasgos, se entiende que la transformaci\u00f3n digital est\u00e1 estrechamente relacionada con el empleo de la <\/span><b>tecnolog\u00eda digital<\/b><span style=\"font-weight: 400;\"> para llevar a cabo los procesos en una organizaci\u00f3n. El t\u00e9rmino <\/span><b>digital<\/b><span style=\"font-weight: 400;\"> se vincula con la generaci\u00f3n, almacenamiento y procesamiento de los datos en internet.<\/span><\/p>\n<p><span style=\"font-weight: 400;\">La transformaci\u00f3n incluye el empleo de <\/span><b>nuevas tecnolog\u00edas, plataformas y herramientas<\/b><span style=\"font-weight: 400;\"> que ayudan a procesar <\/span><b>grandes cantidades de informaci\u00f3n (Big Data)<\/b><span style=\"font-weight: 400;\">, en un menor periodo de tiempo. Adem\u00e1s, contribuye a mejorar los resultados de las empresas, as\u00ed como a simplificar y perfeccionar las formas de trabajo de su personal.<\/span><\/p>\n<p><span style=\"font-weight: 400;\">Debido a la exigencia de los nuevos tiempos, se hace imprescindible que las empresas utilicen eficientemente las tecnolog\u00edas de la informaci\u00f3n y las comunicaciones (TIC). Esto hace que modifiquen los m\u00e9todos tradicionales en los que realizaban sus operaciones, y en algunos casos, hasta sus productos, sus servicios y hasta las formas en la cual se lo hac\u00edan llegar a sus clientes.<\/span><\/p>\n<p><span style=\"font-weight: 400;\">La <\/span><b>transformaci\u00f3n digital<\/b><span style=\"font-weight: 400;\"> en una empresa no solo comprende el empleo de tecnolog\u00eda punta. Esta es solo el puente o el medio que la posibilita. Existen otros factores tan determinantes como las <\/span><b>personas<\/b><span style=\"font-weight: 400;\"> y la <\/span><b>cultura organizacional<\/b><span style=\"font-weight: 400;\">, que contribuyen directamente con el progreso de una determinante transformaci\u00f3n digital en la organizaci\u00f3n. A continuaci\u00f3n detallamos algunos de los componentes que deben incluirse en el proceso de cambio.<\/span><\/p>\n<p><b>Cultura organizacional<\/b><\/p>\n<p><span style=\"font-weight: 400;\">La transformaci\u00f3n digital debe incluir un cambio en la propia concepci\u00f3n de la empresa, pues esta debe centrarse en la realizaci\u00f3n de proyectos eficientes e innovadores. Por lo tanto, incluir el uso de un correo electr\u00f3nico corporativo o de un sistema de gesti\u00f3n no quiere decir que est\u00e9 en camino del paradigma. La transformaci\u00f3n digital va mucho m\u00e1s all\u00e1.<\/span><\/p>\n<p><strong>Cuidar el capital humano<\/strong><\/p>\n<p><span style=\"font-weight: 400;\">La <\/span><b>motivaci\u00f3n de los trabajadores<\/b><span style=\"font-weight: 400;\">, tienen un peso fundamental en el \u00e9xito de las organizaciones. Esto hace que sea un elemento determinante y por ello, hay que demostrarle a los empleados, los beneficios que reporta la automatizaci\u00f3n de cada uno de los procesos, no solo a la empresa sino a ellos tambi\u00e9n.<\/span><\/p>\n<p><strong>Posicionamiento de los l\u00edderes<\/strong><\/p>\n<p><span style=\"font-weight: 400;\">Estos actores juegan un papel muy importante, pues su labor repercute en sus subordinados. Por lo tanto, deben estar completamente convencidos de la importancia y las ventajas que trae consigo la transformaci\u00f3n. Adem\u00e1s de apostar por una nueva forma de trabajar y relacionarse con sus empleados.<\/span><\/p>\n<p><strong>Consecuencias de la transformaci\u00f3n digital en las empresas<\/strong><\/p>\n<p><span style=\"font-weight: 400;\">La transformaci\u00f3n digital tiene un impacto muy positivo en las organizaciones. Esta trae consigo mejoras internas que repercuten directamente en la satisfacci\u00f3n de los clientes. Pero no es el \u00fanico.<\/span><\/p>\n<p><span style=\"font-weight: 400;\">Entre los beneficios que trae consigo, se pueden decir que <\/span><b>favorece el incremento de la satisfacci\u00f3n de los empleados<\/b><span style=\"font-weight: 400;\"> de la compa\u00f1\u00eda. Contribuye al <\/span><b>aumento de la productividad<\/b><span style=\"font-weight: 400;\"> y la eficiencia operativa de los trabajadores y <\/span><b>mejora la relaci\u00f3n empresa-cliente<\/b><span style=\"font-weight: 400;\">, esto repercute directamente en la fidelizaci\u00f3n de estos \u00faltimos.<\/span><\/p>\n<p><span style=\"font-weight: 400;\">La transformaci\u00f3n digital, tambi\u00e9n facilita la evaluaci\u00f3n de procesos y la toma de decisiones, gracias a la gran cantidad de datos que permite analizar.<\/span> <span style=\"font-weight: 400;\">Favorece la innovaci\u00f3n, el perfeccionamiento en el modo de llevar a cabo de los procesos de negocio, as\u00ed como el surgimiento de nuevas ideas. Adem\u00e1s, el empleo de los servicios en la nube contribuyen a reducir los costes por conceptos de compra, reparaci\u00f3n y mantenimiento de los medios de trabajo.<\/span><\/p>\n<p><span style=\"font-weight: 400;\">Si aprovechas al m\u00e1ximo el potencial de las TIC en tu organizaci\u00f3n, est\u00e1s a un paso de formar parte de la <\/span><b>transformaci\u00f3n digital<\/b><span style=\"font-weight: 400;\">. Esta comprende el empleo de un sistema de gesti\u00f3n empresarial que <\/span><b>potencie la relaci\u00f3n con los clientes<\/b><span style=\"font-weight: 400;\">. Igualmente, debe incluir tanto los servicios disponibles en la <\/span><b>nube<\/b><span style=\"font-weight: 400;\"> o la utilizaci\u00f3n de otros canales de acceso e intercambio como <\/span><b>sitios web<\/b><span style=\"font-weight: 400;\">, <\/span><b>aplicaciones para dispositivos m\u00f3viles <\/b><span style=\"font-weight: 400;\">y<\/span><b> tiendas online<\/b><span style=\"font-weight: 400;\">.<\/span><\/p>\n<p><span style=\"font-weight: 400;\">La transformaci\u00f3n digital es un proceso que ayuda a las organizaciones a emplear eficazmente grandes vol\u00famenes de informaci\u00f3n. Con ella, l<\/span><span style=\"font-weight: 400;\">os datos pueden ser procesados m\u00e1s r\u00e1pidamente, facilitando la toma de decisiones y la identificaci\u00f3n de mejores formas de realizar negocios.<\/span><\/p>\n<p>&nbsp;<\/p>\n","protected":false},"excerpt":{"rendered":"<p>En la actualidad, es muy com\u00fan escuchar hablar sobre la transformaci\u00f3n digital y el impacto que esta genera en las empresas. En el presente art\u00edculo te mostramos los aspectos fundamentales de este t\u00e9rmino, as\u00ed como los beneficios que trae para las organizaciones o negocios. Adem\u00e1s, gracias a Emprendepyme.net, podr\u00e1s conocer muchos m\u00e1s detalles e informaci\u00f3n [&hellip;]<\/p>\n","protected":false},"author":1,"featured_media":1021915,"comment_status":"closed","ping_status":"closed","sticky":false,"template":"","format":"standard","meta":{"footnotes":""},"categories":[187],"tags":[],"class_list":["post-1021914","post","type-post","status-publish","format-standard","has-post-thumbnail","hentry","category-economia"],"aioseo_notices":[],"aioseo_head":"\n\t\t<!-- All in One SEO Pro 4.9.6.2 - aioseo.com -->\n\t<meta name=\"description\" content=\"En la actualidad, es muy com\u00fan escuchar hablar sobre la transformaci\u00f3n digital y el impacto que esta genera en las empresas. En el presente art\u00edculo te mostramos los aspectos fundamentales de este t\u00e9rmino, as\u00ed como los beneficios que trae para las organizaciones o negocios. Adem\u00e1s, gracias a Emprendepyme.net, podr\u00e1s conocer muchos m\u00e1s detalles e informaci\u00f3n\" \/>\n\t<meta name=\"robots\" content=\"max-image-preview:large\" \/>\n\t<meta name=\"author\" content=\"El Digital de Asturias\"\/>\n\t<meta name=\"google-site-verification\" content=\"UA-38556648-1\" \/>\n\t<meta name=\"msvalidate.01\" content=\"7dfe9f3f1b24437ab69f4f2559babe99\" \/>\n\t<meta name=\"keywords\" content=\"econom\u00eda\" \/>\n\t<link rel=\"canonical\" href=\"https:\/\/www.eldigitaldeasturias.com\/noticias\/tu-empresa-forma-parte-de-la-transformacion-digital\/\" \/>\n\t<meta name=\"generator\" content=\"All in One SEO Pro (AIOSEO) 4.9.6.2\" \/>\n\t\t<meta property=\"og:locale\" content=\"es_ES\" \/>\n\t\t<meta property=\"og:site_name\" content=\"El Digital de Asturias\" \/>\n\t\t<meta property=\"og:type\" content=\"article\" \/>\n\t\t<meta property=\"og:title\" content=\"\u00bfTu empresa forma parte de la transformaci\u00f3n digital? - El Digital de Asturias\" \/>\n\t\t<meta property=\"og:description\" content=\"En la actualidad, es muy com\u00fan escuchar hablar sobre la transformaci\u00f3n digital y el impacto que esta genera en las empresas. En el presente art\u00edculo te mostramos los aspectos fundamentales de este t\u00e9rmino, as\u00ed como los beneficios que trae para las organizaciones o negocios. Adem\u00e1s, gracias a Emprendepyme.net, podr\u00e1s conocer muchos m\u00e1s detalles e informaci\u00f3n\" \/>\n\t\t<meta property=\"og:url\" content=\"https:\/\/www.eldigitaldeasturias.com\/noticias\/tu-empresa-forma-parte-de-la-transformacion-digital\/\" \/>\n\t\t<meta property=\"og:image\" content=\"https:\/\/www.eldigitaldeasturias.com\/noticias\/wp-content\/uploads\/2019\/03\/ndp-empresas-digitales.jpg\" \/>\n\t\t<meta property=\"og:image:secure_url\" content=\"https:\/\/www.eldigitaldeasturias.com\/noticias\/wp-content\/uploads\/2019\/03\/ndp-empresas-digitales.jpg\" \/>\n\t\t<meta property=\"og:image:width\" content=\"592\" \/>\n\t\t<meta property=\"og:image:height\" content=\"409\" \/>\n\t\t<meta property=\"article:tag\" content=\"econom\u00eda\" \/>\n\t\t<meta property=\"article:published_time\" content=\"2019-03-28T11:26:56+00:00\" \/>\n\t\t<meta property=\"article:modified_time\" content=\"2019-03-28T11:26:56+00:00\" \/>\n\t\t<meta property=\"article:publisher\" content=\"https:\/\/facebook.com\/eldigitaldeasturias\" \/>\n\t\t<meta name=\"twitter:card\" content=\"summary_large_image\" \/>\n\t\t<meta name=\"twitter:title\" content=\"\u00bfTu empresa forma parte de la transformaci\u00f3n digital? - El Digital de Asturias\" \/>\n\t\t<meta name=\"twitter:description\" content=\"En la actualidad, es muy com\u00fan escuchar hablar sobre la transformaci\u00f3n digital y el impacto que esta genera en las empresas. En el presente art\u00edculo te mostramos los aspectos fundamentales de este t\u00e9rmino, as\u00ed como los beneficios que trae para las organizaciones o negocios. Adem\u00e1s, gracias a Emprendepyme.net, podr\u00e1s conocer muchos m\u00e1s detalles e informaci\u00f3n\" \/>\n\t\t<meta name=\"twitter:image\" content=\"https:\/\/www.eldigitaldeasturias.com\/noticias\/wp-content\/uploads\/2019\/03\/ndp-empresas-digitales.jpg\" \/>\n\t\t<meta name=\"twitter:label1\" content=\"Escrito por\" \/>\n\t\t<meta name=\"twitter:data1\" content=\"El Digital de Asturias\" \/>\n\t\t<meta name=\"twitter:label2\" content=\"Tiempo de lectura estimado\" \/>\n\t\t<meta name=\"twitter:data2\" content=\"4 minutos\" \/>\n\t\t<script type=\"application\/ld+json\" class=\"aioseo-schema\">\n\t\t\t{\"@context\":\"https:\\\/\\\/schema.org\",\"@graph\":[{\"@type\":\"BlogPosting\",\"@id\":\"https:\\\/\\\/www.eldigitaldeasturias.com\\\/noticias\\\/tu-empresa-forma-parte-de-la-transformacion-digital\\\/#blogposting\",\"name\":\"\\u00bfTu empresa forma parte de la transformaci\\u00f3n digital? - El Digital de Asturias\",\"headline\":\"\\u00bfTu empresa forma parte de la transformaci\\u00f3n digital?\",\"author\":{\"@id\":\"https:\\\/\\\/www.eldigitaldeasturias.com\\\/noticias\\\/author\\\/admin\\\/#author\"},\"publisher\":{\"@id\":\"https:\\\/\\\/www.eldigitaldeasturias.com\\\/noticias\\\/#organization\"},\"image\":{\"@type\":\"ImageObject\",\"url\":\"https:\\\/\\\/www.eldigitaldeasturias.com\\\/noticias\\\/wp-content\\\/uploads\\\/2019\\\/03\\\/ndp-empresas-digitales.jpg\",\"width\":592,\"height\":409},\"datePublished\":\"2019-03-28T11:26:56+01:00\",\"dateModified\":\"2019-03-28T11:26:56+01:00\",\"inLanguage\":\"es-ES\",\"mainEntityOfPage\":{\"@id\":\"https:\\\/\\\/www.eldigitaldeasturias.com\\\/noticias\\\/tu-empresa-forma-parte-de-la-transformacion-digital\\\/#webpage\"},\"isPartOf\":{\"@id\":\"https:\\\/\\\/www.eldigitaldeasturias.com\\\/noticias\\\/tu-empresa-forma-parte-de-la-transformacion-digital\\\/#webpage\"},\"articleSection\":\"Econom\\u00eda\"},{\"@type\":\"BreadcrumbList\",\"@id\":\"https:\\\/\\\/www.eldigitaldeasturias.com\\\/noticias\\\/tu-empresa-forma-parte-de-la-transformacion-digital\\\/#breadcrumblist\",\"itemListElement\":[{\"@type\":\"ListItem\",\"@id\":\"https:\\\/\\\/www.eldigitaldeasturias.com\\\/noticias#listItem\",\"position\":1,\"name\":\"Home\",\"item\":\"https:\\\/\\\/www.eldigitaldeasturias.com\\\/noticias\",\"nextItem\":{\"@type\":\"ListItem\",\"@id\":\"https:\\\/\\\/www.eldigitaldeasturias.com\\\/noticias\\\/category\\\/economia\\\/#listItem\",\"name\":\"Econom\\u00eda\"}},{\"@type\":\"ListItem\",\"@id\":\"https:\\\/\\\/www.eldigitaldeasturias.com\\\/noticias\\\/category\\\/economia\\\/#listItem\",\"position\":2,\"name\":\"Econom\\u00eda\",\"item\":\"https:\\\/\\\/www.eldigitaldeasturias.com\\\/noticias\\\/category\\\/economia\\\/\",\"nextItem\":{\"@type\":\"ListItem\",\"@id\":\"https:\\\/\\\/www.eldigitaldeasturias.com\\\/noticias\\\/tu-empresa-forma-parte-de-la-transformacion-digital\\\/#listItem\",\"name\":\"\\u00bfTu empresa forma parte de la transformaci\\u00f3n digital?\"},\"previousItem\":{\"@type\":\"ListItem\",\"@id\":\"https:\\\/\\\/www.eldigitaldeasturias.com\\\/noticias#listItem\",\"name\":\"Home\"}},{\"@type\":\"ListItem\",\"@id\":\"https:\\\/\\\/www.eldigitaldeasturias.com\\\/noticias\\\/tu-empresa-forma-parte-de-la-transformacion-digital\\\/#listItem\",\"position\":3,\"name\":\"\\u00bfTu empresa forma parte de la transformaci\\u00f3n digital?\",\"previousItem\":{\"@type\":\"ListItem\",\"@id\":\"https:\\\/\\\/www.eldigitaldeasturias.com\\\/noticias\\\/category\\\/economia\\\/#listItem\",\"name\":\"Econom\\u00eda\"}}]},{\"@type\":\"Organization\",\"@id\":\"https:\\\/\\\/www.eldigitaldeasturias.com\\\/noticias\\\/#organization\",\"name\":\"El Digital de Asturias\",\"description\":\"Hemeroteca\",\"url\":\"https:\\\/\\\/www.eldigitaldeasturias.com\\\/noticias\\\/\",\"email\":\"info@eldigitaldeasturias.com\",\"telephone\":\"+34652131393\",\"logo\":{\"@type\":\"ImageObject\",\"url\":\"https:\\\/\\\/www.eldigitaldeasturias.com\\\/noticias\\\/wp-content\\\/uploads\\\/2020\\\/12\\\/EDA.jpg\",\"@id\":\"https:\\\/\\\/www.eldigitaldeasturias.com\\\/noticias\\\/tu-empresa-forma-parte-de-la-transformacion-digital\\\/#organizationLogo\",\"width\":649,\"height\":297},\"image\":{\"@id\":\"https:\\\/\\\/www.eldigitaldeasturias.com\\\/noticias\\\/tu-empresa-forma-parte-de-la-transformacion-digital\\\/#organizationLogo\"},\"sameAs\":[\"https:\\\/\\\/facebook.com\\\/eldigitaldeasturias\",\"https:\\\/\\\/www.youtube.com\\\/channel\\\/UCZP-2wLEB9Rv6erhFmqVnvg\"],\"address\":{\"@id\":\"https:\\\/\\\/www.eldigitaldeasturias.com\\\/noticias\\\/#postaladdress\",\"@type\":\"PostalAddress\",\"streetAddress\":\"san antonio 4,\",\"postalCode\":\"33430\",\"addressLocality\":\"Cand\\u00e1s\",\"addressRegion\":\"Asturias\",\"addressCountry\":\"ES\"}},{\"@type\":\"Person\",\"@id\":\"https:\\\/\\\/www.eldigitaldeasturias.com\\\/noticias\\\/author\\\/admin\\\/#author\",\"url\":\"https:\\\/\\\/www.eldigitaldeasturias.com\\\/noticias\\\/author\\\/admin\\\/\",\"name\":\"El Digital de Asturias\",\"image\":{\"@type\":\"ImageObject\",\"@id\":\"https:\\\/\\\/www.eldigitaldeasturias.com\\\/noticias\\\/tu-empresa-forma-parte-de-la-transformacion-digital\\\/#authorImage\",\"url\":\"https:\\\/\\\/www.eldigitaldeasturias.com\\\/noticias\\\/wp-content\\\/litespeed\\\/avatar\\\/18677e78aa0546b92d9dbf31ec7d7668.jpg?ver=1777290358\",\"width\":96,\"height\":96,\"caption\":\"El Digital de Asturias\"}},{\"@type\":\"WebPage\",\"@id\":\"https:\\\/\\\/www.eldigitaldeasturias.com\\\/noticias\\\/tu-empresa-forma-parte-de-la-transformacion-digital\\\/#webpage\",\"url\":\"https:\\\/\\\/www.eldigitaldeasturias.com\\\/noticias\\\/tu-empresa-forma-parte-de-la-transformacion-digital\\\/\",\"name\":\"\\u00bfTu empresa forma parte de la transformaci\\u00f3n digital? - El Digital de Asturias\",\"description\":\"En la actualidad, es muy com\\u00fan escuchar hablar sobre la transformaci\\u00f3n digital y el impacto que esta genera en las empresas. En el presente art\\u00edculo te mostramos los aspectos fundamentales de este t\\u00e9rmino, as\\u00ed como los beneficios que trae para las organizaciones o negocios. Adem\\u00e1s, gracias a Emprendepyme.net, podr\\u00e1s conocer muchos m\\u00e1s detalles e informaci\\u00f3n\",\"inLanguage\":\"es-ES\",\"isPartOf\":{\"@id\":\"https:\\\/\\\/www.eldigitaldeasturias.com\\\/noticias\\\/#website\"},\"breadcrumb\":{\"@id\":\"https:\\\/\\\/www.eldigitaldeasturias.com\\\/noticias\\\/tu-empresa-forma-parte-de-la-transformacion-digital\\\/#breadcrumblist\"},\"author\":{\"@id\":\"https:\\\/\\\/www.eldigitaldeasturias.com\\\/noticias\\\/author\\\/admin\\\/#author\"},\"creator\":{\"@id\":\"https:\\\/\\\/www.eldigitaldeasturias.com\\\/noticias\\\/author\\\/admin\\\/#author\"},\"image\":{\"@type\":\"ImageObject\",\"url\":\"https:\\\/\\\/www.eldigitaldeasturias.com\\\/noticias\\\/wp-content\\\/uploads\\\/2019\\\/03\\\/ndp-empresas-digitales.jpg\",\"@id\":\"https:\\\/\\\/www.eldigitaldeasturias.com\\\/noticias\\\/tu-empresa-forma-parte-de-la-transformacion-digital\\\/#mainImage\",\"width\":592,\"height\":409},\"primaryImageOfPage\":{\"@id\":\"https:\\\/\\\/www.eldigitaldeasturias.com\\\/noticias\\\/tu-empresa-forma-parte-de-la-transformacion-digital\\\/#mainImage\"},\"datePublished\":\"2019-03-28T11:26:56+01:00\",\"dateModified\":\"2019-03-28T11:26:56+01:00\"},{\"@type\":\"WebSite\",\"@id\":\"https:\\\/\\\/www.eldigitaldeasturias.com\\\/noticias\\\/#website\",\"url\":\"https:\\\/\\\/www.eldigitaldeasturias.com\\\/noticias\\\/\",\"name\":\"El Digital de Asturias - Diario de actualidad y noticias\",\"alternateName\":\"El Digital de Asturias - Diario de actualidad y noticias\",\"description\":\"Hemeroteca\",\"inLanguage\":\"es-ES\",\"publisher\":{\"@id\":\"https:\\\/\\\/www.eldigitaldeasturias.com\\\/noticias\\\/#organization\"}}]}\n\t\t<\/script>\n\t\t<!-- All in One SEO Pro -->\r\n\t\t<title>\u00bfTu empresa forma parte de la transformaci\u00f3n digital? - El Digital de Asturias<\/title>\n\n","aioseo_head_json":{"title":"\u00bfTu empresa forma parte de la transformaci\u00f3n digital? - El Digital de Asturias","description":"En la actualidad, es muy com\u00fan escuchar hablar sobre la transformaci\u00f3n digital y el impacto que esta genera en las empresas. En el presente art\u00edculo te mostramos los aspectos fundamentales de este t\u00e9rmino, as\u00ed como los beneficios que trae para las organizaciones o negocios. Adem\u00e1s, gracias a Emprendepyme.net, podr\u00e1s conocer muchos m\u00e1s detalles e informaci\u00f3n","canonical_url":"https:\/\/www.eldigitaldeasturias.com\/noticias\/tu-empresa-forma-parte-de-la-transformacion-digital\/","robots":"max-image-preview:large","keywords":"econom\u00eda","webmasterTools":{"google-site-verification":"UA-38556648-1","msvalidate.01":"7dfe9f3f1b24437ab69f4f2559babe99","miscellaneous":""},"schema":{"@context":"https:\/\/schema.org","@graph":[{"@type":"BlogPosting","@id":"https:\/\/www.eldigitaldeasturias.com\/noticias\/tu-empresa-forma-parte-de-la-transformacion-digital\/#blogposting","name":"\u00bfTu empresa forma parte de la transformaci\u00f3n digital? - El Digital de Asturias","headline":"\u00bfTu empresa forma parte de la transformaci\u00f3n digital?","author":{"@id":"https:\/\/www.eldigitaldeasturias.com\/noticias\/author\/admin\/#author"},"publisher":{"@id":"https:\/\/www.eldigitaldeasturias.com\/noticias\/#organization"},"image":{"@type":"ImageObject","url":"https:\/\/www.eldigitaldeasturias.com\/noticias\/wp-content\/uploads\/2019\/03\/ndp-empresas-digitales.jpg","width":592,"height":409},"datePublished":"2019-03-28T11:26:56+01:00","dateModified":"2019-03-28T11:26:56+01:00","inLanguage":"es-ES","mainEntityOfPage":{"@id":"https:\/\/www.eldigitaldeasturias.com\/noticias\/tu-empresa-forma-parte-de-la-transformacion-digital\/#webpage"},"isPartOf":{"@id":"https:\/\/www.eldigitaldeasturias.com\/noticias\/tu-empresa-forma-parte-de-la-transformacion-digital\/#webpage"},"articleSection":"Econom\u00eda"},{"@type":"BreadcrumbList","@id":"https:\/\/www.eldigitaldeasturias.com\/noticias\/tu-empresa-forma-parte-de-la-transformacion-digital\/#breadcrumblist","itemListElement":[{"@type":"ListItem","@id":"https:\/\/www.eldigitaldeasturias.com\/noticias#listItem","position":1,"name":"Home","item":"https:\/\/www.eldigitaldeasturias.com\/noticias","nextItem":{"@type":"ListItem","@id":"https:\/\/www.eldigitaldeasturias.com\/noticias\/category\/economia\/#listItem","name":"Econom\u00eda"}},{"@type":"ListItem","@id":"https:\/\/www.eldigitaldeasturias.com\/noticias\/category\/economia\/#listItem","position":2,"name":"Econom\u00eda","item":"https:\/\/www.eldigitaldeasturias.com\/noticias\/category\/economia\/","nextItem":{"@type":"ListItem","@id":"https:\/\/www.eldigitaldeasturias.com\/noticias\/tu-empresa-forma-parte-de-la-transformacion-digital\/#listItem","name":"\u00bfTu empresa forma parte de la transformaci\u00f3n digital?"},"previousItem":{"@type":"ListItem","@id":"https:\/\/www.eldigitaldeasturias.com\/noticias#listItem","name":"Home"}},{"@type":"ListItem","@id":"https:\/\/www.eldigitaldeasturias.com\/noticias\/tu-empresa-forma-parte-de-la-transformacion-digital\/#listItem","position":3,"name":"\u00bfTu empresa forma parte de la transformaci\u00f3n digital?","previousItem":{"@type":"ListItem","@id":"https:\/\/www.eldigitaldeasturias.com\/noticias\/category\/economia\/#listItem","name":"Econom\u00eda"}}]},{"@type":"Organization","@id":"https:\/\/www.eldigitaldeasturias.com\/noticias\/#organization","name":"El Digital de Asturias","description":"Hemeroteca","url":"https:\/\/www.eldigitaldeasturias.com\/noticias\/","email":"info@eldigitaldeasturias.com","telephone":"+34652131393","logo":{"@type":"ImageObject","url":"https:\/\/www.eldigitaldeasturias.com\/noticias\/wp-content\/uploads\/2020\/12\/EDA.jpg","@id":"https:\/\/www.eldigitaldeasturias.com\/noticias\/tu-empresa-forma-parte-de-la-transformacion-digital\/#organizationLogo","width":649,"height":297},"image":{"@id":"https:\/\/www.eldigitaldeasturias.com\/noticias\/tu-empresa-forma-parte-de-la-transformacion-digital\/#organizationLogo"},"sameAs":["https:\/\/facebook.com\/eldigitaldeasturias","https:\/\/www.youtube.com\/channel\/UCZP-2wLEB9Rv6erhFmqVnvg"],"address":{"@id":"https:\/\/www.eldigitaldeasturias.com\/noticias\/#postaladdress","@type":"PostalAddress","streetAddress":"san antonio 4,","postalCode":"33430","addressLocality":"Cand\u00e1s","addressRegion":"Asturias","addressCountry":"ES"}},{"@type":"Person","@id":"https:\/\/www.eldigitaldeasturias.com\/noticias\/author\/admin\/#author","url":"https:\/\/www.eldigitaldeasturias.com\/noticias\/author\/admin\/","name":"El Digital de Asturias","image":{"@type":"ImageObject","@id":"https:\/\/www.eldigitaldeasturias.com\/noticias\/tu-empresa-forma-parte-de-la-transformacion-digital\/#authorImage","url":"https:\/\/www.eldigitaldeasturias.com\/noticias\/wp-content\/litespeed\/avatar\/18677e78aa0546b92d9dbf31ec7d7668.jpg?ver=1777290358","width":96,"height":96,"caption":"El Digital de Asturias"}},{"@type":"WebPage","@id":"https:\/\/www.eldigitaldeasturias.com\/noticias\/tu-empresa-forma-parte-de-la-transformacion-digital\/#webpage","url":"https:\/\/www.eldigitaldeasturias.com\/noticias\/tu-empresa-forma-parte-de-la-transformacion-digital\/","name":"\u00bfTu empresa forma parte de la transformaci\u00f3n digital? - El Digital de Asturias","description":"En la actualidad, es muy com\u00fan escuchar hablar sobre la transformaci\u00f3n digital y el impacto que esta genera en las empresas. En el presente art\u00edculo te mostramos los aspectos fundamentales de este t\u00e9rmino, as\u00ed como los beneficios que trae para las organizaciones o negocios. Adem\u00e1s, gracias a Emprendepyme.net, podr\u00e1s conocer muchos m\u00e1s detalles e informaci\u00f3n","inLanguage":"es-ES","isPartOf":{"@id":"https:\/\/www.eldigitaldeasturias.com\/noticias\/#website"},"breadcrumb":{"@id":"https:\/\/www.eldigitaldeasturias.com\/noticias\/tu-empresa-forma-parte-de-la-transformacion-digital\/#breadcrumblist"},"author":{"@id":"https:\/\/www.eldigitaldeasturias.com\/noticias\/author\/admin\/#author"},"creator":{"@id":"https:\/\/www.eldigitaldeasturias.com\/noticias\/author\/admin\/#author"},"image":{"@type":"ImageObject","url":"https:\/\/www.eldigitaldeasturias.com\/noticias\/wp-content\/uploads\/2019\/03\/ndp-empresas-digitales.jpg","@id":"https:\/\/www.eldigitaldeasturias.com\/noticias\/tu-empresa-forma-parte-de-la-transformacion-digital\/#mainImage","width":592,"height":409},"primaryImageOfPage":{"@id":"https:\/\/www.eldigitaldeasturias.com\/noticias\/tu-empresa-forma-parte-de-la-transformacion-digital\/#mainImage"},"datePublished":"2019-03-28T11:26:56+01:00","dateModified":"2019-03-28T11:26:56+01:00"},{"@type":"WebSite","@id":"https:\/\/www.eldigitaldeasturias.com\/noticias\/#website","url":"https:\/\/www.eldigitaldeasturias.com\/noticias\/","name":"El Digital de Asturias - Diario de actualidad y noticias","alternateName":"El Digital de Asturias - Diario de actualidad y noticias","description":"Hemeroteca","inLanguage":"es-ES","publisher":{"@id":"https:\/\/www.eldigitaldeasturias.com\/noticias\/#organization"}}]},"og:locale":"es_ES","og:site_name":"El Digital de Asturias","og:type":"article","og:title":"\u00bfTu empresa forma parte de la transformaci\u00f3n digital? - El Digital de Asturias","og:description":"En la actualidad, es muy com\u00fan escuchar hablar sobre la transformaci\u00f3n digital y el impacto que esta genera en las empresas. En el presente art\u00edculo te mostramos los aspectos fundamentales de este t\u00e9rmino, as\u00ed como los beneficios que trae para las organizaciones o negocios. Adem\u00e1s, gracias a Emprendepyme.net, podr\u00e1s conocer muchos m\u00e1s detalles e informaci\u00f3n","og:url":"https:\/\/www.eldigitaldeasturias.com\/noticias\/tu-empresa-forma-parte-de-la-transformacion-digital\/","og:image":"https:\/\/www.eldigitaldeasturias.com\/noticias\/wp-content\/uploads\/2019\/03\/ndp-empresas-digitales.jpg","og:image:secure_url":"https:\/\/www.eldigitaldeasturias.com\/noticias\/wp-content\/uploads\/2019\/03\/ndp-empresas-digitales.jpg","og:image:width":592,"og:image:height":409,"article:tag":["econom\u00eda"],"article:published_time":"2019-03-28T11:26:56+00:00","article:modified_time":"2019-03-28T11:26:56+00:00","article:publisher":"https:\/\/facebook.com\/eldigitaldeasturias","twitter:card":"summary_large_image","twitter:title":"\u00bfTu empresa forma parte de la transformaci\u00f3n digital? - El Digital de Asturias","twitter:description":"En la actualidad, es muy com\u00fan escuchar hablar sobre la transformaci\u00f3n digital y el impacto que esta genera en las empresas. En el presente art\u00edculo te mostramos los aspectos fundamentales de este t\u00e9rmino, as\u00ed como los beneficios que trae para las organizaciones o negocios. Adem\u00e1s, gracias a Emprendepyme.net, podr\u00e1s conocer muchos m\u00e1s detalles e informaci\u00f3n","twitter:image":"https:\/\/www.eldigitaldeasturias.com\/noticias\/wp-content\/uploads\/2019\/03\/ndp-empresas-digitales.jpg","twitter:label1":"Escrito por","twitter:data1":"El Digital de Asturias","twitter:label2":"Tiempo de lectura estimado","twitter:data2":"4 minutos"},"aioseo_meta_data":{"post_id":"1021914","title":null,"description":null,"keywords":null,"keyphrases":null,"primary_term":null,"canonical_url":null,"og_title":null,"og_description":null,"og_object_type":"default","og_image_type":"default","og_image_url":null,"og_image_width":null,"og_image_height":null,"og_image_custom_url":null,"og_image_custom_fields":null,"og_video":null,"og_custom_url":null,"og_article_section":null,"og_article_tags":null,"twitter_use_og":false,"twitter_card":"default","twitter_image_type":"default","twitter_image_url":null,"twitter_image_custom_url":null,"twitter_image_custom_fields":null,"twitter_title":null,"twitter_description":null,"schema":{"blockGraphs":[],"customGraphs":[],"default":{"data":{"Article":[],"Course":[],"Dataset":[],"FAQPage":[],"Movie":[],"Person":[],"Product":[],"ProductReview":[],"Car":[],"Recipe":[],"Service":[],"SoftwareApplication":[],"WebPage":[]},"graphName":"","isEnabled":true},"graphs":[],"defaultGraph":"","defaultPostTypeGraph":""},"schema_type":null,"schema_type_options":null,"pillar_content":false,"robots_default":true,"robots_noindex":false,"robots_noarchive":false,"robots_nosnippet":false,"robots_nofollow":false,"robots_noimageindex":false,"robots_noodp":false,"robots_notranslate":false,"robots_max_snippet":null,"robots_max_videopreview":null,"robots_max_imagepreview":"large","priority":null,"frequency":null,"local_seo":null,"seo_analyzer_scan_date":"2025-10-17 06:05:15","breadcrumb_settings":null,"limit_modified_date":false,"open_ai":null,"ai":null,"created":"2020-12-21 11:16:04","updated":"2025-10-17 06:05:15"},"aioseo_breadcrumb":"<div class=\"aioseo-breadcrumbs\"><span class=\"aioseo-breadcrumb\">\n\t<a href=\"https:\/\/www.eldigitaldeasturias.com\/noticias\" title=\"Home\">Home<\/a>\n<\/span><span class=\"aioseo-breadcrumb-separator\">\u2013<\/span><span class=\"aioseo-breadcrumb\">\n\t<a href=\"https:\/\/www.eldigitaldeasturias.com\/noticias\/category\/economia\/\" title=\"Econom\u00eda\">Econom\u00eda<\/a>\n<\/span><span class=\"aioseo-breadcrumb-separator\">\u2013<\/span><span class=\"aioseo-breadcrumb\">\n\t<a href=\"https:\/\/www.eldigitaldeasturias.com\/noticias\/tu-empresa-forma-parte-de-la-transformacion-digital\/\" title=\"\u00bfTu empresa forma parte de la transformaci\u00f3n digital?\">\u00bfTu empresa forma parte de la transformaci\u00f3n digital?<\/a>\n<\/span><\/div>","aioseo_breadcrumb_json":[{"label":"Home","link":"https:\/\/www.eldigitaldeasturias.com\/noticias"},{"label":"Econom\u00eda","link":"https:\/\/www.eldigitaldeasturias.com\/noticias\/category\/economia\/"},{"label":"\u00bfTu empresa forma parte de la transformaci\u00f3n digital?","link":"https:\/\/www.eldigitaldeasturias.com\/noticias\/tu-empresa-forma-parte-de-la-transformacion-digital\/"}],"_links":{"self":[{"href":"https:\/\/www.eldigitaldeasturias.com\/noticias\/wp-json\/wp\/v2\/posts\/1021914","targetHints":{"allow":["GET"]}}],"collection":[{"href":"https:\/\/www.eldigitaldeasturias.com\/noticias\/wp-json\/wp\/v2\/posts"}],"about":[{"href":"https:\/\/www.eldigitaldeasturias.com\/noticias\/wp-json\/wp\/v2\/types\/post"}],"author":[{"embeddable":true,"href":"https:\/\/www.eldigitaldeasturias.com\/noticias\/wp-json\/wp\/v2\/users\/1"}],"replies":[{"embeddable":true,"href":"https:\/\/www.eldigitaldeasturias.com\/noticias\/wp-json\/wp\/v2\/comments?post=1021914"}],"version-history":[{"count":0,"href":"https:\/\/www.eldigitaldeasturias.com\/noticias\/wp-json\/wp\/v2\/posts\/1021914\/revisions"}],"wp:featuredmedia":[{"embeddable":true,"href":"https:\/\/www.eldigitaldeasturias.com\/noticias\/wp-json\/wp\/v2\/media\/1021915"}],"wp:attachment":[{"href":"https:\/\/www.eldigitaldeasturias.com\/noticias\/wp-json\/wp\/v2\/media?parent=1021914"}],"wp:term":[{"taxonomy":"category","embeddable":true,"href":"https:\/\/www.eldigitaldeasturias.com\/noticias\/wp-json\/wp\/v2\/categories?post=1021914"},{"taxonomy":"post_tag","embeddable":true,"href":"https:\/\/www.eldigitaldeasturias.com\/noticias\/wp-json\/wp\/v2\/tags?post=1021914"}],"curies":[{"name":"wp","href":"https:\/\/api.w.org\/{rel}","templated":true}]}}