{"id":1021657,"date":"2019-03-25T16:53:56","date_gmt":"2019-03-25T16:53:56","guid":{"rendered":"https:\/\/www.eldigitaldeasturias.com\/noticias\/?p=1021657"},"modified":"2019-03-25T16:53:56","modified_gmt":"2019-03-25T16:53:56","slug":"uso-solicita-varias-modificaciones-al-estatuto-de-la-industria-electrointensiva","status":"publish","type":"post","link":"https:\/\/www.eldigitaldeasturias.com\/noticias\/uso-solicita-varias-modificaciones-al-estatuto-de-la-industria-electrointensiva\/","title":{"rendered":"USO solicita varias modificaciones al Estatuto de la Industria Electrointensiva"},"content":{"rendered":"<p><img loading=\"lazy\" decoding=\"async\" class=\"alignleft size-medium wp-image-1021658\" src=\"https:\/\/www.eldigitaldeasturias.com\/noticias\/wp-content\/uploads\/2019\/03\/twilight-532720_960_720-360x222.jpg\" alt=\"\" width=\"360\" height=\"222\" srcset=\"https:\/\/www.eldigitaldeasturias.com\/noticias\/wp-content\/uploads\/2019\/03\/twilight-532720_960_720-360x222.jpg 360w, https:\/\/www.eldigitaldeasturias.com\/noticias\/wp-content\/uploads\/2019\/03\/twilight-532720_960_720-768x474.jpg 768w, https:\/\/www.eldigitaldeasturias.com\/noticias\/wp-content\/uploads\/2019\/03\/twilight-532720_960_720-650x402.jpg 650w, https:\/\/www.eldigitaldeasturias.com\/noticias\/wp-content\/uploads\/2019\/03\/twilight-532720_960_720-279x173.jpg 279w, https:\/\/www.eldigitaldeasturias.com\/noticias\/wp-content\/uploads\/2019\/03\/twilight-532720_960_720.jpg 960w\" sizes=\"auto, (max-width: 360px) 100vw, 360px\" \/>La Uni\u00f3n Sindical obrera anunci\u00f3 este lunes mediante un comunicado de prensa que han presentado recientemente varias enmiendas al Estatuto de la Industria Electrointensiva para conseguir un precio por megavatio de 35 euros.<\/p>\n<p>El comunicado de prensa completo expone la siguiente informaci\u00f3n:<\/p>\n<p>\u201cLa Federaci\u00f3n de Industria de USO ha presentado las alegaciones al RD 20\/2018, que prev\u00e9 el Estatuto de la Industria Electrointensiva, y que se encuentra en consulta p\u00fablica hasta el pr\u00f3ximo mi\u00e9rcoles, 27 de marzo. La primera de las alegaciones remitidas a los ministerios de Industria y Transici\u00f3n Ecol\u00f3gica pasa por el propio concepto. \u201cEn el borrador, consideramos imprescindible la creaci\u00f3n de la figura del consumidor \u2018hiperelectrointensivo\u2019, en funci\u00f3n de lo que incide la electricidad en el producto final de cada planta\u201d, avanza Ra\u00fal Montoya, secretario de Acci\u00f3n Sindical y Salud Laboral de FI-USO.<\/p>\n<p>Adem\u00e1s de eso, \u201csolicitamos que se dote de un marco m\u00e1s seguro y estable en cuanto al presupuesto relativo a las emisiones de CO2. Es una medida habilitada por la Uni\u00f3n Europea y muchos pa\u00edses comunitarios ya la aplican, como Alemania, donde se puede llegar al m\u00e1ximo permitido del 25%, que son unos 250 millones de euros. Tambi\u00e9n en nuestro entorno se paga entre 5 y 10 veces por los peajes por megavatio, por lo que otra de nuestras enmiendas es rebajar los 10-15 euros que se pagan ahora en Espa\u00f1a para poder competir con los 1-2 de Francia o Alemania. Y pedimos una modificaci\u00f3n del modelo de fiscalidad de la generaci\u00f3n, que en Espa\u00f1a se traslada directamente a la factura y que hace que los precios mayoristas est\u00e9n unos 8 euros por encima de nuestros vecinos\u201d, contin\u00faa Montoya.<\/p>\n<p>Tambi\u00e9n, desde FI-USO se solicita \u201cque se fomenten las PPA, acuerdos bilaterales de compra de energ\u00eda, y que se opte por el modelo franc\u00e9s, firmando contratos a largo plazo, de 10 a\u00f1os, que garanticen las inversiones y den seguridad jur\u00eddica y estabilidad al empleo\u201d; y, en lo relativo al actual sistema de subastas de interrumpibilidad, \u201cque se recupere la competitividad, ya que ha bajado un 40% el precio del megavatio y, adem\u00e1s, sigue sin introducirse un mecanismo que garantice la permanencia de las industrias en el sistema que favorezca la estabilidad en el empleo\u201d.<\/p>\n<p>Con las enmiendas, el secretario de Acci\u00f3n Sindical y Salud Laboral de FI-USO se muestra convencido de que \u201cpodr\u00edamos llegar a contar con una industria competitiva, con un precio de MW\/hora de en torno a los 35 euros. Los costes el\u00e9ctricos de Espa\u00f1a son los m\u00e1s altos de Europa y lastran la competitividad de toda nuestra industria. De no tener en cuenta estas correcciones al borrador, el Estatuto quedar\u00e1 en una mera declaraci\u00f3n de intenciones que seguir\u00e1 sumiendo en una gran incertidumbre cortoplacista a la gran industria espa\u00f1ola y los puestos de trabajo que de ella dependen\u201d, concluye el comunicado de prensa de la Uni\u00f3n Sindical Obrera (USO).<\/p>\n","protected":false},"excerpt":{"rendered":"<p>La Uni\u00f3n Sindical obrera anunci\u00f3 este lunes mediante un comunicado de prensa que han presentado recientemente varias enmiendas al Estatuto de la Industria Electrointensiva para conseguir un precio por megavatio de 35 euros. El comunicado de prensa completo expone la siguiente informaci\u00f3n: \u201cLa Federaci\u00f3n de Industria de USO ha presentado las alegaciones al RD 20\/2018, [&hellip;]<\/p>\n","protected":false},"author":1,"featured_media":1021658,"comment_status":"closed","ping_status":"closed","sticky":false,"template":"","format":"standard","meta":{"footnotes":""},"categories":[187],"tags":[],"class_list":["post-1021657","post","type-post","status-publish","format-standard","has-post-thumbnail","hentry","category-economia"],"aioseo_notices":[],"aioseo_head":"\n\t\t<!-- All in One SEO Pro 4.9.6.2 - aioseo.com -->\n\t<meta name=\"description\" content=\"La Uni\u00f3n Sindical obrera anunci\u00f3 este lunes mediante un comunicado de prensa que han presentado recientemente varias enmiendas al Estatuto de la Industria Electrointensiva para conseguir un precio por megavatio de 35 euros. El comunicado de prensa completo expone la siguiente informaci\u00f3n: \u201cLa Federaci\u00f3n de Industria de USO ha presentado las alegaciones al RD 20\/2018,\" \/>\n\t<meta name=\"robots\" content=\"max-image-preview:large\" \/>\n\t<meta name=\"author\" content=\"El Digital de Asturias\"\/>\n\t<meta name=\"google-site-verification\" content=\"UA-38556648-1\" \/>\n\t<meta name=\"msvalidate.01\" content=\"7dfe9f3f1b24437ab69f4f2559babe99\" \/>\n\t<meta name=\"keywords\" content=\"econom\u00eda\" \/>\n\t<link rel=\"canonical\" href=\"https:\/\/www.eldigitaldeasturias.com\/noticias\/uso-solicita-varias-modificaciones-al-estatuto-de-la-industria-electrointensiva\/\" \/>\n\t<meta name=\"generator\" content=\"All in One SEO Pro (AIOSEO) 4.9.6.2\" \/>\n\t\t<meta property=\"og:locale\" content=\"es_ES\" \/>\n\t\t<meta property=\"og:site_name\" content=\"El Digital de Asturias\" \/>\n\t\t<meta property=\"og:type\" content=\"article\" \/>\n\t\t<meta property=\"og:title\" content=\"USO solicita varias modificaciones al Estatuto de la Industria Electrointensiva - El Digital de Asturias\" \/>\n\t\t<meta property=\"og:description\" content=\"La Uni\u00f3n Sindical obrera anunci\u00f3 este lunes mediante un comunicado de prensa que han presentado recientemente varias enmiendas al Estatuto de la Industria Electrointensiva para conseguir un precio por megavatio de 35 euros. El comunicado de prensa completo expone la siguiente informaci\u00f3n: \u201cLa Federaci\u00f3n de Industria de USO ha presentado las alegaciones al RD 20\/2018,\" \/>\n\t\t<meta property=\"og:url\" content=\"https:\/\/www.eldigitaldeasturias.com\/noticias\/uso-solicita-varias-modificaciones-al-estatuto-de-la-industria-electrointensiva\/\" \/>\n\t\t<meta property=\"og:image\" content=\"https:\/\/www.eldigitaldeasturias.com\/noticias\/wp-content\/uploads\/2019\/03\/twilight-532720_960_720.jpg\" \/>\n\t\t<meta property=\"og:image:secure_url\" content=\"https:\/\/www.eldigitaldeasturias.com\/noticias\/wp-content\/uploads\/2019\/03\/twilight-532720_960_720.jpg\" \/>\n\t\t<meta property=\"og:image:width\" content=\"960\" \/>\n\t\t<meta property=\"og:image:height\" content=\"593\" \/>\n\t\t<meta property=\"article:tag\" content=\"econom\u00eda\" \/>\n\t\t<meta property=\"article:published_time\" content=\"2019-03-25T16:53:56+00:00\" \/>\n\t\t<meta property=\"article:modified_time\" content=\"2019-03-25T16:53:56+00:00\" \/>\n\t\t<meta property=\"article:publisher\" content=\"https:\/\/facebook.com\/eldigitaldeasturias\" \/>\n\t\t<meta name=\"twitter:card\" content=\"summary_large_image\" \/>\n\t\t<meta name=\"twitter:title\" content=\"USO solicita varias modificaciones al Estatuto de la Industria Electrointensiva - El Digital de Asturias\" \/>\n\t\t<meta name=\"twitter:description\" content=\"La Uni\u00f3n Sindical obrera anunci\u00f3 este lunes mediante un comunicado de prensa que han presentado recientemente varias enmiendas al Estatuto de la Industria Electrointensiva para conseguir un precio por megavatio de 35 euros. El comunicado de prensa completo expone la siguiente informaci\u00f3n: \u201cLa Federaci\u00f3n de Industria de USO ha presentado las alegaciones al RD 20\/2018,\" \/>\n\t\t<meta name=\"twitter:image\" content=\"https:\/\/www.eldigitaldeasturias.com\/noticias\/wp-content\/uploads\/2019\/03\/twilight-532720_960_720.jpg\" \/>\n\t\t<meta name=\"twitter:label1\" content=\"Escrito por\" \/>\n\t\t<meta name=\"twitter:data1\" content=\"El Digital de Asturias\" \/>\n\t\t<meta name=\"twitter:label2\" content=\"Tiempo de lectura estimado\" \/>\n\t\t<meta name=\"twitter:data2\" content=\"3 minutos\" \/>\n\t\t<script type=\"application\/ld+json\" class=\"aioseo-schema\">\n\t\t\t{\"@context\":\"https:\\\/\\\/schema.org\",\"@graph\":[{\"@type\":\"BlogPosting\",\"@id\":\"https:\\\/\\\/www.eldigitaldeasturias.com\\\/noticias\\\/uso-solicita-varias-modificaciones-al-estatuto-de-la-industria-electrointensiva\\\/#blogposting\",\"name\":\"USO solicita varias modificaciones al Estatuto de la Industria Electrointensiva - El Digital de Asturias\",\"headline\":\"USO solicita varias modificaciones al Estatuto de la Industria Electrointensiva\",\"author\":{\"@id\":\"https:\\\/\\\/www.eldigitaldeasturias.com\\\/noticias\\\/author\\\/admin\\\/#author\"},\"publisher\":{\"@id\":\"https:\\\/\\\/www.eldigitaldeasturias.com\\\/noticias\\\/#organization\"},\"image\":{\"@type\":\"ImageObject\",\"url\":\"https:\\\/\\\/www.eldigitaldeasturias.com\\\/noticias\\\/wp-content\\\/uploads\\\/2019\\\/03\\\/twilight-532720_960_720.jpg\",\"width\":960,\"height\":593},\"datePublished\":\"2019-03-25T16:53:56+01:00\",\"dateModified\":\"2019-03-25T16:53:56+01:00\",\"inLanguage\":\"es-ES\",\"mainEntityOfPage\":{\"@id\":\"https:\\\/\\\/www.eldigitaldeasturias.com\\\/noticias\\\/uso-solicita-varias-modificaciones-al-estatuto-de-la-industria-electrointensiva\\\/#webpage\"},\"isPartOf\":{\"@id\":\"https:\\\/\\\/www.eldigitaldeasturias.com\\\/noticias\\\/uso-solicita-varias-modificaciones-al-estatuto-de-la-industria-electrointensiva\\\/#webpage\"},\"articleSection\":\"Econom\\u00eda\"},{\"@type\":\"BreadcrumbList\",\"@id\":\"https:\\\/\\\/www.eldigitaldeasturias.com\\\/noticias\\\/uso-solicita-varias-modificaciones-al-estatuto-de-la-industria-electrointensiva\\\/#breadcrumblist\",\"itemListElement\":[{\"@type\":\"ListItem\",\"@id\":\"https:\\\/\\\/www.eldigitaldeasturias.com\\\/noticias#listItem\",\"position\":1,\"name\":\"Home\",\"item\":\"https:\\\/\\\/www.eldigitaldeasturias.com\\\/noticias\",\"nextItem\":{\"@type\":\"ListItem\",\"@id\":\"https:\\\/\\\/www.eldigitaldeasturias.com\\\/noticias\\\/category\\\/economia\\\/#listItem\",\"name\":\"Econom\\u00eda\"}},{\"@type\":\"ListItem\",\"@id\":\"https:\\\/\\\/www.eldigitaldeasturias.com\\\/noticias\\\/category\\\/economia\\\/#listItem\",\"position\":2,\"name\":\"Econom\\u00eda\",\"item\":\"https:\\\/\\\/www.eldigitaldeasturias.com\\\/noticias\\\/category\\\/economia\\\/\",\"nextItem\":{\"@type\":\"ListItem\",\"@id\":\"https:\\\/\\\/www.eldigitaldeasturias.com\\\/noticias\\\/uso-solicita-varias-modificaciones-al-estatuto-de-la-industria-electrointensiva\\\/#listItem\",\"name\":\"USO solicita varias modificaciones al Estatuto de la Industria Electrointensiva\"},\"previousItem\":{\"@type\":\"ListItem\",\"@id\":\"https:\\\/\\\/www.eldigitaldeasturias.com\\\/noticias#listItem\",\"name\":\"Home\"}},{\"@type\":\"ListItem\",\"@id\":\"https:\\\/\\\/www.eldigitaldeasturias.com\\\/noticias\\\/uso-solicita-varias-modificaciones-al-estatuto-de-la-industria-electrointensiva\\\/#listItem\",\"position\":3,\"name\":\"USO solicita varias modificaciones al Estatuto de la Industria Electrointensiva\",\"previousItem\":{\"@type\":\"ListItem\",\"@id\":\"https:\\\/\\\/www.eldigitaldeasturias.com\\\/noticias\\\/category\\\/economia\\\/#listItem\",\"name\":\"Econom\\u00eda\"}}]},{\"@type\":\"Organization\",\"@id\":\"https:\\\/\\\/www.eldigitaldeasturias.com\\\/noticias\\\/#organization\",\"name\":\"El Digital de Asturias\",\"description\":\"Hemeroteca\",\"url\":\"https:\\\/\\\/www.eldigitaldeasturias.com\\\/noticias\\\/\",\"email\":\"info@eldigitaldeasturias.com\",\"telephone\":\"+34652131393\",\"logo\":{\"@type\":\"ImageObject\",\"url\":\"https:\\\/\\\/www.eldigitaldeasturias.com\\\/noticias\\\/wp-content\\\/uploads\\\/2020\\\/12\\\/EDA.jpg\",\"@id\":\"https:\\\/\\\/www.eldigitaldeasturias.com\\\/noticias\\\/uso-solicita-varias-modificaciones-al-estatuto-de-la-industria-electrointensiva\\\/#organizationLogo\",\"width\":649,\"height\":297},\"image\":{\"@id\":\"https:\\\/\\\/www.eldigitaldeasturias.com\\\/noticias\\\/uso-solicita-varias-modificaciones-al-estatuto-de-la-industria-electrointensiva\\\/#organizationLogo\"},\"sameAs\":[\"https:\\\/\\\/facebook.com\\\/eldigitaldeasturias\",\"https:\\\/\\\/www.youtube.com\\\/channel\\\/UCZP-2wLEB9Rv6erhFmqVnvg\"],\"address\":{\"@id\":\"https:\\\/\\\/www.eldigitaldeasturias.com\\\/noticias\\\/#postaladdress\",\"@type\":\"PostalAddress\",\"streetAddress\":\"san antonio 4,\",\"postalCode\":\"33430\",\"addressLocality\":\"Cand\\u00e1s\",\"addressRegion\":\"Asturias\",\"addressCountry\":\"ES\"}},{\"@type\":\"Person\",\"@id\":\"https:\\\/\\\/www.eldigitaldeasturias.com\\\/noticias\\\/author\\\/admin\\\/#author\",\"url\":\"https:\\\/\\\/www.eldigitaldeasturias.com\\\/noticias\\\/author\\\/admin\\\/\",\"name\":\"El Digital de Asturias\",\"image\":{\"@type\":\"ImageObject\",\"@id\":\"https:\\\/\\\/www.eldigitaldeasturias.com\\\/noticias\\\/uso-solicita-varias-modificaciones-al-estatuto-de-la-industria-electrointensiva\\\/#authorImage\",\"url\":\"https:\\\/\\\/www.eldigitaldeasturias.com\\\/noticias\\\/wp-content\\\/litespeed\\\/avatar\\\/18677e78aa0546b92d9dbf31ec7d7668.jpg?ver=1777290358\",\"width\":96,\"height\":96,\"caption\":\"El Digital de Asturias\"}},{\"@type\":\"WebPage\",\"@id\":\"https:\\\/\\\/www.eldigitaldeasturias.com\\\/noticias\\\/uso-solicita-varias-modificaciones-al-estatuto-de-la-industria-electrointensiva\\\/#webpage\",\"url\":\"https:\\\/\\\/www.eldigitaldeasturias.com\\\/noticias\\\/uso-solicita-varias-modificaciones-al-estatuto-de-la-industria-electrointensiva\\\/\",\"name\":\"USO solicita varias modificaciones al Estatuto de la Industria Electrointensiva - El Digital de Asturias\",\"description\":\"La Uni\\u00f3n Sindical obrera anunci\\u00f3 este lunes mediante un comunicado de prensa que han presentado recientemente varias enmiendas al Estatuto de la Industria Electrointensiva para conseguir un precio por megavatio de 35 euros. El comunicado de prensa completo expone la siguiente informaci\\u00f3n: \\u201cLa Federaci\\u00f3n de Industria de USO ha presentado las alegaciones al RD 20\\\/2018,\",\"inLanguage\":\"es-ES\",\"isPartOf\":{\"@id\":\"https:\\\/\\\/www.eldigitaldeasturias.com\\\/noticias\\\/#website\"},\"breadcrumb\":{\"@id\":\"https:\\\/\\\/www.eldigitaldeasturias.com\\\/noticias\\\/uso-solicita-varias-modificaciones-al-estatuto-de-la-industria-electrointensiva\\\/#breadcrumblist\"},\"author\":{\"@id\":\"https:\\\/\\\/www.eldigitaldeasturias.com\\\/noticias\\\/author\\\/admin\\\/#author\"},\"creator\":{\"@id\":\"https:\\\/\\\/www.eldigitaldeasturias.com\\\/noticias\\\/author\\\/admin\\\/#author\"},\"image\":{\"@type\":\"ImageObject\",\"url\":\"https:\\\/\\\/www.eldigitaldeasturias.com\\\/noticias\\\/wp-content\\\/uploads\\\/2019\\\/03\\\/twilight-532720_960_720.jpg\",\"@id\":\"https:\\\/\\\/www.eldigitaldeasturias.com\\\/noticias\\\/uso-solicita-varias-modificaciones-al-estatuto-de-la-industria-electrointensiva\\\/#mainImage\",\"width\":960,\"height\":593},\"primaryImageOfPage\":{\"@id\":\"https:\\\/\\\/www.eldigitaldeasturias.com\\\/noticias\\\/uso-solicita-varias-modificaciones-al-estatuto-de-la-industria-electrointensiva\\\/#mainImage\"},\"datePublished\":\"2019-03-25T16:53:56+01:00\",\"dateModified\":\"2019-03-25T16:53:56+01:00\"},{\"@type\":\"WebSite\",\"@id\":\"https:\\\/\\\/www.eldigitaldeasturias.com\\\/noticias\\\/#website\",\"url\":\"https:\\\/\\\/www.eldigitaldeasturias.com\\\/noticias\\\/\",\"name\":\"El Digital de Asturias - Diario de actualidad y noticias\",\"alternateName\":\"El Digital de Asturias - Diario de actualidad y noticias\",\"description\":\"Hemeroteca\",\"inLanguage\":\"es-ES\",\"publisher\":{\"@id\":\"https:\\\/\\\/www.eldigitaldeasturias.com\\\/noticias\\\/#organization\"}}]}\n\t\t<\/script>\n\t\t<!-- All in One SEO Pro -->\r\n\t\t<title>USO solicita varias modificaciones al Estatuto de la Industria Electrointensiva - El Digital de Asturias<\/title>\n\n","aioseo_head_json":{"title":"USO solicita varias modificaciones al Estatuto de la Industria Electrointensiva - El Digital de Asturias","description":"La Uni\u00f3n Sindical obrera anunci\u00f3 este lunes mediante un comunicado de prensa que han presentado recientemente varias enmiendas al Estatuto de la Industria Electrointensiva para conseguir un precio por megavatio de 35 euros. El comunicado de prensa completo expone la siguiente informaci\u00f3n: \u201cLa Federaci\u00f3n de Industria de USO ha presentado las alegaciones al RD 20\/2018,","canonical_url":"https:\/\/www.eldigitaldeasturias.com\/noticias\/uso-solicita-varias-modificaciones-al-estatuto-de-la-industria-electrointensiva\/","robots":"max-image-preview:large","keywords":"econom\u00eda","webmasterTools":{"google-site-verification":"UA-38556648-1","msvalidate.01":"7dfe9f3f1b24437ab69f4f2559babe99","miscellaneous":""},"schema":{"@context":"https:\/\/schema.org","@graph":[{"@type":"BlogPosting","@id":"https:\/\/www.eldigitaldeasturias.com\/noticias\/uso-solicita-varias-modificaciones-al-estatuto-de-la-industria-electrointensiva\/#blogposting","name":"USO solicita varias modificaciones al Estatuto de la Industria Electrointensiva - El Digital de Asturias","headline":"USO solicita varias modificaciones al Estatuto de la Industria Electrointensiva","author":{"@id":"https:\/\/www.eldigitaldeasturias.com\/noticias\/author\/admin\/#author"},"publisher":{"@id":"https:\/\/www.eldigitaldeasturias.com\/noticias\/#organization"},"image":{"@type":"ImageObject","url":"https:\/\/www.eldigitaldeasturias.com\/noticias\/wp-content\/uploads\/2019\/03\/twilight-532720_960_720.jpg","width":960,"height":593},"datePublished":"2019-03-25T16:53:56+01:00","dateModified":"2019-03-25T16:53:56+01:00","inLanguage":"es-ES","mainEntityOfPage":{"@id":"https:\/\/www.eldigitaldeasturias.com\/noticias\/uso-solicita-varias-modificaciones-al-estatuto-de-la-industria-electrointensiva\/#webpage"},"isPartOf":{"@id":"https:\/\/www.eldigitaldeasturias.com\/noticias\/uso-solicita-varias-modificaciones-al-estatuto-de-la-industria-electrointensiva\/#webpage"},"articleSection":"Econom\u00eda"},{"@type":"BreadcrumbList","@id":"https:\/\/www.eldigitaldeasturias.com\/noticias\/uso-solicita-varias-modificaciones-al-estatuto-de-la-industria-electrointensiva\/#breadcrumblist","itemListElement":[{"@type":"ListItem","@id":"https:\/\/www.eldigitaldeasturias.com\/noticias#listItem","position":1,"name":"Home","item":"https:\/\/www.eldigitaldeasturias.com\/noticias","nextItem":{"@type":"ListItem","@id":"https:\/\/www.eldigitaldeasturias.com\/noticias\/category\/economia\/#listItem","name":"Econom\u00eda"}},{"@type":"ListItem","@id":"https:\/\/www.eldigitaldeasturias.com\/noticias\/category\/economia\/#listItem","position":2,"name":"Econom\u00eda","item":"https:\/\/www.eldigitaldeasturias.com\/noticias\/category\/economia\/","nextItem":{"@type":"ListItem","@id":"https:\/\/www.eldigitaldeasturias.com\/noticias\/uso-solicita-varias-modificaciones-al-estatuto-de-la-industria-electrointensiva\/#listItem","name":"USO solicita varias modificaciones al Estatuto de la Industria Electrointensiva"},"previousItem":{"@type":"ListItem","@id":"https:\/\/www.eldigitaldeasturias.com\/noticias#listItem","name":"Home"}},{"@type":"ListItem","@id":"https:\/\/www.eldigitaldeasturias.com\/noticias\/uso-solicita-varias-modificaciones-al-estatuto-de-la-industria-electrointensiva\/#listItem","position":3,"name":"USO solicita varias modificaciones al Estatuto de la Industria Electrointensiva","previousItem":{"@type":"ListItem","@id":"https:\/\/www.eldigitaldeasturias.com\/noticias\/category\/economia\/#listItem","name":"Econom\u00eda"}}]},{"@type":"Organization","@id":"https:\/\/www.eldigitaldeasturias.com\/noticias\/#organization","name":"El Digital de Asturias","description":"Hemeroteca","url":"https:\/\/www.eldigitaldeasturias.com\/noticias\/","email":"info@eldigitaldeasturias.com","telephone":"+34652131393","logo":{"@type":"ImageObject","url":"https:\/\/www.eldigitaldeasturias.com\/noticias\/wp-content\/uploads\/2020\/12\/EDA.jpg","@id":"https:\/\/www.eldigitaldeasturias.com\/noticias\/uso-solicita-varias-modificaciones-al-estatuto-de-la-industria-electrointensiva\/#organizationLogo","width":649,"height":297},"image":{"@id":"https:\/\/www.eldigitaldeasturias.com\/noticias\/uso-solicita-varias-modificaciones-al-estatuto-de-la-industria-electrointensiva\/#organizationLogo"},"sameAs":["https:\/\/facebook.com\/eldigitaldeasturias","https:\/\/www.youtube.com\/channel\/UCZP-2wLEB9Rv6erhFmqVnvg"],"address":{"@id":"https:\/\/www.eldigitaldeasturias.com\/noticias\/#postaladdress","@type":"PostalAddress","streetAddress":"san antonio 4,","postalCode":"33430","addressLocality":"Cand\u00e1s","addressRegion":"Asturias","addressCountry":"ES"}},{"@type":"Person","@id":"https:\/\/www.eldigitaldeasturias.com\/noticias\/author\/admin\/#author","url":"https:\/\/www.eldigitaldeasturias.com\/noticias\/author\/admin\/","name":"El Digital de Asturias","image":{"@type":"ImageObject","@id":"https:\/\/www.eldigitaldeasturias.com\/noticias\/uso-solicita-varias-modificaciones-al-estatuto-de-la-industria-electrointensiva\/#authorImage","url":"https:\/\/www.eldigitaldeasturias.com\/noticias\/wp-content\/litespeed\/avatar\/18677e78aa0546b92d9dbf31ec7d7668.jpg?ver=1777290358","width":96,"height":96,"caption":"El Digital de Asturias"}},{"@type":"WebPage","@id":"https:\/\/www.eldigitaldeasturias.com\/noticias\/uso-solicita-varias-modificaciones-al-estatuto-de-la-industria-electrointensiva\/#webpage","url":"https:\/\/www.eldigitaldeasturias.com\/noticias\/uso-solicita-varias-modificaciones-al-estatuto-de-la-industria-electrointensiva\/","name":"USO solicita varias modificaciones al Estatuto de la Industria Electrointensiva - El Digital de Asturias","description":"La Uni\u00f3n Sindical obrera anunci\u00f3 este lunes mediante un comunicado de prensa que han presentado recientemente varias enmiendas al Estatuto de la Industria Electrointensiva para conseguir un precio por megavatio de 35 euros. El comunicado de prensa completo expone la siguiente informaci\u00f3n: \u201cLa Federaci\u00f3n de Industria de USO ha presentado las alegaciones al RD 20\/2018,","inLanguage":"es-ES","isPartOf":{"@id":"https:\/\/www.eldigitaldeasturias.com\/noticias\/#website"},"breadcrumb":{"@id":"https:\/\/www.eldigitaldeasturias.com\/noticias\/uso-solicita-varias-modificaciones-al-estatuto-de-la-industria-electrointensiva\/#breadcrumblist"},"author":{"@id":"https:\/\/www.eldigitaldeasturias.com\/noticias\/author\/admin\/#author"},"creator":{"@id":"https:\/\/www.eldigitaldeasturias.com\/noticias\/author\/admin\/#author"},"image":{"@type":"ImageObject","url":"https:\/\/www.eldigitaldeasturias.com\/noticias\/wp-content\/uploads\/2019\/03\/twilight-532720_960_720.jpg","@id":"https:\/\/www.eldigitaldeasturias.com\/noticias\/uso-solicita-varias-modificaciones-al-estatuto-de-la-industria-electrointensiva\/#mainImage","width":960,"height":593},"primaryImageOfPage":{"@id":"https:\/\/www.eldigitaldeasturias.com\/noticias\/uso-solicita-varias-modificaciones-al-estatuto-de-la-industria-electrointensiva\/#mainImage"},"datePublished":"2019-03-25T16:53:56+01:00","dateModified":"2019-03-25T16:53:56+01:00"},{"@type":"WebSite","@id":"https:\/\/www.eldigitaldeasturias.com\/noticias\/#website","url":"https:\/\/www.eldigitaldeasturias.com\/noticias\/","name":"El Digital de Asturias - Diario de actualidad y noticias","alternateName":"El Digital de Asturias - Diario de actualidad y noticias","description":"Hemeroteca","inLanguage":"es-ES","publisher":{"@id":"https:\/\/www.eldigitaldeasturias.com\/noticias\/#organization"}}]},"og:locale":"es_ES","og:site_name":"El Digital de Asturias","og:type":"article","og:title":"USO solicita varias modificaciones al Estatuto de la Industria Electrointensiva - El Digital de Asturias","og:description":"La Uni\u00f3n Sindical obrera anunci\u00f3 este lunes mediante un comunicado de prensa que han presentado recientemente varias enmiendas al Estatuto de la Industria Electrointensiva para conseguir un precio por megavatio de 35 euros. El comunicado de prensa completo expone la siguiente informaci\u00f3n: \u201cLa Federaci\u00f3n de Industria de USO ha presentado las alegaciones al RD 20\/2018,","og:url":"https:\/\/www.eldigitaldeasturias.com\/noticias\/uso-solicita-varias-modificaciones-al-estatuto-de-la-industria-electrointensiva\/","og:image":"https:\/\/www.eldigitaldeasturias.com\/noticias\/wp-content\/uploads\/2019\/03\/twilight-532720_960_720.jpg","og:image:secure_url":"https:\/\/www.eldigitaldeasturias.com\/noticias\/wp-content\/uploads\/2019\/03\/twilight-532720_960_720.jpg","og:image:width":960,"og:image:height":593,"article:tag":["econom\u00eda"],"article:published_time":"2019-03-25T16:53:56+00:00","article:modified_time":"2019-03-25T16:53:56+00:00","article:publisher":"https:\/\/facebook.com\/eldigitaldeasturias","twitter:card":"summary_large_image","twitter:title":"USO solicita varias modificaciones al Estatuto de la Industria Electrointensiva - El Digital de Asturias","twitter:description":"La Uni\u00f3n Sindical obrera anunci\u00f3 este lunes mediante un comunicado de prensa que han presentado recientemente varias enmiendas al Estatuto de la Industria Electrointensiva para conseguir un precio por megavatio de 35 euros. El comunicado de prensa completo expone la siguiente informaci\u00f3n: \u201cLa Federaci\u00f3n de Industria de USO ha presentado las alegaciones al RD 20\/2018,","twitter:image":"https:\/\/www.eldigitaldeasturias.com\/noticias\/wp-content\/uploads\/2019\/03\/twilight-532720_960_720.jpg","twitter:label1":"Escrito por","twitter:data1":"El Digital de Asturias","twitter:label2":"Tiempo de lectura estimado","twitter:data2":"3 minutos"},"aioseo_meta_data":{"post_id":"1021657","title":null,"description":null,"keywords":null,"keyphrases":null,"primary_term":null,"canonical_url":null,"og_title":null,"og_description":null,"og_object_type":"default","og_image_type":"default","og_image_url":null,"og_image_width":null,"og_image_height":null,"og_image_custom_url":null,"og_image_custom_fields":null,"og_video":null,"og_custom_url":null,"og_article_section":null,"og_article_tags":null,"twitter_use_og":false,"twitter_card":"default","twitter_image_type":"default","twitter_image_url":null,"twitter_image_custom_url":null,"twitter_image_custom_fields":null,"twitter_title":null,"twitter_description":null,"schema":{"blockGraphs":[],"customGraphs":[],"default":{"data":{"Article":[],"Course":[],"Dataset":[],"FAQPage":[],"Movie":[],"Person":[],"Product":[],"ProductReview":[],"Car":[],"Recipe":[],"Service":[],"SoftwareApplication":[],"WebPage":[]},"graphName":"","isEnabled":true},"graphs":[],"defaultGraph":"","defaultPostTypeGraph":""},"schema_type":null,"schema_type_options":null,"pillar_content":false,"robots_default":true,"robots_noindex":false,"robots_noarchive":false,"robots_nosnippet":false,"robots_nofollow":false,"robots_noimageindex":false,"robots_noodp":false,"robots_notranslate":false,"robots_max_snippet":null,"robots_max_videopreview":null,"robots_max_imagepreview":"large","priority":null,"frequency":null,"local_seo":null,"seo_analyzer_scan_date":"2025-10-17 05:03:13","breadcrumb_settings":null,"limit_modified_date":false,"open_ai":null,"ai":null,"created":"2020-12-21 11:16:05","updated":"2025-10-17 05:03:13"},"aioseo_breadcrumb":"<div class=\"aioseo-breadcrumbs\"><span class=\"aioseo-breadcrumb\">\n\t<a href=\"https:\/\/www.eldigitaldeasturias.com\/noticias\" title=\"Home\">Home<\/a>\n<\/span><span class=\"aioseo-breadcrumb-separator\">\u2013<\/span><span class=\"aioseo-breadcrumb\">\n\t<a href=\"https:\/\/www.eldigitaldeasturias.com\/noticias\/category\/economia\/\" title=\"Econom\u00eda\">Econom\u00eda<\/a>\n<\/span><span class=\"aioseo-breadcrumb-separator\">\u2013<\/span><span class=\"aioseo-breadcrumb\">\n\t<a href=\"https:\/\/www.eldigitaldeasturias.com\/noticias\/uso-solicita-varias-modificaciones-al-estatuto-de-la-industria-electrointensiva\/\" title=\"USO solicita varias modificaciones al Estatuto de la Industria Electrointensiva\">USO solicita varias modificaciones al Estatuto de la Industria Electrointensiva<\/a>\n<\/span><\/div>","aioseo_breadcrumb_json":[{"label":"Home","link":"https:\/\/www.eldigitaldeasturias.com\/noticias"},{"label":"Econom\u00eda","link":"https:\/\/www.eldigitaldeasturias.com\/noticias\/category\/economia\/"},{"label":"USO solicita varias modificaciones al Estatuto de la Industria Electrointensiva","link":"https:\/\/www.eldigitaldeasturias.com\/noticias\/uso-solicita-varias-modificaciones-al-estatuto-de-la-industria-electrointensiva\/"}],"_links":{"self":[{"href":"https:\/\/www.eldigitaldeasturias.com\/noticias\/wp-json\/wp\/v2\/posts\/1021657","targetHints":{"allow":["GET"]}}],"collection":[{"href":"https:\/\/www.eldigitaldeasturias.com\/noticias\/wp-json\/wp\/v2\/posts"}],"about":[{"href":"https:\/\/www.eldigitaldeasturias.com\/noticias\/wp-json\/wp\/v2\/types\/post"}],"author":[{"embeddable":true,"href":"https:\/\/www.eldigitaldeasturias.com\/noticias\/wp-json\/wp\/v2\/users\/1"}],"replies":[{"embeddable":true,"href":"https:\/\/www.eldigitaldeasturias.com\/noticias\/wp-json\/wp\/v2\/comments?post=1021657"}],"version-history":[{"count":0,"href":"https:\/\/www.eldigitaldeasturias.com\/noticias\/wp-json\/wp\/v2\/posts\/1021657\/revisions"}],"wp:featuredmedia":[{"embeddable":true,"href":"https:\/\/www.eldigitaldeasturias.com\/noticias\/wp-json\/wp\/v2\/media\/1021658"}],"wp:attachment":[{"href":"https:\/\/www.eldigitaldeasturias.com\/noticias\/wp-json\/wp\/v2\/media?parent=1021657"}],"wp:term":[{"taxonomy":"category","embeddable":true,"href":"https:\/\/www.eldigitaldeasturias.com\/noticias\/wp-json\/wp\/v2\/categories?post=1021657"},{"taxonomy":"post_tag","embeddable":true,"href":"https:\/\/www.eldigitaldeasturias.com\/noticias\/wp-json\/wp\/v2\/tags?post=1021657"}],"curies":[{"name":"wp","href":"https:\/\/api.w.org\/{rel}","templated":true}]}}