{"id":1021646,"date":"2019-03-25T16:22:28","date_gmt":"2019-03-25T16:22:28","guid":{"rendered":"https:\/\/www.eldigitaldeasturias.com\/noticias\/?p=1021646"},"modified":"2019-03-25T16:22:28","modified_gmt":"2019-03-25T16:22:28","slug":"la-comision-europea-se-prepara-para-la-salida-de-reino-unido-de-la-ue","status":"publish","type":"post","link":"https:\/\/www.eldigitaldeasturias.com\/noticias\/la-comision-europea-se-prepara-para-la-salida-de-reino-unido-de-la-ue\/","title":{"rendered":"La Comisi\u00f3n Europea se prepara para la salida de Reino Unido de la UE"},"content":{"rendered":"<p><img loading=\"lazy\" decoding=\"async\" class=\"alignleft size-medium wp-image-983320\" src=\"https:\/\/www.eldigitaldeasturias.com\/noticias\/wp-content\/uploads\/2018\/06\/blue-1283011_960_720-360x252.jpg\" alt=\"\" width=\"360\" height=\"252\" srcset=\"https:\/\/www.eldigitaldeasturias.com\/noticias\/wp-content\/uploads\/2018\/06\/blue-1283011_960_720-360x252.jpg 360w, https:\/\/www.eldigitaldeasturias.com\/noticias\/wp-content\/uploads\/2018\/06\/blue-1283011_960_720-429x300.jpg 429w, https:\/\/www.eldigitaldeasturias.com\/noticias\/wp-content\/uploads\/2018\/06\/blue-1283011_960_720-768x537.jpg 768w, https:\/\/www.eldigitaldeasturias.com\/noticias\/wp-content\/uploads\/2018\/06\/blue-1283011_960_720-687x480.jpg 687w, https:\/\/www.eldigitaldeasturias.com\/noticias\/wp-content\/uploads\/2018\/06\/blue-1283011_960_720-20x14.jpg 20w, https:\/\/www.eldigitaldeasturias.com\/noticias\/wp-content\/uploads\/2018\/06\/blue-1283011_960_720.jpg 960w\" sizes=\"auto, (max-width: 360px) 100vw, 360px\" \/>La Comisi\u00f3n Europea anunci\u00f3 este lunes mediante un comunicado de prensa que como es cada vez m\u00e1s probable que el Reino Unido abandone la Uni\u00f3n Europea sin un acuerdo el 12 de abril, la Comisi\u00f3n Europea ha finalizado hoy sus preparativos para una salida \u00absin acuerdo\u00bb.<\/p>\n<p>El comunicado completo expone la siguiente informaci\u00f3n:<\/p>\n<p>\u201cAl mismo tiempo, sigue apoyando a las administraciones en sus propios preparativos e insta a todos los ciudadanos y empresas de la UE a que se sigan informando sobre las consecuencias de un posible escenario de salida \u00absin acuerdo\u00bb y a que completen sus preparativos ante esta eventualidad. Este llamamiento responde a las conclusiones del Consejo Europeo (art\u00edculo 50) de la semana pasada, en las que se ped\u00eda que prosiguieran los trabajos de preparaci\u00f3n y contingencia. Si bien no es deseable un escenario de salida \u00absin acuerdo\u00bb, la UE est\u00e1 preparada para ello.<\/p>\n<p>A petici\u00f3n de la primera ministra Theresa May, el Consejo Europeo (art\u00edculo 50) acord\u00f3 el jueves 21 de marzo prorrogar la fecha de salida del Reino Unido hasta el 22 de mayo de 2019, siempre que el acuerdo de retirada sea aprobado por la C\u00e1mara de los Comunes el 29 de marzo de 2019 a m\u00e1s tardar. Si para entonces la C\u00e1mara de los Comunes no hubiera aprobado el acuerdo de retirada, el Consejo Europeo acepta que la salida se prorrogue hasta el 12 de abril de 2019. En este escenario, se espera que el Reino Unido indique con anterioridad a esa fecha qu\u00e9 es lo que piensa hacer.<\/p>\n<p>Si bien la Uni\u00f3n Europea sigue esperando que no ocurra tal cosa, esto significa que si el acuerdo de retirada no ha sido ratificado antes del viernes 29 de marzo, puede producirse una situaci\u00f3n de salida \u00absin acuerdo\u00bb el 12 de abril. La UE se ha preparado para este escenario y se ha mantenido unida a lo largo del proceso de preparaci\u00f3n. Ahora es de vital importancia que todos estemos preparados y seamos conscientes de las consecuencias pr\u00e1cticas que se derivan de un escenario de salida \u00absin acuerdo\u00bb.<\/p>\n<p>Un escenario de salida \u00absin acuerdo\u00bb<\/p>\n<p>En un escenario de salida \u00absin acuerdo\u00bb, el Reino Unido se convertir\u00e1 en un tercer pa\u00eds sin disposiciones transitorias. A partir de ese momento, todo el Derecho primario y derivado de la UE dejar\u00e1 de aplicarse al Reino Unido. No habr\u00e1 per\u00edodo de transici\u00f3n, tal como se establece en el acuerdo de retirada. Esto, obviamente, provocar\u00e1 importantes perturbaciones para los ciudadanos y las empresas.<\/p>\n<p>En tal supuesto, las relaciones del Reino Unido con la UE se regir\u00e1n por el Derecho internacional p\u00fablico general, incluidas las normas de la Organizaci\u00f3n Mundial del Comercio. La UE estar\u00e1 obligada a aplicar inmediatamente sus normas y aranceles en sus fronteras con el Reino Unido. Esto incluye comprobaciones y controles de las normas aduaneras, sanitarias y fitosanitarias, y verificaciones del cumplimiento de las normas generales de la UE. A pesar de los considerables esfuerzos de preparaci\u00f3n de las autoridades aduaneras de los Estados miembros, estos controles podr\u00edan causar importantes retrasos en la frontera. Las entidades del Reino Unido tambi\u00e9n dejar\u00edan de ser elegibles para recibir subvenciones de la UE y participar en los procedimientos de contrataci\u00f3n de la UE en el contexto actual.<\/p>\n<p>Del mismo modo, los ciudadanos brit\u00e1nicos dejar\u00e1n de ser ciudadanos de la Uni\u00f3n Europea. Ser\u00e1n objeto de controles adicionales al cruzar las fronteras de la Uni\u00f3n Europea. Una vez m\u00e1s, los Estados miembros han realizado importantes preparativos en los puertos y aeropuertos para garantizar que estos controles se realicen de la manera m\u00e1s eficiente posible, pero pueden, no obstante, causar retrasos.\u201d, concluye el comunicado de la Comisi\u00f3n Europea.<\/p>\n","protected":false},"excerpt":{"rendered":"<p>La Comisi\u00f3n Europea anunci\u00f3 este lunes mediante un comunicado de prensa que como es cada vez m\u00e1s probable que el Reino Unido abandone la Uni\u00f3n Europea sin un acuerdo el 12 de abril, la Comisi\u00f3n Europea ha finalizado hoy sus preparativos para una salida \u00absin acuerdo\u00bb. El comunicado completo expone la siguiente informaci\u00f3n: \u201cAl mismo [&hellip;]<\/p>\n","protected":false},"author":1,"featured_media":983320,"comment_status":"closed","ping_status":"closed","sticky":false,"template":"","format":"standard","meta":{"footnotes":""},"categories":[187],"tags":[],"class_list":["post-1021646","post","type-post","status-publish","format-standard","has-post-thumbnail","hentry","category-economia"],"aioseo_notices":[],"aioseo_head":"\n\t\t<!-- All in One SEO Pro 4.9.6.2 - aioseo.com -->\n\t<meta name=\"description\" content=\"La Comisi\u00f3n Europea anunci\u00f3 este lunes mediante un comunicado de prensa que como es cada vez m\u00e1s probable que el Reino Unido abandone la Uni\u00f3n Europea sin un acuerdo el 12 de abril, la Comisi\u00f3n Europea ha finalizado hoy sus preparativos para una salida \u00absin acuerdo\u00bb. El comunicado completo expone la siguiente informaci\u00f3n: \u201cAl mismo\" \/>\n\t<meta name=\"robots\" content=\"max-image-preview:large\" \/>\n\t<meta name=\"author\" content=\"El Digital de Asturias\"\/>\n\t<meta name=\"google-site-verification\" content=\"UA-38556648-1\" \/>\n\t<meta name=\"msvalidate.01\" content=\"7dfe9f3f1b24437ab69f4f2559babe99\" \/>\n\t<meta name=\"keywords\" content=\"econom\u00eda\" \/>\n\t<link rel=\"canonical\" href=\"https:\/\/www.eldigitaldeasturias.com\/noticias\/la-comision-europea-se-prepara-para-la-salida-de-reino-unido-de-la-ue\/\" \/>\n\t<meta name=\"generator\" content=\"All in One SEO Pro (AIOSEO) 4.9.6.2\" \/>\n\t\t<meta property=\"og:locale\" content=\"es_ES\" \/>\n\t\t<meta property=\"og:site_name\" content=\"El Digital de Asturias\" \/>\n\t\t<meta property=\"og:type\" content=\"article\" \/>\n\t\t<meta property=\"og:title\" content=\"La Comisi\u00f3n Europea se prepara para la salida de Reino Unido de la UE - El Digital de Asturias\" \/>\n\t\t<meta property=\"og:description\" content=\"La Comisi\u00f3n Europea anunci\u00f3 este lunes mediante un comunicado de prensa que como es cada vez m\u00e1s probable que el Reino Unido abandone la Uni\u00f3n Europea sin un acuerdo el 12 de abril, la Comisi\u00f3n Europea ha finalizado hoy sus preparativos para una salida \u00absin acuerdo\u00bb. El comunicado completo expone la siguiente informaci\u00f3n: \u201cAl mismo\" \/>\n\t\t<meta property=\"og:url\" content=\"https:\/\/www.eldigitaldeasturias.com\/noticias\/la-comision-europea-se-prepara-para-la-salida-de-reino-unido-de-la-ue\/\" \/>\n\t\t<meta property=\"og:image\" content=\"https:\/\/www.eldigitaldeasturias.com\/noticias\/wp-content\/uploads\/2018\/06\/blue-1283011_960_720.jpg\" \/>\n\t\t<meta property=\"og:image:secure_url\" content=\"https:\/\/www.eldigitaldeasturias.com\/noticias\/wp-content\/uploads\/2018\/06\/blue-1283011_960_720.jpg\" \/>\n\t\t<meta property=\"og:image:width\" content=\"960\" \/>\n\t\t<meta property=\"og:image:height\" content=\"671\" \/>\n\t\t<meta property=\"article:tag\" content=\"econom\u00eda\" \/>\n\t\t<meta property=\"article:published_time\" content=\"2019-03-25T16:22:28+00:00\" \/>\n\t\t<meta property=\"article:modified_time\" content=\"2019-03-25T16:22:28+00:00\" \/>\n\t\t<meta property=\"article:publisher\" content=\"https:\/\/facebook.com\/eldigitaldeasturias\" \/>\n\t\t<meta name=\"twitter:card\" content=\"summary_large_image\" \/>\n\t\t<meta name=\"twitter:title\" content=\"La Comisi\u00f3n Europea se prepara para la salida de Reino Unido de la UE - El Digital de Asturias\" \/>\n\t\t<meta name=\"twitter:description\" content=\"La Comisi\u00f3n Europea anunci\u00f3 este lunes mediante un comunicado de prensa que como es cada vez m\u00e1s probable que el Reino Unido abandone la Uni\u00f3n Europea sin un acuerdo el 12 de abril, la Comisi\u00f3n Europea ha finalizado hoy sus preparativos para una salida \u00absin acuerdo\u00bb. El comunicado completo expone la siguiente informaci\u00f3n: \u201cAl mismo\" \/>\n\t\t<meta name=\"twitter:image\" content=\"https:\/\/www.eldigitaldeasturias.com\/noticias\/wp-content\/uploads\/2018\/06\/blue-1283011_960_720.jpg\" \/>\n\t\t<meta name=\"twitter:label1\" content=\"Escrito por\" \/>\n\t\t<meta name=\"twitter:data1\" content=\"El Digital de Asturias\" \/>\n\t\t<meta name=\"twitter:label2\" content=\"Tiempo de lectura estimado\" \/>\n\t\t<meta name=\"twitter:data2\" content=\"3 minutos\" \/>\n\t\t<script type=\"application\/ld+json\" class=\"aioseo-schema\">\n\t\t\t{\"@context\":\"https:\\\/\\\/schema.org\",\"@graph\":[{\"@type\":\"BlogPosting\",\"@id\":\"https:\\\/\\\/www.eldigitaldeasturias.com\\\/noticias\\\/la-comision-europea-se-prepara-para-la-salida-de-reino-unido-de-la-ue\\\/#blogposting\",\"name\":\"La Comisi\\u00f3n Europea se prepara para la salida de Reino Unido de la UE - El Digital de Asturias\",\"headline\":\"La Comisi\\u00f3n Europea se prepara para la salida de Reino Unido de la UE\",\"author\":{\"@id\":\"https:\\\/\\\/www.eldigitaldeasturias.com\\\/noticias\\\/author\\\/admin\\\/#author\"},\"publisher\":{\"@id\":\"https:\\\/\\\/www.eldigitaldeasturias.com\\\/noticias\\\/#organization\"},\"image\":{\"@type\":\"ImageObject\",\"url\":\"https:\\\/\\\/www.eldigitaldeasturias.com\\\/noticias\\\/wp-content\\\/uploads\\\/2018\\\/06\\\/blue-1283011_960_720.jpg\",\"width\":960,\"height\":671},\"datePublished\":\"2019-03-25T16:22:28+01:00\",\"dateModified\":\"2019-03-25T16:22:28+01:00\",\"inLanguage\":\"es-ES\",\"mainEntityOfPage\":{\"@id\":\"https:\\\/\\\/www.eldigitaldeasturias.com\\\/noticias\\\/la-comision-europea-se-prepara-para-la-salida-de-reino-unido-de-la-ue\\\/#webpage\"},\"isPartOf\":{\"@id\":\"https:\\\/\\\/www.eldigitaldeasturias.com\\\/noticias\\\/la-comision-europea-se-prepara-para-la-salida-de-reino-unido-de-la-ue\\\/#webpage\"},\"articleSection\":\"Econom\\u00eda\"},{\"@type\":\"BreadcrumbList\",\"@id\":\"https:\\\/\\\/www.eldigitaldeasturias.com\\\/noticias\\\/la-comision-europea-se-prepara-para-la-salida-de-reino-unido-de-la-ue\\\/#breadcrumblist\",\"itemListElement\":[{\"@type\":\"ListItem\",\"@id\":\"https:\\\/\\\/www.eldigitaldeasturias.com\\\/noticias#listItem\",\"position\":1,\"name\":\"Home\",\"item\":\"https:\\\/\\\/www.eldigitaldeasturias.com\\\/noticias\",\"nextItem\":{\"@type\":\"ListItem\",\"@id\":\"https:\\\/\\\/www.eldigitaldeasturias.com\\\/noticias\\\/category\\\/economia\\\/#listItem\",\"name\":\"Econom\\u00eda\"}},{\"@type\":\"ListItem\",\"@id\":\"https:\\\/\\\/www.eldigitaldeasturias.com\\\/noticias\\\/category\\\/economia\\\/#listItem\",\"position\":2,\"name\":\"Econom\\u00eda\",\"item\":\"https:\\\/\\\/www.eldigitaldeasturias.com\\\/noticias\\\/category\\\/economia\\\/\",\"nextItem\":{\"@type\":\"ListItem\",\"@id\":\"https:\\\/\\\/www.eldigitaldeasturias.com\\\/noticias\\\/la-comision-europea-se-prepara-para-la-salida-de-reino-unido-de-la-ue\\\/#listItem\",\"name\":\"La Comisi\\u00f3n Europea se prepara para la salida de Reino Unido de la UE\"},\"previousItem\":{\"@type\":\"ListItem\",\"@id\":\"https:\\\/\\\/www.eldigitaldeasturias.com\\\/noticias#listItem\",\"name\":\"Home\"}},{\"@type\":\"ListItem\",\"@id\":\"https:\\\/\\\/www.eldigitaldeasturias.com\\\/noticias\\\/la-comision-europea-se-prepara-para-la-salida-de-reino-unido-de-la-ue\\\/#listItem\",\"position\":3,\"name\":\"La Comisi\\u00f3n Europea se prepara para la salida de Reino Unido de la UE\",\"previousItem\":{\"@type\":\"ListItem\",\"@id\":\"https:\\\/\\\/www.eldigitaldeasturias.com\\\/noticias\\\/category\\\/economia\\\/#listItem\",\"name\":\"Econom\\u00eda\"}}]},{\"@type\":\"Organization\",\"@id\":\"https:\\\/\\\/www.eldigitaldeasturias.com\\\/noticias\\\/#organization\",\"name\":\"El Digital de Asturias\",\"description\":\"Hemeroteca\",\"url\":\"https:\\\/\\\/www.eldigitaldeasturias.com\\\/noticias\\\/\",\"email\":\"info@eldigitaldeasturias.com\",\"telephone\":\"+34652131393\",\"logo\":{\"@type\":\"ImageObject\",\"url\":\"https:\\\/\\\/www.eldigitaldeasturias.com\\\/noticias\\\/wp-content\\\/uploads\\\/2020\\\/12\\\/EDA.jpg\",\"@id\":\"https:\\\/\\\/www.eldigitaldeasturias.com\\\/noticias\\\/la-comision-europea-se-prepara-para-la-salida-de-reino-unido-de-la-ue\\\/#organizationLogo\",\"width\":649,\"height\":297},\"image\":{\"@id\":\"https:\\\/\\\/www.eldigitaldeasturias.com\\\/noticias\\\/la-comision-europea-se-prepara-para-la-salida-de-reino-unido-de-la-ue\\\/#organizationLogo\"},\"sameAs\":[\"https:\\\/\\\/facebook.com\\\/eldigitaldeasturias\",\"https:\\\/\\\/www.youtube.com\\\/channel\\\/UCZP-2wLEB9Rv6erhFmqVnvg\"],\"address\":{\"@id\":\"https:\\\/\\\/www.eldigitaldeasturias.com\\\/noticias\\\/#postaladdress\",\"@type\":\"PostalAddress\",\"streetAddress\":\"san antonio 4,\",\"postalCode\":\"33430\",\"addressLocality\":\"Cand\\u00e1s\",\"addressRegion\":\"Asturias\",\"addressCountry\":\"ES\"}},{\"@type\":\"Person\",\"@id\":\"https:\\\/\\\/www.eldigitaldeasturias.com\\\/noticias\\\/author\\\/admin\\\/#author\",\"url\":\"https:\\\/\\\/www.eldigitaldeasturias.com\\\/noticias\\\/author\\\/admin\\\/\",\"name\":\"El Digital de Asturias\",\"image\":{\"@type\":\"ImageObject\",\"@id\":\"https:\\\/\\\/www.eldigitaldeasturias.com\\\/noticias\\\/la-comision-europea-se-prepara-para-la-salida-de-reino-unido-de-la-ue\\\/#authorImage\",\"url\":\"https:\\\/\\\/www.eldigitaldeasturias.com\\\/noticias\\\/wp-content\\\/litespeed\\\/avatar\\\/18677e78aa0546b92d9dbf31ec7d7668.jpg?ver=1777290358\",\"width\":96,\"height\":96,\"caption\":\"El Digital de Asturias\"}},{\"@type\":\"WebPage\",\"@id\":\"https:\\\/\\\/www.eldigitaldeasturias.com\\\/noticias\\\/la-comision-europea-se-prepara-para-la-salida-de-reino-unido-de-la-ue\\\/#webpage\",\"url\":\"https:\\\/\\\/www.eldigitaldeasturias.com\\\/noticias\\\/la-comision-europea-se-prepara-para-la-salida-de-reino-unido-de-la-ue\\\/\",\"name\":\"La Comisi\\u00f3n Europea se prepara para la salida de Reino Unido de la UE - El Digital de Asturias\",\"description\":\"La Comisi\\u00f3n Europea anunci\\u00f3 este lunes mediante un comunicado de prensa que como es cada vez m\\u00e1s probable que el Reino Unido abandone la Uni\\u00f3n Europea sin un acuerdo el 12 de abril, la Comisi\\u00f3n Europea ha finalizado hoy sus preparativos para una salida \\u00absin acuerdo\\u00bb. El comunicado completo expone la siguiente informaci\\u00f3n: \\u201cAl mismo\",\"inLanguage\":\"es-ES\",\"isPartOf\":{\"@id\":\"https:\\\/\\\/www.eldigitaldeasturias.com\\\/noticias\\\/#website\"},\"breadcrumb\":{\"@id\":\"https:\\\/\\\/www.eldigitaldeasturias.com\\\/noticias\\\/la-comision-europea-se-prepara-para-la-salida-de-reino-unido-de-la-ue\\\/#breadcrumblist\"},\"author\":{\"@id\":\"https:\\\/\\\/www.eldigitaldeasturias.com\\\/noticias\\\/author\\\/admin\\\/#author\"},\"creator\":{\"@id\":\"https:\\\/\\\/www.eldigitaldeasturias.com\\\/noticias\\\/author\\\/admin\\\/#author\"},\"image\":{\"@type\":\"ImageObject\",\"url\":\"https:\\\/\\\/www.eldigitaldeasturias.com\\\/noticias\\\/wp-content\\\/uploads\\\/2018\\\/06\\\/blue-1283011_960_720.jpg\",\"@id\":\"https:\\\/\\\/www.eldigitaldeasturias.com\\\/noticias\\\/la-comision-europea-se-prepara-para-la-salida-de-reino-unido-de-la-ue\\\/#mainImage\",\"width\":960,\"height\":671},\"primaryImageOfPage\":{\"@id\":\"https:\\\/\\\/www.eldigitaldeasturias.com\\\/noticias\\\/la-comision-europea-se-prepara-para-la-salida-de-reino-unido-de-la-ue\\\/#mainImage\"},\"datePublished\":\"2019-03-25T16:22:28+01:00\",\"dateModified\":\"2019-03-25T16:22:28+01:00\"},{\"@type\":\"WebSite\",\"@id\":\"https:\\\/\\\/www.eldigitaldeasturias.com\\\/noticias\\\/#website\",\"url\":\"https:\\\/\\\/www.eldigitaldeasturias.com\\\/noticias\\\/\",\"name\":\"El Digital de Asturias - Diario de actualidad y noticias\",\"alternateName\":\"El Digital de Asturias - Diario de actualidad y noticias\",\"description\":\"Hemeroteca\",\"inLanguage\":\"es-ES\",\"publisher\":{\"@id\":\"https:\\\/\\\/www.eldigitaldeasturias.com\\\/noticias\\\/#organization\"}}]}\n\t\t<\/script>\n\t\t<!-- All in One SEO Pro -->\r\n\t\t<title>La Comisi\u00f3n Europea se prepara para la salida de Reino Unido de la UE - El Digital de Asturias<\/title>\n\n","aioseo_head_json":{"title":"La Comisi\u00f3n Europea se prepara para la salida de Reino Unido de la UE - El Digital de Asturias","description":"La Comisi\u00f3n Europea anunci\u00f3 este lunes mediante un comunicado de prensa que como es cada vez m\u00e1s probable que el Reino Unido abandone la Uni\u00f3n Europea sin un acuerdo el 12 de abril, la Comisi\u00f3n Europea ha finalizado hoy sus preparativos para una salida \u00absin acuerdo\u00bb. El comunicado completo expone la siguiente informaci\u00f3n: \u201cAl mismo","canonical_url":"https:\/\/www.eldigitaldeasturias.com\/noticias\/la-comision-europea-se-prepara-para-la-salida-de-reino-unido-de-la-ue\/","robots":"max-image-preview:large","keywords":"econom\u00eda","webmasterTools":{"google-site-verification":"UA-38556648-1","msvalidate.01":"7dfe9f3f1b24437ab69f4f2559babe99","miscellaneous":""},"schema":{"@context":"https:\/\/schema.org","@graph":[{"@type":"BlogPosting","@id":"https:\/\/www.eldigitaldeasturias.com\/noticias\/la-comision-europea-se-prepara-para-la-salida-de-reino-unido-de-la-ue\/#blogposting","name":"La Comisi\u00f3n Europea se prepara para la salida de Reino Unido de la UE - El Digital de Asturias","headline":"La Comisi\u00f3n Europea se prepara para la salida de Reino Unido de la UE","author":{"@id":"https:\/\/www.eldigitaldeasturias.com\/noticias\/author\/admin\/#author"},"publisher":{"@id":"https:\/\/www.eldigitaldeasturias.com\/noticias\/#organization"},"image":{"@type":"ImageObject","url":"https:\/\/www.eldigitaldeasturias.com\/noticias\/wp-content\/uploads\/2018\/06\/blue-1283011_960_720.jpg","width":960,"height":671},"datePublished":"2019-03-25T16:22:28+01:00","dateModified":"2019-03-25T16:22:28+01:00","inLanguage":"es-ES","mainEntityOfPage":{"@id":"https:\/\/www.eldigitaldeasturias.com\/noticias\/la-comision-europea-se-prepara-para-la-salida-de-reino-unido-de-la-ue\/#webpage"},"isPartOf":{"@id":"https:\/\/www.eldigitaldeasturias.com\/noticias\/la-comision-europea-se-prepara-para-la-salida-de-reino-unido-de-la-ue\/#webpage"},"articleSection":"Econom\u00eda"},{"@type":"BreadcrumbList","@id":"https:\/\/www.eldigitaldeasturias.com\/noticias\/la-comision-europea-se-prepara-para-la-salida-de-reino-unido-de-la-ue\/#breadcrumblist","itemListElement":[{"@type":"ListItem","@id":"https:\/\/www.eldigitaldeasturias.com\/noticias#listItem","position":1,"name":"Home","item":"https:\/\/www.eldigitaldeasturias.com\/noticias","nextItem":{"@type":"ListItem","@id":"https:\/\/www.eldigitaldeasturias.com\/noticias\/category\/economia\/#listItem","name":"Econom\u00eda"}},{"@type":"ListItem","@id":"https:\/\/www.eldigitaldeasturias.com\/noticias\/category\/economia\/#listItem","position":2,"name":"Econom\u00eda","item":"https:\/\/www.eldigitaldeasturias.com\/noticias\/category\/economia\/","nextItem":{"@type":"ListItem","@id":"https:\/\/www.eldigitaldeasturias.com\/noticias\/la-comision-europea-se-prepara-para-la-salida-de-reino-unido-de-la-ue\/#listItem","name":"La Comisi\u00f3n Europea se prepara para la salida de Reino Unido de la UE"},"previousItem":{"@type":"ListItem","@id":"https:\/\/www.eldigitaldeasturias.com\/noticias#listItem","name":"Home"}},{"@type":"ListItem","@id":"https:\/\/www.eldigitaldeasturias.com\/noticias\/la-comision-europea-se-prepara-para-la-salida-de-reino-unido-de-la-ue\/#listItem","position":3,"name":"La Comisi\u00f3n Europea se prepara para la salida de Reino Unido de la UE","previousItem":{"@type":"ListItem","@id":"https:\/\/www.eldigitaldeasturias.com\/noticias\/category\/economia\/#listItem","name":"Econom\u00eda"}}]},{"@type":"Organization","@id":"https:\/\/www.eldigitaldeasturias.com\/noticias\/#organization","name":"El Digital de Asturias","description":"Hemeroteca","url":"https:\/\/www.eldigitaldeasturias.com\/noticias\/","email":"info@eldigitaldeasturias.com","telephone":"+34652131393","logo":{"@type":"ImageObject","url":"https:\/\/www.eldigitaldeasturias.com\/noticias\/wp-content\/uploads\/2020\/12\/EDA.jpg","@id":"https:\/\/www.eldigitaldeasturias.com\/noticias\/la-comision-europea-se-prepara-para-la-salida-de-reino-unido-de-la-ue\/#organizationLogo","width":649,"height":297},"image":{"@id":"https:\/\/www.eldigitaldeasturias.com\/noticias\/la-comision-europea-se-prepara-para-la-salida-de-reino-unido-de-la-ue\/#organizationLogo"},"sameAs":["https:\/\/facebook.com\/eldigitaldeasturias","https:\/\/www.youtube.com\/channel\/UCZP-2wLEB9Rv6erhFmqVnvg"],"address":{"@id":"https:\/\/www.eldigitaldeasturias.com\/noticias\/#postaladdress","@type":"PostalAddress","streetAddress":"san antonio 4,","postalCode":"33430","addressLocality":"Cand\u00e1s","addressRegion":"Asturias","addressCountry":"ES"}},{"@type":"Person","@id":"https:\/\/www.eldigitaldeasturias.com\/noticias\/author\/admin\/#author","url":"https:\/\/www.eldigitaldeasturias.com\/noticias\/author\/admin\/","name":"El Digital de Asturias","image":{"@type":"ImageObject","@id":"https:\/\/www.eldigitaldeasturias.com\/noticias\/la-comision-europea-se-prepara-para-la-salida-de-reino-unido-de-la-ue\/#authorImage","url":"https:\/\/www.eldigitaldeasturias.com\/noticias\/wp-content\/litespeed\/avatar\/18677e78aa0546b92d9dbf31ec7d7668.jpg?ver=1777290358","width":96,"height":96,"caption":"El Digital de Asturias"}},{"@type":"WebPage","@id":"https:\/\/www.eldigitaldeasturias.com\/noticias\/la-comision-europea-se-prepara-para-la-salida-de-reino-unido-de-la-ue\/#webpage","url":"https:\/\/www.eldigitaldeasturias.com\/noticias\/la-comision-europea-se-prepara-para-la-salida-de-reino-unido-de-la-ue\/","name":"La Comisi\u00f3n Europea se prepara para la salida de Reino Unido de la UE - El Digital de Asturias","description":"La Comisi\u00f3n Europea anunci\u00f3 este lunes mediante un comunicado de prensa que como es cada vez m\u00e1s probable que el Reino Unido abandone la Uni\u00f3n Europea sin un acuerdo el 12 de abril, la Comisi\u00f3n Europea ha finalizado hoy sus preparativos para una salida \u00absin acuerdo\u00bb. El comunicado completo expone la siguiente informaci\u00f3n: \u201cAl mismo","inLanguage":"es-ES","isPartOf":{"@id":"https:\/\/www.eldigitaldeasturias.com\/noticias\/#website"},"breadcrumb":{"@id":"https:\/\/www.eldigitaldeasturias.com\/noticias\/la-comision-europea-se-prepara-para-la-salida-de-reino-unido-de-la-ue\/#breadcrumblist"},"author":{"@id":"https:\/\/www.eldigitaldeasturias.com\/noticias\/author\/admin\/#author"},"creator":{"@id":"https:\/\/www.eldigitaldeasturias.com\/noticias\/author\/admin\/#author"},"image":{"@type":"ImageObject","url":"https:\/\/www.eldigitaldeasturias.com\/noticias\/wp-content\/uploads\/2018\/06\/blue-1283011_960_720.jpg","@id":"https:\/\/www.eldigitaldeasturias.com\/noticias\/la-comision-europea-se-prepara-para-la-salida-de-reino-unido-de-la-ue\/#mainImage","width":960,"height":671},"primaryImageOfPage":{"@id":"https:\/\/www.eldigitaldeasturias.com\/noticias\/la-comision-europea-se-prepara-para-la-salida-de-reino-unido-de-la-ue\/#mainImage"},"datePublished":"2019-03-25T16:22:28+01:00","dateModified":"2019-03-25T16:22:28+01:00"},{"@type":"WebSite","@id":"https:\/\/www.eldigitaldeasturias.com\/noticias\/#website","url":"https:\/\/www.eldigitaldeasturias.com\/noticias\/","name":"El Digital de Asturias - Diario de actualidad y noticias","alternateName":"El Digital de Asturias - Diario de actualidad y noticias","description":"Hemeroteca","inLanguage":"es-ES","publisher":{"@id":"https:\/\/www.eldigitaldeasturias.com\/noticias\/#organization"}}]},"og:locale":"es_ES","og:site_name":"El Digital de Asturias","og:type":"article","og:title":"La Comisi\u00f3n Europea se prepara para la salida de Reino Unido de la UE - El Digital de Asturias","og:description":"La Comisi\u00f3n Europea anunci\u00f3 este lunes mediante un comunicado de prensa que como es cada vez m\u00e1s probable que el Reino Unido abandone la Uni\u00f3n Europea sin un acuerdo el 12 de abril, la Comisi\u00f3n Europea ha finalizado hoy sus preparativos para una salida \u00absin acuerdo\u00bb. El comunicado completo expone la siguiente informaci\u00f3n: \u201cAl mismo","og:url":"https:\/\/www.eldigitaldeasturias.com\/noticias\/la-comision-europea-se-prepara-para-la-salida-de-reino-unido-de-la-ue\/","og:image":"https:\/\/www.eldigitaldeasturias.com\/noticias\/wp-content\/uploads\/2018\/06\/blue-1283011_960_720.jpg","og:image:secure_url":"https:\/\/www.eldigitaldeasturias.com\/noticias\/wp-content\/uploads\/2018\/06\/blue-1283011_960_720.jpg","og:image:width":960,"og:image:height":671,"article:tag":["econom\u00eda"],"article:published_time":"2019-03-25T16:22:28+00:00","article:modified_time":"2019-03-25T16:22:28+00:00","article:publisher":"https:\/\/facebook.com\/eldigitaldeasturias","twitter:card":"summary_large_image","twitter:title":"La Comisi\u00f3n Europea se prepara para la salida de Reino Unido de la UE - El Digital de Asturias","twitter:description":"La Comisi\u00f3n Europea anunci\u00f3 este lunes mediante un comunicado de prensa que como es cada vez m\u00e1s probable que el Reino Unido abandone la Uni\u00f3n Europea sin un acuerdo el 12 de abril, la Comisi\u00f3n Europea ha finalizado hoy sus preparativos para una salida \u00absin acuerdo\u00bb. El comunicado completo expone la siguiente informaci\u00f3n: \u201cAl mismo","twitter:image":"https:\/\/www.eldigitaldeasturias.com\/noticias\/wp-content\/uploads\/2018\/06\/blue-1283011_960_720.jpg","twitter:label1":"Escrito por","twitter:data1":"El Digital de Asturias","twitter:label2":"Tiempo de lectura estimado","twitter:data2":"3 minutos"},"aioseo_meta_data":{"post_id":"1021646","title":null,"description":null,"keywords":null,"keyphrases":null,"primary_term":null,"canonical_url":null,"og_title":null,"og_description":null,"og_object_type":"default","og_image_type":"default","og_image_url":null,"og_image_width":null,"og_image_height":null,"og_image_custom_url":null,"og_image_custom_fields":null,"og_video":null,"og_custom_url":null,"og_article_section":null,"og_article_tags":null,"twitter_use_og":false,"twitter_card":"default","twitter_image_type":"default","twitter_image_url":null,"twitter_image_custom_url":null,"twitter_image_custom_fields":null,"twitter_title":null,"twitter_description":null,"schema":{"blockGraphs":[],"customGraphs":[],"default":{"data":{"Article":[],"Course":[],"Dataset":[],"FAQPage":[],"Movie":[],"Person":[],"Product":[],"ProductReview":[],"Car":[],"Recipe":[],"Service":[],"SoftwareApplication":[],"WebPage":[]},"graphName":"","isEnabled":true},"graphs":[],"defaultGraph":"","defaultPostTypeGraph":""},"schema_type":null,"schema_type_options":null,"pillar_content":false,"robots_default":true,"robots_noindex":false,"robots_noarchive":false,"robots_nosnippet":false,"robots_nofollow":false,"robots_noimageindex":false,"robots_noodp":false,"robots_notranslate":false,"robots_max_snippet":null,"robots_max_videopreview":null,"robots_max_imagepreview":"large","priority":null,"frequency":null,"local_seo":null,"seo_analyzer_scan_date":"2025-10-17 05:01:10","breadcrumb_settings":null,"limit_modified_date":false,"open_ai":null,"ai":null,"created":"2020-12-21 11:16:05","updated":"2025-10-17 05:01:10"},"aioseo_breadcrumb":"<div class=\"aioseo-breadcrumbs\"><span class=\"aioseo-breadcrumb\">\n\t<a href=\"https:\/\/www.eldigitaldeasturias.com\/noticias\" title=\"Home\">Home<\/a>\n<\/span><span class=\"aioseo-breadcrumb-separator\">\u2013<\/span><span class=\"aioseo-breadcrumb\">\n\t<a href=\"https:\/\/www.eldigitaldeasturias.com\/noticias\/category\/economia\/\" title=\"Econom\u00eda\">Econom\u00eda<\/a>\n<\/span><span class=\"aioseo-breadcrumb-separator\">\u2013<\/span><span class=\"aioseo-breadcrumb\">\n\t<a href=\"https:\/\/www.eldigitaldeasturias.com\/noticias\/la-comision-europea-se-prepara-para-la-salida-de-reino-unido-de-la-ue\/\" title=\"La Comisi\u00f3n Europea se prepara para la salida de Reino Unido de la UE\">La Comisi\u00f3n Europea se prepara para la salida de Reino Unido de la UE<\/a>\n<\/span><\/div>","aioseo_breadcrumb_json":[{"label":"Home","link":"https:\/\/www.eldigitaldeasturias.com\/noticias"},{"label":"Econom\u00eda","link":"https:\/\/www.eldigitaldeasturias.com\/noticias\/category\/economia\/"},{"label":"La Comisi\u00f3n Europea se prepara para la salida de Reino Unido de la UE","link":"https:\/\/www.eldigitaldeasturias.com\/noticias\/la-comision-europea-se-prepara-para-la-salida-de-reino-unido-de-la-ue\/"}],"_links":{"self":[{"href":"https:\/\/www.eldigitaldeasturias.com\/noticias\/wp-json\/wp\/v2\/posts\/1021646","targetHints":{"allow":["GET"]}}],"collection":[{"href":"https:\/\/www.eldigitaldeasturias.com\/noticias\/wp-json\/wp\/v2\/posts"}],"about":[{"href":"https:\/\/www.eldigitaldeasturias.com\/noticias\/wp-json\/wp\/v2\/types\/post"}],"author":[{"embeddable":true,"href":"https:\/\/www.eldigitaldeasturias.com\/noticias\/wp-json\/wp\/v2\/users\/1"}],"replies":[{"embeddable":true,"href":"https:\/\/www.eldigitaldeasturias.com\/noticias\/wp-json\/wp\/v2\/comments?post=1021646"}],"version-history":[{"count":0,"href":"https:\/\/www.eldigitaldeasturias.com\/noticias\/wp-json\/wp\/v2\/posts\/1021646\/revisions"}],"wp:featuredmedia":[{"embeddable":true,"href":"https:\/\/www.eldigitaldeasturias.com\/noticias\/wp-json\/wp\/v2\/media\/983320"}],"wp:attachment":[{"href":"https:\/\/www.eldigitaldeasturias.com\/noticias\/wp-json\/wp\/v2\/media?parent=1021646"}],"wp:term":[{"taxonomy":"category","embeddable":true,"href":"https:\/\/www.eldigitaldeasturias.com\/noticias\/wp-json\/wp\/v2\/categories?post=1021646"},{"taxonomy":"post_tag","embeddable":true,"href":"https:\/\/www.eldigitaldeasturias.com\/noticias\/wp-json\/wp\/v2\/tags?post=1021646"}],"curies":[{"name":"wp","href":"https:\/\/api.w.org\/{rel}","templated":true}]}}