{"id":1021644,"date":"2019-03-25T16:17:08","date_gmt":"2019-03-25T16:17:08","guid":{"rendered":"https:\/\/www.eldigitaldeasturias.com\/noticias\/?p=1021644"},"modified":"2019-03-25T16:17:08","modified_gmt":"2019-03-25T16:17:08","slug":"las-empresas-de-alquiler-de-vehiculos-de-la-ue-se-comprometen-a-una-tarificacion-mas-clara","status":"publish","type":"post","link":"https:\/\/www.eldigitaldeasturias.com\/noticias\/las-empresas-de-alquiler-de-vehiculos-de-la-ue-se-comprometen-a-una-tarificacion-mas-clara\/","title":{"rendered":"Las empresas de alquiler de veh\u00edculos de la UE se comprometen a una tarificaci\u00f3n m\u00e1s clara"},"content":{"rendered":"<p><img loading=\"lazy\" decoding=\"async\" class=\"alignleft size-medium wp-image-983320\" src=\"https:\/\/www.eldigitaldeasturias.com\/noticias\/wp-content\/uploads\/2018\/06\/blue-1283011_960_720-360x252.jpg\" alt=\"\" width=\"360\" height=\"252\" srcset=\"https:\/\/www.eldigitaldeasturias.com\/noticias\/wp-content\/uploads\/2018\/06\/blue-1283011_960_720-360x252.jpg 360w, https:\/\/www.eldigitaldeasturias.com\/noticias\/wp-content\/uploads\/2018\/06\/blue-1283011_960_720-429x300.jpg 429w, https:\/\/www.eldigitaldeasturias.com\/noticias\/wp-content\/uploads\/2018\/06\/blue-1283011_960_720-768x537.jpg 768w, https:\/\/www.eldigitaldeasturias.com\/noticias\/wp-content\/uploads\/2018\/06\/blue-1283011_960_720-687x480.jpg 687w, https:\/\/www.eldigitaldeasturias.com\/noticias\/wp-content\/uploads\/2018\/06\/blue-1283011_960_720-20x14.jpg 20w, https:\/\/www.eldigitaldeasturias.com\/noticias\/wp-content\/uploads\/2018\/06\/blue-1283011_960_720.jpg 960w\" sizes=\"auto, (max-width: 360px) 100vw, 360px\" \/>La Comisi\u00f3n Europea anunci\u00f3 este lunes mediante un comunicado de prensa que a ra\u00edz de una petici\u00f3n de su organizaci\u00f3n y de las autoridades de defensa de los consumidores de la UE, cinco empresas l\u00edderes del sector (Avis, Europcar, Enterprise, Hertz y Sixt) han modificado la presentaci\u00f3n de los precios de alquiler de coches, de modo que sean totalmente transparentes para los consumidores.<\/p>\n<p>El comunicado completo expone la siguiente informaci\u00f3n:<\/p>\n<p>\u201cLas empresas afectadas segu\u00edan sin aplicar plenamente algunos de sus compromisos para que la Comisi\u00f3n Europea y las autoridades de protecci\u00f3n de los consumidores de la UE considerasen sus pr\u00e1cticas en este \u00e1mbito plenamente conformes con la legislaci\u00f3n de la UE en materia de protecci\u00f3n de los consumidores. La evaluaci\u00f3n publicada hoy se\u00f1ala que Enterprise y Sixt han realizado todos los cambios necesarios. Avis se ha comprometido a introducir los cambios pendientes para mayo de 2019. Europcar, que ahora incluye Goldcar, aplicar\u00e1 los cambios restantes de aqu\u00ed a junio de 2019. Hertz se ha comprometido a realizar todos los cambios necesarios a m\u00e1s tardar al final del primer trimestre de 2020.<\/p>\n<p>V\u011bra Jourov\u00e1, comisaria de Justicia, Consumidores e Igualdad de G\u00e9nero, ha afirmado lo siguiente: \u00abGracias a nuestra presi\u00f3n, los consumidores no tendr\u00e1n m\u00e1s sorpresas desagradables cuando acudan al mostrador de la oficina de alquiler de coches. No es grato empezar las vacaciones teniendo que pagar gastos adicionales no previstos o leyendo contratos farragosos. Quiero que los consumidores europeos disfruten de sus vacaciones al m\u00e1ximo, sin tener que preocuparse de las sorpresas desagradables que pueden llevar aparejadas las facturas finales\u00bb.<\/p>\n<p>Las empresas se han comprometido a:<\/p>\n<p>Incluir todas las cargas en el precio total de la reserva: a partir de ahora se ofrecer\u00e1 a los consumidores un precio global en el sitio web que corresponda al precio final que tendr\u00e1n que pagar. Esta tarifa debe incluir todos los costes adicionales, como las tarifas espec\u00edficas por el servicio de combustible, las tasas aeroportuarias, los recargos por conductor joven o las tarifas \u00absolo ida\u00bb si el lugar de devoluci\u00f3n del veh\u00edculo difiere del lugar de recogida.<\/p>\n<p>Describir claramente los servicios de alquiler fundamentales con todas sus condiciones en todas las lenguas nacionales:los consumidores no recibir\u00e1n informaci\u00f3n confusa o enga\u00f1osa sobre las principales caracter\u00edsticas del alquiler, como el kilometraje incluido, la pol\u00edtica de combustible, la pol\u00edtica de cancelaci\u00f3n y los requisitos de dep\u00f3sito, etc.<\/p>\n<p>Dejar claro en la oferta el precio y los detalles de los extras opcionales, en particular en el caso de las exenciones de seguro que reducen el importe debido en caso de da\u00f1os. Deben indicarse claramente los da\u00f1os y perjuicios cubiertos en el precio b\u00e1sico del alquiler y detallarse lo que puede correr todav\u00eda a cargo del conductor. Si se compra un seguro adicional o una exenci\u00f3n de da\u00f1os, es preciso indicar claramente qu\u00e9 est\u00e1 o no incluido antes de que firme el consumidor\u201d, concluye el comunicado de la Comisi\u00f3n Europea.<\/p>\n","protected":false},"excerpt":{"rendered":"<p>La Comisi\u00f3n Europea anunci\u00f3 este lunes mediante un comunicado de prensa que a ra\u00edz de una petici\u00f3n de su organizaci\u00f3n y de las autoridades de defensa de los consumidores de la UE, cinco empresas l\u00edderes del sector (Avis, Europcar, Enterprise, Hertz y Sixt) han modificado la presentaci\u00f3n de los precios de alquiler de coches, de [&hellip;]<\/p>\n","protected":false},"author":1,"featured_media":983320,"comment_status":"closed","ping_status":"closed","sticky":false,"template":"","format":"standard","meta":{"footnotes":""},"categories":[187],"tags":[],"class_list":["post-1021644","post","type-post","status-publish","format-standard","has-post-thumbnail","hentry","category-economia"],"aioseo_notices":[],"aioseo_head":"\n\t\t<!-- All in One SEO Pro 4.9.6.2 - aioseo.com -->\n\t<meta name=\"description\" content=\"La Comisi\u00f3n Europea anunci\u00f3 este lunes mediante un comunicado de prensa que a ra\u00edz de una petici\u00f3n de su organizaci\u00f3n y de las autoridades de defensa de los consumidores de la UE, cinco empresas l\u00edderes del sector (Avis, Europcar, Enterprise, Hertz y Sixt) han modificado la presentaci\u00f3n de los precios de alquiler de coches, de\" \/>\n\t<meta name=\"robots\" content=\"max-image-preview:large\" \/>\n\t<meta name=\"author\" content=\"El Digital de Asturias\"\/>\n\t<meta name=\"google-site-verification\" content=\"UA-38556648-1\" \/>\n\t<meta name=\"msvalidate.01\" content=\"7dfe9f3f1b24437ab69f4f2559babe99\" \/>\n\t<meta name=\"keywords\" content=\"econom\u00eda\" \/>\n\t<link rel=\"canonical\" href=\"https:\/\/www.eldigitaldeasturias.com\/noticias\/las-empresas-de-alquiler-de-vehiculos-de-la-ue-se-comprometen-a-una-tarificacion-mas-clara\/\" \/>\n\t<meta name=\"generator\" content=\"All in One SEO Pro (AIOSEO) 4.9.6.2\" \/>\n\t\t<meta property=\"og:locale\" content=\"es_ES\" \/>\n\t\t<meta property=\"og:site_name\" content=\"El Digital de Asturias\" \/>\n\t\t<meta property=\"og:type\" content=\"article\" \/>\n\t\t<meta property=\"og:title\" content=\"Las empresas de alquiler de veh\u00edculos de la UE se comprometen a una tarificaci\u00f3n m\u00e1s clara - El Digital de Asturias\" \/>\n\t\t<meta property=\"og:description\" content=\"La Comisi\u00f3n Europea anunci\u00f3 este lunes mediante un comunicado de prensa que a ra\u00edz de una petici\u00f3n de su organizaci\u00f3n y de las autoridades de defensa de los consumidores de la UE, cinco empresas l\u00edderes del sector (Avis, Europcar, Enterprise, Hertz y Sixt) han modificado la presentaci\u00f3n de los precios de alquiler de coches, de\" \/>\n\t\t<meta property=\"og:url\" content=\"https:\/\/www.eldigitaldeasturias.com\/noticias\/las-empresas-de-alquiler-de-vehiculos-de-la-ue-se-comprometen-a-una-tarificacion-mas-clara\/\" \/>\n\t\t<meta property=\"og:image\" content=\"https:\/\/www.eldigitaldeasturias.com\/noticias\/wp-content\/uploads\/2018\/06\/blue-1283011_960_720.jpg\" \/>\n\t\t<meta property=\"og:image:secure_url\" content=\"https:\/\/www.eldigitaldeasturias.com\/noticias\/wp-content\/uploads\/2018\/06\/blue-1283011_960_720.jpg\" \/>\n\t\t<meta property=\"og:image:width\" content=\"960\" \/>\n\t\t<meta property=\"og:image:height\" content=\"671\" \/>\n\t\t<meta property=\"article:tag\" content=\"econom\u00eda\" \/>\n\t\t<meta property=\"article:published_time\" content=\"2019-03-25T16:17:08+00:00\" \/>\n\t\t<meta property=\"article:modified_time\" content=\"2019-03-25T16:17:08+00:00\" \/>\n\t\t<meta property=\"article:publisher\" content=\"https:\/\/facebook.com\/eldigitaldeasturias\" \/>\n\t\t<meta name=\"twitter:card\" content=\"summary_large_image\" \/>\n\t\t<meta name=\"twitter:title\" content=\"Las empresas de alquiler de veh\u00edculos de la UE se comprometen a una tarificaci\u00f3n m\u00e1s clara - El Digital de Asturias\" \/>\n\t\t<meta name=\"twitter:description\" content=\"La Comisi\u00f3n Europea anunci\u00f3 este lunes mediante un comunicado de prensa que a ra\u00edz de una petici\u00f3n de su organizaci\u00f3n y de las autoridades de defensa de los consumidores de la UE, cinco empresas l\u00edderes del sector (Avis, Europcar, Enterprise, Hertz y Sixt) han modificado la presentaci\u00f3n de los precios de alquiler de coches, de\" \/>\n\t\t<meta name=\"twitter:image\" content=\"https:\/\/www.eldigitaldeasturias.com\/noticias\/wp-content\/uploads\/2018\/06\/blue-1283011_960_720.jpg\" \/>\n\t\t<meta name=\"twitter:label1\" content=\"Escrito por\" \/>\n\t\t<meta name=\"twitter:data1\" content=\"El Digital de Asturias\" \/>\n\t\t<meta name=\"twitter:label2\" content=\"Tiempo de lectura estimado\" \/>\n\t\t<meta name=\"twitter:data2\" content=\"3 minutos\" \/>\n\t\t<script type=\"application\/ld+json\" class=\"aioseo-schema\">\n\t\t\t{\"@context\":\"https:\\\/\\\/schema.org\",\"@graph\":[{\"@type\":\"BlogPosting\",\"@id\":\"https:\\\/\\\/www.eldigitaldeasturias.com\\\/noticias\\\/las-empresas-de-alquiler-de-vehiculos-de-la-ue-se-comprometen-a-una-tarificacion-mas-clara\\\/#blogposting\",\"name\":\"Las empresas de alquiler de veh\\u00edculos de la UE se comprometen a una tarificaci\\u00f3n m\\u00e1s clara - El Digital de Asturias\",\"headline\":\"Las empresas de alquiler de veh\\u00edculos de la UE se comprometen a una tarificaci\\u00f3n m\\u00e1s clara\",\"author\":{\"@id\":\"https:\\\/\\\/www.eldigitaldeasturias.com\\\/noticias\\\/author\\\/admin\\\/#author\"},\"publisher\":{\"@id\":\"https:\\\/\\\/www.eldigitaldeasturias.com\\\/noticias\\\/#organization\"},\"image\":{\"@type\":\"ImageObject\",\"url\":\"https:\\\/\\\/www.eldigitaldeasturias.com\\\/noticias\\\/wp-content\\\/uploads\\\/2018\\\/06\\\/blue-1283011_960_720.jpg\",\"width\":960,\"height\":671},\"datePublished\":\"2019-03-25T16:17:08+01:00\",\"dateModified\":\"2019-03-25T16:17:08+01:00\",\"inLanguage\":\"es-ES\",\"mainEntityOfPage\":{\"@id\":\"https:\\\/\\\/www.eldigitaldeasturias.com\\\/noticias\\\/las-empresas-de-alquiler-de-vehiculos-de-la-ue-se-comprometen-a-una-tarificacion-mas-clara\\\/#webpage\"},\"isPartOf\":{\"@id\":\"https:\\\/\\\/www.eldigitaldeasturias.com\\\/noticias\\\/las-empresas-de-alquiler-de-vehiculos-de-la-ue-se-comprometen-a-una-tarificacion-mas-clara\\\/#webpage\"},\"articleSection\":\"Econom\\u00eda\"},{\"@type\":\"BreadcrumbList\",\"@id\":\"https:\\\/\\\/www.eldigitaldeasturias.com\\\/noticias\\\/las-empresas-de-alquiler-de-vehiculos-de-la-ue-se-comprometen-a-una-tarificacion-mas-clara\\\/#breadcrumblist\",\"itemListElement\":[{\"@type\":\"ListItem\",\"@id\":\"https:\\\/\\\/www.eldigitaldeasturias.com\\\/noticias#listItem\",\"position\":1,\"name\":\"Home\",\"item\":\"https:\\\/\\\/www.eldigitaldeasturias.com\\\/noticias\",\"nextItem\":{\"@type\":\"ListItem\",\"@id\":\"https:\\\/\\\/www.eldigitaldeasturias.com\\\/noticias\\\/category\\\/economia\\\/#listItem\",\"name\":\"Econom\\u00eda\"}},{\"@type\":\"ListItem\",\"@id\":\"https:\\\/\\\/www.eldigitaldeasturias.com\\\/noticias\\\/category\\\/economia\\\/#listItem\",\"position\":2,\"name\":\"Econom\\u00eda\",\"item\":\"https:\\\/\\\/www.eldigitaldeasturias.com\\\/noticias\\\/category\\\/economia\\\/\",\"nextItem\":{\"@type\":\"ListItem\",\"@id\":\"https:\\\/\\\/www.eldigitaldeasturias.com\\\/noticias\\\/las-empresas-de-alquiler-de-vehiculos-de-la-ue-se-comprometen-a-una-tarificacion-mas-clara\\\/#listItem\",\"name\":\"Las empresas de alquiler de veh\\u00edculos de la UE se comprometen a una tarificaci\\u00f3n m\\u00e1s clara\"},\"previousItem\":{\"@type\":\"ListItem\",\"@id\":\"https:\\\/\\\/www.eldigitaldeasturias.com\\\/noticias#listItem\",\"name\":\"Home\"}},{\"@type\":\"ListItem\",\"@id\":\"https:\\\/\\\/www.eldigitaldeasturias.com\\\/noticias\\\/las-empresas-de-alquiler-de-vehiculos-de-la-ue-se-comprometen-a-una-tarificacion-mas-clara\\\/#listItem\",\"position\":3,\"name\":\"Las empresas de alquiler de veh\\u00edculos de la UE se comprometen a una tarificaci\\u00f3n m\\u00e1s clara\",\"previousItem\":{\"@type\":\"ListItem\",\"@id\":\"https:\\\/\\\/www.eldigitaldeasturias.com\\\/noticias\\\/category\\\/economia\\\/#listItem\",\"name\":\"Econom\\u00eda\"}}]},{\"@type\":\"Organization\",\"@id\":\"https:\\\/\\\/www.eldigitaldeasturias.com\\\/noticias\\\/#organization\",\"name\":\"El Digital de Asturias\",\"description\":\"Hemeroteca\",\"url\":\"https:\\\/\\\/www.eldigitaldeasturias.com\\\/noticias\\\/\",\"email\":\"info@eldigitaldeasturias.com\",\"telephone\":\"+34652131393\",\"logo\":{\"@type\":\"ImageObject\",\"url\":\"https:\\\/\\\/www.eldigitaldeasturias.com\\\/noticias\\\/wp-content\\\/uploads\\\/2020\\\/12\\\/EDA.jpg\",\"@id\":\"https:\\\/\\\/www.eldigitaldeasturias.com\\\/noticias\\\/las-empresas-de-alquiler-de-vehiculos-de-la-ue-se-comprometen-a-una-tarificacion-mas-clara\\\/#organizationLogo\",\"width\":649,\"height\":297},\"image\":{\"@id\":\"https:\\\/\\\/www.eldigitaldeasturias.com\\\/noticias\\\/las-empresas-de-alquiler-de-vehiculos-de-la-ue-se-comprometen-a-una-tarificacion-mas-clara\\\/#organizationLogo\"},\"sameAs\":[\"https:\\\/\\\/facebook.com\\\/eldigitaldeasturias\",\"https:\\\/\\\/www.youtube.com\\\/channel\\\/UCZP-2wLEB9Rv6erhFmqVnvg\"],\"address\":{\"@id\":\"https:\\\/\\\/www.eldigitaldeasturias.com\\\/noticias\\\/#postaladdress\",\"@type\":\"PostalAddress\",\"streetAddress\":\"san antonio 4,\",\"postalCode\":\"33430\",\"addressLocality\":\"Cand\\u00e1s\",\"addressRegion\":\"Asturias\",\"addressCountry\":\"ES\"}},{\"@type\":\"Person\",\"@id\":\"https:\\\/\\\/www.eldigitaldeasturias.com\\\/noticias\\\/author\\\/admin\\\/#author\",\"url\":\"https:\\\/\\\/www.eldigitaldeasturias.com\\\/noticias\\\/author\\\/admin\\\/\",\"name\":\"El Digital de Asturias\",\"image\":{\"@type\":\"ImageObject\",\"@id\":\"https:\\\/\\\/www.eldigitaldeasturias.com\\\/noticias\\\/las-empresas-de-alquiler-de-vehiculos-de-la-ue-se-comprometen-a-una-tarificacion-mas-clara\\\/#authorImage\",\"url\":\"https:\\\/\\\/www.eldigitaldeasturias.com\\\/noticias\\\/wp-content\\\/litespeed\\\/avatar\\\/18677e78aa0546b92d9dbf31ec7d7668.jpg?ver=1777290358\",\"width\":96,\"height\":96,\"caption\":\"El Digital de Asturias\"}},{\"@type\":\"WebPage\",\"@id\":\"https:\\\/\\\/www.eldigitaldeasturias.com\\\/noticias\\\/las-empresas-de-alquiler-de-vehiculos-de-la-ue-se-comprometen-a-una-tarificacion-mas-clara\\\/#webpage\",\"url\":\"https:\\\/\\\/www.eldigitaldeasturias.com\\\/noticias\\\/las-empresas-de-alquiler-de-vehiculos-de-la-ue-se-comprometen-a-una-tarificacion-mas-clara\\\/\",\"name\":\"Las empresas de alquiler de veh\\u00edculos de la UE se comprometen a una tarificaci\\u00f3n m\\u00e1s clara - El Digital de Asturias\",\"description\":\"La Comisi\\u00f3n Europea anunci\\u00f3 este lunes mediante un comunicado de prensa que a ra\\u00edz de una petici\\u00f3n de su organizaci\\u00f3n y de las autoridades de defensa de los consumidores de la UE, cinco empresas l\\u00edderes del sector (Avis, Europcar, Enterprise, Hertz y Sixt) han modificado la presentaci\\u00f3n de los precios de alquiler de coches, de\",\"inLanguage\":\"es-ES\",\"isPartOf\":{\"@id\":\"https:\\\/\\\/www.eldigitaldeasturias.com\\\/noticias\\\/#website\"},\"breadcrumb\":{\"@id\":\"https:\\\/\\\/www.eldigitaldeasturias.com\\\/noticias\\\/las-empresas-de-alquiler-de-vehiculos-de-la-ue-se-comprometen-a-una-tarificacion-mas-clara\\\/#breadcrumblist\"},\"author\":{\"@id\":\"https:\\\/\\\/www.eldigitaldeasturias.com\\\/noticias\\\/author\\\/admin\\\/#author\"},\"creator\":{\"@id\":\"https:\\\/\\\/www.eldigitaldeasturias.com\\\/noticias\\\/author\\\/admin\\\/#author\"},\"image\":{\"@type\":\"ImageObject\",\"url\":\"https:\\\/\\\/www.eldigitaldeasturias.com\\\/noticias\\\/wp-content\\\/uploads\\\/2018\\\/06\\\/blue-1283011_960_720.jpg\",\"@id\":\"https:\\\/\\\/www.eldigitaldeasturias.com\\\/noticias\\\/las-empresas-de-alquiler-de-vehiculos-de-la-ue-se-comprometen-a-una-tarificacion-mas-clara\\\/#mainImage\",\"width\":960,\"height\":671},\"primaryImageOfPage\":{\"@id\":\"https:\\\/\\\/www.eldigitaldeasturias.com\\\/noticias\\\/las-empresas-de-alquiler-de-vehiculos-de-la-ue-se-comprometen-a-una-tarificacion-mas-clara\\\/#mainImage\"},\"datePublished\":\"2019-03-25T16:17:08+01:00\",\"dateModified\":\"2019-03-25T16:17:08+01:00\"},{\"@type\":\"WebSite\",\"@id\":\"https:\\\/\\\/www.eldigitaldeasturias.com\\\/noticias\\\/#website\",\"url\":\"https:\\\/\\\/www.eldigitaldeasturias.com\\\/noticias\\\/\",\"name\":\"El Digital de Asturias - Diario de actualidad y noticias\",\"alternateName\":\"El Digital de Asturias - Diario de actualidad y noticias\",\"description\":\"Hemeroteca\",\"inLanguage\":\"es-ES\",\"publisher\":{\"@id\":\"https:\\\/\\\/www.eldigitaldeasturias.com\\\/noticias\\\/#organization\"}}]}\n\t\t<\/script>\n\t\t<!-- All in One SEO Pro -->\r\n\t\t<title>Las empresas de alquiler de veh\u00edculos de la UE se comprometen a una tarificaci\u00f3n m\u00e1s clara - El Digital de Asturias<\/title>\n\n","aioseo_head_json":{"title":"Las empresas de alquiler de veh\u00edculos de la UE se comprometen a una tarificaci\u00f3n m\u00e1s clara - El Digital de Asturias","description":"La Comisi\u00f3n Europea anunci\u00f3 este lunes mediante un comunicado de prensa que a ra\u00edz de una petici\u00f3n de su organizaci\u00f3n y de las autoridades de defensa de los consumidores de la UE, cinco empresas l\u00edderes del sector (Avis, Europcar, Enterprise, Hertz y Sixt) han modificado la presentaci\u00f3n de los precios de alquiler de coches, de","canonical_url":"https:\/\/www.eldigitaldeasturias.com\/noticias\/las-empresas-de-alquiler-de-vehiculos-de-la-ue-se-comprometen-a-una-tarificacion-mas-clara\/","robots":"max-image-preview:large","keywords":"econom\u00eda","webmasterTools":{"google-site-verification":"UA-38556648-1","msvalidate.01":"7dfe9f3f1b24437ab69f4f2559babe99","miscellaneous":""},"schema":{"@context":"https:\/\/schema.org","@graph":[{"@type":"BlogPosting","@id":"https:\/\/www.eldigitaldeasturias.com\/noticias\/las-empresas-de-alquiler-de-vehiculos-de-la-ue-se-comprometen-a-una-tarificacion-mas-clara\/#blogposting","name":"Las empresas de alquiler de veh\u00edculos de la UE se comprometen a una tarificaci\u00f3n m\u00e1s clara - El Digital de Asturias","headline":"Las empresas de alquiler de veh\u00edculos de la UE se comprometen a una tarificaci\u00f3n m\u00e1s clara","author":{"@id":"https:\/\/www.eldigitaldeasturias.com\/noticias\/author\/admin\/#author"},"publisher":{"@id":"https:\/\/www.eldigitaldeasturias.com\/noticias\/#organization"},"image":{"@type":"ImageObject","url":"https:\/\/www.eldigitaldeasturias.com\/noticias\/wp-content\/uploads\/2018\/06\/blue-1283011_960_720.jpg","width":960,"height":671},"datePublished":"2019-03-25T16:17:08+01:00","dateModified":"2019-03-25T16:17:08+01:00","inLanguage":"es-ES","mainEntityOfPage":{"@id":"https:\/\/www.eldigitaldeasturias.com\/noticias\/las-empresas-de-alquiler-de-vehiculos-de-la-ue-se-comprometen-a-una-tarificacion-mas-clara\/#webpage"},"isPartOf":{"@id":"https:\/\/www.eldigitaldeasturias.com\/noticias\/las-empresas-de-alquiler-de-vehiculos-de-la-ue-se-comprometen-a-una-tarificacion-mas-clara\/#webpage"},"articleSection":"Econom\u00eda"},{"@type":"BreadcrumbList","@id":"https:\/\/www.eldigitaldeasturias.com\/noticias\/las-empresas-de-alquiler-de-vehiculos-de-la-ue-se-comprometen-a-una-tarificacion-mas-clara\/#breadcrumblist","itemListElement":[{"@type":"ListItem","@id":"https:\/\/www.eldigitaldeasturias.com\/noticias#listItem","position":1,"name":"Home","item":"https:\/\/www.eldigitaldeasturias.com\/noticias","nextItem":{"@type":"ListItem","@id":"https:\/\/www.eldigitaldeasturias.com\/noticias\/category\/economia\/#listItem","name":"Econom\u00eda"}},{"@type":"ListItem","@id":"https:\/\/www.eldigitaldeasturias.com\/noticias\/category\/economia\/#listItem","position":2,"name":"Econom\u00eda","item":"https:\/\/www.eldigitaldeasturias.com\/noticias\/category\/economia\/","nextItem":{"@type":"ListItem","@id":"https:\/\/www.eldigitaldeasturias.com\/noticias\/las-empresas-de-alquiler-de-vehiculos-de-la-ue-se-comprometen-a-una-tarificacion-mas-clara\/#listItem","name":"Las empresas de alquiler de veh\u00edculos de la UE se comprometen a una tarificaci\u00f3n m\u00e1s clara"},"previousItem":{"@type":"ListItem","@id":"https:\/\/www.eldigitaldeasturias.com\/noticias#listItem","name":"Home"}},{"@type":"ListItem","@id":"https:\/\/www.eldigitaldeasturias.com\/noticias\/las-empresas-de-alquiler-de-vehiculos-de-la-ue-se-comprometen-a-una-tarificacion-mas-clara\/#listItem","position":3,"name":"Las empresas de alquiler de veh\u00edculos de la UE se comprometen a una tarificaci\u00f3n m\u00e1s clara","previousItem":{"@type":"ListItem","@id":"https:\/\/www.eldigitaldeasturias.com\/noticias\/category\/economia\/#listItem","name":"Econom\u00eda"}}]},{"@type":"Organization","@id":"https:\/\/www.eldigitaldeasturias.com\/noticias\/#organization","name":"El Digital de Asturias","description":"Hemeroteca","url":"https:\/\/www.eldigitaldeasturias.com\/noticias\/","email":"info@eldigitaldeasturias.com","telephone":"+34652131393","logo":{"@type":"ImageObject","url":"https:\/\/www.eldigitaldeasturias.com\/noticias\/wp-content\/uploads\/2020\/12\/EDA.jpg","@id":"https:\/\/www.eldigitaldeasturias.com\/noticias\/las-empresas-de-alquiler-de-vehiculos-de-la-ue-se-comprometen-a-una-tarificacion-mas-clara\/#organizationLogo","width":649,"height":297},"image":{"@id":"https:\/\/www.eldigitaldeasturias.com\/noticias\/las-empresas-de-alquiler-de-vehiculos-de-la-ue-se-comprometen-a-una-tarificacion-mas-clara\/#organizationLogo"},"sameAs":["https:\/\/facebook.com\/eldigitaldeasturias","https:\/\/www.youtube.com\/channel\/UCZP-2wLEB9Rv6erhFmqVnvg"],"address":{"@id":"https:\/\/www.eldigitaldeasturias.com\/noticias\/#postaladdress","@type":"PostalAddress","streetAddress":"san antonio 4,","postalCode":"33430","addressLocality":"Cand\u00e1s","addressRegion":"Asturias","addressCountry":"ES"}},{"@type":"Person","@id":"https:\/\/www.eldigitaldeasturias.com\/noticias\/author\/admin\/#author","url":"https:\/\/www.eldigitaldeasturias.com\/noticias\/author\/admin\/","name":"El Digital de Asturias","image":{"@type":"ImageObject","@id":"https:\/\/www.eldigitaldeasturias.com\/noticias\/las-empresas-de-alquiler-de-vehiculos-de-la-ue-se-comprometen-a-una-tarificacion-mas-clara\/#authorImage","url":"https:\/\/www.eldigitaldeasturias.com\/noticias\/wp-content\/litespeed\/avatar\/18677e78aa0546b92d9dbf31ec7d7668.jpg?ver=1777290358","width":96,"height":96,"caption":"El Digital de Asturias"}},{"@type":"WebPage","@id":"https:\/\/www.eldigitaldeasturias.com\/noticias\/las-empresas-de-alquiler-de-vehiculos-de-la-ue-se-comprometen-a-una-tarificacion-mas-clara\/#webpage","url":"https:\/\/www.eldigitaldeasturias.com\/noticias\/las-empresas-de-alquiler-de-vehiculos-de-la-ue-se-comprometen-a-una-tarificacion-mas-clara\/","name":"Las empresas de alquiler de veh\u00edculos de la UE se comprometen a una tarificaci\u00f3n m\u00e1s clara - El Digital de Asturias","description":"La Comisi\u00f3n Europea anunci\u00f3 este lunes mediante un comunicado de prensa que a ra\u00edz de una petici\u00f3n de su organizaci\u00f3n y de las autoridades de defensa de los consumidores de la UE, cinco empresas l\u00edderes del sector (Avis, Europcar, Enterprise, Hertz y Sixt) han modificado la presentaci\u00f3n de los precios de alquiler de coches, de","inLanguage":"es-ES","isPartOf":{"@id":"https:\/\/www.eldigitaldeasturias.com\/noticias\/#website"},"breadcrumb":{"@id":"https:\/\/www.eldigitaldeasturias.com\/noticias\/las-empresas-de-alquiler-de-vehiculos-de-la-ue-se-comprometen-a-una-tarificacion-mas-clara\/#breadcrumblist"},"author":{"@id":"https:\/\/www.eldigitaldeasturias.com\/noticias\/author\/admin\/#author"},"creator":{"@id":"https:\/\/www.eldigitaldeasturias.com\/noticias\/author\/admin\/#author"},"image":{"@type":"ImageObject","url":"https:\/\/www.eldigitaldeasturias.com\/noticias\/wp-content\/uploads\/2018\/06\/blue-1283011_960_720.jpg","@id":"https:\/\/www.eldigitaldeasturias.com\/noticias\/las-empresas-de-alquiler-de-vehiculos-de-la-ue-se-comprometen-a-una-tarificacion-mas-clara\/#mainImage","width":960,"height":671},"primaryImageOfPage":{"@id":"https:\/\/www.eldigitaldeasturias.com\/noticias\/las-empresas-de-alquiler-de-vehiculos-de-la-ue-se-comprometen-a-una-tarificacion-mas-clara\/#mainImage"},"datePublished":"2019-03-25T16:17:08+01:00","dateModified":"2019-03-25T16:17:08+01:00"},{"@type":"WebSite","@id":"https:\/\/www.eldigitaldeasturias.com\/noticias\/#website","url":"https:\/\/www.eldigitaldeasturias.com\/noticias\/","name":"El Digital de Asturias - Diario de actualidad y noticias","alternateName":"El Digital de Asturias - Diario de actualidad y noticias","description":"Hemeroteca","inLanguage":"es-ES","publisher":{"@id":"https:\/\/www.eldigitaldeasturias.com\/noticias\/#organization"}}]},"og:locale":"es_ES","og:site_name":"El Digital de Asturias","og:type":"article","og:title":"Las empresas de alquiler de veh\u00edculos de la UE se comprometen a una tarificaci\u00f3n m\u00e1s clara - El Digital de Asturias","og:description":"La Comisi\u00f3n Europea anunci\u00f3 este lunes mediante un comunicado de prensa que a ra\u00edz de una petici\u00f3n de su organizaci\u00f3n y de las autoridades de defensa de los consumidores de la UE, cinco empresas l\u00edderes del sector (Avis, Europcar, Enterprise, Hertz y Sixt) han modificado la presentaci\u00f3n de los precios de alquiler de coches, de","og:url":"https:\/\/www.eldigitaldeasturias.com\/noticias\/las-empresas-de-alquiler-de-vehiculos-de-la-ue-se-comprometen-a-una-tarificacion-mas-clara\/","og:image":"https:\/\/www.eldigitaldeasturias.com\/noticias\/wp-content\/uploads\/2018\/06\/blue-1283011_960_720.jpg","og:image:secure_url":"https:\/\/www.eldigitaldeasturias.com\/noticias\/wp-content\/uploads\/2018\/06\/blue-1283011_960_720.jpg","og:image:width":960,"og:image:height":671,"article:tag":["econom\u00eda"],"article:published_time":"2019-03-25T16:17:08+00:00","article:modified_time":"2019-03-25T16:17:08+00:00","article:publisher":"https:\/\/facebook.com\/eldigitaldeasturias","twitter:card":"summary_large_image","twitter:title":"Las empresas de alquiler de veh\u00edculos de la UE se comprometen a una tarificaci\u00f3n m\u00e1s clara - El Digital de Asturias","twitter:description":"La Comisi\u00f3n Europea anunci\u00f3 este lunes mediante un comunicado de prensa que a ra\u00edz de una petici\u00f3n de su organizaci\u00f3n y de las autoridades de defensa de los consumidores de la UE, cinco empresas l\u00edderes del sector (Avis, Europcar, Enterprise, Hertz y Sixt) han modificado la presentaci\u00f3n de los precios de alquiler de coches, de","twitter:image":"https:\/\/www.eldigitaldeasturias.com\/noticias\/wp-content\/uploads\/2018\/06\/blue-1283011_960_720.jpg","twitter:label1":"Escrito por","twitter:data1":"El Digital de Asturias","twitter:label2":"Tiempo de lectura estimado","twitter:data2":"3 minutos"},"aioseo_meta_data":{"post_id":"1021644","title":null,"description":null,"keywords":null,"keyphrases":null,"primary_term":null,"canonical_url":null,"og_title":null,"og_description":null,"og_object_type":"default","og_image_type":"default","og_image_url":null,"og_image_width":null,"og_image_height":null,"og_image_custom_url":null,"og_image_custom_fields":null,"og_video":null,"og_custom_url":null,"og_article_section":null,"og_article_tags":null,"twitter_use_og":false,"twitter_card":"default","twitter_image_type":"default","twitter_image_url":null,"twitter_image_custom_url":null,"twitter_image_custom_fields":null,"twitter_title":null,"twitter_description":null,"schema":{"blockGraphs":[],"customGraphs":[],"default":{"data":{"Article":[],"Course":[],"Dataset":[],"FAQPage":[],"Movie":[],"Person":[],"Product":[],"ProductReview":[],"Car":[],"Recipe":[],"Service":[],"SoftwareApplication":[],"WebPage":[]},"graphName":"","isEnabled":true},"graphs":[],"defaultGraph":"","defaultPostTypeGraph":""},"schema_type":null,"schema_type_options":null,"pillar_content":false,"robots_default":true,"robots_noindex":false,"robots_noarchive":false,"robots_nosnippet":false,"robots_nofollow":false,"robots_noimageindex":false,"robots_noodp":false,"robots_notranslate":false,"robots_max_snippet":null,"robots_max_videopreview":null,"robots_max_imagepreview":"large","priority":null,"frequency":null,"local_seo":null,"seo_analyzer_scan_date":"2025-10-17 05:01:10","breadcrumb_settings":null,"limit_modified_date":false,"open_ai":null,"ai":null,"created":"2020-12-21 11:16:05","updated":"2025-10-17 05:01:10"},"aioseo_breadcrumb":"<div class=\"aioseo-breadcrumbs\"><span class=\"aioseo-breadcrumb\">\n\t<a href=\"https:\/\/www.eldigitaldeasturias.com\/noticias\" title=\"Home\">Home<\/a>\n<\/span><span class=\"aioseo-breadcrumb-separator\">\u2013<\/span><span class=\"aioseo-breadcrumb\">\n\t<a href=\"https:\/\/www.eldigitaldeasturias.com\/noticias\/category\/economia\/\" title=\"Econom\u00eda\">Econom\u00eda<\/a>\n<\/span><span class=\"aioseo-breadcrumb-separator\">\u2013<\/span><span class=\"aioseo-breadcrumb\">\n\t<a href=\"https:\/\/www.eldigitaldeasturias.com\/noticias\/las-empresas-de-alquiler-de-vehiculos-de-la-ue-se-comprometen-a-una-tarificacion-mas-clara\/\" title=\"Las empresas de alquiler de veh\u00edculos de la UE se comprometen a una tarificaci\u00f3n m\u00e1s clara\">Las empresas de alquiler de veh\u00edculos de la UE se comprometen a una tarificaci\u00f3n m\u00e1s clara<\/a>\n<\/span><\/div>","aioseo_breadcrumb_json":[{"label":"Home","link":"https:\/\/www.eldigitaldeasturias.com\/noticias"},{"label":"Econom\u00eda","link":"https:\/\/www.eldigitaldeasturias.com\/noticias\/category\/economia\/"},{"label":"Las empresas de alquiler de veh\u00edculos de la UE se comprometen a una tarificaci\u00f3n m\u00e1s clara","link":"https:\/\/www.eldigitaldeasturias.com\/noticias\/las-empresas-de-alquiler-de-vehiculos-de-la-ue-se-comprometen-a-una-tarificacion-mas-clara\/"}],"_links":{"self":[{"href":"https:\/\/www.eldigitaldeasturias.com\/noticias\/wp-json\/wp\/v2\/posts\/1021644","targetHints":{"allow":["GET"]}}],"collection":[{"href":"https:\/\/www.eldigitaldeasturias.com\/noticias\/wp-json\/wp\/v2\/posts"}],"about":[{"href":"https:\/\/www.eldigitaldeasturias.com\/noticias\/wp-json\/wp\/v2\/types\/post"}],"author":[{"embeddable":true,"href":"https:\/\/www.eldigitaldeasturias.com\/noticias\/wp-json\/wp\/v2\/users\/1"}],"replies":[{"embeddable":true,"href":"https:\/\/www.eldigitaldeasturias.com\/noticias\/wp-json\/wp\/v2\/comments?post=1021644"}],"version-history":[{"count":0,"href":"https:\/\/www.eldigitaldeasturias.com\/noticias\/wp-json\/wp\/v2\/posts\/1021644\/revisions"}],"wp:featuredmedia":[{"embeddable":true,"href":"https:\/\/www.eldigitaldeasturias.com\/noticias\/wp-json\/wp\/v2\/media\/983320"}],"wp:attachment":[{"href":"https:\/\/www.eldigitaldeasturias.com\/noticias\/wp-json\/wp\/v2\/media?parent=1021644"}],"wp:term":[{"taxonomy":"category","embeddable":true,"href":"https:\/\/www.eldigitaldeasturias.com\/noticias\/wp-json\/wp\/v2\/categories?post=1021644"},{"taxonomy":"post_tag","embeddable":true,"href":"https:\/\/www.eldigitaldeasturias.com\/noticias\/wp-json\/wp\/v2\/tags?post=1021644"}],"curies":[{"name":"wp","href":"https:\/\/api.w.org\/{rel}","templated":true}]}}