{"id":1021413,"date":"2019-03-23T19:39:17","date_gmt":"2019-03-23T19:39:17","guid":{"rendered":"https:\/\/www.eldigitaldeasturias.com\/noticias\/?p=1021413"},"modified":"2019-03-23T19:39:17","modified_gmt":"2019-03-23T19:39:17","slug":"la-seguridad-social-otorgara-nuevas-bonificaciones-para-trabajadoras-autonomas","status":"publish","type":"post","link":"https:\/\/www.eldigitaldeasturias.com\/noticias\/la-seguridad-social-otorgara-nuevas-bonificaciones-para-trabajadoras-autonomas\/","title":{"rendered":"La Seguridad Social otorgar\u00e1 nuevas bonificaciones para trabajadoras aut\u00f3nomas"},"content":{"rendered":"<p><img loading=\"lazy\" decoding=\"async\" class=\"alignleft size-medium wp-image-1021414\" src=\"https:\/\/www.eldigitaldeasturias.com\/noticias\/wp-content\/uploads\/2019\/03\/autonomo-360x240.jpg\" alt=\"\" width=\"360\" height=\"240\" srcset=\"https:\/\/www.eldigitaldeasturias.com\/noticias\/wp-content\/uploads\/2019\/03\/autonomo-360x240.jpg 360w, https:\/\/www.eldigitaldeasturias.com\/noticias\/wp-content\/uploads\/2019\/03\/autonomo-20x13.jpg 20w, https:\/\/www.eldigitaldeasturias.com\/noticias\/wp-content\/uploads\/2019\/03\/autonomo.jpg 430w\" sizes=\"auto, (max-width: 360px) 100vw, 360px\" \/>Seg\u00fan un comunicado de prensa difundido en el sitio web de la Moncloa, la Direcci\u00f3n General de Ordenaci\u00f3n de la Seguridad Social ha emitido un nuevo criterio para que las trabajadoras aut\u00f3nomas que regresen del descanso por maternidad puedan acogerse a una bonificaci\u00f3n en sus cuotas por contingencias comunes y profesionales, aunque no se hayan dado de baja en el R\u00e9gimen Especial de Trabajadores Aut\u00f3nomos (RETA).<\/p>\n<p>El comunicado completo expone la siguiente informaci\u00f3n:<\/p>\n<p>\u201cLa bonificaci\u00f3n se traduce, si se opta por la base m\u00ednima de cotizaci\u00f3n, en una cuota mensual de 60 euros durante los doce meses inmediatamente siguientes a su vuelta al trabajo. Si se opta por una base de cotizaci\u00f3n superior, se aplicar\u00e1 una bonificaci\u00f3n del 80% sobre la cotizaci\u00f3n por contingencias comunes. La reincorporaci\u00f3n al trabajo debe realizarse en los dos a\u00f1os siguientes a la parada producida por la maternidad.<\/p>\n<p>De esta forma, se corrige el anterior criterio, de 2017, por el que el cese en el RETA era requisito necesario si se quer\u00eda acceder a la bonificaci\u00f3n.<\/p>\n<p>El nuevo criterio tiene car\u00e1cter retroactivo, con efectos a 1 de enero, de forma que son beneficiarias de esta bonificaci\u00f3n no s\u00f3lo las trabajadoras que se incorporen al trabajo a partir de ahora, sino tambi\u00e9n las que lo hayan hecho desde esa fecha, hayan causado baja o no en el RETA. En las pr\u00f3ximas semanas, la Tesorer\u00eda General de la Seguridad Social va a proceder a identificar a esas trabajadoras por cuenta propia con el objetivo de efectuar las devoluciones de las cuant\u00edas correspondientes a la bonificaci\u00f3n que no haya sido aplicada en los periodos de liquidaci\u00f3n ya pasados.<\/p>\n<p>La Direcci\u00f3n General de Ordenaci\u00f3n de la Seguridad Social rectifica la interpretaci\u00f3n que hasta ahora se hab\u00eda hecho del art\u00edculo 38 del Estatuto del Trabajador Aut\u00f3nomo, a la vista de la nueva redacci\u00f3n incluida en el Real Decreto-ley 6\/2019 de 1 de marzo, de medidas urgentes para garant\u00eda de la igualdad de trato y de oportunidades entre hombres y mujeres en el empleo y la ocupaci\u00f3n.<\/p>\n<p>En dicho art\u00edculo, se establece una bonificaci\u00f3n para las trabajadoras enmarcadas en el RETA que, habiendo cesado su actividad por maternidad, adopci\u00f3n, guarda con fines de adopci\u00f3n, acogimiento y tutela, vuelvan a realizar una actividad por cuenta propia dentro de los dos a\u00f1os inmediatamente siguientes a la fecha efectiva del cese. En este aspecto, la Seguridad Social considera que el requisito de cese no solo se cumple en el caso de las trabajadoras que hayan decidido no reanudar su actividad laboral y hayan producido baja en el RETA, sino tambi\u00e9n en aquellos casos en que la trabajadora aut\u00f3noma, tras disfrutar del correspondiente descanso por maternidad, haya optado, sin soluci\u00f3n de continuidad, por reanudar la actividad laboral\u201d, concluye el comunicado de prensa de la Moncloa.<\/p>\n","protected":false},"excerpt":{"rendered":"<p>Seg\u00fan un comunicado de prensa difundido en el sitio web de la Moncloa, la Direcci\u00f3n General de Ordenaci\u00f3n de la Seguridad Social ha emitido un nuevo criterio para que las trabajadoras aut\u00f3nomas que regresen del descanso por maternidad puedan acogerse a una bonificaci\u00f3n en sus cuotas por contingencias comunes y profesionales, aunque no se hayan [&hellip;]<\/p>\n","protected":false},"author":1,"featured_media":1021414,"comment_status":"closed","ping_status":"closed","sticky":false,"template":"","format":"standard","meta":{"footnotes":""},"categories":[187],"tags":[],"class_list":["post-1021413","post","type-post","status-publish","format-standard","has-post-thumbnail","hentry","category-economia"],"aioseo_notices":[],"aioseo_head":"\n\t\t<!-- All in One SEO Pro 4.9.6.2 - aioseo.com -->\n\t<meta name=\"description\" content=\"Seg\u00fan un comunicado de prensa difundido en el sitio web de la Moncloa, la Direcci\u00f3n General de Ordenaci\u00f3n de la Seguridad Social ha emitido un nuevo criterio para que las trabajadoras aut\u00f3nomas que regresen del descanso por maternidad puedan acogerse a una bonificaci\u00f3n en sus cuotas por contingencias comunes y profesionales, aunque no se hayan\" \/>\n\t<meta name=\"robots\" content=\"max-image-preview:large\" \/>\n\t<meta name=\"author\" content=\"El Digital de Asturias\"\/>\n\t<meta name=\"google-site-verification\" content=\"UA-38556648-1\" \/>\n\t<meta name=\"msvalidate.01\" content=\"7dfe9f3f1b24437ab69f4f2559babe99\" \/>\n\t<meta name=\"keywords\" content=\"econom\u00eda\" \/>\n\t<link rel=\"canonical\" href=\"https:\/\/www.eldigitaldeasturias.com\/noticias\/la-seguridad-social-otorgara-nuevas-bonificaciones-para-trabajadoras-autonomas\/\" \/>\n\t<meta name=\"generator\" content=\"All in One SEO Pro (AIOSEO) 4.9.6.2\" \/>\n\t\t<meta property=\"og:locale\" content=\"es_ES\" \/>\n\t\t<meta property=\"og:site_name\" content=\"El Digital de Asturias\" \/>\n\t\t<meta property=\"og:type\" content=\"article\" \/>\n\t\t<meta property=\"og:title\" content=\"La Seguridad Social otorgar\u00e1 nuevas bonificaciones para trabajadoras aut\u00f3nomas - El Digital de Asturias\" \/>\n\t\t<meta property=\"og:description\" content=\"Seg\u00fan un comunicado de prensa difundido en el sitio web de la Moncloa, la Direcci\u00f3n General de Ordenaci\u00f3n de la Seguridad Social ha emitido un nuevo criterio para que las trabajadoras aut\u00f3nomas que regresen del descanso por maternidad puedan acogerse a una bonificaci\u00f3n en sus cuotas por contingencias comunes y profesionales, aunque no se hayan\" \/>\n\t\t<meta property=\"og:url\" content=\"https:\/\/www.eldigitaldeasturias.com\/noticias\/la-seguridad-social-otorgara-nuevas-bonificaciones-para-trabajadoras-autonomas\/\" \/>\n\t\t<meta property=\"og:image\" content=\"https:\/\/www.eldigitaldeasturias.com\/noticias\/wp-content\/uploads\/2019\/03\/autonomo.jpg\" \/>\n\t\t<meta property=\"og:image:secure_url\" content=\"https:\/\/www.eldigitaldeasturias.com\/noticias\/wp-content\/uploads\/2019\/03\/autonomo.jpg\" \/>\n\t\t<meta property=\"og:image:width\" content=\"430\" \/>\n\t\t<meta property=\"og:image:height\" content=\"287\" \/>\n\t\t<meta property=\"article:tag\" content=\"econom\u00eda\" \/>\n\t\t<meta property=\"article:published_time\" content=\"2019-03-23T19:39:17+00:00\" \/>\n\t\t<meta property=\"article:modified_time\" content=\"2019-03-23T19:39:17+00:00\" \/>\n\t\t<meta property=\"article:publisher\" content=\"https:\/\/facebook.com\/eldigitaldeasturias\" \/>\n\t\t<meta name=\"twitter:card\" content=\"summary_large_image\" \/>\n\t\t<meta name=\"twitter:title\" content=\"La Seguridad Social otorgar\u00e1 nuevas bonificaciones para trabajadoras aut\u00f3nomas - El Digital de Asturias\" \/>\n\t\t<meta name=\"twitter:description\" content=\"Seg\u00fan un comunicado de prensa difundido en el sitio web de la Moncloa, la Direcci\u00f3n General de Ordenaci\u00f3n de la Seguridad Social ha emitido un nuevo criterio para que las trabajadoras aut\u00f3nomas que regresen del descanso por maternidad puedan acogerse a una bonificaci\u00f3n en sus cuotas por contingencias comunes y profesionales, aunque no se hayan\" \/>\n\t\t<meta name=\"twitter:image\" content=\"https:\/\/www.eldigitaldeasturias.com\/noticias\/wp-content\/uploads\/2019\/03\/autonomo.jpg\" \/>\n\t\t<meta name=\"twitter:label1\" content=\"Escrito por\" \/>\n\t\t<meta name=\"twitter:data1\" content=\"El Digital de Asturias\" \/>\n\t\t<meta name=\"twitter:label2\" content=\"Tiempo de lectura estimado\" \/>\n\t\t<meta name=\"twitter:data2\" content=\"2 minutos\" \/>\n\t\t<script type=\"application\/ld+json\" class=\"aioseo-schema\">\n\t\t\t{\"@context\":\"https:\\\/\\\/schema.org\",\"@graph\":[{\"@type\":\"BlogPosting\",\"@id\":\"https:\\\/\\\/www.eldigitaldeasturias.com\\\/noticias\\\/la-seguridad-social-otorgara-nuevas-bonificaciones-para-trabajadoras-autonomas\\\/#blogposting\",\"name\":\"La Seguridad Social otorgar\\u00e1 nuevas bonificaciones para trabajadoras aut\\u00f3nomas - El Digital de Asturias\",\"headline\":\"La Seguridad Social otorgar\\u00e1 nuevas bonificaciones para trabajadoras aut\\u00f3nomas\",\"author\":{\"@id\":\"https:\\\/\\\/www.eldigitaldeasturias.com\\\/noticias\\\/author\\\/admin\\\/#author\"},\"publisher\":{\"@id\":\"https:\\\/\\\/www.eldigitaldeasturias.com\\\/noticias\\\/#organization\"},\"image\":{\"@type\":\"ImageObject\",\"url\":\"https:\\\/\\\/www.eldigitaldeasturias.com\\\/noticias\\\/wp-content\\\/uploads\\\/2019\\\/03\\\/autonomo.jpg\",\"width\":430,\"height\":287},\"datePublished\":\"2019-03-23T19:39:17+01:00\",\"dateModified\":\"2019-03-23T19:39:17+01:00\",\"inLanguage\":\"es-ES\",\"mainEntityOfPage\":{\"@id\":\"https:\\\/\\\/www.eldigitaldeasturias.com\\\/noticias\\\/la-seguridad-social-otorgara-nuevas-bonificaciones-para-trabajadoras-autonomas\\\/#webpage\"},\"isPartOf\":{\"@id\":\"https:\\\/\\\/www.eldigitaldeasturias.com\\\/noticias\\\/la-seguridad-social-otorgara-nuevas-bonificaciones-para-trabajadoras-autonomas\\\/#webpage\"},\"articleSection\":\"Econom\\u00eda\"},{\"@type\":\"BreadcrumbList\",\"@id\":\"https:\\\/\\\/www.eldigitaldeasturias.com\\\/noticias\\\/la-seguridad-social-otorgara-nuevas-bonificaciones-para-trabajadoras-autonomas\\\/#breadcrumblist\",\"itemListElement\":[{\"@type\":\"ListItem\",\"@id\":\"https:\\\/\\\/www.eldigitaldeasturias.com\\\/noticias#listItem\",\"position\":1,\"name\":\"Home\",\"item\":\"https:\\\/\\\/www.eldigitaldeasturias.com\\\/noticias\",\"nextItem\":{\"@type\":\"ListItem\",\"@id\":\"https:\\\/\\\/www.eldigitaldeasturias.com\\\/noticias\\\/category\\\/economia\\\/#listItem\",\"name\":\"Econom\\u00eda\"}},{\"@type\":\"ListItem\",\"@id\":\"https:\\\/\\\/www.eldigitaldeasturias.com\\\/noticias\\\/category\\\/economia\\\/#listItem\",\"position\":2,\"name\":\"Econom\\u00eda\",\"item\":\"https:\\\/\\\/www.eldigitaldeasturias.com\\\/noticias\\\/category\\\/economia\\\/\",\"nextItem\":{\"@type\":\"ListItem\",\"@id\":\"https:\\\/\\\/www.eldigitaldeasturias.com\\\/noticias\\\/la-seguridad-social-otorgara-nuevas-bonificaciones-para-trabajadoras-autonomas\\\/#listItem\",\"name\":\"La Seguridad Social otorgar\\u00e1 nuevas bonificaciones para trabajadoras aut\\u00f3nomas\"},\"previousItem\":{\"@type\":\"ListItem\",\"@id\":\"https:\\\/\\\/www.eldigitaldeasturias.com\\\/noticias#listItem\",\"name\":\"Home\"}},{\"@type\":\"ListItem\",\"@id\":\"https:\\\/\\\/www.eldigitaldeasturias.com\\\/noticias\\\/la-seguridad-social-otorgara-nuevas-bonificaciones-para-trabajadoras-autonomas\\\/#listItem\",\"position\":3,\"name\":\"La Seguridad Social otorgar\\u00e1 nuevas bonificaciones para trabajadoras aut\\u00f3nomas\",\"previousItem\":{\"@type\":\"ListItem\",\"@id\":\"https:\\\/\\\/www.eldigitaldeasturias.com\\\/noticias\\\/category\\\/economia\\\/#listItem\",\"name\":\"Econom\\u00eda\"}}]},{\"@type\":\"Organization\",\"@id\":\"https:\\\/\\\/www.eldigitaldeasturias.com\\\/noticias\\\/#organization\",\"name\":\"El Digital de Asturias\",\"description\":\"Hemeroteca\",\"url\":\"https:\\\/\\\/www.eldigitaldeasturias.com\\\/noticias\\\/\",\"email\":\"info@eldigitaldeasturias.com\",\"telephone\":\"+34652131393\",\"logo\":{\"@type\":\"ImageObject\",\"url\":\"https:\\\/\\\/www.eldigitaldeasturias.com\\\/noticias\\\/wp-content\\\/uploads\\\/2020\\\/12\\\/EDA.jpg\",\"@id\":\"https:\\\/\\\/www.eldigitaldeasturias.com\\\/noticias\\\/la-seguridad-social-otorgara-nuevas-bonificaciones-para-trabajadoras-autonomas\\\/#organizationLogo\",\"width\":649,\"height\":297},\"image\":{\"@id\":\"https:\\\/\\\/www.eldigitaldeasturias.com\\\/noticias\\\/la-seguridad-social-otorgara-nuevas-bonificaciones-para-trabajadoras-autonomas\\\/#organizationLogo\"},\"sameAs\":[\"https:\\\/\\\/facebook.com\\\/eldigitaldeasturias\",\"https:\\\/\\\/www.youtube.com\\\/channel\\\/UCZP-2wLEB9Rv6erhFmqVnvg\"],\"address\":{\"@id\":\"https:\\\/\\\/www.eldigitaldeasturias.com\\\/noticias\\\/#postaladdress\",\"@type\":\"PostalAddress\",\"streetAddress\":\"san antonio 4,\",\"postalCode\":\"33430\",\"addressLocality\":\"Cand\\u00e1s\",\"addressRegion\":\"Asturias\",\"addressCountry\":\"ES\"}},{\"@type\":\"Person\",\"@id\":\"https:\\\/\\\/www.eldigitaldeasturias.com\\\/noticias\\\/author\\\/admin\\\/#author\",\"url\":\"https:\\\/\\\/www.eldigitaldeasturias.com\\\/noticias\\\/author\\\/admin\\\/\",\"name\":\"El Digital de Asturias\",\"image\":{\"@type\":\"ImageObject\",\"@id\":\"https:\\\/\\\/www.eldigitaldeasturias.com\\\/noticias\\\/la-seguridad-social-otorgara-nuevas-bonificaciones-para-trabajadoras-autonomas\\\/#authorImage\",\"url\":\"https:\\\/\\\/www.eldigitaldeasturias.com\\\/noticias\\\/wp-content\\\/litespeed\\\/avatar\\\/18677e78aa0546b92d9dbf31ec7d7668.jpg?ver=1777290358\",\"width\":96,\"height\":96,\"caption\":\"El Digital de Asturias\"}},{\"@type\":\"WebPage\",\"@id\":\"https:\\\/\\\/www.eldigitaldeasturias.com\\\/noticias\\\/la-seguridad-social-otorgara-nuevas-bonificaciones-para-trabajadoras-autonomas\\\/#webpage\",\"url\":\"https:\\\/\\\/www.eldigitaldeasturias.com\\\/noticias\\\/la-seguridad-social-otorgara-nuevas-bonificaciones-para-trabajadoras-autonomas\\\/\",\"name\":\"La Seguridad Social otorgar\\u00e1 nuevas bonificaciones para trabajadoras aut\\u00f3nomas - El Digital de Asturias\",\"description\":\"Seg\\u00fan un comunicado de prensa difundido en el sitio web de la Moncloa, la Direcci\\u00f3n General de Ordenaci\\u00f3n de la Seguridad Social ha emitido un nuevo criterio para que las trabajadoras aut\\u00f3nomas que regresen del descanso por maternidad puedan acogerse a una bonificaci\\u00f3n en sus cuotas por contingencias comunes y profesionales, aunque no se hayan\",\"inLanguage\":\"es-ES\",\"isPartOf\":{\"@id\":\"https:\\\/\\\/www.eldigitaldeasturias.com\\\/noticias\\\/#website\"},\"breadcrumb\":{\"@id\":\"https:\\\/\\\/www.eldigitaldeasturias.com\\\/noticias\\\/la-seguridad-social-otorgara-nuevas-bonificaciones-para-trabajadoras-autonomas\\\/#breadcrumblist\"},\"author\":{\"@id\":\"https:\\\/\\\/www.eldigitaldeasturias.com\\\/noticias\\\/author\\\/admin\\\/#author\"},\"creator\":{\"@id\":\"https:\\\/\\\/www.eldigitaldeasturias.com\\\/noticias\\\/author\\\/admin\\\/#author\"},\"image\":{\"@type\":\"ImageObject\",\"url\":\"https:\\\/\\\/www.eldigitaldeasturias.com\\\/noticias\\\/wp-content\\\/uploads\\\/2019\\\/03\\\/autonomo.jpg\",\"@id\":\"https:\\\/\\\/www.eldigitaldeasturias.com\\\/noticias\\\/la-seguridad-social-otorgara-nuevas-bonificaciones-para-trabajadoras-autonomas\\\/#mainImage\",\"width\":430,\"height\":287},\"primaryImageOfPage\":{\"@id\":\"https:\\\/\\\/www.eldigitaldeasturias.com\\\/noticias\\\/la-seguridad-social-otorgara-nuevas-bonificaciones-para-trabajadoras-autonomas\\\/#mainImage\"},\"datePublished\":\"2019-03-23T19:39:17+01:00\",\"dateModified\":\"2019-03-23T19:39:17+01:00\"},{\"@type\":\"WebSite\",\"@id\":\"https:\\\/\\\/www.eldigitaldeasturias.com\\\/noticias\\\/#website\",\"url\":\"https:\\\/\\\/www.eldigitaldeasturias.com\\\/noticias\\\/\",\"name\":\"El Digital de Asturias - Diario de actualidad y noticias\",\"alternateName\":\"El Digital de Asturias - Diario de actualidad y noticias\",\"description\":\"Hemeroteca\",\"inLanguage\":\"es-ES\",\"publisher\":{\"@id\":\"https:\\\/\\\/www.eldigitaldeasturias.com\\\/noticias\\\/#organization\"}}]}\n\t\t<\/script>\n\t\t<!-- All in One SEO Pro -->\r\n\t\t<title>La Seguridad Social otorgar\u00e1 nuevas bonificaciones para trabajadoras aut\u00f3nomas - El Digital de Asturias<\/title>\n\n","aioseo_head_json":{"title":"La Seguridad Social otorgar\u00e1 nuevas bonificaciones para trabajadoras aut\u00f3nomas - El Digital de Asturias","description":"Seg\u00fan un comunicado de prensa difundido en el sitio web de la Moncloa, la Direcci\u00f3n General de Ordenaci\u00f3n de la Seguridad Social ha emitido un nuevo criterio para que las trabajadoras aut\u00f3nomas que regresen del descanso por maternidad puedan acogerse a una bonificaci\u00f3n en sus cuotas por contingencias comunes y profesionales, aunque no se hayan","canonical_url":"https:\/\/www.eldigitaldeasturias.com\/noticias\/la-seguridad-social-otorgara-nuevas-bonificaciones-para-trabajadoras-autonomas\/","robots":"max-image-preview:large","keywords":"econom\u00eda","webmasterTools":{"google-site-verification":"UA-38556648-1","msvalidate.01":"7dfe9f3f1b24437ab69f4f2559babe99","miscellaneous":""},"schema":{"@context":"https:\/\/schema.org","@graph":[{"@type":"BlogPosting","@id":"https:\/\/www.eldigitaldeasturias.com\/noticias\/la-seguridad-social-otorgara-nuevas-bonificaciones-para-trabajadoras-autonomas\/#blogposting","name":"La Seguridad Social otorgar\u00e1 nuevas bonificaciones para trabajadoras aut\u00f3nomas - El Digital de Asturias","headline":"La Seguridad Social otorgar\u00e1 nuevas bonificaciones para trabajadoras aut\u00f3nomas","author":{"@id":"https:\/\/www.eldigitaldeasturias.com\/noticias\/author\/admin\/#author"},"publisher":{"@id":"https:\/\/www.eldigitaldeasturias.com\/noticias\/#organization"},"image":{"@type":"ImageObject","url":"https:\/\/www.eldigitaldeasturias.com\/noticias\/wp-content\/uploads\/2019\/03\/autonomo.jpg","width":430,"height":287},"datePublished":"2019-03-23T19:39:17+01:00","dateModified":"2019-03-23T19:39:17+01:00","inLanguage":"es-ES","mainEntityOfPage":{"@id":"https:\/\/www.eldigitaldeasturias.com\/noticias\/la-seguridad-social-otorgara-nuevas-bonificaciones-para-trabajadoras-autonomas\/#webpage"},"isPartOf":{"@id":"https:\/\/www.eldigitaldeasturias.com\/noticias\/la-seguridad-social-otorgara-nuevas-bonificaciones-para-trabajadoras-autonomas\/#webpage"},"articleSection":"Econom\u00eda"},{"@type":"BreadcrumbList","@id":"https:\/\/www.eldigitaldeasturias.com\/noticias\/la-seguridad-social-otorgara-nuevas-bonificaciones-para-trabajadoras-autonomas\/#breadcrumblist","itemListElement":[{"@type":"ListItem","@id":"https:\/\/www.eldigitaldeasturias.com\/noticias#listItem","position":1,"name":"Home","item":"https:\/\/www.eldigitaldeasturias.com\/noticias","nextItem":{"@type":"ListItem","@id":"https:\/\/www.eldigitaldeasturias.com\/noticias\/category\/economia\/#listItem","name":"Econom\u00eda"}},{"@type":"ListItem","@id":"https:\/\/www.eldigitaldeasturias.com\/noticias\/category\/economia\/#listItem","position":2,"name":"Econom\u00eda","item":"https:\/\/www.eldigitaldeasturias.com\/noticias\/category\/economia\/","nextItem":{"@type":"ListItem","@id":"https:\/\/www.eldigitaldeasturias.com\/noticias\/la-seguridad-social-otorgara-nuevas-bonificaciones-para-trabajadoras-autonomas\/#listItem","name":"La Seguridad Social otorgar\u00e1 nuevas bonificaciones para trabajadoras aut\u00f3nomas"},"previousItem":{"@type":"ListItem","@id":"https:\/\/www.eldigitaldeasturias.com\/noticias#listItem","name":"Home"}},{"@type":"ListItem","@id":"https:\/\/www.eldigitaldeasturias.com\/noticias\/la-seguridad-social-otorgara-nuevas-bonificaciones-para-trabajadoras-autonomas\/#listItem","position":3,"name":"La Seguridad Social otorgar\u00e1 nuevas bonificaciones para trabajadoras aut\u00f3nomas","previousItem":{"@type":"ListItem","@id":"https:\/\/www.eldigitaldeasturias.com\/noticias\/category\/economia\/#listItem","name":"Econom\u00eda"}}]},{"@type":"Organization","@id":"https:\/\/www.eldigitaldeasturias.com\/noticias\/#organization","name":"El Digital de Asturias","description":"Hemeroteca","url":"https:\/\/www.eldigitaldeasturias.com\/noticias\/","email":"info@eldigitaldeasturias.com","telephone":"+34652131393","logo":{"@type":"ImageObject","url":"https:\/\/www.eldigitaldeasturias.com\/noticias\/wp-content\/uploads\/2020\/12\/EDA.jpg","@id":"https:\/\/www.eldigitaldeasturias.com\/noticias\/la-seguridad-social-otorgara-nuevas-bonificaciones-para-trabajadoras-autonomas\/#organizationLogo","width":649,"height":297},"image":{"@id":"https:\/\/www.eldigitaldeasturias.com\/noticias\/la-seguridad-social-otorgara-nuevas-bonificaciones-para-trabajadoras-autonomas\/#organizationLogo"},"sameAs":["https:\/\/facebook.com\/eldigitaldeasturias","https:\/\/www.youtube.com\/channel\/UCZP-2wLEB9Rv6erhFmqVnvg"],"address":{"@id":"https:\/\/www.eldigitaldeasturias.com\/noticias\/#postaladdress","@type":"PostalAddress","streetAddress":"san antonio 4,","postalCode":"33430","addressLocality":"Cand\u00e1s","addressRegion":"Asturias","addressCountry":"ES"}},{"@type":"Person","@id":"https:\/\/www.eldigitaldeasturias.com\/noticias\/author\/admin\/#author","url":"https:\/\/www.eldigitaldeasturias.com\/noticias\/author\/admin\/","name":"El Digital de Asturias","image":{"@type":"ImageObject","@id":"https:\/\/www.eldigitaldeasturias.com\/noticias\/la-seguridad-social-otorgara-nuevas-bonificaciones-para-trabajadoras-autonomas\/#authorImage","url":"https:\/\/www.eldigitaldeasturias.com\/noticias\/wp-content\/litespeed\/avatar\/18677e78aa0546b92d9dbf31ec7d7668.jpg?ver=1777290358","width":96,"height":96,"caption":"El Digital de Asturias"}},{"@type":"WebPage","@id":"https:\/\/www.eldigitaldeasturias.com\/noticias\/la-seguridad-social-otorgara-nuevas-bonificaciones-para-trabajadoras-autonomas\/#webpage","url":"https:\/\/www.eldigitaldeasturias.com\/noticias\/la-seguridad-social-otorgara-nuevas-bonificaciones-para-trabajadoras-autonomas\/","name":"La Seguridad Social otorgar\u00e1 nuevas bonificaciones para trabajadoras aut\u00f3nomas - El Digital de Asturias","description":"Seg\u00fan un comunicado de prensa difundido en el sitio web de la Moncloa, la Direcci\u00f3n General de Ordenaci\u00f3n de la Seguridad Social ha emitido un nuevo criterio para que las trabajadoras aut\u00f3nomas que regresen del descanso por maternidad puedan acogerse a una bonificaci\u00f3n en sus cuotas por contingencias comunes y profesionales, aunque no se hayan","inLanguage":"es-ES","isPartOf":{"@id":"https:\/\/www.eldigitaldeasturias.com\/noticias\/#website"},"breadcrumb":{"@id":"https:\/\/www.eldigitaldeasturias.com\/noticias\/la-seguridad-social-otorgara-nuevas-bonificaciones-para-trabajadoras-autonomas\/#breadcrumblist"},"author":{"@id":"https:\/\/www.eldigitaldeasturias.com\/noticias\/author\/admin\/#author"},"creator":{"@id":"https:\/\/www.eldigitaldeasturias.com\/noticias\/author\/admin\/#author"},"image":{"@type":"ImageObject","url":"https:\/\/www.eldigitaldeasturias.com\/noticias\/wp-content\/uploads\/2019\/03\/autonomo.jpg","@id":"https:\/\/www.eldigitaldeasturias.com\/noticias\/la-seguridad-social-otorgara-nuevas-bonificaciones-para-trabajadoras-autonomas\/#mainImage","width":430,"height":287},"primaryImageOfPage":{"@id":"https:\/\/www.eldigitaldeasturias.com\/noticias\/la-seguridad-social-otorgara-nuevas-bonificaciones-para-trabajadoras-autonomas\/#mainImage"},"datePublished":"2019-03-23T19:39:17+01:00","dateModified":"2019-03-23T19:39:17+01:00"},{"@type":"WebSite","@id":"https:\/\/www.eldigitaldeasturias.com\/noticias\/#website","url":"https:\/\/www.eldigitaldeasturias.com\/noticias\/","name":"El Digital de Asturias - Diario de actualidad y noticias","alternateName":"El Digital de Asturias - Diario de actualidad y noticias","description":"Hemeroteca","inLanguage":"es-ES","publisher":{"@id":"https:\/\/www.eldigitaldeasturias.com\/noticias\/#organization"}}]},"og:locale":"es_ES","og:site_name":"El Digital de Asturias","og:type":"article","og:title":"La Seguridad Social otorgar\u00e1 nuevas bonificaciones para trabajadoras aut\u00f3nomas - El Digital de Asturias","og:description":"Seg\u00fan un comunicado de prensa difundido en el sitio web de la Moncloa, la Direcci\u00f3n General de Ordenaci\u00f3n de la Seguridad Social ha emitido un nuevo criterio para que las trabajadoras aut\u00f3nomas que regresen del descanso por maternidad puedan acogerse a una bonificaci\u00f3n en sus cuotas por contingencias comunes y profesionales, aunque no se hayan","og:url":"https:\/\/www.eldigitaldeasturias.com\/noticias\/la-seguridad-social-otorgara-nuevas-bonificaciones-para-trabajadoras-autonomas\/","og:image":"https:\/\/www.eldigitaldeasturias.com\/noticias\/wp-content\/uploads\/2019\/03\/autonomo.jpg","og:image:secure_url":"https:\/\/www.eldigitaldeasturias.com\/noticias\/wp-content\/uploads\/2019\/03\/autonomo.jpg","og:image:width":430,"og:image:height":287,"article:tag":["econom\u00eda"],"article:published_time":"2019-03-23T19:39:17+00:00","article:modified_time":"2019-03-23T19:39:17+00:00","article:publisher":"https:\/\/facebook.com\/eldigitaldeasturias","twitter:card":"summary_large_image","twitter:title":"La Seguridad Social otorgar\u00e1 nuevas bonificaciones para trabajadoras aut\u00f3nomas - El Digital de Asturias","twitter:description":"Seg\u00fan un comunicado de prensa difundido en el sitio web de la Moncloa, la Direcci\u00f3n General de Ordenaci\u00f3n de la Seguridad Social ha emitido un nuevo criterio para que las trabajadoras aut\u00f3nomas que regresen del descanso por maternidad puedan acogerse a una bonificaci\u00f3n en sus cuotas por contingencias comunes y profesionales, aunque no se hayan","twitter:image":"https:\/\/www.eldigitaldeasturias.com\/noticias\/wp-content\/uploads\/2019\/03\/autonomo.jpg","twitter:label1":"Escrito por","twitter:data1":"El Digital de Asturias","twitter:label2":"Tiempo de lectura estimado","twitter:data2":"2 minutos"},"aioseo_meta_data":{"post_id":"1021413","title":null,"description":null,"keywords":null,"keyphrases":null,"primary_term":null,"canonical_url":null,"og_title":null,"og_description":null,"og_object_type":"default","og_image_type":"default","og_image_url":null,"og_image_width":null,"og_image_height":null,"og_image_custom_url":null,"og_image_custom_fields":null,"og_video":null,"og_custom_url":null,"og_article_section":null,"og_article_tags":null,"twitter_use_og":false,"twitter_card":"default","twitter_image_type":"default","twitter_image_url":null,"twitter_image_custom_url":null,"twitter_image_custom_fields":null,"twitter_title":null,"twitter_description":null,"schema":{"blockGraphs":[],"customGraphs":[],"default":{"data":{"Article":[],"Course":[],"Dataset":[],"FAQPage":[],"Movie":[],"Person":[],"Product":[],"ProductReview":[],"Car":[],"Recipe":[],"Service":[],"SoftwareApplication":[],"WebPage":[]},"graphName":"","isEnabled":true},"graphs":[],"defaultGraph":"","defaultPostTypeGraph":""},"schema_type":null,"schema_type_options":null,"pillar_content":false,"robots_default":true,"robots_noindex":false,"robots_noarchive":false,"robots_nosnippet":false,"robots_nofollow":false,"robots_noimageindex":false,"robots_noodp":false,"robots_notranslate":false,"robots_max_snippet":null,"robots_max_videopreview":null,"robots_max_imagepreview":"large","priority":null,"frequency":null,"local_seo":null,"seo_analyzer_scan_date":"2025-10-17 04:07:09","breadcrumb_settings":null,"limit_modified_date":false,"open_ai":null,"ai":null,"created":"2020-12-21 11:16:12","updated":"2025-10-17 04:07:09"},"aioseo_breadcrumb":"<div class=\"aioseo-breadcrumbs\"><span class=\"aioseo-breadcrumb\">\n\t<a href=\"https:\/\/www.eldigitaldeasturias.com\/noticias\" title=\"Home\">Home<\/a>\n<\/span><span class=\"aioseo-breadcrumb-separator\">\u2013<\/span><span class=\"aioseo-breadcrumb\">\n\t<a href=\"https:\/\/www.eldigitaldeasturias.com\/noticias\/category\/economia\/\" title=\"Econom\u00eda\">Econom\u00eda<\/a>\n<\/span><span class=\"aioseo-breadcrumb-separator\">\u2013<\/span><span class=\"aioseo-breadcrumb\">\n\t<a href=\"https:\/\/www.eldigitaldeasturias.com\/noticias\/la-seguridad-social-otorgara-nuevas-bonificaciones-para-trabajadoras-autonomas\/\" title=\"La Seguridad Social otorgar\u00e1 nuevas bonificaciones para trabajadoras aut\u00f3nomas\">La Seguridad Social otorgar\u00e1 nuevas bonificaciones para trabajadoras aut\u00f3nomas<\/a>\n<\/span><\/div>","aioseo_breadcrumb_json":[{"label":"Home","link":"https:\/\/www.eldigitaldeasturias.com\/noticias"},{"label":"Econom\u00eda","link":"https:\/\/www.eldigitaldeasturias.com\/noticias\/category\/economia\/"},{"label":"La Seguridad Social otorgar\u00e1 nuevas bonificaciones para trabajadoras aut\u00f3nomas","link":"https:\/\/www.eldigitaldeasturias.com\/noticias\/la-seguridad-social-otorgara-nuevas-bonificaciones-para-trabajadoras-autonomas\/"}],"_links":{"self":[{"href":"https:\/\/www.eldigitaldeasturias.com\/noticias\/wp-json\/wp\/v2\/posts\/1021413","targetHints":{"allow":["GET"]}}],"collection":[{"href":"https:\/\/www.eldigitaldeasturias.com\/noticias\/wp-json\/wp\/v2\/posts"}],"about":[{"href":"https:\/\/www.eldigitaldeasturias.com\/noticias\/wp-json\/wp\/v2\/types\/post"}],"author":[{"embeddable":true,"href":"https:\/\/www.eldigitaldeasturias.com\/noticias\/wp-json\/wp\/v2\/users\/1"}],"replies":[{"embeddable":true,"href":"https:\/\/www.eldigitaldeasturias.com\/noticias\/wp-json\/wp\/v2\/comments?post=1021413"}],"version-history":[{"count":0,"href":"https:\/\/www.eldigitaldeasturias.com\/noticias\/wp-json\/wp\/v2\/posts\/1021413\/revisions"}],"wp:featuredmedia":[{"embeddable":true,"href":"https:\/\/www.eldigitaldeasturias.com\/noticias\/wp-json\/wp\/v2\/media\/1021414"}],"wp:attachment":[{"href":"https:\/\/www.eldigitaldeasturias.com\/noticias\/wp-json\/wp\/v2\/media?parent=1021413"}],"wp:term":[{"taxonomy":"category","embeddable":true,"href":"https:\/\/www.eldigitaldeasturias.com\/noticias\/wp-json\/wp\/v2\/categories?post=1021413"},{"taxonomy":"post_tag","embeddable":true,"href":"https:\/\/www.eldigitaldeasturias.com\/noticias\/wp-json\/wp\/v2\/tags?post=1021413"}],"curies":[{"name":"wp","href":"https:\/\/api.w.org\/{rel}","templated":true}]}}