{"id":1021392,"date":"2019-03-23T13:49:36","date_gmt":"2019-03-23T13:49:36","guid":{"rendered":"https:\/\/www.eldigitaldeasturias.com\/noticias\/?p=1021392"},"modified":"2019-03-23T13:49:36","modified_gmt":"2019-03-23T13:49:36","slug":"la-seguridad-social-concluye-su-colaboracion-voluntaria-en-la-gestion-de-las-bajas-laborales","status":"publish","type":"post","link":"https:\/\/www.eldigitaldeasturias.com\/noticias\/la-seguridad-social-concluye-su-colaboracion-voluntaria-en-la-gestion-de-las-bajas-laborales\/","title":{"rendered":"La Seguridad Social concluye su colaboraci\u00f3n voluntaria en la gesti\u00f3n de las bajas laborales"},"content":{"rendered":"<p><img loading=\"lazy\" decoding=\"async\" class=\"alignleft size-medium wp-image-1021393\" src=\"https:\/\/www.eldigitaldeasturias.com\/noticias\/wp-content\/uploads\/2019\/03\/sede-trabajo-360x239.jpg\" alt=\"\" width=\"360\" height=\"239\" srcset=\"https:\/\/www.eldigitaldeasturias.com\/noticias\/wp-content\/uploads\/2019\/03\/sede-trabajo-360x239.jpg 360w, https:\/\/www.eldigitaldeasturias.com\/noticias\/wp-content\/uploads\/2019\/03\/sede-trabajo.jpg 512w\" sizes=\"auto, (max-width: 360px) 100vw, 360px\" \/>De acuerdo con un comunicado de prensa difundido en el portal web de la Moncloa, la Direcci\u00f3n General de Ordenaci\u00f3n de la Seguridad Social (DGOSS), organismo dependiente del Ministerio de Trabajo, ha dictado una resoluci\u00f3n que recoge y se\u00f1ala el procedimiento por el que finaliza la colaboraci\u00f3n voluntaria de las empresas en la gesti\u00f3n de la Seguridad Social, tal como indicaba el Real Decreto-ley 28\/2018 aprobado el pasado mes de diciembre.<\/p>\n<p>El comunicado completo expone la siguiente informaci\u00f3n:<\/p>\n<p>\u201cDe acuerdo con el RD, a partir del 31 de marzo de este a\u00f1o termina la colaboraci\u00f3n voluntaria de las empresas en la gesti\u00f3n de las prestaciones econ\u00f3micas por Incapacidad Temporal (IT) derivada de contingencias comunes (enfermedad com\u00fan y accidente no laboral). La norma establec\u00eda un periodo transitorio para que las empresas liquiden esta modalidad y regularicen el pago de las cotizaciones a la Seguridad Social.<\/p>\n<p>La colaboraci\u00f3n voluntaria en la gesti\u00f3n consiste en que las empresas asuman las prestaciones econ\u00f3micas de las bajas laborales derivadas de enfermedad com\u00fan y accidente no laboral de sus trabajadores. Posteriormente, este abono se descuenta de la liquidaci\u00f3n mensual de las cotizaciones que la compa\u00f1\u00eda paga a la Seguridad Social.<\/p>\n<p>Periodo transitorio y procedimiento de liquidaci\u00f3n<\/p>\n<p>En la Resoluci\u00f3n dictada por la DGOSS se fijan la forma y plazos en que se llevar\u00e1 la liquidaci\u00f3n de las operaciones relativas a la colaboraci\u00f3n y de la responsabilidad del pago de las prestaciones de los procesos de baja que se hayan iniciado con anterioridad al cese de la colaboraci\u00f3n y contin\u00faen despu\u00e9s del mismo.<\/p>\n<p>Durante un periodo transitorio de tres meses, las empresas afectadas deber\u00e1n efectuar la liquidaci\u00f3n de las operaciones ligadas a la colaboraci\u00f3n. Para ello deber\u00e1n remitir a la Seguridad Social el balance econ\u00f3mico del ejercicio 2018, detallando la reserva de estabilizaci\u00f3n acumulada y los excedentes generados, as\u00ed como la cuenta de los ingresos por cotizaciones y de los gastos por la prestaci\u00f3n econ\u00f3mica por las bajas correspondiente al primer trimestre de 2019.<\/p>\n<p>En este sentido, la Seguridad Social establece que, si el resultado arroja un saldo positivo, es decir, el importe de los subsidios que ha abonado por la IT es superior a sus obligaciones de cotizaci\u00f3n, podr\u00e1n constituir una provisi\u00f3n de fondos para hacer frente al pago de las prestaciones hasta que finalicen tras el cese de la colaboraci\u00f3n.<\/p>\n<p>De esta forma, se evitan los posibles efectos negativos de esta obligaci\u00f3n legal de cese en las empresas, dado que la ley establece que ser\u00e1 la empresa quien abone el subsidio hasta su extinci\u00f3n a las personas que est\u00e9n de baja por enfermedad com\u00fan o accidente no laboral. En este caso, no se descontar\u00e1 de la liquidaci\u00f3n de las cotizaciones a la Seguridad Social.<\/p>\n<p>La eliminaci\u00f3n de la colaboraci\u00f3n voluntaria responde a una recomendaci\u00f3n del Tribunal de Cuentas tras evaluar varios informes sobre los resultados de esta colaboraci\u00f3n.<\/p>\n<p>Recomendaci\u00f3n del Tribunal de Cuentas<\/p>\n<p>El Tribunal de Cuentas, tras evaluar dos informes aprobados en marzo de 2014 y marzo de 2018, formul\u00f3 a la Seguridad Social la recomendaci\u00f3n de derogar esta modalidad de colaboraci\u00f3n voluntaria en la gesti\u00f3n, al detectar m\u00faltiples problemas e ineficiencias en la gesti\u00f3n de la prestaci\u00f3n econ\u00f3mica de Incapacidad Temporal por contingencias comunes.<\/p>\n<p>En los informes se aprecia la falta de correspondencia entre el importe de las prestaciones abonadas por IT y el correspondiente a las cotizaciones. Se detecta una sobrevaloraci\u00f3n del gasto imputado durante 2015 en torno a los 11,5 millones de euros.<\/p>\n<p>Asimismo, el an\u00e1lisis arroja incumplimientos en la informaci\u00f3n que deben remitir a la Seguridad Social, as\u00ed como otras irregularidades. El \u00faltimo informe del Tribunal est\u00e1 referido al ejercicio 2015 y se\u00f1ala que de las 240 empresas que colaboraron voluntariamente en la gesti\u00f3n, cesaron solo 22\u201d, concluye el comunicado de prensa de la Moncloa.<\/p>\n","protected":false},"excerpt":{"rendered":"<p>De acuerdo con un comunicado de prensa difundido en el portal web de la Moncloa, la Direcci\u00f3n General de Ordenaci\u00f3n de la Seguridad Social (DGOSS), organismo dependiente del Ministerio de Trabajo, ha dictado una resoluci\u00f3n que recoge y se\u00f1ala el procedimiento por el que finaliza la colaboraci\u00f3n voluntaria de las empresas en la gesti\u00f3n de [&hellip;]<\/p>\n","protected":false},"author":1,"featured_media":1021393,"comment_status":"closed","ping_status":"closed","sticky":false,"template":"","format":"standard","meta":{"footnotes":""},"categories":[187],"tags":[],"class_list":["post-1021392","post","type-post","status-publish","format-standard","has-post-thumbnail","hentry","category-economia"],"aioseo_notices":[],"aioseo_head":"\n\t\t<!-- All in One SEO Pro 4.9.6.2 - aioseo.com -->\n\t<meta name=\"description\" content=\"De acuerdo con un comunicado de prensa difundido en el portal web de la Moncloa, la Direcci\u00f3n General de Ordenaci\u00f3n de la Seguridad Social (DGOSS), organismo dependiente del Ministerio de Trabajo, ha dictado una resoluci\u00f3n que recoge y se\u00f1ala el procedimiento por el que finaliza la colaboraci\u00f3n voluntaria de las empresas en la gesti\u00f3n de\" \/>\n\t<meta name=\"robots\" content=\"max-image-preview:large\" \/>\n\t<meta name=\"author\" content=\"El Digital de Asturias\"\/>\n\t<meta name=\"google-site-verification\" content=\"UA-38556648-1\" \/>\n\t<meta name=\"msvalidate.01\" content=\"7dfe9f3f1b24437ab69f4f2559babe99\" \/>\n\t<meta name=\"keywords\" content=\"econom\u00eda\" \/>\n\t<link rel=\"canonical\" href=\"https:\/\/www.eldigitaldeasturias.com\/noticias\/la-seguridad-social-concluye-su-colaboracion-voluntaria-en-la-gestion-de-las-bajas-laborales\/\" \/>\n\t<meta name=\"generator\" content=\"All in One SEO Pro (AIOSEO) 4.9.6.2\" \/>\n\t\t<meta property=\"og:locale\" content=\"es_ES\" \/>\n\t\t<meta property=\"og:site_name\" content=\"El Digital de Asturias\" \/>\n\t\t<meta property=\"og:type\" content=\"article\" \/>\n\t\t<meta property=\"og:title\" content=\"La Seguridad Social concluye su colaboraci\u00f3n voluntaria en la gesti\u00f3n de las bajas laborales - El Digital de Asturias\" \/>\n\t\t<meta property=\"og:description\" content=\"De acuerdo con un comunicado de prensa difundido en el portal web de la Moncloa, la Direcci\u00f3n General de Ordenaci\u00f3n de la Seguridad Social (DGOSS), organismo dependiente del Ministerio de Trabajo, ha dictado una resoluci\u00f3n que recoge y se\u00f1ala el procedimiento por el que finaliza la colaboraci\u00f3n voluntaria de las empresas en la gesti\u00f3n de\" \/>\n\t\t<meta property=\"og:url\" content=\"https:\/\/www.eldigitaldeasturias.com\/noticias\/la-seguridad-social-concluye-su-colaboracion-voluntaria-en-la-gestion-de-las-bajas-laborales\/\" \/>\n\t\t<meta property=\"og:image\" content=\"https:\/\/www.eldigitaldeasturias.com\/noticias\/wp-content\/uploads\/2019\/03\/sede-trabajo.jpg\" \/>\n\t\t<meta property=\"og:image:secure_url\" content=\"https:\/\/www.eldigitaldeasturias.com\/noticias\/wp-content\/uploads\/2019\/03\/sede-trabajo.jpg\" \/>\n\t\t<meta property=\"og:image:width\" content=\"512\" \/>\n\t\t<meta property=\"og:image:height\" content=\"340\" \/>\n\t\t<meta property=\"article:tag\" content=\"econom\u00eda\" \/>\n\t\t<meta property=\"article:published_time\" content=\"2019-03-23T13:49:36+00:00\" \/>\n\t\t<meta property=\"article:modified_time\" content=\"2019-03-23T13:49:36+00:00\" \/>\n\t\t<meta property=\"article:publisher\" content=\"https:\/\/facebook.com\/eldigitaldeasturias\" \/>\n\t\t<meta name=\"twitter:card\" content=\"summary_large_image\" \/>\n\t\t<meta name=\"twitter:title\" content=\"La Seguridad Social concluye su colaboraci\u00f3n voluntaria en la gesti\u00f3n de las bajas laborales - El Digital de Asturias\" \/>\n\t\t<meta name=\"twitter:description\" content=\"De acuerdo con un comunicado de prensa difundido en el portal web de la Moncloa, la Direcci\u00f3n General de Ordenaci\u00f3n de la Seguridad Social (DGOSS), organismo dependiente del Ministerio de Trabajo, ha dictado una resoluci\u00f3n que recoge y se\u00f1ala el procedimiento por el que finaliza la colaboraci\u00f3n voluntaria de las empresas en la gesti\u00f3n de\" \/>\n\t\t<meta name=\"twitter:image\" content=\"https:\/\/www.eldigitaldeasturias.com\/noticias\/wp-content\/uploads\/2019\/03\/sede-trabajo.jpg\" \/>\n\t\t<meta name=\"twitter:label1\" content=\"Escrito por\" \/>\n\t\t<meta name=\"twitter:data1\" content=\"El Digital de Asturias\" \/>\n\t\t<meta name=\"twitter:label2\" content=\"Tiempo de lectura estimado\" \/>\n\t\t<meta name=\"twitter:data2\" content=\"3 minutos\" \/>\n\t\t<script type=\"application\/ld+json\" class=\"aioseo-schema\">\n\t\t\t{\"@context\":\"https:\\\/\\\/schema.org\",\"@graph\":[{\"@type\":\"BlogPosting\",\"@id\":\"https:\\\/\\\/www.eldigitaldeasturias.com\\\/noticias\\\/la-seguridad-social-concluye-su-colaboracion-voluntaria-en-la-gestion-de-las-bajas-laborales\\\/#blogposting\",\"name\":\"La Seguridad Social concluye su colaboraci\\u00f3n voluntaria en la gesti\\u00f3n de las bajas laborales - El Digital de Asturias\",\"headline\":\"La Seguridad Social concluye su colaboraci\\u00f3n voluntaria en la gesti\\u00f3n de las bajas laborales\",\"author\":{\"@id\":\"https:\\\/\\\/www.eldigitaldeasturias.com\\\/noticias\\\/author\\\/admin\\\/#author\"},\"publisher\":{\"@id\":\"https:\\\/\\\/www.eldigitaldeasturias.com\\\/noticias\\\/#organization\"},\"image\":{\"@type\":\"ImageObject\",\"url\":\"https:\\\/\\\/www.eldigitaldeasturias.com\\\/noticias\\\/wp-content\\\/uploads\\\/2019\\\/03\\\/sede-trabajo.jpg\",\"width\":512,\"height\":340},\"datePublished\":\"2019-03-23T13:49:36+01:00\",\"dateModified\":\"2019-03-23T13:49:36+01:00\",\"inLanguage\":\"es-ES\",\"mainEntityOfPage\":{\"@id\":\"https:\\\/\\\/www.eldigitaldeasturias.com\\\/noticias\\\/la-seguridad-social-concluye-su-colaboracion-voluntaria-en-la-gestion-de-las-bajas-laborales\\\/#webpage\"},\"isPartOf\":{\"@id\":\"https:\\\/\\\/www.eldigitaldeasturias.com\\\/noticias\\\/la-seguridad-social-concluye-su-colaboracion-voluntaria-en-la-gestion-de-las-bajas-laborales\\\/#webpage\"},\"articleSection\":\"Econom\\u00eda\"},{\"@type\":\"BreadcrumbList\",\"@id\":\"https:\\\/\\\/www.eldigitaldeasturias.com\\\/noticias\\\/la-seguridad-social-concluye-su-colaboracion-voluntaria-en-la-gestion-de-las-bajas-laborales\\\/#breadcrumblist\",\"itemListElement\":[{\"@type\":\"ListItem\",\"@id\":\"https:\\\/\\\/www.eldigitaldeasturias.com\\\/noticias#listItem\",\"position\":1,\"name\":\"Home\",\"item\":\"https:\\\/\\\/www.eldigitaldeasturias.com\\\/noticias\",\"nextItem\":{\"@type\":\"ListItem\",\"@id\":\"https:\\\/\\\/www.eldigitaldeasturias.com\\\/noticias\\\/category\\\/economia\\\/#listItem\",\"name\":\"Econom\\u00eda\"}},{\"@type\":\"ListItem\",\"@id\":\"https:\\\/\\\/www.eldigitaldeasturias.com\\\/noticias\\\/category\\\/economia\\\/#listItem\",\"position\":2,\"name\":\"Econom\\u00eda\",\"item\":\"https:\\\/\\\/www.eldigitaldeasturias.com\\\/noticias\\\/category\\\/economia\\\/\",\"nextItem\":{\"@type\":\"ListItem\",\"@id\":\"https:\\\/\\\/www.eldigitaldeasturias.com\\\/noticias\\\/la-seguridad-social-concluye-su-colaboracion-voluntaria-en-la-gestion-de-las-bajas-laborales\\\/#listItem\",\"name\":\"La Seguridad Social concluye su colaboraci\\u00f3n voluntaria en la gesti\\u00f3n de las bajas laborales\"},\"previousItem\":{\"@type\":\"ListItem\",\"@id\":\"https:\\\/\\\/www.eldigitaldeasturias.com\\\/noticias#listItem\",\"name\":\"Home\"}},{\"@type\":\"ListItem\",\"@id\":\"https:\\\/\\\/www.eldigitaldeasturias.com\\\/noticias\\\/la-seguridad-social-concluye-su-colaboracion-voluntaria-en-la-gestion-de-las-bajas-laborales\\\/#listItem\",\"position\":3,\"name\":\"La Seguridad Social concluye su colaboraci\\u00f3n voluntaria en la gesti\\u00f3n de las bajas laborales\",\"previousItem\":{\"@type\":\"ListItem\",\"@id\":\"https:\\\/\\\/www.eldigitaldeasturias.com\\\/noticias\\\/category\\\/economia\\\/#listItem\",\"name\":\"Econom\\u00eda\"}}]},{\"@type\":\"Organization\",\"@id\":\"https:\\\/\\\/www.eldigitaldeasturias.com\\\/noticias\\\/#organization\",\"name\":\"El Digital de Asturias\",\"description\":\"Hemeroteca\",\"url\":\"https:\\\/\\\/www.eldigitaldeasturias.com\\\/noticias\\\/\",\"email\":\"info@eldigitaldeasturias.com\",\"telephone\":\"+34652131393\",\"logo\":{\"@type\":\"ImageObject\",\"url\":\"https:\\\/\\\/www.eldigitaldeasturias.com\\\/noticias\\\/wp-content\\\/uploads\\\/2020\\\/12\\\/EDA.jpg\",\"@id\":\"https:\\\/\\\/www.eldigitaldeasturias.com\\\/noticias\\\/la-seguridad-social-concluye-su-colaboracion-voluntaria-en-la-gestion-de-las-bajas-laborales\\\/#organizationLogo\",\"width\":649,\"height\":297},\"image\":{\"@id\":\"https:\\\/\\\/www.eldigitaldeasturias.com\\\/noticias\\\/la-seguridad-social-concluye-su-colaboracion-voluntaria-en-la-gestion-de-las-bajas-laborales\\\/#organizationLogo\"},\"sameAs\":[\"https:\\\/\\\/facebook.com\\\/eldigitaldeasturias\",\"https:\\\/\\\/www.youtube.com\\\/channel\\\/UCZP-2wLEB9Rv6erhFmqVnvg\"],\"address\":{\"@id\":\"https:\\\/\\\/www.eldigitaldeasturias.com\\\/noticias\\\/#postaladdress\",\"@type\":\"PostalAddress\",\"streetAddress\":\"san antonio 4,\",\"postalCode\":\"33430\",\"addressLocality\":\"Cand\\u00e1s\",\"addressRegion\":\"Asturias\",\"addressCountry\":\"ES\"}},{\"@type\":\"Person\",\"@id\":\"https:\\\/\\\/www.eldigitaldeasturias.com\\\/noticias\\\/author\\\/admin\\\/#author\",\"url\":\"https:\\\/\\\/www.eldigitaldeasturias.com\\\/noticias\\\/author\\\/admin\\\/\",\"name\":\"El Digital de Asturias\",\"image\":{\"@type\":\"ImageObject\",\"@id\":\"https:\\\/\\\/www.eldigitaldeasturias.com\\\/noticias\\\/la-seguridad-social-concluye-su-colaboracion-voluntaria-en-la-gestion-de-las-bajas-laborales\\\/#authorImage\",\"url\":\"https:\\\/\\\/www.eldigitaldeasturias.com\\\/noticias\\\/wp-content\\\/litespeed\\\/avatar\\\/18677e78aa0546b92d9dbf31ec7d7668.jpg?ver=1777290358\",\"width\":96,\"height\":96,\"caption\":\"El Digital de Asturias\"}},{\"@type\":\"WebPage\",\"@id\":\"https:\\\/\\\/www.eldigitaldeasturias.com\\\/noticias\\\/la-seguridad-social-concluye-su-colaboracion-voluntaria-en-la-gestion-de-las-bajas-laborales\\\/#webpage\",\"url\":\"https:\\\/\\\/www.eldigitaldeasturias.com\\\/noticias\\\/la-seguridad-social-concluye-su-colaboracion-voluntaria-en-la-gestion-de-las-bajas-laborales\\\/\",\"name\":\"La Seguridad Social concluye su colaboraci\\u00f3n voluntaria en la gesti\\u00f3n de las bajas laborales - El Digital de Asturias\",\"description\":\"De acuerdo con un comunicado de prensa difundido en el portal web de la Moncloa, la Direcci\\u00f3n General de Ordenaci\\u00f3n de la Seguridad Social (DGOSS), organismo dependiente del Ministerio de Trabajo, ha dictado una resoluci\\u00f3n que recoge y se\\u00f1ala el procedimiento por el que finaliza la colaboraci\\u00f3n voluntaria de las empresas en la gesti\\u00f3n de\",\"inLanguage\":\"es-ES\",\"isPartOf\":{\"@id\":\"https:\\\/\\\/www.eldigitaldeasturias.com\\\/noticias\\\/#website\"},\"breadcrumb\":{\"@id\":\"https:\\\/\\\/www.eldigitaldeasturias.com\\\/noticias\\\/la-seguridad-social-concluye-su-colaboracion-voluntaria-en-la-gestion-de-las-bajas-laborales\\\/#breadcrumblist\"},\"author\":{\"@id\":\"https:\\\/\\\/www.eldigitaldeasturias.com\\\/noticias\\\/author\\\/admin\\\/#author\"},\"creator\":{\"@id\":\"https:\\\/\\\/www.eldigitaldeasturias.com\\\/noticias\\\/author\\\/admin\\\/#author\"},\"image\":{\"@type\":\"ImageObject\",\"url\":\"https:\\\/\\\/www.eldigitaldeasturias.com\\\/noticias\\\/wp-content\\\/uploads\\\/2019\\\/03\\\/sede-trabajo.jpg\",\"@id\":\"https:\\\/\\\/www.eldigitaldeasturias.com\\\/noticias\\\/la-seguridad-social-concluye-su-colaboracion-voluntaria-en-la-gestion-de-las-bajas-laborales\\\/#mainImage\",\"width\":512,\"height\":340},\"primaryImageOfPage\":{\"@id\":\"https:\\\/\\\/www.eldigitaldeasturias.com\\\/noticias\\\/la-seguridad-social-concluye-su-colaboracion-voluntaria-en-la-gestion-de-las-bajas-laborales\\\/#mainImage\"},\"datePublished\":\"2019-03-23T13:49:36+01:00\",\"dateModified\":\"2019-03-23T13:49:36+01:00\"},{\"@type\":\"WebSite\",\"@id\":\"https:\\\/\\\/www.eldigitaldeasturias.com\\\/noticias\\\/#website\",\"url\":\"https:\\\/\\\/www.eldigitaldeasturias.com\\\/noticias\\\/\",\"name\":\"El Digital de Asturias - Diario de actualidad y noticias\",\"alternateName\":\"El Digital de Asturias - Diario de actualidad y noticias\",\"description\":\"Hemeroteca\",\"inLanguage\":\"es-ES\",\"publisher\":{\"@id\":\"https:\\\/\\\/www.eldigitaldeasturias.com\\\/noticias\\\/#organization\"}}]}\n\t\t<\/script>\n\t\t<!-- All in One SEO Pro -->\r\n\t\t<title>La Seguridad Social concluye su colaboraci\u00f3n voluntaria en la gesti\u00f3n de las bajas laborales - El Digital de Asturias<\/title>\n\n","aioseo_head_json":{"title":"La Seguridad Social concluye su colaboraci\u00f3n voluntaria en la gesti\u00f3n de las bajas laborales - El Digital de Asturias","description":"De acuerdo con un comunicado de prensa difundido en el portal web de la Moncloa, la Direcci\u00f3n General de Ordenaci\u00f3n de la Seguridad Social (DGOSS), organismo dependiente del Ministerio de Trabajo, ha dictado una resoluci\u00f3n que recoge y se\u00f1ala el procedimiento por el que finaliza la colaboraci\u00f3n voluntaria de las empresas en la gesti\u00f3n de","canonical_url":"https:\/\/www.eldigitaldeasturias.com\/noticias\/la-seguridad-social-concluye-su-colaboracion-voluntaria-en-la-gestion-de-las-bajas-laborales\/","robots":"max-image-preview:large","keywords":"econom\u00eda","webmasterTools":{"google-site-verification":"UA-38556648-1","msvalidate.01":"7dfe9f3f1b24437ab69f4f2559babe99","miscellaneous":""},"schema":{"@context":"https:\/\/schema.org","@graph":[{"@type":"BlogPosting","@id":"https:\/\/www.eldigitaldeasturias.com\/noticias\/la-seguridad-social-concluye-su-colaboracion-voluntaria-en-la-gestion-de-las-bajas-laborales\/#blogposting","name":"La Seguridad Social concluye su colaboraci\u00f3n voluntaria en la gesti\u00f3n de las bajas laborales - El Digital de Asturias","headline":"La Seguridad Social concluye su colaboraci\u00f3n voluntaria en la gesti\u00f3n de las bajas laborales","author":{"@id":"https:\/\/www.eldigitaldeasturias.com\/noticias\/author\/admin\/#author"},"publisher":{"@id":"https:\/\/www.eldigitaldeasturias.com\/noticias\/#organization"},"image":{"@type":"ImageObject","url":"https:\/\/www.eldigitaldeasturias.com\/noticias\/wp-content\/uploads\/2019\/03\/sede-trabajo.jpg","width":512,"height":340},"datePublished":"2019-03-23T13:49:36+01:00","dateModified":"2019-03-23T13:49:36+01:00","inLanguage":"es-ES","mainEntityOfPage":{"@id":"https:\/\/www.eldigitaldeasturias.com\/noticias\/la-seguridad-social-concluye-su-colaboracion-voluntaria-en-la-gestion-de-las-bajas-laborales\/#webpage"},"isPartOf":{"@id":"https:\/\/www.eldigitaldeasturias.com\/noticias\/la-seguridad-social-concluye-su-colaboracion-voluntaria-en-la-gestion-de-las-bajas-laborales\/#webpage"},"articleSection":"Econom\u00eda"},{"@type":"BreadcrumbList","@id":"https:\/\/www.eldigitaldeasturias.com\/noticias\/la-seguridad-social-concluye-su-colaboracion-voluntaria-en-la-gestion-de-las-bajas-laborales\/#breadcrumblist","itemListElement":[{"@type":"ListItem","@id":"https:\/\/www.eldigitaldeasturias.com\/noticias#listItem","position":1,"name":"Home","item":"https:\/\/www.eldigitaldeasturias.com\/noticias","nextItem":{"@type":"ListItem","@id":"https:\/\/www.eldigitaldeasturias.com\/noticias\/category\/economia\/#listItem","name":"Econom\u00eda"}},{"@type":"ListItem","@id":"https:\/\/www.eldigitaldeasturias.com\/noticias\/category\/economia\/#listItem","position":2,"name":"Econom\u00eda","item":"https:\/\/www.eldigitaldeasturias.com\/noticias\/category\/economia\/","nextItem":{"@type":"ListItem","@id":"https:\/\/www.eldigitaldeasturias.com\/noticias\/la-seguridad-social-concluye-su-colaboracion-voluntaria-en-la-gestion-de-las-bajas-laborales\/#listItem","name":"La Seguridad Social concluye su colaboraci\u00f3n voluntaria en la gesti\u00f3n de las bajas laborales"},"previousItem":{"@type":"ListItem","@id":"https:\/\/www.eldigitaldeasturias.com\/noticias#listItem","name":"Home"}},{"@type":"ListItem","@id":"https:\/\/www.eldigitaldeasturias.com\/noticias\/la-seguridad-social-concluye-su-colaboracion-voluntaria-en-la-gestion-de-las-bajas-laborales\/#listItem","position":3,"name":"La Seguridad Social concluye su colaboraci\u00f3n voluntaria en la gesti\u00f3n de las bajas laborales","previousItem":{"@type":"ListItem","@id":"https:\/\/www.eldigitaldeasturias.com\/noticias\/category\/economia\/#listItem","name":"Econom\u00eda"}}]},{"@type":"Organization","@id":"https:\/\/www.eldigitaldeasturias.com\/noticias\/#organization","name":"El Digital de Asturias","description":"Hemeroteca","url":"https:\/\/www.eldigitaldeasturias.com\/noticias\/","email":"info@eldigitaldeasturias.com","telephone":"+34652131393","logo":{"@type":"ImageObject","url":"https:\/\/www.eldigitaldeasturias.com\/noticias\/wp-content\/uploads\/2020\/12\/EDA.jpg","@id":"https:\/\/www.eldigitaldeasturias.com\/noticias\/la-seguridad-social-concluye-su-colaboracion-voluntaria-en-la-gestion-de-las-bajas-laborales\/#organizationLogo","width":649,"height":297},"image":{"@id":"https:\/\/www.eldigitaldeasturias.com\/noticias\/la-seguridad-social-concluye-su-colaboracion-voluntaria-en-la-gestion-de-las-bajas-laborales\/#organizationLogo"},"sameAs":["https:\/\/facebook.com\/eldigitaldeasturias","https:\/\/www.youtube.com\/channel\/UCZP-2wLEB9Rv6erhFmqVnvg"],"address":{"@id":"https:\/\/www.eldigitaldeasturias.com\/noticias\/#postaladdress","@type":"PostalAddress","streetAddress":"san antonio 4,","postalCode":"33430","addressLocality":"Cand\u00e1s","addressRegion":"Asturias","addressCountry":"ES"}},{"@type":"Person","@id":"https:\/\/www.eldigitaldeasturias.com\/noticias\/author\/admin\/#author","url":"https:\/\/www.eldigitaldeasturias.com\/noticias\/author\/admin\/","name":"El Digital de Asturias","image":{"@type":"ImageObject","@id":"https:\/\/www.eldigitaldeasturias.com\/noticias\/la-seguridad-social-concluye-su-colaboracion-voluntaria-en-la-gestion-de-las-bajas-laborales\/#authorImage","url":"https:\/\/www.eldigitaldeasturias.com\/noticias\/wp-content\/litespeed\/avatar\/18677e78aa0546b92d9dbf31ec7d7668.jpg?ver=1777290358","width":96,"height":96,"caption":"El Digital de Asturias"}},{"@type":"WebPage","@id":"https:\/\/www.eldigitaldeasturias.com\/noticias\/la-seguridad-social-concluye-su-colaboracion-voluntaria-en-la-gestion-de-las-bajas-laborales\/#webpage","url":"https:\/\/www.eldigitaldeasturias.com\/noticias\/la-seguridad-social-concluye-su-colaboracion-voluntaria-en-la-gestion-de-las-bajas-laborales\/","name":"La Seguridad Social concluye su colaboraci\u00f3n voluntaria en la gesti\u00f3n de las bajas laborales - El Digital de Asturias","description":"De acuerdo con un comunicado de prensa difundido en el portal web de la Moncloa, la Direcci\u00f3n General de Ordenaci\u00f3n de la Seguridad Social (DGOSS), organismo dependiente del Ministerio de Trabajo, ha dictado una resoluci\u00f3n que recoge y se\u00f1ala el procedimiento por el que finaliza la colaboraci\u00f3n voluntaria de las empresas en la gesti\u00f3n de","inLanguage":"es-ES","isPartOf":{"@id":"https:\/\/www.eldigitaldeasturias.com\/noticias\/#website"},"breadcrumb":{"@id":"https:\/\/www.eldigitaldeasturias.com\/noticias\/la-seguridad-social-concluye-su-colaboracion-voluntaria-en-la-gestion-de-las-bajas-laborales\/#breadcrumblist"},"author":{"@id":"https:\/\/www.eldigitaldeasturias.com\/noticias\/author\/admin\/#author"},"creator":{"@id":"https:\/\/www.eldigitaldeasturias.com\/noticias\/author\/admin\/#author"},"image":{"@type":"ImageObject","url":"https:\/\/www.eldigitaldeasturias.com\/noticias\/wp-content\/uploads\/2019\/03\/sede-trabajo.jpg","@id":"https:\/\/www.eldigitaldeasturias.com\/noticias\/la-seguridad-social-concluye-su-colaboracion-voluntaria-en-la-gestion-de-las-bajas-laborales\/#mainImage","width":512,"height":340},"primaryImageOfPage":{"@id":"https:\/\/www.eldigitaldeasturias.com\/noticias\/la-seguridad-social-concluye-su-colaboracion-voluntaria-en-la-gestion-de-las-bajas-laborales\/#mainImage"},"datePublished":"2019-03-23T13:49:36+01:00","dateModified":"2019-03-23T13:49:36+01:00"},{"@type":"WebSite","@id":"https:\/\/www.eldigitaldeasturias.com\/noticias\/#website","url":"https:\/\/www.eldigitaldeasturias.com\/noticias\/","name":"El Digital de Asturias - Diario de actualidad y noticias","alternateName":"El Digital de Asturias - Diario de actualidad y noticias","description":"Hemeroteca","inLanguage":"es-ES","publisher":{"@id":"https:\/\/www.eldigitaldeasturias.com\/noticias\/#organization"}}]},"og:locale":"es_ES","og:site_name":"El Digital de Asturias","og:type":"article","og:title":"La Seguridad Social concluye su colaboraci\u00f3n voluntaria en la gesti\u00f3n de las bajas laborales - El Digital de Asturias","og:description":"De acuerdo con un comunicado de prensa difundido en el portal web de la Moncloa, la Direcci\u00f3n General de Ordenaci\u00f3n de la Seguridad Social (DGOSS), organismo dependiente del Ministerio de Trabajo, ha dictado una resoluci\u00f3n que recoge y se\u00f1ala el procedimiento por el que finaliza la colaboraci\u00f3n voluntaria de las empresas en la gesti\u00f3n de","og:url":"https:\/\/www.eldigitaldeasturias.com\/noticias\/la-seguridad-social-concluye-su-colaboracion-voluntaria-en-la-gestion-de-las-bajas-laborales\/","og:image":"https:\/\/www.eldigitaldeasturias.com\/noticias\/wp-content\/uploads\/2019\/03\/sede-trabajo.jpg","og:image:secure_url":"https:\/\/www.eldigitaldeasturias.com\/noticias\/wp-content\/uploads\/2019\/03\/sede-trabajo.jpg","og:image:width":512,"og:image:height":340,"article:tag":["econom\u00eda"],"article:published_time":"2019-03-23T13:49:36+00:00","article:modified_time":"2019-03-23T13:49:36+00:00","article:publisher":"https:\/\/facebook.com\/eldigitaldeasturias","twitter:card":"summary_large_image","twitter:title":"La Seguridad Social concluye su colaboraci\u00f3n voluntaria en la gesti\u00f3n de las bajas laborales - El Digital de Asturias","twitter:description":"De acuerdo con un comunicado de prensa difundido en el portal web de la Moncloa, la Direcci\u00f3n General de Ordenaci\u00f3n de la Seguridad Social (DGOSS), organismo dependiente del Ministerio de Trabajo, ha dictado una resoluci\u00f3n que recoge y se\u00f1ala el procedimiento por el que finaliza la colaboraci\u00f3n voluntaria de las empresas en la gesti\u00f3n de","twitter:image":"https:\/\/www.eldigitaldeasturias.com\/noticias\/wp-content\/uploads\/2019\/03\/sede-trabajo.jpg","twitter:label1":"Escrito por","twitter:data1":"El Digital de Asturias","twitter:label2":"Tiempo de lectura estimado","twitter:data2":"3 minutos"},"aioseo_meta_data":{"post_id":"1021392","title":null,"description":null,"keywords":null,"keyphrases":null,"primary_term":null,"canonical_url":null,"og_title":null,"og_description":null,"og_object_type":"default","og_image_type":"default","og_image_url":null,"og_image_width":null,"og_image_height":null,"og_image_custom_url":null,"og_image_custom_fields":null,"og_video":null,"og_custom_url":null,"og_article_section":null,"og_article_tags":null,"twitter_use_og":false,"twitter_card":"default","twitter_image_type":"default","twitter_image_url":null,"twitter_image_custom_url":null,"twitter_image_custom_fields":null,"twitter_title":null,"twitter_description":null,"schema":{"blockGraphs":[],"customGraphs":[],"default":{"data":{"Article":[],"Course":[],"Dataset":[],"FAQPage":[],"Movie":[],"Person":[],"Product":[],"ProductReview":[],"Car":[],"Recipe":[],"Service":[],"SoftwareApplication":[],"WebPage":[]},"graphName":"","isEnabled":true},"graphs":[],"defaultGraph":"","defaultPostTypeGraph":""},"schema_type":null,"schema_type_options":null,"pillar_content":false,"robots_default":true,"robots_noindex":false,"robots_noarchive":false,"robots_nosnippet":false,"robots_nofollow":false,"robots_noimageindex":false,"robots_noodp":false,"robots_notranslate":false,"robots_max_snippet":null,"robots_max_videopreview":null,"robots_max_imagepreview":"large","priority":null,"frequency":null,"local_seo":null,"seo_analyzer_scan_date":"2025-10-17 04:01:27","breadcrumb_settings":null,"limit_modified_date":false,"open_ai":null,"ai":null,"created":"2020-12-21 11:16:12","updated":"2025-10-17 04:01:27"},"aioseo_breadcrumb":"<div class=\"aioseo-breadcrumbs\"><span class=\"aioseo-breadcrumb\">\n\t<a href=\"https:\/\/www.eldigitaldeasturias.com\/noticias\" title=\"Home\">Home<\/a>\n<\/span><span class=\"aioseo-breadcrumb-separator\">\u2013<\/span><span class=\"aioseo-breadcrumb\">\n\t<a href=\"https:\/\/www.eldigitaldeasturias.com\/noticias\/category\/economia\/\" title=\"Econom\u00eda\">Econom\u00eda<\/a>\n<\/span><span class=\"aioseo-breadcrumb-separator\">\u2013<\/span><span class=\"aioseo-breadcrumb\">\n\t<a href=\"https:\/\/www.eldigitaldeasturias.com\/noticias\/la-seguridad-social-concluye-su-colaboracion-voluntaria-en-la-gestion-de-las-bajas-laborales\/\" title=\"La Seguridad Social concluye su colaboraci\u00f3n voluntaria en la gesti\u00f3n de las bajas laborales\">La Seguridad Social concluye su colaboraci\u00f3n voluntaria en la gesti\u00f3n de las bajas laborales<\/a>\n<\/span><\/div>","aioseo_breadcrumb_json":[{"label":"Home","link":"https:\/\/www.eldigitaldeasturias.com\/noticias"},{"label":"Econom\u00eda","link":"https:\/\/www.eldigitaldeasturias.com\/noticias\/category\/economia\/"},{"label":"La Seguridad Social concluye su colaboraci\u00f3n voluntaria en la gesti\u00f3n de las bajas laborales","link":"https:\/\/www.eldigitaldeasturias.com\/noticias\/la-seguridad-social-concluye-su-colaboracion-voluntaria-en-la-gestion-de-las-bajas-laborales\/"}],"_links":{"self":[{"href":"https:\/\/www.eldigitaldeasturias.com\/noticias\/wp-json\/wp\/v2\/posts\/1021392","targetHints":{"allow":["GET"]}}],"collection":[{"href":"https:\/\/www.eldigitaldeasturias.com\/noticias\/wp-json\/wp\/v2\/posts"}],"about":[{"href":"https:\/\/www.eldigitaldeasturias.com\/noticias\/wp-json\/wp\/v2\/types\/post"}],"author":[{"embeddable":true,"href":"https:\/\/www.eldigitaldeasturias.com\/noticias\/wp-json\/wp\/v2\/users\/1"}],"replies":[{"embeddable":true,"href":"https:\/\/www.eldigitaldeasturias.com\/noticias\/wp-json\/wp\/v2\/comments?post=1021392"}],"version-history":[{"count":0,"href":"https:\/\/www.eldigitaldeasturias.com\/noticias\/wp-json\/wp\/v2\/posts\/1021392\/revisions"}],"wp:featuredmedia":[{"embeddable":true,"href":"https:\/\/www.eldigitaldeasturias.com\/noticias\/wp-json\/wp\/v2\/media\/1021393"}],"wp:attachment":[{"href":"https:\/\/www.eldigitaldeasturias.com\/noticias\/wp-json\/wp\/v2\/media?parent=1021392"}],"wp:term":[{"taxonomy":"category","embeddable":true,"href":"https:\/\/www.eldigitaldeasturias.com\/noticias\/wp-json\/wp\/v2\/categories?post=1021392"},{"taxonomy":"post_tag","embeddable":true,"href":"https:\/\/www.eldigitaldeasturias.com\/noticias\/wp-json\/wp\/v2\/tags?post=1021392"}],"curies":[{"name":"wp","href":"https:\/\/api.w.org\/{rel}","templated":true}]}}