{"id":1020965,"date":"2019-03-19T17:41:06","date_gmt":"2019-03-19T17:41:06","guid":{"rendered":"https:\/\/www.eldigitaldeasturias.com\/noticias\/?p=1020965"},"modified":"2019-03-19T17:41:06","modified_gmt":"2019-03-19T17:41:06","slug":"la-media-de-extranjeros-afiliados-a-la-seguridad-social-asciende-a-1-985-280","status":"publish","type":"post","link":"https:\/\/www.eldigitaldeasturias.com\/noticias\/la-media-de-extranjeros-afiliados-a-la-seguridad-social-asciende-a-1-985-280\/","title":{"rendered":"La media de extranjeros afiliados a la Seguridad Social asciende a 1.985.280"},"content":{"rendered":"<p><img loading=\"lazy\" decoding=\"async\" class=\"alignleft size-medium wp-image-1020966\" src=\"https:\/\/www.eldigitaldeasturias.com\/noticias\/wp-content\/uploads\/2019\/03\/mujerestrabajo2-meyss-360x239.jpg\" alt=\"\" width=\"360\" height=\"239\" srcset=\"https:\/\/www.eldigitaldeasturias.com\/noticias\/wp-content\/uploads\/2019\/03\/mujerestrabajo2-meyss-360x239.jpg 360w, https:\/\/www.eldigitaldeasturias.com\/noticias\/wp-content\/uploads\/2019\/03\/mujerestrabajo2-meyss.jpg 496w\" sizes=\"auto, (max-width: 360px) 100vw, 360px\" \/>En febrero se han registrado 149.106 trabajadores m\u00e1s que hace un a\u00f1o. El porcentaje de crecimiento interanual se sit\u00faa de este modo en el 8,12%. Del total de trabajadores de otros pa\u00edses afiliados al Sistema de la Seguridad Social, los grupos m\u00e1s numerosos proceden de Ruman\u00eda (341.296), Marruecos (254.120), Italia (112.064) y China (102.669). Les siguen los trabajadores nacionales de Ecuador (71.101), Reino Unido (66.070), Colombia (62.989), Bulgaria (59.882) y Portugal (52.728).<\/p>\n<p>Comunidades aut\u00f3nomas<\/p>\n<p>En t\u00e9rminos mensuales, la ocupaci\u00f3n de trabajadores extranjeros aumenta en Islas Baleares (4,68%), Murcia (2,61%), Castilla y Le\u00f3n (2,13%), Navarra (1,52%), Arag\u00f3n (1,47%), Galicia (1,38%), Catalu\u00f1a (1,36%), La Rioja (1,09%), Pa\u00eds Vasco (1,06%), Madrid (0,96%), Asturias (0,42%), Canarias (0,24%) y Andaluc\u00eda (0,15%). Tambi\u00e9n crece en Ceuta (1,19%) y Melilla (0,95%).<\/p>\n<p>La afiliaci\u00f3n de extranjeros baja en cuatro autonom\u00edas: Castilla-La Mancha (-1,59%), Cantabria (-0,6%), C. Valenciana (-0,32%) y Extremadura (-0,24%).<\/p>\n<p>En febrero, de entre los afiliados extranjeros, 1.163.230 trabajadores proceden de pa\u00edses de fuera de la Uni\u00f3n Europea y el resto (822.050) de pa\u00edses comunitarios.<\/p>\n<p>Por reg\u00edmenes, la mayor\u00eda de los afiliados extranjeros est\u00e1 encuadrada en el R\u00e9gimen General: 1.654.075 (este dato incluye el Sistema Especial Agrario, con 225.362 ocupados, y el de Hogar, con 172.605). Le siguen el R\u00e9gimen de Trabajadores Aut\u00f3nomos, con 327.282 personas, el R\u00e9gimen Especial del Mar, con 3.861, y el del Carb\u00f3n, con 62.<\/p>\n<p>De la cifra total de afiliados extranjeros en febrero, 1.121.938 son hombres y 863.342 son mujeres.<\/p>\n","protected":false},"excerpt":{"rendered":"<p>En febrero se han registrado 149.106 trabajadores m\u00e1s que hace un a\u00f1o. El porcentaje de crecimiento interanual se sit\u00faa de este modo en el 8,12%. Del total de trabajadores de otros pa\u00edses afiliados al Sistema de la Seguridad Social, los grupos m\u00e1s numerosos proceden de Ruman\u00eda (341.296), Marruecos (254.120), Italia (112.064) y China (102.669). Les [&hellip;]<\/p>\n","protected":false},"author":1,"featured_media":1020966,"comment_status":"closed","ping_status":"closed","sticky":false,"template":"","format":"standard","meta":{"footnotes":""},"categories":[187],"tags":[],"class_list":["post-1020965","post","type-post","status-publish","format-standard","has-post-thumbnail","hentry","category-economia"],"aioseo_notices":[],"aioseo_head":"\n\t\t<!-- All in One SEO Pro 4.9.6.2 - aioseo.com -->\n\t<meta name=\"description\" content=\"En febrero se han registrado 149.106 trabajadores m\u00e1s que hace un a\u00f1o. El porcentaje de crecimiento interanual se sit\u00faa de este modo en el 8,12%. Del total de trabajadores de otros pa\u00edses afiliados al Sistema de la Seguridad Social, los grupos m\u00e1s numerosos proceden de Ruman\u00eda (341.296), Marruecos (254.120), Italia (112.064) y China (102.669). Les\" \/>\n\t<meta name=\"robots\" content=\"max-image-preview:large\" \/>\n\t<meta name=\"author\" content=\"El Digital de Asturias\"\/>\n\t<meta name=\"google-site-verification\" content=\"UA-38556648-1\" \/>\n\t<meta name=\"msvalidate.01\" content=\"7dfe9f3f1b24437ab69f4f2559babe99\" \/>\n\t<meta name=\"keywords\" content=\"econom\u00eda\" \/>\n\t<link rel=\"canonical\" href=\"https:\/\/www.eldigitaldeasturias.com\/noticias\/la-media-de-extranjeros-afiliados-a-la-seguridad-social-asciende-a-1-985-280\/\" \/>\n\t<meta name=\"generator\" content=\"All in One SEO Pro (AIOSEO) 4.9.6.2\" \/>\n\t\t<meta property=\"og:locale\" content=\"es_ES\" \/>\n\t\t<meta property=\"og:site_name\" content=\"El Digital de Asturias\" \/>\n\t\t<meta property=\"og:type\" content=\"article\" \/>\n\t\t<meta property=\"og:title\" content=\"La media de extranjeros afiliados a la Seguridad Social asciende a 1.985.280 - El Digital de Asturias\" \/>\n\t\t<meta property=\"og:description\" content=\"En febrero se han registrado 149.106 trabajadores m\u00e1s que hace un a\u00f1o. El porcentaje de crecimiento interanual se sit\u00faa de este modo en el 8,12%. Del total de trabajadores de otros pa\u00edses afiliados al Sistema de la Seguridad Social, los grupos m\u00e1s numerosos proceden de Ruman\u00eda (341.296), Marruecos (254.120), Italia (112.064) y China (102.669). Les\" \/>\n\t\t<meta property=\"og:url\" content=\"https:\/\/www.eldigitaldeasturias.com\/noticias\/la-media-de-extranjeros-afiliados-a-la-seguridad-social-asciende-a-1-985-280\/\" \/>\n\t\t<meta property=\"og:image\" content=\"https:\/\/www.eldigitaldeasturias.com\/noticias\/wp-content\/uploads\/2019\/03\/mujerestrabajo2-meyss.jpg\" \/>\n\t\t<meta property=\"og:image:secure_url\" content=\"https:\/\/www.eldigitaldeasturias.com\/noticias\/wp-content\/uploads\/2019\/03\/mujerestrabajo2-meyss.jpg\" \/>\n\t\t<meta property=\"og:image:width\" content=\"496\" \/>\n\t\t<meta property=\"og:image:height\" content=\"329\" \/>\n\t\t<meta property=\"article:tag\" content=\"econom\u00eda\" \/>\n\t\t<meta property=\"article:published_time\" content=\"2019-03-19T17:41:06+00:00\" \/>\n\t\t<meta property=\"article:modified_time\" content=\"2019-03-19T17:41:06+00:00\" \/>\n\t\t<meta property=\"article:publisher\" content=\"https:\/\/facebook.com\/eldigitaldeasturias\" \/>\n\t\t<meta name=\"twitter:card\" content=\"summary_large_image\" \/>\n\t\t<meta name=\"twitter:title\" content=\"La media de extranjeros afiliados a la Seguridad Social asciende a 1.985.280 - El Digital de Asturias\" \/>\n\t\t<meta name=\"twitter:description\" content=\"En febrero se han registrado 149.106 trabajadores m\u00e1s que hace un a\u00f1o. El porcentaje de crecimiento interanual se sit\u00faa de este modo en el 8,12%. Del total de trabajadores de otros pa\u00edses afiliados al Sistema de la Seguridad Social, los grupos m\u00e1s numerosos proceden de Ruman\u00eda (341.296), Marruecos (254.120), Italia (112.064) y China (102.669). Les\" \/>\n\t\t<meta name=\"twitter:image\" content=\"https:\/\/www.eldigitaldeasturias.com\/noticias\/wp-content\/uploads\/2019\/03\/mujerestrabajo2-meyss.jpg\" \/>\n\t\t<meta name=\"twitter:label1\" content=\"Escrito por\" \/>\n\t\t<meta name=\"twitter:data1\" content=\"El Digital de Asturias\" \/>\n\t\t<meta name=\"twitter:label2\" content=\"Tiempo de lectura estimado\" \/>\n\t\t<meta name=\"twitter:data2\" content=\"1 minuto\" \/>\n\t\t<script type=\"application\/ld+json\" class=\"aioseo-schema\">\n\t\t\t{\"@context\":\"https:\\\/\\\/schema.org\",\"@graph\":[{\"@type\":\"BlogPosting\",\"@id\":\"https:\\\/\\\/www.eldigitaldeasturias.com\\\/noticias\\\/la-media-de-extranjeros-afiliados-a-la-seguridad-social-asciende-a-1-985-280\\\/#blogposting\",\"name\":\"La media de extranjeros afiliados a la Seguridad Social asciende a 1.985.280 - El Digital de Asturias\",\"headline\":\"La media de extranjeros afiliados a la Seguridad Social asciende a 1.985.280\",\"author\":{\"@id\":\"https:\\\/\\\/www.eldigitaldeasturias.com\\\/noticias\\\/author\\\/admin\\\/#author\"},\"publisher\":{\"@id\":\"https:\\\/\\\/www.eldigitaldeasturias.com\\\/noticias\\\/#organization\"},\"image\":{\"@type\":\"ImageObject\",\"url\":\"https:\\\/\\\/www.eldigitaldeasturias.com\\\/noticias\\\/wp-content\\\/uploads\\\/2019\\\/03\\\/mujerestrabajo2-meyss.jpg\",\"width\":496,\"height\":329},\"datePublished\":\"2019-03-19T17:41:06+01:00\",\"dateModified\":\"2019-03-19T17:41:06+01:00\",\"inLanguage\":\"es-ES\",\"mainEntityOfPage\":{\"@id\":\"https:\\\/\\\/www.eldigitaldeasturias.com\\\/noticias\\\/la-media-de-extranjeros-afiliados-a-la-seguridad-social-asciende-a-1-985-280\\\/#webpage\"},\"isPartOf\":{\"@id\":\"https:\\\/\\\/www.eldigitaldeasturias.com\\\/noticias\\\/la-media-de-extranjeros-afiliados-a-la-seguridad-social-asciende-a-1-985-280\\\/#webpage\"},\"articleSection\":\"Econom\\u00eda\"},{\"@type\":\"BreadcrumbList\",\"@id\":\"https:\\\/\\\/www.eldigitaldeasturias.com\\\/noticias\\\/la-media-de-extranjeros-afiliados-a-la-seguridad-social-asciende-a-1-985-280\\\/#breadcrumblist\",\"itemListElement\":[{\"@type\":\"ListItem\",\"@id\":\"https:\\\/\\\/www.eldigitaldeasturias.com\\\/noticias#listItem\",\"position\":1,\"name\":\"Home\",\"item\":\"https:\\\/\\\/www.eldigitaldeasturias.com\\\/noticias\",\"nextItem\":{\"@type\":\"ListItem\",\"@id\":\"https:\\\/\\\/www.eldigitaldeasturias.com\\\/noticias\\\/category\\\/economia\\\/#listItem\",\"name\":\"Econom\\u00eda\"}},{\"@type\":\"ListItem\",\"@id\":\"https:\\\/\\\/www.eldigitaldeasturias.com\\\/noticias\\\/category\\\/economia\\\/#listItem\",\"position\":2,\"name\":\"Econom\\u00eda\",\"item\":\"https:\\\/\\\/www.eldigitaldeasturias.com\\\/noticias\\\/category\\\/economia\\\/\",\"nextItem\":{\"@type\":\"ListItem\",\"@id\":\"https:\\\/\\\/www.eldigitaldeasturias.com\\\/noticias\\\/la-media-de-extranjeros-afiliados-a-la-seguridad-social-asciende-a-1-985-280\\\/#listItem\",\"name\":\"La media de extranjeros afiliados a la Seguridad Social asciende a 1.985.280\"},\"previousItem\":{\"@type\":\"ListItem\",\"@id\":\"https:\\\/\\\/www.eldigitaldeasturias.com\\\/noticias#listItem\",\"name\":\"Home\"}},{\"@type\":\"ListItem\",\"@id\":\"https:\\\/\\\/www.eldigitaldeasturias.com\\\/noticias\\\/la-media-de-extranjeros-afiliados-a-la-seguridad-social-asciende-a-1-985-280\\\/#listItem\",\"position\":3,\"name\":\"La media de extranjeros afiliados a la Seguridad Social asciende a 1.985.280\",\"previousItem\":{\"@type\":\"ListItem\",\"@id\":\"https:\\\/\\\/www.eldigitaldeasturias.com\\\/noticias\\\/category\\\/economia\\\/#listItem\",\"name\":\"Econom\\u00eda\"}}]},{\"@type\":\"Organization\",\"@id\":\"https:\\\/\\\/www.eldigitaldeasturias.com\\\/noticias\\\/#organization\",\"name\":\"El Digital de Asturias\",\"description\":\"Hemeroteca\",\"url\":\"https:\\\/\\\/www.eldigitaldeasturias.com\\\/noticias\\\/\",\"email\":\"info@eldigitaldeasturias.com\",\"telephone\":\"+34652131393\",\"logo\":{\"@type\":\"ImageObject\",\"url\":\"https:\\\/\\\/www.eldigitaldeasturias.com\\\/noticias\\\/wp-content\\\/uploads\\\/2020\\\/12\\\/EDA.jpg\",\"@id\":\"https:\\\/\\\/www.eldigitaldeasturias.com\\\/noticias\\\/la-media-de-extranjeros-afiliados-a-la-seguridad-social-asciende-a-1-985-280\\\/#organizationLogo\",\"width\":649,\"height\":297},\"image\":{\"@id\":\"https:\\\/\\\/www.eldigitaldeasturias.com\\\/noticias\\\/la-media-de-extranjeros-afiliados-a-la-seguridad-social-asciende-a-1-985-280\\\/#organizationLogo\"},\"sameAs\":[\"https:\\\/\\\/facebook.com\\\/eldigitaldeasturias\",\"https:\\\/\\\/www.youtube.com\\\/channel\\\/UCZP-2wLEB9Rv6erhFmqVnvg\"],\"address\":{\"@id\":\"https:\\\/\\\/www.eldigitaldeasturias.com\\\/noticias\\\/#postaladdress\",\"@type\":\"PostalAddress\",\"streetAddress\":\"san antonio 4,\",\"postalCode\":\"33430\",\"addressLocality\":\"Cand\\u00e1s\",\"addressRegion\":\"Asturias\",\"addressCountry\":\"ES\"}},{\"@type\":\"Person\",\"@id\":\"https:\\\/\\\/www.eldigitaldeasturias.com\\\/noticias\\\/author\\\/admin\\\/#author\",\"url\":\"https:\\\/\\\/www.eldigitaldeasturias.com\\\/noticias\\\/author\\\/admin\\\/\",\"name\":\"El Digital de Asturias\",\"image\":{\"@type\":\"ImageObject\",\"@id\":\"https:\\\/\\\/www.eldigitaldeasturias.com\\\/noticias\\\/la-media-de-extranjeros-afiliados-a-la-seguridad-social-asciende-a-1-985-280\\\/#authorImage\",\"url\":\"https:\\\/\\\/www.eldigitaldeasturias.com\\\/noticias\\\/wp-content\\\/litespeed\\\/avatar\\\/18677e78aa0546b92d9dbf31ec7d7668.jpg?ver=1777290358\",\"width\":96,\"height\":96,\"caption\":\"El Digital de Asturias\"}},{\"@type\":\"WebPage\",\"@id\":\"https:\\\/\\\/www.eldigitaldeasturias.com\\\/noticias\\\/la-media-de-extranjeros-afiliados-a-la-seguridad-social-asciende-a-1-985-280\\\/#webpage\",\"url\":\"https:\\\/\\\/www.eldigitaldeasturias.com\\\/noticias\\\/la-media-de-extranjeros-afiliados-a-la-seguridad-social-asciende-a-1-985-280\\\/\",\"name\":\"La media de extranjeros afiliados a la Seguridad Social asciende a 1.985.280 - El Digital de Asturias\",\"description\":\"En febrero se han registrado 149.106 trabajadores m\\u00e1s que hace un a\\u00f1o. El porcentaje de crecimiento interanual se sit\\u00faa de este modo en el 8,12%. Del total de trabajadores de otros pa\\u00edses afiliados al Sistema de la Seguridad Social, los grupos m\\u00e1s numerosos proceden de Ruman\\u00eda (341.296), Marruecos (254.120), Italia (112.064) y China (102.669). Les\",\"inLanguage\":\"es-ES\",\"isPartOf\":{\"@id\":\"https:\\\/\\\/www.eldigitaldeasturias.com\\\/noticias\\\/#website\"},\"breadcrumb\":{\"@id\":\"https:\\\/\\\/www.eldigitaldeasturias.com\\\/noticias\\\/la-media-de-extranjeros-afiliados-a-la-seguridad-social-asciende-a-1-985-280\\\/#breadcrumblist\"},\"author\":{\"@id\":\"https:\\\/\\\/www.eldigitaldeasturias.com\\\/noticias\\\/author\\\/admin\\\/#author\"},\"creator\":{\"@id\":\"https:\\\/\\\/www.eldigitaldeasturias.com\\\/noticias\\\/author\\\/admin\\\/#author\"},\"image\":{\"@type\":\"ImageObject\",\"url\":\"https:\\\/\\\/www.eldigitaldeasturias.com\\\/noticias\\\/wp-content\\\/uploads\\\/2019\\\/03\\\/mujerestrabajo2-meyss.jpg\",\"@id\":\"https:\\\/\\\/www.eldigitaldeasturias.com\\\/noticias\\\/la-media-de-extranjeros-afiliados-a-la-seguridad-social-asciende-a-1-985-280\\\/#mainImage\",\"width\":496,\"height\":329},\"primaryImageOfPage\":{\"@id\":\"https:\\\/\\\/www.eldigitaldeasturias.com\\\/noticias\\\/la-media-de-extranjeros-afiliados-a-la-seguridad-social-asciende-a-1-985-280\\\/#mainImage\"},\"datePublished\":\"2019-03-19T17:41:06+01:00\",\"dateModified\":\"2019-03-19T17:41:06+01:00\"},{\"@type\":\"WebSite\",\"@id\":\"https:\\\/\\\/www.eldigitaldeasturias.com\\\/noticias\\\/#website\",\"url\":\"https:\\\/\\\/www.eldigitaldeasturias.com\\\/noticias\\\/\",\"name\":\"El Digital de Asturias - Diario de actualidad y noticias\",\"alternateName\":\"El Digital de Asturias - Diario de actualidad y noticias\",\"description\":\"Hemeroteca\",\"inLanguage\":\"es-ES\",\"publisher\":{\"@id\":\"https:\\\/\\\/www.eldigitaldeasturias.com\\\/noticias\\\/#organization\"}}]}\n\t\t<\/script>\n\t\t<!-- All in One SEO Pro -->\r\n\t\t<title>La media de extranjeros afiliados a la Seguridad Social asciende a 1.985.280 - El Digital de Asturias<\/title>\n\n","aioseo_head_json":{"title":"La media de extranjeros afiliados a la Seguridad Social asciende a 1.985.280 - El Digital de Asturias","description":"En febrero se han registrado 149.106 trabajadores m\u00e1s que hace un a\u00f1o. El porcentaje de crecimiento interanual se sit\u00faa de este modo en el 8,12%. Del total de trabajadores de otros pa\u00edses afiliados al Sistema de la Seguridad Social, los grupos m\u00e1s numerosos proceden de Ruman\u00eda (341.296), Marruecos (254.120), Italia (112.064) y China (102.669). Les","canonical_url":"https:\/\/www.eldigitaldeasturias.com\/noticias\/la-media-de-extranjeros-afiliados-a-la-seguridad-social-asciende-a-1-985-280\/","robots":"max-image-preview:large","keywords":"econom\u00eda","webmasterTools":{"google-site-verification":"UA-38556648-1","msvalidate.01":"7dfe9f3f1b24437ab69f4f2559babe99","miscellaneous":""},"schema":{"@context":"https:\/\/schema.org","@graph":[{"@type":"BlogPosting","@id":"https:\/\/www.eldigitaldeasturias.com\/noticias\/la-media-de-extranjeros-afiliados-a-la-seguridad-social-asciende-a-1-985-280\/#blogposting","name":"La media de extranjeros afiliados a la Seguridad Social asciende a 1.985.280 - El Digital de Asturias","headline":"La media de extranjeros afiliados a la Seguridad Social asciende a 1.985.280","author":{"@id":"https:\/\/www.eldigitaldeasturias.com\/noticias\/author\/admin\/#author"},"publisher":{"@id":"https:\/\/www.eldigitaldeasturias.com\/noticias\/#organization"},"image":{"@type":"ImageObject","url":"https:\/\/www.eldigitaldeasturias.com\/noticias\/wp-content\/uploads\/2019\/03\/mujerestrabajo2-meyss.jpg","width":496,"height":329},"datePublished":"2019-03-19T17:41:06+01:00","dateModified":"2019-03-19T17:41:06+01:00","inLanguage":"es-ES","mainEntityOfPage":{"@id":"https:\/\/www.eldigitaldeasturias.com\/noticias\/la-media-de-extranjeros-afiliados-a-la-seguridad-social-asciende-a-1-985-280\/#webpage"},"isPartOf":{"@id":"https:\/\/www.eldigitaldeasturias.com\/noticias\/la-media-de-extranjeros-afiliados-a-la-seguridad-social-asciende-a-1-985-280\/#webpage"},"articleSection":"Econom\u00eda"},{"@type":"BreadcrumbList","@id":"https:\/\/www.eldigitaldeasturias.com\/noticias\/la-media-de-extranjeros-afiliados-a-la-seguridad-social-asciende-a-1-985-280\/#breadcrumblist","itemListElement":[{"@type":"ListItem","@id":"https:\/\/www.eldigitaldeasturias.com\/noticias#listItem","position":1,"name":"Home","item":"https:\/\/www.eldigitaldeasturias.com\/noticias","nextItem":{"@type":"ListItem","@id":"https:\/\/www.eldigitaldeasturias.com\/noticias\/category\/economia\/#listItem","name":"Econom\u00eda"}},{"@type":"ListItem","@id":"https:\/\/www.eldigitaldeasturias.com\/noticias\/category\/economia\/#listItem","position":2,"name":"Econom\u00eda","item":"https:\/\/www.eldigitaldeasturias.com\/noticias\/category\/economia\/","nextItem":{"@type":"ListItem","@id":"https:\/\/www.eldigitaldeasturias.com\/noticias\/la-media-de-extranjeros-afiliados-a-la-seguridad-social-asciende-a-1-985-280\/#listItem","name":"La media de extranjeros afiliados a la Seguridad Social asciende a 1.985.280"},"previousItem":{"@type":"ListItem","@id":"https:\/\/www.eldigitaldeasturias.com\/noticias#listItem","name":"Home"}},{"@type":"ListItem","@id":"https:\/\/www.eldigitaldeasturias.com\/noticias\/la-media-de-extranjeros-afiliados-a-la-seguridad-social-asciende-a-1-985-280\/#listItem","position":3,"name":"La media de extranjeros afiliados a la Seguridad Social asciende a 1.985.280","previousItem":{"@type":"ListItem","@id":"https:\/\/www.eldigitaldeasturias.com\/noticias\/category\/economia\/#listItem","name":"Econom\u00eda"}}]},{"@type":"Organization","@id":"https:\/\/www.eldigitaldeasturias.com\/noticias\/#organization","name":"El Digital de Asturias","description":"Hemeroteca","url":"https:\/\/www.eldigitaldeasturias.com\/noticias\/","email":"info@eldigitaldeasturias.com","telephone":"+34652131393","logo":{"@type":"ImageObject","url":"https:\/\/www.eldigitaldeasturias.com\/noticias\/wp-content\/uploads\/2020\/12\/EDA.jpg","@id":"https:\/\/www.eldigitaldeasturias.com\/noticias\/la-media-de-extranjeros-afiliados-a-la-seguridad-social-asciende-a-1-985-280\/#organizationLogo","width":649,"height":297},"image":{"@id":"https:\/\/www.eldigitaldeasturias.com\/noticias\/la-media-de-extranjeros-afiliados-a-la-seguridad-social-asciende-a-1-985-280\/#organizationLogo"},"sameAs":["https:\/\/facebook.com\/eldigitaldeasturias","https:\/\/www.youtube.com\/channel\/UCZP-2wLEB9Rv6erhFmqVnvg"],"address":{"@id":"https:\/\/www.eldigitaldeasturias.com\/noticias\/#postaladdress","@type":"PostalAddress","streetAddress":"san antonio 4,","postalCode":"33430","addressLocality":"Cand\u00e1s","addressRegion":"Asturias","addressCountry":"ES"}},{"@type":"Person","@id":"https:\/\/www.eldigitaldeasturias.com\/noticias\/author\/admin\/#author","url":"https:\/\/www.eldigitaldeasturias.com\/noticias\/author\/admin\/","name":"El Digital de Asturias","image":{"@type":"ImageObject","@id":"https:\/\/www.eldigitaldeasturias.com\/noticias\/la-media-de-extranjeros-afiliados-a-la-seguridad-social-asciende-a-1-985-280\/#authorImage","url":"https:\/\/www.eldigitaldeasturias.com\/noticias\/wp-content\/litespeed\/avatar\/18677e78aa0546b92d9dbf31ec7d7668.jpg?ver=1777290358","width":96,"height":96,"caption":"El Digital de Asturias"}},{"@type":"WebPage","@id":"https:\/\/www.eldigitaldeasturias.com\/noticias\/la-media-de-extranjeros-afiliados-a-la-seguridad-social-asciende-a-1-985-280\/#webpage","url":"https:\/\/www.eldigitaldeasturias.com\/noticias\/la-media-de-extranjeros-afiliados-a-la-seguridad-social-asciende-a-1-985-280\/","name":"La media de extranjeros afiliados a la Seguridad Social asciende a 1.985.280 - El Digital de Asturias","description":"En febrero se han registrado 149.106 trabajadores m\u00e1s que hace un a\u00f1o. El porcentaje de crecimiento interanual se sit\u00faa de este modo en el 8,12%. Del total de trabajadores de otros pa\u00edses afiliados al Sistema de la Seguridad Social, los grupos m\u00e1s numerosos proceden de Ruman\u00eda (341.296), Marruecos (254.120), Italia (112.064) y China (102.669). Les","inLanguage":"es-ES","isPartOf":{"@id":"https:\/\/www.eldigitaldeasturias.com\/noticias\/#website"},"breadcrumb":{"@id":"https:\/\/www.eldigitaldeasturias.com\/noticias\/la-media-de-extranjeros-afiliados-a-la-seguridad-social-asciende-a-1-985-280\/#breadcrumblist"},"author":{"@id":"https:\/\/www.eldigitaldeasturias.com\/noticias\/author\/admin\/#author"},"creator":{"@id":"https:\/\/www.eldigitaldeasturias.com\/noticias\/author\/admin\/#author"},"image":{"@type":"ImageObject","url":"https:\/\/www.eldigitaldeasturias.com\/noticias\/wp-content\/uploads\/2019\/03\/mujerestrabajo2-meyss.jpg","@id":"https:\/\/www.eldigitaldeasturias.com\/noticias\/la-media-de-extranjeros-afiliados-a-la-seguridad-social-asciende-a-1-985-280\/#mainImage","width":496,"height":329},"primaryImageOfPage":{"@id":"https:\/\/www.eldigitaldeasturias.com\/noticias\/la-media-de-extranjeros-afiliados-a-la-seguridad-social-asciende-a-1-985-280\/#mainImage"},"datePublished":"2019-03-19T17:41:06+01:00","dateModified":"2019-03-19T17:41:06+01:00"},{"@type":"WebSite","@id":"https:\/\/www.eldigitaldeasturias.com\/noticias\/#website","url":"https:\/\/www.eldigitaldeasturias.com\/noticias\/","name":"El Digital de Asturias - Diario de actualidad y noticias","alternateName":"El Digital de Asturias - Diario de actualidad y noticias","description":"Hemeroteca","inLanguage":"es-ES","publisher":{"@id":"https:\/\/www.eldigitaldeasturias.com\/noticias\/#organization"}}]},"og:locale":"es_ES","og:site_name":"El Digital de Asturias","og:type":"article","og:title":"La media de extranjeros afiliados a la Seguridad Social asciende a 1.985.280 - El Digital de Asturias","og:description":"En febrero se han registrado 149.106 trabajadores m\u00e1s que hace un a\u00f1o. El porcentaje de crecimiento interanual se sit\u00faa de este modo en el 8,12%. Del total de trabajadores de otros pa\u00edses afiliados al Sistema de la Seguridad Social, los grupos m\u00e1s numerosos proceden de Ruman\u00eda (341.296), Marruecos (254.120), Italia (112.064) y China (102.669). Les","og:url":"https:\/\/www.eldigitaldeasturias.com\/noticias\/la-media-de-extranjeros-afiliados-a-la-seguridad-social-asciende-a-1-985-280\/","og:image":"https:\/\/www.eldigitaldeasturias.com\/noticias\/wp-content\/uploads\/2019\/03\/mujerestrabajo2-meyss.jpg","og:image:secure_url":"https:\/\/www.eldigitaldeasturias.com\/noticias\/wp-content\/uploads\/2019\/03\/mujerestrabajo2-meyss.jpg","og:image:width":496,"og:image:height":329,"article:tag":["econom\u00eda"],"article:published_time":"2019-03-19T17:41:06+00:00","article:modified_time":"2019-03-19T17:41:06+00:00","article:publisher":"https:\/\/facebook.com\/eldigitaldeasturias","twitter:card":"summary_large_image","twitter:title":"La media de extranjeros afiliados a la Seguridad Social asciende a 1.985.280 - El Digital de Asturias","twitter:description":"En febrero se han registrado 149.106 trabajadores m\u00e1s que hace un a\u00f1o. El porcentaje de crecimiento interanual se sit\u00faa de este modo en el 8,12%. Del total de trabajadores de otros pa\u00edses afiliados al Sistema de la Seguridad Social, los grupos m\u00e1s numerosos proceden de Ruman\u00eda (341.296), Marruecos (254.120), Italia (112.064) y China (102.669). Les","twitter:image":"https:\/\/www.eldigitaldeasturias.com\/noticias\/wp-content\/uploads\/2019\/03\/mujerestrabajo2-meyss.jpg","twitter:label1":"Escrito por","twitter:data1":"El Digital de Asturias","twitter:label2":"Tiempo de lectura estimado","twitter:data2":"1 minuto"},"aioseo_meta_data":{"post_id":"1020965","title":null,"description":null,"keywords":null,"keyphrases":null,"primary_term":null,"canonical_url":null,"og_title":null,"og_description":null,"og_object_type":"default","og_image_type":"default","og_image_url":null,"og_image_width":null,"og_image_height":null,"og_image_custom_url":null,"og_image_custom_fields":null,"og_video":null,"og_custom_url":null,"og_article_section":null,"og_article_tags":null,"twitter_use_og":false,"twitter_card":"default","twitter_image_type":"default","twitter_image_url":null,"twitter_image_custom_url":null,"twitter_image_custom_fields":null,"twitter_title":null,"twitter_description":null,"schema":{"blockGraphs":[],"customGraphs":[],"default":{"data":{"Article":[],"Course":[],"Dataset":[],"FAQPage":[],"Movie":[],"Person":[],"Product":[],"ProductReview":[],"Car":[],"Recipe":[],"Service":[],"SoftwareApplication":[],"WebPage":[]},"graphName":"","isEnabled":true},"graphs":[],"defaultGraph":"","defaultPostTypeGraph":""},"schema_type":null,"schema_type_options":null,"pillar_content":false,"robots_default":true,"robots_noindex":false,"robots_noarchive":false,"robots_nosnippet":false,"robots_nofollow":false,"robots_noimageindex":false,"robots_noodp":false,"robots_notranslate":false,"robots_max_snippet":null,"robots_max_videopreview":null,"robots_max_imagepreview":"large","priority":null,"frequency":null,"local_seo":null,"seo_analyzer_scan_date":"2025-10-17 02:05:24","breadcrumb_settings":null,"limit_modified_date":false,"open_ai":null,"ai":null,"created":"2020-12-21 11:16:19","updated":"2025-10-17 02:05:24"},"aioseo_breadcrumb":"<div class=\"aioseo-breadcrumbs\"><span class=\"aioseo-breadcrumb\">\n\t<a href=\"https:\/\/www.eldigitaldeasturias.com\/noticias\" title=\"Home\">Home<\/a>\n<\/span><span class=\"aioseo-breadcrumb-separator\">\u2013<\/span><span class=\"aioseo-breadcrumb\">\n\t<a href=\"https:\/\/www.eldigitaldeasturias.com\/noticias\/category\/economia\/\" title=\"Econom\u00eda\">Econom\u00eda<\/a>\n<\/span><span class=\"aioseo-breadcrumb-separator\">\u2013<\/span><span class=\"aioseo-breadcrumb\">\n\t<a href=\"https:\/\/www.eldigitaldeasturias.com\/noticias\/la-media-de-extranjeros-afiliados-a-la-seguridad-social-asciende-a-1-985-280\/\" title=\"La media de extranjeros afiliados a la Seguridad Social asciende a 1.985.280\">La media de extranjeros afiliados a la Seguridad Social asciende a 1.985.280<\/a>\n<\/span><\/div>","aioseo_breadcrumb_json":[{"label":"Home","link":"https:\/\/www.eldigitaldeasturias.com\/noticias"},{"label":"Econom\u00eda","link":"https:\/\/www.eldigitaldeasturias.com\/noticias\/category\/economia\/"},{"label":"La media de extranjeros afiliados a la Seguridad Social asciende a 1.985.280","link":"https:\/\/www.eldigitaldeasturias.com\/noticias\/la-media-de-extranjeros-afiliados-a-la-seguridad-social-asciende-a-1-985-280\/"}],"_links":{"self":[{"href":"https:\/\/www.eldigitaldeasturias.com\/noticias\/wp-json\/wp\/v2\/posts\/1020965","targetHints":{"allow":["GET"]}}],"collection":[{"href":"https:\/\/www.eldigitaldeasturias.com\/noticias\/wp-json\/wp\/v2\/posts"}],"about":[{"href":"https:\/\/www.eldigitaldeasturias.com\/noticias\/wp-json\/wp\/v2\/types\/post"}],"author":[{"embeddable":true,"href":"https:\/\/www.eldigitaldeasturias.com\/noticias\/wp-json\/wp\/v2\/users\/1"}],"replies":[{"embeddable":true,"href":"https:\/\/www.eldigitaldeasturias.com\/noticias\/wp-json\/wp\/v2\/comments?post=1020965"}],"version-history":[{"count":0,"href":"https:\/\/www.eldigitaldeasturias.com\/noticias\/wp-json\/wp\/v2\/posts\/1020965\/revisions"}],"wp:featuredmedia":[{"embeddable":true,"href":"https:\/\/www.eldigitaldeasturias.com\/noticias\/wp-json\/wp\/v2\/media\/1020966"}],"wp:attachment":[{"href":"https:\/\/www.eldigitaldeasturias.com\/noticias\/wp-json\/wp\/v2\/media?parent=1020965"}],"wp:term":[{"taxonomy":"category","embeddable":true,"href":"https:\/\/www.eldigitaldeasturias.com\/noticias\/wp-json\/wp\/v2\/categories?post=1020965"},{"taxonomy":"post_tag","embeddable":true,"href":"https:\/\/www.eldigitaldeasturias.com\/noticias\/wp-json\/wp\/v2\/tags?post=1020965"}],"curies":[{"name":"wp","href":"https:\/\/api.w.org\/{rel}","templated":true}]}}