{"id":1020956,"date":"2019-03-19T17:27:34","date_gmt":"2019-03-19T17:27:34","guid":{"rendered":"https:\/\/www.eldigitaldeasturias.com\/noticias\/?p=1020956"},"modified":"2019-03-19T17:27:34","modified_gmt":"2019-03-19T17:27:34","slug":"la-pac-concluira-despues-de-conocer-el-presupuesto-para-la-agricultura-post-2020","status":"publish","type":"post","link":"https:\/\/www.eldigitaldeasturias.com\/noticias\/la-pac-concluira-despues-de-conocer-el-presupuesto-para-la-agricultura-post-2020\/","title":{"rendered":"La PAC concluir\u00e1 despu\u00e9s de conocer el presupuesto para la agricultura post 2020"},"content":{"rendered":"<p><img loading=\"lazy\" decoding=\"async\" class=\"alignleft size-medium wp-image-1020957\" src=\"https:\/\/www.eldigitaldeasturias.com\/noticias\/wp-content\/uploads\/2019\/03\/pac-360x239.jpg\" alt=\"\" width=\"360\" height=\"239\" srcset=\"https:\/\/www.eldigitaldeasturias.com\/noticias\/wp-content\/uploads\/2019\/03\/pac-360x239.jpg 360w, https:\/\/www.eldigitaldeasturias.com\/noticias\/wp-content\/uploads\/2019\/03\/pac.jpg 512w\" sizes=\"auto, (max-width: 360px) 100vw, 360px\" \/>En declaraciones a la entrada del Consejo, Luis Planas ha se\u00f1alado que no se deber\u00eda concluir la elaboraci\u00f3n de los reglamentos antes de conocer las cifras del presupuesto con el que van a contar los agricultores, ganaderos y el medio rural. El ministro tambi\u00e9n considera importante mantener la unidad de los tres reglamentos, de manera que cualquier acuerdo debe ser global, sobre el conjunto del paquete legislativo.<\/p>\n<p>Asimismo, el ministro ha puesto el acento en la necesidad de mantener elementos comunes en la nueva PAC, que garanticen la igualdad de condiciones entre agricultores y ganaderos de distintos Estados miembros. As\u00ed, Espa\u00f1a cree que, sobre los elementos comunes propuestos por la Comisi\u00f3n Europea (CE), es necesario incorporar algunos elementos adicionales para mantener el car\u00e1cter com\u00fan de esta pol\u00edtica.<\/p>\n<p>Otro aspecto que ha destacado el ministro es la importancia del regad\u00edo eficiente, coherente con la lucha contra el cambio clim\u00e1tico y la preservaci\u00f3n medioambiental. Seg\u00fan ha apuntado, el 50% de las 3.750.000 hect\u00e1reas de regad\u00edo en Espa\u00f1a cuenta con riego localizado. \u00abSomos, junto a Israel, el pa\u00eds m\u00e1s avanzado del mundo en cuanto a t\u00e9cnicas relativas a la irrigaci\u00f3n controlada y eficiente\u00bb, para fomentar una agricultura innovadora, sostenible e inteligente.<\/p>\n<p>Aceite de oliva<\/p>\n<p>Por otro lado, Planas ha analizado con el comisario europeo del ramo, Phil Hogan, la \u00abextra\u00f1a\u00bb evoluci\u00f3n de los precios del aceite de oliva.<\/p>\n<p>Seg\u00fan ha recalcado, el Ministerio sigue de cerca esta evoluci\u00f3n, aunque los precios a\u00fan no est\u00e1n en los umbrales de referencia para desencadenar el almacenamiento privado.<\/p>\n<p>Bioeconom\u00eda sostenible<\/p>\n<p>El Consejo ha debatido sobre la nueva Estrategia de la Uni\u00f3n Europea para el desarrollo de una bioeconom\u00eda sostenible y circular al servicio de la sociedad, el medio ambiente y la econom\u00eda comunitarias.<\/p>\n<p>Esta estrategia, que fue presentada por la Comisi\u00f3n Europea el pasado mes de octubre, incluye actuaciones en diferentes \u00e1reas como la seguridad alimentaria, el uso sostenible de los recursos naturales, la reducci\u00f3n de la dependencia de los recursos no renovables, la mitigaci\u00f3n y adaptaci\u00f3n al cambio clim\u00e1tico, el refuerzo de la competitividad y la creaci\u00f3n de empleo.<\/p>\n<p>En la reuni\u00f3n del Consejo se ha abordado tambi\u00e9n la decisi\u00f3n de la C\u00e1mara T\u00e9cnica de Recursos de la Oficina Europea de Patentes en relaci\u00f3n con la posibilidad de patentar los resultados de las t\u00e9cnicas cl\u00e1sicas de mejora vegetal.<\/p>\n<p>Bilateral Espa\u00f1a-Polonia<\/p>\n<p>Luis Planas ha celebrado una reuni\u00f3n bilateral con el ministro de Agricultura y Desarrollo Rural de Polonia, Jan Krysztof Ardanowski, con quien ha abordado la reforma de la PAC, la peste porcina africana (PPA) o la situaci\u00f3n del mercado del az\u00facar.<\/p>\n<p>Ambos ministros han intercambiado puntos de vista sobre los diferentes aspectos de la futura PAC, como la necesidad de contar con un presupuesto fuerte, mejoras en las medidas de mercado o su contribuci\u00f3n a un desarrollo social y econ\u00f3mico de los territorios rurales.<\/p>\n<p>Espa\u00f1a comparte con Polonia una gran preocupaci\u00f3n por la situaci\u00f3n de la PPA en la Uni\u00f3n Europea y sus consecuencias econ\u00f3micas. El Ministerio ha aplicado medidas reforzadas de vigilancia, bioseguridad e informaci\u00f3n para disminuir el riesgo de que aparezcan casos en Espa\u00f1a.<\/p>\n<p>En este contexto, Planas ha felicitado al Gobierno de Polonia por haber logrado controlar la diseminaci\u00f3n de la enfermedad hacia nuevos territorios durante el \u00faltimo a\u00f1o, quedando limitada su presencia en este pa\u00eds a la zona fronteriza con Bielorrusia, Ucrania y Rusia (Kaliningrado).<\/p>\n<p>El ministro ha mostrado su apoyo a Polonia en el control de esta enfermedad y ha se\u00f1alado la necesidad de que los pa\u00edses afectados por esta enfermedad cuenten con herramientas y apoyos financieros para afrontar este problema y erradicarlo.<\/p>\n<p>En concreto, Espa\u00f1a apoya las medidas de control y reducci\u00f3n de jabal\u00edes que ya han sido adoptadas por las autoridades polacas El ministro ha puntualizado que es necesaria una estrategia de \u00e1mbito europeo para el control de las poblaciones de jabal\u00edes silvestres, dada su importancia en la epidemiolog\u00eda de la enfermedad. Tambi\u00e9n considera esencial la colaboraci\u00f3n de todos los Estados miembros en el control de los movimientos ilegales de jabal\u00edes, para evitar la diseminaci\u00f3n de la enfermedad.<\/p>\n<p>Por otra parte, ambos ministros han abordado la situaci\u00f3n del mercado del az\u00facar, sujeto a una alta volatilidad de los precios. Tanto Espa\u00f1a como Polonia son partidarios de mantener la ayuda acoplada a los productores de remolacha azucarera en la PAC post 2020, como una herramienta para evitar la desaparici\u00f3n de este importante cultivo para determinadas regiones con riesgo de despoblamiento.<\/p>\n","protected":false},"excerpt":{"rendered":"<p>En declaraciones a la entrada del Consejo, Luis Planas ha se\u00f1alado que no se deber\u00eda concluir la elaboraci\u00f3n de los reglamentos antes de conocer las cifras del presupuesto con el que van a contar los agricultores, ganaderos y el medio rural. El ministro tambi\u00e9n considera importante mantener la unidad de los tres reglamentos, de manera [&hellip;]<\/p>\n","protected":false},"author":1,"featured_media":1020957,"comment_status":"closed","ping_status":"closed","sticky":false,"template":"","format":"standard","meta":{"footnotes":""},"categories":[187],"tags":[],"class_list":["post-1020956","post","type-post","status-publish","format-standard","has-post-thumbnail","hentry","category-economia"],"aioseo_notices":[],"aioseo_head":"\n\t\t<!-- All in One SEO Pro 4.9.6.2 - aioseo.com -->\n\t<meta name=\"description\" content=\"En declaraciones a la entrada del Consejo, Luis Planas ha se\u00f1alado que no se deber\u00eda concluir la elaboraci\u00f3n de los reglamentos antes de conocer las cifras del presupuesto con el que van a contar los agricultores, ganaderos y el medio rural. El ministro tambi\u00e9n considera importante mantener la unidad de los tres reglamentos, de manera\" \/>\n\t<meta name=\"robots\" content=\"max-image-preview:large\" \/>\n\t<meta name=\"author\" content=\"El Digital de Asturias\"\/>\n\t<meta name=\"google-site-verification\" content=\"UA-38556648-1\" \/>\n\t<meta name=\"msvalidate.01\" content=\"7dfe9f3f1b24437ab69f4f2559babe99\" \/>\n\t<meta name=\"keywords\" content=\"econom\u00eda\" \/>\n\t<link rel=\"canonical\" href=\"https:\/\/www.eldigitaldeasturias.com\/noticias\/la-pac-concluira-despues-de-conocer-el-presupuesto-para-la-agricultura-post-2020\/\" \/>\n\t<meta name=\"generator\" content=\"All in One SEO Pro (AIOSEO) 4.9.6.2\" \/>\n\t\t<meta property=\"og:locale\" content=\"es_ES\" \/>\n\t\t<meta property=\"og:site_name\" content=\"El Digital de Asturias\" \/>\n\t\t<meta property=\"og:type\" content=\"article\" \/>\n\t\t<meta property=\"og:title\" content=\"La PAC concluir\u00e1 despu\u00e9s de conocer el presupuesto para la agricultura post 2020 - El Digital de Asturias\" \/>\n\t\t<meta property=\"og:description\" content=\"En declaraciones a la entrada del Consejo, Luis Planas ha se\u00f1alado que no se deber\u00eda concluir la elaboraci\u00f3n de los reglamentos antes de conocer las cifras del presupuesto con el que van a contar los agricultores, ganaderos y el medio rural. El ministro tambi\u00e9n considera importante mantener la unidad de los tres reglamentos, de manera\" \/>\n\t\t<meta property=\"og:url\" content=\"https:\/\/www.eldigitaldeasturias.com\/noticias\/la-pac-concluira-despues-de-conocer-el-presupuesto-para-la-agricultura-post-2020\/\" \/>\n\t\t<meta property=\"og:image\" content=\"https:\/\/www.eldigitaldeasturias.com\/noticias\/wp-content\/uploads\/2019\/03\/pac.jpg\" \/>\n\t\t<meta property=\"og:image:secure_url\" content=\"https:\/\/www.eldigitaldeasturias.com\/noticias\/wp-content\/uploads\/2019\/03\/pac.jpg\" \/>\n\t\t<meta property=\"og:image:width\" content=\"512\" \/>\n\t\t<meta property=\"og:image:height\" content=\"340\" \/>\n\t\t<meta property=\"article:tag\" content=\"econom\u00eda\" \/>\n\t\t<meta property=\"article:published_time\" content=\"2019-03-19T17:27:34+00:00\" \/>\n\t\t<meta property=\"article:modified_time\" content=\"2019-03-19T17:27:34+00:00\" \/>\n\t\t<meta property=\"article:publisher\" content=\"https:\/\/facebook.com\/eldigitaldeasturias\" \/>\n\t\t<meta name=\"twitter:card\" content=\"summary_large_image\" \/>\n\t\t<meta name=\"twitter:title\" content=\"La PAC concluir\u00e1 despu\u00e9s de conocer el presupuesto para la agricultura post 2020 - El Digital de Asturias\" \/>\n\t\t<meta name=\"twitter:description\" content=\"En declaraciones a la entrada del Consejo, Luis Planas ha se\u00f1alado que no se deber\u00eda concluir la elaboraci\u00f3n de los reglamentos antes de conocer las cifras del presupuesto con el que van a contar los agricultores, ganaderos y el medio rural. El ministro tambi\u00e9n considera importante mantener la unidad de los tres reglamentos, de manera\" \/>\n\t\t<meta name=\"twitter:image\" content=\"https:\/\/www.eldigitaldeasturias.com\/noticias\/wp-content\/uploads\/2019\/03\/pac.jpg\" \/>\n\t\t<meta name=\"twitter:label1\" content=\"Escrito por\" \/>\n\t\t<meta name=\"twitter:data1\" content=\"El Digital de Asturias\" \/>\n\t\t<meta name=\"twitter:label2\" content=\"Tiempo de lectura estimado\" \/>\n\t\t<meta name=\"twitter:data2\" content=\"4 minutos\" \/>\n\t\t<script type=\"application\/ld+json\" class=\"aioseo-schema\">\n\t\t\t{\"@context\":\"https:\\\/\\\/schema.org\",\"@graph\":[{\"@type\":\"BlogPosting\",\"@id\":\"https:\\\/\\\/www.eldigitaldeasturias.com\\\/noticias\\\/la-pac-concluira-despues-de-conocer-el-presupuesto-para-la-agricultura-post-2020\\\/#blogposting\",\"name\":\"La PAC concluir\\u00e1 despu\\u00e9s de conocer el presupuesto para la agricultura post 2020 - El Digital de Asturias\",\"headline\":\"La PAC concluir\\u00e1 despu\\u00e9s de conocer el presupuesto para la agricultura post 2020\",\"author\":{\"@id\":\"https:\\\/\\\/www.eldigitaldeasturias.com\\\/noticias\\\/author\\\/admin\\\/#author\"},\"publisher\":{\"@id\":\"https:\\\/\\\/www.eldigitaldeasturias.com\\\/noticias\\\/#organization\"},\"image\":{\"@type\":\"ImageObject\",\"url\":\"https:\\\/\\\/www.eldigitaldeasturias.com\\\/noticias\\\/wp-content\\\/uploads\\\/2019\\\/03\\\/pac.jpg\",\"width\":512,\"height\":340},\"datePublished\":\"2019-03-19T17:27:34+01:00\",\"dateModified\":\"2019-03-19T17:27:34+01:00\",\"inLanguage\":\"es-ES\",\"mainEntityOfPage\":{\"@id\":\"https:\\\/\\\/www.eldigitaldeasturias.com\\\/noticias\\\/la-pac-concluira-despues-de-conocer-el-presupuesto-para-la-agricultura-post-2020\\\/#webpage\"},\"isPartOf\":{\"@id\":\"https:\\\/\\\/www.eldigitaldeasturias.com\\\/noticias\\\/la-pac-concluira-despues-de-conocer-el-presupuesto-para-la-agricultura-post-2020\\\/#webpage\"},\"articleSection\":\"Econom\\u00eda\"},{\"@type\":\"BreadcrumbList\",\"@id\":\"https:\\\/\\\/www.eldigitaldeasturias.com\\\/noticias\\\/la-pac-concluira-despues-de-conocer-el-presupuesto-para-la-agricultura-post-2020\\\/#breadcrumblist\",\"itemListElement\":[{\"@type\":\"ListItem\",\"@id\":\"https:\\\/\\\/www.eldigitaldeasturias.com\\\/noticias#listItem\",\"position\":1,\"name\":\"Home\",\"item\":\"https:\\\/\\\/www.eldigitaldeasturias.com\\\/noticias\",\"nextItem\":{\"@type\":\"ListItem\",\"@id\":\"https:\\\/\\\/www.eldigitaldeasturias.com\\\/noticias\\\/category\\\/economia\\\/#listItem\",\"name\":\"Econom\\u00eda\"}},{\"@type\":\"ListItem\",\"@id\":\"https:\\\/\\\/www.eldigitaldeasturias.com\\\/noticias\\\/category\\\/economia\\\/#listItem\",\"position\":2,\"name\":\"Econom\\u00eda\",\"item\":\"https:\\\/\\\/www.eldigitaldeasturias.com\\\/noticias\\\/category\\\/economia\\\/\",\"nextItem\":{\"@type\":\"ListItem\",\"@id\":\"https:\\\/\\\/www.eldigitaldeasturias.com\\\/noticias\\\/la-pac-concluira-despues-de-conocer-el-presupuesto-para-la-agricultura-post-2020\\\/#listItem\",\"name\":\"La PAC concluir\\u00e1 despu\\u00e9s de conocer el presupuesto para la agricultura post 2020\"},\"previousItem\":{\"@type\":\"ListItem\",\"@id\":\"https:\\\/\\\/www.eldigitaldeasturias.com\\\/noticias#listItem\",\"name\":\"Home\"}},{\"@type\":\"ListItem\",\"@id\":\"https:\\\/\\\/www.eldigitaldeasturias.com\\\/noticias\\\/la-pac-concluira-despues-de-conocer-el-presupuesto-para-la-agricultura-post-2020\\\/#listItem\",\"position\":3,\"name\":\"La PAC concluir\\u00e1 despu\\u00e9s de conocer el presupuesto para la agricultura post 2020\",\"previousItem\":{\"@type\":\"ListItem\",\"@id\":\"https:\\\/\\\/www.eldigitaldeasturias.com\\\/noticias\\\/category\\\/economia\\\/#listItem\",\"name\":\"Econom\\u00eda\"}}]},{\"@type\":\"Organization\",\"@id\":\"https:\\\/\\\/www.eldigitaldeasturias.com\\\/noticias\\\/#organization\",\"name\":\"El Digital de Asturias\",\"description\":\"Hemeroteca\",\"url\":\"https:\\\/\\\/www.eldigitaldeasturias.com\\\/noticias\\\/\",\"email\":\"info@eldigitaldeasturias.com\",\"telephone\":\"+34652131393\",\"logo\":{\"@type\":\"ImageObject\",\"url\":\"https:\\\/\\\/www.eldigitaldeasturias.com\\\/noticias\\\/wp-content\\\/uploads\\\/2020\\\/12\\\/EDA.jpg\",\"@id\":\"https:\\\/\\\/www.eldigitaldeasturias.com\\\/noticias\\\/la-pac-concluira-despues-de-conocer-el-presupuesto-para-la-agricultura-post-2020\\\/#organizationLogo\",\"width\":649,\"height\":297},\"image\":{\"@id\":\"https:\\\/\\\/www.eldigitaldeasturias.com\\\/noticias\\\/la-pac-concluira-despues-de-conocer-el-presupuesto-para-la-agricultura-post-2020\\\/#organizationLogo\"},\"sameAs\":[\"https:\\\/\\\/facebook.com\\\/eldigitaldeasturias\",\"https:\\\/\\\/www.youtube.com\\\/channel\\\/UCZP-2wLEB9Rv6erhFmqVnvg\"],\"address\":{\"@id\":\"https:\\\/\\\/www.eldigitaldeasturias.com\\\/noticias\\\/#postaladdress\",\"@type\":\"PostalAddress\",\"streetAddress\":\"san antonio 4,\",\"postalCode\":\"33430\",\"addressLocality\":\"Cand\\u00e1s\",\"addressRegion\":\"Asturias\",\"addressCountry\":\"ES\"}},{\"@type\":\"Person\",\"@id\":\"https:\\\/\\\/www.eldigitaldeasturias.com\\\/noticias\\\/author\\\/admin\\\/#author\",\"url\":\"https:\\\/\\\/www.eldigitaldeasturias.com\\\/noticias\\\/author\\\/admin\\\/\",\"name\":\"El Digital de Asturias\",\"image\":{\"@type\":\"ImageObject\",\"@id\":\"https:\\\/\\\/www.eldigitaldeasturias.com\\\/noticias\\\/la-pac-concluira-despues-de-conocer-el-presupuesto-para-la-agricultura-post-2020\\\/#authorImage\",\"url\":\"https:\\\/\\\/www.eldigitaldeasturias.com\\\/noticias\\\/wp-content\\\/litespeed\\\/avatar\\\/18677e78aa0546b92d9dbf31ec7d7668.jpg?ver=1777290358\",\"width\":96,\"height\":96,\"caption\":\"El Digital de Asturias\"}},{\"@type\":\"WebPage\",\"@id\":\"https:\\\/\\\/www.eldigitaldeasturias.com\\\/noticias\\\/la-pac-concluira-despues-de-conocer-el-presupuesto-para-la-agricultura-post-2020\\\/#webpage\",\"url\":\"https:\\\/\\\/www.eldigitaldeasturias.com\\\/noticias\\\/la-pac-concluira-despues-de-conocer-el-presupuesto-para-la-agricultura-post-2020\\\/\",\"name\":\"La PAC concluir\\u00e1 despu\\u00e9s de conocer el presupuesto para la agricultura post 2020 - El Digital de Asturias\",\"description\":\"En declaraciones a la entrada del Consejo, Luis Planas ha se\\u00f1alado que no se deber\\u00eda concluir la elaboraci\\u00f3n de los reglamentos antes de conocer las cifras del presupuesto con el que van a contar los agricultores, ganaderos y el medio rural. El ministro tambi\\u00e9n considera importante mantener la unidad de los tres reglamentos, de manera\",\"inLanguage\":\"es-ES\",\"isPartOf\":{\"@id\":\"https:\\\/\\\/www.eldigitaldeasturias.com\\\/noticias\\\/#website\"},\"breadcrumb\":{\"@id\":\"https:\\\/\\\/www.eldigitaldeasturias.com\\\/noticias\\\/la-pac-concluira-despues-de-conocer-el-presupuesto-para-la-agricultura-post-2020\\\/#breadcrumblist\"},\"author\":{\"@id\":\"https:\\\/\\\/www.eldigitaldeasturias.com\\\/noticias\\\/author\\\/admin\\\/#author\"},\"creator\":{\"@id\":\"https:\\\/\\\/www.eldigitaldeasturias.com\\\/noticias\\\/author\\\/admin\\\/#author\"},\"image\":{\"@type\":\"ImageObject\",\"url\":\"https:\\\/\\\/www.eldigitaldeasturias.com\\\/noticias\\\/wp-content\\\/uploads\\\/2019\\\/03\\\/pac.jpg\",\"@id\":\"https:\\\/\\\/www.eldigitaldeasturias.com\\\/noticias\\\/la-pac-concluira-despues-de-conocer-el-presupuesto-para-la-agricultura-post-2020\\\/#mainImage\",\"width\":512,\"height\":340},\"primaryImageOfPage\":{\"@id\":\"https:\\\/\\\/www.eldigitaldeasturias.com\\\/noticias\\\/la-pac-concluira-despues-de-conocer-el-presupuesto-para-la-agricultura-post-2020\\\/#mainImage\"},\"datePublished\":\"2019-03-19T17:27:34+01:00\",\"dateModified\":\"2019-03-19T17:27:34+01:00\"},{\"@type\":\"WebSite\",\"@id\":\"https:\\\/\\\/www.eldigitaldeasturias.com\\\/noticias\\\/#website\",\"url\":\"https:\\\/\\\/www.eldigitaldeasturias.com\\\/noticias\\\/\",\"name\":\"El Digital de Asturias - Diario de actualidad y noticias\",\"alternateName\":\"El Digital de Asturias - Diario de actualidad y noticias\",\"description\":\"Hemeroteca\",\"inLanguage\":\"es-ES\",\"publisher\":{\"@id\":\"https:\\\/\\\/www.eldigitaldeasturias.com\\\/noticias\\\/#organization\"}}]}\n\t\t<\/script>\n\t\t<!-- All in One SEO Pro -->\r\n\t\t<title>La PAC concluir\u00e1 despu\u00e9s de conocer el presupuesto para la agricultura post 2020 - El Digital de Asturias<\/title>\n\n","aioseo_head_json":{"title":"La PAC concluir\u00e1 despu\u00e9s de conocer el presupuesto para la agricultura post 2020 - El Digital de Asturias","description":"En declaraciones a la entrada del Consejo, Luis Planas ha se\u00f1alado que no se deber\u00eda concluir la elaboraci\u00f3n de los reglamentos antes de conocer las cifras del presupuesto con el que van a contar los agricultores, ganaderos y el medio rural. El ministro tambi\u00e9n considera importante mantener la unidad de los tres reglamentos, de manera","canonical_url":"https:\/\/www.eldigitaldeasturias.com\/noticias\/la-pac-concluira-despues-de-conocer-el-presupuesto-para-la-agricultura-post-2020\/","robots":"max-image-preview:large","keywords":"econom\u00eda","webmasterTools":{"google-site-verification":"UA-38556648-1","msvalidate.01":"7dfe9f3f1b24437ab69f4f2559babe99","miscellaneous":""},"schema":{"@context":"https:\/\/schema.org","@graph":[{"@type":"BlogPosting","@id":"https:\/\/www.eldigitaldeasturias.com\/noticias\/la-pac-concluira-despues-de-conocer-el-presupuesto-para-la-agricultura-post-2020\/#blogposting","name":"La PAC concluir\u00e1 despu\u00e9s de conocer el presupuesto para la agricultura post 2020 - El Digital de Asturias","headline":"La PAC concluir\u00e1 despu\u00e9s de conocer el presupuesto para la agricultura post 2020","author":{"@id":"https:\/\/www.eldigitaldeasturias.com\/noticias\/author\/admin\/#author"},"publisher":{"@id":"https:\/\/www.eldigitaldeasturias.com\/noticias\/#organization"},"image":{"@type":"ImageObject","url":"https:\/\/www.eldigitaldeasturias.com\/noticias\/wp-content\/uploads\/2019\/03\/pac.jpg","width":512,"height":340},"datePublished":"2019-03-19T17:27:34+01:00","dateModified":"2019-03-19T17:27:34+01:00","inLanguage":"es-ES","mainEntityOfPage":{"@id":"https:\/\/www.eldigitaldeasturias.com\/noticias\/la-pac-concluira-despues-de-conocer-el-presupuesto-para-la-agricultura-post-2020\/#webpage"},"isPartOf":{"@id":"https:\/\/www.eldigitaldeasturias.com\/noticias\/la-pac-concluira-despues-de-conocer-el-presupuesto-para-la-agricultura-post-2020\/#webpage"},"articleSection":"Econom\u00eda"},{"@type":"BreadcrumbList","@id":"https:\/\/www.eldigitaldeasturias.com\/noticias\/la-pac-concluira-despues-de-conocer-el-presupuesto-para-la-agricultura-post-2020\/#breadcrumblist","itemListElement":[{"@type":"ListItem","@id":"https:\/\/www.eldigitaldeasturias.com\/noticias#listItem","position":1,"name":"Home","item":"https:\/\/www.eldigitaldeasturias.com\/noticias","nextItem":{"@type":"ListItem","@id":"https:\/\/www.eldigitaldeasturias.com\/noticias\/category\/economia\/#listItem","name":"Econom\u00eda"}},{"@type":"ListItem","@id":"https:\/\/www.eldigitaldeasturias.com\/noticias\/category\/economia\/#listItem","position":2,"name":"Econom\u00eda","item":"https:\/\/www.eldigitaldeasturias.com\/noticias\/category\/economia\/","nextItem":{"@type":"ListItem","@id":"https:\/\/www.eldigitaldeasturias.com\/noticias\/la-pac-concluira-despues-de-conocer-el-presupuesto-para-la-agricultura-post-2020\/#listItem","name":"La PAC concluir\u00e1 despu\u00e9s de conocer el presupuesto para la agricultura post 2020"},"previousItem":{"@type":"ListItem","@id":"https:\/\/www.eldigitaldeasturias.com\/noticias#listItem","name":"Home"}},{"@type":"ListItem","@id":"https:\/\/www.eldigitaldeasturias.com\/noticias\/la-pac-concluira-despues-de-conocer-el-presupuesto-para-la-agricultura-post-2020\/#listItem","position":3,"name":"La PAC concluir\u00e1 despu\u00e9s de conocer el presupuesto para la agricultura post 2020","previousItem":{"@type":"ListItem","@id":"https:\/\/www.eldigitaldeasturias.com\/noticias\/category\/economia\/#listItem","name":"Econom\u00eda"}}]},{"@type":"Organization","@id":"https:\/\/www.eldigitaldeasturias.com\/noticias\/#organization","name":"El Digital de Asturias","description":"Hemeroteca","url":"https:\/\/www.eldigitaldeasturias.com\/noticias\/","email":"info@eldigitaldeasturias.com","telephone":"+34652131393","logo":{"@type":"ImageObject","url":"https:\/\/www.eldigitaldeasturias.com\/noticias\/wp-content\/uploads\/2020\/12\/EDA.jpg","@id":"https:\/\/www.eldigitaldeasturias.com\/noticias\/la-pac-concluira-despues-de-conocer-el-presupuesto-para-la-agricultura-post-2020\/#organizationLogo","width":649,"height":297},"image":{"@id":"https:\/\/www.eldigitaldeasturias.com\/noticias\/la-pac-concluira-despues-de-conocer-el-presupuesto-para-la-agricultura-post-2020\/#organizationLogo"},"sameAs":["https:\/\/facebook.com\/eldigitaldeasturias","https:\/\/www.youtube.com\/channel\/UCZP-2wLEB9Rv6erhFmqVnvg"],"address":{"@id":"https:\/\/www.eldigitaldeasturias.com\/noticias\/#postaladdress","@type":"PostalAddress","streetAddress":"san antonio 4,","postalCode":"33430","addressLocality":"Cand\u00e1s","addressRegion":"Asturias","addressCountry":"ES"}},{"@type":"Person","@id":"https:\/\/www.eldigitaldeasturias.com\/noticias\/author\/admin\/#author","url":"https:\/\/www.eldigitaldeasturias.com\/noticias\/author\/admin\/","name":"El Digital de Asturias","image":{"@type":"ImageObject","@id":"https:\/\/www.eldigitaldeasturias.com\/noticias\/la-pac-concluira-despues-de-conocer-el-presupuesto-para-la-agricultura-post-2020\/#authorImage","url":"https:\/\/www.eldigitaldeasturias.com\/noticias\/wp-content\/litespeed\/avatar\/18677e78aa0546b92d9dbf31ec7d7668.jpg?ver=1777290358","width":96,"height":96,"caption":"El Digital de Asturias"}},{"@type":"WebPage","@id":"https:\/\/www.eldigitaldeasturias.com\/noticias\/la-pac-concluira-despues-de-conocer-el-presupuesto-para-la-agricultura-post-2020\/#webpage","url":"https:\/\/www.eldigitaldeasturias.com\/noticias\/la-pac-concluira-despues-de-conocer-el-presupuesto-para-la-agricultura-post-2020\/","name":"La PAC concluir\u00e1 despu\u00e9s de conocer el presupuesto para la agricultura post 2020 - El Digital de Asturias","description":"En declaraciones a la entrada del Consejo, Luis Planas ha se\u00f1alado que no se deber\u00eda concluir la elaboraci\u00f3n de los reglamentos antes de conocer las cifras del presupuesto con el que van a contar los agricultores, ganaderos y el medio rural. El ministro tambi\u00e9n considera importante mantener la unidad de los tres reglamentos, de manera","inLanguage":"es-ES","isPartOf":{"@id":"https:\/\/www.eldigitaldeasturias.com\/noticias\/#website"},"breadcrumb":{"@id":"https:\/\/www.eldigitaldeasturias.com\/noticias\/la-pac-concluira-despues-de-conocer-el-presupuesto-para-la-agricultura-post-2020\/#breadcrumblist"},"author":{"@id":"https:\/\/www.eldigitaldeasturias.com\/noticias\/author\/admin\/#author"},"creator":{"@id":"https:\/\/www.eldigitaldeasturias.com\/noticias\/author\/admin\/#author"},"image":{"@type":"ImageObject","url":"https:\/\/www.eldigitaldeasturias.com\/noticias\/wp-content\/uploads\/2019\/03\/pac.jpg","@id":"https:\/\/www.eldigitaldeasturias.com\/noticias\/la-pac-concluira-despues-de-conocer-el-presupuesto-para-la-agricultura-post-2020\/#mainImage","width":512,"height":340},"primaryImageOfPage":{"@id":"https:\/\/www.eldigitaldeasturias.com\/noticias\/la-pac-concluira-despues-de-conocer-el-presupuesto-para-la-agricultura-post-2020\/#mainImage"},"datePublished":"2019-03-19T17:27:34+01:00","dateModified":"2019-03-19T17:27:34+01:00"},{"@type":"WebSite","@id":"https:\/\/www.eldigitaldeasturias.com\/noticias\/#website","url":"https:\/\/www.eldigitaldeasturias.com\/noticias\/","name":"El Digital de Asturias - Diario de actualidad y noticias","alternateName":"El Digital de Asturias - Diario de actualidad y noticias","description":"Hemeroteca","inLanguage":"es-ES","publisher":{"@id":"https:\/\/www.eldigitaldeasturias.com\/noticias\/#organization"}}]},"og:locale":"es_ES","og:site_name":"El Digital de Asturias","og:type":"article","og:title":"La PAC concluir\u00e1 despu\u00e9s de conocer el presupuesto para la agricultura post 2020 - El Digital de Asturias","og:description":"En declaraciones a la entrada del Consejo, Luis Planas ha se\u00f1alado que no se deber\u00eda concluir la elaboraci\u00f3n de los reglamentos antes de conocer las cifras del presupuesto con el que van a contar los agricultores, ganaderos y el medio rural. El ministro tambi\u00e9n considera importante mantener la unidad de los tres reglamentos, de manera","og:url":"https:\/\/www.eldigitaldeasturias.com\/noticias\/la-pac-concluira-despues-de-conocer-el-presupuesto-para-la-agricultura-post-2020\/","og:image":"https:\/\/www.eldigitaldeasturias.com\/noticias\/wp-content\/uploads\/2019\/03\/pac.jpg","og:image:secure_url":"https:\/\/www.eldigitaldeasturias.com\/noticias\/wp-content\/uploads\/2019\/03\/pac.jpg","og:image:width":512,"og:image:height":340,"article:tag":["econom\u00eda"],"article:published_time":"2019-03-19T17:27:34+00:00","article:modified_time":"2019-03-19T17:27:34+00:00","article:publisher":"https:\/\/facebook.com\/eldigitaldeasturias","twitter:card":"summary_large_image","twitter:title":"La PAC concluir\u00e1 despu\u00e9s de conocer el presupuesto para la agricultura post 2020 - El Digital de Asturias","twitter:description":"En declaraciones a la entrada del Consejo, Luis Planas ha se\u00f1alado que no se deber\u00eda concluir la elaboraci\u00f3n de los reglamentos antes de conocer las cifras del presupuesto con el que van a contar los agricultores, ganaderos y el medio rural. El ministro tambi\u00e9n considera importante mantener la unidad de los tres reglamentos, de manera","twitter:image":"https:\/\/www.eldigitaldeasturias.com\/noticias\/wp-content\/uploads\/2019\/03\/pac.jpg","twitter:label1":"Escrito por","twitter:data1":"El Digital de Asturias","twitter:label2":"Tiempo de lectura estimado","twitter:data2":"4 minutos"},"aioseo_meta_data":{"post_id":"1020956","title":null,"description":null,"keywords":null,"keyphrases":null,"primary_term":null,"canonical_url":null,"og_title":null,"og_description":null,"og_object_type":"default","og_image_type":"default","og_image_url":null,"og_image_width":null,"og_image_height":null,"og_image_custom_url":null,"og_image_custom_fields":null,"og_video":null,"og_custom_url":null,"og_article_section":null,"og_article_tags":null,"twitter_use_og":false,"twitter_card":"default","twitter_image_type":"default","twitter_image_url":null,"twitter_image_custom_url":null,"twitter_image_custom_fields":null,"twitter_title":null,"twitter_description":null,"schema":{"blockGraphs":[],"customGraphs":[],"default":{"data":{"Article":[],"Course":[],"Dataset":[],"FAQPage":[],"Movie":[],"Person":[],"Product":[],"ProductReview":[],"Car":[],"Recipe":[],"Service":[],"SoftwareApplication":[],"WebPage":[]},"graphName":"","isEnabled":true},"graphs":[],"defaultGraph":"","defaultPostTypeGraph":""},"schema_type":null,"schema_type_options":null,"pillar_content":false,"robots_default":true,"robots_noindex":false,"robots_noarchive":false,"robots_nosnippet":false,"robots_nofollow":false,"robots_noimageindex":false,"robots_noodp":false,"robots_notranslate":false,"robots_max_snippet":null,"robots_max_videopreview":null,"robots_max_imagepreview":"large","priority":null,"frequency":null,"local_seo":null,"seo_analyzer_scan_date":"2025-10-17 02:02:07","breadcrumb_settings":null,"limit_modified_date":false,"open_ai":null,"ai":null,"created":"2020-12-21 11:16:19","updated":"2025-10-17 02:02:07"},"aioseo_breadcrumb":"<div class=\"aioseo-breadcrumbs\"><span class=\"aioseo-breadcrumb\">\n\t<a href=\"https:\/\/www.eldigitaldeasturias.com\/noticias\" title=\"Home\">Home<\/a>\n<\/span><span class=\"aioseo-breadcrumb-separator\">\u2013<\/span><span class=\"aioseo-breadcrumb\">\n\t<a href=\"https:\/\/www.eldigitaldeasturias.com\/noticias\/category\/economia\/\" title=\"Econom\u00eda\">Econom\u00eda<\/a>\n<\/span><span class=\"aioseo-breadcrumb-separator\">\u2013<\/span><span class=\"aioseo-breadcrumb\">\n\t<a href=\"https:\/\/www.eldigitaldeasturias.com\/noticias\/la-pac-concluira-despues-de-conocer-el-presupuesto-para-la-agricultura-post-2020\/\" title=\"La PAC concluir\u00e1 despu\u00e9s de conocer el presupuesto para la agricultura post 2020\">La PAC concluir\u00e1 despu\u00e9s de conocer el presupuesto para la agricultura post 2020<\/a>\n<\/span><\/div>","aioseo_breadcrumb_json":[{"label":"Home","link":"https:\/\/www.eldigitaldeasturias.com\/noticias"},{"label":"Econom\u00eda","link":"https:\/\/www.eldigitaldeasturias.com\/noticias\/category\/economia\/"},{"label":"La PAC concluir\u00e1 despu\u00e9s de conocer el presupuesto para la agricultura post 2020","link":"https:\/\/www.eldigitaldeasturias.com\/noticias\/la-pac-concluira-despues-de-conocer-el-presupuesto-para-la-agricultura-post-2020\/"}],"_links":{"self":[{"href":"https:\/\/www.eldigitaldeasturias.com\/noticias\/wp-json\/wp\/v2\/posts\/1020956","targetHints":{"allow":["GET"]}}],"collection":[{"href":"https:\/\/www.eldigitaldeasturias.com\/noticias\/wp-json\/wp\/v2\/posts"}],"about":[{"href":"https:\/\/www.eldigitaldeasturias.com\/noticias\/wp-json\/wp\/v2\/types\/post"}],"author":[{"embeddable":true,"href":"https:\/\/www.eldigitaldeasturias.com\/noticias\/wp-json\/wp\/v2\/users\/1"}],"replies":[{"embeddable":true,"href":"https:\/\/www.eldigitaldeasturias.com\/noticias\/wp-json\/wp\/v2\/comments?post=1020956"}],"version-history":[{"count":0,"href":"https:\/\/www.eldigitaldeasturias.com\/noticias\/wp-json\/wp\/v2\/posts\/1020956\/revisions"}],"wp:featuredmedia":[{"embeddable":true,"href":"https:\/\/www.eldigitaldeasturias.com\/noticias\/wp-json\/wp\/v2\/media\/1020957"}],"wp:attachment":[{"href":"https:\/\/www.eldigitaldeasturias.com\/noticias\/wp-json\/wp\/v2\/media?parent=1020956"}],"wp:term":[{"taxonomy":"category","embeddable":true,"href":"https:\/\/www.eldigitaldeasturias.com\/noticias\/wp-json\/wp\/v2\/categories?post=1020956"},{"taxonomy":"post_tag","embeddable":true,"href":"https:\/\/www.eldigitaldeasturias.com\/noticias\/wp-json\/wp\/v2\/tags?post=1020956"}],"curies":[{"name":"wp","href":"https:\/\/api.w.org\/{rel}","templated":true}]}}