{"id":1020921,"date":"2019-03-19T16:54:53","date_gmt":"2019-03-19T16:54:53","guid":{"rendered":"https:\/\/www.eldigitaldeasturias.com\/noticias\/?p=1020921"},"modified":"2019-03-19T16:54:53","modified_gmt":"2019-03-19T16:54:53","slug":"los-afiliados-a-la-seguridad-social-en-turismo-crecieron-un-41-en-febrero-de-2019","status":"publish","type":"post","link":"https:\/\/www.eldigitaldeasturias.com\/noticias\/los-afiliados-a-la-seguridad-social-en-turismo-crecieron-un-41-en-febrero-de-2019\/","title":{"rendered":"Los afiliados a la Seguridad Social en turismo crecieron un 4,1% en febrero de 2019"},"content":{"rendered":"<p><img loading=\"lazy\" decoding=\"async\" class=\"alignleft size-medium wp-image-801124\" src=\"https:\/\/www.eldigitaldeasturias.com\/noticias\/wp-content\/uploads\/2015\/08\/playacandas-360x206.jpg\" alt=\"\" width=\"360\" height=\"206\" srcset=\"https:\/\/www.eldigitaldeasturias.com\/noticias\/wp-content\/uploads\/2015\/08\/playacandas-360x206.jpg 360w, https:\/\/www.eldigitaldeasturias.com\/noticias\/wp-content\/uploads\/2015\/08\/playacandas.jpg 628w\" sizes=\"auto, (max-width: 360px) 100vw, 360px\" \/>Las afiliaciones a la Seguridad Social de quienes est\u00e1n vinculados a actividades tur\u00edsticas crecieron en febrero un 4,1% interanual, alcanzando un total de 2.310.321 afiliados, seg\u00fan los datos difundidos hoy por Turespa\u00f1a, dependiente del Ministerio de Industria, Comercio y Turismo. Esta cifra es la m\u00e1s alta de la serie hist\u00f3rica en un mes de febrero. Los afiliados en actividades tur\u00edsticas supusieron el 12,3% del total en la econom\u00eda nacional.<\/p>\n<p>En el conjunto de la econom\u00eda nacional, el total de afiliados creci\u00f3 un 2,9% en febrero, lo que supuso la creaci\u00f3n de 532.204 empleos, de los cuales 90.584 correspondieron a actividades vinculadas con el turismo. El incremento se registr\u00f3 en todas las ramas tur\u00edsticas: la hosteler\u00eda creci\u00f3 en 49.141 afiliados (40.511 afiliados m\u00e1s en los servicios de comidas y bebidas, y 8.630 m\u00e1s en los servicios de alojamiento), en otras actividades tur\u00edsticas aument\u00f3 en 37.388 afiliados m\u00e1s, y en las agencias de viajes hubo un incremento de 4.055 trabajadores. Resalta el comportamiento positivo de esta rama desde octubre de 2014, al haber sido una actividad que redujo su empleo de forma continuada de 2008 a 2014.<\/p>\n<p>El mes pasado la cifra de asalariados en el sector tur\u00edstico, que representa el 79,4% del total, creci\u00f3 un 4,8% respecto al mismo mes del a\u00f1o anterior, mientras que el empleo aut\u00f3nomo (20,6% del total) aument\u00f3 un 1,2%.<\/p>\n<p><strong>Datos por Comunidades Aut\u00f3nomas<\/strong><\/p>\n<p>En febrero, el empleo en el conjunto de hosteler\u00eda y agencias de viajes\/operadores tur\u00edsticos creci\u00f3 en todas las Comunidades Aut\u00f3nomas excepto en Arag\u00f3n. En valores absolutos, Andaluc\u00eda fue la comunidad donde m\u00e1s crecieron tanto los asalariados como los aut\u00f3nomos.<\/p>\n<p>En t\u00e9rminos relativos, destacan las subidas interanuales de Andaluc\u00eda (6,3%) y Comunidad Valenciana (4,7%). Asimismo, los afiliados asalariados se incrementaron en todas las comunidades, destacando Andaluc\u00eda (7,8%), Regi\u00f3n de Murcia (5,9%), Comunidad Valenciana (5,8%) y Castilla La Mancha (5,8%).<\/p>\n","protected":false},"excerpt":{"rendered":"<p>Las afiliaciones a la Seguridad Social de quienes est\u00e1n vinculados a actividades tur\u00edsticas crecieron en febrero un 4,1% interanual, alcanzando un total de 2.310.321 afiliados, seg\u00fan los datos difundidos hoy por Turespa\u00f1a, dependiente del Ministerio de Industria, Comercio y Turismo. Esta cifra es la m\u00e1s alta de la serie hist\u00f3rica en un mes de febrero. [&hellip;]<\/p>\n","protected":false},"author":1,"featured_media":973871,"comment_status":"closed","ping_status":"closed","sticky":false,"template":"","format":"standard","meta":{"footnotes":""},"categories":[187],"tags":[],"class_list":["post-1020921","post","type-post","status-publish","format-standard","has-post-thumbnail","hentry","category-economia"],"aioseo_notices":[],"aioseo_head":"\n\t\t<!-- All in One SEO Pro 4.9.6.2 - aioseo.com -->\n\t<meta name=\"description\" content=\"Las afiliaciones a la Seguridad Social de quienes est\u00e1n vinculados a actividades tur\u00edsticas crecieron en febrero un 4,1% interanual, alcanzando un total de 2.310.321 afiliados, seg\u00fan los datos difundidos hoy por Turespa\u00f1a, dependiente del Ministerio de Industria, Comercio y Turismo. Esta cifra es la m\u00e1s alta de la serie hist\u00f3rica en un mes de febrero.\" \/>\n\t<meta name=\"robots\" content=\"max-image-preview:large\" \/>\n\t<meta name=\"author\" content=\"El Digital de Asturias\"\/>\n\t<meta name=\"google-site-verification\" content=\"UA-38556648-1\" \/>\n\t<meta name=\"msvalidate.01\" content=\"7dfe9f3f1b24437ab69f4f2559babe99\" \/>\n\t<meta name=\"keywords\" content=\"econom\u00eda\" \/>\n\t<link rel=\"canonical\" href=\"https:\/\/www.eldigitaldeasturias.com\/noticias\/los-afiliados-a-la-seguridad-social-en-turismo-crecieron-un-41-en-febrero-de-2019\/\" \/>\n\t<meta name=\"generator\" content=\"All in One SEO Pro (AIOSEO) 4.9.6.2\" \/>\n\t\t<meta property=\"og:locale\" content=\"es_ES\" \/>\n\t\t<meta property=\"og:site_name\" content=\"El Digital de Asturias\" \/>\n\t\t<meta property=\"og:type\" content=\"article\" \/>\n\t\t<meta property=\"og:title\" content=\"Los afiliados a la Seguridad Social en turismo crecieron un 4,1% en febrero de 2019 - El Digital de Asturias\" \/>\n\t\t<meta property=\"og:description\" content=\"Las afiliaciones a la Seguridad Social de quienes est\u00e1n vinculados a actividades tur\u00edsticas crecieron en febrero un 4,1% interanual, alcanzando un total de 2.310.321 afiliados, seg\u00fan los datos difundidos hoy por Turespa\u00f1a, dependiente del Ministerio de Industria, Comercio y Turismo. Esta cifra es la m\u00e1s alta de la serie hist\u00f3rica en un mes de febrero.\" \/>\n\t\t<meta property=\"og:url\" content=\"https:\/\/www.eldigitaldeasturias.com\/noticias\/los-afiliados-a-la-seguridad-social-en-turismo-crecieron-un-41-en-febrero-de-2019\/\" \/>\n\t\t<meta property=\"og:image\" content=\"https:\/\/www.eldigitaldeasturias.com\/noticias\/wp-content\/uploads\/2018\/03\/candas.jpg\" \/>\n\t\t<meta property=\"og:image:secure_url\" content=\"https:\/\/www.eldigitaldeasturias.com\/noticias\/wp-content\/uploads\/2018\/03\/candas.jpg\" \/>\n\t\t<meta property=\"og:image:width\" content=\"892\" \/>\n\t\t<meta property=\"og:image:height\" content=\"552\" \/>\n\t\t<meta property=\"article:tag\" content=\"econom\u00eda\" \/>\n\t\t<meta property=\"article:published_time\" content=\"2019-03-19T16:54:53+00:00\" \/>\n\t\t<meta property=\"article:modified_time\" content=\"2019-03-19T16:54:53+00:00\" \/>\n\t\t<meta property=\"article:publisher\" content=\"https:\/\/facebook.com\/eldigitaldeasturias\" \/>\n\t\t<meta name=\"twitter:card\" content=\"summary_large_image\" \/>\n\t\t<meta name=\"twitter:title\" content=\"Los afiliados a la Seguridad Social en turismo crecieron un 4,1% en febrero de 2019 - El Digital de Asturias\" \/>\n\t\t<meta name=\"twitter:description\" content=\"Las afiliaciones a la Seguridad Social de quienes est\u00e1n vinculados a actividades tur\u00edsticas crecieron en febrero un 4,1% interanual, alcanzando un total de 2.310.321 afiliados, seg\u00fan los datos difundidos hoy por Turespa\u00f1a, dependiente del Ministerio de Industria, Comercio y Turismo. Esta cifra es la m\u00e1s alta de la serie hist\u00f3rica en un mes de febrero.\" \/>\n\t\t<meta name=\"twitter:image\" content=\"https:\/\/www.eldigitaldeasturias.com\/noticias\/wp-content\/uploads\/2018\/03\/candas.jpg\" \/>\n\t\t<meta name=\"twitter:label1\" content=\"Escrito por\" \/>\n\t\t<meta name=\"twitter:data1\" content=\"El Digital de Asturias\" \/>\n\t\t<meta name=\"twitter:label2\" content=\"Tiempo de lectura estimado\" \/>\n\t\t<meta name=\"twitter:data2\" content=\"2 minutos\" \/>\n\t\t<script type=\"application\/ld+json\" class=\"aioseo-schema\">\n\t\t\t{\"@context\":\"https:\\\/\\\/schema.org\",\"@graph\":[{\"@type\":\"BlogPosting\",\"@id\":\"https:\\\/\\\/www.eldigitaldeasturias.com\\\/noticias\\\/los-afiliados-a-la-seguridad-social-en-turismo-crecieron-un-41-en-febrero-de-2019\\\/#blogposting\",\"name\":\"Los afiliados a la Seguridad Social en turismo crecieron un 4,1% en febrero de 2019 - El Digital de Asturias\",\"headline\":\"Los afiliados a la Seguridad Social en turismo crecieron un 4,1% en febrero de 2019\",\"author\":{\"@id\":\"https:\\\/\\\/www.eldigitaldeasturias.com\\\/noticias\\\/author\\\/admin\\\/#author\"},\"publisher\":{\"@id\":\"https:\\\/\\\/www.eldigitaldeasturias.com\\\/noticias\\\/#organization\"},\"image\":{\"@type\":\"ImageObject\",\"url\":\"https:\\\/\\\/www.eldigitaldeasturias.com\\\/noticias\\\/wp-content\\\/uploads\\\/2018\\\/03\\\/candas.jpg\",\"width\":892,\"height\":552,\"caption\":\"Asturias\"},\"datePublished\":\"2019-03-19T16:54:53+01:00\",\"dateModified\":\"2019-03-19T16:54:53+01:00\",\"inLanguage\":\"es-ES\",\"mainEntityOfPage\":{\"@id\":\"https:\\\/\\\/www.eldigitaldeasturias.com\\\/noticias\\\/los-afiliados-a-la-seguridad-social-en-turismo-crecieron-un-41-en-febrero-de-2019\\\/#webpage\"},\"isPartOf\":{\"@id\":\"https:\\\/\\\/www.eldigitaldeasturias.com\\\/noticias\\\/los-afiliados-a-la-seguridad-social-en-turismo-crecieron-un-41-en-febrero-de-2019\\\/#webpage\"},\"articleSection\":\"Econom\\u00eda\"},{\"@type\":\"BreadcrumbList\",\"@id\":\"https:\\\/\\\/www.eldigitaldeasturias.com\\\/noticias\\\/los-afiliados-a-la-seguridad-social-en-turismo-crecieron-un-41-en-febrero-de-2019\\\/#breadcrumblist\",\"itemListElement\":[{\"@type\":\"ListItem\",\"@id\":\"https:\\\/\\\/www.eldigitaldeasturias.com\\\/noticias#listItem\",\"position\":1,\"name\":\"Home\",\"item\":\"https:\\\/\\\/www.eldigitaldeasturias.com\\\/noticias\",\"nextItem\":{\"@type\":\"ListItem\",\"@id\":\"https:\\\/\\\/www.eldigitaldeasturias.com\\\/noticias\\\/category\\\/economia\\\/#listItem\",\"name\":\"Econom\\u00eda\"}},{\"@type\":\"ListItem\",\"@id\":\"https:\\\/\\\/www.eldigitaldeasturias.com\\\/noticias\\\/category\\\/economia\\\/#listItem\",\"position\":2,\"name\":\"Econom\\u00eda\",\"item\":\"https:\\\/\\\/www.eldigitaldeasturias.com\\\/noticias\\\/category\\\/economia\\\/\",\"nextItem\":{\"@type\":\"ListItem\",\"@id\":\"https:\\\/\\\/www.eldigitaldeasturias.com\\\/noticias\\\/los-afiliados-a-la-seguridad-social-en-turismo-crecieron-un-41-en-febrero-de-2019\\\/#listItem\",\"name\":\"Los afiliados a la Seguridad Social en turismo crecieron un 4,1% en febrero de 2019\"},\"previousItem\":{\"@type\":\"ListItem\",\"@id\":\"https:\\\/\\\/www.eldigitaldeasturias.com\\\/noticias#listItem\",\"name\":\"Home\"}},{\"@type\":\"ListItem\",\"@id\":\"https:\\\/\\\/www.eldigitaldeasturias.com\\\/noticias\\\/los-afiliados-a-la-seguridad-social-en-turismo-crecieron-un-41-en-febrero-de-2019\\\/#listItem\",\"position\":3,\"name\":\"Los afiliados a la Seguridad Social en turismo crecieron un 4,1% en febrero de 2019\",\"previousItem\":{\"@type\":\"ListItem\",\"@id\":\"https:\\\/\\\/www.eldigitaldeasturias.com\\\/noticias\\\/category\\\/economia\\\/#listItem\",\"name\":\"Econom\\u00eda\"}}]},{\"@type\":\"Organization\",\"@id\":\"https:\\\/\\\/www.eldigitaldeasturias.com\\\/noticias\\\/#organization\",\"name\":\"El Digital de Asturias\",\"description\":\"Hemeroteca\",\"url\":\"https:\\\/\\\/www.eldigitaldeasturias.com\\\/noticias\\\/\",\"email\":\"info@eldigitaldeasturias.com\",\"telephone\":\"+34652131393\",\"logo\":{\"@type\":\"ImageObject\",\"url\":\"https:\\\/\\\/www.eldigitaldeasturias.com\\\/noticias\\\/wp-content\\\/uploads\\\/2020\\\/12\\\/EDA.jpg\",\"@id\":\"https:\\\/\\\/www.eldigitaldeasturias.com\\\/noticias\\\/los-afiliados-a-la-seguridad-social-en-turismo-crecieron-un-41-en-febrero-de-2019\\\/#organizationLogo\",\"width\":649,\"height\":297},\"image\":{\"@id\":\"https:\\\/\\\/www.eldigitaldeasturias.com\\\/noticias\\\/los-afiliados-a-la-seguridad-social-en-turismo-crecieron-un-41-en-febrero-de-2019\\\/#organizationLogo\"},\"sameAs\":[\"https:\\\/\\\/facebook.com\\\/eldigitaldeasturias\",\"https:\\\/\\\/www.youtube.com\\\/channel\\\/UCZP-2wLEB9Rv6erhFmqVnvg\"],\"address\":{\"@id\":\"https:\\\/\\\/www.eldigitaldeasturias.com\\\/noticias\\\/#postaladdress\",\"@type\":\"PostalAddress\",\"streetAddress\":\"san antonio 4,\",\"postalCode\":\"33430\",\"addressLocality\":\"Cand\\u00e1s\",\"addressRegion\":\"Asturias\",\"addressCountry\":\"ES\"}},{\"@type\":\"Person\",\"@id\":\"https:\\\/\\\/www.eldigitaldeasturias.com\\\/noticias\\\/author\\\/admin\\\/#author\",\"url\":\"https:\\\/\\\/www.eldigitaldeasturias.com\\\/noticias\\\/author\\\/admin\\\/\",\"name\":\"El Digital de Asturias\",\"image\":{\"@type\":\"ImageObject\",\"@id\":\"https:\\\/\\\/www.eldigitaldeasturias.com\\\/noticias\\\/los-afiliados-a-la-seguridad-social-en-turismo-crecieron-un-41-en-febrero-de-2019\\\/#authorImage\",\"url\":\"https:\\\/\\\/www.eldigitaldeasturias.com\\\/noticias\\\/wp-content\\\/litespeed\\\/avatar\\\/18677e78aa0546b92d9dbf31ec7d7668.jpg?ver=1777290358\",\"width\":96,\"height\":96,\"caption\":\"El Digital de Asturias\"}},{\"@type\":\"WebPage\",\"@id\":\"https:\\\/\\\/www.eldigitaldeasturias.com\\\/noticias\\\/los-afiliados-a-la-seguridad-social-en-turismo-crecieron-un-41-en-febrero-de-2019\\\/#webpage\",\"url\":\"https:\\\/\\\/www.eldigitaldeasturias.com\\\/noticias\\\/los-afiliados-a-la-seguridad-social-en-turismo-crecieron-un-41-en-febrero-de-2019\\\/\",\"name\":\"Los afiliados a la Seguridad Social en turismo crecieron un 4,1% en febrero de 2019 - El Digital de Asturias\",\"description\":\"Las afiliaciones a la Seguridad Social de quienes est\\u00e1n vinculados a actividades tur\\u00edsticas crecieron en febrero un 4,1% interanual, alcanzando un total de 2.310.321 afiliados, seg\\u00fan los datos difundidos hoy por Turespa\\u00f1a, dependiente del Ministerio de Industria, Comercio y Turismo. Esta cifra es la m\\u00e1s alta de la serie hist\\u00f3rica en un mes de febrero.\",\"inLanguage\":\"es-ES\",\"isPartOf\":{\"@id\":\"https:\\\/\\\/www.eldigitaldeasturias.com\\\/noticias\\\/#website\"},\"breadcrumb\":{\"@id\":\"https:\\\/\\\/www.eldigitaldeasturias.com\\\/noticias\\\/los-afiliados-a-la-seguridad-social-en-turismo-crecieron-un-41-en-febrero-de-2019\\\/#breadcrumblist\"},\"author\":{\"@id\":\"https:\\\/\\\/www.eldigitaldeasturias.com\\\/noticias\\\/author\\\/admin\\\/#author\"},\"creator\":{\"@id\":\"https:\\\/\\\/www.eldigitaldeasturias.com\\\/noticias\\\/author\\\/admin\\\/#author\"},\"image\":{\"@type\":\"ImageObject\",\"url\":\"https:\\\/\\\/www.eldigitaldeasturias.com\\\/noticias\\\/wp-content\\\/uploads\\\/2018\\\/03\\\/candas.jpg\",\"@id\":\"https:\\\/\\\/www.eldigitaldeasturias.com\\\/noticias\\\/los-afiliados-a-la-seguridad-social-en-turismo-crecieron-un-41-en-febrero-de-2019\\\/#mainImage\",\"width\":892,\"height\":552,\"caption\":\"Asturias\"},\"primaryImageOfPage\":{\"@id\":\"https:\\\/\\\/www.eldigitaldeasturias.com\\\/noticias\\\/los-afiliados-a-la-seguridad-social-en-turismo-crecieron-un-41-en-febrero-de-2019\\\/#mainImage\"},\"datePublished\":\"2019-03-19T16:54:53+01:00\",\"dateModified\":\"2019-03-19T16:54:53+01:00\"},{\"@type\":\"WebSite\",\"@id\":\"https:\\\/\\\/www.eldigitaldeasturias.com\\\/noticias\\\/#website\",\"url\":\"https:\\\/\\\/www.eldigitaldeasturias.com\\\/noticias\\\/\",\"name\":\"El Digital de Asturias - Diario de actualidad y noticias\",\"alternateName\":\"El Digital de Asturias - Diario de actualidad y noticias\",\"description\":\"Hemeroteca\",\"inLanguage\":\"es-ES\",\"publisher\":{\"@id\":\"https:\\\/\\\/www.eldigitaldeasturias.com\\\/noticias\\\/#organization\"}}]}\n\t\t<\/script>\n\t\t<!-- All in One SEO Pro -->\r\n\t\t<title>Los afiliados a la Seguridad Social en turismo crecieron un 4,1% en febrero de 2019 - El Digital de Asturias<\/title>\n\n","aioseo_head_json":{"title":"Los afiliados a la Seguridad Social en turismo crecieron un 4,1% en febrero de 2019 - El Digital de Asturias","description":"Las afiliaciones a la Seguridad Social de quienes est\u00e1n vinculados a actividades tur\u00edsticas crecieron en febrero un 4,1% interanual, alcanzando un total de 2.310.321 afiliados, seg\u00fan los datos difundidos hoy por Turespa\u00f1a, dependiente del Ministerio de Industria, Comercio y Turismo. Esta cifra es la m\u00e1s alta de la serie hist\u00f3rica en un mes de febrero.","canonical_url":"https:\/\/www.eldigitaldeasturias.com\/noticias\/los-afiliados-a-la-seguridad-social-en-turismo-crecieron-un-41-en-febrero-de-2019\/","robots":"max-image-preview:large","keywords":"econom\u00eda","webmasterTools":{"google-site-verification":"UA-38556648-1","msvalidate.01":"7dfe9f3f1b24437ab69f4f2559babe99","miscellaneous":""},"schema":{"@context":"https:\/\/schema.org","@graph":[{"@type":"BlogPosting","@id":"https:\/\/www.eldigitaldeasturias.com\/noticias\/los-afiliados-a-la-seguridad-social-en-turismo-crecieron-un-41-en-febrero-de-2019\/#blogposting","name":"Los afiliados a la Seguridad Social en turismo crecieron un 4,1% en febrero de 2019 - El Digital de Asturias","headline":"Los afiliados a la Seguridad Social en turismo crecieron un 4,1% en febrero de 2019","author":{"@id":"https:\/\/www.eldigitaldeasturias.com\/noticias\/author\/admin\/#author"},"publisher":{"@id":"https:\/\/www.eldigitaldeasturias.com\/noticias\/#organization"},"image":{"@type":"ImageObject","url":"https:\/\/www.eldigitaldeasturias.com\/noticias\/wp-content\/uploads\/2018\/03\/candas.jpg","width":892,"height":552,"caption":"Asturias"},"datePublished":"2019-03-19T16:54:53+01:00","dateModified":"2019-03-19T16:54:53+01:00","inLanguage":"es-ES","mainEntityOfPage":{"@id":"https:\/\/www.eldigitaldeasturias.com\/noticias\/los-afiliados-a-la-seguridad-social-en-turismo-crecieron-un-41-en-febrero-de-2019\/#webpage"},"isPartOf":{"@id":"https:\/\/www.eldigitaldeasturias.com\/noticias\/los-afiliados-a-la-seguridad-social-en-turismo-crecieron-un-41-en-febrero-de-2019\/#webpage"},"articleSection":"Econom\u00eda"},{"@type":"BreadcrumbList","@id":"https:\/\/www.eldigitaldeasturias.com\/noticias\/los-afiliados-a-la-seguridad-social-en-turismo-crecieron-un-41-en-febrero-de-2019\/#breadcrumblist","itemListElement":[{"@type":"ListItem","@id":"https:\/\/www.eldigitaldeasturias.com\/noticias#listItem","position":1,"name":"Home","item":"https:\/\/www.eldigitaldeasturias.com\/noticias","nextItem":{"@type":"ListItem","@id":"https:\/\/www.eldigitaldeasturias.com\/noticias\/category\/economia\/#listItem","name":"Econom\u00eda"}},{"@type":"ListItem","@id":"https:\/\/www.eldigitaldeasturias.com\/noticias\/category\/economia\/#listItem","position":2,"name":"Econom\u00eda","item":"https:\/\/www.eldigitaldeasturias.com\/noticias\/category\/economia\/","nextItem":{"@type":"ListItem","@id":"https:\/\/www.eldigitaldeasturias.com\/noticias\/los-afiliados-a-la-seguridad-social-en-turismo-crecieron-un-41-en-febrero-de-2019\/#listItem","name":"Los afiliados a la Seguridad Social en turismo crecieron un 4,1% en febrero de 2019"},"previousItem":{"@type":"ListItem","@id":"https:\/\/www.eldigitaldeasturias.com\/noticias#listItem","name":"Home"}},{"@type":"ListItem","@id":"https:\/\/www.eldigitaldeasturias.com\/noticias\/los-afiliados-a-la-seguridad-social-en-turismo-crecieron-un-41-en-febrero-de-2019\/#listItem","position":3,"name":"Los afiliados a la Seguridad Social en turismo crecieron un 4,1% en febrero de 2019","previousItem":{"@type":"ListItem","@id":"https:\/\/www.eldigitaldeasturias.com\/noticias\/category\/economia\/#listItem","name":"Econom\u00eda"}}]},{"@type":"Organization","@id":"https:\/\/www.eldigitaldeasturias.com\/noticias\/#organization","name":"El Digital de Asturias","description":"Hemeroteca","url":"https:\/\/www.eldigitaldeasturias.com\/noticias\/","email":"info@eldigitaldeasturias.com","telephone":"+34652131393","logo":{"@type":"ImageObject","url":"https:\/\/www.eldigitaldeasturias.com\/noticias\/wp-content\/uploads\/2020\/12\/EDA.jpg","@id":"https:\/\/www.eldigitaldeasturias.com\/noticias\/los-afiliados-a-la-seguridad-social-en-turismo-crecieron-un-41-en-febrero-de-2019\/#organizationLogo","width":649,"height":297},"image":{"@id":"https:\/\/www.eldigitaldeasturias.com\/noticias\/los-afiliados-a-la-seguridad-social-en-turismo-crecieron-un-41-en-febrero-de-2019\/#organizationLogo"},"sameAs":["https:\/\/facebook.com\/eldigitaldeasturias","https:\/\/www.youtube.com\/channel\/UCZP-2wLEB9Rv6erhFmqVnvg"],"address":{"@id":"https:\/\/www.eldigitaldeasturias.com\/noticias\/#postaladdress","@type":"PostalAddress","streetAddress":"san antonio 4,","postalCode":"33430","addressLocality":"Cand\u00e1s","addressRegion":"Asturias","addressCountry":"ES"}},{"@type":"Person","@id":"https:\/\/www.eldigitaldeasturias.com\/noticias\/author\/admin\/#author","url":"https:\/\/www.eldigitaldeasturias.com\/noticias\/author\/admin\/","name":"El Digital de Asturias","image":{"@type":"ImageObject","@id":"https:\/\/www.eldigitaldeasturias.com\/noticias\/los-afiliados-a-la-seguridad-social-en-turismo-crecieron-un-41-en-febrero-de-2019\/#authorImage","url":"https:\/\/www.eldigitaldeasturias.com\/noticias\/wp-content\/litespeed\/avatar\/18677e78aa0546b92d9dbf31ec7d7668.jpg?ver=1777290358","width":96,"height":96,"caption":"El Digital de Asturias"}},{"@type":"WebPage","@id":"https:\/\/www.eldigitaldeasturias.com\/noticias\/los-afiliados-a-la-seguridad-social-en-turismo-crecieron-un-41-en-febrero-de-2019\/#webpage","url":"https:\/\/www.eldigitaldeasturias.com\/noticias\/los-afiliados-a-la-seguridad-social-en-turismo-crecieron-un-41-en-febrero-de-2019\/","name":"Los afiliados a la Seguridad Social en turismo crecieron un 4,1% en febrero de 2019 - El Digital de Asturias","description":"Las afiliaciones a la Seguridad Social de quienes est\u00e1n vinculados a actividades tur\u00edsticas crecieron en febrero un 4,1% interanual, alcanzando un total de 2.310.321 afiliados, seg\u00fan los datos difundidos hoy por Turespa\u00f1a, dependiente del Ministerio de Industria, Comercio y Turismo. Esta cifra es la m\u00e1s alta de la serie hist\u00f3rica en un mes de febrero.","inLanguage":"es-ES","isPartOf":{"@id":"https:\/\/www.eldigitaldeasturias.com\/noticias\/#website"},"breadcrumb":{"@id":"https:\/\/www.eldigitaldeasturias.com\/noticias\/los-afiliados-a-la-seguridad-social-en-turismo-crecieron-un-41-en-febrero-de-2019\/#breadcrumblist"},"author":{"@id":"https:\/\/www.eldigitaldeasturias.com\/noticias\/author\/admin\/#author"},"creator":{"@id":"https:\/\/www.eldigitaldeasturias.com\/noticias\/author\/admin\/#author"},"image":{"@type":"ImageObject","url":"https:\/\/www.eldigitaldeasturias.com\/noticias\/wp-content\/uploads\/2018\/03\/candas.jpg","@id":"https:\/\/www.eldigitaldeasturias.com\/noticias\/los-afiliados-a-la-seguridad-social-en-turismo-crecieron-un-41-en-febrero-de-2019\/#mainImage","width":892,"height":552,"caption":"Asturias"},"primaryImageOfPage":{"@id":"https:\/\/www.eldigitaldeasturias.com\/noticias\/los-afiliados-a-la-seguridad-social-en-turismo-crecieron-un-41-en-febrero-de-2019\/#mainImage"},"datePublished":"2019-03-19T16:54:53+01:00","dateModified":"2019-03-19T16:54:53+01:00"},{"@type":"WebSite","@id":"https:\/\/www.eldigitaldeasturias.com\/noticias\/#website","url":"https:\/\/www.eldigitaldeasturias.com\/noticias\/","name":"El Digital de Asturias - Diario de actualidad y noticias","alternateName":"El Digital de Asturias - Diario de actualidad y noticias","description":"Hemeroteca","inLanguage":"es-ES","publisher":{"@id":"https:\/\/www.eldigitaldeasturias.com\/noticias\/#organization"}}]},"og:locale":"es_ES","og:site_name":"El Digital de Asturias","og:type":"article","og:title":"Los afiliados a la Seguridad Social en turismo crecieron un 4,1% en febrero de 2019 - El Digital de Asturias","og:description":"Las afiliaciones a la Seguridad Social de quienes est\u00e1n vinculados a actividades tur\u00edsticas crecieron en febrero un 4,1% interanual, alcanzando un total de 2.310.321 afiliados, seg\u00fan los datos difundidos hoy por Turespa\u00f1a, dependiente del Ministerio de Industria, Comercio y Turismo. Esta cifra es la m\u00e1s alta de la serie hist\u00f3rica en un mes de febrero.","og:url":"https:\/\/www.eldigitaldeasturias.com\/noticias\/los-afiliados-a-la-seguridad-social-en-turismo-crecieron-un-41-en-febrero-de-2019\/","og:image":"https:\/\/www.eldigitaldeasturias.com\/noticias\/wp-content\/uploads\/2018\/03\/candas.jpg","og:image:secure_url":"https:\/\/www.eldigitaldeasturias.com\/noticias\/wp-content\/uploads\/2018\/03\/candas.jpg","og:image:width":892,"og:image:height":552,"article:tag":["econom\u00eda"],"article:published_time":"2019-03-19T16:54:53+00:00","article:modified_time":"2019-03-19T16:54:53+00:00","article:publisher":"https:\/\/facebook.com\/eldigitaldeasturias","twitter:card":"summary_large_image","twitter:title":"Los afiliados a la Seguridad Social en turismo crecieron un 4,1% en febrero de 2019 - El Digital de Asturias","twitter:description":"Las afiliaciones a la Seguridad Social de quienes est\u00e1n vinculados a actividades tur\u00edsticas crecieron en febrero un 4,1% interanual, alcanzando un total de 2.310.321 afiliados, seg\u00fan los datos difundidos hoy por Turespa\u00f1a, dependiente del Ministerio de Industria, Comercio y Turismo. Esta cifra es la m\u00e1s alta de la serie hist\u00f3rica en un mes de febrero.","twitter:image":"https:\/\/www.eldigitaldeasturias.com\/noticias\/wp-content\/uploads\/2018\/03\/candas.jpg","twitter:label1":"Escrito por","twitter:data1":"El Digital de Asturias","twitter:label2":"Tiempo de lectura estimado","twitter:data2":"2 minutos"},"aioseo_meta_data":{"post_id":"1020921","title":null,"description":null,"keywords":null,"keyphrases":null,"primary_term":null,"canonical_url":null,"og_title":null,"og_description":null,"og_object_type":"default","og_image_type":"default","og_image_url":null,"og_image_width":null,"og_image_height":null,"og_image_custom_url":null,"og_image_custom_fields":null,"og_video":null,"og_custom_url":null,"og_article_section":null,"og_article_tags":null,"twitter_use_og":false,"twitter_card":"default","twitter_image_type":"default","twitter_image_url":null,"twitter_image_custom_url":null,"twitter_image_custom_fields":null,"twitter_title":null,"twitter_description":null,"schema":{"blockGraphs":[],"customGraphs":[],"default":{"data":{"Article":[],"Course":[],"Dataset":[],"FAQPage":[],"Movie":[],"Person":[],"Product":[],"ProductReview":[],"Car":[],"Recipe":[],"Service":[],"SoftwareApplication":[],"WebPage":[]},"graphName":"","isEnabled":true},"graphs":[],"defaultGraph":"","defaultPostTypeGraph":""},"schema_type":null,"schema_type_options":null,"pillar_content":false,"robots_default":true,"robots_noindex":false,"robots_noarchive":false,"robots_nosnippet":false,"robots_nofollow":false,"robots_noimageindex":false,"robots_noodp":false,"robots_notranslate":false,"robots_max_snippet":null,"robots_max_videopreview":null,"robots_max_imagepreview":"large","priority":null,"frequency":null,"local_seo":null,"seo_analyzer_scan_date":"2025-10-17 01:52:20","breadcrumb_settings":null,"limit_modified_date":false,"open_ai":null,"ai":null,"created":"2020-12-21 11:16:25","updated":"2025-10-17 01:52:20"},"aioseo_breadcrumb":"<div class=\"aioseo-breadcrumbs\"><span class=\"aioseo-breadcrumb\">\n\t<a href=\"https:\/\/www.eldigitaldeasturias.com\/noticias\" title=\"Home\">Home<\/a>\n<\/span><span class=\"aioseo-breadcrumb-separator\">\u2013<\/span><span class=\"aioseo-breadcrumb\">\n\t<a href=\"https:\/\/www.eldigitaldeasturias.com\/noticias\/category\/economia\/\" title=\"Econom\u00eda\">Econom\u00eda<\/a>\n<\/span><span class=\"aioseo-breadcrumb-separator\">\u2013<\/span><span class=\"aioseo-breadcrumb\">\n\t<a href=\"https:\/\/www.eldigitaldeasturias.com\/noticias\/los-afiliados-a-la-seguridad-social-en-turismo-crecieron-un-41-en-febrero-de-2019\/\" title=\"Los afiliados a la Seguridad Social en turismo crecieron un 4,1% en febrero de 2019\">Los afiliados a la Seguridad Social en turismo crecieron un 4,1% en febrero de 2019<\/a>\n<\/span><\/div>","aioseo_breadcrumb_json":[{"label":"Home","link":"https:\/\/www.eldigitaldeasturias.com\/noticias"},{"label":"Econom\u00eda","link":"https:\/\/www.eldigitaldeasturias.com\/noticias\/category\/economia\/"},{"label":"Los afiliados a la Seguridad Social en turismo crecieron un 4,1% en febrero de 2019","link":"https:\/\/www.eldigitaldeasturias.com\/noticias\/los-afiliados-a-la-seguridad-social-en-turismo-crecieron-un-41-en-febrero-de-2019\/"}],"_links":{"self":[{"href":"https:\/\/www.eldigitaldeasturias.com\/noticias\/wp-json\/wp\/v2\/posts\/1020921","targetHints":{"allow":["GET"]}}],"collection":[{"href":"https:\/\/www.eldigitaldeasturias.com\/noticias\/wp-json\/wp\/v2\/posts"}],"about":[{"href":"https:\/\/www.eldigitaldeasturias.com\/noticias\/wp-json\/wp\/v2\/types\/post"}],"author":[{"embeddable":true,"href":"https:\/\/www.eldigitaldeasturias.com\/noticias\/wp-json\/wp\/v2\/users\/1"}],"replies":[{"embeddable":true,"href":"https:\/\/www.eldigitaldeasturias.com\/noticias\/wp-json\/wp\/v2\/comments?post=1020921"}],"version-history":[{"count":0,"href":"https:\/\/www.eldigitaldeasturias.com\/noticias\/wp-json\/wp\/v2\/posts\/1020921\/revisions"}],"wp:featuredmedia":[{"embeddable":true,"href":"https:\/\/www.eldigitaldeasturias.com\/noticias\/wp-json\/wp\/v2\/media\/973871"}],"wp:attachment":[{"href":"https:\/\/www.eldigitaldeasturias.com\/noticias\/wp-json\/wp\/v2\/media?parent=1020921"}],"wp:term":[{"taxonomy":"category","embeddable":true,"href":"https:\/\/www.eldigitaldeasturias.com\/noticias\/wp-json\/wp\/v2\/categories?post=1020921"},{"taxonomy":"post_tag","embeddable":true,"href":"https:\/\/www.eldigitaldeasturias.com\/noticias\/wp-json\/wp\/v2\/tags?post=1020921"}],"curies":[{"name":"wp","href":"https:\/\/api.w.org\/{rel}","templated":true}]}}