{"id":1020885,"date":"2019-03-19T15:37:38","date_gmt":"2019-03-19T15:37:38","guid":{"rendered":"https:\/\/www.eldigitaldeasturias.com\/noticias\/?p=1020885"},"modified":"2019-03-19T15:37:38","modified_gmt":"2019-03-19T15:37:38","slug":"la-comision-europea-pone-en-marcha-programas-para-cofinanciar-proyectos-industriales","status":"publish","type":"post","link":"https:\/\/www.eldigitaldeasturias.com\/noticias\/la-comision-europea-pone-en-marcha-programas-para-cofinanciar-proyectos-industriales\/","title":{"rendered":"La Comisi\u00f3n Europea pone en marcha programas para cofinanciar proyectos industriales"},"content":{"rendered":"<p><img loading=\"lazy\" decoding=\"async\" class=\"alignleft size-medium wp-image-983320\" src=\"https:\/\/www.eldigitaldeasturias.com\/noticias\/wp-content\/uploads\/2018\/06\/blue-1283011_960_720-360x252.jpg\" alt=\"\" width=\"360\" height=\"252\" srcset=\"https:\/\/www.eldigitaldeasturias.com\/noticias\/wp-content\/uploads\/2018\/06\/blue-1283011_960_720-360x252.jpg 360w, https:\/\/www.eldigitaldeasturias.com\/noticias\/wp-content\/uploads\/2018\/06\/blue-1283011_960_720-429x300.jpg 429w, https:\/\/www.eldigitaldeasturias.com\/noticias\/wp-content\/uploads\/2018\/06\/blue-1283011_960_720-768x537.jpg 768w, https:\/\/www.eldigitaldeasturias.com\/noticias\/wp-content\/uploads\/2018\/06\/blue-1283011_960_720-687x480.jpg 687w, https:\/\/www.eldigitaldeasturias.com\/noticias\/wp-content\/uploads\/2018\/06\/blue-1283011_960_720-20x14.jpg 20w, https:\/\/www.eldigitaldeasturias.com\/noticias\/wp-content\/uploads\/2018\/06\/blue-1283011_960_720.jpg 960w\" sizes=\"auto, (max-width: 360px) 100vw, 360px\" \/>La Comisi\u00f3n Europea anunci\u00f3 este martes mediante un comunicado de prensa que ha adoptado hoy programas de trabajo destinados a cofinanciar proyectos industriales de defensa conjuntos para 2019-2020 por un valor de hasta 500 millones de euros. Otros 25 millones de euros se han destinado a financiar en 2019 proyectos colaborativos de investigaci\u00f3n en materia de defensa, y hoy se han puesto en marcha las correspondientes convocatorias de propuestas.<\/p>\n<p>El comunicado completo expone la siguiente informaci\u00f3n:<\/p>\n<p>\u201cLa Comisi\u00f3n Juncker est\u00e1 realizando un esfuerzo sin precedentes por proteger y defender a los europeos. A partir de 2021, un Fondo Europeo de Defensa plenamente desarrollado promover\u00e1 una base industrial de defensa innovadora y competitiva y contribuir\u00e1 a la autonom\u00eda estrat\u00e9gica de la Uni\u00f3n. A trav\u00e9s de dos precursores del Fondo, la Comisi\u00f3n est\u00e1 tomando medidas para que, a partir de ahora, la cooperaci\u00f3n en materia de defensa sea una realidad en el presupuesto de la Uni\u00f3n. La Acci\u00f3n Preparatoria sobre Investigaci\u00f3n en Defensa sigue cumpliendo sus objetivos por tercer a\u00f1o consecutivo. Adem\u00e1s, con las decisiones de hoy, la Comisi\u00f3n da el pistoletazo de salida a los primeros proyectos industriales de defensa conjuntos financiados por la Uni\u00f3n a trav\u00e9s del Programa Europeo de Desarrollo Industrial en materia de Defensa. Se har\u00e1 hincapi\u00e9 en \u00e1mbitos como la tecnolog\u00eda de drones, la comunicaci\u00f3n por sat\u00e9lite, los sistemas de alerta temprana, la inteligencia artificial, la ciberdefensa o la vigilancia mar\u00edtima.<\/p>\n<p>En palabras del vicepresidente Jyrki Katainen, responsable de Empleo, Crecimiento, Inversi\u00f3n y Competitividad: \u00abLa cooperaci\u00f3n en materia de defensa es el \u00fanico modo de proteger y defender a los europeos en un mundo cada vez m\u00e1s inestable. Nosotros estamos cumpliendo con nuestro deber. Los proyectos conjuntos se est\u00e1n materializando. La defensa europea empieza a ser una realidad. A partir de esta exitosa experiencia iremos incrementando la financiaci\u00f3n hasta contar con un Fondo Europeo de Defensa plenamente desarrollado en 2021\u00bb.<\/p>\n<p>Por su parte, la comisaria El\u017cbieta Bie\u0144kowska, responsable de Mercado Interior, Industria, Emprendimiento y Pymes, ha declarado: \u00abPara asegurarnos de que Europa pueda proteger a sus ciudadanos, necesitamos una tecnolog\u00eda y un equipamiento de defensa de \u00faltima generaci\u00f3n en \u00e1mbitos como la inteligencia artificial, la tecnolog\u00eda de drones, la comunicaci\u00f3n por sat\u00e9lite o los sistemas de informaci\u00f3n estrat\u00e9gica. Con las inversiones de la Uni\u00f3n que ponemos en marcha hoy, estamos transformando las ideas en proyectos concretos y reforzando la competitividad de nuestras industrias de defensa\u201d, concluye el comunicado de la Comisi\u00f3n Europea.<\/p>\n","protected":false},"excerpt":{"rendered":"<p>La Comisi\u00f3n Europea anunci\u00f3 este martes mediante un comunicado de prensa que ha adoptado hoy programas de trabajo destinados a cofinanciar proyectos industriales de defensa conjuntos para 2019-2020 por un valor de hasta 500 millones de euros. Otros 25 millones de euros se han destinado a financiar en 2019 proyectos colaborativos de investigaci\u00f3n en materia [&hellip;]<\/p>\n","protected":false},"author":1,"featured_media":983320,"comment_status":"closed","ping_status":"closed","sticky":false,"template":"","format":"standard","meta":{"footnotes":""},"categories":[187],"tags":[],"class_list":["post-1020885","post","type-post","status-publish","format-standard","has-post-thumbnail","hentry","category-economia"],"aioseo_notices":[],"aioseo_head":"\n\t\t<!-- All in One SEO Pro 4.9.6.2 - aioseo.com -->\n\t<meta name=\"description\" content=\"La Comisi\u00f3n Europea anunci\u00f3 este martes mediante un comunicado de prensa que ha adoptado hoy programas de trabajo destinados a cofinanciar proyectos industriales de defensa conjuntos para 2019-2020 por un valor de hasta 500 millones de euros. Otros 25 millones de euros se han destinado a financiar en 2019 proyectos colaborativos de investigaci\u00f3n en materia\" \/>\n\t<meta name=\"robots\" content=\"max-image-preview:large\" \/>\n\t<meta name=\"author\" content=\"El Digital de Asturias\"\/>\n\t<meta name=\"google-site-verification\" content=\"UA-38556648-1\" \/>\n\t<meta name=\"msvalidate.01\" content=\"7dfe9f3f1b24437ab69f4f2559babe99\" \/>\n\t<meta name=\"keywords\" content=\"econom\u00eda\" \/>\n\t<link rel=\"canonical\" href=\"https:\/\/www.eldigitaldeasturias.com\/noticias\/la-comision-europea-pone-en-marcha-programas-para-cofinanciar-proyectos-industriales\/\" \/>\n\t<meta name=\"generator\" content=\"All in One SEO Pro (AIOSEO) 4.9.6.2\" \/>\n\t\t<meta property=\"og:locale\" content=\"es_ES\" \/>\n\t\t<meta property=\"og:site_name\" content=\"El Digital de Asturias\" \/>\n\t\t<meta property=\"og:type\" content=\"article\" \/>\n\t\t<meta property=\"og:title\" content=\"La Comisi\u00f3n Europea pone en marcha programas para cofinanciar proyectos industriales - El Digital de Asturias\" \/>\n\t\t<meta property=\"og:description\" content=\"La Comisi\u00f3n Europea anunci\u00f3 este martes mediante un comunicado de prensa que ha adoptado hoy programas de trabajo destinados a cofinanciar proyectos industriales de defensa conjuntos para 2019-2020 por un valor de hasta 500 millones de euros. Otros 25 millones de euros se han destinado a financiar en 2019 proyectos colaborativos de investigaci\u00f3n en materia\" \/>\n\t\t<meta property=\"og:url\" content=\"https:\/\/www.eldigitaldeasturias.com\/noticias\/la-comision-europea-pone-en-marcha-programas-para-cofinanciar-proyectos-industriales\/\" \/>\n\t\t<meta property=\"og:image\" content=\"https:\/\/www.eldigitaldeasturias.com\/noticias\/wp-content\/uploads\/2018\/06\/blue-1283011_960_720.jpg\" \/>\n\t\t<meta property=\"og:image:secure_url\" content=\"https:\/\/www.eldigitaldeasturias.com\/noticias\/wp-content\/uploads\/2018\/06\/blue-1283011_960_720.jpg\" \/>\n\t\t<meta property=\"og:image:width\" content=\"960\" \/>\n\t\t<meta property=\"og:image:height\" content=\"671\" \/>\n\t\t<meta property=\"article:tag\" content=\"econom\u00eda\" \/>\n\t\t<meta property=\"article:published_time\" content=\"2019-03-19T15:37:38+00:00\" \/>\n\t\t<meta property=\"article:modified_time\" content=\"2019-03-19T15:37:38+00:00\" \/>\n\t\t<meta property=\"article:publisher\" content=\"https:\/\/facebook.com\/eldigitaldeasturias\" \/>\n\t\t<meta name=\"twitter:card\" content=\"summary_large_image\" \/>\n\t\t<meta name=\"twitter:title\" content=\"La Comisi\u00f3n Europea pone en marcha programas para cofinanciar proyectos industriales - El Digital de Asturias\" \/>\n\t\t<meta name=\"twitter:description\" content=\"La Comisi\u00f3n Europea anunci\u00f3 este martes mediante un comunicado de prensa que ha adoptado hoy programas de trabajo destinados a cofinanciar proyectos industriales de defensa conjuntos para 2019-2020 por un valor de hasta 500 millones de euros. Otros 25 millones de euros se han destinado a financiar en 2019 proyectos colaborativos de investigaci\u00f3n en materia\" \/>\n\t\t<meta name=\"twitter:image\" content=\"https:\/\/www.eldigitaldeasturias.com\/noticias\/wp-content\/uploads\/2018\/06\/blue-1283011_960_720.jpg\" \/>\n\t\t<meta name=\"twitter:label1\" content=\"Escrito por\" \/>\n\t\t<meta name=\"twitter:data1\" content=\"El Digital de Asturias\" \/>\n\t\t<meta name=\"twitter:label2\" content=\"Tiempo de lectura estimado\" \/>\n\t\t<meta name=\"twitter:data2\" content=\"2 minutos\" \/>\n\t\t<script type=\"application\/ld+json\" class=\"aioseo-schema\">\n\t\t\t{\"@context\":\"https:\\\/\\\/schema.org\",\"@graph\":[{\"@type\":\"BlogPosting\",\"@id\":\"https:\\\/\\\/www.eldigitaldeasturias.com\\\/noticias\\\/la-comision-europea-pone-en-marcha-programas-para-cofinanciar-proyectos-industriales\\\/#blogposting\",\"name\":\"La Comisi\\u00f3n Europea pone en marcha programas para cofinanciar proyectos industriales - El Digital de Asturias\",\"headline\":\"La Comisi\\u00f3n Europea pone en marcha programas para cofinanciar proyectos industriales\",\"author\":{\"@id\":\"https:\\\/\\\/www.eldigitaldeasturias.com\\\/noticias\\\/author\\\/admin\\\/#author\"},\"publisher\":{\"@id\":\"https:\\\/\\\/www.eldigitaldeasturias.com\\\/noticias\\\/#organization\"},\"image\":{\"@type\":\"ImageObject\",\"url\":\"https:\\\/\\\/www.eldigitaldeasturias.com\\\/noticias\\\/wp-content\\\/uploads\\\/2018\\\/06\\\/blue-1283011_960_720.jpg\",\"width\":960,\"height\":671},\"datePublished\":\"2019-03-19T15:37:38+01:00\",\"dateModified\":\"2019-03-19T15:37:38+01:00\",\"inLanguage\":\"es-ES\",\"mainEntityOfPage\":{\"@id\":\"https:\\\/\\\/www.eldigitaldeasturias.com\\\/noticias\\\/la-comision-europea-pone-en-marcha-programas-para-cofinanciar-proyectos-industriales\\\/#webpage\"},\"isPartOf\":{\"@id\":\"https:\\\/\\\/www.eldigitaldeasturias.com\\\/noticias\\\/la-comision-europea-pone-en-marcha-programas-para-cofinanciar-proyectos-industriales\\\/#webpage\"},\"articleSection\":\"Econom\\u00eda\"},{\"@type\":\"BreadcrumbList\",\"@id\":\"https:\\\/\\\/www.eldigitaldeasturias.com\\\/noticias\\\/la-comision-europea-pone-en-marcha-programas-para-cofinanciar-proyectos-industriales\\\/#breadcrumblist\",\"itemListElement\":[{\"@type\":\"ListItem\",\"@id\":\"https:\\\/\\\/www.eldigitaldeasturias.com\\\/noticias#listItem\",\"position\":1,\"name\":\"Home\",\"item\":\"https:\\\/\\\/www.eldigitaldeasturias.com\\\/noticias\",\"nextItem\":{\"@type\":\"ListItem\",\"@id\":\"https:\\\/\\\/www.eldigitaldeasturias.com\\\/noticias\\\/category\\\/economia\\\/#listItem\",\"name\":\"Econom\\u00eda\"}},{\"@type\":\"ListItem\",\"@id\":\"https:\\\/\\\/www.eldigitaldeasturias.com\\\/noticias\\\/category\\\/economia\\\/#listItem\",\"position\":2,\"name\":\"Econom\\u00eda\",\"item\":\"https:\\\/\\\/www.eldigitaldeasturias.com\\\/noticias\\\/category\\\/economia\\\/\",\"nextItem\":{\"@type\":\"ListItem\",\"@id\":\"https:\\\/\\\/www.eldigitaldeasturias.com\\\/noticias\\\/la-comision-europea-pone-en-marcha-programas-para-cofinanciar-proyectos-industriales\\\/#listItem\",\"name\":\"La Comisi\\u00f3n Europea pone en marcha programas para cofinanciar proyectos industriales\"},\"previousItem\":{\"@type\":\"ListItem\",\"@id\":\"https:\\\/\\\/www.eldigitaldeasturias.com\\\/noticias#listItem\",\"name\":\"Home\"}},{\"@type\":\"ListItem\",\"@id\":\"https:\\\/\\\/www.eldigitaldeasturias.com\\\/noticias\\\/la-comision-europea-pone-en-marcha-programas-para-cofinanciar-proyectos-industriales\\\/#listItem\",\"position\":3,\"name\":\"La Comisi\\u00f3n Europea pone en marcha programas para cofinanciar proyectos industriales\",\"previousItem\":{\"@type\":\"ListItem\",\"@id\":\"https:\\\/\\\/www.eldigitaldeasturias.com\\\/noticias\\\/category\\\/economia\\\/#listItem\",\"name\":\"Econom\\u00eda\"}}]},{\"@type\":\"Organization\",\"@id\":\"https:\\\/\\\/www.eldigitaldeasturias.com\\\/noticias\\\/#organization\",\"name\":\"El Digital de Asturias\",\"description\":\"Hemeroteca\",\"url\":\"https:\\\/\\\/www.eldigitaldeasturias.com\\\/noticias\\\/\",\"email\":\"info@eldigitaldeasturias.com\",\"telephone\":\"+34652131393\",\"logo\":{\"@type\":\"ImageObject\",\"url\":\"https:\\\/\\\/www.eldigitaldeasturias.com\\\/noticias\\\/wp-content\\\/uploads\\\/2020\\\/12\\\/EDA.jpg\",\"@id\":\"https:\\\/\\\/www.eldigitaldeasturias.com\\\/noticias\\\/la-comision-europea-pone-en-marcha-programas-para-cofinanciar-proyectos-industriales\\\/#organizationLogo\",\"width\":649,\"height\":297},\"image\":{\"@id\":\"https:\\\/\\\/www.eldigitaldeasturias.com\\\/noticias\\\/la-comision-europea-pone-en-marcha-programas-para-cofinanciar-proyectos-industriales\\\/#organizationLogo\"},\"sameAs\":[\"https:\\\/\\\/facebook.com\\\/eldigitaldeasturias\",\"https:\\\/\\\/www.youtube.com\\\/channel\\\/UCZP-2wLEB9Rv6erhFmqVnvg\"],\"address\":{\"@id\":\"https:\\\/\\\/www.eldigitaldeasturias.com\\\/noticias\\\/#postaladdress\",\"@type\":\"PostalAddress\",\"streetAddress\":\"san antonio 4,\",\"postalCode\":\"33430\",\"addressLocality\":\"Cand\\u00e1s\",\"addressRegion\":\"Asturias\",\"addressCountry\":\"ES\"}},{\"@type\":\"Person\",\"@id\":\"https:\\\/\\\/www.eldigitaldeasturias.com\\\/noticias\\\/author\\\/admin\\\/#author\",\"url\":\"https:\\\/\\\/www.eldigitaldeasturias.com\\\/noticias\\\/author\\\/admin\\\/\",\"name\":\"El Digital de Asturias\",\"image\":{\"@type\":\"ImageObject\",\"@id\":\"https:\\\/\\\/www.eldigitaldeasturias.com\\\/noticias\\\/la-comision-europea-pone-en-marcha-programas-para-cofinanciar-proyectos-industriales\\\/#authorImage\",\"url\":\"https:\\\/\\\/www.eldigitaldeasturias.com\\\/noticias\\\/wp-content\\\/litespeed\\\/avatar\\\/18677e78aa0546b92d9dbf31ec7d7668.jpg?ver=1777290358\",\"width\":96,\"height\":96,\"caption\":\"El Digital de Asturias\"}},{\"@type\":\"WebPage\",\"@id\":\"https:\\\/\\\/www.eldigitaldeasturias.com\\\/noticias\\\/la-comision-europea-pone-en-marcha-programas-para-cofinanciar-proyectos-industriales\\\/#webpage\",\"url\":\"https:\\\/\\\/www.eldigitaldeasturias.com\\\/noticias\\\/la-comision-europea-pone-en-marcha-programas-para-cofinanciar-proyectos-industriales\\\/\",\"name\":\"La Comisi\\u00f3n Europea pone en marcha programas para cofinanciar proyectos industriales - El Digital de Asturias\",\"description\":\"La Comisi\\u00f3n Europea anunci\\u00f3 este martes mediante un comunicado de prensa que ha adoptado hoy programas de trabajo destinados a cofinanciar proyectos industriales de defensa conjuntos para 2019-2020 por un valor de hasta 500 millones de euros. Otros 25 millones de euros se han destinado a financiar en 2019 proyectos colaborativos de investigaci\\u00f3n en materia\",\"inLanguage\":\"es-ES\",\"isPartOf\":{\"@id\":\"https:\\\/\\\/www.eldigitaldeasturias.com\\\/noticias\\\/#website\"},\"breadcrumb\":{\"@id\":\"https:\\\/\\\/www.eldigitaldeasturias.com\\\/noticias\\\/la-comision-europea-pone-en-marcha-programas-para-cofinanciar-proyectos-industriales\\\/#breadcrumblist\"},\"author\":{\"@id\":\"https:\\\/\\\/www.eldigitaldeasturias.com\\\/noticias\\\/author\\\/admin\\\/#author\"},\"creator\":{\"@id\":\"https:\\\/\\\/www.eldigitaldeasturias.com\\\/noticias\\\/author\\\/admin\\\/#author\"},\"image\":{\"@type\":\"ImageObject\",\"url\":\"https:\\\/\\\/www.eldigitaldeasturias.com\\\/noticias\\\/wp-content\\\/uploads\\\/2018\\\/06\\\/blue-1283011_960_720.jpg\",\"@id\":\"https:\\\/\\\/www.eldigitaldeasturias.com\\\/noticias\\\/la-comision-europea-pone-en-marcha-programas-para-cofinanciar-proyectos-industriales\\\/#mainImage\",\"width\":960,\"height\":671},\"primaryImageOfPage\":{\"@id\":\"https:\\\/\\\/www.eldigitaldeasturias.com\\\/noticias\\\/la-comision-europea-pone-en-marcha-programas-para-cofinanciar-proyectos-industriales\\\/#mainImage\"},\"datePublished\":\"2019-03-19T15:37:38+01:00\",\"dateModified\":\"2019-03-19T15:37:38+01:00\"},{\"@type\":\"WebSite\",\"@id\":\"https:\\\/\\\/www.eldigitaldeasturias.com\\\/noticias\\\/#website\",\"url\":\"https:\\\/\\\/www.eldigitaldeasturias.com\\\/noticias\\\/\",\"name\":\"El Digital de Asturias - Diario de actualidad y noticias\",\"alternateName\":\"El Digital de Asturias - Diario de actualidad y noticias\",\"description\":\"Hemeroteca\",\"inLanguage\":\"es-ES\",\"publisher\":{\"@id\":\"https:\\\/\\\/www.eldigitaldeasturias.com\\\/noticias\\\/#organization\"}}]}\n\t\t<\/script>\n\t\t<!-- All in One SEO Pro -->\r\n\t\t<title>La Comisi\u00f3n Europea pone en marcha programas para cofinanciar proyectos industriales - El Digital de Asturias<\/title>\n\n","aioseo_head_json":{"title":"La Comisi\u00f3n Europea pone en marcha programas para cofinanciar proyectos industriales - El Digital de Asturias","description":"La Comisi\u00f3n Europea anunci\u00f3 este martes mediante un comunicado de prensa que ha adoptado hoy programas de trabajo destinados a cofinanciar proyectos industriales de defensa conjuntos para 2019-2020 por un valor de hasta 500 millones de euros. Otros 25 millones de euros se han destinado a financiar en 2019 proyectos colaborativos de investigaci\u00f3n en materia","canonical_url":"https:\/\/www.eldigitaldeasturias.com\/noticias\/la-comision-europea-pone-en-marcha-programas-para-cofinanciar-proyectos-industriales\/","robots":"max-image-preview:large","keywords":"econom\u00eda","webmasterTools":{"google-site-verification":"UA-38556648-1","msvalidate.01":"7dfe9f3f1b24437ab69f4f2559babe99","miscellaneous":""},"schema":{"@context":"https:\/\/schema.org","@graph":[{"@type":"BlogPosting","@id":"https:\/\/www.eldigitaldeasturias.com\/noticias\/la-comision-europea-pone-en-marcha-programas-para-cofinanciar-proyectos-industriales\/#blogposting","name":"La Comisi\u00f3n Europea pone en marcha programas para cofinanciar proyectos industriales - El Digital de Asturias","headline":"La Comisi\u00f3n Europea pone en marcha programas para cofinanciar proyectos industriales","author":{"@id":"https:\/\/www.eldigitaldeasturias.com\/noticias\/author\/admin\/#author"},"publisher":{"@id":"https:\/\/www.eldigitaldeasturias.com\/noticias\/#organization"},"image":{"@type":"ImageObject","url":"https:\/\/www.eldigitaldeasturias.com\/noticias\/wp-content\/uploads\/2018\/06\/blue-1283011_960_720.jpg","width":960,"height":671},"datePublished":"2019-03-19T15:37:38+01:00","dateModified":"2019-03-19T15:37:38+01:00","inLanguage":"es-ES","mainEntityOfPage":{"@id":"https:\/\/www.eldigitaldeasturias.com\/noticias\/la-comision-europea-pone-en-marcha-programas-para-cofinanciar-proyectos-industriales\/#webpage"},"isPartOf":{"@id":"https:\/\/www.eldigitaldeasturias.com\/noticias\/la-comision-europea-pone-en-marcha-programas-para-cofinanciar-proyectos-industriales\/#webpage"},"articleSection":"Econom\u00eda"},{"@type":"BreadcrumbList","@id":"https:\/\/www.eldigitaldeasturias.com\/noticias\/la-comision-europea-pone-en-marcha-programas-para-cofinanciar-proyectos-industriales\/#breadcrumblist","itemListElement":[{"@type":"ListItem","@id":"https:\/\/www.eldigitaldeasturias.com\/noticias#listItem","position":1,"name":"Home","item":"https:\/\/www.eldigitaldeasturias.com\/noticias","nextItem":{"@type":"ListItem","@id":"https:\/\/www.eldigitaldeasturias.com\/noticias\/category\/economia\/#listItem","name":"Econom\u00eda"}},{"@type":"ListItem","@id":"https:\/\/www.eldigitaldeasturias.com\/noticias\/category\/economia\/#listItem","position":2,"name":"Econom\u00eda","item":"https:\/\/www.eldigitaldeasturias.com\/noticias\/category\/economia\/","nextItem":{"@type":"ListItem","@id":"https:\/\/www.eldigitaldeasturias.com\/noticias\/la-comision-europea-pone-en-marcha-programas-para-cofinanciar-proyectos-industriales\/#listItem","name":"La Comisi\u00f3n Europea pone en marcha programas para cofinanciar proyectos industriales"},"previousItem":{"@type":"ListItem","@id":"https:\/\/www.eldigitaldeasturias.com\/noticias#listItem","name":"Home"}},{"@type":"ListItem","@id":"https:\/\/www.eldigitaldeasturias.com\/noticias\/la-comision-europea-pone-en-marcha-programas-para-cofinanciar-proyectos-industriales\/#listItem","position":3,"name":"La Comisi\u00f3n Europea pone en marcha programas para cofinanciar proyectos industriales","previousItem":{"@type":"ListItem","@id":"https:\/\/www.eldigitaldeasturias.com\/noticias\/category\/economia\/#listItem","name":"Econom\u00eda"}}]},{"@type":"Organization","@id":"https:\/\/www.eldigitaldeasturias.com\/noticias\/#organization","name":"El Digital de Asturias","description":"Hemeroteca","url":"https:\/\/www.eldigitaldeasturias.com\/noticias\/","email":"info@eldigitaldeasturias.com","telephone":"+34652131393","logo":{"@type":"ImageObject","url":"https:\/\/www.eldigitaldeasturias.com\/noticias\/wp-content\/uploads\/2020\/12\/EDA.jpg","@id":"https:\/\/www.eldigitaldeasturias.com\/noticias\/la-comision-europea-pone-en-marcha-programas-para-cofinanciar-proyectos-industriales\/#organizationLogo","width":649,"height":297},"image":{"@id":"https:\/\/www.eldigitaldeasturias.com\/noticias\/la-comision-europea-pone-en-marcha-programas-para-cofinanciar-proyectos-industriales\/#organizationLogo"},"sameAs":["https:\/\/facebook.com\/eldigitaldeasturias","https:\/\/www.youtube.com\/channel\/UCZP-2wLEB9Rv6erhFmqVnvg"],"address":{"@id":"https:\/\/www.eldigitaldeasturias.com\/noticias\/#postaladdress","@type":"PostalAddress","streetAddress":"san antonio 4,","postalCode":"33430","addressLocality":"Cand\u00e1s","addressRegion":"Asturias","addressCountry":"ES"}},{"@type":"Person","@id":"https:\/\/www.eldigitaldeasturias.com\/noticias\/author\/admin\/#author","url":"https:\/\/www.eldigitaldeasturias.com\/noticias\/author\/admin\/","name":"El Digital de Asturias","image":{"@type":"ImageObject","@id":"https:\/\/www.eldigitaldeasturias.com\/noticias\/la-comision-europea-pone-en-marcha-programas-para-cofinanciar-proyectos-industriales\/#authorImage","url":"https:\/\/www.eldigitaldeasturias.com\/noticias\/wp-content\/litespeed\/avatar\/18677e78aa0546b92d9dbf31ec7d7668.jpg?ver=1777290358","width":96,"height":96,"caption":"El Digital de Asturias"}},{"@type":"WebPage","@id":"https:\/\/www.eldigitaldeasturias.com\/noticias\/la-comision-europea-pone-en-marcha-programas-para-cofinanciar-proyectos-industriales\/#webpage","url":"https:\/\/www.eldigitaldeasturias.com\/noticias\/la-comision-europea-pone-en-marcha-programas-para-cofinanciar-proyectos-industriales\/","name":"La Comisi\u00f3n Europea pone en marcha programas para cofinanciar proyectos industriales - El Digital de Asturias","description":"La Comisi\u00f3n Europea anunci\u00f3 este martes mediante un comunicado de prensa que ha adoptado hoy programas de trabajo destinados a cofinanciar proyectos industriales de defensa conjuntos para 2019-2020 por un valor de hasta 500 millones de euros. Otros 25 millones de euros se han destinado a financiar en 2019 proyectos colaborativos de investigaci\u00f3n en materia","inLanguage":"es-ES","isPartOf":{"@id":"https:\/\/www.eldigitaldeasturias.com\/noticias\/#website"},"breadcrumb":{"@id":"https:\/\/www.eldigitaldeasturias.com\/noticias\/la-comision-europea-pone-en-marcha-programas-para-cofinanciar-proyectos-industriales\/#breadcrumblist"},"author":{"@id":"https:\/\/www.eldigitaldeasturias.com\/noticias\/author\/admin\/#author"},"creator":{"@id":"https:\/\/www.eldigitaldeasturias.com\/noticias\/author\/admin\/#author"},"image":{"@type":"ImageObject","url":"https:\/\/www.eldigitaldeasturias.com\/noticias\/wp-content\/uploads\/2018\/06\/blue-1283011_960_720.jpg","@id":"https:\/\/www.eldigitaldeasturias.com\/noticias\/la-comision-europea-pone-en-marcha-programas-para-cofinanciar-proyectos-industriales\/#mainImage","width":960,"height":671},"primaryImageOfPage":{"@id":"https:\/\/www.eldigitaldeasturias.com\/noticias\/la-comision-europea-pone-en-marcha-programas-para-cofinanciar-proyectos-industriales\/#mainImage"},"datePublished":"2019-03-19T15:37:38+01:00","dateModified":"2019-03-19T15:37:38+01:00"},{"@type":"WebSite","@id":"https:\/\/www.eldigitaldeasturias.com\/noticias\/#website","url":"https:\/\/www.eldigitaldeasturias.com\/noticias\/","name":"El Digital de Asturias - Diario de actualidad y noticias","alternateName":"El Digital de Asturias - Diario de actualidad y noticias","description":"Hemeroteca","inLanguage":"es-ES","publisher":{"@id":"https:\/\/www.eldigitaldeasturias.com\/noticias\/#organization"}}]},"og:locale":"es_ES","og:site_name":"El Digital de Asturias","og:type":"article","og:title":"La Comisi\u00f3n Europea pone en marcha programas para cofinanciar proyectos industriales - El Digital de Asturias","og:description":"La Comisi\u00f3n Europea anunci\u00f3 este martes mediante un comunicado de prensa que ha adoptado hoy programas de trabajo destinados a cofinanciar proyectos industriales de defensa conjuntos para 2019-2020 por un valor de hasta 500 millones de euros. Otros 25 millones de euros se han destinado a financiar en 2019 proyectos colaborativos de investigaci\u00f3n en materia","og:url":"https:\/\/www.eldigitaldeasturias.com\/noticias\/la-comision-europea-pone-en-marcha-programas-para-cofinanciar-proyectos-industriales\/","og:image":"https:\/\/www.eldigitaldeasturias.com\/noticias\/wp-content\/uploads\/2018\/06\/blue-1283011_960_720.jpg","og:image:secure_url":"https:\/\/www.eldigitaldeasturias.com\/noticias\/wp-content\/uploads\/2018\/06\/blue-1283011_960_720.jpg","og:image:width":960,"og:image:height":671,"article:tag":["econom\u00eda"],"article:published_time":"2019-03-19T15:37:38+00:00","article:modified_time":"2019-03-19T15:37:38+00:00","article:publisher":"https:\/\/facebook.com\/eldigitaldeasturias","twitter:card":"summary_large_image","twitter:title":"La Comisi\u00f3n Europea pone en marcha programas para cofinanciar proyectos industriales - El Digital de Asturias","twitter:description":"La Comisi\u00f3n Europea anunci\u00f3 este martes mediante un comunicado de prensa que ha adoptado hoy programas de trabajo destinados a cofinanciar proyectos industriales de defensa conjuntos para 2019-2020 por un valor de hasta 500 millones de euros. Otros 25 millones de euros se han destinado a financiar en 2019 proyectos colaborativos de investigaci\u00f3n en materia","twitter:image":"https:\/\/www.eldigitaldeasturias.com\/noticias\/wp-content\/uploads\/2018\/06\/blue-1283011_960_720.jpg","twitter:label1":"Escrito por","twitter:data1":"El Digital de Asturias","twitter:label2":"Tiempo de lectura estimado","twitter:data2":"2 minutos"},"aioseo_meta_data":{"post_id":"1020885","title":null,"description":null,"keywords":null,"keyphrases":null,"primary_term":null,"canonical_url":null,"og_title":null,"og_description":null,"og_object_type":"default","og_image_type":"default","og_image_url":null,"og_image_width":null,"og_image_height":null,"og_image_custom_url":null,"og_image_custom_fields":null,"og_video":null,"og_custom_url":null,"og_article_section":null,"og_article_tags":null,"twitter_use_og":false,"twitter_card":"default","twitter_image_type":"default","twitter_image_url":null,"twitter_image_custom_url":null,"twitter_image_custom_fields":null,"twitter_title":null,"twitter_description":null,"schema":{"blockGraphs":[],"customGraphs":[],"default":{"data":{"Article":[],"Course":[],"Dataset":[],"FAQPage":[],"Movie":[],"Person":[],"Product":[],"ProductReview":[],"Car":[],"Recipe":[],"Service":[],"SoftwareApplication":[],"WebPage":[]},"graphName":"","isEnabled":true},"graphs":[],"defaultGraph":"","defaultPostTypeGraph":""},"schema_type":null,"schema_type_options":null,"pillar_content":false,"robots_default":true,"robots_noindex":false,"robots_noarchive":false,"robots_nosnippet":false,"robots_nofollow":false,"robots_noimageindex":false,"robots_noodp":false,"robots_notranslate":false,"robots_max_snippet":null,"robots_max_videopreview":null,"robots_max_imagepreview":"large","priority":null,"frequency":null,"local_seo":null,"seo_analyzer_scan_date":"2025-10-17 01:40:20","breadcrumb_settings":null,"limit_modified_date":false,"open_ai":null,"ai":null,"created":"2020-12-21 11:16:25","updated":"2025-10-17 01:40:20"},"aioseo_breadcrumb":"<div class=\"aioseo-breadcrumbs\"><span class=\"aioseo-breadcrumb\">\n\t<a href=\"https:\/\/www.eldigitaldeasturias.com\/noticias\" title=\"Home\">Home<\/a>\n<\/span><span class=\"aioseo-breadcrumb-separator\">\u2013<\/span><span class=\"aioseo-breadcrumb\">\n\t<a href=\"https:\/\/www.eldigitaldeasturias.com\/noticias\/category\/economia\/\" title=\"Econom\u00eda\">Econom\u00eda<\/a>\n<\/span><span class=\"aioseo-breadcrumb-separator\">\u2013<\/span><span class=\"aioseo-breadcrumb\">\n\t<a href=\"https:\/\/www.eldigitaldeasturias.com\/noticias\/la-comision-europea-pone-en-marcha-programas-para-cofinanciar-proyectos-industriales\/\" title=\"La Comisi\u00f3n Europea pone en marcha programas para cofinanciar proyectos industriales\">La Comisi\u00f3n Europea pone en marcha programas para cofinanciar proyectos industriales<\/a>\n<\/span><\/div>","aioseo_breadcrumb_json":[{"label":"Home","link":"https:\/\/www.eldigitaldeasturias.com\/noticias"},{"label":"Econom\u00eda","link":"https:\/\/www.eldigitaldeasturias.com\/noticias\/category\/economia\/"},{"label":"La Comisi\u00f3n Europea pone en marcha programas para cofinanciar proyectos industriales","link":"https:\/\/www.eldigitaldeasturias.com\/noticias\/la-comision-europea-pone-en-marcha-programas-para-cofinanciar-proyectos-industriales\/"}],"_links":{"self":[{"href":"https:\/\/www.eldigitaldeasturias.com\/noticias\/wp-json\/wp\/v2\/posts\/1020885","targetHints":{"allow":["GET"]}}],"collection":[{"href":"https:\/\/www.eldigitaldeasturias.com\/noticias\/wp-json\/wp\/v2\/posts"}],"about":[{"href":"https:\/\/www.eldigitaldeasturias.com\/noticias\/wp-json\/wp\/v2\/types\/post"}],"author":[{"embeddable":true,"href":"https:\/\/www.eldigitaldeasturias.com\/noticias\/wp-json\/wp\/v2\/users\/1"}],"replies":[{"embeddable":true,"href":"https:\/\/www.eldigitaldeasturias.com\/noticias\/wp-json\/wp\/v2\/comments?post=1020885"}],"version-history":[{"count":0,"href":"https:\/\/www.eldigitaldeasturias.com\/noticias\/wp-json\/wp\/v2\/posts\/1020885\/revisions"}],"wp:featuredmedia":[{"embeddable":true,"href":"https:\/\/www.eldigitaldeasturias.com\/noticias\/wp-json\/wp\/v2\/media\/983320"}],"wp:attachment":[{"href":"https:\/\/www.eldigitaldeasturias.com\/noticias\/wp-json\/wp\/v2\/media?parent=1020885"}],"wp:term":[{"taxonomy":"category","embeddable":true,"href":"https:\/\/www.eldigitaldeasturias.com\/noticias\/wp-json\/wp\/v2\/categories?post=1020885"},{"taxonomy":"post_tag","embeddable":true,"href":"https:\/\/www.eldigitaldeasturias.com\/noticias\/wp-json\/wp\/v2\/tags?post=1020885"}],"curies":[{"name":"wp","href":"https:\/\/api.w.org\/{rel}","templated":true}]}}