{"id":1020870,"date":"2019-03-19T06:14:48","date_gmt":"2019-03-19T06:14:48","guid":{"rendered":"https:\/\/www.eldigitaldeasturias.com\/noticias\/?p=1020870"},"modified":"2019-03-19T06:14:48","modified_gmt":"2019-03-19T06:14:48","slug":"espana-a-la-cola-de-la-union-europea-en-empleos-vacantes","status":"publish","type":"post","link":"https:\/\/www.eldigitaldeasturias.com\/noticias\/espana-a-la-cola-de-la-union-europea-en-empleos-vacantes\/","title":{"rendered":"Espa\u00f1a, a la cola de la Uni\u00f3n Europea en empleos vacantes"},"content":{"rendered":"<p><img loading=\"lazy\" decoding=\"async\" class=\"alignleft size-medium wp-image-781858\" src=\"https:\/\/www.eldigitaldeasturias.com\/noticias\/wp-content\/uploads\/2015\/05\/paro-asturias-360x240.jpg\" alt=\"\" width=\"360\" height=\"240\" srcset=\"https:\/\/www.eldigitaldeasturias.com\/noticias\/wp-content\/uploads\/2015\/05\/paro-asturias-360x240.jpg 360w, https:\/\/www.eldigitaldeasturias.com\/noticias\/wp-content\/uploads\/2015\/05\/paro-asturias-450x300.jpg 450w, https:\/\/www.eldigitaldeasturias.com\/noticias\/wp-content\/uploads\/2015\/05\/paro-asturias-768x512.jpg 768w, https:\/\/www.eldigitaldeasturias.com\/noticias\/wp-content\/uploads\/2015\/05\/paro-asturias-690x460.jpg 690w, https:\/\/www.eldigitaldeasturias.com\/noticias\/wp-content\/uploads\/2015\/05\/paro-asturias-20x13.jpg 20w, https:\/\/www.eldigitaldeasturias.com\/noticias\/wp-content\/uploads\/2015\/05\/paro-asturias.jpg 800w\" sizes=\"auto, (max-width: 360px) 100vw, 360px\" \/>LUXEMBURGO, 18 Mar. 2019 (Europa Press) &#8211;\u00a0La tasa de empleos sin cubrir en la eurozona se situ\u00f3 en el cuarto trimestre del a\u00f1o en el 2,3%, ligeramente por encima del 2,1% observado en los tres trimestres anteriores y su mayor proporci\u00f3n desde que en 2006 comenzaron los registros, seg\u00fan los datos de Eurostat, que sit\u00faan a Espa\u00f1a, con una tasa del 0,9%, entre los pa\u00edses con menos vacantes, solo por detr\u00e1s de Grecia (0,4%).<\/p>\n<p>No obstante, en t\u00e9rminos absolutos, el n\u00famero de empleos sin cubrir en Espa\u00f1a en el cuarto trimestre era de 126.315, ligeramente por encima de los 124.747 empleos libres del trimestre anterior, por detr\u00e1s de pa\u00edses como Alemania (1,44 millones), Reino Unido (856.000), Rep\u00fablica Checa (277.441), Pa\u00edses Bajos (252.782), B\u00e9lgica (141.730), Polonia (138.434) y Austria (130.869).<\/p>\n<p>En el conjunto de la zona euro, la proporci\u00f3n de empleos disponibles en la industria y la construcci\u00f3n en relaci\u00f3n al total de puestos de trabajo se situ\u00f3 en el \u00faltimo trimestre de 2018 en el 2%, en l\u00ednea con el dato del trimestre precedente, mientras que en el sector servicios los empleos sin cubrir se situaron el 2,6%, frente al 2,3% de los tres meses anteriores.<\/p>\n<p>En la Uni\u00f3n Europea (UE) la tasa de empleos vacantes se situ\u00f3 en el 2,3% entre octubre y diciembre, una d\u00e9cima m\u00e1s que en los tres meses anteriores, con una ratio del 2,1% en la industria y la construcci\u00f3n, mientras que en el sector servicios el dato fue del 2,6%.<\/p>\n<p>Los pa\u00edses de la UE con mayor proporci\u00f3n de empleos sin cubrir en el cuarto trimestre fueron Chequia, con un 6%, por delante de B\u00e9lgica y Alemania, con un 3,4% en ambos casos, y de Austria, con un 3,1%. Por contra, la menor proporci\u00f3n de empleos disponibles en el cuarto trimestre se observ\u00f3 en Grecia (0,4%), por detr\u00e1s de Bulgaria, Irlanda, Espa\u00f1a y Portugal (0,9% cada uno).<\/p>\n<p>Por sectores, la mayor ratio de empleos vacantes en la industria y la construcci\u00f3n se observ\u00f3 en Rep\u00fablica Checa, con un 6,5%, por delante de Austria, con un 3,2%. Por el contrario, las menores tasas de empleos disponibles correspondieron a Espa\u00f1a y Grecia, con un 0,4%.<\/p>\n<p>En el caso del sector servicios, la mayor proporci\u00f3n de empleos disponibles se registr\u00f3 en Rep\u00fablica Checa, con un 8,5%, por delante de B\u00e9lgica, con un 5%, mientras que las m\u00e1s bajas se observaron en Grecia, con un 0,4%, por detr\u00e1s de Bulgaria y Espa\u00f1a, con un 0,6% cada uno.<\/p>\n","protected":false},"excerpt":{"rendered":"<p>LUXEMBURGO, 18 Mar. 2019 (Europa Press) &#8211;\u00a0La tasa de empleos sin cubrir en la eurozona se situ\u00f3 en el cuarto trimestre del a\u00f1o en el 2,3%, ligeramente por encima del 2,1% observado en los tres trimestres anteriores y su mayor proporci\u00f3n desde que en 2006 comenzaron los registros, seg\u00fan los datos de Eurostat, que sit\u00faan [&hellip;]<\/p>\n","protected":false},"author":1,"featured_media":781858,"comment_status":"closed","ping_status":"closed","sticky":false,"template":"","format":"standard","meta":{"footnotes":""},"categories":[187],"tags":[],"class_list":["post-1020870","post","type-post","status-publish","format-standard","has-post-thumbnail","hentry","category-economia"],"aioseo_notices":[],"aioseo_head":"\n\t\t<!-- All in One SEO Pro 4.9.6.2 - aioseo.com -->\n\t<meta name=\"description\" content=\"LUXEMBURGO, 18 Mar. 2019 (Europa Press) - La tasa de empleos sin cubrir en la eurozona se situ\u00f3 en el cuarto trimestre del a\u00f1o en el 2,3%, ligeramente por encima del 2,1% observado en los tres trimestres anteriores y su mayor proporci\u00f3n desde que en 2006 comenzaron los registros, seg\u00fan los datos de Eurostat, que sit\u00faan\" \/>\n\t<meta name=\"robots\" content=\"max-image-preview:large\" \/>\n\t<meta name=\"author\" content=\"El Digital de Asturias\"\/>\n\t<meta name=\"google-site-verification\" content=\"UA-38556648-1\" \/>\n\t<meta name=\"msvalidate.01\" content=\"7dfe9f3f1b24437ab69f4f2559babe99\" \/>\n\t<meta name=\"keywords\" content=\"econom\u00eda\" \/>\n\t<link rel=\"canonical\" href=\"https:\/\/www.eldigitaldeasturias.com\/noticias\/espana-a-la-cola-de-la-union-europea-en-empleos-vacantes\/\" \/>\n\t<meta name=\"generator\" content=\"All in One SEO Pro (AIOSEO) 4.9.6.2\" \/>\n\t\t<meta property=\"og:locale\" content=\"es_ES\" \/>\n\t\t<meta property=\"og:site_name\" content=\"El Digital de Asturias\" \/>\n\t\t<meta property=\"og:type\" content=\"article\" \/>\n\t\t<meta property=\"og:title\" content=\"Espa\u00f1a, a la cola de la Uni\u00f3n Europea en empleos vacantes - El Digital de Asturias\" \/>\n\t\t<meta property=\"og:description\" content=\"LUXEMBURGO, 18 Mar. 2019 (Europa Press) - La tasa de empleos sin cubrir en la eurozona se situ\u00f3 en el cuarto trimestre del a\u00f1o en el 2,3%, ligeramente por encima del 2,1% observado en los tres trimestres anteriores y su mayor proporci\u00f3n desde que en 2006 comenzaron los registros, seg\u00fan los datos de Eurostat, que sit\u00faan\" \/>\n\t\t<meta property=\"og:url\" content=\"https:\/\/www.eldigitaldeasturias.com\/noticias\/espana-a-la-cola-de-la-union-europea-en-empleos-vacantes\/\" \/>\n\t\t<meta property=\"og:image\" content=\"https:\/\/www.eldigitaldeasturias.com\/noticias\/wp-content\/uploads\/2015\/05\/paro-asturias.jpg\" \/>\n\t\t<meta property=\"og:image:secure_url\" content=\"https:\/\/www.eldigitaldeasturias.com\/noticias\/wp-content\/uploads\/2015\/05\/paro-asturias.jpg\" \/>\n\t\t<meta property=\"og:image:width\" content=\"800\" \/>\n\t\t<meta property=\"og:image:height\" content=\"533\" \/>\n\t\t<meta property=\"article:tag\" content=\"econom\u00eda\" \/>\n\t\t<meta property=\"article:published_time\" content=\"2019-03-19T06:14:48+00:00\" \/>\n\t\t<meta property=\"article:modified_time\" content=\"2019-03-19T06:14:48+00:00\" \/>\n\t\t<meta property=\"article:publisher\" content=\"https:\/\/facebook.com\/eldigitaldeasturias\" \/>\n\t\t<meta name=\"twitter:card\" content=\"summary_large_image\" \/>\n\t\t<meta name=\"twitter:title\" content=\"Espa\u00f1a, a la cola de la Uni\u00f3n Europea en empleos vacantes - El Digital de Asturias\" \/>\n\t\t<meta name=\"twitter:description\" content=\"LUXEMBURGO, 18 Mar. 2019 (Europa Press) - La tasa de empleos sin cubrir en la eurozona se situ\u00f3 en el cuarto trimestre del a\u00f1o en el 2,3%, ligeramente por encima del 2,1% observado en los tres trimestres anteriores y su mayor proporci\u00f3n desde que en 2006 comenzaron los registros, seg\u00fan los datos de Eurostat, que sit\u00faan\" \/>\n\t\t<meta name=\"twitter:image\" content=\"https:\/\/www.eldigitaldeasturias.com\/noticias\/wp-content\/uploads\/2015\/05\/paro-asturias.jpg\" \/>\n\t\t<meta name=\"twitter:label1\" content=\"Escrito por\" \/>\n\t\t<meta name=\"twitter:data1\" content=\"El Digital de Asturias\" \/>\n\t\t<meta name=\"twitter:label2\" content=\"Tiempo de lectura estimado\" \/>\n\t\t<meta name=\"twitter:data2\" content=\"2 minutos\" \/>\n\t\t<script type=\"application\/ld+json\" class=\"aioseo-schema\">\n\t\t\t{\"@context\":\"https:\\\/\\\/schema.org\",\"@graph\":[{\"@type\":\"BlogPosting\",\"@id\":\"https:\\\/\\\/www.eldigitaldeasturias.com\\\/noticias\\\/espana-a-la-cola-de-la-union-europea-en-empleos-vacantes\\\/#blogposting\",\"name\":\"Espa\\u00f1a, a la cola de la Uni\\u00f3n Europea en empleos vacantes - El Digital de Asturias\",\"headline\":\"Espa\\u00f1a, a la cola de la Uni\\u00f3n Europea en empleos vacantes\",\"author\":{\"@id\":\"https:\\\/\\\/www.eldigitaldeasturias.com\\\/noticias\\\/author\\\/admin\\\/#author\"},\"publisher\":{\"@id\":\"https:\\\/\\\/www.eldigitaldeasturias.com\\\/noticias\\\/#organization\"},\"image\":{\"@type\":\"ImageObject\",\"url\":\"https:\\\/\\\/www.eldigitaldeasturias.com\\\/noticias\\\/wp-content\\\/uploads\\\/2015\\\/05\\\/paro-asturias.jpg\",\"width\":800,\"height\":533,\"caption\":\"paro\"},\"datePublished\":\"2019-03-19T06:14:48+01:00\",\"dateModified\":\"2019-03-19T06:14:48+01:00\",\"inLanguage\":\"es-ES\",\"mainEntityOfPage\":{\"@id\":\"https:\\\/\\\/www.eldigitaldeasturias.com\\\/noticias\\\/espana-a-la-cola-de-la-union-europea-en-empleos-vacantes\\\/#webpage\"},\"isPartOf\":{\"@id\":\"https:\\\/\\\/www.eldigitaldeasturias.com\\\/noticias\\\/espana-a-la-cola-de-la-union-europea-en-empleos-vacantes\\\/#webpage\"},\"articleSection\":\"Econom\\u00eda\"},{\"@type\":\"BreadcrumbList\",\"@id\":\"https:\\\/\\\/www.eldigitaldeasturias.com\\\/noticias\\\/espana-a-la-cola-de-la-union-europea-en-empleos-vacantes\\\/#breadcrumblist\",\"itemListElement\":[{\"@type\":\"ListItem\",\"@id\":\"https:\\\/\\\/www.eldigitaldeasturias.com\\\/noticias#listItem\",\"position\":1,\"name\":\"Home\",\"item\":\"https:\\\/\\\/www.eldigitaldeasturias.com\\\/noticias\",\"nextItem\":{\"@type\":\"ListItem\",\"@id\":\"https:\\\/\\\/www.eldigitaldeasturias.com\\\/noticias\\\/category\\\/economia\\\/#listItem\",\"name\":\"Econom\\u00eda\"}},{\"@type\":\"ListItem\",\"@id\":\"https:\\\/\\\/www.eldigitaldeasturias.com\\\/noticias\\\/category\\\/economia\\\/#listItem\",\"position\":2,\"name\":\"Econom\\u00eda\",\"item\":\"https:\\\/\\\/www.eldigitaldeasturias.com\\\/noticias\\\/category\\\/economia\\\/\",\"nextItem\":{\"@type\":\"ListItem\",\"@id\":\"https:\\\/\\\/www.eldigitaldeasturias.com\\\/noticias\\\/espana-a-la-cola-de-la-union-europea-en-empleos-vacantes\\\/#listItem\",\"name\":\"Espa\\u00f1a, a la cola de la Uni\\u00f3n Europea en empleos vacantes\"},\"previousItem\":{\"@type\":\"ListItem\",\"@id\":\"https:\\\/\\\/www.eldigitaldeasturias.com\\\/noticias#listItem\",\"name\":\"Home\"}},{\"@type\":\"ListItem\",\"@id\":\"https:\\\/\\\/www.eldigitaldeasturias.com\\\/noticias\\\/espana-a-la-cola-de-la-union-europea-en-empleos-vacantes\\\/#listItem\",\"position\":3,\"name\":\"Espa\\u00f1a, a la cola de la Uni\\u00f3n Europea en empleos vacantes\",\"previousItem\":{\"@type\":\"ListItem\",\"@id\":\"https:\\\/\\\/www.eldigitaldeasturias.com\\\/noticias\\\/category\\\/economia\\\/#listItem\",\"name\":\"Econom\\u00eda\"}}]},{\"@type\":\"Organization\",\"@id\":\"https:\\\/\\\/www.eldigitaldeasturias.com\\\/noticias\\\/#organization\",\"name\":\"El Digital de Asturias\",\"description\":\"Hemeroteca\",\"url\":\"https:\\\/\\\/www.eldigitaldeasturias.com\\\/noticias\\\/\",\"email\":\"info@eldigitaldeasturias.com\",\"telephone\":\"+34652131393\",\"logo\":{\"@type\":\"ImageObject\",\"url\":\"https:\\\/\\\/www.eldigitaldeasturias.com\\\/noticias\\\/wp-content\\\/uploads\\\/2020\\\/12\\\/EDA.jpg\",\"@id\":\"https:\\\/\\\/www.eldigitaldeasturias.com\\\/noticias\\\/espana-a-la-cola-de-la-union-europea-en-empleos-vacantes\\\/#organizationLogo\",\"width\":649,\"height\":297},\"image\":{\"@id\":\"https:\\\/\\\/www.eldigitaldeasturias.com\\\/noticias\\\/espana-a-la-cola-de-la-union-europea-en-empleos-vacantes\\\/#organizationLogo\"},\"sameAs\":[\"https:\\\/\\\/facebook.com\\\/eldigitaldeasturias\",\"https:\\\/\\\/www.youtube.com\\\/channel\\\/UCZP-2wLEB9Rv6erhFmqVnvg\"],\"address\":{\"@id\":\"https:\\\/\\\/www.eldigitaldeasturias.com\\\/noticias\\\/#postaladdress\",\"@type\":\"PostalAddress\",\"streetAddress\":\"san antonio 4,\",\"postalCode\":\"33430\",\"addressLocality\":\"Cand\\u00e1s\",\"addressRegion\":\"Asturias\",\"addressCountry\":\"ES\"}},{\"@type\":\"Person\",\"@id\":\"https:\\\/\\\/www.eldigitaldeasturias.com\\\/noticias\\\/author\\\/admin\\\/#author\",\"url\":\"https:\\\/\\\/www.eldigitaldeasturias.com\\\/noticias\\\/author\\\/admin\\\/\",\"name\":\"El Digital de Asturias\",\"image\":{\"@type\":\"ImageObject\",\"@id\":\"https:\\\/\\\/www.eldigitaldeasturias.com\\\/noticias\\\/espana-a-la-cola-de-la-union-europea-en-empleos-vacantes\\\/#authorImage\",\"url\":\"https:\\\/\\\/www.eldigitaldeasturias.com\\\/noticias\\\/wp-content\\\/litespeed\\\/avatar\\\/18677e78aa0546b92d9dbf31ec7d7668.jpg?ver=1777290358\",\"width\":96,\"height\":96,\"caption\":\"El Digital de Asturias\"}},{\"@type\":\"WebPage\",\"@id\":\"https:\\\/\\\/www.eldigitaldeasturias.com\\\/noticias\\\/espana-a-la-cola-de-la-union-europea-en-empleos-vacantes\\\/#webpage\",\"url\":\"https:\\\/\\\/www.eldigitaldeasturias.com\\\/noticias\\\/espana-a-la-cola-de-la-union-europea-en-empleos-vacantes\\\/\",\"name\":\"Espa\\u00f1a, a la cola de la Uni\\u00f3n Europea en empleos vacantes - El Digital de Asturias\",\"description\":\"LUXEMBURGO, 18 Mar. 2019 (Europa Press) - La tasa de empleos sin cubrir en la eurozona se situ\\u00f3 en el cuarto trimestre del a\\u00f1o en el 2,3%, ligeramente por encima del 2,1% observado en los tres trimestres anteriores y su mayor proporci\\u00f3n desde que en 2006 comenzaron los registros, seg\\u00fan los datos de Eurostat, que sit\\u00faan\",\"inLanguage\":\"es-ES\",\"isPartOf\":{\"@id\":\"https:\\\/\\\/www.eldigitaldeasturias.com\\\/noticias\\\/#website\"},\"breadcrumb\":{\"@id\":\"https:\\\/\\\/www.eldigitaldeasturias.com\\\/noticias\\\/espana-a-la-cola-de-la-union-europea-en-empleos-vacantes\\\/#breadcrumblist\"},\"author\":{\"@id\":\"https:\\\/\\\/www.eldigitaldeasturias.com\\\/noticias\\\/author\\\/admin\\\/#author\"},\"creator\":{\"@id\":\"https:\\\/\\\/www.eldigitaldeasturias.com\\\/noticias\\\/author\\\/admin\\\/#author\"},\"image\":{\"@type\":\"ImageObject\",\"url\":\"https:\\\/\\\/www.eldigitaldeasturias.com\\\/noticias\\\/wp-content\\\/uploads\\\/2015\\\/05\\\/paro-asturias.jpg\",\"@id\":\"https:\\\/\\\/www.eldigitaldeasturias.com\\\/noticias\\\/espana-a-la-cola-de-la-union-europea-en-empleos-vacantes\\\/#mainImage\",\"width\":800,\"height\":533,\"caption\":\"paro\"},\"primaryImageOfPage\":{\"@id\":\"https:\\\/\\\/www.eldigitaldeasturias.com\\\/noticias\\\/espana-a-la-cola-de-la-union-europea-en-empleos-vacantes\\\/#mainImage\"},\"datePublished\":\"2019-03-19T06:14:48+01:00\",\"dateModified\":\"2019-03-19T06:14:48+01:00\"},{\"@type\":\"WebSite\",\"@id\":\"https:\\\/\\\/www.eldigitaldeasturias.com\\\/noticias\\\/#website\",\"url\":\"https:\\\/\\\/www.eldigitaldeasturias.com\\\/noticias\\\/\",\"name\":\"El Digital de Asturias - Diario de actualidad y noticias\",\"alternateName\":\"El Digital de Asturias - Diario de actualidad y noticias\",\"description\":\"Hemeroteca\",\"inLanguage\":\"es-ES\",\"publisher\":{\"@id\":\"https:\\\/\\\/www.eldigitaldeasturias.com\\\/noticias\\\/#organization\"}}]}\n\t\t<\/script>\n\t\t<!-- All in One SEO Pro -->\r\n\t\t<title>Espa\u00f1a, a la cola de la Uni\u00f3n Europea en empleos vacantes - El Digital de Asturias<\/title>\n\n","aioseo_head_json":{"title":"Espa\u00f1a, a la cola de la Uni\u00f3n Europea en empleos vacantes - El Digital de Asturias","description":"LUXEMBURGO, 18 Mar. 2019 (Europa Press) - La tasa de empleos sin cubrir en la eurozona se situ\u00f3 en el cuarto trimestre del a\u00f1o en el 2,3%, ligeramente por encima del 2,1% observado en los tres trimestres anteriores y su mayor proporci\u00f3n desde que en 2006 comenzaron los registros, seg\u00fan los datos de Eurostat, que sit\u00faan","canonical_url":"https:\/\/www.eldigitaldeasturias.com\/noticias\/espana-a-la-cola-de-la-union-europea-en-empleos-vacantes\/","robots":"max-image-preview:large","keywords":"econom\u00eda","webmasterTools":{"google-site-verification":"UA-38556648-1","msvalidate.01":"7dfe9f3f1b24437ab69f4f2559babe99","miscellaneous":""},"schema":{"@context":"https:\/\/schema.org","@graph":[{"@type":"BlogPosting","@id":"https:\/\/www.eldigitaldeasturias.com\/noticias\/espana-a-la-cola-de-la-union-europea-en-empleos-vacantes\/#blogposting","name":"Espa\u00f1a, a la cola de la Uni\u00f3n Europea en empleos vacantes - El Digital de Asturias","headline":"Espa\u00f1a, a la cola de la Uni\u00f3n Europea en empleos vacantes","author":{"@id":"https:\/\/www.eldigitaldeasturias.com\/noticias\/author\/admin\/#author"},"publisher":{"@id":"https:\/\/www.eldigitaldeasturias.com\/noticias\/#organization"},"image":{"@type":"ImageObject","url":"https:\/\/www.eldigitaldeasturias.com\/noticias\/wp-content\/uploads\/2015\/05\/paro-asturias.jpg","width":800,"height":533,"caption":"paro"},"datePublished":"2019-03-19T06:14:48+01:00","dateModified":"2019-03-19T06:14:48+01:00","inLanguage":"es-ES","mainEntityOfPage":{"@id":"https:\/\/www.eldigitaldeasturias.com\/noticias\/espana-a-la-cola-de-la-union-europea-en-empleos-vacantes\/#webpage"},"isPartOf":{"@id":"https:\/\/www.eldigitaldeasturias.com\/noticias\/espana-a-la-cola-de-la-union-europea-en-empleos-vacantes\/#webpage"},"articleSection":"Econom\u00eda"},{"@type":"BreadcrumbList","@id":"https:\/\/www.eldigitaldeasturias.com\/noticias\/espana-a-la-cola-de-la-union-europea-en-empleos-vacantes\/#breadcrumblist","itemListElement":[{"@type":"ListItem","@id":"https:\/\/www.eldigitaldeasturias.com\/noticias#listItem","position":1,"name":"Home","item":"https:\/\/www.eldigitaldeasturias.com\/noticias","nextItem":{"@type":"ListItem","@id":"https:\/\/www.eldigitaldeasturias.com\/noticias\/category\/economia\/#listItem","name":"Econom\u00eda"}},{"@type":"ListItem","@id":"https:\/\/www.eldigitaldeasturias.com\/noticias\/category\/economia\/#listItem","position":2,"name":"Econom\u00eda","item":"https:\/\/www.eldigitaldeasturias.com\/noticias\/category\/economia\/","nextItem":{"@type":"ListItem","@id":"https:\/\/www.eldigitaldeasturias.com\/noticias\/espana-a-la-cola-de-la-union-europea-en-empleos-vacantes\/#listItem","name":"Espa\u00f1a, a la cola de la Uni\u00f3n Europea en empleos vacantes"},"previousItem":{"@type":"ListItem","@id":"https:\/\/www.eldigitaldeasturias.com\/noticias#listItem","name":"Home"}},{"@type":"ListItem","@id":"https:\/\/www.eldigitaldeasturias.com\/noticias\/espana-a-la-cola-de-la-union-europea-en-empleos-vacantes\/#listItem","position":3,"name":"Espa\u00f1a, a la cola de la Uni\u00f3n Europea en empleos vacantes","previousItem":{"@type":"ListItem","@id":"https:\/\/www.eldigitaldeasturias.com\/noticias\/category\/economia\/#listItem","name":"Econom\u00eda"}}]},{"@type":"Organization","@id":"https:\/\/www.eldigitaldeasturias.com\/noticias\/#organization","name":"El Digital de Asturias","description":"Hemeroteca","url":"https:\/\/www.eldigitaldeasturias.com\/noticias\/","email":"info@eldigitaldeasturias.com","telephone":"+34652131393","logo":{"@type":"ImageObject","url":"https:\/\/www.eldigitaldeasturias.com\/noticias\/wp-content\/uploads\/2020\/12\/EDA.jpg","@id":"https:\/\/www.eldigitaldeasturias.com\/noticias\/espana-a-la-cola-de-la-union-europea-en-empleos-vacantes\/#organizationLogo","width":649,"height":297},"image":{"@id":"https:\/\/www.eldigitaldeasturias.com\/noticias\/espana-a-la-cola-de-la-union-europea-en-empleos-vacantes\/#organizationLogo"},"sameAs":["https:\/\/facebook.com\/eldigitaldeasturias","https:\/\/www.youtube.com\/channel\/UCZP-2wLEB9Rv6erhFmqVnvg"],"address":{"@id":"https:\/\/www.eldigitaldeasturias.com\/noticias\/#postaladdress","@type":"PostalAddress","streetAddress":"san antonio 4,","postalCode":"33430","addressLocality":"Cand\u00e1s","addressRegion":"Asturias","addressCountry":"ES"}},{"@type":"Person","@id":"https:\/\/www.eldigitaldeasturias.com\/noticias\/author\/admin\/#author","url":"https:\/\/www.eldigitaldeasturias.com\/noticias\/author\/admin\/","name":"El Digital de Asturias","image":{"@type":"ImageObject","@id":"https:\/\/www.eldigitaldeasturias.com\/noticias\/espana-a-la-cola-de-la-union-europea-en-empleos-vacantes\/#authorImage","url":"https:\/\/www.eldigitaldeasturias.com\/noticias\/wp-content\/litespeed\/avatar\/18677e78aa0546b92d9dbf31ec7d7668.jpg?ver=1777290358","width":96,"height":96,"caption":"El Digital de Asturias"}},{"@type":"WebPage","@id":"https:\/\/www.eldigitaldeasturias.com\/noticias\/espana-a-la-cola-de-la-union-europea-en-empleos-vacantes\/#webpage","url":"https:\/\/www.eldigitaldeasturias.com\/noticias\/espana-a-la-cola-de-la-union-europea-en-empleos-vacantes\/","name":"Espa\u00f1a, a la cola de la Uni\u00f3n Europea en empleos vacantes - El Digital de Asturias","description":"LUXEMBURGO, 18 Mar. 2019 (Europa Press) - La tasa de empleos sin cubrir en la eurozona se situ\u00f3 en el cuarto trimestre del a\u00f1o en el 2,3%, ligeramente por encima del 2,1% observado en los tres trimestres anteriores y su mayor proporci\u00f3n desde que en 2006 comenzaron los registros, seg\u00fan los datos de Eurostat, que sit\u00faan","inLanguage":"es-ES","isPartOf":{"@id":"https:\/\/www.eldigitaldeasturias.com\/noticias\/#website"},"breadcrumb":{"@id":"https:\/\/www.eldigitaldeasturias.com\/noticias\/espana-a-la-cola-de-la-union-europea-en-empleos-vacantes\/#breadcrumblist"},"author":{"@id":"https:\/\/www.eldigitaldeasturias.com\/noticias\/author\/admin\/#author"},"creator":{"@id":"https:\/\/www.eldigitaldeasturias.com\/noticias\/author\/admin\/#author"},"image":{"@type":"ImageObject","url":"https:\/\/www.eldigitaldeasturias.com\/noticias\/wp-content\/uploads\/2015\/05\/paro-asturias.jpg","@id":"https:\/\/www.eldigitaldeasturias.com\/noticias\/espana-a-la-cola-de-la-union-europea-en-empleos-vacantes\/#mainImage","width":800,"height":533,"caption":"paro"},"primaryImageOfPage":{"@id":"https:\/\/www.eldigitaldeasturias.com\/noticias\/espana-a-la-cola-de-la-union-europea-en-empleos-vacantes\/#mainImage"},"datePublished":"2019-03-19T06:14:48+01:00","dateModified":"2019-03-19T06:14:48+01:00"},{"@type":"WebSite","@id":"https:\/\/www.eldigitaldeasturias.com\/noticias\/#website","url":"https:\/\/www.eldigitaldeasturias.com\/noticias\/","name":"El Digital de Asturias - Diario de actualidad y noticias","alternateName":"El Digital de Asturias - Diario de actualidad y noticias","description":"Hemeroteca","inLanguage":"es-ES","publisher":{"@id":"https:\/\/www.eldigitaldeasturias.com\/noticias\/#organization"}}]},"og:locale":"es_ES","og:site_name":"El Digital de Asturias","og:type":"article","og:title":"Espa\u00f1a, a la cola de la Uni\u00f3n Europea en empleos vacantes - El Digital de Asturias","og:description":"LUXEMBURGO, 18 Mar. 2019 (Europa Press) - La tasa de empleos sin cubrir en la eurozona se situ\u00f3 en el cuarto trimestre del a\u00f1o en el 2,3%, ligeramente por encima del 2,1% observado en los tres trimestres anteriores y su mayor proporci\u00f3n desde que en 2006 comenzaron los registros, seg\u00fan los datos de Eurostat, que sit\u00faan","og:url":"https:\/\/www.eldigitaldeasturias.com\/noticias\/espana-a-la-cola-de-la-union-europea-en-empleos-vacantes\/","og:image":"https:\/\/www.eldigitaldeasturias.com\/noticias\/wp-content\/uploads\/2015\/05\/paro-asturias.jpg","og:image:secure_url":"https:\/\/www.eldigitaldeasturias.com\/noticias\/wp-content\/uploads\/2015\/05\/paro-asturias.jpg","og:image:width":800,"og:image:height":533,"article:tag":["econom\u00eda"],"article:published_time":"2019-03-19T06:14:48+00:00","article:modified_time":"2019-03-19T06:14:48+00:00","article:publisher":"https:\/\/facebook.com\/eldigitaldeasturias","twitter:card":"summary_large_image","twitter:title":"Espa\u00f1a, a la cola de la Uni\u00f3n Europea en empleos vacantes - El Digital de Asturias","twitter:description":"LUXEMBURGO, 18 Mar. 2019 (Europa Press) - La tasa de empleos sin cubrir en la eurozona se situ\u00f3 en el cuarto trimestre del a\u00f1o en el 2,3%, ligeramente por encima del 2,1% observado en los tres trimestres anteriores y su mayor proporci\u00f3n desde que en 2006 comenzaron los registros, seg\u00fan los datos de Eurostat, que sit\u00faan","twitter:image":"https:\/\/www.eldigitaldeasturias.com\/noticias\/wp-content\/uploads\/2015\/05\/paro-asturias.jpg","twitter:label1":"Escrito por","twitter:data1":"El Digital de Asturias","twitter:label2":"Tiempo de lectura estimado","twitter:data2":"2 minutos"},"aioseo_meta_data":{"post_id":"1020870","title":null,"description":null,"keywords":null,"keyphrases":null,"primary_term":null,"canonical_url":null,"og_title":null,"og_description":null,"og_object_type":"default","og_image_type":"default","og_image_url":null,"og_image_width":null,"og_image_height":null,"og_image_custom_url":null,"og_image_custom_fields":null,"og_video":null,"og_custom_url":null,"og_article_section":null,"og_article_tags":null,"twitter_use_og":false,"twitter_card":"default","twitter_image_type":"default","twitter_image_url":null,"twitter_image_custom_url":null,"twitter_image_custom_fields":null,"twitter_title":null,"twitter_description":null,"schema":{"blockGraphs":[],"customGraphs":[],"default":{"data":{"Article":[],"Course":[],"Dataset":[],"FAQPage":[],"Movie":[],"Person":[],"Product":[],"ProductReview":[],"Car":[],"Recipe":[],"Service":[],"SoftwareApplication":[],"WebPage":[]},"graphName":"","isEnabled":true},"graphs":[],"defaultGraph":"","defaultPostTypeGraph":""},"schema_type":null,"schema_type_options":null,"pillar_content":false,"robots_default":true,"robots_noindex":false,"robots_noarchive":false,"robots_nosnippet":false,"robots_nofollow":false,"robots_noimageindex":false,"robots_noodp":false,"robots_notranslate":false,"robots_max_snippet":null,"robots_max_videopreview":null,"robots_max_imagepreview":"large","priority":null,"frequency":null,"local_seo":null,"seo_analyzer_scan_date":"2025-10-17 01:38:23","breadcrumb_settings":null,"limit_modified_date":false,"open_ai":null,"ai":null,"created":"2020-12-21 11:16:25","updated":"2025-10-17 01:38:23"},"aioseo_breadcrumb":"<div class=\"aioseo-breadcrumbs\"><span class=\"aioseo-breadcrumb\">\n\t<a href=\"https:\/\/www.eldigitaldeasturias.com\/noticias\" title=\"Home\">Home<\/a>\n<\/span><span class=\"aioseo-breadcrumb-separator\">\u2013<\/span><span class=\"aioseo-breadcrumb\">\n\t<a href=\"https:\/\/www.eldigitaldeasturias.com\/noticias\/category\/economia\/\" title=\"Econom\u00eda\">Econom\u00eda<\/a>\n<\/span><span class=\"aioseo-breadcrumb-separator\">\u2013<\/span><span class=\"aioseo-breadcrumb\">\n\t<a href=\"https:\/\/www.eldigitaldeasturias.com\/noticias\/espana-a-la-cola-de-la-union-europea-en-empleos-vacantes\/\" title=\"Espa\u00f1a, a la cola de la Uni\u00f3n Europea en empleos vacantes\">Espa\u00f1a, a la cola de la Uni\u00f3n Europea en empleos vacantes<\/a>\n<\/span><\/div>","aioseo_breadcrumb_json":[{"label":"Home","link":"https:\/\/www.eldigitaldeasturias.com\/noticias"},{"label":"Econom\u00eda","link":"https:\/\/www.eldigitaldeasturias.com\/noticias\/category\/economia\/"},{"label":"Espa\u00f1a, a la cola de la Uni\u00f3n Europea en empleos vacantes","link":"https:\/\/www.eldigitaldeasturias.com\/noticias\/espana-a-la-cola-de-la-union-europea-en-empleos-vacantes\/"}],"_links":{"self":[{"href":"https:\/\/www.eldigitaldeasturias.com\/noticias\/wp-json\/wp\/v2\/posts\/1020870","targetHints":{"allow":["GET"]}}],"collection":[{"href":"https:\/\/www.eldigitaldeasturias.com\/noticias\/wp-json\/wp\/v2\/posts"}],"about":[{"href":"https:\/\/www.eldigitaldeasturias.com\/noticias\/wp-json\/wp\/v2\/types\/post"}],"author":[{"embeddable":true,"href":"https:\/\/www.eldigitaldeasturias.com\/noticias\/wp-json\/wp\/v2\/users\/1"}],"replies":[{"embeddable":true,"href":"https:\/\/www.eldigitaldeasturias.com\/noticias\/wp-json\/wp\/v2\/comments?post=1020870"}],"version-history":[{"count":0,"href":"https:\/\/www.eldigitaldeasturias.com\/noticias\/wp-json\/wp\/v2\/posts\/1020870\/revisions"}],"wp:featuredmedia":[{"embeddable":true,"href":"https:\/\/www.eldigitaldeasturias.com\/noticias\/wp-json\/wp\/v2\/media\/781858"}],"wp:attachment":[{"href":"https:\/\/www.eldigitaldeasturias.com\/noticias\/wp-json\/wp\/v2\/media?parent=1020870"}],"wp:term":[{"taxonomy":"category","embeddable":true,"href":"https:\/\/www.eldigitaldeasturias.com\/noticias\/wp-json\/wp\/v2\/categories?post=1020870"},{"taxonomy":"post_tag","embeddable":true,"href":"https:\/\/www.eldigitaldeasturias.com\/noticias\/wp-json\/wp\/v2\/tags?post=1020870"}],"curies":[{"name":"wp","href":"https:\/\/api.w.org\/{rel}","templated":true}]}}