{"id":1020749,"date":"2019-03-18T17:17:57","date_gmt":"2019-03-18T17:17:57","guid":{"rendered":"https:\/\/www.eldigitaldeasturias.com\/noticias\/?p=1020749"},"modified":"2019-03-18T17:17:57","modified_gmt":"2019-03-18T17:17:57","slug":"la-comision-europea-creara-un-consejo-europeo-de-innovacion","status":"publish","type":"post","link":"https:\/\/www.eldigitaldeasturias.com\/noticias\/la-comision-europea-creara-un-consejo-europeo-de-innovacion\/","title":{"rendered":"La Comisi\u00f3n Europea crear\u00e1 un Consejo Europeo de Innovaci\u00f3n"},"content":{"rendered":"<p><img loading=\"lazy\" decoding=\"async\" class=\"alignleft size-medium wp-image-983320\" src=\"https:\/\/www.eldigitaldeasturias.com\/noticias\/wp-content\/uploads\/2018\/06\/blue-1283011_960_720-360x252.jpg\" alt=\"\" width=\"360\" height=\"252\" srcset=\"https:\/\/www.eldigitaldeasturias.com\/noticias\/wp-content\/uploads\/2018\/06\/blue-1283011_960_720-360x252.jpg 360w, https:\/\/www.eldigitaldeasturias.com\/noticias\/wp-content\/uploads\/2018\/06\/blue-1283011_960_720-429x300.jpg 429w, https:\/\/www.eldigitaldeasturias.com\/noticias\/wp-content\/uploads\/2018\/06\/blue-1283011_960_720-768x537.jpg 768w, https:\/\/www.eldigitaldeasturias.com\/noticias\/wp-content\/uploads\/2018\/06\/blue-1283011_960_720-687x480.jpg 687w, https:\/\/www.eldigitaldeasturias.com\/noticias\/wp-content\/uploads\/2018\/06\/blue-1283011_960_720-20x14.jpg 20w, https:\/\/www.eldigitaldeasturias.com\/noticias\/wp-content\/uploads\/2018\/06\/blue-1283011_960_720.jpg 960w\" sizes=\"auto, (max-width: 360px) 100vw, 360px\" \/>La Comisi\u00f3n Europea anunci\u00f3 este lunes mediante un comunicado de prensa que antes de que comiencen los debates del Consejo Europeo sobre la innovaci\u00f3n, la industria y la competitividad el 21 y el 22 de marzo pr\u00f3ximos, la Comisi\u00f3n va a adoptar medidas decisivas para crear un Consejo Europeo de Innovaci\u00f3n.<\/p>\n<p>El comunicado completo expone la siguiente informaci\u00f3n:<\/p>\n<p>\u201cLa competencia a escala mundial es cada vez m\u00e1s intensa, de modo que Europa necesita aumentar su capacidad de innovaci\u00f3n y de asumir riesgos si quiere competir en un mercado cada vez m\u00e1s definido por las nuevas tecnolog\u00edas. Por esta raz\u00f3n, la Comisi\u00f3n Juncker est\u00e1 poniendo en marcha el Consejo Europeo de Innovaci\u00f3n (CEI), con el objetivo de transformar los descubrimientos cient\u00edficos en empresas que puedan expandirse m\u00e1s r\u00e1pidamente. El CEI se encuentra actualmente en su fase piloto y se convertir\u00e1 en una realidad con todas las de la ley a partir de 2021, en el marco del pr\u00f3ximo Programa de Investigaci\u00f3n e Innovaci\u00f3n de la UE \u00abHorizonte Europa\u00bb.<\/p>\n<p>Carlos Moedas, comisario de Investigaci\u00f3n, Ciencia e Innovaci\u00f3n, ha declarado: \u00abCon el Consejo Europeo de Innovaci\u00f3n no nos limitamos a poner dinero sobre la mesa. Creamos un sistema completo de innovaci\u00f3n para situar a Europa en la vanguardia de la innovaci\u00f3n y las tecnolog\u00edas estrat\u00e9gicas que configurar\u00e1n nuestro futuro, como la inteligencia artificial, la biotecnolog\u00eda y la energ\u00eda sin emisiones. Debemos centrarnos en las necesidades de los innovadores, que son quienes generar\u00e1n puestos de trabajo, reforzar\u00e1n nuestra competitividad global y mejorar\u00e1n nuestra vida diaria\u00bb.<\/p>\n<p>En 2017, la Comisi\u00f3n puso en marcha la fase piloto del Consejo Europeo de Innovaci\u00f3n, mediante la convocatoria de concursos abiertos y entrevistas personales para identificar las empresas emergentes y las pymes m\u00e1s innovadoras de Europa y dotarlas de financiaci\u00f3n. Desde entonces, 1 276 proyectos altamente innovadores se han beneficiado de una financiaci\u00f3n global de 730 millones de euros.<\/p>\n<p>La Comisi\u00f3n anuncia hoy medidas importantes que aumentar\u00e1n la intensidad de los dos a\u00f1os que restan para completar la fase piloto del CEI:<\/p>\n<ul>\n<li>M\u00e1s de 2 000 millones de euros de financiaci\u00f3n en 2019-2020, destinados a la cadena de innovaci\u00f3n: proyectos \u00abExplorador\u00bb, para apoyar tecnolog\u00edas avanzadas desde la base de investigaci\u00f3n (el plazo se abre ma\u00f1ana), y financiaci\u00f3n \u00abAcelerador\u00bb, para ayudar a las empresas emergentes y a las pymes a desarrollar y expandir sus innovaciones hasta alcanzar una fase en la que puedan atraer inversi\u00f3n privada (el plazo se abre en junio). En el marco de la financiaci\u00f3n \u00abAcelerador\u00bb, las empresas tendr\u00e1n acceso a una financiaci\u00f3n combinada (subvenciones y aportaciones de capital) de hasta 15 millones de euros.<\/li>\n<li>La Comisi\u00f3n designar\u00e1 entre 15 y 20 l\u00edderes en innovaci\u00f3n que constituir\u00e1n el Consejo Asesor del CEI, cuya misi\u00f3n consistir\u00e1 en supervisar la fase piloto del CEI, preparar su futuro y, de manera general, impulsar el CEI. Se invita a los innovadores de todo el ecosistema a postularse para esta misi\u00f3n de aqu\u00ed al 10 de mayo.<\/li>\n<li>La Comisi\u00f3n contratar\u00e1 un primer grupo de \u00abgestores de programas\u00bb altamente especializados en nuevas tecnolog\u00edas, que trabajar\u00e1n a tiempo completo para proporcionar apoyo pr\u00e1ctico a los proyectos. La convocatoria de contrataci\u00f3n se publicar\u00e1 en breve.<\/li>\n<li>La Comisi\u00f3n anuncia tambi\u00e9n hoy la selecci\u00f3n de otras 68 empresas emergentes y pymes, que recibir\u00e1n una financiaci\u00f3n global de 120 millones de euros en el marco de la actual fase piloto del CEI. Entre los proyectos que desarrollan estas empresas se encuentra, por ejemplo, una tecnolog\u00eda de cadena de bloques para el pago en l\u00ednea, nuevas pantallas eficientes desde el punto de vista energ\u00e9tico y una soluci\u00f3n para luchar contra el ruido del tr\u00e1fico (desglose de los beneficiarios por pa\u00eds y sector). Espa\u00f1a es el pa\u00eds con m\u00e1s empresas elegidas, con nueve beneficiarios, que recibir\u00e1n una financiaci\u00f3n de 10 millones de euros.<\/li>\n<\/ul>\n<p>Dada la creciente importancia econ\u00f3mica de la innovaci\u00f3n radical y disruptiva, y en vista del \u00e9xito inicial de la fase piloto del CEI, la Comisi\u00f3n ha propuesto dedicar 10 000 millones de euros al CEI con cargo a la financiaci\u00f3n de Horizonte Europa, el Programa de Investigaci\u00f3n e Innovaci\u00f3n de la UE para 2021-2027\u201d, concluye el comunicado de la Comisi\u00f3n Europea.<\/p>\n","protected":false},"excerpt":{"rendered":"<p>La Comisi\u00f3n Europea anunci\u00f3 este lunes mediante un comunicado de prensa que antes de que comiencen los debates del Consejo Europeo sobre la innovaci\u00f3n, la industria y la competitividad el 21 y el 22 de marzo pr\u00f3ximos, la Comisi\u00f3n va a adoptar medidas decisivas para crear un Consejo Europeo de Innovaci\u00f3n. El comunicado completo expone [&hellip;]<\/p>\n","protected":false},"author":1,"featured_media":983320,"comment_status":"closed","ping_status":"closed","sticky":false,"template":"","format":"standard","meta":{"footnotes":""},"categories":[187],"tags":[],"class_list":["post-1020749","post","type-post","status-publish","format-standard","has-post-thumbnail","hentry","category-economia"],"aioseo_notices":[],"aioseo_head":"\n\t\t<!-- All in One SEO Pro 4.9.6.2 - aioseo.com -->\n\t<meta name=\"description\" content=\"La Comisi\u00f3n Europea anunci\u00f3 este lunes mediante un comunicado de prensa que antes de que comiencen los debates del Consejo Europeo sobre la innovaci\u00f3n, la industria y la competitividad el 21 y el 22 de marzo pr\u00f3ximos, la Comisi\u00f3n va a adoptar medidas decisivas para crear un Consejo Europeo de Innovaci\u00f3n. El comunicado completo expone\" \/>\n\t<meta name=\"robots\" content=\"max-image-preview:large\" \/>\n\t<meta name=\"author\" content=\"El Digital de Asturias\"\/>\n\t<meta name=\"google-site-verification\" content=\"UA-38556648-1\" \/>\n\t<meta name=\"msvalidate.01\" content=\"7dfe9f3f1b24437ab69f4f2559babe99\" \/>\n\t<meta name=\"keywords\" content=\"econom\u00eda\" \/>\n\t<link rel=\"canonical\" href=\"https:\/\/www.eldigitaldeasturias.com\/noticias\/la-comision-europea-creara-un-consejo-europeo-de-innovacion\/\" \/>\n\t<meta name=\"generator\" content=\"All in One SEO Pro (AIOSEO) 4.9.6.2\" \/>\n\t\t<meta property=\"og:locale\" content=\"es_ES\" \/>\n\t\t<meta property=\"og:site_name\" content=\"El Digital de Asturias\" \/>\n\t\t<meta property=\"og:type\" content=\"article\" \/>\n\t\t<meta property=\"og:title\" content=\"La Comisi\u00f3n Europea crear\u00e1 un Consejo Europeo de Innovaci\u00f3n - El Digital de Asturias\" \/>\n\t\t<meta property=\"og:description\" content=\"La Comisi\u00f3n Europea anunci\u00f3 este lunes mediante un comunicado de prensa que antes de que comiencen los debates del Consejo Europeo sobre la innovaci\u00f3n, la industria y la competitividad el 21 y el 22 de marzo pr\u00f3ximos, la Comisi\u00f3n va a adoptar medidas decisivas para crear un Consejo Europeo de Innovaci\u00f3n. El comunicado completo expone\" \/>\n\t\t<meta property=\"og:url\" content=\"https:\/\/www.eldigitaldeasturias.com\/noticias\/la-comision-europea-creara-un-consejo-europeo-de-innovacion\/\" \/>\n\t\t<meta property=\"og:image\" content=\"https:\/\/www.eldigitaldeasturias.com\/noticias\/wp-content\/uploads\/2018\/06\/blue-1283011_960_720.jpg\" \/>\n\t\t<meta property=\"og:image:secure_url\" content=\"https:\/\/www.eldigitaldeasturias.com\/noticias\/wp-content\/uploads\/2018\/06\/blue-1283011_960_720.jpg\" \/>\n\t\t<meta property=\"og:image:width\" content=\"960\" \/>\n\t\t<meta property=\"og:image:height\" content=\"671\" \/>\n\t\t<meta property=\"article:tag\" content=\"econom\u00eda\" \/>\n\t\t<meta property=\"article:published_time\" content=\"2019-03-18T17:17:57+00:00\" \/>\n\t\t<meta property=\"article:modified_time\" content=\"2019-03-18T17:17:57+00:00\" \/>\n\t\t<meta property=\"article:publisher\" content=\"https:\/\/facebook.com\/eldigitaldeasturias\" \/>\n\t\t<meta name=\"twitter:card\" content=\"summary_large_image\" \/>\n\t\t<meta name=\"twitter:title\" content=\"La Comisi\u00f3n Europea crear\u00e1 un Consejo Europeo de Innovaci\u00f3n - El Digital de Asturias\" \/>\n\t\t<meta name=\"twitter:description\" content=\"La Comisi\u00f3n Europea anunci\u00f3 este lunes mediante un comunicado de prensa que antes de que comiencen los debates del Consejo Europeo sobre la innovaci\u00f3n, la industria y la competitividad el 21 y el 22 de marzo pr\u00f3ximos, la Comisi\u00f3n va a adoptar medidas decisivas para crear un Consejo Europeo de Innovaci\u00f3n. El comunicado completo expone\" \/>\n\t\t<meta name=\"twitter:image\" content=\"https:\/\/www.eldigitaldeasturias.com\/noticias\/wp-content\/uploads\/2018\/06\/blue-1283011_960_720.jpg\" \/>\n\t\t<meta name=\"twitter:label1\" content=\"Escrito por\" \/>\n\t\t<meta name=\"twitter:data1\" content=\"El Digital de Asturias\" \/>\n\t\t<meta name=\"twitter:label2\" content=\"Tiempo de lectura estimado\" \/>\n\t\t<meta name=\"twitter:data2\" content=\"4 minutos\" \/>\n\t\t<script type=\"application\/ld+json\" class=\"aioseo-schema\">\n\t\t\t{\"@context\":\"https:\\\/\\\/schema.org\",\"@graph\":[{\"@type\":\"BlogPosting\",\"@id\":\"https:\\\/\\\/www.eldigitaldeasturias.com\\\/noticias\\\/la-comision-europea-creara-un-consejo-europeo-de-innovacion\\\/#blogposting\",\"name\":\"La Comisi\\u00f3n Europea crear\\u00e1 un Consejo Europeo de Innovaci\\u00f3n - El Digital de Asturias\",\"headline\":\"La Comisi\\u00f3n Europea crear\\u00e1 un Consejo Europeo de Innovaci\\u00f3n\",\"author\":{\"@id\":\"https:\\\/\\\/www.eldigitaldeasturias.com\\\/noticias\\\/author\\\/admin\\\/#author\"},\"publisher\":{\"@id\":\"https:\\\/\\\/www.eldigitaldeasturias.com\\\/noticias\\\/#organization\"},\"image\":{\"@type\":\"ImageObject\",\"url\":\"https:\\\/\\\/www.eldigitaldeasturias.com\\\/noticias\\\/wp-content\\\/uploads\\\/2018\\\/06\\\/blue-1283011_960_720.jpg\",\"width\":960,\"height\":671},\"datePublished\":\"2019-03-18T17:17:57+01:00\",\"dateModified\":\"2019-03-18T17:17:57+01:00\",\"inLanguage\":\"es-ES\",\"mainEntityOfPage\":{\"@id\":\"https:\\\/\\\/www.eldigitaldeasturias.com\\\/noticias\\\/la-comision-europea-creara-un-consejo-europeo-de-innovacion\\\/#webpage\"},\"isPartOf\":{\"@id\":\"https:\\\/\\\/www.eldigitaldeasturias.com\\\/noticias\\\/la-comision-europea-creara-un-consejo-europeo-de-innovacion\\\/#webpage\"},\"articleSection\":\"Econom\\u00eda\"},{\"@type\":\"BreadcrumbList\",\"@id\":\"https:\\\/\\\/www.eldigitaldeasturias.com\\\/noticias\\\/la-comision-europea-creara-un-consejo-europeo-de-innovacion\\\/#breadcrumblist\",\"itemListElement\":[{\"@type\":\"ListItem\",\"@id\":\"https:\\\/\\\/www.eldigitaldeasturias.com\\\/noticias#listItem\",\"position\":1,\"name\":\"Home\",\"item\":\"https:\\\/\\\/www.eldigitaldeasturias.com\\\/noticias\",\"nextItem\":{\"@type\":\"ListItem\",\"@id\":\"https:\\\/\\\/www.eldigitaldeasturias.com\\\/noticias\\\/category\\\/economia\\\/#listItem\",\"name\":\"Econom\\u00eda\"}},{\"@type\":\"ListItem\",\"@id\":\"https:\\\/\\\/www.eldigitaldeasturias.com\\\/noticias\\\/category\\\/economia\\\/#listItem\",\"position\":2,\"name\":\"Econom\\u00eda\",\"item\":\"https:\\\/\\\/www.eldigitaldeasturias.com\\\/noticias\\\/category\\\/economia\\\/\",\"nextItem\":{\"@type\":\"ListItem\",\"@id\":\"https:\\\/\\\/www.eldigitaldeasturias.com\\\/noticias\\\/la-comision-europea-creara-un-consejo-europeo-de-innovacion\\\/#listItem\",\"name\":\"La Comisi\\u00f3n Europea crear\\u00e1 un Consejo Europeo de Innovaci\\u00f3n\"},\"previousItem\":{\"@type\":\"ListItem\",\"@id\":\"https:\\\/\\\/www.eldigitaldeasturias.com\\\/noticias#listItem\",\"name\":\"Home\"}},{\"@type\":\"ListItem\",\"@id\":\"https:\\\/\\\/www.eldigitaldeasturias.com\\\/noticias\\\/la-comision-europea-creara-un-consejo-europeo-de-innovacion\\\/#listItem\",\"position\":3,\"name\":\"La Comisi\\u00f3n Europea crear\\u00e1 un Consejo Europeo de Innovaci\\u00f3n\",\"previousItem\":{\"@type\":\"ListItem\",\"@id\":\"https:\\\/\\\/www.eldigitaldeasturias.com\\\/noticias\\\/category\\\/economia\\\/#listItem\",\"name\":\"Econom\\u00eda\"}}]},{\"@type\":\"Organization\",\"@id\":\"https:\\\/\\\/www.eldigitaldeasturias.com\\\/noticias\\\/#organization\",\"name\":\"El Digital de Asturias\",\"description\":\"Hemeroteca\",\"url\":\"https:\\\/\\\/www.eldigitaldeasturias.com\\\/noticias\\\/\",\"email\":\"info@eldigitaldeasturias.com\",\"telephone\":\"+34652131393\",\"logo\":{\"@type\":\"ImageObject\",\"url\":\"https:\\\/\\\/www.eldigitaldeasturias.com\\\/noticias\\\/wp-content\\\/uploads\\\/2020\\\/12\\\/EDA.jpg\",\"@id\":\"https:\\\/\\\/www.eldigitaldeasturias.com\\\/noticias\\\/la-comision-europea-creara-un-consejo-europeo-de-innovacion\\\/#organizationLogo\",\"width\":649,\"height\":297},\"image\":{\"@id\":\"https:\\\/\\\/www.eldigitaldeasturias.com\\\/noticias\\\/la-comision-europea-creara-un-consejo-europeo-de-innovacion\\\/#organizationLogo\"},\"sameAs\":[\"https:\\\/\\\/facebook.com\\\/eldigitaldeasturias\",\"https:\\\/\\\/www.youtube.com\\\/channel\\\/UCZP-2wLEB9Rv6erhFmqVnvg\"],\"address\":{\"@id\":\"https:\\\/\\\/www.eldigitaldeasturias.com\\\/noticias\\\/#postaladdress\",\"@type\":\"PostalAddress\",\"streetAddress\":\"san antonio 4,\",\"postalCode\":\"33430\",\"addressLocality\":\"Cand\\u00e1s\",\"addressRegion\":\"Asturias\",\"addressCountry\":\"ES\"}},{\"@type\":\"Person\",\"@id\":\"https:\\\/\\\/www.eldigitaldeasturias.com\\\/noticias\\\/author\\\/admin\\\/#author\",\"url\":\"https:\\\/\\\/www.eldigitaldeasturias.com\\\/noticias\\\/author\\\/admin\\\/\",\"name\":\"El Digital de Asturias\",\"image\":{\"@type\":\"ImageObject\",\"@id\":\"https:\\\/\\\/www.eldigitaldeasturias.com\\\/noticias\\\/la-comision-europea-creara-un-consejo-europeo-de-innovacion\\\/#authorImage\",\"url\":\"https:\\\/\\\/www.eldigitaldeasturias.com\\\/noticias\\\/wp-content\\\/litespeed\\\/avatar\\\/18677e78aa0546b92d9dbf31ec7d7668.jpg?ver=1777290358\",\"width\":96,\"height\":96,\"caption\":\"El Digital de Asturias\"}},{\"@type\":\"WebPage\",\"@id\":\"https:\\\/\\\/www.eldigitaldeasturias.com\\\/noticias\\\/la-comision-europea-creara-un-consejo-europeo-de-innovacion\\\/#webpage\",\"url\":\"https:\\\/\\\/www.eldigitaldeasturias.com\\\/noticias\\\/la-comision-europea-creara-un-consejo-europeo-de-innovacion\\\/\",\"name\":\"La Comisi\\u00f3n Europea crear\\u00e1 un Consejo Europeo de Innovaci\\u00f3n - El Digital de Asturias\",\"description\":\"La Comisi\\u00f3n Europea anunci\\u00f3 este lunes mediante un comunicado de prensa que antes de que comiencen los debates del Consejo Europeo sobre la innovaci\\u00f3n, la industria y la competitividad el 21 y el 22 de marzo pr\\u00f3ximos, la Comisi\\u00f3n va a adoptar medidas decisivas para crear un Consejo Europeo de Innovaci\\u00f3n. El comunicado completo expone\",\"inLanguage\":\"es-ES\",\"isPartOf\":{\"@id\":\"https:\\\/\\\/www.eldigitaldeasturias.com\\\/noticias\\\/#website\"},\"breadcrumb\":{\"@id\":\"https:\\\/\\\/www.eldigitaldeasturias.com\\\/noticias\\\/la-comision-europea-creara-un-consejo-europeo-de-innovacion\\\/#breadcrumblist\"},\"author\":{\"@id\":\"https:\\\/\\\/www.eldigitaldeasturias.com\\\/noticias\\\/author\\\/admin\\\/#author\"},\"creator\":{\"@id\":\"https:\\\/\\\/www.eldigitaldeasturias.com\\\/noticias\\\/author\\\/admin\\\/#author\"},\"image\":{\"@type\":\"ImageObject\",\"url\":\"https:\\\/\\\/www.eldigitaldeasturias.com\\\/noticias\\\/wp-content\\\/uploads\\\/2018\\\/06\\\/blue-1283011_960_720.jpg\",\"@id\":\"https:\\\/\\\/www.eldigitaldeasturias.com\\\/noticias\\\/la-comision-europea-creara-un-consejo-europeo-de-innovacion\\\/#mainImage\",\"width\":960,\"height\":671},\"primaryImageOfPage\":{\"@id\":\"https:\\\/\\\/www.eldigitaldeasturias.com\\\/noticias\\\/la-comision-europea-creara-un-consejo-europeo-de-innovacion\\\/#mainImage\"},\"datePublished\":\"2019-03-18T17:17:57+01:00\",\"dateModified\":\"2019-03-18T17:17:57+01:00\"},{\"@type\":\"WebSite\",\"@id\":\"https:\\\/\\\/www.eldigitaldeasturias.com\\\/noticias\\\/#website\",\"url\":\"https:\\\/\\\/www.eldigitaldeasturias.com\\\/noticias\\\/\",\"name\":\"El Digital de Asturias - Diario de actualidad y noticias\",\"alternateName\":\"El Digital de Asturias - Diario de actualidad y noticias\",\"description\":\"Hemeroteca\",\"inLanguage\":\"es-ES\",\"publisher\":{\"@id\":\"https:\\\/\\\/www.eldigitaldeasturias.com\\\/noticias\\\/#organization\"}}]}\n\t\t<\/script>\n\t\t<!-- All in One SEO Pro -->\r\n\t\t<title>La Comisi\u00f3n Europea crear\u00e1 un Consejo Europeo de Innovaci\u00f3n - El Digital de Asturias<\/title>\n\n","aioseo_head_json":{"title":"La Comisi\u00f3n Europea crear\u00e1 un Consejo Europeo de Innovaci\u00f3n - El Digital de Asturias","description":"La Comisi\u00f3n Europea anunci\u00f3 este lunes mediante un comunicado de prensa que antes de que comiencen los debates del Consejo Europeo sobre la innovaci\u00f3n, la industria y la competitividad el 21 y el 22 de marzo pr\u00f3ximos, la Comisi\u00f3n va a adoptar medidas decisivas para crear un Consejo Europeo de Innovaci\u00f3n. El comunicado completo expone","canonical_url":"https:\/\/www.eldigitaldeasturias.com\/noticias\/la-comision-europea-creara-un-consejo-europeo-de-innovacion\/","robots":"max-image-preview:large","keywords":"econom\u00eda","webmasterTools":{"google-site-verification":"UA-38556648-1","msvalidate.01":"7dfe9f3f1b24437ab69f4f2559babe99","miscellaneous":""},"schema":{"@context":"https:\/\/schema.org","@graph":[{"@type":"BlogPosting","@id":"https:\/\/www.eldigitaldeasturias.com\/noticias\/la-comision-europea-creara-un-consejo-europeo-de-innovacion\/#blogposting","name":"La Comisi\u00f3n Europea crear\u00e1 un Consejo Europeo de Innovaci\u00f3n - El Digital de Asturias","headline":"La Comisi\u00f3n Europea crear\u00e1 un Consejo Europeo de Innovaci\u00f3n","author":{"@id":"https:\/\/www.eldigitaldeasturias.com\/noticias\/author\/admin\/#author"},"publisher":{"@id":"https:\/\/www.eldigitaldeasturias.com\/noticias\/#organization"},"image":{"@type":"ImageObject","url":"https:\/\/www.eldigitaldeasturias.com\/noticias\/wp-content\/uploads\/2018\/06\/blue-1283011_960_720.jpg","width":960,"height":671},"datePublished":"2019-03-18T17:17:57+01:00","dateModified":"2019-03-18T17:17:57+01:00","inLanguage":"es-ES","mainEntityOfPage":{"@id":"https:\/\/www.eldigitaldeasturias.com\/noticias\/la-comision-europea-creara-un-consejo-europeo-de-innovacion\/#webpage"},"isPartOf":{"@id":"https:\/\/www.eldigitaldeasturias.com\/noticias\/la-comision-europea-creara-un-consejo-europeo-de-innovacion\/#webpage"},"articleSection":"Econom\u00eda"},{"@type":"BreadcrumbList","@id":"https:\/\/www.eldigitaldeasturias.com\/noticias\/la-comision-europea-creara-un-consejo-europeo-de-innovacion\/#breadcrumblist","itemListElement":[{"@type":"ListItem","@id":"https:\/\/www.eldigitaldeasturias.com\/noticias#listItem","position":1,"name":"Home","item":"https:\/\/www.eldigitaldeasturias.com\/noticias","nextItem":{"@type":"ListItem","@id":"https:\/\/www.eldigitaldeasturias.com\/noticias\/category\/economia\/#listItem","name":"Econom\u00eda"}},{"@type":"ListItem","@id":"https:\/\/www.eldigitaldeasturias.com\/noticias\/category\/economia\/#listItem","position":2,"name":"Econom\u00eda","item":"https:\/\/www.eldigitaldeasturias.com\/noticias\/category\/economia\/","nextItem":{"@type":"ListItem","@id":"https:\/\/www.eldigitaldeasturias.com\/noticias\/la-comision-europea-creara-un-consejo-europeo-de-innovacion\/#listItem","name":"La Comisi\u00f3n Europea crear\u00e1 un Consejo Europeo de Innovaci\u00f3n"},"previousItem":{"@type":"ListItem","@id":"https:\/\/www.eldigitaldeasturias.com\/noticias#listItem","name":"Home"}},{"@type":"ListItem","@id":"https:\/\/www.eldigitaldeasturias.com\/noticias\/la-comision-europea-creara-un-consejo-europeo-de-innovacion\/#listItem","position":3,"name":"La Comisi\u00f3n Europea crear\u00e1 un Consejo Europeo de Innovaci\u00f3n","previousItem":{"@type":"ListItem","@id":"https:\/\/www.eldigitaldeasturias.com\/noticias\/category\/economia\/#listItem","name":"Econom\u00eda"}}]},{"@type":"Organization","@id":"https:\/\/www.eldigitaldeasturias.com\/noticias\/#organization","name":"El Digital de Asturias","description":"Hemeroteca","url":"https:\/\/www.eldigitaldeasturias.com\/noticias\/","email":"info@eldigitaldeasturias.com","telephone":"+34652131393","logo":{"@type":"ImageObject","url":"https:\/\/www.eldigitaldeasturias.com\/noticias\/wp-content\/uploads\/2020\/12\/EDA.jpg","@id":"https:\/\/www.eldigitaldeasturias.com\/noticias\/la-comision-europea-creara-un-consejo-europeo-de-innovacion\/#organizationLogo","width":649,"height":297},"image":{"@id":"https:\/\/www.eldigitaldeasturias.com\/noticias\/la-comision-europea-creara-un-consejo-europeo-de-innovacion\/#organizationLogo"},"sameAs":["https:\/\/facebook.com\/eldigitaldeasturias","https:\/\/www.youtube.com\/channel\/UCZP-2wLEB9Rv6erhFmqVnvg"],"address":{"@id":"https:\/\/www.eldigitaldeasturias.com\/noticias\/#postaladdress","@type":"PostalAddress","streetAddress":"san antonio 4,","postalCode":"33430","addressLocality":"Cand\u00e1s","addressRegion":"Asturias","addressCountry":"ES"}},{"@type":"Person","@id":"https:\/\/www.eldigitaldeasturias.com\/noticias\/author\/admin\/#author","url":"https:\/\/www.eldigitaldeasturias.com\/noticias\/author\/admin\/","name":"El Digital de Asturias","image":{"@type":"ImageObject","@id":"https:\/\/www.eldigitaldeasturias.com\/noticias\/la-comision-europea-creara-un-consejo-europeo-de-innovacion\/#authorImage","url":"https:\/\/www.eldigitaldeasturias.com\/noticias\/wp-content\/litespeed\/avatar\/18677e78aa0546b92d9dbf31ec7d7668.jpg?ver=1777290358","width":96,"height":96,"caption":"El Digital de Asturias"}},{"@type":"WebPage","@id":"https:\/\/www.eldigitaldeasturias.com\/noticias\/la-comision-europea-creara-un-consejo-europeo-de-innovacion\/#webpage","url":"https:\/\/www.eldigitaldeasturias.com\/noticias\/la-comision-europea-creara-un-consejo-europeo-de-innovacion\/","name":"La Comisi\u00f3n Europea crear\u00e1 un Consejo Europeo de Innovaci\u00f3n - El Digital de Asturias","description":"La Comisi\u00f3n Europea anunci\u00f3 este lunes mediante un comunicado de prensa que antes de que comiencen los debates del Consejo Europeo sobre la innovaci\u00f3n, la industria y la competitividad el 21 y el 22 de marzo pr\u00f3ximos, la Comisi\u00f3n va a adoptar medidas decisivas para crear un Consejo Europeo de Innovaci\u00f3n. El comunicado completo expone","inLanguage":"es-ES","isPartOf":{"@id":"https:\/\/www.eldigitaldeasturias.com\/noticias\/#website"},"breadcrumb":{"@id":"https:\/\/www.eldigitaldeasturias.com\/noticias\/la-comision-europea-creara-un-consejo-europeo-de-innovacion\/#breadcrumblist"},"author":{"@id":"https:\/\/www.eldigitaldeasturias.com\/noticias\/author\/admin\/#author"},"creator":{"@id":"https:\/\/www.eldigitaldeasturias.com\/noticias\/author\/admin\/#author"},"image":{"@type":"ImageObject","url":"https:\/\/www.eldigitaldeasturias.com\/noticias\/wp-content\/uploads\/2018\/06\/blue-1283011_960_720.jpg","@id":"https:\/\/www.eldigitaldeasturias.com\/noticias\/la-comision-europea-creara-un-consejo-europeo-de-innovacion\/#mainImage","width":960,"height":671},"primaryImageOfPage":{"@id":"https:\/\/www.eldigitaldeasturias.com\/noticias\/la-comision-europea-creara-un-consejo-europeo-de-innovacion\/#mainImage"},"datePublished":"2019-03-18T17:17:57+01:00","dateModified":"2019-03-18T17:17:57+01:00"},{"@type":"WebSite","@id":"https:\/\/www.eldigitaldeasturias.com\/noticias\/#website","url":"https:\/\/www.eldigitaldeasturias.com\/noticias\/","name":"El Digital de Asturias - Diario de actualidad y noticias","alternateName":"El Digital de Asturias - Diario de actualidad y noticias","description":"Hemeroteca","inLanguage":"es-ES","publisher":{"@id":"https:\/\/www.eldigitaldeasturias.com\/noticias\/#organization"}}]},"og:locale":"es_ES","og:site_name":"El Digital de Asturias","og:type":"article","og:title":"La Comisi\u00f3n Europea crear\u00e1 un Consejo Europeo de Innovaci\u00f3n - El Digital de Asturias","og:description":"La Comisi\u00f3n Europea anunci\u00f3 este lunes mediante un comunicado de prensa que antes de que comiencen los debates del Consejo Europeo sobre la innovaci\u00f3n, la industria y la competitividad el 21 y el 22 de marzo pr\u00f3ximos, la Comisi\u00f3n va a adoptar medidas decisivas para crear un Consejo Europeo de Innovaci\u00f3n. El comunicado completo expone","og:url":"https:\/\/www.eldigitaldeasturias.com\/noticias\/la-comision-europea-creara-un-consejo-europeo-de-innovacion\/","og:image":"https:\/\/www.eldigitaldeasturias.com\/noticias\/wp-content\/uploads\/2018\/06\/blue-1283011_960_720.jpg","og:image:secure_url":"https:\/\/www.eldigitaldeasturias.com\/noticias\/wp-content\/uploads\/2018\/06\/blue-1283011_960_720.jpg","og:image:width":960,"og:image:height":671,"article:tag":["econom\u00eda"],"article:published_time":"2019-03-18T17:17:57+00:00","article:modified_time":"2019-03-18T17:17:57+00:00","article:publisher":"https:\/\/facebook.com\/eldigitaldeasturias","twitter:card":"summary_large_image","twitter:title":"La Comisi\u00f3n Europea crear\u00e1 un Consejo Europeo de Innovaci\u00f3n - El Digital de Asturias","twitter:description":"La Comisi\u00f3n Europea anunci\u00f3 este lunes mediante un comunicado de prensa que antes de que comiencen los debates del Consejo Europeo sobre la innovaci\u00f3n, la industria y la competitividad el 21 y el 22 de marzo pr\u00f3ximos, la Comisi\u00f3n va a adoptar medidas decisivas para crear un Consejo Europeo de Innovaci\u00f3n. El comunicado completo expone","twitter:image":"https:\/\/www.eldigitaldeasturias.com\/noticias\/wp-content\/uploads\/2018\/06\/blue-1283011_960_720.jpg","twitter:label1":"Escrito por","twitter:data1":"El Digital de Asturias","twitter:label2":"Tiempo de lectura estimado","twitter:data2":"4 minutos"},"aioseo_meta_data":{"post_id":"1020749","title":null,"description":null,"keywords":null,"keyphrases":null,"primary_term":null,"canonical_url":null,"og_title":null,"og_description":null,"og_object_type":"default","og_image_type":"default","og_image_url":null,"og_image_width":null,"og_image_height":null,"og_image_custom_url":null,"og_image_custom_fields":null,"og_video":null,"og_custom_url":null,"og_article_section":null,"og_article_tags":null,"twitter_use_og":false,"twitter_card":"default","twitter_image_type":"default","twitter_image_url":null,"twitter_image_custom_url":null,"twitter_image_custom_fields":null,"twitter_title":null,"twitter_description":null,"schema":{"blockGraphs":[],"customGraphs":[],"default":{"data":{"Article":[],"Course":[],"Dataset":[],"FAQPage":[],"Movie":[],"Person":[],"Product":[],"ProductReview":[],"Car":[],"Recipe":[],"Service":[],"SoftwareApplication":[],"WebPage":[]},"graphName":"","isEnabled":true},"graphs":[],"defaultGraph":"","defaultPostTypeGraph":""},"schema_type":null,"schema_type_options":null,"pillar_content":false,"robots_default":true,"robots_noindex":false,"robots_noarchive":false,"robots_nosnippet":false,"robots_nofollow":false,"robots_noimageindex":false,"robots_noodp":false,"robots_notranslate":false,"robots_max_snippet":null,"robots_max_videopreview":null,"robots_max_imagepreview":"large","priority":null,"frequency":null,"local_seo":null,"seo_analyzer_scan_date":"2025-10-17 01:11:30","breadcrumb_settings":null,"limit_modified_date":false,"open_ai":null,"ai":null,"created":"2020-12-21 11:16:26","updated":"2025-10-17 01:11:30"},"aioseo_breadcrumb":"<div class=\"aioseo-breadcrumbs\"><span class=\"aioseo-breadcrumb\">\n\t<a href=\"https:\/\/www.eldigitaldeasturias.com\/noticias\" title=\"Home\">Home<\/a>\n<\/span><span class=\"aioseo-breadcrumb-separator\">\u2013<\/span><span class=\"aioseo-breadcrumb\">\n\t<a href=\"https:\/\/www.eldigitaldeasturias.com\/noticias\/category\/economia\/\" title=\"Econom\u00eda\">Econom\u00eda<\/a>\n<\/span><span class=\"aioseo-breadcrumb-separator\">\u2013<\/span><span class=\"aioseo-breadcrumb\">\n\t<a href=\"https:\/\/www.eldigitaldeasturias.com\/noticias\/la-comision-europea-creara-un-consejo-europeo-de-innovacion\/\" title=\"La Comisi\u00f3n Europea crear\u00e1 un Consejo Europeo de Innovaci\u00f3n\">La Comisi\u00f3n Europea crear\u00e1 un Consejo Europeo de Innovaci\u00f3n<\/a>\n<\/span><\/div>","aioseo_breadcrumb_json":[{"label":"Home","link":"https:\/\/www.eldigitaldeasturias.com\/noticias"},{"label":"Econom\u00eda","link":"https:\/\/www.eldigitaldeasturias.com\/noticias\/category\/economia\/"},{"label":"La Comisi\u00f3n Europea crear\u00e1 un Consejo Europeo de Innovaci\u00f3n","link":"https:\/\/www.eldigitaldeasturias.com\/noticias\/la-comision-europea-creara-un-consejo-europeo-de-innovacion\/"}],"_links":{"self":[{"href":"https:\/\/www.eldigitaldeasturias.com\/noticias\/wp-json\/wp\/v2\/posts\/1020749","targetHints":{"allow":["GET"]}}],"collection":[{"href":"https:\/\/www.eldigitaldeasturias.com\/noticias\/wp-json\/wp\/v2\/posts"}],"about":[{"href":"https:\/\/www.eldigitaldeasturias.com\/noticias\/wp-json\/wp\/v2\/types\/post"}],"author":[{"embeddable":true,"href":"https:\/\/www.eldigitaldeasturias.com\/noticias\/wp-json\/wp\/v2\/users\/1"}],"replies":[{"embeddable":true,"href":"https:\/\/www.eldigitaldeasturias.com\/noticias\/wp-json\/wp\/v2\/comments?post=1020749"}],"version-history":[{"count":0,"href":"https:\/\/www.eldigitaldeasturias.com\/noticias\/wp-json\/wp\/v2\/posts\/1020749\/revisions"}],"wp:featuredmedia":[{"embeddable":true,"href":"https:\/\/www.eldigitaldeasturias.com\/noticias\/wp-json\/wp\/v2\/media\/983320"}],"wp:attachment":[{"href":"https:\/\/www.eldigitaldeasturias.com\/noticias\/wp-json\/wp\/v2\/media?parent=1020749"}],"wp:term":[{"taxonomy":"category","embeddable":true,"href":"https:\/\/www.eldigitaldeasturias.com\/noticias\/wp-json\/wp\/v2\/categories?post=1020749"},{"taxonomy":"post_tag","embeddable":true,"href":"https:\/\/www.eldigitaldeasturias.com\/noticias\/wp-json\/wp\/v2\/tags?post=1020749"}],"curies":[{"name":"wp","href":"https:\/\/api.w.org\/{rel}","templated":true}]}}