{"id":1020356,"date":"2019-03-14T15:54:16","date_gmt":"2019-03-14T15:54:16","guid":{"rendered":"https:\/\/www.eldigitaldeasturias.com\/noticias\/?p=1020356"},"modified":"2019-03-14T15:54:16","modified_gmt":"2019-03-14T15:54:16","slug":"el-consejo-consultivo-de-agricultura-analiza-los-reglamentos-de-la-futura-pac","status":"publish","type":"post","link":"https:\/\/www.eldigitaldeasturias.com\/noticias\/el-consejo-consultivo-de-agricultura-analiza-los-reglamentos-de-la-futura-pac\/","title":{"rendered":"El Consejo Consultivo de Agricultura analiza los reglamentos de la futura PAC"},"content":{"rendered":"<p><img loading=\"lazy\" decoding=\"async\" class=\"alignleft size-medium wp-image-1020357\" src=\"https:\/\/www.eldigitaldeasturias.com\/noticias\/wp-content\/uploads\/2019\/03\/120319-ConsejoConsultivoPac-360x239.jpg\" alt=\"\" width=\"360\" height=\"239\" srcset=\"https:\/\/www.eldigitaldeasturias.com\/noticias\/wp-content\/uploads\/2019\/03\/120319-ConsejoConsultivoPac-360x239.jpg 360w, https:\/\/www.eldigitaldeasturias.com\/noticias\/wp-content\/uploads\/2019\/03\/120319-ConsejoConsultivoPac.jpg 512w\" sizes=\"auto, (max-width: 360px) 100vw, 360px\" \/>El ministro de Agricultura, Pesca y Alimentaci\u00f3n, Luis Planas, ha presidido el Consejo Consultivo de Pol\u00edtica Agr\u00edcola donde ha analizado con los consejeros de las comunidades aut\u00f3nomas los puntos a tratar en el Consejo de Ministros de Agricultura de la UE de la pr\u00f3xima semana en Bruselas.<\/p>\n<p>Entre estos asuntos, el Consejo continuar\u00e1 las deliberaciones sobre el paquete de reformas de la Pol\u00edtica Agr\u00edcola Com\u00fan post 2020, en lo relativo a los reglamentos sobre los planes estrat\u00e9gicos, sobre la organizaci\u00f3n com\u00fan de mercados de los productos agrarios y el reglamento horizontal.<\/p>\n<p>El ministro ha se\u00f1alado que, teniendo en cuenta el retraso en los trabajos del Parlamento Europeo, la posici\u00f3n de Espa\u00f1a es que el Consejo no deber\u00eda concluir un paquete de reforma de los tres reglamentos antes de conocer las propuestas finales para el pr\u00f3ximo Marco Financiero Plurianual 2021-2027.<\/p>\n<p>Asimismo, Planas considera que este paquete de tres reglamentos no deber\u00eda ser objeto de separaci\u00f3n. \u00abCreo que si hay un paquete global de negociaci\u00f3n no resulta positivo separar ninguna pieza\u00bb, ha recalcado.<\/p>\n<p>El Consejo Consultivo tambi\u00e9n ha intercambiado impresiones sobre el debate que se producir\u00e1 en el seno del Consejo comunitario en relaci\u00f3n con la nueva Estrategia de la Uni\u00f3n Europea para el desarrollo de una bioeconom\u00eda sostenible y circular al servicio de la sociedad, el medio ambiente y la econom\u00eda de Europa.<\/p>\n<p>Esta estrategia, que fue presentada por la Comisi\u00f3n Europea el pasado mes de octubre, incluye actuaciones en diferentes \u00e1reas como la seguridad alimentaria, el uso sostenible de los recursos naturales, la reducci\u00f3n de la dependencia de los recursos no renovables, la mitigaci\u00f3n y adaptaci\u00f3n al cambio clim\u00e1tico, el refuerzo de la competitividad y la creaci\u00f3n de empleo.<\/p>\n<p>El ministro ha recordado que Espa\u00f1a cuenta desde el a\u00f1o 2015 con una Estrategia Horizonte 2030, con tres objetivos fundamentales: la reducci\u00f3n del desperdicio alimentario, el aprovechamiento de la biomasa y la valorizaci\u00f3n de los subproductos y de los residuos.<\/p>\n<p>Asimismo, en la reuni\u00f3n del Consejo Consultivo se ha abordado la petici\u00f3n que formular\u00e1 la delegaci\u00f3n holandesa para debatir sobre la decisi\u00f3n de la C\u00e1mara T\u00e9cnica de Recursos de la Oficina Europea de Patentes en relaci\u00f3n con la posibilidad de patentar los resultados de las t\u00e9cnicas cl\u00e1sicas de mejora vegetal.<\/p>\n<p><strong>Mercado del aceite de oliva<\/strong><\/p>\n<p>Por otra parte, Planas ha asegurado que el Ministerio, junto con las comunidades aut\u00f3nomas productoras de aceite de oliva, est\u00e1 siguiendo muy de cerca la situaci\u00f3n del mercado, que se est\u00e1 caracterizando por una ca\u00edda de los precios, a pesar de tratarse de una campa\u00f1a con una producci\u00f3n normal, que adem\u00e1s coincide con reducciones de producci\u00f3n en otros pa\u00edses mediterr\u00e1neos.<\/p>\n<p>En funci\u00f3n de este seguimiento, ha a\u00f1adido el ministro, se adoptar\u00e1n las medidas que sean posibles y necesarias. Planas ha insistido en la necesidad de seguir muy de cerca este fen\u00f3meno para localizar d\u00f3nde est\u00e1 la causa de esta situaci\u00f3n, \u00abinjusta para los productores que han hecho bien su trabajo\u00bb.<\/p>\n<p>En relaci\u00f3n a las exportaciones de productos c\u00edtricos, Planas ha subrayado la importancia de la equivalencia, la efectividad y la correspondencia desde el punto de vista de la homologaci\u00f3n en la utilizaci\u00f3n de productos fitosanitarios. Tambi\u00e9n se ha mostrado a favor del control absoluto de la posible existencia de plagas en importaciones en territorio de la Uni\u00f3n Europea<\/p>\n<p>En este sentido, el 1 enero de 2019 han entrado en vigor los nuevos certificados de importaci\u00f3n en origen para todas las exportaciones a territorio de la UE.<\/p>\n<p>En todo caso, Planas considera que no estamos ante una crisis de campa\u00f1a sino estructural, \u00aby tenemos que tomar medidas estructurales\u00bb. Para el ministro, \u00abla existencia de una interprofesi\u00f3n fuerte y activa en el sector es un factor fundamental desde el punto de vista del funcionamiento del mercado de los c\u00edtricos\u00bb.<\/p>\n","protected":false},"excerpt":{"rendered":"<p>El ministro de Agricultura, Pesca y Alimentaci\u00f3n, Luis Planas, ha presidido el Consejo Consultivo de Pol\u00edtica Agr\u00edcola donde ha analizado con los consejeros de las comunidades aut\u00f3nomas los puntos a tratar en el Consejo de Ministros de Agricultura de la UE de la pr\u00f3xima semana en Bruselas. Entre estos asuntos, el Consejo continuar\u00e1 las deliberaciones [&hellip;]<\/p>\n","protected":false},"author":1,"featured_media":1020357,"comment_status":"closed","ping_status":"closed","sticky":false,"template":"","format":"standard","meta":{"footnotes":""},"categories":[187],"tags":[],"class_list":["post-1020356","post","type-post","status-publish","format-standard","has-post-thumbnail","hentry","category-economia"],"aioseo_notices":[],"aioseo_head":"\n\t\t<!-- All in One SEO Pro 4.9.6.2 - aioseo.com -->\n\t<meta name=\"description\" content=\"El ministro de Agricultura, Pesca y Alimentaci\u00f3n, Luis Planas, ha presidido el Consejo Consultivo de Pol\u00edtica Agr\u00edcola donde ha analizado con los consejeros de las comunidades aut\u00f3nomas los puntos a tratar en el Consejo de Ministros de Agricultura de la UE de la pr\u00f3xima semana en Bruselas. Entre estos asuntos, el Consejo continuar\u00e1 las deliberaciones\" \/>\n\t<meta name=\"robots\" content=\"max-image-preview:large\" \/>\n\t<meta name=\"author\" content=\"El Digital de Asturias\"\/>\n\t<meta name=\"google-site-verification\" content=\"UA-38556648-1\" \/>\n\t<meta name=\"msvalidate.01\" content=\"7dfe9f3f1b24437ab69f4f2559babe99\" \/>\n\t<meta name=\"keywords\" content=\"econom\u00eda\" \/>\n\t<link rel=\"canonical\" href=\"https:\/\/www.eldigitaldeasturias.com\/noticias\/el-consejo-consultivo-de-agricultura-analiza-los-reglamentos-de-la-futura-pac\/\" \/>\n\t<meta name=\"generator\" content=\"All in One SEO Pro (AIOSEO) 4.9.6.2\" \/>\n\t\t<meta property=\"og:locale\" content=\"es_ES\" \/>\n\t\t<meta property=\"og:site_name\" content=\"El Digital de Asturias\" \/>\n\t\t<meta property=\"og:type\" content=\"article\" \/>\n\t\t<meta property=\"og:title\" content=\"El Consejo Consultivo de Agricultura analiza los reglamentos de la futura PAC - El Digital de Asturias\" \/>\n\t\t<meta property=\"og:description\" content=\"El ministro de Agricultura, Pesca y Alimentaci\u00f3n, Luis Planas, ha presidido el Consejo Consultivo de Pol\u00edtica Agr\u00edcola donde ha analizado con los consejeros de las comunidades aut\u00f3nomas los puntos a tratar en el Consejo de Ministros de Agricultura de la UE de la pr\u00f3xima semana en Bruselas. Entre estos asuntos, el Consejo continuar\u00e1 las deliberaciones\" \/>\n\t\t<meta property=\"og:url\" content=\"https:\/\/www.eldigitaldeasturias.com\/noticias\/el-consejo-consultivo-de-agricultura-analiza-los-reglamentos-de-la-futura-pac\/\" \/>\n\t\t<meta property=\"og:image\" content=\"https:\/\/www.eldigitaldeasturias.com\/noticias\/wp-content\/uploads\/2019\/03\/120319-ConsejoConsultivoPac.jpg\" \/>\n\t\t<meta property=\"og:image:secure_url\" content=\"https:\/\/www.eldigitaldeasturias.com\/noticias\/wp-content\/uploads\/2019\/03\/120319-ConsejoConsultivoPac.jpg\" \/>\n\t\t<meta property=\"og:image:width\" content=\"512\" \/>\n\t\t<meta property=\"og:image:height\" content=\"340\" \/>\n\t\t<meta property=\"article:tag\" content=\"econom\u00eda\" \/>\n\t\t<meta property=\"article:published_time\" content=\"2019-03-14T15:54:16+00:00\" \/>\n\t\t<meta property=\"article:modified_time\" content=\"2019-03-14T15:54:16+00:00\" \/>\n\t\t<meta property=\"article:publisher\" content=\"https:\/\/facebook.com\/eldigitaldeasturias\" \/>\n\t\t<meta name=\"twitter:card\" content=\"summary_large_image\" \/>\n\t\t<meta name=\"twitter:title\" content=\"El Consejo Consultivo de Agricultura analiza los reglamentos de la futura PAC - El Digital de Asturias\" \/>\n\t\t<meta name=\"twitter:description\" content=\"El ministro de Agricultura, Pesca y Alimentaci\u00f3n, Luis Planas, ha presidido el Consejo Consultivo de Pol\u00edtica Agr\u00edcola donde ha analizado con los consejeros de las comunidades aut\u00f3nomas los puntos a tratar en el Consejo de Ministros de Agricultura de la UE de la pr\u00f3xima semana en Bruselas. Entre estos asuntos, el Consejo continuar\u00e1 las deliberaciones\" \/>\n\t\t<meta name=\"twitter:image\" content=\"https:\/\/www.eldigitaldeasturias.com\/noticias\/wp-content\/uploads\/2019\/03\/120319-ConsejoConsultivoPac.jpg\" \/>\n\t\t<meta name=\"twitter:label1\" content=\"Escrito por\" \/>\n\t\t<meta name=\"twitter:data1\" content=\"El Digital de Asturias\" \/>\n\t\t<meta name=\"twitter:label2\" content=\"Tiempo de lectura estimado\" \/>\n\t\t<meta name=\"twitter:data2\" content=\"3 minutos\" \/>\n\t\t<script type=\"application\/ld+json\" class=\"aioseo-schema\">\n\t\t\t{\"@context\":\"https:\\\/\\\/schema.org\",\"@graph\":[{\"@type\":\"BlogPosting\",\"@id\":\"https:\\\/\\\/www.eldigitaldeasturias.com\\\/noticias\\\/el-consejo-consultivo-de-agricultura-analiza-los-reglamentos-de-la-futura-pac\\\/#blogposting\",\"name\":\"El Consejo Consultivo de Agricultura analiza los reglamentos de la futura PAC - El Digital de Asturias\",\"headline\":\"El Consejo Consultivo de Agricultura analiza los reglamentos de la futura PAC\",\"author\":{\"@id\":\"https:\\\/\\\/www.eldigitaldeasturias.com\\\/noticias\\\/author\\\/admin\\\/#author\"},\"publisher\":{\"@id\":\"https:\\\/\\\/www.eldigitaldeasturias.com\\\/noticias\\\/#organization\"},\"image\":{\"@type\":\"ImageObject\",\"url\":\"https:\\\/\\\/www.eldigitaldeasturias.com\\\/noticias\\\/wp-content\\\/uploads\\\/2019\\\/03\\\/120319-ConsejoConsultivoPac.jpg\",\"width\":512,\"height\":340},\"datePublished\":\"2019-03-14T15:54:16+01:00\",\"dateModified\":\"2019-03-14T15:54:16+01:00\",\"inLanguage\":\"es-ES\",\"mainEntityOfPage\":{\"@id\":\"https:\\\/\\\/www.eldigitaldeasturias.com\\\/noticias\\\/el-consejo-consultivo-de-agricultura-analiza-los-reglamentos-de-la-futura-pac\\\/#webpage\"},\"isPartOf\":{\"@id\":\"https:\\\/\\\/www.eldigitaldeasturias.com\\\/noticias\\\/el-consejo-consultivo-de-agricultura-analiza-los-reglamentos-de-la-futura-pac\\\/#webpage\"},\"articleSection\":\"Econom\\u00eda\"},{\"@type\":\"BreadcrumbList\",\"@id\":\"https:\\\/\\\/www.eldigitaldeasturias.com\\\/noticias\\\/el-consejo-consultivo-de-agricultura-analiza-los-reglamentos-de-la-futura-pac\\\/#breadcrumblist\",\"itemListElement\":[{\"@type\":\"ListItem\",\"@id\":\"https:\\\/\\\/www.eldigitaldeasturias.com\\\/noticias#listItem\",\"position\":1,\"name\":\"Home\",\"item\":\"https:\\\/\\\/www.eldigitaldeasturias.com\\\/noticias\",\"nextItem\":{\"@type\":\"ListItem\",\"@id\":\"https:\\\/\\\/www.eldigitaldeasturias.com\\\/noticias\\\/category\\\/economia\\\/#listItem\",\"name\":\"Econom\\u00eda\"}},{\"@type\":\"ListItem\",\"@id\":\"https:\\\/\\\/www.eldigitaldeasturias.com\\\/noticias\\\/category\\\/economia\\\/#listItem\",\"position\":2,\"name\":\"Econom\\u00eda\",\"item\":\"https:\\\/\\\/www.eldigitaldeasturias.com\\\/noticias\\\/category\\\/economia\\\/\",\"nextItem\":{\"@type\":\"ListItem\",\"@id\":\"https:\\\/\\\/www.eldigitaldeasturias.com\\\/noticias\\\/el-consejo-consultivo-de-agricultura-analiza-los-reglamentos-de-la-futura-pac\\\/#listItem\",\"name\":\"El Consejo Consultivo de Agricultura analiza los reglamentos de la futura PAC\"},\"previousItem\":{\"@type\":\"ListItem\",\"@id\":\"https:\\\/\\\/www.eldigitaldeasturias.com\\\/noticias#listItem\",\"name\":\"Home\"}},{\"@type\":\"ListItem\",\"@id\":\"https:\\\/\\\/www.eldigitaldeasturias.com\\\/noticias\\\/el-consejo-consultivo-de-agricultura-analiza-los-reglamentos-de-la-futura-pac\\\/#listItem\",\"position\":3,\"name\":\"El Consejo Consultivo de Agricultura analiza los reglamentos de la futura PAC\",\"previousItem\":{\"@type\":\"ListItem\",\"@id\":\"https:\\\/\\\/www.eldigitaldeasturias.com\\\/noticias\\\/category\\\/economia\\\/#listItem\",\"name\":\"Econom\\u00eda\"}}]},{\"@type\":\"Organization\",\"@id\":\"https:\\\/\\\/www.eldigitaldeasturias.com\\\/noticias\\\/#organization\",\"name\":\"El Digital de Asturias\",\"description\":\"Hemeroteca\",\"url\":\"https:\\\/\\\/www.eldigitaldeasturias.com\\\/noticias\\\/\",\"email\":\"info@eldigitaldeasturias.com\",\"telephone\":\"+34652131393\",\"logo\":{\"@type\":\"ImageObject\",\"url\":\"https:\\\/\\\/www.eldigitaldeasturias.com\\\/noticias\\\/wp-content\\\/uploads\\\/2020\\\/12\\\/EDA.jpg\",\"@id\":\"https:\\\/\\\/www.eldigitaldeasturias.com\\\/noticias\\\/el-consejo-consultivo-de-agricultura-analiza-los-reglamentos-de-la-futura-pac\\\/#organizationLogo\",\"width\":649,\"height\":297},\"image\":{\"@id\":\"https:\\\/\\\/www.eldigitaldeasturias.com\\\/noticias\\\/el-consejo-consultivo-de-agricultura-analiza-los-reglamentos-de-la-futura-pac\\\/#organizationLogo\"},\"sameAs\":[\"https:\\\/\\\/facebook.com\\\/eldigitaldeasturias\",\"https:\\\/\\\/www.youtube.com\\\/channel\\\/UCZP-2wLEB9Rv6erhFmqVnvg\"],\"address\":{\"@id\":\"https:\\\/\\\/www.eldigitaldeasturias.com\\\/noticias\\\/#postaladdress\",\"@type\":\"PostalAddress\",\"streetAddress\":\"san antonio 4,\",\"postalCode\":\"33430\",\"addressLocality\":\"Cand\\u00e1s\",\"addressRegion\":\"Asturias\",\"addressCountry\":\"ES\"}},{\"@type\":\"Person\",\"@id\":\"https:\\\/\\\/www.eldigitaldeasturias.com\\\/noticias\\\/author\\\/admin\\\/#author\",\"url\":\"https:\\\/\\\/www.eldigitaldeasturias.com\\\/noticias\\\/author\\\/admin\\\/\",\"name\":\"El Digital de Asturias\",\"image\":{\"@type\":\"ImageObject\",\"@id\":\"https:\\\/\\\/www.eldigitaldeasturias.com\\\/noticias\\\/el-consejo-consultivo-de-agricultura-analiza-los-reglamentos-de-la-futura-pac\\\/#authorImage\",\"url\":\"https:\\\/\\\/www.eldigitaldeasturias.com\\\/noticias\\\/wp-content\\\/litespeed\\\/avatar\\\/18677e78aa0546b92d9dbf31ec7d7668.jpg?ver=1777290358\",\"width\":96,\"height\":96,\"caption\":\"El Digital de Asturias\"}},{\"@type\":\"WebPage\",\"@id\":\"https:\\\/\\\/www.eldigitaldeasturias.com\\\/noticias\\\/el-consejo-consultivo-de-agricultura-analiza-los-reglamentos-de-la-futura-pac\\\/#webpage\",\"url\":\"https:\\\/\\\/www.eldigitaldeasturias.com\\\/noticias\\\/el-consejo-consultivo-de-agricultura-analiza-los-reglamentos-de-la-futura-pac\\\/\",\"name\":\"El Consejo Consultivo de Agricultura analiza los reglamentos de la futura PAC - El Digital de Asturias\",\"description\":\"El ministro de Agricultura, Pesca y Alimentaci\\u00f3n, Luis Planas, ha presidido el Consejo Consultivo de Pol\\u00edtica Agr\\u00edcola donde ha analizado con los consejeros de las comunidades aut\\u00f3nomas los puntos a tratar en el Consejo de Ministros de Agricultura de la UE de la pr\\u00f3xima semana en Bruselas. Entre estos asuntos, el Consejo continuar\\u00e1 las deliberaciones\",\"inLanguage\":\"es-ES\",\"isPartOf\":{\"@id\":\"https:\\\/\\\/www.eldigitaldeasturias.com\\\/noticias\\\/#website\"},\"breadcrumb\":{\"@id\":\"https:\\\/\\\/www.eldigitaldeasturias.com\\\/noticias\\\/el-consejo-consultivo-de-agricultura-analiza-los-reglamentos-de-la-futura-pac\\\/#breadcrumblist\"},\"author\":{\"@id\":\"https:\\\/\\\/www.eldigitaldeasturias.com\\\/noticias\\\/author\\\/admin\\\/#author\"},\"creator\":{\"@id\":\"https:\\\/\\\/www.eldigitaldeasturias.com\\\/noticias\\\/author\\\/admin\\\/#author\"},\"image\":{\"@type\":\"ImageObject\",\"url\":\"https:\\\/\\\/www.eldigitaldeasturias.com\\\/noticias\\\/wp-content\\\/uploads\\\/2019\\\/03\\\/120319-ConsejoConsultivoPac.jpg\",\"@id\":\"https:\\\/\\\/www.eldigitaldeasturias.com\\\/noticias\\\/el-consejo-consultivo-de-agricultura-analiza-los-reglamentos-de-la-futura-pac\\\/#mainImage\",\"width\":512,\"height\":340},\"primaryImageOfPage\":{\"@id\":\"https:\\\/\\\/www.eldigitaldeasturias.com\\\/noticias\\\/el-consejo-consultivo-de-agricultura-analiza-los-reglamentos-de-la-futura-pac\\\/#mainImage\"},\"datePublished\":\"2019-03-14T15:54:16+01:00\",\"dateModified\":\"2019-03-14T15:54:16+01:00\"},{\"@type\":\"WebSite\",\"@id\":\"https:\\\/\\\/www.eldigitaldeasturias.com\\\/noticias\\\/#website\",\"url\":\"https:\\\/\\\/www.eldigitaldeasturias.com\\\/noticias\\\/\",\"name\":\"El Digital de Asturias - Diario de actualidad y noticias\",\"alternateName\":\"El Digital de Asturias - Diario de actualidad y noticias\",\"description\":\"Hemeroteca\",\"inLanguage\":\"es-ES\",\"publisher\":{\"@id\":\"https:\\\/\\\/www.eldigitaldeasturias.com\\\/noticias\\\/#organization\"}}]}\n\t\t<\/script>\n\t\t<!-- All in One SEO Pro -->\r\n\t\t<title>El Consejo Consultivo de Agricultura analiza los reglamentos de la futura PAC - El Digital de Asturias<\/title>\n\n","aioseo_head_json":{"title":"El Consejo Consultivo de Agricultura analiza los reglamentos de la futura PAC - El Digital de Asturias","description":"El ministro de Agricultura, Pesca y Alimentaci\u00f3n, Luis Planas, ha presidido el Consejo Consultivo de Pol\u00edtica Agr\u00edcola donde ha analizado con los consejeros de las comunidades aut\u00f3nomas los puntos a tratar en el Consejo de Ministros de Agricultura de la UE de la pr\u00f3xima semana en Bruselas. Entre estos asuntos, el Consejo continuar\u00e1 las deliberaciones","canonical_url":"https:\/\/www.eldigitaldeasturias.com\/noticias\/el-consejo-consultivo-de-agricultura-analiza-los-reglamentos-de-la-futura-pac\/","robots":"max-image-preview:large","keywords":"econom\u00eda","webmasterTools":{"google-site-verification":"UA-38556648-1","msvalidate.01":"7dfe9f3f1b24437ab69f4f2559babe99","miscellaneous":""},"schema":{"@context":"https:\/\/schema.org","@graph":[{"@type":"BlogPosting","@id":"https:\/\/www.eldigitaldeasturias.com\/noticias\/el-consejo-consultivo-de-agricultura-analiza-los-reglamentos-de-la-futura-pac\/#blogposting","name":"El Consejo Consultivo de Agricultura analiza los reglamentos de la futura PAC - El Digital de Asturias","headline":"El Consejo Consultivo de Agricultura analiza los reglamentos de la futura PAC","author":{"@id":"https:\/\/www.eldigitaldeasturias.com\/noticias\/author\/admin\/#author"},"publisher":{"@id":"https:\/\/www.eldigitaldeasturias.com\/noticias\/#organization"},"image":{"@type":"ImageObject","url":"https:\/\/www.eldigitaldeasturias.com\/noticias\/wp-content\/uploads\/2019\/03\/120319-ConsejoConsultivoPac.jpg","width":512,"height":340},"datePublished":"2019-03-14T15:54:16+01:00","dateModified":"2019-03-14T15:54:16+01:00","inLanguage":"es-ES","mainEntityOfPage":{"@id":"https:\/\/www.eldigitaldeasturias.com\/noticias\/el-consejo-consultivo-de-agricultura-analiza-los-reglamentos-de-la-futura-pac\/#webpage"},"isPartOf":{"@id":"https:\/\/www.eldigitaldeasturias.com\/noticias\/el-consejo-consultivo-de-agricultura-analiza-los-reglamentos-de-la-futura-pac\/#webpage"},"articleSection":"Econom\u00eda"},{"@type":"BreadcrumbList","@id":"https:\/\/www.eldigitaldeasturias.com\/noticias\/el-consejo-consultivo-de-agricultura-analiza-los-reglamentos-de-la-futura-pac\/#breadcrumblist","itemListElement":[{"@type":"ListItem","@id":"https:\/\/www.eldigitaldeasturias.com\/noticias#listItem","position":1,"name":"Home","item":"https:\/\/www.eldigitaldeasturias.com\/noticias","nextItem":{"@type":"ListItem","@id":"https:\/\/www.eldigitaldeasturias.com\/noticias\/category\/economia\/#listItem","name":"Econom\u00eda"}},{"@type":"ListItem","@id":"https:\/\/www.eldigitaldeasturias.com\/noticias\/category\/economia\/#listItem","position":2,"name":"Econom\u00eda","item":"https:\/\/www.eldigitaldeasturias.com\/noticias\/category\/economia\/","nextItem":{"@type":"ListItem","@id":"https:\/\/www.eldigitaldeasturias.com\/noticias\/el-consejo-consultivo-de-agricultura-analiza-los-reglamentos-de-la-futura-pac\/#listItem","name":"El Consejo Consultivo de Agricultura analiza los reglamentos de la futura PAC"},"previousItem":{"@type":"ListItem","@id":"https:\/\/www.eldigitaldeasturias.com\/noticias#listItem","name":"Home"}},{"@type":"ListItem","@id":"https:\/\/www.eldigitaldeasturias.com\/noticias\/el-consejo-consultivo-de-agricultura-analiza-los-reglamentos-de-la-futura-pac\/#listItem","position":3,"name":"El Consejo Consultivo de Agricultura analiza los reglamentos de la futura PAC","previousItem":{"@type":"ListItem","@id":"https:\/\/www.eldigitaldeasturias.com\/noticias\/category\/economia\/#listItem","name":"Econom\u00eda"}}]},{"@type":"Organization","@id":"https:\/\/www.eldigitaldeasturias.com\/noticias\/#organization","name":"El Digital de Asturias","description":"Hemeroteca","url":"https:\/\/www.eldigitaldeasturias.com\/noticias\/","email":"info@eldigitaldeasturias.com","telephone":"+34652131393","logo":{"@type":"ImageObject","url":"https:\/\/www.eldigitaldeasturias.com\/noticias\/wp-content\/uploads\/2020\/12\/EDA.jpg","@id":"https:\/\/www.eldigitaldeasturias.com\/noticias\/el-consejo-consultivo-de-agricultura-analiza-los-reglamentos-de-la-futura-pac\/#organizationLogo","width":649,"height":297},"image":{"@id":"https:\/\/www.eldigitaldeasturias.com\/noticias\/el-consejo-consultivo-de-agricultura-analiza-los-reglamentos-de-la-futura-pac\/#organizationLogo"},"sameAs":["https:\/\/facebook.com\/eldigitaldeasturias","https:\/\/www.youtube.com\/channel\/UCZP-2wLEB9Rv6erhFmqVnvg"],"address":{"@id":"https:\/\/www.eldigitaldeasturias.com\/noticias\/#postaladdress","@type":"PostalAddress","streetAddress":"san antonio 4,","postalCode":"33430","addressLocality":"Cand\u00e1s","addressRegion":"Asturias","addressCountry":"ES"}},{"@type":"Person","@id":"https:\/\/www.eldigitaldeasturias.com\/noticias\/author\/admin\/#author","url":"https:\/\/www.eldigitaldeasturias.com\/noticias\/author\/admin\/","name":"El Digital de Asturias","image":{"@type":"ImageObject","@id":"https:\/\/www.eldigitaldeasturias.com\/noticias\/el-consejo-consultivo-de-agricultura-analiza-los-reglamentos-de-la-futura-pac\/#authorImage","url":"https:\/\/www.eldigitaldeasturias.com\/noticias\/wp-content\/litespeed\/avatar\/18677e78aa0546b92d9dbf31ec7d7668.jpg?ver=1777290358","width":96,"height":96,"caption":"El Digital de Asturias"}},{"@type":"WebPage","@id":"https:\/\/www.eldigitaldeasturias.com\/noticias\/el-consejo-consultivo-de-agricultura-analiza-los-reglamentos-de-la-futura-pac\/#webpage","url":"https:\/\/www.eldigitaldeasturias.com\/noticias\/el-consejo-consultivo-de-agricultura-analiza-los-reglamentos-de-la-futura-pac\/","name":"El Consejo Consultivo de Agricultura analiza los reglamentos de la futura PAC - El Digital de Asturias","description":"El ministro de Agricultura, Pesca y Alimentaci\u00f3n, Luis Planas, ha presidido el Consejo Consultivo de Pol\u00edtica Agr\u00edcola donde ha analizado con los consejeros de las comunidades aut\u00f3nomas los puntos a tratar en el Consejo de Ministros de Agricultura de la UE de la pr\u00f3xima semana en Bruselas. Entre estos asuntos, el Consejo continuar\u00e1 las deliberaciones","inLanguage":"es-ES","isPartOf":{"@id":"https:\/\/www.eldigitaldeasturias.com\/noticias\/#website"},"breadcrumb":{"@id":"https:\/\/www.eldigitaldeasturias.com\/noticias\/el-consejo-consultivo-de-agricultura-analiza-los-reglamentos-de-la-futura-pac\/#breadcrumblist"},"author":{"@id":"https:\/\/www.eldigitaldeasturias.com\/noticias\/author\/admin\/#author"},"creator":{"@id":"https:\/\/www.eldigitaldeasturias.com\/noticias\/author\/admin\/#author"},"image":{"@type":"ImageObject","url":"https:\/\/www.eldigitaldeasturias.com\/noticias\/wp-content\/uploads\/2019\/03\/120319-ConsejoConsultivoPac.jpg","@id":"https:\/\/www.eldigitaldeasturias.com\/noticias\/el-consejo-consultivo-de-agricultura-analiza-los-reglamentos-de-la-futura-pac\/#mainImage","width":512,"height":340},"primaryImageOfPage":{"@id":"https:\/\/www.eldigitaldeasturias.com\/noticias\/el-consejo-consultivo-de-agricultura-analiza-los-reglamentos-de-la-futura-pac\/#mainImage"},"datePublished":"2019-03-14T15:54:16+01:00","dateModified":"2019-03-14T15:54:16+01:00"},{"@type":"WebSite","@id":"https:\/\/www.eldigitaldeasturias.com\/noticias\/#website","url":"https:\/\/www.eldigitaldeasturias.com\/noticias\/","name":"El Digital de Asturias - Diario de actualidad y noticias","alternateName":"El Digital de Asturias - Diario de actualidad y noticias","description":"Hemeroteca","inLanguage":"es-ES","publisher":{"@id":"https:\/\/www.eldigitaldeasturias.com\/noticias\/#organization"}}]},"og:locale":"es_ES","og:site_name":"El Digital de Asturias","og:type":"article","og:title":"El Consejo Consultivo de Agricultura analiza los reglamentos de la futura PAC - El Digital de Asturias","og:description":"El ministro de Agricultura, Pesca y Alimentaci\u00f3n, Luis Planas, ha presidido el Consejo Consultivo de Pol\u00edtica Agr\u00edcola donde ha analizado con los consejeros de las comunidades aut\u00f3nomas los puntos a tratar en el Consejo de Ministros de Agricultura de la UE de la pr\u00f3xima semana en Bruselas. Entre estos asuntos, el Consejo continuar\u00e1 las deliberaciones","og:url":"https:\/\/www.eldigitaldeasturias.com\/noticias\/el-consejo-consultivo-de-agricultura-analiza-los-reglamentos-de-la-futura-pac\/","og:image":"https:\/\/www.eldigitaldeasturias.com\/noticias\/wp-content\/uploads\/2019\/03\/120319-ConsejoConsultivoPac.jpg","og:image:secure_url":"https:\/\/www.eldigitaldeasturias.com\/noticias\/wp-content\/uploads\/2019\/03\/120319-ConsejoConsultivoPac.jpg","og:image:width":512,"og:image:height":340,"article:tag":["econom\u00eda"],"article:published_time":"2019-03-14T15:54:16+00:00","article:modified_time":"2019-03-14T15:54:16+00:00","article:publisher":"https:\/\/facebook.com\/eldigitaldeasturias","twitter:card":"summary_large_image","twitter:title":"El Consejo Consultivo de Agricultura analiza los reglamentos de la futura PAC - El Digital de Asturias","twitter:description":"El ministro de Agricultura, Pesca y Alimentaci\u00f3n, Luis Planas, ha presidido el Consejo Consultivo de Pol\u00edtica Agr\u00edcola donde ha analizado con los consejeros de las comunidades aut\u00f3nomas los puntos a tratar en el Consejo de Ministros de Agricultura de la UE de la pr\u00f3xima semana en Bruselas. Entre estos asuntos, el Consejo continuar\u00e1 las deliberaciones","twitter:image":"https:\/\/www.eldigitaldeasturias.com\/noticias\/wp-content\/uploads\/2019\/03\/120319-ConsejoConsultivoPac.jpg","twitter:label1":"Escrito por","twitter:data1":"El Digital de Asturias","twitter:label2":"Tiempo de lectura estimado","twitter:data2":"3 minutos"},"aioseo_meta_data":{"post_id":"1020356","title":null,"description":null,"keywords":null,"keyphrases":null,"primary_term":null,"canonical_url":null,"og_title":null,"og_description":null,"og_object_type":"default","og_image_type":"default","og_image_url":null,"og_image_width":null,"og_image_height":null,"og_image_custom_url":null,"og_image_custom_fields":null,"og_video":null,"og_custom_url":null,"og_article_section":null,"og_article_tags":null,"twitter_use_og":false,"twitter_card":"default","twitter_image_type":"default","twitter_image_url":null,"twitter_image_custom_url":null,"twitter_image_custom_fields":null,"twitter_title":null,"twitter_description":null,"schema":{"blockGraphs":[],"customGraphs":[],"default":{"data":{"Article":[],"Course":[],"Dataset":[],"FAQPage":[],"Movie":[],"Person":[],"Product":[],"ProductReview":[],"Car":[],"Recipe":[],"Service":[],"SoftwareApplication":[],"WebPage":[]},"graphName":"","isEnabled":true},"graphs":[],"defaultGraph":"","defaultPostTypeGraph":""},"schema_type":null,"schema_type_options":null,"pillar_content":false,"robots_default":true,"robots_noindex":false,"robots_noarchive":false,"robots_nosnippet":false,"robots_nofollow":false,"robots_noimageindex":false,"robots_noodp":false,"robots_notranslate":false,"robots_max_snippet":null,"robots_max_videopreview":null,"robots_max_imagepreview":"large","priority":null,"frequency":null,"local_seo":null,"seo_analyzer_scan_date":"2025-10-16 23:45:29","breadcrumb_settings":null,"limit_modified_date":false,"open_ai":null,"ai":null,"created":"2020-12-21 11:16:35","updated":"2025-10-16 23:45:29"},"aioseo_breadcrumb":"<div class=\"aioseo-breadcrumbs\"><span class=\"aioseo-breadcrumb\">\n\t<a href=\"https:\/\/www.eldigitaldeasturias.com\/noticias\" title=\"Home\">Home<\/a>\n<\/span><span class=\"aioseo-breadcrumb-separator\">\u2013<\/span><span class=\"aioseo-breadcrumb\">\n\t<a href=\"https:\/\/www.eldigitaldeasturias.com\/noticias\/category\/economia\/\" title=\"Econom\u00eda\">Econom\u00eda<\/a>\n<\/span><span class=\"aioseo-breadcrumb-separator\">\u2013<\/span><span class=\"aioseo-breadcrumb\">\n\t<a href=\"https:\/\/www.eldigitaldeasturias.com\/noticias\/el-consejo-consultivo-de-agricultura-analiza-los-reglamentos-de-la-futura-pac\/\" title=\"El Consejo Consultivo de Agricultura analiza los reglamentos de la futura PAC\">El Consejo Consultivo de Agricultura analiza los reglamentos de la futura PAC<\/a>\n<\/span><\/div>","aioseo_breadcrumb_json":[{"label":"Home","link":"https:\/\/www.eldigitaldeasturias.com\/noticias"},{"label":"Econom\u00eda","link":"https:\/\/www.eldigitaldeasturias.com\/noticias\/category\/economia\/"},{"label":"El Consejo Consultivo de Agricultura analiza los reglamentos de la futura PAC","link":"https:\/\/www.eldigitaldeasturias.com\/noticias\/el-consejo-consultivo-de-agricultura-analiza-los-reglamentos-de-la-futura-pac\/"}],"_links":{"self":[{"href":"https:\/\/www.eldigitaldeasturias.com\/noticias\/wp-json\/wp\/v2\/posts\/1020356","targetHints":{"allow":["GET"]}}],"collection":[{"href":"https:\/\/www.eldigitaldeasturias.com\/noticias\/wp-json\/wp\/v2\/posts"}],"about":[{"href":"https:\/\/www.eldigitaldeasturias.com\/noticias\/wp-json\/wp\/v2\/types\/post"}],"author":[{"embeddable":true,"href":"https:\/\/www.eldigitaldeasturias.com\/noticias\/wp-json\/wp\/v2\/users\/1"}],"replies":[{"embeddable":true,"href":"https:\/\/www.eldigitaldeasturias.com\/noticias\/wp-json\/wp\/v2\/comments?post=1020356"}],"version-history":[{"count":0,"href":"https:\/\/www.eldigitaldeasturias.com\/noticias\/wp-json\/wp\/v2\/posts\/1020356\/revisions"}],"wp:featuredmedia":[{"embeddable":true,"href":"https:\/\/www.eldigitaldeasturias.com\/noticias\/wp-json\/wp\/v2\/media\/1020357"}],"wp:attachment":[{"href":"https:\/\/www.eldigitaldeasturias.com\/noticias\/wp-json\/wp\/v2\/media?parent=1020356"}],"wp:term":[{"taxonomy":"category","embeddable":true,"href":"https:\/\/www.eldigitaldeasturias.com\/noticias\/wp-json\/wp\/v2\/categories?post=1020356"},{"taxonomy":"post_tag","embeddable":true,"href":"https:\/\/www.eldigitaldeasturias.com\/noticias\/wp-json\/wp\/v2\/tags?post=1020356"}],"curies":[{"name":"wp","href":"https:\/\/api.w.org\/{rel}","templated":true}]}}