{"id":1020023,"date":"2019-03-11T01:31:39","date_gmt":"2019-03-11T01:31:39","guid":{"rendered":"https:\/\/www.eldigitaldeasturias.com\/noticias\/?p=1020023"},"modified":"2019-03-11T01:31:39","modified_gmt":"2019-03-11T01:31:39","slug":"brexit-preocupacion-en-las-empresas-de-irlanda-del-norte","status":"publish","type":"post","link":"https:\/\/www.eldigitaldeasturias.com\/noticias\/brexit-preocupacion-en-las-empresas-de-irlanda-del-norte\/","title":{"rendered":"Brexit: Preocupaci\u00f3n en las empresas de Irlanda del Norte"},"content":{"rendered":"<p><img loading=\"lazy\" decoding=\"async\" class=\"alignleft size-medium wp-image-998762\" src=\"https:\/\/www.eldigitaldeasturias.com\/noticias\/wp-content\/uploads\/2018\/09\/brexit-1491370_960_720-360x270.jpg\" alt=\"\" width=\"360\" height=\"270\" srcset=\"https:\/\/www.eldigitaldeasturias.com\/noticias\/wp-content\/uploads\/2018\/09\/brexit-1491370_960_720-360x270.jpg 360w, https:\/\/www.eldigitaldeasturias.com\/noticias\/wp-content\/uploads\/2018\/09\/brexit-1491370_960_720-768x576.jpg 768w, https:\/\/www.eldigitaldeasturias.com\/noticias\/wp-content\/uploads\/2018\/09\/brexit-1491370_960_720-640x480.jpg 640w, https:\/\/www.eldigitaldeasturias.com\/noticias\/wp-content\/uploads\/2018\/09\/brexit-1491370_960_720-90x67.jpg 90w, https:\/\/www.eldigitaldeasturias.com\/noticias\/wp-content\/uploads\/2018\/09\/brexit-1491370_960_720.jpg 960w\" sizes=\"auto, (max-width: 360px) 100vw, 360px\" \/>LONDRES, 10 Mar. 2019 (DPA\/EP) &#8211;\u00a0M\u00e1s de 50 negocios y empresas de Irlanda del Norte han enviado este domingo una carta abierta a los parlamentarios brit\u00e1nicos advirtiendo de que un Brexit sin acuerdo causar\u00e1 un \u00abda\u00f1o muy importante\u00bb a la econom\u00eda de la regi\u00f3n.<\/p>\n<p>\u00abEl mercado de las exportaciones, las cadenas de producci\u00f3n, la capacidad de gasto y la competitividad de la regi\u00f3n\u00bb se ver\u00e1n afectadas, seg\u00fan han escrito compa\u00f1\u00edas como el gigante de seguros Allianz o la empresa aeron\u00e1utica Bombardier Aerospace.<\/p>\n<p>\u00abEl impacto negativo ya est\u00e1 empezando a notarse en la capacidad del sector privado de invertir\u00bb, han asegurado, a\u00f1adiendo que la regi\u00f3n ya ha tenido que hacer frente a la p\u00e9rdida inmediata de 450 millones de libras en financiaci\u00f3n para infraestrcuturas de la Uni\u00f3n Europea.<\/p>\n<p>La incertidumbre que rodea al proceso de divorcio de la UE tambi\u00e9n est\u00e1 contribuyendo a \u00abque se produzcan notables recortes en la mano de obra cualificada\u00bb en la regi\u00f3n.<\/p>\n<p>La imposibilidad de llegar a un acuerdo con la UE causar\u00e1 \u00abm\u00e1s p\u00e9rdidas de empleo\u00bb en el sector privado, que emplea a m\u00e1s de 560.000 personas.<\/p>\n<p>La primera ministra brit\u00e1nica, Theresa May, ha instado este viernes a la Uni\u00f3n Europea a dar \u00absolo un empuj\u00f3n m\u00e1s\u00bb para poner fin al estancamiento que ha impedido cambios al acuerdo.<\/p>\n<p>Cuando faltan s\u00f3lo tres semanas para que Reino Unido abandone el bloque, May no ha conseguido hasta ahora obtener de Bruselas cambios a su propuesta de divorcio que logren convencer a los legisladores brit\u00e1nicos, que en enero rechazaron los t\u00e9rminos propuestos por el Gobierno.<\/p>\n<p>El acuerdo de divorcio y la salvaguarda que incluye para proteger la frontera invisible en el \u00dalster son \u00abinnegociables\u00bb, ha recalcado el portavoz, a apenas tres semanas de que se produzca la salida autom\u00e1tica de Reino Unido, el 29 de marzo, incluso aunque no haya acuerdo.<\/p>\n<p>May y el presidente de la Comisi\u00f3n Europea, Jean-Claude Juncker, acordaron a medidos de mes que los equipos negociadores intensificaran los contactos para buscar f\u00f3rmulas con las que salvar las reservas en el Parlamento brit\u00e1nico a la salvaguarda irlandesa.<\/p>\n<p>Los diputados d\u00edscolos reclaman garant\u00edas de que esta salvaguarda estar\u00e1 limitada en el tiempo y que podr\u00eda ser revocada de manera unilateral, dos exigencias que para la Uni\u00f3n Europea son inaceptables.<\/p>\n<p>\u00abEl sector privado ha defendido de manera consistente que la paz y la prosperidad siempre van de la mano\u00bb, han escrito en la carta. \u00abUn Brexit sin acuerdo resultar\u00e1, sin ninguna duda, en la creaci\u00f3n de diferencias regulatorias y de impuestos a lo largo de la isla de Irlanda y tendr\u00e1 consecuencias directas en las aduanas y en la frontera\u00bb, han establecido.<\/p>\n<p>\u00abEs por ello que urgimos a los parlamentarios brit\u00e1nicos que tengan en consideraci\u00f3n el enorme impacto negativo que una salida sin acuerdo tendr\u00e1 en la regi\u00f3n de Irlanda del Norte\u00bb, han zanjado.<\/p>\n","protected":false},"excerpt":{"rendered":"<p>LONDRES, 10 Mar. 2019 (DPA\/EP) &#8211;\u00a0M\u00e1s de 50 negocios y empresas de Irlanda del Norte han enviado este domingo una carta abierta a los parlamentarios brit\u00e1nicos advirtiendo de que un Brexit sin acuerdo causar\u00e1 un \u00abda\u00f1o muy importante\u00bb a la econom\u00eda de la regi\u00f3n. \u00abEl mercado de las exportaciones, las cadenas de producci\u00f3n, la capacidad [&hellip;]<\/p>\n","protected":false},"author":1,"featured_media":998762,"comment_status":"closed","ping_status":"closed","sticky":false,"template":"","format":"standard","meta":{"footnotes":""},"categories":[187],"tags":[],"class_list":["post-1020023","post","type-post","status-publish","format-standard","has-post-thumbnail","hentry","category-economia"],"aioseo_notices":[],"aioseo_head":"\n\t\t<!-- All in One SEO Pro 4.9.6.2 - aioseo.com -->\n\t<meta name=\"description\" content=\"LONDRES, 10 Mar. 2019 (DPA\/EP) - M\u00e1s de 50 negocios y empresas de Irlanda del Norte han enviado este domingo una carta abierta a los parlamentarios brit\u00e1nicos advirtiendo de que un Brexit sin acuerdo causar\u00e1 un &quot;da\u00f1o muy importante&quot; a la econom\u00eda de la regi\u00f3n. &quot;El mercado de las exportaciones, las cadenas de producci\u00f3n, la capacidad\" \/>\n\t<meta name=\"robots\" content=\"max-image-preview:large\" \/>\n\t<meta name=\"author\" content=\"El Digital de Asturias\"\/>\n\t<meta name=\"google-site-verification\" content=\"UA-38556648-1\" \/>\n\t<meta name=\"msvalidate.01\" content=\"7dfe9f3f1b24437ab69f4f2559babe99\" \/>\n\t<meta name=\"keywords\" content=\"econom\u00eda\" \/>\n\t<link rel=\"canonical\" href=\"https:\/\/www.eldigitaldeasturias.com\/noticias\/brexit-preocupacion-en-las-empresas-de-irlanda-del-norte\/\" \/>\n\t<meta name=\"generator\" content=\"All in One SEO Pro (AIOSEO) 4.9.6.2\" \/>\n\t\t<meta property=\"og:locale\" content=\"es_ES\" \/>\n\t\t<meta property=\"og:site_name\" content=\"El Digital de Asturias\" \/>\n\t\t<meta property=\"og:type\" content=\"article\" \/>\n\t\t<meta property=\"og:title\" content=\"Brexit: Preocupaci\u00f3n en las empresas de Irlanda del Norte - El Digital de Asturias\" \/>\n\t\t<meta property=\"og:description\" content=\"LONDRES, 10 Mar. 2019 (DPA\/EP) - M\u00e1s de 50 negocios y empresas de Irlanda del Norte han enviado este domingo una carta abierta a los parlamentarios brit\u00e1nicos advirtiendo de que un Brexit sin acuerdo causar\u00e1 un &quot;da\u00f1o muy importante&quot; a la econom\u00eda de la regi\u00f3n. &quot;El mercado de las exportaciones, las cadenas de producci\u00f3n, la capacidad\" \/>\n\t\t<meta property=\"og:url\" content=\"https:\/\/www.eldigitaldeasturias.com\/noticias\/brexit-preocupacion-en-las-empresas-de-irlanda-del-norte\/\" \/>\n\t\t<meta property=\"og:image\" content=\"https:\/\/www.eldigitaldeasturias.com\/noticias\/wp-content\/uploads\/2018\/09\/brexit-1491370_960_720.jpg\" \/>\n\t\t<meta property=\"og:image:secure_url\" content=\"https:\/\/www.eldigitaldeasturias.com\/noticias\/wp-content\/uploads\/2018\/09\/brexit-1491370_960_720.jpg\" \/>\n\t\t<meta property=\"og:image:width\" content=\"960\" \/>\n\t\t<meta property=\"og:image:height\" content=\"720\" \/>\n\t\t<meta property=\"article:tag\" content=\"econom\u00eda\" \/>\n\t\t<meta property=\"article:published_time\" content=\"2019-03-11T01:31:39+00:00\" \/>\n\t\t<meta property=\"article:modified_time\" content=\"2019-03-11T01:31:39+00:00\" \/>\n\t\t<meta property=\"article:publisher\" content=\"https:\/\/facebook.com\/eldigitaldeasturias\" \/>\n\t\t<meta name=\"twitter:card\" content=\"summary_large_image\" \/>\n\t\t<meta name=\"twitter:title\" content=\"Brexit: Preocupaci\u00f3n en las empresas de Irlanda del Norte - El Digital de Asturias\" \/>\n\t\t<meta name=\"twitter:description\" content=\"LONDRES, 10 Mar. 2019 (DPA\/EP) - M\u00e1s de 50 negocios y empresas de Irlanda del Norte han enviado este domingo una carta abierta a los parlamentarios brit\u00e1nicos advirtiendo de que un Brexit sin acuerdo causar\u00e1 un &quot;da\u00f1o muy importante&quot; a la econom\u00eda de la regi\u00f3n. &quot;El mercado de las exportaciones, las cadenas de producci\u00f3n, la capacidad\" \/>\n\t\t<meta name=\"twitter:image\" content=\"https:\/\/www.eldigitaldeasturias.com\/noticias\/wp-content\/uploads\/2018\/09\/brexit-1491370_960_720.jpg\" \/>\n\t\t<meta name=\"twitter:label1\" content=\"Escrito por\" \/>\n\t\t<meta name=\"twitter:data1\" content=\"El Digital de Asturias\" \/>\n\t\t<meta name=\"twitter:label2\" content=\"Tiempo de lectura estimado\" \/>\n\t\t<meta name=\"twitter:data2\" content=\"3 minutos\" \/>\n\t\t<script type=\"application\/ld+json\" class=\"aioseo-schema\">\n\t\t\t{\"@context\":\"https:\\\/\\\/schema.org\",\"@graph\":[{\"@type\":\"BlogPosting\",\"@id\":\"https:\\\/\\\/www.eldigitaldeasturias.com\\\/noticias\\\/brexit-preocupacion-en-las-empresas-de-irlanda-del-norte\\\/#blogposting\",\"name\":\"Brexit: Preocupaci\\u00f3n en las empresas de Irlanda del Norte - El Digital de Asturias\",\"headline\":\"Brexit: Preocupaci\\u00f3n en las empresas de Irlanda del Norte\",\"author\":{\"@id\":\"https:\\\/\\\/www.eldigitaldeasturias.com\\\/noticias\\\/author\\\/admin\\\/#author\"},\"publisher\":{\"@id\":\"https:\\\/\\\/www.eldigitaldeasturias.com\\\/noticias\\\/#organization\"},\"image\":{\"@type\":\"ImageObject\",\"url\":\"https:\\\/\\\/www.eldigitaldeasturias.com\\\/noticias\\\/wp-content\\\/uploads\\\/2018\\\/09\\\/brexit-1491370_960_720.jpg\",\"width\":960,\"height\":720},\"datePublished\":\"2019-03-11T01:31:39+01:00\",\"dateModified\":\"2019-03-11T01:31:39+01:00\",\"inLanguage\":\"es-ES\",\"mainEntityOfPage\":{\"@id\":\"https:\\\/\\\/www.eldigitaldeasturias.com\\\/noticias\\\/brexit-preocupacion-en-las-empresas-de-irlanda-del-norte\\\/#webpage\"},\"isPartOf\":{\"@id\":\"https:\\\/\\\/www.eldigitaldeasturias.com\\\/noticias\\\/brexit-preocupacion-en-las-empresas-de-irlanda-del-norte\\\/#webpage\"},\"articleSection\":\"Econom\\u00eda\"},{\"@type\":\"BreadcrumbList\",\"@id\":\"https:\\\/\\\/www.eldigitaldeasturias.com\\\/noticias\\\/brexit-preocupacion-en-las-empresas-de-irlanda-del-norte\\\/#breadcrumblist\",\"itemListElement\":[{\"@type\":\"ListItem\",\"@id\":\"https:\\\/\\\/www.eldigitaldeasturias.com\\\/noticias#listItem\",\"position\":1,\"name\":\"Home\",\"item\":\"https:\\\/\\\/www.eldigitaldeasturias.com\\\/noticias\",\"nextItem\":{\"@type\":\"ListItem\",\"@id\":\"https:\\\/\\\/www.eldigitaldeasturias.com\\\/noticias\\\/category\\\/economia\\\/#listItem\",\"name\":\"Econom\\u00eda\"}},{\"@type\":\"ListItem\",\"@id\":\"https:\\\/\\\/www.eldigitaldeasturias.com\\\/noticias\\\/category\\\/economia\\\/#listItem\",\"position\":2,\"name\":\"Econom\\u00eda\",\"item\":\"https:\\\/\\\/www.eldigitaldeasturias.com\\\/noticias\\\/category\\\/economia\\\/\",\"nextItem\":{\"@type\":\"ListItem\",\"@id\":\"https:\\\/\\\/www.eldigitaldeasturias.com\\\/noticias\\\/brexit-preocupacion-en-las-empresas-de-irlanda-del-norte\\\/#listItem\",\"name\":\"Brexit: Preocupaci\\u00f3n en las empresas de Irlanda del Norte\"},\"previousItem\":{\"@type\":\"ListItem\",\"@id\":\"https:\\\/\\\/www.eldigitaldeasturias.com\\\/noticias#listItem\",\"name\":\"Home\"}},{\"@type\":\"ListItem\",\"@id\":\"https:\\\/\\\/www.eldigitaldeasturias.com\\\/noticias\\\/brexit-preocupacion-en-las-empresas-de-irlanda-del-norte\\\/#listItem\",\"position\":3,\"name\":\"Brexit: Preocupaci\\u00f3n en las empresas de Irlanda del Norte\",\"previousItem\":{\"@type\":\"ListItem\",\"@id\":\"https:\\\/\\\/www.eldigitaldeasturias.com\\\/noticias\\\/category\\\/economia\\\/#listItem\",\"name\":\"Econom\\u00eda\"}}]},{\"@type\":\"Organization\",\"@id\":\"https:\\\/\\\/www.eldigitaldeasturias.com\\\/noticias\\\/#organization\",\"name\":\"El Digital de Asturias\",\"description\":\"Hemeroteca\",\"url\":\"https:\\\/\\\/www.eldigitaldeasturias.com\\\/noticias\\\/\",\"email\":\"info@eldigitaldeasturias.com\",\"telephone\":\"+34652131393\",\"logo\":{\"@type\":\"ImageObject\",\"url\":\"https:\\\/\\\/www.eldigitaldeasturias.com\\\/noticias\\\/wp-content\\\/uploads\\\/2020\\\/12\\\/EDA.jpg\",\"@id\":\"https:\\\/\\\/www.eldigitaldeasturias.com\\\/noticias\\\/brexit-preocupacion-en-las-empresas-de-irlanda-del-norte\\\/#organizationLogo\",\"width\":649,\"height\":297},\"image\":{\"@id\":\"https:\\\/\\\/www.eldigitaldeasturias.com\\\/noticias\\\/brexit-preocupacion-en-las-empresas-de-irlanda-del-norte\\\/#organizationLogo\"},\"sameAs\":[\"https:\\\/\\\/facebook.com\\\/eldigitaldeasturias\",\"https:\\\/\\\/www.youtube.com\\\/channel\\\/UCZP-2wLEB9Rv6erhFmqVnvg\"],\"address\":{\"@id\":\"https:\\\/\\\/www.eldigitaldeasturias.com\\\/noticias\\\/#postaladdress\",\"@type\":\"PostalAddress\",\"streetAddress\":\"san antonio 4,\",\"postalCode\":\"33430\",\"addressLocality\":\"Cand\\u00e1s\",\"addressRegion\":\"Asturias\",\"addressCountry\":\"ES\"}},{\"@type\":\"Person\",\"@id\":\"https:\\\/\\\/www.eldigitaldeasturias.com\\\/noticias\\\/author\\\/admin\\\/#author\",\"url\":\"https:\\\/\\\/www.eldigitaldeasturias.com\\\/noticias\\\/author\\\/admin\\\/\",\"name\":\"El Digital de Asturias\",\"image\":{\"@type\":\"ImageObject\",\"@id\":\"https:\\\/\\\/www.eldigitaldeasturias.com\\\/noticias\\\/brexit-preocupacion-en-las-empresas-de-irlanda-del-norte\\\/#authorImage\",\"url\":\"https:\\\/\\\/www.eldigitaldeasturias.com\\\/noticias\\\/wp-content\\\/litespeed\\\/avatar\\\/18677e78aa0546b92d9dbf31ec7d7668.jpg?ver=1777290358\",\"width\":96,\"height\":96,\"caption\":\"El Digital de Asturias\"}},{\"@type\":\"WebPage\",\"@id\":\"https:\\\/\\\/www.eldigitaldeasturias.com\\\/noticias\\\/brexit-preocupacion-en-las-empresas-de-irlanda-del-norte\\\/#webpage\",\"url\":\"https:\\\/\\\/www.eldigitaldeasturias.com\\\/noticias\\\/brexit-preocupacion-en-las-empresas-de-irlanda-del-norte\\\/\",\"name\":\"Brexit: Preocupaci\\u00f3n en las empresas de Irlanda del Norte - El Digital de Asturias\",\"description\":\"LONDRES, 10 Mar. 2019 (DPA\\\/EP) - M\\u00e1s de 50 negocios y empresas de Irlanda del Norte han enviado este domingo una carta abierta a los parlamentarios brit\\u00e1nicos advirtiendo de que un Brexit sin acuerdo causar\\u00e1 un \\\"da\\u00f1o muy importante\\\" a la econom\\u00eda de la regi\\u00f3n. \\\"El mercado de las exportaciones, las cadenas de producci\\u00f3n, la capacidad\",\"inLanguage\":\"es-ES\",\"isPartOf\":{\"@id\":\"https:\\\/\\\/www.eldigitaldeasturias.com\\\/noticias\\\/#website\"},\"breadcrumb\":{\"@id\":\"https:\\\/\\\/www.eldigitaldeasturias.com\\\/noticias\\\/brexit-preocupacion-en-las-empresas-de-irlanda-del-norte\\\/#breadcrumblist\"},\"author\":{\"@id\":\"https:\\\/\\\/www.eldigitaldeasturias.com\\\/noticias\\\/author\\\/admin\\\/#author\"},\"creator\":{\"@id\":\"https:\\\/\\\/www.eldigitaldeasturias.com\\\/noticias\\\/author\\\/admin\\\/#author\"},\"image\":{\"@type\":\"ImageObject\",\"url\":\"https:\\\/\\\/www.eldigitaldeasturias.com\\\/noticias\\\/wp-content\\\/uploads\\\/2018\\\/09\\\/brexit-1491370_960_720.jpg\",\"@id\":\"https:\\\/\\\/www.eldigitaldeasturias.com\\\/noticias\\\/brexit-preocupacion-en-las-empresas-de-irlanda-del-norte\\\/#mainImage\",\"width\":960,\"height\":720},\"primaryImageOfPage\":{\"@id\":\"https:\\\/\\\/www.eldigitaldeasturias.com\\\/noticias\\\/brexit-preocupacion-en-las-empresas-de-irlanda-del-norte\\\/#mainImage\"},\"datePublished\":\"2019-03-11T01:31:39+01:00\",\"dateModified\":\"2019-03-11T01:31:39+01:00\"},{\"@type\":\"WebSite\",\"@id\":\"https:\\\/\\\/www.eldigitaldeasturias.com\\\/noticias\\\/#website\",\"url\":\"https:\\\/\\\/www.eldigitaldeasturias.com\\\/noticias\\\/\",\"name\":\"El Digital de Asturias - Diario de actualidad y noticias\",\"alternateName\":\"El Digital de Asturias - Diario de actualidad y noticias\",\"description\":\"Hemeroteca\",\"inLanguage\":\"es-ES\",\"publisher\":{\"@id\":\"https:\\\/\\\/www.eldigitaldeasturias.com\\\/noticias\\\/#organization\"}}]}\n\t\t<\/script>\n\t\t<!-- All in One SEO Pro -->\r\n\t\t<title>Brexit: Preocupaci\u00f3n en las empresas de Irlanda del Norte - El Digital de Asturias<\/title>\n\n","aioseo_head_json":{"title":"Brexit: Preocupaci\u00f3n en las empresas de Irlanda del Norte - El Digital de Asturias","description":"LONDRES, 10 Mar. 2019 (DPA\/EP) - M\u00e1s de 50 negocios y empresas de Irlanda del Norte han enviado este domingo una carta abierta a los parlamentarios brit\u00e1nicos advirtiendo de que un Brexit sin acuerdo causar\u00e1 un \"da\u00f1o muy importante\" a la econom\u00eda de la regi\u00f3n. \"El mercado de las exportaciones, las cadenas de producci\u00f3n, la capacidad","canonical_url":"https:\/\/www.eldigitaldeasturias.com\/noticias\/brexit-preocupacion-en-las-empresas-de-irlanda-del-norte\/","robots":"max-image-preview:large","keywords":"econom\u00eda","webmasterTools":{"google-site-verification":"UA-38556648-1","msvalidate.01":"7dfe9f3f1b24437ab69f4f2559babe99","miscellaneous":""},"schema":{"@context":"https:\/\/schema.org","@graph":[{"@type":"BlogPosting","@id":"https:\/\/www.eldigitaldeasturias.com\/noticias\/brexit-preocupacion-en-las-empresas-de-irlanda-del-norte\/#blogposting","name":"Brexit: Preocupaci\u00f3n en las empresas de Irlanda del Norte - El Digital de Asturias","headline":"Brexit: Preocupaci\u00f3n en las empresas de Irlanda del Norte","author":{"@id":"https:\/\/www.eldigitaldeasturias.com\/noticias\/author\/admin\/#author"},"publisher":{"@id":"https:\/\/www.eldigitaldeasturias.com\/noticias\/#organization"},"image":{"@type":"ImageObject","url":"https:\/\/www.eldigitaldeasturias.com\/noticias\/wp-content\/uploads\/2018\/09\/brexit-1491370_960_720.jpg","width":960,"height":720},"datePublished":"2019-03-11T01:31:39+01:00","dateModified":"2019-03-11T01:31:39+01:00","inLanguage":"es-ES","mainEntityOfPage":{"@id":"https:\/\/www.eldigitaldeasturias.com\/noticias\/brexit-preocupacion-en-las-empresas-de-irlanda-del-norte\/#webpage"},"isPartOf":{"@id":"https:\/\/www.eldigitaldeasturias.com\/noticias\/brexit-preocupacion-en-las-empresas-de-irlanda-del-norte\/#webpage"},"articleSection":"Econom\u00eda"},{"@type":"BreadcrumbList","@id":"https:\/\/www.eldigitaldeasturias.com\/noticias\/brexit-preocupacion-en-las-empresas-de-irlanda-del-norte\/#breadcrumblist","itemListElement":[{"@type":"ListItem","@id":"https:\/\/www.eldigitaldeasturias.com\/noticias#listItem","position":1,"name":"Home","item":"https:\/\/www.eldigitaldeasturias.com\/noticias","nextItem":{"@type":"ListItem","@id":"https:\/\/www.eldigitaldeasturias.com\/noticias\/category\/economia\/#listItem","name":"Econom\u00eda"}},{"@type":"ListItem","@id":"https:\/\/www.eldigitaldeasturias.com\/noticias\/category\/economia\/#listItem","position":2,"name":"Econom\u00eda","item":"https:\/\/www.eldigitaldeasturias.com\/noticias\/category\/economia\/","nextItem":{"@type":"ListItem","@id":"https:\/\/www.eldigitaldeasturias.com\/noticias\/brexit-preocupacion-en-las-empresas-de-irlanda-del-norte\/#listItem","name":"Brexit: Preocupaci\u00f3n en las empresas de Irlanda del Norte"},"previousItem":{"@type":"ListItem","@id":"https:\/\/www.eldigitaldeasturias.com\/noticias#listItem","name":"Home"}},{"@type":"ListItem","@id":"https:\/\/www.eldigitaldeasturias.com\/noticias\/brexit-preocupacion-en-las-empresas-de-irlanda-del-norte\/#listItem","position":3,"name":"Brexit: Preocupaci\u00f3n en las empresas de Irlanda del Norte","previousItem":{"@type":"ListItem","@id":"https:\/\/www.eldigitaldeasturias.com\/noticias\/category\/economia\/#listItem","name":"Econom\u00eda"}}]},{"@type":"Organization","@id":"https:\/\/www.eldigitaldeasturias.com\/noticias\/#organization","name":"El Digital de Asturias","description":"Hemeroteca","url":"https:\/\/www.eldigitaldeasturias.com\/noticias\/","email":"info@eldigitaldeasturias.com","telephone":"+34652131393","logo":{"@type":"ImageObject","url":"https:\/\/www.eldigitaldeasturias.com\/noticias\/wp-content\/uploads\/2020\/12\/EDA.jpg","@id":"https:\/\/www.eldigitaldeasturias.com\/noticias\/brexit-preocupacion-en-las-empresas-de-irlanda-del-norte\/#organizationLogo","width":649,"height":297},"image":{"@id":"https:\/\/www.eldigitaldeasturias.com\/noticias\/brexit-preocupacion-en-las-empresas-de-irlanda-del-norte\/#organizationLogo"},"sameAs":["https:\/\/facebook.com\/eldigitaldeasturias","https:\/\/www.youtube.com\/channel\/UCZP-2wLEB9Rv6erhFmqVnvg"],"address":{"@id":"https:\/\/www.eldigitaldeasturias.com\/noticias\/#postaladdress","@type":"PostalAddress","streetAddress":"san antonio 4,","postalCode":"33430","addressLocality":"Cand\u00e1s","addressRegion":"Asturias","addressCountry":"ES"}},{"@type":"Person","@id":"https:\/\/www.eldigitaldeasturias.com\/noticias\/author\/admin\/#author","url":"https:\/\/www.eldigitaldeasturias.com\/noticias\/author\/admin\/","name":"El Digital de Asturias","image":{"@type":"ImageObject","@id":"https:\/\/www.eldigitaldeasturias.com\/noticias\/brexit-preocupacion-en-las-empresas-de-irlanda-del-norte\/#authorImage","url":"https:\/\/www.eldigitaldeasturias.com\/noticias\/wp-content\/litespeed\/avatar\/18677e78aa0546b92d9dbf31ec7d7668.jpg?ver=1777290358","width":96,"height":96,"caption":"El Digital de Asturias"}},{"@type":"WebPage","@id":"https:\/\/www.eldigitaldeasturias.com\/noticias\/brexit-preocupacion-en-las-empresas-de-irlanda-del-norte\/#webpage","url":"https:\/\/www.eldigitaldeasturias.com\/noticias\/brexit-preocupacion-en-las-empresas-de-irlanda-del-norte\/","name":"Brexit: Preocupaci\u00f3n en las empresas de Irlanda del Norte - El Digital de Asturias","description":"LONDRES, 10 Mar. 2019 (DPA\/EP) - M\u00e1s de 50 negocios y empresas de Irlanda del Norte han enviado este domingo una carta abierta a los parlamentarios brit\u00e1nicos advirtiendo de que un Brexit sin acuerdo causar\u00e1 un \"da\u00f1o muy importante\" a la econom\u00eda de la regi\u00f3n. \"El mercado de las exportaciones, las cadenas de producci\u00f3n, la capacidad","inLanguage":"es-ES","isPartOf":{"@id":"https:\/\/www.eldigitaldeasturias.com\/noticias\/#website"},"breadcrumb":{"@id":"https:\/\/www.eldigitaldeasturias.com\/noticias\/brexit-preocupacion-en-las-empresas-de-irlanda-del-norte\/#breadcrumblist"},"author":{"@id":"https:\/\/www.eldigitaldeasturias.com\/noticias\/author\/admin\/#author"},"creator":{"@id":"https:\/\/www.eldigitaldeasturias.com\/noticias\/author\/admin\/#author"},"image":{"@type":"ImageObject","url":"https:\/\/www.eldigitaldeasturias.com\/noticias\/wp-content\/uploads\/2018\/09\/brexit-1491370_960_720.jpg","@id":"https:\/\/www.eldigitaldeasturias.com\/noticias\/brexit-preocupacion-en-las-empresas-de-irlanda-del-norte\/#mainImage","width":960,"height":720},"primaryImageOfPage":{"@id":"https:\/\/www.eldigitaldeasturias.com\/noticias\/brexit-preocupacion-en-las-empresas-de-irlanda-del-norte\/#mainImage"},"datePublished":"2019-03-11T01:31:39+01:00","dateModified":"2019-03-11T01:31:39+01:00"},{"@type":"WebSite","@id":"https:\/\/www.eldigitaldeasturias.com\/noticias\/#website","url":"https:\/\/www.eldigitaldeasturias.com\/noticias\/","name":"El Digital de Asturias - Diario de actualidad y noticias","alternateName":"El Digital de Asturias - Diario de actualidad y noticias","description":"Hemeroteca","inLanguage":"es-ES","publisher":{"@id":"https:\/\/www.eldigitaldeasturias.com\/noticias\/#organization"}}]},"og:locale":"es_ES","og:site_name":"El Digital de Asturias","og:type":"article","og:title":"Brexit: Preocupaci\u00f3n en las empresas de Irlanda del Norte - El Digital de Asturias","og:description":"LONDRES, 10 Mar. 2019 (DPA\/EP) - M\u00e1s de 50 negocios y empresas de Irlanda del Norte han enviado este domingo una carta abierta a los parlamentarios brit\u00e1nicos advirtiendo de que un Brexit sin acuerdo causar\u00e1 un &quot;da\u00f1o muy importante&quot; a la econom\u00eda de la regi\u00f3n. &quot;El mercado de las exportaciones, las cadenas de producci\u00f3n, la capacidad","og:url":"https:\/\/www.eldigitaldeasturias.com\/noticias\/brexit-preocupacion-en-las-empresas-de-irlanda-del-norte\/","og:image":"https:\/\/www.eldigitaldeasturias.com\/noticias\/wp-content\/uploads\/2018\/09\/brexit-1491370_960_720.jpg","og:image:secure_url":"https:\/\/www.eldigitaldeasturias.com\/noticias\/wp-content\/uploads\/2018\/09\/brexit-1491370_960_720.jpg","og:image:width":960,"og:image:height":720,"article:tag":["econom\u00eda"],"article:published_time":"2019-03-11T01:31:39+00:00","article:modified_time":"2019-03-11T01:31:39+00:00","article:publisher":"https:\/\/facebook.com\/eldigitaldeasturias","twitter:card":"summary_large_image","twitter:title":"Brexit: Preocupaci\u00f3n en las empresas de Irlanda del Norte - El Digital de Asturias","twitter:description":"LONDRES, 10 Mar. 2019 (DPA\/EP) - M\u00e1s de 50 negocios y empresas de Irlanda del Norte han enviado este domingo una carta abierta a los parlamentarios brit\u00e1nicos advirtiendo de que un Brexit sin acuerdo causar\u00e1 un &quot;da\u00f1o muy importante&quot; a la econom\u00eda de la regi\u00f3n. &quot;El mercado de las exportaciones, las cadenas de producci\u00f3n, la capacidad","twitter:image":"https:\/\/www.eldigitaldeasturias.com\/noticias\/wp-content\/uploads\/2018\/09\/brexit-1491370_960_720.jpg","twitter:label1":"Escrito por","twitter:data1":"El Digital de Asturias","twitter:label2":"Tiempo de lectura estimado","twitter:data2":"3 minutos"},"aioseo_meta_data":{"post_id":"1020023","title":null,"description":null,"keywords":null,"keyphrases":null,"primary_term":null,"canonical_url":null,"og_title":null,"og_description":null,"og_object_type":"default","og_image_type":"default","og_image_url":null,"og_image_width":null,"og_image_height":null,"og_image_custom_url":null,"og_image_custom_fields":null,"og_video":null,"og_custom_url":null,"og_article_section":null,"og_article_tags":null,"twitter_use_og":false,"twitter_card":"default","twitter_image_type":"default","twitter_image_url":null,"twitter_image_custom_url":null,"twitter_image_custom_fields":null,"twitter_title":null,"twitter_description":null,"schema":{"blockGraphs":[],"customGraphs":[],"default":{"data":{"Article":[],"Course":[],"Dataset":[],"FAQPage":[],"Movie":[],"Person":[],"Product":[],"ProductReview":[],"Car":[],"Recipe":[],"Service":[],"SoftwareApplication":[],"WebPage":[]},"graphName":"","isEnabled":true},"graphs":[],"defaultGraph":"","defaultPostTypeGraph":""},"schema_type":null,"schema_type_options":null,"pillar_content":false,"robots_default":true,"robots_noindex":false,"robots_noarchive":false,"robots_nosnippet":false,"robots_nofollow":false,"robots_noimageindex":false,"robots_noodp":false,"robots_notranslate":false,"robots_max_snippet":null,"robots_max_videopreview":null,"robots_max_imagepreview":"large","priority":null,"frequency":null,"local_seo":null,"seo_analyzer_scan_date":"2025-10-16 22:22:09","breadcrumb_settings":null,"limit_modified_date":false,"open_ai":null,"ai":null,"created":"2020-12-21 11:17:37","updated":"2025-10-16 22:22:09"},"aioseo_breadcrumb":"<div class=\"aioseo-breadcrumbs\"><span class=\"aioseo-breadcrumb\">\n\t<a href=\"https:\/\/www.eldigitaldeasturias.com\/noticias\" title=\"Home\">Home<\/a>\n<\/span><span class=\"aioseo-breadcrumb-separator\">\u2013<\/span><span class=\"aioseo-breadcrumb\">\n\t<a href=\"https:\/\/www.eldigitaldeasturias.com\/noticias\/category\/economia\/\" title=\"Econom\u00eda\">Econom\u00eda<\/a>\n<\/span><span class=\"aioseo-breadcrumb-separator\">\u2013<\/span><span class=\"aioseo-breadcrumb\">\n\t<a href=\"https:\/\/www.eldigitaldeasturias.com\/noticias\/brexit-preocupacion-en-las-empresas-de-irlanda-del-norte\/\" title=\"Brexit: Preocupaci\u00f3n en las empresas de Irlanda del Norte\">Brexit: Preocupaci\u00f3n en las empresas de Irlanda del Norte<\/a>\n<\/span><\/div>","aioseo_breadcrumb_json":[{"label":"Home","link":"https:\/\/www.eldigitaldeasturias.com\/noticias"},{"label":"Econom\u00eda","link":"https:\/\/www.eldigitaldeasturias.com\/noticias\/category\/economia\/"},{"label":"Brexit: Preocupaci\u00f3n en las empresas de Irlanda del Norte","link":"https:\/\/www.eldigitaldeasturias.com\/noticias\/brexit-preocupacion-en-las-empresas-de-irlanda-del-norte\/"}],"_links":{"self":[{"href":"https:\/\/www.eldigitaldeasturias.com\/noticias\/wp-json\/wp\/v2\/posts\/1020023","targetHints":{"allow":["GET"]}}],"collection":[{"href":"https:\/\/www.eldigitaldeasturias.com\/noticias\/wp-json\/wp\/v2\/posts"}],"about":[{"href":"https:\/\/www.eldigitaldeasturias.com\/noticias\/wp-json\/wp\/v2\/types\/post"}],"author":[{"embeddable":true,"href":"https:\/\/www.eldigitaldeasturias.com\/noticias\/wp-json\/wp\/v2\/users\/1"}],"replies":[{"embeddable":true,"href":"https:\/\/www.eldigitaldeasturias.com\/noticias\/wp-json\/wp\/v2\/comments?post=1020023"}],"version-history":[{"count":0,"href":"https:\/\/www.eldigitaldeasturias.com\/noticias\/wp-json\/wp\/v2\/posts\/1020023\/revisions"}],"wp:featuredmedia":[{"embeddable":true,"href":"https:\/\/www.eldigitaldeasturias.com\/noticias\/wp-json\/wp\/v2\/media\/998762"}],"wp:attachment":[{"href":"https:\/\/www.eldigitaldeasturias.com\/noticias\/wp-json\/wp\/v2\/media?parent=1020023"}],"wp:term":[{"taxonomy":"category","embeddable":true,"href":"https:\/\/www.eldigitaldeasturias.com\/noticias\/wp-json\/wp\/v2\/categories?post=1020023"},{"taxonomy":"post_tag","embeddable":true,"href":"https:\/\/www.eldigitaldeasturias.com\/noticias\/wp-json\/wp\/v2\/tags?post=1020023"}],"curies":[{"name":"wp","href":"https:\/\/api.w.org\/{rel}","templated":true}]}}