{"id":1019551,"date":"2019-03-06T13:47:44","date_gmt":"2019-03-06T13:47:44","guid":{"rendered":"https:\/\/www.eldigitaldeasturias.com\/noticias\/?p=1019551"},"modified":"2019-03-06T13:47:44","modified_gmt":"2019-03-06T13:47:44","slug":"presentado-el-libro-blanco-sobre-la-brecha-de-genero-en-el-ambito-tecnologico","status":"publish","type":"post","link":"https:\/\/www.eldigitaldeasturias.com\/noticias\/presentado-el-libro-blanco-sobre-la-brecha-de-genero-en-el-ambito-tecnologico\/","title":{"rendered":"Presentado el Libro Blanco sobre la brecha de g\u00e9nero en el \u00e1mbito tecnol\u00f3gico"},"content":{"rendered":"<p><img loading=\"lazy\" decoding=\"async\" class=\"alignleft size-medium wp-image-1019552\" src=\"https:\/\/www.eldigitaldeasturias.com\/noticias\/wp-content\/uploads\/2019\/03\/040319-libroblanco01-360x239.jpg\" alt=\"\" width=\"360\" height=\"239\" srcset=\"https:\/\/www.eldigitaldeasturias.com\/noticias\/wp-content\/uploads\/2019\/03\/040319-libroblanco01-360x239.jpg 360w, https:\/\/www.eldigitaldeasturias.com\/noticias\/wp-content\/uploads\/2019\/03\/040319-libroblanco01.jpg 512w\" sizes=\"auto, (max-width: 360px) 100vw, 360px\" \/>El Ministerio de Econom\u00eda y Empresa ha presentado el Libro Blanco de las mujeres en el \u00e1mbito tecnol\u00f3gico. En la inauguraci\u00f3n del acto, la ministra de Econom\u00eda y Empresa, Nadia Calvi\u00f1o, ha asegurado que su objetivo es dar visibilidad y analizar la brecha que existe entre hombres y mujeres en ese sector para servir de gu\u00eda a los poderes p\u00fablicos a la hora de proponer medidas efectivas para abordar las desigualdades.<\/p>\n<p><strong>Aumenta la desigualdad<\/strong><\/p>\n<p>La falta de igualdad de oportunidades ha aumentado en Espa\u00f1a durante la crisis econ\u00f3mica, como revela el Gender Gap Index del Foro Econ\u00f3mico de Davos, que ha pasado del puesto 10 en igualdad de g\u00e9nero en 2007 al 29 en 2018. En cuanto a igualdad salarial, nuestro pa\u00eds ocupa el puesto 129 de las 149 econom\u00edas analizadas. Revertir esta situaci\u00f3n es un objetivo \u00abinaplazable\u00bb, seg\u00fan ha dicho la ministra, \u00abno s\u00f3lo por razones de justicia y equidad, sino tambi\u00e9n por razones de pura racionalidad econ\u00f3mica\u00bb. Algunos estudios revelan que nuestro pa\u00eds estar\u00eda perdiendo al menos el 15% del PIB por la brecha de g\u00e9nero.<\/p>\n<p>Pero la desigual participaci\u00f3n de la mujer en el mercado laboral no s\u00f3lo supone perder recursos productivos. \u00abPrescindir de la mirada de la mitad de la poblaci\u00f3n empobrece la respuesta que desde las instituciones se puede dar a los problemas sociales a los que nos enfrentamos cada d\u00eda\u00bb, ha dicho la ministra de Econom\u00eda y Empresa, para quien la diversidad genera valor cuantificable y tangible pues permite una mayor riqueza de enfoques para buscar soluciones a los problemas.<\/p>\n<p><strong>Algoritmos discriminatorios<\/strong><\/p>\n<p>Las diferencias de g\u00e9nero de los sectores tradicionales se reproducen en el \u00e1mbito tecnol\u00f3gico. \u00abEstamos construyendo un nuevo mundo contando a\u00fan menos con el punto de vista femenino\u00bb, ha asegurado Nadia Calvi\u00f1o citando las conclusiones del Libro Blanco. Hay menos mujeres que hombres en las carreras cient\u00edficas y t\u00e9cnicas, lo que repercutir\u00e1 en el mercado laboral en el futuro. En Europa, s\u00f3lo el 30% de los empleos tecnol\u00f3gicos est\u00e1n ocupados por mujeres, un porcentaje que en Espa\u00f1a se reduce al 15,6%, casi cuatro puntos menos que en el a\u00f1o 2006. El 66% de las empresas de telecomunicaciones no tiene a ninguna mujer entre sus directivos.<\/p>\n<p>El Libro Blanco advierte, adem\u00e1s, de que los algoritmos y la Inteligencia Artificial que se est\u00e1n desarrollando en la actualidad reproducen los mismos sesgos de g\u00e9nero discriminatorios que existen en la realidad anal\u00f3gica.<\/p>\n<p><strong>Medidas con perspectiva de g\u00e9nero<\/strong><\/p>\n<p>La ministra ha reclamado la urgencia de actuar con un enfoque horizontal que abarque el emprendimiento, las nuevas carreras profesionales, la educaci\u00f3n y la concienciaci\u00f3n social, con acciones transversales que incorporen la perspectiva de g\u00e9nero. Seg\u00fan Nadia Calvi\u00f1o, esta perspectiva ha estado presente en las decisiones que ha tomado el Gobierno en los \u00faltimos nueve meses, como el Real Decreto-ley de igualdad de g\u00e9nero adoptado el pasado viernes con medidas para avanzar hacia la equiparaci\u00f3n salarial y la progresiva equiparaci\u00f3n de los permisos de paternidad y maternidad. Ha citado tambi\u00e9n la revisi\u00f3n del Plan Estatal de Investigaci\u00f3n Cient\u00edfica, T\u00e9cnica y de Innovaci\u00f3n para favorecer la participaci\u00f3n de las mujeres en la ciencia en los niveles que les corresponde.<\/p>\n<p>La presentaci\u00f3n del Libro Blanco se ha completado con una mesa redonda moderada por el secretario de Estado para el Avance Digital, Francisco Polo, en la que han participado Carlota Tar\u00edn, socia de Quanticae; Cristina Aranda, cofundadora de MujeresTech; Ignacio Conde-Ruiz, subdirector de Fundaci\u00f3n de Estudios de Econom\u00eda Aplicada (FEDEA), y Sara Mateos, coautora del Libro Blanco junto con Clara G\u00f3mez.<\/p>\n<p>Tar\u00edn y Conde-Ruiz han puesto el \u00e9nfasis en que la brecha de g\u00e9nero en las carreras t\u00e9cnicas y tecnol\u00f3gicas est\u00e1 creciendo en nuestro pa\u00eds. Aranda ha desarrollado el problema generado por el sesgo en los algoritmos, mientras que Mateos ha hecho un llamamiento a la creaci\u00f3n de indicadores oficiales que midan la cuesti\u00f3n de la igualdad de g\u00e9nero. \u00abEntender el problema de la brecha de g\u00e9nero es el primer paso para empezar a resolverla\u00bb, ha destacado el secretario de Estado.<\/p>\n","protected":false},"excerpt":{"rendered":"<p>El Ministerio de Econom\u00eda y Empresa ha presentado el Libro Blanco de las mujeres en el \u00e1mbito tecnol\u00f3gico. En la inauguraci\u00f3n del acto, la ministra de Econom\u00eda y Empresa, Nadia Calvi\u00f1o, ha asegurado que su objetivo es dar visibilidad y analizar la brecha que existe entre hombres y mujeres en ese sector para servir de [&hellip;]<\/p>\n","protected":false},"author":1,"featured_media":1019552,"comment_status":"closed","ping_status":"closed","sticky":false,"template":"","format":"standard","meta":{"footnotes":""},"categories":[187],"tags":[],"class_list":["post-1019551","post","type-post","status-publish","format-standard","has-post-thumbnail","hentry","category-economia"],"aioseo_notices":[],"aioseo_head":"\n\t\t<!-- All in One SEO Pro 4.9.6.2 - aioseo.com -->\n\t<meta name=\"description\" content=\"El Ministerio de Econom\u00eda y Empresa ha presentado el Libro Blanco de las mujeres en el \u00e1mbito tecnol\u00f3gico. En la inauguraci\u00f3n del acto, la ministra de Econom\u00eda y Empresa, Nadia Calvi\u00f1o, ha asegurado que su objetivo es dar visibilidad y analizar la brecha que existe entre hombres y mujeres en ese sector para servir de\" \/>\n\t<meta name=\"robots\" content=\"max-image-preview:large\" \/>\n\t<meta name=\"author\" content=\"El Digital de Asturias\"\/>\n\t<meta name=\"google-site-verification\" content=\"UA-38556648-1\" \/>\n\t<meta name=\"msvalidate.01\" content=\"7dfe9f3f1b24437ab69f4f2559babe99\" \/>\n\t<meta name=\"keywords\" content=\"econom\u00eda\" \/>\n\t<link rel=\"canonical\" href=\"https:\/\/www.eldigitaldeasturias.com\/noticias\/presentado-el-libro-blanco-sobre-la-brecha-de-genero-en-el-ambito-tecnologico\/\" \/>\n\t<meta name=\"generator\" content=\"All in One SEO Pro (AIOSEO) 4.9.6.2\" \/>\n\t\t<meta property=\"og:locale\" content=\"es_ES\" \/>\n\t\t<meta property=\"og:site_name\" content=\"El Digital de Asturias\" \/>\n\t\t<meta property=\"og:type\" content=\"article\" \/>\n\t\t<meta property=\"og:title\" content=\"Presentado el Libro Blanco sobre la brecha de g\u00e9nero en el \u00e1mbito tecnol\u00f3gico - El Digital de Asturias\" \/>\n\t\t<meta property=\"og:description\" content=\"El Ministerio de Econom\u00eda y Empresa ha presentado el Libro Blanco de las mujeres en el \u00e1mbito tecnol\u00f3gico. En la inauguraci\u00f3n del acto, la ministra de Econom\u00eda y Empresa, Nadia Calvi\u00f1o, ha asegurado que su objetivo es dar visibilidad y analizar la brecha que existe entre hombres y mujeres en ese sector para servir de\" \/>\n\t\t<meta property=\"og:url\" content=\"https:\/\/www.eldigitaldeasturias.com\/noticias\/presentado-el-libro-blanco-sobre-la-brecha-de-genero-en-el-ambito-tecnologico\/\" \/>\n\t\t<meta property=\"og:image\" content=\"https:\/\/www.eldigitaldeasturias.com\/noticias\/wp-content\/uploads\/2019\/03\/040319-libroblanco01.jpg\" \/>\n\t\t<meta property=\"og:image:secure_url\" content=\"https:\/\/www.eldigitaldeasturias.com\/noticias\/wp-content\/uploads\/2019\/03\/040319-libroblanco01.jpg\" \/>\n\t\t<meta property=\"og:image:width\" content=\"512\" \/>\n\t\t<meta property=\"og:image:height\" content=\"340\" \/>\n\t\t<meta property=\"article:tag\" content=\"econom\u00eda\" \/>\n\t\t<meta property=\"article:published_time\" content=\"2019-03-06T13:47:44+00:00\" \/>\n\t\t<meta property=\"article:modified_time\" content=\"2019-03-06T13:47:44+00:00\" \/>\n\t\t<meta property=\"article:publisher\" content=\"https:\/\/facebook.com\/eldigitaldeasturias\" \/>\n\t\t<meta name=\"twitter:card\" content=\"summary_large_image\" \/>\n\t\t<meta name=\"twitter:title\" content=\"Presentado el Libro Blanco sobre la brecha de g\u00e9nero en el \u00e1mbito tecnol\u00f3gico - El Digital de Asturias\" \/>\n\t\t<meta name=\"twitter:description\" content=\"El Ministerio de Econom\u00eda y Empresa ha presentado el Libro Blanco de las mujeres en el \u00e1mbito tecnol\u00f3gico. En la inauguraci\u00f3n del acto, la ministra de Econom\u00eda y Empresa, Nadia Calvi\u00f1o, ha asegurado que su objetivo es dar visibilidad y analizar la brecha que existe entre hombres y mujeres en ese sector para servir de\" \/>\n\t\t<meta name=\"twitter:image\" content=\"https:\/\/www.eldigitaldeasturias.com\/noticias\/wp-content\/uploads\/2019\/03\/040319-libroblanco01.jpg\" \/>\n\t\t<meta name=\"twitter:label1\" content=\"Escrito por\" \/>\n\t\t<meta name=\"twitter:data1\" content=\"El Digital de Asturias\" \/>\n\t\t<meta name=\"twitter:label2\" content=\"Tiempo de lectura estimado\" \/>\n\t\t<meta name=\"twitter:data2\" content=\"4 minutos\" \/>\n\t\t<script type=\"application\/ld+json\" class=\"aioseo-schema\">\n\t\t\t{\"@context\":\"https:\\\/\\\/schema.org\",\"@graph\":[{\"@type\":\"BlogPosting\",\"@id\":\"https:\\\/\\\/www.eldigitaldeasturias.com\\\/noticias\\\/presentado-el-libro-blanco-sobre-la-brecha-de-genero-en-el-ambito-tecnologico\\\/#blogposting\",\"name\":\"Presentado el Libro Blanco sobre la brecha de g\\u00e9nero en el \\u00e1mbito tecnol\\u00f3gico - El Digital de Asturias\",\"headline\":\"Presentado el Libro Blanco sobre la brecha de g\\u00e9nero en el \\u00e1mbito tecnol\\u00f3gico\",\"author\":{\"@id\":\"https:\\\/\\\/www.eldigitaldeasturias.com\\\/noticias\\\/author\\\/admin\\\/#author\"},\"publisher\":{\"@id\":\"https:\\\/\\\/www.eldigitaldeasturias.com\\\/noticias\\\/#organization\"},\"image\":{\"@type\":\"ImageObject\",\"url\":\"https:\\\/\\\/www.eldigitaldeasturias.com\\\/noticias\\\/wp-content\\\/uploads\\\/2019\\\/03\\\/040319-libroblanco01.jpg\",\"width\":512,\"height\":340},\"datePublished\":\"2019-03-06T13:47:44+01:00\",\"dateModified\":\"2019-03-06T13:47:44+01:00\",\"inLanguage\":\"es-ES\",\"mainEntityOfPage\":{\"@id\":\"https:\\\/\\\/www.eldigitaldeasturias.com\\\/noticias\\\/presentado-el-libro-blanco-sobre-la-brecha-de-genero-en-el-ambito-tecnologico\\\/#webpage\"},\"isPartOf\":{\"@id\":\"https:\\\/\\\/www.eldigitaldeasturias.com\\\/noticias\\\/presentado-el-libro-blanco-sobre-la-brecha-de-genero-en-el-ambito-tecnologico\\\/#webpage\"},\"articleSection\":\"Econom\\u00eda\"},{\"@type\":\"BreadcrumbList\",\"@id\":\"https:\\\/\\\/www.eldigitaldeasturias.com\\\/noticias\\\/presentado-el-libro-blanco-sobre-la-brecha-de-genero-en-el-ambito-tecnologico\\\/#breadcrumblist\",\"itemListElement\":[{\"@type\":\"ListItem\",\"@id\":\"https:\\\/\\\/www.eldigitaldeasturias.com\\\/noticias#listItem\",\"position\":1,\"name\":\"Home\",\"item\":\"https:\\\/\\\/www.eldigitaldeasturias.com\\\/noticias\",\"nextItem\":{\"@type\":\"ListItem\",\"@id\":\"https:\\\/\\\/www.eldigitaldeasturias.com\\\/noticias\\\/category\\\/economia\\\/#listItem\",\"name\":\"Econom\\u00eda\"}},{\"@type\":\"ListItem\",\"@id\":\"https:\\\/\\\/www.eldigitaldeasturias.com\\\/noticias\\\/category\\\/economia\\\/#listItem\",\"position\":2,\"name\":\"Econom\\u00eda\",\"item\":\"https:\\\/\\\/www.eldigitaldeasturias.com\\\/noticias\\\/category\\\/economia\\\/\",\"nextItem\":{\"@type\":\"ListItem\",\"@id\":\"https:\\\/\\\/www.eldigitaldeasturias.com\\\/noticias\\\/presentado-el-libro-blanco-sobre-la-brecha-de-genero-en-el-ambito-tecnologico\\\/#listItem\",\"name\":\"Presentado el Libro Blanco sobre la brecha de g\\u00e9nero en el \\u00e1mbito tecnol\\u00f3gico\"},\"previousItem\":{\"@type\":\"ListItem\",\"@id\":\"https:\\\/\\\/www.eldigitaldeasturias.com\\\/noticias#listItem\",\"name\":\"Home\"}},{\"@type\":\"ListItem\",\"@id\":\"https:\\\/\\\/www.eldigitaldeasturias.com\\\/noticias\\\/presentado-el-libro-blanco-sobre-la-brecha-de-genero-en-el-ambito-tecnologico\\\/#listItem\",\"position\":3,\"name\":\"Presentado el Libro Blanco sobre la brecha de g\\u00e9nero en el \\u00e1mbito tecnol\\u00f3gico\",\"previousItem\":{\"@type\":\"ListItem\",\"@id\":\"https:\\\/\\\/www.eldigitaldeasturias.com\\\/noticias\\\/category\\\/economia\\\/#listItem\",\"name\":\"Econom\\u00eda\"}}]},{\"@type\":\"Organization\",\"@id\":\"https:\\\/\\\/www.eldigitaldeasturias.com\\\/noticias\\\/#organization\",\"name\":\"El Digital de Asturias\",\"description\":\"Hemeroteca\",\"url\":\"https:\\\/\\\/www.eldigitaldeasturias.com\\\/noticias\\\/\",\"email\":\"info@eldigitaldeasturias.com\",\"telephone\":\"+34652131393\",\"logo\":{\"@type\":\"ImageObject\",\"url\":\"https:\\\/\\\/www.eldigitaldeasturias.com\\\/noticias\\\/wp-content\\\/uploads\\\/2020\\\/12\\\/EDA.jpg\",\"@id\":\"https:\\\/\\\/www.eldigitaldeasturias.com\\\/noticias\\\/presentado-el-libro-blanco-sobre-la-brecha-de-genero-en-el-ambito-tecnologico\\\/#organizationLogo\",\"width\":649,\"height\":297},\"image\":{\"@id\":\"https:\\\/\\\/www.eldigitaldeasturias.com\\\/noticias\\\/presentado-el-libro-blanco-sobre-la-brecha-de-genero-en-el-ambito-tecnologico\\\/#organizationLogo\"},\"sameAs\":[\"https:\\\/\\\/facebook.com\\\/eldigitaldeasturias\",\"https:\\\/\\\/www.youtube.com\\\/channel\\\/UCZP-2wLEB9Rv6erhFmqVnvg\"],\"address\":{\"@id\":\"https:\\\/\\\/www.eldigitaldeasturias.com\\\/noticias\\\/#postaladdress\",\"@type\":\"PostalAddress\",\"streetAddress\":\"san antonio 4,\",\"postalCode\":\"33430\",\"addressLocality\":\"Cand\\u00e1s\",\"addressRegion\":\"Asturias\",\"addressCountry\":\"ES\"}},{\"@type\":\"Person\",\"@id\":\"https:\\\/\\\/www.eldigitaldeasturias.com\\\/noticias\\\/author\\\/admin\\\/#author\",\"url\":\"https:\\\/\\\/www.eldigitaldeasturias.com\\\/noticias\\\/author\\\/admin\\\/\",\"name\":\"El Digital de Asturias\",\"image\":{\"@type\":\"ImageObject\",\"@id\":\"https:\\\/\\\/www.eldigitaldeasturias.com\\\/noticias\\\/presentado-el-libro-blanco-sobre-la-brecha-de-genero-en-el-ambito-tecnologico\\\/#authorImage\",\"url\":\"https:\\\/\\\/www.eldigitaldeasturias.com\\\/noticias\\\/wp-content\\\/litespeed\\\/avatar\\\/18677e78aa0546b92d9dbf31ec7d7668.jpg?ver=1777290358\",\"width\":96,\"height\":96,\"caption\":\"El Digital de Asturias\"}},{\"@type\":\"WebPage\",\"@id\":\"https:\\\/\\\/www.eldigitaldeasturias.com\\\/noticias\\\/presentado-el-libro-blanco-sobre-la-brecha-de-genero-en-el-ambito-tecnologico\\\/#webpage\",\"url\":\"https:\\\/\\\/www.eldigitaldeasturias.com\\\/noticias\\\/presentado-el-libro-blanco-sobre-la-brecha-de-genero-en-el-ambito-tecnologico\\\/\",\"name\":\"Presentado el Libro Blanco sobre la brecha de g\\u00e9nero en el \\u00e1mbito tecnol\\u00f3gico - El Digital de Asturias\",\"description\":\"El Ministerio de Econom\\u00eda y Empresa ha presentado el Libro Blanco de las mujeres en el \\u00e1mbito tecnol\\u00f3gico. En la inauguraci\\u00f3n del acto, la ministra de Econom\\u00eda y Empresa, Nadia Calvi\\u00f1o, ha asegurado que su objetivo es dar visibilidad y analizar la brecha que existe entre hombres y mujeres en ese sector para servir de\",\"inLanguage\":\"es-ES\",\"isPartOf\":{\"@id\":\"https:\\\/\\\/www.eldigitaldeasturias.com\\\/noticias\\\/#website\"},\"breadcrumb\":{\"@id\":\"https:\\\/\\\/www.eldigitaldeasturias.com\\\/noticias\\\/presentado-el-libro-blanco-sobre-la-brecha-de-genero-en-el-ambito-tecnologico\\\/#breadcrumblist\"},\"author\":{\"@id\":\"https:\\\/\\\/www.eldigitaldeasturias.com\\\/noticias\\\/author\\\/admin\\\/#author\"},\"creator\":{\"@id\":\"https:\\\/\\\/www.eldigitaldeasturias.com\\\/noticias\\\/author\\\/admin\\\/#author\"},\"image\":{\"@type\":\"ImageObject\",\"url\":\"https:\\\/\\\/www.eldigitaldeasturias.com\\\/noticias\\\/wp-content\\\/uploads\\\/2019\\\/03\\\/040319-libroblanco01.jpg\",\"@id\":\"https:\\\/\\\/www.eldigitaldeasturias.com\\\/noticias\\\/presentado-el-libro-blanco-sobre-la-brecha-de-genero-en-el-ambito-tecnologico\\\/#mainImage\",\"width\":512,\"height\":340},\"primaryImageOfPage\":{\"@id\":\"https:\\\/\\\/www.eldigitaldeasturias.com\\\/noticias\\\/presentado-el-libro-blanco-sobre-la-brecha-de-genero-en-el-ambito-tecnologico\\\/#mainImage\"},\"datePublished\":\"2019-03-06T13:47:44+01:00\",\"dateModified\":\"2019-03-06T13:47:44+01:00\"},{\"@type\":\"WebSite\",\"@id\":\"https:\\\/\\\/www.eldigitaldeasturias.com\\\/noticias\\\/#website\",\"url\":\"https:\\\/\\\/www.eldigitaldeasturias.com\\\/noticias\\\/\",\"name\":\"El Digital de Asturias - Diario de actualidad y noticias\",\"alternateName\":\"El Digital de Asturias - Diario de actualidad y noticias\",\"description\":\"Hemeroteca\",\"inLanguage\":\"es-ES\",\"publisher\":{\"@id\":\"https:\\\/\\\/www.eldigitaldeasturias.com\\\/noticias\\\/#organization\"}}]}\n\t\t<\/script>\n\t\t<!-- All in One SEO Pro -->\r\n\t\t<title>Presentado el Libro Blanco sobre la brecha de g\u00e9nero en el \u00e1mbito tecnol\u00f3gico - El Digital de Asturias<\/title>\n\n","aioseo_head_json":{"title":"Presentado el Libro Blanco sobre la brecha de g\u00e9nero en el \u00e1mbito tecnol\u00f3gico - El Digital de Asturias","description":"El Ministerio de Econom\u00eda y Empresa ha presentado el Libro Blanco de las mujeres en el \u00e1mbito tecnol\u00f3gico. En la inauguraci\u00f3n del acto, la ministra de Econom\u00eda y Empresa, Nadia Calvi\u00f1o, ha asegurado que su objetivo es dar visibilidad y analizar la brecha que existe entre hombres y mujeres en ese sector para servir de","canonical_url":"https:\/\/www.eldigitaldeasturias.com\/noticias\/presentado-el-libro-blanco-sobre-la-brecha-de-genero-en-el-ambito-tecnologico\/","robots":"max-image-preview:large","keywords":"econom\u00eda","webmasterTools":{"google-site-verification":"UA-38556648-1","msvalidate.01":"7dfe9f3f1b24437ab69f4f2559babe99","miscellaneous":""},"schema":{"@context":"https:\/\/schema.org","@graph":[{"@type":"BlogPosting","@id":"https:\/\/www.eldigitaldeasturias.com\/noticias\/presentado-el-libro-blanco-sobre-la-brecha-de-genero-en-el-ambito-tecnologico\/#blogposting","name":"Presentado el Libro Blanco sobre la brecha de g\u00e9nero en el \u00e1mbito tecnol\u00f3gico - El Digital de Asturias","headline":"Presentado el Libro Blanco sobre la brecha de g\u00e9nero en el \u00e1mbito tecnol\u00f3gico","author":{"@id":"https:\/\/www.eldigitaldeasturias.com\/noticias\/author\/admin\/#author"},"publisher":{"@id":"https:\/\/www.eldigitaldeasturias.com\/noticias\/#organization"},"image":{"@type":"ImageObject","url":"https:\/\/www.eldigitaldeasturias.com\/noticias\/wp-content\/uploads\/2019\/03\/040319-libroblanco01.jpg","width":512,"height":340},"datePublished":"2019-03-06T13:47:44+01:00","dateModified":"2019-03-06T13:47:44+01:00","inLanguage":"es-ES","mainEntityOfPage":{"@id":"https:\/\/www.eldigitaldeasturias.com\/noticias\/presentado-el-libro-blanco-sobre-la-brecha-de-genero-en-el-ambito-tecnologico\/#webpage"},"isPartOf":{"@id":"https:\/\/www.eldigitaldeasturias.com\/noticias\/presentado-el-libro-blanco-sobre-la-brecha-de-genero-en-el-ambito-tecnologico\/#webpage"},"articleSection":"Econom\u00eda"},{"@type":"BreadcrumbList","@id":"https:\/\/www.eldigitaldeasturias.com\/noticias\/presentado-el-libro-blanco-sobre-la-brecha-de-genero-en-el-ambito-tecnologico\/#breadcrumblist","itemListElement":[{"@type":"ListItem","@id":"https:\/\/www.eldigitaldeasturias.com\/noticias#listItem","position":1,"name":"Home","item":"https:\/\/www.eldigitaldeasturias.com\/noticias","nextItem":{"@type":"ListItem","@id":"https:\/\/www.eldigitaldeasturias.com\/noticias\/category\/economia\/#listItem","name":"Econom\u00eda"}},{"@type":"ListItem","@id":"https:\/\/www.eldigitaldeasturias.com\/noticias\/category\/economia\/#listItem","position":2,"name":"Econom\u00eda","item":"https:\/\/www.eldigitaldeasturias.com\/noticias\/category\/economia\/","nextItem":{"@type":"ListItem","@id":"https:\/\/www.eldigitaldeasturias.com\/noticias\/presentado-el-libro-blanco-sobre-la-brecha-de-genero-en-el-ambito-tecnologico\/#listItem","name":"Presentado el Libro Blanco sobre la brecha de g\u00e9nero en el \u00e1mbito tecnol\u00f3gico"},"previousItem":{"@type":"ListItem","@id":"https:\/\/www.eldigitaldeasturias.com\/noticias#listItem","name":"Home"}},{"@type":"ListItem","@id":"https:\/\/www.eldigitaldeasturias.com\/noticias\/presentado-el-libro-blanco-sobre-la-brecha-de-genero-en-el-ambito-tecnologico\/#listItem","position":3,"name":"Presentado el Libro Blanco sobre la brecha de g\u00e9nero en el \u00e1mbito tecnol\u00f3gico","previousItem":{"@type":"ListItem","@id":"https:\/\/www.eldigitaldeasturias.com\/noticias\/category\/economia\/#listItem","name":"Econom\u00eda"}}]},{"@type":"Organization","@id":"https:\/\/www.eldigitaldeasturias.com\/noticias\/#organization","name":"El Digital de Asturias","description":"Hemeroteca","url":"https:\/\/www.eldigitaldeasturias.com\/noticias\/","email":"info@eldigitaldeasturias.com","telephone":"+34652131393","logo":{"@type":"ImageObject","url":"https:\/\/www.eldigitaldeasturias.com\/noticias\/wp-content\/uploads\/2020\/12\/EDA.jpg","@id":"https:\/\/www.eldigitaldeasturias.com\/noticias\/presentado-el-libro-blanco-sobre-la-brecha-de-genero-en-el-ambito-tecnologico\/#organizationLogo","width":649,"height":297},"image":{"@id":"https:\/\/www.eldigitaldeasturias.com\/noticias\/presentado-el-libro-blanco-sobre-la-brecha-de-genero-en-el-ambito-tecnologico\/#organizationLogo"},"sameAs":["https:\/\/facebook.com\/eldigitaldeasturias","https:\/\/www.youtube.com\/channel\/UCZP-2wLEB9Rv6erhFmqVnvg"],"address":{"@id":"https:\/\/www.eldigitaldeasturias.com\/noticias\/#postaladdress","@type":"PostalAddress","streetAddress":"san antonio 4,","postalCode":"33430","addressLocality":"Cand\u00e1s","addressRegion":"Asturias","addressCountry":"ES"}},{"@type":"Person","@id":"https:\/\/www.eldigitaldeasturias.com\/noticias\/author\/admin\/#author","url":"https:\/\/www.eldigitaldeasturias.com\/noticias\/author\/admin\/","name":"El Digital de Asturias","image":{"@type":"ImageObject","@id":"https:\/\/www.eldigitaldeasturias.com\/noticias\/presentado-el-libro-blanco-sobre-la-brecha-de-genero-en-el-ambito-tecnologico\/#authorImage","url":"https:\/\/www.eldigitaldeasturias.com\/noticias\/wp-content\/litespeed\/avatar\/18677e78aa0546b92d9dbf31ec7d7668.jpg?ver=1777290358","width":96,"height":96,"caption":"El Digital de Asturias"}},{"@type":"WebPage","@id":"https:\/\/www.eldigitaldeasturias.com\/noticias\/presentado-el-libro-blanco-sobre-la-brecha-de-genero-en-el-ambito-tecnologico\/#webpage","url":"https:\/\/www.eldigitaldeasturias.com\/noticias\/presentado-el-libro-blanco-sobre-la-brecha-de-genero-en-el-ambito-tecnologico\/","name":"Presentado el Libro Blanco sobre la brecha de g\u00e9nero en el \u00e1mbito tecnol\u00f3gico - El Digital de Asturias","description":"El Ministerio de Econom\u00eda y Empresa ha presentado el Libro Blanco de las mujeres en el \u00e1mbito tecnol\u00f3gico. En la inauguraci\u00f3n del acto, la ministra de Econom\u00eda y Empresa, Nadia Calvi\u00f1o, ha asegurado que su objetivo es dar visibilidad y analizar la brecha que existe entre hombres y mujeres en ese sector para servir de","inLanguage":"es-ES","isPartOf":{"@id":"https:\/\/www.eldigitaldeasturias.com\/noticias\/#website"},"breadcrumb":{"@id":"https:\/\/www.eldigitaldeasturias.com\/noticias\/presentado-el-libro-blanco-sobre-la-brecha-de-genero-en-el-ambito-tecnologico\/#breadcrumblist"},"author":{"@id":"https:\/\/www.eldigitaldeasturias.com\/noticias\/author\/admin\/#author"},"creator":{"@id":"https:\/\/www.eldigitaldeasturias.com\/noticias\/author\/admin\/#author"},"image":{"@type":"ImageObject","url":"https:\/\/www.eldigitaldeasturias.com\/noticias\/wp-content\/uploads\/2019\/03\/040319-libroblanco01.jpg","@id":"https:\/\/www.eldigitaldeasturias.com\/noticias\/presentado-el-libro-blanco-sobre-la-brecha-de-genero-en-el-ambito-tecnologico\/#mainImage","width":512,"height":340},"primaryImageOfPage":{"@id":"https:\/\/www.eldigitaldeasturias.com\/noticias\/presentado-el-libro-blanco-sobre-la-brecha-de-genero-en-el-ambito-tecnologico\/#mainImage"},"datePublished":"2019-03-06T13:47:44+01:00","dateModified":"2019-03-06T13:47:44+01:00"},{"@type":"WebSite","@id":"https:\/\/www.eldigitaldeasturias.com\/noticias\/#website","url":"https:\/\/www.eldigitaldeasturias.com\/noticias\/","name":"El Digital de Asturias - Diario de actualidad y noticias","alternateName":"El Digital de Asturias - Diario de actualidad y noticias","description":"Hemeroteca","inLanguage":"es-ES","publisher":{"@id":"https:\/\/www.eldigitaldeasturias.com\/noticias\/#organization"}}]},"og:locale":"es_ES","og:site_name":"El Digital de Asturias","og:type":"article","og:title":"Presentado el Libro Blanco sobre la brecha de g\u00e9nero en el \u00e1mbito tecnol\u00f3gico - El Digital de Asturias","og:description":"El Ministerio de Econom\u00eda y Empresa ha presentado el Libro Blanco de las mujeres en el \u00e1mbito tecnol\u00f3gico. En la inauguraci\u00f3n del acto, la ministra de Econom\u00eda y Empresa, Nadia Calvi\u00f1o, ha asegurado que su objetivo es dar visibilidad y analizar la brecha que existe entre hombres y mujeres en ese sector para servir de","og:url":"https:\/\/www.eldigitaldeasturias.com\/noticias\/presentado-el-libro-blanco-sobre-la-brecha-de-genero-en-el-ambito-tecnologico\/","og:image":"https:\/\/www.eldigitaldeasturias.com\/noticias\/wp-content\/uploads\/2019\/03\/040319-libroblanco01.jpg","og:image:secure_url":"https:\/\/www.eldigitaldeasturias.com\/noticias\/wp-content\/uploads\/2019\/03\/040319-libroblanco01.jpg","og:image:width":512,"og:image:height":340,"article:tag":["econom\u00eda"],"article:published_time":"2019-03-06T13:47:44+00:00","article:modified_time":"2019-03-06T13:47:44+00:00","article:publisher":"https:\/\/facebook.com\/eldigitaldeasturias","twitter:card":"summary_large_image","twitter:title":"Presentado el Libro Blanco sobre la brecha de g\u00e9nero en el \u00e1mbito tecnol\u00f3gico - El Digital de Asturias","twitter:description":"El Ministerio de Econom\u00eda y Empresa ha presentado el Libro Blanco de las mujeres en el \u00e1mbito tecnol\u00f3gico. En la inauguraci\u00f3n del acto, la ministra de Econom\u00eda y Empresa, Nadia Calvi\u00f1o, ha asegurado que su objetivo es dar visibilidad y analizar la brecha que existe entre hombres y mujeres en ese sector para servir de","twitter:image":"https:\/\/www.eldigitaldeasturias.com\/noticias\/wp-content\/uploads\/2019\/03\/040319-libroblanco01.jpg","twitter:label1":"Escrito por","twitter:data1":"El Digital de Asturias","twitter:label2":"Tiempo de lectura estimado","twitter:data2":"4 minutos"},"aioseo_meta_data":{"post_id":"1019551","title":null,"description":null,"keywords":null,"keyphrases":null,"primary_term":null,"canonical_url":null,"og_title":null,"og_description":null,"og_object_type":"default","og_image_type":"default","og_image_url":null,"og_image_width":null,"og_image_height":null,"og_image_custom_url":null,"og_image_custom_fields":null,"og_video":null,"og_custom_url":null,"og_article_section":null,"og_article_tags":null,"twitter_use_og":false,"twitter_card":"default","twitter_image_type":"default","twitter_image_url":null,"twitter_image_custom_url":null,"twitter_image_custom_fields":null,"twitter_title":null,"twitter_description":null,"schema":{"blockGraphs":[],"customGraphs":[],"default":{"data":{"Article":[],"Course":[],"Dataset":[],"FAQPage":[],"Movie":[],"Person":[],"Product":[],"ProductReview":[],"Car":[],"Recipe":[],"Service":[],"SoftwareApplication":[],"WebPage":[]},"graphName":"","isEnabled":true},"graphs":[],"defaultGraph":"","defaultPostTypeGraph":""},"schema_type":null,"schema_type_options":null,"pillar_content":false,"robots_default":true,"robots_noindex":false,"robots_noarchive":false,"robots_nosnippet":false,"robots_nofollow":false,"robots_noimageindex":false,"robots_noodp":false,"robots_notranslate":false,"robots_max_snippet":null,"robots_max_videopreview":null,"robots_max_imagepreview":"large","priority":null,"frequency":null,"local_seo":null,"seo_analyzer_scan_date":"2025-10-16 19:33:37","breadcrumb_settings":null,"limit_modified_date":false,"open_ai":null,"ai":null,"created":"2020-12-21 11:17:49","updated":"2025-10-16 19:33:37"},"aioseo_breadcrumb":"<div class=\"aioseo-breadcrumbs\"><span class=\"aioseo-breadcrumb\">\n\t<a href=\"https:\/\/www.eldigitaldeasturias.com\/noticias\" title=\"Home\">Home<\/a>\n<\/span><span class=\"aioseo-breadcrumb-separator\">\u2013<\/span><span class=\"aioseo-breadcrumb\">\n\t<a href=\"https:\/\/www.eldigitaldeasturias.com\/noticias\/category\/economia\/\" title=\"Econom\u00eda\">Econom\u00eda<\/a>\n<\/span><span class=\"aioseo-breadcrumb-separator\">\u2013<\/span><span class=\"aioseo-breadcrumb\">\n\t<a href=\"https:\/\/www.eldigitaldeasturias.com\/noticias\/presentado-el-libro-blanco-sobre-la-brecha-de-genero-en-el-ambito-tecnologico\/\" title=\"Presentado el Libro Blanco sobre la brecha de g\u00e9nero en el \u00e1mbito tecnol\u00f3gico\">Presentado el Libro Blanco sobre la brecha de g\u00e9nero en el \u00e1mbito tecnol\u00f3gico<\/a>\n<\/span><\/div>","aioseo_breadcrumb_json":[{"label":"Home","link":"https:\/\/www.eldigitaldeasturias.com\/noticias"},{"label":"Econom\u00eda","link":"https:\/\/www.eldigitaldeasturias.com\/noticias\/category\/economia\/"},{"label":"Presentado el Libro Blanco sobre la brecha de g\u00e9nero en el \u00e1mbito tecnol\u00f3gico","link":"https:\/\/www.eldigitaldeasturias.com\/noticias\/presentado-el-libro-blanco-sobre-la-brecha-de-genero-en-el-ambito-tecnologico\/"}],"_links":{"self":[{"href":"https:\/\/www.eldigitaldeasturias.com\/noticias\/wp-json\/wp\/v2\/posts\/1019551","targetHints":{"allow":["GET"]}}],"collection":[{"href":"https:\/\/www.eldigitaldeasturias.com\/noticias\/wp-json\/wp\/v2\/posts"}],"about":[{"href":"https:\/\/www.eldigitaldeasturias.com\/noticias\/wp-json\/wp\/v2\/types\/post"}],"author":[{"embeddable":true,"href":"https:\/\/www.eldigitaldeasturias.com\/noticias\/wp-json\/wp\/v2\/users\/1"}],"replies":[{"embeddable":true,"href":"https:\/\/www.eldigitaldeasturias.com\/noticias\/wp-json\/wp\/v2\/comments?post=1019551"}],"version-history":[{"count":0,"href":"https:\/\/www.eldigitaldeasturias.com\/noticias\/wp-json\/wp\/v2\/posts\/1019551\/revisions"}],"wp:featuredmedia":[{"embeddable":true,"href":"https:\/\/www.eldigitaldeasturias.com\/noticias\/wp-json\/wp\/v2\/media\/1019552"}],"wp:attachment":[{"href":"https:\/\/www.eldigitaldeasturias.com\/noticias\/wp-json\/wp\/v2\/media?parent=1019551"}],"wp:term":[{"taxonomy":"category","embeddable":true,"href":"https:\/\/www.eldigitaldeasturias.com\/noticias\/wp-json\/wp\/v2\/categories?post=1019551"},{"taxonomy":"post_tag","embeddable":true,"href":"https:\/\/www.eldigitaldeasturias.com\/noticias\/wp-json\/wp\/v2\/tags?post=1019551"}],"curies":[{"name":"wp","href":"https:\/\/api.w.org\/{rel}","templated":true}]}}