{"id":1019545,"date":"2019-03-06T13:38:30","date_gmt":"2019-03-06T13:38:30","guid":{"rendered":"https:\/\/www.eldigitaldeasturias.com\/noticias\/?p=1019545"},"modified":"2019-03-06T13:38:30","modified_gmt":"2019-03-06T13:38:30","slug":"la-seguridad-social-suma-524-958-nuevos-afiliados-en-el-ultimo-ano","status":"publish","type":"post","link":"https:\/\/www.eldigitaldeasturias.com\/noticias\/la-seguridad-social-suma-524-958-nuevos-afiliados-en-el-ultimo-ano\/","title":{"rendered":"La Seguridad Social suma 524.958 nuevos afiliados en el \u00faltimo a\u00f1o"},"content":{"rendered":"<p><img loading=\"lazy\" decoding=\"async\" class=\"alignleft size-medium wp-image-1019546\" src=\"https:\/\/www.eldigitaldeasturias.com\/noticias\/wp-content\/uploads\/2019\/03\/writing-828911_960_720-360x240.jpg\" alt=\"\" width=\"360\" height=\"240\" srcset=\"https:\/\/www.eldigitaldeasturias.com\/noticias\/wp-content\/uploads\/2019\/03\/writing-828911_960_720-360x240.jpg 360w, https:\/\/www.eldigitaldeasturias.com\/noticias\/wp-content\/uploads\/2019\/03\/writing-828911_960_720-768x512.jpg 768w, https:\/\/www.eldigitaldeasturias.com\/noticias\/wp-content\/uploads\/2019\/03\/writing-828911_960_720-650x433.jpg 650w, https:\/\/www.eldigitaldeasturias.com\/noticias\/wp-content\/uploads\/2019\/03\/writing-828911_960_720.jpg 960w\" sizes=\"auto, (max-width: 360px) 100vw, 360px\" \/>El n\u00famero medio de afiliados a la Seguridad Social se situ\u00f3 el pasado febrero en 18.888.368 ocupados, lo que supone un incremento de 69.172 (0,37%). Este total de afiliados medios es la cifra m\u00e1s alta registrada en el segundo mes del a\u00f1o desde 2008 (19.245.227).<\/p>\n<p>El n\u00famero de mujeres ocupadas alcanz\u00f3 en febrero las 8.750.307, lo que supone un aumento de 32.759.<\/p>\n<p>Al igual que en los tres a\u00f1os precedentes, el balance de los \u00faltimos 12 meses (febrero\/febrero) supera el medio mill\u00f3n de nuevos ocupados. En los \u00faltimos 12 meses, el Sistema ha incorporado 524.958 (2,86%).<\/p>\n<p>Tanto en t\u00e9rminos anuales como mensuales, en el segundo mes del a\u00f1o se mantiene la tendencia positiva en la creaci\u00f3n de empleo iniciada tras la crisis y despu\u00e9s el par\u00f3n de la finalizaci\u00f3n de los contratos de Navidad.<\/p>\n<p>Si se descarta el componente estacional, la afiliaci\u00f3n media aument\u00f3 el pasado febrero en 38.833 personas, con lo que la cifra total crece por encima de los 19 millones (19.122.427).<\/p>\n<p>En el mes pasado creci\u00f3 tanto la afiliaci\u00f3n mensual como la anual en todos los reg\u00edmenes de la Seguridad Social excepto en el Carb\u00f3n. La ocupaci\u00f3n entre los trabajadores aut\u00f3nomos creci\u00f3 en 5.280 afiliados medios.<\/p>\n<p><strong>Respecto a 2018<\/strong><\/p>\n<p>Como ya se ha indicado, por tercer a\u00f1o consecutivo el aumento interanual en un mes de febrero se mantiene por encima del medio mill\u00f3n. En los \u00faltimos 12 meses, el Sistema ha incorporado 524.958 personas y se sit\u00faa en 18.888.472. De esta cifra, 494.630 corresponden al R\u00e9gimen General, que experimenta un incremento del 3,28%, el 3,58% sin contar los Sistemas Especiales del Hogar (-11.439) ni el S.E. Agrario (9.139).<\/p>\n<p>El R\u00e9gimen Especial de Trabajadores Aut\u00f3nomos sum\u00f3 29.733 respecto a febrero de 2018. El R\u00e9gimen del Mar aumenta 1.351 ocupados (2,21%). El Carb\u00f3n decrece en 757 afiliados, tras un descenso del 32,24%.<\/p>\n<p>El n\u00famero de afiliados crece en todas las comunidades aut\u00f3nomas. Destacan los incrementos en Madrid (117.108), Catalu\u00f1a (93.497), Andaluc\u00eda (90.363) y Comunidad Valenciana (60.993)<\/p>\n<p><strong>Respecto a enero<\/strong><\/p>\n<p>La afiliaci\u00f3n al R\u00e9gimen General aument\u00f3 en febrero en 62.711 (0,40%), lo que sit\u00faa el total de afiliados medios en 15.584.786, el mejor registro de la serie mensual (la integraci\u00f3n de los reg\u00edmenes Agrario y del Hogar como sistemas especiales se produjo en 2012).<\/p>\n<p>Es un mes de febrero en el que se registra un crecimiento en la mayor\u00eda de los sectores, destaca Construcci\u00f3n, con 25.959 ocupados m\u00e1s (3,12%); Educaci\u00f3n, 20.757 (2,19%); Hosteler\u00eda, 19.694 (1,68%) e Industrias Manufactureras con 12.793 afiliados m\u00e1s (0,70%).<\/p>\n<p>Dentro del R\u00e9gimen General, cabe se\u00f1alar que el Sistema Especial Agrario experiment\u00f3 un descenso de 27.299 afiliados medios en relaci\u00f3n a enero (-3,36%), lo que sit\u00faa el n\u00famero de ocupados en 785.044. El Sistema Especial del Empleados del Hogar, por su parte, pr\u00e1cticamente se mantiene, ya que suma 90 afiliados (0,02%), por lo que ahora alcanza los 407.677 afiliados medios.<\/p>\n<p>El R\u00e9gimen de Aut\u00f3nomos cuenta con 3.239.653 afiliados medios, tras crecer en 5.280 personas (0,16%). Entre el R\u00e9gimen del Mar la ocupaci\u00f3n aument\u00f3 en 1.238 (2,02%), hasta los 62.443 afiliados medios. Finalmente, el Carb\u00f3n se sit\u00faa en 1.590 afiliados medios (-57).<\/p>\n<p>Por territorios, descienden en Andaluc\u00eda (-3.979), Castilla-La Mancha (-2.370) y Melilla (-27). En el resto de las CCAA crece la afiliaci\u00f3n y destacan Catalu\u00f1a (23.247), Madrid (14.646), Baleares (12.351) y Regi\u00f3n de Murcia (5.826).<\/p>\n","protected":false},"excerpt":{"rendered":"<p>El n\u00famero medio de afiliados a la Seguridad Social se situ\u00f3 el pasado febrero en 18.888.368 ocupados, lo que supone un incremento de 69.172 (0,37%). Este total de afiliados medios es la cifra m\u00e1s alta registrada en el segundo mes del a\u00f1o desde 2008 (19.245.227). El n\u00famero de mujeres ocupadas alcanz\u00f3 en febrero las 8.750.307, [&hellip;]<\/p>\n","protected":false},"author":1,"featured_media":1019546,"comment_status":"closed","ping_status":"closed","sticky":false,"template":"","format":"standard","meta":{"footnotes":""},"categories":[187],"tags":[],"class_list":["post-1019545","post","type-post","status-publish","format-standard","has-post-thumbnail","hentry","category-economia"],"aioseo_notices":[],"aioseo_head":"\n\t\t<!-- All in One SEO Pro 4.9.6.2 - aioseo.com -->\n\t<meta name=\"description\" content=\"El n\u00famero medio de afiliados a la Seguridad Social se situ\u00f3 el pasado febrero en 18.888.368 ocupados, lo que supone un incremento de 69.172 (0,37%). Este total de afiliados medios es la cifra m\u00e1s alta registrada en el segundo mes del a\u00f1o desde 2008 (19.245.227). El n\u00famero de mujeres ocupadas alcanz\u00f3 en febrero las 8.750.307,\" \/>\n\t<meta name=\"robots\" content=\"max-image-preview:large\" \/>\n\t<meta name=\"author\" content=\"El Digital de Asturias\"\/>\n\t<meta name=\"google-site-verification\" content=\"UA-38556648-1\" \/>\n\t<meta name=\"msvalidate.01\" content=\"7dfe9f3f1b24437ab69f4f2559babe99\" \/>\n\t<meta name=\"keywords\" content=\"econom\u00eda\" \/>\n\t<link rel=\"canonical\" href=\"https:\/\/www.eldigitaldeasturias.com\/noticias\/la-seguridad-social-suma-524-958-nuevos-afiliados-en-el-ultimo-ano\/\" \/>\n\t<meta name=\"generator\" content=\"All in One SEO Pro (AIOSEO) 4.9.6.2\" \/>\n\t\t<meta property=\"og:locale\" content=\"es_ES\" \/>\n\t\t<meta property=\"og:site_name\" content=\"El Digital de Asturias\" \/>\n\t\t<meta property=\"og:type\" content=\"article\" \/>\n\t\t<meta property=\"og:title\" content=\"La Seguridad Social suma 524.958 nuevos afiliados en el \u00faltimo a\u00f1o - El Digital de Asturias\" \/>\n\t\t<meta property=\"og:description\" content=\"El n\u00famero medio de afiliados a la Seguridad Social se situ\u00f3 el pasado febrero en 18.888.368 ocupados, lo que supone un incremento de 69.172 (0,37%). Este total de afiliados medios es la cifra m\u00e1s alta registrada en el segundo mes del a\u00f1o desde 2008 (19.245.227). El n\u00famero de mujeres ocupadas alcanz\u00f3 en febrero las 8.750.307,\" \/>\n\t\t<meta property=\"og:url\" content=\"https:\/\/www.eldigitaldeasturias.com\/noticias\/la-seguridad-social-suma-524-958-nuevos-afiliados-en-el-ultimo-ano\/\" \/>\n\t\t<meta property=\"og:image\" content=\"https:\/\/www.eldigitaldeasturias.com\/noticias\/wp-content\/uploads\/2019\/03\/writing-828911_960_720.jpg\" \/>\n\t\t<meta property=\"og:image:secure_url\" content=\"https:\/\/www.eldigitaldeasturias.com\/noticias\/wp-content\/uploads\/2019\/03\/writing-828911_960_720.jpg\" \/>\n\t\t<meta property=\"og:image:width\" content=\"960\" \/>\n\t\t<meta property=\"og:image:height\" content=\"640\" \/>\n\t\t<meta property=\"article:tag\" content=\"econom\u00eda\" \/>\n\t\t<meta property=\"article:published_time\" content=\"2019-03-06T13:38:30+00:00\" \/>\n\t\t<meta property=\"article:modified_time\" content=\"2019-03-06T13:38:30+00:00\" \/>\n\t\t<meta property=\"article:publisher\" content=\"https:\/\/facebook.com\/eldigitaldeasturias\" \/>\n\t\t<meta name=\"twitter:card\" content=\"summary_large_image\" \/>\n\t\t<meta name=\"twitter:title\" content=\"La Seguridad Social suma 524.958 nuevos afiliados en el \u00faltimo a\u00f1o - El Digital de Asturias\" \/>\n\t\t<meta name=\"twitter:description\" content=\"El n\u00famero medio de afiliados a la Seguridad Social se situ\u00f3 el pasado febrero en 18.888.368 ocupados, lo que supone un incremento de 69.172 (0,37%). Este total de afiliados medios es la cifra m\u00e1s alta registrada en el segundo mes del a\u00f1o desde 2008 (19.245.227). El n\u00famero de mujeres ocupadas alcanz\u00f3 en febrero las 8.750.307,\" \/>\n\t\t<meta name=\"twitter:image\" content=\"https:\/\/www.eldigitaldeasturias.com\/noticias\/wp-content\/uploads\/2019\/03\/writing-828911_960_720.jpg\" \/>\n\t\t<meta name=\"twitter:label1\" content=\"Escrito por\" \/>\n\t\t<meta name=\"twitter:data1\" content=\"El Digital de Asturias\" \/>\n\t\t<meta name=\"twitter:label2\" content=\"Tiempo de lectura estimado\" \/>\n\t\t<meta name=\"twitter:data2\" content=\"3 minutos\" \/>\n\t\t<script type=\"application\/ld+json\" class=\"aioseo-schema\">\n\t\t\t{\"@context\":\"https:\\\/\\\/schema.org\",\"@graph\":[{\"@type\":\"BlogPosting\",\"@id\":\"https:\\\/\\\/www.eldigitaldeasturias.com\\\/noticias\\\/la-seguridad-social-suma-524-958-nuevos-afiliados-en-el-ultimo-ano\\\/#blogposting\",\"name\":\"La Seguridad Social suma 524.958 nuevos afiliados en el \\u00faltimo a\\u00f1o - El Digital de Asturias\",\"headline\":\"La Seguridad Social suma 524.958 nuevos afiliados en el \\u00faltimo a\\u00f1o\",\"author\":{\"@id\":\"https:\\\/\\\/www.eldigitaldeasturias.com\\\/noticias\\\/author\\\/admin\\\/#author\"},\"publisher\":{\"@id\":\"https:\\\/\\\/www.eldigitaldeasturias.com\\\/noticias\\\/#organization\"},\"image\":{\"@type\":\"ImageObject\",\"url\":\"https:\\\/\\\/www.eldigitaldeasturias.com\\\/noticias\\\/wp-content\\\/uploads\\\/2019\\\/03\\\/writing-828911_960_720.jpg\",\"width\":960,\"height\":640},\"datePublished\":\"2019-03-06T13:38:30+01:00\",\"dateModified\":\"2019-03-06T13:38:30+01:00\",\"inLanguage\":\"es-ES\",\"mainEntityOfPage\":{\"@id\":\"https:\\\/\\\/www.eldigitaldeasturias.com\\\/noticias\\\/la-seguridad-social-suma-524-958-nuevos-afiliados-en-el-ultimo-ano\\\/#webpage\"},\"isPartOf\":{\"@id\":\"https:\\\/\\\/www.eldigitaldeasturias.com\\\/noticias\\\/la-seguridad-social-suma-524-958-nuevos-afiliados-en-el-ultimo-ano\\\/#webpage\"},\"articleSection\":\"Econom\\u00eda\"},{\"@type\":\"BreadcrumbList\",\"@id\":\"https:\\\/\\\/www.eldigitaldeasturias.com\\\/noticias\\\/la-seguridad-social-suma-524-958-nuevos-afiliados-en-el-ultimo-ano\\\/#breadcrumblist\",\"itemListElement\":[{\"@type\":\"ListItem\",\"@id\":\"https:\\\/\\\/www.eldigitaldeasturias.com\\\/noticias#listItem\",\"position\":1,\"name\":\"Home\",\"item\":\"https:\\\/\\\/www.eldigitaldeasturias.com\\\/noticias\",\"nextItem\":{\"@type\":\"ListItem\",\"@id\":\"https:\\\/\\\/www.eldigitaldeasturias.com\\\/noticias\\\/category\\\/economia\\\/#listItem\",\"name\":\"Econom\\u00eda\"}},{\"@type\":\"ListItem\",\"@id\":\"https:\\\/\\\/www.eldigitaldeasturias.com\\\/noticias\\\/category\\\/economia\\\/#listItem\",\"position\":2,\"name\":\"Econom\\u00eda\",\"item\":\"https:\\\/\\\/www.eldigitaldeasturias.com\\\/noticias\\\/category\\\/economia\\\/\",\"nextItem\":{\"@type\":\"ListItem\",\"@id\":\"https:\\\/\\\/www.eldigitaldeasturias.com\\\/noticias\\\/la-seguridad-social-suma-524-958-nuevos-afiliados-en-el-ultimo-ano\\\/#listItem\",\"name\":\"La Seguridad Social suma 524.958 nuevos afiliados en el \\u00faltimo a\\u00f1o\"},\"previousItem\":{\"@type\":\"ListItem\",\"@id\":\"https:\\\/\\\/www.eldigitaldeasturias.com\\\/noticias#listItem\",\"name\":\"Home\"}},{\"@type\":\"ListItem\",\"@id\":\"https:\\\/\\\/www.eldigitaldeasturias.com\\\/noticias\\\/la-seguridad-social-suma-524-958-nuevos-afiliados-en-el-ultimo-ano\\\/#listItem\",\"position\":3,\"name\":\"La Seguridad Social suma 524.958 nuevos afiliados en el \\u00faltimo a\\u00f1o\",\"previousItem\":{\"@type\":\"ListItem\",\"@id\":\"https:\\\/\\\/www.eldigitaldeasturias.com\\\/noticias\\\/category\\\/economia\\\/#listItem\",\"name\":\"Econom\\u00eda\"}}]},{\"@type\":\"Organization\",\"@id\":\"https:\\\/\\\/www.eldigitaldeasturias.com\\\/noticias\\\/#organization\",\"name\":\"El Digital de Asturias\",\"description\":\"Hemeroteca\",\"url\":\"https:\\\/\\\/www.eldigitaldeasturias.com\\\/noticias\\\/\",\"email\":\"info@eldigitaldeasturias.com\",\"telephone\":\"+34652131393\",\"logo\":{\"@type\":\"ImageObject\",\"url\":\"https:\\\/\\\/www.eldigitaldeasturias.com\\\/noticias\\\/wp-content\\\/uploads\\\/2020\\\/12\\\/EDA.jpg\",\"@id\":\"https:\\\/\\\/www.eldigitaldeasturias.com\\\/noticias\\\/la-seguridad-social-suma-524-958-nuevos-afiliados-en-el-ultimo-ano\\\/#organizationLogo\",\"width\":649,\"height\":297},\"image\":{\"@id\":\"https:\\\/\\\/www.eldigitaldeasturias.com\\\/noticias\\\/la-seguridad-social-suma-524-958-nuevos-afiliados-en-el-ultimo-ano\\\/#organizationLogo\"},\"sameAs\":[\"https:\\\/\\\/facebook.com\\\/eldigitaldeasturias\",\"https:\\\/\\\/www.youtube.com\\\/channel\\\/UCZP-2wLEB9Rv6erhFmqVnvg\"],\"address\":{\"@id\":\"https:\\\/\\\/www.eldigitaldeasturias.com\\\/noticias\\\/#postaladdress\",\"@type\":\"PostalAddress\",\"streetAddress\":\"san antonio 4,\",\"postalCode\":\"33430\",\"addressLocality\":\"Cand\\u00e1s\",\"addressRegion\":\"Asturias\",\"addressCountry\":\"ES\"}},{\"@type\":\"Person\",\"@id\":\"https:\\\/\\\/www.eldigitaldeasturias.com\\\/noticias\\\/author\\\/admin\\\/#author\",\"url\":\"https:\\\/\\\/www.eldigitaldeasturias.com\\\/noticias\\\/author\\\/admin\\\/\",\"name\":\"El Digital de Asturias\",\"image\":{\"@type\":\"ImageObject\",\"@id\":\"https:\\\/\\\/www.eldigitaldeasturias.com\\\/noticias\\\/la-seguridad-social-suma-524-958-nuevos-afiliados-en-el-ultimo-ano\\\/#authorImage\",\"url\":\"https:\\\/\\\/www.eldigitaldeasturias.com\\\/noticias\\\/wp-content\\\/litespeed\\\/avatar\\\/18677e78aa0546b92d9dbf31ec7d7668.jpg?ver=1777290358\",\"width\":96,\"height\":96,\"caption\":\"El Digital de Asturias\"}},{\"@type\":\"WebPage\",\"@id\":\"https:\\\/\\\/www.eldigitaldeasturias.com\\\/noticias\\\/la-seguridad-social-suma-524-958-nuevos-afiliados-en-el-ultimo-ano\\\/#webpage\",\"url\":\"https:\\\/\\\/www.eldigitaldeasturias.com\\\/noticias\\\/la-seguridad-social-suma-524-958-nuevos-afiliados-en-el-ultimo-ano\\\/\",\"name\":\"La Seguridad Social suma 524.958 nuevos afiliados en el \\u00faltimo a\\u00f1o - El Digital de Asturias\",\"description\":\"El n\\u00famero medio de afiliados a la Seguridad Social se situ\\u00f3 el pasado febrero en 18.888.368 ocupados, lo que supone un incremento de 69.172 (0,37%). Este total de afiliados medios es la cifra m\\u00e1s alta registrada en el segundo mes del a\\u00f1o desde 2008 (19.245.227). El n\\u00famero de mujeres ocupadas alcanz\\u00f3 en febrero las 8.750.307,\",\"inLanguage\":\"es-ES\",\"isPartOf\":{\"@id\":\"https:\\\/\\\/www.eldigitaldeasturias.com\\\/noticias\\\/#website\"},\"breadcrumb\":{\"@id\":\"https:\\\/\\\/www.eldigitaldeasturias.com\\\/noticias\\\/la-seguridad-social-suma-524-958-nuevos-afiliados-en-el-ultimo-ano\\\/#breadcrumblist\"},\"author\":{\"@id\":\"https:\\\/\\\/www.eldigitaldeasturias.com\\\/noticias\\\/author\\\/admin\\\/#author\"},\"creator\":{\"@id\":\"https:\\\/\\\/www.eldigitaldeasturias.com\\\/noticias\\\/author\\\/admin\\\/#author\"},\"image\":{\"@type\":\"ImageObject\",\"url\":\"https:\\\/\\\/www.eldigitaldeasturias.com\\\/noticias\\\/wp-content\\\/uploads\\\/2019\\\/03\\\/writing-828911_960_720.jpg\",\"@id\":\"https:\\\/\\\/www.eldigitaldeasturias.com\\\/noticias\\\/la-seguridad-social-suma-524-958-nuevos-afiliados-en-el-ultimo-ano\\\/#mainImage\",\"width\":960,\"height\":640},\"primaryImageOfPage\":{\"@id\":\"https:\\\/\\\/www.eldigitaldeasturias.com\\\/noticias\\\/la-seguridad-social-suma-524-958-nuevos-afiliados-en-el-ultimo-ano\\\/#mainImage\"},\"datePublished\":\"2019-03-06T13:38:30+01:00\",\"dateModified\":\"2019-03-06T13:38:30+01:00\"},{\"@type\":\"WebSite\",\"@id\":\"https:\\\/\\\/www.eldigitaldeasturias.com\\\/noticias\\\/#website\",\"url\":\"https:\\\/\\\/www.eldigitaldeasturias.com\\\/noticias\\\/\",\"name\":\"El Digital de Asturias - Diario de actualidad y noticias\",\"alternateName\":\"El Digital de Asturias - Diario de actualidad y noticias\",\"description\":\"Hemeroteca\",\"inLanguage\":\"es-ES\",\"publisher\":{\"@id\":\"https:\\\/\\\/www.eldigitaldeasturias.com\\\/noticias\\\/#organization\"}}]}\n\t\t<\/script>\n\t\t<!-- All in One SEO Pro -->\r\n\t\t<title>La Seguridad Social suma 524.958 nuevos afiliados en el \u00faltimo a\u00f1o - El Digital de Asturias<\/title>\n\n","aioseo_head_json":{"title":"La Seguridad Social suma 524.958 nuevos afiliados en el \u00faltimo a\u00f1o - El Digital de Asturias","description":"El n\u00famero medio de afiliados a la Seguridad Social se situ\u00f3 el pasado febrero en 18.888.368 ocupados, lo que supone un incremento de 69.172 (0,37%). Este total de afiliados medios es la cifra m\u00e1s alta registrada en el segundo mes del a\u00f1o desde 2008 (19.245.227). El n\u00famero de mujeres ocupadas alcanz\u00f3 en febrero las 8.750.307,","canonical_url":"https:\/\/www.eldigitaldeasturias.com\/noticias\/la-seguridad-social-suma-524-958-nuevos-afiliados-en-el-ultimo-ano\/","robots":"max-image-preview:large","keywords":"econom\u00eda","webmasterTools":{"google-site-verification":"UA-38556648-1","msvalidate.01":"7dfe9f3f1b24437ab69f4f2559babe99","miscellaneous":""},"schema":{"@context":"https:\/\/schema.org","@graph":[{"@type":"BlogPosting","@id":"https:\/\/www.eldigitaldeasturias.com\/noticias\/la-seguridad-social-suma-524-958-nuevos-afiliados-en-el-ultimo-ano\/#blogposting","name":"La Seguridad Social suma 524.958 nuevos afiliados en el \u00faltimo a\u00f1o - El Digital de Asturias","headline":"La Seguridad Social suma 524.958 nuevos afiliados en el \u00faltimo a\u00f1o","author":{"@id":"https:\/\/www.eldigitaldeasturias.com\/noticias\/author\/admin\/#author"},"publisher":{"@id":"https:\/\/www.eldigitaldeasturias.com\/noticias\/#organization"},"image":{"@type":"ImageObject","url":"https:\/\/www.eldigitaldeasturias.com\/noticias\/wp-content\/uploads\/2019\/03\/writing-828911_960_720.jpg","width":960,"height":640},"datePublished":"2019-03-06T13:38:30+01:00","dateModified":"2019-03-06T13:38:30+01:00","inLanguage":"es-ES","mainEntityOfPage":{"@id":"https:\/\/www.eldigitaldeasturias.com\/noticias\/la-seguridad-social-suma-524-958-nuevos-afiliados-en-el-ultimo-ano\/#webpage"},"isPartOf":{"@id":"https:\/\/www.eldigitaldeasturias.com\/noticias\/la-seguridad-social-suma-524-958-nuevos-afiliados-en-el-ultimo-ano\/#webpage"},"articleSection":"Econom\u00eda"},{"@type":"BreadcrumbList","@id":"https:\/\/www.eldigitaldeasturias.com\/noticias\/la-seguridad-social-suma-524-958-nuevos-afiliados-en-el-ultimo-ano\/#breadcrumblist","itemListElement":[{"@type":"ListItem","@id":"https:\/\/www.eldigitaldeasturias.com\/noticias#listItem","position":1,"name":"Home","item":"https:\/\/www.eldigitaldeasturias.com\/noticias","nextItem":{"@type":"ListItem","@id":"https:\/\/www.eldigitaldeasturias.com\/noticias\/category\/economia\/#listItem","name":"Econom\u00eda"}},{"@type":"ListItem","@id":"https:\/\/www.eldigitaldeasturias.com\/noticias\/category\/economia\/#listItem","position":2,"name":"Econom\u00eda","item":"https:\/\/www.eldigitaldeasturias.com\/noticias\/category\/economia\/","nextItem":{"@type":"ListItem","@id":"https:\/\/www.eldigitaldeasturias.com\/noticias\/la-seguridad-social-suma-524-958-nuevos-afiliados-en-el-ultimo-ano\/#listItem","name":"La Seguridad Social suma 524.958 nuevos afiliados en el \u00faltimo a\u00f1o"},"previousItem":{"@type":"ListItem","@id":"https:\/\/www.eldigitaldeasturias.com\/noticias#listItem","name":"Home"}},{"@type":"ListItem","@id":"https:\/\/www.eldigitaldeasturias.com\/noticias\/la-seguridad-social-suma-524-958-nuevos-afiliados-en-el-ultimo-ano\/#listItem","position":3,"name":"La Seguridad Social suma 524.958 nuevos afiliados en el \u00faltimo a\u00f1o","previousItem":{"@type":"ListItem","@id":"https:\/\/www.eldigitaldeasturias.com\/noticias\/category\/economia\/#listItem","name":"Econom\u00eda"}}]},{"@type":"Organization","@id":"https:\/\/www.eldigitaldeasturias.com\/noticias\/#organization","name":"El Digital de Asturias","description":"Hemeroteca","url":"https:\/\/www.eldigitaldeasturias.com\/noticias\/","email":"info@eldigitaldeasturias.com","telephone":"+34652131393","logo":{"@type":"ImageObject","url":"https:\/\/www.eldigitaldeasturias.com\/noticias\/wp-content\/uploads\/2020\/12\/EDA.jpg","@id":"https:\/\/www.eldigitaldeasturias.com\/noticias\/la-seguridad-social-suma-524-958-nuevos-afiliados-en-el-ultimo-ano\/#organizationLogo","width":649,"height":297},"image":{"@id":"https:\/\/www.eldigitaldeasturias.com\/noticias\/la-seguridad-social-suma-524-958-nuevos-afiliados-en-el-ultimo-ano\/#organizationLogo"},"sameAs":["https:\/\/facebook.com\/eldigitaldeasturias","https:\/\/www.youtube.com\/channel\/UCZP-2wLEB9Rv6erhFmqVnvg"],"address":{"@id":"https:\/\/www.eldigitaldeasturias.com\/noticias\/#postaladdress","@type":"PostalAddress","streetAddress":"san antonio 4,","postalCode":"33430","addressLocality":"Cand\u00e1s","addressRegion":"Asturias","addressCountry":"ES"}},{"@type":"Person","@id":"https:\/\/www.eldigitaldeasturias.com\/noticias\/author\/admin\/#author","url":"https:\/\/www.eldigitaldeasturias.com\/noticias\/author\/admin\/","name":"El Digital de Asturias","image":{"@type":"ImageObject","@id":"https:\/\/www.eldigitaldeasturias.com\/noticias\/la-seguridad-social-suma-524-958-nuevos-afiliados-en-el-ultimo-ano\/#authorImage","url":"https:\/\/www.eldigitaldeasturias.com\/noticias\/wp-content\/litespeed\/avatar\/18677e78aa0546b92d9dbf31ec7d7668.jpg?ver=1777290358","width":96,"height":96,"caption":"El Digital de Asturias"}},{"@type":"WebPage","@id":"https:\/\/www.eldigitaldeasturias.com\/noticias\/la-seguridad-social-suma-524-958-nuevos-afiliados-en-el-ultimo-ano\/#webpage","url":"https:\/\/www.eldigitaldeasturias.com\/noticias\/la-seguridad-social-suma-524-958-nuevos-afiliados-en-el-ultimo-ano\/","name":"La Seguridad Social suma 524.958 nuevos afiliados en el \u00faltimo a\u00f1o - El Digital de Asturias","description":"El n\u00famero medio de afiliados a la Seguridad Social se situ\u00f3 el pasado febrero en 18.888.368 ocupados, lo que supone un incremento de 69.172 (0,37%). Este total de afiliados medios es la cifra m\u00e1s alta registrada en el segundo mes del a\u00f1o desde 2008 (19.245.227). El n\u00famero de mujeres ocupadas alcanz\u00f3 en febrero las 8.750.307,","inLanguage":"es-ES","isPartOf":{"@id":"https:\/\/www.eldigitaldeasturias.com\/noticias\/#website"},"breadcrumb":{"@id":"https:\/\/www.eldigitaldeasturias.com\/noticias\/la-seguridad-social-suma-524-958-nuevos-afiliados-en-el-ultimo-ano\/#breadcrumblist"},"author":{"@id":"https:\/\/www.eldigitaldeasturias.com\/noticias\/author\/admin\/#author"},"creator":{"@id":"https:\/\/www.eldigitaldeasturias.com\/noticias\/author\/admin\/#author"},"image":{"@type":"ImageObject","url":"https:\/\/www.eldigitaldeasturias.com\/noticias\/wp-content\/uploads\/2019\/03\/writing-828911_960_720.jpg","@id":"https:\/\/www.eldigitaldeasturias.com\/noticias\/la-seguridad-social-suma-524-958-nuevos-afiliados-en-el-ultimo-ano\/#mainImage","width":960,"height":640},"primaryImageOfPage":{"@id":"https:\/\/www.eldigitaldeasturias.com\/noticias\/la-seguridad-social-suma-524-958-nuevos-afiliados-en-el-ultimo-ano\/#mainImage"},"datePublished":"2019-03-06T13:38:30+01:00","dateModified":"2019-03-06T13:38:30+01:00"},{"@type":"WebSite","@id":"https:\/\/www.eldigitaldeasturias.com\/noticias\/#website","url":"https:\/\/www.eldigitaldeasturias.com\/noticias\/","name":"El Digital de Asturias - Diario de actualidad y noticias","alternateName":"El Digital de Asturias - Diario de actualidad y noticias","description":"Hemeroteca","inLanguage":"es-ES","publisher":{"@id":"https:\/\/www.eldigitaldeasturias.com\/noticias\/#organization"}}]},"og:locale":"es_ES","og:site_name":"El Digital de Asturias","og:type":"article","og:title":"La Seguridad Social suma 524.958 nuevos afiliados en el \u00faltimo a\u00f1o - El Digital de Asturias","og:description":"El n\u00famero medio de afiliados a la Seguridad Social se situ\u00f3 el pasado febrero en 18.888.368 ocupados, lo que supone un incremento de 69.172 (0,37%). Este total de afiliados medios es la cifra m\u00e1s alta registrada en el segundo mes del a\u00f1o desde 2008 (19.245.227). El n\u00famero de mujeres ocupadas alcanz\u00f3 en febrero las 8.750.307,","og:url":"https:\/\/www.eldigitaldeasturias.com\/noticias\/la-seguridad-social-suma-524-958-nuevos-afiliados-en-el-ultimo-ano\/","og:image":"https:\/\/www.eldigitaldeasturias.com\/noticias\/wp-content\/uploads\/2019\/03\/writing-828911_960_720.jpg","og:image:secure_url":"https:\/\/www.eldigitaldeasturias.com\/noticias\/wp-content\/uploads\/2019\/03\/writing-828911_960_720.jpg","og:image:width":960,"og:image:height":640,"article:tag":["econom\u00eda"],"article:published_time":"2019-03-06T13:38:30+00:00","article:modified_time":"2019-03-06T13:38:30+00:00","article:publisher":"https:\/\/facebook.com\/eldigitaldeasturias","twitter:card":"summary_large_image","twitter:title":"La Seguridad Social suma 524.958 nuevos afiliados en el \u00faltimo a\u00f1o - El Digital de Asturias","twitter:description":"El n\u00famero medio de afiliados a la Seguridad Social se situ\u00f3 el pasado febrero en 18.888.368 ocupados, lo que supone un incremento de 69.172 (0,37%). Este total de afiliados medios es la cifra m\u00e1s alta registrada en el segundo mes del a\u00f1o desde 2008 (19.245.227). El n\u00famero de mujeres ocupadas alcanz\u00f3 en febrero las 8.750.307,","twitter:image":"https:\/\/www.eldigitaldeasturias.com\/noticias\/wp-content\/uploads\/2019\/03\/writing-828911_960_720.jpg","twitter:label1":"Escrito por","twitter:data1":"El Digital de Asturias","twitter:label2":"Tiempo de lectura estimado","twitter:data2":"3 minutos"},"aioseo_meta_data":{"post_id":"1019545","title":null,"description":null,"keywords":null,"keyphrases":null,"primary_term":null,"canonical_url":null,"og_title":null,"og_description":null,"og_object_type":"default","og_image_type":"default","og_image_url":null,"og_image_width":null,"og_image_height":null,"og_image_custom_url":null,"og_image_custom_fields":null,"og_video":null,"og_custom_url":null,"og_article_section":null,"og_article_tags":null,"twitter_use_og":false,"twitter_card":"default","twitter_image_type":"default","twitter_image_url":null,"twitter_image_custom_url":null,"twitter_image_custom_fields":null,"twitter_title":null,"twitter_description":null,"schema":{"blockGraphs":[],"customGraphs":[],"default":{"data":{"Article":[],"Course":[],"Dataset":[],"FAQPage":[],"Movie":[],"Person":[],"Product":[],"ProductReview":[],"Car":[],"Recipe":[],"Service":[],"SoftwareApplication":[],"WebPage":[]},"graphName":"","isEnabled":true},"graphs":[],"defaultGraph":"","defaultPostTypeGraph":""},"schema_type":null,"schema_type_options":null,"pillar_content":false,"robots_default":true,"robots_noindex":false,"robots_noarchive":false,"robots_nosnippet":false,"robots_nofollow":false,"robots_noimageindex":false,"robots_noodp":false,"robots_notranslate":false,"robots_max_snippet":null,"robots_max_videopreview":null,"robots_max_imagepreview":"large","priority":null,"frequency":null,"local_seo":null,"seo_analyzer_scan_date":"2025-10-16 19:30:15","breadcrumb_settings":null,"limit_modified_date":false,"open_ai":null,"ai":null,"created":"2020-12-21 11:17:49","updated":"2025-10-16 19:30:15"},"aioseo_breadcrumb":"<div class=\"aioseo-breadcrumbs\"><span class=\"aioseo-breadcrumb\">\n\t<a href=\"https:\/\/www.eldigitaldeasturias.com\/noticias\" title=\"Home\">Home<\/a>\n<\/span><span class=\"aioseo-breadcrumb-separator\">\u2013<\/span><span class=\"aioseo-breadcrumb\">\n\t<a href=\"https:\/\/www.eldigitaldeasturias.com\/noticias\/category\/economia\/\" title=\"Econom\u00eda\">Econom\u00eda<\/a>\n<\/span><span class=\"aioseo-breadcrumb-separator\">\u2013<\/span><span class=\"aioseo-breadcrumb\">\n\t<a href=\"https:\/\/www.eldigitaldeasturias.com\/noticias\/la-seguridad-social-suma-524-958-nuevos-afiliados-en-el-ultimo-ano\/\" title=\"La Seguridad Social suma 524.958 nuevos afiliados en el \u00faltimo a\u00f1o\">La Seguridad Social suma 524.958 nuevos afiliados en el \u00faltimo a\u00f1o<\/a>\n<\/span><\/div>","aioseo_breadcrumb_json":[{"label":"Home","link":"https:\/\/www.eldigitaldeasturias.com\/noticias"},{"label":"Econom\u00eda","link":"https:\/\/www.eldigitaldeasturias.com\/noticias\/category\/economia\/"},{"label":"La Seguridad Social suma 524.958 nuevos afiliados en el \u00faltimo a\u00f1o","link":"https:\/\/www.eldigitaldeasturias.com\/noticias\/la-seguridad-social-suma-524-958-nuevos-afiliados-en-el-ultimo-ano\/"}],"_links":{"self":[{"href":"https:\/\/www.eldigitaldeasturias.com\/noticias\/wp-json\/wp\/v2\/posts\/1019545","targetHints":{"allow":["GET"]}}],"collection":[{"href":"https:\/\/www.eldigitaldeasturias.com\/noticias\/wp-json\/wp\/v2\/posts"}],"about":[{"href":"https:\/\/www.eldigitaldeasturias.com\/noticias\/wp-json\/wp\/v2\/types\/post"}],"author":[{"embeddable":true,"href":"https:\/\/www.eldigitaldeasturias.com\/noticias\/wp-json\/wp\/v2\/users\/1"}],"replies":[{"embeddable":true,"href":"https:\/\/www.eldigitaldeasturias.com\/noticias\/wp-json\/wp\/v2\/comments?post=1019545"}],"version-history":[{"count":0,"href":"https:\/\/www.eldigitaldeasturias.com\/noticias\/wp-json\/wp\/v2\/posts\/1019545\/revisions"}],"wp:featuredmedia":[{"embeddable":true,"href":"https:\/\/www.eldigitaldeasturias.com\/noticias\/wp-json\/wp\/v2\/media\/1019546"}],"wp:attachment":[{"href":"https:\/\/www.eldigitaldeasturias.com\/noticias\/wp-json\/wp\/v2\/media?parent=1019545"}],"wp:term":[{"taxonomy":"category","embeddable":true,"href":"https:\/\/www.eldigitaldeasturias.com\/noticias\/wp-json\/wp\/v2\/categories?post=1019545"},{"taxonomy":"post_tag","embeddable":true,"href":"https:\/\/www.eldigitaldeasturias.com\/noticias\/wp-json\/wp\/v2\/tags?post=1019545"}],"curies":[{"name":"wp","href":"https:\/\/api.w.org\/{rel}","templated":true}]}}