{"id":1019455,"date":"2019-03-05T18:54:50","date_gmt":"2019-03-05T18:54:50","guid":{"rendered":"https:\/\/www.eldigitaldeasturias.com\/noticias\/?p=1019455"},"modified":"2019-03-05T18:54:50","modified_gmt":"2019-03-05T18:54:50","slug":"gunther-oettinger-avisa-a-europa-los-mejores-anos-han-quedado-atras","status":"publish","type":"post","link":"https:\/\/www.eldigitaldeasturias.com\/noticias\/gunther-oettinger-avisa-a-europa-los-mejores-anos-han-quedado-atras\/","title":{"rendered":"G\u00fcnther Oettinger avisa a Europa: \u00abLos mejores a\u00f1os han quedado atr\u00e1s\u201d"},"content":{"rendered":"<p><img loading=\"lazy\" decoding=\"async\" class=\"alignleft size-medium wp-image-983320\" src=\"https:\/\/www.eldigitaldeasturias.com\/noticias\/wp-content\/uploads\/2018\/06\/blue-1283011_960_720-360x252.jpg\" alt=\"\" width=\"360\" height=\"252\" srcset=\"https:\/\/www.eldigitaldeasturias.com\/noticias\/wp-content\/uploads\/2018\/06\/blue-1283011_960_720-360x252.jpg 360w, https:\/\/www.eldigitaldeasturias.com\/noticias\/wp-content\/uploads\/2018\/06\/blue-1283011_960_720-429x300.jpg 429w, https:\/\/www.eldigitaldeasturias.com\/noticias\/wp-content\/uploads\/2018\/06\/blue-1283011_960_720-768x537.jpg 768w, https:\/\/www.eldigitaldeasturias.com\/noticias\/wp-content\/uploads\/2018\/06\/blue-1283011_960_720-687x480.jpg 687w, https:\/\/www.eldigitaldeasturias.com\/noticias\/wp-content\/uploads\/2018\/06\/blue-1283011_960_720-20x14.jpg 20w, https:\/\/www.eldigitaldeasturias.com\/noticias\/wp-content\/uploads\/2018\/06\/blue-1283011_960_720.jpg 960w\" sizes=\"auto, (max-width: 360px) 100vw, 360px\" \/>MADRID, 5 Mar. 2019 (Europa Press) &#8211;\u00a0La Uni\u00f3n Europea \u00abno estar\u00e1 lejos\u00bb de la recesi\u00f3n en el caso de que se hagan realidad varias de las principales amenazas que la rodean, tanto internas como externas, incluyendo un &#8216;Brexit&#8217; desordenado, las tensiones comerciales con EEUU o las dificultades de econom\u00edas emergentes como Turqu\u00eda, Venezuela o Argentina, seg\u00fan ha advertido el comisario europeo de Presupuestos y Recursos Humanos, G\u00fcnther Oettinger.<\/p>\n<p>\u00abLos mejores a\u00f1os han quedado atr\u00e1s y las perspectivas van a oscurecerse algo\u00bb, ha reconocido el comisario germano durante su intervenci\u00f3n en un desayuno informativo organizado por Nueva Econom\u00eda F\u00f3rum, donde ha alertado de que \u00abla recesi\u00f3n no estar\u00e1 lejos si confluyen estos riesgos\u00bb.<\/p>\n<p>Asimismo, el comisario alem\u00e1n ha reconocido la amenaza para las proyecciones europeas que representa el creciente endeudamiento de la UE, con pa\u00edses con una deuda muy elevada, como el caso de Italia, a\u00f1adiendo que los riesgos de determinados pa\u00edses pueden repercutir en toda la UE\u00bb.<\/p>\n<p>Por otro lado, Oettinger ha advertido de que Europa no est\u00e1 a la vanguardia de la actual revoluci\u00f3n digital, sino m\u00e1s bien rezagada, a\u00f1adiendo que es una cuesti\u00f3n que trata de soberan\u00eda y supervivencia. \u00abQueremos seguir siendo competitivos donde ya lo somos y serlo donde no lo somos\u00bb, ha a\u00f1adido.<\/p>\n<p>\u00abNecesitamos una Europa m\u00e1s fuerte, con una estrategia com\u00fan, completar el mercado interior, firmar acuerdos comerciales con todos los pa\u00edses que quieran, necesitamos trabajar mucho en la formaci\u00f3n de nuestros ciudadanos, m\u00e1s solidaridad entre los Estados miembros y, por supuesto, un presupuesto que nos permita financiar estos objetivos\u00bb, ha defendido.<\/p>\n<p>En este sentido, el responsable de Presupuestos y Recursos Humanos ha se\u00f1alado que en un a\u00f1o se sabr\u00e1 si Europa sale fortalecida o debilitada de los distintos procesos electorales que debe abordar, incluyendo las elecciones europeas del pr\u00f3ximo mes de mayo y la convocatoria de elecciones generales en Espa\u00f1a del 28 de abril, ante el auge de los neonacionalistas, que han mostrado tambi\u00e9n sus primeros signos en Espa\u00f1a, cuyo objetivo program\u00e1tico com\u00fan es \u00abdestruir Europa\u00bb<\/p>\n<p><strong>ESPA\u00d1A GANAR\u00c1 VOZ CON EL &#8216;BREXIT&#8217;.<\/strong><\/p>\n<p>Entre las incertidumbres pol\u00edticas que rodean a la UE, el comisario alem\u00e1n ha se\u00f1alado en primer lugar los riesgos relacionados con una salida desordenada del Reino Unido, a\u00f1adiendo que sin los brit\u00e1nicos Espa\u00f1a pasar\u00e1 a ser el cuarto mayor pa\u00eds de la UE.<\/p>\n<p>\u00abDespu\u00e9s de la retirada del Reino Unido, Espa\u00f1a tendr\u00e1 una voz m\u00e1s fuerte en el Parlamento, el Consejo y la Comisi\u00f3n\u00bb, ha apuntado Oettinger.<\/p>\n<p>Asimismo, el comisario ha advertido de que la retirada del Reino Unido de la UE, en caso de concretarse, obligar\u00e1 a recortar programas importantes, as\u00ed como a que otros Estados de la UE est\u00e9n dispuestos a realizar una mayor aportaci\u00f3n al presupuesto, ya que el pa\u00eds brit\u00e1nico es \u00abpagador neto\u00bb.<\/p>\n<p>\u00abNuestros gastos deber\u00e1n adaptarse a los ingresos. Los Estados miembros deber\u00e1n estar dispuestos a aportar algo m\u00e1s para superar este &#8216;agujero brit\u00e1nico&#8217; y para impulsar programas importantes\u00bb, ha recordado, destacando que habr\u00e1 que recortar programas importantes en funci\u00f3n de lo que est\u00e9n dispuestos a aportar los gobiernos europeos.<\/p>\n<p>\u00abCuando un t\u00edo rico ven\u00eda a verte en Navidades y tra\u00eda regalos, pero el t\u00edo se muere y ya no estar\u00e1 m\u00e1s, las Navidades tendr\u00e1n que ser un poco m\u00e1s austeras\u00bb, indic\u00f3.<\/p>\n<p>En este sentido, el comisario alem\u00e1n ha advertido de que despu\u00e9s de una fase de transici\u00f3n faltar\u00e1n entre 21.000 y 27.000 millones de euros, recordando que el \u00fanico nivel administrativo que no puede endeudarse es el europeo. \u00abGobiernos y municipios pueden, pero nosotros no\u00bb, se\u00f1al\u00f3.<\/p>\n<p>En el caso de Espa\u00f1a, Oettinger ha reconocido que es una cuesti\u00f3n sensible si el pa\u00eds va a convertirse en pagador neto, aunque expres\u00f3 su confianza en que se conseguir\u00e1 un punto de equilibrio y Espa\u00f1a no ser\u00eda pagador neto tras la marcha del Reino Unido, mientras Alemania seguir\u00e1 siendo el mayor pagador.<\/p>\n<p><strong>NEGOCIACIONES COMERCIALES CON EEUU.<\/strong><\/p>\n<p>Entre las principales amenazas para las previsiones de crecimiento de Europa, el comisario ha citado las tensiones comerciales con EEUU, expresando su deseo de que las intensas relaciones entre ambas partes no sufran, ya que la imposici\u00f3n de \u00abaranceles de castigo ser\u00eda una tonter\u00eda\u00bb.<\/p>\n<p>\u00abLa fabrica m\u00e1s importante de BMW est\u00e1 en EEUU, no en Europa, generando puestos de trabajo all\u00ed y desde all\u00ed exportando a Asia\u00bb, ha recordado.<\/p>\n<p>De este modo, Oettinger ha expresado su confianza en que el pr\u00f3ximo mes de abril la Comisi\u00f3n reciba el mandato de todos los miembros para negociar sobre todos estos temas con EEUU y que \u00abpor esta senda se llegue a un acuerdo que impida estos aranceles de castigo\u00bb.<\/p>\n<p>\u00abEsto tambi\u00e9n va en inter\u00e9s de Espa\u00f1a, donde se fabrican muchos componentes de los autom\u00f3viles alemanes, independientemente del papel que desempe\u00f1a SEAT en Volkswagen\u00bb, ha destacado.<\/p>\n<p>No obstante, el comisario Oettinger no ha dudado en encuadrar al presidente de EEUU, Donald Trump, entre los aut\u00f3cratas que ponen a prueba el modelo europeo, reconociendo que la posici\u00f3n del inquilino de la Casa Blanca supone una \u00abevoluci\u00f3n preocupante\u00bb y sus declaraciones reflejan \u00abrasgos aut\u00f3cratas\u00bb.<\/p>\n<p><strong>ABIERTO A REFORMAR LAS REGLAS DE COMPETENCIA.<\/strong><\/p>\n<p>Por otro lado, Oettinger ha defendido la actuaci\u00f3n de las autoridades de Competencia de la UE, que recientemente bloquearon la fusi\u00f3n de las actividades ferroviarias de la francesa Alstom y la alemana Siemens al aplicar la ley vigente, aunque se ha mostrado partidario a revisar las normas europeas.<\/p>\n<p>\u00abTenemos que aplicar la ley vigente, pero estamos abiertos a reformarla si tiene sentido\u00bb, ha a\u00f1adido, se\u00f1alando que China a\u00fan no tiene un pie en el mercado ferroviario europeo y, seg\u00fan las normas en vigor, la CE no puede actuar en funci\u00f3n de pron\u00f3sticos.<\/p>\n<p>\u00abPara la pr\u00f3xima Comisi\u00f3n vamos a revisar nuestras reglas, ser\u00eda importante reformular la definici\u00f3n de los mercados y pasar a una definici\u00f3n de pron\u00f3stico de mercado a la hora de analizar fusiones y no tener solo en cuenta el presente\u00bb, ha apostillado.<\/p>\n","protected":false},"excerpt":{"rendered":"<p>MADRID, 5 Mar. 2019 (Europa Press) &#8211;\u00a0La Uni\u00f3n Europea \u00abno estar\u00e1 lejos\u00bb de la recesi\u00f3n en el caso de que se hagan realidad varias de las principales amenazas que la rodean, tanto internas como externas, incluyendo un &#8216;Brexit&#8217; desordenado, las tensiones comerciales con EEUU o las dificultades de econom\u00edas emergentes como Turqu\u00eda, Venezuela o Argentina, [&hellip;]<\/p>\n","protected":false},"author":1,"featured_media":983320,"comment_status":"closed","ping_status":"closed","sticky":false,"template":"","format":"standard","meta":{"footnotes":""},"categories":[187],"tags":[],"class_list":["post-1019455","post","type-post","status-publish","format-standard","has-post-thumbnail","hentry","category-economia"],"aioseo_notices":[],"aioseo_head":"\n\t\t<!-- All in One SEO Pro 4.9.6.2 - aioseo.com -->\n\t<meta name=\"description\" content=\"MADRID, 5 Mar. 2019 (Europa Press) - La Uni\u00f3n Europea &quot;no estar\u00e1 lejos&quot; de la recesi\u00f3n en el caso de que se hagan realidad varias de las principales amenazas que la rodean, tanto internas como externas, incluyendo un &#039;Brexit&#039; desordenado, las tensiones comerciales con EEUU o las dificultades de econom\u00edas emergentes como Turqu\u00eda, Venezuela o Argentina,\" \/>\n\t<meta name=\"robots\" content=\"max-image-preview:large\" \/>\n\t<meta name=\"author\" content=\"El Digital de Asturias\"\/>\n\t<meta name=\"google-site-verification\" content=\"UA-38556648-1\" \/>\n\t<meta name=\"msvalidate.01\" content=\"7dfe9f3f1b24437ab69f4f2559babe99\" \/>\n\t<meta name=\"keywords\" content=\"econom\u00eda\" \/>\n\t<link rel=\"canonical\" href=\"https:\/\/www.eldigitaldeasturias.com\/noticias\/gunther-oettinger-avisa-a-europa-los-mejores-anos-han-quedado-atras\/\" \/>\n\t<meta name=\"generator\" content=\"All in One SEO Pro (AIOSEO) 4.9.6.2\" \/>\n\t\t<meta property=\"og:locale\" content=\"es_ES\" \/>\n\t\t<meta property=\"og:site_name\" content=\"El Digital de Asturias\" \/>\n\t\t<meta property=\"og:type\" content=\"article\" \/>\n\t\t<meta property=\"og:title\" content=\"G\u00fcnther Oettinger avisa a Europa: \u00abLos mejores a\u00f1os han quedado atr\u00e1s\u201d - El Digital de Asturias\" \/>\n\t\t<meta property=\"og:description\" content=\"MADRID, 5 Mar. 2019 (Europa Press) - La Uni\u00f3n Europea &quot;no estar\u00e1 lejos&quot; de la recesi\u00f3n en el caso de que se hagan realidad varias de las principales amenazas que la rodean, tanto internas como externas, incluyendo un &#039;Brexit&#039; desordenado, las tensiones comerciales con EEUU o las dificultades de econom\u00edas emergentes como Turqu\u00eda, Venezuela o Argentina,\" \/>\n\t\t<meta property=\"og:url\" content=\"https:\/\/www.eldigitaldeasturias.com\/noticias\/gunther-oettinger-avisa-a-europa-los-mejores-anos-han-quedado-atras\/\" \/>\n\t\t<meta property=\"og:image\" content=\"https:\/\/www.eldigitaldeasturias.com\/noticias\/wp-content\/uploads\/2018\/06\/blue-1283011_960_720.jpg\" \/>\n\t\t<meta property=\"og:image:secure_url\" content=\"https:\/\/www.eldigitaldeasturias.com\/noticias\/wp-content\/uploads\/2018\/06\/blue-1283011_960_720.jpg\" \/>\n\t\t<meta property=\"og:image:width\" content=\"960\" \/>\n\t\t<meta property=\"og:image:height\" content=\"671\" \/>\n\t\t<meta property=\"article:tag\" content=\"econom\u00eda\" \/>\n\t\t<meta property=\"article:published_time\" content=\"2019-03-05T18:54:50+00:00\" \/>\n\t\t<meta property=\"article:modified_time\" content=\"2019-03-05T18:54:50+00:00\" \/>\n\t\t<meta property=\"article:publisher\" content=\"https:\/\/facebook.com\/eldigitaldeasturias\" \/>\n\t\t<meta name=\"twitter:card\" content=\"summary_large_image\" \/>\n\t\t<meta name=\"twitter:title\" content=\"G\u00fcnther Oettinger avisa a Europa: \u00abLos mejores a\u00f1os han quedado atr\u00e1s\u201d - El Digital de Asturias\" \/>\n\t\t<meta name=\"twitter:description\" content=\"MADRID, 5 Mar. 2019 (Europa Press) - La Uni\u00f3n Europea &quot;no estar\u00e1 lejos&quot; de la recesi\u00f3n en el caso de que se hagan realidad varias de las principales amenazas que la rodean, tanto internas como externas, incluyendo un &#039;Brexit&#039; desordenado, las tensiones comerciales con EEUU o las dificultades de econom\u00edas emergentes como Turqu\u00eda, Venezuela o Argentina,\" \/>\n\t\t<meta name=\"twitter:image\" content=\"https:\/\/www.eldigitaldeasturias.com\/noticias\/wp-content\/uploads\/2018\/06\/blue-1283011_960_720.jpg\" \/>\n\t\t<meta name=\"twitter:label1\" content=\"Escrito por\" \/>\n\t\t<meta name=\"twitter:data1\" content=\"El Digital de Asturias\" \/>\n\t\t<meta name=\"twitter:label2\" content=\"Tiempo de lectura estimado\" \/>\n\t\t<meta name=\"twitter:data2\" content=\"5 minutos\" \/>\n\t\t<script type=\"application\/ld+json\" class=\"aioseo-schema\">\n\t\t\t{\"@context\":\"https:\\\/\\\/schema.org\",\"@graph\":[{\"@type\":\"BlogPosting\",\"@id\":\"https:\\\/\\\/www.eldigitaldeasturias.com\\\/noticias\\\/gunther-oettinger-avisa-a-europa-los-mejores-anos-han-quedado-atras\\\/#blogposting\",\"name\":\"G\\u00fcnther Oettinger avisa a Europa: \\u00abLos mejores a\\u00f1os han quedado atr\\u00e1s\\u201d - El Digital de Asturias\",\"headline\":\"G\\u00fcnther Oettinger avisa a Europa: \\u00abLos mejores a\\u00f1os han quedado atr\\u00e1s\\u201d\",\"author\":{\"@id\":\"https:\\\/\\\/www.eldigitaldeasturias.com\\\/noticias\\\/author\\\/admin\\\/#author\"},\"publisher\":{\"@id\":\"https:\\\/\\\/www.eldigitaldeasturias.com\\\/noticias\\\/#organization\"},\"image\":{\"@type\":\"ImageObject\",\"url\":\"https:\\\/\\\/www.eldigitaldeasturias.com\\\/noticias\\\/wp-content\\\/uploads\\\/2018\\\/06\\\/blue-1283011_960_720.jpg\",\"width\":960,\"height\":671},\"datePublished\":\"2019-03-05T18:54:50+01:00\",\"dateModified\":\"2019-03-05T18:54:50+01:00\",\"inLanguage\":\"es-ES\",\"mainEntityOfPage\":{\"@id\":\"https:\\\/\\\/www.eldigitaldeasturias.com\\\/noticias\\\/gunther-oettinger-avisa-a-europa-los-mejores-anos-han-quedado-atras\\\/#webpage\"},\"isPartOf\":{\"@id\":\"https:\\\/\\\/www.eldigitaldeasturias.com\\\/noticias\\\/gunther-oettinger-avisa-a-europa-los-mejores-anos-han-quedado-atras\\\/#webpage\"},\"articleSection\":\"Econom\\u00eda\"},{\"@type\":\"BreadcrumbList\",\"@id\":\"https:\\\/\\\/www.eldigitaldeasturias.com\\\/noticias\\\/gunther-oettinger-avisa-a-europa-los-mejores-anos-han-quedado-atras\\\/#breadcrumblist\",\"itemListElement\":[{\"@type\":\"ListItem\",\"@id\":\"https:\\\/\\\/www.eldigitaldeasturias.com\\\/noticias#listItem\",\"position\":1,\"name\":\"Home\",\"item\":\"https:\\\/\\\/www.eldigitaldeasturias.com\\\/noticias\",\"nextItem\":{\"@type\":\"ListItem\",\"@id\":\"https:\\\/\\\/www.eldigitaldeasturias.com\\\/noticias\\\/category\\\/economia\\\/#listItem\",\"name\":\"Econom\\u00eda\"}},{\"@type\":\"ListItem\",\"@id\":\"https:\\\/\\\/www.eldigitaldeasturias.com\\\/noticias\\\/category\\\/economia\\\/#listItem\",\"position\":2,\"name\":\"Econom\\u00eda\",\"item\":\"https:\\\/\\\/www.eldigitaldeasturias.com\\\/noticias\\\/category\\\/economia\\\/\",\"nextItem\":{\"@type\":\"ListItem\",\"@id\":\"https:\\\/\\\/www.eldigitaldeasturias.com\\\/noticias\\\/gunther-oettinger-avisa-a-europa-los-mejores-anos-han-quedado-atras\\\/#listItem\",\"name\":\"G\\u00fcnther Oettinger avisa a Europa: \\u00abLos mejores a\\u00f1os han quedado atr\\u00e1s\\u201d\"},\"previousItem\":{\"@type\":\"ListItem\",\"@id\":\"https:\\\/\\\/www.eldigitaldeasturias.com\\\/noticias#listItem\",\"name\":\"Home\"}},{\"@type\":\"ListItem\",\"@id\":\"https:\\\/\\\/www.eldigitaldeasturias.com\\\/noticias\\\/gunther-oettinger-avisa-a-europa-los-mejores-anos-han-quedado-atras\\\/#listItem\",\"position\":3,\"name\":\"G\\u00fcnther Oettinger avisa a Europa: \\u00abLos mejores a\\u00f1os han quedado atr\\u00e1s\\u201d\",\"previousItem\":{\"@type\":\"ListItem\",\"@id\":\"https:\\\/\\\/www.eldigitaldeasturias.com\\\/noticias\\\/category\\\/economia\\\/#listItem\",\"name\":\"Econom\\u00eda\"}}]},{\"@type\":\"Organization\",\"@id\":\"https:\\\/\\\/www.eldigitaldeasturias.com\\\/noticias\\\/#organization\",\"name\":\"El Digital de Asturias\",\"description\":\"Hemeroteca\",\"url\":\"https:\\\/\\\/www.eldigitaldeasturias.com\\\/noticias\\\/\",\"email\":\"info@eldigitaldeasturias.com\",\"telephone\":\"+34652131393\",\"logo\":{\"@type\":\"ImageObject\",\"url\":\"https:\\\/\\\/www.eldigitaldeasturias.com\\\/noticias\\\/wp-content\\\/uploads\\\/2020\\\/12\\\/EDA.jpg\",\"@id\":\"https:\\\/\\\/www.eldigitaldeasturias.com\\\/noticias\\\/gunther-oettinger-avisa-a-europa-los-mejores-anos-han-quedado-atras\\\/#organizationLogo\",\"width\":649,\"height\":297},\"image\":{\"@id\":\"https:\\\/\\\/www.eldigitaldeasturias.com\\\/noticias\\\/gunther-oettinger-avisa-a-europa-los-mejores-anos-han-quedado-atras\\\/#organizationLogo\"},\"sameAs\":[\"https:\\\/\\\/facebook.com\\\/eldigitaldeasturias\",\"https:\\\/\\\/www.youtube.com\\\/channel\\\/UCZP-2wLEB9Rv6erhFmqVnvg\"],\"address\":{\"@id\":\"https:\\\/\\\/www.eldigitaldeasturias.com\\\/noticias\\\/#postaladdress\",\"@type\":\"PostalAddress\",\"streetAddress\":\"san antonio 4,\",\"postalCode\":\"33430\",\"addressLocality\":\"Cand\\u00e1s\",\"addressRegion\":\"Asturias\",\"addressCountry\":\"ES\"}},{\"@type\":\"Person\",\"@id\":\"https:\\\/\\\/www.eldigitaldeasturias.com\\\/noticias\\\/author\\\/admin\\\/#author\",\"url\":\"https:\\\/\\\/www.eldigitaldeasturias.com\\\/noticias\\\/author\\\/admin\\\/\",\"name\":\"El Digital de Asturias\",\"image\":{\"@type\":\"ImageObject\",\"@id\":\"https:\\\/\\\/www.eldigitaldeasturias.com\\\/noticias\\\/gunther-oettinger-avisa-a-europa-los-mejores-anos-han-quedado-atras\\\/#authorImage\",\"url\":\"https:\\\/\\\/www.eldigitaldeasturias.com\\\/noticias\\\/wp-content\\\/litespeed\\\/avatar\\\/18677e78aa0546b92d9dbf31ec7d7668.jpg?ver=1777290358\",\"width\":96,\"height\":96,\"caption\":\"El Digital de Asturias\"}},{\"@type\":\"WebPage\",\"@id\":\"https:\\\/\\\/www.eldigitaldeasturias.com\\\/noticias\\\/gunther-oettinger-avisa-a-europa-los-mejores-anos-han-quedado-atras\\\/#webpage\",\"url\":\"https:\\\/\\\/www.eldigitaldeasturias.com\\\/noticias\\\/gunther-oettinger-avisa-a-europa-los-mejores-anos-han-quedado-atras\\\/\",\"name\":\"G\\u00fcnther Oettinger avisa a Europa: \\u00abLos mejores a\\u00f1os han quedado atr\\u00e1s\\u201d - El Digital de Asturias\",\"description\":\"MADRID, 5 Mar. 2019 (Europa Press) - La Uni\\u00f3n Europea \\\"no estar\\u00e1 lejos\\\" de la recesi\\u00f3n en el caso de que se hagan realidad varias de las principales amenazas que la rodean, tanto internas como externas, incluyendo un 'Brexit' desordenado, las tensiones comerciales con EEUU o las dificultades de econom\\u00edas emergentes como Turqu\\u00eda, Venezuela o Argentina,\",\"inLanguage\":\"es-ES\",\"isPartOf\":{\"@id\":\"https:\\\/\\\/www.eldigitaldeasturias.com\\\/noticias\\\/#website\"},\"breadcrumb\":{\"@id\":\"https:\\\/\\\/www.eldigitaldeasturias.com\\\/noticias\\\/gunther-oettinger-avisa-a-europa-los-mejores-anos-han-quedado-atras\\\/#breadcrumblist\"},\"author\":{\"@id\":\"https:\\\/\\\/www.eldigitaldeasturias.com\\\/noticias\\\/author\\\/admin\\\/#author\"},\"creator\":{\"@id\":\"https:\\\/\\\/www.eldigitaldeasturias.com\\\/noticias\\\/author\\\/admin\\\/#author\"},\"image\":{\"@type\":\"ImageObject\",\"url\":\"https:\\\/\\\/www.eldigitaldeasturias.com\\\/noticias\\\/wp-content\\\/uploads\\\/2018\\\/06\\\/blue-1283011_960_720.jpg\",\"@id\":\"https:\\\/\\\/www.eldigitaldeasturias.com\\\/noticias\\\/gunther-oettinger-avisa-a-europa-los-mejores-anos-han-quedado-atras\\\/#mainImage\",\"width\":960,\"height\":671},\"primaryImageOfPage\":{\"@id\":\"https:\\\/\\\/www.eldigitaldeasturias.com\\\/noticias\\\/gunther-oettinger-avisa-a-europa-los-mejores-anos-han-quedado-atras\\\/#mainImage\"},\"datePublished\":\"2019-03-05T18:54:50+01:00\",\"dateModified\":\"2019-03-05T18:54:50+01:00\"},{\"@type\":\"WebSite\",\"@id\":\"https:\\\/\\\/www.eldigitaldeasturias.com\\\/noticias\\\/#website\",\"url\":\"https:\\\/\\\/www.eldigitaldeasturias.com\\\/noticias\\\/\",\"name\":\"El Digital de Asturias - Diario de actualidad y noticias\",\"alternateName\":\"El Digital de Asturias - Diario de actualidad y noticias\",\"description\":\"Hemeroteca\",\"inLanguage\":\"es-ES\",\"publisher\":{\"@id\":\"https:\\\/\\\/www.eldigitaldeasturias.com\\\/noticias\\\/#organization\"}}]}\n\t\t<\/script>\n\t\t<!-- All in One SEO Pro -->\r\n\t\t<title>G\u00fcnther Oettinger avisa a Europa: \u00abLos mejores a\u00f1os han quedado atr\u00e1s\u201d - El Digital de Asturias<\/title>\n\n","aioseo_head_json":{"title":"G\u00fcnther Oettinger avisa a Europa: \u00abLos mejores a\u00f1os han quedado atr\u00e1s\u201d - El Digital de Asturias","description":"MADRID, 5 Mar. 2019 (Europa Press) - La Uni\u00f3n Europea \"no estar\u00e1 lejos\" de la recesi\u00f3n en el caso de que se hagan realidad varias de las principales amenazas que la rodean, tanto internas como externas, incluyendo un 'Brexit' desordenado, las tensiones comerciales con EEUU o las dificultades de econom\u00edas emergentes como Turqu\u00eda, Venezuela o Argentina,","canonical_url":"https:\/\/www.eldigitaldeasturias.com\/noticias\/gunther-oettinger-avisa-a-europa-los-mejores-anos-han-quedado-atras\/","robots":"max-image-preview:large","keywords":"econom\u00eda","webmasterTools":{"google-site-verification":"UA-38556648-1","msvalidate.01":"7dfe9f3f1b24437ab69f4f2559babe99","miscellaneous":""},"schema":{"@context":"https:\/\/schema.org","@graph":[{"@type":"BlogPosting","@id":"https:\/\/www.eldigitaldeasturias.com\/noticias\/gunther-oettinger-avisa-a-europa-los-mejores-anos-han-quedado-atras\/#blogposting","name":"G\u00fcnther Oettinger avisa a Europa: \u00abLos mejores a\u00f1os han quedado atr\u00e1s\u201d - El Digital de Asturias","headline":"G\u00fcnther Oettinger avisa a Europa: \u00abLos mejores a\u00f1os han quedado atr\u00e1s\u201d","author":{"@id":"https:\/\/www.eldigitaldeasturias.com\/noticias\/author\/admin\/#author"},"publisher":{"@id":"https:\/\/www.eldigitaldeasturias.com\/noticias\/#organization"},"image":{"@type":"ImageObject","url":"https:\/\/www.eldigitaldeasturias.com\/noticias\/wp-content\/uploads\/2018\/06\/blue-1283011_960_720.jpg","width":960,"height":671},"datePublished":"2019-03-05T18:54:50+01:00","dateModified":"2019-03-05T18:54:50+01:00","inLanguage":"es-ES","mainEntityOfPage":{"@id":"https:\/\/www.eldigitaldeasturias.com\/noticias\/gunther-oettinger-avisa-a-europa-los-mejores-anos-han-quedado-atras\/#webpage"},"isPartOf":{"@id":"https:\/\/www.eldigitaldeasturias.com\/noticias\/gunther-oettinger-avisa-a-europa-los-mejores-anos-han-quedado-atras\/#webpage"},"articleSection":"Econom\u00eda"},{"@type":"BreadcrumbList","@id":"https:\/\/www.eldigitaldeasturias.com\/noticias\/gunther-oettinger-avisa-a-europa-los-mejores-anos-han-quedado-atras\/#breadcrumblist","itemListElement":[{"@type":"ListItem","@id":"https:\/\/www.eldigitaldeasturias.com\/noticias#listItem","position":1,"name":"Home","item":"https:\/\/www.eldigitaldeasturias.com\/noticias","nextItem":{"@type":"ListItem","@id":"https:\/\/www.eldigitaldeasturias.com\/noticias\/category\/economia\/#listItem","name":"Econom\u00eda"}},{"@type":"ListItem","@id":"https:\/\/www.eldigitaldeasturias.com\/noticias\/category\/economia\/#listItem","position":2,"name":"Econom\u00eda","item":"https:\/\/www.eldigitaldeasturias.com\/noticias\/category\/economia\/","nextItem":{"@type":"ListItem","@id":"https:\/\/www.eldigitaldeasturias.com\/noticias\/gunther-oettinger-avisa-a-europa-los-mejores-anos-han-quedado-atras\/#listItem","name":"G\u00fcnther Oettinger avisa a Europa: \u00abLos mejores a\u00f1os han quedado atr\u00e1s\u201d"},"previousItem":{"@type":"ListItem","@id":"https:\/\/www.eldigitaldeasturias.com\/noticias#listItem","name":"Home"}},{"@type":"ListItem","@id":"https:\/\/www.eldigitaldeasturias.com\/noticias\/gunther-oettinger-avisa-a-europa-los-mejores-anos-han-quedado-atras\/#listItem","position":3,"name":"G\u00fcnther Oettinger avisa a Europa: \u00abLos mejores a\u00f1os han quedado atr\u00e1s\u201d","previousItem":{"@type":"ListItem","@id":"https:\/\/www.eldigitaldeasturias.com\/noticias\/category\/economia\/#listItem","name":"Econom\u00eda"}}]},{"@type":"Organization","@id":"https:\/\/www.eldigitaldeasturias.com\/noticias\/#organization","name":"El Digital de Asturias","description":"Hemeroteca","url":"https:\/\/www.eldigitaldeasturias.com\/noticias\/","email":"info@eldigitaldeasturias.com","telephone":"+34652131393","logo":{"@type":"ImageObject","url":"https:\/\/www.eldigitaldeasturias.com\/noticias\/wp-content\/uploads\/2020\/12\/EDA.jpg","@id":"https:\/\/www.eldigitaldeasturias.com\/noticias\/gunther-oettinger-avisa-a-europa-los-mejores-anos-han-quedado-atras\/#organizationLogo","width":649,"height":297},"image":{"@id":"https:\/\/www.eldigitaldeasturias.com\/noticias\/gunther-oettinger-avisa-a-europa-los-mejores-anos-han-quedado-atras\/#organizationLogo"},"sameAs":["https:\/\/facebook.com\/eldigitaldeasturias","https:\/\/www.youtube.com\/channel\/UCZP-2wLEB9Rv6erhFmqVnvg"],"address":{"@id":"https:\/\/www.eldigitaldeasturias.com\/noticias\/#postaladdress","@type":"PostalAddress","streetAddress":"san antonio 4,","postalCode":"33430","addressLocality":"Cand\u00e1s","addressRegion":"Asturias","addressCountry":"ES"}},{"@type":"Person","@id":"https:\/\/www.eldigitaldeasturias.com\/noticias\/author\/admin\/#author","url":"https:\/\/www.eldigitaldeasturias.com\/noticias\/author\/admin\/","name":"El Digital de Asturias","image":{"@type":"ImageObject","@id":"https:\/\/www.eldigitaldeasturias.com\/noticias\/gunther-oettinger-avisa-a-europa-los-mejores-anos-han-quedado-atras\/#authorImage","url":"https:\/\/www.eldigitaldeasturias.com\/noticias\/wp-content\/litespeed\/avatar\/18677e78aa0546b92d9dbf31ec7d7668.jpg?ver=1777290358","width":96,"height":96,"caption":"El Digital de Asturias"}},{"@type":"WebPage","@id":"https:\/\/www.eldigitaldeasturias.com\/noticias\/gunther-oettinger-avisa-a-europa-los-mejores-anos-han-quedado-atras\/#webpage","url":"https:\/\/www.eldigitaldeasturias.com\/noticias\/gunther-oettinger-avisa-a-europa-los-mejores-anos-han-quedado-atras\/","name":"G\u00fcnther Oettinger avisa a Europa: \u00abLos mejores a\u00f1os han quedado atr\u00e1s\u201d - El Digital de Asturias","description":"MADRID, 5 Mar. 2019 (Europa Press) - La Uni\u00f3n Europea \"no estar\u00e1 lejos\" de la recesi\u00f3n en el caso de que se hagan realidad varias de las principales amenazas que la rodean, tanto internas como externas, incluyendo un 'Brexit' desordenado, las tensiones comerciales con EEUU o las dificultades de econom\u00edas emergentes como Turqu\u00eda, Venezuela o Argentina,","inLanguage":"es-ES","isPartOf":{"@id":"https:\/\/www.eldigitaldeasturias.com\/noticias\/#website"},"breadcrumb":{"@id":"https:\/\/www.eldigitaldeasturias.com\/noticias\/gunther-oettinger-avisa-a-europa-los-mejores-anos-han-quedado-atras\/#breadcrumblist"},"author":{"@id":"https:\/\/www.eldigitaldeasturias.com\/noticias\/author\/admin\/#author"},"creator":{"@id":"https:\/\/www.eldigitaldeasturias.com\/noticias\/author\/admin\/#author"},"image":{"@type":"ImageObject","url":"https:\/\/www.eldigitaldeasturias.com\/noticias\/wp-content\/uploads\/2018\/06\/blue-1283011_960_720.jpg","@id":"https:\/\/www.eldigitaldeasturias.com\/noticias\/gunther-oettinger-avisa-a-europa-los-mejores-anos-han-quedado-atras\/#mainImage","width":960,"height":671},"primaryImageOfPage":{"@id":"https:\/\/www.eldigitaldeasturias.com\/noticias\/gunther-oettinger-avisa-a-europa-los-mejores-anos-han-quedado-atras\/#mainImage"},"datePublished":"2019-03-05T18:54:50+01:00","dateModified":"2019-03-05T18:54:50+01:00"},{"@type":"WebSite","@id":"https:\/\/www.eldigitaldeasturias.com\/noticias\/#website","url":"https:\/\/www.eldigitaldeasturias.com\/noticias\/","name":"El Digital de Asturias - Diario de actualidad y noticias","alternateName":"El Digital de Asturias - Diario de actualidad y noticias","description":"Hemeroteca","inLanguage":"es-ES","publisher":{"@id":"https:\/\/www.eldigitaldeasturias.com\/noticias\/#organization"}}]},"og:locale":"es_ES","og:site_name":"El Digital de Asturias","og:type":"article","og:title":"G\u00fcnther Oettinger avisa a Europa: \u00abLos mejores a\u00f1os han quedado atr\u00e1s\u201d - El Digital de Asturias","og:description":"MADRID, 5 Mar. 2019 (Europa Press) - La Uni\u00f3n Europea &quot;no estar\u00e1 lejos&quot; de la recesi\u00f3n en el caso de que se hagan realidad varias de las principales amenazas que la rodean, tanto internas como externas, incluyendo un 'Brexit' desordenado, las tensiones comerciales con EEUU o las dificultades de econom\u00edas emergentes como Turqu\u00eda, Venezuela o Argentina,","og:url":"https:\/\/www.eldigitaldeasturias.com\/noticias\/gunther-oettinger-avisa-a-europa-los-mejores-anos-han-quedado-atras\/","og:image":"https:\/\/www.eldigitaldeasturias.com\/noticias\/wp-content\/uploads\/2018\/06\/blue-1283011_960_720.jpg","og:image:secure_url":"https:\/\/www.eldigitaldeasturias.com\/noticias\/wp-content\/uploads\/2018\/06\/blue-1283011_960_720.jpg","og:image:width":960,"og:image:height":671,"article:tag":["econom\u00eda"],"article:published_time":"2019-03-05T18:54:50+00:00","article:modified_time":"2019-03-05T18:54:50+00:00","article:publisher":"https:\/\/facebook.com\/eldigitaldeasturias","twitter:card":"summary_large_image","twitter:title":"G\u00fcnther Oettinger avisa a Europa: \u00abLos mejores a\u00f1os han quedado atr\u00e1s\u201d - El Digital de Asturias","twitter:description":"MADRID, 5 Mar. 2019 (Europa Press) - La Uni\u00f3n Europea &quot;no estar\u00e1 lejos&quot; de la recesi\u00f3n en el caso de que se hagan realidad varias de las principales amenazas que la rodean, tanto internas como externas, incluyendo un 'Brexit' desordenado, las tensiones comerciales con EEUU o las dificultades de econom\u00edas emergentes como Turqu\u00eda, Venezuela o Argentina,","twitter:image":"https:\/\/www.eldigitaldeasturias.com\/noticias\/wp-content\/uploads\/2018\/06\/blue-1283011_960_720.jpg","twitter:label1":"Escrito por","twitter:data1":"El Digital de Asturias","twitter:label2":"Tiempo de lectura estimado","twitter:data2":"5 minutos"},"aioseo_meta_data":{"post_id":"1019455","title":null,"description":null,"keywords":null,"keyphrases":null,"primary_term":null,"canonical_url":null,"og_title":null,"og_description":null,"og_object_type":"default","og_image_type":"default","og_image_url":null,"og_image_width":null,"og_image_height":null,"og_image_custom_url":null,"og_image_custom_fields":null,"og_video":null,"og_custom_url":null,"og_article_section":null,"og_article_tags":null,"twitter_use_og":false,"twitter_card":"default","twitter_image_type":"default","twitter_image_url":null,"twitter_image_custom_url":null,"twitter_image_custom_fields":null,"twitter_title":null,"twitter_description":null,"schema":{"blockGraphs":[],"customGraphs":[],"default":{"data":{"Article":[],"Course":[],"Dataset":[],"FAQPage":[],"Movie":[],"Person":[],"Product":[],"ProductReview":[],"Car":[],"Recipe":[],"Service":[],"SoftwareApplication":[],"WebPage":[]},"graphName":"","isEnabled":true},"graphs":[],"defaultGraph":"","defaultPostTypeGraph":""},"schema_type":null,"schema_type_options":null,"pillar_content":false,"robots_default":true,"robots_noindex":false,"robots_noarchive":false,"robots_nosnippet":false,"robots_nofollow":false,"robots_noimageindex":false,"robots_noodp":false,"robots_notranslate":false,"robots_max_snippet":null,"robots_max_videopreview":null,"robots_max_imagepreview":"large","priority":null,"frequency":null,"local_seo":null,"seo_analyzer_scan_date":"2025-10-16 18:58:12","breadcrumb_settings":null,"limit_modified_date":false,"open_ai":null,"ai":null,"created":"2020-12-21 10:46:41","updated":"2025-10-16 18:58:12"},"aioseo_breadcrumb":"<div class=\"aioseo-breadcrumbs\"><span class=\"aioseo-breadcrumb\">\n\t<a href=\"https:\/\/www.eldigitaldeasturias.com\/noticias\" title=\"Home\">Home<\/a>\n<\/span><span class=\"aioseo-breadcrumb-separator\">\u2013<\/span><span class=\"aioseo-breadcrumb\">\n\t<a href=\"https:\/\/www.eldigitaldeasturias.com\/noticias\/category\/economia\/\" title=\"Econom\u00eda\">Econom\u00eda<\/a>\n<\/span><span class=\"aioseo-breadcrumb-separator\">\u2013<\/span><span class=\"aioseo-breadcrumb\">\n\t<a href=\"https:\/\/www.eldigitaldeasturias.com\/noticias\/gunther-oettinger-avisa-a-europa-los-mejores-anos-han-quedado-atras\/\" title=\"G\u00fcnther Oettinger avisa a Europa: \u00abLos mejores a\u00f1os han quedado atr\u00e1s\u201d\">G\u00fcnther Oettinger avisa a Europa: \u00abLos mejores a\u00f1os han quedado atr\u00e1s\u201d<\/a>\n<\/span><\/div>","aioseo_breadcrumb_json":[{"label":"Home","link":"https:\/\/www.eldigitaldeasturias.com\/noticias"},{"label":"Econom\u00eda","link":"https:\/\/www.eldigitaldeasturias.com\/noticias\/category\/economia\/"},{"label":"G\u00fcnther Oettinger avisa a Europa: \u00abLos mejores a\u00f1os han quedado atr\u00e1s\u201d","link":"https:\/\/www.eldigitaldeasturias.com\/noticias\/gunther-oettinger-avisa-a-europa-los-mejores-anos-han-quedado-atras\/"}],"_links":{"self":[{"href":"https:\/\/www.eldigitaldeasturias.com\/noticias\/wp-json\/wp\/v2\/posts\/1019455","targetHints":{"allow":["GET"]}}],"collection":[{"href":"https:\/\/www.eldigitaldeasturias.com\/noticias\/wp-json\/wp\/v2\/posts"}],"about":[{"href":"https:\/\/www.eldigitaldeasturias.com\/noticias\/wp-json\/wp\/v2\/types\/post"}],"author":[{"embeddable":true,"href":"https:\/\/www.eldigitaldeasturias.com\/noticias\/wp-json\/wp\/v2\/users\/1"}],"replies":[{"embeddable":true,"href":"https:\/\/www.eldigitaldeasturias.com\/noticias\/wp-json\/wp\/v2\/comments?post=1019455"}],"version-history":[{"count":0,"href":"https:\/\/www.eldigitaldeasturias.com\/noticias\/wp-json\/wp\/v2\/posts\/1019455\/revisions"}],"wp:featuredmedia":[{"embeddable":true,"href":"https:\/\/www.eldigitaldeasturias.com\/noticias\/wp-json\/wp\/v2\/media\/983320"}],"wp:attachment":[{"href":"https:\/\/www.eldigitaldeasturias.com\/noticias\/wp-json\/wp\/v2\/media?parent=1019455"}],"wp:term":[{"taxonomy":"category","embeddable":true,"href":"https:\/\/www.eldigitaldeasturias.com\/noticias\/wp-json\/wp\/v2\/categories?post=1019455"},{"taxonomy":"post_tag","embeddable":true,"href":"https:\/\/www.eldigitaldeasturias.com\/noticias\/wp-json\/wp\/v2\/tags?post=1019455"}],"curies":[{"name":"wp","href":"https:\/\/api.w.org\/{rel}","templated":true}]}}