{"id":1019406,"date":"2019-03-05T14:34:41","date_gmt":"2019-03-05T14:34:41","guid":{"rendered":"https:\/\/www.eldigitaldeasturias.com\/noticias\/?p=1019406"},"modified":"2019-03-05T14:34:41","modified_gmt":"2019-03-05T14:34:41","slug":"la-tasa-de-variacion-anual-del-iprix-fue-de-03-en-enero-de-2019","status":"publish","type":"post","link":"https:\/\/www.eldigitaldeasturias.com\/noticias\/la-tasa-de-variacion-anual-del-iprix-fue-de-03-en-enero-de-2019\/","title":{"rendered":"La tasa de variaci\u00f3n anual del IPRIX fue de 0,3% en enero de 2019"},"content":{"rendered":"<p><img loading=\"lazy\" decoding=\"async\" class=\"alignleft size-medium wp-image-989215\" src=\"https:\/\/www.eldigitaldeasturias.com\/noticias\/wp-content\/uploads\/2018\/07\/money-1005479_960_720-360x232.jpg\" alt=\"\" width=\"360\" height=\"232\" srcset=\"https:\/\/www.eldigitaldeasturias.com\/noticias\/wp-content\/uploads\/2018\/07\/money-1005479_960_720-360x232.jpg 360w, https:\/\/www.eldigitaldeasturias.com\/noticias\/wp-content\/uploads\/2018\/07\/money-1005479_960_720-465x300.jpg 465w, https:\/\/www.eldigitaldeasturias.com\/noticias\/wp-content\/uploads\/2018\/07\/money-1005479_960_720-768x495.jpg 768w, https:\/\/www.eldigitaldeasturias.com\/noticias\/wp-content\/uploads\/2018\/07\/money-1005479_960_720-690x445.jpg 690w, https:\/\/www.eldigitaldeasturias.com\/noticias\/wp-content\/uploads\/2018\/07\/money-1005479_960_720-20x13.jpg 20w, https:\/\/www.eldigitaldeasturias.com\/noticias\/wp-content\/uploads\/2018\/07\/money-1005479_960_720.jpg 960w\" sizes=\"auto, (max-width: 360px) 100vw, 360px\" \/>De acuerdo con un informe publicado este martes por el Instituto Nacional de Estad\u00edstica (INE), la tasa de variaci\u00f3n anual del \u00cdndice de Precios de Exportaci\u00f3n (IPRIX) en el mes de enero fue del 0,3%, dos d\u00e9cimas por encima de la registrada en diciembre.<\/p>\n<p>Adem\u00e1s, seg\u00fan el informe los bienes que tuvieron una tendencia positiva en cuanto a crecimiento econ\u00f3mico entre los sectores industriales fueron, en primer lugar, el sector de energ\u00eda, cuya tasa aument\u00f3 m\u00e1s de dos puntos y se sit\u00faa en el \u20130,8%, como consecuencia de la subida de los precios de la producci\u00f3n, transporte y distribuci\u00f3n de la energ\u00eda el\u00e9ctrica, frente a la bajada registrada en enero de 2018.<\/p>\n<p>Tambi\u00e9n mostraron una tendencia positiva los bienes de equipo, que presentaron una tasa anual del \u20130,2%, cuatro d\u00e9cimas m\u00e1s que la registrada en diciembre, debido a la subida de los precios de la fabricaci\u00f3n de veh\u00edculos de motor.<\/p>\n<p>Por otro lado, entre los sectores industriales que mostraron una tendencia negativa de acuerdo con el informe, destacaron principalmente los bienes intermedios, con una tasa del 1,1%, cinco d\u00e9cimas por debajo de la del mes pasado, causada por el descenso de los precios de la fabricaci\u00f3n de productos qu\u00edmicos b\u00e1sicos, compuestos nitrogenados, fertilizantes, pl\u00e1sticos y caucho sint\u00e9tico en formas primarias y de la fabricaci\u00f3n de productos b\u00e1sicos de hierro, acero y ferroaleaciones, que aumentaron en enero de 2018.<\/p>\n","protected":false},"excerpt":{"rendered":"<p>De acuerdo con un informe publicado este martes por el Instituto Nacional de Estad\u00edstica (INE), la tasa de variaci\u00f3n anual del \u00cdndice de Precios de Exportaci\u00f3n (IPRIX) en el mes de enero fue del 0,3%, dos d\u00e9cimas por encima de la registrada en diciembre. Adem\u00e1s, seg\u00fan el informe los bienes que tuvieron una tendencia positiva [&hellip;]<\/p>\n","protected":false},"author":1,"featured_media":989215,"comment_status":"closed","ping_status":"closed","sticky":false,"template":"","format":"standard","meta":{"footnotes":""},"categories":[187],"tags":[],"class_list":["post-1019406","post","type-post","status-publish","format-standard","has-post-thumbnail","hentry","category-economia"],"aioseo_notices":[],"aioseo_head":"\n\t\t<!-- All in One SEO Pro 4.9.6.2 - aioseo.com -->\n\t<meta name=\"description\" content=\"De acuerdo con un informe publicado este martes por el Instituto Nacional de Estad\u00edstica (INE), la tasa de variaci\u00f3n anual del \u00cdndice de Precios de Exportaci\u00f3n (IPRIX) en el mes de enero fue del 0,3%, dos d\u00e9cimas por encima de la registrada en diciembre. Adem\u00e1s, seg\u00fan el informe los bienes que tuvieron una tendencia positiva\" \/>\n\t<meta name=\"robots\" content=\"max-image-preview:large\" \/>\n\t<meta name=\"author\" content=\"El Digital de Asturias\"\/>\n\t<meta name=\"google-site-verification\" content=\"UA-38556648-1\" \/>\n\t<meta name=\"msvalidate.01\" content=\"7dfe9f3f1b24437ab69f4f2559babe99\" \/>\n\t<meta name=\"keywords\" content=\"econom\u00eda\" \/>\n\t<link rel=\"canonical\" href=\"https:\/\/www.eldigitaldeasturias.com\/noticias\/la-tasa-de-variacion-anual-del-iprix-fue-de-03-en-enero-de-2019\/\" \/>\n\t<meta name=\"generator\" content=\"All in One SEO Pro (AIOSEO) 4.9.6.2\" \/>\n\t\t<meta property=\"og:locale\" content=\"es_ES\" \/>\n\t\t<meta property=\"og:site_name\" content=\"El Digital de Asturias\" \/>\n\t\t<meta property=\"og:type\" content=\"article\" \/>\n\t\t<meta property=\"og:title\" content=\"La tasa de variaci\u00f3n anual del IPRIX fue de 0,3% en enero de 2019 - El Digital de Asturias\" \/>\n\t\t<meta property=\"og:description\" content=\"De acuerdo con un informe publicado este martes por el Instituto Nacional de Estad\u00edstica (INE), la tasa de variaci\u00f3n anual del \u00cdndice de Precios de Exportaci\u00f3n (IPRIX) en el mes de enero fue del 0,3%, dos d\u00e9cimas por encima de la registrada en diciembre. Adem\u00e1s, seg\u00fan el informe los bienes que tuvieron una tendencia positiva\" \/>\n\t\t<meta property=\"og:url\" content=\"https:\/\/www.eldigitaldeasturias.com\/noticias\/la-tasa-de-variacion-anual-del-iprix-fue-de-03-en-enero-de-2019\/\" \/>\n\t\t<meta property=\"og:image\" content=\"https:\/\/www.eldigitaldeasturias.com\/noticias\/wp-content\/uploads\/2018\/07\/money-1005479_960_720.jpg\" \/>\n\t\t<meta property=\"og:image:secure_url\" content=\"https:\/\/www.eldigitaldeasturias.com\/noticias\/wp-content\/uploads\/2018\/07\/money-1005479_960_720.jpg\" \/>\n\t\t<meta property=\"og:image:width\" content=\"960\" \/>\n\t\t<meta property=\"og:image:height\" content=\"619\" \/>\n\t\t<meta property=\"article:tag\" content=\"econom\u00eda\" \/>\n\t\t<meta property=\"article:published_time\" content=\"2019-03-05T14:34:41+00:00\" \/>\n\t\t<meta property=\"article:modified_time\" content=\"2019-03-05T14:34:41+00:00\" \/>\n\t\t<meta property=\"article:publisher\" content=\"https:\/\/facebook.com\/eldigitaldeasturias\" \/>\n\t\t<meta name=\"twitter:card\" content=\"summary_large_image\" \/>\n\t\t<meta name=\"twitter:title\" content=\"La tasa de variaci\u00f3n anual del IPRIX fue de 0,3% en enero de 2019 - El Digital de Asturias\" \/>\n\t\t<meta name=\"twitter:description\" content=\"De acuerdo con un informe publicado este martes por el Instituto Nacional de Estad\u00edstica (INE), la tasa de variaci\u00f3n anual del \u00cdndice de Precios de Exportaci\u00f3n (IPRIX) en el mes de enero fue del 0,3%, dos d\u00e9cimas por encima de la registrada en diciembre. Adem\u00e1s, seg\u00fan el informe los bienes que tuvieron una tendencia positiva\" \/>\n\t\t<meta name=\"twitter:image\" content=\"https:\/\/www.eldigitaldeasturias.com\/noticias\/wp-content\/uploads\/2018\/07\/money-1005479_960_720.jpg\" \/>\n\t\t<meta name=\"twitter:label1\" content=\"Escrito por\" \/>\n\t\t<meta name=\"twitter:data1\" content=\"El Digital de Asturias\" \/>\n\t\t<meta name=\"twitter:label2\" content=\"Tiempo de lectura estimado\" \/>\n\t\t<meta name=\"twitter:data2\" content=\"1 minuto\" \/>\n\t\t<script type=\"application\/ld+json\" class=\"aioseo-schema\">\n\t\t\t{\"@context\":\"https:\\\/\\\/schema.org\",\"@graph\":[{\"@type\":\"BlogPosting\",\"@id\":\"https:\\\/\\\/www.eldigitaldeasturias.com\\\/noticias\\\/la-tasa-de-variacion-anual-del-iprix-fue-de-03-en-enero-de-2019\\\/#blogposting\",\"name\":\"La tasa de variaci\\u00f3n anual del IPRIX fue de 0,3% en enero de 2019 - El Digital de Asturias\",\"headline\":\"La tasa de variaci\\u00f3n anual del IPRIX fue de 0,3% en enero de 2019\",\"author\":{\"@id\":\"https:\\\/\\\/www.eldigitaldeasturias.com\\\/noticias\\\/author\\\/admin\\\/#author\"},\"publisher\":{\"@id\":\"https:\\\/\\\/www.eldigitaldeasturias.com\\\/noticias\\\/#organization\"},\"image\":{\"@type\":\"ImageObject\",\"url\":\"https:\\\/\\\/www.eldigitaldeasturias.com\\\/noticias\\\/wp-content\\\/uploads\\\/2018\\\/07\\\/money-1005479_960_720.jpg\",\"width\":960,\"height\":619},\"datePublished\":\"2019-03-05T14:34:41+01:00\",\"dateModified\":\"2019-03-05T14:34:41+01:00\",\"inLanguage\":\"es-ES\",\"mainEntityOfPage\":{\"@id\":\"https:\\\/\\\/www.eldigitaldeasturias.com\\\/noticias\\\/la-tasa-de-variacion-anual-del-iprix-fue-de-03-en-enero-de-2019\\\/#webpage\"},\"isPartOf\":{\"@id\":\"https:\\\/\\\/www.eldigitaldeasturias.com\\\/noticias\\\/la-tasa-de-variacion-anual-del-iprix-fue-de-03-en-enero-de-2019\\\/#webpage\"},\"articleSection\":\"Econom\\u00eda\"},{\"@type\":\"BreadcrumbList\",\"@id\":\"https:\\\/\\\/www.eldigitaldeasturias.com\\\/noticias\\\/la-tasa-de-variacion-anual-del-iprix-fue-de-03-en-enero-de-2019\\\/#breadcrumblist\",\"itemListElement\":[{\"@type\":\"ListItem\",\"@id\":\"https:\\\/\\\/www.eldigitaldeasturias.com\\\/noticias#listItem\",\"position\":1,\"name\":\"Home\",\"item\":\"https:\\\/\\\/www.eldigitaldeasturias.com\\\/noticias\",\"nextItem\":{\"@type\":\"ListItem\",\"@id\":\"https:\\\/\\\/www.eldigitaldeasturias.com\\\/noticias\\\/category\\\/economia\\\/#listItem\",\"name\":\"Econom\\u00eda\"}},{\"@type\":\"ListItem\",\"@id\":\"https:\\\/\\\/www.eldigitaldeasturias.com\\\/noticias\\\/category\\\/economia\\\/#listItem\",\"position\":2,\"name\":\"Econom\\u00eda\",\"item\":\"https:\\\/\\\/www.eldigitaldeasturias.com\\\/noticias\\\/category\\\/economia\\\/\",\"nextItem\":{\"@type\":\"ListItem\",\"@id\":\"https:\\\/\\\/www.eldigitaldeasturias.com\\\/noticias\\\/la-tasa-de-variacion-anual-del-iprix-fue-de-03-en-enero-de-2019\\\/#listItem\",\"name\":\"La tasa de variaci\\u00f3n anual del IPRIX fue de 0,3% en enero de 2019\"},\"previousItem\":{\"@type\":\"ListItem\",\"@id\":\"https:\\\/\\\/www.eldigitaldeasturias.com\\\/noticias#listItem\",\"name\":\"Home\"}},{\"@type\":\"ListItem\",\"@id\":\"https:\\\/\\\/www.eldigitaldeasturias.com\\\/noticias\\\/la-tasa-de-variacion-anual-del-iprix-fue-de-03-en-enero-de-2019\\\/#listItem\",\"position\":3,\"name\":\"La tasa de variaci\\u00f3n anual del IPRIX fue de 0,3% en enero de 2019\",\"previousItem\":{\"@type\":\"ListItem\",\"@id\":\"https:\\\/\\\/www.eldigitaldeasturias.com\\\/noticias\\\/category\\\/economia\\\/#listItem\",\"name\":\"Econom\\u00eda\"}}]},{\"@type\":\"Organization\",\"@id\":\"https:\\\/\\\/www.eldigitaldeasturias.com\\\/noticias\\\/#organization\",\"name\":\"El Digital de Asturias\",\"description\":\"Hemeroteca\",\"url\":\"https:\\\/\\\/www.eldigitaldeasturias.com\\\/noticias\\\/\",\"email\":\"info@eldigitaldeasturias.com\",\"telephone\":\"+34652131393\",\"logo\":{\"@type\":\"ImageObject\",\"url\":\"https:\\\/\\\/www.eldigitaldeasturias.com\\\/noticias\\\/wp-content\\\/uploads\\\/2020\\\/12\\\/EDA.jpg\",\"@id\":\"https:\\\/\\\/www.eldigitaldeasturias.com\\\/noticias\\\/la-tasa-de-variacion-anual-del-iprix-fue-de-03-en-enero-de-2019\\\/#organizationLogo\",\"width\":649,\"height\":297},\"image\":{\"@id\":\"https:\\\/\\\/www.eldigitaldeasturias.com\\\/noticias\\\/la-tasa-de-variacion-anual-del-iprix-fue-de-03-en-enero-de-2019\\\/#organizationLogo\"},\"sameAs\":[\"https:\\\/\\\/facebook.com\\\/eldigitaldeasturias\",\"https:\\\/\\\/www.youtube.com\\\/channel\\\/UCZP-2wLEB9Rv6erhFmqVnvg\"],\"address\":{\"@id\":\"https:\\\/\\\/www.eldigitaldeasturias.com\\\/noticias\\\/#postaladdress\",\"@type\":\"PostalAddress\",\"streetAddress\":\"san antonio 4,\",\"postalCode\":\"33430\",\"addressLocality\":\"Cand\\u00e1s\",\"addressRegion\":\"Asturias\",\"addressCountry\":\"ES\"}},{\"@type\":\"Person\",\"@id\":\"https:\\\/\\\/www.eldigitaldeasturias.com\\\/noticias\\\/author\\\/admin\\\/#author\",\"url\":\"https:\\\/\\\/www.eldigitaldeasturias.com\\\/noticias\\\/author\\\/admin\\\/\",\"name\":\"El Digital de Asturias\",\"image\":{\"@type\":\"ImageObject\",\"@id\":\"https:\\\/\\\/www.eldigitaldeasturias.com\\\/noticias\\\/la-tasa-de-variacion-anual-del-iprix-fue-de-03-en-enero-de-2019\\\/#authorImage\",\"url\":\"https:\\\/\\\/www.eldigitaldeasturias.com\\\/noticias\\\/wp-content\\\/litespeed\\\/avatar\\\/18677e78aa0546b92d9dbf31ec7d7668.jpg?ver=1777290358\",\"width\":96,\"height\":96,\"caption\":\"El Digital de Asturias\"}},{\"@type\":\"WebPage\",\"@id\":\"https:\\\/\\\/www.eldigitaldeasturias.com\\\/noticias\\\/la-tasa-de-variacion-anual-del-iprix-fue-de-03-en-enero-de-2019\\\/#webpage\",\"url\":\"https:\\\/\\\/www.eldigitaldeasturias.com\\\/noticias\\\/la-tasa-de-variacion-anual-del-iprix-fue-de-03-en-enero-de-2019\\\/\",\"name\":\"La tasa de variaci\\u00f3n anual del IPRIX fue de 0,3% en enero de 2019 - El Digital de Asturias\",\"description\":\"De acuerdo con un informe publicado este martes por el Instituto Nacional de Estad\\u00edstica (INE), la tasa de variaci\\u00f3n anual del \\u00cdndice de Precios de Exportaci\\u00f3n (IPRIX) en el mes de enero fue del 0,3%, dos d\\u00e9cimas por encima de la registrada en diciembre. Adem\\u00e1s, seg\\u00fan el informe los bienes que tuvieron una tendencia positiva\",\"inLanguage\":\"es-ES\",\"isPartOf\":{\"@id\":\"https:\\\/\\\/www.eldigitaldeasturias.com\\\/noticias\\\/#website\"},\"breadcrumb\":{\"@id\":\"https:\\\/\\\/www.eldigitaldeasturias.com\\\/noticias\\\/la-tasa-de-variacion-anual-del-iprix-fue-de-03-en-enero-de-2019\\\/#breadcrumblist\"},\"author\":{\"@id\":\"https:\\\/\\\/www.eldigitaldeasturias.com\\\/noticias\\\/author\\\/admin\\\/#author\"},\"creator\":{\"@id\":\"https:\\\/\\\/www.eldigitaldeasturias.com\\\/noticias\\\/author\\\/admin\\\/#author\"},\"image\":{\"@type\":\"ImageObject\",\"url\":\"https:\\\/\\\/www.eldigitaldeasturias.com\\\/noticias\\\/wp-content\\\/uploads\\\/2018\\\/07\\\/money-1005479_960_720.jpg\",\"@id\":\"https:\\\/\\\/www.eldigitaldeasturias.com\\\/noticias\\\/la-tasa-de-variacion-anual-del-iprix-fue-de-03-en-enero-de-2019\\\/#mainImage\",\"width\":960,\"height\":619},\"primaryImageOfPage\":{\"@id\":\"https:\\\/\\\/www.eldigitaldeasturias.com\\\/noticias\\\/la-tasa-de-variacion-anual-del-iprix-fue-de-03-en-enero-de-2019\\\/#mainImage\"},\"datePublished\":\"2019-03-05T14:34:41+01:00\",\"dateModified\":\"2019-03-05T14:34:41+01:00\"},{\"@type\":\"WebSite\",\"@id\":\"https:\\\/\\\/www.eldigitaldeasturias.com\\\/noticias\\\/#website\",\"url\":\"https:\\\/\\\/www.eldigitaldeasturias.com\\\/noticias\\\/\",\"name\":\"El Digital de Asturias - Diario de actualidad y noticias\",\"alternateName\":\"El Digital de Asturias - Diario de actualidad y noticias\",\"description\":\"Hemeroteca\",\"inLanguage\":\"es-ES\",\"publisher\":{\"@id\":\"https:\\\/\\\/www.eldigitaldeasturias.com\\\/noticias\\\/#organization\"}}]}\n\t\t<\/script>\n\t\t<!-- All in One SEO Pro -->\r\n\t\t<title>La tasa de variaci\u00f3n anual del IPRIX fue de 0,3% en enero de 2019 - El Digital de Asturias<\/title>\n\n","aioseo_head_json":{"title":"La tasa de variaci\u00f3n anual del IPRIX fue de 0,3% en enero de 2019 - El Digital de Asturias","description":"De acuerdo con un informe publicado este martes por el Instituto Nacional de Estad\u00edstica (INE), la tasa de variaci\u00f3n anual del \u00cdndice de Precios de Exportaci\u00f3n (IPRIX) en el mes de enero fue del 0,3%, dos d\u00e9cimas por encima de la registrada en diciembre. Adem\u00e1s, seg\u00fan el informe los bienes que tuvieron una tendencia positiva","canonical_url":"https:\/\/www.eldigitaldeasturias.com\/noticias\/la-tasa-de-variacion-anual-del-iprix-fue-de-03-en-enero-de-2019\/","robots":"max-image-preview:large","keywords":"econom\u00eda","webmasterTools":{"google-site-verification":"UA-38556648-1","msvalidate.01":"7dfe9f3f1b24437ab69f4f2559babe99","miscellaneous":""},"schema":{"@context":"https:\/\/schema.org","@graph":[{"@type":"BlogPosting","@id":"https:\/\/www.eldigitaldeasturias.com\/noticias\/la-tasa-de-variacion-anual-del-iprix-fue-de-03-en-enero-de-2019\/#blogposting","name":"La tasa de variaci\u00f3n anual del IPRIX fue de 0,3% en enero de 2019 - El Digital de Asturias","headline":"La tasa de variaci\u00f3n anual del IPRIX fue de 0,3% en enero de 2019","author":{"@id":"https:\/\/www.eldigitaldeasturias.com\/noticias\/author\/admin\/#author"},"publisher":{"@id":"https:\/\/www.eldigitaldeasturias.com\/noticias\/#organization"},"image":{"@type":"ImageObject","url":"https:\/\/www.eldigitaldeasturias.com\/noticias\/wp-content\/uploads\/2018\/07\/money-1005479_960_720.jpg","width":960,"height":619},"datePublished":"2019-03-05T14:34:41+01:00","dateModified":"2019-03-05T14:34:41+01:00","inLanguage":"es-ES","mainEntityOfPage":{"@id":"https:\/\/www.eldigitaldeasturias.com\/noticias\/la-tasa-de-variacion-anual-del-iprix-fue-de-03-en-enero-de-2019\/#webpage"},"isPartOf":{"@id":"https:\/\/www.eldigitaldeasturias.com\/noticias\/la-tasa-de-variacion-anual-del-iprix-fue-de-03-en-enero-de-2019\/#webpage"},"articleSection":"Econom\u00eda"},{"@type":"BreadcrumbList","@id":"https:\/\/www.eldigitaldeasturias.com\/noticias\/la-tasa-de-variacion-anual-del-iprix-fue-de-03-en-enero-de-2019\/#breadcrumblist","itemListElement":[{"@type":"ListItem","@id":"https:\/\/www.eldigitaldeasturias.com\/noticias#listItem","position":1,"name":"Home","item":"https:\/\/www.eldigitaldeasturias.com\/noticias","nextItem":{"@type":"ListItem","@id":"https:\/\/www.eldigitaldeasturias.com\/noticias\/category\/economia\/#listItem","name":"Econom\u00eda"}},{"@type":"ListItem","@id":"https:\/\/www.eldigitaldeasturias.com\/noticias\/category\/economia\/#listItem","position":2,"name":"Econom\u00eda","item":"https:\/\/www.eldigitaldeasturias.com\/noticias\/category\/economia\/","nextItem":{"@type":"ListItem","@id":"https:\/\/www.eldigitaldeasturias.com\/noticias\/la-tasa-de-variacion-anual-del-iprix-fue-de-03-en-enero-de-2019\/#listItem","name":"La tasa de variaci\u00f3n anual del IPRIX fue de 0,3% en enero de 2019"},"previousItem":{"@type":"ListItem","@id":"https:\/\/www.eldigitaldeasturias.com\/noticias#listItem","name":"Home"}},{"@type":"ListItem","@id":"https:\/\/www.eldigitaldeasturias.com\/noticias\/la-tasa-de-variacion-anual-del-iprix-fue-de-03-en-enero-de-2019\/#listItem","position":3,"name":"La tasa de variaci\u00f3n anual del IPRIX fue de 0,3% en enero de 2019","previousItem":{"@type":"ListItem","@id":"https:\/\/www.eldigitaldeasturias.com\/noticias\/category\/economia\/#listItem","name":"Econom\u00eda"}}]},{"@type":"Organization","@id":"https:\/\/www.eldigitaldeasturias.com\/noticias\/#organization","name":"El Digital de Asturias","description":"Hemeroteca","url":"https:\/\/www.eldigitaldeasturias.com\/noticias\/","email":"info@eldigitaldeasturias.com","telephone":"+34652131393","logo":{"@type":"ImageObject","url":"https:\/\/www.eldigitaldeasturias.com\/noticias\/wp-content\/uploads\/2020\/12\/EDA.jpg","@id":"https:\/\/www.eldigitaldeasturias.com\/noticias\/la-tasa-de-variacion-anual-del-iprix-fue-de-03-en-enero-de-2019\/#organizationLogo","width":649,"height":297},"image":{"@id":"https:\/\/www.eldigitaldeasturias.com\/noticias\/la-tasa-de-variacion-anual-del-iprix-fue-de-03-en-enero-de-2019\/#organizationLogo"},"sameAs":["https:\/\/facebook.com\/eldigitaldeasturias","https:\/\/www.youtube.com\/channel\/UCZP-2wLEB9Rv6erhFmqVnvg"],"address":{"@id":"https:\/\/www.eldigitaldeasturias.com\/noticias\/#postaladdress","@type":"PostalAddress","streetAddress":"san antonio 4,","postalCode":"33430","addressLocality":"Cand\u00e1s","addressRegion":"Asturias","addressCountry":"ES"}},{"@type":"Person","@id":"https:\/\/www.eldigitaldeasturias.com\/noticias\/author\/admin\/#author","url":"https:\/\/www.eldigitaldeasturias.com\/noticias\/author\/admin\/","name":"El Digital de Asturias","image":{"@type":"ImageObject","@id":"https:\/\/www.eldigitaldeasturias.com\/noticias\/la-tasa-de-variacion-anual-del-iprix-fue-de-03-en-enero-de-2019\/#authorImage","url":"https:\/\/www.eldigitaldeasturias.com\/noticias\/wp-content\/litespeed\/avatar\/18677e78aa0546b92d9dbf31ec7d7668.jpg?ver=1777290358","width":96,"height":96,"caption":"El Digital de Asturias"}},{"@type":"WebPage","@id":"https:\/\/www.eldigitaldeasturias.com\/noticias\/la-tasa-de-variacion-anual-del-iprix-fue-de-03-en-enero-de-2019\/#webpage","url":"https:\/\/www.eldigitaldeasturias.com\/noticias\/la-tasa-de-variacion-anual-del-iprix-fue-de-03-en-enero-de-2019\/","name":"La tasa de variaci\u00f3n anual del IPRIX fue de 0,3% en enero de 2019 - El Digital de Asturias","description":"De acuerdo con un informe publicado este martes por el Instituto Nacional de Estad\u00edstica (INE), la tasa de variaci\u00f3n anual del \u00cdndice de Precios de Exportaci\u00f3n (IPRIX) en el mes de enero fue del 0,3%, dos d\u00e9cimas por encima de la registrada en diciembre. Adem\u00e1s, seg\u00fan el informe los bienes que tuvieron una tendencia positiva","inLanguage":"es-ES","isPartOf":{"@id":"https:\/\/www.eldigitaldeasturias.com\/noticias\/#website"},"breadcrumb":{"@id":"https:\/\/www.eldigitaldeasturias.com\/noticias\/la-tasa-de-variacion-anual-del-iprix-fue-de-03-en-enero-de-2019\/#breadcrumblist"},"author":{"@id":"https:\/\/www.eldigitaldeasturias.com\/noticias\/author\/admin\/#author"},"creator":{"@id":"https:\/\/www.eldigitaldeasturias.com\/noticias\/author\/admin\/#author"},"image":{"@type":"ImageObject","url":"https:\/\/www.eldigitaldeasturias.com\/noticias\/wp-content\/uploads\/2018\/07\/money-1005479_960_720.jpg","@id":"https:\/\/www.eldigitaldeasturias.com\/noticias\/la-tasa-de-variacion-anual-del-iprix-fue-de-03-en-enero-de-2019\/#mainImage","width":960,"height":619},"primaryImageOfPage":{"@id":"https:\/\/www.eldigitaldeasturias.com\/noticias\/la-tasa-de-variacion-anual-del-iprix-fue-de-03-en-enero-de-2019\/#mainImage"},"datePublished":"2019-03-05T14:34:41+01:00","dateModified":"2019-03-05T14:34:41+01:00"},{"@type":"WebSite","@id":"https:\/\/www.eldigitaldeasturias.com\/noticias\/#website","url":"https:\/\/www.eldigitaldeasturias.com\/noticias\/","name":"El Digital de Asturias - Diario de actualidad y noticias","alternateName":"El Digital de Asturias - Diario de actualidad y noticias","description":"Hemeroteca","inLanguage":"es-ES","publisher":{"@id":"https:\/\/www.eldigitaldeasturias.com\/noticias\/#organization"}}]},"og:locale":"es_ES","og:site_name":"El Digital de Asturias","og:type":"article","og:title":"La tasa de variaci\u00f3n anual del IPRIX fue de 0,3% en enero de 2019 - El Digital de Asturias","og:description":"De acuerdo con un informe publicado este martes por el Instituto Nacional de Estad\u00edstica (INE), la tasa de variaci\u00f3n anual del \u00cdndice de Precios de Exportaci\u00f3n (IPRIX) en el mes de enero fue del 0,3%, dos d\u00e9cimas por encima de la registrada en diciembre. Adem\u00e1s, seg\u00fan el informe los bienes que tuvieron una tendencia positiva","og:url":"https:\/\/www.eldigitaldeasturias.com\/noticias\/la-tasa-de-variacion-anual-del-iprix-fue-de-03-en-enero-de-2019\/","og:image":"https:\/\/www.eldigitaldeasturias.com\/noticias\/wp-content\/uploads\/2018\/07\/money-1005479_960_720.jpg","og:image:secure_url":"https:\/\/www.eldigitaldeasturias.com\/noticias\/wp-content\/uploads\/2018\/07\/money-1005479_960_720.jpg","og:image:width":960,"og:image:height":619,"article:tag":["econom\u00eda"],"article:published_time":"2019-03-05T14:34:41+00:00","article:modified_time":"2019-03-05T14:34:41+00:00","article:publisher":"https:\/\/facebook.com\/eldigitaldeasturias","twitter:card":"summary_large_image","twitter:title":"La tasa de variaci\u00f3n anual del IPRIX fue de 0,3% en enero de 2019 - El Digital de Asturias","twitter:description":"De acuerdo con un informe publicado este martes por el Instituto Nacional de Estad\u00edstica (INE), la tasa de variaci\u00f3n anual del \u00cdndice de Precios de Exportaci\u00f3n (IPRIX) en el mes de enero fue del 0,3%, dos d\u00e9cimas por encima de la registrada en diciembre. Adem\u00e1s, seg\u00fan el informe los bienes que tuvieron una tendencia positiva","twitter:image":"https:\/\/www.eldigitaldeasturias.com\/noticias\/wp-content\/uploads\/2018\/07\/money-1005479_960_720.jpg","twitter:label1":"Escrito por","twitter:data1":"El Digital de Asturias","twitter:label2":"Tiempo de lectura estimado","twitter:data2":"1 minuto"},"aioseo_meta_data":{"post_id":"1019406","title":null,"description":null,"keywords":null,"keyphrases":null,"primary_term":null,"canonical_url":null,"og_title":null,"og_description":null,"og_object_type":"default","og_image_type":"default","og_image_url":null,"og_image_width":null,"og_image_height":null,"og_image_custom_url":null,"og_image_custom_fields":null,"og_video":null,"og_custom_url":null,"og_article_section":null,"og_article_tags":null,"twitter_use_og":false,"twitter_card":"default","twitter_image_type":"default","twitter_image_url":null,"twitter_image_custom_url":null,"twitter_image_custom_fields":null,"twitter_title":null,"twitter_description":null,"schema":{"blockGraphs":[],"customGraphs":[],"default":{"data":{"Article":[],"Course":[],"Dataset":[],"FAQPage":[],"Movie":[],"Person":[],"Product":[],"ProductReview":[],"Car":[],"Recipe":[],"Service":[],"SoftwareApplication":[],"WebPage":[]},"graphName":"","isEnabled":true},"graphs":[],"defaultGraph":"","defaultPostTypeGraph":""},"schema_type":null,"schema_type_options":null,"pillar_content":false,"robots_default":true,"robots_noindex":false,"robots_noarchive":false,"robots_nosnippet":false,"robots_nofollow":false,"robots_noimageindex":false,"robots_noodp":false,"robots_notranslate":false,"robots_max_snippet":null,"robots_max_videopreview":null,"robots_max_imagepreview":"large","priority":null,"frequency":null,"local_seo":null,"seo_analyzer_scan_date":"2025-10-16 18:42:23","breadcrumb_settings":null,"limit_modified_date":false,"open_ai":null,"ai":null,"created":"2020-12-21 11:17:57","updated":"2025-10-16 18:42:23"},"aioseo_breadcrumb":"<div class=\"aioseo-breadcrumbs\"><span class=\"aioseo-breadcrumb\">\n\t<a href=\"https:\/\/www.eldigitaldeasturias.com\/noticias\" title=\"Home\">Home<\/a>\n<\/span><span class=\"aioseo-breadcrumb-separator\">\u2013<\/span><span class=\"aioseo-breadcrumb\">\n\t<a href=\"https:\/\/www.eldigitaldeasturias.com\/noticias\/category\/economia\/\" title=\"Econom\u00eda\">Econom\u00eda<\/a>\n<\/span><span class=\"aioseo-breadcrumb-separator\">\u2013<\/span><span class=\"aioseo-breadcrumb\">\n\t<a href=\"https:\/\/www.eldigitaldeasturias.com\/noticias\/la-tasa-de-variacion-anual-del-iprix-fue-de-03-en-enero-de-2019\/\" title=\"La tasa de variaci\u00f3n anual del IPRIX fue de 0,3% en enero de 2019\">La tasa de variaci\u00f3n anual del IPRIX fue de 0,3% en enero de 2019<\/a>\n<\/span><\/div>","aioseo_breadcrumb_json":[{"label":"Home","link":"https:\/\/www.eldigitaldeasturias.com\/noticias"},{"label":"Econom\u00eda","link":"https:\/\/www.eldigitaldeasturias.com\/noticias\/category\/economia\/"},{"label":"La tasa de variaci\u00f3n anual del IPRIX fue de 0,3% en enero de 2019","link":"https:\/\/www.eldigitaldeasturias.com\/noticias\/la-tasa-de-variacion-anual-del-iprix-fue-de-03-en-enero-de-2019\/"}],"_links":{"self":[{"href":"https:\/\/www.eldigitaldeasturias.com\/noticias\/wp-json\/wp\/v2\/posts\/1019406","targetHints":{"allow":["GET"]}}],"collection":[{"href":"https:\/\/www.eldigitaldeasturias.com\/noticias\/wp-json\/wp\/v2\/posts"}],"about":[{"href":"https:\/\/www.eldigitaldeasturias.com\/noticias\/wp-json\/wp\/v2\/types\/post"}],"author":[{"embeddable":true,"href":"https:\/\/www.eldigitaldeasturias.com\/noticias\/wp-json\/wp\/v2\/users\/1"}],"replies":[{"embeddable":true,"href":"https:\/\/www.eldigitaldeasturias.com\/noticias\/wp-json\/wp\/v2\/comments?post=1019406"}],"version-history":[{"count":0,"href":"https:\/\/www.eldigitaldeasturias.com\/noticias\/wp-json\/wp\/v2\/posts\/1019406\/revisions"}],"wp:featuredmedia":[{"embeddable":true,"href":"https:\/\/www.eldigitaldeasturias.com\/noticias\/wp-json\/wp\/v2\/media\/989215"}],"wp:attachment":[{"href":"https:\/\/www.eldigitaldeasturias.com\/noticias\/wp-json\/wp\/v2\/media?parent=1019406"}],"wp:term":[{"taxonomy":"category","embeddable":true,"href":"https:\/\/www.eldigitaldeasturias.com\/noticias\/wp-json\/wp\/v2\/categories?post=1019406"},{"taxonomy":"post_tag","embeddable":true,"href":"https:\/\/www.eldigitaldeasturias.com\/noticias\/wp-json\/wp\/v2\/tags?post=1019406"}],"curies":[{"name":"wp","href":"https:\/\/api.w.org\/{rel}","templated":true}]}}