{"id":1019213,"date":"2019-03-03T22:30:20","date_gmt":"2019-03-03T22:30:20","guid":{"rendered":"https:\/\/www.eldigitaldeasturias.com\/noticias\/?p=1019213"},"modified":"2019-03-03T22:30:20","modified_gmt":"2019-03-03T22:30:20","slug":"record-de-exportaciones-de-la-industria-alemana-del-mueble","status":"publish","type":"post","link":"https:\/\/www.eldigitaldeasturias.com\/noticias\/record-de-exportaciones-de-la-industria-alemana-del-mueble\/","title":{"rendered":"R\u00e9cord de exportaciones de la industria alemana del mueble"},"content":{"rendered":"<p><img loading=\"lazy\" decoding=\"async\" class=\"alignleft size-medium wp-image-1019214\" src=\"https:\/\/www.eldigitaldeasturias.com\/noticias\/wp-content\/uploads\/2019\/03\/industria-mueble-360x251.jpg\" alt=\"\" width=\"360\" height=\"251\" srcset=\"https:\/\/www.eldigitaldeasturias.com\/noticias\/wp-content\/uploads\/2019\/03\/industria-mueble-360x251.jpg 360w, https:\/\/www.eldigitaldeasturias.com\/noticias\/wp-content\/uploads\/2019\/03\/industria-mueble-768x536.jpg 768w, https:\/\/www.eldigitaldeasturias.com\/noticias\/wp-content\/uploads\/2019\/03\/industria-mueble-650x454.jpg 650w, https:\/\/www.eldigitaldeasturias.com\/noticias\/wp-content\/uploads\/2019\/03\/industria-mueble.jpg 963w\" sizes=\"auto, (max-width: 360px) 100vw, 360px\" \/>Bad Honnef (Alemania), 3 mar (dpa) &#8211; La industria alemana del mueble export\u00f3 bienes por un valor de 10.900 millones de euros (12.400 millones de d\u00f3lares) en 2018 y marc\u00f3 as\u00ed un r\u00e9cord de ventas.<\/p>\n<p>Las exportaciones se incrementaron en un 2,2 por ciento en comparaci\u00f3n con el a\u00f1o anterior, seg\u00fan inform\u00f3 la federaci\u00f3n de la industria alemana del mueble.<\/p>\n<p>El mercado chino denot\u00f3 un fuerte incremento del 14,7 por ciento. Sin embargo, los principales compradores extranjeros de los muebles \u00abmade in Germany\u00bb contin\u00faan siendo los pa\u00edses europeos con el 70 por ciento de las ventas totales, detall\u00f3 la federaci\u00f3n.<\/p>\n<p>Francia va a la cabeza entre los importadores europeos, seguido de Suiza, Austria y los Pa\u00edses Bajos. Gran Breta\u00f1a ocup\u00f3 el quinto lugar, aunque las ventas mermaron significativamente en vista de la posible salida del Reino Unido de la Uni\u00f3n Europea, el llamado \u00abBrexit\u00bb, declar\u00f3 la entidad.<\/p>\n<p>Asimismo, la federaci\u00f3n que agrupa a los fabricantes germanos de muebles dio a conocer recientemente un leve aumento del volumen de ventas en 2018. Los beneficios crecieron en un 0,7 por ciento y alcanzaron casi los 18.000 millones de euros (20.480 millones de d\u00f3lares), indic\u00f3 la organizaci\u00f3n.<\/p>\n<p><strong><em>Foto: Hendrik Schmidt\/ZB\/dpa<\/em><\/strong><\/p>\n","protected":false},"excerpt":{"rendered":"<p>Bad Honnef (Alemania), 3 mar (dpa) &#8211; La industria alemana del mueble export\u00f3 bienes por un valor de 10.900 millones de euros (12.400 millones de d\u00f3lares) en 2018 y marc\u00f3 as\u00ed un r\u00e9cord de ventas. Las exportaciones se incrementaron en un 2,2 por ciento en comparaci\u00f3n con el a\u00f1o anterior, seg\u00fan inform\u00f3 la federaci\u00f3n de [&hellip;]<\/p>\n","protected":false},"author":1,"featured_media":1019214,"comment_status":"closed","ping_status":"closed","sticky":false,"template":"","format":"standard","meta":{"footnotes":""},"categories":[187],"tags":[],"class_list":["post-1019213","post","type-post","status-publish","format-standard","has-post-thumbnail","hentry","category-economia"],"aioseo_notices":[],"aioseo_head":"\n\t\t<!-- All in One SEO Pro 4.9.6.2 - aioseo.com -->\n\t<meta name=\"description\" content=\"Bad Honnef (Alemania), 3 mar (dpa) - La industria alemana del mueble export\u00f3 bienes por un valor de 10.900 millones de euros (12.400 millones de d\u00f3lares) en 2018 y marc\u00f3 as\u00ed un r\u00e9cord de ventas. Las exportaciones se incrementaron en un 2,2 por ciento en comparaci\u00f3n con el a\u00f1o anterior, seg\u00fan inform\u00f3 la federaci\u00f3n de\" \/>\n\t<meta name=\"robots\" content=\"max-image-preview:large\" \/>\n\t<meta name=\"author\" content=\"El Digital de Asturias\"\/>\n\t<meta name=\"google-site-verification\" content=\"UA-38556648-1\" \/>\n\t<meta name=\"msvalidate.01\" content=\"7dfe9f3f1b24437ab69f4f2559babe99\" \/>\n\t<meta name=\"keywords\" content=\"econom\u00eda\" \/>\n\t<link rel=\"canonical\" href=\"https:\/\/www.eldigitaldeasturias.com\/noticias\/record-de-exportaciones-de-la-industria-alemana-del-mueble\/\" \/>\n\t<meta name=\"generator\" content=\"All in One SEO Pro (AIOSEO) 4.9.6.2\" \/>\n\t\t<meta property=\"og:locale\" content=\"es_ES\" \/>\n\t\t<meta property=\"og:site_name\" content=\"El Digital de Asturias\" \/>\n\t\t<meta property=\"og:type\" content=\"article\" \/>\n\t\t<meta property=\"og:title\" content=\"R\u00e9cord de exportaciones de la industria alemana del mueble - El Digital de Asturias\" \/>\n\t\t<meta property=\"og:description\" content=\"Bad Honnef (Alemania), 3 mar (dpa) - La industria alemana del mueble export\u00f3 bienes por un valor de 10.900 millones de euros (12.400 millones de d\u00f3lares) en 2018 y marc\u00f3 as\u00ed un r\u00e9cord de ventas. Las exportaciones se incrementaron en un 2,2 por ciento en comparaci\u00f3n con el a\u00f1o anterior, seg\u00fan inform\u00f3 la federaci\u00f3n de\" \/>\n\t\t<meta property=\"og:url\" content=\"https:\/\/www.eldigitaldeasturias.com\/noticias\/record-de-exportaciones-de-la-industria-alemana-del-mueble\/\" \/>\n\t\t<meta property=\"og:image\" content=\"https:\/\/www.eldigitaldeasturias.com\/noticias\/wp-content\/uploads\/2019\/03\/industria-mueble.jpg\" \/>\n\t\t<meta property=\"og:image:secure_url\" content=\"https:\/\/www.eldigitaldeasturias.com\/noticias\/wp-content\/uploads\/2019\/03\/industria-mueble.jpg\" \/>\n\t\t<meta property=\"og:image:width\" content=\"963\" \/>\n\t\t<meta property=\"og:image:height\" content=\"672\" \/>\n\t\t<meta property=\"article:tag\" content=\"econom\u00eda\" \/>\n\t\t<meta property=\"article:published_time\" content=\"2019-03-03T22:30:20+00:00\" \/>\n\t\t<meta property=\"article:modified_time\" content=\"2019-03-03T22:30:20+00:00\" \/>\n\t\t<meta property=\"article:publisher\" content=\"https:\/\/facebook.com\/eldigitaldeasturias\" \/>\n\t\t<meta name=\"twitter:card\" content=\"summary_large_image\" \/>\n\t\t<meta name=\"twitter:title\" content=\"R\u00e9cord de exportaciones de la industria alemana del mueble - El Digital de Asturias\" \/>\n\t\t<meta name=\"twitter:description\" content=\"Bad Honnef (Alemania), 3 mar (dpa) - La industria alemana del mueble export\u00f3 bienes por un valor de 10.900 millones de euros (12.400 millones de d\u00f3lares) en 2018 y marc\u00f3 as\u00ed un r\u00e9cord de ventas. Las exportaciones se incrementaron en un 2,2 por ciento en comparaci\u00f3n con el a\u00f1o anterior, seg\u00fan inform\u00f3 la federaci\u00f3n de\" \/>\n\t\t<meta name=\"twitter:image\" content=\"https:\/\/www.eldigitaldeasturias.com\/noticias\/wp-content\/uploads\/2019\/03\/industria-mueble.jpg\" \/>\n\t\t<meta name=\"twitter:label1\" content=\"Escrito por\" \/>\n\t\t<meta name=\"twitter:data1\" content=\"El Digital de Asturias\" \/>\n\t\t<meta name=\"twitter:label2\" content=\"Tiempo de lectura estimado\" \/>\n\t\t<meta name=\"twitter:data2\" content=\"1 minuto\" \/>\n\t\t<script type=\"application\/ld+json\" class=\"aioseo-schema\">\n\t\t\t{\"@context\":\"https:\\\/\\\/schema.org\",\"@graph\":[{\"@type\":\"BlogPosting\",\"@id\":\"https:\\\/\\\/www.eldigitaldeasturias.com\\\/noticias\\\/record-de-exportaciones-de-la-industria-alemana-del-mueble\\\/#blogposting\",\"name\":\"R\\u00e9cord de exportaciones de la industria alemana del mueble - El Digital de Asturias\",\"headline\":\"R\\u00e9cord de exportaciones de la industria alemana del mueble\",\"author\":{\"@id\":\"https:\\\/\\\/www.eldigitaldeasturias.com\\\/noticias\\\/author\\\/admin\\\/#author\"},\"publisher\":{\"@id\":\"https:\\\/\\\/www.eldigitaldeasturias.com\\\/noticias\\\/#organization\"},\"image\":{\"@type\":\"ImageObject\",\"url\":\"https:\\\/\\\/www.eldigitaldeasturias.com\\\/noticias\\\/wp-content\\\/uploads\\\/2019\\\/03\\\/industria-mueble.jpg\",\"width\":963,\"height\":672},\"datePublished\":\"2019-03-03T22:30:20+01:00\",\"dateModified\":\"2019-03-03T22:30:20+01:00\",\"inLanguage\":\"es-ES\",\"mainEntityOfPage\":{\"@id\":\"https:\\\/\\\/www.eldigitaldeasturias.com\\\/noticias\\\/record-de-exportaciones-de-la-industria-alemana-del-mueble\\\/#webpage\"},\"isPartOf\":{\"@id\":\"https:\\\/\\\/www.eldigitaldeasturias.com\\\/noticias\\\/record-de-exportaciones-de-la-industria-alemana-del-mueble\\\/#webpage\"},\"articleSection\":\"Econom\\u00eda\"},{\"@type\":\"BreadcrumbList\",\"@id\":\"https:\\\/\\\/www.eldigitaldeasturias.com\\\/noticias\\\/record-de-exportaciones-de-la-industria-alemana-del-mueble\\\/#breadcrumblist\",\"itemListElement\":[{\"@type\":\"ListItem\",\"@id\":\"https:\\\/\\\/www.eldigitaldeasturias.com\\\/noticias#listItem\",\"position\":1,\"name\":\"Home\",\"item\":\"https:\\\/\\\/www.eldigitaldeasturias.com\\\/noticias\",\"nextItem\":{\"@type\":\"ListItem\",\"@id\":\"https:\\\/\\\/www.eldigitaldeasturias.com\\\/noticias\\\/category\\\/economia\\\/#listItem\",\"name\":\"Econom\\u00eda\"}},{\"@type\":\"ListItem\",\"@id\":\"https:\\\/\\\/www.eldigitaldeasturias.com\\\/noticias\\\/category\\\/economia\\\/#listItem\",\"position\":2,\"name\":\"Econom\\u00eda\",\"item\":\"https:\\\/\\\/www.eldigitaldeasturias.com\\\/noticias\\\/category\\\/economia\\\/\",\"nextItem\":{\"@type\":\"ListItem\",\"@id\":\"https:\\\/\\\/www.eldigitaldeasturias.com\\\/noticias\\\/record-de-exportaciones-de-la-industria-alemana-del-mueble\\\/#listItem\",\"name\":\"R\\u00e9cord de exportaciones de la industria alemana del mueble\"},\"previousItem\":{\"@type\":\"ListItem\",\"@id\":\"https:\\\/\\\/www.eldigitaldeasturias.com\\\/noticias#listItem\",\"name\":\"Home\"}},{\"@type\":\"ListItem\",\"@id\":\"https:\\\/\\\/www.eldigitaldeasturias.com\\\/noticias\\\/record-de-exportaciones-de-la-industria-alemana-del-mueble\\\/#listItem\",\"position\":3,\"name\":\"R\\u00e9cord de exportaciones de la industria alemana del mueble\",\"previousItem\":{\"@type\":\"ListItem\",\"@id\":\"https:\\\/\\\/www.eldigitaldeasturias.com\\\/noticias\\\/category\\\/economia\\\/#listItem\",\"name\":\"Econom\\u00eda\"}}]},{\"@type\":\"Organization\",\"@id\":\"https:\\\/\\\/www.eldigitaldeasturias.com\\\/noticias\\\/#organization\",\"name\":\"El Digital de Asturias\",\"description\":\"Hemeroteca\",\"url\":\"https:\\\/\\\/www.eldigitaldeasturias.com\\\/noticias\\\/\",\"email\":\"info@eldigitaldeasturias.com\",\"telephone\":\"+34652131393\",\"logo\":{\"@type\":\"ImageObject\",\"url\":\"https:\\\/\\\/www.eldigitaldeasturias.com\\\/noticias\\\/wp-content\\\/uploads\\\/2020\\\/12\\\/EDA.jpg\",\"@id\":\"https:\\\/\\\/www.eldigitaldeasturias.com\\\/noticias\\\/record-de-exportaciones-de-la-industria-alemana-del-mueble\\\/#organizationLogo\",\"width\":649,\"height\":297},\"image\":{\"@id\":\"https:\\\/\\\/www.eldigitaldeasturias.com\\\/noticias\\\/record-de-exportaciones-de-la-industria-alemana-del-mueble\\\/#organizationLogo\"},\"sameAs\":[\"https:\\\/\\\/facebook.com\\\/eldigitaldeasturias\",\"https:\\\/\\\/www.youtube.com\\\/channel\\\/UCZP-2wLEB9Rv6erhFmqVnvg\"],\"address\":{\"@id\":\"https:\\\/\\\/www.eldigitaldeasturias.com\\\/noticias\\\/#postaladdress\",\"@type\":\"PostalAddress\",\"streetAddress\":\"san antonio 4,\",\"postalCode\":\"33430\",\"addressLocality\":\"Cand\\u00e1s\",\"addressRegion\":\"Asturias\",\"addressCountry\":\"ES\"}},{\"@type\":\"Person\",\"@id\":\"https:\\\/\\\/www.eldigitaldeasturias.com\\\/noticias\\\/author\\\/admin\\\/#author\",\"url\":\"https:\\\/\\\/www.eldigitaldeasturias.com\\\/noticias\\\/author\\\/admin\\\/\",\"name\":\"El Digital de Asturias\",\"image\":{\"@type\":\"ImageObject\",\"@id\":\"https:\\\/\\\/www.eldigitaldeasturias.com\\\/noticias\\\/record-de-exportaciones-de-la-industria-alemana-del-mueble\\\/#authorImage\",\"url\":\"https:\\\/\\\/www.eldigitaldeasturias.com\\\/noticias\\\/wp-content\\\/litespeed\\\/avatar\\\/18677e78aa0546b92d9dbf31ec7d7668.jpg?ver=1777290358\",\"width\":96,\"height\":96,\"caption\":\"El Digital de Asturias\"}},{\"@type\":\"WebPage\",\"@id\":\"https:\\\/\\\/www.eldigitaldeasturias.com\\\/noticias\\\/record-de-exportaciones-de-la-industria-alemana-del-mueble\\\/#webpage\",\"url\":\"https:\\\/\\\/www.eldigitaldeasturias.com\\\/noticias\\\/record-de-exportaciones-de-la-industria-alemana-del-mueble\\\/\",\"name\":\"R\\u00e9cord de exportaciones de la industria alemana del mueble - El Digital de Asturias\",\"description\":\"Bad Honnef (Alemania), 3 mar (dpa) - La industria alemana del mueble export\\u00f3 bienes por un valor de 10.900 millones de euros (12.400 millones de d\\u00f3lares) en 2018 y marc\\u00f3 as\\u00ed un r\\u00e9cord de ventas. Las exportaciones se incrementaron en un 2,2 por ciento en comparaci\\u00f3n con el a\\u00f1o anterior, seg\\u00fan inform\\u00f3 la federaci\\u00f3n de\",\"inLanguage\":\"es-ES\",\"isPartOf\":{\"@id\":\"https:\\\/\\\/www.eldigitaldeasturias.com\\\/noticias\\\/#website\"},\"breadcrumb\":{\"@id\":\"https:\\\/\\\/www.eldigitaldeasturias.com\\\/noticias\\\/record-de-exportaciones-de-la-industria-alemana-del-mueble\\\/#breadcrumblist\"},\"author\":{\"@id\":\"https:\\\/\\\/www.eldigitaldeasturias.com\\\/noticias\\\/author\\\/admin\\\/#author\"},\"creator\":{\"@id\":\"https:\\\/\\\/www.eldigitaldeasturias.com\\\/noticias\\\/author\\\/admin\\\/#author\"},\"image\":{\"@type\":\"ImageObject\",\"url\":\"https:\\\/\\\/www.eldigitaldeasturias.com\\\/noticias\\\/wp-content\\\/uploads\\\/2019\\\/03\\\/industria-mueble.jpg\",\"@id\":\"https:\\\/\\\/www.eldigitaldeasturias.com\\\/noticias\\\/record-de-exportaciones-de-la-industria-alemana-del-mueble\\\/#mainImage\",\"width\":963,\"height\":672},\"primaryImageOfPage\":{\"@id\":\"https:\\\/\\\/www.eldigitaldeasturias.com\\\/noticias\\\/record-de-exportaciones-de-la-industria-alemana-del-mueble\\\/#mainImage\"},\"datePublished\":\"2019-03-03T22:30:20+01:00\",\"dateModified\":\"2019-03-03T22:30:20+01:00\"},{\"@type\":\"WebSite\",\"@id\":\"https:\\\/\\\/www.eldigitaldeasturias.com\\\/noticias\\\/#website\",\"url\":\"https:\\\/\\\/www.eldigitaldeasturias.com\\\/noticias\\\/\",\"name\":\"El Digital de Asturias - Diario de actualidad y noticias\",\"alternateName\":\"El Digital de Asturias - Diario de actualidad y noticias\",\"description\":\"Hemeroteca\",\"inLanguage\":\"es-ES\",\"publisher\":{\"@id\":\"https:\\\/\\\/www.eldigitaldeasturias.com\\\/noticias\\\/#organization\"}}]}\n\t\t<\/script>\n\t\t<!-- All in One SEO Pro -->\r\n\t\t<title>R\u00e9cord de exportaciones de la industria alemana del mueble - El Digital de Asturias<\/title>\n\n","aioseo_head_json":{"title":"R\u00e9cord de exportaciones de la industria alemana del mueble - El Digital de Asturias","description":"Bad Honnef (Alemania), 3 mar (dpa) - La industria alemana del mueble export\u00f3 bienes por un valor de 10.900 millones de euros (12.400 millones de d\u00f3lares) en 2018 y marc\u00f3 as\u00ed un r\u00e9cord de ventas. Las exportaciones se incrementaron en un 2,2 por ciento en comparaci\u00f3n con el a\u00f1o anterior, seg\u00fan inform\u00f3 la federaci\u00f3n de","canonical_url":"https:\/\/www.eldigitaldeasturias.com\/noticias\/record-de-exportaciones-de-la-industria-alemana-del-mueble\/","robots":"max-image-preview:large","keywords":"econom\u00eda","webmasterTools":{"google-site-verification":"UA-38556648-1","msvalidate.01":"7dfe9f3f1b24437ab69f4f2559babe99","miscellaneous":""},"schema":{"@context":"https:\/\/schema.org","@graph":[{"@type":"BlogPosting","@id":"https:\/\/www.eldigitaldeasturias.com\/noticias\/record-de-exportaciones-de-la-industria-alemana-del-mueble\/#blogposting","name":"R\u00e9cord de exportaciones de la industria alemana del mueble - El Digital de Asturias","headline":"R\u00e9cord de exportaciones de la industria alemana del mueble","author":{"@id":"https:\/\/www.eldigitaldeasturias.com\/noticias\/author\/admin\/#author"},"publisher":{"@id":"https:\/\/www.eldigitaldeasturias.com\/noticias\/#organization"},"image":{"@type":"ImageObject","url":"https:\/\/www.eldigitaldeasturias.com\/noticias\/wp-content\/uploads\/2019\/03\/industria-mueble.jpg","width":963,"height":672},"datePublished":"2019-03-03T22:30:20+01:00","dateModified":"2019-03-03T22:30:20+01:00","inLanguage":"es-ES","mainEntityOfPage":{"@id":"https:\/\/www.eldigitaldeasturias.com\/noticias\/record-de-exportaciones-de-la-industria-alemana-del-mueble\/#webpage"},"isPartOf":{"@id":"https:\/\/www.eldigitaldeasturias.com\/noticias\/record-de-exportaciones-de-la-industria-alemana-del-mueble\/#webpage"},"articleSection":"Econom\u00eda"},{"@type":"BreadcrumbList","@id":"https:\/\/www.eldigitaldeasturias.com\/noticias\/record-de-exportaciones-de-la-industria-alemana-del-mueble\/#breadcrumblist","itemListElement":[{"@type":"ListItem","@id":"https:\/\/www.eldigitaldeasturias.com\/noticias#listItem","position":1,"name":"Home","item":"https:\/\/www.eldigitaldeasturias.com\/noticias","nextItem":{"@type":"ListItem","@id":"https:\/\/www.eldigitaldeasturias.com\/noticias\/category\/economia\/#listItem","name":"Econom\u00eda"}},{"@type":"ListItem","@id":"https:\/\/www.eldigitaldeasturias.com\/noticias\/category\/economia\/#listItem","position":2,"name":"Econom\u00eda","item":"https:\/\/www.eldigitaldeasturias.com\/noticias\/category\/economia\/","nextItem":{"@type":"ListItem","@id":"https:\/\/www.eldigitaldeasturias.com\/noticias\/record-de-exportaciones-de-la-industria-alemana-del-mueble\/#listItem","name":"R\u00e9cord de exportaciones de la industria alemana del mueble"},"previousItem":{"@type":"ListItem","@id":"https:\/\/www.eldigitaldeasturias.com\/noticias#listItem","name":"Home"}},{"@type":"ListItem","@id":"https:\/\/www.eldigitaldeasturias.com\/noticias\/record-de-exportaciones-de-la-industria-alemana-del-mueble\/#listItem","position":3,"name":"R\u00e9cord de exportaciones de la industria alemana del mueble","previousItem":{"@type":"ListItem","@id":"https:\/\/www.eldigitaldeasturias.com\/noticias\/category\/economia\/#listItem","name":"Econom\u00eda"}}]},{"@type":"Organization","@id":"https:\/\/www.eldigitaldeasturias.com\/noticias\/#organization","name":"El Digital de Asturias","description":"Hemeroteca","url":"https:\/\/www.eldigitaldeasturias.com\/noticias\/","email":"info@eldigitaldeasturias.com","telephone":"+34652131393","logo":{"@type":"ImageObject","url":"https:\/\/www.eldigitaldeasturias.com\/noticias\/wp-content\/uploads\/2020\/12\/EDA.jpg","@id":"https:\/\/www.eldigitaldeasturias.com\/noticias\/record-de-exportaciones-de-la-industria-alemana-del-mueble\/#organizationLogo","width":649,"height":297},"image":{"@id":"https:\/\/www.eldigitaldeasturias.com\/noticias\/record-de-exportaciones-de-la-industria-alemana-del-mueble\/#organizationLogo"},"sameAs":["https:\/\/facebook.com\/eldigitaldeasturias","https:\/\/www.youtube.com\/channel\/UCZP-2wLEB9Rv6erhFmqVnvg"],"address":{"@id":"https:\/\/www.eldigitaldeasturias.com\/noticias\/#postaladdress","@type":"PostalAddress","streetAddress":"san antonio 4,","postalCode":"33430","addressLocality":"Cand\u00e1s","addressRegion":"Asturias","addressCountry":"ES"}},{"@type":"Person","@id":"https:\/\/www.eldigitaldeasturias.com\/noticias\/author\/admin\/#author","url":"https:\/\/www.eldigitaldeasturias.com\/noticias\/author\/admin\/","name":"El Digital de Asturias","image":{"@type":"ImageObject","@id":"https:\/\/www.eldigitaldeasturias.com\/noticias\/record-de-exportaciones-de-la-industria-alemana-del-mueble\/#authorImage","url":"https:\/\/www.eldigitaldeasturias.com\/noticias\/wp-content\/litespeed\/avatar\/18677e78aa0546b92d9dbf31ec7d7668.jpg?ver=1777290358","width":96,"height":96,"caption":"El Digital de Asturias"}},{"@type":"WebPage","@id":"https:\/\/www.eldigitaldeasturias.com\/noticias\/record-de-exportaciones-de-la-industria-alemana-del-mueble\/#webpage","url":"https:\/\/www.eldigitaldeasturias.com\/noticias\/record-de-exportaciones-de-la-industria-alemana-del-mueble\/","name":"R\u00e9cord de exportaciones de la industria alemana del mueble - El Digital de Asturias","description":"Bad Honnef (Alemania), 3 mar (dpa) - La industria alemana del mueble export\u00f3 bienes por un valor de 10.900 millones de euros (12.400 millones de d\u00f3lares) en 2018 y marc\u00f3 as\u00ed un r\u00e9cord de ventas. Las exportaciones se incrementaron en un 2,2 por ciento en comparaci\u00f3n con el a\u00f1o anterior, seg\u00fan inform\u00f3 la federaci\u00f3n de","inLanguage":"es-ES","isPartOf":{"@id":"https:\/\/www.eldigitaldeasturias.com\/noticias\/#website"},"breadcrumb":{"@id":"https:\/\/www.eldigitaldeasturias.com\/noticias\/record-de-exportaciones-de-la-industria-alemana-del-mueble\/#breadcrumblist"},"author":{"@id":"https:\/\/www.eldigitaldeasturias.com\/noticias\/author\/admin\/#author"},"creator":{"@id":"https:\/\/www.eldigitaldeasturias.com\/noticias\/author\/admin\/#author"},"image":{"@type":"ImageObject","url":"https:\/\/www.eldigitaldeasturias.com\/noticias\/wp-content\/uploads\/2019\/03\/industria-mueble.jpg","@id":"https:\/\/www.eldigitaldeasturias.com\/noticias\/record-de-exportaciones-de-la-industria-alemana-del-mueble\/#mainImage","width":963,"height":672},"primaryImageOfPage":{"@id":"https:\/\/www.eldigitaldeasturias.com\/noticias\/record-de-exportaciones-de-la-industria-alemana-del-mueble\/#mainImage"},"datePublished":"2019-03-03T22:30:20+01:00","dateModified":"2019-03-03T22:30:20+01:00"},{"@type":"WebSite","@id":"https:\/\/www.eldigitaldeasturias.com\/noticias\/#website","url":"https:\/\/www.eldigitaldeasturias.com\/noticias\/","name":"El Digital de Asturias - Diario de actualidad y noticias","alternateName":"El Digital de Asturias - Diario de actualidad y noticias","description":"Hemeroteca","inLanguage":"es-ES","publisher":{"@id":"https:\/\/www.eldigitaldeasturias.com\/noticias\/#organization"}}]},"og:locale":"es_ES","og:site_name":"El Digital de Asturias","og:type":"article","og:title":"R\u00e9cord de exportaciones de la industria alemana del mueble - El Digital de Asturias","og:description":"Bad Honnef (Alemania), 3 mar (dpa) - La industria alemana del mueble export\u00f3 bienes por un valor de 10.900 millones de euros (12.400 millones de d\u00f3lares) en 2018 y marc\u00f3 as\u00ed un r\u00e9cord de ventas. Las exportaciones se incrementaron en un 2,2 por ciento en comparaci\u00f3n con el a\u00f1o anterior, seg\u00fan inform\u00f3 la federaci\u00f3n de","og:url":"https:\/\/www.eldigitaldeasturias.com\/noticias\/record-de-exportaciones-de-la-industria-alemana-del-mueble\/","og:image":"https:\/\/www.eldigitaldeasturias.com\/noticias\/wp-content\/uploads\/2019\/03\/industria-mueble.jpg","og:image:secure_url":"https:\/\/www.eldigitaldeasturias.com\/noticias\/wp-content\/uploads\/2019\/03\/industria-mueble.jpg","og:image:width":963,"og:image:height":672,"article:tag":["econom\u00eda"],"article:published_time":"2019-03-03T22:30:20+00:00","article:modified_time":"2019-03-03T22:30:20+00:00","article:publisher":"https:\/\/facebook.com\/eldigitaldeasturias","twitter:card":"summary_large_image","twitter:title":"R\u00e9cord de exportaciones de la industria alemana del mueble - El Digital de Asturias","twitter:description":"Bad Honnef (Alemania), 3 mar (dpa) - La industria alemana del mueble export\u00f3 bienes por un valor de 10.900 millones de euros (12.400 millones de d\u00f3lares) en 2018 y marc\u00f3 as\u00ed un r\u00e9cord de ventas. Las exportaciones se incrementaron en un 2,2 por ciento en comparaci\u00f3n con el a\u00f1o anterior, seg\u00fan inform\u00f3 la federaci\u00f3n de","twitter:image":"https:\/\/www.eldigitaldeasturias.com\/noticias\/wp-content\/uploads\/2019\/03\/industria-mueble.jpg","twitter:label1":"Escrito por","twitter:data1":"El Digital de Asturias","twitter:label2":"Tiempo de lectura estimado","twitter:data2":"1 minuto"},"aioseo_meta_data":{"post_id":"1019213","title":null,"description":null,"keywords":null,"keyphrases":null,"primary_term":null,"canonical_url":null,"og_title":null,"og_description":null,"og_object_type":"default","og_image_type":"default","og_image_url":null,"og_image_width":null,"og_image_height":null,"og_image_custom_url":null,"og_image_custom_fields":null,"og_video":null,"og_custom_url":null,"og_article_section":null,"og_article_tags":null,"twitter_use_og":false,"twitter_card":"default","twitter_image_type":"default","twitter_image_url":null,"twitter_image_custom_url":null,"twitter_image_custom_fields":null,"twitter_title":null,"twitter_description":null,"schema":{"blockGraphs":[],"customGraphs":[],"default":{"data":{"Article":[],"Course":[],"Dataset":[],"FAQPage":[],"Movie":[],"Person":[],"Product":[],"ProductReview":[],"Car":[],"Recipe":[],"Service":[],"SoftwareApplication":[],"WebPage":[]},"graphName":"","isEnabled":true},"graphs":[],"defaultGraph":"","defaultPostTypeGraph":""},"schema_type":null,"schema_type_options":null,"pillar_content":false,"robots_default":true,"robots_noindex":false,"robots_noarchive":false,"robots_nosnippet":false,"robots_nofollow":false,"robots_noimageindex":false,"robots_noodp":false,"robots_notranslate":false,"robots_max_snippet":null,"robots_max_videopreview":null,"robots_max_imagepreview":"large","priority":null,"frequency":null,"local_seo":null,"seo_analyzer_scan_date":"2025-10-16 17:35:23","breadcrumb_settings":null,"limit_modified_date":false,"open_ai":null,"ai":null,"created":"2020-12-21 11:17:59","updated":"2025-10-16 17:35:23"},"aioseo_breadcrumb":"<div class=\"aioseo-breadcrumbs\"><span class=\"aioseo-breadcrumb\">\n\t<a href=\"https:\/\/www.eldigitaldeasturias.com\/noticias\" title=\"Home\">Home<\/a>\n<\/span><span class=\"aioseo-breadcrumb-separator\">\u2013<\/span><span class=\"aioseo-breadcrumb\">\n\t<a href=\"https:\/\/www.eldigitaldeasturias.com\/noticias\/category\/economia\/\" title=\"Econom\u00eda\">Econom\u00eda<\/a>\n<\/span><span class=\"aioseo-breadcrumb-separator\">\u2013<\/span><span class=\"aioseo-breadcrumb\">\n\t<a href=\"https:\/\/www.eldigitaldeasturias.com\/noticias\/record-de-exportaciones-de-la-industria-alemana-del-mueble\/\" title=\"R\u00e9cord de exportaciones de la industria alemana del mueble\">R\u00e9cord de exportaciones de la industria alemana del mueble<\/a>\n<\/span><\/div>","aioseo_breadcrumb_json":[{"label":"Home","link":"https:\/\/www.eldigitaldeasturias.com\/noticias"},{"label":"Econom\u00eda","link":"https:\/\/www.eldigitaldeasturias.com\/noticias\/category\/economia\/"},{"label":"R\u00e9cord de exportaciones de la industria alemana del mueble","link":"https:\/\/www.eldigitaldeasturias.com\/noticias\/record-de-exportaciones-de-la-industria-alemana-del-mueble\/"}],"_links":{"self":[{"href":"https:\/\/www.eldigitaldeasturias.com\/noticias\/wp-json\/wp\/v2\/posts\/1019213","targetHints":{"allow":["GET"]}}],"collection":[{"href":"https:\/\/www.eldigitaldeasturias.com\/noticias\/wp-json\/wp\/v2\/posts"}],"about":[{"href":"https:\/\/www.eldigitaldeasturias.com\/noticias\/wp-json\/wp\/v2\/types\/post"}],"author":[{"embeddable":true,"href":"https:\/\/www.eldigitaldeasturias.com\/noticias\/wp-json\/wp\/v2\/users\/1"}],"replies":[{"embeddable":true,"href":"https:\/\/www.eldigitaldeasturias.com\/noticias\/wp-json\/wp\/v2\/comments?post=1019213"}],"version-history":[{"count":0,"href":"https:\/\/www.eldigitaldeasturias.com\/noticias\/wp-json\/wp\/v2\/posts\/1019213\/revisions"}],"wp:featuredmedia":[{"embeddable":true,"href":"https:\/\/www.eldigitaldeasturias.com\/noticias\/wp-json\/wp\/v2\/media\/1019214"}],"wp:attachment":[{"href":"https:\/\/www.eldigitaldeasturias.com\/noticias\/wp-json\/wp\/v2\/media?parent=1019213"}],"wp:term":[{"taxonomy":"category","embeddable":true,"href":"https:\/\/www.eldigitaldeasturias.com\/noticias\/wp-json\/wp\/v2\/categories?post=1019213"},{"taxonomy":"post_tag","embeddable":true,"href":"https:\/\/www.eldigitaldeasturias.com\/noticias\/wp-json\/wp\/v2\/tags?post=1019213"}],"curies":[{"name":"wp","href":"https:\/\/api.w.org\/{rel}","templated":true}]}}