{"id":1018888,"date":"2019-03-01T17:58:06","date_gmt":"2019-03-01T17:58:06","guid":{"rendered":"https:\/\/www.eldigitaldeasturias.com\/noticias\/?p=1018888"},"modified":"2019-03-01T17:58:06","modified_gmt":"2019-03-01T17:58:06","slug":"los-sueldos-regulados-por-tarifas-crecen-mas-que-la-inflacion-en-alemania","status":"publish","type":"post","link":"https:\/\/www.eldigitaldeasturias.com\/noticias\/los-sueldos-regulados-por-tarifas-crecen-mas-que-la-inflacion-en-alemania\/","title":{"rendered":"Los sueldos regulados por tarifas crecen m\u00e1s que la inflaci\u00f3n en Alemania"},"content":{"rendered":"<p><img loading=\"lazy\" decoding=\"async\" class=\"alignleft size-medium wp-image-989215\" src=\"https:\/\/www.eldigitaldeasturias.com\/noticias\/wp-content\/uploads\/2018\/07\/money-1005479_960_720-360x232.jpg\" alt=\"\" width=\"360\" height=\"232\" srcset=\"https:\/\/www.eldigitaldeasturias.com\/noticias\/wp-content\/uploads\/2018\/07\/money-1005479_960_720-360x232.jpg 360w, https:\/\/www.eldigitaldeasturias.com\/noticias\/wp-content\/uploads\/2018\/07\/money-1005479_960_720-465x300.jpg 465w, https:\/\/www.eldigitaldeasturias.com\/noticias\/wp-content\/uploads\/2018\/07\/money-1005479_960_720-768x495.jpg 768w, https:\/\/www.eldigitaldeasturias.com\/noticias\/wp-content\/uploads\/2018\/07\/money-1005479_960_720-690x445.jpg 690w, https:\/\/www.eldigitaldeasturias.com\/noticias\/wp-content\/uploads\/2018\/07\/money-1005479_960_720-20x13.jpg 20w, https:\/\/www.eldigitaldeasturias.com\/noticias\/wp-content\/uploads\/2018\/07\/money-1005479_960_720.jpg 960w\" sizes=\"auto, (max-width: 360px) 100vw, 360px\" \/>Wiesbaden (Alemania), 1 mar (dpa) &#8211; Los empleados que trabajan bajo la protecci\u00f3n de un convenio colectivo en Alemania tuvieron m\u00e1s dinero en sus bolsillos en 2018 debido a que los sueldos y salarios aumentaron m\u00e1s que la inflaci\u00f3n, seg\u00fan comunic\u00f3 hoy la Oficina Federal de Estad\u00edsticas.<\/p>\n<p>Los sueldos y salarios registraron el a\u00f1o pasado un incremento medio del 2,9 por ciento, incluidas las bonificaciones especiales, un porcentaje superior al de la inflaci\u00f3n, que creci\u00f3 un 1,8 por ciento, revelaron los datos oficiales.<\/p>\n<p>De acuerdo con las cifras, el aumento de las remuneraciones de los trabajadores en 2018 super\u00f3 incluso las estimaciones provisionales, que se\u00f1alaban un 2,8 por ciento. Si no se consideran las bonificaciones especiales, los sueldos de los empleados se vieron incrementados en una media del 2,6 por ciento con respecto al a\u00f1o anterior.<\/p>\n<p>En el \u00faltimo trimestre de 2018 el aumento de los sueldos incluidas las bonificaciones ascendi\u00f3 al 3,3 por ciento en comparaci\u00f3n con el mismo per\u00edodo de 2017.<\/p>\n<p>El mayor incremento de salario, de un 5,7 por ciento, se registr\u00f3 entre los trabajadores del sector de la construcci\u00f3n, tambi\u00e9n gracias a un pago especial \u00fanico de 250 euros (284 d\u00f3lares). En todo 2018, los sueldos crecieron en ese sector tambi\u00e9n de manera superior a la media, un 4,4 por ciento.<\/p>\n","protected":false},"excerpt":{"rendered":"<p>Wiesbaden (Alemania), 1 mar (dpa) &#8211; Los empleados que trabajan bajo la protecci\u00f3n de un convenio colectivo en Alemania tuvieron m\u00e1s dinero en sus bolsillos en 2018 debido a que los sueldos y salarios aumentaron m\u00e1s que la inflaci\u00f3n, seg\u00fan comunic\u00f3 hoy la Oficina Federal de Estad\u00edsticas. Los sueldos y salarios registraron el a\u00f1o pasado [&hellip;]<\/p>\n","protected":false},"author":1,"featured_media":989215,"comment_status":"closed","ping_status":"closed","sticky":false,"template":"","format":"standard","meta":{"footnotes":""},"categories":[187],"tags":[],"class_list":["post-1018888","post","type-post","status-publish","format-standard","has-post-thumbnail","hentry","category-economia"],"aioseo_notices":[],"aioseo_head":"\n\t\t<!-- All in One SEO Pro 4.9.6.2 - aioseo.com -->\n\t<meta name=\"description\" content=\"Wiesbaden (Alemania), 1 mar (dpa) - Los empleados que trabajan bajo la protecci\u00f3n de un convenio colectivo en Alemania tuvieron m\u00e1s dinero en sus bolsillos en 2018 debido a que los sueldos y salarios aumentaron m\u00e1s que la inflaci\u00f3n, seg\u00fan comunic\u00f3 hoy la Oficina Federal de Estad\u00edsticas. Los sueldos y salarios registraron el a\u00f1o pasado\" \/>\n\t<meta name=\"robots\" content=\"max-image-preview:large\" \/>\n\t<meta name=\"author\" content=\"El Digital de Asturias\"\/>\n\t<meta name=\"google-site-verification\" content=\"UA-38556648-1\" \/>\n\t<meta name=\"msvalidate.01\" content=\"7dfe9f3f1b24437ab69f4f2559babe99\" \/>\n\t<meta name=\"keywords\" content=\"econom\u00eda\" \/>\n\t<link rel=\"canonical\" href=\"https:\/\/www.eldigitaldeasturias.com\/noticias\/los-sueldos-regulados-por-tarifas-crecen-mas-que-la-inflacion-en-alemania\/\" \/>\n\t<meta name=\"generator\" content=\"All in One SEO Pro (AIOSEO) 4.9.6.2\" \/>\n\t\t<meta property=\"og:locale\" content=\"es_ES\" \/>\n\t\t<meta property=\"og:site_name\" content=\"El Digital de Asturias\" \/>\n\t\t<meta property=\"og:type\" content=\"article\" \/>\n\t\t<meta property=\"og:title\" content=\"Los sueldos regulados por tarifas crecen m\u00e1s que la inflaci\u00f3n en Alemania - El Digital de Asturias\" \/>\n\t\t<meta property=\"og:description\" content=\"Wiesbaden (Alemania), 1 mar (dpa) - Los empleados que trabajan bajo la protecci\u00f3n de un convenio colectivo en Alemania tuvieron m\u00e1s dinero en sus bolsillos en 2018 debido a que los sueldos y salarios aumentaron m\u00e1s que la inflaci\u00f3n, seg\u00fan comunic\u00f3 hoy la Oficina Federal de Estad\u00edsticas. Los sueldos y salarios registraron el a\u00f1o pasado\" \/>\n\t\t<meta property=\"og:url\" content=\"https:\/\/www.eldigitaldeasturias.com\/noticias\/los-sueldos-regulados-por-tarifas-crecen-mas-que-la-inflacion-en-alemania\/\" \/>\n\t\t<meta property=\"og:image\" content=\"https:\/\/www.eldigitaldeasturias.com\/noticias\/wp-content\/uploads\/2018\/07\/money-1005479_960_720.jpg\" \/>\n\t\t<meta property=\"og:image:secure_url\" content=\"https:\/\/www.eldigitaldeasturias.com\/noticias\/wp-content\/uploads\/2018\/07\/money-1005479_960_720.jpg\" \/>\n\t\t<meta property=\"og:image:width\" content=\"960\" \/>\n\t\t<meta property=\"og:image:height\" content=\"619\" \/>\n\t\t<meta property=\"article:tag\" content=\"econom\u00eda\" \/>\n\t\t<meta property=\"article:published_time\" content=\"2019-03-01T17:58:06+00:00\" \/>\n\t\t<meta property=\"article:modified_time\" content=\"2019-03-01T17:58:06+00:00\" \/>\n\t\t<meta property=\"article:publisher\" content=\"https:\/\/facebook.com\/eldigitaldeasturias\" \/>\n\t\t<meta name=\"twitter:card\" content=\"summary_large_image\" \/>\n\t\t<meta name=\"twitter:title\" content=\"Los sueldos regulados por tarifas crecen m\u00e1s que la inflaci\u00f3n en Alemania - El Digital de Asturias\" \/>\n\t\t<meta name=\"twitter:description\" content=\"Wiesbaden (Alemania), 1 mar (dpa) - Los empleados que trabajan bajo la protecci\u00f3n de un convenio colectivo en Alemania tuvieron m\u00e1s dinero en sus bolsillos en 2018 debido a que los sueldos y salarios aumentaron m\u00e1s que la inflaci\u00f3n, seg\u00fan comunic\u00f3 hoy la Oficina Federal de Estad\u00edsticas. Los sueldos y salarios registraron el a\u00f1o pasado\" \/>\n\t\t<meta name=\"twitter:image\" content=\"https:\/\/www.eldigitaldeasturias.com\/noticias\/wp-content\/uploads\/2018\/07\/money-1005479_960_720.jpg\" \/>\n\t\t<meta name=\"twitter:label1\" content=\"Escrito por\" \/>\n\t\t<meta name=\"twitter:data1\" content=\"El Digital de Asturias\" \/>\n\t\t<meta name=\"twitter:label2\" content=\"Tiempo de lectura estimado\" \/>\n\t\t<meta name=\"twitter:data2\" content=\"1 minuto\" \/>\n\t\t<script type=\"application\/ld+json\" class=\"aioseo-schema\">\n\t\t\t{\"@context\":\"https:\\\/\\\/schema.org\",\"@graph\":[{\"@type\":\"BlogPosting\",\"@id\":\"https:\\\/\\\/www.eldigitaldeasturias.com\\\/noticias\\\/los-sueldos-regulados-por-tarifas-crecen-mas-que-la-inflacion-en-alemania\\\/#blogposting\",\"name\":\"Los sueldos regulados por tarifas crecen m\\u00e1s que la inflaci\\u00f3n en Alemania - El Digital de Asturias\",\"headline\":\"Los sueldos regulados por tarifas crecen m\\u00e1s que la inflaci\\u00f3n en Alemania\",\"author\":{\"@id\":\"https:\\\/\\\/www.eldigitaldeasturias.com\\\/noticias\\\/author\\\/admin\\\/#author\"},\"publisher\":{\"@id\":\"https:\\\/\\\/www.eldigitaldeasturias.com\\\/noticias\\\/#organization\"},\"image\":{\"@type\":\"ImageObject\",\"url\":\"https:\\\/\\\/www.eldigitaldeasturias.com\\\/noticias\\\/wp-content\\\/uploads\\\/2018\\\/07\\\/money-1005479_960_720.jpg\",\"width\":960,\"height\":619},\"datePublished\":\"2019-03-01T17:58:06+01:00\",\"dateModified\":\"2019-03-01T17:58:06+01:00\",\"inLanguage\":\"es-ES\",\"mainEntityOfPage\":{\"@id\":\"https:\\\/\\\/www.eldigitaldeasturias.com\\\/noticias\\\/los-sueldos-regulados-por-tarifas-crecen-mas-que-la-inflacion-en-alemania\\\/#webpage\"},\"isPartOf\":{\"@id\":\"https:\\\/\\\/www.eldigitaldeasturias.com\\\/noticias\\\/los-sueldos-regulados-por-tarifas-crecen-mas-que-la-inflacion-en-alemania\\\/#webpage\"},\"articleSection\":\"Econom\\u00eda\"},{\"@type\":\"BreadcrumbList\",\"@id\":\"https:\\\/\\\/www.eldigitaldeasturias.com\\\/noticias\\\/los-sueldos-regulados-por-tarifas-crecen-mas-que-la-inflacion-en-alemania\\\/#breadcrumblist\",\"itemListElement\":[{\"@type\":\"ListItem\",\"@id\":\"https:\\\/\\\/www.eldigitaldeasturias.com\\\/noticias#listItem\",\"position\":1,\"name\":\"Home\",\"item\":\"https:\\\/\\\/www.eldigitaldeasturias.com\\\/noticias\",\"nextItem\":{\"@type\":\"ListItem\",\"@id\":\"https:\\\/\\\/www.eldigitaldeasturias.com\\\/noticias\\\/category\\\/economia\\\/#listItem\",\"name\":\"Econom\\u00eda\"}},{\"@type\":\"ListItem\",\"@id\":\"https:\\\/\\\/www.eldigitaldeasturias.com\\\/noticias\\\/category\\\/economia\\\/#listItem\",\"position\":2,\"name\":\"Econom\\u00eda\",\"item\":\"https:\\\/\\\/www.eldigitaldeasturias.com\\\/noticias\\\/category\\\/economia\\\/\",\"nextItem\":{\"@type\":\"ListItem\",\"@id\":\"https:\\\/\\\/www.eldigitaldeasturias.com\\\/noticias\\\/los-sueldos-regulados-por-tarifas-crecen-mas-que-la-inflacion-en-alemania\\\/#listItem\",\"name\":\"Los sueldos regulados por tarifas crecen m\\u00e1s que la inflaci\\u00f3n en Alemania\"},\"previousItem\":{\"@type\":\"ListItem\",\"@id\":\"https:\\\/\\\/www.eldigitaldeasturias.com\\\/noticias#listItem\",\"name\":\"Home\"}},{\"@type\":\"ListItem\",\"@id\":\"https:\\\/\\\/www.eldigitaldeasturias.com\\\/noticias\\\/los-sueldos-regulados-por-tarifas-crecen-mas-que-la-inflacion-en-alemania\\\/#listItem\",\"position\":3,\"name\":\"Los sueldos regulados por tarifas crecen m\\u00e1s que la inflaci\\u00f3n en Alemania\",\"previousItem\":{\"@type\":\"ListItem\",\"@id\":\"https:\\\/\\\/www.eldigitaldeasturias.com\\\/noticias\\\/category\\\/economia\\\/#listItem\",\"name\":\"Econom\\u00eda\"}}]},{\"@type\":\"Organization\",\"@id\":\"https:\\\/\\\/www.eldigitaldeasturias.com\\\/noticias\\\/#organization\",\"name\":\"El Digital de Asturias\",\"description\":\"Hemeroteca\",\"url\":\"https:\\\/\\\/www.eldigitaldeasturias.com\\\/noticias\\\/\",\"email\":\"info@eldigitaldeasturias.com\",\"telephone\":\"+34652131393\",\"logo\":{\"@type\":\"ImageObject\",\"url\":\"https:\\\/\\\/www.eldigitaldeasturias.com\\\/noticias\\\/wp-content\\\/uploads\\\/2020\\\/12\\\/EDA.jpg\",\"@id\":\"https:\\\/\\\/www.eldigitaldeasturias.com\\\/noticias\\\/los-sueldos-regulados-por-tarifas-crecen-mas-que-la-inflacion-en-alemania\\\/#organizationLogo\",\"width\":649,\"height\":297},\"image\":{\"@id\":\"https:\\\/\\\/www.eldigitaldeasturias.com\\\/noticias\\\/los-sueldos-regulados-por-tarifas-crecen-mas-que-la-inflacion-en-alemania\\\/#organizationLogo\"},\"sameAs\":[\"https:\\\/\\\/facebook.com\\\/eldigitaldeasturias\",\"https:\\\/\\\/www.youtube.com\\\/channel\\\/UCZP-2wLEB9Rv6erhFmqVnvg\"],\"address\":{\"@id\":\"https:\\\/\\\/www.eldigitaldeasturias.com\\\/noticias\\\/#postaladdress\",\"@type\":\"PostalAddress\",\"streetAddress\":\"san antonio 4,\",\"postalCode\":\"33430\",\"addressLocality\":\"Cand\\u00e1s\",\"addressRegion\":\"Asturias\",\"addressCountry\":\"ES\"}},{\"@type\":\"Person\",\"@id\":\"https:\\\/\\\/www.eldigitaldeasturias.com\\\/noticias\\\/author\\\/admin\\\/#author\",\"url\":\"https:\\\/\\\/www.eldigitaldeasturias.com\\\/noticias\\\/author\\\/admin\\\/\",\"name\":\"El Digital de Asturias\",\"image\":{\"@type\":\"ImageObject\",\"@id\":\"https:\\\/\\\/www.eldigitaldeasturias.com\\\/noticias\\\/los-sueldos-regulados-por-tarifas-crecen-mas-que-la-inflacion-en-alemania\\\/#authorImage\",\"url\":\"https:\\\/\\\/www.eldigitaldeasturias.com\\\/noticias\\\/wp-content\\\/litespeed\\\/avatar\\\/18677e78aa0546b92d9dbf31ec7d7668.jpg?ver=1777290358\",\"width\":96,\"height\":96,\"caption\":\"El Digital de Asturias\"}},{\"@type\":\"WebPage\",\"@id\":\"https:\\\/\\\/www.eldigitaldeasturias.com\\\/noticias\\\/los-sueldos-regulados-por-tarifas-crecen-mas-que-la-inflacion-en-alemania\\\/#webpage\",\"url\":\"https:\\\/\\\/www.eldigitaldeasturias.com\\\/noticias\\\/los-sueldos-regulados-por-tarifas-crecen-mas-que-la-inflacion-en-alemania\\\/\",\"name\":\"Los sueldos regulados por tarifas crecen m\\u00e1s que la inflaci\\u00f3n en Alemania - El Digital de Asturias\",\"description\":\"Wiesbaden (Alemania), 1 mar (dpa) - Los empleados que trabajan bajo la protecci\\u00f3n de un convenio colectivo en Alemania tuvieron m\\u00e1s dinero en sus bolsillos en 2018 debido a que los sueldos y salarios aumentaron m\\u00e1s que la inflaci\\u00f3n, seg\\u00fan comunic\\u00f3 hoy la Oficina Federal de Estad\\u00edsticas. Los sueldos y salarios registraron el a\\u00f1o pasado\",\"inLanguage\":\"es-ES\",\"isPartOf\":{\"@id\":\"https:\\\/\\\/www.eldigitaldeasturias.com\\\/noticias\\\/#website\"},\"breadcrumb\":{\"@id\":\"https:\\\/\\\/www.eldigitaldeasturias.com\\\/noticias\\\/los-sueldos-regulados-por-tarifas-crecen-mas-que-la-inflacion-en-alemania\\\/#breadcrumblist\"},\"author\":{\"@id\":\"https:\\\/\\\/www.eldigitaldeasturias.com\\\/noticias\\\/author\\\/admin\\\/#author\"},\"creator\":{\"@id\":\"https:\\\/\\\/www.eldigitaldeasturias.com\\\/noticias\\\/author\\\/admin\\\/#author\"},\"image\":{\"@type\":\"ImageObject\",\"url\":\"https:\\\/\\\/www.eldigitaldeasturias.com\\\/noticias\\\/wp-content\\\/uploads\\\/2018\\\/07\\\/money-1005479_960_720.jpg\",\"@id\":\"https:\\\/\\\/www.eldigitaldeasturias.com\\\/noticias\\\/los-sueldos-regulados-por-tarifas-crecen-mas-que-la-inflacion-en-alemania\\\/#mainImage\",\"width\":960,\"height\":619},\"primaryImageOfPage\":{\"@id\":\"https:\\\/\\\/www.eldigitaldeasturias.com\\\/noticias\\\/los-sueldos-regulados-por-tarifas-crecen-mas-que-la-inflacion-en-alemania\\\/#mainImage\"},\"datePublished\":\"2019-03-01T17:58:06+01:00\",\"dateModified\":\"2019-03-01T17:58:06+01:00\"},{\"@type\":\"WebSite\",\"@id\":\"https:\\\/\\\/www.eldigitaldeasturias.com\\\/noticias\\\/#website\",\"url\":\"https:\\\/\\\/www.eldigitaldeasturias.com\\\/noticias\\\/\",\"name\":\"El Digital de Asturias - Diario de actualidad y noticias\",\"alternateName\":\"El Digital de Asturias - Diario de actualidad y noticias\",\"description\":\"Hemeroteca\",\"inLanguage\":\"es-ES\",\"publisher\":{\"@id\":\"https:\\\/\\\/www.eldigitaldeasturias.com\\\/noticias\\\/#organization\"}}]}\n\t\t<\/script>\n\t\t<!-- All in One SEO Pro -->\r\n\t\t<title>Los sueldos regulados por tarifas crecen m\u00e1s que la inflaci\u00f3n en Alemania - El Digital de Asturias<\/title>\n\n","aioseo_head_json":{"title":"Los sueldos regulados por tarifas crecen m\u00e1s que la inflaci\u00f3n en Alemania - El Digital de Asturias","description":"Wiesbaden (Alemania), 1 mar (dpa) - Los empleados que trabajan bajo la protecci\u00f3n de un convenio colectivo en Alemania tuvieron m\u00e1s dinero en sus bolsillos en 2018 debido a que los sueldos y salarios aumentaron m\u00e1s que la inflaci\u00f3n, seg\u00fan comunic\u00f3 hoy la Oficina Federal de Estad\u00edsticas. Los sueldos y salarios registraron el a\u00f1o pasado","canonical_url":"https:\/\/www.eldigitaldeasturias.com\/noticias\/los-sueldos-regulados-por-tarifas-crecen-mas-que-la-inflacion-en-alemania\/","robots":"max-image-preview:large","keywords":"econom\u00eda","webmasterTools":{"google-site-verification":"UA-38556648-1","msvalidate.01":"7dfe9f3f1b24437ab69f4f2559babe99","miscellaneous":""},"schema":{"@context":"https:\/\/schema.org","@graph":[{"@type":"BlogPosting","@id":"https:\/\/www.eldigitaldeasturias.com\/noticias\/los-sueldos-regulados-por-tarifas-crecen-mas-que-la-inflacion-en-alemania\/#blogposting","name":"Los sueldos regulados por tarifas crecen m\u00e1s que la inflaci\u00f3n en Alemania - El Digital de Asturias","headline":"Los sueldos regulados por tarifas crecen m\u00e1s que la inflaci\u00f3n en Alemania","author":{"@id":"https:\/\/www.eldigitaldeasturias.com\/noticias\/author\/admin\/#author"},"publisher":{"@id":"https:\/\/www.eldigitaldeasturias.com\/noticias\/#organization"},"image":{"@type":"ImageObject","url":"https:\/\/www.eldigitaldeasturias.com\/noticias\/wp-content\/uploads\/2018\/07\/money-1005479_960_720.jpg","width":960,"height":619},"datePublished":"2019-03-01T17:58:06+01:00","dateModified":"2019-03-01T17:58:06+01:00","inLanguage":"es-ES","mainEntityOfPage":{"@id":"https:\/\/www.eldigitaldeasturias.com\/noticias\/los-sueldos-regulados-por-tarifas-crecen-mas-que-la-inflacion-en-alemania\/#webpage"},"isPartOf":{"@id":"https:\/\/www.eldigitaldeasturias.com\/noticias\/los-sueldos-regulados-por-tarifas-crecen-mas-que-la-inflacion-en-alemania\/#webpage"},"articleSection":"Econom\u00eda"},{"@type":"BreadcrumbList","@id":"https:\/\/www.eldigitaldeasturias.com\/noticias\/los-sueldos-regulados-por-tarifas-crecen-mas-que-la-inflacion-en-alemania\/#breadcrumblist","itemListElement":[{"@type":"ListItem","@id":"https:\/\/www.eldigitaldeasturias.com\/noticias#listItem","position":1,"name":"Home","item":"https:\/\/www.eldigitaldeasturias.com\/noticias","nextItem":{"@type":"ListItem","@id":"https:\/\/www.eldigitaldeasturias.com\/noticias\/category\/economia\/#listItem","name":"Econom\u00eda"}},{"@type":"ListItem","@id":"https:\/\/www.eldigitaldeasturias.com\/noticias\/category\/economia\/#listItem","position":2,"name":"Econom\u00eda","item":"https:\/\/www.eldigitaldeasturias.com\/noticias\/category\/economia\/","nextItem":{"@type":"ListItem","@id":"https:\/\/www.eldigitaldeasturias.com\/noticias\/los-sueldos-regulados-por-tarifas-crecen-mas-que-la-inflacion-en-alemania\/#listItem","name":"Los sueldos regulados por tarifas crecen m\u00e1s que la inflaci\u00f3n en Alemania"},"previousItem":{"@type":"ListItem","@id":"https:\/\/www.eldigitaldeasturias.com\/noticias#listItem","name":"Home"}},{"@type":"ListItem","@id":"https:\/\/www.eldigitaldeasturias.com\/noticias\/los-sueldos-regulados-por-tarifas-crecen-mas-que-la-inflacion-en-alemania\/#listItem","position":3,"name":"Los sueldos regulados por tarifas crecen m\u00e1s que la inflaci\u00f3n en Alemania","previousItem":{"@type":"ListItem","@id":"https:\/\/www.eldigitaldeasturias.com\/noticias\/category\/economia\/#listItem","name":"Econom\u00eda"}}]},{"@type":"Organization","@id":"https:\/\/www.eldigitaldeasturias.com\/noticias\/#organization","name":"El Digital de Asturias","description":"Hemeroteca","url":"https:\/\/www.eldigitaldeasturias.com\/noticias\/","email":"info@eldigitaldeasturias.com","telephone":"+34652131393","logo":{"@type":"ImageObject","url":"https:\/\/www.eldigitaldeasturias.com\/noticias\/wp-content\/uploads\/2020\/12\/EDA.jpg","@id":"https:\/\/www.eldigitaldeasturias.com\/noticias\/los-sueldos-regulados-por-tarifas-crecen-mas-que-la-inflacion-en-alemania\/#organizationLogo","width":649,"height":297},"image":{"@id":"https:\/\/www.eldigitaldeasturias.com\/noticias\/los-sueldos-regulados-por-tarifas-crecen-mas-que-la-inflacion-en-alemania\/#organizationLogo"},"sameAs":["https:\/\/facebook.com\/eldigitaldeasturias","https:\/\/www.youtube.com\/channel\/UCZP-2wLEB9Rv6erhFmqVnvg"],"address":{"@id":"https:\/\/www.eldigitaldeasturias.com\/noticias\/#postaladdress","@type":"PostalAddress","streetAddress":"san antonio 4,","postalCode":"33430","addressLocality":"Cand\u00e1s","addressRegion":"Asturias","addressCountry":"ES"}},{"@type":"Person","@id":"https:\/\/www.eldigitaldeasturias.com\/noticias\/author\/admin\/#author","url":"https:\/\/www.eldigitaldeasturias.com\/noticias\/author\/admin\/","name":"El Digital de Asturias","image":{"@type":"ImageObject","@id":"https:\/\/www.eldigitaldeasturias.com\/noticias\/los-sueldos-regulados-por-tarifas-crecen-mas-que-la-inflacion-en-alemania\/#authorImage","url":"https:\/\/www.eldigitaldeasturias.com\/noticias\/wp-content\/litespeed\/avatar\/18677e78aa0546b92d9dbf31ec7d7668.jpg?ver=1777290358","width":96,"height":96,"caption":"El Digital de Asturias"}},{"@type":"WebPage","@id":"https:\/\/www.eldigitaldeasturias.com\/noticias\/los-sueldos-regulados-por-tarifas-crecen-mas-que-la-inflacion-en-alemania\/#webpage","url":"https:\/\/www.eldigitaldeasturias.com\/noticias\/los-sueldos-regulados-por-tarifas-crecen-mas-que-la-inflacion-en-alemania\/","name":"Los sueldos regulados por tarifas crecen m\u00e1s que la inflaci\u00f3n en Alemania - El Digital de Asturias","description":"Wiesbaden (Alemania), 1 mar (dpa) - Los empleados que trabajan bajo la protecci\u00f3n de un convenio colectivo en Alemania tuvieron m\u00e1s dinero en sus bolsillos en 2018 debido a que los sueldos y salarios aumentaron m\u00e1s que la inflaci\u00f3n, seg\u00fan comunic\u00f3 hoy la Oficina Federal de Estad\u00edsticas. Los sueldos y salarios registraron el a\u00f1o pasado","inLanguage":"es-ES","isPartOf":{"@id":"https:\/\/www.eldigitaldeasturias.com\/noticias\/#website"},"breadcrumb":{"@id":"https:\/\/www.eldigitaldeasturias.com\/noticias\/los-sueldos-regulados-por-tarifas-crecen-mas-que-la-inflacion-en-alemania\/#breadcrumblist"},"author":{"@id":"https:\/\/www.eldigitaldeasturias.com\/noticias\/author\/admin\/#author"},"creator":{"@id":"https:\/\/www.eldigitaldeasturias.com\/noticias\/author\/admin\/#author"},"image":{"@type":"ImageObject","url":"https:\/\/www.eldigitaldeasturias.com\/noticias\/wp-content\/uploads\/2018\/07\/money-1005479_960_720.jpg","@id":"https:\/\/www.eldigitaldeasturias.com\/noticias\/los-sueldos-regulados-por-tarifas-crecen-mas-que-la-inflacion-en-alemania\/#mainImage","width":960,"height":619},"primaryImageOfPage":{"@id":"https:\/\/www.eldigitaldeasturias.com\/noticias\/los-sueldos-regulados-por-tarifas-crecen-mas-que-la-inflacion-en-alemania\/#mainImage"},"datePublished":"2019-03-01T17:58:06+01:00","dateModified":"2019-03-01T17:58:06+01:00"},{"@type":"WebSite","@id":"https:\/\/www.eldigitaldeasturias.com\/noticias\/#website","url":"https:\/\/www.eldigitaldeasturias.com\/noticias\/","name":"El Digital de Asturias - Diario de actualidad y noticias","alternateName":"El Digital de Asturias - Diario de actualidad y noticias","description":"Hemeroteca","inLanguage":"es-ES","publisher":{"@id":"https:\/\/www.eldigitaldeasturias.com\/noticias\/#organization"}}]},"og:locale":"es_ES","og:site_name":"El Digital de Asturias","og:type":"article","og:title":"Los sueldos regulados por tarifas crecen m\u00e1s que la inflaci\u00f3n en Alemania - El Digital de Asturias","og:description":"Wiesbaden (Alemania), 1 mar (dpa) - Los empleados que trabajan bajo la protecci\u00f3n de un convenio colectivo en Alemania tuvieron m\u00e1s dinero en sus bolsillos en 2018 debido a que los sueldos y salarios aumentaron m\u00e1s que la inflaci\u00f3n, seg\u00fan comunic\u00f3 hoy la Oficina Federal de Estad\u00edsticas. Los sueldos y salarios registraron el a\u00f1o pasado","og:url":"https:\/\/www.eldigitaldeasturias.com\/noticias\/los-sueldos-regulados-por-tarifas-crecen-mas-que-la-inflacion-en-alemania\/","og:image":"https:\/\/www.eldigitaldeasturias.com\/noticias\/wp-content\/uploads\/2018\/07\/money-1005479_960_720.jpg","og:image:secure_url":"https:\/\/www.eldigitaldeasturias.com\/noticias\/wp-content\/uploads\/2018\/07\/money-1005479_960_720.jpg","og:image:width":960,"og:image:height":619,"article:tag":["econom\u00eda"],"article:published_time":"2019-03-01T17:58:06+00:00","article:modified_time":"2019-03-01T17:58:06+00:00","article:publisher":"https:\/\/facebook.com\/eldigitaldeasturias","twitter:card":"summary_large_image","twitter:title":"Los sueldos regulados por tarifas crecen m\u00e1s que la inflaci\u00f3n en Alemania - El Digital de Asturias","twitter:description":"Wiesbaden (Alemania), 1 mar (dpa) - Los empleados que trabajan bajo la protecci\u00f3n de un convenio colectivo en Alemania tuvieron m\u00e1s dinero en sus bolsillos en 2018 debido a que los sueldos y salarios aumentaron m\u00e1s que la inflaci\u00f3n, seg\u00fan comunic\u00f3 hoy la Oficina Federal de Estad\u00edsticas. Los sueldos y salarios registraron el a\u00f1o pasado","twitter:image":"https:\/\/www.eldigitaldeasturias.com\/noticias\/wp-content\/uploads\/2018\/07\/money-1005479_960_720.jpg","twitter:label1":"Escrito por","twitter:data1":"El Digital de Asturias","twitter:label2":"Tiempo de lectura estimado","twitter:data2":"1 minuto"},"aioseo_meta_data":{"post_id":"1018888","title":null,"description":null,"keywords":null,"keyphrases":null,"primary_term":null,"canonical_url":null,"og_title":null,"og_description":null,"og_object_type":"default","og_image_type":"default","og_image_url":null,"og_image_width":null,"og_image_height":null,"og_image_custom_url":null,"og_image_custom_fields":null,"og_video":null,"og_custom_url":null,"og_article_section":null,"og_article_tags":null,"twitter_use_og":false,"twitter_card":"default","twitter_image_type":"default","twitter_image_url":null,"twitter_image_custom_url":null,"twitter_image_custom_fields":null,"twitter_title":null,"twitter_description":null,"schema":{"blockGraphs":[],"customGraphs":[],"default":{"data":{"Article":[],"Course":[],"Dataset":[],"FAQPage":[],"Movie":[],"Person":[],"Product":[],"ProductReview":[],"Car":[],"Recipe":[],"Service":[],"SoftwareApplication":[],"WebPage":[]},"graphName":"","isEnabled":true},"graphs":[],"defaultGraph":"","defaultPostTypeGraph":""},"schema_type":null,"schema_type_options":null,"pillar_content":false,"robots_default":true,"robots_noindex":false,"robots_noarchive":false,"robots_nosnippet":false,"robots_nofollow":false,"robots_noimageindex":false,"robots_noodp":false,"robots_notranslate":false,"robots_max_snippet":null,"robots_max_videopreview":null,"robots_max_imagepreview":"large","priority":null,"frequency":null,"local_seo":null,"seo_analyzer_scan_date":"2025-10-16 15:53:09","breadcrumb_settings":null,"limit_modified_date":false,"open_ai":null,"ai":null,"created":"2020-12-21 11:18:09","updated":"2025-10-16 15:53:09"},"aioseo_breadcrumb":"<div class=\"aioseo-breadcrumbs\"><span class=\"aioseo-breadcrumb\">\n\t<a href=\"https:\/\/www.eldigitaldeasturias.com\/noticias\" title=\"Home\">Home<\/a>\n<\/span><span class=\"aioseo-breadcrumb-separator\">\u2013<\/span><span class=\"aioseo-breadcrumb\">\n\t<a href=\"https:\/\/www.eldigitaldeasturias.com\/noticias\/category\/economia\/\" title=\"Econom\u00eda\">Econom\u00eda<\/a>\n<\/span><span class=\"aioseo-breadcrumb-separator\">\u2013<\/span><span class=\"aioseo-breadcrumb\">\n\t<a href=\"https:\/\/www.eldigitaldeasturias.com\/noticias\/los-sueldos-regulados-por-tarifas-crecen-mas-que-la-inflacion-en-alemania\/\" title=\"Los sueldos regulados por tarifas crecen m\u00e1s que la inflaci\u00f3n en Alemania\">Los sueldos regulados por tarifas crecen m\u00e1s que la inflaci\u00f3n en Alemania<\/a>\n<\/span><\/div>","aioseo_breadcrumb_json":[{"label":"Home","link":"https:\/\/www.eldigitaldeasturias.com\/noticias"},{"label":"Econom\u00eda","link":"https:\/\/www.eldigitaldeasturias.com\/noticias\/category\/economia\/"},{"label":"Los sueldos regulados por tarifas crecen m\u00e1s que la inflaci\u00f3n en Alemania","link":"https:\/\/www.eldigitaldeasturias.com\/noticias\/los-sueldos-regulados-por-tarifas-crecen-mas-que-la-inflacion-en-alemania\/"}],"_links":{"self":[{"href":"https:\/\/www.eldigitaldeasturias.com\/noticias\/wp-json\/wp\/v2\/posts\/1018888","targetHints":{"allow":["GET"]}}],"collection":[{"href":"https:\/\/www.eldigitaldeasturias.com\/noticias\/wp-json\/wp\/v2\/posts"}],"about":[{"href":"https:\/\/www.eldigitaldeasturias.com\/noticias\/wp-json\/wp\/v2\/types\/post"}],"author":[{"embeddable":true,"href":"https:\/\/www.eldigitaldeasturias.com\/noticias\/wp-json\/wp\/v2\/users\/1"}],"replies":[{"embeddable":true,"href":"https:\/\/www.eldigitaldeasturias.com\/noticias\/wp-json\/wp\/v2\/comments?post=1018888"}],"version-history":[{"count":0,"href":"https:\/\/www.eldigitaldeasturias.com\/noticias\/wp-json\/wp\/v2\/posts\/1018888\/revisions"}],"wp:featuredmedia":[{"embeddable":true,"href":"https:\/\/www.eldigitaldeasturias.com\/noticias\/wp-json\/wp\/v2\/media\/989215"}],"wp:attachment":[{"href":"https:\/\/www.eldigitaldeasturias.com\/noticias\/wp-json\/wp\/v2\/media?parent=1018888"}],"wp:term":[{"taxonomy":"category","embeddable":true,"href":"https:\/\/www.eldigitaldeasturias.com\/noticias\/wp-json\/wp\/v2\/categories?post=1018888"},{"taxonomy":"post_tag","embeddable":true,"href":"https:\/\/www.eldigitaldeasturias.com\/noticias\/wp-json\/wp\/v2\/tags?post=1018888"}],"curies":[{"name":"wp","href":"https:\/\/api.w.org\/{rel}","templated":true}]}}