{"id":1018861,"date":"2019-03-01T17:05:29","date_gmt":"2019-03-01T17:05:29","guid":{"rendered":"https:\/\/www.eldigitaldeasturias.com\/noticias\/?p=1018861"},"modified":"2019-03-01T17:05:29","modified_gmt":"2019-03-01T17:05:29","slug":"el-mercado-laboral-aleman-continuo-acusando-los-efectos-del-invierno-boreal","status":"publish","type":"post","link":"https:\/\/www.eldigitaldeasturias.com\/noticias\/el-mercado-laboral-aleman-continuo-acusando-los-efectos-del-invierno-boreal\/","title":{"rendered":"El mercado laboral alem\u00e1n continu\u00f3 acusando los efectos del invierno boreal"},"content":{"rendered":"<p><img loading=\"lazy\" decoding=\"async\" class=\"alignleft size-medium wp-image-1013387\" src=\"https:\/\/www.eldigitaldeasturias.com\/noticias\/wp-content\/uploads\/2019\/01\/work-791218_960_720-360x240.jpg\" alt=\"\" width=\"360\" height=\"240\" srcset=\"https:\/\/www.eldigitaldeasturias.com\/noticias\/wp-content\/uploads\/2019\/01\/work-791218_960_720-360x240.jpg 360w, https:\/\/www.eldigitaldeasturias.com\/noticias\/wp-content\/uploads\/2019\/01\/work-791218_960_720-768x512.jpg 768w, https:\/\/www.eldigitaldeasturias.com\/noticias\/wp-content\/uploads\/2019\/01\/work-791218_960_720-650x433.jpg 650w, https:\/\/www.eldigitaldeasturias.com\/noticias\/wp-content\/uploads\/2019\/01\/work-791218_960_720.jpg 960w\" sizes=\"auto, (max-width: 360px) 100vw, 360px\" \/>N\u00faremberg, 1 mar (dpa) El mercado laboral alem\u00e1n continu\u00f3 acusando los efectos del invierno boreal en febrero, por lo que la cifra de desempleados apenas descendi\u00f3 a 2,373 millones de personas sin trabajo, se\u00f1alan datos de la Oficina Federal de Empleo (BA) publicados hoy.<\/p>\n<p>Sin embargo, esta cifra es el valor de desempleo m\u00e1s bajo registrado en un mes de febrero desde la reunificaci\u00f3n alemana. La tasa de desocupados se mantuvo en el 5,3 por ciento.<\/p>\n<p>El n\u00famero de personas que buscaban trabajo descendi\u00f3 en 33.000 con respecto a enero de 2019 y en 173.000 en relaci\u00f3n a febrero de 2018, agrega el informe.<\/p>\n<p>\u00abEl mercado laboral se mantiene robusto ante el enfriamiento de la coyuntura\u00bb, observ\u00f3 Detlef Scheele, presidente de la junta directiva de la BA.<\/p>\n<p>Esta merma del n\u00famero de desocupados es com\u00fan en esta \u00e9poca del a\u00f1o en el mercado laboral germano.<\/p>\n<p>En otro orden, la cifra de personas con empleo se situ\u00f3 en enero pasado en 44,79 millones, es decir 79.000 empleados m\u00e1s que en diciembre de 2018 y 477.000 nuevos puestos de trabajo en comparaci\u00f3n con enero del a\u00f1o anterior, indican datos de la Oficina Federal de Estad\u00edsticas.<\/p>\n<p>El aumento se basa principalmente en el incremento de la cifra de empleados que cotizan a la seguridad social.<\/p>\n","protected":false},"excerpt":{"rendered":"<p>N\u00faremberg, 1 mar (dpa) El mercado laboral alem\u00e1n continu\u00f3 acusando los efectos del invierno boreal en febrero, por lo que la cifra de desempleados apenas descendi\u00f3 a 2,373 millones de personas sin trabajo, se\u00f1alan datos de la Oficina Federal de Empleo (BA) publicados hoy. Sin embargo, esta cifra es el valor de desempleo m\u00e1s bajo [&hellip;]<\/p>\n","protected":false},"author":1,"featured_media":1013387,"comment_status":"closed","ping_status":"closed","sticky":false,"template":"","format":"standard","meta":{"footnotes":""},"categories":[187],"tags":[],"class_list":["post-1018861","post","type-post","status-publish","format-standard","has-post-thumbnail","hentry","category-economia"],"aioseo_notices":[],"aioseo_head":"\n\t\t<!-- All in One SEO Pro 4.9.6.2 - aioseo.com -->\n\t<meta name=\"description\" content=\"N\u00faremberg, 1 mar (dpa) El mercado laboral alem\u00e1n continu\u00f3 acusando los efectos del invierno boreal en febrero, por lo que la cifra de desempleados apenas descendi\u00f3 a 2,373 millones de personas sin trabajo, se\u00f1alan datos de la Oficina Federal de Empleo (BA) publicados hoy. Sin embargo, esta cifra es el valor de desempleo m\u00e1s bajo\" \/>\n\t<meta name=\"robots\" content=\"max-image-preview:large\" \/>\n\t<meta name=\"author\" content=\"El Digital de Asturias\"\/>\n\t<meta name=\"google-site-verification\" content=\"UA-38556648-1\" \/>\n\t<meta name=\"msvalidate.01\" content=\"7dfe9f3f1b24437ab69f4f2559babe99\" \/>\n\t<meta name=\"keywords\" content=\"econom\u00eda\" \/>\n\t<link rel=\"canonical\" href=\"https:\/\/www.eldigitaldeasturias.com\/noticias\/el-mercado-laboral-aleman-continuo-acusando-los-efectos-del-invierno-boreal\/\" \/>\n\t<meta name=\"generator\" content=\"All in One SEO Pro (AIOSEO) 4.9.6.2\" \/>\n\t\t<meta property=\"og:locale\" content=\"es_ES\" \/>\n\t\t<meta property=\"og:site_name\" content=\"El Digital de Asturias\" \/>\n\t\t<meta property=\"og:type\" content=\"article\" \/>\n\t\t<meta property=\"og:title\" content=\"El mercado laboral alem\u00e1n continu\u00f3 acusando los efectos del invierno boreal - El Digital de Asturias\" \/>\n\t\t<meta property=\"og:description\" content=\"N\u00faremberg, 1 mar (dpa) El mercado laboral alem\u00e1n continu\u00f3 acusando los efectos del invierno boreal en febrero, por lo que la cifra de desempleados apenas descendi\u00f3 a 2,373 millones de personas sin trabajo, se\u00f1alan datos de la Oficina Federal de Empleo (BA) publicados hoy. Sin embargo, esta cifra es el valor de desempleo m\u00e1s bajo\" \/>\n\t\t<meta property=\"og:url\" content=\"https:\/\/www.eldigitaldeasturias.com\/noticias\/el-mercado-laboral-aleman-continuo-acusando-los-efectos-del-invierno-boreal\/\" \/>\n\t\t<meta property=\"og:image\" content=\"https:\/\/www.eldigitaldeasturias.com\/noticias\/wp-content\/uploads\/2019\/01\/work-791218_960_720.jpg\" \/>\n\t\t<meta property=\"og:image:secure_url\" content=\"https:\/\/www.eldigitaldeasturias.com\/noticias\/wp-content\/uploads\/2019\/01\/work-791218_960_720.jpg\" \/>\n\t\t<meta property=\"og:image:width\" content=\"960\" \/>\n\t\t<meta property=\"og:image:height\" content=\"640\" \/>\n\t\t<meta property=\"article:tag\" content=\"econom\u00eda\" \/>\n\t\t<meta property=\"article:published_time\" content=\"2019-03-01T17:05:29+00:00\" \/>\n\t\t<meta property=\"article:modified_time\" content=\"2019-03-01T17:05:29+00:00\" \/>\n\t\t<meta property=\"article:publisher\" content=\"https:\/\/facebook.com\/eldigitaldeasturias\" \/>\n\t\t<meta name=\"twitter:card\" content=\"summary_large_image\" \/>\n\t\t<meta name=\"twitter:title\" content=\"El mercado laboral alem\u00e1n continu\u00f3 acusando los efectos del invierno boreal - El Digital de Asturias\" \/>\n\t\t<meta name=\"twitter:description\" content=\"N\u00faremberg, 1 mar (dpa) El mercado laboral alem\u00e1n continu\u00f3 acusando los efectos del invierno boreal en febrero, por lo que la cifra de desempleados apenas descendi\u00f3 a 2,373 millones de personas sin trabajo, se\u00f1alan datos de la Oficina Federal de Empleo (BA) publicados hoy. Sin embargo, esta cifra es el valor de desempleo m\u00e1s bajo\" \/>\n\t\t<meta name=\"twitter:image\" content=\"https:\/\/www.eldigitaldeasturias.com\/noticias\/wp-content\/uploads\/2019\/01\/work-791218_960_720.jpg\" \/>\n\t\t<meta name=\"twitter:label1\" content=\"Escrito por\" \/>\n\t\t<meta name=\"twitter:data1\" content=\"El Digital de Asturias\" \/>\n\t\t<meta name=\"twitter:label2\" content=\"Tiempo de lectura estimado\" \/>\n\t\t<meta name=\"twitter:data2\" content=\"1 minuto\" \/>\n\t\t<script type=\"application\/ld+json\" class=\"aioseo-schema\">\n\t\t\t{\"@context\":\"https:\\\/\\\/schema.org\",\"@graph\":[{\"@type\":\"BlogPosting\",\"@id\":\"https:\\\/\\\/www.eldigitaldeasturias.com\\\/noticias\\\/el-mercado-laboral-aleman-continuo-acusando-los-efectos-del-invierno-boreal\\\/#blogposting\",\"name\":\"El mercado laboral alem\\u00e1n continu\\u00f3 acusando los efectos del invierno boreal - El Digital de Asturias\",\"headline\":\"El mercado laboral alem\\u00e1n continu\\u00f3 acusando los efectos del invierno boreal\",\"author\":{\"@id\":\"https:\\\/\\\/www.eldigitaldeasturias.com\\\/noticias\\\/author\\\/admin\\\/#author\"},\"publisher\":{\"@id\":\"https:\\\/\\\/www.eldigitaldeasturias.com\\\/noticias\\\/#organization\"},\"image\":{\"@type\":\"ImageObject\",\"url\":\"https:\\\/\\\/www.eldigitaldeasturias.com\\\/noticias\\\/wp-content\\\/uploads\\\/2019\\\/01\\\/work-791218_960_720.jpg\",\"width\":960,\"height\":640,\"caption\":\"Empleo\"},\"datePublished\":\"2019-03-01T17:05:29+01:00\",\"dateModified\":\"2019-03-01T17:05:29+01:00\",\"inLanguage\":\"es-ES\",\"mainEntityOfPage\":{\"@id\":\"https:\\\/\\\/www.eldigitaldeasturias.com\\\/noticias\\\/el-mercado-laboral-aleman-continuo-acusando-los-efectos-del-invierno-boreal\\\/#webpage\"},\"isPartOf\":{\"@id\":\"https:\\\/\\\/www.eldigitaldeasturias.com\\\/noticias\\\/el-mercado-laboral-aleman-continuo-acusando-los-efectos-del-invierno-boreal\\\/#webpage\"},\"articleSection\":\"Econom\\u00eda\"},{\"@type\":\"BreadcrumbList\",\"@id\":\"https:\\\/\\\/www.eldigitaldeasturias.com\\\/noticias\\\/el-mercado-laboral-aleman-continuo-acusando-los-efectos-del-invierno-boreal\\\/#breadcrumblist\",\"itemListElement\":[{\"@type\":\"ListItem\",\"@id\":\"https:\\\/\\\/www.eldigitaldeasturias.com\\\/noticias#listItem\",\"position\":1,\"name\":\"Home\",\"item\":\"https:\\\/\\\/www.eldigitaldeasturias.com\\\/noticias\",\"nextItem\":{\"@type\":\"ListItem\",\"@id\":\"https:\\\/\\\/www.eldigitaldeasturias.com\\\/noticias\\\/category\\\/economia\\\/#listItem\",\"name\":\"Econom\\u00eda\"}},{\"@type\":\"ListItem\",\"@id\":\"https:\\\/\\\/www.eldigitaldeasturias.com\\\/noticias\\\/category\\\/economia\\\/#listItem\",\"position\":2,\"name\":\"Econom\\u00eda\",\"item\":\"https:\\\/\\\/www.eldigitaldeasturias.com\\\/noticias\\\/category\\\/economia\\\/\",\"nextItem\":{\"@type\":\"ListItem\",\"@id\":\"https:\\\/\\\/www.eldigitaldeasturias.com\\\/noticias\\\/el-mercado-laboral-aleman-continuo-acusando-los-efectos-del-invierno-boreal\\\/#listItem\",\"name\":\"El mercado laboral alem\\u00e1n continu\\u00f3 acusando los efectos del invierno boreal\"},\"previousItem\":{\"@type\":\"ListItem\",\"@id\":\"https:\\\/\\\/www.eldigitaldeasturias.com\\\/noticias#listItem\",\"name\":\"Home\"}},{\"@type\":\"ListItem\",\"@id\":\"https:\\\/\\\/www.eldigitaldeasturias.com\\\/noticias\\\/el-mercado-laboral-aleman-continuo-acusando-los-efectos-del-invierno-boreal\\\/#listItem\",\"position\":3,\"name\":\"El mercado laboral alem\\u00e1n continu\\u00f3 acusando los efectos del invierno boreal\",\"previousItem\":{\"@type\":\"ListItem\",\"@id\":\"https:\\\/\\\/www.eldigitaldeasturias.com\\\/noticias\\\/category\\\/economia\\\/#listItem\",\"name\":\"Econom\\u00eda\"}}]},{\"@type\":\"Organization\",\"@id\":\"https:\\\/\\\/www.eldigitaldeasturias.com\\\/noticias\\\/#organization\",\"name\":\"El Digital de Asturias\",\"description\":\"Hemeroteca\",\"url\":\"https:\\\/\\\/www.eldigitaldeasturias.com\\\/noticias\\\/\",\"email\":\"info@eldigitaldeasturias.com\",\"telephone\":\"+34652131393\",\"logo\":{\"@type\":\"ImageObject\",\"url\":\"https:\\\/\\\/www.eldigitaldeasturias.com\\\/noticias\\\/wp-content\\\/uploads\\\/2020\\\/12\\\/EDA.jpg\",\"@id\":\"https:\\\/\\\/www.eldigitaldeasturias.com\\\/noticias\\\/el-mercado-laboral-aleman-continuo-acusando-los-efectos-del-invierno-boreal\\\/#organizationLogo\",\"width\":649,\"height\":297},\"image\":{\"@id\":\"https:\\\/\\\/www.eldigitaldeasturias.com\\\/noticias\\\/el-mercado-laboral-aleman-continuo-acusando-los-efectos-del-invierno-boreal\\\/#organizationLogo\"},\"sameAs\":[\"https:\\\/\\\/facebook.com\\\/eldigitaldeasturias\",\"https:\\\/\\\/www.youtube.com\\\/channel\\\/UCZP-2wLEB9Rv6erhFmqVnvg\"],\"address\":{\"@id\":\"https:\\\/\\\/www.eldigitaldeasturias.com\\\/noticias\\\/#postaladdress\",\"@type\":\"PostalAddress\",\"streetAddress\":\"san antonio 4,\",\"postalCode\":\"33430\",\"addressLocality\":\"Cand\\u00e1s\",\"addressRegion\":\"Asturias\",\"addressCountry\":\"ES\"}},{\"@type\":\"Person\",\"@id\":\"https:\\\/\\\/www.eldigitaldeasturias.com\\\/noticias\\\/author\\\/admin\\\/#author\",\"url\":\"https:\\\/\\\/www.eldigitaldeasturias.com\\\/noticias\\\/author\\\/admin\\\/\",\"name\":\"El Digital de Asturias\",\"image\":{\"@type\":\"ImageObject\",\"@id\":\"https:\\\/\\\/www.eldigitaldeasturias.com\\\/noticias\\\/el-mercado-laboral-aleman-continuo-acusando-los-efectos-del-invierno-boreal\\\/#authorImage\",\"url\":\"https:\\\/\\\/www.eldigitaldeasturias.com\\\/noticias\\\/wp-content\\\/litespeed\\\/avatar\\\/18677e78aa0546b92d9dbf31ec7d7668.jpg?ver=1777290358\",\"width\":96,\"height\":96,\"caption\":\"El Digital de Asturias\"}},{\"@type\":\"WebPage\",\"@id\":\"https:\\\/\\\/www.eldigitaldeasturias.com\\\/noticias\\\/el-mercado-laboral-aleman-continuo-acusando-los-efectos-del-invierno-boreal\\\/#webpage\",\"url\":\"https:\\\/\\\/www.eldigitaldeasturias.com\\\/noticias\\\/el-mercado-laboral-aleman-continuo-acusando-los-efectos-del-invierno-boreal\\\/\",\"name\":\"El mercado laboral alem\\u00e1n continu\\u00f3 acusando los efectos del invierno boreal - El Digital de Asturias\",\"description\":\"N\\u00faremberg, 1 mar (dpa) El mercado laboral alem\\u00e1n continu\\u00f3 acusando los efectos del invierno boreal en febrero, por lo que la cifra de desempleados apenas descendi\\u00f3 a 2,373 millones de personas sin trabajo, se\\u00f1alan datos de la Oficina Federal de Empleo (BA) publicados hoy. Sin embargo, esta cifra es el valor de desempleo m\\u00e1s bajo\",\"inLanguage\":\"es-ES\",\"isPartOf\":{\"@id\":\"https:\\\/\\\/www.eldigitaldeasturias.com\\\/noticias\\\/#website\"},\"breadcrumb\":{\"@id\":\"https:\\\/\\\/www.eldigitaldeasturias.com\\\/noticias\\\/el-mercado-laboral-aleman-continuo-acusando-los-efectos-del-invierno-boreal\\\/#breadcrumblist\"},\"author\":{\"@id\":\"https:\\\/\\\/www.eldigitaldeasturias.com\\\/noticias\\\/author\\\/admin\\\/#author\"},\"creator\":{\"@id\":\"https:\\\/\\\/www.eldigitaldeasturias.com\\\/noticias\\\/author\\\/admin\\\/#author\"},\"image\":{\"@type\":\"ImageObject\",\"url\":\"https:\\\/\\\/www.eldigitaldeasturias.com\\\/noticias\\\/wp-content\\\/uploads\\\/2019\\\/01\\\/work-791218_960_720.jpg\",\"@id\":\"https:\\\/\\\/www.eldigitaldeasturias.com\\\/noticias\\\/el-mercado-laboral-aleman-continuo-acusando-los-efectos-del-invierno-boreal\\\/#mainImage\",\"width\":960,\"height\":640,\"caption\":\"Empleo\"},\"primaryImageOfPage\":{\"@id\":\"https:\\\/\\\/www.eldigitaldeasturias.com\\\/noticias\\\/el-mercado-laboral-aleman-continuo-acusando-los-efectos-del-invierno-boreal\\\/#mainImage\"},\"datePublished\":\"2019-03-01T17:05:29+01:00\",\"dateModified\":\"2019-03-01T17:05:29+01:00\"},{\"@type\":\"WebSite\",\"@id\":\"https:\\\/\\\/www.eldigitaldeasturias.com\\\/noticias\\\/#website\",\"url\":\"https:\\\/\\\/www.eldigitaldeasturias.com\\\/noticias\\\/\",\"name\":\"El Digital de Asturias - Diario de actualidad y noticias\",\"alternateName\":\"El Digital de Asturias - Diario de actualidad y noticias\",\"description\":\"Hemeroteca\",\"inLanguage\":\"es-ES\",\"publisher\":{\"@id\":\"https:\\\/\\\/www.eldigitaldeasturias.com\\\/noticias\\\/#organization\"}}]}\n\t\t<\/script>\n\t\t<!-- All in One SEO Pro -->\r\n\t\t<title>El mercado laboral alem\u00e1n continu\u00f3 acusando los efectos del invierno boreal - El Digital de Asturias<\/title>\n\n","aioseo_head_json":{"title":"El mercado laboral alem\u00e1n continu\u00f3 acusando los efectos del invierno boreal - El Digital de Asturias","description":"N\u00faremberg, 1 mar (dpa) El mercado laboral alem\u00e1n continu\u00f3 acusando los efectos del invierno boreal en febrero, por lo que la cifra de desempleados apenas descendi\u00f3 a 2,373 millones de personas sin trabajo, se\u00f1alan datos de la Oficina Federal de Empleo (BA) publicados hoy. Sin embargo, esta cifra es el valor de desempleo m\u00e1s bajo","canonical_url":"https:\/\/www.eldigitaldeasturias.com\/noticias\/el-mercado-laboral-aleman-continuo-acusando-los-efectos-del-invierno-boreal\/","robots":"max-image-preview:large","keywords":"econom\u00eda","webmasterTools":{"google-site-verification":"UA-38556648-1","msvalidate.01":"7dfe9f3f1b24437ab69f4f2559babe99","miscellaneous":""},"schema":{"@context":"https:\/\/schema.org","@graph":[{"@type":"BlogPosting","@id":"https:\/\/www.eldigitaldeasturias.com\/noticias\/el-mercado-laboral-aleman-continuo-acusando-los-efectos-del-invierno-boreal\/#blogposting","name":"El mercado laboral alem\u00e1n continu\u00f3 acusando los efectos del invierno boreal - El Digital de Asturias","headline":"El mercado laboral alem\u00e1n continu\u00f3 acusando los efectos del invierno boreal","author":{"@id":"https:\/\/www.eldigitaldeasturias.com\/noticias\/author\/admin\/#author"},"publisher":{"@id":"https:\/\/www.eldigitaldeasturias.com\/noticias\/#organization"},"image":{"@type":"ImageObject","url":"https:\/\/www.eldigitaldeasturias.com\/noticias\/wp-content\/uploads\/2019\/01\/work-791218_960_720.jpg","width":960,"height":640,"caption":"Empleo"},"datePublished":"2019-03-01T17:05:29+01:00","dateModified":"2019-03-01T17:05:29+01:00","inLanguage":"es-ES","mainEntityOfPage":{"@id":"https:\/\/www.eldigitaldeasturias.com\/noticias\/el-mercado-laboral-aleman-continuo-acusando-los-efectos-del-invierno-boreal\/#webpage"},"isPartOf":{"@id":"https:\/\/www.eldigitaldeasturias.com\/noticias\/el-mercado-laboral-aleman-continuo-acusando-los-efectos-del-invierno-boreal\/#webpage"},"articleSection":"Econom\u00eda"},{"@type":"BreadcrumbList","@id":"https:\/\/www.eldigitaldeasturias.com\/noticias\/el-mercado-laboral-aleman-continuo-acusando-los-efectos-del-invierno-boreal\/#breadcrumblist","itemListElement":[{"@type":"ListItem","@id":"https:\/\/www.eldigitaldeasturias.com\/noticias#listItem","position":1,"name":"Home","item":"https:\/\/www.eldigitaldeasturias.com\/noticias","nextItem":{"@type":"ListItem","@id":"https:\/\/www.eldigitaldeasturias.com\/noticias\/category\/economia\/#listItem","name":"Econom\u00eda"}},{"@type":"ListItem","@id":"https:\/\/www.eldigitaldeasturias.com\/noticias\/category\/economia\/#listItem","position":2,"name":"Econom\u00eda","item":"https:\/\/www.eldigitaldeasturias.com\/noticias\/category\/economia\/","nextItem":{"@type":"ListItem","@id":"https:\/\/www.eldigitaldeasturias.com\/noticias\/el-mercado-laboral-aleman-continuo-acusando-los-efectos-del-invierno-boreal\/#listItem","name":"El mercado laboral alem\u00e1n continu\u00f3 acusando los efectos del invierno boreal"},"previousItem":{"@type":"ListItem","@id":"https:\/\/www.eldigitaldeasturias.com\/noticias#listItem","name":"Home"}},{"@type":"ListItem","@id":"https:\/\/www.eldigitaldeasturias.com\/noticias\/el-mercado-laboral-aleman-continuo-acusando-los-efectos-del-invierno-boreal\/#listItem","position":3,"name":"El mercado laboral alem\u00e1n continu\u00f3 acusando los efectos del invierno boreal","previousItem":{"@type":"ListItem","@id":"https:\/\/www.eldigitaldeasturias.com\/noticias\/category\/economia\/#listItem","name":"Econom\u00eda"}}]},{"@type":"Organization","@id":"https:\/\/www.eldigitaldeasturias.com\/noticias\/#organization","name":"El Digital de Asturias","description":"Hemeroteca","url":"https:\/\/www.eldigitaldeasturias.com\/noticias\/","email":"info@eldigitaldeasturias.com","telephone":"+34652131393","logo":{"@type":"ImageObject","url":"https:\/\/www.eldigitaldeasturias.com\/noticias\/wp-content\/uploads\/2020\/12\/EDA.jpg","@id":"https:\/\/www.eldigitaldeasturias.com\/noticias\/el-mercado-laboral-aleman-continuo-acusando-los-efectos-del-invierno-boreal\/#organizationLogo","width":649,"height":297},"image":{"@id":"https:\/\/www.eldigitaldeasturias.com\/noticias\/el-mercado-laboral-aleman-continuo-acusando-los-efectos-del-invierno-boreal\/#organizationLogo"},"sameAs":["https:\/\/facebook.com\/eldigitaldeasturias","https:\/\/www.youtube.com\/channel\/UCZP-2wLEB9Rv6erhFmqVnvg"],"address":{"@id":"https:\/\/www.eldigitaldeasturias.com\/noticias\/#postaladdress","@type":"PostalAddress","streetAddress":"san antonio 4,","postalCode":"33430","addressLocality":"Cand\u00e1s","addressRegion":"Asturias","addressCountry":"ES"}},{"@type":"Person","@id":"https:\/\/www.eldigitaldeasturias.com\/noticias\/author\/admin\/#author","url":"https:\/\/www.eldigitaldeasturias.com\/noticias\/author\/admin\/","name":"El Digital de Asturias","image":{"@type":"ImageObject","@id":"https:\/\/www.eldigitaldeasturias.com\/noticias\/el-mercado-laboral-aleman-continuo-acusando-los-efectos-del-invierno-boreal\/#authorImage","url":"https:\/\/www.eldigitaldeasturias.com\/noticias\/wp-content\/litespeed\/avatar\/18677e78aa0546b92d9dbf31ec7d7668.jpg?ver=1777290358","width":96,"height":96,"caption":"El Digital de Asturias"}},{"@type":"WebPage","@id":"https:\/\/www.eldigitaldeasturias.com\/noticias\/el-mercado-laboral-aleman-continuo-acusando-los-efectos-del-invierno-boreal\/#webpage","url":"https:\/\/www.eldigitaldeasturias.com\/noticias\/el-mercado-laboral-aleman-continuo-acusando-los-efectos-del-invierno-boreal\/","name":"El mercado laboral alem\u00e1n continu\u00f3 acusando los efectos del invierno boreal - El Digital de Asturias","description":"N\u00faremberg, 1 mar (dpa) El mercado laboral alem\u00e1n continu\u00f3 acusando los efectos del invierno boreal en febrero, por lo que la cifra de desempleados apenas descendi\u00f3 a 2,373 millones de personas sin trabajo, se\u00f1alan datos de la Oficina Federal de Empleo (BA) publicados hoy. Sin embargo, esta cifra es el valor de desempleo m\u00e1s bajo","inLanguage":"es-ES","isPartOf":{"@id":"https:\/\/www.eldigitaldeasturias.com\/noticias\/#website"},"breadcrumb":{"@id":"https:\/\/www.eldigitaldeasturias.com\/noticias\/el-mercado-laboral-aleman-continuo-acusando-los-efectos-del-invierno-boreal\/#breadcrumblist"},"author":{"@id":"https:\/\/www.eldigitaldeasturias.com\/noticias\/author\/admin\/#author"},"creator":{"@id":"https:\/\/www.eldigitaldeasturias.com\/noticias\/author\/admin\/#author"},"image":{"@type":"ImageObject","url":"https:\/\/www.eldigitaldeasturias.com\/noticias\/wp-content\/uploads\/2019\/01\/work-791218_960_720.jpg","@id":"https:\/\/www.eldigitaldeasturias.com\/noticias\/el-mercado-laboral-aleman-continuo-acusando-los-efectos-del-invierno-boreal\/#mainImage","width":960,"height":640,"caption":"Empleo"},"primaryImageOfPage":{"@id":"https:\/\/www.eldigitaldeasturias.com\/noticias\/el-mercado-laboral-aleman-continuo-acusando-los-efectos-del-invierno-boreal\/#mainImage"},"datePublished":"2019-03-01T17:05:29+01:00","dateModified":"2019-03-01T17:05:29+01:00"},{"@type":"WebSite","@id":"https:\/\/www.eldigitaldeasturias.com\/noticias\/#website","url":"https:\/\/www.eldigitaldeasturias.com\/noticias\/","name":"El Digital de Asturias - Diario de actualidad y noticias","alternateName":"El Digital de Asturias - Diario de actualidad y noticias","description":"Hemeroteca","inLanguage":"es-ES","publisher":{"@id":"https:\/\/www.eldigitaldeasturias.com\/noticias\/#organization"}}]},"og:locale":"es_ES","og:site_name":"El Digital de Asturias","og:type":"article","og:title":"El mercado laboral alem\u00e1n continu\u00f3 acusando los efectos del invierno boreal - El Digital de Asturias","og:description":"N\u00faremberg, 1 mar (dpa) El mercado laboral alem\u00e1n continu\u00f3 acusando los efectos del invierno boreal en febrero, por lo que la cifra de desempleados apenas descendi\u00f3 a 2,373 millones de personas sin trabajo, se\u00f1alan datos de la Oficina Federal de Empleo (BA) publicados hoy. Sin embargo, esta cifra es el valor de desempleo m\u00e1s bajo","og:url":"https:\/\/www.eldigitaldeasturias.com\/noticias\/el-mercado-laboral-aleman-continuo-acusando-los-efectos-del-invierno-boreal\/","og:image":"https:\/\/www.eldigitaldeasturias.com\/noticias\/wp-content\/uploads\/2019\/01\/work-791218_960_720.jpg","og:image:secure_url":"https:\/\/www.eldigitaldeasturias.com\/noticias\/wp-content\/uploads\/2019\/01\/work-791218_960_720.jpg","og:image:width":960,"og:image:height":640,"article:tag":["econom\u00eda"],"article:published_time":"2019-03-01T17:05:29+00:00","article:modified_time":"2019-03-01T17:05:29+00:00","article:publisher":"https:\/\/facebook.com\/eldigitaldeasturias","twitter:card":"summary_large_image","twitter:title":"El mercado laboral alem\u00e1n continu\u00f3 acusando los efectos del invierno boreal - El Digital de Asturias","twitter:description":"N\u00faremberg, 1 mar (dpa) El mercado laboral alem\u00e1n continu\u00f3 acusando los efectos del invierno boreal en febrero, por lo que la cifra de desempleados apenas descendi\u00f3 a 2,373 millones de personas sin trabajo, se\u00f1alan datos de la Oficina Federal de Empleo (BA) publicados hoy. Sin embargo, esta cifra es el valor de desempleo m\u00e1s bajo","twitter:image":"https:\/\/www.eldigitaldeasturias.com\/noticias\/wp-content\/uploads\/2019\/01\/work-791218_960_720.jpg","twitter:label1":"Escrito por","twitter:data1":"El Digital de Asturias","twitter:label2":"Tiempo de lectura estimado","twitter:data2":"1 minuto"},"aioseo_meta_data":{"post_id":"1018861","title":null,"description":null,"keywords":null,"keyphrases":null,"primary_term":null,"canonical_url":null,"og_title":null,"og_description":null,"og_object_type":"default","og_image_type":"default","og_image_url":null,"og_image_width":null,"og_image_height":null,"og_image_custom_url":null,"og_image_custom_fields":null,"og_video":null,"og_custom_url":null,"og_article_section":null,"og_article_tags":null,"twitter_use_og":false,"twitter_card":"default","twitter_image_type":"default","twitter_image_url":null,"twitter_image_custom_url":null,"twitter_image_custom_fields":null,"twitter_title":null,"twitter_description":null,"schema":{"blockGraphs":[],"customGraphs":[],"default":{"data":{"Article":[],"Course":[],"Dataset":[],"FAQPage":[],"Movie":[],"Person":[],"Product":[],"ProductReview":[],"Car":[],"Recipe":[],"Service":[],"SoftwareApplication":[],"WebPage":[]},"graphName":"","isEnabled":true},"graphs":[],"defaultGraph":"","defaultPostTypeGraph":""},"schema_type":null,"schema_type_options":null,"pillar_content":false,"robots_default":true,"robots_noindex":false,"robots_noarchive":false,"robots_nosnippet":false,"robots_nofollow":false,"robots_noimageindex":false,"robots_noodp":false,"robots_notranslate":false,"robots_max_snippet":null,"robots_max_videopreview":null,"robots_max_imagepreview":"large","priority":null,"frequency":null,"local_seo":null,"seo_analyzer_scan_date":"2025-10-16 15:44:26","breadcrumb_settings":null,"limit_modified_date":false,"open_ai":null,"ai":null,"created":"2020-12-21 11:18:09","updated":"2025-10-16 15:44:26"},"aioseo_breadcrumb":"<div class=\"aioseo-breadcrumbs\"><span class=\"aioseo-breadcrumb\">\n\t<a href=\"https:\/\/www.eldigitaldeasturias.com\/noticias\" title=\"Home\">Home<\/a>\n<\/span><span class=\"aioseo-breadcrumb-separator\">\u2013<\/span><span class=\"aioseo-breadcrumb\">\n\t<a href=\"https:\/\/www.eldigitaldeasturias.com\/noticias\/category\/economia\/\" title=\"Econom\u00eda\">Econom\u00eda<\/a>\n<\/span><span class=\"aioseo-breadcrumb-separator\">\u2013<\/span><span class=\"aioseo-breadcrumb\">\n\t<a href=\"https:\/\/www.eldigitaldeasturias.com\/noticias\/el-mercado-laboral-aleman-continuo-acusando-los-efectos-del-invierno-boreal\/\" title=\"El mercado laboral alem\u00e1n continu\u00f3 acusando los efectos del invierno boreal\">El mercado laboral alem\u00e1n continu\u00f3 acusando los efectos del invierno boreal<\/a>\n<\/span><\/div>","aioseo_breadcrumb_json":[{"label":"Home","link":"https:\/\/www.eldigitaldeasturias.com\/noticias"},{"label":"Econom\u00eda","link":"https:\/\/www.eldigitaldeasturias.com\/noticias\/category\/economia\/"},{"label":"El mercado laboral alem\u00e1n continu\u00f3 acusando los efectos del invierno boreal","link":"https:\/\/www.eldigitaldeasturias.com\/noticias\/el-mercado-laboral-aleman-continuo-acusando-los-efectos-del-invierno-boreal\/"}],"_links":{"self":[{"href":"https:\/\/www.eldigitaldeasturias.com\/noticias\/wp-json\/wp\/v2\/posts\/1018861","targetHints":{"allow":["GET"]}}],"collection":[{"href":"https:\/\/www.eldigitaldeasturias.com\/noticias\/wp-json\/wp\/v2\/posts"}],"about":[{"href":"https:\/\/www.eldigitaldeasturias.com\/noticias\/wp-json\/wp\/v2\/types\/post"}],"author":[{"embeddable":true,"href":"https:\/\/www.eldigitaldeasturias.com\/noticias\/wp-json\/wp\/v2\/users\/1"}],"replies":[{"embeddable":true,"href":"https:\/\/www.eldigitaldeasturias.com\/noticias\/wp-json\/wp\/v2\/comments?post=1018861"}],"version-history":[{"count":0,"href":"https:\/\/www.eldigitaldeasturias.com\/noticias\/wp-json\/wp\/v2\/posts\/1018861\/revisions"}],"wp:featuredmedia":[{"embeddable":true,"href":"https:\/\/www.eldigitaldeasturias.com\/noticias\/wp-json\/wp\/v2\/media\/1013387"}],"wp:attachment":[{"href":"https:\/\/www.eldigitaldeasturias.com\/noticias\/wp-json\/wp\/v2\/media?parent=1018861"}],"wp:term":[{"taxonomy":"category","embeddable":true,"href":"https:\/\/www.eldigitaldeasturias.com\/noticias\/wp-json\/wp\/v2\/categories?post=1018861"},{"taxonomy":"post_tag","embeddable":true,"href":"https:\/\/www.eldigitaldeasturias.com\/noticias\/wp-json\/wp\/v2\/tags?post=1018861"}],"curies":[{"name":"wp","href":"https:\/\/api.w.org\/{rel}","templated":true}]}}