{"id":1018684,"date":"2019-02-28T20:54:08","date_gmt":"2019-02-28T20:54:08","guid":{"rendered":"https:\/\/www.eldigitaldeasturias.com\/noticias\/?p=1018684"},"modified":"2019-02-28T20:54:08","modified_gmt":"2019-02-28T20:54:08","slug":"el-mejor-cine-contemporaneo-en-la-laboral-de-gijon","status":"publish","type":"post","link":"https:\/\/www.eldigitaldeasturias.com\/noticias\/el-mejor-cine-contemporaneo-en-la-laboral-de-gijon\/","title":{"rendered":"El mejor cine contempor\u00e1neo en la Laboral de Gij\u00f3n"},"content":{"rendered":"<p><img loading=\"lazy\" decoding=\"async\" class=\"alignleft size-medium wp-image-953301\" src=\"https:\/\/www.eldigitaldeasturias.com\/noticias\/wp-content\/uploads\/2017\/09\/Laboral-360x239.jpg\" alt=\"\" width=\"360\" height=\"239\" srcset=\"https:\/\/www.eldigitaldeasturias.com\/noticias\/wp-content\/uploads\/2017\/09\/Laboral-360x239.jpg 360w, https:\/\/www.eldigitaldeasturias.com\/noticias\/wp-content\/uploads\/2017\/09\/Laboral-451x300.jpg 451w, https:\/\/www.eldigitaldeasturias.com\/noticias\/wp-content\/uploads\/2017\/09\/Laboral-768x511.jpg 768w, https:\/\/www.eldigitaldeasturias.com\/noticias\/wp-content\/uploads\/2017\/09\/Laboral-690x459.jpg 690w, https:\/\/www.eldigitaldeasturias.com\/noticias\/wp-content\/uploads\/2017\/09\/Laboral-1024x681.jpg 1024w, https:\/\/www.eldigitaldeasturias.com\/noticias\/wp-content\/uploads\/2017\/09\/Laboral-20x13.jpg 20w, https:\/\/www.eldigitaldeasturias.com\/noticias\/wp-content\/uploads\/2017\/09\/Laboral.jpg 1280w\" sizes=\"auto, (max-width: 360px) 100vw, 360px\" \/>La adaptaci\u00f3n de un relato de Murakami, inspirado a su vez en William Faulkner, que firma el gran cineasta coreano Lee Chang-dong, Burning -premio FIPRESCI en Cannes y una de las diez mejores pel\u00edculas de 2018- llega el viernes 1 de marzo, a las 20:00 horas, al Paraninfo de la Laboral. El joven Jongsu se reencuentra con Haemi, una antigua compa\u00f1era de colegio. A su vuelta de un viaje por \u00c1frica, Haemi llega acompa\u00f1ada de Ben, un joven enigm\u00e1tico y adinerado a quien conoci\u00f3 durante su viaje y que posee un pasatiempo muy particular.<\/p>\n<p>El s\u00e1bado 2, a las 20:00 horas, Laboral Cinemateca acoger\u00e1 un nuevo pase del \u00faltimo Premio Rizoma de Cine, Young &amp; beautiful, el retrato de una generaci\u00f3n desencantada con el tiempo que le ha tocado vivir y que no sabe c\u00f3mo enfrentarse a un futuro incierto. Sobresaliente actuaci\u00f3n de las tres actrices protagonistas de La quietud, el \u00faltimo largometraje del argentino Pablo Trapero en el que vuelve a indagar en los secretos m\u00e1s oscuros de su pa\u00eds a trav\u00e9s de la historia de una familia. \u00daltimo pase de esta pel\u00edcula el domingo 3 a las 19:00 horas.<\/p>\n<p>El viernes 8 a las 20:00 horas se proyectar\u00e1 Una receta familiar, la disfrutable pel\u00edcula de Eric Khoo que surge del ofrecimiento de un proyecto que celebrara el 5\u00ba aniversario de las relaciones diplom\u00e1ticas entre Jap\u00f3n y Singapur en el que la comida se revela como fuerza unificadora. Y el s\u00e1bado 9, a la misma hora, ser\u00e1 el turno de Mrs. Hyde, el \u00faltimo largometraje de Serge Bozon en el que Isabelle Huppert da vida a Madame G\u00e9quil una exc\u00e9ntrica profesora de f\u00edsica que, mientras lleva a cabo un experimento, es alcanzada por un rayo. Cuando recobra el sentido, Madame G\u00e9quil se siente diferente\u2026 \u00bfpodr\u00e1 controlar a la poderosa y amenazadora Mrs. Hyde que habita en su interior?<\/p>\n<p>Las localidades para el concierto-proyecci\u00f3n de Blade Runner con Seward pueden adquirirse a un precio general de 15\u20ac y reducido de 12\u20ac. Las entradas para todas las pel\u00edculas est\u00e1n ya a la venta, a un precio general de 4\u20ac y reducido de 3\u20ac, en la Recepci\u00f3n de la Laboral en Gij\u00f3n, en la Recepci\u00f3n del Centro Niemeyer en Avil\u00e9s, en el Centro de Informaci\u00f3n Tur\u00edstica del Principado en Oviedo, en <span style=\"color: #ff6600;\"><strong>entradas.liberbank.es<\/strong><\/span>, en el tel\u00e9fono 902 106 601 y en la red de cajeros Liberbank.<\/p>\n","protected":false},"excerpt":{"rendered":"<p>La adaptaci\u00f3n de un relato de Murakami, inspirado a su vez en William Faulkner, que firma el gran cineasta coreano Lee Chang-dong, Burning -premio FIPRESCI en Cannes y una de las diez mejores pel\u00edculas de 2018- llega el viernes 1 de marzo, a las 20:00 horas, al Paraninfo de la Laboral. El joven Jongsu se [&hellip;]<\/p>\n","protected":false},"author":1,"featured_media":953301,"comment_status":"closed","ping_status":"closed","sticky":false,"template":"","format":"standard","meta":{"footnotes":""},"categories":[538],"tags":[],"class_list":["post-1018684","post","type-post","status-publish","format-standard","has-post-thumbnail","hentry","category-el-tiempo"],"aioseo_notices":[],"aioseo_head":"\n\t\t<!-- All in One SEO Pro 4.9.6.2 - aioseo.com -->\n\t<meta name=\"description\" content=\"La adaptaci\u00f3n de un relato de Murakami, inspirado a su vez en William Faulkner, que firma el gran cineasta coreano Lee Chang-dong, Burning -premio FIPRESCI en Cannes y una de las diez mejores pel\u00edculas de 2018- llega el viernes 1 de marzo, a las 20:00 horas, al Paraninfo de la Laboral. El joven Jongsu se\" \/>\n\t<meta name=\"robots\" content=\"max-image-preview:large\" \/>\n\t<meta name=\"author\" content=\"El Digital de Asturias\"\/>\n\t<meta name=\"google-site-verification\" content=\"UA-38556648-1\" \/>\n\t<meta name=\"msvalidate.01\" content=\"7dfe9f3f1b24437ab69f4f2559babe99\" \/>\n\t<meta name=\"keywords\" content=\"el tiempo\" \/>\n\t<link rel=\"canonical\" href=\"https:\/\/www.eldigitaldeasturias.com\/noticias\/el-mejor-cine-contemporaneo-en-la-laboral-de-gijon\/\" \/>\n\t<meta name=\"generator\" content=\"All in One SEO Pro (AIOSEO) 4.9.6.2\" \/>\n\t\t<meta property=\"og:locale\" content=\"es_ES\" \/>\n\t\t<meta property=\"og:site_name\" content=\"El Digital de Asturias\" \/>\n\t\t<meta property=\"og:type\" content=\"article\" \/>\n\t\t<meta property=\"og:title\" content=\"El mejor cine contempor\u00e1neo en la Laboral de Gij\u00f3n - El Digital de Asturias\" \/>\n\t\t<meta property=\"og:description\" content=\"La adaptaci\u00f3n de un relato de Murakami, inspirado a su vez en William Faulkner, que firma el gran cineasta coreano Lee Chang-dong, Burning -premio FIPRESCI en Cannes y una de las diez mejores pel\u00edculas de 2018- llega el viernes 1 de marzo, a las 20:00 horas, al Paraninfo de la Laboral. El joven Jongsu se\" \/>\n\t\t<meta property=\"og:url\" content=\"https:\/\/www.eldigitaldeasturias.com\/noticias\/el-mejor-cine-contemporaneo-en-la-laboral-de-gijon\/\" \/>\n\t\t<meta property=\"og:image\" content=\"https:\/\/www.eldigitaldeasturias.com\/noticias\/wp-content\/uploads\/2017\/09\/Laboral.jpg\" \/>\n\t\t<meta property=\"og:image:secure_url\" content=\"https:\/\/www.eldigitaldeasturias.com\/noticias\/wp-content\/uploads\/2017\/09\/Laboral.jpg\" \/>\n\t\t<meta property=\"og:image:width\" content=\"1280\" \/>\n\t\t<meta property=\"og:image:height\" content=\"851\" \/>\n\t\t<meta property=\"article:tag\" content=\"el tiempo\" \/>\n\t\t<meta property=\"article:published_time\" content=\"2019-02-28T20:54:08+00:00\" \/>\n\t\t<meta property=\"article:modified_time\" content=\"2019-02-28T20:54:08+00:00\" \/>\n\t\t<meta property=\"article:publisher\" content=\"https:\/\/facebook.com\/eldigitaldeasturias\" \/>\n\t\t<meta name=\"twitter:card\" content=\"summary_large_image\" \/>\n\t\t<meta name=\"twitter:title\" content=\"El mejor cine contempor\u00e1neo en la Laboral de Gij\u00f3n - El Digital de Asturias\" \/>\n\t\t<meta name=\"twitter:description\" content=\"La adaptaci\u00f3n de un relato de Murakami, inspirado a su vez en William Faulkner, que firma el gran cineasta coreano Lee Chang-dong, Burning -premio FIPRESCI en Cannes y una de las diez mejores pel\u00edculas de 2018- llega el viernes 1 de marzo, a las 20:00 horas, al Paraninfo de la Laboral. El joven Jongsu se\" \/>\n\t\t<meta name=\"twitter:image\" content=\"https:\/\/www.eldigitaldeasturias.com\/noticias\/wp-content\/uploads\/2017\/09\/Laboral.jpg\" \/>\n\t\t<meta name=\"twitter:label1\" content=\"Escrito por\" \/>\n\t\t<meta name=\"twitter:data1\" content=\"El Digital de Asturias\" \/>\n\t\t<meta name=\"twitter:label2\" content=\"Tiempo de lectura estimado\" \/>\n\t\t<meta name=\"twitter:data2\" content=\"2 minutos\" \/>\n\t\t<script type=\"application\/ld+json\" class=\"aioseo-schema\">\n\t\t\t{\"@context\":\"https:\\\/\\\/schema.org\",\"@graph\":[{\"@type\":\"BlogPosting\",\"@id\":\"https:\\\/\\\/www.eldigitaldeasturias.com\\\/noticias\\\/el-mejor-cine-contemporaneo-en-la-laboral-de-gijon\\\/#blogposting\",\"name\":\"El mejor cine contempor\\u00e1neo en la Laboral de Gij\\u00f3n - El Digital de Asturias\",\"headline\":\"El mejor cine contempor\\u00e1neo en la Laboral de Gij\\u00f3n\",\"author\":{\"@id\":\"https:\\\/\\\/www.eldigitaldeasturias.com\\\/noticias\\\/author\\\/admin\\\/#author\"},\"publisher\":{\"@id\":\"https:\\\/\\\/www.eldigitaldeasturias.com\\\/noticias\\\/#organization\"},\"image\":{\"@type\":\"ImageObject\",\"url\":\"https:\\\/\\\/www.eldigitaldeasturias.com\\\/noticias\\\/wp-content\\\/uploads\\\/2017\\\/09\\\/Laboral.jpg\",\"width\":1280,\"height\":851,\"caption\":\"Laboral\"},\"datePublished\":\"2019-02-28T20:54:08+01:00\",\"dateModified\":\"2019-02-28T20:54:08+01:00\",\"inLanguage\":\"es-ES\",\"mainEntityOfPage\":{\"@id\":\"https:\\\/\\\/www.eldigitaldeasturias.com\\\/noticias\\\/el-mejor-cine-contemporaneo-en-la-laboral-de-gijon\\\/#webpage\"},\"isPartOf\":{\"@id\":\"https:\\\/\\\/www.eldigitaldeasturias.com\\\/noticias\\\/el-mejor-cine-contemporaneo-en-la-laboral-de-gijon\\\/#webpage\"},\"articleSection\":\"El tiempo\"},{\"@type\":\"BreadcrumbList\",\"@id\":\"https:\\\/\\\/www.eldigitaldeasturias.com\\\/noticias\\\/el-mejor-cine-contemporaneo-en-la-laboral-de-gijon\\\/#breadcrumblist\",\"itemListElement\":[{\"@type\":\"ListItem\",\"@id\":\"https:\\\/\\\/www.eldigitaldeasturias.com\\\/noticias#listItem\",\"position\":1,\"name\":\"Home\",\"item\":\"https:\\\/\\\/www.eldigitaldeasturias.com\\\/noticias\",\"nextItem\":{\"@type\":\"ListItem\",\"@id\":\"https:\\\/\\\/www.eldigitaldeasturias.com\\\/noticias\\\/category\\\/el-tiempo\\\/#listItem\",\"name\":\"El tiempo\"}},{\"@type\":\"ListItem\",\"@id\":\"https:\\\/\\\/www.eldigitaldeasturias.com\\\/noticias\\\/category\\\/el-tiempo\\\/#listItem\",\"position\":2,\"name\":\"El tiempo\",\"item\":\"https:\\\/\\\/www.eldigitaldeasturias.com\\\/noticias\\\/category\\\/el-tiempo\\\/\",\"nextItem\":{\"@type\":\"ListItem\",\"@id\":\"https:\\\/\\\/www.eldigitaldeasturias.com\\\/noticias\\\/el-mejor-cine-contemporaneo-en-la-laboral-de-gijon\\\/#listItem\",\"name\":\"El mejor cine contempor\\u00e1neo en la Laboral de Gij\\u00f3n\"},\"previousItem\":{\"@type\":\"ListItem\",\"@id\":\"https:\\\/\\\/www.eldigitaldeasturias.com\\\/noticias#listItem\",\"name\":\"Home\"}},{\"@type\":\"ListItem\",\"@id\":\"https:\\\/\\\/www.eldigitaldeasturias.com\\\/noticias\\\/el-mejor-cine-contemporaneo-en-la-laboral-de-gijon\\\/#listItem\",\"position\":3,\"name\":\"El mejor cine contempor\\u00e1neo en la Laboral de Gij\\u00f3n\",\"previousItem\":{\"@type\":\"ListItem\",\"@id\":\"https:\\\/\\\/www.eldigitaldeasturias.com\\\/noticias\\\/category\\\/el-tiempo\\\/#listItem\",\"name\":\"El tiempo\"}}]},{\"@type\":\"Organization\",\"@id\":\"https:\\\/\\\/www.eldigitaldeasturias.com\\\/noticias\\\/#organization\",\"name\":\"El Digital de Asturias\",\"description\":\"Hemeroteca\",\"url\":\"https:\\\/\\\/www.eldigitaldeasturias.com\\\/noticias\\\/\",\"email\":\"info@eldigitaldeasturias.com\",\"telephone\":\"+34652131393\",\"logo\":{\"@type\":\"ImageObject\",\"url\":\"https:\\\/\\\/www.eldigitaldeasturias.com\\\/noticias\\\/wp-content\\\/uploads\\\/2020\\\/12\\\/EDA.jpg\",\"@id\":\"https:\\\/\\\/www.eldigitaldeasturias.com\\\/noticias\\\/el-mejor-cine-contemporaneo-en-la-laboral-de-gijon\\\/#organizationLogo\",\"width\":649,\"height\":297},\"image\":{\"@id\":\"https:\\\/\\\/www.eldigitaldeasturias.com\\\/noticias\\\/el-mejor-cine-contemporaneo-en-la-laboral-de-gijon\\\/#organizationLogo\"},\"sameAs\":[\"https:\\\/\\\/facebook.com\\\/eldigitaldeasturias\",\"https:\\\/\\\/www.youtube.com\\\/channel\\\/UCZP-2wLEB9Rv6erhFmqVnvg\"],\"address\":{\"@id\":\"https:\\\/\\\/www.eldigitaldeasturias.com\\\/noticias\\\/#postaladdress\",\"@type\":\"PostalAddress\",\"streetAddress\":\"san antonio 4,\",\"postalCode\":\"33430\",\"addressLocality\":\"Cand\\u00e1s\",\"addressRegion\":\"Asturias\",\"addressCountry\":\"ES\"}},{\"@type\":\"Person\",\"@id\":\"https:\\\/\\\/www.eldigitaldeasturias.com\\\/noticias\\\/author\\\/admin\\\/#author\",\"url\":\"https:\\\/\\\/www.eldigitaldeasturias.com\\\/noticias\\\/author\\\/admin\\\/\",\"name\":\"El Digital de Asturias\",\"image\":{\"@type\":\"ImageObject\",\"@id\":\"https:\\\/\\\/www.eldigitaldeasturias.com\\\/noticias\\\/el-mejor-cine-contemporaneo-en-la-laboral-de-gijon\\\/#authorImage\",\"url\":\"https:\\\/\\\/www.eldigitaldeasturias.com\\\/noticias\\\/wp-content\\\/litespeed\\\/avatar\\\/18677e78aa0546b92d9dbf31ec7d7668.jpg?ver=1777290358\",\"width\":96,\"height\":96,\"caption\":\"El Digital de Asturias\"}},{\"@type\":\"WebPage\",\"@id\":\"https:\\\/\\\/www.eldigitaldeasturias.com\\\/noticias\\\/el-mejor-cine-contemporaneo-en-la-laboral-de-gijon\\\/#webpage\",\"url\":\"https:\\\/\\\/www.eldigitaldeasturias.com\\\/noticias\\\/el-mejor-cine-contemporaneo-en-la-laboral-de-gijon\\\/\",\"name\":\"El mejor cine contempor\\u00e1neo en la Laboral de Gij\\u00f3n - El Digital de Asturias\",\"description\":\"La adaptaci\\u00f3n de un relato de Murakami, inspirado a su vez en William Faulkner, que firma el gran cineasta coreano Lee Chang-dong, Burning -premio FIPRESCI en Cannes y una de las diez mejores pel\\u00edculas de 2018- llega el viernes 1 de marzo, a las 20:00 horas, al Paraninfo de la Laboral. El joven Jongsu se\",\"inLanguage\":\"es-ES\",\"isPartOf\":{\"@id\":\"https:\\\/\\\/www.eldigitaldeasturias.com\\\/noticias\\\/#website\"},\"breadcrumb\":{\"@id\":\"https:\\\/\\\/www.eldigitaldeasturias.com\\\/noticias\\\/el-mejor-cine-contemporaneo-en-la-laboral-de-gijon\\\/#breadcrumblist\"},\"author\":{\"@id\":\"https:\\\/\\\/www.eldigitaldeasturias.com\\\/noticias\\\/author\\\/admin\\\/#author\"},\"creator\":{\"@id\":\"https:\\\/\\\/www.eldigitaldeasturias.com\\\/noticias\\\/author\\\/admin\\\/#author\"},\"image\":{\"@type\":\"ImageObject\",\"url\":\"https:\\\/\\\/www.eldigitaldeasturias.com\\\/noticias\\\/wp-content\\\/uploads\\\/2017\\\/09\\\/Laboral.jpg\",\"@id\":\"https:\\\/\\\/www.eldigitaldeasturias.com\\\/noticias\\\/el-mejor-cine-contemporaneo-en-la-laboral-de-gijon\\\/#mainImage\",\"width\":1280,\"height\":851,\"caption\":\"Laboral\"},\"primaryImageOfPage\":{\"@id\":\"https:\\\/\\\/www.eldigitaldeasturias.com\\\/noticias\\\/el-mejor-cine-contemporaneo-en-la-laboral-de-gijon\\\/#mainImage\"},\"datePublished\":\"2019-02-28T20:54:08+01:00\",\"dateModified\":\"2019-02-28T20:54:08+01:00\"},{\"@type\":\"WebSite\",\"@id\":\"https:\\\/\\\/www.eldigitaldeasturias.com\\\/noticias\\\/#website\",\"url\":\"https:\\\/\\\/www.eldigitaldeasturias.com\\\/noticias\\\/\",\"name\":\"El Digital de Asturias - Diario de actualidad y noticias\",\"alternateName\":\"El Digital de Asturias - Diario de actualidad y noticias\",\"description\":\"Hemeroteca\",\"inLanguage\":\"es-ES\",\"publisher\":{\"@id\":\"https:\\\/\\\/www.eldigitaldeasturias.com\\\/noticias\\\/#organization\"}}]}\n\t\t<\/script>\n\t\t<!-- All in One SEO Pro -->\r\n\t\t<title>El mejor cine contempor\u00e1neo en la Laboral de Gij\u00f3n - El Digital de Asturias<\/title>\n\n","aioseo_head_json":{"title":"El mejor cine contempor\u00e1neo en la Laboral de Gij\u00f3n - El Digital de Asturias","description":"La adaptaci\u00f3n de un relato de Murakami, inspirado a su vez en William Faulkner, que firma el gran cineasta coreano Lee Chang-dong, Burning -premio FIPRESCI en Cannes y una de las diez mejores pel\u00edculas de 2018- llega el viernes 1 de marzo, a las 20:00 horas, al Paraninfo de la Laboral. El joven Jongsu se","canonical_url":"https:\/\/www.eldigitaldeasturias.com\/noticias\/el-mejor-cine-contemporaneo-en-la-laboral-de-gijon\/","robots":"max-image-preview:large","keywords":"el tiempo","webmasterTools":{"google-site-verification":"UA-38556648-1","msvalidate.01":"7dfe9f3f1b24437ab69f4f2559babe99","miscellaneous":""},"schema":{"@context":"https:\/\/schema.org","@graph":[{"@type":"BlogPosting","@id":"https:\/\/www.eldigitaldeasturias.com\/noticias\/el-mejor-cine-contemporaneo-en-la-laboral-de-gijon\/#blogposting","name":"El mejor cine contempor\u00e1neo en la Laboral de Gij\u00f3n - El Digital de Asturias","headline":"El mejor cine contempor\u00e1neo en la Laboral de Gij\u00f3n","author":{"@id":"https:\/\/www.eldigitaldeasturias.com\/noticias\/author\/admin\/#author"},"publisher":{"@id":"https:\/\/www.eldigitaldeasturias.com\/noticias\/#organization"},"image":{"@type":"ImageObject","url":"https:\/\/www.eldigitaldeasturias.com\/noticias\/wp-content\/uploads\/2017\/09\/Laboral.jpg","width":1280,"height":851,"caption":"Laboral"},"datePublished":"2019-02-28T20:54:08+01:00","dateModified":"2019-02-28T20:54:08+01:00","inLanguage":"es-ES","mainEntityOfPage":{"@id":"https:\/\/www.eldigitaldeasturias.com\/noticias\/el-mejor-cine-contemporaneo-en-la-laboral-de-gijon\/#webpage"},"isPartOf":{"@id":"https:\/\/www.eldigitaldeasturias.com\/noticias\/el-mejor-cine-contemporaneo-en-la-laboral-de-gijon\/#webpage"},"articleSection":"El tiempo"},{"@type":"BreadcrumbList","@id":"https:\/\/www.eldigitaldeasturias.com\/noticias\/el-mejor-cine-contemporaneo-en-la-laboral-de-gijon\/#breadcrumblist","itemListElement":[{"@type":"ListItem","@id":"https:\/\/www.eldigitaldeasturias.com\/noticias#listItem","position":1,"name":"Home","item":"https:\/\/www.eldigitaldeasturias.com\/noticias","nextItem":{"@type":"ListItem","@id":"https:\/\/www.eldigitaldeasturias.com\/noticias\/category\/el-tiempo\/#listItem","name":"El tiempo"}},{"@type":"ListItem","@id":"https:\/\/www.eldigitaldeasturias.com\/noticias\/category\/el-tiempo\/#listItem","position":2,"name":"El tiempo","item":"https:\/\/www.eldigitaldeasturias.com\/noticias\/category\/el-tiempo\/","nextItem":{"@type":"ListItem","@id":"https:\/\/www.eldigitaldeasturias.com\/noticias\/el-mejor-cine-contemporaneo-en-la-laboral-de-gijon\/#listItem","name":"El mejor cine contempor\u00e1neo en la Laboral de Gij\u00f3n"},"previousItem":{"@type":"ListItem","@id":"https:\/\/www.eldigitaldeasturias.com\/noticias#listItem","name":"Home"}},{"@type":"ListItem","@id":"https:\/\/www.eldigitaldeasturias.com\/noticias\/el-mejor-cine-contemporaneo-en-la-laboral-de-gijon\/#listItem","position":3,"name":"El mejor cine contempor\u00e1neo en la Laboral de Gij\u00f3n","previousItem":{"@type":"ListItem","@id":"https:\/\/www.eldigitaldeasturias.com\/noticias\/category\/el-tiempo\/#listItem","name":"El tiempo"}}]},{"@type":"Organization","@id":"https:\/\/www.eldigitaldeasturias.com\/noticias\/#organization","name":"El Digital de Asturias","description":"Hemeroteca","url":"https:\/\/www.eldigitaldeasturias.com\/noticias\/","email":"info@eldigitaldeasturias.com","telephone":"+34652131393","logo":{"@type":"ImageObject","url":"https:\/\/www.eldigitaldeasturias.com\/noticias\/wp-content\/uploads\/2020\/12\/EDA.jpg","@id":"https:\/\/www.eldigitaldeasturias.com\/noticias\/el-mejor-cine-contemporaneo-en-la-laboral-de-gijon\/#organizationLogo","width":649,"height":297},"image":{"@id":"https:\/\/www.eldigitaldeasturias.com\/noticias\/el-mejor-cine-contemporaneo-en-la-laboral-de-gijon\/#organizationLogo"},"sameAs":["https:\/\/facebook.com\/eldigitaldeasturias","https:\/\/www.youtube.com\/channel\/UCZP-2wLEB9Rv6erhFmqVnvg"],"address":{"@id":"https:\/\/www.eldigitaldeasturias.com\/noticias\/#postaladdress","@type":"PostalAddress","streetAddress":"san antonio 4,","postalCode":"33430","addressLocality":"Cand\u00e1s","addressRegion":"Asturias","addressCountry":"ES"}},{"@type":"Person","@id":"https:\/\/www.eldigitaldeasturias.com\/noticias\/author\/admin\/#author","url":"https:\/\/www.eldigitaldeasturias.com\/noticias\/author\/admin\/","name":"El Digital de Asturias","image":{"@type":"ImageObject","@id":"https:\/\/www.eldigitaldeasturias.com\/noticias\/el-mejor-cine-contemporaneo-en-la-laboral-de-gijon\/#authorImage","url":"https:\/\/www.eldigitaldeasturias.com\/noticias\/wp-content\/litespeed\/avatar\/18677e78aa0546b92d9dbf31ec7d7668.jpg?ver=1777290358","width":96,"height":96,"caption":"El Digital de Asturias"}},{"@type":"WebPage","@id":"https:\/\/www.eldigitaldeasturias.com\/noticias\/el-mejor-cine-contemporaneo-en-la-laboral-de-gijon\/#webpage","url":"https:\/\/www.eldigitaldeasturias.com\/noticias\/el-mejor-cine-contemporaneo-en-la-laboral-de-gijon\/","name":"El mejor cine contempor\u00e1neo en la Laboral de Gij\u00f3n - El Digital de Asturias","description":"La adaptaci\u00f3n de un relato de Murakami, inspirado a su vez en William Faulkner, que firma el gran cineasta coreano Lee Chang-dong, Burning -premio FIPRESCI en Cannes y una de las diez mejores pel\u00edculas de 2018- llega el viernes 1 de marzo, a las 20:00 horas, al Paraninfo de la Laboral. El joven Jongsu se","inLanguage":"es-ES","isPartOf":{"@id":"https:\/\/www.eldigitaldeasturias.com\/noticias\/#website"},"breadcrumb":{"@id":"https:\/\/www.eldigitaldeasturias.com\/noticias\/el-mejor-cine-contemporaneo-en-la-laboral-de-gijon\/#breadcrumblist"},"author":{"@id":"https:\/\/www.eldigitaldeasturias.com\/noticias\/author\/admin\/#author"},"creator":{"@id":"https:\/\/www.eldigitaldeasturias.com\/noticias\/author\/admin\/#author"},"image":{"@type":"ImageObject","url":"https:\/\/www.eldigitaldeasturias.com\/noticias\/wp-content\/uploads\/2017\/09\/Laboral.jpg","@id":"https:\/\/www.eldigitaldeasturias.com\/noticias\/el-mejor-cine-contemporaneo-en-la-laboral-de-gijon\/#mainImage","width":1280,"height":851,"caption":"Laboral"},"primaryImageOfPage":{"@id":"https:\/\/www.eldigitaldeasturias.com\/noticias\/el-mejor-cine-contemporaneo-en-la-laboral-de-gijon\/#mainImage"},"datePublished":"2019-02-28T20:54:08+01:00","dateModified":"2019-02-28T20:54:08+01:00"},{"@type":"WebSite","@id":"https:\/\/www.eldigitaldeasturias.com\/noticias\/#website","url":"https:\/\/www.eldigitaldeasturias.com\/noticias\/","name":"El Digital de Asturias - Diario de actualidad y noticias","alternateName":"El Digital de Asturias - Diario de actualidad y noticias","description":"Hemeroteca","inLanguage":"es-ES","publisher":{"@id":"https:\/\/www.eldigitaldeasturias.com\/noticias\/#organization"}}]},"og:locale":"es_ES","og:site_name":"El Digital de Asturias","og:type":"article","og:title":"El mejor cine contempor\u00e1neo en la Laboral de Gij\u00f3n - El Digital de Asturias","og:description":"La adaptaci\u00f3n de un relato de Murakami, inspirado a su vez en William Faulkner, que firma el gran cineasta coreano Lee Chang-dong, Burning -premio FIPRESCI en Cannes y una de las diez mejores pel\u00edculas de 2018- llega el viernes 1 de marzo, a las 20:00 horas, al Paraninfo de la Laboral. El joven Jongsu se","og:url":"https:\/\/www.eldigitaldeasturias.com\/noticias\/el-mejor-cine-contemporaneo-en-la-laboral-de-gijon\/","og:image":"https:\/\/www.eldigitaldeasturias.com\/noticias\/wp-content\/uploads\/2017\/09\/Laboral.jpg","og:image:secure_url":"https:\/\/www.eldigitaldeasturias.com\/noticias\/wp-content\/uploads\/2017\/09\/Laboral.jpg","og:image:width":1280,"og:image:height":851,"article:tag":["el tiempo"],"article:published_time":"2019-02-28T20:54:08+00:00","article:modified_time":"2019-02-28T20:54:08+00:00","article:publisher":"https:\/\/facebook.com\/eldigitaldeasturias","twitter:card":"summary_large_image","twitter:title":"El mejor cine contempor\u00e1neo en la Laboral de Gij\u00f3n - El Digital de Asturias","twitter:description":"La adaptaci\u00f3n de un relato de Murakami, inspirado a su vez en William Faulkner, que firma el gran cineasta coreano Lee Chang-dong, Burning -premio FIPRESCI en Cannes y una de las diez mejores pel\u00edculas de 2018- llega el viernes 1 de marzo, a las 20:00 horas, al Paraninfo de la Laboral. El joven Jongsu se","twitter:image":"https:\/\/www.eldigitaldeasturias.com\/noticias\/wp-content\/uploads\/2017\/09\/Laboral.jpg","twitter:label1":"Escrito por","twitter:data1":"El Digital de Asturias","twitter:label2":"Tiempo de lectura estimado","twitter:data2":"2 minutos"},"aioseo_meta_data":{"post_id":"1018684","title":null,"description":null,"keywords":null,"keyphrases":null,"primary_term":null,"canonical_url":null,"og_title":null,"og_description":null,"og_object_type":"default","og_image_type":"default","og_image_url":null,"og_image_width":null,"og_image_height":null,"og_image_custom_url":null,"og_image_custom_fields":null,"og_video":null,"og_custom_url":null,"og_article_section":null,"og_article_tags":null,"twitter_use_og":false,"twitter_card":"default","twitter_image_type":"default","twitter_image_url":null,"twitter_image_custom_url":null,"twitter_image_custom_fields":null,"twitter_title":null,"twitter_description":null,"schema":{"blockGraphs":[],"customGraphs":[],"default":{"data":{"Article":[],"Course":[],"Dataset":[],"FAQPage":[],"Movie":[],"Person":[],"Product":[],"ProductReview":[],"Car":[],"Recipe":[],"Service":[],"SoftwareApplication":[],"WebPage":[]},"graphName":"","isEnabled":true},"graphs":[],"defaultGraph":"","defaultPostTypeGraph":""},"schema_type":null,"schema_type_options":null,"pillar_content":false,"robots_default":true,"robots_noindex":false,"robots_noarchive":false,"robots_nosnippet":false,"robots_nofollow":false,"robots_noimageindex":false,"robots_noodp":false,"robots_notranslate":false,"robots_max_snippet":null,"robots_max_videopreview":null,"robots_max_imagepreview":"large","priority":null,"frequency":null,"local_seo":null,"seo_analyzer_scan_date":"2025-10-16 14:50:11","breadcrumb_settings":null,"limit_modified_date":false,"open_ai":null,"ai":null,"created":"2020-12-21 11:18:17","updated":"2025-10-16 14:50:11"},"aioseo_breadcrumb":"<div class=\"aioseo-breadcrumbs\"><span class=\"aioseo-breadcrumb\">\n\t<a href=\"https:\/\/www.eldigitaldeasturias.com\/noticias\" title=\"Home\">Home<\/a>\n<\/span><span class=\"aioseo-breadcrumb-separator\">\u2013<\/span><span class=\"aioseo-breadcrumb\">\n\t<a href=\"https:\/\/www.eldigitaldeasturias.com\/noticias\/category\/el-tiempo\/\" title=\"El tiempo\">El tiempo<\/a>\n<\/span><span class=\"aioseo-breadcrumb-separator\">\u2013<\/span><span class=\"aioseo-breadcrumb\">\n\t<a href=\"https:\/\/www.eldigitaldeasturias.com\/noticias\/el-mejor-cine-contemporaneo-en-la-laboral-de-gijon\/\" title=\"El mejor cine contempor\u00e1neo en la Laboral de Gij\u00f3n\">El mejor cine contempor\u00e1neo en la Laboral de Gij\u00f3n<\/a>\n<\/span><\/div>","aioseo_breadcrumb_json":[{"label":"Home","link":"https:\/\/www.eldigitaldeasturias.com\/noticias"},{"label":"El tiempo","link":"https:\/\/www.eldigitaldeasturias.com\/noticias\/category\/el-tiempo\/"},{"label":"El mejor cine contempor\u00e1neo en la Laboral de Gij\u00f3n","link":"https:\/\/www.eldigitaldeasturias.com\/noticias\/el-mejor-cine-contemporaneo-en-la-laboral-de-gijon\/"}],"_links":{"self":[{"href":"https:\/\/www.eldigitaldeasturias.com\/noticias\/wp-json\/wp\/v2\/posts\/1018684","targetHints":{"allow":["GET"]}}],"collection":[{"href":"https:\/\/www.eldigitaldeasturias.com\/noticias\/wp-json\/wp\/v2\/posts"}],"about":[{"href":"https:\/\/www.eldigitaldeasturias.com\/noticias\/wp-json\/wp\/v2\/types\/post"}],"author":[{"embeddable":true,"href":"https:\/\/www.eldigitaldeasturias.com\/noticias\/wp-json\/wp\/v2\/users\/1"}],"replies":[{"embeddable":true,"href":"https:\/\/www.eldigitaldeasturias.com\/noticias\/wp-json\/wp\/v2\/comments?post=1018684"}],"version-history":[{"count":0,"href":"https:\/\/www.eldigitaldeasturias.com\/noticias\/wp-json\/wp\/v2\/posts\/1018684\/revisions"}],"wp:featuredmedia":[{"embeddable":true,"href":"https:\/\/www.eldigitaldeasturias.com\/noticias\/wp-json\/wp\/v2\/media\/953301"}],"wp:attachment":[{"href":"https:\/\/www.eldigitaldeasturias.com\/noticias\/wp-json\/wp\/v2\/media?parent=1018684"}],"wp:term":[{"taxonomy":"category","embeddable":true,"href":"https:\/\/www.eldigitaldeasturias.com\/noticias\/wp-json\/wp\/v2\/categories?post=1018684"},{"taxonomy":"post_tag","embeddable":true,"href":"https:\/\/www.eldigitaldeasturias.com\/noticias\/wp-json\/wp\/v2\/tags?post=1018684"}],"curies":[{"name":"wp","href":"https:\/\/api.w.org\/{rel}","templated":true}]}}