{"id":1018598,"date":"2019-02-27T20:26:31","date_gmt":"2019-02-27T20:26:31","guid":{"rendered":"https:\/\/www.eldigitaldeasturias.com\/noticias\/?p=1018598"},"modified":"2019-02-27T20:26:31","modified_gmt":"2019-02-27T20:26:31","slug":"calidad-de-servicio-como-motor-de-la-alianza-de-empresas-tecnologicas-asturianas","status":"publish","type":"post","link":"https:\/\/www.eldigitaldeasturias.com\/noticias\/calidad-de-servicio-como-motor-de-la-alianza-de-empresas-tecnologicas-asturianas\/","title":{"rendered":"Calidad de servicio como motor de la alianza de empresas tecnol\u00f3gicas asturianas"},"content":{"rendered":"<p><span style=\"font-weight: 400;\"><img loading=\"lazy\" decoding=\"async\" class=\"alignleft size-medium wp-image-1018599\" src=\"https:\/\/www.eldigitaldeasturias.com\/noticias\/wp-content\/uploads\/2019\/02\/ndp-motor-360x256.jpg\" alt=\"\" width=\"360\" height=\"256\" srcset=\"https:\/\/www.eldigitaldeasturias.com\/noticias\/wp-content\/uploads\/2019\/02\/ndp-motor-360x256.jpg 360w, https:\/\/www.eldigitaldeasturias.com\/noticias\/wp-content\/uploads\/2019\/02\/ndp-motor.jpg 563w\" sizes=\"auto, (max-width: 360px) 100vw, 360px\" \/>Ofrecer a los clientes el servicio y asesoramiento adecuado con criterios profesionales y \u00e9ticos sinceros. Es el prop\u00f3sito del reciente acuerdo firmado entre <\/span><a href=\"http:\/\/tecnotic.es\/\" target=\"_blank\" rel=\"noopener noreferrer\"><span style=\"font-weight: 400;\"><span style=\"color: #ff6600;\"><strong>Tecno Tic<\/strong><\/span><\/span><\/a><span style=\"font-weight: 400;\"> e Introvisual, empresas asturianas l\u00edderes en el \u00e1mbito tecnol\u00f3gico e impulsoras de este proyecto del que formar\u00e1n parte otros socios estrat\u00e9gicos.<\/span><\/p>\n<p><span style=\"font-weight: 400;\">La alianza estrat\u00e9gica alcanzada por los responsables de ambas compa\u00f1\u00edas tiene como objetivo principal la creaci\u00f3n de un sello de calidad que suponga un valor diferencial para todas las empresas que cumplan con un protocolo de trabajo que diferencia el valor de sus servicios por criterios de calidad.<\/span><\/p>\n<p><span style=\"font-weight: 400;\">\u201cSe trata de aunar fuerzas para distinguirnos de la intrusi\u00f3n profesional que sufre nuestro sector. En el \u00e1mbito tecnol\u00f3gico existe cierto desconocimiento por parte del cliente y esto hace que exista una gran masificaci\u00f3n de oferta poco profesional y falta de \u00e9tica. Cumplir con cierta normativa t\u00e9cnica y diferenciarnos mediante una marca de calidad pondr\u00e1 en valor la dedicaci\u00f3n e implicaci\u00f3n de nuestras empresas\u201d. Afirma H\u00e9ctor Fonseca, propietario de la <\/span><a href=\"http:\/\/www.introvisual.com\/\" target=\"_blank\" rel=\"noopener noreferrer\"><span style=\"font-weight: 400;\"><span style=\"color: #ff6600;\"><strong>Agencia de Marketing<\/strong><\/span><\/span><\/a><span style=\"font-weight: 400;\"> Introvisual.<\/span><\/p>\n<p><span style=\"font-weight: 400;\">El acuerdo de colaboraci\u00f3n fortalecer\u00e1 diferentes \u00e1reas de las empresas participantes e impulsar\u00e1n tanto el desarrollo de nuevos servicios, como la consolidaci\u00f3n de sus procesos de trabajo, dando lugar a la implantaci\u00f3n de nuevas soluciones y sinergias entre las mismas.<\/span><\/p>\n<p><span style=\"font-weight: 400;\">Carlos Berm\u00fadez, propietario de Tecno Tic \u201cGracias principalmente al compromiso y dedicaci\u00f3n de nuestros equipos de trabajo, as\u00ed como a la certificaci\u00f3n de nuestros procesos de trabajo, podremos diferenciar nuestros servicios de calidad frente otras empresas o profesionales, incluso algunos que ofrecen sus servicios sin estar dados de alta como empresa\u201d.<\/span><\/p>\n<p><span style=\"font-weight: 400;\">Tras esta primera definici\u00f3n de las l\u00edneas a directrices la meta de esta alianza es brindar la entrada en el proyecto a otras empresas que se sumen para ofrecer un servicio m\u00e1s completo y obtener servicios de calidad y durabilidad, fomentando adem\u00e1s la cooperaci\u00f3n empresarial.<\/span><\/p>\n","protected":false},"excerpt":{"rendered":"<p>Ofrecer a los clientes el servicio y asesoramiento adecuado con criterios profesionales y \u00e9ticos sinceros. Es el prop\u00f3sito del reciente acuerdo firmado entre Tecno Tic e Introvisual, empresas asturianas l\u00edderes en el \u00e1mbito tecnol\u00f3gico e impulsoras de este proyecto del que formar\u00e1n parte otros socios estrat\u00e9gicos. La alianza estrat\u00e9gica alcanzada por los responsables de ambas [&hellip;]<\/p>\n","protected":false},"author":1,"featured_media":1018599,"comment_status":"closed","ping_status":"closed","sticky":false,"template":"","format":"standard","meta":{"footnotes":""},"categories":[187],"tags":[],"class_list":["post-1018598","post","type-post","status-publish","format-standard","has-post-thumbnail","hentry","category-economia"],"aioseo_notices":[],"aioseo_head":"\n\t\t<!-- All in One SEO Pro 4.9.6.2 - aioseo.com -->\n\t<meta name=\"description\" content=\"Ofrecer a los clientes el servicio y asesoramiento adecuado con criterios profesionales y \u00e9ticos sinceros. Es el prop\u00f3sito del reciente acuerdo firmado entre Tecno Tic e Introvisual, empresas asturianas l\u00edderes en el \u00e1mbito tecnol\u00f3gico e impulsoras de este proyecto del que formar\u00e1n parte otros socios estrat\u00e9gicos. La alianza estrat\u00e9gica alcanzada por los responsables de ambas\" \/>\n\t<meta name=\"robots\" content=\"max-image-preview:large\" \/>\n\t<meta name=\"author\" content=\"El Digital de Asturias\"\/>\n\t<meta name=\"google-site-verification\" content=\"UA-38556648-1\" \/>\n\t<meta name=\"msvalidate.01\" content=\"7dfe9f3f1b24437ab69f4f2559babe99\" \/>\n\t<meta name=\"keywords\" content=\"econom\u00eda\" \/>\n\t<link rel=\"canonical\" href=\"https:\/\/www.eldigitaldeasturias.com\/noticias\/calidad-de-servicio-como-motor-de-la-alianza-de-empresas-tecnologicas-asturianas\/\" \/>\n\t<meta name=\"generator\" content=\"All in One SEO Pro (AIOSEO) 4.9.6.2\" \/>\n\t\t<meta property=\"og:locale\" content=\"es_ES\" \/>\n\t\t<meta property=\"og:site_name\" content=\"El Digital de Asturias\" \/>\n\t\t<meta property=\"og:type\" content=\"article\" \/>\n\t\t<meta property=\"og:title\" content=\"Calidad de servicio como motor de la alianza de empresas tecnol\u00f3gicas asturianas - El Digital de Asturias\" \/>\n\t\t<meta property=\"og:description\" content=\"Ofrecer a los clientes el servicio y asesoramiento adecuado con criterios profesionales y \u00e9ticos sinceros. Es el prop\u00f3sito del reciente acuerdo firmado entre Tecno Tic e Introvisual, empresas asturianas l\u00edderes en el \u00e1mbito tecnol\u00f3gico e impulsoras de este proyecto del que formar\u00e1n parte otros socios estrat\u00e9gicos. La alianza estrat\u00e9gica alcanzada por los responsables de ambas\" \/>\n\t\t<meta property=\"og:url\" content=\"https:\/\/www.eldigitaldeasturias.com\/noticias\/calidad-de-servicio-como-motor-de-la-alianza-de-empresas-tecnologicas-asturianas\/\" \/>\n\t\t<meta property=\"og:image\" content=\"https:\/\/www.eldigitaldeasturias.com\/noticias\/wp-content\/uploads\/2019\/02\/ndp-motor.jpg\" \/>\n\t\t<meta property=\"og:image:secure_url\" content=\"https:\/\/www.eldigitaldeasturias.com\/noticias\/wp-content\/uploads\/2019\/02\/ndp-motor.jpg\" \/>\n\t\t<meta property=\"og:image:width\" content=\"563\" \/>\n\t\t<meta property=\"og:image:height\" content=\"401\" \/>\n\t\t<meta property=\"article:tag\" content=\"econom\u00eda\" \/>\n\t\t<meta property=\"article:published_time\" content=\"2019-02-27T20:26:31+00:00\" \/>\n\t\t<meta property=\"article:modified_time\" content=\"2019-02-27T20:26:31+00:00\" \/>\n\t\t<meta property=\"article:publisher\" content=\"https:\/\/facebook.com\/eldigitaldeasturias\" \/>\n\t\t<meta name=\"twitter:card\" content=\"summary_large_image\" \/>\n\t\t<meta name=\"twitter:title\" content=\"Calidad de servicio como motor de la alianza de empresas tecnol\u00f3gicas asturianas - El Digital de Asturias\" \/>\n\t\t<meta name=\"twitter:description\" content=\"Ofrecer a los clientes el servicio y asesoramiento adecuado con criterios profesionales y \u00e9ticos sinceros. Es el prop\u00f3sito del reciente acuerdo firmado entre Tecno Tic e Introvisual, empresas asturianas l\u00edderes en el \u00e1mbito tecnol\u00f3gico e impulsoras de este proyecto del que formar\u00e1n parte otros socios estrat\u00e9gicos. La alianza estrat\u00e9gica alcanzada por los responsables de ambas\" \/>\n\t\t<meta name=\"twitter:image\" content=\"https:\/\/www.eldigitaldeasturias.com\/noticias\/wp-content\/uploads\/2019\/02\/ndp-motor.jpg\" \/>\n\t\t<meta name=\"twitter:label1\" content=\"Escrito por\" \/>\n\t\t<meta name=\"twitter:data1\" content=\"El Digital de Asturias\" \/>\n\t\t<meta name=\"twitter:label2\" content=\"Tiempo de lectura estimado\" \/>\n\t\t<meta name=\"twitter:data2\" content=\"2 minutos\" \/>\n\t\t<script type=\"application\/ld+json\" class=\"aioseo-schema\">\n\t\t\t{\"@context\":\"https:\\\/\\\/schema.org\",\"@graph\":[{\"@type\":\"BlogPosting\",\"@id\":\"https:\\\/\\\/www.eldigitaldeasturias.com\\\/noticias\\\/calidad-de-servicio-como-motor-de-la-alianza-de-empresas-tecnologicas-asturianas\\\/#blogposting\",\"name\":\"Calidad de servicio como motor de la alianza de empresas tecnol\\u00f3gicas asturianas - El Digital de Asturias\",\"headline\":\"Calidad de servicio como motor de la alianza de empresas tecnol\\u00f3gicas asturianas\",\"author\":{\"@id\":\"https:\\\/\\\/www.eldigitaldeasturias.com\\\/noticias\\\/author\\\/admin\\\/#author\"},\"publisher\":{\"@id\":\"https:\\\/\\\/www.eldigitaldeasturias.com\\\/noticias\\\/#organization\"},\"image\":{\"@type\":\"ImageObject\",\"url\":\"https:\\\/\\\/www.eldigitaldeasturias.com\\\/noticias\\\/wp-content\\\/uploads\\\/2019\\\/02\\\/ndp-motor.jpg\",\"width\":563,\"height\":401},\"datePublished\":\"2019-02-27T20:26:31+01:00\",\"dateModified\":\"2019-02-27T20:26:31+01:00\",\"inLanguage\":\"es-ES\",\"mainEntityOfPage\":{\"@id\":\"https:\\\/\\\/www.eldigitaldeasturias.com\\\/noticias\\\/calidad-de-servicio-como-motor-de-la-alianza-de-empresas-tecnologicas-asturianas\\\/#webpage\"},\"isPartOf\":{\"@id\":\"https:\\\/\\\/www.eldigitaldeasturias.com\\\/noticias\\\/calidad-de-servicio-como-motor-de-la-alianza-de-empresas-tecnologicas-asturianas\\\/#webpage\"},\"articleSection\":\"Econom\\u00eda\"},{\"@type\":\"BreadcrumbList\",\"@id\":\"https:\\\/\\\/www.eldigitaldeasturias.com\\\/noticias\\\/calidad-de-servicio-como-motor-de-la-alianza-de-empresas-tecnologicas-asturianas\\\/#breadcrumblist\",\"itemListElement\":[{\"@type\":\"ListItem\",\"@id\":\"https:\\\/\\\/www.eldigitaldeasturias.com\\\/noticias#listItem\",\"position\":1,\"name\":\"Home\",\"item\":\"https:\\\/\\\/www.eldigitaldeasturias.com\\\/noticias\",\"nextItem\":{\"@type\":\"ListItem\",\"@id\":\"https:\\\/\\\/www.eldigitaldeasturias.com\\\/noticias\\\/category\\\/economia\\\/#listItem\",\"name\":\"Econom\\u00eda\"}},{\"@type\":\"ListItem\",\"@id\":\"https:\\\/\\\/www.eldigitaldeasturias.com\\\/noticias\\\/category\\\/economia\\\/#listItem\",\"position\":2,\"name\":\"Econom\\u00eda\",\"item\":\"https:\\\/\\\/www.eldigitaldeasturias.com\\\/noticias\\\/category\\\/economia\\\/\",\"nextItem\":{\"@type\":\"ListItem\",\"@id\":\"https:\\\/\\\/www.eldigitaldeasturias.com\\\/noticias\\\/calidad-de-servicio-como-motor-de-la-alianza-de-empresas-tecnologicas-asturianas\\\/#listItem\",\"name\":\"Calidad de servicio como motor de la alianza de empresas tecnol\\u00f3gicas asturianas\"},\"previousItem\":{\"@type\":\"ListItem\",\"@id\":\"https:\\\/\\\/www.eldigitaldeasturias.com\\\/noticias#listItem\",\"name\":\"Home\"}},{\"@type\":\"ListItem\",\"@id\":\"https:\\\/\\\/www.eldigitaldeasturias.com\\\/noticias\\\/calidad-de-servicio-como-motor-de-la-alianza-de-empresas-tecnologicas-asturianas\\\/#listItem\",\"position\":3,\"name\":\"Calidad de servicio como motor de la alianza de empresas tecnol\\u00f3gicas asturianas\",\"previousItem\":{\"@type\":\"ListItem\",\"@id\":\"https:\\\/\\\/www.eldigitaldeasturias.com\\\/noticias\\\/category\\\/economia\\\/#listItem\",\"name\":\"Econom\\u00eda\"}}]},{\"@type\":\"Organization\",\"@id\":\"https:\\\/\\\/www.eldigitaldeasturias.com\\\/noticias\\\/#organization\",\"name\":\"El Digital de Asturias\",\"description\":\"Hemeroteca\",\"url\":\"https:\\\/\\\/www.eldigitaldeasturias.com\\\/noticias\\\/\",\"email\":\"info@eldigitaldeasturias.com\",\"telephone\":\"+34652131393\",\"logo\":{\"@type\":\"ImageObject\",\"url\":\"https:\\\/\\\/www.eldigitaldeasturias.com\\\/noticias\\\/wp-content\\\/uploads\\\/2020\\\/12\\\/EDA.jpg\",\"@id\":\"https:\\\/\\\/www.eldigitaldeasturias.com\\\/noticias\\\/calidad-de-servicio-como-motor-de-la-alianza-de-empresas-tecnologicas-asturianas\\\/#organizationLogo\",\"width\":649,\"height\":297},\"image\":{\"@id\":\"https:\\\/\\\/www.eldigitaldeasturias.com\\\/noticias\\\/calidad-de-servicio-como-motor-de-la-alianza-de-empresas-tecnologicas-asturianas\\\/#organizationLogo\"},\"sameAs\":[\"https:\\\/\\\/facebook.com\\\/eldigitaldeasturias\",\"https:\\\/\\\/www.youtube.com\\\/channel\\\/UCZP-2wLEB9Rv6erhFmqVnvg\"],\"address\":{\"@id\":\"https:\\\/\\\/www.eldigitaldeasturias.com\\\/noticias\\\/#postaladdress\",\"@type\":\"PostalAddress\",\"streetAddress\":\"san antonio 4,\",\"postalCode\":\"33430\",\"addressLocality\":\"Cand\\u00e1s\",\"addressRegion\":\"Asturias\",\"addressCountry\":\"ES\"}},{\"@type\":\"Person\",\"@id\":\"https:\\\/\\\/www.eldigitaldeasturias.com\\\/noticias\\\/author\\\/admin\\\/#author\",\"url\":\"https:\\\/\\\/www.eldigitaldeasturias.com\\\/noticias\\\/author\\\/admin\\\/\",\"name\":\"El Digital de Asturias\",\"image\":{\"@type\":\"ImageObject\",\"@id\":\"https:\\\/\\\/www.eldigitaldeasturias.com\\\/noticias\\\/calidad-de-servicio-como-motor-de-la-alianza-de-empresas-tecnologicas-asturianas\\\/#authorImage\",\"url\":\"https:\\\/\\\/www.eldigitaldeasturias.com\\\/noticias\\\/wp-content\\\/litespeed\\\/avatar\\\/18677e78aa0546b92d9dbf31ec7d7668.jpg?ver=1777290358\",\"width\":96,\"height\":96,\"caption\":\"El Digital de Asturias\"}},{\"@type\":\"WebPage\",\"@id\":\"https:\\\/\\\/www.eldigitaldeasturias.com\\\/noticias\\\/calidad-de-servicio-como-motor-de-la-alianza-de-empresas-tecnologicas-asturianas\\\/#webpage\",\"url\":\"https:\\\/\\\/www.eldigitaldeasturias.com\\\/noticias\\\/calidad-de-servicio-como-motor-de-la-alianza-de-empresas-tecnologicas-asturianas\\\/\",\"name\":\"Calidad de servicio como motor de la alianza de empresas tecnol\\u00f3gicas asturianas - El Digital de Asturias\",\"description\":\"Ofrecer a los clientes el servicio y asesoramiento adecuado con criterios profesionales y \\u00e9ticos sinceros. Es el prop\\u00f3sito del reciente acuerdo firmado entre Tecno Tic e Introvisual, empresas asturianas l\\u00edderes en el \\u00e1mbito tecnol\\u00f3gico e impulsoras de este proyecto del que formar\\u00e1n parte otros socios estrat\\u00e9gicos. La alianza estrat\\u00e9gica alcanzada por los responsables de ambas\",\"inLanguage\":\"es-ES\",\"isPartOf\":{\"@id\":\"https:\\\/\\\/www.eldigitaldeasturias.com\\\/noticias\\\/#website\"},\"breadcrumb\":{\"@id\":\"https:\\\/\\\/www.eldigitaldeasturias.com\\\/noticias\\\/calidad-de-servicio-como-motor-de-la-alianza-de-empresas-tecnologicas-asturianas\\\/#breadcrumblist\"},\"author\":{\"@id\":\"https:\\\/\\\/www.eldigitaldeasturias.com\\\/noticias\\\/author\\\/admin\\\/#author\"},\"creator\":{\"@id\":\"https:\\\/\\\/www.eldigitaldeasturias.com\\\/noticias\\\/author\\\/admin\\\/#author\"},\"image\":{\"@type\":\"ImageObject\",\"url\":\"https:\\\/\\\/www.eldigitaldeasturias.com\\\/noticias\\\/wp-content\\\/uploads\\\/2019\\\/02\\\/ndp-motor.jpg\",\"@id\":\"https:\\\/\\\/www.eldigitaldeasturias.com\\\/noticias\\\/calidad-de-servicio-como-motor-de-la-alianza-de-empresas-tecnologicas-asturianas\\\/#mainImage\",\"width\":563,\"height\":401},\"primaryImageOfPage\":{\"@id\":\"https:\\\/\\\/www.eldigitaldeasturias.com\\\/noticias\\\/calidad-de-servicio-como-motor-de-la-alianza-de-empresas-tecnologicas-asturianas\\\/#mainImage\"},\"datePublished\":\"2019-02-27T20:26:31+01:00\",\"dateModified\":\"2019-02-27T20:26:31+01:00\"},{\"@type\":\"WebSite\",\"@id\":\"https:\\\/\\\/www.eldigitaldeasturias.com\\\/noticias\\\/#website\",\"url\":\"https:\\\/\\\/www.eldigitaldeasturias.com\\\/noticias\\\/\",\"name\":\"El Digital de Asturias - Diario de actualidad y noticias\",\"alternateName\":\"El Digital de Asturias - Diario de actualidad y noticias\",\"description\":\"Hemeroteca\",\"inLanguage\":\"es-ES\",\"publisher\":{\"@id\":\"https:\\\/\\\/www.eldigitaldeasturias.com\\\/noticias\\\/#organization\"}}]}\n\t\t<\/script>\n\t\t<!-- All in One SEO Pro -->\r\n\t\t<title>Calidad de servicio como motor de la alianza de empresas tecnol\u00f3gicas asturianas - El Digital de Asturias<\/title>\n\n","aioseo_head_json":{"title":"Calidad de servicio como motor de la alianza de empresas tecnol\u00f3gicas asturianas - El Digital de Asturias","description":"Ofrecer a los clientes el servicio y asesoramiento adecuado con criterios profesionales y \u00e9ticos sinceros. Es el prop\u00f3sito del reciente acuerdo firmado entre Tecno Tic e Introvisual, empresas asturianas l\u00edderes en el \u00e1mbito tecnol\u00f3gico e impulsoras de este proyecto del que formar\u00e1n parte otros socios estrat\u00e9gicos. La alianza estrat\u00e9gica alcanzada por los responsables de ambas","canonical_url":"https:\/\/www.eldigitaldeasturias.com\/noticias\/calidad-de-servicio-como-motor-de-la-alianza-de-empresas-tecnologicas-asturianas\/","robots":"max-image-preview:large","keywords":"econom\u00eda","webmasterTools":{"google-site-verification":"UA-38556648-1","msvalidate.01":"7dfe9f3f1b24437ab69f4f2559babe99","miscellaneous":""},"schema":{"@context":"https:\/\/schema.org","@graph":[{"@type":"BlogPosting","@id":"https:\/\/www.eldigitaldeasturias.com\/noticias\/calidad-de-servicio-como-motor-de-la-alianza-de-empresas-tecnologicas-asturianas\/#blogposting","name":"Calidad de servicio como motor de la alianza de empresas tecnol\u00f3gicas asturianas - El Digital de Asturias","headline":"Calidad de servicio como motor de la alianza de empresas tecnol\u00f3gicas asturianas","author":{"@id":"https:\/\/www.eldigitaldeasturias.com\/noticias\/author\/admin\/#author"},"publisher":{"@id":"https:\/\/www.eldigitaldeasturias.com\/noticias\/#organization"},"image":{"@type":"ImageObject","url":"https:\/\/www.eldigitaldeasturias.com\/noticias\/wp-content\/uploads\/2019\/02\/ndp-motor.jpg","width":563,"height":401},"datePublished":"2019-02-27T20:26:31+01:00","dateModified":"2019-02-27T20:26:31+01:00","inLanguage":"es-ES","mainEntityOfPage":{"@id":"https:\/\/www.eldigitaldeasturias.com\/noticias\/calidad-de-servicio-como-motor-de-la-alianza-de-empresas-tecnologicas-asturianas\/#webpage"},"isPartOf":{"@id":"https:\/\/www.eldigitaldeasturias.com\/noticias\/calidad-de-servicio-como-motor-de-la-alianza-de-empresas-tecnologicas-asturianas\/#webpage"},"articleSection":"Econom\u00eda"},{"@type":"BreadcrumbList","@id":"https:\/\/www.eldigitaldeasturias.com\/noticias\/calidad-de-servicio-como-motor-de-la-alianza-de-empresas-tecnologicas-asturianas\/#breadcrumblist","itemListElement":[{"@type":"ListItem","@id":"https:\/\/www.eldigitaldeasturias.com\/noticias#listItem","position":1,"name":"Home","item":"https:\/\/www.eldigitaldeasturias.com\/noticias","nextItem":{"@type":"ListItem","@id":"https:\/\/www.eldigitaldeasturias.com\/noticias\/category\/economia\/#listItem","name":"Econom\u00eda"}},{"@type":"ListItem","@id":"https:\/\/www.eldigitaldeasturias.com\/noticias\/category\/economia\/#listItem","position":2,"name":"Econom\u00eda","item":"https:\/\/www.eldigitaldeasturias.com\/noticias\/category\/economia\/","nextItem":{"@type":"ListItem","@id":"https:\/\/www.eldigitaldeasturias.com\/noticias\/calidad-de-servicio-como-motor-de-la-alianza-de-empresas-tecnologicas-asturianas\/#listItem","name":"Calidad de servicio como motor de la alianza de empresas tecnol\u00f3gicas asturianas"},"previousItem":{"@type":"ListItem","@id":"https:\/\/www.eldigitaldeasturias.com\/noticias#listItem","name":"Home"}},{"@type":"ListItem","@id":"https:\/\/www.eldigitaldeasturias.com\/noticias\/calidad-de-servicio-como-motor-de-la-alianza-de-empresas-tecnologicas-asturianas\/#listItem","position":3,"name":"Calidad de servicio como motor de la alianza de empresas tecnol\u00f3gicas asturianas","previousItem":{"@type":"ListItem","@id":"https:\/\/www.eldigitaldeasturias.com\/noticias\/category\/economia\/#listItem","name":"Econom\u00eda"}}]},{"@type":"Organization","@id":"https:\/\/www.eldigitaldeasturias.com\/noticias\/#organization","name":"El Digital de Asturias","description":"Hemeroteca","url":"https:\/\/www.eldigitaldeasturias.com\/noticias\/","email":"info@eldigitaldeasturias.com","telephone":"+34652131393","logo":{"@type":"ImageObject","url":"https:\/\/www.eldigitaldeasturias.com\/noticias\/wp-content\/uploads\/2020\/12\/EDA.jpg","@id":"https:\/\/www.eldigitaldeasturias.com\/noticias\/calidad-de-servicio-como-motor-de-la-alianza-de-empresas-tecnologicas-asturianas\/#organizationLogo","width":649,"height":297},"image":{"@id":"https:\/\/www.eldigitaldeasturias.com\/noticias\/calidad-de-servicio-como-motor-de-la-alianza-de-empresas-tecnologicas-asturianas\/#organizationLogo"},"sameAs":["https:\/\/facebook.com\/eldigitaldeasturias","https:\/\/www.youtube.com\/channel\/UCZP-2wLEB9Rv6erhFmqVnvg"],"address":{"@id":"https:\/\/www.eldigitaldeasturias.com\/noticias\/#postaladdress","@type":"PostalAddress","streetAddress":"san antonio 4,","postalCode":"33430","addressLocality":"Cand\u00e1s","addressRegion":"Asturias","addressCountry":"ES"}},{"@type":"Person","@id":"https:\/\/www.eldigitaldeasturias.com\/noticias\/author\/admin\/#author","url":"https:\/\/www.eldigitaldeasturias.com\/noticias\/author\/admin\/","name":"El Digital de Asturias","image":{"@type":"ImageObject","@id":"https:\/\/www.eldigitaldeasturias.com\/noticias\/calidad-de-servicio-como-motor-de-la-alianza-de-empresas-tecnologicas-asturianas\/#authorImage","url":"https:\/\/www.eldigitaldeasturias.com\/noticias\/wp-content\/litespeed\/avatar\/18677e78aa0546b92d9dbf31ec7d7668.jpg?ver=1777290358","width":96,"height":96,"caption":"El Digital de Asturias"}},{"@type":"WebPage","@id":"https:\/\/www.eldigitaldeasturias.com\/noticias\/calidad-de-servicio-como-motor-de-la-alianza-de-empresas-tecnologicas-asturianas\/#webpage","url":"https:\/\/www.eldigitaldeasturias.com\/noticias\/calidad-de-servicio-como-motor-de-la-alianza-de-empresas-tecnologicas-asturianas\/","name":"Calidad de servicio como motor de la alianza de empresas tecnol\u00f3gicas asturianas - El Digital de Asturias","description":"Ofrecer a los clientes el servicio y asesoramiento adecuado con criterios profesionales y \u00e9ticos sinceros. Es el prop\u00f3sito del reciente acuerdo firmado entre Tecno Tic e Introvisual, empresas asturianas l\u00edderes en el \u00e1mbito tecnol\u00f3gico e impulsoras de este proyecto del que formar\u00e1n parte otros socios estrat\u00e9gicos. La alianza estrat\u00e9gica alcanzada por los responsables de ambas","inLanguage":"es-ES","isPartOf":{"@id":"https:\/\/www.eldigitaldeasturias.com\/noticias\/#website"},"breadcrumb":{"@id":"https:\/\/www.eldigitaldeasturias.com\/noticias\/calidad-de-servicio-como-motor-de-la-alianza-de-empresas-tecnologicas-asturianas\/#breadcrumblist"},"author":{"@id":"https:\/\/www.eldigitaldeasturias.com\/noticias\/author\/admin\/#author"},"creator":{"@id":"https:\/\/www.eldigitaldeasturias.com\/noticias\/author\/admin\/#author"},"image":{"@type":"ImageObject","url":"https:\/\/www.eldigitaldeasturias.com\/noticias\/wp-content\/uploads\/2019\/02\/ndp-motor.jpg","@id":"https:\/\/www.eldigitaldeasturias.com\/noticias\/calidad-de-servicio-como-motor-de-la-alianza-de-empresas-tecnologicas-asturianas\/#mainImage","width":563,"height":401},"primaryImageOfPage":{"@id":"https:\/\/www.eldigitaldeasturias.com\/noticias\/calidad-de-servicio-como-motor-de-la-alianza-de-empresas-tecnologicas-asturianas\/#mainImage"},"datePublished":"2019-02-27T20:26:31+01:00","dateModified":"2019-02-27T20:26:31+01:00"},{"@type":"WebSite","@id":"https:\/\/www.eldigitaldeasturias.com\/noticias\/#website","url":"https:\/\/www.eldigitaldeasturias.com\/noticias\/","name":"El Digital de Asturias - Diario de actualidad y noticias","alternateName":"El Digital de Asturias - Diario de actualidad y noticias","description":"Hemeroteca","inLanguage":"es-ES","publisher":{"@id":"https:\/\/www.eldigitaldeasturias.com\/noticias\/#organization"}}]},"og:locale":"es_ES","og:site_name":"El Digital de Asturias","og:type":"article","og:title":"Calidad de servicio como motor de la alianza de empresas tecnol\u00f3gicas asturianas - El Digital de Asturias","og:description":"Ofrecer a los clientes el servicio y asesoramiento adecuado con criterios profesionales y \u00e9ticos sinceros. Es el prop\u00f3sito del reciente acuerdo firmado entre Tecno Tic e Introvisual, empresas asturianas l\u00edderes en el \u00e1mbito tecnol\u00f3gico e impulsoras de este proyecto del que formar\u00e1n parte otros socios estrat\u00e9gicos. La alianza estrat\u00e9gica alcanzada por los responsables de ambas","og:url":"https:\/\/www.eldigitaldeasturias.com\/noticias\/calidad-de-servicio-como-motor-de-la-alianza-de-empresas-tecnologicas-asturianas\/","og:image":"https:\/\/www.eldigitaldeasturias.com\/noticias\/wp-content\/uploads\/2019\/02\/ndp-motor.jpg","og:image:secure_url":"https:\/\/www.eldigitaldeasturias.com\/noticias\/wp-content\/uploads\/2019\/02\/ndp-motor.jpg","og:image:width":563,"og:image:height":401,"article:tag":["econom\u00eda"],"article:published_time":"2019-02-27T20:26:31+00:00","article:modified_time":"2019-02-27T20:26:31+00:00","article:publisher":"https:\/\/facebook.com\/eldigitaldeasturias","twitter:card":"summary_large_image","twitter:title":"Calidad de servicio como motor de la alianza de empresas tecnol\u00f3gicas asturianas - El Digital de Asturias","twitter:description":"Ofrecer a los clientes el servicio y asesoramiento adecuado con criterios profesionales y \u00e9ticos sinceros. Es el prop\u00f3sito del reciente acuerdo firmado entre Tecno Tic e Introvisual, empresas asturianas l\u00edderes en el \u00e1mbito tecnol\u00f3gico e impulsoras de este proyecto del que formar\u00e1n parte otros socios estrat\u00e9gicos. La alianza estrat\u00e9gica alcanzada por los responsables de ambas","twitter:image":"https:\/\/www.eldigitaldeasturias.com\/noticias\/wp-content\/uploads\/2019\/02\/ndp-motor.jpg","twitter:label1":"Escrito por","twitter:data1":"El Digital de Asturias","twitter:label2":"Tiempo de lectura estimado","twitter:data2":"2 minutos"},"aioseo_meta_data":{"post_id":"1018598","title":null,"description":null,"keywords":null,"keyphrases":null,"primary_term":null,"canonical_url":null,"og_title":null,"og_description":null,"og_object_type":"default","og_image_type":"default","og_image_url":null,"og_image_width":null,"og_image_height":null,"og_image_custom_url":null,"og_image_custom_fields":null,"og_video":null,"og_custom_url":null,"og_article_section":null,"og_article_tags":null,"twitter_use_og":false,"twitter_card":"default","twitter_image_type":"default","twitter_image_url":null,"twitter_image_custom_url":null,"twitter_image_custom_fields":null,"twitter_title":null,"twitter_description":null,"schema":{"blockGraphs":[],"customGraphs":[],"default":{"data":{"Article":[],"Course":[],"Dataset":[],"FAQPage":[],"Movie":[],"Person":[],"Product":[],"ProductReview":[],"Car":[],"Recipe":[],"Service":[],"SoftwareApplication":[],"WebPage":[]},"graphName":"","isEnabled":true},"graphs":[],"defaultGraph":"","defaultPostTypeGraph":""},"schema_type":null,"schema_type_options":null,"pillar_content":false,"robots_default":true,"robots_noindex":false,"robots_noarchive":false,"robots_nosnippet":false,"robots_nofollow":false,"robots_noimageindex":false,"robots_noodp":false,"robots_notranslate":false,"robots_max_snippet":null,"robots_max_videopreview":null,"robots_max_imagepreview":"large","priority":null,"frequency":null,"local_seo":null,"seo_analyzer_scan_date":"2025-10-16 14:23:09","breadcrumb_settings":null,"limit_modified_date":false,"open_ai":null,"ai":null,"created":"2020-12-21 11:18:18","updated":"2025-10-16 14:23:09"},"aioseo_breadcrumb":"<div class=\"aioseo-breadcrumbs\"><span class=\"aioseo-breadcrumb\">\n\t<a href=\"https:\/\/www.eldigitaldeasturias.com\/noticias\" title=\"Home\">Home<\/a>\n<\/span><span class=\"aioseo-breadcrumb-separator\">\u2013<\/span><span class=\"aioseo-breadcrumb\">\n\t<a href=\"https:\/\/www.eldigitaldeasturias.com\/noticias\/category\/economia\/\" title=\"Econom\u00eda\">Econom\u00eda<\/a>\n<\/span><span class=\"aioseo-breadcrumb-separator\">\u2013<\/span><span class=\"aioseo-breadcrumb\">\n\t<a href=\"https:\/\/www.eldigitaldeasturias.com\/noticias\/calidad-de-servicio-como-motor-de-la-alianza-de-empresas-tecnologicas-asturianas\/\" title=\"Calidad de servicio como motor de la alianza de empresas tecnol\u00f3gicas asturianas\">Calidad de servicio como motor de la alianza de empresas tecnol\u00f3gicas asturianas<\/a>\n<\/span><\/div>","aioseo_breadcrumb_json":[{"label":"Home","link":"https:\/\/www.eldigitaldeasturias.com\/noticias"},{"label":"Econom\u00eda","link":"https:\/\/www.eldigitaldeasturias.com\/noticias\/category\/economia\/"},{"label":"Calidad de servicio como motor de la alianza de empresas tecnol\u00f3gicas asturianas","link":"https:\/\/www.eldigitaldeasturias.com\/noticias\/calidad-de-servicio-como-motor-de-la-alianza-de-empresas-tecnologicas-asturianas\/"}],"_links":{"self":[{"href":"https:\/\/www.eldigitaldeasturias.com\/noticias\/wp-json\/wp\/v2\/posts\/1018598","targetHints":{"allow":["GET"]}}],"collection":[{"href":"https:\/\/www.eldigitaldeasturias.com\/noticias\/wp-json\/wp\/v2\/posts"}],"about":[{"href":"https:\/\/www.eldigitaldeasturias.com\/noticias\/wp-json\/wp\/v2\/types\/post"}],"author":[{"embeddable":true,"href":"https:\/\/www.eldigitaldeasturias.com\/noticias\/wp-json\/wp\/v2\/users\/1"}],"replies":[{"embeddable":true,"href":"https:\/\/www.eldigitaldeasturias.com\/noticias\/wp-json\/wp\/v2\/comments?post=1018598"}],"version-history":[{"count":0,"href":"https:\/\/www.eldigitaldeasturias.com\/noticias\/wp-json\/wp\/v2\/posts\/1018598\/revisions"}],"wp:featuredmedia":[{"embeddable":true,"href":"https:\/\/www.eldigitaldeasturias.com\/noticias\/wp-json\/wp\/v2\/media\/1018599"}],"wp:attachment":[{"href":"https:\/\/www.eldigitaldeasturias.com\/noticias\/wp-json\/wp\/v2\/media?parent=1018598"}],"wp:term":[{"taxonomy":"category","embeddable":true,"href":"https:\/\/www.eldigitaldeasturias.com\/noticias\/wp-json\/wp\/v2\/categories?post=1018598"},{"taxonomy":"post_tag","embeddable":true,"href":"https:\/\/www.eldigitaldeasturias.com\/noticias\/wp-json\/wp\/v2\/tags?post=1018598"}],"curies":[{"name":"wp","href":"https:\/\/api.w.org\/{rel}","templated":true}]}}