{"id":1018561,"date":"2019-02-27T16:25:08","date_gmt":"2019-02-27T16:25:08","guid":{"rendered":"https:\/\/www.eldigitaldeasturias.com\/noticias\/?p=1018561"},"modified":"2019-02-27T16:25:08","modified_gmt":"2019-02-27T16:25:08","slug":"la-comision-europea-insiste-en-la-necesidad-de-fomentar-las-inversiones","status":"publish","type":"post","link":"https:\/\/www.eldigitaldeasturias.com\/noticias\/la-comision-europea-insiste-en-la-necesidad-de-fomentar-las-inversiones\/","title":{"rendered":"La Comisi\u00f3n Europea insiste en la necesidad de fomentar las inversiones"},"content":{"rendered":"<p><img loading=\"lazy\" decoding=\"async\" class=\"alignleft size-medium wp-image-989215\" src=\"https:\/\/www.eldigitaldeasturias.com\/noticias\/wp-content\/uploads\/2018\/07\/money-1005479_960_720-360x232.jpg\" alt=\"\" width=\"360\" height=\"232\" srcset=\"https:\/\/www.eldigitaldeasturias.com\/noticias\/wp-content\/uploads\/2018\/07\/money-1005479_960_720-360x232.jpg 360w, https:\/\/www.eldigitaldeasturias.com\/noticias\/wp-content\/uploads\/2018\/07\/money-1005479_960_720-465x300.jpg 465w, https:\/\/www.eldigitaldeasturias.com\/noticias\/wp-content\/uploads\/2018\/07\/money-1005479_960_720-768x495.jpg 768w, https:\/\/www.eldigitaldeasturias.com\/noticias\/wp-content\/uploads\/2018\/07\/money-1005479_960_720-690x445.jpg 690w, https:\/\/www.eldigitaldeasturias.com\/noticias\/wp-content\/uploads\/2018\/07\/money-1005479_960_720-20x13.jpg 20w, https:\/\/www.eldigitaldeasturias.com\/noticias\/wp-content\/uploads\/2018\/07\/money-1005479_960_720.jpg 960w\" sizes=\"auto, (max-width: 360px) 100vw, 360px\" \/>La Comisi\u00f3n Europea anunci\u00f3 este mi\u00e9rcoles mediante un comunicado de prensa que, en su evaluaci\u00f3n anual de la situaci\u00f3n econ\u00f3mica y social de los Estados miembros, se ha hecho hincapi\u00e9 hoy en la necesidad de fomentar las inversiones, de aplicar pol\u00edticas presupuestarias responsables y de ejecutar reformas bien planeadas. Los retos var\u00edan considerablemente de un pa\u00eds a otro y requieren una acci\u00f3n pol\u00edtica adecuada y firme.<\/p>\n<p>El comunicado completo expone la siguiente informaci\u00f3n:<\/p>\n<p>\u201cSeg\u00fan los datos contenidos en las revisiones en profundidad de los pa\u00edses de la UE, Espa\u00f1a presenta desequilibrios y aunque el crecimiento econ\u00f3mico sigue siendo s\u00f3lido, los grandes vol\u00famenes de deuda interna y externa, tanto p\u00fablica como privada, en un contexto (todav\u00eda) de elevado desempleo, siguen siendo puntos vulnerables con incidencia transfronteriza. El proceso de reajuste en el sector exterior se ha mantenido, aunque el super\u00e1vit de la balanza por cuenta corriente disminuy\u00f3 en 2018, reflejando los factores vinculados con el medio ambiente global. Ser\u00e1n necesarios super\u00e1vits por cuenta corriente sostenidos durante un per\u00edodo prolongado de tiempo para reducir los pasivos exteriores netos a niveles razonables. La reducci\u00f3n de la deuda para el sector privado tambi\u00e9n ha progresado, gracias al s\u00f3lido crecimiento nominal. La\u00a0 ratio de pr\u00e9stamos dudosos ha seguido disminuyendo. La deuda p\u00fablica ha disminuido ligeramente, con una reducci\u00f3n de los d\u00e9ficits prevista para apoyar su posterior reducci\u00f3n gradual. Sin embargo, ser\u00e1n necesarios esfuerzos adicionales para situar las finanzas p\u00fablicas en una senda m\u00e1s sostenible. El desempleo ha seguido disminuyendo, pero sigue siendo elevado. La ejecuci\u00f3n de las medidas destinadas a aumentar el potencial de crecimiento ha sido lenta. Siguen existiendo retos, en particular en lo que se refiere a la segmentaci\u00f3n del mercado laboral, la investigaci\u00f3n y la innovaci\u00f3n, y la regulaci\u00f3n de las empresas, sobre todo las de servicios.<\/p>\n<p>La econom\u00eda europea sigue creciendo<\/p>\n<p>Este examen de los retos espec\u00edficos de cada pa\u00eds se sit\u00faa en el contexto de una econom\u00eda europea que se prev\u00e9 siga creciendo por s\u00e9ptimo a\u00f1o consecutivo en 2019, aunque a un ritmo m\u00e1s moderado. Se registra una cifra r\u00e9cord de empleo y el desempleo se encuentra en su nivel m\u00e1s bajo desde hace nueve a\u00f1os. Las finanzas p\u00fablicas tambi\u00e9n han mejorado en todas partes, aunque algunos pa\u00edses todav\u00eda se enfrentan a elevados niveles de deuda. Sin embargo, sigue habiendo dificultades. Los niveles de productividad se mantienen moderados, el envejecimiento de la poblaci\u00f3n se est\u00e1 intensificando y el r\u00e1pido cambio tecnol\u00f3gico est\u00e1 teniendo un efecto considerable en los mercados laborales. En algunos Estados miembros, la renta real de los hogares se mantiene por debajo de los niveles anteriores a la crisis. El desempleo juvenil ha disminuido mucho, pero sigue siendo inaceptablemente elevado en algunos Estados miembros. En un momento de incertidumbre mundial m\u00e1s pronunciada, es crucial que los Estados miembros de la UE intensifiquen su acci\u00f3n para impulsar la productividad, mejorar la resiliencia de sus econom\u00edas y velar por que el crecimiento econ\u00f3mico beneficie a todos los ciudadanos.<\/p>\n<p>Tras la publicaci\u00f3n en noviembre del Estudio Prospectivo Anual sobre el Crecimiento y la Recomendaci\u00f3n sobre la pol\u00edtica econ\u00f3mica de la zona del euro, en la que se establecen las prioridades a nivel europeo, los actuales 28 informes por pa\u00eds se centran en la dimensi\u00f3n nacional del Semestre Europeo. En los informes se analizan detalladamente los retos econ\u00f3micos y sociales espec\u00edficos de cada pa\u00eds. Servir\u00e1n de base para las conversaciones con los Estados miembros sobre sus opciones de pol\u00edtica nacional de cara a sus programas nacionales, previstos para abril, lo que se traducir\u00e1 en la formulaci\u00f3n a finales de primavera de las recomendaciones espec\u00edficas por pa\u00eds anuales.<\/p>\n<p>Recomendaciones sobre prioridades en materia de inversi\u00f3n, una novedad<\/p>\n<p>Como novedad del paquete de hoy, la Comisi\u00f3n ha abierto un debate sobre los retos y las prioridades en materia de inversi\u00f3n de los Estados miembros y ha expuesto las primeras ideas sobre c\u00f3mo los fondos de la UE pueden prestar apoyo, sobre todo los fondos de la pol\u00edtica de cohesi\u00f3n de la UE, en el pr\u00f3ximo per\u00edodo de programaci\u00f3n 2021-2027. Esto servir\u00e1 tambi\u00e9n para garantizar una mayor coherencia entre la coordinaci\u00f3n de las pol\u00edticas econ\u00f3micas y el uso de los fondos de la UE, que constituyen una parte considerable de la inversi\u00f3n p\u00fablica en varios Estados miembros. Este nuevo planteamiento se refleja en los informes por pa\u00eds y a cada uno de ellos se adjunta un nuevo anexo sobre el posible uso de los futuros fondos de la pol\u00edtica de cohesi\u00f3n de la UE.<\/p>\n<p>Valdis Dombrovskis, vicepresidente responsable del Euro y el Di\u00e1logo Social, as\u00ed como de Estabilidad Financiera, Servicios Financieros y Uni\u00f3n de los Mercados de Capitales, ha declarado: \u00abLa econom\u00eda europea se encuentra en su s\u00e9ptimo a\u00f1o consecutivo de expansi\u00f3n, pero el crecimiento se est\u00e1 ralentizando. Mantener el impulso en el futuro requerir\u00e1 un alto nivel de competitividad, as\u00ed como una continua convergencia al alza. Para aprovechar todo el potencial de crecimiento de nuestras econom\u00edas, necesitamos reformas estructurales. Tambi\u00e9n necesitamos inversiones bien orientadas para estimular el aumento de la productividad en toda Europa\u00bb.<\/p>\n<p>Marianne Thyssen, comisaria de Empleo, Asuntos Sociales, Capacidades y Movilidad Laboral, ha declarado: \u00abEl cambio demogr\u00e1fico y las nuevas tecnolog\u00edas est\u00e1n reconfigurando el mercado laboral, al tiempo que en muchos Estados miembros aumenta la escasez de cualificaciones. Tenemos que ponernos las pilas. Invertir en las capacidades de las personas y, especialmente, elevar los niveles de cualificaci\u00f3n de las poco cualificadas deben constituir la m\u00e1xima prioridad si queremos mantener nuestros niveles de vida\u00bb.<\/p>\n<p>Pierre Moscovici, comisario de Asuntos Econ\u00f3micos y Financieros, Fiscalidad y Aduanas, ha declarado: \u00abHemos analizado las 28 econom\u00edas de la UE a fin de detectar problemas y garantizar que se puedan tratar oportunamente. Muchos de los desequilibrios de Europa se est\u00e1n corrigiendo gracias al crecimiento econ\u00f3mico y a la acci\u00f3n pol\u00edtica, aunque persisten retos a largo plazo. Este a\u00f1o, cuando el crecimiento se est\u00e1 moderando, es m\u00e1s importante que nunca que los Gobiernos act\u00faen para consolidar la resiliencia de nuestras econom\u00edas, reduciendo la deuda, fomentando la productividad, invirtiendo m\u00e1s y mejor, y atajando las desigualdades. En cuanto a Grecia, el segundo informe sobre la supervisi\u00f3n reforzada de Grecia, tambi\u00e9n publicado hoy, indica grandes progresos, aunque tambi\u00e9n algunos \u00e1mbitos en los que son necesarios esfuerzos adicionales, e insto a sus autoridades a que procedan a tiempo para la pr\u00f3xima reuni\u00f3n del Eurogrupo\u00bb.<\/p>\n<p>Corina Cre\u021bu, comisaria de Pol\u00edtica Regional, ha declarado: \u00abLos informes por pa\u00eds presentan una novedad importante este a\u00f1o, al hacer especial hincapi\u00e9 en los obst\u00e1culos a la inversi\u00f3n y las disparidades regionales, as\u00ed como en la evaluaci\u00f3n de la Comisi\u00f3n sobre c\u00f3mo deber\u00eda invertirse la futura financiaci\u00f3n de la UE en cada pa\u00eds. Esto nos ayudar\u00e1 a impulsar el debate sobre las prioridades de inversi\u00f3n de los Estados miembros de cara a la pr\u00f3xima d\u00e9cada y el modo en que los fondos de la pol\u00edtica de cohesi\u00f3n pueden prestar apoyo\u00bb.<\/p>\n<p>Avances en la aplicaci\u00f3n de las recomendaciones espec\u00edficas por pa\u00eds<\/p>\n<p>Los informes por pa\u00eds eval\u00faan los avances de los Estados miembros en la aplicaci\u00f3n de las recomendaciones espec\u00edficas por pa\u00eds de la Comisi\u00f3n de julio de 2018. En general, los Estados miembros han registrado algunos o m\u00e1s avances en la aplicaci\u00f3n de m\u00e1s de dos tercios de las recomendaciones formuladas desde la introducci\u00f3n del Semestre Europeo en 2011. Han progresado sobre todo en relaci\u00f3n con las recomendaciones sobre los servicios financieros, lo que refleja la prioridad concedida a la estabilizaci\u00f3n y la solidez de ese sector a ra\u00edz de la crisis financiera. Tambi\u00e9n se han logrado avances s\u00f3lidos en relaci\u00f3n con las reformas que facilitan la creaci\u00f3n de empleo con contratos indefinidos y atacan la segmentaci\u00f3n del mercado laboral.<\/p>\n<p>En los \u00faltimos a\u00f1os, una de las formas en que la Comisi\u00f3n pretende ayudar a los Estados miembros a intensificar sus esfuerzos de reforma es a trav\u00e9s de su programa de apoyo a las reformas estructurales, cuyo objeto es prestar apoyo t\u00e9cnico a todos los Estados miembros de la UE, a petici\u00f3n de estos, para asistirlos en la formulaci\u00f3n y aplicaci\u00f3n de reformas que propicien el crecimiento. Esto abarca tambi\u00e9n las reformas destacadas en las recomendaciones espec\u00edficas por pa\u00eds.<\/p>\n<p>Como parte del paquete presentado hoy, la Comisi\u00f3n tambi\u00e9n ha adoptado el programa de trabajo para 2019 del programa de apoyo a las reformas estructurales. En 2019, este programa ofrecer\u00e1 asistencia t\u00e9cnica a 26 Estados miembros para la realizaci\u00f3n de m\u00e1s de 260 proyectos. Esto se a\u00f1ade a los m\u00e1s de 290 proyectos seleccionados en 2017 y 2018.<\/p>\n<p>Ajuste de los desequilibrios macroecon\u00f3mico<\/p>\n<p>El pasado noviembre, la Comisi\u00f3n puso en marcha ex\u00e1menes exhaustivos de 13 Estados miembros con el fin de analizar si presentaban desequilibrios macroecon\u00f3micos y, en su caso, evaluar su gravedad. La Comisi\u00f3n ha llegado a la conclusi\u00f3n de que en estos 13 Estados miembros existen desequilibrios o desequilibrios excesivos, pero su gravedad ha disminuido en algunos casos. El resumen de los ex\u00e1menes exhaustivos es el siguiente:<\/p>\n<p>&#8211; Bulgaria, Alemania, Espa\u00f1a, Francia, Croacia, Irlanda, Pa\u00edses Bajos, Portugal, Ruman\u00eda y Suecia sufren desequilibrios econ\u00f3micos.<\/p>\n<p>&#8211; Chipre, Grecia e Italia sufren desequilibrios excesivos<\/p>\n<p>La Comisi\u00f3n seguir\u00e1 examinando las novedades y las medidas pol\u00edticas adoptadas por todos los Estados miembros con desequilibrios o desequilibrios excesivos mediante un seguimiento espec\u00edfico en el marco del Semestre Europeo.<\/p>\n<p>Informe sobre la situaci\u00f3n de los consejos nacionales de productividad<\/p>\n<p>La Comisi\u00f3n tambi\u00e9n ha publicado el informe de situaci\u00f3n sobre la aplicaci\u00f3n de la Recomendaci\u00f3n del Consejo, de 20 de septiembre de 2016, sobre la creaci\u00f3n de consejos nacionales de productividad. En el informe se analiza la evoluci\u00f3n de la productividad y la competitividad en la UE y la zona del euro, y se ofrece una visi\u00f3n de conjunto de los consejos de productividad establecidos hasta finales de 2018. Estos consejos ya existen en 10 Estados miembros de la zona del euro. Los dem\u00e1s Estados miembros de esta zona han confirmado su intenci\u00f3n de crearlos en breve. Los consejos actuales, que, en atenci\u00f3n al contexto espec\u00edfico de cada pa\u00eds adoptan diferentes formas, ya est\u00e1n contribuyendo activamente a los debates nacionales sobre los retos relacionados con la productividad. La Comisi\u00f3n ha puesto en marcha una red de consejos de productividad para facilitar el intercambio de opiniones, pr\u00e1cticas y experiencias.<\/p>\n<p>Renovaci\u00f3n de las orientaciones para las pol\u00edticas de empleo<\/p>\n<p>La Comisi\u00f3n tambi\u00e9n ha adoptado una propuesta para mantener la Decisi\u00f3n del Consejo de 2018 relativa a las orientaciones para las pol\u00edticas de empleo de los Estados miembros. La propuesta de este a\u00f1o vuelve a confirmar el ajuste de estas orientaciones a los 20 principios del pilar europeo de derechos sociales, ya que sus objetivos y prioridades generales siguen siendo v\u00e1lidos. Las orientaciones presentan prioridades y objetivos comunes para las pol\u00edticas nacionales de empleo y aportan la base jur\u00eddica de las recomendaciones espec\u00edficas por pa\u00eds en estos \u00e1mbitos, que deben volver a adoptarse cada a\u00f1o.<\/p>\n<p>Informe de evaluaci\u00f3n de las estrategias de los Estados miembros en materia de formaci\u00f3n y reciclaje profesional<\/p>\n<p>La Comisi\u00f3n tambi\u00e9n ha publicado hoy un informe sobre la aplicaci\u00f3n de la Recomendaci\u00f3n del Consejo relativa a los itinerarios de mejora de las capacidades, que forma parte de la nueva Agenda de Capacidades para Europa, presentada por la Comisi\u00f3n en junio de 2016. En la actualidad, hay 61 millones de adultos en la UE que, en el mejor de los casos, han cursado el primer ciclo de ense\u00f1anza secundaria. Mediante esta Recomendaci\u00f3n, los Estados miembros se comprometieron a ofrecer a los adultos con bajos niveles de competencias y cualificaciones nuevas y mejores oportunidades para impulsar sus capacidades b\u00e1sicas digitales y de lectura, escritura y c\u00e1lculo, y para que avanzasen hacia una cualificaci\u00f3n superior. Este informe examina las medidas adoptadas por los Estados miembros, que difieren en cuanto a su alcance y grado de ambici\u00f3n. Muchas de ellas reciben el apoyo del Fondo Social Europeo\u201d, concluye el comunicado de la Comisi\u00f3n Europea.<\/p>\n","protected":false},"excerpt":{"rendered":"<p>La Comisi\u00f3n Europea anunci\u00f3 este mi\u00e9rcoles mediante un comunicado de prensa que, en su evaluaci\u00f3n anual de la situaci\u00f3n econ\u00f3mica y social de los Estados miembros, se ha hecho hincapi\u00e9 hoy en la necesidad de fomentar las inversiones, de aplicar pol\u00edticas presupuestarias responsables y de ejecutar reformas bien planeadas. Los retos var\u00edan considerablemente de un [&hellip;]<\/p>\n","protected":false},"author":1,"featured_media":989215,"comment_status":"closed","ping_status":"closed","sticky":false,"template":"","format":"standard","meta":{"footnotes":""},"categories":[187],"tags":[],"class_list":["post-1018561","post","type-post","status-publish","format-standard","has-post-thumbnail","hentry","category-economia"],"aioseo_notices":[],"aioseo_head":"\n\t\t<!-- All in One SEO Pro 4.9.6.2 - aioseo.com -->\n\t<meta name=\"description\" content=\"La Comisi\u00f3n Europea anunci\u00f3 este mi\u00e9rcoles mediante un comunicado de prensa que, en su evaluaci\u00f3n anual de la situaci\u00f3n econ\u00f3mica y social de los Estados miembros, se ha hecho hincapi\u00e9 hoy en la necesidad de fomentar las inversiones, de aplicar pol\u00edticas presupuestarias responsables y de ejecutar reformas bien planeadas. Los retos var\u00edan considerablemente de un\" \/>\n\t<meta name=\"robots\" content=\"max-image-preview:large\" \/>\n\t<meta name=\"author\" content=\"El Digital de Asturias\"\/>\n\t<meta name=\"google-site-verification\" content=\"UA-38556648-1\" \/>\n\t<meta name=\"msvalidate.01\" content=\"7dfe9f3f1b24437ab69f4f2559babe99\" \/>\n\t<meta name=\"keywords\" content=\"econom\u00eda\" \/>\n\t<link rel=\"canonical\" href=\"https:\/\/www.eldigitaldeasturias.com\/noticias\/la-comision-europea-insiste-en-la-necesidad-de-fomentar-las-inversiones\/\" \/>\n\t<meta name=\"generator\" content=\"All in One SEO Pro (AIOSEO) 4.9.6.2\" \/>\n\t\t<meta property=\"og:locale\" content=\"es_ES\" \/>\n\t\t<meta property=\"og:site_name\" content=\"El Digital de Asturias\" \/>\n\t\t<meta property=\"og:type\" content=\"article\" \/>\n\t\t<meta property=\"og:title\" content=\"La Comisi\u00f3n Europea insiste en la necesidad de fomentar las inversiones - El Digital de Asturias\" \/>\n\t\t<meta property=\"og:description\" content=\"La Comisi\u00f3n Europea anunci\u00f3 este mi\u00e9rcoles mediante un comunicado de prensa que, en su evaluaci\u00f3n anual de la situaci\u00f3n econ\u00f3mica y social de los Estados miembros, se ha hecho hincapi\u00e9 hoy en la necesidad de fomentar las inversiones, de aplicar pol\u00edticas presupuestarias responsables y de ejecutar reformas bien planeadas. Los retos var\u00edan considerablemente de un\" \/>\n\t\t<meta property=\"og:url\" content=\"https:\/\/www.eldigitaldeasturias.com\/noticias\/la-comision-europea-insiste-en-la-necesidad-de-fomentar-las-inversiones\/\" \/>\n\t\t<meta property=\"og:image\" content=\"https:\/\/www.eldigitaldeasturias.com\/noticias\/wp-content\/uploads\/2018\/07\/money-1005479_960_720.jpg\" \/>\n\t\t<meta property=\"og:image:secure_url\" content=\"https:\/\/www.eldigitaldeasturias.com\/noticias\/wp-content\/uploads\/2018\/07\/money-1005479_960_720.jpg\" \/>\n\t\t<meta property=\"og:image:width\" content=\"960\" \/>\n\t\t<meta property=\"og:image:height\" content=\"619\" \/>\n\t\t<meta property=\"article:tag\" content=\"econom\u00eda\" \/>\n\t\t<meta property=\"article:published_time\" content=\"2019-02-27T16:25:08+00:00\" \/>\n\t\t<meta property=\"article:modified_time\" content=\"2019-02-27T16:25:08+00:00\" \/>\n\t\t<meta property=\"article:publisher\" content=\"https:\/\/facebook.com\/eldigitaldeasturias\" \/>\n\t\t<meta name=\"twitter:card\" content=\"summary_large_image\" \/>\n\t\t<meta name=\"twitter:title\" content=\"La Comisi\u00f3n Europea insiste en la necesidad de fomentar las inversiones - El Digital de Asturias\" \/>\n\t\t<meta name=\"twitter:description\" content=\"La Comisi\u00f3n Europea anunci\u00f3 este mi\u00e9rcoles mediante un comunicado de prensa que, en su evaluaci\u00f3n anual de la situaci\u00f3n econ\u00f3mica y social de los Estados miembros, se ha hecho hincapi\u00e9 hoy en la necesidad de fomentar las inversiones, de aplicar pol\u00edticas presupuestarias responsables y de ejecutar reformas bien planeadas. Los retos var\u00edan considerablemente de un\" \/>\n\t\t<meta name=\"twitter:image\" content=\"https:\/\/www.eldigitaldeasturias.com\/noticias\/wp-content\/uploads\/2018\/07\/money-1005479_960_720.jpg\" \/>\n\t\t<meta name=\"twitter:label1\" content=\"Escrito por\" \/>\n\t\t<meta name=\"twitter:data1\" content=\"El Digital de Asturias\" \/>\n\t\t<meta name=\"twitter:label2\" content=\"Tiempo de lectura estimado\" \/>\n\t\t<meta name=\"twitter:data2\" content=\"11 minutos\" \/>\n\t\t<script type=\"application\/ld+json\" class=\"aioseo-schema\">\n\t\t\t{\"@context\":\"https:\\\/\\\/schema.org\",\"@graph\":[{\"@type\":\"BlogPosting\",\"@id\":\"https:\\\/\\\/www.eldigitaldeasturias.com\\\/noticias\\\/la-comision-europea-insiste-en-la-necesidad-de-fomentar-las-inversiones\\\/#blogposting\",\"name\":\"La Comisi\\u00f3n Europea insiste en la necesidad de fomentar las inversiones - El Digital de Asturias\",\"headline\":\"La Comisi\\u00f3n Europea insiste en la necesidad de fomentar las inversiones\",\"author\":{\"@id\":\"https:\\\/\\\/www.eldigitaldeasturias.com\\\/noticias\\\/author\\\/admin\\\/#author\"},\"publisher\":{\"@id\":\"https:\\\/\\\/www.eldigitaldeasturias.com\\\/noticias\\\/#organization\"},\"image\":{\"@type\":\"ImageObject\",\"url\":\"https:\\\/\\\/www.eldigitaldeasturias.com\\\/noticias\\\/wp-content\\\/uploads\\\/2018\\\/07\\\/money-1005479_960_720.jpg\",\"width\":960,\"height\":619},\"datePublished\":\"2019-02-27T16:25:08+01:00\",\"dateModified\":\"2019-02-27T16:25:08+01:00\",\"inLanguage\":\"es-ES\",\"mainEntityOfPage\":{\"@id\":\"https:\\\/\\\/www.eldigitaldeasturias.com\\\/noticias\\\/la-comision-europea-insiste-en-la-necesidad-de-fomentar-las-inversiones\\\/#webpage\"},\"isPartOf\":{\"@id\":\"https:\\\/\\\/www.eldigitaldeasturias.com\\\/noticias\\\/la-comision-europea-insiste-en-la-necesidad-de-fomentar-las-inversiones\\\/#webpage\"},\"articleSection\":\"Econom\\u00eda\"},{\"@type\":\"BreadcrumbList\",\"@id\":\"https:\\\/\\\/www.eldigitaldeasturias.com\\\/noticias\\\/la-comision-europea-insiste-en-la-necesidad-de-fomentar-las-inversiones\\\/#breadcrumblist\",\"itemListElement\":[{\"@type\":\"ListItem\",\"@id\":\"https:\\\/\\\/www.eldigitaldeasturias.com\\\/noticias#listItem\",\"position\":1,\"name\":\"Home\",\"item\":\"https:\\\/\\\/www.eldigitaldeasturias.com\\\/noticias\",\"nextItem\":{\"@type\":\"ListItem\",\"@id\":\"https:\\\/\\\/www.eldigitaldeasturias.com\\\/noticias\\\/category\\\/economia\\\/#listItem\",\"name\":\"Econom\\u00eda\"}},{\"@type\":\"ListItem\",\"@id\":\"https:\\\/\\\/www.eldigitaldeasturias.com\\\/noticias\\\/category\\\/economia\\\/#listItem\",\"position\":2,\"name\":\"Econom\\u00eda\",\"item\":\"https:\\\/\\\/www.eldigitaldeasturias.com\\\/noticias\\\/category\\\/economia\\\/\",\"nextItem\":{\"@type\":\"ListItem\",\"@id\":\"https:\\\/\\\/www.eldigitaldeasturias.com\\\/noticias\\\/la-comision-europea-insiste-en-la-necesidad-de-fomentar-las-inversiones\\\/#listItem\",\"name\":\"La Comisi\\u00f3n Europea insiste en la necesidad de fomentar las inversiones\"},\"previousItem\":{\"@type\":\"ListItem\",\"@id\":\"https:\\\/\\\/www.eldigitaldeasturias.com\\\/noticias#listItem\",\"name\":\"Home\"}},{\"@type\":\"ListItem\",\"@id\":\"https:\\\/\\\/www.eldigitaldeasturias.com\\\/noticias\\\/la-comision-europea-insiste-en-la-necesidad-de-fomentar-las-inversiones\\\/#listItem\",\"position\":3,\"name\":\"La Comisi\\u00f3n Europea insiste en la necesidad de fomentar las inversiones\",\"previousItem\":{\"@type\":\"ListItem\",\"@id\":\"https:\\\/\\\/www.eldigitaldeasturias.com\\\/noticias\\\/category\\\/economia\\\/#listItem\",\"name\":\"Econom\\u00eda\"}}]},{\"@type\":\"Organization\",\"@id\":\"https:\\\/\\\/www.eldigitaldeasturias.com\\\/noticias\\\/#organization\",\"name\":\"El Digital de Asturias\",\"description\":\"Hemeroteca\",\"url\":\"https:\\\/\\\/www.eldigitaldeasturias.com\\\/noticias\\\/\",\"email\":\"info@eldigitaldeasturias.com\",\"telephone\":\"+34652131393\",\"logo\":{\"@type\":\"ImageObject\",\"url\":\"https:\\\/\\\/www.eldigitaldeasturias.com\\\/noticias\\\/wp-content\\\/uploads\\\/2020\\\/12\\\/EDA.jpg\",\"@id\":\"https:\\\/\\\/www.eldigitaldeasturias.com\\\/noticias\\\/la-comision-europea-insiste-en-la-necesidad-de-fomentar-las-inversiones\\\/#organizationLogo\",\"width\":649,\"height\":297},\"image\":{\"@id\":\"https:\\\/\\\/www.eldigitaldeasturias.com\\\/noticias\\\/la-comision-europea-insiste-en-la-necesidad-de-fomentar-las-inversiones\\\/#organizationLogo\"},\"sameAs\":[\"https:\\\/\\\/facebook.com\\\/eldigitaldeasturias\",\"https:\\\/\\\/www.youtube.com\\\/channel\\\/UCZP-2wLEB9Rv6erhFmqVnvg\"],\"address\":{\"@id\":\"https:\\\/\\\/www.eldigitaldeasturias.com\\\/noticias\\\/#postaladdress\",\"@type\":\"PostalAddress\",\"streetAddress\":\"san antonio 4,\",\"postalCode\":\"33430\",\"addressLocality\":\"Cand\\u00e1s\",\"addressRegion\":\"Asturias\",\"addressCountry\":\"ES\"}},{\"@type\":\"Person\",\"@id\":\"https:\\\/\\\/www.eldigitaldeasturias.com\\\/noticias\\\/author\\\/admin\\\/#author\",\"url\":\"https:\\\/\\\/www.eldigitaldeasturias.com\\\/noticias\\\/author\\\/admin\\\/\",\"name\":\"El Digital de Asturias\",\"image\":{\"@type\":\"ImageObject\",\"@id\":\"https:\\\/\\\/www.eldigitaldeasturias.com\\\/noticias\\\/la-comision-europea-insiste-en-la-necesidad-de-fomentar-las-inversiones\\\/#authorImage\",\"url\":\"https:\\\/\\\/www.eldigitaldeasturias.com\\\/noticias\\\/wp-content\\\/litespeed\\\/avatar\\\/18677e78aa0546b92d9dbf31ec7d7668.jpg?ver=1777290358\",\"width\":96,\"height\":96,\"caption\":\"El Digital de Asturias\"}},{\"@type\":\"WebPage\",\"@id\":\"https:\\\/\\\/www.eldigitaldeasturias.com\\\/noticias\\\/la-comision-europea-insiste-en-la-necesidad-de-fomentar-las-inversiones\\\/#webpage\",\"url\":\"https:\\\/\\\/www.eldigitaldeasturias.com\\\/noticias\\\/la-comision-europea-insiste-en-la-necesidad-de-fomentar-las-inversiones\\\/\",\"name\":\"La Comisi\\u00f3n Europea insiste en la necesidad de fomentar las inversiones - El Digital de Asturias\",\"description\":\"La Comisi\\u00f3n Europea anunci\\u00f3 este mi\\u00e9rcoles mediante un comunicado de prensa que, en su evaluaci\\u00f3n anual de la situaci\\u00f3n econ\\u00f3mica y social de los Estados miembros, se ha hecho hincapi\\u00e9 hoy en la necesidad de fomentar las inversiones, de aplicar pol\\u00edticas presupuestarias responsables y de ejecutar reformas bien planeadas. Los retos var\\u00edan considerablemente de un\",\"inLanguage\":\"es-ES\",\"isPartOf\":{\"@id\":\"https:\\\/\\\/www.eldigitaldeasturias.com\\\/noticias\\\/#website\"},\"breadcrumb\":{\"@id\":\"https:\\\/\\\/www.eldigitaldeasturias.com\\\/noticias\\\/la-comision-europea-insiste-en-la-necesidad-de-fomentar-las-inversiones\\\/#breadcrumblist\"},\"author\":{\"@id\":\"https:\\\/\\\/www.eldigitaldeasturias.com\\\/noticias\\\/author\\\/admin\\\/#author\"},\"creator\":{\"@id\":\"https:\\\/\\\/www.eldigitaldeasturias.com\\\/noticias\\\/author\\\/admin\\\/#author\"},\"image\":{\"@type\":\"ImageObject\",\"url\":\"https:\\\/\\\/www.eldigitaldeasturias.com\\\/noticias\\\/wp-content\\\/uploads\\\/2018\\\/07\\\/money-1005479_960_720.jpg\",\"@id\":\"https:\\\/\\\/www.eldigitaldeasturias.com\\\/noticias\\\/la-comision-europea-insiste-en-la-necesidad-de-fomentar-las-inversiones\\\/#mainImage\",\"width\":960,\"height\":619},\"primaryImageOfPage\":{\"@id\":\"https:\\\/\\\/www.eldigitaldeasturias.com\\\/noticias\\\/la-comision-europea-insiste-en-la-necesidad-de-fomentar-las-inversiones\\\/#mainImage\"},\"datePublished\":\"2019-02-27T16:25:08+01:00\",\"dateModified\":\"2019-02-27T16:25:08+01:00\"},{\"@type\":\"WebSite\",\"@id\":\"https:\\\/\\\/www.eldigitaldeasturias.com\\\/noticias\\\/#website\",\"url\":\"https:\\\/\\\/www.eldigitaldeasturias.com\\\/noticias\\\/\",\"name\":\"El Digital de Asturias - Diario de actualidad y noticias\",\"alternateName\":\"El Digital de Asturias - Diario de actualidad y noticias\",\"description\":\"Hemeroteca\",\"inLanguage\":\"es-ES\",\"publisher\":{\"@id\":\"https:\\\/\\\/www.eldigitaldeasturias.com\\\/noticias\\\/#organization\"}}]}\n\t\t<\/script>\n\t\t<!-- All in One SEO Pro -->\r\n\t\t<title>La Comisi\u00f3n Europea insiste en la necesidad de fomentar las inversiones - El Digital de Asturias<\/title>\n\n","aioseo_head_json":{"title":"La Comisi\u00f3n Europea insiste en la necesidad de fomentar las inversiones - El Digital de Asturias","description":"La Comisi\u00f3n Europea anunci\u00f3 este mi\u00e9rcoles mediante un comunicado de prensa que, en su evaluaci\u00f3n anual de la situaci\u00f3n econ\u00f3mica y social de los Estados miembros, se ha hecho hincapi\u00e9 hoy en la necesidad de fomentar las inversiones, de aplicar pol\u00edticas presupuestarias responsables y de ejecutar reformas bien planeadas. Los retos var\u00edan considerablemente de un","canonical_url":"https:\/\/www.eldigitaldeasturias.com\/noticias\/la-comision-europea-insiste-en-la-necesidad-de-fomentar-las-inversiones\/","robots":"max-image-preview:large","keywords":"econom\u00eda","webmasterTools":{"google-site-verification":"UA-38556648-1","msvalidate.01":"7dfe9f3f1b24437ab69f4f2559babe99","miscellaneous":""},"schema":{"@context":"https:\/\/schema.org","@graph":[{"@type":"BlogPosting","@id":"https:\/\/www.eldigitaldeasturias.com\/noticias\/la-comision-europea-insiste-en-la-necesidad-de-fomentar-las-inversiones\/#blogposting","name":"La Comisi\u00f3n Europea insiste en la necesidad de fomentar las inversiones - El Digital de Asturias","headline":"La Comisi\u00f3n Europea insiste en la necesidad de fomentar las inversiones","author":{"@id":"https:\/\/www.eldigitaldeasturias.com\/noticias\/author\/admin\/#author"},"publisher":{"@id":"https:\/\/www.eldigitaldeasturias.com\/noticias\/#organization"},"image":{"@type":"ImageObject","url":"https:\/\/www.eldigitaldeasturias.com\/noticias\/wp-content\/uploads\/2018\/07\/money-1005479_960_720.jpg","width":960,"height":619},"datePublished":"2019-02-27T16:25:08+01:00","dateModified":"2019-02-27T16:25:08+01:00","inLanguage":"es-ES","mainEntityOfPage":{"@id":"https:\/\/www.eldigitaldeasturias.com\/noticias\/la-comision-europea-insiste-en-la-necesidad-de-fomentar-las-inversiones\/#webpage"},"isPartOf":{"@id":"https:\/\/www.eldigitaldeasturias.com\/noticias\/la-comision-europea-insiste-en-la-necesidad-de-fomentar-las-inversiones\/#webpage"},"articleSection":"Econom\u00eda"},{"@type":"BreadcrumbList","@id":"https:\/\/www.eldigitaldeasturias.com\/noticias\/la-comision-europea-insiste-en-la-necesidad-de-fomentar-las-inversiones\/#breadcrumblist","itemListElement":[{"@type":"ListItem","@id":"https:\/\/www.eldigitaldeasturias.com\/noticias#listItem","position":1,"name":"Home","item":"https:\/\/www.eldigitaldeasturias.com\/noticias","nextItem":{"@type":"ListItem","@id":"https:\/\/www.eldigitaldeasturias.com\/noticias\/category\/economia\/#listItem","name":"Econom\u00eda"}},{"@type":"ListItem","@id":"https:\/\/www.eldigitaldeasturias.com\/noticias\/category\/economia\/#listItem","position":2,"name":"Econom\u00eda","item":"https:\/\/www.eldigitaldeasturias.com\/noticias\/category\/economia\/","nextItem":{"@type":"ListItem","@id":"https:\/\/www.eldigitaldeasturias.com\/noticias\/la-comision-europea-insiste-en-la-necesidad-de-fomentar-las-inversiones\/#listItem","name":"La Comisi\u00f3n Europea insiste en la necesidad de fomentar las inversiones"},"previousItem":{"@type":"ListItem","@id":"https:\/\/www.eldigitaldeasturias.com\/noticias#listItem","name":"Home"}},{"@type":"ListItem","@id":"https:\/\/www.eldigitaldeasturias.com\/noticias\/la-comision-europea-insiste-en-la-necesidad-de-fomentar-las-inversiones\/#listItem","position":3,"name":"La Comisi\u00f3n Europea insiste en la necesidad de fomentar las inversiones","previousItem":{"@type":"ListItem","@id":"https:\/\/www.eldigitaldeasturias.com\/noticias\/category\/economia\/#listItem","name":"Econom\u00eda"}}]},{"@type":"Organization","@id":"https:\/\/www.eldigitaldeasturias.com\/noticias\/#organization","name":"El Digital de Asturias","description":"Hemeroteca","url":"https:\/\/www.eldigitaldeasturias.com\/noticias\/","email":"info@eldigitaldeasturias.com","telephone":"+34652131393","logo":{"@type":"ImageObject","url":"https:\/\/www.eldigitaldeasturias.com\/noticias\/wp-content\/uploads\/2020\/12\/EDA.jpg","@id":"https:\/\/www.eldigitaldeasturias.com\/noticias\/la-comision-europea-insiste-en-la-necesidad-de-fomentar-las-inversiones\/#organizationLogo","width":649,"height":297},"image":{"@id":"https:\/\/www.eldigitaldeasturias.com\/noticias\/la-comision-europea-insiste-en-la-necesidad-de-fomentar-las-inversiones\/#organizationLogo"},"sameAs":["https:\/\/facebook.com\/eldigitaldeasturias","https:\/\/www.youtube.com\/channel\/UCZP-2wLEB9Rv6erhFmqVnvg"],"address":{"@id":"https:\/\/www.eldigitaldeasturias.com\/noticias\/#postaladdress","@type":"PostalAddress","streetAddress":"san antonio 4,","postalCode":"33430","addressLocality":"Cand\u00e1s","addressRegion":"Asturias","addressCountry":"ES"}},{"@type":"Person","@id":"https:\/\/www.eldigitaldeasturias.com\/noticias\/author\/admin\/#author","url":"https:\/\/www.eldigitaldeasturias.com\/noticias\/author\/admin\/","name":"El Digital de Asturias","image":{"@type":"ImageObject","@id":"https:\/\/www.eldigitaldeasturias.com\/noticias\/la-comision-europea-insiste-en-la-necesidad-de-fomentar-las-inversiones\/#authorImage","url":"https:\/\/www.eldigitaldeasturias.com\/noticias\/wp-content\/litespeed\/avatar\/18677e78aa0546b92d9dbf31ec7d7668.jpg?ver=1777290358","width":96,"height":96,"caption":"El Digital de Asturias"}},{"@type":"WebPage","@id":"https:\/\/www.eldigitaldeasturias.com\/noticias\/la-comision-europea-insiste-en-la-necesidad-de-fomentar-las-inversiones\/#webpage","url":"https:\/\/www.eldigitaldeasturias.com\/noticias\/la-comision-europea-insiste-en-la-necesidad-de-fomentar-las-inversiones\/","name":"La Comisi\u00f3n Europea insiste en la necesidad de fomentar las inversiones - El Digital de Asturias","description":"La Comisi\u00f3n Europea anunci\u00f3 este mi\u00e9rcoles mediante un comunicado de prensa que, en su evaluaci\u00f3n anual de la situaci\u00f3n econ\u00f3mica y social de los Estados miembros, se ha hecho hincapi\u00e9 hoy en la necesidad de fomentar las inversiones, de aplicar pol\u00edticas presupuestarias responsables y de ejecutar reformas bien planeadas. Los retos var\u00edan considerablemente de un","inLanguage":"es-ES","isPartOf":{"@id":"https:\/\/www.eldigitaldeasturias.com\/noticias\/#website"},"breadcrumb":{"@id":"https:\/\/www.eldigitaldeasturias.com\/noticias\/la-comision-europea-insiste-en-la-necesidad-de-fomentar-las-inversiones\/#breadcrumblist"},"author":{"@id":"https:\/\/www.eldigitaldeasturias.com\/noticias\/author\/admin\/#author"},"creator":{"@id":"https:\/\/www.eldigitaldeasturias.com\/noticias\/author\/admin\/#author"},"image":{"@type":"ImageObject","url":"https:\/\/www.eldigitaldeasturias.com\/noticias\/wp-content\/uploads\/2018\/07\/money-1005479_960_720.jpg","@id":"https:\/\/www.eldigitaldeasturias.com\/noticias\/la-comision-europea-insiste-en-la-necesidad-de-fomentar-las-inversiones\/#mainImage","width":960,"height":619},"primaryImageOfPage":{"@id":"https:\/\/www.eldigitaldeasturias.com\/noticias\/la-comision-europea-insiste-en-la-necesidad-de-fomentar-las-inversiones\/#mainImage"},"datePublished":"2019-02-27T16:25:08+01:00","dateModified":"2019-02-27T16:25:08+01:00"},{"@type":"WebSite","@id":"https:\/\/www.eldigitaldeasturias.com\/noticias\/#website","url":"https:\/\/www.eldigitaldeasturias.com\/noticias\/","name":"El Digital de Asturias - Diario de actualidad y noticias","alternateName":"El Digital de Asturias - Diario de actualidad y noticias","description":"Hemeroteca","inLanguage":"es-ES","publisher":{"@id":"https:\/\/www.eldigitaldeasturias.com\/noticias\/#organization"}}]},"og:locale":"es_ES","og:site_name":"El Digital de Asturias","og:type":"article","og:title":"La Comisi\u00f3n Europea insiste en la necesidad de fomentar las inversiones - El Digital de Asturias","og:description":"La Comisi\u00f3n Europea anunci\u00f3 este mi\u00e9rcoles mediante un comunicado de prensa que, en su evaluaci\u00f3n anual de la situaci\u00f3n econ\u00f3mica y social de los Estados miembros, se ha hecho hincapi\u00e9 hoy en la necesidad de fomentar las inversiones, de aplicar pol\u00edticas presupuestarias responsables y de ejecutar reformas bien planeadas. Los retos var\u00edan considerablemente de un","og:url":"https:\/\/www.eldigitaldeasturias.com\/noticias\/la-comision-europea-insiste-en-la-necesidad-de-fomentar-las-inversiones\/","og:image":"https:\/\/www.eldigitaldeasturias.com\/noticias\/wp-content\/uploads\/2018\/07\/money-1005479_960_720.jpg","og:image:secure_url":"https:\/\/www.eldigitaldeasturias.com\/noticias\/wp-content\/uploads\/2018\/07\/money-1005479_960_720.jpg","og:image:width":960,"og:image:height":619,"article:tag":["econom\u00eda"],"article:published_time":"2019-02-27T16:25:08+00:00","article:modified_time":"2019-02-27T16:25:08+00:00","article:publisher":"https:\/\/facebook.com\/eldigitaldeasturias","twitter:card":"summary_large_image","twitter:title":"La Comisi\u00f3n Europea insiste en la necesidad de fomentar las inversiones - El Digital de Asturias","twitter:description":"La Comisi\u00f3n Europea anunci\u00f3 este mi\u00e9rcoles mediante un comunicado de prensa que, en su evaluaci\u00f3n anual de la situaci\u00f3n econ\u00f3mica y social de los Estados miembros, se ha hecho hincapi\u00e9 hoy en la necesidad de fomentar las inversiones, de aplicar pol\u00edticas presupuestarias responsables y de ejecutar reformas bien planeadas. Los retos var\u00edan considerablemente de un","twitter:image":"https:\/\/www.eldigitaldeasturias.com\/noticias\/wp-content\/uploads\/2018\/07\/money-1005479_960_720.jpg","twitter:label1":"Escrito por","twitter:data1":"El Digital de Asturias","twitter:label2":"Tiempo de lectura estimado","twitter:data2":"11 minutos"},"aioseo_meta_data":{"post_id":"1018561","title":null,"description":null,"keywords":null,"keyphrases":null,"primary_term":null,"canonical_url":null,"og_title":null,"og_description":null,"og_object_type":"default","og_image_type":"default","og_image_url":null,"og_image_width":null,"og_image_height":null,"og_image_custom_url":null,"og_image_custom_fields":null,"og_video":null,"og_custom_url":null,"og_article_section":null,"og_article_tags":null,"twitter_use_og":false,"twitter_card":"default","twitter_image_type":"default","twitter_image_url":null,"twitter_image_custom_url":null,"twitter_image_custom_fields":null,"twitter_title":null,"twitter_description":null,"schema":{"blockGraphs":[],"customGraphs":[],"default":{"data":{"Article":[],"Course":[],"Dataset":[],"FAQPage":[],"Movie":[],"Person":[],"Product":[],"ProductReview":[],"Car":[],"Recipe":[],"Service":[],"SoftwareApplication":[],"WebPage":[]},"graphName":"","isEnabled":true},"graphs":[],"defaultGraph":"","defaultPostTypeGraph":""},"schema_type":null,"schema_type_options":null,"pillar_content":false,"robots_default":true,"robots_noindex":false,"robots_noarchive":false,"robots_nosnippet":false,"robots_nofollow":false,"robots_noimageindex":false,"robots_noodp":false,"robots_notranslate":false,"robots_max_snippet":null,"robots_max_videopreview":null,"robots_max_imagepreview":"large","priority":null,"frequency":null,"local_seo":null,"seo_analyzer_scan_date":"2025-10-16 14:11:09","breadcrumb_settings":null,"limit_modified_date":false,"open_ai":null,"ai":null,"created":"2020-12-21 11:18:18","updated":"2025-10-16 14:11:09"},"aioseo_breadcrumb":"<div class=\"aioseo-breadcrumbs\"><span class=\"aioseo-breadcrumb\">\n\t<a href=\"https:\/\/www.eldigitaldeasturias.com\/noticias\" title=\"Home\">Home<\/a>\n<\/span><span class=\"aioseo-breadcrumb-separator\">\u2013<\/span><span class=\"aioseo-breadcrumb\">\n\t<a href=\"https:\/\/www.eldigitaldeasturias.com\/noticias\/category\/economia\/\" title=\"Econom\u00eda\">Econom\u00eda<\/a>\n<\/span><span class=\"aioseo-breadcrumb-separator\">\u2013<\/span><span class=\"aioseo-breadcrumb\">\n\t<a href=\"https:\/\/www.eldigitaldeasturias.com\/noticias\/la-comision-europea-insiste-en-la-necesidad-de-fomentar-las-inversiones\/\" title=\"La Comisi\u00f3n Europea insiste en la necesidad de fomentar las inversiones\">La Comisi\u00f3n Europea insiste en la necesidad de fomentar las inversiones<\/a>\n<\/span><\/div>","aioseo_breadcrumb_json":[{"label":"Home","link":"https:\/\/www.eldigitaldeasturias.com\/noticias"},{"label":"Econom\u00eda","link":"https:\/\/www.eldigitaldeasturias.com\/noticias\/category\/economia\/"},{"label":"La Comisi\u00f3n Europea insiste en la necesidad de fomentar las inversiones","link":"https:\/\/www.eldigitaldeasturias.com\/noticias\/la-comision-europea-insiste-en-la-necesidad-de-fomentar-las-inversiones\/"}],"_links":{"self":[{"href":"https:\/\/www.eldigitaldeasturias.com\/noticias\/wp-json\/wp\/v2\/posts\/1018561","targetHints":{"allow":["GET"]}}],"collection":[{"href":"https:\/\/www.eldigitaldeasturias.com\/noticias\/wp-json\/wp\/v2\/posts"}],"about":[{"href":"https:\/\/www.eldigitaldeasturias.com\/noticias\/wp-json\/wp\/v2\/types\/post"}],"author":[{"embeddable":true,"href":"https:\/\/www.eldigitaldeasturias.com\/noticias\/wp-json\/wp\/v2\/users\/1"}],"replies":[{"embeddable":true,"href":"https:\/\/www.eldigitaldeasturias.com\/noticias\/wp-json\/wp\/v2\/comments?post=1018561"}],"version-history":[{"count":0,"href":"https:\/\/www.eldigitaldeasturias.com\/noticias\/wp-json\/wp\/v2\/posts\/1018561\/revisions"}],"wp:featuredmedia":[{"embeddable":true,"href":"https:\/\/www.eldigitaldeasturias.com\/noticias\/wp-json\/wp\/v2\/media\/989215"}],"wp:attachment":[{"href":"https:\/\/www.eldigitaldeasturias.com\/noticias\/wp-json\/wp\/v2\/media?parent=1018561"}],"wp:term":[{"taxonomy":"category","embeddable":true,"href":"https:\/\/www.eldigitaldeasturias.com\/noticias\/wp-json\/wp\/v2\/categories?post=1018561"},{"taxonomy":"post_tag","embeddable":true,"href":"https:\/\/www.eldigitaldeasturias.com\/noticias\/wp-json\/wp\/v2\/tags?post=1018561"}],"curies":[{"name":"wp","href":"https:\/\/api.w.org\/{rel}","templated":true}]}}