{"id":1018491,"date":"2019-02-26T22:20:14","date_gmt":"2019-02-26T22:20:14","guid":{"rendered":"https:\/\/www.eldigitaldeasturias.com\/noticias\/?p=1018491"},"modified":"2019-02-26T22:20:14","modified_gmt":"2019-02-26T22:20:14","slug":"la-industria-alemana-teme-enormes-perdidas-con-un-brexit-desordenado","status":"publish","type":"post","link":"https:\/\/www.eldigitaldeasturias.com\/noticias\/la-industria-alemana-teme-enormes-perdidas-con-un-brexit-desordenado\/","title":{"rendered":"La industria alemana teme enormes p\u00e9rdidas con un \u00abBrexit\u00bb desordenado"},"content":{"rendered":"<p><img loading=\"lazy\" decoding=\"async\" class=\"alignleft size-medium wp-image-998762\" src=\"https:\/\/www.eldigitaldeasturias.com\/noticias\/wp-content\/uploads\/2018\/09\/brexit-1491370_960_720-360x270.jpg\" alt=\"\" width=\"360\" height=\"270\" srcset=\"https:\/\/www.eldigitaldeasturias.com\/noticias\/wp-content\/uploads\/2018\/09\/brexit-1491370_960_720-360x270.jpg 360w, https:\/\/www.eldigitaldeasturias.com\/noticias\/wp-content\/uploads\/2018\/09\/brexit-1491370_960_720-768x576.jpg 768w, https:\/\/www.eldigitaldeasturias.com\/noticias\/wp-content\/uploads\/2018\/09\/brexit-1491370_960_720-640x480.jpg 640w, https:\/\/www.eldigitaldeasturias.com\/noticias\/wp-content\/uploads\/2018\/09\/brexit-1491370_960_720-90x67.jpg 90w, https:\/\/www.eldigitaldeasturias.com\/noticias\/wp-content\/uploads\/2018\/09\/brexit-1491370_960_720.jpg 960w\" sizes=\"auto, (max-width: 360px) 100vw, 360px\" \/>Berl\u00edn, 26 feb (dpa) &#8211; Un \u00abBrexit\u00bb desordenado podr\u00eda representar un golpe multimillonario para la industria alemana, seg\u00fan estim\u00f3 hoy la Federaci\u00f3n de Industrias Alemanas (BDI, por sus siglas en alem\u00e1n).<\/p>\n<p>La entidad estima que una salida no regulada del Reino Unido de la Uni\u00f3n Europea (UE) podr\u00eda significar un rev\u00e9s para la econom\u00eda alemana de al menos medio punto del producto interno bruto (PIB).<\/p>\n<p>\u00abEso representar\u00eda casi 17.000 millones de euros (19.000 millones de d\u00f3lares) menos de capacidad econ\u00f3mica s\u00f3lo en este a\u00f1o\u00bb, subray\u00f3 hoy el director ejecutivo de la BDI, Joachim Lang, en Berl\u00edn. Por su parte, el Reino Unido caer\u00eda en una recesi\u00f3n, advirti\u00f3.<\/p>\n<p>El Reino Unido abandonar\u00e1 la Uni\u00f3n Europea (UE) el 29 de marzo. La primera ministra brit\u00e1nica, Theresa May, se encuentra sin embargo bajo una intensa presi\u00f3n de su propio partido para postergar la salida de la UE si el acuerdo del Brexit no recibe apoyo parlamentario hacia mediados de marzo.<\/p>\n<p>El l\u00edder de la industria alemana consider\u00f3 que si el Brexit no recibe el apoyo de la mayor\u00eda en la C\u00e1mara de los Comunes en marzo, ser\u00e1 momento de suspender todo el proceso de salida de la UE. Eso ser\u00e1 mejor que una salida desordenada con un da\u00f1o econ\u00f3mico masivo, advirti\u00f3.<\/p>\n<p>\u00abSe debe prevenir a toda costa un escenario sin acuerdo\u00bb, sostuvo el director de la BDI. Sin embargo, el ejecutivo se\u00f1al\u00f3 que el Gobierno alem\u00e1n y la UE deben seguir su curso con el acuerdo negociado con el Reino Unido: la integridad del mercado interno debe mantenerse en cualquier caso, indic\u00f3.<\/p>\n<p>La BDI form\u00f3 hace tiempo una \u00abfuerza especial\u00bb para preparar a las empresas a enfrentar un posible \u00abBrexit\u00bb desordenado. Pero las medidas de emergencia que se podr\u00edan aplicar tambi\u00e9n desde la pol\u00edtica en caso de que la salida del Reino Unido de la UE se diera de forma desordenada no solucionar\u00edan todos los problemas, asever\u00f3.<\/p>\n<p>\u00abA partir del 30 de marzo habr\u00e1 cambios severos\u00bb, alert\u00f3 Lang. \u00abPocos d\u00edas despu\u00e9s de la salida, los ciudadanos y las compa\u00f1\u00edas comenzar\u00e1n a sentir muy r\u00e1pido las consecuencias en el comercio, la producci\u00f3n y el empleo\u00bb, sostuvo.<\/p>\n<p>Las empresas se preparan para soportar largas esperas en la Aduana. Deber\u00edan intentar adaptar los procesos de \u00abjust-in-time\u00bb en la producci\u00f3n de un d\u00eda para el otro, pero cabe contar con demoras y trastornos, opin\u00f3.<\/p>\n<p>La BDI ve una necesidad de acci\u00f3n urgente en el rubro de los qu\u00edmicos, ya que no podr\u00edan ser utilizados sin autorizaci\u00f3n oficial. La federaci\u00f3n apunt\u00f3 que las empresas deber\u00edan asegurarse que las m\u00e1s de mil sustancias que fueron registradas solo en el Reino Unido cuenten con una licencia de la UE.<\/p>\n<p>\u00abEn caso contrario, las compa\u00f1\u00edas no podr\u00edan seguir produciendo los productos que contienen estas sustancias. Esto afectar\u00eda a todos los sectores industriales\u00bb, advirti\u00f3 Lang.<\/p>\n<p>El director ejecutivo de la federaci\u00f3n industrial asegur\u00f3 que la planeada salida del Reino Unido de la UE ya gener\u00f3 p\u00e9rdidas a la econom\u00eda alemana. Las exportaciones al Reino Unido disminuyeron, indic\u00f3 Lang, quien alert\u00f3 que cerca de medio mill\u00f3n de puestos de trabajo en Alemania est\u00e1n directa o indirectamente vinculados a las ventas al mercado brit\u00e1nico.<\/p>\n<p>En muchas firmas habr\u00e1 problemas con la producci\u00f3n y el empleo, se\u00f1al\u00f3 el ejecutivo de la BDI. \u00abNo importa lo que pase, no habr\u00e1 ganadores\u00bb, augur\u00f3.<\/p>\n","protected":false},"excerpt":{"rendered":"<p>Berl\u00edn, 26 feb (dpa) &#8211; Un \u00abBrexit\u00bb desordenado podr\u00eda representar un golpe multimillonario para la industria alemana, seg\u00fan estim\u00f3 hoy la Federaci\u00f3n de Industrias Alemanas (BDI, por sus siglas en alem\u00e1n). La entidad estima que una salida no regulada del Reino Unido de la Uni\u00f3n Europea (UE) podr\u00eda significar un rev\u00e9s para la econom\u00eda alemana [&hellip;]<\/p>\n","protected":false},"author":1,"featured_media":1017456,"comment_status":"closed","ping_status":"closed","sticky":false,"template":"","format":"standard","meta":{"footnotes":""},"categories":[187],"tags":[],"class_list":["post-1018491","post","type-post","status-publish","format-standard","has-post-thumbnail","hentry","category-economia"],"aioseo_notices":[],"aioseo_head":"\n\t\t<!-- All in One SEO Pro 4.9.6.2 - aioseo.com -->\n\t<meta name=\"description\" content=\"Berl\u00edn, 26 feb (dpa) - Un &quot;Brexit&quot; desordenado podr\u00eda representar un golpe multimillonario para la industria alemana, seg\u00fan estim\u00f3 hoy la Federaci\u00f3n de Industrias Alemanas (BDI, por sus siglas en alem\u00e1n). La entidad estima que una salida no regulada del Reino Unido de la Uni\u00f3n Europea (UE) podr\u00eda significar un rev\u00e9s para la econom\u00eda alemana\" \/>\n\t<meta name=\"robots\" content=\"max-image-preview:large\" \/>\n\t<meta name=\"author\" content=\"El Digital de Asturias\"\/>\n\t<meta name=\"google-site-verification\" content=\"UA-38556648-1\" \/>\n\t<meta name=\"msvalidate.01\" content=\"7dfe9f3f1b24437ab69f4f2559babe99\" \/>\n\t<meta name=\"keywords\" content=\"econom\u00eda\" \/>\n\t<link rel=\"canonical\" href=\"https:\/\/www.eldigitaldeasturias.com\/noticias\/la-industria-alemana-teme-enormes-perdidas-con-un-brexit-desordenado\/\" \/>\n\t<meta name=\"generator\" content=\"All in One SEO Pro (AIOSEO) 4.9.6.2\" \/>\n\t\t<meta property=\"og:locale\" content=\"es_ES\" \/>\n\t\t<meta property=\"og:site_name\" content=\"El Digital de Asturias\" \/>\n\t\t<meta property=\"og:type\" content=\"article\" \/>\n\t\t<meta property=\"og:title\" content=\"La industria alemana teme enormes p\u00e9rdidas con un \u00abBrexit\u00bb desordenado - El Digital de Asturias\" \/>\n\t\t<meta property=\"og:description\" content=\"Berl\u00edn, 26 feb (dpa) - Un &quot;Brexit&quot; desordenado podr\u00eda representar un golpe multimillonario para la industria alemana, seg\u00fan estim\u00f3 hoy la Federaci\u00f3n de Industrias Alemanas (BDI, por sus siglas en alem\u00e1n). La entidad estima que una salida no regulada del Reino Unido de la Uni\u00f3n Europea (UE) podr\u00eda significar un rev\u00e9s para la econom\u00eda alemana\" \/>\n\t\t<meta property=\"og:url\" content=\"https:\/\/www.eldigitaldeasturias.com\/noticias\/la-industria-alemana-teme-enormes-perdidas-con-un-brexit-desordenado\/\" \/>\n\t\t<meta property=\"og:image\" content=\"https:\/\/www.eldigitaldeasturias.com\/noticias\/wp-content\/uploads\/2019\/02\/brexit.jpg\" \/>\n\t\t<meta property=\"og:image:secure_url\" content=\"https:\/\/www.eldigitaldeasturias.com\/noticias\/wp-content\/uploads\/2019\/02\/brexit.jpg\" \/>\n\t\t<meta property=\"og:image:width\" content=\"960\" \/>\n\t\t<meta property=\"og:image:height\" content=\"720\" \/>\n\t\t<meta property=\"article:tag\" content=\"econom\u00eda\" \/>\n\t\t<meta property=\"article:published_time\" content=\"2019-02-26T22:20:14+00:00\" \/>\n\t\t<meta property=\"article:modified_time\" content=\"2019-02-26T22:20:14+00:00\" \/>\n\t\t<meta property=\"article:publisher\" content=\"https:\/\/facebook.com\/eldigitaldeasturias\" \/>\n\t\t<meta name=\"twitter:card\" content=\"summary_large_image\" \/>\n\t\t<meta name=\"twitter:title\" content=\"La industria alemana teme enormes p\u00e9rdidas con un \u00abBrexit\u00bb desordenado - El Digital de Asturias\" \/>\n\t\t<meta name=\"twitter:description\" content=\"Berl\u00edn, 26 feb (dpa) - Un &quot;Brexit&quot; desordenado podr\u00eda representar un golpe multimillonario para la industria alemana, seg\u00fan estim\u00f3 hoy la Federaci\u00f3n de Industrias Alemanas (BDI, por sus siglas en alem\u00e1n). La entidad estima que una salida no regulada del Reino Unido de la Uni\u00f3n Europea (UE) podr\u00eda significar un rev\u00e9s para la econom\u00eda alemana\" \/>\n\t\t<meta name=\"twitter:image\" content=\"https:\/\/www.eldigitaldeasturias.com\/noticias\/wp-content\/uploads\/2019\/02\/brexit.jpg\" \/>\n\t\t<meta name=\"twitter:label1\" content=\"Escrito por\" \/>\n\t\t<meta name=\"twitter:data1\" content=\"El Digital de Asturias\" \/>\n\t\t<meta name=\"twitter:label2\" content=\"Tiempo de lectura estimado\" \/>\n\t\t<meta name=\"twitter:data2\" content=\"3 minutos\" \/>\n\t\t<script type=\"application\/ld+json\" class=\"aioseo-schema\">\n\t\t\t{\"@context\":\"https:\\\/\\\/schema.org\",\"@graph\":[{\"@type\":\"BlogPosting\",\"@id\":\"https:\\\/\\\/www.eldigitaldeasturias.com\\\/noticias\\\/la-industria-alemana-teme-enormes-perdidas-con-un-brexit-desordenado\\\/#blogposting\",\"name\":\"La industria alemana teme enormes p\\u00e9rdidas con un \\u00abBrexit\\u00bb desordenado - El Digital de Asturias\",\"headline\":\"La industria alemana teme enormes p\\u00e9rdidas con un \\u00abBrexit\\u00bb desordenado\",\"author\":{\"@id\":\"https:\\\/\\\/www.eldigitaldeasturias.com\\\/noticias\\\/author\\\/admin\\\/#author\"},\"publisher\":{\"@id\":\"https:\\\/\\\/www.eldigitaldeasturias.com\\\/noticias\\\/#organization\"},\"image\":{\"@type\":\"ImageObject\",\"url\":\"https:\\\/\\\/www.eldigitaldeasturias.com\\\/noticias\\\/wp-content\\\/uploads\\\/2019\\\/02\\\/brexit.jpg\",\"width\":960,\"height\":720},\"datePublished\":\"2019-02-26T22:20:14+01:00\",\"dateModified\":\"2019-02-26T22:20:14+01:00\",\"inLanguage\":\"es-ES\",\"mainEntityOfPage\":{\"@id\":\"https:\\\/\\\/www.eldigitaldeasturias.com\\\/noticias\\\/la-industria-alemana-teme-enormes-perdidas-con-un-brexit-desordenado\\\/#webpage\"},\"isPartOf\":{\"@id\":\"https:\\\/\\\/www.eldigitaldeasturias.com\\\/noticias\\\/la-industria-alemana-teme-enormes-perdidas-con-un-brexit-desordenado\\\/#webpage\"},\"articleSection\":\"Econom\\u00eda\"},{\"@type\":\"BreadcrumbList\",\"@id\":\"https:\\\/\\\/www.eldigitaldeasturias.com\\\/noticias\\\/la-industria-alemana-teme-enormes-perdidas-con-un-brexit-desordenado\\\/#breadcrumblist\",\"itemListElement\":[{\"@type\":\"ListItem\",\"@id\":\"https:\\\/\\\/www.eldigitaldeasturias.com\\\/noticias#listItem\",\"position\":1,\"name\":\"Home\",\"item\":\"https:\\\/\\\/www.eldigitaldeasturias.com\\\/noticias\",\"nextItem\":{\"@type\":\"ListItem\",\"@id\":\"https:\\\/\\\/www.eldigitaldeasturias.com\\\/noticias\\\/category\\\/economia\\\/#listItem\",\"name\":\"Econom\\u00eda\"}},{\"@type\":\"ListItem\",\"@id\":\"https:\\\/\\\/www.eldigitaldeasturias.com\\\/noticias\\\/category\\\/economia\\\/#listItem\",\"position\":2,\"name\":\"Econom\\u00eda\",\"item\":\"https:\\\/\\\/www.eldigitaldeasturias.com\\\/noticias\\\/category\\\/economia\\\/\",\"nextItem\":{\"@type\":\"ListItem\",\"@id\":\"https:\\\/\\\/www.eldigitaldeasturias.com\\\/noticias\\\/la-industria-alemana-teme-enormes-perdidas-con-un-brexit-desordenado\\\/#listItem\",\"name\":\"La industria alemana teme enormes p\\u00e9rdidas con un \\u00abBrexit\\u00bb desordenado\"},\"previousItem\":{\"@type\":\"ListItem\",\"@id\":\"https:\\\/\\\/www.eldigitaldeasturias.com\\\/noticias#listItem\",\"name\":\"Home\"}},{\"@type\":\"ListItem\",\"@id\":\"https:\\\/\\\/www.eldigitaldeasturias.com\\\/noticias\\\/la-industria-alemana-teme-enormes-perdidas-con-un-brexit-desordenado\\\/#listItem\",\"position\":3,\"name\":\"La industria alemana teme enormes p\\u00e9rdidas con un \\u00abBrexit\\u00bb desordenado\",\"previousItem\":{\"@type\":\"ListItem\",\"@id\":\"https:\\\/\\\/www.eldigitaldeasturias.com\\\/noticias\\\/category\\\/economia\\\/#listItem\",\"name\":\"Econom\\u00eda\"}}]},{\"@type\":\"Organization\",\"@id\":\"https:\\\/\\\/www.eldigitaldeasturias.com\\\/noticias\\\/#organization\",\"name\":\"El Digital de Asturias\",\"description\":\"Hemeroteca\",\"url\":\"https:\\\/\\\/www.eldigitaldeasturias.com\\\/noticias\\\/\",\"email\":\"info@eldigitaldeasturias.com\",\"telephone\":\"+34652131393\",\"logo\":{\"@type\":\"ImageObject\",\"url\":\"https:\\\/\\\/www.eldigitaldeasturias.com\\\/noticias\\\/wp-content\\\/uploads\\\/2020\\\/12\\\/EDA.jpg\",\"@id\":\"https:\\\/\\\/www.eldigitaldeasturias.com\\\/noticias\\\/la-industria-alemana-teme-enormes-perdidas-con-un-brexit-desordenado\\\/#organizationLogo\",\"width\":649,\"height\":297},\"image\":{\"@id\":\"https:\\\/\\\/www.eldigitaldeasturias.com\\\/noticias\\\/la-industria-alemana-teme-enormes-perdidas-con-un-brexit-desordenado\\\/#organizationLogo\"},\"sameAs\":[\"https:\\\/\\\/facebook.com\\\/eldigitaldeasturias\",\"https:\\\/\\\/www.youtube.com\\\/channel\\\/UCZP-2wLEB9Rv6erhFmqVnvg\"],\"address\":{\"@id\":\"https:\\\/\\\/www.eldigitaldeasturias.com\\\/noticias\\\/#postaladdress\",\"@type\":\"PostalAddress\",\"streetAddress\":\"san antonio 4,\",\"postalCode\":\"33430\",\"addressLocality\":\"Cand\\u00e1s\",\"addressRegion\":\"Asturias\",\"addressCountry\":\"ES\"}},{\"@type\":\"Person\",\"@id\":\"https:\\\/\\\/www.eldigitaldeasturias.com\\\/noticias\\\/author\\\/admin\\\/#author\",\"url\":\"https:\\\/\\\/www.eldigitaldeasturias.com\\\/noticias\\\/author\\\/admin\\\/\",\"name\":\"El Digital de Asturias\",\"image\":{\"@type\":\"ImageObject\",\"@id\":\"https:\\\/\\\/www.eldigitaldeasturias.com\\\/noticias\\\/la-industria-alemana-teme-enormes-perdidas-con-un-brexit-desordenado\\\/#authorImage\",\"url\":\"https:\\\/\\\/www.eldigitaldeasturias.com\\\/noticias\\\/wp-content\\\/litespeed\\\/avatar\\\/18677e78aa0546b92d9dbf31ec7d7668.jpg?ver=1777290358\",\"width\":96,\"height\":96,\"caption\":\"El Digital de Asturias\"}},{\"@type\":\"WebPage\",\"@id\":\"https:\\\/\\\/www.eldigitaldeasturias.com\\\/noticias\\\/la-industria-alemana-teme-enormes-perdidas-con-un-brexit-desordenado\\\/#webpage\",\"url\":\"https:\\\/\\\/www.eldigitaldeasturias.com\\\/noticias\\\/la-industria-alemana-teme-enormes-perdidas-con-un-brexit-desordenado\\\/\",\"name\":\"La industria alemana teme enormes p\\u00e9rdidas con un \\u00abBrexit\\u00bb desordenado - El Digital de Asturias\",\"description\":\"Berl\\u00edn, 26 feb (dpa) - Un \\\"Brexit\\\" desordenado podr\\u00eda representar un golpe multimillonario para la industria alemana, seg\\u00fan estim\\u00f3 hoy la Federaci\\u00f3n de Industrias Alemanas (BDI, por sus siglas en alem\\u00e1n). La entidad estima que una salida no regulada del Reino Unido de la Uni\\u00f3n Europea (UE) podr\\u00eda significar un rev\\u00e9s para la econom\\u00eda alemana\",\"inLanguage\":\"es-ES\",\"isPartOf\":{\"@id\":\"https:\\\/\\\/www.eldigitaldeasturias.com\\\/noticias\\\/#website\"},\"breadcrumb\":{\"@id\":\"https:\\\/\\\/www.eldigitaldeasturias.com\\\/noticias\\\/la-industria-alemana-teme-enormes-perdidas-con-un-brexit-desordenado\\\/#breadcrumblist\"},\"author\":{\"@id\":\"https:\\\/\\\/www.eldigitaldeasturias.com\\\/noticias\\\/author\\\/admin\\\/#author\"},\"creator\":{\"@id\":\"https:\\\/\\\/www.eldigitaldeasturias.com\\\/noticias\\\/author\\\/admin\\\/#author\"},\"image\":{\"@type\":\"ImageObject\",\"url\":\"https:\\\/\\\/www.eldigitaldeasturias.com\\\/noticias\\\/wp-content\\\/uploads\\\/2019\\\/02\\\/brexit.jpg\",\"@id\":\"https:\\\/\\\/www.eldigitaldeasturias.com\\\/noticias\\\/la-industria-alemana-teme-enormes-perdidas-con-un-brexit-desordenado\\\/#mainImage\",\"width\":960,\"height\":720},\"primaryImageOfPage\":{\"@id\":\"https:\\\/\\\/www.eldigitaldeasturias.com\\\/noticias\\\/la-industria-alemana-teme-enormes-perdidas-con-un-brexit-desordenado\\\/#mainImage\"},\"datePublished\":\"2019-02-26T22:20:14+01:00\",\"dateModified\":\"2019-02-26T22:20:14+01:00\"},{\"@type\":\"WebSite\",\"@id\":\"https:\\\/\\\/www.eldigitaldeasturias.com\\\/noticias\\\/#website\",\"url\":\"https:\\\/\\\/www.eldigitaldeasturias.com\\\/noticias\\\/\",\"name\":\"El Digital de Asturias - Diario de actualidad y noticias\",\"alternateName\":\"El Digital de Asturias - Diario de actualidad y noticias\",\"description\":\"Hemeroteca\",\"inLanguage\":\"es-ES\",\"publisher\":{\"@id\":\"https:\\\/\\\/www.eldigitaldeasturias.com\\\/noticias\\\/#organization\"}}]}\n\t\t<\/script>\n\t\t<!-- All in One SEO Pro -->\r\n\t\t<title>La industria alemana teme enormes p\u00e9rdidas con un \u00abBrexit\u00bb desordenado - El Digital de Asturias<\/title>\n\n","aioseo_head_json":{"title":"La industria alemana teme enormes p\u00e9rdidas con un \u00abBrexit\u00bb desordenado - El Digital de Asturias","description":"Berl\u00edn, 26 feb (dpa) - Un \"Brexit\" desordenado podr\u00eda representar un golpe multimillonario para la industria alemana, seg\u00fan estim\u00f3 hoy la Federaci\u00f3n de Industrias Alemanas (BDI, por sus siglas en alem\u00e1n). La entidad estima que una salida no regulada del Reino Unido de la Uni\u00f3n Europea (UE) podr\u00eda significar un rev\u00e9s para la econom\u00eda alemana","canonical_url":"https:\/\/www.eldigitaldeasturias.com\/noticias\/la-industria-alemana-teme-enormes-perdidas-con-un-brexit-desordenado\/","robots":"max-image-preview:large","keywords":"econom\u00eda","webmasterTools":{"google-site-verification":"UA-38556648-1","msvalidate.01":"7dfe9f3f1b24437ab69f4f2559babe99","miscellaneous":""},"schema":{"@context":"https:\/\/schema.org","@graph":[{"@type":"BlogPosting","@id":"https:\/\/www.eldigitaldeasturias.com\/noticias\/la-industria-alemana-teme-enormes-perdidas-con-un-brexit-desordenado\/#blogposting","name":"La industria alemana teme enormes p\u00e9rdidas con un \u00abBrexit\u00bb desordenado - El Digital de Asturias","headline":"La industria alemana teme enormes p\u00e9rdidas con un \u00abBrexit\u00bb desordenado","author":{"@id":"https:\/\/www.eldigitaldeasturias.com\/noticias\/author\/admin\/#author"},"publisher":{"@id":"https:\/\/www.eldigitaldeasturias.com\/noticias\/#organization"},"image":{"@type":"ImageObject","url":"https:\/\/www.eldigitaldeasturias.com\/noticias\/wp-content\/uploads\/2019\/02\/brexit.jpg","width":960,"height":720},"datePublished":"2019-02-26T22:20:14+01:00","dateModified":"2019-02-26T22:20:14+01:00","inLanguage":"es-ES","mainEntityOfPage":{"@id":"https:\/\/www.eldigitaldeasturias.com\/noticias\/la-industria-alemana-teme-enormes-perdidas-con-un-brexit-desordenado\/#webpage"},"isPartOf":{"@id":"https:\/\/www.eldigitaldeasturias.com\/noticias\/la-industria-alemana-teme-enormes-perdidas-con-un-brexit-desordenado\/#webpage"},"articleSection":"Econom\u00eda"},{"@type":"BreadcrumbList","@id":"https:\/\/www.eldigitaldeasturias.com\/noticias\/la-industria-alemana-teme-enormes-perdidas-con-un-brexit-desordenado\/#breadcrumblist","itemListElement":[{"@type":"ListItem","@id":"https:\/\/www.eldigitaldeasturias.com\/noticias#listItem","position":1,"name":"Home","item":"https:\/\/www.eldigitaldeasturias.com\/noticias","nextItem":{"@type":"ListItem","@id":"https:\/\/www.eldigitaldeasturias.com\/noticias\/category\/economia\/#listItem","name":"Econom\u00eda"}},{"@type":"ListItem","@id":"https:\/\/www.eldigitaldeasturias.com\/noticias\/category\/economia\/#listItem","position":2,"name":"Econom\u00eda","item":"https:\/\/www.eldigitaldeasturias.com\/noticias\/category\/economia\/","nextItem":{"@type":"ListItem","@id":"https:\/\/www.eldigitaldeasturias.com\/noticias\/la-industria-alemana-teme-enormes-perdidas-con-un-brexit-desordenado\/#listItem","name":"La industria alemana teme enormes p\u00e9rdidas con un \u00abBrexit\u00bb desordenado"},"previousItem":{"@type":"ListItem","@id":"https:\/\/www.eldigitaldeasturias.com\/noticias#listItem","name":"Home"}},{"@type":"ListItem","@id":"https:\/\/www.eldigitaldeasturias.com\/noticias\/la-industria-alemana-teme-enormes-perdidas-con-un-brexit-desordenado\/#listItem","position":3,"name":"La industria alemana teme enormes p\u00e9rdidas con un \u00abBrexit\u00bb desordenado","previousItem":{"@type":"ListItem","@id":"https:\/\/www.eldigitaldeasturias.com\/noticias\/category\/economia\/#listItem","name":"Econom\u00eda"}}]},{"@type":"Organization","@id":"https:\/\/www.eldigitaldeasturias.com\/noticias\/#organization","name":"El Digital de Asturias","description":"Hemeroteca","url":"https:\/\/www.eldigitaldeasturias.com\/noticias\/","email":"info@eldigitaldeasturias.com","telephone":"+34652131393","logo":{"@type":"ImageObject","url":"https:\/\/www.eldigitaldeasturias.com\/noticias\/wp-content\/uploads\/2020\/12\/EDA.jpg","@id":"https:\/\/www.eldigitaldeasturias.com\/noticias\/la-industria-alemana-teme-enormes-perdidas-con-un-brexit-desordenado\/#organizationLogo","width":649,"height":297},"image":{"@id":"https:\/\/www.eldigitaldeasturias.com\/noticias\/la-industria-alemana-teme-enormes-perdidas-con-un-brexit-desordenado\/#organizationLogo"},"sameAs":["https:\/\/facebook.com\/eldigitaldeasturias","https:\/\/www.youtube.com\/channel\/UCZP-2wLEB9Rv6erhFmqVnvg"],"address":{"@id":"https:\/\/www.eldigitaldeasturias.com\/noticias\/#postaladdress","@type":"PostalAddress","streetAddress":"san antonio 4,","postalCode":"33430","addressLocality":"Cand\u00e1s","addressRegion":"Asturias","addressCountry":"ES"}},{"@type":"Person","@id":"https:\/\/www.eldigitaldeasturias.com\/noticias\/author\/admin\/#author","url":"https:\/\/www.eldigitaldeasturias.com\/noticias\/author\/admin\/","name":"El Digital de Asturias","image":{"@type":"ImageObject","@id":"https:\/\/www.eldigitaldeasturias.com\/noticias\/la-industria-alemana-teme-enormes-perdidas-con-un-brexit-desordenado\/#authorImage","url":"https:\/\/www.eldigitaldeasturias.com\/noticias\/wp-content\/litespeed\/avatar\/18677e78aa0546b92d9dbf31ec7d7668.jpg?ver=1777290358","width":96,"height":96,"caption":"El Digital de Asturias"}},{"@type":"WebPage","@id":"https:\/\/www.eldigitaldeasturias.com\/noticias\/la-industria-alemana-teme-enormes-perdidas-con-un-brexit-desordenado\/#webpage","url":"https:\/\/www.eldigitaldeasturias.com\/noticias\/la-industria-alemana-teme-enormes-perdidas-con-un-brexit-desordenado\/","name":"La industria alemana teme enormes p\u00e9rdidas con un \u00abBrexit\u00bb desordenado - El Digital de Asturias","description":"Berl\u00edn, 26 feb (dpa) - Un \"Brexit\" desordenado podr\u00eda representar un golpe multimillonario para la industria alemana, seg\u00fan estim\u00f3 hoy la Federaci\u00f3n de Industrias Alemanas (BDI, por sus siglas en alem\u00e1n). La entidad estima que una salida no regulada del Reino Unido de la Uni\u00f3n Europea (UE) podr\u00eda significar un rev\u00e9s para la econom\u00eda alemana","inLanguage":"es-ES","isPartOf":{"@id":"https:\/\/www.eldigitaldeasturias.com\/noticias\/#website"},"breadcrumb":{"@id":"https:\/\/www.eldigitaldeasturias.com\/noticias\/la-industria-alemana-teme-enormes-perdidas-con-un-brexit-desordenado\/#breadcrumblist"},"author":{"@id":"https:\/\/www.eldigitaldeasturias.com\/noticias\/author\/admin\/#author"},"creator":{"@id":"https:\/\/www.eldigitaldeasturias.com\/noticias\/author\/admin\/#author"},"image":{"@type":"ImageObject","url":"https:\/\/www.eldigitaldeasturias.com\/noticias\/wp-content\/uploads\/2019\/02\/brexit.jpg","@id":"https:\/\/www.eldigitaldeasturias.com\/noticias\/la-industria-alemana-teme-enormes-perdidas-con-un-brexit-desordenado\/#mainImage","width":960,"height":720},"primaryImageOfPage":{"@id":"https:\/\/www.eldigitaldeasturias.com\/noticias\/la-industria-alemana-teme-enormes-perdidas-con-un-brexit-desordenado\/#mainImage"},"datePublished":"2019-02-26T22:20:14+01:00","dateModified":"2019-02-26T22:20:14+01:00"},{"@type":"WebSite","@id":"https:\/\/www.eldigitaldeasturias.com\/noticias\/#website","url":"https:\/\/www.eldigitaldeasturias.com\/noticias\/","name":"El Digital de Asturias - Diario de actualidad y noticias","alternateName":"El Digital de Asturias - Diario de actualidad y noticias","description":"Hemeroteca","inLanguage":"es-ES","publisher":{"@id":"https:\/\/www.eldigitaldeasturias.com\/noticias\/#organization"}}]},"og:locale":"es_ES","og:site_name":"El Digital de Asturias","og:type":"article","og:title":"La industria alemana teme enormes p\u00e9rdidas con un \u00abBrexit\u00bb desordenado - El Digital de Asturias","og:description":"Berl\u00edn, 26 feb (dpa) - Un &quot;Brexit&quot; desordenado podr\u00eda representar un golpe multimillonario para la industria alemana, seg\u00fan estim\u00f3 hoy la Federaci\u00f3n de Industrias Alemanas (BDI, por sus siglas en alem\u00e1n). La entidad estima que una salida no regulada del Reino Unido de la Uni\u00f3n Europea (UE) podr\u00eda significar un rev\u00e9s para la econom\u00eda alemana","og:url":"https:\/\/www.eldigitaldeasturias.com\/noticias\/la-industria-alemana-teme-enormes-perdidas-con-un-brexit-desordenado\/","og:image":"https:\/\/www.eldigitaldeasturias.com\/noticias\/wp-content\/uploads\/2019\/02\/brexit.jpg","og:image:secure_url":"https:\/\/www.eldigitaldeasturias.com\/noticias\/wp-content\/uploads\/2019\/02\/brexit.jpg","og:image:width":960,"og:image:height":720,"article:tag":["econom\u00eda"],"article:published_time":"2019-02-26T22:20:14+00:00","article:modified_time":"2019-02-26T22:20:14+00:00","article:publisher":"https:\/\/facebook.com\/eldigitaldeasturias","twitter:card":"summary_large_image","twitter:title":"La industria alemana teme enormes p\u00e9rdidas con un \u00abBrexit\u00bb desordenado - El Digital de Asturias","twitter:description":"Berl\u00edn, 26 feb (dpa) - Un &quot;Brexit&quot; desordenado podr\u00eda representar un golpe multimillonario para la industria alemana, seg\u00fan estim\u00f3 hoy la Federaci\u00f3n de Industrias Alemanas (BDI, por sus siglas en alem\u00e1n). La entidad estima que una salida no regulada del Reino Unido de la Uni\u00f3n Europea (UE) podr\u00eda significar un rev\u00e9s para la econom\u00eda alemana","twitter:image":"https:\/\/www.eldigitaldeasturias.com\/noticias\/wp-content\/uploads\/2019\/02\/brexit.jpg","twitter:label1":"Escrito por","twitter:data1":"El Digital de Asturias","twitter:label2":"Tiempo de lectura estimado","twitter:data2":"3 minutos"},"aioseo_meta_data":{"post_id":"1018491","title":null,"description":null,"keywords":null,"keyphrases":null,"primary_term":null,"canonical_url":null,"og_title":null,"og_description":null,"og_object_type":"default","og_image_type":"default","og_image_url":null,"og_image_width":null,"og_image_height":null,"og_image_custom_url":null,"og_image_custom_fields":null,"og_video":null,"og_custom_url":null,"og_article_section":null,"og_article_tags":null,"twitter_use_og":false,"twitter_card":"default","twitter_image_type":"default","twitter_image_url":null,"twitter_image_custom_url":null,"twitter_image_custom_fields":null,"twitter_title":null,"twitter_description":null,"schema":{"blockGraphs":[],"customGraphs":[],"default":{"data":{"Article":[],"Course":[],"Dataset":[],"FAQPage":[],"Movie":[],"Person":[],"Product":[],"ProductReview":[],"Car":[],"Recipe":[],"Service":[],"SoftwareApplication":[],"WebPage":[]},"graphName":"","isEnabled":true},"graphs":[],"defaultGraph":"","defaultPostTypeGraph":""},"schema_type":null,"schema_type_options":null,"pillar_content":false,"robots_default":true,"robots_noindex":false,"robots_noarchive":false,"robots_nosnippet":false,"robots_nofollow":false,"robots_noimageindex":false,"robots_noodp":false,"robots_notranslate":false,"robots_max_snippet":null,"robots_max_videopreview":null,"robots_max_imagepreview":"large","priority":null,"frequency":null,"local_seo":null,"seo_analyzer_scan_date":"2025-10-16 13:52:08","breadcrumb_settings":null,"limit_modified_date":false,"open_ai":null,"ai":null,"created":"2020-12-21 11:18:18","updated":"2025-10-16 13:52:08"},"aioseo_breadcrumb":"<div class=\"aioseo-breadcrumbs\"><span class=\"aioseo-breadcrumb\">\n\t<a href=\"https:\/\/www.eldigitaldeasturias.com\/noticias\" title=\"Home\">Home<\/a>\n<\/span><span class=\"aioseo-breadcrumb-separator\">\u2013<\/span><span class=\"aioseo-breadcrumb\">\n\t<a href=\"https:\/\/www.eldigitaldeasturias.com\/noticias\/category\/economia\/\" title=\"Econom\u00eda\">Econom\u00eda<\/a>\n<\/span><span class=\"aioseo-breadcrumb-separator\">\u2013<\/span><span class=\"aioseo-breadcrumb\">\n\t<a href=\"https:\/\/www.eldigitaldeasturias.com\/noticias\/la-industria-alemana-teme-enormes-perdidas-con-un-brexit-desordenado\/\" title=\"La industria alemana teme enormes p\u00e9rdidas con un \u00abBrexit\u00bb desordenado\">La industria alemana teme enormes p\u00e9rdidas con un \u00abBrexit\u00bb desordenado<\/a>\n<\/span><\/div>","aioseo_breadcrumb_json":[{"label":"Home","link":"https:\/\/www.eldigitaldeasturias.com\/noticias"},{"label":"Econom\u00eda","link":"https:\/\/www.eldigitaldeasturias.com\/noticias\/category\/economia\/"},{"label":"La industria alemana teme enormes p\u00e9rdidas con un \u00abBrexit\u00bb desordenado","link":"https:\/\/www.eldigitaldeasturias.com\/noticias\/la-industria-alemana-teme-enormes-perdidas-con-un-brexit-desordenado\/"}],"_links":{"self":[{"href":"https:\/\/www.eldigitaldeasturias.com\/noticias\/wp-json\/wp\/v2\/posts\/1018491","targetHints":{"allow":["GET"]}}],"collection":[{"href":"https:\/\/www.eldigitaldeasturias.com\/noticias\/wp-json\/wp\/v2\/posts"}],"about":[{"href":"https:\/\/www.eldigitaldeasturias.com\/noticias\/wp-json\/wp\/v2\/types\/post"}],"author":[{"embeddable":true,"href":"https:\/\/www.eldigitaldeasturias.com\/noticias\/wp-json\/wp\/v2\/users\/1"}],"replies":[{"embeddable":true,"href":"https:\/\/www.eldigitaldeasturias.com\/noticias\/wp-json\/wp\/v2\/comments?post=1018491"}],"version-history":[{"count":0,"href":"https:\/\/www.eldigitaldeasturias.com\/noticias\/wp-json\/wp\/v2\/posts\/1018491\/revisions"}],"wp:featuredmedia":[{"embeddable":true,"href":"https:\/\/www.eldigitaldeasturias.com\/noticias\/wp-json\/wp\/v2\/media\/1017456"}],"wp:attachment":[{"href":"https:\/\/www.eldigitaldeasturias.com\/noticias\/wp-json\/wp\/v2\/media?parent=1018491"}],"wp:term":[{"taxonomy":"category","embeddable":true,"href":"https:\/\/www.eldigitaldeasturias.com\/noticias\/wp-json\/wp\/v2\/categories?post=1018491"},{"taxonomy":"post_tag","embeddable":true,"href":"https:\/\/www.eldigitaldeasturias.com\/noticias\/wp-json\/wp\/v2\/tags?post=1018491"}],"curies":[{"name":"wp","href":"https:\/\/api.w.org\/{rel}","templated":true}]}}