{"id":1018486,"date":"2019-02-26T22:10:57","date_gmt":"2019-02-26T22:10:57","guid":{"rendered":"https:\/\/www.eldigitaldeasturias.com\/noticias\/?p=1018486"},"modified":"2019-02-26T22:10:57","modified_gmt":"2019-02-26T22:10:57","slug":"el-clima-de-consumo-aleman-se-mantiene-pese-a-que-la-economia-se-debilita","status":"publish","type":"post","link":"https:\/\/www.eldigitaldeasturias.com\/noticias\/el-clima-de-consumo-aleman-se-mantiene-pese-a-que-la-economia-se-debilita\/","title":{"rendered":"El clima de consumo alem\u00e1n se mantiene pese a que la econom\u00eda se debilita"},"content":{"rendered":"<p><img loading=\"lazy\" decoding=\"async\" class=\"alignleft size-medium wp-image-1018487\" src=\"https:\/\/www.eldigitaldeasturias.com\/noticias\/wp-content\/uploads\/2019\/02\/COMPRAS-ALEMANIA-360x217.jpg\" alt=\"\" width=\"360\" height=\"217\" srcset=\"https:\/\/www.eldigitaldeasturias.com\/noticias\/wp-content\/uploads\/2019\/02\/COMPRAS-ALEMANIA-360x217.jpg 360w, https:\/\/www.eldigitaldeasturias.com\/noticias\/wp-content\/uploads\/2019\/02\/COMPRAS-ALEMANIA-768x463.jpg 768w, https:\/\/www.eldigitaldeasturias.com\/noticias\/wp-content\/uploads\/2019\/02\/COMPRAS-ALEMANIA-650x392.jpg 650w, https:\/\/www.eldigitaldeasturias.com\/noticias\/wp-content\/uploads\/2019\/02\/COMPRAS-ALEMANIA.jpg 1095w\" sizes=\"auto, (max-width: 360px) 100vw, 360px\" \/>N\u00faremberg (Alemania), 26 feb (dpa) &#8211; La econom\u00eda a la baja no afecta el \u00e1nimo de los consumidores alemanes, seg\u00fan un nuevo estudio difundido hoy.<\/p>\n<p>\u00abMientras las expectactivas de los consumidores sobre la coyuntura alemana se siguen debilitando, sus expectativas sobre los ingresos se mantienen en un nivel alto\u00bb, inform\u00f3 la empresa de investigaci\u00f3n de mercado de N\u00faremberg, GfK.<\/p>\n<p>La GfK pronostica en su estudio mensual que en marzo el clima de consumo ser\u00e1 de 10,8 puntos, sin cambios respecto a febrero.<\/p>\n<p>\u00abLa brecha entre las expectativas econ\u00f3micas y las de ingresos se abri\u00f3 a\u00fan m\u00e1s en febrero\u00bb, se\u00f1al\u00f3 el experto en consumo de la GfK Rolf B\u00fcrkl al analizar la inusual situaci\u00f3n.<\/p>\n<p>El indicador de coyuntura registr\u00f3 en febrero la quinta ca\u00edda consecutiva, al perder 6,5 unidades y cerrar en 4,2 puntos. El \u00edndice cedi\u00f3 m\u00e1s de 40 puntos respecto al a\u00f1o anterior. Desde el punto de vista de los consumidores, ha aumentado el peligro de que la econom\u00eda alemana contin\u00fae perdiendo impulso.<\/p>\n<p>Pero pese al viento en contra econ\u00f3mico, las expectativas de ingresos son notablemente buenas, seg\u00fan se\u00f1ala el estudio. El \u00edndice se mantiene en 60 puntos, casi sin cambios respecto al mes anterior y seis unidades por encima del valor de hace un a\u00f1o.<\/p>\n<p>La causa de la brecha entre las expectativas econ\u00f3micas y de ingresos se debe al \u00abexcelente\u00bb estado del mercado de trabajo, precis\u00f3 el experto.<\/p>\n<p><strong><em>Foto: Henning Kaiser\/dpa <\/em><\/strong><\/p>\n","protected":false},"excerpt":{"rendered":"<p>N\u00faremberg (Alemania), 26 feb (dpa) &#8211; La econom\u00eda a la baja no afecta el \u00e1nimo de los consumidores alemanes, seg\u00fan un nuevo estudio difundido hoy. \u00abMientras las expectactivas de los consumidores sobre la coyuntura alemana se siguen debilitando, sus expectativas sobre los ingresos se mantienen en un nivel alto\u00bb, inform\u00f3 la empresa de investigaci\u00f3n de [&hellip;]<\/p>\n","protected":false},"author":1,"featured_media":1018487,"comment_status":"closed","ping_status":"closed","sticky":false,"template":"","format":"standard","meta":{"footnotes":""},"categories":[187],"tags":[],"class_list":["post-1018486","post","type-post","status-publish","format-standard","has-post-thumbnail","hentry","category-economia"],"aioseo_notices":[],"aioseo_head":"\n\t\t<!-- All in One SEO Pro 4.9.6.2 - aioseo.com -->\n\t<meta name=\"description\" content=\"N\u00faremberg (Alemania), 26 feb (dpa) - La econom\u00eda a la baja no afecta el \u00e1nimo de los consumidores alemanes, seg\u00fan un nuevo estudio difundido hoy. &quot;Mientras las expectactivas de los consumidores sobre la coyuntura alemana se siguen debilitando, sus expectativas sobre los ingresos se mantienen en un nivel alto&quot;, inform\u00f3 la empresa de investigaci\u00f3n de\" \/>\n\t<meta name=\"robots\" content=\"max-image-preview:large\" \/>\n\t<meta name=\"author\" content=\"El Digital de Asturias\"\/>\n\t<meta name=\"google-site-verification\" content=\"UA-38556648-1\" \/>\n\t<meta name=\"msvalidate.01\" content=\"7dfe9f3f1b24437ab69f4f2559babe99\" \/>\n\t<meta name=\"keywords\" content=\"econom\u00eda\" \/>\n\t<link rel=\"canonical\" href=\"https:\/\/www.eldigitaldeasturias.com\/noticias\/el-clima-de-consumo-aleman-se-mantiene-pese-a-que-la-economia-se-debilita\/\" \/>\n\t<meta name=\"generator\" content=\"All in One SEO Pro (AIOSEO) 4.9.6.2\" \/>\n\t\t<meta property=\"og:locale\" content=\"es_ES\" \/>\n\t\t<meta property=\"og:site_name\" content=\"El Digital de Asturias\" \/>\n\t\t<meta property=\"og:type\" content=\"article\" \/>\n\t\t<meta property=\"og:title\" content=\"El clima de consumo alem\u00e1n se mantiene pese a que la econom\u00eda se debilita - El Digital de Asturias\" \/>\n\t\t<meta property=\"og:description\" content=\"N\u00faremberg (Alemania), 26 feb (dpa) - La econom\u00eda a la baja no afecta el \u00e1nimo de los consumidores alemanes, seg\u00fan un nuevo estudio difundido hoy. &quot;Mientras las expectactivas de los consumidores sobre la coyuntura alemana se siguen debilitando, sus expectativas sobre los ingresos se mantienen en un nivel alto&quot;, inform\u00f3 la empresa de investigaci\u00f3n de\" \/>\n\t\t<meta property=\"og:url\" content=\"https:\/\/www.eldigitaldeasturias.com\/noticias\/el-clima-de-consumo-aleman-se-mantiene-pese-a-que-la-economia-se-debilita\/\" \/>\n\t\t<meta property=\"og:image\" content=\"https:\/\/www.eldigitaldeasturias.com\/noticias\/wp-content\/uploads\/2019\/02\/COMPRAS-ALEMANIA.jpg\" \/>\n\t\t<meta property=\"og:image:secure_url\" content=\"https:\/\/www.eldigitaldeasturias.com\/noticias\/wp-content\/uploads\/2019\/02\/COMPRAS-ALEMANIA.jpg\" \/>\n\t\t<meta property=\"og:image:width\" content=\"1095\" \/>\n\t\t<meta property=\"og:image:height\" content=\"660\" \/>\n\t\t<meta property=\"article:tag\" content=\"econom\u00eda\" \/>\n\t\t<meta property=\"article:published_time\" content=\"2019-02-26T22:10:57+00:00\" \/>\n\t\t<meta property=\"article:modified_time\" content=\"2019-02-26T22:10:57+00:00\" \/>\n\t\t<meta property=\"article:publisher\" content=\"https:\/\/facebook.com\/eldigitaldeasturias\" \/>\n\t\t<meta name=\"twitter:card\" content=\"summary_large_image\" \/>\n\t\t<meta name=\"twitter:title\" content=\"El clima de consumo alem\u00e1n se mantiene pese a que la econom\u00eda se debilita - El Digital de Asturias\" \/>\n\t\t<meta name=\"twitter:description\" content=\"N\u00faremberg (Alemania), 26 feb (dpa) - La econom\u00eda a la baja no afecta el \u00e1nimo de los consumidores alemanes, seg\u00fan un nuevo estudio difundido hoy. &quot;Mientras las expectactivas de los consumidores sobre la coyuntura alemana se siguen debilitando, sus expectativas sobre los ingresos se mantienen en un nivel alto&quot;, inform\u00f3 la empresa de investigaci\u00f3n de\" \/>\n\t\t<meta name=\"twitter:image\" content=\"https:\/\/www.eldigitaldeasturias.com\/noticias\/wp-content\/uploads\/2019\/02\/COMPRAS-ALEMANIA.jpg\" \/>\n\t\t<meta name=\"twitter:label1\" content=\"Escrito por\" \/>\n\t\t<meta name=\"twitter:data1\" content=\"El Digital de Asturias\" \/>\n\t\t<meta name=\"twitter:label2\" content=\"Tiempo de lectura estimado\" \/>\n\t\t<meta name=\"twitter:data2\" content=\"1 minuto\" \/>\n\t\t<script type=\"application\/ld+json\" class=\"aioseo-schema\">\n\t\t\t{\"@context\":\"https:\\\/\\\/schema.org\",\"@graph\":[{\"@type\":\"BlogPosting\",\"@id\":\"https:\\\/\\\/www.eldigitaldeasturias.com\\\/noticias\\\/el-clima-de-consumo-aleman-se-mantiene-pese-a-que-la-economia-se-debilita\\\/#blogposting\",\"name\":\"El clima de consumo alem\\u00e1n se mantiene pese a que la econom\\u00eda se debilita - El Digital de Asturias\",\"headline\":\"El clima de consumo alem\\u00e1n se mantiene pese a que la econom\\u00eda se debilita\",\"author\":{\"@id\":\"https:\\\/\\\/www.eldigitaldeasturias.com\\\/noticias\\\/author\\\/admin\\\/#author\"},\"publisher\":{\"@id\":\"https:\\\/\\\/www.eldigitaldeasturias.com\\\/noticias\\\/#organization\"},\"image\":{\"@type\":\"ImageObject\",\"url\":\"https:\\\/\\\/www.eldigitaldeasturias.com\\\/noticias\\\/wp-content\\\/uploads\\\/2019\\\/02\\\/COMPRAS-ALEMANIA.jpg\",\"width\":1095,\"height\":660},\"datePublished\":\"2019-02-26T22:10:57+01:00\",\"dateModified\":\"2019-02-26T22:10:57+01:00\",\"inLanguage\":\"es-ES\",\"mainEntityOfPage\":{\"@id\":\"https:\\\/\\\/www.eldigitaldeasturias.com\\\/noticias\\\/el-clima-de-consumo-aleman-se-mantiene-pese-a-que-la-economia-se-debilita\\\/#webpage\"},\"isPartOf\":{\"@id\":\"https:\\\/\\\/www.eldigitaldeasturias.com\\\/noticias\\\/el-clima-de-consumo-aleman-se-mantiene-pese-a-que-la-economia-se-debilita\\\/#webpage\"},\"articleSection\":\"Econom\\u00eda\"},{\"@type\":\"BreadcrumbList\",\"@id\":\"https:\\\/\\\/www.eldigitaldeasturias.com\\\/noticias\\\/el-clima-de-consumo-aleman-se-mantiene-pese-a-que-la-economia-se-debilita\\\/#breadcrumblist\",\"itemListElement\":[{\"@type\":\"ListItem\",\"@id\":\"https:\\\/\\\/www.eldigitaldeasturias.com\\\/noticias#listItem\",\"position\":1,\"name\":\"Home\",\"item\":\"https:\\\/\\\/www.eldigitaldeasturias.com\\\/noticias\",\"nextItem\":{\"@type\":\"ListItem\",\"@id\":\"https:\\\/\\\/www.eldigitaldeasturias.com\\\/noticias\\\/category\\\/economia\\\/#listItem\",\"name\":\"Econom\\u00eda\"}},{\"@type\":\"ListItem\",\"@id\":\"https:\\\/\\\/www.eldigitaldeasturias.com\\\/noticias\\\/category\\\/economia\\\/#listItem\",\"position\":2,\"name\":\"Econom\\u00eda\",\"item\":\"https:\\\/\\\/www.eldigitaldeasturias.com\\\/noticias\\\/category\\\/economia\\\/\",\"nextItem\":{\"@type\":\"ListItem\",\"@id\":\"https:\\\/\\\/www.eldigitaldeasturias.com\\\/noticias\\\/el-clima-de-consumo-aleman-se-mantiene-pese-a-que-la-economia-se-debilita\\\/#listItem\",\"name\":\"El clima de consumo alem\\u00e1n se mantiene pese a que la econom\\u00eda se debilita\"},\"previousItem\":{\"@type\":\"ListItem\",\"@id\":\"https:\\\/\\\/www.eldigitaldeasturias.com\\\/noticias#listItem\",\"name\":\"Home\"}},{\"@type\":\"ListItem\",\"@id\":\"https:\\\/\\\/www.eldigitaldeasturias.com\\\/noticias\\\/el-clima-de-consumo-aleman-se-mantiene-pese-a-que-la-economia-se-debilita\\\/#listItem\",\"position\":3,\"name\":\"El clima de consumo alem\\u00e1n se mantiene pese a que la econom\\u00eda se debilita\",\"previousItem\":{\"@type\":\"ListItem\",\"@id\":\"https:\\\/\\\/www.eldigitaldeasturias.com\\\/noticias\\\/category\\\/economia\\\/#listItem\",\"name\":\"Econom\\u00eda\"}}]},{\"@type\":\"Organization\",\"@id\":\"https:\\\/\\\/www.eldigitaldeasturias.com\\\/noticias\\\/#organization\",\"name\":\"El Digital de Asturias\",\"description\":\"Hemeroteca\",\"url\":\"https:\\\/\\\/www.eldigitaldeasturias.com\\\/noticias\\\/\",\"email\":\"info@eldigitaldeasturias.com\",\"telephone\":\"+34652131393\",\"logo\":{\"@type\":\"ImageObject\",\"url\":\"https:\\\/\\\/www.eldigitaldeasturias.com\\\/noticias\\\/wp-content\\\/uploads\\\/2020\\\/12\\\/EDA.jpg\",\"@id\":\"https:\\\/\\\/www.eldigitaldeasturias.com\\\/noticias\\\/el-clima-de-consumo-aleman-se-mantiene-pese-a-que-la-economia-se-debilita\\\/#organizationLogo\",\"width\":649,\"height\":297},\"image\":{\"@id\":\"https:\\\/\\\/www.eldigitaldeasturias.com\\\/noticias\\\/el-clima-de-consumo-aleman-se-mantiene-pese-a-que-la-economia-se-debilita\\\/#organizationLogo\"},\"sameAs\":[\"https:\\\/\\\/facebook.com\\\/eldigitaldeasturias\",\"https:\\\/\\\/www.youtube.com\\\/channel\\\/UCZP-2wLEB9Rv6erhFmqVnvg\"],\"address\":{\"@id\":\"https:\\\/\\\/www.eldigitaldeasturias.com\\\/noticias\\\/#postaladdress\",\"@type\":\"PostalAddress\",\"streetAddress\":\"san antonio 4,\",\"postalCode\":\"33430\",\"addressLocality\":\"Cand\\u00e1s\",\"addressRegion\":\"Asturias\",\"addressCountry\":\"ES\"}},{\"@type\":\"Person\",\"@id\":\"https:\\\/\\\/www.eldigitaldeasturias.com\\\/noticias\\\/author\\\/admin\\\/#author\",\"url\":\"https:\\\/\\\/www.eldigitaldeasturias.com\\\/noticias\\\/author\\\/admin\\\/\",\"name\":\"El Digital de Asturias\",\"image\":{\"@type\":\"ImageObject\",\"@id\":\"https:\\\/\\\/www.eldigitaldeasturias.com\\\/noticias\\\/el-clima-de-consumo-aleman-se-mantiene-pese-a-que-la-economia-se-debilita\\\/#authorImage\",\"url\":\"https:\\\/\\\/www.eldigitaldeasturias.com\\\/noticias\\\/wp-content\\\/litespeed\\\/avatar\\\/18677e78aa0546b92d9dbf31ec7d7668.jpg?ver=1777290358\",\"width\":96,\"height\":96,\"caption\":\"El Digital de Asturias\"}},{\"@type\":\"WebPage\",\"@id\":\"https:\\\/\\\/www.eldigitaldeasturias.com\\\/noticias\\\/el-clima-de-consumo-aleman-se-mantiene-pese-a-que-la-economia-se-debilita\\\/#webpage\",\"url\":\"https:\\\/\\\/www.eldigitaldeasturias.com\\\/noticias\\\/el-clima-de-consumo-aleman-se-mantiene-pese-a-que-la-economia-se-debilita\\\/\",\"name\":\"El clima de consumo alem\\u00e1n se mantiene pese a que la econom\\u00eda se debilita - El Digital de Asturias\",\"description\":\"N\\u00faremberg (Alemania), 26 feb (dpa) - La econom\\u00eda a la baja no afecta el \\u00e1nimo de los consumidores alemanes, seg\\u00fan un nuevo estudio difundido hoy. \\\"Mientras las expectactivas de los consumidores sobre la coyuntura alemana se siguen debilitando, sus expectativas sobre los ingresos se mantienen en un nivel alto\\\", inform\\u00f3 la empresa de investigaci\\u00f3n de\",\"inLanguage\":\"es-ES\",\"isPartOf\":{\"@id\":\"https:\\\/\\\/www.eldigitaldeasturias.com\\\/noticias\\\/#website\"},\"breadcrumb\":{\"@id\":\"https:\\\/\\\/www.eldigitaldeasturias.com\\\/noticias\\\/el-clima-de-consumo-aleman-se-mantiene-pese-a-que-la-economia-se-debilita\\\/#breadcrumblist\"},\"author\":{\"@id\":\"https:\\\/\\\/www.eldigitaldeasturias.com\\\/noticias\\\/author\\\/admin\\\/#author\"},\"creator\":{\"@id\":\"https:\\\/\\\/www.eldigitaldeasturias.com\\\/noticias\\\/author\\\/admin\\\/#author\"},\"image\":{\"@type\":\"ImageObject\",\"url\":\"https:\\\/\\\/www.eldigitaldeasturias.com\\\/noticias\\\/wp-content\\\/uploads\\\/2019\\\/02\\\/COMPRAS-ALEMANIA.jpg\",\"@id\":\"https:\\\/\\\/www.eldigitaldeasturias.com\\\/noticias\\\/el-clima-de-consumo-aleman-se-mantiene-pese-a-que-la-economia-se-debilita\\\/#mainImage\",\"width\":1095,\"height\":660},\"primaryImageOfPage\":{\"@id\":\"https:\\\/\\\/www.eldigitaldeasturias.com\\\/noticias\\\/el-clima-de-consumo-aleman-se-mantiene-pese-a-que-la-economia-se-debilita\\\/#mainImage\"},\"datePublished\":\"2019-02-26T22:10:57+01:00\",\"dateModified\":\"2019-02-26T22:10:57+01:00\"},{\"@type\":\"WebSite\",\"@id\":\"https:\\\/\\\/www.eldigitaldeasturias.com\\\/noticias\\\/#website\",\"url\":\"https:\\\/\\\/www.eldigitaldeasturias.com\\\/noticias\\\/\",\"name\":\"El Digital de Asturias - Diario de actualidad y noticias\",\"alternateName\":\"El Digital de Asturias - Diario de actualidad y noticias\",\"description\":\"Hemeroteca\",\"inLanguage\":\"es-ES\",\"publisher\":{\"@id\":\"https:\\\/\\\/www.eldigitaldeasturias.com\\\/noticias\\\/#organization\"}}]}\n\t\t<\/script>\n\t\t<!-- All in One SEO Pro -->\r\n\t\t<title>El clima de consumo alem\u00e1n se mantiene pese a que la econom\u00eda se debilita - El Digital de Asturias<\/title>\n\n","aioseo_head_json":{"title":"El clima de consumo alem\u00e1n se mantiene pese a que la econom\u00eda se debilita - El Digital de Asturias","description":"N\u00faremberg (Alemania), 26 feb (dpa) - La econom\u00eda a la baja no afecta el \u00e1nimo de los consumidores alemanes, seg\u00fan un nuevo estudio difundido hoy. \"Mientras las expectactivas de los consumidores sobre la coyuntura alemana se siguen debilitando, sus expectativas sobre los ingresos se mantienen en un nivel alto\", inform\u00f3 la empresa de investigaci\u00f3n de","canonical_url":"https:\/\/www.eldigitaldeasturias.com\/noticias\/el-clima-de-consumo-aleman-se-mantiene-pese-a-que-la-economia-se-debilita\/","robots":"max-image-preview:large","keywords":"econom\u00eda","webmasterTools":{"google-site-verification":"UA-38556648-1","msvalidate.01":"7dfe9f3f1b24437ab69f4f2559babe99","miscellaneous":""},"schema":{"@context":"https:\/\/schema.org","@graph":[{"@type":"BlogPosting","@id":"https:\/\/www.eldigitaldeasturias.com\/noticias\/el-clima-de-consumo-aleman-se-mantiene-pese-a-que-la-economia-se-debilita\/#blogposting","name":"El clima de consumo alem\u00e1n se mantiene pese a que la econom\u00eda se debilita - El Digital de Asturias","headline":"El clima de consumo alem\u00e1n se mantiene pese a que la econom\u00eda se debilita","author":{"@id":"https:\/\/www.eldigitaldeasturias.com\/noticias\/author\/admin\/#author"},"publisher":{"@id":"https:\/\/www.eldigitaldeasturias.com\/noticias\/#organization"},"image":{"@type":"ImageObject","url":"https:\/\/www.eldigitaldeasturias.com\/noticias\/wp-content\/uploads\/2019\/02\/COMPRAS-ALEMANIA.jpg","width":1095,"height":660},"datePublished":"2019-02-26T22:10:57+01:00","dateModified":"2019-02-26T22:10:57+01:00","inLanguage":"es-ES","mainEntityOfPage":{"@id":"https:\/\/www.eldigitaldeasturias.com\/noticias\/el-clima-de-consumo-aleman-se-mantiene-pese-a-que-la-economia-se-debilita\/#webpage"},"isPartOf":{"@id":"https:\/\/www.eldigitaldeasturias.com\/noticias\/el-clima-de-consumo-aleman-se-mantiene-pese-a-que-la-economia-se-debilita\/#webpage"},"articleSection":"Econom\u00eda"},{"@type":"BreadcrumbList","@id":"https:\/\/www.eldigitaldeasturias.com\/noticias\/el-clima-de-consumo-aleman-se-mantiene-pese-a-que-la-economia-se-debilita\/#breadcrumblist","itemListElement":[{"@type":"ListItem","@id":"https:\/\/www.eldigitaldeasturias.com\/noticias#listItem","position":1,"name":"Home","item":"https:\/\/www.eldigitaldeasturias.com\/noticias","nextItem":{"@type":"ListItem","@id":"https:\/\/www.eldigitaldeasturias.com\/noticias\/category\/economia\/#listItem","name":"Econom\u00eda"}},{"@type":"ListItem","@id":"https:\/\/www.eldigitaldeasturias.com\/noticias\/category\/economia\/#listItem","position":2,"name":"Econom\u00eda","item":"https:\/\/www.eldigitaldeasturias.com\/noticias\/category\/economia\/","nextItem":{"@type":"ListItem","@id":"https:\/\/www.eldigitaldeasturias.com\/noticias\/el-clima-de-consumo-aleman-se-mantiene-pese-a-que-la-economia-se-debilita\/#listItem","name":"El clima de consumo alem\u00e1n se mantiene pese a que la econom\u00eda se debilita"},"previousItem":{"@type":"ListItem","@id":"https:\/\/www.eldigitaldeasturias.com\/noticias#listItem","name":"Home"}},{"@type":"ListItem","@id":"https:\/\/www.eldigitaldeasturias.com\/noticias\/el-clima-de-consumo-aleman-se-mantiene-pese-a-que-la-economia-se-debilita\/#listItem","position":3,"name":"El clima de consumo alem\u00e1n se mantiene pese a que la econom\u00eda se debilita","previousItem":{"@type":"ListItem","@id":"https:\/\/www.eldigitaldeasturias.com\/noticias\/category\/economia\/#listItem","name":"Econom\u00eda"}}]},{"@type":"Organization","@id":"https:\/\/www.eldigitaldeasturias.com\/noticias\/#organization","name":"El Digital de Asturias","description":"Hemeroteca","url":"https:\/\/www.eldigitaldeasturias.com\/noticias\/","email":"info@eldigitaldeasturias.com","telephone":"+34652131393","logo":{"@type":"ImageObject","url":"https:\/\/www.eldigitaldeasturias.com\/noticias\/wp-content\/uploads\/2020\/12\/EDA.jpg","@id":"https:\/\/www.eldigitaldeasturias.com\/noticias\/el-clima-de-consumo-aleman-se-mantiene-pese-a-que-la-economia-se-debilita\/#organizationLogo","width":649,"height":297},"image":{"@id":"https:\/\/www.eldigitaldeasturias.com\/noticias\/el-clima-de-consumo-aleman-se-mantiene-pese-a-que-la-economia-se-debilita\/#organizationLogo"},"sameAs":["https:\/\/facebook.com\/eldigitaldeasturias","https:\/\/www.youtube.com\/channel\/UCZP-2wLEB9Rv6erhFmqVnvg"],"address":{"@id":"https:\/\/www.eldigitaldeasturias.com\/noticias\/#postaladdress","@type":"PostalAddress","streetAddress":"san antonio 4,","postalCode":"33430","addressLocality":"Cand\u00e1s","addressRegion":"Asturias","addressCountry":"ES"}},{"@type":"Person","@id":"https:\/\/www.eldigitaldeasturias.com\/noticias\/author\/admin\/#author","url":"https:\/\/www.eldigitaldeasturias.com\/noticias\/author\/admin\/","name":"El Digital de Asturias","image":{"@type":"ImageObject","@id":"https:\/\/www.eldigitaldeasturias.com\/noticias\/el-clima-de-consumo-aleman-se-mantiene-pese-a-que-la-economia-se-debilita\/#authorImage","url":"https:\/\/www.eldigitaldeasturias.com\/noticias\/wp-content\/litespeed\/avatar\/18677e78aa0546b92d9dbf31ec7d7668.jpg?ver=1777290358","width":96,"height":96,"caption":"El Digital de Asturias"}},{"@type":"WebPage","@id":"https:\/\/www.eldigitaldeasturias.com\/noticias\/el-clima-de-consumo-aleman-se-mantiene-pese-a-que-la-economia-se-debilita\/#webpage","url":"https:\/\/www.eldigitaldeasturias.com\/noticias\/el-clima-de-consumo-aleman-se-mantiene-pese-a-que-la-economia-se-debilita\/","name":"El clima de consumo alem\u00e1n se mantiene pese a que la econom\u00eda se debilita - El Digital de Asturias","description":"N\u00faremberg (Alemania), 26 feb (dpa) - La econom\u00eda a la baja no afecta el \u00e1nimo de los consumidores alemanes, seg\u00fan un nuevo estudio difundido hoy. \"Mientras las expectactivas de los consumidores sobre la coyuntura alemana se siguen debilitando, sus expectativas sobre los ingresos se mantienen en un nivel alto\", inform\u00f3 la empresa de investigaci\u00f3n de","inLanguage":"es-ES","isPartOf":{"@id":"https:\/\/www.eldigitaldeasturias.com\/noticias\/#website"},"breadcrumb":{"@id":"https:\/\/www.eldigitaldeasturias.com\/noticias\/el-clima-de-consumo-aleman-se-mantiene-pese-a-que-la-economia-se-debilita\/#breadcrumblist"},"author":{"@id":"https:\/\/www.eldigitaldeasturias.com\/noticias\/author\/admin\/#author"},"creator":{"@id":"https:\/\/www.eldigitaldeasturias.com\/noticias\/author\/admin\/#author"},"image":{"@type":"ImageObject","url":"https:\/\/www.eldigitaldeasturias.com\/noticias\/wp-content\/uploads\/2019\/02\/COMPRAS-ALEMANIA.jpg","@id":"https:\/\/www.eldigitaldeasturias.com\/noticias\/el-clima-de-consumo-aleman-se-mantiene-pese-a-que-la-economia-se-debilita\/#mainImage","width":1095,"height":660},"primaryImageOfPage":{"@id":"https:\/\/www.eldigitaldeasturias.com\/noticias\/el-clima-de-consumo-aleman-se-mantiene-pese-a-que-la-economia-se-debilita\/#mainImage"},"datePublished":"2019-02-26T22:10:57+01:00","dateModified":"2019-02-26T22:10:57+01:00"},{"@type":"WebSite","@id":"https:\/\/www.eldigitaldeasturias.com\/noticias\/#website","url":"https:\/\/www.eldigitaldeasturias.com\/noticias\/","name":"El Digital de Asturias - Diario de actualidad y noticias","alternateName":"El Digital de Asturias - Diario de actualidad y noticias","description":"Hemeroteca","inLanguage":"es-ES","publisher":{"@id":"https:\/\/www.eldigitaldeasturias.com\/noticias\/#organization"}}]},"og:locale":"es_ES","og:site_name":"El Digital de Asturias","og:type":"article","og:title":"El clima de consumo alem\u00e1n se mantiene pese a que la econom\u00eda se debilita - El Digital de Asturias","og:description":"N\u00faremberg (Alemania), 26 feb (dpa) - La econom\u00eda a la baja no afecta el \u00e1nimo de los consumidores alemanes, seg\u00fan un nuevo estudio difundido hoy. &quot;Mientras las expectactivas de los consumidores sobre la coyuntura alemana se siguen debilitando, sus expectativas sobre los ingresos se mantienen en un nivel alto&quot;, inform\u00f3 la empresa de investigaci\u00f3n de","og:url":"https:\/\/www.eldigitaldeasturias.com\/noticias\/el-clima-de-consumo-aleman-se-mantiene-pese-a-que-la-economia-se-debilita\/","og:image":"https:\/\/www.eldigitaldeasturias.com\/noticias\/wp-content\/uploads\/2019\/02\/COMPRAS-ALEMANIA.jpg","og:image:secure_url":"https:\/\/www.eldigitaldeasturias.com\/noticias\/wp-content\/uploads\/2019\/02\/COMPRAS-ALEMANIA.jpg","og:image:width":1095,"og:image:height":660,"article:tag":["econom\u00eda"],"article:published_time":"2019-02-26T22:10:57+00:00","article:modified_time":"2019-02-26T22:10:57+00:00","article:publisher":"https:\/\/facebook.com\/eldigitaldeasturias","twitter:card":"summary_large_image","twitter:title":"El clima de consumo alem\u00e1n se mantiene pese a que la econom\u00eda se debilita - El Digital de Asturias","twitter:description":"N\u00faremberg (Alemania), 26 feb (dpa) - La econom\u00eda a la baja no afecta el \u00e1nimo de los consumidores alemanes, seg\u00fan un nuevo estudio difundido hoy. &quot;Mientras las expectactivas de los consumidores sobre la coyuntura alemana se siguen debilitando, sus expectativas sobre los ingresos se mantienen en un nivel alto&quot;, inform\u00f3 la empresa de investigaci\u00f3n de","twitter:image":"https:\/\/www.eldigitaldeasturias.com\/noticias\/wp-content\/uploads\/2019\/02\/COMPRAS-ALEMANIA.jpg","twitter:label1":"Escrito por","twitter:data1":"El Digital de Asturias","twitter:label2":"Tiempo de lectura estimado","twitter:data2":"1 minuto"},"aioseo_meta_data":{"post_id":"1018486","title":null,"description":null,"keywords":null,"keyphrases":null,"primary_term":null,"canonical_url":null,"og_title":null,"og_description":null,"og_object_type":"default","og_image_type":"default","og_image_url":null,"og_image_width":null,"og_image_height":null,"og_image_custom_url":null,"og_image_custom_fields":null,"og_video":null,"og_custom_url":null,"og_article_section":null,"og_article_tags":null,"twitter_use_og":false,"twitter_card":"default","twitter_image_type":"default","twitter_image_url":null,"twitter_image_custom_url":null,"twitter_image_custom_fields":null,"twitter_title":null,"twitter_description":null,"schema":{"blockGraphs":[],"customGraphs":[],"default":{"data":{"Article":[],"Course":[],"Dataset":[],"FAQPage":[],"Movie":[],"Person":[],"Product":[],"ProductReview":[],"Car":[],"Recipe":[],"Service":[],"SoftwareApplication":[],"WebPage":[]},"graphName":"","isEnabled":true},"graphs":[],"defaultGraph":"","defaultPostTypeGraph":""},"schema_type":null,"schema_type_options":null,"pillar_content":false,"robots_default":true,"robots_noindex":false,"robots_noarchive":false,"robots_nosnippet":false,"robots_nofollow":false,"robots_noimageindex":false,"robots_noodp":false,"robots_notranslate":false,"robots_max_snippet":null,"robots_max_videopreview":null,"robots_max_imagepreview":"large","priority":null,"frequency":null,"local_seo":null,"seo_analyzer_scan_date":"2025-10-16 13:49:11","breadcrumb_settings":null,"limit_modified_date":false,"open_ai":null,"ai":null,"created":"2020-12-21 11:18:18","updated":"2025-10-16 13:49:11"},"aioseo_breadcrumb":"<div class=\"aioseo-breadcrumbs\"><span class=\"aioseo-breadcrumb\">\n\t<a href=\"https:\/\/www.eldigitaldeasturias.com\/noticias\" title=\"Home\">Home<\/a>\n<\/span><span class=\"aioseo-breadcrumb-separator\">\u2013<\/span><span class=\"aioseo-breadcrumb\">\n\t<a href=\"https:\/\/www.eldigitaldeasturias.com\/noticias\/category\/economia\/\" title=\"Econom\u00eda\">Econom\u00eda<\/a>\n<\/span><span class=\"aioseo-breadcrumb-separator\">\u2013<\/span><span class=\"aioseo-breadcrumb\">\n\t<a href=\"https:\/\/www.eldigitaldeasturias.com\/noticias\/el-clima-de-consumo-aleman-se-mantiene-pese-a-que-la-economia-se-debilita\/\" title=\"El clima de consumo alem\u00e1n se mantiene pese a que la econom\u00eda se debilita\">El clima de consumo alem\u00e1n se mantiene pese a que la econom\u00eda se debilita<\/a>\n<\/span><\/div>","aioseo_breadcrumb_json":[{"label":"Home","link":"https:\/\/www.eldigitaldeasturias.com\/noticias"},{"label":"Econom\u00eda","link":"https:\/\/www.eldigitaldeasturias.com\/noticias\/category\/economia\/"},{"label":"El clima de consumo alem\u00e1n se mantiene pese a que la econom\u00eda se debilita","link":"https:\/\/www.eldigitaldeasturias.com\/noticias\/el-clima-de-consumo-aleman-se-mantiene-pese-a-que-la-economia-se-debilita\/"}],"_links":{"self":[{"href":"https:\/\/www.eldigitaldeasturias.com\/noticias\/wp-json\/wp\/v2\/posts\/1018486","targetHints":{"allow":["GET"]}}],"collection":[{"href":"https:\/\/www.eldigitaldeasturias.com\/noticias\/wp-json\/wp\/v2\/posts"}],"about":[{"href":"https:\/\/www.eldigitaldeasturias.com\/noticias\/wp-json\/wp\/v2\/types\/post"}],"author":[{"embeddable":true,"href":"https:\/\/www.eldigitaldeasturias.com\/noticias\/wp-json\/wp\/v2\/users\/1"}],"replies":[{"embeddable":true,"href":"https:\/\/www.eldigitaldeasturias.com\/noticias\/wp-json\/wp\/v2\/comments?post=1018486"}],"version-history":[{"count":0,"href":"https:\/\/www.eldigitaldeasturias.com\/noticias\/wp-json\/wp\/v2\/posts\/1018486\/revisions"}],"wp:featuredmedia":[{"embeddable":true,"href":"https:\/\/www.eldigitaldeasturias.com\/noticias\/wp-json\/wp\/v2\/media\/1018487"}],"wp:attachment":[{"href":"https:\/\/www.eldigitaldeasturias.com\/noticias\/wp-json\/wp\/v2\/media?parent=1018486"}],"wp:term":[{"taxonomy":"category","embeddable":true,"href":"https:\/\/www.eldigitaldeasturias.com\/noticias\/wp-json\/wp\/v2\/categories?post=1018486"},{"taxonomy":"post_tag","embeddable":true,"href":"https:\/\/www.eldigitaldeasturias.com\/noticias\/wp-json\/wp\/v2\/tags?post=1018486"}],"curies":[{"name":"wp","href":"https:\/\/api.w.org\/{rel}","templated":true}]}}