{"id":1018410,"date":"2019-02-26T14:26:15","date_gmt":"2019-02-26T14:26:15","guid":{"rendered":"https:\/\/www.eldigitaldeasturias.com\/noticias\/?p=1018410"},"modified":"2019-02-26T14:26:15","modified_gmt":"2019-02-26T14:26:15","slug":"abalos-reafirma-el-compromiso-del-gobierno-con-la-agenda-2030","status":"publish","type":"post","link":"https:\/\/www.eldigitaldeasturias.com\/noticias\/abalos-reafirma-el-compromiso-del-gobierno-con-la-agenda-2030\/","title":{"rendered":"\u00c1balos reafirma el compromiso del Gobierno con la Agenda 2030"},"content":{"rendered":"<p><img loading=\"lazy\" decoding=\"async\" class=\"alignleft size-medium wp-image-1018411\" src=\"https:\/\/www.eldigitaldeasturias.com\/noticias\/wp-content\/uploads\/2019\/02\/260219-Abalos2-360x239.jpg\" alt=\"\" width=\"360\" height=\"239\" srcset=\"https:\/\/www.eldigitaldeasturias.com\/noticias\/wp-content\/uploads\/2019\/02\/260219-Abalos2-360x239.jpg 360w, https:\/\/www.eldigitaldeasturias.com\/noticias\/wp-content\/uploads\/2019\/02\/260219-Abalos2.jpg 512w\" sizes=\"auto, (max-width: 360px) 100vw, 360px\" \/>El ministro de Fomento, Jos\u00e9 Luis \u00c1balos, ha reafirmado en el acto inaugural de la Jornada \u00abONU H\u00e1bitat: Localizando los Objetivos de Desarrollo Sostenible\u00bb, celebrado en Sevilla, el compromiso del Gobierno con la Agenda 2030 y los Objetivos de Desarrollo Sostenible.<\/p>\n<p>\u00abPara el Gobierno de Espa\u00f1a, la Agenda 2030 es una gu\u00eda y una hoja de ruta en todos los \u00e1mbitos de nuestra acci\u00f3n pol\u00edtica\u00bb, expres\u00f3 el ministro. Por eso, \u00abal mes de entrar en el Gobierno nombramos a la Alta Comisionada para la Agenda 2030 y aprobamos el Plan de acci\u00f3n para la implementaci\u00f3n de los objetivos y compromisos asumidos\u00bb, a\u00f1adi\u00f3 \u00c1balos, para quien nuestro pa\u00eds \u00abest\u00e1 haciendo los deberes\u00bb al aprobar, en solo nueve meses, \u00abm\u00e1s de 110 medidas relacionadas con los Objetivos de Desarrollo Sostenible\u00bb.<\/p>\n<p>\u00abEste conjunto de medidas constituye nuestro contrato social global con la ciudadan\u00eda espa\u00f1ola y tambi\u00e9n con el futuro de nuestro pa\u00eds y con el futuro del planeta\u00bb, se\u00f1al\u00f3 el responsable del Departamento, que indic\u00f3 que \u00abno atacar problemas tan graves como la desigualdad social, la falta de oportunidades o la desesperanza de los que m\u00e1s han perdido con la crisis puede tener consecuencias funestas para la pervivencia de la propia democracia\u00bb.<\/p>\n<p>\u00abComo el desarrollo de la Agenda 2030 es para nosotros una Pol\u00edtica de Estado, consideramos que debemos dotar a esta iniciativa de un consenso pol\u00edtico que asegure su cumplimiento sin importar el color del gobierno\u00bb, se\u00f1al\u00f3 \u00c1balos, que a continuaci\u00f3n expres\u00f3 que \u00abla lucha contra la pobreza extrema y la desigualdad, los efectos del cambio clim\u00e1tico, el acceso a los recursos naturales y a una vivienda digna, as\u00ed como la igualdad de g\u00e9nero, son aspiraciones irrenunciables\u00bb.<\/p>\n<p>El acto que ha abierto hoy \u00c1balos ha sido organizado por el Gobierno de Espa\u00f1a y Naciones Unidas, como un gran evento internacional de alto nivel sobre la localizaci\u00f3n de la Agenda 2030 y que cuenta con el coauspicio de los Gobiernos de Ecuador y Cabo Verde. El objetivo es el de asegurar, tanto en el \u00e1mbito municipal como en el regional, el cumplimiento de los Objetivos de Desarrollo Sostenible (ODS) y poner la Agenda 2030 en el centro de las pol\u00edticas de los gobiernos locales y regionales.<\/p>\n<p>En el caso de Sevilla, es una ciudad que ofrece un ejemplo de compromiso con los ODS por su sostenibilidad en el transporte, por su adhesi\u00f3n al Pacto de Alcaldes y por el Plan Estrat\u00e9gico Sevilla 2030 o la Declaraci\u00f3n de Sevilla por la econom\u00eda circular.<\/p>\n<p>El ministro record\u00f3 en su intervenci\u00f3n que el Gobierno present\u00f3 el pasado viernes, a trav\u00e9s del Ministerio de Fomento, \u00abla Agenda Urbana Espa\u00f1ola\u00bb, cumpliendo con el mandato internacional generado a partir de la Declaraci\u00f3n de Quito, el Pacto de \u00c1msterdam y la Cumbre del Clima de Par\u00eds.<\/p>\n<p>Para \u00c1balos, \u00abla Agenda Urbana y sus pol\u00edticas palanca de la Agenda 2030 ser\u00e1 un instrumento crucial para que el desarrollo urbano ayude a mejorar la vida de las personas\u00bb. Al respecto, afirm\u00f3 que \u00abdebemos comenzar a medir la riqueza de las ciudades no solo por su actividad econ\u00f3mica, sino tambi\u00e9n por su capacidad para generar calidad de vida y reducir las desigualdades\u00bb.<\/p>\n<p>\u00abEl Ministerio que me toca gestionar tiene un alto impacto en el desarrollo de la vida urbana, podr\u00edamos decir que es el Ministerio de la Ciudad. Sobre todo, en el \u00e1mbito de la correcci\u00f3n de desigualdades\u00bb, se\u00f1al\u00f3 el ministro.<\/p>\n<p>El Ministerio de Fomento no es s\u00f3lo un departamento que construya y aporte valor a la econom\u00eda a trav\u00e9s de la inversi\u00f3n. Tambi\u00e9n queremos que sea un ministerio promotor y prestador de derechos; derechos de nueva generaci\u00f3n, cierto, pero que la sociedad exige porque tiene sentimientos de derecho\u00bb, recalc\u00f3 \u00c1balos.<\/p>\n<p>De ah\u00ed que recordara su constante \u00abreivindicaci\u00f3n en torno al derecho a la movilidad sostenible y segura y tambi\u00e9n el derecho a una vivienda digna que contribuya tambi\u00e9n a una urbanizaci\u00f3n m\u00e1s acorde con el siglo XXI\u00bb.<\/p>\n","protected":false},"excerpt":{"rendered":"<p>El ministro de Fomento, Jos\u00e9 Luis \u00c1balos, ha reafirmado en el acto inaugural de la Jornada \u00abONU H\u00e1bitat: Localizando los Objetivos de Desarrollo Sostenible\u00bb, celebrado en Sevilla, el compromiso del Gobierno con la Agenda 2030 y los Objetivos de Desarrollo Sostenible. \u00abPara el Gobierno de Espa\u00f1a, la Agenda 2030 es una gu\u00eda y una hoja [&hellip;]<\/p>\n","protected":false},"author":1,"featured_media":1018411,"comment_status":"closed","ping_status":"closed","sticky":false,"template":"","format":"standard","meta":{"footnotes":""},"categories":[141,187],"tags":[],"class_list":["post-1018410","post","type-post","status-publish","format-standard","has-post-thumbnail","hentry","category-destacadas","category-economia"],"aioseo_notices":[],"aioseo_head":"\n\t\t<!-- All in One SEO Pro 4.9.6.2 - aioseo.com -->\n\t<meta name=\"description\" content=\"El ministro de Fomento, Jos\u00e9 Luis \u00c1balos, ha reafirmado en el acto inaugural de la Jornada &quot;ONU H\u00e1bitat: Localizando los Objetivos de Desarrollo Sostenible&quot;, celebrado en Sevilla, el compromiso del Gobierno con la Agenda 2030 y los Objetivos de Desarrollo Sostenible. &quot;Para el Gobierno de Espa\u00f1a, la Agenda 2030 es una gu\u00eda y una hoja\" \/>\n\t<meta name=\"robots\" content=\"max-image-preview:large\" \/>\n\t<meta name=\"author\" content=\"El Digital de Asturias\"\/>\n\t<meta name=\"google-site-verification\" content=\"UA-38556648-1\" \/>\n\t<meta name=\"msvalidate.01\" content=\"7dfe9f3f1b24437ab69f4f2559babe99\" \/>\n\t<meta name=\"keywords\" content=\"destacadas,econom\u00eda\" \/>\n\t<link rel=\"canonical\" href=\"https:\/\/www.eldigitaldeasturias.com\/noticias\/abalos-reafirma-el-compromiso-del-gobierno-con-la-agenda-2030\/\" \/>\n\t<meta name=\"generator\" content=\"All in One SEO Pro (AIOSEO) 4.9.6.2\" \/>\n\t\t<meta property=\"og:locale\" content=\"es_ES\" \/>\n\t\t<meta property=\"og:site_name\" content=\"El Digital de Asturias\" \/>\n\t\t<meta property=\"og:type\" content=\"article\" \/>\n\t\t<meta property=\"og:title\" content=\"\u00c1balos reafirma el compromiso del Gobierno con la Agenda 2030 - El Digital de Asturias\" \/>\n\t\t<meta property=\"og:description\" content=\"El ministro de Fomento, Jos\u00e9 Luis \u00c1balos, ha reafirmado en el acto inaugural de la Jornada &quot;ONU H\u00e1bitat: Localizando los Objetivos de Desarrollo Sostenible&quot;, celebrado en Sevilla, el compromiso del Gobierno con la Agenda 2030 y los Objetivos de Desarrollo Sostenible. &quot;Para el Gobierno de Espa\u00f1a, la Agenda 2030 es una gu\u00eda y una hoja\" \/>\n\t\t<meta property=\"og:url\" content=\"https:\/\/www.eldigitaldeasturias.com\/noticias\/abalos-reafirma-el-compromiso-del-gobierno-con-la-agenda-2030\/\" \/>\n\t\t<meta property=\"og:image\" content=\"https:\/\/www.eldigitaldeasturias.com\/noticias\/wp-content\/uploads\/2019\/02\/260219-Abalos2.jpg\" \/>\n\t\t<meta property=\"og:image:secure_url\" content=\"https:\/\/www.eldigitaldeasturias.com\/noticias\/wp-content\/uploads\/2019\/02\/260219-Abalos2.jpg\" \/>\n\t\t<meta property=\"og:image:width\" content=\"512\" \/>\n\t\t<meta property=\"og:image:height\" content=\"340\" \/>\n\t\t<meta property=\"article:tag\" content=\"destacadas\" \/>\n\t\t<meta property=\"article:tag\" content=\"econom\u00eda\" \/>\n\t\t<meta property=\"article:published_time\" content=\"2019-02-26T14:26:15+00:00\" \/>\n\t\t<meta property=\"article:modified_time\" content=\"2019-02-26T14:26:15+00:00\" \/>\n\t\t<meta property=\"article:publisher\" content=\"https:\/\/facebook.com\/eldigitaldeasturias\" \/>\n\t\t<meta name=\"twitter:card\" content=\"summary_large_image\" \/>\n\t\t<meta name=\"twitter:title\" content=\"\u00c1balos reafirma el compromiso del Gobierno con la Agenda 2030 - El Digital de Asturias\" \/>\n\t\t<meta name=\"twitter:description\" content=\"El ministro de Fomento, Jos\u00e9 Luis \u00c1balos, ha reafirmado en el acto inaugural de la Jornada &quot;ONU H\u00e1bitat: Localizando los Objetivos de Desarrollo Sostenible&quot;, celebrado en Sevilla, el compromiso del Gobierno con la Agenda 2030 y los Objetivos de Desarrollo Sostenible. &quot;Para el Gobierno de Espa\u00f1a, la Agenda 2030 es una gu\u00eda y una hoja\" \/>\n\t\t<meta name=\"twitter:image\" content=\"https:\/\/www.eldigitaldeasturias.com\/noticias\/wp-content\/uploads\/2019\/02\/260219-Abalos2.jpg\" \/>\n\t\t<meta name=\"twitter:label1\" content=\"Escrito por\" \/>\n\t\t<meta name=\"twitter:data1\" content=\"El Digital de Asturias\" \/>\n\t\t<meta name=\"twitter:label2\" content=\"Tiempo de lectura estimado\" \/>\n\t\t<meta name=\"twitter:data2\" content=\"3 minutos\" \/>\n\t\t<script type=\"application\/ld+json\" class=\"aioseo-schema\">\n\t\t\t{\"@context\":\"https:\\\/\\\/schema.org\",\"@graph\":[{\"@type\":\"BlogPosting\",\"@id\":\"https:\\\/\\\/www.eldigitaldeasturias.com\\\/noticias\\\/abalos-reafirma-el-compromiso-del-gobierno-con-la-agenda-2030\\\/#blogposting\",\"name\":\"\\u00c1balos reafirma el compromiso del Gobierno con la Agenda 2030 - El Digital de Asturias\",\"headline\":\"\\u00c1balos reafirma el compromiso del Gobierno con la Agenda 2030\",\"author\":{\"@id\":\"https:\\\/\\\/www.eldigitaldeasturias.com\\\/noticias\\\/author\\\/admin\\\/#author\"},\"publisher\":{\"@id\":\"https:\\\/\\\/www.eldigitaldeasturias.com\\\/noticias\\\/#organization\"},\"image\":{\"@type\":\"ImageObject\",\"url\":\"https:\\\/\\\/www.eldigitaldeasturias.com\\\/noticias\\\/wp-content\\\/uploads\\\/2019\\\/02\\\/260219-Abalos2.jpg\",\"width\":512,\"height\":340},\"datePublished\":\"2019-02-26T14:26:15+01:00\",\"dateModified\":\"2019-02-26T14:26:15+01:00\",\"inLanguage\":\"es-ES\",\"mainEntityOfPage\":{\"@id\":\"https:\\\/\\\/www.eldigitaldeasturias.com\\\/noticias\\\/abalos-reafirma-el-compromiso-del-gobierno-con-la-agenda-2030\\\/#webpage\"},\"isPartOf\":{\"@id\":\"https:\\\/\\\/www.eldigitaldeasturias.com\\\/noticias\\\/abalos-reafirma-el-compromiso-del-gobierno-con-la-agenda-2030\\\/#webpage\"},\"articleSection\":\"Destacadas, Econom\\u00eda\"},{\"@type\":\"BreadcrumbList\",\"@id\":\"https:\\\/\\\/www.eldigitaldeasturias.com\\\/noticias\\\/abalos-reafirma-el-compromiso-del-gobierno-con-la-agenda-2030\\\/#breadcrumblist\",\"itemListElement\":[{\"@type\":\"ListItem\",\"@id\":\"https:\\\/\\\/www.eldigitaldeasturias.com\\\/noticias#listItem\",\"position\":1,\"name\":\"Home\",\"item\":\"https:\\\/\\\/www.eldigitaldeasturias.com\\\/noticias\",\"nextItem\":{\"@type\":\"ListItem\",\"@id\":\"https:\\\/\\\/www.eldigitaldeasturias.com\\\/noticias\\\/category\\\/destacadas\\\/#listItem\",\"name\":\"Destacadas\"}},{\"@type\":\"ListItem\",\"@id\":\"https:\\\/\\\/www.eldigitaldeasturias.com\\\/noticias\\\/category\\\/destacadas\\\/#listItem\",\"position\":2,\"name\":\"Destacadas\",\"item\":\"https:\\\/\\\/www.eldigitaldeasturias.com\\\/noticias\\\/category\\\/destacadas\\\/\",\"nextItem\":{\"@type\":\"ListItem\",\"@id\":\"https:\\\/\\\/www.eldigitaldeasturias.com\\\/noticias\\\/abalos-reafirma-el-compromiso-del-gobierno-con-la-agenda-2030\\\/#listItem\",\"name\":\"\\u00c1balos reafirma el compromiso del Gobierno con la Agenda 2030\"},\"previousItem\":{\"@type\":\"ListItem\",\"@id\":\"https:\\\/\\\/www.eldigitaldeasturias.com\\\/noticias#listItem\",\"name\":\"Home\"}},{\"@type\":\"ListItem\",\"@id\":\"https:\\\/\\\/www.eldigitaldeasturias.com\\\/noticias\\\/abalos-reafirma-el-compromiso-del-gobierno-con-la-agenda-2030\\\/#listItem\",\"position\":3,\"name\":\"\\u00c1balos reafirma el compromiso del Gobierno con la Agenda 2030\",\"previousItem\":{\"@type\":\"ListItem\",\"@id\":\"https:\\\/\\\/www.eldigitaldeasturias.com\\\/noticias\\\/category\\\/destacadas\\\/#listItem\",\"name\":\"Destacadas\"}}]},{\"@type\":\"Organization\",\"@id\":\"https:\\\/\\\/www.eldigitaldeasturias.com\\\/noticias\\\/#organization\",\"name\":\"El Digital de Asturias\",\"description\":\"Hemeroteca\",\"url\":\"https:\\\/\\\/www.eldigitaldeasturias.com\\\/noticias\\\/\",\"email\":\"info@eldigitaldeasturias.com\",\"telephone\":\"+34652131393\",\"logo\":{\"@type\":\"ImageObject\",\"url\":\"https:\\\/\\\/www.eldigitaldeasturias.com\\\/noticias\\\/wp-content\\\/uploads\\\/2020\\\/12\\\/EDA.jpg\",\"@id\":\"https:\\\/\\\/www.eldigitaldeasturias.com\\\/noticias\\\/abalos-reafirma-el-compromiso-del-gobierno-con-la-agenda-2030\\\/#organizationLogo\",\"width\":649,\"height\":297},\"image\":{\"@id\":\"https:\\\/\\\/www.eldigitaldeasturias.com\\\/noticias\\\/abalos-reafirma-el-compromiso-del-gobierno-con-la-agenda-2030\\\/#organizationLogo\"},\"sameAs\":[\"https:\\\/\\\/facebook.com\\\/eldigitaldeasturias\",\"https:\\\/\\\/www.youtube.com\\\/channel\\\/UCZP-2wLEB9Rv6erhFmqVnvg\"],\"address\":{\"@id\":\"https:\\\/\\\/www.eldigitaldeasturias.com\\\/noticias\\\/#postaladdress\",\"@type\":\"PostalAddress\",\"streetAddress\":\"san antonio 4,\",\"postalCode\":\"33430\",\"addressLocality\":\"Cand\\u00e1s\",\"addressRegion\":\"Asturias\",\"addressCountry\":\"ES\"}},{\"@type\":\"Person\",\"@id\":\"https:\\\/\\\/www.eldigitaldeasturias.com\\\/noticias\\\/author\\\/admin\\\/#author\",\"url\":\"https:\\\/\\\/www.eldigitaldeasturias.com\\\/noticias\\\/author\\\/admin\\\/\",\"name\":\"El Digital de Asturias\",\"image\":{\"@type\":\"ImageObject\",\"@id\":\"https:\\\/\\\/www.eldigitaldeasturias.com\\\/noticias\\\/abalos-reafirma-el-compromiso-del-gobierno-con-la-agenda-2030\\\/#authorImage\",\"url\":\"https:\\\/\\\/www.eldigitaldeasturias.com\\\/noticias\\\/wp-content\\\/litespeed\\\/avatar\\\/18677e78aa0546b92d9dbf31ec7d7668.jpg?ver=1777290358\",\"width\":96,\"height\":96,\"caption\":\"El Digital de Asturias\"}},{\"@type\":\"WebPage\",\"@id\":\"https:\\\/\\\/www.eldigitaldeasturias.com\\\/noticias\\\/abalos-reafirma-el-compromiso-del-gobierno-con-la-agenda-2030\\\/#webpage\",\"url\":\"https:\\\/\\\/www.eldigitaldeasturias.com\\\/noticias\\\/abalos-reafirma-el-compromiso-del-gobierno-con-la-agenda-2030\\\/\",\"name\":\"\\u00c1balos reafirma el compromiso del Gobierno con la Agenda 2030 - El Digital de Asturias\",\"description\":\"El ministro de Fomento, Jos\\u00e9 Luis \\u00c1balos, ha reafirmado en el acto inaugural de la Jornada \\\"ONU H\\u00e1bitat: Localizando los Objetivos de Desarrollo Sostenible\\\", celebrado en Sevilla, el compromiso del Gobierno con la Agenda 2030 y los Objetivos de Desarrollo Sostenible. \\\"Para el Gobierno de Espa\\u00f1a, la Agenda 2030 es una gu\\u00eda y una hoja\",\"inLanguage\":\"es-ES\",\"isPartOf\":{\"@id\":\"https:\\\/\\\/www.eldigitaldeasturias.com\\\/noticias\\\/#website\"},\"breadcrumb\":{\"@id\":\"https:\\\/\\\/www.eldigitaldeasturias.com\\\/noticias\\\/abalos-reafirma-el-compromiso-del-gobierno-con-la-agenda-2030\\\/#breadcrumblist\"},\"author\":{\"@id\":\"https:\\\/\\\/www.eldigitaldeasturias.com\\\/noticias\\\/author\\\/admin\\\/#author\"},\"creator\":{\"@id\":\"https:\\\/\\\/www.eldigitaldeasturias.com\\\/noticias\\\/author\\\/admin\\\/#author\"},\"image\":{\"@type\":\"ImageObject\",\"url\":\"https:\\\/\\\/www.eldigitaldeasturias.com\\\/noticias\\\/wp-content\\\/uploads\\\/2019\\\/02\\\/260219-Abalos2.jpg\",\"@id\":\"https:\\\/\\\/www.eldigitaldeasturias.com\\\/noticias\\\/abalos-reafirma-el-compromiso-del-gobierno-con-la-agenda-2030\\\/#mainImage\",\"width\":512,\"height\":340},\"primaryImageOfPage\":{\"@id\":\"https:\\\/\\\/www.eldigitaldeasturias.com\\\/noticias\\\/abalos-reafirma-el-compromiso-del-gobierno-con-la-agenda-2030\\\/#mainImage\"},\"datePublished\":\"2019-02-26T14:26:15+01:00\",\"dateModified\":\"2019-02-26T14:26:15+01:00\"},{\"@type\":\"WebSite\",\"@id\":\"https:\\\/\\\/www.eldigitaldeasturias.com\\\/noticias\\\/#website\",\"url\":\"https:\\\/\\\/www.eldigitaldeasturias.com\\\/noticias\\\/\",\"name\":\"El Digital de Asturias - Diario de actualidad y noticias\",\"alternateName\":\"El Digital de Asturias - Diario de actualidad y noticias\",\"description\":\"Hemeroteca\",\"inLanguage\":\"es-ES\",\"publisher\":{\"@id\":\"https:\\\/\\\/www.eldigitaldeasturias.com\\\/noticias\\\/#organization\"}}]}\n\t\t<\/script>\n\t\t<!-- All in One SEO Pro -->\r\n\t\t<title>\u00c1balos reafirma el compromiso del Gobierno con la Agenda 2030 - El Digital de Asturias<\/title>\n\n","aioseo_head_json":{"title":"\u00c1balos reafirma el compromiso del Gobierno con la Agenda 2030 - El Digital de Asturias","description":"El ministro de Fomento, Jos\u00e9 Luis \u00c1balos, ha reafirmado en el acto inaugural de la Jornada \"ONU H\u00e1bitat: Localizando los Objetivos de Desarrollo Sostenible\", celebrado en Sevilla, el compromiso del Gobierno con la Agenda 2030 y los Objetivos de Desarrollo Sostenible. \"Para el Gobierno de Espa\u00f1a, la Agenda 2030 es una gu\u00eda y una hoja","canonical_url":"https:\/\/www.eldigitaldeasturias.com\/noticias\/abalos-reafirma-el-compromiso-del-gobierno-con-la-agenda-2030\/","robots":"max-image-preview:large","keywords":"destacadas,econom\u00eda","webmasterTools":{"google-site-verification":"UA-38556648-1","msvalidate.01":"7dfe9f3f1b24437ab69f4f2559babe99","miscellaneous":""},"schema":{"@context":"https:\/\/schema.org","@graph":[{"@type":"BlogPosting","@id":"https:\/\/www.eldigitaldeasturias.com\/noticias\/abalos-reafirma-el-compromiso-del-gobierno-con-la-agenda-2030\/#blogposting","name":"\u00c1balos reafirma el compromiso del Gobierno con la Agenda 2030 - El Digital de Asturias","headline":"\u00c1balos reafirma el compromiso del Gobierno con la Agenda 2030","author":{"@id":"https:\/\/www.eldigitaldeasturias.com\/noticias\/author\/admin\/#author"},"publisher":{"@id":"https:\/\/www.eldigitaldeasturias.com\/noticias\/#organization"},"image":{"@type":"ImageObject","url":"https:\/\/www.eldigitaldeasturias.com\/noticias\/wp-content\/uploads\/2019\/02\/260219-Abalos2.jpg","width":512,"height":340},"datePublished":"2019-02-26T14:26:15+01:00","dateModified":"2019-02-26T14:26:15+01:00","inLanguage":"es-ES","mainEntityOfPage":{"@id":"https:\/\/www.eldigitaldeasturias.com\/noticias\/abalos-reafirma-el-compromiso-del-gobierno-con-la-agenda-2030\/#webpage"},"isPartOf":{"@id":"https:\/\/www.eldigitaldeasturias.com\/noticias\/abalos-reafirma-el-compromiso-del-gobierno-con-la-agenda-2030\/#webpage"},"articleSection":"Destacadas, Econom\u00eda"},{"@type":"BreadcrumbList","@id":"https:\/\/www.eldigitaldeasturias.com\/noticias\/abalos-reafirma-el-compromiso-del-gobierno-con-la-agenda-2030\/#breadcrumblist","itemListElement":[{"@type":"ListItem","@id":"https:\/\/www.eldigitaldeasturias.com\/noticias#listItem","position":1,"name":"Home","item":"https:\/\/www.eldigitaldeasturias.com\/noticias","nextItem":{"@type":"ListItem","@id":"https:\/\/www.eldigitaldeasturias.com\/noticias\/category\/destacadas\/#listItem","name":"Destacadas"}},{"@type":"ListItem","@id":"https:\/\/www.eldigitaldeasturias.com\/noticias\/category\/destacadas\/#listItem","position":2,"name":"Destacadas","item":"https:\/\/www.eldigitaldeasturias.com\/noticias\/category\/destacadas\/","nextItem":{"@type":"ListItem","@id":"https:\/\/www.eldigitaldeasturias.com\/noticias\/abalos-reafirma-el-compromiso-del-gobierno-con-la-agenda-2030\/#listItem","name":"\u00c1balos reafirma el compromiso del Gobierno con la Agenda 2030"},"previousItem":{"@type":"ListItem","@id":"https:\/\/www.eldigitaldeasturias.com\/noticias#listItem","name":"Home"}},{"@type":"ListItem","@id":"https:\/\/www.eldigitaldeasturias.com\/noticias\/abalos-reafirma-el-compromiso-del-gobierno-con-la-agenda-2030\/#listItem","position":3,"name":"\u00c1balos reafirma el compromiso del Gobierno con la Agenda 2030","previousItem":{"@type":"ListItem","@id":"https:\/\/www.eldigitaldeasturias.com\/noticias\/category\/destacadas\/#listItem","name":"Destacadas"}}]},{"@type":"Organization","@id":"https:\/\/www.eldigitaldeasturias.com\/noticias\/#organization","name":"El Digital de Asturias","description":"Hemeroteca","url":"https:\/\/www.eldigitaldeasturias.com\/noticias\/","email":"info@eldigitaldeasturias.com","telephone":"+34652131393","logo":{"@type":"ImageObject","url":"https:\/\/www.eldigitaldeasturias.com\/noticias\/wp-content\/uploads\/2020\/12\/EDA.jpg","@id":"https:\/\/www.eldigitaldeasturias.com\/noticias\/abalos-reafirma-el-compromiso-del-gobierno-con-la-agenda-2030\/#organizationLogo","width":649,"height":297},"image":{"@id":"https:\/\/www.eldigitaldeasturias.com\/noticias\/abalos-reafirma-el-compromiso-del-gobierno-con-la-agenda-2030\/#organizationLogo"},"sameAs":["https:\/\/facebook.com\/eldigitaldeasturias","https:\/\/www.youtube.com\/channel\/UCZP-2wLEB9Rv6erhFmqVnvg"],"address":{"@id":"https:\/\/www.eldigitaldeasturias.com\/noticias\/#postaladdress","@type":"PostalAddress","streetAddress":"san antonio 4,","postalCode":"33430","addressLocality":"Cand\u00e1s","addressRegion":"Asturias","addressCountry":"ES"}},{"@type":"Person","@id":"https:\/\/www.eldigitaldeasturias.com\/noticias\/author\/admin\/#author","url":"https:\/\/www.eldigitaldeasturias.com\/noticias\/author\/admin\/","name":"El Digital de Asturias","image":{"@type":"ImageObject","@id":"https:\/\/www.eldigitaldeasturias.com\/noticias\/abalos-reafirma-el-compromiso-del-gobierno-con-la-agenda-2030\/#authorImage","url":"https:\/\/www.eldigitaldeasturias.com\/noticias\/wp-content\/litespeed\/avatar\/18677e78aa0546b92d9dbf31ec7d7668.jpg?ver=1777290358","width":96,"height":96,"caption":"El Digital de Asturias"}},{"@type":"WebPage","@id":"https:\/\/www.eldigitaldeasturias.com\/noticias\/abalos-reafirma-el-compromiso-del-gobierno-con-la-agenda-2030\/#webpage","url":"https:\/\/www.eldigitaldeasturias.com\/noticias\/abalos-reafirma-el-compromiso-del-gobierno-con-la-agenda-2030\/","name":"\u00c1balos reafirma el compromiso del Gobierno con la Agenda 2030 - El Digital de Asturias","description":"El ministro de Fomento, Jos\u00e9 Luis \u00c1balos, ha reafirmado en el acto inaugural de la Jornada \"ONU H\u00e1bitat: Localizando los Objetivos de Desarrollo Sostenible\", celebrado en Sevilla, el compromiso del Gobierno con la Agenda 2030 y los Objetivos de Desarrollo Sostenible. \"Para el Gobierno de Espa\u00f1a, la Agenda 2030 es una gu\u00eda y una hoja","inLanguage":"es-ES","isPartOf":{"@id":"https:\/\/www.eldigitaldeasturias.com\/noticias\/#website"},"breadcrumb":{"@id":"https:\/\/www.eldigitaldeasturias.com\/noticias\/abalos-reafirma-el-compromiso-del-gobierno-con-la-agenda-2030\/#breadcrumblist"},"author":{"@id":"https:\/\/www.eldigitaldeasturias.com\/noticias\/author\/admin\/#author"},"creator":{"@id":"https:\/\/www.eldigitaldeasturias.com\/noticias\/author\/admin\/#author"},"image":{"@type":"ImageObject","url":"https:\/\/www.eldigitaldeasturias.com\/noticias\/wp-content\/uploads\/2019\/02\/260219-Abalos2.jpg","@id":"https:\/\/www.eldigitaldeasturias.com\/noticias\/abalos-reafirma-el-compromiso-del-gobierno-con-la-agenda-2030\/#mainImage","width":512,"height":340},"primaryImageOfPage":{"@id":"https:\/\/www.eldigitaldeasturias.com\/noticias\/abalos-reafirma-el-compromiso-del-gobierno-con-la-agenda-2030\/#mainImage"},"datePublished":"2019-02-26T14:26:15+01:00","dateModified":"2019-02-26T14:26:15+01:00"},{"@type":"WebSite","@id":"https:\/\/www.eldigitaldeasturias.com\/noticias\/#website","url":"https:\/\/www.eldigitaldeasturias.com\/noticias\/","name":"El Digital de Asturias - Diario de actualidad y noticias","alternateName":"El Digital de Asturias - Diario de actualidad y noticias","description":"Hemeroteca","inLanguage":"es-ES","publisher":{"@id":"https:\/\/www.eldigitaldeasturias.com\/noticias\/#organization"}}]},"og:locale":"es_ES","og:site_name":"El Digital de Asturias","og:type":"article","og:title":"\u00c1balos reafirma el compromiso del Gobierno con la Agenda 2030 - El Digital de Asturias","og:description":"El ministro de Fomento, Jos\u00e9 Luis \u00c1balos, ha reafirmado en el acto inaugural de la Jornada &quot;ONU H\u00e1bitat: Localizando los Objetivos de Desarrollo Sostenible&quot;, celebrado en Sevilla, el compromiso del Gobierno con la Agenda 2030 y los Objetivos de Desarrollo Sostenible. &quot;Para el Gobierno de Espa\u00f1a, la Agenda 2030 es una gu\u00eda y una hoja","og:url":"https:\/\/www.eldigitaldeasturias.com\/noticias\/abalos-reafirma-el-compromiso-del-gobierno-con-la-agenda-2030\/","og:image":"https:\/\/www.eldigitaldeasturias.com\/noticias\/wp-content\/uploads\/2019\/02\/260219-Abalos2.jpg","og:image:secure_url":"https:\/\/www.eldigitaldeasturias.com\/noticias\/wp-content\/uploads\/2019\/02\/260219-Abalos2.jpg","og:image:width":512,"og:image:height":340,"article:tag":["destacadas","econom\u00eda"],"article:published_time":"2019-02-26T14:26:15+00:00","article:modified_time":"2019-02-26T14:26:15+00:00","article:publisher":"https:\/\/facebook.com\/eldigitaldeasturias","twitter:card":"summary_large_image","twitter:title":"\u00c1balos reafirma el compromiso del Gobierno con la Agenda 2030 - El Digital de Asturias","twitter:description":"El ministro de Fomento, Jos\u00e9 Luis \u00c1balos, ha reafirmado en el acto inaugural de la Jornada &quot;ONU H\u00e1bitat: Localizando los Objetivos de Desarrollo Sostenible&quot;, celebrado en Sevilla, el compromiso del Gobierno con la Agenda 2030 y los Objetivos de Desarrollo Sostenible. &quot;Para el Gobierno de Espa\u00f1a, la Agenda 2030 es una gu\u00eda y una hoja","twitter:image":"https:\/\/www.eldigitaldeasturias.com\/noticias\/wp-content\/uploads\/2019\/02\/260219-Abalos2.jpg","twitter:label1":"Escrito por","twitter:data1":"El Digital de Asturias","twitter:label2":"Tiempo de lectura estimado","twitter:data2":"3 minutos"},"aioseo_meta_data":{"post_id":"1018410","title":null,"description":null,"keywords":null,"keyphrases":null,"primary_term":null,"canonical_url":null,"og_title":null,"og_description":null,"og_object_type":"default","og_image_type":"default","og_image_url":null,"og_image_width":null,"og_image_height":null,"og_image_custom_url":null,"og_image_custom_fields":null,"og_video":null,"og_custom_url":null,"og_article_section":null,"og_article_tags":null,"twitter_use_og":false,"twitter_card":"default","twitter_image_type":"default","twitter_image_url":null,"twitter_image_custom_url":null,"twitter_image_custom_fields":null,"twitter_title":null,"twitter_description":null,"schema":{"blockGraphs":[],"customGraphs":[],"default":{"data":{"Article":[],"Course":[],"Dataset":[],"FAQPage":[],"Movie":[],"Person":[],"Product":[],"ProductReview":[],"Car":[],"Recipe":[],"Service":[],"SoftwareApplication":[],"WebPage":[]},"graphName":"","isEnabled":true},"graphs":[],"defaultGraph":"","defaultPostTypeGraph":""},"schema_type":null,"schema_type_options":null,"pillar_content":false,"robots_default":true,"robots_noindex":false,"robots_noarchive":false,"robots_nosnippet":false,"robots_nofollow":false,"robots_noimageindex":false,"robots_noodp":false,"robots_notranslate":false,"robots_max_snippet":null,"robots_max_videopreview":null,"robots_max_imagepreview":"large","priority":null,"frequency":null,"local_seo":null,"seo_analyzer_scan_date":"2025-10-16 13:27:10","breadcrumb_settings":null,"limit_modified_date":false,"open_ai":null,"ai":null,"created":"2020-12-21 11:18:24","updated":"2025-10-16 13:27:10"},"aioseo_breadcrumb":"<div class=\"aioseo-breadcrumbs\"><span class=\"aioseo-breadcrumb\">\n\t<a href=\"https:\/\/www.eldigitaldeasturias.com\/noticias\" title=\"Home\">Home<\/a>\n<\/span><span class=\"aioseo-breadcrumb-separator\">\u2013<\/span><span class=\"aioseo-breadcrumb\">\n\t<a href=\"https:\/\/www.eldigitaldeasturias.com\/noticias\/category\/destacadas\/\" title=\"Destacadas\">Destacadas<\/a>\n<\/span><span class=\"aioseo-breadcrumb-separator\">\u2013<\/span><span class=\"aioseo-breadcrumb\">\n\t<a href=\"https:\/\/www.eldigitaldeasturias.com\/noticias\/abalos-reafirma-el-compromiso-del-gobierno-con-la-agenda-2030\/\" title=\"\u00c1balos reafirma el compromiso del Gobierno con la Agenda 2030\">\u00c1balos reafirma el compromiso del Gobierno con la Agenda 2030<\/a>\n<\/span><\/div>","aioseo_breadcrumb_json":[{"label":"Home","link":"https:\/\/www.eldigitaldeasturias.com\/noticias"},{"label":"Destacadas","link":"https:\/\/www.eldigitaldeasturias.com\/noticias\/category\/destacadas\/"},{"label":"\u00c1balos reafirma el compromiso del Gobierno con la Agenda 2030","link":"https:\/\/www.eldigitaldeasturias.com\/noticias\/abalos-reafirma-el-compromiso-del-gobierno-con-la-agenda-2030\/"}],"_links":{"self":[{"href":"https:\/\/www.eldigitaldeasturias.com\/noticias\/wp-json\/wp\/v2\/posts\/1018410","targetHints":{"allow":["GET"]}}],"collection":[{"href":"https:\/\/www.eldigitaldeasturias.com\/noticias\/wp-json\/wp\/v2\/posts"}],"about":[{"href":"https:\/\/www.eldigitaldeasturias.com\/noticias\/wp-json\/wp\/v2\/types\/post"}],"author":[{"embeddable":true,"href":"https:\/\/www.eldigitaldeasturias.com\/noticias\/wp-json\/wp\/v2\/users\/1"}],"replies":[{"embeddable":true,"href":"https:\/\/www.eldigitaldeasturias.com\/noticias\/wp-json\/wp\/v2\/comments?post=1018410"}],"version-history":[{"count":0,"href":"https:\/\/www.eldigitaldeasturias.com\/noticias\/wp-json\/wp\/v2\/posts\/1018410\/revisions"}],"wp:featuredmedia":[{"embeddable":true,"href":"https:\/\/www.eldigitaldeasturias.com\/noticias\/wp-json\/wp\/v2\/media\/1018411"}],"wp:attachment":[{"href":"https:\/\/www.eldigitaldeasturias.com\/noticias\/wp-json\/wp\/v2\/media?parent=1018410"}],"wp:term":[{"taxonomy":"category","embeddable":true,"href":"https:\/\/www.eldigitaldeasturias.com\/noticias\/wp-json\/wp\/v2\/categories?post=1018410"},{"taxonomy":"post_tag","embeddable":true,"href":"https:\/\/www.eldigitaldeasturias.com\/noticias\/wp-json\/wp\/v2\/tags?post=1018410"}],"curies":[{"name":"wp","href":"https:\/\/api.w.org\/{rel}","templated":true}]}}