{"id":1018393,"date":"2019-02-26T14:13:19","date_gmt":"2019-02-26T14:13:19","guid":{"rendered":"https:\/\/www.eldigitaldeasturias.com\/noticias\/?p=1018393"},"modified":"2019-02-26T14:13:19","modified_gmt":"2019-02-26T14:13:19","slug":"planas-es-momento-de-pasar-a-la-accion-contra-el-despoblamiento","status":"publish","type":"post","link":"https:\/\/www.eldigitaldeasturias.com\/noticias\/planas-es-momento-de-pasar-a-la-accion-contra-el-despoblamiento\/","title":{"rendered":"Planas: \u00abEs momento de pasar a la acci\u00f3n contra el despoblamiento\u00bb"},"content":{"rendered":"<p><img loading=\"lazy\" decoding=\"async\" class=\"alignleft size-medium wp-image-1018394\" src=\"https:\/\/www.eldigitaldeasturias.com\/noticias\/wp-content\/uploads\/2019\/02\/Planas-360x239.jpg\" alt=\"\" width=\"360\" height=\"239\" srcset=\"https:\/\/www.eldigitaldeasturias.com\/noticias\/wp-content\/uploads\/2019\/02\/Planas-360x239.jpg 360w, https:\/\/www.eldigitaldeasturias.com\/noticias\/wp-content\/uploads\/2019\/02\/Planas.jpg 512w\" sizes=\"auto, (max-width: 360px) 100vw, 360px\" \/>El ministro de Agricultura, Pesca y Alimentaci\u00f3n, Luis Planas, ha recordado en el Foro Nacional de Despoblaci\u00f3n que el medio rural supone el 85% del territorio, en el que vive menos del 20% de la poblaci\u00f3n.<\/p>\n<p>El ministro de Agricultura, Pesca y Alimentaci\u00f3n ha planteado el problema del despoblamiento como uno de los mayores retos a los que se enfrenta el medio rural, con impactos importantes en el \u00e1mbito econ\u00f3mico, patrimonial, y medioambiental. Un reto, ha subrayado, que ocupa un lugar destacado en la agenda pol\u00edtica, y que se debe abordar de forma global, integral y trasversal, con el conjunto de pol\u00edticas sectoriales y los instrumentos disponibles.<\/p>\n<p>Planas ha planteado as\u00ed la situaci\u00f3n de p\u00e9rdida de poblaci\u00f3n en las zonas rurales, durante el acto de inauguraci\u00f3n de la segunda reuni\u00f3n del Foro Nacional de Despoblaci\u00f3n, que se ha celebrado en la localidad de Puebla de Sanabria (Zamora), con la participaci\u00f3n de la comisionada del Gobierno para el Reto Demogr\u00e1fico, Isaura Leal.<\/p>\n<p>A este respecto, ha recordado que el medio rural supone el 85% del territorio, en el que vive menos del 20% de la poblaci\u00f3n, habi\u00e9ndose constatado desde 2007, una reducci\u00f3n de un 9% de las personas que viven en los municipios rurales. Adem\u00e1s ha a\u00f1adido, hay unos 1.300 municipios que se consideran escasamente poblado con menos de 8 habitantes por kil\u00f3metro cuadrado.<\/p>\n<p>El Foro Nacional de Despoblaci\u00f3n, organizado por la Red Rural Nacional del Ministerio, se constituy\u00f3 en octubre de 2018 como plataforma para dar voz a todos los agentes del territorio, afectados por el problema de la despoblaci\u00f3n rural, tanto administraciones como agentes econ\u00f3micos y sociales y representantes de la sociedad civil, para debatir sobre las medidas m\u00e1s efectivas para hacer frente a este fen\u00f3meno.<\/p>\n<p>La Red Rural Nacional es una plataforma integrada por los principales actores relacionados con el impulso del desarrollo rural. Entre sus principales objetivos se encuentra difundir informaci\u00f3n sobre los Programas de Desarrollo Rural, comunicar las oportunidades que ofrecen a sus beneficiarios y fortalecer las alianzas entre personas, entidades y administraciones. Sus actuaciones est\u00e1n financiadas por el Fondo Europeo Agrario de Desarrollo Rural (FEADER) y por el Ministerio de Agricultura, Pesca y Alimentaci\u00f3n, que se encarga de coordinar y gestionar las actuaciones propuestas por los miembros de la RRN.<\/p>\n<p><strong>Estrategias para el poblamiento activo del medio rural<\/strong><\/p>\n<p>Frente al fen\u00f3meno del despoblamiento rural, el ministro ha reiterado el compromiso de su Departamento en el impulso de estrategias de poblamiento activo del medio rural, a trav\u00e9s de instrumentos potentes. Entre ellos la Pol\u00edtica Agr\u00edcola Com\u00fan, para el mantenimiento de las rentas de agricultores y ganaderos o el apoyo al desarrollo rural, as\u00ed como con los Programas de Desarrollo Rural de las Comunidades Aut\u00f3nomas que cuentan con una cofinanciaci\u00f3n del Estado de m\u00e1s de 848 millones de euros y m\u00e1s de 13.000 millones de inversi\u00f3n p\u00fablica total a lo largo de 7 a\u00f1os, y el Programa Nacional de Desarrollo Rural con un presupuesto de 409 millones de euros.<\/p>\n<p>En relaci\u00f3n con el relevo generacional, el ministro ha destacado que se est\u00e1 contribuyendo a cofinanciar las ayudas para la instalaci\u00f3n de j\u00f3venes agricultores y ganaderos que desarrollan las Comunidades Aut\u00f3nomas. En total, ha se\u00f1alado Planas, se van a destinar 830 millones de euros para la instalaci\u00f3n de 21.300 j\u00f3venes en todo el per\u00edodo 2014-2020 y se est\u00e1 trabajado con el Ministerio de Hacienda para mejorar el tratamiento fiscal de estas ayudas, consensuando una modificaci\u00f3n de la Ley del IRPF pendiente de tramitaci\u00f3n parlamentaria, para espaciar m\u00e1s el pago fiscal relativo a la primera instalaci\u00f3n.<\/p>\n<p>Tambi\u00e9n ha resaltado, entre otras medidas, que se ha duplicado la ayuda complementaria de la PAC para los j\u00f3venes reci\u00e9n instalados, pasando de 18 a 36 millones de euros en ejercicio actual, con m\u00e1s de 10.000 beneficiarios y la puesta en marcha del Instrumento Financiero de Gesti\u00f3n Centralizada, para facilitar el acceso al cr\u00e9dito.<\/p>\n<p><strong>Apoyo a las mujeres rurales y a la innovaci\u00f3n<\/strong><\/p>\n<p>Planas ha destacado el esfuerzo realizado desde el Ministerio para impulsar la presencia de las mujeres al frente de las explotaciones, en las empresas y cooperativas y en los \u00f3rganos de decisi\u00f3n, ya que, ha se\u00f1alado, es una de las prioridades del Gobierno reforzar el papel y la visibilidad de las mujeres para lograr un pa\u00eds m\u00e1s justo, solidario, igualitario y feminista.<\/p>\n<p>Paralelamente, ha comentado el ministro, se est\u00e1 trabajando con el Ministerio de Hacienda y la Tesorer\u00eda General de la Seguridad Social para mejorar el acceso a la titularidad compartida.<\/p>\n<p>Por otra parte, y en materia de innovaci\u00f3n, Planas ha subrayado la necesidad de apoyar al sector en la transici\u00f3n hacia una agricultura m\u00e1s inteligente y sostenible, cara a un futuro que pasa inexorablemente por la innovaci\u00f3n y la revoluci\u00f3n digital.<\/p>\n<p>En esta l\u00ednea, ha explicado que se est\u00e1 ultimando una Agenda de Digitalizaci\u00f3n del sector agroalimentario y forestal y del medio rural, que contempla medidas formativas para apoyar la transformaci\u00f3n, y otras para atraer y desarrollar el talento innovador, adem\u00e1s de fomentar un mejor aprovechamiento de los datos.<\/p>\n<p><strong>Apuesta por el regad\u00edo y la agricultura familiar<\/strong><\/p>\n<p>En el marco de la revitalizaci\u00f3n del medio rural, Planas ha destacado el papel del regad\u00edo sostenible como motor para el desarrollo econ\u00f3mico de los pueblos, impulsando una agricultura productiva, generadora de empleo y valor a\u00f1adido.<\/p>\n<p>A este respecto, ha afirmado que se sigue apostando por el regad\u00edo a trav\u00e9s de una pol\u00edtica territorial ordenada, donde los criterios de generaci\u00f3n de empleo, riqueza y sostenibilidad ambiental determinen las inversiones y se est\u00e1 elaborando un Plan Director de Regad\u00edos que priorice las actuaciones a realizar, con criterios objetivos y que respondan a una planificaci\u00f3n equilibrada y sostenible.<\/p>\n<p>Tambi\u00e9n ha hecho hincapi\u00e9 en la importancia de apoyar la agricultura familiar y la econom\u00eda social como medida frente al despoblamiento, por su fuerte vinculaci\u00f3n al territorio y su mejor distribuci\u00f3n de riqueza y empleo.<\/p>\n<p>Para ello, ha explicado que se va a buscar el mayor consenso posible para que la agricultura familiar est\u00e9 en el centro de la PAC, resaltando la apuesta por una PAC m\u00e1s simple, centrada en las personas y no en los territorios, en la que los apoyos vayan destinados a los verdaderos agricultores, a quienes m\u00e1s dependen de la actividad agraria.<\/p>\n","protected":false},"excerpt":{"rendered":"<p>El ministro de Agricultura, Pesca y Alimentaci\u00f3n, Luis Planas, ha recordado en el Foro Nacional de Despoblaci\u00f3n que el medio rural supone el 85% del territorio, en el que vive menos del 20% de la poblaci\u00f3n. El ministro de Agricultura, Pesca y Alimentaci\u00f3n ha planteado el problema del despoblamiento como uno de los mayores retos [&hellip;]<\/p>\n","protected":false},"author":1,"featured_media":1018394,"comment_status":"closed","ping_status":"closed","sticky":false,"template":"","format":"standard","meta":{"footnotes":""},"categories":[187],"tags":[],"class_list":["post-1018393","post","type-post","status-publish","format-standard","has-post-thumbnail","hentry","category-economia"],"aioseo_notices":[],"aioseo_head":"\n\t\t<!-- All in One SEO Pro 4.9.6.2 - aioseo.com -->\n\t<meta name=\"description\" content=\"El ministro de Agricultura, Pesca y Alimentaci\u00f3n, Luis Planas, ha recordado en el Foro Nacional de Despoblaci\u00f3n que el medio rural supone el 85% del territorio, en el que vive menos del 20% de la poblaci\u00f3n. El ministro de Agricultura, Pesca y Alimentaci\u00f3n ha planteado el problema del despoblamiento como uno de los mayores retos\" \/>\n\t<meta name=\"robots\" content=\"max-image-preview:large\" \/>\n\t<meta name=\"author\" content=\"El Digital de Asturias\"\/>\n\t<meta name=\"google-site-verification\" content=\"UA-38556648-1\" \/>\n\t<meta name=\"msvalidate.01\" content=\"7dfe9f3f1b24437ab69f4f2559babe99\" \/>\n\t<meta name=\"keywords\" content=\"econom\u00eda\" \/>\n\t<link rel=\"canonical\" href=\"https:\/\/www.eldigitaldeasturias.com\/noticias\/planas-es-momento-de-pasar-a-la-accion-contra-el-despoblamiento\/\" \/>\n\t<meta name=\"generator\" content=\"All in One SEO Pro (AIOSEO) 4.9.6.2\" \/>\n\t\t<meta property=\"og:locale\" content=\"es_ES\" \/>\n\t\t<meta property=\"og:site_name\" content=\"El Digital de Asturias\" \/>\n\t\t<meta property=\"og:type\" content=\"article\" \/>\n\t\t<meta property=\"og:title\" content=\"Planas: \u00abEs momento de pasar a la acci\u00f3n contra el despoblamiento\u00bb - El Digital de Asturias\" \/>\n\t\t<meta property=\"og:description\" content=\"El ministro de Agricultura, Pesca y Alimentaci\u00f3n, Luis Planas, ha recordado en el Foro Nacional de Despoblaci\u00f3n que el medio rural supone el 85% del territorio, en el que vive menos del 20% de la poblaci\u00f3n. El ministro de Agricultura, Pesca y Alimentaci\u00f3n ha planteado el problema del despoblamiento como uno de los mayores retos\" \/>\n\t\t<meta property=\"og:url\" content=\"https:\/\/www.eldigitaldeasturias.com\/noticias\/planas-es-momento-de-pasar-a-la-accion-contra-el-despoblamiento\/\" \/>\n\t\t<meta property=\"og:image\" content=\"https:\/\/www.eldigitaldeasturias.com\/noticias\/wp-content\/uploads\/2019\/02\/Planas.jpg\" \/>\n\t\t<meta property=\"og:image:secure_url\" content=\"https:\/\/www.eldigitaldeasturias.com\/noticias\/wp-content\/uploads\/2019\/02\/Planas.jpg\" \/>\n\t\t<meta property=\"og:image:width\" content=\"512\" \/>\n\t\t<meta property=\"og:image:height\" content=\"340\" \/>\n\t\t<meta property=\"article:tag\" content=\"econom\u00eda\" \/>\n\t\t<meta property=\"article:published_time\" content=\"2019-02-26T14:13:19+00:00\" \/>\n\t\t<meta property=\"article:modified_time\" content=\"2019-02-26T14:13:19+00:00\" \/>\n\t\t<meta property=\"article:publisher\" content=\"https:\/\/facebook.com\/eldigitaldeasturias\" \/>\n\t\t<meta name=\"twitter:card\" content=\"summary_large_image\" \/>\n\t\t<meta name=\"twitter:title\" content=\"Planas: \u00abEs momento de pasar a la acci\u00f3n contra el despoblamiento\u00bb - El Digital de Asturias\" \/>\n\t\t<meta name=\"twitter:description\" content=\"El ministro de Agricultura, Pesca y Alimentaci\u00f3n, Luis Planas, ha recordado en el Foro Nacional de Despoblaci\u00f3n que el medio rural supone el 85% del territorio, en el que vive menos del 20% de la poblaci\u00f3n. El ministro de Agricultura, Pesca y Alimentaci\u00f3n ha planteado el problema del despoblamiento como uno de los mayores retos\" \/>\n\t\t<meta name=\"twitter:image\" content=\"https:\/\/www.eldigitaldeasturias.com\/noticias\/wp-content\/uploads\/2019\/02\/Planas.jpg\" \/>\n\t\t<meta name=\"twitter:label1\" content=\"Escrito por\" \/>\n\t\t<meta name=\"twitter:data1\" content=\"El Digital de Asturias\" \/>\n\t\t<meta name=\"twitter:label2\" content=\"Tiempo de lectura estimado\" \/>\n\t\t<meta name=\"twitter:data2\" content=\"6 minutos\" \/>\n\t\t<script type=\"application\/ld+json\" class=\"aioseo-schema\">\n\t\t\t{\"@context\":\"https:\\\/\\\/schema.org\",\"@graph\":[{\"@type\":\"BlogPosting\",\"@id\":\"https:\\\/\\\/www.eldigitaldeasturias.com\\\/noticias\\\/planas-es-momento-de-pasar-a-la-accion-contra-el-despoblamiento\\\/#blogposting\",\"name\":\"Planas: \\u00abEs momento de pasar a la acci\\u00f3n contra el despoblamiento\\u00bb - El Digital de Asturias\",\"headline\":\"Planas: \\u00abEs momento de pasar a la acci\\u00f3n contra el despoblamiento\\u00bb\",\"author\":{\"@id\":\"https:\\\/\\\/www.eldigitaldeasturias.com\\\/noticias\\\/author\\\/admin\\\/#author\"},\"publisher\":{\"@id\":\"https:\\\/\\\/www.eldigitaldeasturias.com\\\/noticias\\\/#organization\"},\"image\":{\"@type\":\"ImageObject\",\"url\":\"https:\\\/\\\/www.eldigitaldeasturias.com\\\/noticias\\\/wp-content\\\/uploads\\\/2019\\\/02\\\/Planas.jpg\",\"width\":512,\"height\":340},\"datePublished\":\"2019-02-26T14:13:19+01:00\",\"dateModified\":\"2019-02-26T14:13:19+01:00\",\"inLanguage\":\"es-ES\",\"mainEntityOfPage\":{\"@id\":\"https:\\\/\\\/www.eldigitaldeasturias.com\\\/noticias\\\/planas-es-momento-de-pasar-a-la-accion-contra-el-despoblamiento\\\/#webpage\"},\"isPartOf\":{\"@id\":\"https:\\\/\\\/www.eldigitaldeasturias.com\\\/noticias\\\/planas-es-momento-de-pasar-a-la-accion-contra-el-despoblamiento\\\/#webpage\"},\"articleSection\":\"Econom\\u00eda\"},{\"@type\":\"BreadcrumbList\",\"@id\":\"https:\\\/\\\/www.eldigitaldeasturias.com\\\/noticias\\\/planas-es-momento-de-pasar-a-la-accion-contra-el-despoblamiento\\\/#breadcrumblist\",\"itemListElement\":[{\"@type\":\"ListItem\",\"@id\":\"https:\\\/\\\/www.eldigitaldeasturias.com\\\/noticias#listItem\",\"position\":1,\"name\":\"Home\",\"item\":\"https:\\\/\\\/www.eldigitaldeasturias.com\\\/noticias\",\"nextItem\":{\"@type\":\"ListItem\",\"@id\":\"https:\\\/\\\/www.eldigitaldeasturias.com\\\/noticias\\\/category\\\/economia\\\/#listItem\",\"name\":\"Econom\\u00eda\"}},{\"@type\":\"ListItem\",\"@id\":\"https:\\\/\\\/www.eldigitaldeasturias.com\\\/noticias\\\/category\\\/economia\\\/#listItem\",\"position\":2,\"name\":\"Econom\\u00eda\",\"item\":\"https:\\\/\\\/www.eldigitaldeasturias.com\\\/noticias\\\/category\\\/economia\\\/\",\"nextItem\":{\"@type\":\"ListItem\",\"@id\":\"https:\\\/\\\/www.eldigitaldeasturias.com\\\/noticias\\\/planas-es-momento-de-pasar-a-la-accion-contra-el-despoblamiento\\\/#listItem\",\"name\":\"Planas: \\u00abEs momento de pasar a la acci\\u00f3n contra el despoblamiento\\u00bb\"},\"previousItem\":{\"@type\":\"ListItem\",\"@id\":\"https:\\\/\\\/www.eldigitaldeasturias.com\\\/noticias#listItem\",\"name\":\"Home\"}},{\"@type\":\"ListItem\",\"@id\":\"https:\\\/\\\/www.eldigitaldeasturias.com\\\/noticias\\\/planas-es-momento-de-pasar-a-la-accion-contra-el-despoblamiento\\\/#listItem\",\"position\":3,\"name\":\"Planas: \\u00abEs momento de pasar a la acci\\u00f3n contra el despoblamiento\\u00bb\",\"previousItem\":{\"@type\":\"ListItem\",\"@id\":\"https:\\\/\\\/www.eldigitaldeasturias.com\\\/noticias\\\/category\\\/economia\\\/#listItem\",\"name\":\"Econom\\u00eda\"}}]},{\"@type\":\"Organization\",\"@id\":\"https:\\\/\\\/www.eldigitaldeasturias.com\\\/noticias\\\/#organization\",\"name\":\"El Digital de Asturias\",\"description\":\"Hemeroteca\",\"url\":\"https:\\\/\\\/www.eldigitaldeasturias.com\\\/noticias\\\/\",\"email\":\"info@eldigitaldeasturias.com\",\"telephone\":\"+34652131393\",\"logo\":{\"@type\":\"ImageObject\",\"url\":\"https:\\\/\\\/www.eldigitaldeasturias.com\\\/noticias\\\/wp-content\\\/uploads\\\/2020\\\/12\\\/EDA.jpg\",\"@id\":\"https:\\\/\\\/www.eldigitaldeasturias.com\\\/noticias\\\/planas-es-momento-de-pasar-a-la-accion-contra-el-despoblamiento\\\/#organizationLogo\",\"width\":649,\"height\":297},\"image\":{\"@id\":\"https:\\\/\\\/www.eldigitaldeasturias.com\\\/noticias\\\/planas-es-momento-de-pasar-a-la-accion-contra-el-despoblamiento\\\/#organizationLogo\"},\"sameAs\":[\"https:\\\/\\\/facebook.com\\\/eldigitaldeasturias\",\"https:\\\/\\\/www.youtube.com\\\/channel\\\/UCZP-2wLEB9Rv6erhFmqVnvg\"],\"address\":{\"@id\":\"https:\\\/\\\/www.eldigitaldeasturias.com\\\/noticias\\\/#postaladdress\",\"@type\":\"PostalAddress\",\"streetAddress\":\"san antonio 4,\",\"postalCode\":\"33430\",\"addressLocality\":\"Cand\\u00e1s\",\"addressRegion\":\"Asturias\",\"addressCountry\":\"ES\"}},{\"@type\":\"Person\",\"@id\":\"https:\\\/\\\/www.eldigitaldeasturias.com\\\/noticias\\\/author\\\/admin\\\/#author\",\"url\":\"https:\\\/\\\/www.eldigitaldeasturias.com\\\/noticias\\\/author\\\/admin\\\/\",\"name\":\"El Digital de Asturias\",\"image\":{\"@type\":\"ImageObject\",\"@id\":\"https:\\\/\\\/www.eldigitaldeasturias.com\\\/noticias\\\/planas-es-momento-de-pasar-a-la-accion-contra-el-despoblamiento\\\/#authorImage\",\"url\":\"https:\\\/\\\/www.eldigitaldeasturias.com\\\/noticias\\\/wp-content\\\/litespeed\\\/avatar\\\/18677e78aa0546b92d9dbf31ec7d7668.jpg?ver=1777290358\",\"width\":96,\"height\":96,\"caption\":\"El Digital de Asturias\"}},{\"@type\":\"WebPage\",\"@id\":\"https:\\\/\\\/www.eldigitaldeasturias.com\\\/noticias\\\/planas-es-momento-de-pasar-a-la-accion-contra-el-despoblamiento\\\/#webpage\",\"url\":\"https:\\\/\\\/www.eldigitaldeasturias.com\\\/noticias\\\/planas-es-momento-de-pasar-a-la-accion-contra-el-despoblamiento\\\/\",\"name\":\"Planas: \\u00abEs momento de pasar a la acci\\u00f3n contra el despoblamiento\\u00bb - El Digital de Asturias\",\"description\":\"El ministro de Agricultura, Pesca y Alimentaci\\u00f3n, Luis Planas, ha recordado en el Foro Nacional de Despoblaci\\u00f3n que el medio rural supone el 85% del territorio, en el que vive menos del 20% de la poblaci\\u00f3n. El ministro de Agricultura, Pesca y Alimentaci\\u00f3n ha planteado el problema del despoblamiento como uno de los mayores retos\",\"inLanguage\":\"es-ES\",\"isPartOf\":{\"@id\":\"https:\\\/\\\/www.eldigitaldeasturias.com\\\/noticias\\\/#website\"},\"breadcrumb\":{\"@id\":\"https:\\\/\\\/www.eldigitaldeasturias.com\\\/noticias\\\/planas-es-momento-de-pasar-a-la-accion-contra-el-despoblamiento\\\/#breadcrumblist\"},\"author\":{\"@id\":\"https:\\\/\\\/www.eldigitaldeasturias.com\\\/noticias\\\/author\\\/admin\\\/#author\"},\"creator\":{\"@id\":\"https:\\\/\\\/www.eldigitaldeasturias.com\\\/noticias\\\/author\\\/admin\\\/#author\"},\"image\":{\"@type\":\"ImageObject\",\"url\":\"https:\\\/\\\/www.eldigitaldeasturias.com\\\/noticias\\\/wp-content\\\/uploads\\\/2019\\\/02\\\/Planas.jpg\",\"@id\":\"https:\\\/\\\/www.eldigitaldeasturias.com\\\/noticias\\\/planas-es-momento-de-pasar-a-la-accion-contra-el-despoblamiento\\\/#mainImage\",\"width\":512,\"height\":340},\"primaryImageOfPage\":{\"@id\":\"https:\\\/\\\/www.eldigitaldeasturias.com\\\/noticias\\\/planas-es-momento-de-pasar-a-la-accion-contra-el-despoblamiento\\\/#mainImage\"},\"datePublished\":\"2019-02-26T14:13:19+01:00\",\"dateModified\":\"2019-02-26T14:13:19+01:00\"},{\"@type\":\"WebSite\",\"@id\":\"https:\\\/\\\/www.eldigitaldeasturias.com\\\/noticias\\\/#website\",\"url\":\"https:\\\/\\\/www.eldigitaldeasturias.com\\\/noticias\\\/\",\"name\":\"El Digital de Asturias - Diario de actualidad y noticias\",\"alternateName\":\"El Digital de Asturias - Diario de actualidad y noticias\",\"description\":\"Hemeroteca\",\"inLanguage\":\"es-ES\",\"publisher\":{\"@id\":\"https:\\\/\\\/www.eldigitaldeasturias.com\\\/noticias\\\/#organization\"}}]}\n\t\t<\/script>\n\t\t<!-- All in One SEO Pro -->\r\n\t\t<title>Planas: \u00abEs momento de pasar a la acci\u00f3n contra el despoblamiento\u00bb - El Digital de Asturias<\/title>\n\n","aioseo_head_json":{"title":"Planas: \u00abEs momento de pasar a la acci\u00f3n contra el despoblamiento\u00bb - El Digital de Asturias","description":"El ministro de Agricultura, Pesca y Alimentaci\u00f3n, Luis Planas, ha recordado en el Foro Nacional de Despoblaci\u00f3n que el medio rural supone el 85% del territorio, en el que vive menos del 20% de la poblaci\u00f3n. El ministro de Agricultura, Pesca y Alimentaci\u00f3n ha planteado el problema del despoblamiento como uno de los mayores retos","canonical_url":"https:\/\/www.eldigitaldeasturias.com\/noticias\/planas-es-momento-de-pasar-a-la-accion-contra-el-despoblamiento\/","robots":"max-image-preview:large","keywords":"econom\u00eda","webmasterTools":{"google-site-verification":"UA-38556648-1","msvalidate.01":"7dfe9f3f1b24437ab69f4f2559babe99","miscellaneous":""},"schema":{"@context":"https:\/\/schema.org","@graph":[{"@type":"BlogPosting","@id":"https:\/\/www.eldigitaldeasturias.com\/noticias\/planas-es-momento-de-pasar-a-la-accion-contra-el-despoblamiento\/#blogposting","name":"Planas: \u00abEs momento de pasar a la acci\u00f3n contra el despoblamiento\u00bb - El Digital de Asturias","headline":"Planas: \u00abEs momento de pasar a la acci\u00f3n contra el despoblamiento\u00bb","author":{"@id":"https:\/\/www.eldigitaldeasturias.com\/noticias\/author\/admin\/#author"},"publisher":{"@id":"https:\/\/www.eldigitaldeasturias.com\/noticias\/#organization"},"image":{"@type":"ImageObject","url":"https:\/\/www.eldigitaldeasturias.com\/noticias\/wp-content\/uploads\/2019\/02\/Planas.jpg","width":512,"height":340},"datePublished":"2019-02-26T14:13:19+01:00","dateModified":"2019-02-26T14:13:19+01:00","inLanguage":"es-ES","mainEntityOfPage":{"@id":"https:\/\/www.eldigitaldeasturias.com\/noticias\/planas-es-momento-de-pasar-a-la-accion-contra-el-despoblamiento\/#webpage"},"isPartOf":{"@id":"https:\/\/www.eldigitaldeasturias.com\/noticias\/planas-es-momento-de-pasar-a-la-accion-contra-el-despoblamiento\/#webpage"},"articleSection":"Econom\u00eda"},{"@type":"BreadcrumbList","@id":"https:\/\/www.eldigitaldeasturias.com\/noticias\/planas-es-momento-de-pasar-a-la-accion-contra-el-despoblamiento\/#breadcrumblist","itemListElement":[{"@type":"ListItem","@id":"https:\/\/www.eldigitaldeasturias.com\/noticias#listItem","position":1,"name":"Home","item":"https:\/\/www.eldigitaldeasturias.com\/noticias","nextItem":{"@type":"ListItem","@id":"https:\/\/www.eldigitaldeasturias.com\/noticias\/category\/economia\/#listItem","name":"Econom\u00eda"}},{"@type":"ListItem","@id":"https:\/\/www.eldigitaldeasturias.com\/noticias\/category\/economia\/#listItem","position":2,"name":"Econom\u00eda","item":"https:\/\/www.eldigitaldeasturias.com\/noticias\/category\/economia\/","nextItem":{"@type":"ListItem","@id":"https:\/\/www.eldigitaldeasturias.com\/noticias\/planas-es-momento-de-pasar-a-la-accion-contra-el-despoblamiento\/#listItem","name":"Planas: \u00abEs momento de pasar a la acci\u00f3n contra el despoblamiento\u00bb"},"previousItem":{"@type":"ListItem","@id":"https:\/\/www.eldigitaldeasturias.com\/noticias#listItem","name":"Home"}},{"@type":"ListItem","@id":"https:\/\/www.eldigitaldeasturias.com\/noticias\/planas-es-momento-de-pasar-a-la-accion-contra-el-despoblamiento\/#listItem","position":3,"name":"Planas: \u00abEs momento de pasar a la acci\u00f3n contra el despoblamiento\u00bb","previousItem":{"@type":"ListItem","@id":"https:\/\/www.eldigitaldeasturias.com\/noticias\/category\/economia\/#listItem","name":"Econom\u00eda"}}]},{"@type":"Organization","@id":"https:\/\/www.eldigitaldeasturias.com\/noticias\/#organization","name":"El Digital de Asturias","description":"Hemeroteca","url":"https:\/\/www.eldigitaldeasturias.com\/noticias\/","email":"info@eldigitaldeasturias.com","telephone":"+34652131393","logo":{"@type":"ImageObject","url":"https:\/\/www.eldigitaldeasturias.com\/noticias\/wp-content\/uploads\/2020\/12\/EDA.jpg","@id":"https:\/\/www.eldigitaldeasturias.com\/noticias\/planas-es-momento-de-pasar-a-la-accion-contra-el-despoblamiento\/#organizationLogo","width":649,"height":297},"image":{"@id":"https:\/\/www.eldigitaldeasturias.com\/noticias\/planas-es-momento-de-pasar-a-la-accion-contra-el-despoblamiento\/#organizationLogo"},"sameAs":["https:\/\/facebook.com\/eldigitaldeasturias","https:\/\/www.youtube.com\/channel\/UCZP-2wLEB9Rv6erhFmqVnvg"],"address":{"@id":"https:\/\/www.eldigitaldeasturias.com\/noticias\/#postaladdress","@type":"PostalAddress","streetAddress":"san antonio 4,","postalCode":"33430","addressLocality":"Cand\u00e1s","addressRegion":"Asturias","addressCountry":"ES"}},{"@type":"Person","@id":"https:\/\/www.eldigitaldeasturias.com\/noticias\/author\/admin\/#author","url":"https:\/\/www.eldigitaldeasturias.com\/noticias\/author\/admin\/","name":"El Digital de Asturias","image":{"@type":"ImageObject","@id":"https:\/\/www.eldigitaldeasturias.com\/noticias\/planas-es-momento-de-pasar-a-la-accion-contra-el-despoblamiento\/#authorImage","url":"https:\/\/www.eldigitaldeasturias.com\/noticias\/wp-content\/litespeed\/avatar\/18677e78aa0546b92d9dbf31ec7d7668.jpg?ver=1777290358","width":96,"height":96,"caption":"El Digital de Asturias"}},{"@type":"WebPage","@id":"https:\/\/www.eldigitaldeasturias.com\/noticias\/planas-es-momento-de-pasar-a-la-accion-contra-el-despoblamiento\/#webpage","url":"https:\/\/www.eldigitaldeasturias.com\/noticias\/planas-es-momento-de-pasar-a-la-accion-contra-el-despoblamiento\/","name":"Planas: \u00abEs momento de pasar a la acci\u00f3n contra el despoblamiento\u00bb - El Digital de Asturias","description":"El ministro de Agricultura, Pesca y Alimentaci\u00f3n, Luis Planas, ha recordado en el Foro Nacional de Despoblaci\u00f3n que el medio rural supone el 85% del territorio, en el que vive menos del 20% de la poblaci\u00f3n. El ministro de Agricultura, Pesca y Alimentaci\u00f3n ha planteado el problema del despoblamiento como uno de los mayores retos","inLanguage":"es-ES","isPartOf":{"@id":"https:\/\/www.eldigitaldeasturias.com\/noticias\/#website"},"breadcrumb":{"@id":"https:\/\/www.eldigitaldeasturias.com\/noticias\/planas-es-momento-de-pasar-a-la-accion-contra-el-despoblamiento\/#breadcrumblist"},"author":{"@id":"https:\/\/www.eldigitaldeasturias.com\/noticias\/author\/admin\/#author"},"creator":{"@id":"https:\/\/www.eldigitaldeasturias.com\/noticias\/author\/admin\/#author"},"image":{"@type":"ImageObject","url":"https:\/\/www.eldigitaldeasturias.com\/noticias\/wp-content\/uploads\/2019\/02\/Planas.jpg","@id":"https:\/\/www.eldigitaldeasturias.com\/noticias\/planas-es-momento-de-pasar-a-la-accion-contra-el-despoblamiento\/#mainImage","width":512,"height":340},"primaryImageOfPage":{"@id":"https:\/\/www.eldigitaldeasturias.com\/noticias\/planas-es-momento-de-pasar-a-la-accion-contra-el-despoblamiento\/#mainImage"},"datePublished":"2019-02-26T14:13:19+01:00","dateModified":"2019-02-26T14:13:19+01:00"},{"@type":"WebSite","@id":"https:\/\/www.eldigitaldeasturias.com\/noticias\/#website","url":"https:\/\/www.eldigitaldeasturias.com\/noticias\/","name":"El Digital de Asturias - Diario de actualidad y noticias","alternateName":"El Digital de Asturias - Diario de actualidad y noticias","description":"Hemeroteca","inLanguage":"es-ES","publisher":{"@id":"https:\/\/www.eldigitaldeasturias.com\/noticias\/#organization"}}]},"og:locale":"es_ES","og:site_name":"El Digital de Asturias","og:type":"article","og:title":"Planas: \u00abEs momento de pasar a la acci\u00f3n contra el despoblamiento\u00bb - El Digital de Asturias","og:description":"El ministro de Agricultura, Pesca y Alimentaci\u00f3n, Luis Planas, ha recordado en el Foro Nacional de Despoblaci\u00f3n que el medio rural supone el 85% del territorio, en el que vive menos del 20% de la poblaci\u00f3n. El ministro de Agricultura, Pesca y Alimentaci\u00f3n ha planteado el problema del despoblamiento como uno de los mayores retos","og:url":"https:\/\/www.eldigitaldeasturias.com\/noticias\/planas-es-momento-de-pasar-a-la-accion-contra-el-despoblamiento\/","og:image":"https:\/\/www.eldigitaldeasturias.com\/noticias\/wp-content\/uploads\/2019\/02\/Planas.jpg","og:image:secure_url":"https:\/\/www.eldigitaldeasturias.com\/noticias\/wp-content\/uploads\/2019\/02\/Planas.jpg","og:image:width":512,"og:image:height":340,"article:tag":["econom\u00eda"],"article:published_time":"2019-02-26T14:13:19+00:00","article:modified_time":"2019-02-26T14:13:19+00:00","article:publisher":"https:\/\/facebook.com\/eldigitaldeasturias","twitter:card":"summary_large_image","twitter:title":"Planas: \u00abEs momento de pasar a la acci\u00f3n contra el despoblamiento\u00bb - El Digital de Asturias","twitter:description":"El ministro de Agricultura, Pesca y Alimentaci\u00f3n, Luis Planas, ha recordado en el Foro Nacional de Despoblaci\u00f3n que el medio rural supone el 85% del territorio, en el que vive menos del 20% de la poblaci\u00f3n. El ministro de Agricultura, Pesca y Alimentaci\u00f3n ha planteado el problema del despoblamiento como uno de los mayores retos","twitter:image":"https:\/\/www.eldigitaldeasturias.com\/noticias\/wp-content\/uploads\/2019\/02\/Planas.jpg","twitter:label1":"Escrito por","twitter:data1":"El Digital de Asturias","twitter:label2":"Tiempo de lectura estimado","twitter:data2":"6 minutos"},"aioseo_meta_data":{"post_id":"1018393","title":null,"description":null,"keywords":null,"keyphrases":null,"primary_term":null,"canonical_url":null,"og_title":null,"og_description":null,"og_object_type":"default","og_image_type":"default","og_image_url":null,"og_image_width":null,"og_image_height":null,"og_image_custom_url":null,"og_image_custom_fields":null,"og_video":null,"og_custom_url":null,"og_article_section":null,"og_article_tags":null,"twitter_use_og":false,"twitter_card":"default","twitter_image_type":"default","twitter_image_url":null,"twitter_image_custom_url":null,"twitter_image_custom_fields":null,"twitter_title":null,"twitter_description":null,"schema":{"blockGraphs":[],"customGraphs":[],"default":{"data":{"Article":[],"Course":[],"Dataset":[],"FAQPage":[],"Movie":[],"Person":[],"Product":[],"ProductReview":[],"Car":[],"Recipe":[],"Service":[],"SoftwareApplication":[],"WebPage":[]},"graphName":"","isEnabled":true},"graphs":[],"defaultGraph":"","defaultPostTypeGraph":""},"schema_type":null,"schema_type_options":null,"pillar_content":false,"robots_default":true,"robots_noindex":false,"robots_noarchive":false,"robots_nosnippet":false,"robots_nofollow":false,"robots_noimageindex":false,"robots_noodp":false,"robots_notranslate":false,"robots_max_snippet":null,"robots_max_videopreview":null,"robots_max_imagepreview":"large","priority":null,"frequency":null,"local_seo":null,"seo_analyzer_scan_date":"2025-10-16 13:21:43","breadcrumb_settings":null,"limit_modified_date":false,"open_ai":null,"ai":null,"created":"2020-12-21 11:18:24","updated":"2025-10-16 13:21:43"},"aioseo_breadcrumb":"<div class=\"aioseo-breadcrumbs\"><span class=\"aioseo-breadcrumb\">\n\t<a href=\"https:\/\/www.eldigitaldeasturias.com\/noticias\" title=\"Home\">Home<\/a>\n<\/span><span class=\"aioseo-breadcrumb-separator\">\u2013<\/span><span class=\"aioseo-breadcrumb\">\n\t<a href=\"https:\/\/www.eldigitaldeasturias.com\/noticias\/category\/economia\/\" title=\"Econom\u00eda\">Econom\u00eda<\/a>\n<\/span><span class=\"aioseo-breadcrumb-separator\">\u2013<\/span><span class=\"aioseo-breadcrumb\">\n\t<a href=\"https:\/\/www.eldigitaldeasturias.com\/noticias\/planas-es-momento-de-pasar-a-la-accion-contra-el-despoblamiento\/\" title=\"Planas: \u00abEs momento de pasar a la acci\u00f3n contra el despoblamiento\u00bb\">Planas: \u00abEs momento de pasar a la acci\u00f3n contra el despoblamiento\u00bb<\/a>\n<\/span><\/div>","aioseo_breadcrumb_json":[{"label":"Home","link":"https:\/\/www.eldigitaldeasturias.com\/noticias"},{"label":"Econom\u00eda","link":"https:\/\/www.eldigitaldeasturias.com\/noticias\/category\/economia\/"},{"label":"Planas: \u00abEs momento de pasar a la acci\u00f3n contra el despoblamiento\u00bb","link":"https:\/\/www.eldigitaldeasturias.com\/noticias\/planas-es-momento-de-pasar-a-la-accion-contra-el-despoblamiento\/"}],"_links":{"self":[{"href":"https:\/\/www.eldigitaldeasturias.com\/noticias\/wp-json\/wp\/v2\/posts\/1018393","targetHints":{"allow":["GET"]}}],"collection":[{"href":"https:\/\/www.eldigitaldeasturias.com\/noticias\/wp-json\/wp\/v2\/posts"}],"about":[{"href":"https:\/\/www.eldigitaldeasturias.com\/noticias\/wp-json\/wp\/v2\/types\/post"}],"author":[{"embeddable":true,"href":"https:\/\/www.eldigitaldeasturias.com\/noticias\/wp-json\/wp\/v2\/users\/1"}],"replies":[{"embeddable":true,"href":"https:\/\/www.eldigitaldeasturias.com\/noticias\/wp-json\/wp\/v2\/comments?post=1018393"}],"version-history":[{"count":0,"href":"https:\/\/www.eldigitaldeasturias.com\/noticias\/wp-json\/wp\/v2\/posts\/1018393\/revisions"}],"wp:featuredmedia":[{"embeddable":true,"href":"https:\/\/www.eldigitaldeasturias.com\/noticias\/wp-json\/wp\/v2\/media\/1018394"}],"wp:attachment":[{"href":"https:\/\/www.eldigitaldeasturias.com\/noticias\/wp-json\/wp\/v2\/media?parent=1018393"}],"wp:term":[{"taxonomy":"category","embeddable":true,"href":"https:\/\/www.eldigitaldeasturias.com\/noticias\/wp-json\/wp\/v2\/categories?post=1018393"},{"taxonomy":"post_tag","embeddable":true,"href":"https:\/\/www.eldigitaldeasturias.com\/noticias\/wp-json\/wp\/v2\/tags?post=1018393"}],"curies":[{"name":"wp","href":"https:\/\/api.w.org\/{rel}","templated":true}]}}