{"id":1018360,"date":"2019-02-25T23:50:36","date_gmt":"2019-02-25T23:50:36","guid":{"rendered":"https:\/\/www.eldigitaldeasturias.com\/noticias\/?p=1018360"},"modified":"2019-02-25T23:50:36","modified_gmt":"2019-02-25T23:50:36","slug":"instituto-ifo-aumenta-la-confianza-de-los-exportadores-alemanes","status":"publish","type":"post","link":"https:\/\/www.eldigitaldeasturias.com\/noticias\/instituto-ifo-aumenta-la-confianza-de-los-exportadores-alemanes\/","title":{"rendered":"Instituto Ifo: Aumenta la confianza de los exportadores alemanes"},"content":{"rendered":"<p><img loading=\"lazy\" decoding=\"async\" class=\"alignleft size-medium wp-image-989215\" src=\"https:\/\/www.eldigitaldeasturias.com\/noticias\/wp-content\/uploads\/2018\/07\/money-1005479_960_720-360x232.jpg\" alt=\"\" width=\"360\" height=\"232\" srcset=\"https:\/\/www.eldigitaldeasturias.com\/noticias\/wp-content\/uploads\/2018\/07\/money-1005479_960_720-360x232.jpg 360w, https:\/\/www.eldigitaldeasturias.com\/noticias\/wp-content\/uploads\/2018\/07\/money-1005479_960_720-465x300.jpg 465w, https:\/\/www.eldigitaldeasturias.com\/noticias\/wp-content\/uploads\/2018\/07\/money-1005479_960_720-768x495.jpg 768w, https:\/\/www.eldigitaldeasturias.com\/noticias\/wp-content\/uploads\/2018\/07\/money-1005479_960_720-690x445.jpg 690w, https:\/\/www.eldigitaldeasturias.com\/noticias\/wp-content\/uploads\/2018\/07\/money-1005479_960_720-20x13.jpg 20w, https:\/\/www.eldigitaldeasturias.com\/noticias\/wp-content\/uploads\/2018\/07\/money-1005479_960_720.jpg 960w\" sizes=\"auto, (max-width: 360px) 100vw, 360px\" \/>M\u00fanich, 25 feb (dpa) &#8211; Las empresas exportadoras de Alemania ven el futuro con un poco menos de escepticismo, indica un sondeo del instituto de investigaci\u00f3n econ\u00f3mica Ifo presentado hoy en M\u00fanich.<\/p>\n<p>De acuerdo con la encuesta, las expectativas de los exportadores germanos para los pr\u00f3ximos tres meses mejoraron 1,2 puntos y se ubican en 7,2 puntos. Es la primera tendencia al alza tras cuatro bajas consecutivas.<\/p>\n<p>En enero, la confianza de los exportadores en el futuro hab\u00eda llegado a su marca m\u00e1s baja desde abril de 2016.<\/p>\n<p>\u00abLa industria alemana afianza su posici\u00f3n en un entorno econ\u00f3mico dif\u00edcil\u00bb, coment\u00f3 el presidente del Ifo, Clemens Fuest, respecto a la mejora. Las amenazas del Gobierno estadounidense de imponer mayores aranceles parecen no tener moment\u00e1neamente efectos negativos sobre la expectativas de exportaci\u00f3n de la industria automotriz, agreg\u00f3.<\/p>\n<p>No obstante, se nota una marcada prudencia en la evaluaci\u00f3n de la situaci\u00f3n, indic\u00f3. \u00abPor el momento no se espera ni un alza ni una ca\u00edda de las exportaciones\u00bb, asever\u00f3 Fuest.<\/p>\n<p>La industria alimentaria, por su parte, espera un incremento considerable en las operaciones internacionales, mientras que la din\u00e1mica de negocios en el sector de la construcci\u00f3n de maquinaria se redujo notoriamente en los \u00faltimos meses. Apenas se espera un mayor n\u00famero de pedidos desde el extranjero en este segmento, detallan los datos del instituto Ifo.<\/p>\n","protected":false},"excerpt":{"rendered":"<p>M\u00fanich, 25 feb (dpa) &#8211; Las empresas exportadoras de Alemania ven el futuro con un poco menos de escepticismo, indica un sondeo del instituto de investigaci\u00f3n econ\u00f3mica Ifo presentado hoy en M\u00fanich. De acuerdo con la encuesta, las expectativas de los exportadores germanos para los pr\u00f3ximos tres meses mejoraron 1,2 puntos y se ubican en [&hellip;]<\/p>\n","protected":false},"author":1,"featured_media":989215,"comment_status":"closed","ping_status":"closed","sticky":false,"template":"","format":"standard","meta":{"footnotes":""},"categories":[187],"tags":[],"class_list":["post-1018360","post","type-post","status-publish","format-standard","has-post-thumbnail","hentry","category-economia"],"aioseo_notices":[],"aioseo_head":"\n\t\t<!-- All in One SEO Pro 4.9.6.2 - aioseo.com -->\n\t<meta name=\"description\" content=\"M\u00fanich, 25 feb (dpa) - Las empresas exportadoras de Alemania ven el futuro con un poco menos de escepticismo, indica un sondeo del instituto de investigaci\u00f3n econ\u00f3mica Ifo presentado hoy en M\u00fanich. De acuerdo con la encuesta, las expectativas de los exportadores germanos para los pr\u00f3ximos tres meses mejoraron 1,2 puntos y se ubican en\" \/>\n\t<meta name=\"robots\" content=\"max-image-preview:large\" \/>\n\t<meta name=\"author\" content=\"El Digital de Asturias\"\/>\n\t<meta name=\"google-site-verification\" content=\"UA-38556648-1\" \/>\n\t<meta name=\"msvalidate.01\" content=\"7dfe9f3f1b24437ab69f4f2559babe99\" \/>\n\t<meta name=\"keywords\" content=\"econom\u00eda\" \/>\n\t<link rel=\"canonical\" href=\"https:\/\/www.eldigitaldeasturias.com\/noticias\/instituto-ifo-aumenta-la-confianza-de-los-exportadores-alemanes\/\" \/>\n\t<meta name=\"generator\" content=\"All in One SEO Pro (AIOSEO) 4.9.6.2\" \/>\n\t\t<meta property=\"og:locale\" content=\"es_ES\" \/>\n\t\t<meta property=\"og:site_name\" content=\"El Digital de Asturias\" \/>\n\t\t<meta property=\"og:type\" content=\"article\" \/>\n\t\t<meta property=\"og:title\" content=\"Instituto Ifo: Aumenta la confianza de los exportadores alemanes - El Digital de Asturias\" \/>\n\t\t<meta property=\"og:description\" content=\"M\u00fanich, 25 feb (dpa) - Las empresas exportadoras de Alemania ven el futuro con un poco menos de escepticismo, indica un sondeo del instituto de investigaci\u00f3n econ\u00f3mica Ifo presentado hoy en M\u00fanich. De acuerdo con la encuesta, las expectativas de los exportadores germanos para los pr\u00f3ximos tres meses mejoraron 1,2 puntos y se ubican en\" \/>\n\t\t<meta property=\"og:url\" content=\"https:\/\/www.eldigitaldeasturias.com\/noticias\/instituto-ifo-aumenta-la-confianza-de-los-exportadores-alemanes\/\" \/>\n\t\t<meta property=\"og:image\" content=\"https:\/\/www.eldigitaldeasturias.com\/noticias\/wp-content\/uploads\/2018\/07\/money-1005479_960_720.jpg\" \/>\n\t\t<meta property=\"og:image:secure_url\" content=\"https:\/\/www.eldigitaldeasturias.com\/noticias\/wp-content\/uploads\/2018\/07\/money-1005479_960_720.jpg\" \/>\n\t\t<meta property=\"og:image:width\" content=\"960\" \/>\n\t\t<meta property=\"og:image:height\" content=\"619\" \/>\n\t\t<meta property=\"article:tag\" content=\"econom\u00eda\" \/>\n\t\t<meta property=\"article:published_time\" content=\"2019-02-25T23:50:36+00:00\" \/>\n\t\t<meta property=\"article:modified_time\" content=\"2019-02-25T23:50:36+00:00\" \/>\n\t\t<meta property=\"article:publisher\" content=\"https:\/\/facebook.com\/eldigitaldeasturias\" \/>\n\t\t<meta name=\"twitter:card\" content=\"summary_large_image\" \/>\n\t\t<meta name=\"twitter:title\" content=\"Instituto Ifo: Aumenta la confianza de los exportadores alemanes - El Digital de Asturias\" \/>\n\t\t<meta name=\"twitter:description\" content=\"M\u00fanich, 25 feb (dpa) - Las empresas exportadoras de Alemania ven el futuro con un poco menos de escepticismo, indica un sondeo del instituto de investigaci\u00f3n econ\u00f3mica Ifo presentado hoy en M\u00fanich. De acuerdo con la encuesta, las expectativas de los exportadores germanos para los pr\u00f3ximos tres meses mejoraron 1,2 puntos y se ubican en\" \/>\n\t\t<meta name=\"twitter:image\" content=\"https:\/\/www.eldigitaldeasturias.com\/noticias\/wp-content\/uploads\/2018\/07\/money-1005479_960_720.jpg\" \/>\n\t\t<meta name=\"twitter:label1\" content=\"Escrito por\" \/>\n\t\t<meta name=\"twitter:data1\" content=\"El Digital de Asturias\" \/>\n\t\t<meta name=\"twitter:label2\" content=\"Tiempo de lectura estimado\" \/>\n\t\t<meta name=\"twitter:data2\" content=\"1 minuto\" \/>\n\t\t<script type=\"application\/ld+json\" class=\"aioseo-schema\">\n\t\t\t{\"@context\":\"https:\\\/\\\/schema.org\",\"@graph\":[{\"@type\":\"BlogPosting\",\"@id\":\"https:\\\/\\\/www.eldigitaldeasturias.com\\\/noticias\\\/instituto-ifo-aumenta-la-confianza-de-los-exportadores-alemanes\\\/#blogposting\",\"name\":\"Instituto Ifo: Aumenta la confianza de los exportadores alemanes - El Digital de Asturias\",\"headline\":\"Instituto Ifo: Aumenta la confianza de los exportadores alemanes\",\"author\":{\"@id\":\"https:\\\/\\\/www.eldigitaldeasturias.com\\\/noticias\\\/author\\\/admin\\\/#author\"},\"publisher\":{\"@id\":\"https:\\\/\\\/www.eldigitaldeasturias.com\\\/noticias\\\/#organization\"},\"image\":{\"@type\":\"ImageObject\",\"url\":\"https:\\\/\\\/www.eldigitaldeasturias.com\\\/noticias\\\/wp-content\\\/uploads\\\/2018\\\/07\\\/money-1005479_960_720.jpg\",\"width\":960,\"height\":619},\"datePublished\":\"2019-02-25T23:50:36+01:00\",\"dateModified\":\"2019-02-25T23:50:36+01:00\",\"inLanguage\":\"es-ES\",\"mainEntityOfPage\":{\"@id\":\"https:\\\/\\\/www.eldigitaldeasturias.com\\\/noticias\\\/instituto-ifo-aumenta-la-confianza-de-los-exportadores-alemanes\\\/#webpage\"},\"isPartOf\":{\"@id\":\"https:\\\/\\\/www.eldigitaldeasturias.com\\\/noticias\\\/instituto-ifo-aumenta-la-confianza-de-los-exportadores-alemanes\\\/#webpage\"},\"articleSection\":\"Econom\\u00eda\"},{\"@type\":\"BreadcrumbList\",\"@id\":\"https:\\\/\\\/www.eldigitaldeasturias.com\\\/noticias\\\/instituto-ifo-aumenta-la-confianza-de-los-exportadores-alemanes\\\/#breadcrumblist\",\"itemListElement\":[{\"@type\":\"ListItem\",\"@id\":\"https:\\\/\\\/www.eldigitaldeasturias.com\\\/noticias#listItem\",\"position\":1,\"name\":\"Home\",\"item\":\"https:\\\/\\\/www.eldigitaldeasturias.com\\\/noticias\",\"nextItem\":{\"@type\":\"ListItem\",\"@id\":\"https:\\\/\\\/www.eldigitaldeasturias.com\\\/noticias\\\/category\\\/economia\\\/#listItem\",\"name\":\"Econom\\u00eda\"}},{\"@type\":\"ListItem\",\"@id\":\"https:\\\/\\\/www.eldigitaldeasturias.com\\\/noticias\\\/category\\\/economia\\\/#listItem\",\"position\":2,\"name\":\"Econom\\u00eda\",\"item\":\"https:\\\/\\\/www.eldigitaldeasturias.com\\\/noticias\\\/category\\\/economia\\\/\",\"nextItem\":{\"@type\":\"ListItem\",\"@id\":\"https:\\\/\\\/www.eldigitaldeasturias.com\\\/noticias\\\/instituto-ifo-aumenta-la-confianza-de-los-exportadores-alemanes\\\/#listItem\",\"name\":\"Instituto Ifo: Aumenta la confianza de los exportadores alemanes\"},\"previousItem\":{\"@type\":\"ListItem\",\"@id\":\"https:\\\/\\\/www.eldigitaldeasturias.com\\\/noticias#listItem\",\"name\":\"Home\"}},{\"@type\":\"ListItem\",\"@id\":\"https:\\\/\\\/www.eldigitaldeasturias.com\\\/noticias\\\/instituto-ifo-aumenta-la-confianza-de-los-exportadores-alemanes\\\/#listItem\",\"position\":3,\"name\":\"Instituto Ifo: Aumenta la confianza de los exportadores alemanes\",\"previousItem\":{\"@type\":\"ListItem\",\"@id\":\"https:\\\/\\\/www.eldigitaldeasturias.com\\\/noticias\\\/category\\\/economia\\\/#listItem\",\"name\":\"Econom\\u00eda\"}}]},{\"@type\":\"Organization\",\"@id\":\"https:\\\/\\\/www.eldigitaldeasturias.com\\\/noticias\\\/#organization\",\"name\":\"El Digital de Asturias\",\"description\":\"Hemeroteca\",\"url\":\"https:\\\/\\\/www.eldigitaldeasturias.com\\\/noticias\\\/\",\"email\":\"info@eldigitaldeasturias.com\",\"telephone\":\"+34652131393\",\"logo\":{\"@type\":\"ImageObject\",\"url\":\"https:\\\/\\\/www.eldigitaldeasturias.com\\\/noticias\\\/wp-content\\\/uploads\\\/2020\\\/12\\\/EDA.jpg\",\"@id\":\"https:\\\/\\\/www.eldigitaldeasturias.com\\\/noticias\\\/instituto-ifo-aumenta-la-confianza-de-los-exportadores-alemanes\\\/#organizationLogo\",\"width\":649,\"height\":297},\"image\":{\"@id\":\"https:\\\/\\\/www.eldigitaldeasturias.com\\\/noticias\\\/instituto-ifo-aumenta-la-confianza-de-los-exportadores-alemanes\\\/#organizationLogo\"},\"sameAs\":[\"https:\\\/\\\/facebook.com\\\/eldigitaldeasturias\",\"https:\\\/\\\/www.youtube.com\\\/channel\\\/UCZP-2wLEB9Rv6erhFmqVnvg\"],\"address\":{\"@id\":\"https:\\\/\\\/www.eldigitaldeasturias.com\\\/noticias\\\/#postaladdress\",\"@type\":\"PostalAddress\",\"streetAddress\":\"san antonio 4,\",\"postalCode\":\"33430\",\"addressLocality\":\"Cand\\u00e1s\",\"addressRegion\":\"Asturias\",\"addressCountry\":\"ES\"}},{\"@type\":\"Person\",\"@id\":\"https:\\\/\\\/www.eldigitaldeasturias.com\\\/noticias\\\/author\\\/admin\\\/#author\",\"url\":\"https:\\\/\\\/www.eldigitaldeasturias.com\\\/noticias\\\/author\\\/admin\\\/\",\"name\":\"El Digital de Asturias\",\"image\":{\"@type\":\"ImageObject\",\"@id\":\"https:\\\/\\\/www.eldigitaldeasturias.com\\\/noticias\\\/instituto-ifo-aumenta-la-confianza-de-los-exportadores-alemanes\\\/#authorImage\",\"url\":\"https:\\\/\\\/www.eldigitaldeasturias.com\\\/noticias\\\/wp-content\\\/litespeed\\\/avatar\\\/18677e78aa0546b92d9dbf31ec7d7668.jpg?ver=1777290358\",\"width\":96,\"height\":96,\"caption\":\"El Digital de Asturias\"}},{\"@type\":\"WebPage\",\"@id\":\"https:\\\/\\\/www.eldigitaldeasturias.com\\\/noticias\\\/instituto-ifo-aumenta-la-confianza-de-los-exportadores-alemanes\\\/#webpage\",\"url\":\"https:\\\/\\\/www.eldigitaldeasturias.com\\\/noticias\\\/instituto-ifo-aumenta-la-confianza-de-los-exportadores-alemanes\\\/\",\"name\":\"Instituto Ifo: Aumenta la confianza de los exportadores alemanes - El Digital de Asturias\",\"description\":\"M\\u00fanich, 25 feb (dpa) - Las empresas exportadoras de Alemania ven el futuro con un poco menos de escepticismo, indica un sondeo del instituto de investigaci\\u00f3n econ\\u00f3mica Ifo presentado hoy en M\\u00fanich. De acuerdo con la encuesta, las expectativas de los exportadores germanos para los pr\\u00f3ximos tres meses mejoraron 1,2 puntos y se ubican en\",\"inLanguage\":\"es-ES\",\"isPartOf\":{\"@id\":\"https:\\\/\\\/www.eldigitaldeasturias.com\\\/noticias\\\/#website\"},\"breadcrumb\":{\"@id\":\"https:\\\/\\\/www.eldigitaldeasturias.com\\\/noticias\\\/instituto-ifo-aumenta-la-confianza-de-los-exportadores-alemanes\\\/#breadcrumblist\"},\"author\":{\"@id\":\"https:\\\/\\\/www.eldigitaldeasturias.com\\\/noticias\\\/author\\\/admin\\\/#author\"},\"creator\":{\"@id\":\"https:\\\/\\\/www.eldigitaldeasturias.com\\\/noticias\\\/author\\\/admin\\\/#author\"},\"image\":{\"@type\":\"ImageObject\",\"url\":\"https:\\\/\\\/www.eldigitaldeasturias.com\\\/noticias\\\/wp-content\\\/uploads\\\/2018\\\/07\\\/money-1005479_960_720.jpg\",\"@id\":\"https:\\\/\\\/www.eldigitaldeasturias.com\\\/noticias\\\/instituto-ifo-aumenta-la-confianza-de-los-exportadores-alemanes\\\/#mainImage\",\"width\":960,\"height\":619},\"primaryImageOfPage\":{\"@id\":\"https:\\\/\\\/www.eldigitaldeasturias.com\\\/noticias\\\/instituto-ifo-aumenta-la-confianza-de-los-exportadores-alemanes\\\/#mainImage\"},\"datePublished\":\"2019-02-25T23:50:36+01:00\",\"dateModified\":\"2019-02-25T23:50:36+01:00\"},{\"@type\":\"WebSite\",\"@id\":\"https:\\\/\\\/www.eldigitaldeasturias.com\\\/noticias\\\/#website\",\"url\":\"https:\\\/\\\/www.eldigitaldeasturias.com\\\/noticias\\\/\",\"name\":\"El Digital de Asturias - Diario de actualidad y noticias\",\"alternateName\":\"El Digital de Asturias - Diario de actualidad y noticias\",\"description\":\"Hemeroteca\",\"inLanguage\":\"es-ES\",\"publisher\":{\"@id\":\"https:\\\/\\\/www.eldigitaldeasturias.com\\\/noticias\\\/#organization\"}}]}\n\t\t<\/script>\n\t\t<!-- All in One SEO Pro -->\r\n\t\t<title>Instituto Ifo: Aumenta la confianza de los exportadores alemanes - El Digital de Asturias<\/title>\n\n","aioseo_head_json":{"title":"Instituto Ifo: Aumenta la confianza de los exportadores alemanes - El Digital de Asturias","description":"M\u00fanich, 25 feb (dpa) - Las empresas exportadoras de Alemania ven el futuro con un poco menos de escepticismo, indica un sondeo del instituto de investigaci\u00f3n econ\u00f3mica Ifo presentado hoy en M\u00fanich. De acuerdo con la encuesta, las expectativas de los exportadores germanos para los pr\u00f3ximos tres meses mejoraron 1,2 puntos y se ubican en","canonical_url":"https:\/\/www.eldigitaldeasturias.com\/noticias\/instituto-ifo-aumenta-la-confianza-de-los-exportadores-alemanes\/","robots":"max-image-preview:large","keywords":"econom\u00eda","webmasterTools":{"google-site-verification":"UA-38556648-1","msvalidate.01":"7dfe9f3f1b24437ab69f4f2559babe99","miscellaneous":""},"schema":{"@context":"https:\/\/schema.org","@graph":[{"@type":"BlogPosting","@id":"https:\/\/www.eldigitaldeasturias.com\/noticias\/instituto-ifo-aumenta-la-confianza-de-los-exportadores-alemanes\/#blogposting","name":"Instituto Ifo: Aumenta la confianza de los exportadores alemanes - El Digital de Asturias","headline":"Instituto Ifo: Aumenta la confianza de los exportadores alemanes","author":{"@id":"https:\/\/www.eldigitaldeasturias.com\/noticias\/author\/admin\/#author"},"publisher":{"@id":"https:\/\/www.eldigitaldeasturias.com\/noticias\/#organization"},"image":{"@type":"ImageObject","url":"https:\/\/www.eldigitaldeasturias.com\/noticias\/wp-content\/uploads\/2018\/07\/money-1005479_960_720.jpg","width":960,"height":619},"datePublished":"2019-02-25T23:50:36+01:00","dateModified":"2019-02-25T23:50:36+01:00","inLanguage":"es-ES","mainEntityOfPage":{"@id":"https:\/\/www.eldigitaldeasturias.com\/noticias\/instituto-ifo-aumenta-la-confianza-de-los-exportadores-alemanes\/#webpage"},"isPartOf":{"@id":"https:\/\/www.eldigitaldeasturias.com\/noticias\/instituto-ifo-aumenta-la-confianza-de-los-exportadores-alemanes\/#webpage"},"articleSection":"Econom\u00eda"},{"@type":"BreadcrumbList","@id":"https:\/\/www.eldigitaldeasturias.com\/noticias\/instituto-ifo-aumenta-la-confianza-de-los-exportadores-alemanes\/#breadcrumblist","itemListElement":[{"@type":"ListItem","@id":"https:\/\/www.eldigitaldeasturias.com\/noticias#listItem","position":1,"name":"Home","item":"https:\/\/www.eldigitaldeasturias.com\/noticias","nextItem":{"@type":"ListItem","@id":"https:\/\/www.eldigitaldeasturias.com\/noticias\/category\/economia\/#listItem","name":"Econom\u00eda"}},{"@type":"ListItem","@id":"https:\/\/www.eldigitaldeasturias.com\/noticias\/category\/economia\/#listItem","position":2,"name":"Econom\u00eda","item":"https:\/\/www.eldigitaldeasturias.com\/noticias\/category\/economia\/","nextItem":{"@type":"ListItem","@id":"https:\/\/www.eldigitaldeasturias.com\/noticias\/instituto-ifo-aumenta-la-confianza-de-los-exportadores-alemanes\/#listItem","name":"Instituto Ifo: Aumenta la confianza de los exportadores alemanes"},"previousItem":{"@type":"ListItem","@id":"https:\/\/www.eldigitaldeasturias.com\/noticias#listItem","name":"Home"}},{"@type":"ListItem","@id":"https:\/\/www.eldigitaldeasturias.com\/noticias\/instituto-ifo-aumenta-la-confianza-de-los-exportadores-alemanes\/#listItem","position":3,"name":"Instituto Ifo: Aumenta la confianza de los exportadores alemanes","previousItem":{"@type":"ListItem","@id":"https:\/\/www.eldigitaldeasturias.com\/noticias\/category\/economia\/#listItem","name":"Econom\u00eda"}}]},{"@type":"Organization","@id":"https:\/\/www.eldigitaldeasturias.com\/noticias\/#organization","name":"El Digital de Asturias","description":"Hemeroteca","url":"https:\/\/www.eldigitaldeasturias.com\/noticias\/","email":"info@eldigitaldeasturias.com","telephone":"+34652131393","logo":{"@type":"ImageObject","url":"https:\/\/www.eldigitaldeasturias.com\/noticias\/wp-content\/uploads\/2020\/12\/EDA.jpg","@id":"https:\/\/www.eldigitaldeasturias.com\/noticias\/instituto-ifo-aumenta-la-confianza-de-los-exportadores-alemanes\/#organizationLogo","width":649,"height":297},"image":{"@id":"https:\/\/www.eldigitaldeasturias.com\/noticias\/instituto-ifo-aumenta-la-confianza-de-los-exportadores-alemanes\/#organizationLogo"},"sameAs":["https:\/\/facebook.com\/eldigitaldeasturias","https:\/\/www.youtube.com\/channel\/UCZP-2wLEB9Rv6erhFmqVnvg"],"address":{"@id":"https:\/\/www.eldigitaldeasturias.com\/noticias\/#postaladdress","@type":"PostalAddress","streetAddress":"san antonio 4,","postalCode":"33430","addressLocality":"Cand\u00e1s","addressRegion":"Asturias","addressCountry":"ES"}},{"@type":"Person","@id":"https:\/\/www.eldigitaldeasturias.com\/noticias\/author\/admin\/#author","url":"https:\/\/www.eldigitaldeasturias.com\/noticias\/author\/admin\/","name":"El Digital de Asturias","image":{"@type":"ImageObject","@id":"https:\/\/www.eldigitaldeasturias.com\/noticias\/instituto-ifo-aumenta-la-confianza-de-los-exportadores-alemanes\/#authorImage","url":"https:\/\/www.eldigitaldeasturias.com\/noticias\/wp-content\/litespeed\/avatar\/18677e78aa0546b92d9dbf31ec7d7668.jpg?ver=1777290358","width":96,"height":96,"caption":"El Digital de Asturias"}},{"@type":"WebPage","@id":"https:\/\/www.eldigitaldeasturias.com\/noticias\/instituto-ifo-aumenta-la-confianza-de-los-exportadores-alemanes\/#webpage","url":"https:\/\/www.eldigitaldeasturias.com\/noticias\/instituto-ifo-aumenta-la-confianza-de-los-exportadores-alemanes\/","name":"Instituto Ifo: Aumenta la confianza de los exportadores alemanes - El Digital de Asturias","description":"M\u00fanich, 25 feb (dpa) - Las empresas exportadoras de Alemania ven el futuro con un poco menos de escepticismo, indica un sondeo del instituto de investigaci\u00f3n econ\u00f3mica Ifo presentado hoy en M\u00fanich. De acuerdo con la encuesta, las expectativas de los exportadores germanos para los pr\u00f3ximos tres meses mejoraron 1,2 puntos y se ubican en","inLanguage":"es-ES","isPartOf":{"@id":"https:\/\/www.eldigitaldeasturias.com\/noticias\/#website"},"breadcrumb":{"@id":"https:\/\/www.eldigitaldeasturias.com\/noticias\/instituto-ifo-aumenta-la-confianza-de-los-exportadores-alemanes\/#breadcrumblist"},"author":{"@id":"https:\/\/www.eldigitaldeasturias.com\/noticias\/author\/admin\/#author"},"creator":{"@id":"https:\/\/www.eldigitaldeasturias.com\/noticias\/author\/admin\/#author"},"image":{"@type":"ImageObject","url":"https:\/\/www.eldigitaldeasturias.com\/noticias\/wp-content\/uploads\/2018\/07\/money-1005479_960_720.jpg","@id":"https:\/\/www.eldigitaldeasturias.com\/noticias\/instituto-ifo-aumenta-la-confianza-de-los-exportadores-alemanes\/#mainImage","width":960,"height":619},"primaryImageOfPage":{"@id":"https:\/\/www.eldigitaldeasturias.com\/noticias\/instituto-ifo-aumenta-la-confianza-de-los-exportadores-alemanes\/#mainImage"},"datePublished":"2019-02-25T23:50:36+01:00","dateModified":"2019-02-25T23:50:36+01:00"},{"@type":"WebSite","@id":"https:\/\/www.eldigitaldeasturias.com\/noticias\/#website","url":"https:\/\/www.eldigitaldeasturias.com\/noticias\/","name":"El Digital de Asturias - Diario de actualidad y noticias","alternateName":"El Digital de Asturias - Diario de actualidad y noticias","description":"Hemeroteca","inLanguage":"es-ES","publisher":{"@id":"https:\/\/www.eldigitaldeasturias.com\/noticias\/#organization"}}]},"og:locale":"es_ES","og:site_name":"El Digital de Asturias","og:type":"article","og:title":"Instituto Ifo: Aumenta la confianza de los exportadores alemanes - El Digital de Asturias","og:description":"M\u00fanich, 25 feb (dpa) - Las empresas exportadoras de Alemania ven el futuro con un poco menos de escepticismo, indica un sondeo del instituto de investigaci\u00f3n econ\u00f3mica Ifo presentado hoy en M\u00fanich. De acuerdo con la encuesta, las expectativas de los exportadores germanos para los pr\u00f3ximos tres meses mejoraron 1,2 puntos y se ubican en","og:url":"https:\/\/www.eldigitaldeasturias.com\/noticias\/instituto-ifo-aumenta-la-confianza-de-los-exportadores-alemanes\/","og:image":"https:\/\/www.eldigitaldeasturias.com\/noticias\/wp-content\/uploads\/2018\/07\/money-1005479_960_720.jpg","og:image:secure_url":"https:\/\/www.eldigitaldeasturias.com\/noticias\/wp-content\/uploads\/2018\/07\/money-1005479_960_720.jpg","og:image:width":960,"og:image:height":619,"article:tag":["econom\u00eda"],"article:published_time":"2019-02-25T23:50:36+00:00","article:modified_time":"2019-02-25T23:50:36+00:00","article:publisher":"https:\/\/facebook.com\/eldigitaldeasturias","twitter:card":"summary_large_image","twitter:title":"Instituto Ifo: Aumenta la confianza de los exportadores alemanes - El Digital de Asturias","twitter:description":"M\u00fanich, 25 feb (dpa) - Las empresas exportadoras de Alemania ven el futuro con un poco menos de escepticismo, indica un sondeo del instituto de investigaci\u00f3n econ\u00f3mica Ifo presentado hoy en M\u00fanich. De acuerdo con la encuesta, las expectativas de los exportadores germanos para los pr\u00f3ximos tres meses mejoraron 1,2 puntos y se ubican en","twitter:image":"https:\/\/www.eldigitaldeasturias.com\/noticias\/wp-content\/uploads\/2018\/07\/money-1005479_960_720.jpg","twitter:label1":"Escrito por","twitter:data1":"El Digital de Asturias","twitter:label2":"Tiempo de lectura estimado","twitter:data2":"1 minuto"},"aioseo_meta_data":{"post_id":"1018360","title":null,"description":null,"keywords":null,"keyphrases":null,"primary_term":null,"canonical_url":null,"og_title":null,"og_description":null,"og_object_type":"default","og_image_type":"default","og_image_url":null,"og_image_width":null,"og_image_height":null,"og_image_custom_url":null,"og_image_custom_fields":null,"og_video":null,"og_custom_url":null,"og_article_section":null,"og_article_tags":null,"twitter_use_og":false,"twitter_card":"default","twitter_image_type":"default","twitter_image_url":null,"twitter_image_custom_url":null,"twitter_image_custom_fields":null,"twitter_title":null,"twitter_description":null,"schema":{"blockGraphs":[],"customGraphs":[],"default":{"data":{"Article":[],"Course":[],"Dataset":[],"FAQPage":[],"Movie":[],"Person":[],"Product":[],"ProductReview":[],"Car":[],"Recipe":[],"Service":[],"SoftwareApplication":[],"WebPage":[]},"graphName":"","isEnabled":true},"graphs":[],"defaultGraph":"","defaultPostTypeGraph":""},"schema_type":null,"schema_type_options":null,"pillar_content":false,"robots_default":true,"robots_noindex":false,"robots_noarchive":false,"robots_nosnippet":false,"robots_nofollow":false,"robots_noimageindex":false,"robots_noodp":false,"robots_notranslate":false,"robots_max_snippet":null,"robots_max_videopreview":null,"robots_max_imagepreview":"large","priority":null,"frequency":null,"local_seo":null,"seo_analyzer_scan_date":"2025-10-16 13:11:11","breadcrumb_settings":null,"limit_modified_date":false,"open_ai":null,"ai":null,"created":"2020-12-21 11:18:24","updated":"2025-10-16 13:11:11"},"aioseo_breadcrumb":"<div class=\"aioseo-breadcrumbs\"><span class=\"aioseo-breadcrumb\">\n\t<a href=\"https:\/\/www.eldigitaldeasturias.com\/noticias\" title=\"Home\">Home<\/a>\n<\/span><span class=\"aioseo-breadcrumb-separator\">\u2013<\/span><span class=\"aioseo-breadcrumb\">\n\t<a href=\"https:\/\/www.eldigitaldeasturias.com\/noticias\/category\/economia\/\" title=\"Econom\u00eda\">Econom\u00eda<\/a>\n<\/span><span class=\"aioseo-breadcrumb-separator\">\u2013<\/span><span class=\"aioseo-breadcrumb\">\n\t<a href=\"https:\/\/www.eldigitaldeasturias.com\/noticias\/instituto-ifo-aumenta-la-confianza-de-los-exportadores-alemanes\/\" title=\"Instituto Ifo: Aumenta la confianza de los exportadores alemanes\">Instituto Ifo: Aumenta la confianza de los exportadores alemanes<\/a>\n<\/span><\/div>","aioseo_breadcrumb_json":[{"label":"Home","link":"https:\/\/www.eldigitaldeasturias.com\/noticias"},{"label":"Econom\u00eda","link":"https:\/\/www.eldigitaldeasturias.com\/noticias\/category\/economia\/"},{"label":"Instituto Ifo: Aumenta la confianza de los exportadores alemanes","link":"https:\/\/www.eldigitaldeasturias.com\/noticias\/instituto-ifo-aumenta-la-confianza-de-los-exportadores-alemanes\/"}],"_links":{"self":[{"href":"https:\/\/www.eldigitaldeasturias.com\/noticias\/wp-json\/wp\/v2\/posts\/1018360","targetHints":{"allow":["GET"]}}],"collection":[{"href":"https:\/\/www.eldigitaldeasturias.com\/noticias\/wp-json\/wp\/v2\/posts"}],"about":[{"href":"https:\/\/www.eldigitaldeasturias.com\/noticias\/wp-json\/wp\/v2\/types\/post"}],"author":[{"embeddable":true,"href":"https:\/\/www.eldigitaldeasturias.com\/noticias\/wp-json\/wp\/v2\/users\/1"}],"replies":[{"embeddable":true,"href":"https:\/\/www.eldigitaldeasturias.com\/noticias\/wp-json\/wp\/v2\/comments?post=1018360"}],"version-history":[{"count":0,"href":"https:\/\/www.eldigitaldeasturias.com\/noticias\/wp-json\/wp\/v2\/posts\/1018360\/revisions"}],"wp:featuredmedia":[{"embeddable":true,"href":"https:\/\/www.eldigitaldeasturias.com\/noticias\/wp-json\/wp\/v2\/media\/989215"}],"wp:attachment":[{"href":"https:\/\/www.eldigitaldeasturias.com\/noticias\/wp-json\/wp\/v2\/media?parent=1018360"}],"wp:term":[{"taxonomy":"category","embeddable":true,"href":"https:\/\/www.eldigitaldeasturias.com\/noticias\/wp-json\/wp\/v2\/categories?post=1018360"},{"taxonomy":"post_tag","embeddable":true,"href":"https:\/\/www.eldigitaldeasturias.com\/noticias\/wp-json\/wp\/v2\/tags?post=1018360"}],"curies":[{"name":"wp","href":"https:\/\/api.w.org\/{rel}","templated":true}]}}