{"id":1018128,"date":"2019-02-24T16:35:36","date_gmt":"2019-02-24T16:35:36","guid":{"rendered":"https:\/\/www.eldigitaldeasturias.com\/noticias\/?p=1018128"},"modified":"2019-02-24T16:35:36","modified_gmt":"2019-02-24T16:35:36","slug":"los-consumidores-de-alemania-siguen-mostrandose-mas-optimistas-que-la-mayoria-de-los-europeos","status":"publish","type":"post","link":"https:\/\/www.eldigitaldeasturias.com\/noticias\/los-consumidores-de-alemania-siguen-mostrandose-mas-optimistas-que-la-mayoria-de-los-europeos\/","title":{"rendered":"Los consumidores de Alemania siguen mostr\u00e1ndose m\u00e1s optimistas que la mayor\u00eda de los europeos"},"content":{"rendered":"<p><img loading=\"lazy\" decoding=\"async\" class=\"alignleft size-medium wp-image-1018129\" src=\"https:\/\/www.eldigitaldeasturias.com\/noticias\/wp-content\/uploads\/2019\/02\/compras-360x246.jpg\" alt=\"\" width=\"360\" height=\"246\" srcset=\"https:\/\/www.eldigitaldeasturias.com\/noticias\/wp-content\/uploads\/2019\/02\/compras-360x246.jpg 360w, https:\/\/www.eldigitaldeasturias.com\/noticias\/wp-content\/uploads\/2019\/02\/compras-768x524.jpg 768w, https:\/\/www.eldigitaldeasturias.com\/noticias\/wp-content\/uploads\/2019\/02\/compras-650x443.jpg 650w, https:\/\/www.eldigitaldeasturias.com\/noticias\/wp-content\/uploads\/2019\/02\/compras.jpg 988w\" sizes=\"auto, (max-width: 360px) 100vw, 360px\" \/>Fr\u00e1ncfort, 24 feb (dpa) &#8211; Los consumidores de Alemania siguen mostr\u00e1ndose m\u00e1s optimistas que la mayor\u00eda de los europeos, se\u00f1ala un estudio de la empresa investigadora de mercados Nielsen.<\/p>\n<p>\u00abLa confianza del consumidor en Alemania se mantiene en un nivel alto\u00bb, sintetiz\u00f3 Ingo Schier, director de Nielsen en Alemania.<\/p>\n<p>Esto vale tanto para la valoraci\u00f3n de las propias perspectivas laborales como para la predisposici\u00f3n de gasto de los consumidores en los pr\u00f3ximos doce meses, coment\u00f3 el experto.<\/p>\n<p>Mayor confianza que los alemanes revelan, sin embargo, los consumidores en Dinamarca, Rep\u00fablica Checa, Irlanda, Holanda y Polonia, detalla la encuesta.<\/p>\n<p>Nielsen determina su \u00edndex de consumo mediante encuestas regulares sobre las expectativas futuras de los consumidores en 64 pa\u00edses desde hace m\u00e1s de trece a\u00f1os.<\/p>\n<p><strong><em>Foto: Sebastian Gollnow\/dpa<\/em><\/strong><\/p>\n","protected":false},"excerpt":{"rendered":"<p>Fr\u00e1ncfort, 24 feb (dpa) &#8211; Los consumidores de Alemania siguen mostr\u00e1ndose m\u00e1s optimistas que la mayor\u00eda de los europeos, se\u00f1ala un estudio de la empresa investigadora de mercados Nielsen. \u00abLa confianza del consumidor en Alemania se mantiene en un nivel alto\u00bb, sintetiz\u00f3 Ingo Schier, director de Nielsen en Alemania. Esto vale tanto para la valoraci\u00f3n [&hellip;]<\/p>\n","protected":false},"author":1,"featured_media":1018129,"comment_status":"closed","ping_status":"closed","sticky":false,"template":"","format":"standard","meta":{"footnotes":""},"categories":[187],"tags":[],"class_list":["post-1018128","post","type-post","status-publish","format-standard","has-post-thumbnail","hentry","category-economia"],"aioseo_notices":[],"aioseo_head":"\n\t\t<!-- All in One SEO Pro 4.9.6.2 - aioseo.com -->\n\t<meta name=\"description\" content=\"Fr\u00e1ncfort, 24 feb (dpa) - Los consumidores de Alemania siguen mostr\u00e1ndose m\u00e1s optimistas que la mayor\u00eda de los europeos, se\u00f1ala un estudio de la empresa investigadora de mercados Nielsen. &quot;La confianza del consumidor en Alemania se mantiene en un nivel alto&quot;, sintetiz\u00f3 Ingo Schier, director de Nielsen en Alemania. Esto vale tanto para la valoraci\u00f3n\" \/>\n\t<meta name=\"robots\" content=\"max-image-preview:large\" \/>\n\t<meta name=\"author\" content=\"El Digital de Asturias\"\/>\n\t<meta name=\"google-site-verification\" content=\"UA-38556648-1\" \/>\n\t<meta name=\"msvalidate.01\" content=\"7dfe9f3f1b24437ab69f4f2559babe99\" \/>\n\t<meta name=\"keywords\" content=\"econom\u00eda\" \/>\n\t<link rel=\"canonical\" href=\"https:\/\/www.eldigitaldeasturias.com\/noticias\/los-consumidores-de-alemania-siguen-mostrandose-mas-optimistas-que-la-mayoria-de-los-europeos\/\" \/>\n\t<meta name=\"generator\" content=\"All in One SEO Pro (AIOSEO) 4.9.6.2\" \/>\n\t\t<meta property=\"og:locale\" content=\"es_ES\" \/>\n\t\t<meta property=\"og:site_name\" content=\"El Digital de Asturias\" \/>\n\t\t<meta property=\"og:type\" content=\"article\" \/>\n\t\t<meta property=\"og:title\" content=\"Los consumidores de Alemania siguen mostr\u00e1ndose m\u00e1s optimistas que la mayor\u00eda de los europeos - El Digital de Asturias\" \/>\n\t\t<meta property=\"og:description\" content=\"Fr\u00e1ncfort, 24 feb (dpa) - Los consumidores de Alemania siguen mostr\u00e1ndose m\u00e1s optimistas que la mayor\u00eda de los europeos, se\u00f1ala un estudio de la empresa investigadora de mercados Nielsen. &quot;La confianza del consumidor en Alemania se mantiene en un nivel alto&quot;, sintetiz\u00f3 Ingo Schier, director de Nielsen en Alemania. Esto vale tanto para la valoraci\u00f3n\" \/>\n\t\t<meta property=\"og:url\" content=\"https:\/\/www.eldigitaldeasturias.com\/noticias\/los-consumidores-de-alemania-siguen-mostrandose-mas-optimistas-que-la-mayoria-de-los-europeos\/\" \/>\n\t\t<meta property=\"og:image\" content=\"https:\/\/www.eldigitaldeasturias.com\/noticias\/wp-content\/uploads\/2019\/02\/compras.jpg\" \/>\n\t\t<meta property=\"og:image:secure_url\" content=\"https:\/\/www.eldigitaldeasturias.com\/noticias\/wp-content\/uploads\/2019\/02\/compras.jpg\" \/>\n\t\t<meta property=\"og:image:width\" content=\"988\" \/>\n\t\t<meta property=\"og:image:height\" content=\"674\" \/>\n\t\t<meta property=\"article:tag\" content=\"econom\u00eda\" \/>\n\t\t<meta property=\"article:published_time\" content=\"2019-02-24T16:35:36+00:00\" \/>\n\t\t<meta property=\"article:modified_time\" content=\"2019-02-24T16:35:36+00:00\" \/>\n\t\t<meta property=\"article:publisher\" content=\"https:\/\/facebook.com\/eldigitaldeasturias\" \/>\n\t\t<meta name=\"twitter:card\" content=\"summary_large_image\" \/>\n\t\t<meta name=\"twitter:title\" content=\"Los consumidores de Alemania siguen mostr\u00e1ndose m\u00e1s optimistas que la mayor\u00eda de los europeos - El Digital de Asturias\" \/>\n\t\t<meta name=\"twitter:description\" content=\"Fr\u00e1ncfort, 24 feb (dpa) - Los consumidores de Alemania siguen mostr\u00e1ndose m\u00e1s optimistas que la mayor\u00eda de los europeos, se\u00f1ala un estudio de la empresa investigadora de mercados Nielsen. &quot;La confianza del consumidor en Alemania se mantiene en un nivel alto&quot;, sintetiz\u00f3 Ingo Schier, director de Nielsen en Alemania. Esto vale tanto para la valoraci\u00f3n\" \/>\n\t\t<meta name=\"twitter:image\" content=\"https:\/\/www.eldigitaldeasturias.com\/noticias\/wp-content\/uploads\/2019\/02\/compras.jpg\" \/>\n\t\t<meta name=\"twitter:label1\" content=\"Escrito por\" \/>\n\t\t<meta name=\"twitter:data1\" content=\"El Digital de Asturias\" \/>\n\t\t<meta name=\"twitter:label2\" content=\"Tiempo de lectura estimado\" \/>\n\t\t<meta name=\"twitter:data2\" content=\"1 minuto\" \/>\n\t\t<script type=\"application\/ld+json\" class=\"aioseo-schema\">\n\t\t\t{\"@context\":\"https:\\\/\\\/schema.org\",\"@graph\":[{\"@type\":\"BlogPosting\",\"@id\":\"https:\\\/\\\/www.eldigitaldeasturias.com\\\/noticias\\\/los-consumidores-de-alemania-siguen-mostrandose-mas-optimistas-que-la-mayoria-de-los-europeos\\\/#blogposting\",\"name\":\"Los consumidores de Alemania siguen mostr\\u00e1ndose m\\u00e1s optimistas que la mayor\\u00eda de los europeos - El Digital de Asturias\",\"headline\":\"Los consumidores de Alemania siguen mostr\\u00e1ndose m\\u00e1s optimistas que la mayor\\u00eda de los europeos\",\"author\":{\"@id\":\"https:\\\/\\\/www.eldigitaldeasturias.com\\\/noticias\\\/author\\\/admin\\\/#author\"},\"publisher\":{\"@id\":\"https:\\\/\\\/www.eldigitaldeasturias.com\\\/noticias\\\/#organization\"},\"image\":{\"@type\":\"ImageObject\",\"url\":\"https:\\\/\\\/www.eldigitaldeasturias.com\\\/noticias\\\/wp-content\\\/uploads\\\/2019\\\/02\\\/compras.jpg\",\"width\":988,\"height\":674},\"datePublished\":\"2019-02-24T16:35:36+01:00\",\"dateModified\":\"2019-02-24T16:35:36+01:00\",\"inLanguage\":\"es-ES\",\"mainEntityOfPage\":{\"@id\":\"https:\\\/\\\/www.eldigitaldeasturias.com\\\/noticias\\\/los-consumidores-de-alemania-siguen-mostrandose-mas-optimistas-que-la-mayoria-de-los-europeos\\\/#webpage\"},\"isPartOf\":{\"@id\":\"https:\\\/\\\/www.eldigitaldeasturias.com\\\/noticias\\\/los-consumidores-de-alemania-siguen-mostrandose-mas-optimistas-que-la-mayoria-de-los-europeos\\\/#webpage\"},\"articleSection\":\"Econom\\u00eda\"},{\"@type\":\"BreadcrumbList\",\"@id\":\"https:\\\/\\\/www.eldigitaldeasturias.com\\\/noticias\\\/los-consumidores-de-alemania-siguen-mostrandose-mas-optimistas-que-la-mayoria-de-los-europeos\\\/#breadcrumblist\",\"itemListElement\":[{\"@type\":\"ListItem\",\"@id\":\"https:\\\/\\\/www.eldigitaldeasturias.com\\\/noticias#listItem\",\"position\":1,\"name\":\"Home\",\"item\":\"https:\\\/\\\/www.eldigitaldeasturias.com\\\/noticias\",\"nextItem\":{\"@type\":\"ListItem\",\"@id\":\"https:\\\/\\\/www.eldigitaldeasturias.com\\\/noticias\\\/category\\\/economia\\\/#listItem\",\"name\":\"Econom\\u00eda\"}},{\"@type\":\"ListItem\",\"@id\":\"https:\\\/\\\/www.eldigitaldeasturias.com\\\/noticias\\\/category\\\/economia\\\/#listItem\",\"position\":2,\"name\":\"Econom\\u00eda\",\"item\":\"https:\\\/\\\/www.eldigitaldeasturias.com\\\/noticias\\\/category\\\/economia\\\/\",\"nextItem\":{\"@type\":\"ListItem\",\"@id\":\"https:\\\/\\\/www.eldigitaldeasturias.com\\\/noticias\\\/los-consumidores-de-alemania-siguen-mostrandose-mas-optimistas-que-la-mayoria-de-los-europeos\\\/#listItem\",\"name\":\"Los consumidores de Alemania siguen mostr\\u00e1ndose m\\u00e1s optimistas que la mayor\\u00eda de los europeos\"},\"previousItem\":{\"@type\":\"ListItem\",\"@id\":\"https:\\\/\\\/www.eldigitaldeasturias.com\\\/noticias#listItem\",\"name\":\"Home\"}},{\"@type\":\"ListItem\",\"@id\":\"https:\\\/\\\/www.eldigitaldeasturias.com\\\/noticias\\\/los-consumidores-de-alemania-siguen-mostrandose-mas-optimistas-que-la-mayoria-de-los-europeos\\\/#listItem\",\"position\":3,\"name\":\"Los consumidores de Alemania siguen mostr\\u00e1ndose m\\u00e1s optimistas que la mayor\\u00eda de los europeos\",\"previousItem\":{\"@type\":\"ListItem\",\"@id\":\"https:\\\/\\\/www.eldigitaldeasturias.com\\\/noticias\\\/category\\\/economia\\\/#listItem\",\"name\":\"Econom\\u00eda\"}}]},{\"@type\":\"Organization\",\"@id\":\"https:\\\/\\\/www.eldigitaldeasturias.com\\\/noticias\\\/#organization\",\"name\":\"El Digital de Asturias\",\"description\":\"Hemeroteca\",\"url\":\"https:\\\/\\\/www.eldigitaldeasturias.com\\\/noticias\\\/\",\"email\":\"info@eldigitaldeasturias.com\",\"telephone\":\"+34652131393\",\"logo\":{\"@type\":\"ImageObject\",\"url\":\"https:\\\/\\\/www.eldigitaldeasturias.com\\\/noticias\\\/wp-content\\\/uploads\\\/2020\\\/12\\\/EDA.jpg\",\"@id\":\"https:\\\/\\\/www.eldigitaldeasturias.com\\\/noticias\\\/los-consumidores-de-alemania-siguen-mostrandose-mas-optimistas-que-la-mayoria-de-los-europeos\\\/#organizationLogo\",\"width\":649,\"height\":297},\"image\":{\"@id\":\"https:\\\/\\\/www.eldigitaldeasturias.com\\\/noticias\\\/los-consumidores-de-alemania-siguen-mostrandose-mas-optimistas-que-la-mayoria-de-los-europeos\\\/#organizationLogo\"},\"sameAs\":[\"https:\\\/\\\/facebook.com\\\/eldigitaldeasturias\",\"https:\\\/\\\/www.youtube.com\\\/channel\\\/UCZP-2wLEB9Rv6erhFmqVnvg\"],\"address\":{\"@id\":\"https:\\\/\\\/www.eldigitaldeasturias.com\\\/noticias\\\/#postaladdress\",\"@type\":\"PostalAddress\",\"streetAddress\":\"san antonio 4,\",\"postalCode\":\"33430\",\"addressLocality\":\"Cand\\u00e1s\",\"addressRegion\":\"Asturias\",\"addressCountry\":\"ES\"}},{\"@type\":\"Person\",\"@id\":\"https:\\\/\\\/www.eldigitaldeasturias.com\\\/noticias\\\/author\\\/admin\\\/#author\",\"url\":\"https:\\\/\\\/www.eldigitaldeasturias.com\\\/noticias\\\/author\\\/admin\\\/\",\"name\":\"El Digital de Asturias\",\"image\":{\"@type\":\"ImageObject\",\"@id\":\"https:\\\/\\\/www.eldigitaldeasturias.com\\\/noticias\\\/los-consumidores-de-alemania-siguen-mostrandose-mas-optimistas-que-la-mayoria-de-los-europeos\\\/#authorImage\",\"url\":\"https:\\\/\\\/www.eldigitaldeasturias.com\\\/noticias\\\/wp-content\\\/litespeed\\\/avatar\\\/18677e78aa0546b92d9dbf31ec7d7668.jpg?ver=1777290358\",\"width\":96,\"height\":96,\"caption\":\"El Digital de Asturias\"}},{\"@type\":\"WebPage\",\"@id\":\"https:\\\/\\\/www.eldigitaldeasturias.com\\\/noticias\\\/los-consumidores-de-alemania-siguen-mostrandose-mas-optimistas-que-la-mayoria-de-los-europeos\\\/#webpage\",\"url\":\"https:\\\/\\\/www.eldigitaldeasturias.com\\\/noticias\\\/los-consumidores-de-alemania-siguen-mostrandose-mas-optimistas-que-la-mayoria-de-los-europeos\\\/\",\"name\":\"Los consumidores de Alemania siguen mostr\\u00e1ndose m\\u00e1s optimistas que la mayor\\u00eda de los europeos - El Digital de Asturias\",\"description\":\"Fr\\u00e1ncfort, 24 feb (dpa) - Los consumidores de Alemania siguen mostr\\u00e1ndose m\\u00e1s optimistas que la mayor\\u00eda de los europeos, se\\u00f1ala un estudio de la empresa investigadora de mercados Nielsen. \\\"La confianza del consumidor en Alemania se mantiene en un nivel alto\\\", sintetiz\\u00f3 Ingo Schier, director de Nielsen en Alemania. Esto vale tanto para la valoraci\\u00f3n\",\"inLanguage\":\"es-ES\",\"isPartOf\":{\"@id\":\"https:\\\/\\\/www.eldigitaldeasturias.com\\\/noticias\\\/#website\"},\"breadcrumb\":{\"@id\":\"https:\\\/\\\/www.eldigitaldeasturias.com\\\/noticias\\\/los-consumidores-de-alemania-siguen-mostrandose-mas-optimistas-que-la-mayoria-de-los-europeos\\\/#breadcrumblist\"},\"author\":{\"@id\":\"https:\\\/\\\/www.eldigitaldeasturias.com\\\/noticias\\\/author\\\/admin\\\/#author\"},\"creator\":{\"@id\":\"https:\\\/\\\/www.eldigitaldeasturias.com\\\/noticias\\\/author\\\/admin\\\/#author\"},\"image\":{\"@type\":\"ImageObject\",\"url\":\"https:\\\/\\\/www.eldigitaldeasturias.com\\\/noticias\\\/wp-content\\\/uploads\\\/2019\\\/02\\\/compras.jpg\",\"@id\":\"https:\\\/\\\/www.eldigitaldeasturias.com\\\/noticias\\\/los-consumidores-de-alemania-siguen-mostrandose-mas-optimistas-que-la-mayoria-de-los-europeos\\\/#mainImage\",\"width\":988,\"height\":674},\"primaryImageOfPage\":{\"@id\":\"https:\\\/\\\/www.eldigitaldeasturias.com\\\/noticias\\\/los-consumidores-de-alemania-siguen-mostrandose-mas-optimistas-que-la-mayoria-de-los-europeos\\\/#mainImage\"},\"datePublished\":\"2019-02-24T16:35:36+01:00\",\"dateModified\":\"2019-02-24T16:35:36+01:00\"},{\"@type\":\"WebSite\",\"@id\":\"https:\\\/\\\/www.eldigitaldeasturias.com\\\/noticias\\\/#website\",\"url\":\"https:\\\/\\\/www.eldigitaldeasturias.com\\\/noticias\\\/\",\"name\":\"El Digital de Asturias - Diario de actualidad y noticias\",\"alternateName\":\"El Digital de Asturias - Diario de actualidad y noticias\",\"description\":\"Hemeroteca\",\"inLanguage\":\"es-ES\",\"publisher\":{\"@id\":\"https:\\\/\\\/www.eldigitaldeasturias.com\\\/noticias\\\/#organization\"}}]}\n\t\t<\/script>\n\t\t<!-- All in One SEO Pro -->\r\n\t\t<title>Los consumidores de Alemania siguen mostr\u00e1ndose m\u00e1s optimistas que la mayor\u00eda de los europeos - El Digital de Asturias<\/title>\n\n","aioseo_head_json":{"title":"Los consumidores de Alemania siguen mostr\u00e1ndose m\u00e1s optimistas que la mayor\u00eda de los europeos - El Digital de Asturias","description":"Fr\u00e1ncfort, 24 feb (dpa) - Los consumidores de Alemania siguen mostr\u00e1ndose m\u00e1s optimistas que la mayor\u00eda de los europeos, se\u00f1ala un estudio de la empresa investigadora de mercados Nielsen. \"La confianza del consumidor en Alemania se mantiene en un nivel alto\", sintetiz\u00f3 Ingo Schier, director de Nielsen en Alemania. Esto vale tanto para la valoraci\u00f3n","canonical_url":"https:\/\/www.eldigitaldeasturias.com\/noticias\/los-consumidores-de-alemania-siguen-mostrandose-mas-optimistas-que-la-mayoria-de-los-europeos\/","robots":"max-image-preview:large","keywords":"econom\u00eda","webmasterTools":{"google-site-verification":"UA-38556648-1","msvalidate.01":"7dfe9f3f1b24437ab69f4f2559babe99","miscellaneous":""},"schema":{"@context":"https:\/\/schema.org","@graph":[{"@type":"BlogPosting","@id":"https:\/\/www.eldigitaldeasturias.com\/noticias\/los-consumidores-de-alemania-siguen-mostrandose-mas-optimistas-que-la-mayoria-de-los-europeos\/#blogposting","name":"Los consumidores de Alemania siguen mostr\u00e1ndose m\u00e1s optimistas que la mayor\u00eda de los europeos - El Digital de Asturias","headline":"Los consumidores de Alemania siguen mostr\u00e1ndose m\u00e1s optimistas que la mayor\u00eda de los europeos","author":{"@id":"https:\/\/www.eldigitaldeasturias.com\/noticias\/author\/admin\/#author"},"publisher":{"@id":"https:\/\/www.eldigitaldeasturias.com\/noticias\/#organization"},"image":{"@type":"ImageObject","url":"https:\/\/www.eldigitaldeasturias.com\/noticias\/wp-content\/uploads\/2019\/02\/compras.jpg","width":988,"height":674},"datePublished":"2019-02-24T16:35:36+01:00","dateModified":"2019-02-24T16:35:36+01:00","inLanguage":"es-ES","mainEntityOfPage":{"@id":"https:\/\/www.eldigitaldeasturias.com\/noticias\/los-consumidores-de-alemania-siguen-mostrandose-mas-optimistas-que-la-mayoria-de-los-europeos\/#webpage"},"isPartOf":{"@id":"https:\/\/www.eldigitaldeasturias.com\/noticias\/los-consumidores-de-alemania-siguen-mostrandose-mas-optimistas-que-la-mayoria-de-los-europeos\/#webpage"},"articleSection":"Econom\u00eda"},{"@type":"BreadcrumbList","@id":"https:\/\/www.eldigitaldeasturias.com\/noticias\/los-consumidores-de-alemania-siguen-mostrandose-mas-optimistas-que-la-mayoria-de-los-europeos\/#breadcrumblist","itemListElement":[{"@type":"ListItem","@id":"https:\/\/www.eldigitaldeasturias.com\/noticias#listItem","position":1,"name":"Home","item":"https:\/\/www.eldigitaldeasturias.com\/noticias","nextItem":{"@type":"ListItem","@id":"https:\/\/www.eldigitaldeasturias.com\/noticias\/category\/economia\/#listItem","name":"Econom\u00eda"}},{"@type":"ListItem","@id":"https:\/\/www.eldigitaldeasturias.com\/noticias\/category\/economia\/#listItem","position":2,"name":"Econom\u00eda","item":"https:\/\/www.eldigitaldeasturias.com\/noticias\/category\/economia\/","nextItem":{"@type":"ListItem","@id":"https:\/\/www.eldigitaldeasturias.com\/noticias\/los-consumidores-de-alemania-siguen-mostrandose-mas-optimistas-que-la-mayoria-de-los-europeos\/#listItem","name":"Los consumidores de Alemania siguen mostr\u00e1ndose m\u00e1s optimistas que la mayor\u00eda de los europeos"},"previousItem":{"@type":"ListItem","@id":"https:\/\/www.eldigitaldeasturias.com\/noticias#listItem","name":"Home"}},{"@type":"ListItem","@id":"https:\/\/www.eldigitaldeasturias.com\/noticias\/los-consumidores-de-alemania-siguen-mostrandose-mas-optimistas-que-la-mayoria-de-los-europeos\/#listItem","position":3,"name":"Los consumidores de Alemania siguen mostr\u00e1ndose m\u00e1s optimistas que la mayor\u00eda de los europeos","previousItem":{"@type":"ListItem","@id":"https:\/\/www.eldigitaldeasturias.com\/noticias\/category\/economia\/#listItem","name":"Econom\u00eda"}}]},{"@type":"Organization","@id":"https:\/\/www.eldigitaldeasturias.com\/noticias\/#organization","name":"El Digital de Asturias","description":"Hemeroteca","url":"https:\/\/www.eldigitaldeasturias.com\/noticias\/","email":"info@eldigitaldeasturias.com","telephone":"+34652131393","logo":{"@type":"ImageObject","url":"https:\/\/www.eldigitaldeasturias.com\/noticias\/wp-content\/uploads\/2020\/12\/EDA.jpg","@id":"https:\/\/www.eldigitaldeasturias.com\/noticias\/los-consumidores-de-alemania-siguen-mostrandose-mas-optimistas-que-la-mayoria-de-los-europeos\/#organizationLogo","width":649,"height":297},"image":{"@id":"https:\/\/www.eldigitaldeasturias.com\/noticias\/los-consumidores-de-alemania-siguen-mostrandose-mas-optimistas-que-la-mayoria-de-los-europeos\/#organizationLogo"},"sameAs":["https:\/\/facebook.com\/eldigitaldeasturias","https:\/\/www.youtube.com\/channel\/UCZP-2wLEB9Rv6erhFmqVnvg"],"address":{"@id":"https:\/\/www.eldigitaldeasturias.com\/noticias\/#postaladdress","@type":"PostalAddress","streetAddress":"san antonio 4,","postalCode":"33430","addressLocality":"Cand\u00e1s","addressRegion":"Asturias","addressCountry":"ES"}},{"@type":"Person","@id":"https:\/\/www.eldigitaldeasturias.com\/noticias\/author\/admin\/#author","url":"https:\/\/www.eldigitaldeasturias.com\/noticias\/author\/admin\/","name":"El Digital de Asturias","image":{"@type":"ImageObject","@id":"https:\/\/www.eldigitaldeasturias.com\/noticias\/los-consumidores-de-alemania-siguen-mostrandose-mas-optimistas-que-la-mayoria-de-los-europeos\/#authorImage","url":"https:\/\/www.eldigitaldeasturias.com\/noticias\/wp-content\/litespeed\/avatar\/18677e78aa0546b92d9dbf31ec7d7668.jpg?ver=1777290358","width":96,"height":96,"caption":"El Digital de Asturias"}},{"@type":"WebPage","@id":"https:\/\/www.eldigitaldeasturias.com\/noticias\/los-consumidores-de-alemania-siguen-mostrandose-mas-optimistas-que-la-mayoria-de-los-europeos\/#webpage","url":"https:\/\/www.eldigitaldeasturias.com\/noticias\/los-consumidores-de-alemania-siguen-mostrandose-mas-optimistas-que-la-mayoria-de-los-europeos\/","name":"Los consumidores de Alemania siguen mostr\u00e1ndose m\u00e1s optimistas que la mayor\u00eda de los europeos - El Digital de Asturias","description":"Fr\u00e1ncfort, 24 feb (dpa) - Los consumidores de Alemania siguen mostr\u00e1ndose m\u00e1s optimistas que la mayor\u00eda de los europeos, se\u00f1ala un estudio de la empresa investigadora de mercados Nielsen. \"La confianza del consumidor en Alemania se mantiene en un nivel alto\", sintetiz\u00f3 Ingo Schier, director de Nielsen en Alemania. Esto vale tanto para la valoraci\u00f3n","inLanguage":"es-ES","isPartOf":{"@id":"https:\/\/www.eldigitaldeasturias.com\/noticias\/#website"},"breadcrumb":{"@id":"https:\/\/www.eldigitaldeasturias.com\/noticias\/los-consumidores-de-alemania-siguen-mostrandose-mas-optimistas-que-la-mayoria-de-los-europeos\/#breadcrumblist"},"author":{"@id":"https:\/\/www.eldigitaldeasturias.com\/noticias\/author\/admin\/#author"},"creator":{"@id":"https:\/\/www.eldigitaldeasturias.com\/noticias\/author\/admin\/#author"},"image":{"@type":"ImageObject","url":"https:\/\/www.eldigitaldeasturias.com\/noticias\/wp-content\/uploads\/2019\/02\/compras.jpg","@id":"https:\/\/www.eldigitaldeasturias.com\/noticias\/los-consumidores-de-alemania-siguen-mostrandose-mas-optimistas-que-la-mayoria-de-los-europeos\/#mainImage","width":988,"height":674},"primaryImageOfPage":{"@id":"https:\/\/www.eldigitaldeasturias.com\/noticias\/los-consumidores-de-alemania-siguen-mostrandose-mas-optimistas-que-la-mayoria-de-los-europeos\/#mainImage"},"datePublished":"2019-02-24T16:35:36+01:00","dateModified":"2019-02-24T16:35:36+01:00"},{"@type":"WebSite","@id":"https:\/\/www.eldigitaldeasturias.com\/noticias\/#website","url":"https:\/\/www.eldigitaldeasturias.com\/noticias\/","name":"El Digital de Asturias - Diario de actualidad y noticias","alternateName":"El Digital de Asturias - Diario de actualidad y noticias","description":"Hemeroteca","inLanguage":"es-ES","publisher":{"@id":"https:\/\/www.eldigitaldeasturias.com\/noticias\/#organization"}}]},"og:locale":"es_ES","og:site_name":"El Digital de Asturias","og:type":"article","og:title":"Los consumidores de Alemania siguen mostr\u00e1ndose m\u00e1s optimistas que la mayor\u00eda de los europeos - El Digital de Asturias","og:description":"Fr\u00e1ncfort, 24 feb (dpa) - Los consumidores de Alemania siguen mostr\u00e1ndose m\u00e1s optimistas que la mayor\u00eda de los europeos, se\u00f1ala un estudio de la empresa investigadora de mercados Nielsen. &quot;La confianza del consumidor en Alemania se mantiene en un nivel alto&quot;, sintetiz\u00f3 Ingo Schier, director de Nielsen en Alemania. Esto vale tanto para la valoraci\u00f3n","og:url":"https:\/\/www.eldigitaldeasturias.com\/noticias\/los-consumidores-de-alemania-siguen-mostrandose-mas-optimistas-que-la-mayoria-de-los-europeos\/","og:image":"https:\/\/www.eldigitaldeasturias.com\/noticias\/wp-content\/uploads\/2019\/02\/compras.jpg","og:image:secure_url":"https:\/\/www.eldigitaldeasturias.com\/noticias\/wp-content\/uploads\/2019\/02\/compras.jpg","og:image:width":988,"og:image:height":674,"article:tag":["econom\u00eda"],"article:published_time":"2019-02-24T16:35:36+00:00","article:modified_time":"2019-02-24T16:35:36+00:00","article:publisher":"https:\/\/facebook.com\/eldigitaldeasturias","twitter:card":"summary_large_image","twitter:title":"Los consumidores de Alemania siguen mostr\u00e1ndose m\u00e1s optimistas que la mayor\u00eda de los europeos - El Digital de Asturias","twitter:description":"Fr\u00e1ncfort, 24 feb (dpa) - Los consumidores de Alemania siguen mostr\u00e1ndose m\u00e1s optimistas que la mayor\u00eda de los europeos, se\u00f1ala un estudio de la empresa investigadora de mercados Nielsen. &quot;La confianza del consumidor en Alemania se mantiene en un nivel alto&quot;, sintetiz\u00f3 Ingo Schier, director de Nielsen en Alemania. Esto vale tanto para la valoraci\u00f3n","twitter:image":"https:\/\/www.eldigitaldeasturias.com\/noticias\/wp-content\/uploads\/2019\/02\/compras.jpg","twitter:label1":"Escrito por","twitter:data1":"El Digital de Asturias","twitter:label2":"Tiempo de lectura estimado","twitter:data2":"1 minuto"},"aioseo_meta_data":{"post_id":"1018128","title":null,"description":null,"keywords":null,"keyphrases":null,"primary_term":null,"canonical_url":null,"og_title":null,"og_description":null,"og_object_type":"default","og_image_type":"default","og_image_url":null,"og_image_width":null,"og_image_height":null,"og_image_custom_url":null,"og_image_custom_fields":null,"og_video":null,"og_custom_url":null,"og_article_section":null,"og_article_tags":null,"twitter_use_og":false,"twitter_card":"default","twitter_image_type":"default","twitter_image_url":null,"twitter_image_custom_url":null,"twitter_image_custom_fields":null,"twitter_title":null,"twitter_description":null,"schema":{"blockGraphs":[],"customGraphs":[],"default":{"data":{"Article":[],"Course":[],"Dataset":[],"FAQPage":[],"Movie":[],"Person":[],"Product":[],"ProductReview":[],"Car":[],"Recipe":[],"Service":[],"SoftwareApplication":[],"WebPage":[]},"graphName":"","isEnabled":true},"graphs":[],"defaultGraph":"","defaultPostTypeGraph":""},"schema_type":null,"schema_type_options":null,"pillar_content":false,"robots_default":true,"robots_noindex":false,"robots_noarchive":false,"robots_nosnippet":false,"robots_nofollow":false,"robots_noimageindex":false,"robots_noodp":false,"robots_notranslate":false,"robots_max_snippet":null,"robots_max_videopreview":null,"robots_max_imagepreview":"large","priority":null,"frequency":null,"local_seo":null,"seo_analyzer_scan_date":"2025-10-16 11:54:12","breadcrumb_settings":null,"limit_modified_date":false,"open_ai":null,"ai":null,"created":"2020-12-21 11:18:26","updated":"2025-10-16 11:54:12"},"aioseo_breadcrumb":"<div class=\"aioseo-breadcrumbs\"><span class=\"aioseo-breadcrumb\">\n\t<a href=\"https:\/\/www.eldigitaldeasturias.com\/noticias\" title=\"Home\">Home<\/a>\n<\/span><span class=\"aioseo-breadcrumb-separator\">\u2013<\/span><span class=\"aioseo-breadcrumb\">\n\t<a href=\"https:\/\/www.eldigitaldeasturias.com\/noticias\/category\/economia\/\" title=\"Econom\u00eda\">Econom\u00eda<\/a>\n<\/span><span class=\"aioseo-breadcrumb-separator\">\u2013<\/span><span class=\"aioseo-breadcrumb\">\n\t<a href=\"https:\/\/www.eldigitaldeasturias.com\/noticias\/los-consumidores-de-alemania-siguen-mostrandose-mas-optimistas-que-la-mayoria-de-los-europeos\/\" title=\"Los consumidores de Alemania siguen mostr\u00e1ndose m\u00e1s optimistas que la mayor\u00eda de los europeos\">Los consumidores de Alemania siguen mostr\u00e1ndose m\u00e1s optimistas que la mayor\u00eda de los europeos<\/a>\n<\/span><\/div>","aioseo_breadcrumb_json":[{"label":"Home","link":"https:\/\/www.eldigitaldeasturias.com\/noticias"},{"label":"Econom\u00eda","link":"https:\/\/www.eldigitaldeasturias.com\/noticias\/category\/economia\/"},{"label":"Los consumidores de Alemania siguen mostr\u00e1ndose m\u00e1s optimistas que la mayor\u00eda de los europeos","link":"https:\/\/www.eldigitaldeasturias.com\/noticias\/los-consumidores-de-alemania-siguen-mostrandose-mas-optimistas-que-la-mayoria-de-los-europeos\/"}],"_links":{"self":[{"href":"https:\/\/www.eldigitaldeasturias.com\/noticias\/wp-json\/wp\/v2\/posts\/1018128","targetHints":{"allow":["GET"]}}],"collection":[{"href":"https:\/\/www.eldigitaldeasturias.com\/noticias\/wp-json\/wp\/v2\/posts"}],"about":[{"href":"https:\/\/www.eldigitaldeasturias.com\/noticias\/wp-json\/wp\/v2\/types\/post"}],"author":[{"embeddable":true,"href":"https:\/\/www.eldigitaldeasturias.com\/noticias\/wp-json\/wp\/v2\/users\/1"}],"replies":[{"embeddable":true,"href":"https:\/\/www.eldigitaldeasturias.com\/noticias\/wp-json\/wp\/v2\/comments?post=1018128"}],"version-history":[{"count":0,"href":"https:\/\/www.eldigitaldeasturias.com\/noticias\/wp-json\/wp\/v2\/posts\/1018128\/revisions"}],"wp:featuredmedia":[{"embeddable":true,"href":"https:\/\/www.eldigitaldeasturias.com\/noticias\/wp-json\/wp\/v2\/media\/1018129"}],"wp:attachment":[{"href":"https:\/\/www.eldigitaldeasturias.com\/noticias\/wp-json\/wp\/v2\/media?parent=1018128"}],"wp:term":[{"taxonomy":"category","embeddable":true,"href":"https:\/\/www.eldigitaldeasturias.com\/noticias\/wp-json\/wp\/v2\/categories?post=1018128"},{"taxonomy":"post_tag","embeddable":true,"href":"https:\/\/www.eldigitaldeasturias.com\/noticias\/wp-json\/wp\/v2\/tags?post=1018128"}],"curies":[{"name":"wp","href":"https:\/\/api.w.org\/{rel}","templated":true}]}}