{"id":1018004,"date":"2019-02-22T22:44:06","date_gmt":"2019-02-22T22:44:06","guid":{"rendered":"https:\/\/www.eldigitaldeasturias.com\/noticias\/?p=1018004"},"modified":"2019-02-22T22:44:06","modified_gmt":"2019-02-22T22:44:06","slug":"alemania-pide-a-ue-unidad-en-las-negociaciones-comerciales-con-estados-unidos","status":"publish","type":"post","link":"https:\/\/www.eldigitaldeasturias.com\/noticias\/alemania-pide-a-ue-unidad-en-las-negociaciones-comerciales-con-estados-unidos\/","title":{"rendered":"Alemania pide a UE unidad en las negociaciones comerciales con Estados Unidos"},"content":{"rendered":"<p><img loading=\"lazy\" decoding=\"async\" class=\"alignleft size-medium wp-image-983320\" src=\"https:\/\/www.eldigitaldeasturias.com\/noticias\/wp-content\/uploads\/2018\/06\/blue-1283011_960_720-360x252.jpg\" alt=\"\" width=\"360\" height=\"252\" srcset=\"https:\/\/www.eldigitaldeasturias.com\/noticias\/wp-content\/uploads\/2018\/06\/blue-1283011_960_720-360x252.jpg 360w, https:\/\/www.eldigitaldeasturias.com\/noticias\/wp-content\/uploads\/2018\/06\/blue-1283011_960_720-429x300.jpg 429w, https:\/\/www.eldigitaldeasturias.com\/noticias\/wp-content\/uploads\/2018\/06\/blue-1283011_960_720-768x537.jpg 768w, https:\/\/www.eldigitaldeasturias.com\/noticias\/wp-content\/uploads\/2018\/06\/blue-1283011_960_720-687x480.jpg 687w, https:\/\/www.eldigitaldeasturias.com\/noticias\/wp-content\/uploads\/2018\/06\/blue-1283011_960_720-20x14.jpg 20w, https:\/\/www.eldigitaldeasturias.com\/noticias\/wp-content\/uploads\/2018\/06\/blue-1283011_960_720.jpg 960w\" sizes=\"auto, (max-width: 360px) 100vw, 360px\" \/>Berl\u00edn\/Bucarest, 22 feb (dpa) &#8211; Las conversaciones comerciales entre Estados Unidos y la Uni\u00f3n Europea (UE) se encuentran en una \u00abfase cr\u00edtica y decisiva\u00bb y la UE debe actuar de forma unida y demostrar su capacidad de obrar, declar\u00f3 hoy a dpa el ministro alem\u00e1n de Econom\u00eda, Peter Altmaier.<\/p>\n<p>\u00abFijar aranceles m\u00e1s altos para los autom\u00f3viles ser\u00eda un paso equivocado y supondr\u00eda una carga para la econom\u00eda mundial. Por ello, los aranceles de los autom\u00f3viles entre Estados Unidos y Europa deben reducirse y abolirse por completo\u00bb, afirm\u00f3 Altmaier.<\/p>\n<p>La disputa comercial con Estados Unidos tambi\u00e9n es tema hoy en la reuni\u00f3n informal de los ministros de Comercio de la UE en Bucarest.<\/p>\n<p>El Departamento de Comercio de Estados Unidos pas\u00f3 al presidente Donald Trump una evaluaci\u00f3n de si la importaci\u00f3n de autom\u00f3viles y sus componentes podr\u00eda afectar a la seguridad nacional del pa\u00eds.<\/p>\n<p>Si el Departamento opina que s\u00ed, Trump podr\u00eda decidir en un plazo de 90 d\u00edas la imposici\u00f3n de aranceles especiales. La UE anunci\u00f3 unas r\u00e1pidas medidas de represalia si Estados Unidos estableciera finalmente estos aranceles.<\/p>\n<p>En vista de las continuas disputas comerciales, la Comisi\u00f3n Europea anunci\u00f3 que quer\u00eda negociar un nuevo acuerdo de libre comercio con Estados Unidos. En enero, la autoridad de Bruselas present\u00f3 propuestas para un mandato al respecto de los pa\u00edses miembros de la UE.<\/p>\n<p>La Comisi\u00f3n tiene as\u00ed la intenci\u00f3n de negociar con Estados Unidos en torno a la supresi\u00f3n de los aranceles de los productos industriales y la homologaci\u00f3n de las normas de productos.<\/p>\n<p>Sin embargo, la propuesta a\u00fan requiere la aprobaci\u00f3n de los Estados de la UE antes de que puedan comenzar las conversaciones.<\/p>\n","protected":false},"excerpt":{"rendered":"<p>Berl\u00edn\/Bucarest, 22 feb (dpa) &#8211; Las conversaciones comerciales entre Estados Unidos y la Uni\u00f3n Europea (UE) se encuentran en una \u00abfase cr\u00edtica y decisiva\u00bb y la UE debe actuar de forma unida y demostrar su capacidad de obrar, declar\u00f3 hoy a dpa el ministro alem\u00e1n de Econom\u00eda, Peter Altmaier. \u00abFijar aranceles m\u00e1s altos para los [&hellip;]<\/p>\n","protected":false},"author":1,"featured_media":983320,"comment_status":"closed","ping_status":"closed","sticky":false,"template":"","format":"standard","meta":{"footnotes":""},"categories":[187],"tags":[],"class_list":["post-1018004","post","type-post","status-publish","format-standard","has-post-thumbnail","hentry","category-economia"],"aioseo_notices":[],"aioseo_head":"\n\t\t<!-- All in One SEO Pro 4.9.6.2 - aioseo.com -->\n\t<meta name=\"description\" content=\"Berl\u00edn\/Bucarest, 22 feb (dpa) - Las conversaciones comerciales entre Estados Unidos y la Uni\u00f3n Europea (UE) se encuentran en una &quot;fase cr\u00edtica y decisiva&quot; y la UE debe actuar de forma unida y demostrar su capacidad de obrar, declar\u00f3 hoy a dpa el ministro alem\u00e1n de Econom\u00eda, Peter Altmaier. &quot;Fijar aranceles m\u00e1s altos para los\" \/>\n\t<meta name=\"robots\" content=\"max-image-preview:large\" \/>\n\t<meta name=\"author\" content=\"El Digital de Asturias\"\/>\n\t<meta name=\"google-site-verification\" content=\"UA-38556648-1\" \/>\n\t<meta name=\"msvalidate.01\" content=\"7dfe9f3f1b24437ab69f4f2559babe99\" \/>\n\t<meta name=\"keywords\" content=\"econom\u00eda\" \/>\n\t<link rel=\"canonical\" href=\"https:\/\/www.eldigitaldeasturias.com\/noticias\/alemania-pide-a-ue-unidad-en-las-negociaciones-comerciales-con-estados-unidos\/\" \/>\n\t<meta name=\"generator\" content=\"All in One SEO Pro (AIOSEO) 4.9.6.2\" \/>\n\t\t<meta property=\"og:locale\" content=\"es_ES\" \/>\n\t\t<meta property=\"og:site_name\" content=\"El Digital de Asturias\" \/>\n\t\t<meta property=\"og:type\" content=\"article\" \/>\n\t\t<meta property=\"og:title\" content=\"Alemania pide a UE unidad en las negociaciones comerciales con Estados Unidos - El Digital de Asturias\" \/>\n\t\t<meta property=\"og:description\" content=\"Berl\u00edn\/Bucarest, 22 feb (dpa) - Las conversaciones comerciales entre Estados Unidos y la Uni\u00f3n Europea (UE) se encuentran en una &quot;fase cr\u00edtica y decisiva&quot; y la UE debe actuar de forma unida y demostrar su capacidad de obrar, declar\u00f3 hoy a dpa el ministro alem\u00e1n de Econom\u00eda, Peter Altmaier. &quot;Fijar aranceles m\u00e1s altos para los\" \/>\n\t\t<meta property=\"og:url\" content=\"https:\/\/www.eldigitaldeasturias.com\/noticias\/alemania-pide-a-ue-unidad-en-las-negociaciones-comerciales-con-estados-unidos\/\" \/>\n\t\t<meta property=\"og:image\" content=\"https:\/\/www.eldigitaldeasturias.com\/noticias\/wp-content\/uploads\/2018\/06\/blue-1283011_960_720.jpg\" \/>\n\t\t<meta property=\"og:image:secure_url\" content=\"https:\/\/www.eldigitaldeasturias.com\/noticias\/wp-content\/uploads\/2018\/06\/blue-1283011_960_720.jpg\" \/>\n\t\t<meta property=\"og:image:width\" content=\"960\" \/>\n\t\t<meta property=\"og:image:height\" content=\"671\" \/>\n\t\t<meta property=\"article:tag\" content=\"econom\u00eda\" \/>\n\t\t<meta property=\"article:published_time\" content=\"2019-02-22T22:44:06+00:00\" \/>\n\t\t<meta property=\"article:modified_time\" content=\"2019-02-22T22:44:06+00:00\" \/>\n\t\t<meta property=\"article:publisher\" content=\"https:\/\/facebook.com\/eldigitaldeasturias\" \/>\n\t\t<meta name=\"twitter:card\" content=\"summary_large_image\" \/>\n\t\t<meta name=\"twitter:title\" content=\"Alemania pide a UE unidad en las negociaciones comerciales con Estados Unidos - El Digital de Asturias\" \/>\n\t\t<meta name=\"twitter:description\" content=\"Berl\u00edn\/Bucarest, 22 feb (dpa) - Las conversaciones comerciales entre Estados Unidos y la Uni\u00f3n Europea (UE) se encuentran en una &quot;fase cr\u00edtica y decisiva&quot; y la UE debe actuar de forma unida y demostrar su capacidad de obrar, declar\u00f3 hoy a dpa el ministro alem\u00e1n de Econom\u00eda, Peter Altmaier. &quot;Fijar aranceles m\u00e1s altos para los\" \/>\n\t\t<meta name=\"twitter:image\" content=\"https:\/\/www.eldigitaldeasturias.com\/noticias\/wp-content\/uploads\/2018\/06\/blue-1283011_960_720.jpg\" \/>\n\t\t<meta name=\"twitter:label1\" content=\"Escrito por\" \/>\n\t\t<meta name=\"twitter:data1\" content=\"El Digital de Asturias\" \/>\n\t\t<meta name=\"twitter:label2\" content=\"Tiempo de lectura estimado\" \/>\n\t\t<meta name=\"twitter:data2\" content=\"2 minutos\" \/>\n\t\t<script type=\"application\/ld+json\" class=\"aioseo-schema\">\n\t\t\t{\"@context\":\"https:\\\/\\\/schema.org\",\"@graph\":[{\"@type\":\"BlogPosting\",\"@id\":\"https:\\\/\\\/www.eldigitaldeasturias.com\\\/noticias\\\/alemania-pide-a-ue-unidad-en-las-negociaciones-comerciales-con-estados-unidos\\\/#blogposting\",\"name\":\"Alemania pide a UE unidad en las negociaciones comerciales con Estados Unidos - El Digital de Asturias\",\"headline\":\"Alemania pide a UE unidad en las negociaciones comerciales con Estados Unidos\",\"author\":{\"@id\":\"https:\\\/\\\/www.eldigitaldeasturias.com\\\/noticias\\\/author\\\/admin\\\/#author\"},\"publisher\":{\"@id\":\"https:\\\/\\\/www.eldigitaldeasturias.com\\\/noticias\\\/#organization\"},\"image\":{\"@type\":\"ImageObject\",\"url\":\"https:\\\/\\\/www.eldigitaldeasturias.com\\\/noticias\\\/wp-content\\\/uploads\\\/2018\\\/06\\\/blue-1283011_960_720.jpg\",\"width\":960,\"height\":671},\"datePublished\":\"2019-02-22T22:44:06+01:00\",\"dateModified\":\"2019-02-22T22:44:06+01:00\",\"inLanguage\":\"es-ES\",\"mainEntityOfPage\":{\"@id\":\"https:\\\/\\\/www.eldigitaldeasturias.com\\\/noticias\\\/alemania-pide-a-ue-unidad-en-las-negociaciones-comerciales-con-estados-unidos\\\/#webpage\"},\"isPartOf\":{\"@id\":\"https:\\\/\\\/www.eldigitaldeasturias.com\\\/noticias\\\/alemania-pide-a-ue-unidad-en-las-negociaciones-comerciales-con-estados-unidos\\\/#webpage\"},\"articleSection\":\"Econom\\u00eda\"},{\"@type\":\"BreadcrumbList\",\"@id\":\"https:\\\/\\\/www.eldigitaldeasturias.com\\\/noticias\\\/alemania-pide-a-ue-unidad-en-las-negociaciones-comerciales-con-estados-unidos\\\/#breadcrumblist\",\"itemListElement\":[{\"@type\":\"ListItem\",\"@id\":\"https:\\\/\\\/www.eldigitaldeasturias.com\\\/noticias#listItem\",\"position\":1,\"name\":\"Home\",\"item\":\"https:\\\/\\\/www.eldigitaldeasturias.com\\\/noticias\",\"nextItem\":{\"@type\":\"ListItem\",\"@id\":\"https:\\\/\\\/www.eldigitaldeasturias.com\\\/noticias\\\/category\\\/economia\\\/#listItem\",\"name\":\"Econom\\u00eda\"}},{\"@type\":\"ListItem\",\"@id\":\"https:\\\/\\\/www.eldigitaldeasturias.com\\\/noticias\\\/category\\\/economia\\\/#listItem\",\"position\":2,\"name\":\"Econom\\u00eda\",\"item\":\"https:\\\/\\\/www.eldigitaldeasturias.com\\\/noticias\\\/category\\\/economia\\\/\",\"nextItem\":{\"@type\":\"ListItem\",\"@id\":\"https:\\\/\\\/www.eldigitaldeasturias.com\\\/noticias\\\/alemania-pide-a-ue-unidad-en-las-negociaciones-comerciales-con-estados-unidos\\\/#listItem\",\"name\":\"Alemania pide a UE unidad en las negociaciones comerciales con Estados Unidos\"},\"previousItem\":{\"@type\":\"ListItem\",\"@id\":\"https:\\\/\\\/www.eldigitaldeasturias.com\\\/noticias#listItem\",\"name\":\"Home\"}},{\"@type\":\"ListItem\",\"@id\":\"https:\\\/\\\/www.eldigitaldeasturias.com\\\/noticias\\\/alemania-pide-a-ue-unidad-en-las-negociaciones-comerciales-con-estados-unidos\\\/#listItem\",\"position\":3,\"name\":\"Alemania pide a UE unidad en las negociaciones comerciales con Estados Unidos\",\"previousItem\":{\"@type\":\"ListItem\",\"@id\":\"https:\\\/\\\/www.eldigitaldeasturias.com\\\/noticias\\\/category\\\/economia\\\/#listItem\",\"name\":\"Econom\\u00eda\"}}]},{\"@type\":\"Organization\",\"@id\":\"https:\\\/\\\/www.eldigitaldeasturias.com\\\/noticias\\\/#organization\",\"name\":\"El Digital de Asturias\",\"description\":\"Hemeroteca\",\"url\":\"https:\\\/\\\/www.eldigitaldeasturias.com\\\/noticias\\\/\",\"email\":\"info@eldigitaldeasturias.com\",\"telephone\":\"+34652131393\",\"logo\":{\"@type\":\"ImageObject\",\"url\":\"https:\\\/\\\/www.eldigitaldeasturias.com\\\/noticias\\\/wp-content\\\/uploads\\\/2020\\\/12\\\/EDA.jpg\",\"@id\":\"https:\\\/\\\/www.eldigitaldeasturias.com\\\/noticias\\\/alemania-pide-a-ue-unidad-en-las-negociaciones-comerciales-con-estados-unidos\\\/#organizationLogo\",\"width\":649,\"height\":297},\"image\":{\"@id\":\"https:\\\/\\\/www.eldigitaldeasturias.com\\\/noticias\\\/alemania-pide-a-ue-unidad-en-las-negociaciones-comerciales-con-estados-unidos\\\/#organizationLogo\"},\"sameAs\":[\"https:\\\/\\\/facebook.com\\\/eldigitaldeasturias\",\"https:\\\/\\\/www.youtube.com\\\/channel\\\/UCZP-2wLEB9Rv6erhFmqVnvg\"],\"address\":{\"@id\":\"https:\\\/\\\/www.eldigitaldeasturias.com\\\/noticias\\\/#postaladdress\",\"@type\":\"PostalAddress\",\"streetAddress\":\"san antonio 4,\",\"postalCode\":\"33430\",\"addressLocality\":\"Cand\\u00e1s\",\"addressRegion\":\"Asturias\",\"addressCountry\":\"ES\"}},{\"@type\":\"Person\",\"@id\":\"https:\\\/\\\/www.eldigitaldeasturias.com\\\/noticias\\\/author\\\/admin\\\/#author\",\"url\":\"https:\\\/\\\/www.eldigitaldeasturias.com\\\/noticias\\\/author\\\/admin\\\/\",\"name\":\"El Digital de Asturias\",\"image\":{\"@type\":\"ImageObject\",\"@id\":\"https:\\\/\\\/www.eldigitaldeasturias.com\\\/noticias\\\/alemania-pide-a-ue-unidad-en-las-negociaciones-comerciales-con-estados-unidos\\\/#authorImage\",\"url\":\"https:\\\/\\\/www.eldigitaldeasturias.com\\\/noticias\\\/wp-content\\\/litespeed\\\/avatar\\\/18677e78aa0546b92d9dbf31ec7d7668.jpg?ver=1777290358\",\"width\":96,\"height\":96,\"caption\":\"El Digital de Asturias\"}},{\"@type\":\"WebPage\",\"@id\":\"https:\\\/\\\/www.eldigitaldeasturias.com\\\/noticias\\\/alemania-pide-a-ue-unidad-en-las-negociaciones-comerciales-con-estados-unidos\\\/#webpage\",\"url\":\"https:\\\/\\\/www.eldigitaldeasturias.com\\\/noticias\\\/alemania-pide-a-ue-unidad-en-las-negociaciones-comerciales-con-estados-unidos\\\/\",\"name\":\"Alemania pide a UE unidad en las negociaciones comerciales con Estados Unidos - El Digital de Asturias\",\"description\":\"Berl\\u00edn\\\/Bucarest, 22 feb (dpa) - Las conversaciones comerciales entre Estados Unidos y la Uni\\u00f3n Europea (UE) se encuentran en una \\\"fase cr\\u00edtica y decisiva\\\" y la UE debe actuar de forma unida y demostrar su capacidad de obrar, declar\\u00f3 hoy a dpa el ministro alem\\u00e1n de Econom\\u00eda, Peter Altmaier. \\\"Fijar aranceles m\\u00e1s altos para los\",\"inLanguage\":\"es-ES\",\"isPartOf\":{\"@id\":\"https:\\\/\\\/www.eldigitaldeasturias.com\\\/noticias\\\/#website\"},\"breadcrumb\":{\"@id\":\"https:\\\/\\\/www.eldigitaldeasturias.com\\\/noticias\\\/alemania-pide-a-ue-unidad-en-las-negociaciones-comerciales-con-estados-unidos\\\/#breadcrumblist\"},\"author\":{\"@id\":\"https:\\\/\\\/www.eldigitaldeasturias.com\\\/noticias\\\/author\\\/admin\\\/#author\"},\"creator\":{\"@id\":\"https:\\\/\\\/www.eldigitaldeasturias.com\\\/noticias\\\/author\\\/admin\\\/#author\"},\"image\":{\"@type\":\"ImageObject\",\"url\":\"https:\\\/\\\/www.eldigitaldeasturias.com\\\/noticias\\\/wp-content\\\/uploads\\\/2018\\\/06\\\/blue-1283011_960_720.jpg\",\"@id\":\"https:\\\/\\\/www.eldigitaldeasturias.com\\\/noticias\\\/alemania-pide-a-ue-unidad-en-las-negociaciones-comerciales-con-estados-unidos\\\/#mainImage\",\"width\":960,\"height\":671},\"primaryImageOfPage\":{\"@id\":\"https:\\\/\\\/www.eldigitaldeasturias.com\\\/noticias\\\/alemania-pide-a-ue-unidad-en-las-negociaciones-comerciales-con-estados-unidos\\\/#mainImage\"},\"datePublished\":\"2019-02-22T22:44:06+01:00\",\"dateModified\":\"2019-02-22T22:44:06+01:00\"},{\"@type\":\"WebSite\",\"@id\":\"https:\\\/\\\/www.eldigitaldeasturias.com\\\/noticias\\\/#website\",\"url\":\"https:\\\/\\\/www.eldigitaldeasturias.com\\\/noticias\\\/\",\"name\":\"El Digital de Asturias - Diario de actualidad y noticias\",\"alternateName\":\"El Digital de Asturias - Diario de actualidad y noticias\",\"description\":\"Hemeroteca\",\"inLanguage\":\"es-ES\",\"publisher\":{\"@id\":\"https:\\\/\\\/www.eldigitaldeasturias.com\\\/noticias\\\/#organization\"}}]}\n\t\t<\/script>\n\t\t<!-- All in One SEO Pro -->\r\n\t\t<title>Alemania pide a UE unidad en las negociaciones comerciales con Estados Unidos - El Digital de Asturias<\/title>\n\n","aioseo_head_json":{"title":"Alemania pide a UE unidad en las negociaciones comerciales con Estados Unidos - El Digital de Asturias","description":"Berl\u00edn\/Bucarest, 22 feb (dpa) - Las conversaciones comerciales entre Estados Unidos y la Uni\u00f3n Europea (UE) se encuentran en una \"fase cr\u00edtica y decisiva\" y la UE debe actuar de forma unida y demostrar su capacidad de obrar, declar\u00f3 hoy a dpa el ministro alem\u00e1n de Econom\u00eda, Peter Altmaier. \"Fijar aranceles m\u00e1s altos para los","canonical_url":"https:\/\/www.eldigitaldeasturias.com\/noticias\/alemania-pide-a-ue-unidad-en-las-negociaciones-comerciales-con-estados-unidos\/","robots":"max-image-preview:large","keywords":"econom\u00eda","webmasterTools":{"google-site-verification":"UA-38556648-1","msvalidate.01":"7dfe9f3f1b24437ab69f4f2559babe99","miscellaneous":""},"schema":{"@context":"https:\/\/schema.org","@graph":[{"@type":"BlogPosting","@id":"https:\/\/www.eldigitaldeasturias.com\/noticias\/alemania-pide-a-ue-unidad-en-las-negociaciones-comerciales-con-estados-unidos\/#blogposting","name":"Alemania pide a UE unidad en las negociaciones comerciales con Estados Unidos - El Digital de Asturias","headline":"Alemania pide a UE unidad en las negociaciones comerciales con Estados Unidos","author":{"@id":"https:\/\/www.eldigitaldeasturias.com\/noticias\/author\/admin\/#author"},"publisher":{"@id":"https:\/\/www.eldigitaldeasturias.com\/noticias\/#organization"},"image":{"@type":"ImageObject","url":"https:\/\/www.eldigitaldeasturias.com\/noticias\/wp-content\/uploads\/2018\/06\/blue-1283011_960_720.jpg","width":960,"height":671},"datePublished":"2019-02-22T22:44:06+01:00","dateModified":"2019-02-22T22:44:06+01:00","inLanguage":"es-ES","mainEntityOfPage":{"@id":"https:\/\/www.eldigitaldeasturias.com\/noticias\/alemania-pide-a-ue-unidad-en-las-negociaciones-comerciales-con-estados-unidos\/#webpage"},"isPartOf":{"@id":"https:\/\/www.eldigitaldeasturias.com\/noticias\/alemania-pide-a-ue-unidad-en-las-negociaciones-comerciales-con-estados-unidos\/#webpage"},"articleSection":"Econom\u00eda"},{"@type":"BreadcrumbList","@id":"https:\/\/www.eldigitaldeasturias.com\/noticias\/alemania-pide-a-ue-unidad-en-las-negociaciones-comerciales-con-estados-unidos\/#breadcrumblist","itemListElement":[{"@type":"ListItem","@id":"https:\/\/www.eldigitaldeasturias.com\/noticias#listItem","position":1,"name":"Home","item":"https:\/\/www.eldigitaldeasturias.com\/noticias","nextItem":{"@type":"ListItem","@id":"https:\/\/www.eldigitaldeasturias.com\/noticias\/category\/economia\/#listItem","name":"Econom\u00eda"}},{"@type":"ListItem","@id":"https:\/\/www.eldigitaldeasturias.com\/noticias\/category\/economia\/#listItem","position":2,"name":"Econom\u00eda","item":"https:\/\/www.eldigitaldeasturias.com\/noticias\/category\/economia\/","nextItem":{"@type":"ListItem","@id":"https:\/\/www.eldigitaldeasturias.com\/noticias\/alemania-pide-a-ue-unidad-en-las-negociaciones-comerciales-con-estados-unidos\/#listItem","name":"Alemania pide a UE unidad en las negociaciones comerciales con Estados Unidos"},"previousItem":{"@type":"ListItem","@id":"https:\/\/www.eldigitaldeasturias.com\/noticias#listItem","name":"Home"}},{"@type":"ListItem","@id":"https:\/\/www.eldigitaldeasturias.com\/noticias\/alemania-pide-a-ue-unidad-en-las-negociaciones-comerciales-con-estados-unidos\/#listItem","position":3,"name":"Alemania pide a UE unidad en las negociaciones comerciales con Estados Unidos","previousItem":{"@type":"ListItem","@id":"https:\/\/www.eldigitaldeasturias.com\/noticias\/category\/economia\/#listItem","name":"Econom\u00eda"}}]},{"@type":"Organization","@id":"https:\/\/www.eldigitaldeasturias.com\/noticias\/#organization","name":"El Digital de Asturias","description":"Hemeroteca","url":"https:\/\/www.eldigitaldeasturias.com\/noticias\/","email":"info@eldigitaldeasturias.com","telephone":"+34652131393","logo":{"@type":"ImageObject","url":"https:\/\/www.eldigitaldeasturias.com\/noticias\/wp-content\/uploads\/2020\/12\/EDA.jpg","@id":"https:\/\/www.eldigitaldeasturias.com\/noticias\/alemania-pide-a-ue-unidad-en-las-negociaciones-comerciales-con-estados-unidos\/#organizationLogo","width":649,"height":297},"image":{"@id":"https:\/\/www.eldigitaldeasturias.com\/noticias\/alemania-pide-a-ue-unidad-en-las-negociaciones-comerciales-con-estados-unidos\/#organizationLogo"},"sameAs":["https:\/\/facebook.com\/eldigitaldeasturias","https:\/\/www.youtube.com\/channel\/UCZP-2wLEB9Rv6erhFmqVnvg"],"address":{"@id":"https:\/\/www.eldigitaldeasturias.com\/noticias\/#postaladdress","@type":"PostalAddress","streetAddress":"san antonio 4,","postalCode":"33430","addressLocality":"Cand\u00e1s","addressRegion":"Asturias","addressCountry":"ES"}},{"@type":"Person","@id":"https:\/\/www.eldigitaldeasturias.com\/noticias\/author\/admin\/#author","url":"https:\/\/www.eldigitaldeasturias.com\/noticias\/author\/admin\/","name":"El Digital de Asturias","image":{"@type":"ImageObject","@id":"https:\/\/www.eldigitaldeasturias.com\/noticias\/alemania-pide-a-ue-unidad-en-las-negociaciones-comerciales-con-estados-unidos\/#authorImage","url":"https:\/\/www.eldigitaldeasturias.com\/noticias\/wp-content\/litespeed\/avatar\/18677e78aa0546b92d9dbf31ec7d7668.jpg?ver=1777290358","width":96,"height":96,"caption":"El Digital de Asturias"}},{"@type":"WebPage","@id":"https:\/\/www.eldigitaldeasturias.com\/noticias\/alemania-pide-a-ue-unidad-en-las-negociaciones-comerciales-con-estados-unidos\/#webpage","url":"https:\/\/www.eldigitaldeasturias.com\/noticias\/alemania-pide-a-ue-unidad-en-las-negociaciones-comerciales-con-estados-unidos\/","name":"Alemania pide a UE unidad en las negociaciones comerciales con Estados Unidos - El Digital de Asturias","description":"Berl\u00edn\/Bucarest, 22 feb (dpa) - Las conversaciones comerciales entre Estados Unidos y la Uni\u00f3n Europea (UE) se encuentran en una \"fase cr\u00edtica y decisiva\" y la UE debe actuar de forma unida y demostrar su capacidad de obrar, declar\u00f3 hoy a dpa el ministro alem\u00e1n de Econom\u00eda, Peter Altmaier. \"Fijar aranceles m\u00e1s altos para los","inLanguage":"es-ES","isPartOf":{"@id":"https:\/\/www.eldigitaldeasturias.com\/noticias\/#website"},"breadcrumb":{"@id":"https:\/\/www.eldigitaldeasturias.com\/noticias\/alemania-pide-a-ue-unidad-en-las-negociaciones-comerciales-con-estados-unidos\/#breadcrumblist"},"author":{"@id":"https:\/\/www.eldigitaldeasturias.com\/noticias\/author\/admin\/#author"},"creator":{"@id":"https:\/\/www.eldigitaldeasturias.com\/noticias\/author\/admin\/#author"},"image":{"@type":"ImageObject","url":"https:\/\/www.eldigitaldeasturias.com\/noticias\/wp-content\/uploads\/2018\/06\/blue-1283011_960_720.jpg","@id":"https:\/\/www.eldigitaldeasturias.com\/noticias\/alemania-pide-a-ue-unidad-en-las-negociaciones-comerciales-con-estados-unidos\/#mainImage","width":960,"height":671},"primaryImageOfPage":{"@id":"https:\/\/www.eldigitaldeasturias.com\/noticias\/alemania-pide-a-ue-unidad-en-las-negociaciones-comerciales-con-estados-unidos\/#mainImage"},"datePublished":"2019-02-22T22:44:06+01:00","dateModified":"2019-02-22T22:44:06+01:00"},{"@type":"WebSite","@id":"https:\/\/www.eldigitaldeasturias.com\/noticias\/#website","url":"https:\/\/www.eldigitaldeasturias.com\/noticias\/","name":"El Digital de Asturias - Diario de actualidad y noticias","alternateName":"El Digital de Asturias - Diario de actualidad y noticias","description":"Hemeroteca","inLanguage":"es-ES","publisher":{"@id":"https:\/\/www.eldigitaldeasturias.com\/noticias\/#organization"}}]},"og:locale":"es_ES","og:site_name":"El Digital de Asturias","og:type":"article","og:title":"Alemania pide a UE unidad en las negociaciones comerciales con Estados Unidos - El Digital de Asturias","og:description":"Berl\u00edn\/Bucarest, 22 feb (dpa) - Las conversaciones comerciales entre Estados Unidos y la Uni\u00f3n Europea (UE) se encuentran en una &quot;fase cr\u00edtica y decisiva&quot; y la UE debe actuar de forma unida y demostrar su capacidad de obrar, declar\u00f3 hoy a dpa el ministro alem\u00e1n de Econom\u00eda, Peter Altmaier. &quot;Fijar aranceles m\u00e1s altos para los","og:url":"https:\/\/www.eldigitaldeasturias.com\/noticias\/alemania-pide-a-ue-unidad-en-las-negociaciones-comerciales-con-estados-unidos\/","og:image":"https:\/\/www.eldigitaldeasturias.com\/noticias\/wp-content\/uploads\/2018\/06\/blue-1283011_960_720.jpg","og:image:secure_url":"https:\/\/www.eldigitaldeasturias.com\/noticias\/wp-content\/uploads\/2018\/06\/blue-1283011_960_720.jpg","og:image:width":960,"og:image:height":671,"article:tag":["econom\u00eda"],"article:published_time":"2019-02-22T22:44:06+00:00","article:modified_time":"2019-02-22T22:44:06+00:00","article:publisher":"https:\/\/facebook.com\/eldigitaldeasturias","twitter:card":"summary_large_image","twitter:title":"Alemania pide a UE unidad en las negociaciones comerciales con Estados Unidos - El Digital de Asturias","twitter:description":"Berl\u00edn\/Bucarest, 22 feb (dpa) - Las conversaciones comerciales entre Estados Unidos y la Uni\u00f3n Europea (UE) se encuentran en una &quot;fase cr\u00edtica y decisiva&quot; y la UE debe actuar de forma unida y demostrar su capacidad de obrar, declar\u00f3 hoy a dpa el ministro alem\u00e1n de Econom\u00eda, Peter Altmaier. &quot;Fijar aranceles m\u00e1s altos para los","twitter:image":"https:\/\/www.eldigitaldeasturias.com\/noticias\/wp-content\/uploads\/2018\/06\/blue-1283011_960_720.jpg","twitter:label1":"Escrito por","twitter:data1":"El Digital de Asturias","twitter:label2":"Tiempo de lectura estimado","twitter:data2":"2 minutos"},"aioseo_meta_data":{"post_id":"1018004","title":null,"description":null,"keywords":null,"keyphrases":null,"primary_term":null,"canonical_url":null,"og_title":null,"og_description":null,"og_object_type":"default","og_image_type":"default","og_image_url":null,"og_image_width":null,"og_image_height":null,"og_image_custom_url":null,"og_image_custom_fields":null,"og_video":null,"og_custom_url":null,"og_article_section":null,"og_article_tags":null,"twitter_use_og":false,"twitter_card":"default","twitter_image_type":"default","twitter_image_url":null,"twitter_image_custom_url":null,"twitter_image_custom_fields":null,"twitter_title":null,"twitter_description":null,"schema":{"blockGraphs":[],"customGraphs":[],"default":{"data":{"Article":[],"Course":[],"Dataset":[],"FAQPage":[],"Movie":[],"Person":[],"Product":[],"ProductReview":[],"Car":[],"Recipe":[],"Service":[],"SoftwareApplication":[],"WebPage":[]},"graphName":"","isEnabled":true},"graphs":[],"defaultGraph":"","defaultPostTypeGraph":""},"schema_type":null,"schema_type_options":null,"pillar_content":false,"robots_default":true,"robots_noindex":false,"robots_noarchive":false,"robots_nosnippet":false,"robots_nofollow":false,"robots_noimageindex":false,"robots_noodp":false,"robots_notranslate":false,"robots_max_snippet":null,"robots_max_videopreview":null,"robots_max_imagepreview":"large","priority":null,"frequency":null,"local_seo":null,"seo_analyzer_scan_date":"2025-10-16 11:15:09","breadcrumb_settings":null,"limit_modified_date":false,"open_ai":null,"ai":null,"created":"2020-12-21 11:18:35","updated":"2025-10-16 11:15:09"},"aioseo_breadcrumb":"<div class=\"aioseo-breadcrumbs\"><span class=\"aioseo-breadcrumb\">\n\t<a href=\"https:\/\/www.eldigitaldeasturias.com\/noticias\" title=\"Home\">Home<\/a>\n<\/span><span class=\"aioseo-breadcrumb-separator\">\u2013<\/span><span class=\"aioseo-breadcrumb\">\n\t<a href=\"https:\/\/www.eldigitaldeasturias.com\/noticias\/category\/economia\/\" title=\"Econom\u00eda\">Econom\u00eda<\/a>\n<\/span><span class=\"aioseo-breadcrumb-separator\">\u2013<\/span><span class=\"aioseo-breadcrumb\">\n\t<a href=\"https:\/\/www.eldigitaldeasturias.com\/noticias\/alemania-pide-a-ue-unidad-en-las-negociaciones-comerciales-con-estados-unidos\/\" title=\"Alemania pide a UE unidad en las negociaciones comerciales con Estados Unidos\">Alemania pide a UE unidad en las negociaciones comerciales con Estados Unidos<\/a>\n<\/span><\/div>","aioseo_breadcrumb_json":[{"label":"Home","link":"https:\/\/www.eldigitaldeasturias.com\/noticias"},{"label":"Econom\u00eda","link":"https:\/\/www.eldigitaldeasturias.com\/noticias\/category\/economia\/"},{"label":"Alemania pide a UE unidad en las negociaciones comerciales con Estados Unidos","link":"https:\/\/www.eldigitaldeasturias.com\/noticias\/alemania-pide-a-ue-unidad-en-las-negociaciones-comerciales-con-estados-unidos\/"}],"_links":{"self":[{"href":"https:\/\/www.eldigitaldeasturias.com\/noticias\/wp-json\/wp\/v2\/posts\/1018004","targetHints":{"allow":["GET"]}}],"collection":[{"href":"https:\/\/www.eldigitaldeasturias.com\/noticias\/wp-json\/wp\/v2\/posts"}],"about":[{"href":"https:\/\/www.eldigitaldeasturias.com\/noticias\/wp-json\/wp\/v2\/types\/post"}],"author":[{"embeddable":true,"href":"https:\/\/www.eldigitaldeasturias.com\/noticias\/wp-json\/wp\/v2\/users\/1"}],"replies":[{"embeddable":true,"href":"https:\/\/www.eldigitaldeasturias.com\/noticias\/wp-json\/wp\/v2\/comments?post=1018004"}],"version-history":[{"count":0,"href":"https:\/\/www.eldigitaldeasturias.com\/noticias\/wp-json\/wp\/v2\/posts\/1018004\/revisions"}],"wp:featuredmedia":[{"embeddable":true,"href":"https:\/\/www.eldigitaldeasturias.com\/noticias\/wp-json\/wp\/v2\/media\/983320"}],"wp:attachment":[{"href":"https:\/\/www.eldigitaldeasturias.com\/noticias\/wp-json\/wp\/v2\/media?parent=1018004"}],"wp:term":[{"taxonomy":"category","embeddable":true,"href":"https:\/\/www.eldigitaldeasturias.com\/noticias\/wp-json\/wp\/v2\/categories?post=1018004"},{"taxonomy":"post_tag","embeddable":true,"href":"https:\/\/www.eldigitaldeasturias.com\/noticias\/wp-json\/wp\/v2\/tags?post=1018004"}],"curies":[{"name":"wp","href":"https:\/\/api.w.org\/{rel}","templated":true}]}}