{"id":1018000,"date":"2019-02-22T21:46:05","date_gmt":"2019-02-22T21:46:05","guid":{"rendered":"https:\/\/www.eldigitaldeasturias.com\/noticias\/?p=1018000"},"modified":"2019-02-22T21:46:05","modified_gmt":"2019-02-22T21:46:05","slug":"el-clima-empresarial-aleman-empeoro-aun-mas-en-febrero","status":"publish","type":"post","link":"https:\/\/www.eldigitaldeasturias.com\/noticias\/el-clima-empresarial-aleman-empeoro-aun-mas-en-febrero\/","title":{"rendered":"El clima empresarial alem\u00e1n empeor\u00f3 a\u00fan m\u00e1s en febrero"},"content":{"rendered":"<p><img loading=\"lazy\" decoding=\"async\" class=\"alignleft size-medium wp-image-1008592\" src=\"https:\/\/www.eldigitaldeasturias.com\/noticias\/wp-content\/uploads\/2018\/11\/business-1477601_960_720-360x239.jpg\" alt=\"\" width=\"360\" height=\"239\" srcset=\"https:\/\/www.eldigitaldeasturias.com\/noticias\/wp-content\/uploads\/2018\/11\/business-1477601_960_720-360x239.jpg 360w, https:\/\/www.eldigitaldeasturias.com\/noticias\/wp-content\/uploads\/2018\/11\/business-1477601_960_720-768x510.jpg 768w, https:\/\/www.eldigitaldeasturias.com\/noticias\/wp-content\/uploads\/2018\/11\/business-1477601_960_720-650x432.jpg 650w, https:\/\/www.eldigitaldeasturias.com\/noticias\/wp-content\/uploads\/2018\/11\/business-1477601_960_720.jpg 960w\" sizes=\"auto, (max-width: 360px) 100vw, 360px\" \/>M\u00fanich, 22 feb (dpa) &#8211; El clima empresarial alem\u00e1n empeor\u00f3 a\u00fan m\u00e1s en febrero, inform\u00f3 hoy el Instituto de Investigaci\u00f3n Econ\u00f3mica Ifo.<\/p>\n<p>El bar\u00f3metro del Ifo, uno de los principales indicadores de la mayor econom\u00eda de Europa, cay\u00f3 0,8 puntos hasta los 98,5 en comparaci\u00f3n con el mes anterior.<\/p>\n<p>Despu\u00e9s de la sexta ca\u00edda consecutiva, este bar\u00f3metro de percepci\u00f3n econ\u00f3mica est\u00e1 en su nivel m\u00e1s bajo desde diciembre de 2014.<\/p>\n<p>\u00abLas preocupaciones en los niveles ejecutivos de las empresas alemanas siguen aumentando\u00bb, coment\u00f3 el presidente del Ifo, Clemens Fuest. \u00abLa coyuntura alemana sigue siendo d\u00e9bil\u00bb, sentenci\u00f3.<\/p>\n","protected":false},"excerpt":{"rendered":"<p>M\u00fanich, 22 feb (dpa) &#8211; El clima empresarial alem\u00e1n empeor\u00f3 a\u00fan m\u00e1s en febrero, inform\u00f3 hoy el Instituto de Investigaci\u00f3n Econ\u00f3mica Ifo. El bar\u00f3metro del Ifo, uno de los principales indicadores de la mayor econom\u00eda de Europa, cay\u00f3 0,8 puntos hasta los 98,5 en comparaci\u00f3n con el mes anterior. Despu\u00e9s de la sexta ca\u00edda consecutiva, [&hellip;]<\/p>\n","protected":false},"author":1,"featured_media":1008592,"comment_status":"closed","ping_status":"closed","sticky":false,"template":"","format":"standard","meta":{"footnotes":""},"categories":[187],"tags":[],"class_list":["post-1018000","post","type-post","status-publish","format-standard","has-post-thumbnail","hentry","category-economia"],"aioseo_notices":[],"aioseo_head":"\n\t\t<!-- All in One SEO Pro 4.9.6.2 - aioseo.com -->\n\t<meta name=\"description\" content=\"M\u00fanich, 22 feb (dpa) - El clima empresarial alem\u00e1n empeor\u00f3 a\u00fan m\u00e1s en febrero, inform\u00f3 hoy el Instituto de Investigaci\u00f3n Econ\u00f3mica Ifo. El bar\u00f3metro del Ifo, uno de los principales indicadores de la mayor econom\u00eda de Europa, cay\u00f3 0,8 puntos hasta los 98,5 en comparaci\u00f3n con el mes anterior. Despu\u00e9s de la sexta ca\u00edda consecutiva,\" \/>\n\t<meta name=\"robots\" content=\"max-image-preview:large\" \/>\n\t<meta name=\"author\" content=\"El Digital de Asturias\"\/>\n\t<meta name=\"google-site-verification\" content=\"UA-38556648-1\" \/>\n\t<meta name=\"msvalidate.01\" content=\"7dfe9f3f1b24437ab69f4f2559babe99\" \/>\n\t<meta name=\"keywords\" content=\"econom\u00eda\" \/>\n\t<link rel=\"canonical\" href=\"https:\/\/www.eldigitaldeasturias.com\/noticias\/el-clima-empresarial-aleman-empeoro-aun-mas-en-febrero\/\" \/>\n\t<meta name=\"generator\" content=\"All in One SEO Pro (AIOSEO) 4.9.6.2\" \/>\n\t\t<meta property=\"og:locale\" content=\"es_ES\" \/>\n\t\t<meta property=\"og:site_name\" content=\"El Digital de Asturias\" \/>\n\t\t<meta property=\"og:type\" content=\"article\" \/>\n\t\t<meta property=\"og:title\" content=\"El clima empresarial alem\u00e1n empeor\u00f3 a\u00fan m\u00e1s en febrero - El Digital de Asturias\" \/>\n\t\t<meta property=\"og:description\" content=\"M\u00fanich, 22 feb (dpa) - El clima empresarial alem\u00e1n empeor\u00f3 a\u00fan m\u00e1s en febrero, inform\u00f3 hoy el Instituto de Investigaci\u00f3n Econ\u00f3mica Ifo. El bar\u00f3metro del Ifo, uno de los principales indicadores de la mayor econom\u00eda de Europa, cay\u00f3 0,8 puntos hasta los 98,5 en comparaci\u00f3n con el mes anterior. Despu\u00e9s de la sexta ca\u00edda consecutiva,\" \/>\n\t\t<meta property=\"og:url\" content=\"https:\/\/www.eldigitaldeasturias.com\/noticias\/el-clima-empresarial-aleman-empeoro-aun-mas-en-febrero\/\" \/>\n\t\t<meta property=\"og:image\" content=\"https:\/\/www.eldigitaldeasturias.com\/noticias\/wp-content\/uploads\/2018\/11\/business-1477601_960_720.jpg\" \/>\n\t\t<meta property=\"og:image:secure_url\" content=\"https:\/\/www.eldigitaldeasturias.com\/noticias\/wp-content\/uploads\/2018\/11\/business-1477601_960_720.jpg\" \/>\n\t\t<meta property=\"og:image:width\" content=\"960\" \/>\n\t\t<meta property=\"og:image:height\" content=\"638\" \/>\n\t\t<meta property=\"article:tag\" content=\"econom\u00eda\" \/>\n\t\t<meta property=\"article:published_time\" content=\"2019-02-22T21:46:05+00:00\" \/>\n\t\t<meta property=\"article:modified_time\" content=\"2019-02-22T21:46:05+00:00\" \/>\n\t\t<meta property=\"article:publisher\" content=\"https:\/\/facebook.com\/eldigitaldeasturias\" \/>\n\t\t<meta name=\"twitter:card\" content=\"summary_large_image\" \/>\n\t\t<meta name=\"twitter:title\" content=\"El clima empresarial alem\u00e1n empeor\u00f3 a\u00fan m\u00e1s en febrero - El Digital de Asturias\" \/>\n\t\t<meta name=\"twitter:description\" content=\"M\u00fanich, 22 feb (dpa) - El clima empresarial alem\u00e1n empeor\u00f3 a\u00fan m\u00e1s en febrero, inform\u00f3 hoy el Instituto de Investigaci\u00f3n Econ\u00f3mica Ifo. El bar\u00f3metro del Ifo, uno de los principales indicadores de la mayor econom\u00eda de Europa, cay\u00f3 0,8 puntos hasta los 98,5 en comparaci\u00f3n con el mes anterior. Despu\u00e9s de la sexta ca\u00edda consecutiva,\" \/>\n\t\t<meta name=\"twitter:image\" content=\"https:\/\/www.eldigitaldeasturias.com\/noticias\/wp-content\/uploads\/2018\/11\/business-1477601_960_720.jpg\" \/>\n\t\t<meta name=\"twitter:label1\" content=\"Escrito por\" \/>\n\t\t<meta name=\"twitter:data1\" content=\"El Digital de Asturias\" \/>\n\t\t<meta name=\"twitter:label2\" content=\"Tiempo de lectura estimado\" \/>\n\t\t<meta name=\"twitter:data2\" content=\"1 minuto\" \/>\n\t\t<script type=\"application\/ld+json\" class=\"aioseo-schema\">\n\t\t\t{\"@context\":\"https:\\\/\\\/schema.org\",\"@graph\":[{\"@type\":\"BlogPosting\",\"@id\":\"https:\\\/\\\/www.eldigitaldeasturias.com\\\/noticias\\\/el-clima-empresarial-aleman-empeoro-aun-mas-en-febrero\\\/#blogposting\",\"name\":\"El clima empresarial alem\\u00e1n empeor\\u00f3 a\\u00fan m\\u00e1s en febrero - El Digital de Asturias\",\"headline\":\"El clima empresarial alem\\u00e1n empeor\\u00f3 a\\u00fan m\\u00e1s en febrero\",\"author\":{\"@id\":\"https:\\\/\\\/www.eldigitaldeasturias.com\\\/noticias\\\/author\\\/admin\\\/#author\"},\"publisher\":{\"@id\":\"https:\\\/\\\/www.eldigitaldeasturias.com\\\/noticias\\\/#organization\"},\"image\":{\"@type\":\"ImageObject\",\"url\":\"https:\\\/\\\/www.eldigitaldeasturias.com\\\/noticias\\\/wp-content\\\/uploads\\\/2018\\\/11\\\/business-1477601_960_720.jpg\",\"width\":960,\"height\":638},\"datePublished\":\"2019-02-22T21:46:05+01:00\",\"dateModified\":\"2019-02-22T21:46:05+01:00\",\"inLanguage\":\"es-ES\",\"mainEntityOfPage\":{\"@id\":\"https:\\\/\\\/www.eldigitaldeasturias.com\\\/noticias\\\/el-clima-empresarial-aleman-empeoro-aun-mas-en-febrero\\\/#webpage\"},\"isPartOf\":{\"@id\":\"https:\\\/\\\/www.eldigitaldeasturias.com\\\/noticias\\\/el-clima-empresarial-aleman-empeoro-aun-mas-en-febrero\\\/#webpage\"},\"articleSection\":\"Econom\\u00eda\"},{\"@type\":\"BreadcrumbList\",\"@id\":\"https:\\\/\\\/www.eldigitaldeasturias.com\\\/noticias\\\/el-clima-empresarial-aleman-empeoro-aun-mas-en-febrero\\\/#breadcrumblist\",\"itemListElement\":[{\"@type\":\"ListItem\",\"@id\":\"https:\\\/\\\/www.eldigitaldeasturias.com\\\/noticias#listItem\",\"position\":1,\"name\":\"Home\",\"item\":\"https:\\\/\\\/www.eldigitaldeasturias.com\\\/noticias\",\"nextItem\":{\"@type\":\"ListItem\",\"@id\":\"https:\\\/\\\/www.eldigitaldeasturias.com\\\/noticias\\\/category\\\/economia\\\/#listItem\",\"name\":\"Econom\\u00eda\"}},{\"@type\":\"ListItem\",\"@id\":\"https:\\\/\\\/www.eldigitaldeasturias.com\\\/noticias\\\/category\\\/economia\\\/#listItem\",\"position\":2,\"name\":\"Econom\\u00eda\",\"item\":\"https:\\\/\\\/www.eldigitaldeasturias.com\\\/noticias\\\/category\\\/economia\\\/\",\"nextItem\":{\"@type\":\"ListItem\",\"@id\":\"https:\\\/\\\/www.eldigitaldeasturias.com\\\/noticias\\\/el-clima-empresarial-aleman-empeoro-aun-mas-en-febrero\\\/#listItem\",\"name\":\"El clima empresarial alem\\u00e1n empeor\\u00f3 a\\u00fan m\\u00e1s en febrero\"},\"previousItem\":{\"@type\":\"ListItem\",\"@id\":\"https:\\\/\\\/www.eldigitaldeasturias.com\\\/noticias#listItem\",\"name\":\"Home\"}},{\"@type\":\"ListItem\",\"@id\":\"https:\\\/\\\/www.eldigitaldeasturias.com\\\/noticias\\\/el-clima-empresarial-aleman-empeoro-aun-mas-en-febrero\\\/#listItem\",\"position\":3,\"name\":\"El clima empresarial alem\\u00e1n empeor\\u00f3 a\\u00fan m\\u00e1s en febrero\",\"previousItem\":{\"@type\":\"ListItem\",\"@id\":\"https:\\\/\\\/www.eldigitaldeasturias.com\\\/noticias\\\/category\\\/economia\\\/#listItem\",\"name\":\"Econom\\u00eda\"}}]},{\"@type\":\"Organization\",\"@id\":\"https:\\\/\\\/www.eldigitaldeasturias.com\\\/noticias\\\/#organization\",\"name\":\"El Digital de Asturias\",\"description\":\"Hemeroteca\",\"url\":\"https:\\\/\\\/www.eldigitaldeasturias.com\\\/noticias\\\/\",\"email\":\"info@eldigitaldeasturias.com\",\"telephone\":\"+34652131393\",\"logo\":{\"@type\":\"ImageObject\",\"url\":\"https:\\\/\\\/www.eldigitaldeasturias.com\\\/noticias\\\/wp-content\\\/uploads\\\/2020\\\/12\\\/EDA.jpg\",\"@id\":\"https:\\\/\\\/www.eldigitaldeasturias.com\\\/noticias\\\/el-clima-empresarial-aleman-empeoro-aun-mas-en-febrero\\\/#organizationLogo\",\"width\":649,\"height\":297},\"image\":{\"@id\":\"https:\\\/\\\/www.eldigitaldeasturias.com\\\/noticias\\\/el-clima-empresarial-aleman-empeoro-aun-mas-en-febrero\\\/#organizationLogo\"},\"sameAs\":[\"https:\\\/\\\/facebook.com\\\/eldigitaldeasturias\",\"https:\\\/\\\/www.youtube.com\\\/channel\\\/UCZP-2wLEB9Rv6erhFmqVnvg\"],\"address\":{\"@id\":\"https:\\\/\\\/www.eldigitaldeasturias.com\\\/noticias\\\/#postaladdress\",\"@type\":\"PostalAddress\",\"streetAddress\":\"san antonio 4,\",\"postalCode\":\"33430\",\"addressLocality\":\"Cand\\u00e1s\",\"addressRegion\":\"Asturias\",\"addressCountry\":\"ES\"}},{\"@type\":\"Person\",\"@id\":\"https:\\\/\\\/www.eldigitaldeasturias.com\\\/noticias\\\/author\\\/admin\\\/#author\",\"url\":\"https:\\\/\\\/www.eldigitaldeasturias.com\\\/noticias\\\/author\\\/admin\\\/\",\"name\":\"El Digital de Asturias\",\"image\":{\"@type\":\"ImageObject\",\"@id\":\"https:\\\/\\\/www.eldigitaldeasturias.com\\\/noticias\\\/el-clima-empresarial-aleman-empeoro-aun-mas-en-febrero\\\/#authorImage\",\"url\":\"https:\\\/\\\/www.eldigitaldeasturias.com\\\/noticias\\\/wp-content\\\/litespeed\\\/avatar\\\/18677e78aa0546b92d9dbf31ec7d7668.jpg?ver=1777290358\",\"width\":96,\"height\":96,\"caption\":\"El Digital de Asturias\"}},{\"@type\":\"WebPage\",\"@id\":\"https:\\\/\\\/www.eldigitaldeasturias.com\\\/noticias\\\/el-clima-empresarial-aleman-empeoro-aun-mas-en-febrero\\\/#webpage\",\"url\":\"https:\\\/\\\/www.eldigitaldeasturias.com\\\/noticias\\\/el-clima-empresarial-aleman-empeoro-aun-mas-en-febrero\\\/\",\"name\":\"El clima empresarial alem\\u00e1n empeor\\u00f3 a\\u00fan m\\u00e1s en febrero - El Digital de Asturias\",\"description\":\"M\\u00fanich, 22 feb (dpa) - El clima empresarial alem\\u00e1n empeor\\u00f3 a\\u00fan m\\u00e1s en febrero, inform\\u00f3 hoy el Instituto de Investigaci\\u00f3n Econ\\u00f3mica Ifo. El bar\\u00f3metro del Ifo, uno de los principales indicadores de la mayor econom\\u00eda de Europa, cay\\u00f3 0,8 puntos hasta los 98,5 en comparaci\\u00f3n con el mes anterior. Despu\\u00e9s de la sexta ca\\u00edda consecutiva,\",\"inLanguage\":\"es-ES\",\"isPartOf\":{\"@id\":\"https:\\\/\\\/www.eldigitaldeasturias.com\\\/noticias\\\/#website\"},\"breadcrumb\":{\"@id\":\"https:\\\/\\\/www.eldigitaldeasturias.com\\\/noticias\\\/el-clima-empresarial-aleman-empeoro-aun-mas-en-febrero\\\/#breadcrumblist\"},\"author\":{\"@id\":\"https:\\\/\\\/www.eldigitaldeasturias.com\\\/noticias\\\/author\\\/admin\\\/#author\"},\"creator\":{\"@id\":\"https:\\\/\\\/www.eldigitaldeasturias.com\\\/noticias\\\/author\\\/admin\\\/#author\"},\"image\":{\"@type\":\"ImageObject\",\"url\":\"https:\\\/\\\/www.eldigitaldeasturias.com\\\/noticias\\\/wp-content\\\/uploads\\\/2018\\\/11\\\/business-1477601_960_720.jpg\",\"@id\":\"https:\\\/\\\/www.eldigitaldeasturias.com\\\/noticias\\\/el-clima-empresarial-aleman-empeoro-aun-mas-en-febrero\\\/#mainImage\",\"width\":960,\"height\":638},\"primaryImageOfPage\":{\"@id\":\"https:\\\/\\\/www.eldigitaldeasturias.com\\\/noticias\\\/el-clima-empresarial-aleman-empeoro-aun-mas-en-febrero\\\/#mainImage\"},\"datePublished\":\"2019-02-22T21:46:05+01:00\",\"dateModified\":\"2019-02-22T21:46:05+01:00\"},{\"@type\":\"WebSite\",\"@id\":\"https:\\\/\\\/www.eldigitaldeasturias.com\\\/noticias\\\/#website\",\"url\":\"https:\\\/\\\/www.eldigitaldeasturias.com\\\/noticias\\\/\",\"name\":\"El Digital de Asturias - Diario de actualidad y noticias\",\"alternateName\":\"El Digital de Asturias - Diario de actualidad y noticias\",\"description\":\"Hemeroteca\",\"inLanguage\":\"es-ES\",\"publisher\":{\"@id\":\"https:\\\/\\\/www.eldigitaldeasturias.com\\\/noticias\\\/#organization\"}}]}\n\t\t<\/script>\n\t\t<!-- All in One SEO Pro -->\r\n\t\t<title>El clima empresarial alem\u00e1n empeor\u00f3 a\u00fan m\u00e1s en febrero - El Digital de Asturias<\/title>\n\n","aioseo_head_json":{"title":"El clima empresarial alem\u00e1n empeor\u00f3 a\u00fan m\u00e1s en febrero - El Digital de Asturias","description":"M\u00fanich, 22 feb (dpa) - El clima empresarial alem\u00e1n empeor\u00f3 a\u00fan m\u00e1s en febrero, inform\u00f3 hoy el Instituto de Investigaci\u00f3n Econ\u00f3mica Ifo. El bar\u00f3metro del Ifo, uno de los principales indicadores de la mayor econom\u00eda de Europa, cay\u00f3 0,8 puntos hasta los 98,5 en comparaci\u00f3n con el mes anterior. Despu\u00e9s de la sexta ca\u00edda consecutiva,","canonical_url":"https:\/\/www.eldigitaldeasturias.com\/noticias\/el-clima-empresarial-aleman-empeoro-aun-mas-en-febrero\/","robots":"max-image-preview:large","keywords":"econom\u00eda","webmasterTools":{"google-site-verification":"UA-38556648-1","msvalidate.01":"7dfe9f3f1b24437ab69f4f2559babe99","miscellaneous":""},"schema":{"@context":"https:\/\/schema.org","@graph":[{"@type":"BlogPosting","@id":"https:\/\/www.eldigitaldeasturias.com\/noticias\/el-clima-empresarial-aleman-empeoro-aun-mas-en-febrero\/#blogposting","name":"El clima empresarial alem\u00e1n empeor\u00f3 a\u00fan m\u00e1s en febrero - El Digital de Asturias","headline":"El clima empresarial alem\u00e1n empeor\u00f3 a\u00fan m\u00e1s en febrero","author":{"@id":"https:\/\/www.eldigitaldeasturias.com\/noticias\/author\/admin\/#author"},"publisher":{"@id":"https:\/\/www.eldigitaldeasturias.com\/noticias\/#organization"},"image":{"@type":"ImageObject","url":"https:\/\/www.eldigitaldeasturias.com\/noticias\/wp-content\/uploads\/2018\/11\/business-1477601_960_720.jpg","width":960,"height":638},"datePublished":"2019-02-22T21:46:05+01:00","dateModified":"2019-02-22T21:46:05+01:00","inLanguage":"es-ES","mainEntityOfPage":{"@id":"https:\/\/www.eldigitaldeasturias.com\/noticias\/el-clima-empresarial-aleman-empeoro-aun-mas-en-febrero\/#webpage"},"isPartOf":{"@id":"https:\/\/www.eldigitaldeasturias.com\/noticias\/el-clima-empresarial-aleman-empeoro-aun-mas-en-febrero\/#webpage"},"articleSection":"Econom\u00eda"},{"@type":"BreadcrumbList","@id":"https:\/\/www.eldigitaldeasturias.com\/noticias\/el-clima-empresarial-aleman-empeoro-aun-mas-en-febrero\/#breadcrumblist","itemListElement":[{"@type":"ListItem","@id":"https:\/\/www.eldigitaldeasturias.com\/noticias#listItem","position":1,"name":"Home","item":"https:\/\/www.eldigitaldeasturias.com\/noticias","nextItem":{"@type":"ListItem","@id":"https:\/\/www.eldigitaldeasturias.com\/noticias\/category\/economia\/#listItem","name":"Econom\u00eda"}},{"@type":"ListItem","@id":"https:\/\/www.eldigitaldeasturias.com\/noticias\/category\/economia\/#listItem","position":2,"name":"Econom\u00eda","item":"https:\/\/www.eldigitaldeasturias.com\/noticias\/category\/economia\/","nextItem":{"@type":"ListItem","@id":"https:\/\/www.eldigitaldeasturias.com\/noticias\/el-clima-empresarial-aleman-empeoro-aun-mas-en-febrero\/#listItem","name":"El clima empresarial alem\u00e1n empeor\u00f3 a\u00fan m\u00e1s en febrero"},"previousItem":{"@type":"ListItem","@id":"https:\/\/www.eldigitaldeasturias.com\/noticias#listItem","name":"Home"}},{"@type":"ListItem","@id":"https:\/\/www.eldigitaldeasturias.com\/noticias\/el-clima-empresarial-aleman-empeoro-aun-mas-en-febrero\/#listItem","position":3,"name":"El clima empresarial alem\u00e1n empeor\u00f3 a\u00fan m\u00e1s en febrero","previousItem":{"@type":"ListItem","@id":"https:\/\/www.eldigitaldeasturias.com\/noticias\/category\/economia\/#listItem","name":"Econom\u00eda"}}]},{"@type":"Organization","@id":"https:\/\/www.eldigitaldeasturias.com\/noticias\/#organization","name":"El Digital de Asturias","description":"Hemeroteca","url":"https:\/\/www.eldigitaldeasturias.com\/noticias\/","email":"info@eldigitaldeasturias.com","telephone":"+34652131393","logo":{"@type":"ImageObject","url":"https:\/\/www.eldigitaldeasturias.com\/noticias\/wp-content\/uploads\/2020\/12\/EDA.jpg","@id":"https:\/\/www.eldigitaldeasturias.com\/noticias\/el-clima-empresarial-aleman-empeoro-aun-mas-en-febrero\/#organizationLogo","width":649,"height":297},"image":{"@id":"https:\/\/www.eldigitaldeasturias.com\/noticias\/el-clima-empresarial-aleman-empeoro-aun-mas-en-febrero\/#organizationLogo"},"sameAs":["https:\/\/facebook.com\/eldigitaldeasturias","https:\/\/www.youtube.com\/channel\/UCZP-2wLEB9Rv6erhFmqVnvg"],"address":{"@id":"https:\/\/www.eldigitaldeasturias.com\/noticias\/#postaladdress","@type":"PostalAddress","streetAddress":"san antonio 4,","postalCode":"33430","addressLocality":"Cand\u00e1s","addressRegion":"Asturias","addressCountry":"ES"}},{"@type":"Person","@id":"https:\/\/www.eldigitaldeasturias.com\/noticias\/author\/admin\/#author","url":"https:\/\/www.eldigitaldeasturias.com\/noticias\/author\/admin\/","name":"El Digital de Asturias","image":{"@type":"ImageObject","@id":"https:\/\/www.eldigitaldeasturias.com\/noticias\/el-clima-empresarial-aleman-empeoro-aun-mas-en-febrero\/#authorImage","url":"https:\/\/www.eldigitaldeasturias.com\/noticias\/wp-content\/litespeed\/avatar\/18677e78aa0546b92d9dbf31ec7d7668.jpg?ver=1777290358","width":96,"height":96,"caption":"El Digital de Asturias"}},{"@type":"WebPage","@id":"https:\/\/www.eldigitaldeasturias.com\/noticias\/el-clima-empresarial-aleman-empeoro-aun-mas-en-febrero\/#webpage","url":"https:\/\/www.eldigitaldeasturias.com\/noticias\/el-clima-empresarial-aleman-empeoro-aun-mas-en-febrero\/","name":"El clima empresarial alem\u00e1n empeor\u00f3 a\u00fan m\u00e1s en febrero - El Digital de Asturias","description":"M\u00fanich, 22 feb (dpa) - El clima empresarial alem\u00e1n empeor\u00f3 a\u00fan m\u00e1s en febrero, inform\u00f3 hoy el Instituto de Investigaci\u00f3n Econ\u00f3mica Ifo. El bar\u00f3metro del Ifo, uno de los principales indicadores de la mayor econom\u00eda de Europa, cay\u00f3 0,8 puntos hasta los 98,5 en comparaci\u00f3n con el mes anterior. Despu\u00e9s de la sexta ca\u00edda consecutiva,","inLanguage":"es-ES","isPartOf":{"@id":"https:\/\/www.eldigitaldeasturias.com\/noticias\/#website"},"breadcrumb":{"@id":"https:\/\/www.eldigitaldeasturias.com\/noticias\/el-clima-empresarial-aleman-empeoro-aun-mas-en-febrero\/#breadcrumblist"},"author":{"@id":"https:\/\/www.eldigitaldeasturias.com\/noticias\/author\/admin\/#author"},"creator":{"@id":"https:\/\/www.eldigitaldeasturias.com\/noticias\/author\/admin\/#author"},"image":{"@type":"ImageObject","url":"https:\/\/www.eldigitaldeasturias.com\/noticias\/wp-content\/uploads\/2018\/11\/business-1477601_960_720.jpg","@id":"https:\/\/www.eldigitaldeasturias.com\/noticias\/el-clima-empresarial-aleman-empeoro-aun-mas-en-febrero\/#mainImage","width":960,"height":638},"primaryImageOfPage":{"@id":"https:\/\/www.eldigitaldeasturias.com\/noticias\/el-clima-empresarial-aleman-empeoro-aun-mas-en-febrero\/#mainImage"},"datePublished":"2019-02-22T21:46:05+01:00","dateModified":"2019-02-22T21:46:05+01:00"},{"@type":"WebSite","@id":"https:\/\/www.eldigitaldeasturias.com\/noticias\/#website","url":"https:\/\/www.eldigitaldeasturias.com\/noticias\/","name":"El Digital de Asturias - Diario de actualidad y noticias","alternateName":"El Digital de Asturias - Diario de actualidad y noticias","description":"Hemeroteca","inLanguage":"es-ES","publisher":{"@id":"https:\/\/www.eldigitaldeasturias.com\/noticias\/#organization"}}]},"og:locale":"es_ES","og:site_name":"El Digital de Asturias","og:type":"article","og:title":"El clima empresarial alem\u00e1n empeor\u00f3 a\u00fan m\u00e1s en febrero - El Digital de Asturias","og:description":"M\u00fanich, 22 feb (dpa) - El clima empresarial alem\u00e1n empeor\u00f3 a\u00fan m\u00e1s en febrero, inform\u00f3 hoy el Instituto de Investigaci\u00f3n Econ\u00f3mica Ifo. El bar\u00f3metro del Ifo, uno de los principales indicadores de la mayor econom\u00eda de Europa, cay\u00f3 0,8 puntos hasta los 98,5 en comparaci\u00f3n con el mes anterior. Despu\u00e9s de la sexta ca\u00edda consecutiva,","og:url":"https:\/\/www.eldigitaldeasturias.com\/noticias\/el-clima-empresarial-aleman-empeoro-aun-mas-en-febrero\/","og:image":"https:\/\/www.eldigitaldeasturias.com\/noticias\/wp-content\/uploads\/2018\/11\/business-1477601_960_720.jpg","og:image:secure_url":"https:\/\/www.eldigitaldeasturias.com\/noticias\/wp-content\/uploads\/2018\/11\/business-1477601_960_720.jpg","og:image:width":960,"og:image:height":638,"article:tag":["econom\u00eda"],"article:published_time":"2019-02-22T21:46:05+00:00","article:modified_time":"2019-02-22T21:46:05+00:00","article:publisher":"https:\/\/facebook.com\/eldigitaldeasturias","twitter:card":"summary_large_image","twitter:title":"El clima empresarial alem\u00e1n empeor\u00f3 a\u00fan m\u00e1s en febrero - El Digital de Asturias","twitter:description":"M\u00fanich, 22 feb (dpa) - El clima empresarial alem\u00e1n empeor\u00f3 a\u00fan m\u00e1s en febrero, inform\u00f3 hoy el Instituto de Investigaci\u00f3n Econ\u00f3mica Ifo. El bar\u00f3metro del Ifo, uno de los principales indicadores de la mayor econom\u00eda de Europa, cay\u00f3 0,8 puntos hasta los 98,5 en comparaci\u00f3n con el mes anterior. Despu\u00e9s de la sexta ca\u00edda consecutiva,","twitter:image":"https:\/\/www.eldigitaldeasturias.com\/noticias\/wp-content\/uploads\/2018\/11\/business-1477601_960_720.jpg","twitter:label1":"Escrito por","twitter:data1":"El Digital de Asturias","twitter:label2":"Tiempo de lectura estimado","twitter:data2":"1 minuto"},"aioseo_meta_data":{"post_id":"1018000","title":null,"description":null,"keywords":null,"keyphrases":null,"primary_term":null,"canonical_url":null,"og_title":null,"og_description":null,"og_object_type":"default","og_image_type":"default","og_image_url":null,"og_image_width":null,"og_image_height":null,"og_image_custom_url":null,"og_image_custom_fields":null,"og_video":null,"og_custom_url":null,"og_article_section":null,"og_article_tags":null,"twitter_use_og":false,"twitter_card":"default","twitter_image_type":"default","twitter_image_url":null,"twitter_image_custom_url":null,"twitter_image_custom_fields":null,"twitter_title":null,"twitter_description":null,"schema":{"blockGraphs":[],"customGraphs":[],"default":{"data":{"Article":[],"Course":[],"Dataset":[],"FAQPage":[],"Movie":[],"Person":[],"Product":[],"ProductReview":[],"Car":[],"Recipe":[],"Service":[],"SoftwareApplication":[],"WebPage":[]},"graphName":"","isEnabled":true},"graphs":[],"defaultGraph":"","defaultPostTypeGraph":""},"schema_type":null,"schema_type_options":null,"pillar_content":false,"robots_default":true,"robots_noindex":false,"robots_noarchive":false,"robots_nosnippet":false,"robots_nofollow":false,"robots_noimageindex":false,"robots_noodp":false,"robots_notranslate":false,"robots_max_snippet":null,"robots_max_videopreview":null,"robots_max_imagepreview":"large","priority":null,"frequency":null,"local_seo":null,"seo_analyzer_scan_date":"2025-10-16 11:15:08","breadcrumb_settings":null,"limit_modified_date":false,"open_ai":null,"ai":null,"created":"2020-12-21 11:18:35","updated":"2025-10-16 11:15:08"},"aioseo_breadcrumb":"<div class=\"aioseo-breadcrumbs\"><span class=\"aioseo-breadcrumb\">\n\t<a href=\"https:\/\/www.eldigitaldeasturias.com\/noticias\" title=\"Home\">Home<\/a>\n<\/span><span class=\"aioseo-breadcrumb-separator\">\u2013<\/span><span class=\"aioseo-breadcrumb\">\n\t<a href=\"https:\/\/www.eldigitaldeasturias.com\/noticias\/category\/economia\/\" title=\"Econom\u00eda\">Econom\u00eda<\/a>\n<\/span><span class=\"aioseo-breadcrumb-separator\">\u2013<\/span><span class=\"aioseo-breadcrumb\">\n\t<a href=\"https:\/\/www.eldigitaldeasturias.com\/noticias\/el-clima-empresarial-aleman-empeoro-aun-mas-en-febrero\/\" title=\"El clima empresarial alem\u00e1n empeor\u00f3 a\u00fan m\u00e1s en febrero\">El clima empresarial alem\u00e1n empeor\u00f3 a\u00fan m\u00e1s en febrero<\/a>\n<\/span><\/div>","aioseo_breadcrumb_json":[{"label":"Home","link":"https:\/\/www.eldigitaldeasturias.com\/noticias"},{"label":"Econom\u00eda","link":"https:\/\/www.eldigitaldeasturias.com\/noticias\/category\/economia\/"},{"label":"El clima empresarial alem\u00e1n empeor\u00f3 a\u00fan m\u00e1s en febrero","link":"https:\/\/www.eldigitaldeasturias.com\/noticias\/el-clima-empresarial-aleman-empeoro-aun-mas-en-febrero\/"}],"_links":{"self":[{"href":"https:\/\/www.eldigitaldeasturias.com\/noticias\/wp-json\/wp\/v2\/posts\/1018000","targetHints":{"allow":["GET"]}}],"collection":[{"href":"https:\/\/www.eldigitaldeasturias.com\/noticias\/wp-json\/wp\/v2\/posts"}],"about":[{"href":"https:\/\/www.eldigitaldeasturias.com\/noticias\/wp-json\/wp\/v2\/types\/post"}],"author":[{"embeddable":true,"href":"https:\/\/www.eldigitaldeasturias.com\/noticias\/wp-json\/wp\/v2\/users\/1"}],"replies":[{"embeddable":true,"href":"https:\/\/www.eldigitaldeasturias.com\/noticias\/wp-json\/wp\/v2\/comments?post=1018000"}],"version-history":[{"count":0,"href":"https:\/\/www.eldigitaldeasturias.com\/noticias\/wp-json\/wp\/v2\/posts\/1018000\/revisions"}],"wp:featuredmedia":[{"embeddable":true,"href":"https:\/\/www.eldigitaldeasturias.com\/noticias\/wp-json\/wp\/v2\/media\/1008592"}],"wp:attachment":[{"href":"https:\/\/www.eldigitaldeasturias.com\/noticias\/wp-json\/wp\/v2\/media?parent=1018000"}],"wp:term":[{"taxonomy":"category","embeddable":true,"href":"https:\/\/www.eldigitaldeasturias.com\/noticias\/wp-json\/wp\/v2\/categories?post=1018000"},{"taxonomy":"post_tag","embeddable":true,"href":"https:\/\/www.eldigitaldeasturias.com\/noticias\/wp-json\/wp\/v2\/tags?post=1018000"}],"curies":[{"name":"wp","href":"https:\/\/api.w.org\/{rel}","templated":true}]}}