{"id":1017892,"date":"2019-02-22T14:40:51","date_gmt":"2019-02-22T14:40:51","guid":{"rendered":"https:\/\/www.eldigitaldeasturias.com\/noticias\/?p=1017892"},"modified":"2019-02-22T14:40:51","modified_gmt":"2019-02-22T14:40:51","slug":"asignados-los-nuevos-derechos-de-la-reserva-nacional-de-pago-basico-solicitados-en-2018","status":"publish","type":"post","link":"https:\/\/www.eldigitaldeasturias.com\/noticias\/asignados-los-nuevos-derechos-de-la-reserva-nacional-de-pago-basico-solicitados-en-2018\/","title":{"rendered":"Asignados los nuevos derechos de la Reserva Nacional de Pago B\u00e1sico solicitados en 2018"},"content":{"rendered":"<p><img loading=\"lazy\" decoding=\"async\" class=\"alignleft size-medium wp-image-1017893\" src=\"https:\/\/www.eldigitaldeasturias.com\/noticias\/wp-content\/uploads\/2019\/02\/010816-arroz-magrama-360x240.jpg\" alt=\"\" width=\"360\" height=\"240\" srcset=\"https:\/\/www.eldigitaldeasturias.com\/noticias\/wp-content\/uploads\/2019\/02\/010816-arroz-magrama-360x240.jpg 360w, https:\/\/www.eldigitaldeasturias.com\/noticias\/wp-content\/uploads\/2019\/02\/010816-arroz-magrama.jpg 496w\" sizes=\"auto, (max-width: 360px) 100vw, 360px\" \/>Casi 12,63 millones de euros se han asignado a 2.767 beneficiarios, cuyo pago pueden ya efectuar las comunidades aut\u00f3nomas. Los nuevos derechos se han asignado a los j\u00f3venes agricultores y a los agricultores que comienzan la actividad agraria.<\/p>\n<p>El Ministerio de Agricultura, Pesca y Alimentaci\u00f3n, a trav\u00e9s del Fondo Espa\u00f1ol de Garant\u00eda Agraria O.A. (FEGA) ha resuelto la asignaci\u00f3n de la Reserva Nacional del R\u00e9gimen de Pago B\u00e1sico correspondiente a la campa\u00f1a 2018, de acuerdo con lo previsto en la normativa nacional sobre la asignaci\u00f3n de derechos de r\u00e9gimen de pago b\u00e1sico de la Pol\u00edtica Agr\u00edcola Com\u00fan.<\/p>\n<p>Teniendo en cuenta las peticiones recibidas y las disponibilidades de la reserva nacional se han asignado derechos de pago b\u00e1sico a 2.767 agricultores por un importe de 12.627.366,78 euros, lo que supone una asignaci\u00f3n media de 4.563,56 euros por beneficiario.<\/p>\n<p>Cabe destacar que los j\u00f3venes agricultores han sido los principales beneficiados por la asignaci\u00f3n de la reserva nacional 2018, dado que 2.445 j\u00f3venes han percibido un total de 10.648.398,32 euros, con una asignaci\u00f3n media por beneficiario que asciende a 4.355,17 euros.<\/p>\n<p>Estos j\u00f3venes agricultores, adem\u00e1s, podr\u00e1n beneficiarse de un pago complementario, que a partir de esta campa\u00f1a 2018 supone el 50% del importe medio de sus derechos activados, hasta un m\u00e1ximo de 90 derechos.<\/p>\n<p>Asimismo, la reserva nacional de pago b\u00e1sico ha concedido a otros agricultores que comienzan la actividad agraria un total de 1.978.968,46 euros, a repartir entre 322 beneficiarios, lo que supone una asignaci\u00f3n media de 6.145,86 euros por beneficiario.<\/p>\n<p>Una vez efectuada est\u00e1 asignaci\u00f3n y en funci\u00f3n de las disponibilidades presupuestarias que existan en la Reserva Nacional en el mes de junio de 2019, el FEGA estudiar\u00e1 la posibilidad de aplicar el art\u00edculo 30.7.e) del Reglamento (UE) n\u00ba 1307\/2013, del Parlamento y del Consejo de 17 de diciembre, para proceder a un incremento lineal de todos los derechos del sistema, si se cumplen las condiciones indicadas en dicho art\u00edculo.<\/p>\n<p>Asimismo, una vez realizada la asignaci\u00f3n correspondiente a la reserva nacional sobre la base de la informaci\u00f3n enviada por las Comunidades Aut\u00f3nomas y, tras comprobar que no hay riesgo de superaci\u00f3n del l\u00edmite m\u00e1ximo nacional, el FEGA ha comunicado a las comunidades aut\u00f3nomas la autorizaci\u00f3n del abono del 100% de los reg\u00edmenes desacoplados para esta campa\u00f1a 2018, entre los que se incluye el R\u00e9gimen de Pago B\u00e1sico.<\/p>\n<p>De este modo, las comunidades aut\u00f3nomas tendr\u00e1n de plazo para efectuar los correspondientes pagos, hasta el 30 de junio de 2019.<\/p>\n<p>A trav\u00e9s de la consulta p\u00fablica de derechos de pago b\u00e1sico publicada en la p\u00e1gina web del FEGA, se podr\u00e1 acceder, a partir del 28 de febrero, al resultado del c\u00e1lculo de la asignaci\u00f3n de los derechos de Pago B\u00e1sico de la Reserva Nacional 2018, seg\u00fan la informaci\u00f3n remitida al FEGA hasta la fecha actual, por las autoridades competentes de las comunidades aut\u00f3nomas.<\/p>\n<p>Sin embargo, el resultado mostrado de Reserva Nacional no podr\u00e1 ser considerado definitivo, hasta que no se efect\u00fae la comunicaci\u00f3n preceptiva de la Resoluci\u00f3n estimatoria de asignaci\u00f3n de la Reserva Nacional 2018, por parte de su comunidad aut\u00f3noma.<\/p>\n","protected":false},"excerpt":{"rendered":"<p>Casi 12,63 millones de euros se han asignado a 2.767 beneficiarios, cuyo pago pueden ya efectuar las comunidades aut\u00f3nomas. Los nuevos derechos se han asignado a los j\u00f3venes agricultores y a los agricultores que comienzan la actividad agraria. El Ministerio de Agricultura, Pesca y Alimentaci\u00f3n, a trav\u00e9s del Fondo Espa\u00f1ol de Garant\u00eda Agraria O.A. (FEGA) [&hellip;]<\/p>\n","protected":false},"author":1,"featured_media":1017893,"comment_status":"closed","ping_status":"closed","sticky":false,"template":"","format":"standard","meta":{"footnotes":""},"categories":[187],"tags":[],"class_list":["post-1017892","post","type-post","status-publish","format-standard","has-post-thumbnail","hentry","category-economia"],"aioseo_notices":[],"aioseo_head":"\n\t\t<!-- All in One SEO Pro 4.9.6.2 - aioseo.com -->\n\t<meta name=\"description\" content=\"Casi 12,63 millones de euros se han asignado a 2.767 beneficiarios, cuyo pago pueden ya efectuar las comunidades aut\u00f3nomas. Los nuevos derechos se han asignado a los j\u00f3venes agricultores y a los agricultores que comienzan la actividad agraria. El Ministerio de Agricultura, Pesca y Alimentaci\u00f3n, a trav\u00e9s del Fondo Espa\u00f1ol de Garant\u00eda Agraria O.A. (FEGA)\" \/>\n\t<meta name=\"robots\" content=\"max-image-preview:large\" \/>\n\t<meta name=\"author\" content=\"El Digital de Asturias\"\/>\n\t<meta name=\"google-site-verification\" content=\"UA-38556648-1\" \/>\n\t<meta name=\"msvalidate.01\" content=\"7dfe9f3f1b24437ab69f4f2559babe99\" \/>\n\t<meta name=\"keywords\" content=\"econom\u00eda\" \/>\n\t<link rel=\"canonical\" href=\"https:\/\/www.eldigitaldeasturias.com\/noticias\/asignados-los-nuevos-derechos-de-la-reserva-nacional-de-pago-basico-solicitados-en-2018\/\" \/>\n\t<meta name=\"generator\" content=\"All in One SEO Pro (AIOSEO) 4.9.6.2\" \/>\n\t\t<meta property=\"og:locale\" content=\"es_ES\" \/>\n\t\t<meta property=\"og:site_name\" content=\"El Digital de Asturias\" \/>\n\t\t<meta property=\"og:type\" content=\"article\" \/>\n\t\t<meta property=\"og:title\" content=\"Asignados los nuevos derechos de la Reserva Nacional de Pago B\u00e1sico solicitados en 2018 - El Digital de Asturias\" \/>\n\t\t<meta property=\"og:description\" content=\"Casi 12,63 millones de euros se han asignado a 2.767 beneficiarios, cuyo pago pueden ya efectuar las comunidades aut\u00f3nomas. Los nuevos derechos se han asignado a los j\u00f3venes agricultores y a los agricultores que comienzan la actividad agraria. El Ministerio de Agricultura, Pesca y Alimentaci\u00f3n, a trav\u00e9s del Fondo Espa\u00f1ol de Garant\u00eda Agraria O.A. (FEGA)\" \/>\n\t\t<meta property=\"og:url\" content=\"https:\/\/www.eldigitaldeasturias.com\/noticias\/asignados-los-nuevos-derechos-de-la-reserva-nacional-de-pago-basico-solicitados-en-2018\/\" \/>\n\t\t<meta property=\"og:image\" content=\"https:\/\/www.eldigitaldeasturias.com\/noticias\/wp-content\/uploads\/2019\/02\/010816-arroz-magrama.jpg\" \/>\n\t\t<meta property=\"og:image:secure_url\" content=\"https:\/\/www.eldigitaldeasturias.com\/noticias\/wp-content\/uploads\/2019\/02\/010816-arroz-magrama.jpg\" \/>\n\t\t<meta property=\"og:image:width\" content=\"496\" \/>\n\t\t<meta property=\"og:image:height\" content=\"330\" \/>\n\t\t<meta property=\"article:tag\" content=\"econom\u00eda\" \/>\n\t\t<meta property=\"article:published_time\" content=\"2019-02-22T14:40:51+00:00\" \/>\n\t\t<meta property=\"article:modified_time\" content=\"2019-02-22T14:40:51+00:00\" \/>\n\t\t<meta property=\"article:publisher\" content=\"https:\/\/facebook.com\/eldigitaldeasturias\" \/>\n\t\t<meta name=\"twitter:card\" content=\"summary_large_image\" \/>\n\t\t<meta name=\"twitter:title\" content=\"Asignados los nuevos derechos de la Reserva Nacional de Pago B\u00e1sico solicitados en 2018 - El Digital de Asturias\" \/>\n\t\t<meta name=\"twitter:description\" content=\"Casi 12,63 millones de euros se han asignado a 2.767 beneficiarios, cuyo pago pueden ya efectuar las comunidades aut\u00f3nomas. Los nuevos derechos se han asignado a los j\u00f3venes agricultores y a los agricultores que comienzan la actividad agraria. El Ministerio de Agricultura, Pesca y Alimentaci\u00f3n, a trav\u00e9s del Fondo Espa\u00f1ol de Garant\u00eda Agraria O.A. (FEGA)\" \/>\n\t\t<meta name=\"twitter:image\" content=\"https:\/\/www.eldigitaldeasturias.com\/noticias\/wp-content\/uploads\/2019\/02\/010816-arroz-magrama.jpg\" \/>\n\t\t<meta name=\"twitter:label1\" content=\"Escrito por\" \/>\n\t\t<meta name=\"twitter:data1\" content=\"El Digital de Asturias\" \/>\n\t\t<meta name=\"twitter:label2\" content=\"Tiempo de lectura estimado\" \/>\n\t\t<meta name=\"twitter:data2\" content=\"3 minutos\" \/>\n\t\t<script type=\"application\/ld+json\" class=\"aioseo-schema\">\n\t\t\t{\"@context\":\"https:\\\/\\\/schema.org\",\"@graph\":[{\"@type\":\"BlogPosting\",\"@id\":\"https:\\\/\\\/www.eldigitaldeasturias.com\\\/noticias\\\/asignados-los-nuevos-derechos-de-la-reserva-nacional-de-pago-basico-solicitados-en-2018\\\/#blogposting\",\"name\":\"Asignados los nuevos derechos de la Reserva Nacional de Pago B\\u00e1sico solicitados en 2018 - El Digital de Asturias\",\"headline\":\"Asignados los nuevos derechos de la Reserva Nacional de Pago B\\u00e1sico solicitados en 2018\",\"author\":{\"@id\":\"https:\\\/\\\/www.eldigitaldeasturias.com\\\/noticias\\\/author\\\/admin\\\/#author\"},\"publisher\":{\"@id\":\"https:\\\/\\\/www.eldigitaldeasturias.com\\\/noticias\\\/#organization\"},\"image\":{\"@type\":\"ImageObject\",\"url\":\"https:\\\/\\\/www.eldigitaldeasturias.com\\\/noticias\\\/wp-content\\\/uploads\\\/2019\\\/02\\\/010816-arroz-magrama.jpg\",\"width\":496,\"height\":330},\"datePublished\":\"2019-02-22T14:40:51+01:00\",\"dateModified\":\"2019-02-22T14:40:51+01:00\",\"inLanguage\":\"es-ES\",\"mainEntityOfPage\":{\"@id\":\"https:\\\/\\\/www.eldigitaldeasturias.com\\\/noticias\\\/asignados-los-nuevos-derechos-de-la-reserva-nacional-de-pago-basico-solicitados-en-2018\\\/#webpage\"},\"isPartOf\":{\"@id\":\"https:\\\/\\\/www.eldigitaldeasturias.com\\\/noticias\\\/asignados-los-nuevos-derechos-de-la-reserva-nacional-de-pago-basico-solicitados-en-2018\\\/#webpage\"},\"articleSection\":\"Econom\\u00eda\"},{\"@type\":\"BreadcrumbList\",\"@id\":\"https:\\\/\\\/www.eldigitaldeasturias.com\\\/noticias\\\/asignados-los-nuevos-derechos-de-la-reserva-nacional-de-pago-basico-solicitados-en-2018\\\/#breadcrumblist\",\"itemListElement\":[{\"@type\":\"ListItem\",\"@id\":\"https:\\\/\\\/www.eldigitaldeasturias.com\\\/noticias#listItem\",\"position\":1,\"name\":\"Home\",\"item\":\"https:\\\/\\\/www.eldigitaldeasturias.com\\\/noticias\",\"nextItem\":{\"@type\":\"ListItem\",\"@id\":\"https:\\\/\\\/www.eldigitaldeasturias.com\\\/noticias\\\/category\\\/economia\\\/#listItem\",\"name\":\"Econom\\u00eda\"}},{\"@type\":\"ListItem\",\"@id\":\"https:\\\/\\\/www.eldigitaldeasturias.com\\\/noticias\\\/category\\\/economia\\\/#listItem\",\"position\":2,\"name\":\"Econom\\u00eda\",\"item\":\"https:\\\/\\\/www.eldigitaldeasturias.com\\\/noticias\\\/category\\\/economia\\\/\",\"nextItem\":{\"@type\":\"ListItem\",\"@id\":\"https:\\\/\\\/www.eldigitaldeasturias.com\\\/noticias\\\/asignados-los-nuevos-derechos-de-la-reserva-nacional-de-pago-basico-solicitados-en-2018\\\/#listItem\",\"name\":\"Asignados los nuevos derechos de la Reserva Nacional de Pago B\\u00e1sico solicitados en 2018\"},\"previousItem\":{\"@type\":\"ListItem\",\"@id\":\"https:\\\/\\\/www.eldigitaldeasturias.com\\\/noticias#listItem\",\"name\":\"Home\"}},{\"@type\":\"ListItem\",\"@id\":\"https:\\\/\\\/www.eldigitaldeasturias.com\\\/noticias\\\/asignados-los-nuevos-derechos-de-la-reserva-nacional-de-pago-basico-solicitados-en-2018\\\/#listItem\",\"position\":3,\"name\":\"Asignados los nuevos derechos de la Reserva Nacional de Pago B\\u00e1sico solicitados en 2018\",\"previousItem\":{\"@type\":\"ListItem\",\"@id\":\"https:\\\/\\\/www.eldigitaldeasturias.com\\\/noticias\\\/category\\\/economia\\\/#listItem\",\"name\":\"Econom\\u00eda\"}}]},{\"@type\":\"Organization\",\"@id\":\"https:\\\/\\\/www.eldigitaldeasturias.com\\\/noticias\\\/#organization\",\"name\":\"El Digital de Asturias\",\"description\":\"Hemeroteca\",\"url\":\"https:\\\/\\\/www.eldigitaldeasturias.com\\\/noticias\\\/\",\"email\":\"info@eldigitaldeasturias.com\",\"telephone\":\"+34652131393\",\"logo\":{\"@type\":\"ImageObject\",\"url\":\"https:\\\/\\\/www.eldigitaldeasturias.com\\\/noticias\\\/wp-content\\\/uploads\\\/2020\\\/12\\\/EDA.jpg\",\"@id\":\"https:\\\/\\\/www.eldigitaldeasturias.com\\\/noticias\\\/asignados-los-nuevos-derechos-de-la-reserva-nacional-de-pago-basico-solicitados-en-2018\\\/#organizationLogo\",\"width\":649,\"height\":297},\"image\":{\"@id\":\"https:\\\/\\\/www.eldigitaldeasturias.com\\\/noticias\\\/asignados-los-nuevos-derechos-de-la-reserva-nacional-de-pago-basico-solicitados-en-2018\\\/#organizationLogo\"},\"sameAs\":[\"https:\\\/\\\/facebook.com\\\/eldigitaldeasturias\",\"https:\\\/\\\/www.youtube.com\\\/channel\\\/UCZP-2wLEB9Rv6erhFmqVnvg\"],\"address\":{\"@id\":\"https:\\\/\\\/www.eldigitaldeasturias.com\\\/noticias\\\/#postaladdress\",\"@type\":\"PostalAddress\",\"streetAddress\":\"san antonio 4,\",\"postalCode\":\"33430\",\"addressLocality\":\"Cand\\u00e1s\",\"addressRegion\":\"Asturias\",\"addressCountry\":\"ES\"}},{\"@type\":\"Person\",\"@id\":\"https:\\\/\\\/www.eldigitaldeasturias.com\\\/noticias\\\/author\\\/admin\\\/#author\",\"url\":\"https:\\\/\\\/www.eldigitaldeasturias.com\\\/noticias\\\/author\\\/admin\\\/\",\"name\":\"El Digital de Asturias\",\"image\":{\"@type\":\"ImageObject\",\"@id\":\"https:\\\/\\\/www.eldigitaldeasturias.com\\\/noticias\\\/asignados-los-nuevos-derechos-de-la-reserva-nacional-de-pago-basico-solicitados-en-2018\\\/#authorImage\",\"url\":\"https:\\\/\\\/www.eldigitaldeasturias.com\\\/noticias\\\/wp-content\\\/litespeed\\\/avatar\\\/18677e78aa0546b92d9dbf31ec7d7668.jpg?ver=1777290358\",\"width\":96,\"height\":96,\"caption\":\"El Digital de Asturias\"}},{\"@type\":\"WebPage\",\"@id\":\"https:\\\/\\\/www.eldigitaldeasturias.com\\\/noticias\\\/asignados-los-nuevos-derechos-de-la-reserva-nacional-de-pago-basico-solicitados-en-2018\\\/#webpage\",\"url\":\"https:\\\/\\\/www.eldigitaldeasturias.com\\\/noticias\\\/asignados-los-nuevos-derechos-de-la-reserva-nacional-de-pago-basico-solicitados-en-2018\\\/\",\"name\":\"Asignados los nuevos derechos de la Reserva Nacional de Pago B\\u00e1sico solicitados en 2018 - El Digital de Asturias\",\"description\":\"Casi 12,63 millones de euros se han asignado a 2.767 beneficiarios, cuyo pago pueden ya efectuar las comunidades aut\\u00f3nomas. Los nuevos derechos se han asignado a los j\\u00f3venes agricultores y a los agricultores que comienzan la actividad agraria. El Ministerio de Agricultura, Pesca y Alimentaci\\u00f3n, a trav\\u00e9s del Fondo Espa\\u00f1ol de Garant\\u00eda Agraria O.A. (FEGA)\",\"inLanguage\":\"es-ES\",\"isPartOf\":{\"@id\":\"https:\\\/\\\/www.eldigitaldeasturias.com\\\/noticias\\\/#website\"},\"breadcrumb\":{\"@id\":\"https:\\\/\\\/www.eldigitaldeasturias.com\\\/noticias\\\/asignados-los-nuevos-derechos-de-la-reserva-nacional-de-pago-basico-solicitados-en-2018\\\/#breadcrumblist\"},\"author\":{\"@id\":\"https:\\\/\\\/www.eldigitaldeasturias.com\\\/noticias\\\/author\\\/admin\\\/#author\"},\"creator\":{\"@id\":\"https:\\\/\\\/www.eldigitaldeasturias.com\\\/noticias\\\/author\\\/admin\\\/#author\"},\"image\":{\"@type\":\"ImageObject\",\"url\":\"https:\\\/\\\/www.eldigitaldeasturias.com\\\/noticias\\\/wp-content\\\/uploads\\\/2019\\\/02\\\/010816-arroz-magrama.jpg\",\"@id\":\"https:\\\/\\\/www.eldigitaldeasturias.com\\\/noticias\\\/asignados-los-nuevos-derechos-de-la-reserva-nacional-de-pago-basico-solicitados-en-2018\\\/#mainImage\",\"width\":496,\"height\":330},\"primaryImageOfPage\":{\"@id\":\"https:\\\/\\\/www.eldigitaldeasturias.com\\\/noticias\\\/asignados-los-nuevos-derechos-de-la-reserva-nacional-de-pago-basico-solicitados-en-2018\\\/#mainImage\"},\"datePublished\":\"2019-02-22T14:40:51+01:00\",\"dateModified\":\"2019-02-22T14:40:51+01:00\"},{\"@type\":\"WebSite\",\"@id\":\"https:\\\/\\\/www.eldigitaldeasturias.com\\\/noticias\\\/#website\",\"url\":\"https:\\\/\\\/www.eldigitaldeasturias.com\\\/noticias\\\/\",\"name\":\"El Digital de Asturias - Diario de actualidad y noticias\",\"alternateName\":\"El Digital de Asturias - Diario de actualidad y noticias\",\"description\":\"Hemeroteca\",\"inLanguage\":\"es-ES\",\"publisher\":{\"@id\":\"https:\\\/\\\/www.eldigitaldeasturias.com\\\/noticias\\\/#organization\"}}]}\n\t\t<\/script>\n\t\t<!-- All in One SEO Pro -->\r\n\t\t<title>Asignados los nuevos derechos de la Reserva Nacional de Pago B\u00e1sico solicitados en 2018 - El Digital de Asturias<\/title>\n\n","aioseo_head_json":{"title":"Asignados los nuevos derechos de la Reserva Nacional de Pago B\u00e1sico solicitados en 2018 - El Digital de Asturias","description":"Casi 12,63 millones de euros se han asignado a 2.767 beneficiarios, cuyo pago pueden ya efectuar las comunidades aut\u00f3nomas. Los nuevos derechos se han asignado a los j\u00f3venes agricultores y a los agricultores que comienzan la actividad agraria. El Ministerio de Agricultura, Pesca y Alimentaci\u00f3n, a trav\u00e9s del Fondo Espa\u00f1ol de Garant\u00eda Agraria O.A. (FEGA)","canonical_url":"https:\/\/www.eldigitaldeasturias.com\/noticias\/asignados-los-nuevos-derechos-de-la-reserva-nacional-de-pago-basico-solicitados-en-2018\/","robots":"max-image-preview:large","keywords":"econom\u00eda","webmasterTools":{"google-site-verification":"UA-38556648-1","msvalidate.01":"7dfe9f3f1b24437ab69f4f2559babe99","miscellaneous":""},"schema":{"@context":"https:\/\/schema.org","@graph":[{"@type":"BlogPosting","@id":"https:\/\/www.eldigitaldeasturias.com\/noticias\/asignados-los-nuevos-derechos-de-la-reserva-nacional-de-pago-basico-solicitados-en-2018\/#blogposting","name":"Asignados los nuevos derechos de la Reserva Nacional de Pago B\u00e1sico solicitados en 2018 - El Digital de Asturias","headline":"Asignados los nuevos derechos de la Reserva Nacional de Pago B\u00e1sico solicitados en 2018","author":{"@id":"https:\/\/www.eldigitaldeasturias.com\/noticias\/author\/admin\/#author"},"publisher":{"@id":"https:\/\/www.eldigitaldeasturias.com\/noticias\/#organization"},"image":{"@type":"ImageObject","url":"https:\/\/www.eldigitaldeasturias.com\/noticias\/wp-content\/uploads\/2019\/02\/010816-arroz-magrama.jpg","width":496,"height":330},"datePublished":"2019-02-22T14:40:51+01:00","dateModified":"2019-02-22T14:40:51+01:00","inLanguage":"es-ES","mainEntityOfPage":{"@id":"https:\/\/www.eldigitaldeasturias.com\/noticias\/asignados-los-nuevos-derechos-de-la-reserva-nacional-de-pago-basico-solicitados-en-2018\/#webpage"},"isPartOf":{"@id":"https:\/\/www.eldigitaldeasturias.com\/noticias\/asignados-los-nuevos-derechos-de-la-reserva-nacional-de-pago-basico-solicitados-en-2018\/#webpage"},"articleSection":"Econom\u00eda"},{"@type":"BreadcrumbList","@id":"https:\/\/www.eldigitaldeasturias.com\/noticias\/asignados-los-nuevos-derechos-de-la-reserva-nacional-de-pago-basico-solicitados-en-2018\/#breadcrumblist","itemListElement":[{"@type":"ListItem","@id":"https:\/\/www.eldigitaldeasturias.com\/noticias#listItem","position":1,"name":"Home","item":"https:\/\/www.eldigitaldeasturias.com\/noticias","nextItem":{"@type":"ListItem","@id":"https:\/\/www.eldigitaldeasturias.com\/noticias\/category\/economia\/#listItem","name":"Econom\u00eda"}},{"@type":"ListItem","@id":"https:\/\/www.eldigitaldeasturias.com\/noticias\/category\/economia\/#listItem","position":2,"name":"Econom\u00eda","item":"https:\/\/www.eldigitaldeasturias.com\/noticias\/category\/economia\/","nextItem":{"@type":"ListItem","@id":"https:\/\/www.eldigitaldeasturias.com\/noticias\/asignados-los-nuevos-derechos-de-la-reserva-nacional-de-pago-basico-solicitados-en-2018\/#listItem","name":"Asignados los nuevos derechos de la Reserva Nacional de Pago B\u00e1sico solicitados en 2018"},"previousItem":{"@type":"ListItem","@id":"https:\/\/www.eldigitaldeasturias.com\/noticias#listItem","name":"Home"}},{"@type":"ListItem","@id":"https:\/\/www.eldigitaldeasturias.com\/noticias\/asignados-los-nuevos-derechos-de-la-reserva-nacional-de-pago-basico-solicitados-en-2018\/#listItem","position":3,"name":"Asignados los nuevos derechos de la Reserva Nacional de Pago B\u00e1sico solicitados en 2018","previousItem":{"@type":"ListItem","@id":"https:\/\/www.eldigitaldeasturias.com\/noticias\/category\/economia\/#listItem","name":"Econom\u00eda"}}]},{"@type":"Organization","@id":"https:\/\/www.eldigitaldeasturias.com\/noticias\/#organization","name":"El Digital de Asturias","description":"Hemeroteca","url":"https:\/\/www.eldigitaldeasturias.com\/noticias\/","email":"info@eldigitaldeasturias.com","telephone":"+34652131393","logo":{"@type":"ImageObject","url":"https:\/\/www.eldigitaldeasturias.com\/noticias\/wp-content\/uploads\/2020\/12\/EDA.jpg","@id":"https:\/\/www.eldigitaldeasturias.com\/noticias\/asignados-los-nuevos-derechos-de-la-reserva-nacional-de-pago-basico-solicitados-en-2018\/#organizationLogo","width":649,"height":297},"image":{"@id":"https:\/\/www.eldigitaldeasturias.com\/noticias\/asignados-los-nuevos-derechos-de-la-reserva-nacional-de-pago-basico-solicitados-en-2018\/#organizationLogo"},"sameAs":["https:\/\/facebook.com\/eldigitaldeasturias","https:\/\/www.youtube.com\/channel\/UCZP-2wLEB9Rv6erhFmqVnvg"],"address":{"@id":"https:\/\/www.eldigitaldeasturias.com\/noticias\/#postaladdress","@type":"PostalAddress","streetAddress":"san antonio 4,","postalCode":"33430","addressLocality":"Cand\u00e1s","addressRegion":"Asturias","addressCountry":"ES"}},{"@type":"Person","@id":"https:\/\/www.eldigitaldeasturias.com\/noticias\/author\/admin\/#author","url":"https:\/\/www.eldigitaldeasturias.com\/noticias\/author\/admin\/","name":"El Digital de Asturias","image":{"@type":"ImageObject","@id":"https:\/\/www.eldigitaldeasturias.com\/noticias\/asignados-los-nuevos-derechos-de-la-reserva-nacional-de-pago-basico-solicitados-en-2018\/#authorImage","url":"https:\/\/www.eldigitaldeasturias.com\/noticias\/wp-content\/litespeed\/avatar\/18677e78aa0546b92d9dbf31ec7d7668.jpg?ver=1777290358","width":96,"height":96,"caption":"El Digital de Asturias"}},{"@type":"WebPage","@id":"https:\/\/www.eldigitaldeasturias.com\/noticias\/asignados-los-nuevos-derechos-de-la-reserva-nacional-de-pago-basico-solicitados-en-2018\/#webpage","url":"https:\/\/www.eldigitaldeasturias.com\/noticias\/asignados-los-nuevos-derechos-de-la-reserva-nacional-de-pago-basico-solicitados-en-2018\/","name":"Asignados los nuevos derechos de la Reserva Nacional de Pago B\u00e1sico solicitados en 2018 - El Digital de Asturias","description":"Casi 12,63 millones de euros se han asignado a 2.767 beneficiarios, cuyo pago pueden ya efectuar las comunidades aut\u00f3nomas. Los nuevos derechos se han asignado a los j\u00f3venes agricultores y a los agricultores que comienzan la actividad agraria. El Ministerio de Agricultura, Pesca y Alimentaci\u00f3n, a trav\u00e9s del Fondo Espa\u00f1ol de Garant\u00eda Agraria O.A. (FEGA)","inLanguage":"es-ES","isPartOf":{"@id":"https:\/\/www.eldigitaldeasturias.com\/noticias\/#website"},"breadcrumb":{"@id":"https:\/\/www.eldigitaldeasturias.com\/noticias\/asignados-los-nuevos-derechos-de-la-reserva-nacional-de-pago-basico-solicitados-en-2018\/#breadcrumblist"},"author":{"@id":"https:\/\/www.eldigitaldeasturias.com\/noticias\/author\/admin\/#author"},"creator":{"@id":"https:\/\/www.eldigitaldeasturias.com\/noticias\/author\/admin\/#author"},"image":{"@type":"ImageObject","url":"https:\/\/www.eldigitaldeasturias.com\/noticias\/wp-content\/uploads\/2019\/02\/010816-arroz-magrama.jpg","@id":"https:\/\/www.eldigitaldeasturias.com\/noticias\/asignados-los-nuevos-derechos-de-la-reserva-nacional-de-pago-basico-solicitados-en-2018\/#mainImage","width":496,"height":330},"primaryImageOfPage":{"@id":"https:\/\/www.eldigitaldeasturias.com\/noticias\/asignados-los-nuevos-derechos-de-la-reserva-nacional-de-pago-basico-solicitados-en-2018\/#mainImage"},"datePublished":"2019-02-22T14:40:51+01:00","dateModified":"2019-02-22T14:40:51+01:00"},{"@type":"WebSite","@id":"https:\/\/www.eldigitaldeasturias.com\/noticias\/#website","url":"https:\/\/www.eldigitaldeasturias.com\/noticias\/","name":"El Digital de Asturias - Diario de actualidad y noticias","alternateName":"El Digital de Asturias - Diario de actualidad y noticias","description":"Hemeroteca","inLanguage":"es-ES","publisher":{"@id":"https:\/\/www.eldigitaldeasturias.com\/noticias\/#organization"}}]},"og:locale":"es_ES","og:site_name":"El Digital de Asturias","og:type":"article","og:title":"Asignados los nuevos derechos de la Reserva Nacional de Pago B\u00e1sico solicitados en 2018 - El Digital de Asturias","og:description":"Casi 12,63 millones de euros se han asignado a 2.767 beneficiarios, cuyo pago pueden ya efectuar las comunidades aut\u00f3nomas. Los nuevos derechos se han asignado a los j\u00f3venes agricultores y a los agricultores que comienzan la actividad agraria. El Ministerio de Agricultura, Pesca y Alimentaci\u00f3n, a trav\u00e9s del Fondo Espa\u00f1ol de Garant\u00eda Agraria O.A. (FEGA)","og:url":"https:\/\/www.eldigitaldeasturias.com\/noticias\/asignados-los-nuevos-derechos-de-la-reserva-nacional-de-pago-basico-solicitados-en-2018\/","og:image":"https:\/\/www.eldigitaldeasturias.com\/noticias\/wp-content\/uploads\/2019\/02\/010816-arroz-magrama.jpg","og:image:secure_url":"https:\/\/www.eldigitaldeasturias.com\/noticias\/wp-content\/uploads\/2019\/02\/010816-arroz-magrama.jpg","og:image:width":496,"og:image:height":330,"article:tag":["econom\u00eda"],"article:published_time":"2019-02-22T14:40:51+00:00","article:modified_time":"2019-02-22T14:40:51+00:00","article:publisher":"https:\/\/facebook.com\/eldigitaldeasturias","twitter:card":"summary_large_image","twitter:title":"Asignados los nuevos derechos de la Reserva Nacional de Pago B\u00e1sico solicitados en 2018 - El Digital de Asturias","twitter:description":"Casi 12,63 millones de euros se han asignado a 2.767 beneficiarios, cuyo pago pueden ya efectuar las comunidades aut\u00f3nomas. Los nuevos derechos se han asignado a los j\u00f3venes agricultores y a los agricultores que comienzan la actividad agraria. El Ministerio de Agricultura, Pesca y Alimentaci\u00f3n, a trav\u00e9s del Fondo Espa\u00f1ol de Garant\u00eda Agraria O.A. (FEGA)","twitter:image":"https:\/\/www.eldigitaldeasturias.com\/noticias\/wp-content\/uploads\/2019\/02\/010816-arroz-magrama.jpg","twitter:label1":"Escrito por","twitter:data1":"El Digital de Asturias","twitter:label2":"Tiempo de lectura estimado","twitter:data2":"3 minutos"},"aioseo_meta_data":{"post_id":"1017892","title":null,"description":null,"keywords":null,"keyphrases":null,"primary_term":null,"canonical_url":null,"og_title":null,"og_description":null,"og_object_type":"default","og_image_type":"default","og_image_url":null,"og_image_width":null,"og_image_height":null,"og_image_custom_url":null,"og_image_custom_fields":null,"og_video":null,"og_custom_url":null,"og_article_section":null,"og_article_tags":null,"twitter_use_og":false,"twitter_card":"default","twitter_image_type":"default","twitter_image_url":null,"twitter_image_custom_url":null,"twitter_image_custom_fields":null,"twitter_title":null,"twitter_description":null,"schema":{"blockGraphs":[],"customGraphs":[],"default":{"data":{"Article":[],"Course":[],"Dataset":[],"FAQPage":[],"Movie":[],"Person":[],"Product":[],"ProductReview":[],"Car":[],"Recipe":[],"Service":[],"SoftwareApplication":[],"WebPage":[]},"graphName":"","isEnabled":true},"graphs":[],"defaultGraph":"","defaultPostTypeGraph":""},"schema_type":null,"schema_type_options":null,"pillar_content":false,"robots_default":true,"robots_noindex":false,"robots_noarchive":false,"robots_nosnippet":false,"robots_nofollow":false,"robots_noimageindex":false,"robots_noodp":false,"robots_notranslate":false,"robots_max_snippet":null,"robots_max_videopreview":null,"robots_max_imagepreview":"large","priority":null,"frequency":null,"local_seo":null,"seo_analyzer_scan_date":"2025-10-16 10:41:10","breadcrumb_settings":null,"limit_modified_date":false,"open_ai":null,"ai":null,"created":"2020-12-21 11:18:36","updated":"2025-10-16 10:41:10"},"aioseo_breadcrumb":"<div class=\"aioseo-breadcrumbs\"><span class=\"aioseo-breadcrumb\">\n\t<a href=\"https:\/\/www.eldigitaldeasturias.com\/noticias\" title=\"Home\">Home<\/a>\n<\/span><span class=\"aioseo-breadcrumb-separator\">\u2013<\/span><span class=\"aioseo-breadcrumb\">\n\t<a href=\"https:\/\/www.eldigitaldeasturias.com\/noticias\/category\/economia\/\" title=\"Econom\u00eda\">Econom\u00eda<\/a>\n<\/span><span class=\"aioseo-breadcrumb-separator\">\u2013<\/span><span class=\"aioseo-breadcrumb\">\n\t<a href=\"https:\/\/www.eldigitaldeasturias.com\/noticias\/asignados-los-nuevos-derechos-de-la-reserva-nacional-de-pago-basico-solicitados-en-2018\/\" title=\"Asignados los nuevos derechos de la Reserva Nacional de Pago B\u00e1sico solicitados en 2018\">Asignados los nuevos derechos de la Reserva Nacional de Pago B\u00e1sico solicitados en 2018<\/a>\n<\/span><\/div>","aioseo_breadcrumb_json":[{"label":"Home","link":"https:\/\/www.eldigitaldeasturias.com\/noticias"},{"label":"Econom\u00eda","link":"https:\/\/www.eldigitaldeasturias.com\/noticias\/category\/economia\/"},{"label":"Asignados los nuevos derechos de la Reserva Nacional de Pago B\u00e1sico solicitados en 2018","link":"https:\/\/www.eldigitaldeasturias.com\/noticias\/asignados-los-nuevos-derechos-de-la-reserva-nacional-de-pago-basico-solicitados-en-2018\/"}],"_links":{"self":[{"href":"https:\/\/www.eldigitaldeasturias.com\/noticias\/wp-json\/wp\/v2\/posts\/1017892","targetHints":{"allow":["GET"]}}],"collection":[{"href":"https:\/\/www.eldigitaldeasturias.com\/noticias\/wp-json\/wp\/v2\/posts"}],"about":[{"href":"https:\/\/www.eldigitaldeasturias.com\/noticias\/wp-json\/wp\/v2\/types\/post"}],"author":[{"embeddable":true,"href":"https:\/\/www.eldigitaldeasturias.com\/noticias\/wp-json\/wp\/v2\/users\/1"}],"replies":[{"embeddable":true,"href":"https:\/\/www.eldigitaldeasturias.com\/noticias\/wp-json\/wp\/v2\/comments?post=1017892"}],"version-history":[{"count":0,"href":"https:\/\/www.eldigitaldeasturias.com\/noticias\/wp-json\/wp\/v2\/posts\/1017892\/revisions"}],"wp:featuredmedia":[{"embeddable":true,"href":"https:\/\/www.eldigitaldeasturias.com\/noticias\/wp-json\/wp\/v2\/media\/1017893"}],"wp:attachment":[{"href":"https:\/\/www.eldigitaldeasturias.com\/noticias\/wp-json\/wp\/v2\/media?parent=1017892"}],"wp:term":[{"taxonomy":"category","embeddable":true,"href":"https:\/\/www.eldigitaldeasturias.com\/noticias\/wp-json\/wp\/v2\/categories?post=1017892"},{"taxonomy":"post_tag","embeddable":true,"href":"https:\/\/www.eldigitaldeasturias.com\/noticias\/wp-json\/wp\/v2\/tags?post=1017892"}],"curies":[{"name":"wp","href":"https:\/\/api.w.org\/{rel}","templated":true}]}}