{"id":1017890,"date":"2019-02-22T14:37:37","date_gmt":"2019-02-22T14:37:37","guid":{"rendered":"https:\/\/www.eldigitaldeasturias.com\/noticias\/?p=1017890"},"modified":"2019-02-22T14:37:37","modified_gmt":"2019-02-22T14:37:37","slug":"calvino-preve-que-este-ano-la-economia-espanola-crezca-por-encima-de-la-media-europea","status":"publish","type":"post","link":"https:\/\/www.eldigitaldeasturias.com\/noticias\/calvino-preve-que-este-ano-la-economia-espanola-crezca-por-encima-de-la-media-europea\/","title":{"rendered":"Calvi\u00f1o prev\u00e9 que este a\u00f1o la econom\u00eda espa\u00f1ola crezca por encima de la media europea"},"content":{"rendered":"<p><img loading=\"lazy\" decoding=\"async\" class=\"alignleft size-medium wp-image-822740\" src=\"https:\/\/www.eldigitaldeasturias.com\/noticias\/wp-content\/uploads\/2015\/11\/euros-360x241.jpg\" alt=\"\" width=\"360\" height=\"241\" srcset=\"https:\/\/www.eldigitaldeasturias.com\/noticias\/wp-content\/uploads\/2015\/11\/euros-360x241.jpg 360w, https:\/\/www.eldigitaldeasturias.com\/noticias\/wp-content\/uploads\/2015\/11\/euros-696x466.jpg 696w, https:\/\/www.eldigitaldeasturias.com\/noticias\/wp-content\/uploads\/2015\/11\/euros-627x420.jpg 627w, https:\/\/www.eldigitaldeasturias.com\/noticias\/wp-content\/uploads\/2015\/11\/euros-768x515.jpg 768w, https:\/\/www.eldigitaldeasturias.com\/noticias\/wp-content\/uploads\/2015\/11\/euros-650x436.jpg 650w, https:\/\/www.eldigitaldeasturias.com\/noticias\/wp-content\/uploads\/2015\/11\/euros.jpg 800w\" sizes=\"auto, (max-width: 360px) 100vw, 360px\" \/>Espa\u00f1a cerr\u00f3 2018 con una tasa de crecimiento del 2,5%, superior a la de la zona euro, que creci\u00f3 un 1,8%. El diferencial positivo de crecimiento aument\u00f3 en la segunda parte del a\u00f1o. Todas las previsiones apuntan a que la econom\u00eda espa\u00f1ola seguir\u00e1 creciendo por encima de la media de los pa\u00edses europeos en 2019. La demanda nacional seguir\u00e1 siendo el principal motor del crecimiento, con un notable dinamismo de la inversi\u00f3n y se prev\u00e9 la reducci\u00f3n de la tasa de paro hasta el 14% de media en el conjunto de 2019.<\/p>\n<p>La buena coyuntura econ\u00f3mica y la confianza creciente de los mercados internacionales est\u00e1 facilitando unas mejores condiciones de financiaci\u00f3n. El coste de la deuda p\u00fablica se ha situado en m\u00ednimos hist\u00f3ricos.<\/p>\n<p>Uno de los factores que explican esa confianza es la positiva evoluci\u00f3n de las finanzas p\u00fablicas. La gesti\u00f3n del Gobierno ha permitido cerrar 2018 con un d\u00e9ficit del 2,7% del PIB. Con ello, Espa\u00f1a ha salido del brazo \u00abcorrectivo\u00bb de las normas fiscales comunitarias. Adem\u00e1s, en 2018 se ha acelerado la reducci\u00f3n de la deuda p\u00fablica desde el 98,1% hasta el 97% del PIB.<\/p>\n<p>La consolidaci\u00f3n fiscal ha constituido uno de los ejes de la pol\u00edtica econ\u00f3mica del Gobierno junto con la cohesi\u00f3n social y las reformas articuladas en torno a la Agenda del Cambio, hoja de ruta de medidas y reformas que ha seguido el Gobierno para avanzar y dar respuesta a los retos y desequilibrios de la econom\u00eda espa\u00f1ola.<\/p>\n<p>La ministra de Econom\u00eda y Empresa ha resaltado que este proyecto, as\u00ed como el desarrollo de otros, ha sido posible gracias al trabajo conjunto del Gobierno en el seno de la Comisi\u00f3n Delegada para Asuntos Econ\u00f3micos y a la mejora de la colaboraci\u00f3n con los organismos reguladores y otras instituciones.<\/p>\n<p>Sobre los proyectos en fase de desarrollo, la ministra ha anunciado la presentaci\u00f3n el pr\u00f3ximo viernes al Consejo de Ministros del Anteproyecto de Ley para la Transformaci\u00f3n Digital del Sector Financiero, para crear un espacio controlado de pruebas que proporcione un marco adecuado de supervisi\u00f3n y regulaci\u00f3n de los desarrollos tecnol\u00f3gicos.<\/p>\n<p>En relaci\u00f3n con la actividad realizada en estos meses, la ministra de Econom\u00eda y Empresa ha destacado el desbloqueo del proceso de transposici\u00f3n de directivas, que ha permitido incorporar al ordenamiento jur\u00eddico espa\u00f1ol siete de las 14 directivas pendientes, que refuerzan la protecci\u00f3n de los consumidores, ciudadanos e inversores. La adopci\u00f3n por el Pleno del Congreso de la Ley de Cr\u00e9dito Inmobiliario prevista este mismo jueves permitir\u00e1 enfilar la fase final de transposici\u00f3n de una de las Directivas m\u00e1s significativas que estaban pendientes.<\/p>\n<p>En el \u00e1mbito de avance digital se han desarrollado diferentes medidas para apoyar el despliegue de infraestructuras y la transformaci\u00f3n digital de la econom\u00eda. Entre los proyectos impulsados hay que destacar, entre otros, la subasta de espectro y la puesta en marcha de la hoja de ruta del segundo dividendo digital, necesarias para el despliegue de la tecnolog\u00eda 5G.<\/p>\n<p>Por \u00faltimo, se ha impulsado la iniciativa Digital Future Society, en el marco del Mobile World Congress de Barcelona que se inicia el pr\u00f3ximo domingo, como instrumento de reflexi\u00f3n y debate que sit\u00faa al ciudadano en el centro de la transformaci\u00f3n digital de la sociedad.<\/p>\n<p>Durante su comparecencia, la ministra ha enfatizado la buena marcha de la econom\u00eda espa\u00f1ola. Ha destacado que el Gobierno ha venido trabajando en todo momento \u00abpara cerrar las heridas de la crisis y sentar las bases de un proyecto lleno de ilusi\u00f3n y esperanza para el futuro\u00bb, con el objetivo claro de avanzar hacia un desarrollo inclusivo y sostenible desde el punto de vista financiero, social y medioambiental.<\/p>\n","protected":false},"excerpt":{"rendered":"<p>Espa\u00f1a cerr\u00f3 2018 con una tasa de crecimiento del 2,5%, superior a la de la zona euro, que creci\u00f3 un 1,8%. El diferencial positivo de crecimiento aument\u00f3 en la segunda parte del a\u00f1o. Todas las previsiones apuntan a que la econom\u00eda espa\u00f1ola seguir\u00e1 creciendo por encima de la media de los pa\u00edses europeos en 2019. [&hellip;]<\/p>\n","protected":false},"author":1,"featured_media":822740,"comment_status":"closed","ping_status":"closed","sticky":false,"template":"","format":"standard","meta":{"footnotes":""},"categories":[187],"tags":[],"class_list":["post-1017890","post","type-post","status-publish","format-standard","has-post-thumbnail","hentry","category-economia"],"aioseo_notices":[],"aioseo_head":"\n\t\t<!-- All in One SEO Pro 4.9.6.2 - aioseo.com -->\n\t<meta name=\"description\" content=\"Espa\u00f1a cerr\u00f3 2018 con una tasa de crecimiento del 2,5%, superior a la de la zona euro, que creci\u00f3 un 1,8%. El diferencial positivo de crecimiento aument\u00f3 en la segunda parte del a\u00f1o. Todas las previsiones apuntan a que la econom\u00eda espa\u00f1ola seguir\u00e1 creciendo por encima de la media de los pa\u00edses europeos en 2019.\" \/>\n\t<meta name=\"robots\" content=\"max-image-preview:large\" \/>\n\t<meta name=\"author\" content=\"El Digital de Asturias\"\/>\n\t<meta name=\"google-site-verification\" content=\"UA-38556648-1\" \/>\n\t<meta name=\"msvalidate.01\" content=\"7dfe9f3f1b24437ab69f4f2559babe99\" \/>\n\t<meta name=\"keywords\" content=\"econom\u00eda\" \/>\n\t<link rel=\"canonical\" href=\"https:\/\/www.eldigitaldeasturias.com\/noticias\/calvino-preve-que-este-ano-la-economia-espanola-crezca-por-encima-de-la-media-europea\/\" \/>\n\t<meta name=\"generator\" content=\"All in One SEO Pro (AIOSEO) 4.9.6.2\" \/>\n\t\t<meta property=\"og:locale\" content=\"es_ES\" \/>\n\t\t<meta property=\"og:site_name\" content=\"El Digital de Asturias\" \/>\n\t\t<meta property=\"og:type\" content=\"article\" \/>\n\t\t<meta property=\"og:title\" content=\"Calvi\u00f1o prev\u00e9 que este a\u00f1o la econom\u00eda espa\u00f1ola crezca por encima de la media europea - El Digital de Asturias\" \/>\n\t\t<meta property=\"og:description\" content=\"Espa\u00f1a cerr\u00f3 2018 con una tasa de crecimiento del 2,5%, superior a la de la zona euro, que creci\u00f3 un 1,8%. El diferencial positivo de crecimiento aument\u00f3 en la segunda parte del a\u00f1o. Todas las previsiones apuntan a que la econom\u00eda espa\u00f1ola seguir\u00e1 creciendo por encima de la media de los pa\u00edses europeos en 2019.\" \/>\n\t\t<meta property=\"og:url\" content=\"https:\/\/www.eldigitaldeasturias.com\/noticias\/calvino-preve-que-este-ano-la-economia-espanola-crezca-por-encima-de-la-media-europea\/\" \/>\n\t\t<meta property=\"og:image\" content=\"https:\/\/www.eldigitaldeasturias.com\/noticias\/wp-content\/uploads\/2015\/11\/euros.jpg\" \/>\n\t\t<meta property=\"og:image:secure_url\" content=\"https:\/\/www.eldigitaldeasturias.com\/noticias\/wp-content\/uploads\/2015\/11\/euros.jpg\" \/>\n\t\t<meta property=\"og:image:width\" content=\"800\" \/>\n\t\t<meta property=\"og:image:height\" content=\"536\" \/>\n\t\t<meta property=\"article:tag\" content=\"econom\u00eda\" \/>\n\t\t<meta property=\"article:published_time\" content=\"2019-02-22T14:37:37+00:00\" \/>\n\t\t<meta property=\"article:modified_time\" content=\"2019-02-22T14:37:37+00:00\" \/>\n\t\t<meta property=\"article:publisher\" content=\"https:\/\/facebook.com\/eldigitaldeasturias\" \/>\n\t\t<meta name=\"twitter:card\" content=\"summary_large_image\" \/>\n\t\t<meta name=\"twitter:title\" content=\"Calvi\u00f1o prev\u00e9 que este a\u00f1o la econom\u00eda espa\u00f1ola crezca por encima de la media europea - El Digital de Asturias\" \/>\n\t\t<meta name=\"twitter:description\" content=\"Espa\u00f1a cerr\u00f3 2018 con una tasa de crecimiento del 2,5%, superior a la de la zona euro, que creci\u00f3 un 1,8%. El diferencial positivo de crecimiento aument\u00f3 en la segunda parte del a\u00f1o. Todas las previsiones apuntan a que la econom\u00eda espa\u00f1ola seguir\u00e1 creciendo por encima de la media de los pa\u00edses europeos en 2019.\" \/>\n\t\t<meta name=\"twitter:image\" content=\"https:\/\/www.eldigitaldeasturias.com\/noticias\/wp-content\/uploads\/2015\/11\/euros.jpg\" \/>\n\t\t<meta name=\"twitter:label1\" content=\"Escrito por\" \/>\n\t\t<meta name=\"twitter:data1\" content=\"El Digital de Asturias\" \/>\n\t\t<meta name=\"twitter:label2\" content=\"Tiempo de lectura estimado\" \/>\n\t\t<meta name=\"twitter:data2\" content=\"3 minutos\" \/>\n\t\t<script type=\"application\/ld+json\" class=\"aioseo-schema\">\n\t\t\t{\"@context\":\"https:\\\/\\\/schema.org\",\"@graph\":[{\"@type\":\"BlogPosting\",\"@id\":\"https:\\\/\\\/www.eldigitaldeasturias.com\\\/noticias\\\/calvino-preve-que-este-ano-la-economia-espanola-crezca-por-encima-de-la-media-europea\\\/#blogposting\",\"name\":\"Calvi\\u00f1o prev\\u00e9 que este a\\u00f1o la econom\\u00eda espa\\u00f1ola crezca por encima de la media europea - El Digital de Asturias\",\"headline\":\"Calvi\\u00f1o prev\\u00e9 que este a\\u00f1o la econom\\u00eda espa\\u00f1ola crezca por encima de la media europea\",\"author\":{\"@id\":\"https:\\\/\\\/www.eldigitaldeasturias.com\\\/noticias\\\/author\\\/admin\\\/#author\"},\"publisher\":{\"@id\":\"https:\\\/\\\/www.eldigitaldeasturias.com\\\/noticias\\\/#organization\"},\"image\":{\"@type\":\"ImageObject\",\"url\":\"https:\\\/\\\/www.eldigitaldeasturias.com\\\/noticias\\\/wp-content\\\/uploads\\\/2015\\\/11\\\/euros.jpg\",\"width\":800,\"height\":536,\"caption\":\"euros\"},\"datePublished\":\"2019-02-22T14:37:37+01:00\",\"dateModified\":\"2019-02-22T14:37:37+01:00\",\"inLanguage\":\"es-ES\",\"mainEntityOfPage\":{\"@id\":\"https:\\\/\\\/www.eldigitaldeasturias.com\\\/noticias\\\/calvino-preve-que-este-ano-la-economia-espanola-crezca-por-encima-de-la-media-europea\\\/#webpage\"},\"isPartOf\":{\"@id\":\"https:\\\/\\\/www.eldigitaldeasturias.com\\\/noticias\\\/calvino-preve-que-este-ano-la-economia-espanola-crezca-por-encima-de-la-media-europea\\\/#webpage\"},\"articleSection\":\"Econom\\u00eda\"},{\"@type\":\"BreadcrumbList\",\"@id\":\"https:\\\/\\\/www.eldigitaldeasturias.com\\\/noticias\\\/calvino-preve-que-este-ano-la-economia-espanola-crezca-por-encima-de-la-media-europea\\\/#breadcrumblist\",\"itemListElement\":[{\"@type\":\"ListItem\",\"@id\":\"https:\\\/\\\/www.eldigitaldeasturias.com\\\/noticias#listItem\",\"position\":1,\"name\":\"Home\",\"item\":\"https:\\\/\\\/www.eldigitaldeasturias.com\\\/noticias\",\"nextItem\":{\"@type\":\"ListItem\",\"@id\":\"https:\\\/\\\/www.eldigitaldeasturias.com\\\/noticias\\\/category\\\/economia\\\/#listItem\",\"name\":\"Econom\\u00eda\"}},{\"@type\":\"ListItem\",\"@id\":\"https:\\\/\\\/www.eldigitaldeasturias.com\\\/noticias\\\/category\\\/economia\\\/#listItem\",\"position\":2,\"name\":\"Econom\\u00eda\",\"item\":\"https:\\\/\\\/www.eldigitaldeasturias.com\\\/noticias\\\/category\\\/economia\\\/\",\"nextItem\":{\"@type\":\"ListItem\",\"@id\":\"https:\\\/\\\/www.eldigitaldeasturias.com\\\/noticias\\\/calvino-preve-que-este-ano-la-economia-espanola-crezca-por-encima-de-la-media-europea\\\/#listItem\",\"name\":\"Calvi\\u00f1o prev\\u00e9 que este a\\u00f1o la econom\\u00eda espa\\u00f1ola crezca por encima de la media europea\"},\"previousItem\":{\"@type\":\"ListItem\",\"@id\":\"https:\\\/\\\/www.eldigitaldeasturias.com\\\/noticias#listItem\",\"name\":\"Home\"}},{\"@type\":\"ListItem\",\"@id\":\"https:\\\/\\\/www.eldigitaldeasturias.com\\\/noticias\\\/calvino-preve-que-este-ano-la-economia-espanola-crezca-por-encima-de-la-media-europea\\\/#listItem\",\"position\":3,\"name\":\"Calvi\\u00f1o prev\\u00e9 que este a\\u00f1o la econom\\u00eda espa\\u00f1ola crezca por encima de la media europea\",\"previousItem\":{\"@type\":\"ListItem\",\"@id\":\"https:\\\/\\\/www.eldigitaldeasturias.com\\\/noticias\\\/category\\\/economia\\\/#listItem\",\"name\":\"Econom\\u00eda\"}}]},{\"@type\":\"Organization\",\"@id\":\"https:\\\/\\\/www.eldigitaldeasturias.com\\\/noticias\\\/#organization\",\"name\":\"El Digital de Asturias\",\"description\":\"Hemeroteca\",\"url\":\"https:\\\/\\\/www.eldigitaldeasturias.com\\\/noticias\\\/\",\"email\":\"info@eldigitaldeasturias.com\",\"telephone\":\"+34652131393\",\"logo\":{\"@type\":\"ImageObject\",\"url\":\"https:\\\/\\\/www.eldigitaldeasturias.com\\\/noticias\\\/wp-content\\\/uploads\\\/2020\\\/12\\\/EDA.jpg\",\"@id\":\"https:\\\/\\\/www.eldigitaldeasturias.com\\\/noticias\\\/calvino-preve-que-este-ano-la-economia-espanola-crezca-por-encima-de-la-media-europea\\\/#organizationLogo\",\"width\":649,\"height\":297},\"image\":{\"@id\":\"https:\\\/\\\/www.eldigitaldeasturias.com\\\/noticias\\\/calvino-preve-que-este-ano-la-economia-espanola-crezca-por-encima-de-la-media-europea\\\/#organizationLogo\"},\"sameAs\":[\"https:\\\/\\\/facebook.com\\\/eldigitaldeasturias\",\"https:\\\/\\\/www.youtube.com\\\/channel\\\/UCZP-2wLEB9Rv6erhFmqVnvg\"],\"address\":{\"@id\":\"https:\\\/\\\/www.eldigitaldeasturias.com\\\/noticias\\\/#postaladdress\",\"@type\":\"PostalAddress\",\"streetAddress\":\"san antonio 4,\",\"postalCode\":\"33430\",\"addressLocality\":\"Cand\\u00e1s\",\"addressRegion\":\"Asturias\",\"addressCountry\":\"ES\"}},{\"@type\":\"Person\",\"@id\":\"https:\\\/\\\/www.eldigitaldeasturias.com\\\/noticias\\\/author\\\/admin\\\/#author\",\"url\":\"https:\\\/\\\/www.eldigitaldeasturias.com\\\/noticias\\\/author\\\/admin\\\/\",\"name\":\"El Digital de Asturias\",\"image\":{\"@type\":\"ImageObject\",\"@id\":\"https:\\\/\\\/www.eldigitaldeasturias.com\\\/noticias\\\/calvino-preve-que-este-ano-la-economia-espanola-crezca-por-encima-de-la-media-europea\\\/#authorImage\",\"url\":\"https:\\\/\\\/www.eldigitaldeasturias.com\\\/noticias\\\/wp-content\\\/litespeed\\\/avatar\\\/18677e78aa0546b92d9dbf31ec7d7668.jpg?ver=1777290358\",\"width\":96,\"height\":96,\"caption\":\"El Digital de Asturias\"}},{\"@type\":\"WebPage\",\"@id\":\"https:\\\/\\\/www.eldigitaldeasturias.com\\\/noticias\\\/calvino-preve-que-este-ano-la-economia-espanola-crezca-por-encima-de-la-media-europea\\\/#webpage\",\"url\":\"https:\\\/\\\/www.eldigitaldeasturias.com\\\/noticias\\\/calvino-preve-que-este-ano-la-economia-espanola-crezca-por-encima-de-la-media-europea\\\/\",\"name\":\"Calvi\\u00f1o prev\\u00e9 que este a\\u00f1o la econom\\u00eda espa\\u00f1ola crezca por encima de la media europea - El Digital de Asturias\",\"description\":\"Espa\\u00f1a cerr\\u00f3 2018 con una tasa de crecimiento del 2,5%, superior a la de la zona euro, que creci\\u00f3 un 1,8%. El diferencial positivo de crecimiento aument\\u00f3 en la segunda parte del a\\u00f1o. Todas las previsiones apuntan a que la econom\\u00eda espa\\u00f1ola seguir\\u00e1 creciendo por encima de la media de los pa\\u00edses europeos en 2019.\",\"inLanguage\":\"es-ES\",\"isPartOf\":{\"@id\":\"https:\\\/\\\/www.eldigitaldeasturias.com\\\/noticias\\\/#website\"},\"breadcrumb\":{\"@id\":\"https:\\\/\\\/www.eldigitaldeasturias.com\\\/noticias\\\/calvino-preve-que-este-ano-la-economia-espanola-crezca-por-encima-de-la-media-europea\\\/#breadcrumblist\"},\"author\":{\"@id\":\"https:\\\/\\\/www.eldigitaldeasturias.com\\\/noticias\\\/author\\\/admin\\\/#author\"},\"creator\":{\"@id\":\"https:\\\/\\\/www.eldigitaldeasturias.com\\\/noticias\\\/author\\\/admin\\\/#author\"},\"image\":{\"@type\":\"ImageObject\",\"url\":\"https:\\\/\\\/www.eldigitaldeasturias.com\\\/noticias\\\/wp-content\\\/uploads\\\/2015\\\/11\\\/euros.jpg\",\"@id\":\"https:\\\/\\\/www.eldigitaldeasturias.com\\\/noticias\\\/calvino-preve-que-este-ano-la-economia-espanola-crezca-por-encima-de-la-media-europea\\\/#mainImage\",\"width\":800,\"height\":536,\"caption\":\"euros\"},\"primaryImageOfPage\":{\"@id\":\"https:\\\/\\\/www.eldigitaldeasturias.com\\\/noticias\\\/calvino-preve-que-este-ano-la-economia-espanola-crezca-por-encima-de-la-media-europea\\\/#mainImage\"},\"datePublished\":\"2019-02-22T14:37:37+01:00\",\"dateModified\":\"2019-02-22T14:37:37+01:00\"},{\"@type\":\"WebSite\",\"@id\":\"https:\\\/\\\/www.eldigitaldeasturias.com\\\/noticias\\\/#website\",\"url\":\"https:\\\/\\\/www.eldigitaldeasturias.com\\\/noticias\\\/\",\"name\":\"El Digital de Asturias - Diario de actualidad y noticias\",\"alternateName\":\"El Digital de Asturias - Diario de actualidad y noticias\",\"description\":\"Hemeroteca\",\"inLanguage\":\"es-ES\",\"publisher\":{\"@id\":\"https:\\\/\\\/www.eldigitaldeasturias.com\\\/noticias\\\/#organization\"}}]}\n\t\t<\/script>\n\t\t<!-- All in One SEO Pro -->\r\n\t\t<title>Calvi\u00f1o prev\u00e9 que este a\u00f1o la econom\u00eda espa\u00f1ola crezca por encima de la media europea - El Digital de Asturias<\/title>\n\n","aioseo_head_json":{"title":"Calvi\u00f1o prev\u00e9 que este a\u00f1o la econom\u00eda espa\u00f1ola crezca por encima de la media europea - El Digital de Asturias","description":"Espa\u00f1a cerr\u00f3 2018 con una tasa de crecimiento del 2,5%, superior a la de la zona euro, que creci\u00f3 un 1,8%. El diferencial positivo de crecimiento aument\u00f3 en la segunda parte del a\u00f1o. Todas las previsiones apuntan a que la econom\u00eda espa\u00f1ola seguir\u00e1 creciendo por encima de la media de los pa\u00edses europeos en 2019.","canonical_url":"https:\/\/www.eldigitaldeasturias.com\/noticias\/calvino-preve-que-este-ano-la-economia-espanola-crezca-por-encima-de-la-media-europea\/","robots":"max-image-preview:large","keywords":"econom\u00eda","webmasterTools":{"google-site-verification":"UA-38556648-1","msvalidate.01":"7dfe9f3f1b24437ab69f4f2559babe99","miscellaneous":""},"schema":{"@context":"https:\/\/schema.org","@graph":[{"@type":"BlogPosting","@id":"https:\/\/www.eldigitaldeasturias.com\/noticias\/calvino-preve-que-este-ano-la-economia-espanola-crezca-por-encima-de-la-media-europea\/#blogposting","name":"Calvi\u00f1o prev\u00e9 que este a\u00f1o la econom\u00eda espa\u00f1ola crezca por encima de la media europea - El Digital de Asturias","headline":"Calvi\u00f1o prev\u00e9 que este a\u00f1o la econom\u00eda espa\u00f1ola crezca por encima de la media europea","author":{"@id":"https:\/\/www.eldigitaldeasturias.com\/noticias\/author\/admin\/#author"},"publisher":{"@id":"https:\/\/www.eldigitaldeasturias.com\/noticias\/#organization"},"image":{"@type":"ImageObject","url":"https:\/\/www.eldigitaldeasturias.com\/noticias\/wp-content\/uploads\/2015\/11\/euros.jpg","width":800,"height":536,"caption":"euros"},"datePublished":"2019-02-22T14:37:37+01:00","dateModified":"2019-02-22T14:37:37+01:00","inLanguage":"es-ES","mainEntityOfPage":{"@id":"https:\/\/www.eldigitaldeasturias.com\/noticias\/calvino-preve-que-este-ano-la-economia-espanola-crezca-por-encima-de-la-media-europea\/#webpage"},"isPartOf":{"@id":"https:\/\/www.eldigitaldeasturias.com\/noticias\/calvino-preve-que-este-ano-la-economia-espanola-crezca-por-encima-de-la-media-europea\/#webpage"},"articleSection":"Econom\u00eda"},{"@type":"BreadcrumbList","@id":"https:\/\/www.eldigitaldeasturias.com\/noticias\/calvino-preve-que-este-ano-la-economia-espanola-crezca-por-encima-de-la-media-europea\/#breadcrumblist","itemListElement":[{"@type":"ListItem","@id":"https:\/\/www.eldigitaldeasturias.com\/noticias#listItem","position":1,"name":"Home","item":"https:\/\/www.eldigitaldeasturias.com\/noticias","nextItem":{"@type":"ListItem","@id":"https:\/\/www.eldigitaldeasturias.com\/noticias\/category\/economia\/#listItem","name":"Econom\u00eda"}},{"@type":"ListItem","@id":"https:\/\/www.eldigitaldeasturias.com\/noticias\/category\/economia\/#listItem","position":2,"name":"Econom\u00eda","item":"https:\/\/www.eldigitaldeasturias.com\/noticias\/category\/economia\/","nextItem":{"@type":"ListItem","@id":"https:\/\/www.eldigitaldeasturias.com\/noticias\/calvino-preve-que-este-ano-la-economia-espanola-crezca-por-encima-de-la-media-europea\/#listItem","name":"Calvi\u00f1o prev\u00e9 que este a\u00f1o la econom\u00eda espa\u00f1ola crezca por encima de la media europea"},"previousItem":{"@type":"ListItem","@id":"https:\/\/www.eldigitaldeasturias.com\/noticias#listItem","name":"Home"}},{"@type":"ListItem","@id":"https:\/\/www.eldigitaldeasturias.com\/noticias\/calvino-preve-que-este-ano-la-economia-espanola-crezca-por-encima-de-la-media-europea\/#listItem","position":3,"name":"Calvi\u00f1o prev\u00e9 que este a\u00f1o la econom\u00eda espa\u00f1ola crezca por encima de la media europea","previousItem":{"@type":"ListItem","@id":"https:\/\/www.eldigitaldeasturias.com\/noticias\/category\/economia\/#listItem","name":"Econom\u00eda"}}]},{"@type":"Organization","@id":"https:\/\/www.eldigitaldeasturias.com\/noticias\/#organization","name":"El Digital de Asturias","description":"Hemeroteca","url":"https:\/\/www.eldigitaldeasturias.com\/noticias\/","email":"info@eldigitaldeasturias.com","telephone":"+34652131393","logo":{"@type":"ImageObject","url":"https:\/\/www.eldigitaldeasturias.com\/noticias\/wp-content\/uploads\/2020\/12\/EDA.jpg","@id":"https:\/\/www.eldigitaldeasturias.com\/noticias\/calvino-preve-que-este-ano-la-economia-espanola-crezca-por-encima-de-la-media-europea\/#organizationLogo","width":649,"height":297},"image":{"@id":"https:\/\/www.eldigitaldeasturias.com\/noticias\/calvino-preve-que-este-ano-la-economia-espanola-crezca-por-encima-de-la-media-europea\/#organizationLogo"},"sameAs":["https:\/\/facebook.com\/eldigitaldeasturias","https:\/\/www.youtube.com\/channel\/UCZP-2wLEB9Rv6erhFmqVnvg"],"address":{"@id":"https:\/\/www.eldigitaldeasturias.com\/noticias\/#postaladdress","@type":"PostalAddress","streetAddress":"san antonio 4,","postalCode":"33430","addressLocality":"Cand\u00e1s","addressRegion":"Asturias","addressCountry":"ES"}},{"@type":"Person","@id":"https:\/\/www.eldigitaldeasturias.com\/noticias\/author\/admin\/#author","url":"https:\/\/www.eldigitaldeasturias.com\/noticias\/author\/admin\/","name":"El Digital de Asturias","image":{"@type":"ImageObject","@id":"https:\/\/www.eldigitaldeasturias.com\/noticias\/calvino-preve-que-este-ano-la-economia-espanola-crezca-por-encima-de-la-media-europea\/#authorImage","url":"https:\/\/www.eldigitaldeasturias.com\/noticias\/wp-content\/litespeed\/avatar\/18677e78aa0546b92d9dbf31ec7d7668.jpg?ver=1777290358","width":96,"height":96,"caption":"El Digital de Asturias"}},{"@type":"WebPage","@id":"https:\/\/www.eldigitaldeasturias.com\/noticias\/calvino-preve-que-este-ano-la-economia-espanola-crezca-por-encima-de-la-media-europea\/#webpage","url":"https:\/\/www.eldigitaldeasturias.com\/noticias\/calvino-preve-que-este-ano-la-economia-espanola-crezca-por-encima-de-la-media-europea\/","name":"Calvi\u00f1o prev\u00e9 que este a\u00f1o la econom\u00eda espa\u00f1ola crezca por encima de la media europea - El Digital de Asturias","description":"Espa\u00f1a cerr\u00f3 2018 con una tasa de crecimiento del 2,5%, superior a la de la zona euro, que creci\u00f3 un 1,8%. El diferencial positivo de crecimiento aument\u00f3 en la segunda parte del a\u00f1o. Todas las previsiones apuntan a que la econom\u00eda espa\u00f1ola seguir\u00e1 creciendo por encima de la media de los pa\u00edses europeos en 2019.","inLanguage":"es-ES","isPartOf":{"@id":"https:\/\/www.eldigitaldeasturias.com\/noticias\/#website"},"breadcrumb":{"@id":"https:\/\/www.eldigitaldeasturias.com\/noticias\/calvino-preve-que-este-ano-la-economia-espanola-crezca-por-encima-de-la-media-europea\/#breadcrumblist"},"author":{"@id":"https:\/\/www.eldigitaldeasturias.com\/noticias\/author\/admin\/#author"},"creator":{"@id":"https:\/\/www.eldigitaldeasturias.com\/noticias\/author\/admin\/#author"},"image":{"@type":"ImageObject","url":"https:\/\/www.eldigitaldeasturias.com\/noticias\/wp-content\/uploads\/2015\/11\/euros.jpg","@id":"https:\/\/www.eldigitaldeasturias.com\/noticias\/calvino-preve-que-este-ano-la-economia-espanola-crezca-por-encima-de-la-media-europea\/#mainImage","width":800,"height":536,"caption":"euros"},"primaryImageOfPage":{"@id":"https:\/\/www.eldigitaldeasturias.com\/noticias\/calvino-preve-que-este-ano-la-economia-espanola-crezca-por-encima-de-la-media-europea\/#mainImage"},"datePublished":"2019-02-22T14:37:37+01:00","dateModified":"2019-02-22T14:37:37+01:00"},{"@type":"WebSite","@id":"https:\/\/www.eldigitaldeasturias.com\/noticias\/#website","url":"https:\/\/www.eldigitaldeasturias.com\/noticias\/","name":"El Digital de Asturias - Diario de actualidad y noticias","alternateName":"El Digital de Asturias - Diario de actualidad y noticias","description":"Hemeroteca","inLanguage":"es-ES","publisher":{"@id":"https:\/\/www.eldigitaldeasturias.com\/noticias\/#organization"}}]},"og:locale":"es_ES","og:site_name":"El Digital de Asturias","og:type":"article","og:title":"Calvi\u00f1o prev\u00e9 que este a\u00f1o la econom\u00eda espa\u00f1ola crezca por encima de la media europea - El Digital de Asturias","og:description":"Espa\u00f1a cerr\u00f3 2018 con una tasa de crecimiento del 2,5%, superior a la de la zona euro, que creci\u00f3 un 1,8%. El diferencial positivo de crecimiento aument\u00f3 en la segunda parte del a\u00f1o. Todas las previsiones apuntan a que la econom\u00eda espa\u00f1ola seguir\u00e1 creciendo por encima de la media de los pa\u00edses europeos en 2019.","og:url":"https:\/\/www.eldigitaldeasturias.com\/noticias\/calvino-preve-que-este-ano-la-economia-espanola-crezca-por-encima-de-la-media-europea\/","og:image":"https:\/\/www.eldigitaldeasturias.com\/noticias\/wp-content\/uploads\/2015\/11\/euros.jpg","og:image:secure_url":"https:\/\/www.eldigitaldeasturias.com\/noticias\/wp-content\/uploads\/2015\/11\/euros.jpg","og:image:width":800,"og:image:height":536,"article:tag":["econom\u00eda"],"article:published_time":"2019-02-22T14:37:37+00:00","article:modified_time":"2019-02-22T14:37:37+00:00","article:publisher":"https:\/\/facebook.com\/eldigitaldeasturias","twitter:card":"summary_large_image","twitter:title":"Calvi\u00f1o prev\u00e9 que este a\u00f1o la econom\u00eda espa\u00f1ola crezca por encima de la media europea - El Digital de Asturias","twitter:description":"Espa\u00f1a cerr\u00f3 2018 con una tasa de crecimiento del 2,5%, superior a la de la zona euro, que creci\u00f3 un 1,8%. El diferencial positivo de crecimiento aument\u00f3 en la segunda parte del a\u00f1o. Todas las previsiones apuntan a que la econom\u00eda espa\u00f1ola seguir\u00e1 creciendo por encima de la media de los pa\u00edses europeos en 2019.","twitter:image":"https:\/\/www.eldigitaldeasturias.com\/noticias\/wp-content\/uploads\/2015\/11\/euros.jpg","twitter:label1":"Escrito por","twitter:data1":"El Digital de Asturias","twitter:label2":"Tiempo de lectura estimado","twitter:data2":"3 minutos"},"aioseo_meta_data":{"post_id":"1017890","title":null,"description":null,"keywords":null,"keyphrases":null,"primary_term":null,"canonical_url":null,"og_title":null,"og_description":null,"og_object_type":"default","og_image_type":"default","og_image_url":null,"og_image_width":null,"og_image_height":null,"og_image_custom_url":null,"og_image_custom_fields":null,"og_video":null,"og_custom_url":null,"og_article_section":null,"og_article_tags":null,"twitter_use_og":false,"twitter_card":"default","twitter_image_type":"default","twitter_image_url":null,"twitter_image_custom_url":null,"twitter_image_custom_fields":null,"twitter_title":null,"twitter_description":null,"schema":{"blockGraphs":[],"customGraphs":[],"default":{"data":{"Article":[],"Course":[],"Dataset":[],"FAQPage":[],"Movie":[],"Person":[],"Product":[],"ProductReview":[],"Car":[],"Recipe":[],"Service":[],"SoftwareApplication":[],"WebPage":[]},"graphName":"","isEnabled":true},"graphs":[],"defaultGraph":"","defaultPostTypeGraph":""},"schema_type":null,"schema_type_options":null,"pillar_content":false,"robots_default":true,"robots_noindex":false,"robots_noarchive":false,"robots_nosnippet":false,"robots_nofollow":false,"robots_noimageindex":false,"robots_noodp":false,"robots_notranslate":false,"robots_max_snippet":null,"robots_max_videopreview":null,"robots_max_imagepreview":"large","priority":null,"frequency":null,"local_seo":null,"seo_analyzer_scan_date":"2025-10-16 10:41:09","breadcrumb_settings":null,"limit_modified_date":false,"open_ai":null,"ai":null,"created":"2020-12-21 11:18:36","updated":"2025-10-16 10:41:09"},"aioseo_breadcrumb":"<div class=\"aioseo-breadcrumbs\"><span class=\"aioseo-breadcrumb\">\n\t<a href=\"https:\/\/www.eldigitaldeasturias.com\/noticias\" title=\"Home\">Home<\/a>\n<\/span><span class=\"aioseo-breadcrumb-separator\">\u2013<\/span><span class=\"aioseo-breadcrumb\">\n\t<a href=\"https:\/\/www.eldigitaldeasturias.com\/noticias\/category\/economia\/\" title=\"Econom\u00eda\">Econom\u00eda<\/a>\n<\/span><span class=\"aioseo-breadcrumb-separator\">\u2013<\/span><span class=\"aioseo-breadcrumb\">\n\t<a href=\"https:\/\/www.eldigitaldeasturias.com\/noticias\/calvino-preve-que-este-ano-la-economia-espanola-crezca-por-encima-de-la-media-europea\/\" title=\"Calvi\u00f1o prev\u00e9 que este a\u00f1o la econom\u00eda espa\u00f1ola crezca por encima de la media europea\">Calvi\u00f1o prev\u00e9 que este a\u00f1o la econom\u00eda espa\u00f1ola crezca por encima de la media europea<\/a>\n<\/span><\/div>","aioseo_breadcrumb_json":[{"label":"Home","link":"https:\/\/www.eldigitaldeasturias.com\/noticias"},{"label":"Econom\u00eda","link":"https:\/\/www.eldigitaldeasturias.com\/noticias\/category\/economia\/"},{"label":"Calvi\u00f1o prev\u00e9 que este a\u00f1o la econom\u00eda espa\u00f1ola crezca por encima de la media europea","link":"https:\/\/www.eldigitaldeasturias.com\/noticias\/calvino-preve-que-este-ano-la-economia-espanola-crezca-por-encima-de-la-media-europea\/"}],"_links":{"self":[{"href":"https:\/\/www.eldigitaldeasturias.com\/noticias\/wp-json\/wp\/v2\/posts\/1017890","targetHints":{"allow":["GET"]}}],"collection":[{"href":"https:\/\/www.eldigitaldeasturias.com\/noticias\/wp-json\/wp\/v2\/posts"}],"about":[{"href":"https:\/\/www.eldigitaldeasturias.com\/noticias\/wp-json\/wp\/v2\/types\/post"}],"author":[{"embeddable":true,"href":"https:\/\/www.eldigitaldeasturias.com\/noticias\/wp-json\/wp\/v2\/users\/1"}],"replies":[{"embeddable":true,"href":"https:\/\/www.eldigitaldeasturias.com\/noticias\/wp-json\/wp\/v2\/comments?post=1017890"}],"version-history":[{"count":0,"href":"https:\/\/www.eldigitaldeasturias.com\/noticias\/wp-json\/wp\/v2\/posts\/1017890\/revisions"}],"wp:featuredmedia":[{"embeddable":true,"href":"https:\/\/www.eldigitaldeasturias.com\/noticias\/wp-json\/wp\/v2\/media\/822740"}],"wp:attachment":[{"href":"https:\/\/www.eldigitaldeasturias.com\/noticias\/wp-json\/wp\/v2\/media?parent=1017890"}],"wp:term":[{"taxonomy":"category","embeddable":true,"href":"https:\/\/www.eldigitaldeasturias.com\/noticias\/wp-json\/wp\/v2\/categories?post=1017890"},{"taxonomy":"post_tag","embeddable":true,"href":"https:\/\/www.eldigitaldeasturias.com\/noticias\/wp-json\/wp\/v2\/tags?post=1017890"}],"curies":[{"name":"wp","href":"https:\/\/api.w.org\/{rel}","templated":true}]}}