{"id":1017881,"date":"2019-02-22T14:23:43","date_gmt":"2019-02-22T14:23:43","guid":{"rendered":"https:\/\/www.eldigitaldeasturias.com\/noticias\/?p=1017881"},"modified":"2019-02-22T14:23:43","modified_gmt":"2019-02-22T14:23:43","slug":"mas-de-93-millones-de-pensiones-se-compensan-con-la-paga-unica-adicional-por-la-desviacion-de-los-precios-en-2018","status":"publish","type":"post","link":"https:\/\/www.eldigitaldeasturias.com\/noticias\/mas-de-93-millones-de-pensiones-se-compensan-con-la-paga-unica-adicional-por-la-desviacion-de-los-precios-en-2018\/","title":{"rendered":"M\u00e1s de 9,3 millones de pensiones se compensan con la paga \u00fanica adicional por la desviaci\u00f3n de los precios en 2018"},"content":{"rendered":"<p><img loading=\"lazy\" decoding=\"async\" class=\"alignleft size-medium wp-image-1017882\" src=\"https:\/\/www.eldigitaldeasturias.com\/noticias\/wp-content\/uploads\/2019\/02\/200219_Ancianos-con-mochila-360x239.jpg\" alt=\"\" width=\"360\" height=\"239\" srcset=\"https:\/\/www.eldigitaldeasturias.com\/noticias\/wp-content\/uploads\/2019\/02\/200219_Ancianos-con-mochila-360x239.jpg 360w, https:\/\/www.eldigitaldeasturias.com\/noticias\/wp-content\/uploads\/2019\/02\/200219_Ancianos-con-mochila.jpg 512w\" sizes=\"auto, (max-width: 360px) 100vw, 360px\" \/>M\u00e1s de 9,3 millones de pensiones (9.373.892) se ver\u00e1n compensadas desde con una paga \u00fanica adicional por la desviaci\u00f3n que experimentaron los precios en 2018, un 0,1% por encima del 1,6% previsto en los Presupuestos Generales del Estado para 2018.<\/p>\n<p>El Ministerio de Trabajo, Migraciones y Seguridad Social destinar\u00e1 123,4 millones de euros al pago de esta paga \u00fanica (123.372.462,46 euros). Este a\u00f1o, el Gobierno ha extendido este abono adicional a 194.393 prestaciones familiares por hijo a cargo, mayor de 18 a\u00f1os y discapacidad igual o superior al 65%. En este caso, se han dedicado 1,08 millones de euros (1.083.883,20) a garantizar el poder adquisitivo de estas prestaciones.<\/p>\n<p>Por tanto, los pensionistas reciben hoy en sus cuentas este abono adicional, que se realiza de manera independiente y con anterioridad al abono ordinario de la pensi\u00f3n mensual de febrero. El importe de la paga compensatoria para una pensi\u00f3n media, que es de 13 euros, tiene como objetivo compensar la d\u00e9cima de desviaci\u00f3n del IPC que se registr\u00f3 el pasado a\u00f1o.<\/p>\n<p>Esta compensaci\u00f3n se ha aplicado a las pensiones de jubilaci\u00f3n, incapacidad, viudedad y orfandad; pensiones m\u00ednimas en todas sus modalidades, SOVI y no contributivas<\/p>\n<p><strong>Revalorizaci\u00f3n y actualizaci\u00f3n con el IPC<\/strong><\/p>\n<p>El pasado 28 de diciembre, el Gobierno aprob\u00f3 el Real Decreto-Ley 28\/2018 que fij\u00f3 la revalorizaci\u00f3n de las pensiones para 2019 y recuper\u00f3 la actualizaci\u00f3n de las mismas con la evoluci\u00f3n de los precios. La norma estableci\u00f3 el abono a los pensionistas de una paga equivalente a la desviaci\u00f3n de los precios, una medida que no se aplicaba desde 2013.<\/p>\n<p>El c\u00e1lculo se ha efectuado con el valor medio de la variaci\u00f3n interanual del IPC en los \u00faltimos 12 meses (diciembre de 2017 a noviembre de 2018), el 1,7 por ciento, es decir, una d\u00e9cima por encima de la revalorizaci\u00f3n del pasado a\u00f1o.<\/p>\n<p>Quienes perciben una pensi\u00f3n dispondr\u00e1n en su cuenta bancaria de esta paga adicional correspondiente a la d\u00e9cima de diferencia aplicada a su pensi\u00f3n y multiplicada por 14 pagas.<\/p>\n<p>En julio de 2018 la Ley de Presupuestos Generales del Estado para 2018 elev\u00f3 la revalorizaci\u00f3n de las pensiones -con car\u00e1cter general- desde el 0,25% aplicado a principios de a\u00f1o hasta el 1,6, y fij\u00f3 en el 3% el incremento para las pensiones m\u00ednimas, las del Seguro Obligatorio de Vejez e Invalidez (SOVI) y las no contributivas.<\/p>\n<p>Por otro lado, hay que recordar que el pasado 1 de enero la Seguridad Social ya aplic\u00f3 la revalorizaci\u00f3n de las pensiones para 2019, que supone un incremento del 1,6%, con car\u00e1cter general, y del 3%, para las m\u00ednimas, SOVI y no contributivas.<\/p>\n","protected":false},"excerpt":{"rendered":"<p>M\u00e1s de 9,3 millones de pensiones (9.373.892) se ver\u00e1n compensadas desde con una paga \u00fanica adicional por la desviaci\u00f3n que experimentaron los precios en 2018, un 0,1% por encima del 1,6% previsto en los Presupuestos Generales del Estado para 2018. El Ministerio de Trabajo, Migraciones y Seguridad Social destinar\u00e1 123,4 millones de euros al pago [&hellip;]<\/p>\n","protected":false},"author":1,"featured_media":1017882,"comment_status":"closed","ping_status":"closed","sticky":false,"template":"","format":"standard","meta":{"footnotes":""},"categories":[187],"tags":[],"class_list":["post-1017881","post","type-post","status-publish","format-standard","has-post-thumbnail","hentry","category-economia"],"aioseo_notices":[],"aioseo_head":"\n\t\t<!-- All in One SEO Pro 4.9.6.2 - aioseo.com -->\n\t<meta name=\"description\" content=\"M\u00e1s de 9,3 millones de pensiones (9.373.892) se ver\u00e1n compensadas desde con una paga \u00fanica adicional por la desviaci\u00f3n que experimentaron los precios en 2018, un 0,1% por encima del 1,6% previsto en los Presupuestos Generales del Estado para 2018. El Ministerio de Trabajo, Migraciones y Seguridad Social destinar\u00e1 123,4 millones de euros al pago\" \/>\n\t<meta name=\"robots\" content=\"max-image-preview:large\" \/>\n\t<meta name=\"author\" content=\"El Digital de Asturias\"\/>\n\t<meta name=\"google-site-verification\" content=\"UA-38556648-1\" \/>\n\t<meta name=\"msvalidate.01\" content=\"7dfe9f3f1b24437ab69f4f2559babe99\" \/>\n\t<meta name=\"keywords\" content=\"econom\u00eda\" \/>\n\t<link rel=\"canonical\" href=\"https:\/\/www.eldigitaldeasturias.com\/noticias\/mas-de-93-millones-de-pensiones-se-compensan-con-la-paga-unica-adicional-por-la-desviacion-de-los-precios-en-2018\/\" \/>\n\t<meta name=\"generator\" content=\"All in One SEO Pro (AIOSEO) 4.9.6.2\" \/>\n\t\t<meta property=\"og:locale\" content=\"es_ES\" \/>\n\t\t<meta property=\"og:site_name\" content=\"El Digital de Asturias\" \/>\n\t\t<meta property=\"og:type\" content=\"article\" \/>\n\t\t<meta property=\"og:title\" content=\"M\u00e1s de 9,3 millones de pensiones se compensan con la paga \u00fanica adicional por la desviaci\u00f3n de los precios en 2018 - El Digital de Asturias\" \/>\n\t\t<meta property=\"og:description\" content=\"M\u00e1s de 9,3 millones de pensiones (9.373.892) se ver\u00e1n compensadas desde con una paga \u00fanica adicional por la desviaci\u00f3n que experimentaron los precios en 2018, un 0,1% por encima del 1,6% previsto en los Presupuestos Generales del Estado para 2018. El Ministerio de Trabajo, Migraciones y Seguridad Social destinar\u00e1 123,4 millones de euros al pago\" \/>\n\t\t<meta property=\"og:url\" content=\"https:\/\/www.eldigitaldeasturias.com\/noticias\/mas-de-93-millones-de-pensiones-se-compensan-con-la-paga-unica-adicional-por-la-desviacion-de-los-precios-en-2018\/\" \/>\n\t\t<meta property=\"og:image\" content=\"https:\/\/www.eldigitaldeasturias.com\/noticias\/wp-content\/uploads\/2019\/02\/200219_Ancianos-con-mochila.jpg\" \/>\n\t\t<meta property=\"og:image:secure_url\" content=\"https:\/\/www.eldigitaldeasturias.com\/noticias\/wp-content\/uploads\/2019\/02\/200219_Ancianos-con-mochila.jpg\" \/>\n\t\t<meta property=\"og:image:width\" content=\"512\" \/>\n\t\t<meta property=\"og:image:height\" content=\"340\" \/>\n\t\t<meta property=\"article:tag\" content=\"econom\u00eda\" \/>\n\t\t<meta property=\"article:published_time\" content=\"2019-02-22T14:23:43+00:00\" \/>\n\t\t<meta property=\"article:modified_time\" content=\"2019-02-22T14:23:43+00:00\" \/>\n\t\t<meta property=\"article:publisher\" content=\"https:\/\/facebook.com\/eldigitaldeasturias\" \/>\n\t\t<meta name=\"twitter:card\" content=\"summary_large_image\" \/>\n\t\t<meta name=\"twitter:title\" content=\"M\u00e1s de 9,3 millones de pensiones se compensan con la paga \u00fanica adicional por la desviaci\u00f3n de los precios en 2018 - El Digital de Asturias\" \/>\n\t\t<meta name=\"twitter:description\" content=\"M\u00e1s de 9,3 millones de pensiones (9.373.892) se ver\u00e1n compensadas desde con una paga \u00fanica adicional por la desviaci\u00f3n que experimentaron los precios en 2018, un 0,1% por encima del 1,6% previsto en los Presupuestos Generales del Estado para 2018. El Ministerio de Trabajo, Migraciones y Seguridad Social destinar\u00e1 123,4 millones de euros al pago\" \/>\n\t\t<meta name=\"twitter:image\" content=\"https:\/\/www.eldigitaldeasturias.com\/noticias\/wp-content\/uploads\/2019\/02\/200219_Ancianos-con-mochila.jpg\" \/>\n\t\t<meta name=\"twitter:label1\" content=\"Escrito por\" \/>\n\t\t<meta name=\"twitter:data1\" content=\"El Digital de Asturias\" \/>\n\t\t<meta name=\"twitter:label2\" content=\"Tiempo de lectura estimado\" \/>\n\t\t<meta name=\"twitter:data2\" content=\"2 minutos\" \/>\n\t\t<script type=\"application\/ld+json\" class=\"aioseo-schema\">\n\t\t\t{\"@context\":\"https:\\\/\\\/schema.org\",\"@graph\":[{\"@type\":\"BlogPosting\",\"@id\":\"https:\\\/\\\/www.eldigitaldeasturias.com\\\/noticias\\\/mas-de-93-millones-de-pensiones-se-compensan-con-la-paga-unica-adicional-por-la-desviacion-de-los-precios-en-2018\\\/#blogposting\",\"name\":\"M\\u00e1s de 9,3 millones de pensiones se compensan con la paga \\u00fanica adicional por la desviaci\\u00f3n de los precios en 2018 - El Digital de Asturias\",\"headline\":\"M\\u00e1s de 9,3 millones de pensiones se compensan con la paga \\u00fanica adicional por la desviaci\\u00f3n de los precios en 2018\",\"author\":{\"@id\":\"https:\\\/\\\/www.eldigitaldeasturias.com\\\/noticias\\\/author\\\/admin\\\/#author\"},\"publisher\":{\"@id\":\"https:\\\/\\\/www.eldigitaldeasturias.com\\\/noticias\\\/#organization\"},\"image\":{\"@type\":\"ImageObject\",\"url\":\"https:\\\/\\\/www.eldigitaldeasturias.com\\\/noticias\\\/wp-content\\\/uploads\\\/2019\\\/02\\\/200219_Ancianos-con-mochila.jpg\",\"width\":512,\"height\":340},\"datePublished\":\"2019-02-22T14:23:43+01:00\",\"dateModified\":\"2019-02-22T14:23:43+01:00\",\"inLanguage\":\"es-ES\",\"mainEntityOfPage\":{\"@id\":\"https:\\\/\\\/www.eldigitaldeasturias.com\\\/noticias\\\/mas-de-93-millones-de-pensiones-se-compensan-con-la-paga-unica-adicional-por-la-desviacion-de-los-precios-en-2018\\\/#webpage\"},\"isPartOf\":{\"@id\":\"https:\\\/\\\/www.eldigitaldeasturias.com\\\/noticias\\\/mas-de-93-millones-de-pensiones-se-compensan-con-la-paga-unica-adicional-por-la-desviacion-de-los-precios-en-2018\\\/#webpage\"},\"articleSection\":\"Econom\\u00eda\"},{\"@type\":\"BreadcrumbList\",\"@id\":\"https:\\\/\\\/www.eldigitaldeasturias.com\\\/noticias\\\/mas-de-93-millones-de-pensiones-se-compensan-con-la-paga-unica-adicional-por-la-desviacion-de-los-precios-en-2018\\\/#breadcrumblist\",\"itemListElement\":[{\"@type\":\"ListItem\",\"@id\":\"https:\\\/\\\/www.eldigitaldeasturias.com\\\/noticias#listItem\",\"position\":1,\"name\":\"Home\",\"item\":\"https:\\\/\\\/www.eldigitaldeasturias.com\\\/noticias\",\"nextItem\":{\"@type\":\"ListItem\",\"@id\":\"https:\\\/\\\/www.eldigitaldeasturias.com\\\/noticias\\\/category\\\/economia\\\/#listItem\",\"name\":\"Econom\\u00eda\"}},{\"@type\":\"ListItem\",\"@id\":\"https:\\\/\\\/www.eldigitaldeasturias.com\\\/noticias\\\/category\\\/economia\\\/#listItem\",\"position\":2,\"name\":\"Econom\\u00eda\",\"item\":\"https:\\\/\\\/www.eldigitaldeasturias.com\\\/noticias\\\/category\\\/economia\\\/\",\"nextItem\":{\"@type\":\"ListItem\",\"@id\":\"https:\\\/\\\/www.eldigitaldeasturias.com\\\/noticias\\\/mas-de-93-millones-de-pensiones-se-compensan-con-la-paga-unica-adicional-por-la-desviacion-de-los-precios-en-2018\\\/#listItem\",\"name\":\"M\\u00e1s de 9,3 millones de pensiones se compensan con la paga \\u00fanica adicional por la desviaci\\u00f3n de los precios en 2018\"},\"previousItem\":{\"@type\":\"ListItem\",\"@id\":\"https:\\\/\\\/www.eldigitaldeasturias.com\\\/noticias#listItem\",\"name\":\"Home\"}},{\"@type\":\"ListItem\",\"@id\":\"https:\\\/\\\/www.eldigitaldeasturias.com\\\/noticias\\\/mas-de-93-millones-de-pensiones-se-compensan-con-la-paga-unica-adicional-por-la-desviacion-de-los-precios-en-2018\\\/#listItem\",\"position\":3,\"name\":\"M\\u00e1s de 9,3 millones de pensiones se compensan con la paga \\u00fanica adicional por la desviaci\\u00f3n de los precios en 2018\",\"previousItem\":{\"@type\":\"ListItem\",\"@id\":\"https:\\\/\\\/www.eldigitaldeasturias.com\\\/noticias\\\/category\\\/economia\\\/#listItem\",\"name\":\"Econom\\u00eda\"}}]},{\"@type\":\"Organization\",\"@id\":\"https:\\\/\\\/www.eldigitaldeasturias.com\\\/noticias\\\/#organization\",\"name\":\"El Digital de Asturias\",\"description\":\"Hemeroteca\",\"url\":\"https:\\\/\\\/www.eldigitaldeasturias.com\\\/noticias\\\/\",\"email\":\"info@eldigitaldeasturias.com\",\"telephone\":\"+34652131393\",\"logo\":{\"@type\":\"ImageObject\",\"url\":\"https:\\\/\\\/www.eldigitaldeasturias.com\\\/noticias\\\/wp-content\\\/uploads\\\/2020\\\/12\\\/EDA.jpg\",\"@id\":\"https:\\\/\\\/www.eldigitaldeasturias.com\\\/noticias\\\/mas-de-93-millones-de-pensiones-se-compensan-con-la-paga-unica-adicional-por-la-desviacion-de-los-precios-en-2018\\\/#organizationLogo\",\"width\":649,\"height\":297},\"image\":{\"@id\":\"https:\\\/\\\/www.eldigitaldeasturias.com\\\/noticias\\\/mas-de-93-millones-de-pensiones-se-compensan-con-la-paga-unica-adicional-por-la-desviacion-de-los-precios-en-2018\\\/#organizationLogo\"},\"sameAs\":[\"https:\\\/\\\/facebook.com\\\/eldigitaldeasturias\",\"https:\\\/\\\/www.youtube.com\\\/channel\\\/UCZP-2wLEB9Rv6erhFmqVnvg\"],\"address\":{\"@id\":\"https:\\\/\\\/www.eldigitaldeasturias.com\\\/noticias\\\/#postaladdress\",\"@type\":\"PostalAddress\",\"streetAddress\":\"san antonio 4,\",\"postalCode\":\"33430\",\"addressLocality\":\"Cand\\u00e1s\",\"addressRegion\":\"Asturias\",\"addressCountry\":\"ES\"}},{\"@type\":\"Person\",\"@id\":\"https:\\\/\\\/www.eldigitaldeasturias.com\\\/noticias\\\/author\\\/admin\\\/#author\",\"url\":\"https:\\\/\\\/www.eldigitaldeasturias.com\\\/noticias\\\/author\\\/admin\\\/\",\"name\":\"El Digital de Asturias\",\"image\":{\"@type\":\"ImageObject\",\"@id\":\"https:\\\/\\\/www.eldigitaldeasturias.com\\\/noticias\\\/mas-de-93-millones-de-pensiones-se-compensan-con-la-paga-unica-adicional-por-la-desviacion-de-los-precios-en-2018\\\/#authorImage\",\"url\":\"https:\\\/\\\/www.eldigitaldeasturias.com\\\/noticias\\\/wp-content\\\/litespeed\\\/avatar\\\/18677e78aa0546b92d9dbf31ec7d7668.jpg?ver=1777290358\",\"width\":96,\"height\":96,\"caption\":\"El Digital de Asturias\"}},{\"@type\":\"WebPage\",\"@id\":\"https:\\\/\\\/www.eldigitaldeasturias.com\\\/noticias\\\/mas-de-93-millones-de-pensiones-se-compensan-con-la-paga-unica-adicional-por-la-desviacion-de-los-precios-en-2018\\\/#webpage\",\"url\":\"https:\\\/\\\/www.eldigitaldeasturias.com\\\/noticias\\\/mas-de-93-millones-de-pensiones-se-compensan-con-la-paga-unica-adicional-por-la-desviacion-de-los-precios-en-2018\\\/\",\"name\":\"M\\u00e1s de 9,3 millones de pensiones se compensan con la paga \\u00fanica adicional por la desviaci\\u00f3n de los precios en 2018 - El Digital de Asturias\",\"description\":\"M\\u00e1s de 9,3 millones de pensiones (9.373.892) se ver\\u00e1n compensadas desde con una paga \\u00fanica adicional por la desviaci\\u00f3n que experimentaron los precios en 2018, un 0,1% por encima del 1,6% previsto en los Presupuestos Generales del Estado para 2018. El Ministerio de Trabajo, Migraciones y Seguridad Social destinar\\u00e1 123,4 millones de euros al pago\",\"inLanguage\":\"es-ES\",\"isPartOf\":{\"@id\":\"https:\\\/\\\/www.eldigitaldeasturias.com\\\/noticias\\\/#website\"},\"breadcrumb\":{\"@id\":\"https:\\\/\\\/www.eldigitaldeasturias.com\\\/noticias\\\/mas-de-93-millones-de-pensiones-se-compensan-con-la-paga-unica-adicional-por-la-desviacion-de-los-precios-en-2018\\\/#breadcrumblist\"},\"author\":{\"@id\":\"https:\\\/\\\/www.eldigitaldeasturias.com\\\/noticias\\\/author\\\/admin\\\/#author\"},\"creator\":{\"@id\":\"https:\\\/\\\/www.eldigitaldeasturias.com\\\/noticias\\\/author\\\/admin\\\/#author\"},\"image\":{\"@type\":\"ImageObject\",\"url\":\"https:\\\/\\\/www.eldigitaldeasturias.com\\\/noticias\\\/wp-content\\\/uploads\\\/2019\\\/02\\\/200219_Ancianos-con-mochila.jpg\",\"@id\":\"https:\\\/\\\/www.eldigitaldeasturias.com\\\/noticias\\\/mas-de-93-millones-de-pensiones-se-compensan-con-la-paga-unica-adicional-por-la-desviacion-de-los-precios-en-2018\\\/#mainImage\",\"width\":512,\"height\":340},\"primaryImageOfPage\":{\"@id\":\"https:\\\/\\\/www.eldigitaldeasturias.com\\\/noticias\\\/mas-de-93-millones-de-pensiones-se-compensan-con-la-paga-unica-adicional-por-la-desviacion-de-los-precios-en-2018\\\/#mainImage\"},\"datePublished\":\"2019-02-22T14:23:43+01:00\",\"dateModified\":\"2019-02-22T14:23:43+01:00\"},{\"@type\":\"WebSite\",\"@id\":\"https:\\\/\\\/www.eldigitaldeasturias.com\\\/noticias\\\/#website\",\"url\":\"https:\\\/\\\/www.eldigitaldeasturias.com\\\/noticias\\\/\",\"name\":\"El Digital de Asturias - Diario de actualidad y noticias\",\"alternateName\":\"El Digital de Asturias - Diario de actualidad y noticias\",\"description\":\"Hemeroteca\",\"inLanguage\":\"es-ES\",\"publisher\":{\"@id\":\"https:\\\/\\\/www.eldigitaldeasturias.com\\\/noticias\\\/#organization\"}}]}\n\t\t<\/script>\n\t\t<!-- All in One SEO Pro -->\r\n\t\t<title>M\u00e1s de 9,3 millones de pensiones se compensan con la paga \u00fanica adicional por la desviaci\u00f3n de los precios en 2018 - El Digital de Asturias<\/title>\n\n","aioseo_head_json":{"title":"M\u00e1s de 9,3 millones de pensiones se compensan con la paga \u00fanica adicional por la desviaci\u00f3n de los precios en 2018 - El Digital de Asturias","description":"M\u00e1s de 9,3 millones de pensiones (9.373.892) se ver\u00e1n compensadas desde con una paga \u00fanica adicional por la desviaci\u00f3n que experimentaron los precios en 2018, un 0,1% por encima del 1,6% previsto en los Presupuestos Generales del Estado para 2018. El Ministerio de Trabajo, Migraciones y Seguridad Social destinar\u00e1 123,4 millones de euros al pago","canonical_url":"https:\/\/www.eldigitaldeasturias.com\/noticias\/mas-de-93-millones-de-pensiones-se-compensan-con-la-paga-unica-adicional-por-la-desviacion-de-los-precios-en-2018\/","robots":"max-image-preview:large","keywords":"econom\u00eda","webmasterTools":{"google-site-verification":"UA-38556648-1","msvalidate.01":"7dfe9f3f1b24437ab69f4f2559babe99","miscellaneous":""},"schema":{"@context":"https:\/\/schema.org","@graph":[{"@type":"BlogPosting","@id":"https:\/\/www.eldigitaldeasturias.com\/noticias\/mas-de-93-millones-de-pensiones-se-compensan-con-la-paga-unica-adicional-por-la-desviacion-de-los-precios-en-2018\/#blogposting","name":"M\u00e1s de 9,3 millones de pensiones se compensan con la paga \u00fanica adicional por la desviaci\u00f3n de los precios en 2018 - El Digital de Asturias","headline":"M\u00e1s de 9,3 millones de pensiones se compensan con la paga \u00fanica adicional por la desviaci\u00f3n de los precios en 2018","author":{"@id":"https:\/\/www.eldigitaldeasturias.com\/noticias\/author\/admin\/#author"},"publisher":{"@id":"https:\/\/www.eldigitaldeasturias.com\/noticias\/#organization"},"image":{"@type":"ImageObject","url":"https:\/\/www.eldigitaldeasturias.com\/noticias\/wp-content\/uploads\/2019\/02\/200219_Ancianos-con-mochila.jpg","width":512,"height":340},"datePublished":"2019-02-22T14:23:43+01:00","dateModified":"2019-02-22T14:23:43+01:00","inLanguage":"es-ES","mainEntityOfPage":{"@id":"https:\/\/www.eldigitaldeasturias.com\/noticias\/mas-de-93-millones-de-pensiones-se-compensan-con-la-paga-unica-adicional-por-la-desviacion-de-los-precios-en-2018\/#webpage"},"isPartOf":{"@id":"https:\/\/www.eldigitaldeasturias.com\/noticias\/mas-de-93-millones-de-pensiones-se-compensan-con-la-paga-unica-adicional-por-la-desviacion-de-los-precios-en-2018\/#webpage"},"articleSection":"Econom\u00eda"},{"@type":"BreadcrumbList","@id":"https:\/\/www.eldigitaldeasturias.com\/noticias\/mas-de-93-millones-de-pensiones-se-compensan-con-la-paga-unica-adicional-por-la-desviacion-de-los-precios-en-2018\/#breadcrumblist","itemListElement":[{"@type":"ListItem","@id":"https:\/\/www.eldigitaldeasturias.com\/noticias#listItem","position":1,"name":"Home","item":"https:\/\/www.eldigitaldeasturias.com\/noticias","nextItem":{"@type":"ListItem","@id":"https:\/\/www.eldigitaldeasturias.com\/noticias\/category\/economia\/#listItem","name":"Econom\u00eda"}},{"@type":"ListItem","@id":"https:\/\/www.eldigitaldeasturias.com\/noticias\/category\/economia\/#listItem","position":2,"name":"Econom\u00eda","item":"https:\/\/www.eldigitaldeasturias.com\/noticias\/category\/economia\/","nextItem":{"@type":"ListItem","@id":"https:\/\/www.eldigitaldeasturias.com\/noticias\/mas-de-93-millones-de-pensiones-se-compensan-con-la-paga-unica-adicional-por-la-desviacion-de-los-precios-en-2018\/#listItem","name":"M\u00e1s de 9,3 millones de pensiones se compensan con la paga \u00fanica adicional por la desviaci\u00f3n de los precios en 2018"},"previousItem":{"@type":"ListItem","@id":"https:\/\/www.eldigitaldeasturias.com\/noticias#listItem","name":"Home"}},{"@type":"ListItem","@id":"https:\/\/www.eldigitaldeasturias.com\/noticias\/mas-de-93-millones-de-pensiones-se-compensan-con-la-paga-unica-adicional-por-la-desviacion-de-los-precios-en-2018\/#listItem","position":3,"name":"M\u00e1s de 9,3 millones de pensiones se compensan con la paga \u00fanica adicional por la desviaci\u00f3n de los precios en 2018","previousItem":{"@type":"ListItem","@id":"https:\/\/www.eldigitaldeasturias.com\/noticias\/category\/economia\/#listItem","name":"Econom\u00eda"}}]},{"@type":"Organization","@id":"https:\/\/www.eldigitaldeasturias.com\/noticias\/#organization","name":"El Digital de Asturias","description":"Hemeroteca","url":"https:\/\/www.eldigitaldeasturias.com\/noticias\/","email":"info@eldigitaldeasturias.com","telephone":"+34652131393","logo":{"@type":"ImageObject","url":"https:\/\/www.eldigitaldeasturias.com\/noticias\/wp-content\/uploads\/2020\/12\/EDA.jpg","@id":"https:\/\/www.eldigitaldeasturias.com\/noticias\/mas-de-93-millones-de-pensiones-se-compensan-con-la-paga-unica-adicional-por-la-desviacion-de-los-precios-en-2018\/#organizationLogo","width":649,"height":297},"image":{"@id":"https:\/\/www.eldigitaldeasturias.com\/noticias\/mas-de-93-millones-de-pensiones-se-compensan-con-la-paga-unica-adicional-por-la-desviacion-de-los-precios-en-2018\/#organizationLogo"},"sameAs":["https:\/\/facebook.com\/eldigitaldeasturias","https:\/\/www.youtube.com\/channel\/UCZP-2wLEB9Rv6erhFmqVnvg"],"address":{"@id":"https:\/\/www.eldigitaldeasturias.com\/noticias\/#postaladdress","@type":"PostalAddress","streetAddress":"san antonio 4,","postalCode":"33430","addressLocality":"Cand\u00e1s","addressRegion":"Asturias","addressCountry":"ES"}},{"@type":"Person","@id":"https:\/\/www.eldigitaldeasturias.com\/noticias\/author\/admin\/#author","url":"https:\/\/www.eldigitaldeasturias.com\/noticias\/author\/admin\/","name":"El Digital de Asturias","image":{"@type":"ImageObject","@id":"https:\/\/www.eldigitaldeasturias.com\/noticias\/mas-de-93-millones-de-pensiones-se-compensan-con-la-paga-unica-adicional-por-la-desviacion-de-los-precios-en-2018\/#authorImage","url":"https:\/\/www.eldigitaldeasturias.com\/noticias\/wp-content\/litespeed\/avatar\/18677e78aa0546b92d9dbf31ec7d7668.jpg?ver=1777290358","width":96,"height":96,"caption":"El Digital de Asturias"}},{"@type":"WebPage","@id":"https:\/\/www.eldigitaldeasturias.com\/noticias\/mas-de-93-millones-de-pensiones-se-compensan-con-la-paga-unica-adicional-por-la-desviacion-de-los-precios-en-2018\/#webpage","url":"https:\/\/www.eldigitaldeasturias.com\/noticias\/mas-de-93-millones-de-pensiones-se-compensan-con-la-paga-unica-adicional-por-la-desviacion-de-los-precios-en-2018\/","name":"M\u00e1s de 9,3 millones de pensiones se compensan con la paga \u00fanica adicional por la desviaci\u00f3n de los precios en 2018 - El Digital de Asturias","description":"M\u00e1s de 9,3 millones de pensiones (9.373.892) se ver\u00e1n compensadas desde con una paga \u00fanica adicional por la desviaci\u00f3n que experimentaron los precios en 2018, un 0,1% por encima del 1,6% previsto en los Presupuestos Generales del Estado para 2018. El Ministerio de Trabajo, Migraciones y Seguridad Social destinar\u00e1 123,4 millones de euros al pago","inLanguage":"es-ES","isPartOf":{"@id":"https:\/\/www.eldigitaldeasturias.com\/noticias\/#website"},"breadcrumb":{"@id":"https:\/\/www.eldigitaldeasturias.com\/noticias\/mas-de-93-millones-de-pensiones-se-compensan-con-la-paga-unica-adicional-por-la-desviacion-de-los-precios-en-2018\/#breadcrumblist"},"author":{"@id":"https:\/\/www.eldigitaldeasturias.com\/noticias\/author\/admin\/#author"},"creator":{"@id":"https:\/\/www.eldigitaldeasturias.com\/noticias\/author\/admin\/#author"},"image":{"@type":"ImageObject","url":"https:\/\/www.eldigitaldeasturias.com\/noticias\/wp-content\/uploads\/2019\/02\/200219_Ancianos-con-mochila.jpg","@id":"https:\/\/www.eldigitaldeasturias.com\/noticias\/mas-de-93-millones-de-pensiones-se-compensan-con-la-paga-unica-adicional-por-la-desviacion-de-los-precios-en-2018\/#mainImage","width":512,"height":340},"primaryImageOfPage":{"@id":"https:\/\/www.eldigitaldeasturias.com\/noticias\/mas-de-93-millones-de-pensiones-se-compensan-con-la-paga-unica-adicional-por-la-desviacion-de-los-precios-en-2018\/#mainImage"},"datePublished":"2019-02-22T14:23:43+01:00","dateModified":"2019-02-22T14:23:43+01:00"},{"@type":"WebSite","@id":"https:\/\/www.eldigitaldeasturias.com\/noticias\/#website","url":"https:\/\/www.eldigitaldeasturias.com\/noticias\/","name":"El Digital de Asturias - Diario de actualidad y noticias","alternateName":"El Digital de Asturias - Diario de actualidad y noticias","description":"Hemeroteca","inLanguage":"es-ES","publisher":{"@id":"https:\/\/www.eldigitaldeasturias.com\/noticias\/#organization"}}]},"og:locale":"es_ES","og:site_name":"El Digital de Asturias","og:type":"article","og:title":"M\u00e1s de 9,3 millones de pensiones se compensan con la paga \u00fanica adicional por la desviaci\u00f3n de los precios en 2018 - El Digital de Asturias","og:description":"M\u00e1s de 9,3 millones de pensiones (9.373.892) se ver\u00e1n compensadas desde con una paga \u00fanica adicional por la desviaci\u00f3n que experimentaron los precios en 2018, un 0,1% por encima del 1,6% previsto en los Presupuestos Generales del Estado para 2018. El Ministerio de Trabajo, Migraciones y Seguridad Social destinar\u00e1 123,4 millones de euros al pago","og:url":"https:\/\/www.eldigitaldeasturias.com\/noticias\/mas-de-93-millones-de-pensiones-se-compensan-con-la-paga-unica-adicional-por-la-desviacion-de-los-precios-en-2018\/","og:image":"https:\/\/www.eldigitaldeasturias.com\/noticias\/wp-content\/uploads\/2019\/02\/200219_Ancianos-con-mochila.jpg","og:image:secure_url":"https:\/\/www.eldigitaldeasturias.com\/noticias\/wp-content\/uploads\/2019\/02\/200219_Ancianos-con-mochila.jpg","og:image:width":512,"og:image:height":340,"article:tag":["econom\u00eda"],"article:published_time":"2019-02-22T14:23:43+00:00","article:modified_time":"2019-02-22T14:23:43+00:00","article:publisher":"https:\/\/facebook.com\/eldigitaldeasturias","twitter:card":"summary_large_image","twitter:title":"M\u00e1s de 9,3 millones de pensiones se compensan con la paga \u00fanica adicional por la desviaci\u00f3n de los precios en 2018 - El Digital de Asturias","twitter:description":"M\u00e1s de 9,3 millones de pensiones (9.373.892) se ver\u00e1n compensadas desde con una paga \u00fanica adicional por la desviaci\u00f3n que experimentaron los precios en 2018, un 0,1% por encima del 1,6% previsto en los Presupuestos Generales del Estado para 2018. El Ministerio de Trabajo, Migraciones y Seguridad Social destinar\u00e1 123,4 millones de euros al pago","twitter:image":"https:\/\/www.eldigitaldeasturias.com\/noticias\/wp-content\/uploads\/2019\/02\/200219_Ancianos-con-mochila.jpg","twitter:label1":"Escrito por","twitter:data1":"El Digital de Asturias","twitter:label2":"Tiempo de lectura estimado","twitter:data2":"2 minutos"},"aioseo_meta_data":{"post_id":"1017881","title":null,"description":null,"keywords":null,"keyphrases":null,"primary_term":null,"canonical_url":null,"og_title":null,"og_description":null,"og_object_type":"default","og_image_type":"default","og_image_url":null,"og_image_width":null,"og_image_height":null,"og_image_custom_url":null,"og_image_custom_fields":null,"og_video":null,"og_custom_url":null,"og_article_section":null,"og_article_tags":null,"twitter_use_og":false,"twitter_card":"default","twitter_image_type":"default","twitter_image_url":null,"twitter_image_custom_url":null,"twitter_image_custom_fields":null,"twitter_title":null,"twitter_description":null,"schema":{"blockGraphs":[],"customGraphs":[],"default":{"data":{"Article":[],"Course":[],"Dataset":[],"FAQPage":[],"Movie":[],"Person":[],"Product":[],"ProductReview":[],"Car":[],"Recipe":[],"Service":[],"SoftwareApplication":[],"WebPage":[]},"graphName":"","isEnabled":true},"graphs":[],"defaultGraph":"","defaultPostTypeGraph":""},"schema_type":null,"schema_type_options":null,"pillar_content":false,"robots_default":true,"robots_noindex":false,"robots_noarchive":false,"robots_nosnippet":false,"robots_nofollow":false,"robots_noimageindex":false,"robots_noodp":false,"robots_notranslate":false,"robots_max_snippet":null,"robots_max_videopreview":null,"robots_max_imagepreview":"large","priority":null,"frequency":null,"local_seo":null,"seo_analyzer_scan_date":"2025-10-16 10:38:08","breadcrumb_settings":null,"limit_modified_date":false,"open_ai":null,"ai":null,"created":"2020-12-21 11:18:36","updated":"2025-10-16 10:38:08"},"aioseo_breadcrumb":"<div class=\"aioseo-breadcrumbs\"><span class=\"aioseo-breadcrumb\">\n\t<a href=\"https:\/\/www.eldigitaldeasturias.com\/noticias\" title=\"Home\">Home<\/a>\n<\/span><span class=\"aioseo-breadcrumb-separator\">\u2013<\/span><span class=\"aioseo-breadcrumb\">\n\t<a href=\"https:\/\/www.eldigitaldeasturias.com\/noticias\/category\/economia\/\" title=\"Econom\u00eda\">Econom\u00eda<\/a>\n<\/span><span class=\"aioseo-breadcrumb-separator\">\u2013<\/span><span class=\"aioseo-breadcrumb\">\n\t<a href=\"https:\/\/www.eldigitaldeasturias.com\/noticias\/mas-de-93-millones-de-pensiones-se-compensan-con-la-paga-unica-adicional-por-la-desviacion-de-los-precios-en-2018\/\" title=\"M\u00e1s de 9,3 millones de pensiones se compensan con la paga \u00fanica adicional por la desviaci\u00f3n de los precios en 2018\">M\u00e1s de 9,3 millones de pensiones se compensan con la paga \u00fanica adicional por la desviaci\u00f3n de los precios en 2018<\/a>\n<\/span><\/div>","aioseo_breadcrumb_json":[{"label":"Home","link":"https:\/\/www.eldigitaldeasturias.com\/noticias"},{"label":"Econom\u00eda","link":"https:\/\/www.eldigitaldeasturias.com\/noticias\/category\/economia\/"},{"label":"M\u00e1s de 9,3 millones de pensiones se compensan con la paga \u00fanica adicional por la desviaci\u00f3n de los precios en 2018","link":"https:\/\/www.eldigitaldeasturias.com\/noticias\/mas-de-93-millones-de-pensiones-se-compensan-con-la-paga-unica-adicional-por-la-desviacion-de-los-precios-en-2018\/"}],"_links":{"self":[{"href":"https:\/\/www.eldigitaldeasturias.com\/noticias\/wp-json\/wp\/v2\/posts\/1017881","targetHints":{"allow":["GET"]}}],"collection":[{"href":"https:\/\/www.eldigitaldeasturias.com\/noticias\/wp-json\/wp\/v2\/posts"}],"about":[{"href":"https:\/\/www.eldigitaldeasturias.com\/noticias\/wp-json\/wp\/v2\/types\/post"}],"author":[{"embeddable":true,"href":"https:\/\/www.eldigitaldeasturias.com\/noticias\/wp-json\/wp\/v2\/users\/1"}],"replies":[{"embeddable":true,"href":"https:\/\/www.eldigitaldeasturias.com\/noticias\/wp-json\/wp\/v2\/comments?post=1017881"}],"version-history":[{"count":0,"href":"https:\/\/www.eldigitaldeasturias.com\/noticias\/wp-json\/wp\/v2\/posts\/1017881\/revisions"}],"wp:featuredmedia":[{"embeddable":true,"href":"https:\/\/www.eldigitaldeasturias.com\/noticias\/wp-json\/wp\/v2\/media\/1017882"}],"wp:attachment":[{"href":"https:\/\/www.eldigitaldeasturias.com\/noticias\/wp-json\/wp\/v2\/media?parent=1017881"}],"wp:term":[{"taxonomy":"category","embeddable":true,"href":"https:\/\/www.eldigitaldeasturias.com\/noticias\/wp-json\/wp\/v2\/categories?post=1017881"},{"taxonomy":"post_tag","embeddable":true,"href":"https:\/\/www.eldigitaldeasturias.com\/noticias\/wp-json\/wp\/v2\/tags?post=1017881"}],"curies":[{"name":"wp","href":"https:\/\/api.w.org\/{rel}","templated":true}]}}