{"id":1017862,"date":"2019-02-22T13:54:38","date_gmt":"2019-02-22T13:54:38","guid":{"rendered":"https:\/\/www.eldigitaldeasturias.com\/noticias\/?p=1017862"},"modified":"2019-02-22T13:54:38","modified_gmt":"2019-02-22T13:54:38","slug":"descenso-de-trabajadores-extranjeros-afiliados-a-la-seguridad-social","status":"publish","type":"post","link":"https:\/\/www.eldigitaldeasturias.com\/noticias\/descenso-de-trabajadores-extranjeros-afiliados-a-la-seguridad-social\/","title":{"rendered":"Descenso de trabajadores extranjeros afiliados a la Seguridad Social"},"content":{"rendered":"<p><img loading=\"lazy\" decoding=\"async\" class=\"alignleft size-medium wp-image-1017863\" src=\"https:\/\/www.eldigitaldeasturias.com\/noticias\/wp-content\/uploads\/2019\/02\/extranjeros-meyss-360x240.jpg\" alt=\"\" width=\"360\" height=\"240\" srcset=\"https:\/\/www.eldigitaldeasturias.com\/noticias\/wp-content\/uploads\/2019\/02\/extranjeros-meyss-360x240.jpg 360w, https:\/\/www.eldigitaldeasturias.com\/noticias\/wp-content\/uploads\/2019\/02\/extranjeros-meyss.jpg 496w\" sizes=\"auto, (max-width: 360px) 100vw, 360px\" \/>La afiliaci\u00f3n de trabajadores extranjeros a la Seguridad Social fue en enero de 1.966.699 ocupados. El porcentaje de crecimiento interanual se sit\u00faa de este modo en el 8,35%.<\/p>\n<p>En la \u00faltima d\u00e9cada, este porcentaje solo se ha superado en octubre (8,62%) y en diciembre de 2018 (8,43%). En concreto, en enero se han registrado 151.607 personas ocupadas m\u00e1s que hace un a\u00f1o.<\/p>\n<p>En el \u00faltimo mes la cifra de este colectivo ha mermado <strong>un 1,31%, lo que se traduce en 26.150 trabajadores extranjeros menos que en diciembre<\/strong>.<\/p>\n<p>Del total de trabajadores de otros pa\u00edses afiliados al Sistema de la Seguridad Social, los grupos m\u00e1s numerosos proceden de Ruman\u00eda (335.344), Marruecos (253.009), Italia (109.906) y China (103.479). Les siguen los trabajadores nacionales de Ecuador (70.644), Reino Unido (64.792), Colombia (61.834), Bulgaria (58.278) y Portugal (52.015).<\/p>\n<p><strong>Comunidades aut\u00f3nomas<\/strong><\/p>\n<p>En t\u00e9rminos mensuales, la ocupaci\u00f3n de trabajadores extranjeros aumenta en Andaluc\u00eda (0,72%), Castilla-La Mancha (0,29%) y La Rioja (0,24%). Esta afilaci\u00f3n mengua en las dem\u00e1s comunidades aut\u00f3nomas, encabezadas por Extremadura (-7,45%), Comunidad Valenciana (-3,37%) y Cantabria (-3,08%).<\/p>\n<p>En enero, de entre los afiliados extranjeros, 1.159.268 trabajadores proceden de pa\u00edses de fuera de la Uni\u00f3n Europea y el resto (807.430) de pa\u00edses comunitarios.<\/p>\n<p>Por reg\u00edmenes, la mayor\u00eda de los afiliados extranjeros est\u00e1 encuadrada en el R\u00e9gimen General: 1.638.323 (este dato incluye el Sistema Especial Agrario, con 230.071 ocupados, y el de Hogar, con 172.872). Le siguen el R\u00e9gimen de Trabajadores Aut\u00f3nomos, con 324.702 personas, el R\u00e9gimen Especial del Mar, con 3.610, y el del Carb\u00f3n, con 65.<\/p>\n","protected":false},"excerpt":{"rendered":"<p>La afiliaci\u00f3n de trabajadores extranjeros a la Seguridad Social fue en enero de 1.966.699 ocupados. El porcentaje de crecimiento interanual se sit\u00faa de este modo en el 8,35%. En la \u00faltima d\u00e9cada, este porcentaje solo se ha superado en octubre (8,62%) y en diciembre de 2018 (8,43%). En concreto, en enero se han registrado 151.607 [&hellip;]<\/p>\n","protected":false},"author":1,"featured_media":1017863,"comment_status":"closed","ping_status":"closed","sticky":false,"template":"","format":"standard","meta":{"footnotes":""},"categories":[187],"tags":[],"class_list":["post-1017862","post","type-post","status-publish","format-standard","has-post-thumbnail","hentry","category-economia"],"aioseo_notices":[],"aioseo_head":"\n\t\t<!-- All in One SEO Pro 4.9.6.2 - aioseo.com -->\n\t<meta name=\"description\" content=\"La afiliaci\u00f3n de trabajadores extranjeros a la Seguridad Social fue en enero de 1.966.699 ocupados. El porcentaje de crecimiento interanual se sit\u00faa de este modo en el 8,35%. En la \u00faltima d\u00e9cada, este porcentaje solo se ha superado en octubre (8,62%) y en diciembre de 2018 (8,43%). En concreto, en enero se han registrado 151.607\" \/>\n\t<meta name=\"robots\" content=\"max-image-preview:large\" \/>\n\t<meta name=\"author\" content=\"El Digital de Asturias\"\/>\n\t<meta name=\"google-site-verification\" content=\"UA-38556648-1\" \/>\n\t<meta name=\"msvalidate.01\" content=\"7dfe9f3f1b24437ab69f4f2559babe99\" \/>\n\t<meta name=\"keywords\" content=\"econom\u00eda\" \/>\n\t<link rel=\"canonical\" href=\"https:\/\/www.eldigitaldeasturias.com\/noticias\/descenso-de-trabajadores-extranjeros-afiliados-a-la-seguridad-social\/\" \/>\n\t<meta name=\"generator\" content=\"All in One SEO Pro (AIOSEO) 4.9.6.2\" \/>\n\t\t<meta property=\"og:locale\" content=\"es_ES\" \/>\n\t\t<meta property=\"og:site_name\" content=\"El Digital de Asturias\" \/>\n\t\t<meta property=\"og:type\" content=\"article\" \/>\n\t\t<meta property=\"og:title\" content=\"Descenso de trabajadores extranjeros afiliados a la Seguridad Social - El Digital de Asturias\" \/>\n\t\t<meta property=\"og:description\" content=\"La afiliaci\u00f3n de trabajadores extranjeros a la Seguridad Social fue en enero de 1.966.699 ocupados. El porcentaje de crecimiento interanual se sit\u00faa de este modo en el 8,35%. En la \u00faltima d\u00e9cada, este porcentaje solo se ha superado en octubre (8,62%) y en diciembre de 2018 (8,43%). En concreto, en enero se han registrado 151.607\" \/>\n\t\t<meta property=\"og:url\" content=\"https:\/\/www.eldigitaldeasturias.com\/noticias\/descenso-de-trabajadores-extranjeros-afiliados-a-la-seguridad-social\/\" \/>\n\t\t<meta property=\"og:image\" content=\"https:\/\/www.eldigitaldeasturias.com\/noticias\/wp-content\/uploads\/2019\/02\/extranjeros-meyss.jpg\" \/>\n\t\t<meta property=\"og:image:secure_url\" content=\"https:\/\/www.eldigitaldeasturias.com\/noticias\/wp-content\/uploads\/2019\/02\/extranjeros-meyss.jpg\" \/>\n\t\t<meta property=\"og:image:width\" content=\"496\" \/>\n\t\t<meta property=\"og:image:height\" content=\"331\" \/>\n\t\t<meta property=\"article:tag\" content=\"econom\u00eda\" \/>\n\t\t<meta property=\"article:published_time\" content=\"2019-02-22T13:54:38+00:00\" \/>\n\t\t<meta property=\"article:modified_time\" content=\"2019-02-22T13:54:38+00:00\" \/>\n\t\t<meta property=\"article:publisher\" content=\"https:\/\/facebook.com\/eldigitaldeasturias\" \/>\n\t\t<meta name=\"twitter:card\" content=\"summary_large_image\" \/>\n\t\t<meta name=\"twitter:title\" content=\"Descenso de trabajadores extranjeros afiliados a la Seguridad Social - El Digital de Asturias\" \/>\n\t\t<meta name=\"twitter:description\" content=\"La afiliaci\u00f3n de trabajadores extranjeros a la Seguridad Social fue en enero de 1.966.699 ocupados. El porcentaje de crecimiento interanual se sit\u00faa de este modo en el 8,35%. En la \u00faltima d\u00e9cada, este porcentaje solo se ha superado en octubre (8,62%) y en diciembre de 2018 (8,43%). En concreto, en enero se han registrado 151.607\" \/>\n\t\t<meta name=\"twitter:image\" content=\"https:\/\/www.eldigitaldeasturias.com\/noticias\/wp-content\/uploads\/2019\/02\/extranjeros-meyss.jpg\" \/>\n\t\t<meta name=\"twitter:label1\" content=\"Escrito por\" \/>\n\t\t<meta name=\"twitter:data1\" content=\"El Digital de Asturias\" \/>\n\t\t<meta name=\"twitter:label2\" content=\"Tiempo de lectura estimado\" \/>\n\t\t<meta name=\"twitter:data2\" content=\"1 minuto\" \/>\n\t\t<script type=\"application\/ld+json\" class=\"aioseo-schema\">\n\t\t\t{\"@context\":\"https:\\\/\\\/schema.org\",\"@graph\":[{\"@type\":\"BlogPosting\",\"@id\":\"https:\\\/\\\/www.eldigitaldeasturias.com\\\/noticias\\\/descenso-de-trabajadores-extranjeros-afiliados-a-la-seguridad-social\\\/#blogposting\",\"name\":\"Descenso de trabajadores extranjeros afiliados a la Seguridad Social - El Digital de Asturias\",\"headline\":\"Descenso de trabajadores extranjeros afiliados a la Seguridad Social\",\"author\":{\"@id\":\"https:\\\/\\\/www.eldigitaldeasturias.com\\\/noticias\\\/author\\\/admin\\\/#author\"},\"publisher\":{\"@id\":\"https:\\\/\\\/www.eldigitaldeasturias.com\\\/noticias\\\/#organization\"},\"image\":{\"@type\":\"ImageObject\",\"url\":\"https:\\\/\\\/www.eldigitaldeasturias.com\\\/noticias\\\/wp-content\\\/uploads\\\/2019\\\/02\\\/extranjeros-meyss.jpg\",\"width\":496,\"height\":331},\"datePublished\":\"2019-02-22T13:54:38+01:00\",\"dateModified\":\"2019-02-22T13:54:38+01:00\",\"inLanguage\":\"es-ES\",\"mainEntityOfPage\":{\"@id\":\"https:\\\/\\\/www.eldigitaldeasturias.com\\\/noticias\\\/descenso-de-trabajadores-extranjeros-afiliados-a-la-seguridad-social\\\/#webpage\"},\"isPartOf\":{\"@id\":\"https:\\\/\\\/www.eldigitaldeasturias.com\\\/noticias\\\/descenso-de-trabajadores-extranjeros-afiliados-a-la-seguridad-social\\\/#webpage\"},\"articleSection\":\"Econom\\u00eda\"},{\"@type\":\"BreadcrumbList\",\"@id\":\"https:\\\/\\\/www.eldigitaldeasturias.com\\\/noticias\\\/descenso-de-trabajadores-extranjeros-afiliados-a-la-seguridad-social\\\/#breadcrumblist\",\"itemListElement\":[{\"@type\":\"ListItem\",\"@id\":\"https:\\\/\\\/www.eldigitaldeasturias.com\\\/noticias#listItem\",\"position\":1,\"name\":\"Home\",\"item\":\"https:\\\/\\\/www.eldigitaldeasturias.com\\\/noticias\",\"nextItem\":{\"@type\":\"ListItem\",\"@id\":\"https:\\\/\\\/www.eldigitaldeasturias.com\\\/noticias\\\/category\\\/economia\\\/#listItem\",\"name\":\"Econom\\u00eda\"}},{\"@type\":\"ListItem\",\"@id\":\"https:\\\/\\\/www.eldigitaldeasturias.com\\\/noticias\\\/category\\\/economia\\\/#listItem\",\"position\":2,\"name\":\"Econom\\u00eda\",\"item\":\"https:\\\/\\\/www.eldigitaldeasturias.com\\\/noticias\\\/category\\\/economia\\\/\",\"nextItem\":{\"@type\":\"ListItem\",\"@id\":\"https:\\\/\\\/www.eldigitaldeasturias.com\\\/noticias\\\/descenso-de-trabajadores-extranjeros-afiliados-a-la-seguridad-social\\\/#listItem\",\"name\":\"Descenso de trabajadores extranjeros afiliados a la Seguridad Social\"},\"previousItem\":{\"@type\":\"ListItem\",\"@id\":\"https:\\\/\\\/www.eldigitaldeasturias.com\\\/noticias#listItem\",\"name\":\"Home\"}},{\"@type\":\"ListItem\",\"@id\":\"https:\\\/\\\/www.eldigitaldeasturias.com\\\/noticias\\\/descenso-de-trabajadores-extranjeros-afiliados-a-la-seguridad-social\\\/#listItem\",\"position\":3,\"name\":\"Descenso de trabajadores extranjeros afiliados a la Seguridad Social\",\"previousItem\":{\"@type\":\"ListItem\",\"@id\":\"https:\\\/\\\/www.eldigitaldeasturias.com\\\/noticias\\\/category\\\/economia\\\/#listItem\",\"name\":\"Econom\\u00eda\"}}]},{\"@type\":\"Organization\",\"@id\":\"https:\\\/\\\/www.eldigitaldeasturias.com\\\/noticias\\\/#organization\",\"name\":\"El Digital de Asturias\",\"description\":\"Hemeroteca\",\"url\":\"https:\\\/\\\/www.eldigitaldeasturias.com\\\/noticias\\\/\",\"email\":\"info@eldigitaldeasturias.com\",\"telephone\":\"+34652131393\",\"logo\":{\"@type\":\"ImageObject\",\"url\":\"https:\\\/\\\/www.eldigitaldeasturias.com\\\/noticias\\\/wp-content\\\/uploads\\\/2020\\\/12\\\/EDA.jpg\",\"@id\":\"https:\\\/\\\/www.eldigitaldeasturias.com\\\/noticias\\\/descenso-de-trabajadores-extranjeros-afiliados-a-la-seguridad-social\\\/#organizationLogo\",\"width\":649,\"height\":297},\"image\":{\"@id\":\"https:\\\/\\\/www.eldigitaldeasturias.com\\\/noticias\\\/descenso-de-trabajadores-extranjeros-afiliados-a-la-seguridad-social\\\/#organizationLogo\"},\"sameAs\":[\"https:\\\/\\\/facebook.com\\\/eldigitaldeasturias\",\"https:\\\/\\\/www.youtube.com\\\/channel\\\/UCZP-2wLEB9Rv6erhFmqVnvg\"],\"address\":{\"@id\":\"https:\\\/\\\/www.eldigitaldeasturias.com\\\/noticias\\\/#postaladdress\",\"@type\":\"PostalAddress\",\"streetAddress\":\"san antonio 4,\",\"postalCode\":\"33430\",\"addressLocality\":\"Cand\\u00e1s\",\"addressRegion\":\"Asturias\",\"addressCountry\":\"ES\"}},{\"@type\":\"Person\",\"@id\":\"https:\\\/\\\/www.eldigitaldeasturias.com\\\/noticias\\\/author\\\/admin\\\/#author\",\"url\":\"https:\\\/\\\/www.eldigitaldeasturias.com\\\/noticias\\\/author\\\/admin\\\/\",\"name\":\"El Digital de Asturias\",\"image\":{\"@type\":\"ImageObject\",\"@id\":\"https:\\\/\\\/www.eldigitaldeasturias.com\\\/noticias\\\/descenso-de-trabajadores-extranjeros-afiliados-a-la-seguridad-social\\\/#authorImage\",\"url\":\"https:\\\/\\\/www.eldigitaldeasturias.com\\\/noticias\\\/wp-content\\\/litespeed\\\/avatar\\\/18677e78aa0546b92d9dbf31ec7d7668.jpg?ver=1777290358\",\"width\":96,\"height\":96,\"caption\":\"El Digital de Asturias\"}},{\"@type\":\"WebPage\",\"@id\":\"https:\\\/\\\/www.eldigitaldeasturias.com\\\/noticias\\\/descenso-de-trabajadores-extranjeros-afiliados-a-la-seguridad-social\\\/#webpage\",\"url\":\"https:\\\/\\\/www.eldigitaldeasturias.com\\\/noticias\\\/descenso-de-trabajadores-extranjeros-afiliados-a-la-seguridad-social\\\/\",\"name\":\"Descenso de trabajadores extranjeros afiliados a la Seguridad Social - El Digital de Asturias\",\"description\":\"La afiliaci\\u00f3n de trabajadores extranjeros a la Seguridad Social fue en enero de 1.966.699 ocupados. El porcentaje de crecimiento interanual se sit\\u00faa de este modo en el 8,35%. En la \\u00faltima d\\u00e9cada, este porcentaje solo se ha superado en octubre (8,62%) y en diciembre de 2018 (8,43%). En concreto, en enero se han registrado 151.607\",\"inLanguage\":\"es-ES\",\"isPartOf\":{\"@id\":\"https:\\\/\\\/www.eldigitaldeasturias.com\\\/noticias\\\/#website\"},\"breadcrumb\":{\"@id\":\"https:\\\/\\\/www.eldigitaldeasturias.com\\\/noticias\\\/descenso-de-trabajadores-extranjeros-afiliados-a-la-seguridad-social\\\/#breadcrumblist\"},\"author\":{\"@id\":\"https:\\\/\\\/www.eldigitaldeasturias.com\\\/noticias\\\/author\\\/admin\\\/#author\"},\"creator\":{\"@id\":\"https:\\\/\\\/www.eldigitaldeasturias.com\\\/noticias\\\/author\\\/admin\\\/#author\"},\"image\":{\"@type\":\"ImageObject\",\"url\":\"https:\\\/\\\/www.eldigitaldeasturias.com\\\/noticias\\\/wp-content\\\/uploads\\\/2019\\\/02\\\/extranjeros-meyss.jpg\",\"@id\":\"https:\\\/\\\/www.eldigitaldeasturias.com\\\/noticias\\\/descenso-de-trabajadores-extranjeros-afiliados-a-la-seguridad-social\\\/#mainImage\",\"width\":496,\"height\":331},\"primaryImageOfPage\":{\"@id\":\"https:\\\/\\\/www.eldigitaldeasturias.com\\\/noticias\\\/descenso-de-trabajadores-extranjeros-afiliados-a-la-seguridad-social\\\/#mainImage\"},\"datePublished\":\"2019-02-22T13:54:38+01:00\",\"dateModified\":\"2019-02-22T13:54:38+01:00\"},{\"@type\":\"WebSite\",\"@id\":\"https:\\\/\\\/www.eldigitaldeasturias.com\\\/noticias\\\/#website\",\"url\":\"https:\\\/\\\/www.eldigitaldeasturias.com\\\/noticias\\\/\",\"name\":\"El Digital de Asturias - Diario de actualidad y noticias\",\"alternateName\":\"El Digital de Asturias - Diario de actualidad y noticias\",\"description\":\"Hemeroteca\",\"inLanguage\":\"es-ES\",\"publisher\":{\"@id\":\"https:\\\/\\\/www.eldigitaldeasturias.com\\\/noticias\\\/#organization\"}}]}\n\t\t<\/script>\n\t\t<!-- All in One SEO Pro -->\r\n\t\t<title>Descenso de trabajadores extranjeros afiliados a la Seguridad Social - El Digital de Asturias<\/title>\n\n","aioseo_head_json":{"title":"Descenso de trabajadores extranjeros afiliados a la Seguridad Social - El Digital de Asturias","description":"La afiliaci\u00f3n de trabajadores extranjeros a la Seguridad Social fue en enero de 1.966.699 ocupados. El porcentaje de crecimiento interanual se sit\u00faa de este modo en el 8,35%. En la \u00faltima d\u00e9cada, este porcentaje solo se ha superado en octubre (8,62%) y en diciembre de 2018 (8,43%). En concreto, en enero se han registrado 151.607","canonical_url":"https:\/\/www.eldigitaldeasturias.com\/noticias\/descenso-de-trabajadores-extranjeros-afiliados-a-la-seguridad-social\/","robots":"max-image-preview:large","keywords":"econom\u00eda","webmasterTools":{"google-site-verification":"UA-38556648-1","msvalidate.01":"7dfe9f3f1b24437ab69f4f2559babe99","miscellaneous":""},"schema":{"@context":"https:\/\/schema.org","@graph":[{"@type":"BlogPosting","@id":"https:\/\/www.eldigitaldeasturias.com\/noticias\/descenso-de-trabajadores-extranjeros-afiliados-a-la-seguridad-social\/#blogposting","name":"Descenso de trabajadores extranjeros afiliados a la Seguridad Social - El Digital de Asturias","headline":"Descenso de trabajadores extranjeros afiliados a la Seguridad Social","author":{"@id":"https:\/\/www.eldigitaldeasturias.com\/noticias\/author\/admin\/#author"},"publisher":{"@id":"https:\/\/www.eldigitaldeasturias.com\/noticias\/#organization"},"image":{"@type":"ImageObject","url":"https:\/\/www.eldigitaldeasturias.com\/noticias\/wp-content\/uploads\/2019\/02\/extranjeros-meyss.jpg","width":496,"height":331},"datePublished":"2019-02-22T13:54:38+01:00","dateModified":"2019-02-22T13:54:38+01:00","inLanguage":"es-ES","mainEntityOfPage":{"@id":"https:\/\/www.eldigitaldeasturias.com\/noticias\/descenso-de-trabajadores-extranjeros-afiliados-a-la-seguridad-social\/#webpage"},"isPartOf":{"@id":"https:\/\/www.eldigitaldeasturias.com\/noticias\/descenso-de-trabajadores-extranjeros-afiliados-a-la-seguridad-social\/#webpage"},"articleSection":"Econom\u00eda"},{"@type":"BreadcrumbList","@id":"https:\/\/www.eldigitaldeasturias.com\/noticias\/descenso-de-trabajadores-extranjeros-afiliados-a-la-seguridad-social\/#breadcrumblist","itemListElement":[{"@type":"ListItem","@id":"https:\/\/www.eldigitaldeasturias.com\/noticias#listItem","position":1,"name":"Home","item":"https:\/\/www.eldigitaldeasturias.com\/noticias","nextItem":{"@type":"ListItem","@id":"https:\/\/www.eldigitaldeasturias.com\/noticias\/category\/economia\/#listItem","name":"Econom\u00eda"}},{"@type":"ListItem","@id":"https:\/\/www.eldigitaldeasturias.com\/noticias\/category\/economia\/#listItem","position":2,"name":"Econom\u00eda","item":"https:\/\/www.eldigitaldeasturias.com\/noticias\/category\/economia\/","nextItem":{"@type":"ListItem","@id":"https:\/\/www.eldigitaldeasturias.com\/noticias\/descenso-de-trabajadores-extranjeros-afiliados-a-la-seguridad-social\/#listItem","name":"Descenso de trabajadores extranjeros afiliados a la Seguridad Social"},"previousItem":{"@type":"ListItem","@id":"https:\/\/www.eldigitaldeasturias.com\/noticias#listItem","name":"Home"}},{"@type":"ListItem","@id":"https:\/\/www.eldigitaldeasturias.com\/noticias\/descenso-de-trabajadores-extranjeros-afiliados-a-la-seguridad-social\/#listItem","position":3,"name":"Descenso de trabajadores extranjeros afiliados a la Seguridad Social","previousItem":{"@type":"ListItem","@id":"https:\/\/www.eldigitaldeasturias.com\/noticias\/category\/economia\/#listItem","name":"Econom\u00eda"}}]},{"@type":"Organization","@id":"https:\/\/www.eldigitaldeasturias.com\/noticias\/#organization","name":"El Digital de Asturias","description":"Hemeroteca","url":"https:\/\/www.eldigitaldeasturias.com\/noticias\/","email":"info@eldigitaldeasturias.com","telephone":"+34652131393","logo":{"@type":"ImageObject","url":"https:\/\/www.eldigitaldeasturias.com\/noticias\/wp-content\/uploads\/2020\/12\/EDA.jpg","@id":"https:\/\/www.eldigitaldeasturias.com\/noticias\/descenso-de-trabajadores-extranjeros-afiliados-a-la-seguridad-social\/#organizationLogo","width":649,"height":297},"image":{"@id":"https:\/\/www.eldigitaldeasturias.com\/noticias\/descenso-de-trabajadores-extranjeros-afiliados-a-la-seguridad-social\/#organizationLogo"},"sameAs":["https:\/\/facebook.com\/eldigitaldeasturias","https:\/\/www.youtube.com\/channel\/UCZP-2wLEB9Rv6erhFmqVnvg"],"address":{"@id":"https:\/\/www.eldigitaldeasturias.com\/noticias\/#postaladdress","@type":"PostalAddress","streetAddress":"san antonio 4,","postalCode":"33430","addressLocality":"Cand\u00e1s","addressRegion":"Asturias","addressCountry":"ES"}},{"@type":"Person","@id":"https:\/\/www.eldigitaldeasturias.com\/noticias\/author\/admin\/#author","url":"https:\/\/www.eldigitaldeasturias.com\/noticias\/author\/admin\/","name":"El Digital de Asturias","image":{"@type":"ImageObject","@id":"https:\/\/www.eldigitaldeasturias.com\/noticias\/descenso-de-trabajadores-extranjeros-afiliados-a-la-seguridad-social\/#authorImage","url":"https:\/\/www.eldigitaldeasturias.com\/noticias\/wp-content\/litespeed\/avatar\/18677e78aa0546b92d9dbf31ec7d7668.jpg?ver=1777290358","width":96,"height":96,"caption":"El Digital de Asturias"}},{"@type":"WebPage","@id":"https:\/\/www.eldigitaldeasturias.com\/noticias\/descenso-de-trabajadores-extranjeros-afiliados-a-la-seguridad-social\/#webpage","url":"https:\/\/www.eldigitaldeasturias.com\/noticias\/descenso-de-trabajadores-extranjeros-afiliados-a-la-seguridad-social\/","name":"Descenso de trabajadores extranjeros afiliados a la Seguridad Social - El Digital de Asturias","description":"La afiliaci\u00f3n de trabajadores extranjeros a la Seguridad Social fue en enero de 1.966.699 ocupados. El porcentaje de crecimiento interanual se sit\u00faa de este modo en el 8,35%. En la \u00faltima d\u00e9cada, este porcentaje solo se ha superado en octubre (8,62%) y en diciembre de 2018 (8,43%). En concreto, en enero se han registrado 151.607","inLanguage":"es-ES","isPartOf":{"@id":"https:\/\/www.eldigitaldeasturias.com\/noticias\/#website"},"breadcrumb":{"@id":"https:\/\/www.eldigitaldeasturias.com\/noticias\/descenso-de-trabajadores-extranjeros-afiliados-a-la-seguridad-social\/#breadcrumblist"},"author":{"@id":"https:\/\/www.eldigitaldeasturias.com\/noticias\/author\/admin\/#author"},"creator":{"@id":"https:\/\/www.eldigitaldeasturias.com\/noticias\/author\/admin\/#author"},"image":{"@type":"ImageObject","url":"https:\/\/www.eldigitaldeasturias.com\/noticias\/wp-content\/uploads\/2019\/02\/extranjeros-meyss.jpg","@id":"https:\/\/www.eldigitaldeasturias.com\/noticias\/descenso-de-trabajadores-extranjeros-afiliados-a-la-seguridad-social\/#mainImage","width":496,"height":331},"primaryImageOfPage":{"@id":"https:\/\/www.eldigitaldeasturias.com\/noticias\/descenso-de-trabajadores-extranjeros-afiliados-a-la-seguridad-social\/#mainImage"},"datePublished":"2019-02-22T13:54:38+01:00","dateModified":"2019-02-22T13:54:38+01:00"},{"@type":"WebSite","@id":"https:\/\/www.eldigitaldeasturias.com\/noticias\/#website","url":"https:\/\/www.eldigitaldeasturias.com\/noticias\/","name":"El Digital de Asturias - Diario de actualidad y noticias","alternateName":"El Digital de Asturias - Diario de actualidad y noticias","description":"Hemeroteca","inLanguage":"es-ES","publisher":{"@id":"https:\/\/www.eldigitaldeasturias.com\/noticias\/#organization"}}]},"og:locale":"es_ES","og:site_name":"El Digital de Asturias","og:type":"article","og:title":"Descenso de trabajadores extranjeros afiliados a la Seguridad Social - El Digital de Asturias","og:description":"La afiliaci\u00f3n de trabajadores extranjeros a la Seguridad Social fue en enero de 1.966.699 ocupados. El porcentaje de crecimiento interanual se sit\u00faa de este modo en el 8,35%. En la \u00faltima d\u00e9cada, este porcentaje solo se ha superado en octubre (8,62%) y en diciembre de 2018 (8,43%). En concreto, en enero se han registrado 151.607","og:url":"https:\/\/www.eldigitaldeasturias.com\/noticias\/descenso-de-trabajadores-extranjeros-afiliados-a-la-seguridad-social\/","og:image":"https:\/\/www.eldigitaldeasturias.com\/noticias\/wp-content\/uploads\/2019\/02\/extranjeros-meyss.jpg","og:image:secure_url":"https:\/\/www.eldigitaldeasturias.com\/noticias\/wp-content\/uploads\/2019\/02\/extranjeros-meyss.jpg","og:image:width":496,"og:image:height":331,"article:tag":["econom\u00eda"],"article:published_time":"2019-02-22T13:54:38+00:00","article:modified_time":"2019-02-22T13:54:38+00:00","article:publisher":"https:\/\/facebook.com\/eldigitaldeasturias","twitter:card":"summary_large_image","twitter:title":"Descenso de trabajadores extranjeros afiliados a la Seguridad Social - El Digital de Asturias","twitter:description":"La afiliaci\u00f3n de trabajadores extranjeros a la Seguridad Social fue en enero de 1.966.699 ocupados. El porcentaje de crecimiento interanual se sit\u00faa de este modo en el 8,35%. En la \u00faltima d\u00e9cada, este porcentaje solo se ha superado en octubre (8,62%) y en diciembre de 2018 (8,43%). En concreto, en enero se han registrado 151.607","twitter:image":"https:\/\/www.eldigitaldeasturias.com\/noticias\/wp-content\/uploads\/2019\/02\/extranjeros-meyss.jpg","twitter:label1":"Escrito por","twitter:data1":"El Digital de Asturias","twitter:label2":"Tiempo de lectura estimado","twitter:data2":"1 minuto"},"aioseo_meta_data":{"post_id":"1017862","title":null,"description":null,"keywords":null,"keyphrases":null,"primary_term":null,"canonical_url":null,"og_title":null,"og_description":null,"og_object_type":"default","og_image_type":"default","og_image_url":null,"og_image_width":null,"og_image_height":null,"og_image_custom_url":null,"og_image_custom_fields":null,"og_video":null,"og_custom_url":null,"og_article_section":null,"og_article_tags":null,"twitter_use_og":false,"twitter_card":"default","twitter_image_type":"default","twitter_image_url":null,"twitter_image_custom_url":null,"twitter_image_custom_fields":null,"twitter_title":null,"twitter_description":null,"schema":{"blockGraphs":[],"customGraphs":[],"default":{"data":{"Article":[],"Course":[],"Dataset":[],"FAQPage":[],"Movie":[],"Person":[],"Product":[],"ProductReview":[],"Car":[],"Recipe":[],"Service":[],"SoftwareApplication":[],"WebPage":[]},"graphName":"","isEnabled":true},"graphs":[],"defaultGraph":"","defaultPostTypeGraph":""},"schema_type":null,"schema_type_options":null,"pillar_content":false,"robots_default":true,"robots_noindex":false,"robots_noarchive":false,"robots_nosnippet":false,"robots_nofollow":false,"robots_noimageindex":false,"robots_noodp":false,"robots_notranslate":false,"robots_max_snippet":null,"robots_max_videopreview":null,"robots_max_imagepreview":"large","priority":null,"frequency":null,"local_seo":null,"seo_analyzer_scan_date":"2025-10-16 10:32:15","breadcrumb_settings":null,"limit_modified_date":false,"open_ai":null,"ai":null,"created":"2020-12-21 11:18:36","updated":"2025-10-16 10:32:15"},"aioseo_breadcrumb":"<div class=\"aioseo-breadcrumbs\"><span class=\"aioseo-breadcrumb\">\n\t<a href=\"https:\/\/www.eldigitaldeasturias.com\/noticias\" title=\"Home\">Home<\/a>\n<\/span><span class=\"aioseo-breadcrumb-separator\">\u2013<\/span><span class=\"aioseo-breadcrumb\">\n\t<a href=\"https:\/\/www.eldigitaldeasturias.com\/noticias\/category\/economia\/\" title=\"Econom\u00eda\">Econom\u00eda<\/a>\n<\/span><span class=\"aioseo-breadcrumb-separator\">\u2013<\/span><span class=\"aioseo-breadcrumb\">\n\t<a href=\"https:\/\/www.eldigitaldeasturias.com\/noticias\/descenso-de-trabajadores-extranjeros-afiliados-a-la-seguridad-social\/\" title=\"Descenso de trabajadores extranjeros afiliados a la Seguridad Social\">Descenso de trabajadores extranjeros afiliados a la Seguridad Social<\/a>\n<\/span><\/div>","aioseo_breadcrumb_json":[{"label":"Home","link":"https:\/\/www.eldigitaldeasturias.com\/noticias"},{"label":"Econom\u00eda","link":"https:\/\/www.eldigitaldeasturias.com\/noticias\/category\/economia\/"},{"label":"Descenso de trabajadores extranjeros afiliados a la Seguridad Social","link":"https:\/\/www.eldigitaldeasturias.com\/noticias\/descenso-de-trabajadores-extranjeros-afiliados-a-la-seguridad-social\/"}],"_links":{"self":[{"href":"https:\/\/www.eldigitaldeasturias.com\/noticias\/wp-json\/wp\/v2\/posts\/1017862","targetHints":{"allow":["GET"]}}],"collection":[{"href":"https:\/\/www.eldigitaldeasturias.com\/noticias\/wp-json\/wp\/v2\/posts"}],"about":[{"href":"https:\/\/www.eldigitaldeasturias.com\/noticias\/wp-json\/wp\/v2\/types\/post"}],"author":[{"embeddable":true,"href":"https:\/\/www.eldigitaldeasturias.com\/noticias\/wp-json\/wp\/v2\/users\/1"}],"replies":[{"embeddable":true,"href":"https:\/\/www.eldigitaldeasturias.com\/noticias\/wp-json\/wp\/v2\/comments?post=1017862"}],"version-history":[{"count":0,"href":"https:\/\/www.eldigitaldeasturias.com\/noticias\/wp-json\/wp\/v2\/posts\/1017862\/revisions"}],"wp:featuredmedia":[{"embeddable":true,"href":"https:\/\/www.eldigitaldeasturias.com\/noticias\/wp-json\/wp\/v2\/media\/1017863"}],"wp:attachment":[{"href":"https:\/\/www.eldigitaldeasturias.com\/noticias\/wp-json\/wp\/v2\/media?parent=1017862"}],"wp:term":[{"taxonomy":"category","embeddable":true,"href":"https:\/\/www.eldigitaldeasturias.com\/noticias\/wp-json\/wp\/v2\/categories?post=1017862"},{"taxonomy":"post_tag","embeddable":true,"href":"https:\/\/www.eldigitaldeasturias.com\/noticias\/wp-json\/wp\/v2\/tags?post=1017862"}],"curies":[{"name":"wp","href":"https:\/\/api.w.org\/{rel}","templated":true}]}}