{"id":1017860,"date":"2019-02-22T13:53:08","date_gmt":"2019-02-22T13:53:08","guid":{"rendered":"https:\/\/www.eldigitaldeasturias.com\/noticias\/?p=1017860"},"modified":"2019-02-22T13:53:08","modified_gmt":"2019-02-22T13:53:08","slug":"mision-comercial-multisectorial-de-asturex-a-los-paises-balticos","status":"publish","type":"post","link":"https:\/\/www.eldigitaldeasturias.com\/noticias\/mision-comercial-multisectorial-de-asturex-a-los-paises-balticos\/","title":{"rendered":"Misi\u00f3n comercial multisectorial de ASTUREX a los Pa\u00edses B\u00e1lticos"},"content":{"rendered":"<p><img loading=\"lazy\" decoding=\"async\" class=\"alignleft size-medium wp-image-989215\" src=\"https:\/\/www.eldigitaldeasturias.com\/noticias\/wp-content\/uploads\/2018\/07\/money-1005479_960_720-360x232.jpg\" alt=\"\" width=\"360\" height=\"232\" srcset=\"https:\/\/www.eldigitaldeasturias.com\/noticias\/wp-content\/uploads\/2018\/07\/money-1005479_960_720-360x232.jpg 360w, https:\/\/www.eldigitaldeasturias.com\/noticias\/wp-content\/uploads\/2018\/07\/money-1005479_960_720-465x300.jpg 465w, https:\/\/www.eldigitaldeasturias.com\/noticias\/wp-content\/uploads\/2018\/07\/money-1005479_960_720-768x495.jpg 768w, https:\/\/www.eldigitaldeasturias.com\/noticias\/wp-content\/uploads\/2018\/07\/money-1005479_960_720-690x445.jpg 690w, https:\/\/www.eldigitaldeasturias.com\/noticias\/wp-content\/uploads\/2018\/07\/money-1005479_960_720-20x13.jpg 20w, https:\/\/www.eldigitaldeasturias.com\/noticias\/wp-content\/uploads\/2018\/07\/money-1005479_960_720.jpg 960w\" sizes=\"auto, (max-width: 360px) 100vw, 360px\" \/>Siete empresas asturianas participan en la primera misi\u00f3n comercial multisectorial organizada del 24 de febrero al 2 de marzo por la Sociedad de Promoci\u00f3n Exterior Principado de Asturias (ASTUREX) a Pa\u00edses B\u00e1lticos (Estonia, Letonia y Lituania) con el objetivo de promocionar sus productos y servicios en estos mercados.<\/p>\n<p>Durante la misi\u00f3n, las empresas: ASCENSORES TRESA, S.A., NORMAGRUP TECHNOLOGY, S.A., CARAMELOS LA ASTURIANA, S.A., SPORT LIFESTYLE, S.L., PROYECTOS INGENIERIA Y MECANIZADOS, S.L., ASTURMADI DOORS. S.L., y AUTO MERES PICATTO, S.A. mantendr\u00e1n agendas de reuniones individualizadas con empresas e instituciones, con el objetivo de detectar oportunidades, establecer o reforzar contactos y ampliar actividades comerciales ya iniciadas en estos mercados.<\/p>\n<p>Asturex, que por primera vez organiza una misi\u00f3n comercial a estos mercados, ha realizado un seguimiento continuado desde el inicio, por su dinamismo y evoluci\u00f3n, y por la importancia que representan sus sectores estrat\u00e9gicos para las empresas de nuestra regi\u00f3n.<\/p>\n<p><strong>Oportunidades de negocio en Pa\u00edses B\u00e1lticos<\/strong><\/p>\n<p>Los Pa\u00edses B\u00e1lticos (Estonia, Letonia y Lituania) son miembros de la Uni\u00f3n Europea (UE) desde mayo de 2004, por lo que no presentan barreras arancelarias ni no arancelarias para el comercio con Espa\u00f1a.<\/p>\n<p>Desde 2012 las exportaciones espa\u00f1olas a estos pa\u00edses han crecido en m\u00e1s de un 50%, con especial presencia de productos agroalimentarios, bienes de equipo, material el\u00e9ctrico y m\u00e1quina-herramienta, as\u00ed como de productos vinculados a la construcci\u00f3n, el textil, el calzado y el mueble.<\/p>\n<p>Con crecimientos de entre el 3% y el 4% previstos para 2018 y 2019, una inflaci\u00f3n moderada y la deuda p\u00fablica m\u00e1s baja de la zona euro, se habla ya de una Edad de Oro para Lituania, Letonia y Estonia. Su buena evoluci\u00f3n reciente ha atra\u00eddo a\u00fan m\u00e1s si cabe el inter\u00e9s de las empresas espa\u00f1olas. El desempleo ha dejado ya muy atr\u00e1s las grises cifras de 2009 y los salarios crecen a un ritmo que casi triplica la inflaci\u00f3n, cada vez m\u00e1s cerca del poder adquisitivo de Europa Central.<\/p>\n<p>Efecto y consecuencia de su consolidaci\u00f3n macroecon\u00f3mica es la reciente reversi\u00f3n de su mayor problema: el demogr\u00e1fico. La migraci\u00f3n en Estonia no solo ha sido netamente positiva durante los \u00faltimos tres a\u00f1os, sino que en 2018, por primera vez, lo ha sido tambi\u00e9n con el resto de la UE, hasta el punto de que sus tasas de crecimiento de poblaci\u00f3n son ya superiores al promedio de la zona euro. Incluso Lituania, para la que ciertos analistas preve\u00edan un colapso demogr\u00e1fico en menos de un siglo, ha registrado saldos migratorios positivos en el \u00faltimo a\u00f1o, lo que se ha convertido en un gran logro de su historia reciente.<\/p>\n<p>Los pa\u00edses b\u00e1lticos, como econom\u00edas abiertas, se est\u00e1n beneficiando adem\u00e1s del auge c\u00edclico en el comercio y el crecimiento mundiales, con una previsi\u00f3n global del 3,9% para 2019 y del 2,7% para la zona euro. El auge internacional de la manufactura alimenta la demanda de exportaci\u00f3n de las industrias b\u00e1lticas, lo que ha llevado a un nuevo ciclo de inversi\u00f3n en maquinaria, construcci\u00f3n, alimentaci\u00f3n, energ\u00eda y transporte (alimentado este por el proyecto Rail B\u00e1ltica, que integrar\u00e1 plenamente a los b\u00e1lticos en la red ferroviaria europea).<\/p>\n","protected":false},"excerpt":{"rendered":"<p>Siete empresas asturianas participan en la primera misi\u00f3n comercial multisectorial organizada del 24 de febrero al 2 de marzo por la Sociedad de Promoci\u00f3n Exterior Principado de Asturias (ASTUREX) a Pa\u00edses B\u00e1lticos (Estonia, Letonia y Lituania) con el objetivo de promocionar sus productos y servicios en estos mercados. Durante la misi\u00f3n, las empresas: ASCENSORES TRESA, [&hellip;]<\/p>\n","protected":false},"author":1,"featured_media":989215,"comment_status":"closed","ping_status":"closed","sticky":false,"template":"","format":"standard","meta":{"footnotes":""},"categories":[187],"tags":[],"class_list":["post-1017860","post","type-post","status-publish","format-standard","has-post-thumbnail","hentry","category-economia"],"aioseo_notices":[],"aioseo_head":"\n\t\t<!-- All in One SEO Pro 4.9.6.2 - aioseo.com -->\n\t<meta name=\"description\" content=\"Siete empresas asturianas participan en la primera misi\u00f3n comercial multisectorial organizada del 24 de febrero al 2 de marzo por la Sociedad de Promoci\u00f3n Exterior Principado de Asturias (ASTUREX) a Pa\u00edses B\u00e1lticos (Estonia, Letonia y Lituania) con el objetivo de promocionar sus productos y servicios en estos mercados. Durante la misi\u00f3n, las empresas: ASCENSORES TRESA,\" \/>\n\t<meta name=\"robots\" content=\"max-image-preview:large\" \/>\n\t<meta name=\"author\" content=\"El Digital de Asturias\"\/>\n\t<meta name=\"google-site-verification\" content=\"UA-38556648-1\" \/>\n\t<meta name=\"msvalidate.01\" content=\"7dfe9f3f1b24437ab69f4f2559babe99\" \/>\n\t<meta name=\"keywords\" content=\"econom\u00eda\" \/>\n\t<link rel=\"canonical\" href=\"https:\/\/www.eldigitaldeasturias.com\/noticias\/mision-comercial-multisectorial-de-asturex-a-los-paises-balticos\/\" \/>\n\t<meta name=\"generator\" content=\"All in One SEO Pro (AIOSEO) 4.9.6.2\" \/>\n\t\t<meta property=\"og:locale\" content=\"es_ES\" \/>\n\t\t<meta property=\"og:site_name\" content=\"El Digital de Asturias\" \/>\n\t\t<meta property=\"og:type\" content=\"article\" \/>\n\t\t<meta property=\"og:title\" content=\"Misi\u00f3n comercial multisectorial de ASTUREX a los Pa\u00edses B\u00e1lticos - El Digital de Asturias\" \/>\n\t\t<meta property=\"og:description\" content=\"Siete empresas asturianas participan en la primera misi\u00f3n comercial multisectorial organizada del 24 de febrero al 2 de marzo por la Sociedad de Promoci\u00f3n Exterior Principado de Asturias (ASTUREX) a Pa\u00edses B\u00e1lticos (Estonia, Letonia y Lituania) con el objetivo de promocionar sus productos y servicios en estos mercados. Durante la misi\u00f3n, las empresas: ASCENSORES TRESA,\" \/>\n\t\t<meta property=\"og:url\" content=\"https:\/\/www.eldigitaldeasturias.com\/noticias\/mision-comercial-multisectorial-de-asturex-a-los-paises-balticos\/\" \/>\n\t\t<meta property=\"og:image\" content=\"https:\/\/www.eldigitaldeasturias.com\/noticias\/wp-content\/uploads\/2018\/07\/money-1005479_960_720.jpg\" \/>\n\t\t<meta property=\"og:image:secure_url\" content=\"https:\/\/www.eldigitaldeasturias.com\/noticias\/wp-content\/uploads\/2018\/07\/money-1005479_960_720.jpg\" \/>\n\t\t<meta property=\"og:image:width\" content=\"960\" \/>\n\t\t<meta property=\"og:image:height\" content=\"619\" \/>\n\t\t<meta property=\"article:tag\" content=\"econom\u00eda\" \/>\n\t\t<meta property=\"article:published_time\" content=\"2019-02-22T13:53:08+00:00\" \/>\n\t\t<meta property=\"article:modified_time\" content=\"2019-02-22T13:53:08+00:00\" \/>\n\t\t<meta property=\"article:publisher\" content=\"https:\/\/facebook.com\/eldigitaldeasturias\" \/>\n\t\t<meta name=\"twitter:card\" content=\"summary_large_image\" \/>\n\t\t<meta name=\"twitter:title\" content=\"Misi\u00f3n comercial multisectorial de ASTUREX a los Pa\u00edses B\u00e1lticos - El Digital de Asturias\" \/>\n\t\t<meta name=\"twitter:description\" content=\"Siete empresas asturianas participan en la primera misi\u00f3n comercial multisectorial organizada del 24 de febrero al 2 de marzo por la Sociedad de Promoci\u00f3n Exterior Principado de Asturias (ASTUREX) a Pa\u00edses B\u00e1lticos (Estonia, Letonia y Lituania) con el objetivo de promocionar sus productos y servicios en estos mercados. Durante la misi\u00f3n, las empresas: ASCENSORES TRESA,\" \/>\n\t\t<meta name=\"twitter:image\" content=\"https:\/\/www.eldigitaldeasturias.com\/noticias\/wp-content\/uploads\/2018\/07\/money-1005479_960_720.jpg\" \/>\n\t\t<meta name=\"twitter:label1\" content=\"Escrito por\" \/>\n\t\t<meta name=\"twitter:data1\" content=\"El Digital de Asturias\" \/>\n\t\t<meta name=\"twitter:label2\" content=\"Tiempo de lectura estimado\" \/>\n\t\t<meta name=\"twitter:data2\" content=\"3 minutos\" \/>\n\t\t<script type=\"application\/ld+json\" class=\"aioseo-schema\">\n\t\t\t{\"@context\":\"https:\\\/\\\/schema.org\",\"@graph\":[{\"@type\":\"BlogPosting\",\"@id\":\"https:\\\/\\\/www.eldigitaldeasturias.com\\\/noticias\\\/mision-comercial-multisectorial-de-asturex-a-los-paises-balticos\\\/#blogposting\",\"name\":\"Misi\\u00f3n comercial multisectorial de ASTUREX a los Pa\\u00edses B\\u00e1lticos - El Digital de Asturias\",\"headline\":\"Misi\\u00f3n comercial multisectorial de ASTUREX a los Pa\\u00edses B\\u00e1lticos\",\"author\":{\"@id\":\"https:\\\/\\\/www.eldigitaldeasturias.com\\\/noticias\\\/author\\\/admin\\\/#author\"},\"publisher\":{\"@id\":\"https:\\\/\\\/www.eldigitaldeasturias.com\\\/noticias\\\/#organization\"},\"image\":{\"@type\":\"ImageObject\",\"url\":\"https:\\\/\\\/www.eldigitaldeasturias.com\\\/noticias\\\/wp-content\\\/uploads\\\/2018\\\/07\\\/money-1005479_960_720.jpg\",\"width\":960,\"height\":619},\"datePublished\":\"2019-02-22T13:53:08+01:00\",\"dateModified\":\"2019-02-22T13:53:08+01:00\",\"inLanguage\":\"es-ES\",\"mainEntityOfPage\":{\"@id\":\"https:\\\/\\\/www.eldigitaldeasturias.com\\\/noticias\\\/mision-comercial-multisectorial-de-asturex-a-los-paises-balticos\\\/#webpage\"},\"isPartOf\":{\"@id\":\"https:\\\/\\\/www.eldigitaldeasturias.com\\\/noticias\\\/mision-comercial-multisectorial-de-asturex-a-los-paises-balticos\\\/#webpage\"},\"articleSection\":\"Econom\\u00eda\"},{\"@type\":\"BreadcrumbList\",\"@id\":\"https:\\\/\\\/www.eldigitaldeasturias.com\\\/noticias\\\/mision-comercial-multisectorial-de-asturex-a-los-paises-balticos\\\/#breadcrumblist\",\"itemListElement\":[{\"@type\":\"ListItem\",\"@id\":\"https:\\\/\\\/www.eldigitaldeasturias.com\\\/noticias#listItem\",\"position\":1,\"name\":\"Home\",\"item\":\"https:\\\/\\\/www.eldigitaldeasturias.com\\\/noticias\",\"nextItem\":{\"@type\":\"ListItem\",\"@id\":\"https:\\\/\\\/www.eldigitaldeasturias.com\\\/noticias\\\/category\\\/economia\\\/#listItem\",\"name\":\"Econom\\u00eda\"}},{\"@type\":\"ListItem\",\"@id\":\"https:\\\/\\\/www.eldigitaldeasturias.com\\\/noticias\\\/category\\\/economia\\\/#listItem\",\"position\":2,\"name\":\"Econom\\u00eda\",\"item\":\"https:\\\/\\\/www.eldigitaldeasturias.com\\\/noticias\\\/category\\\/economia\\\/\",\"nextItem\":{\"@type\":\"ListItem\",\"@id\":\"https:\\\/\\\/www.eldigitaldeasturias.com\\\/noticias\\\/mision-comercial-multisectorial-de-asturex-a-los-paises-balticos\\\/#listItem\",\"name\":\"Misi\\u00f3n comercial multisectorial de ASTUREX a los Pa\\u00edses B\\u00e1lticos\"},\"previousItem\":{\"@type\":\"ListItem\",\"@id\":\"https:\\\/\\\/www.eldigitaldeasturias.com\\\/noticias#listItem\",\"name\":\"Home\"}},{\"@type\":\"ListItem\",\"@id\":\"https:\\\/\\\/www.eldigitaldeasturias.com\\\/noticias\\\/mision-comercial-multisectorial-de-asturex-a-los-paises-balticos\\\/#listItem\",\"position\":3,\"name\":\"Misi\\u00f3n comercial multisectorial de ASTUREX a los Pa\\u00edses B\\u00e1lticos\",\"previousItem\":{\"@type\":\"ListItem\",\"@id\":\"https:\\\/\\\/www.eldigitaldeasturias.com\\\/noticias\\\/category\\\/economia\\\/#listItem\",\"name\":\"Econom\\u00eda\"}}]},{\"@type\":\"Organization\",\"@id\":\"https:\\\/\\\/www.eldigitaldeasturias.com\\\/noticias\\\/#organization\",\"name\":\"El Digital de Asturias\",\"description\":\"Hemeroteca\",\"url\":\"https:\\\/\\\/www.eldigitaldeasturias.com\\\/noticias\\\/\",\"email\":\"info@eldigitaldeasturias.com\",\"telephone\":\"+34652131393\",\"logo\":{\"@type\":\"ImageObject\",\"url\":\"https:\\\/\\\/www.eldigitaldeasturias.com\\\/noticias\\\/wp-content\\\/uploads\\\/2020\\\/12\\\/EDA.jpg\",\"@id\":\"https:\\\/\\\/www.eldigitaldeasturias.com\\\/noticias\\\/mision-comercial-multisectorial-de-asturex-a-los-paises-balticos\\\/#organizationLogo\",\"width\":649,\"height\":297},\"image\":{\"@id\":\"https:\\\/\\\/www.eldigitaldeasturias.com\\\/noticias\\\/mision-comercial-multisectorial-de-asturex-a-los-paises-balticos\\\/#organizationLogo\"},\"sameAs\":[\"https:\\\/\\\/facebook.com\\\/eldigitaldeasturias\",\"https:\\\/\\\/www.youtube.com\\\/channel\\\/UCZP-2wLEB9Rv6erhFmqVnvg\"],\"address\":{\"@id\":\"https:\\\/\\\/www.eldigitaldeasturias.com\\\/noticias\\\/#postaladdress\",\"@type\":\"PostalAddress\",\"streetAddress\":\"san antonio 4,\",\"postalCode\":\"33430\",\"addressLocality\":\"Cand\\u00e1s\",\"addressRegion\":\"Asturias\",\"addressCountry\":\"ES\"}},{\"@type\":\"Person\",\"@id\":\"https:\\\/\\\/www.eldigitaldeasturias.com\\\/noticias\\\/author\\\/admin\\\/#author\",\"url\":\"https:\\\/\\\/www.eldigitaldeasturias.com\\\/noticias\\\/author\\\/admin\\\/\",\"name\":\"El Digital de Asturias\",\"image\":{\"@type\":\"ImageObject\",\"@id\":\"https:\\\/\\\/www.eldigitaldeasturias.com\\\/noticias\\\/mision-comercial-multisectorial-de-asturex-a-los-paises-balticos\\\/#authorImage\",\"url\":\"https:\\\/\\\/www.eldigitaldeasturias.com\\\/noticias\\\/wp-content\\\/litespeed\\\/avatar\\\/18677e78aa0546b92d9dbf31ec7d7668.jpg?ver=1777290358\",\"width\":96,\"height\":96,\"caption\":\"El Digital de Asturias\"}},{\"@type\":\"WebPage\",\"@id\":\"https:\\\/\\\/www.eldigitaldeasturias.com\\\/noticias\\\/mision-comercial-multisectorial-de-asturex-a-los-paises-balticos\\\/#webpage\",\"url\":\"https:\\\/\\\/www.eldigitaldeasturias.com\\\/noticias\\\/mision-comercial-multisectorial-de-asturex-a-los-paises-balticos\\\/\",\"name\":\"Misi\\u00f3n comercial multisectorial de ASTUREX a los Pa\\u00edses B\\u00e1lticos - El Digital de Asturias\",\"description\":\"Siete empresas asturianas participan en la primera misi\\u00f3n comercial multisectorial organizada del 24 de febrero al 2 de marzo por la Sociedad de Promoci\\u00f3n Exterior Principado de Asturias (ASTUREX) a Pa\\u00edses B\\u00e1lticos (Estonia, Letonia y Lituania) con el objetivo de promocionar sus productos y servicios en estos mercados. Durante la misi\\u00f3n, las empresas: ASCENSORES TRESA,\",\"inLanguage\":\"es-ES\",\"isPartOf\":{\"@id\":\"https:\\\/\\\/www.eldigitaldeasturias.com\\\/noticias\\\/#website\"},\"breadcrumb\":{\"@id\":\"https:\\\/\\\/www.eldigitaldeasturias.com\\\/noticias\\\/mision-comercial-multisectorial-de-asturex-a-los-paises-balticos\\\/#breadcrumblist\"},\"author\":{\"@id\":\"https:\\\/\\\/www.eldigitaldeasturias.com\\\/noticias\\\/author\\\/admin\\\/#author\"},\"creator\":{\"@id\":\"https:\\\/\\\/www.eldigitaldeasturias.com\\\/noticias\\\/author\\\/admin\\\/#author\"},\"image\":{\"@type\":\"ImageObject\",\"url\":\"https:\\\/\\\/www.eldigitaldeasturias.com\\\/noticias\\\/wp-content\\\/uploads\\\/2018\\\/07\\\/money-1005479_960_720.jpg\",\"@id\":\"https:\\\/\\\/www.eldigitaldeasturias.com\\\/noticias\\\/mision-comercial-multisectorial-de-asturex-a-los-paises-balticos\\\/#mainImage\",\"width\":960,\"height\":619},\"primaryImageOfPage\":{\"@id\":\"https:\\\/\\\/www.eldigitaldeasturias.com\\\/noticias\\\/mision-comercial-multisectorial-de-asturex-a-los-paises-balticos\\\/#mainImage\"},\"datePublished\":\"2019-02-22T13:53:08+01:00\",\"dateModified\":\"2019-02-22T13:53:08+01:00\"},{\"@type\":\"WebSite\",\"@id\":\"https:\\\/\\\/www.eldigitaldeasturias.com\\\/noticias\\\/#website\",\"url\":\"https:\\\/\\\/www.eldigitaldeasturias.com\\\/noticias\\\/\",\"name\":\"El Digital de Asturias - Diario de actualidad y noticias\",\"alternateName\":\"El Digital de Asturias - Diario de actualidad y noticias\",\"description\":\"Hemeroteca\",\"inLanguage\":\"es-ES\",\"publisher\":{\"@id\":\"https:\\\/\\\/www.eldigitaldeasturias.com\\\/noticias\\\/#organization\"}}]}\n\t\t<\/script>\n\t\t<!-- All in One SEO Pro -->\r\n\t\t<title>Misi\u00f3n comercial multisectorial de ASTUREX a los Pa\u00edses B\u00e1lticos - El Digital de Asturias<\/title>\n\n","aioseo_head_json":{"title":"Misi\u00f3n comercial multisectorial de ASTUREX a los Pa\u00edses B\u00e1lticos - El Digital de Asturias","description":"Siete empresas asturianas participan en la primera misi\u00f3n comercial multisectorial organizada del 24 de febrero al 2 de marzo por la Sociedad de Promoci\u00f3n Exterior Principado de Asturias (ASTUREX) a Pa\u00edses B\u00e1lticos (Estonia, Letonia y Lituania) con el objetivo de promocionar sus productos y servicios en estos mercados. Durante la misi\u00f3n, las empresas: ASCENSORES TRESA,","canonical_url":"https:\/\/www.eldigitaldeasturias.com\/noticias\/mision-comercial-multisectorial-de-asturex-a-los-paises-balticos\/","robots":"max-image-preview:large","keywords":"econom\u00eda","webmasterTools":{"google-site-verification":"UA-38556648-1","msvalidate.01":"7dfe9f3f1b24437ab69f4f2559babe99","miscellaneous":""},"schema":{"@context":"https:\/\/schema.org","@graph":[{"@type":"BlogPosting","@id":"https:\/\/www.eldigitaldeasturias.com\/noticias\/mision-comercial-multisectorial-de-asturex-a-los-paises-balticos\/#blogposting","name":"Misi\u00f3n comercial multisectorial de ASTUREX a los Pa\u00edses B\u00e1lticos - El Digital de Asturias","headline":"Misi\u00f3n comercial multisectorial de ASTUREX a los Pa\u00edses B\u00e1lticos","author":{"@id":"https:\/\/www.eldigitaldeasturias.com\/noticias\/author\/admin\/#author"},"publisher":{"@id":"https:\/\/www.eldigitaldeasturias.com\/noticias\/#organization"},"image":{"@type":"ImageObject","url":"https:\/\/www.eldigitaldeasturias.com\/noticias\/wp-content\/uploads\/2018\/07\/money-1005479_960_720.jpg","width":960,"height":619},"datePublished":"2019-02-22T13:53:08+01:00","dateModified":"2019-02-22T13:53:08+01:00","inLanguage":"es-ES","mainEntityOfPage":{"@id":"https:\/\/www.eldigitaldeasturias.com\/noticias\/mision-comercial-multisectorial-de-asturex-a-los-paises-balticos\/#webpage"},"isPartOf":{"@id":"https:\/\/www.eldigitaldeasturias.com\/noticias\/mision-comercial-multisectorial-de-asturex-a-los-paises-balticos\/#webpage"},"articleSection":"Econom\u00eda"},{"@type":"BreadcrumbList","@id":"https:\/\/www.eldigitaldeasturias.com\/noticias\/mision-comercial-multisectorial-de-asturex-a-los-paises-balticos\/#breadcrumblist","itemListElement":[{"@type":"ListItem","@id":"https:\/\/www.eldigitaldeasturias.com\/noticias#listItem","position":1,"name":"Home","item":"https:\/\/www.eldigitaldeasturias.com\/noticias","nextItem":{"@type":"ListItem","@id":"https:\/\/www.eldigitaldeasturias.com\/noticias\/category\/economia\/#listItem","name":"Econom\u00eda"}},{"@type":"ListItem","@id":"https:\/\/www.eldigitaldeasturias.com\/noticias\/category\/economia\/#listItem","position":2,"name":"Econom\u00eda","item":"https:\/\/www.eldigitaldeasturias.com\/noticias\/category\/economia\/","nextItem":{"@type":"ListItem","@id":"https:\/\/www.eldigitaldeasturias.com\/noticias\/mision-comercial-multisectorial-de-asturex-a-los-paises-balticos\/#listItem","name":"Misi\u00f3n comercial multisectorial de ASTUREX a los Pa\u00edses B\u00e1lticos"},"previousItem":{"@type":"ListItem","@id":"https:\/\/www.eldigitaldeasturias.com\/noticias#listItem","name":"Home"}},{"@type":"ListItem","@id":"https:\/\/www.eldigitaldeasturias.com\/noticias\/mision-comercial-multisectorial-de-asturex-a-los-paises-balticos\/#listItem","position":3,"name":"Misi\u00f3n comercial multisectorial de ASTUREX a los Pa\u00edses B\u00e1lticos","previousItem":{"@type":"ListItem","@id":"https:\/\/www.eldigitaldeasturias.com\/noticias\/category\/economia\/#listItem","name":"Econom\u00eda"}}]},{"@type":"Organization","@id":"https:\/\/www.eldigitaldeasturias.com\/noticias\/#organization","name":"El Digital de Asturias","description":"Hemeroteca","url":"https:\/\/www.eldigitaldeasturias.com\/noticias\/","email":"info@eldigitaldeasturias.com","telephone":"+34652131393","logo":{"@type":"ImageObject","url":"https:\/\/www.eldigitaldeasturias.com\/noticias\/wp-content\/uploads\/2020\/12\/EDA.jpg","@id":"https:\/\/www.eldigitaldeasturias.com\/noticias\/mision-comercial-multisectorial-de-asturex-a-los-paises-balticos\/#organizationLogo","width":649,"height":297},"image":{"@id":"https:\/\/www.eldigitaldeasturias.com\/noticias\/mision-comercial-multisectorial-de-asturex-a-los-paises-balticos\/#organizationLogo"},"sameAs":["https:\/\/facebook.com\/eldigitaldeasturias","https:\/\/www.youtube.com\/channel\/UCZP-2wLEB9Rv6erhFmqVnvg"],"address":{"@id":"https:\/\/www.eldigitaldeasturias.com\/noticias\/#postaladdress","@type":"PostalAddress","streetAddress":"san antonio 4,","postalCode":"33430","addressLocality":"Cand\u00e1s","addressRegion":"Asturias","addressCountry":"ES"}},{"@type":"Person","@id":"https:\/\/www.eldigitaldeasturias.com\/noticias\/author\/admin\/#author","url":"https:\/\/www.eldigitaldeasturias.com\/noticias\/author\/admin\/","name":"El Digital de Asturias","image":{"@type":"ImageObject","@id":"https:\/\/www.eldigitaldeasturias.com\/noticias\/mision-comercial-multisectorial-de-asturex-a-los-paises-balticos\/#authorImage","url":"https:\/\/www.eldigitaldeasturias.com\/noticias\/wp-content\/litespeed\/avatar\/18677e78aa0546b92d9dbf31ec7d7668.jpg?ver=1777290358","width":96,"height":96,"caption":"El Digital de Asturias"}},{"@type":"WebPage","@id":"https:\/\/www.eldigitaldeasturias.com\/noticias\/mision-comercial-multisectorial-de-asturex-a-los-paises-balticos\/#webpage","url":"https:\/\/www.eldigitaldeasturias.com\/noticias\/mision-comercial-multisectorial-de-asturex-a-los-paises-balticos\/","name":"Misi\u00f3n comercial multisectorial de ASTUREX a los Pa\u00edses B\u00e1lticos - El Digital de Asturias","description":"Siete empresas asturianas participan en la primera misi\u00f3n comercial multisectorial organizada del 24 de febrero al 2 de marzo por la Sociedad de Promoci\u00f3n Exterior Principado de Asturias (ASTUREX) a Pa\u00edses B\u00e1lticos (Estonia, Letonia y Lituania) con el objetivo de promocionar sus productos y servicios en estos mercados. Durante la misi\u00f3n, las empresas: ASCENSORES TRESA,","inLanguage":"es-ES","isPartOf":{"@id":"https:\/\/www.eldigitaldeasturias.com\/noticias\/#website"},"breadcrumb":{"@id":"https:\/\/www.eldigitaldeasturias.com\/noticias\/mision-comercial-multisectorial-de-asturex-a-los-paises-balticos\/#breadcrumblist"},"author":{"@id":"https:\/\/www.eldigitaldeasturias.com\/noticias\/author\/admin\/#author"},"creator":{"@id":"https:\/\/www.eldigitaldeasturias.com\/noticias\/author\/admin\/#author"},"image":{"@type":"ImageObject","url":"https:\/\/www.eldigitaldeasturias.com\/noticias\/wp-content\/uploads\/2018\/07\/money-1005479_960_720.jpg","@id":"https:\/\/www.eldigitaldeasturias.com\/noticias\/mision-comercial-multisectorial-de-asturex-a-los-paises-balticos\/#mainImage","width":960,"height":619},"primaryImageOfPage":{"@id":"https:\/\/www.eldigitaldeasturias.com\/noticias\/mision-comercial-multisectorial-de-asturex-a-los-paises-balticos\/#mainImage"},"datePublished":"2019-02-22T13:53:08+01:00","dateModified":"2019-02-22T13:53:08+01:00"},{"@type":"WebSite","@id":"https:\/\/www.eldigitaldeasturias.com\/noticias\/#website","url":"https:\/\/www.eldigitaldeasturias.com\/noticias\/","name":"El Digital de Asturias - Diario de actualidad y noticias","alternateName":"El Digital de Asturias - Diario de actualidad y noticias","description":"Hemeroteca","inLanguage":"es-ES","publisher":{"@id":"https:\/\/www.eldigitaldeasturias.com\/noticias\/#organization"}}]},"og:locale":"es_ES","og:site_name":"El Digital de Asturias","og:type":"article","og:title":"Misi\u00f3n comercial multisectorial de ASTUREX a los Pa\u00edses B\u00e1lticos - El Digital de Asturias","og:description":"Siete empresas asturianas participan en la primera misi\u00f3n comercial multisectorial organizada del 24 de febrero al 2 de marzo por la Sociedad de Promoci\u00f3n Exterior Principado de Asturias (ASTUREX) a Pa\u00edses B\u00e1lticos (Estonia, Letonia y Lituania) con el objetivo de promocionar sus productos y servicios en estos mercados. Durante la misi\u00f3n, las empresas: ASCENSORES TRESA,","og:url":"https:\/\/www.eldigitaldeasturias.com\/noticias\/mision-comercial-multisectorial-de-asturex-a-los-paises-balticos\/","og:image":"https:\/\/www.eldigitaldeasturias.com\/noticias\/wp-content\/uploads\/2018\/07\/money-1005479_960_720.jpg","og:image:secure_url":"https:\/\/www.eldigitaldeasturias.com\/noticias\/wp-content\/uploads\/2018\/07\/money-1005479_960_720.jpg","og:image:width":960,"og:image:height":619,"article:tag":["econom\u00eda"],"article:published_time":"2019-02-22T13:53:08+00:00","article:modified_time":"2019-02-22T13:53:08+00:00","article:publisher":"https:\/\/facebook.com\/eldigitaldeasturias","twitter:card":"summary_large_image","twitter:title":"Misi\u00f3n comercial multisectorial de ASTUREX a los Pa\u00edses B\u00e1lticos - El Digital de Asturias","twitter:description":"Siete empresas asturianas participan en la primera misi\u00f3n comercial multisectorial organizada del 24 de febrero al 2 de marzo por la Sociedad de Promoci\u00f3n Exterior Principado de Asturias (ASTUREX) a Pa\u00edses B\u00e1lticos (Estonia, Letonia y Lituania) con el objetivo de promocionar sus productos y servicios en estos mercados. Durante la misi\u00f3n, las empresas: ASCENSORES TRESA,","twitter:image":"https:\/\/www.eldigitaldeasturias.com\/noticias\/wp-content\/uploads\/2018\/07\/money-1005479_960_720.jpg","twitter:label1":"Escrito por","twitter:data1":"El Digital de Asturias","twitter:label2":"Tiempo de lectura estimado","twitter:data2":"3 minutos"},"aioseo_meta_data":{"post_id":"1017860","title":null,"description":null,"keywords":null,"keyphrases":null,"primary_term":null,"canonical_url":null,"og_title":null,"og_description":null,"og_object_type":"default","og_image_type":"default","og_image_url":null,"og_image_width":null,"og_image_height":null,"og_image_custom_url":null,"og_image_custom_fields":null,"og_video":null,"og_custom_url":null,"og_article_section":null,"og_article_tags":null,"twitter_use_og":false,"twitter_card":"default","twitter_image_type":"default","twitter_image_url":null,"twitter_image_custom_url":null,"twitter_image_custom_fields":null,"twitter_title":null,"twitter_description":null,"schema":{"blockGraphs":[],"customGraphs":[],"default":{"data":{"Article":[],"Course":[],"Dataset":[],"FAQPage":[],"Movie":[],"Person":[],"Product":[],"ProductReview":[],"Car":[],"Recipe":[],"Service":[],"SoftwareApplication":[],"WebPage":[]},"graphName":"","isEnabled":true},"graphs":[],"defaultGraph":"","defaultPostTypeGraph":""},"schema_type":null,"schema_type_options":null,"pillar_content":false,"robots_default":true,"robots_noindex":false,"robots_noarchive":false,"robots_nosnippet":false,"robots_nofollow":false,"robots_noimageindex":false,"robots_noodp":false,"robots_notranslate":false,"robots_max_snippet":null,"robots_max_videopreview":null,"robots_max_imagepreview":"large","priority":null,"frequency":null,"local_seo":null,"seo_analyzer_scan_date":"2025-10-16 10:32:15","breadcrumb_settings":null,"limit_modified_date":false,"open_ai":null,"ai":null,"created":"2020-12-21 11:18:36","updated":"2025-10-16 10:32:15"},"aioseo_breadcrumb":"<div class=\"aioseo-breadcrumbs\"><span class=\"aioseo-breadcrumb\">\n\t<a href=\"https:\/\/www.eldigitaldeasturias.com\/noticias\" title=\"Home\">Home<\/a>\n<\/span><span class=\"aioseo-breadcrumb-separator\">\u2013<\/span><span class=\"aioseo-breadcrumb\">\n\t<a href=\"https:\/\/www.eldigitaldeasturias.com\/noticias\/category\/economia\/\" title=\"Econom\u00eda\">Econom\u00eda<\/a>\n<\/span><span class=\"aioseo-breadcrumb-separator\">\u2013<\/span><span class=\"aioseo-breadcrumb\">\n\t<a href=\"https:\/\/www.eldigitaldeasturias.com\/noticias\/mision-comercial-multisectorial-de-asturex-a-los-paises-balticos\/\" title=\"Misi\u00f3n comercial multisectorial de ASTUREX a los Pa\u00edses B\u00e1lticos\">Misi\u00f3n comercial multisectorial de ASTUREX a los Pa\u00edses B\u00e1lticos<\/a>\n<\/span><\/div>","aioseo_breadcrumb_json":[{"label":"Home","link":"https:\/\/www.eldigitaldeasturias.com\/noticias"},{"label":"Econom\u00eda","link":"https:\/\/www.eldigitaldeasturias.com\/noticias\/category\/economia\/"},{"label":"Misi\u00f3n comercial multisectorial de ASTUREX a los Pa\u00edses B\u00e1lticos","link":"https:\/\/www.eldigitaldeasturias.com\/noticias\/mision-comercial-multisectorial-de-asturex-a-los-paises-balticos\/"}],"_links":{"self":[{"href":"https:\/\/www.eldigitaldeasturias.com\/noticias\/wp-json\/wp\/v2\/posts\/1017860","targetHints":{"allow":["GET"]}}],"collection":[{"href":"https:\/\/www.eldigitaldeasturias.com\/noticias\/wp-json\/wp\/v2\/posts"}],"about":[{"href":"https:\/\/www.eldigitaldeasturias.com\/noticias\/wp-json\/wp\/v2\/types\/post"}],"author":[{"embeddable":true,"href":"https:\/\/www.eldigitaldeasturias.com\/noticias\/wp-json\/wp\/v2\/users\/1"}],"replies":[{"embeddable":true,"href":"https:\/\/www.eldigitaldeasturias.com\/noticias\/wp-json\/wp\/v2\/comments?post=1017860"}],"version-history":[{"count":0,"href":"https:\/\/www.eldigitaldeasturias.com\/noticias\/wp-json\/wp\/v2\/posts\/1017860\/revisions"}],"wp:featuredmedia":[{"embeddable":true,"href":"https:\/\/www.eldigitaldeasturias.com\/noticias\/wp-json\/wp\/v2\/media\/989215"}],"wp:attachment":[{"href":"https:\/\/www.eldigitaldeasturias.com\/noticias\/wp-json\/wp\/v2\/media?parent=1017860"}],"wp:term":[{"taxonomy":"category","embeddable":true,"href":"https:\/\/www.eldigitaldeasturias.com\/noticias\/wp-json\/wp\/v2\/categories?post=1017860"},{"taxonomy":"post_tag","embeddable":true,"href":"https:\/\/www.eldigitaldeasturias.com\/noticias\/wp-json\/wp\/v2\/tags?post=1017860"}],"curies":[{"name":"wp","href":"https:\/\/api.w.org\/{rel}","templated":true}]}}