{"id":1017844,"date":"2019-02-22T13:23:07","date_gmt":"2019-02-22T13:23:07","guid":{"rendered":"https:\/\/www.eldigitaldeasturias.com\/noticias\/?p=1017844"},"modified":"2019-02-22T13:23:07","modified_gmt":"2019-02-22T13:23:07","slug":"planas-muestra-su-compromiso-con-la-economia-de-las-islas-canarias","status":"publish","type":"post","link":"https:\/\/www.eldigitaldeasturias.com\/noticias\/planas-muestra-su-compromiso-con-la-economia-de-las-islas-canarias\/","title":{"rendered":"Planas muestra su compromiso con la econom\u00eda de las Islas Canarias"},"content":{"rendered":"<p><img loading=\"lazy\" decoding=\"async\" class=\"alignleft size-medium wp-image-1017846\" src=\"https:\/\/www.eldigitaldeasturias.com\/noticias\/wp-content\/uploads\/2019\/02\/180219-canarias-360x239.jpg\" alt=\"\" width=\"360\" height=\"239\" srcset=\"https:\/\/www.eldigitaldeasturias.com\/noticias\/wp-content\/uploads\/2019\/02\/180219-canarias-360x239.jpg 360w, https:\/\/www.eldigitaldeasturias.com\/noticias\/wp-content\/uploads\/2019\/02\/180219-canarias.jpg 512w\" sizes=\"auto, (max-width: 360px) 100vw, 360px\" \/>El ministro de Agricultura, Pesca y Alimentaci\u00f3n, Luis Planas, ha viajado a Gran Canaria, donde ha mantenido diferentes encuentros con representantes de los sectores agroalimentario y pesquero de las Islas Canarias, con los que ha conversado acerca de las principales cuestiones de inter\u00e9s para estos sectores.<\/p>\n<p>Luis Planas ha mostrado el apoyo del Gobierno de Espa\u00f1a al cultivo del pl\u00e1tano de Canarias, una producci\u00f3n que ocupa el 23% de la superficie agr\u00edcola de las islas y que, con m\u00e1s de 400.000 toneladas anuales, supone el 46% de las producciones agr\u00edcolas de Canarias. En el conjunto de la UE, la producci\u00f3n de pl\u00e1tano asciende a unas 650.000 toneladas, de las que el 68% corresponde a las Islas Canarias.<\/p>\n<p>El ministro, que comparte las inquietudes del sector platanero ante una pr\u00f3xima liberalizaci\u00f3n comercial de terceros pa\u00edses, ha recalcado que el Gobierno, en perfecta coordinaci\u00f3n con las autoridades comunitarias, mantendr\u00e1 el apoyo a este sector tan importante para el conjunto de la agricultura canaria. En este contexto, Planas ha puesto en valor los trabajos del Comit\u00e9 Mixto del Pl\u00e1tano Espa\u00f1a-Francia-Portugal para coordinar una posici\u00f3n com\u00fan de defensa del sector.<\/p>\n<p>Adem\u00e1s, Planas ha expresado la necesidad de que, desde el punto de vista comercial y respecto de terceros pa\u00edses, se mantengan unas condiciones que nos permitan alcanzar unos precios satisfactorios para el productor y, en definitiva, el mantenimiento del conjunto de la producci\u00f3n.<\/p>\n<p>Asimismo, Planas se ha referido las posibles repercusiones de un \u00abBrexit\u00bb sin acuerdo, en especial para el tomate y el pepino de Canarias, ya que m\u00e1s de la mitad de sus exportaciones tienen como destino el mercado del Reino Unido. Seg\u00fan ha precisado el ministro, Espa\u00f1a est\u00e1 en contacto con el equipo negociador y con la Comisi\u00f3n Europea para analizar si existiera alg\u00fan problema de mercado inmediatamente posterior a la salida del Reino Unido.<\/p>\n<p>Para el ministro es muy importante lograr que el sector de la exportaci\u00f3n mantenga los apoyos, lo que se puede lograr v\u00eda modificaci\u00f3n de los reglamentos comunitarios o mediante una acci\u00f3n espec\u00edfica (en el cuadro del art\u00edculo 349 del Tratado de funcionamiento de la Uni\u00f3n Europea).<\/p>\n<p>Otro de los asuntos de gran inter\u00e9s para el Ministerio en relaci\u00f3n con Canarias es el futuro del Programa Comunitario de Apoyo a las Producciones Agrarias de Canarias (POSEI). A este respecto, Planas ha subrayado el compromiso del Gobierno de Espa\u00f1a para defender la misma dotaci\u00f3n para el pr\u00f3ximo periodo 2021-2027, tanto en lo que se refiere a los fondos del POSEI, como la tasa de cofinanciaci\u00f3n del segundo pilar de la PAC (desarrollo rural).<\/p>\n<p><strong>Sector pesquero<\/strong><\/p>\n<p>En relaci\u00f3n con el sector extractivo, el at\u00fan rojo es una de las pesquer\u00edas de gran inter\u00e9s para la flota canaria. El ministro ha valorado la decisi\u00f3n de ICCAT de sustituir el plan de recuperaci\u00f3n de esta especie por un plan de gesti\u00f3n, lo que asegura cuotas crecientes para los pr\u00f3ximos a\u00f1os. Adem\u00e1s, este plan de gesti\u00f3n garantiza la entrada en la pesquer\u00eda a las flotas artesanales, que quedaron excluidas cuando se implant\u00f3 el plan de recuperaci\u00f3n en 2008.<\/p>\n<p>El ministro ha puesto de relieve que los aproximadamente 200 buques que se dedican a la pesca de at\u00fan rojo, este a\u00f1o dispondr\u00e1n de 483,5 toneladas frente a las 255 toneladas del a\u00f1o anterior, lo que supone un incremento del 71,6% en las capturas.<\/p>\n<p>Tambi\u00e9n es de gran relevancia para la flota de esta comunidad la reciente aprobaci\u00f3n, por parte del Parlamento Europeo, del Acuerdo de pesca entre la UE y Marruecos, que en pr\u00f3ximas fechas debe ser ratificado por el Consejo y el Reino de Marruecos para su aplicaci\u00f3n. El acuerdo permitir\u00e1 faenar en las mismas condiciones que el protocolo anterior, beneficiando, en particular, a buques pertenecientes a modalidades de cerco, palangre de fondo, arrastre o la pesca de t\u00fanidos con cerco y ca\u00f1as de Andaluc\u00eda, Canarias y Galicia.<\/p>\n<p>Durante su visita a Las Palmas, Planas ha podido visitar las instalaciones de Aquanaria, empresa de acuicultura de doradas y lubinas pionera en Espa\u00f1a, que realiza su producci\u00f3n en aguas atl\u00e1nticas y de mar abierto, lo que le permite obtener un pescado de alta calidad. Esta empresa se ha enfocado en el desarrollo de la lubina de gran tama\u00f1o, lubina XXL, apostando as\u00ed por un producto gourmet, demandado por la alta gastronom\u00eda.<\/p>\n<p>El sector acu\u00edcola tiene importantes posibilidades de desarrollo en las Islas Canarias, que cuenta con 21 instalaciones, de las que 20 son de acuicultura marina y 1 de acuicultura continental. En 2017 se registr\u00f3 una producci\u00f3n total de 8.014 toneladas y un valor de 50 millones de euros, siendo las principales especies de cultivo la lubina, la dorada, el langostino blanco y diferentes tipos de algas.<\/p>\n","protected":false},"excerpt":{"rendered":"<p>El ministro de Agricultura, Pesca y Alimentaci\u00f3n, Luis Planas, ha viajado a Gran Canaria, donde ha mantenido diferentes encuentros con representantes de los sectores agroalimentario y pesquero de las Islas Canarias, con los que ha conversado acerca de las principales cuestiones de inter\u00e9s para estos sectores. Luis Planas ha mostrado el apoyo del Gobierno de [&hellip;]<\/p>\n","protected":false},"author":1,"featured_media":1017846,"comment_status":"closed","ping_status":"closed","sticky":false,"template":"","format":"standard","meta":{"footnotes":""},"categories":[187],"tags":[],"class_list":["post-1017844","post","type-post","status-publish","format-standard","has-post-thumbnail","hentry","category-economia"],"aioseo_notices":[],"aioseo_head":"\n\t\t<!-- All in One SEO Pro 4.9.6.2 - aioseo.com -->\n\t<meta name=\"description\" content=\"El ministro de Agricultura, Pesca y Alimentaci\u00f3n, Luis Planas, ha viajado a Gran Canaria, donde ha mantenido diferentes encuentros con representantes de los sectores agroalimentario y pesquero de las Islas Canarias, con los que ha conversado acerca de las principales cuestiones de inter\u00e9s para estos sectores. Luis Planas ha mostrado el apoyo del Gobierno de\" \/>\n\t<meta name=\"robots\" content=\"max-image-preview:large\" \/>\n\t<meta name=\"author\" content=\"El Digital de Asturias\"\/>\n\t<meta name=\"google-site-verification\" content=\"UA-38556648-1\" \/>\n\t<meta name=\"msvalidate.01\" content=\"7dfe9f3f1b24437ab69f4f2559babe99\" \/>\n\t<meta name=\"keywords\" content=\"econom\u00eda\" \/>\n\t<link rel=\"canonical\" href=\"https:\/\/www.eldigitaldeasturias.com\/noticias\/planas-muestra-su-compromiso-con-la-economia-de-las-islas-canarias\/\" \/>\n\t<meta name=\"generator\" content=\"All in One SEO Pro (AIOSEO) 4.9.6.2\" \/>\n\t\t<meta property=\"og:locale\" content=\"es_ES\" \/>\n\t\t<meta property=\"og:site_name\" content=\"El Digital de Asturias\" \/>\n\t\t<meta property=\"og:type\" content=\"article\" \/>\n\t\t<meta property=\"og:title\" content=\"Planas muestra su compromiso con la econom\u00eda de las Islas Canarias - El Digital de Asturias\" \/>\n\t\t<meta property=\"og:description\" content=\"El ministro de Agricultura, Pesca y Alimentaci\u00f3n, Luis Planas, ha viajado a Gran Canaria, donde ha mantenido diferentes encuentros con representantes de los sectores agroalimentario y pesquero de las Islas Canarias, con los que ha conversado acerca de las principales cuestiones de inter\u00e9s para estos sectores. Luis Planas ha mostrado el apoyo del Gobierno de\" \/>\n\t\t<meta property=\"og:url\" content=\"https:\/\/www.eldigitaldeasturias.com\/noticias\/planas-muestra-su-compromiso-con-la-economia-de-las-islas-canarias\/\" \/>\n\t\t<meta property=\"og:image\" content=\"https:\/\/www.eldigitaldeasturias.com\/noticias\/wp-content\/uploads\/2019\/02\/180219-canarias.jpg\" \/>\n\t\t<meta property=\"og:image:secure_url\" content=\"https:\/\/www.eldigitaldeasturias.com\/noticias\/wp-content\/uploads\/2019\/02\/180219-canarias.jpg\" \/>\n\t\t<meta property=\"og:image:width\" content=\"512\" \/>\n\t\t<meta property=\"og:image:height\" content=\"340\" \/>\n\t\t<meta property=\"article:tag\" content=\"econom\u00eda\" \/>\n\t\t<meta property=\"article:published_time\" content=\"2019-02-22T13:23:07+00:00\" \/>\n\t\t<meta property=\"article:modified_time\" content=\"2019-02-22T13:23:07+00:00\" \/>\n\t\t<meta property=\"article:publisher\" content=\"https:\/\/facebook.com\/eldigitaldeasturias\" \/>\n\t\t<meta name=\"twitter:card\" content=\"summary_large_image\" \/>\n\t\t<meta name=\"twitter:title\" content=\"Planas muestra su compromiso con la econom\u00eda de las Islas Canarias - El Digital de Asturias\" \/>\n\t\t<meta name=\"twitter:description\" content=\"El ministro de Agricultura, Pesca y Alimentaci\u00f3n, Luis Planas, ha viajado a Gran Canaria, donde ha mantenido diferentes encuentros con representantes de los sectores agroalimentario y pesquero de las Islas Canarias, con los que ha conversado acerca de las principales cuestiones de inter\u00e9s para estos sectores. Luis Planas ha mostrado el apoyo del Gobierno de\" \/>\n\t\t<meta name=\"twitter:image\" content=\"https:\/\/www.eldigitaldeasturias.com\/noticias\/wp-content\/uploads\/2019\/02\/180219-canarias.jpg\" \/>\n\t\t<meta name=\"twitter:label1\" content=\"Escrito por\" \/>\n\t\t<meta name=\"twitter:data1\" content=\"El Digital de Asturias\" \/>\n\t\t<meta name=\"twitter:label2\" content=\"Tiempo de lectura estimado\" \/>\n\t\t<meta name=\"twitter:data2\" content=\"4 minutos\" \/>\n\t\t<script type=\"application\/ld+json\" class=\"aioseo-schema\">\n\t\t\t{\"@context\":\"https:\\\/\\\/schema.org\",\"@graph\":[{\"@type\":\"BlogPosting\",\"@id\":\"https:\\\/\\\/www.eldigitaldeasturias.com\\\/noticias\\\/planas-muestra-su-compromiso-con-la-economia-de-las-islas-canarias\\\/#blogposting\",\"name\":\"Planas muestra su compromiso con la econom\\u00eda de las Islas Canarias - El Digital de Asturias\",\"headline\":\"Planas muestra su compromiso con la econom\\u00eda de las Islas Canarias\",\"author\":{\"@id\":\"https:\\\/\\\/www.eldigitaldeasturias.com\\\/noticias\\\/author\\\/admin\\\/#author\"},\"publisher\":{\"@id\":\"https:\\\/\\\/www.eldigitaldeasturias.com\\\/noticias\\\/#organization\"},\"image\":{\"@type\":\"ImageObject\",\"url\":\"https:\\\/\\\/www.eldigitaldeasturias.com\\\/noticias\\\/wp-content\\\/uploads\\\/2019\\\/02\\\/180219-canarias.jpg\",\"width\":512,\"height\":340},\"datePublished\":\"2019-02-22T13:23:07+01:00\",\"dateModified\":\"2019-02-22T13:23:07+01:00\",\"inLanguage\":\"es-ES\",\"mainEntityOfPage\":{\"@id\":\"https:\\\/\\\/www.eldigitaldeasturias.com\\\/noticias\\\/planas-muestra-su-compromiso-con-la-economia-de-las-islas-canarias\\\/#webpage\"},\"isPartOf\":{\"@id\":\"https:\\\/\\\/www.eldigitaldeasturias.com\\\/noticias\\\/planas-muestra-su-compromiso-con-la-economia-de-las-islas-canarias\\\/#webpage\"},\"articleSection\":\"Econom\\u00eda\"},{\"@type\":\"BreadcrumbList\",\"@id\":\"https:\\\/\\\/www.eldigitaldeasturias.com\\\/noticias\\\/planas-muestra-su-compromiso-con-la-economia-de-las-islas-canarias\\\/#breadcrumblist\",\"itemListElement\":[{\"@type\":\"ListItem\",\"@id\":\"https:\\\/\\\/www.eldigitaldeasturias.com\\\/noticias#listItem\",\"position\":1,\"name\":\"Home\",\"item\":\"https:\\\/\\\/www.eldigitaldeasturias.com\\\/noticias\",\"nextItem\":{\"@type\":\"ListItem\",\"@id\":\"https:\\\/\\\/www.eldigitaldeasturias.com\\\/noticias\\\/category\\\/economia\\\/#listItem\",\"name\":\"Econom\\u00eda\"}},{\"@type\":\"ListItem\",\"@id\":\"https:\\\/\\\/www.eldigitaldeasturias.com\\\/noticias\\\/category\\\/economia\\\/#listItem\",\"position\":2,\"name\":\"Econom\\u00eda\",\"item\":\"https:\\\/\\\/www.eldigitaldeasturias.com\\\/noticias\\\/category\\\/economia\\\/\",\"nextItem\":{\"@type\":\"ListItem\",\"@id\":\"https:\\\/\\\/www.eldigitaldeasturias.com\\\/noticias\\\/planas-muestra-su-compromiso-con-la-economia-de-las-islas-canarias\\\/#listItem\",\"name\":\"Planas muestra su compromiso con la econom\\u00eda de las Islas Canarias\"},\"previousItem\":{\"@type\":\"ListItem\",\"@id\":\"https:\\\/\\\/www.eldigitaldeasturias.com\\\/noticias#listItem\",\"name\":\"Home\"}},{\"@type\":\"ListItem\",\"@id\":\"https:\\\/\\\/www.eldigitaldeasturias.com\\\/noticias\\\/planas-muestra-su-compromiso-con-la-economia-de-las-islas-canarias\\\/#listItem\",\"position\":3,\"name\":\"Planas muestra su compromiso con la econom\\u00eda de las Islas Canarias\",\"previousItem\":{\"@type\":\"ListItem\",\"@id\":\"https:\\\/\\\/www.eldigitaldeasturias.com\\\/noticias\\\/category\\\/economia\\\/#listItem\",\"name\":\"Econom\\u00eda\"}}]},{\"@type\":\"Organization\",\"@id\":\"https:\\\/\\\/www.eldigitaldeasturias.com\\\/noticias\\\/#organization\",\"name\":\"El Digital de Asturias\",\"description\":\"Hemeroteca\",\"url\":\"https:\\\/\\\/www.eldigitaldeasturias.com\\\/noticias\\\/\",\"email\":\"info@eldigitaldeasturias.com\",\"telephone\":\"+34652131393\",\"logo\":{\"@type\":\"ImageObject\",\"url\":\"https:\\\/\\\/www.eldigitaldeasturias.com\\\/noticias\\\/wp-content\\\/uploads\\\/2020\\\/12\\\/EDA.jpg\",\"@id\":\"https:\\\/\\\/www.eldigitaldeasturias.com\\\/noticias\\\/planas-muestra-su-compromiso-con-la-economia-de-las-islas-canarias\\\/#organizationLogo\",\"width\":649,\"height\":297},\"image\":{\"@id\":\"https:\\\/\\\/www.eldigitaldeasturias.com\\\/noticias\\\/planas-muestra-su-compromiso-con-la-economia-de-las-islas-canarias\\\/#organizationLogo\"},\"sameAs\":[\"https:\\\/\\\/facebook.com\\\/eldigitaldeasturias\",\"https:\\\/\\\/www.youtube.com\\\/channel\\\/UCZP-2wLEB9Rv6erhFmqVnvg\"],\"address\":{\"@id\":\"https:\\\/\\\/www.eldigitaldeasturias.com\\\/noticias\\\/#postaladdress\",\"@type\":\"PostalAddress\",\"streetAddress\":\"san antonio 4,\",\"postalCode\":\"33430\",\"addressLocality\":\"Cand\\u00e1s\",\"addressRegion\":\"Asturias\",\"addressCountry\":\"ES\"}},{\"@type\":\"Person\",\"@id\":\"https:\\\/\\\/www.eldigitaldeasturias.com\\\/noticias\\\/author\\\/admin\\\/#author\",\"url\":\"https:\\\/\\\/www.eldigitaldeasturias.com\\\/noticias\\\/author\\\/admin\\\/\",\"name\":\"El Digital de Asturias\",\"image\":{\"@type\":\"ImageObject\",\"@id\":\"https:\\\/\\\/www.eldigitaldeasturias.com\\\/noticias\\\/planas-muestra-su-compromiso-con-la-economia-de-las-islas-canarias\\\/#authorImage\",\"url\":\"https:\\\/\\\/www.eldigitaldeasturias.com\\\/noticias\\\/wp-content\\\/litespeed\\\/avatar\\\/18677e78aa0546b92d9dbf31ec7d7668.jpg?ver=1777290358\",\"width\":96,\"height\":96,\"caption\":\"El Digital de Asturias\"}},{\"@type\":\"WebPage\",\"@id\":\"https:\\\/\\\/www.eldigitaldeasturias.com\\\/noticias\\\/planas-muestra-su-compromiso-con-la-economia-de-las-islas-canarias\\\/#webpage\",\"url\":\"https:\\\/\\\/www.eldigitaldeasturias.com\\\/noticias\\\/planas-muestra-su-compromiso-con-la-economia-de-las-islas-canarias\\\/\",\"name\":\"Planas muestra su compromiso con la econom\\u00eda de las Islas Canarias - El Digital de Asturias\",\"description\":\"El ministro de Agricultura, Pesca y Alimentaci\\u00f3n, Luis Planas, ha viajado a Gran Canaria, donde ha mantenido diferentes encuentros con representantes de los sectores agroalimentario y pesquero de las Islas Canarias, con los que ha conversado acerca de las principales cuestiones de inter\\u00e9s para estos sectores. Luis Planas ha mostrado el apoyo del Gobierno de\",\"inLanguage\":\"es-ES\",\"isPartOf\":{\"@id\":\"https:\\\/\\\/www.eldigitaldeasturias.com\\\/noticias\\\/#website\"},\"breadcrumb\":{\"@id\":\"https:\\\/\\\/www.eldigitaldeasturias.com\\\/noticias\\\/planas-muestra-su-compromiso-con-la-economia-de-las-islas-canarias\\\/#breadcrumblist\"},\"author\":{\"@id\":\"https:\\\/\\\/www.eldigitaldeasturias.com\\\/noticias\\\/author\\\/admin\\\/#author\"},\"creator\":{\"@id\":\"https:\\\/\\\/www.eldigitaldeasturias.com\\\/noticias\\\/author\\\/admin\\\/#author\"},\"image\":{\"@type\":\"ImageObject\",\"url\":\"https:\\\/\\\/www.eldigitaldeasturias.com\\\/noticias\\\/wp-content\\\/uploads\\\/2019\\\/02\\\/180219-canarias.jpg\",\"@id\":\"https:\\\/\\\/www.eldigitaldeasturias.com\\\/noticias\\\/planas-muestra-su-compromiso-con-la-economia-de-las-islas-canarias\\\/#mainImage\",\"width\":512,\"height\":340},\"primaryImageOfPage\":{\"@id\":\"https:\\\/\\\/www.eldigitaldeasturias.com\\\/noticias\\\/planas-muestra-su-compromiso-con-la-economia-de-las-islas-canarias\\\/#mainImage\"},\"datePublished\":\"2019-02-22T13:23:07+01:00\",\"dateModified\":\"2019-02-22T13:23:07+01:00\"},{\"@type\":\"WebSite\",\"@id\":\"https:\\\/\\\/www.eldigitaldeasturias.com\\\/noticias\\\/#website\",\"url\":\"https:\\\/\\\/www.eldigitaldeasturias.com\\\/noticias\\\/\",\"name\":\"El Digital de Asturias - Diario de actualidad y noticias\",\"alternateName\":\"El Digital de Asturias - Diario de actualidad y noticias\",\"description\":\"Hemeroteca\",\"inLanguage\":\"es-ES\",\"publisher\":{\"@id\":\"https:\\\/\\\/www.eldigitaldeasturias.com\\\/noticias\\\/#organization\"}}]}\n\t\t<\/script>\n\t\t<!-- All in One SEO Pro -->\r\n\t\t<title>Planas muestra su compromiso con la econom\u00eda de las Islas Canarias - El Digital de Asturias<\/title>\n\n","aioseo_head_json":{"title":"Planas muestra su compromiso con la econom\u00eda de las Islas Canarias - El Digital de Asturias","description":"El ministro de Agricultura, Pesca y Alimentaci\u00f3n, Luis Planas, ha viajado a Gran Canaria, donde ha mantenido diferentes encuentros con representantes de los sectores agroalimentario y pesquero de las Islas Canarias, con los que ha conversado acerca de las principales cuestiones de inter\u00e9s para estos sectores. Luis Planas ha mostrado el apoyo del Gobierno de","canonical_url":"https:\/\/www.eldigitaldeasturias.com\/noticias\/planas-muestra-su-compromiso-con-la-economia-de-las-islas-canarias\/","robots":"max-image-preview:large","keywords":"econom\u00eda","webmasterTools":{"google-site-verification":"UA-38556648-1","msvalidate.01":"7dfe9f3f1b24437ab69f4f2559babe99","miscellaneous":""},"schema":{"@context":"https:\/\/schema.org","@graph":[{"@type":"BlogPosting","@id":"https:\/\/www.eldigitaldeasturias.com\/noticias\/planas-muestra-su-compromiso-con-la-economia-de-las-islas-canarias\/#blogposting","name":"Planas muestra su compromiso con la econom\u00eda de las Islas Canarias - El Digital de Asturias","headline":"Planas muestra su compromiso con la econom\u00eda de las Islas Canarias","author":{"@id":"https:\/\/www.eldigitaldeasturias.com\/noticias\/author\/admin\/#author"},"publisher":{"@id":"https:\/\/www.eldigitaldeasturias.com\/noticias\/#organization"},"image":{"@type":"ImageObject","url":"https:\/\/www.eldigitaldeasturias.com\/noticias\/wp-content\/uploads\/2019\/02\/180219-canarias.jpg","width":512,"height":340},"datePublished":"2019-02-22T13:23:07+01:00","dateModified":"2019-02-22T13:23:07+01:00","inLanguage":"es-ES","mainEntityOfPage":{"@id":"https:\/\/www.eldigitaldeasturias.com\/noticias\/planas-muestra-su-compromiso-con-la-economia-de-las-islas-canarias\/#webpage"},"isPartOf":{"@id":"https:\/\/www.eldigitaldeasturias.com\/noticias\/planas-muestra-su-compromiso-con-la-economia-de-las-islas-canarias\/#webpage"},"articleSection":"Econom\u00eda"},{"@type":"BreadcrumbList","@id":"https:\/\/www.eldigitaldeasturias.com\/noticias\/planas-muestra-su-compromiso-con-la-economia-de-las-islas-canarias\/#breadcrumblist","itemListElement":[{"@type":"ListItem","@id":"https:\/\/www.eldigitaldeasturias.com\/noticias#listItem","position":1,"name":"Home","item":"https:\/\/www.eldigitaldeasturias.com\/noticias","nextItem":{"@type":"ListItem","@id":"https:\/\/www.eldigitaldeasturias.com\/noticias\/category\/economia\/#listItem","name":"Econom\u00eda"}},{"@type":"ListItem","@id":"https:\/\/www.eldigitaldeasturias.com\/noticias\/category\/economia\/#listItem","position":2,"name":"Econom\u00eda","item":"https:\/\/www.eldigitaldeasturias.com\/noticias\/category\/economia\/","nextItem":{"@type":"ListItem","@id":"https:\/\/www.eldigitaldeasturias.com\/noticias\/planas-muestra-su-compromiso-con-la-economia-de-las-islas-canarias\/#listItem","name":"Planas muestra su compromiso con la econom\u00eda de las Islas Canarias"},"previousItem":{"@type":"ListItem","@id":"https:\/\/www.eldigitaldeasturias.com\/noticias#listItem","name":"Home"}},{"@type":"ListItem","@id":"https:\/\/www.eldigitaldeasturias.com\/noticias\/planas-muestra-su-compromiso-con-la-economia-de-las-islas-canarias\/#listItem","position":3,"name":"Planas muestra su compromiso con la econom\u00eda de las Islas Canarias","previousItem":{"@type":"ListItem","@id":"https:\/\/www.eldigitaldeasturias.com\/noticias\/category\/economia\/#listItem","name":"Econom\u00eda"}}]},{"@type":"Organization","@id":"https:\/\/www.eldigitaldeasturias.com\/noticias\/#organization","name":"El Digital de Asturias","description":"Hemeroteca","url":"https:\/\/www.eldigitaldeasturias.com\/noticias\/","email":"info@eldigitaldeasturias.com","telephone":"+34652131393","logo":{"@type":"ImageObject","url":"https:\/\/www.eldigitaldeasturias.com\/noticias\/wp-content\/uploads\/2020\/12\/EDA.jpg","@id":"https:\/\/www.eldigitaldeasturias.com\/noticias\/planas-muestra-su-compromiso-con-la-economia-de-las-islas-canarias\/#organizationLogo","width":649,"height":297},"image":{"@id":"https:\/\/www.eldigitaldeasturias.com\/noticias\/planas-muestra-su-compromiso-con-la-economia-de-las-islas-canarias\/#organizationLogo"},"sameAs":["https:\/\/facebook.com\/eldigitaldeasturias","https:\/\/www.youtube.com\/channel\/UCZP-2wLEB9Rv6erhFmqVnvg"],"address":{"@id":"https:\/\/www.eldigitaldeasturias.com\/noticias\/#postaladdress","@type":"PostalAddress","streetAddress":"san antonio 4,","postalCode":"33430","addressLocality":"Cand\u00e1s","addressRegion":"Asturias","addressCountry":"ES"}},{"@type":"Person","@id":"https:\/\/www.eldigitaldeasturias.com\/noticias\/author\/admin\/#author","url":"https:\/\/www.eldigitaldeasturias.com\/noticias\/author\/admin\/","name":"El Digital de Asturias","image":{"@type":"ImageObject","@id":"https:\/\/www.eldigitaldeasturias.com\/noticias\/planas-muestra-su-compromiso-con-la-economia-de-las-islas-canarias\/#authorImage","url":"https:\/\/www.eldigitaldeasturias.com\/noticias\/wp-content\/litespeed\/avatar\/18677e78aa0546b92d9dbf31ec7d7668.jpg?ver=1777290358","width":96,"height":96,"caption":"El Digital de Asturias"}},{"@type":"WebPage","@id":"https:\/\/www.eldigitaldeasturias.com\/noticias\/planas-muestra-su-compromiso-con-la-economia-de-las-islas-canarias\/#webpage","url":"https:\/\/www.eldigitaldeasturias.com\/noticias\/planas-muestra-su-compromiso-con-la-economia-de-las-islas-canarias\/","name":"Planas muestra su compromiso con la econom\u00eda de las Islas Canarias - El Digital de Asturias","description":"El ministro de Agricultura, Pesca y Alimentaci\u00f3n, Luis Planas, ha viajado a Gran Canaria, donde ha mantenido diferentes encuentros con representantes de los sectores agroalimentario y pesquero de las Islas Canarias, con los que ha conversado acerca de las principales cuestiones de inter\u00e9s para estos sectores. Luis Planas ha mostrado el apoyo del Gobierno de","inLanguage":"es-ES","isPartOf":{"@id":"https:\/\/www.eldigitaldeasturias.com\/noticias\/#website"},"breadcrumb":{"@id":"https:\/\/www.eldigitaldeasturias.com\/noticias\/planas-muestra-su-compromiso-con-la-economia-de-las-islas-canarias\/#breadcrumblist"},"author":{"@id":"https:\/\/www.eldigitaldeasturias.com\/noticias\/author\/admin\/#author"},"creator":{"@id":"https:\/\/www.eldigitaldeasturias.com\/noticias\/author\/admin\/#author"},"image":{"@type":"ImageObject","url":"https:\/\/www.eldigitaldeasturias.com\/noticias\/wp-content\/uploads\/2019\/02\/180219-canarias.jpg","@id":"https:\/\/www.eldigitaldeasturias.com\/noticias\/planas-muestra-su-compromiso-con-la-economia-de-las-islas-canarias\/#mainImage","width":512,"height":340},"primaryImageOfPage":{"@id":"https:\/\/www.eldigitaldeasturias.com\/noticias\/planas-muestra-su-compromiso-con-la-economia-de-las-islas-canarias\/#mainImage"},"datePublished":"2019-02-22T13:23:07+01:00","dateModified":"2019-02-22T13:23:07+01:00"},{"@type":"WebSite","@id":"https:\/\/www.eldigitaldeasturias.com\/noticias\/#website","url":"https:\/\/www.eldigitaldeasturias.com\/noticias\/","name":"El Digital de Asturias - Diario de actualidad y noticias","alternateName":"El Digital de Asturias - Diario de actualidad y noticias","description":"Hemeroteca","inLanguage":"es-ES","publisher":{"@id":"https:\/\/www.eldigitaldeasturias.com\/noticias\/#organization"}}]},"og:locale":"es_ES","og:site_name":"El Digital de Asturias","og:type":"article","og:title":"Planas muestra su compromiso con la econom\u00eda de las Islas Canarias - El Digital de Asturias","og:description":"El ministro de Agricultura, Pesca y Alimentaci\u00f3n, Luis Planas, ha viajado a Gran Canaria, donde ha mantenido diferentes encuentros con representantes de los sectores agroalimentario y pesquero de las Islas Canarias, con los que ha conversado acerca de las principales cuestiones de inter\u00e9s para estos sectores. Luis Planas ha mostrado el apoyo del Gobierno de","og:url":"https:\/\/www.eldigitaldeasturias.com\/noticias\/planas-muestra-su-compromiso-con-la-economia-de-las-islas-canarias\/","og:image":"https:\/\/www.eldigitaldeasturias.com\/noticias\/wp-content\/uploads\/2019\/02\/180219-canarias.jpg","og:image:secure_url":"https:\/\/www.eldigitaldeasturias.com\/noticias\/wp-content\/uploads\/2019\/02\/180219-canarias.jpg","og:image:width":512,"og:image:height":340,"article:tag":["econom\u00eda"],"article:published_time":"2019-02-22T13:23:07+00:00","article:modified_time":"2019-02-22T13:23:07+00:00","article:publisher":"https:\/\/facebook.com\/eldigitaldeasturias","twitter:card":"summary_large_image","twitter:title":"Planas muestra su compromiso con la econom\u00eda de las Islas Canarias - El Digital de Asturias","twitter:description":"El ministro de Agricultura, Pesca y Alimentaci\u00f3n, Luis Planas, ha viajado a Gran Canaria, donde ha mantenido diferentes encuentros con representantes de los sectores agroalimentario y pesquero de las Islas Canarias, con los que ha conversado acerca de las principales cuestiones de inter\u00e9s para estos sectores. Luis Planas ha mostrado el apoyo del Gobierno de","twitter:image":"https:\/\/www.eldigitaldeasturias.com\/noticias\/wp-content\/uploads\/2019\/02\/180219-canarias.jpg","twitter:label1":"Escrito por","twitter:data1":"El Digital de Asturias","twitter:label2":"Tiempo de lectura estimado","twitter:data2":"4 minutos"},"aioseo_meta_data":{"post_id":"1017844","title":null,"description":null,"keywords":null,"keyphrases":null,"primary_term":null,"canonical_url":null,"og_title":null,"og_description":null,"og_object_type":"default","og_image_type":"default","og_image_url":null,"og_image_width":null,"og_image_height":null,"og_image_custom_url":null,"og_image_custom_fields":null,"og_video":null,"og_custom_url":null,"og_article_section":null,"og_article_tags":null,"twitter_use_og":false,"twitter_card":"default","twitter_image_type":"default","twitter_image_url":null,"twitter_image_custom_url":null,"twitter_image_custom_fields":null,"twitter_title":null,"twitter_description":null,"schema":{"blockGraphs":[],"customGraphs":[],"default":{"data":{"Article":[],"Course":[],"Dataset":[],"FAQPage":[],"Movie":[],"Person":[],"Product":[],"ProductReview":[],"Car":[],"Recipe":[],"Service":[],"SoftwareApplication":[],"WebPage":[]},"graphName":"","isEnabled":true},"graphs":[],"defaultGraph":"","defaultPostTypeGraph":""},"schema_type":null,"schema_type_options":null,"pillar_content":false,"robots_default":true,"robots_noindex":false,"robots_noarchive":false,"robots_nosnippet":false,"robots_nofollow":false,"robots_noimageindex":false,"robots_noodp":false,"robots_notranslate":false,"robots_max_snippet":null,"robots_max_videopreview":null,"robots_max_imagepreview":"large","priority":null,"frequency":null,"local_seo":null,"seo_analyzer_scan_date":"2025-10-16 10:28:07","breadcrumb_settings":null,"limit_modified_date":false,"open_ai":null,"ai":null,"created":"2020-12-21 11:18:36","updated":"2025-10-16 10:28:07"},"aioseo_breadcrumb":"<div class=\"aioseo-breadcrumbs\"><span class=\"aioseo-breadcrumb\">\n\t<a href=\"https:\/\/www.eldigitaldeasturias.com\/noticias\" title=\"Home\">Home<\/a>\n<\/span><span class=\"aioseo-breadcrumb-separator\">\u2013<\/span><span class=\"aioseo-breadcrumb\">\n\t<a href=\"https:\/\/www.eldigitaldeasturias.com\/noticias\/category\/economia\/\" title=\"Econom\u00eda\">Econom\u00eda<\/a>\n<\/span><span class=\"aioseo-breadcrumb-separator\">\u2013<\/span><span class=\"aioseo-breadcrumb\">\n\t<a href=\"https:\/\/www.eldigitaldeasturias.com\/noticias\/planas-muestra-su-compromiso-con-la-economia-de-las-islas-canarias\/\" title=\"Planas muestra su compromiso con la econom\u00eda de las Islas Canarias\">Planas muestra su compromiso con la econom\u00eda de las Islas Canarias<\/a>\n<\/span><\/div>","aioseo_breadcrumb_json":[{"label":"Home","link":"https:\/\/www.eldigitaldeasturias.com\/noticias"},{"label":"Econom\u00eda","link":"https:\/\/www.eldigitaldeasturias.com\/noticias\/category\/economia\/"},{"label":"Planas muestra su compromiso con la econom\u00eda de las Islas Canarias","link":"https:\/\/www.eldigitaldeasturias.com\/noticias\/planas-muestra-su-compromiso-con-la-economia-de-las-islas-canarias\/"}],"_links":{"self":[{"href":"https:\/\/www.eldigitaldeasturias.com\/noticias\/wp-json\/wp\/v2\/posts\/1017844","targetHints":{"allow":["GET"]}}],"collection":[{"href":"https:\/\/www.eldigitaldeasturias.com\/noticias\/wp-json\/wp\/v2\/posts"}],"about":[{"href":"https:\/\/www.eldigitaldeasturias.com\/noticias\/wp-json\/wp\/v2\/types\/post"}],"author":[{"embeddable":true,"href":"https:\/\/www.eldigitaldeasturias.com\/noticias\/wp-json\/wp\/v2\/users\/1"}],"replies":[{"embeddable":true,"href":"https:\/\/www.eldigitaldeasturias.com\/noticias\/wp-json\/wp\/v2\/comments?post=1017844"}],"version-history":[{"count":0,"href":"https:\/\/www.eldigitaldeasturias.com\/noticias\/wp-json\/wp\/v2\/posts\/1017844\/revisions"}],"wp:featuredmedia":[{"embeddable":true,"href":"https:\/\/www.eldigitaldeasturias.com\/noticias\/wp-json\/wp\/v2\/media\/1017846"}],"wp:attachment":[{"href":"https:\/\/www.eldigitaldeasturias.com\/noticias\/wp-json\/wp\/v2\/media?parent=1017844"}],"wp:term":[{"taxonomy":"category","embeddable":true,"href":"https:\/\/www.eldigitaldeasturias.com\/noticias\/wp-json\/wp\/v2\/categories?post=1017844"},{"taxonomy":"post_tag","embeddable":true,"href":"https:\/\/www.eldigitaldeasturias.com\/noticias\/wp-json\/wp\/v2\/tags?post=1017844"}],"curies":[{"name":"wp","href":"https:\/\/api.w.org\/{rel}","templated":true}]}}