{"id":1017842,"date":"2019-02-22T13:22:24","date_gmt":"2019-02-22T13:22:24","guid":{"rendered":"https:\/\/www.eldigitaldeasturias.com\/noticias\/?p=1017842"},"modified":"2019-02-22T13:22:24","modified_gmt":"2019-02-22T13:22:24","slug":"el-limite-maximo-de-las-ayudas-nacionales-a-los-agricultores-aumentara","status":"publish","type":"post","link":"https:\/\/www.eldigitaldeasturias.com\/noticias\/el-limite-maximo-de-las-ayudas-nacionales-a-los-agricultores-aumentara\/","title":{"rendered":"El l\u00edmite m\u00e1ximo de las ayudas nacionales a los agricultores aumentar\u00e1"},"content":{"rendered":"<p><img loading=\"lazy\" decoding=\"async\" class=\"alignleft size-medium wp-image-983320\" src=\"https:\/\/www.eldigitaldeasturias.com\/noticias\/wp-content\/uploads\/2018\/06\/blue-1283011_960_720-360x252.jpg\" alt=\"\" width=\"360\" height=\"252\" srcset=\"https:\/\/www.eldigitaldeasturias.com\/noticias\/wp-content\/uploads\/2018\/06\/blue-1283011_960_720-360x252.jpg 360w, https:\/\/www.eldigitaldeasturias.com\/noticias\/wp-content\/uploads\/2018\/06\/blue-1283011_960_720-429x300.jpg 429w, https:\/\/www.eldigitaldeasturias.com\/noticias\/wp-content\/uploads\/2018\/06\/blue-1283011_960_720-768x537.jpg 768w, https:\/\/www.eldigitaldeasturias.com\/noticias\/wp-content\/uploads\/2018\/06\/blue-1283011_960_720-687x480.jpg 687w, https:\/\/www.eldigitaldeasturias.com\/noticias\/wp-content\/uploads\/2018\/06\/blue-1283011_960_720-20x14.jpg 20w, https:\/\/www.eldigitaldeasturias.com\/noticias\/wp-content\/uploads\/2018\/06\/blue-1283011_960_720.jpg 960w\" sizes=\"auto, (max-width: 360px) 100vw, 360px\" \/>La Comisi\u00f3n Europea anunci\u00f3 este viernes mediante un comunicado de prensa que el l\u00edmite m\u00e1ximo de las ayudas nacionales a los agricultores aumentar\u00e1 considerablemente, lo que facilitar\u00e1 una mayor flexibilidad y eficiencia, especialmente en tiempos de crisis y en situaciones que exijan una r\u00e1pida respuesta de las autoridades.<\/p>\n<p>El comunicado completo expone la siguiente informaci\u00f3n:<\/p>\n<p>\u201cLa Comisi\u00f3n ha adoptado hoy unas normas revisadas en materia de ayudas estatales en el sector agr\u00edcola (la llamada ayuda de minimis), aumentando el importe m\u00e1ximo que las autoridades nacionales pueden asignar a la ayuda a los agricultores sin necesidad de la aprobaci\u00f3n previa de la Comisi\u00f3n. Esta decisi\u00f3n facilitar\u00e1 que los pa\u00edses de la UE aumenten las ayudas a los agricultores sin distorsionar el mercado, reduciendo al mismo tiempo la carga administrativa para las autoridades nacionales.<\/p>\n<p>Phil Hogan, comisario de Agricultura y Desarrollo Rural, ha declarado lo siguiente: \u00abLa propuesta de la Comisi\u00f3n de nuevas normas sobre ayudas estatales para el sector agr\u00edcola refleja el valor de esta forma de apoyo en tiempos de crisis. Al aumentar el importe m\u00e1ximo de las ayudas, las autoridades nacionales dispondr\u00e1n de mayor flexibilidad y podr\u00e1n reaccionar de manera m\u00e1s r\u00e1pida y eficaz en apoyo de los agricultores vulnerables. En algunos casos, el importe de las ayudas estatales que podr\u00e1n concederse a cada agricultor se incrementar\u00e1 en un 66 %. Estas nuevas normas seguir\u00e1n complementando las normas habituales sobre las ayudas estatales notificadas, que los Estados miembros podr\u00e1n seguir aplicando\u00bb.<\/p>\n<p>El importe m\u00e1ximo de las ayudas que podr\u00e1n distribuirse por explotaci\u00f3n y per\u00edodo de tres a\u00f1os pasar\u00e1 de 15 000 a 20 000 euros. Para evitar posibles falseamientos de la competencia, cada pa\u00eds de la UE tiene un importe nacional m\u00e1ximo que no podr\u00e1 superar. Adem\u00e1s, el importe m\u00e1ximo nacional de ayuda se fijar\u00e1 en el 1,25 % de la producci\u00f3n agr\u00edcola anual del pa\u00eds durante el mismo per\u00edodo de tres a\u00f1os (frente al 1 % de la normativa actual). Se trata de un aumento del l\u00edmite m\u00e1ximo nacional del 25 %.<\/p>\n<p>Si un pa\u00eds no gasta m\u00e1s del 50 % de su dotaci\u00f3n total de ayuda nacional en un sector agr\u00edcola concreto, tendr\u00e1 la posibilidad de aumentar a\u00fan m\u00e1s la llamada ayuda de minimis por explotaci\u00f3n hasta 25 000 EUR, y el m\u00e1ximo nacional hasta el 1,5 % de la producci\u00f3n anual. Esto representa un aumento del 66 % en el l\u00edmite m\u00e1ximo por agricultor y un aumento del 50 % en el l\u00edmite m\u00e1ximo nacional.<\/p>\n<p>En el caso de los pa\u00edses que opten por ese l\u00edmite m\u00e1ximo, las nuevas normas exigen la creaci\u00f3n de registros centrales obligatorios a nivel nacional. Esto facilitar\u00e1 el seguimiento de las ayudas concedidas para simplificar y mejorar la entrega y el control de las llamadas ayudas de minimis. Varios Estados miembros ya mantienen dichos registros, lo que les permitir\u00e1 aplicar inmediatamente los l\u00edmites m\u00e1ximos m\u00e1s altos.<\/p>\n<p>El aumento de los l\u00edmites m\u00e1ximos entra en vigor el 14 de marzo y podr\u00e1 aplicarse retroactivamente a las ayudas que cumplan todas las condiciones\u201d, concluye el comunicado de la Comisi\u00f3n Europea.<\/p>\n","protected":false},"excerpt":{"rendered":"<p>La Comisi\u00f3n Europea anunci\u00f3 este viernes mediante un comunicado de prensa que el l\u00edmite m\u00e1ximo de las ayudas nacionales a los agricultores aumentar\u00e1 considerablemente, lo que facilitar\u00e1 una mayor flexibilidad y eficiencia, especialmente en tiempos de crisis y en situaciones que exijan una r\u00e1pida respuesta de las autoridades. El comunicado completo expone la siguiente informaci\u00f3n: [&hellip;]<\/p>\n","protected":false},"author":1,"featured_media":983320,"comment_status":"closed","ping_status":"closed","sticky":false,"template":"","format":"standard","meta":{"footnotes":""},"categories":[187],"tags":[],"class_list":["post-1017842","post","type-post","status-publish","format-standard","has-post-thumbnail","hentry","category-economia"],"aioseo_notices":[],"aioseo_head":"\n\t\t<!-- All in One SEO Pro 4.9.6.2 - aioseo.com -->\n\t<meta name=\"description\" content=\"La Comisi\u00f3n Europea anunci\u00f3 este viernes mediante un comunicado de prensa que el l\u00edmite m\u00e1ximo de las ayudas nacionales a los agricultores aumentar\u00e1 considerablemente, lo que facilitar\u00e1 una mayor flexibilidad y eficiencia, especialmente en tiempos de crisis y en situaciones que exijan una r\u00e1pida respuesta de las autoridades. El comunicado completo expone la siguiente informaci\u00f3n:\" \/>\n\t<meta name=\"robots\" content=\"max-image-preview:large\" \/>\n\t<meta name=\"author\" content=\"El Digital de Asturias\"\/>\n\t<meta name=\"google-site-verification\" content=\"UA-38556648-1\" \/>\n\t<meta name=\"msvalidate.01\" content=\"7dfe9f3f1b24437ab69f4f2559babe99\" \/>\n\t<meta name=\"keywords\" content=\"econom\u00eda\" \/>\n\t<link rel=\"canonical\" href=\"https:\/\/www.eldigitaldeasturias.com\/noticias\/el-limite-maximo-de-las-ayudas-nacionales-a-los-agricultores-aumentara\/\" \/>\n\t<meta name=\"generator\" content=\"All in One SEO Pro (AIOSEO) 4.9.6.2\" \/>\n\t\t<meta property=\"og:locale\" content=\"es_ES\" \/>\n\t\t<meta property=\"og:site_name\" content=\"El Digital de Asturias\" \/>\n\t\t<meta property=\"og:type\" content=\"article\" \/>\n\t\t<meta property=\"og:title\" content=\"El l\u00edmite m\u00e1ximo de las ayudas nacionales a los agricultores aumentar\u00e1 - El Digital de Asturias\" \/>\n\t\t<meta property=\"og:description\" content=\"La Comisi\u00f3n Europea anunci\u00f3 este viernes mediante un comunicado de prensa que el l\u00edmite m\u00e1ximo de las ayudas nacionales a los agricultores aumentar\u00e1 considerablemente, lo que facilitar\u00e1 una mayor flexibilidad y eficiencia, especialmente en tiempos de crisis y en situaciones que exijan una r\u00e1pida respuesta de las autoridades. El comunicado completo expone la siguiente informaci\u00f3n:\" \/>\n\t\t<meta property=\"og:url\" content=\"https:\/\/www.eldigitaldeasturias.com\/noticias\/el-limite-maximo-de-las-ayudas-nacionales-a-los-agricultores-aumentara\/\" \/>\n\t\t<meta property=\"og:image\" content=\"https:\/\/www.eldigitaldeasturias.com\/noticias\/wp-content\/uploads\/2018\/06\/blue-1283011_960_720.jpg\" \/>\n\t\t<meta property=\"og:image:secure_url\" content=\"https:\/\/www.eldigitaldeasturias.com\/noticias\/wp-content\/uploads\/2018\/06\/blue-1283011_960_720.jpg\" \/>\n\t\t<meta property=\"og:image:width\" content=\"960\" \/>\n\t\t<meta property=\"og:image:height\" content=\"671\" \/>\n\t\t<meta property=\"article:tag\" content=\"econom\u00eda\" \/>\n\t\t<meta property=\"article:published_time\" content=\"2019-02-22T13:22:24+00:00\" \/>\n\t\t<meta property=\"article:modified_time\" content=\"2019-02-22T13:22:24+00:00\" \/>\n\t\t<meta property=\"article:publisher\" content=\"https:\/\/facebook.com\/eldigitaldeasturias\" \/>\n\t\t<meta name=\"twitter:card\" content=\"summary_large_image\" \/>\n\t\t<meta name=\"twitter:title\" content=\"El l\u00edmite m\u00e1ximo de las ayudas nacionales a los agricultores aumentar\u00e1 - El Digital de Asturias\" \/>\n\t\t<meta name=\"twitter:description\" content=\"La Comisi\u00f3n Europea anunci\u00f3 este viernes mediante un comunicado de prensa que el l\u00edmite m\u00e1ximo de las ayudas nacionales a los agricultores aumentar\u00e1 considerablemente, lo que facilitar\u00e1 una mayor flexibilidad y eficiencia, especialmente en tiempos de crisis y en situaciones que exijan una r\u00e1pida respuesta de las autoridades. El comunicado completo expone la siguiente informaci\u00f3n:\" \/>\n\t\t<meta name=\"twitter:image\" content=\"https:\/\/www.eldigitaldeasturias.com\/noticias\/wp-content\/uploads\/2018\/06\/blue-1283011_960_720.jpg\" \/>\n\t\t<meta name=\"twitter:label1\" content=\"Escrito por\" \/>\n\t\t<meta name=\"twitter:data1\" content=\"El Digital de Asturias\" \/>\n\t\t<meta name=\"twitter:label2\" content=\"Tiempo de lectura estimado\" \/>\n\t\t<meta name=\"twitter:data2\" content=\"3 minutos\" \/>\n\t\t<script type=\"application\/ld+json\" class=\"aioseo-schema\">\n\t\t\t{\"@context\":\"https:\\\/\\\/schema.org\",\"@graph\":[{\"@type\":\"BlogPosting\",\"@id\":\"https:\\\/\\\/www.eldigitaldeasturias.com\\\/noticias\\\/el-limite-maximo-de-las-ayudas-nacionales-a-los-agricultores-aumentara\\\/#blogposting\",\"name\":\"El l\\u00edmite m\\u00e1ximo de las ayudas nacionales a los agricultores aumentar\\u00e1 - El Digital de Asturias\",\"headline\":\"El l\\u00edmite m\\u00e1ximo de las ayudas nacionales a los agricultores aumentar\\u00e1\",\"author\":{\"@id\":\"https:\\\/\\\/www.eldigitaldeasturias.com\\\/noticias\\\/author\\\/admin\\\/#author\"},\"publisher\":{\"@id\":\"https:\\\/\\\/www.eldigitaldeasturias.com\\\/noticias\\\/#organization\"},\"image\":{\"@type\":\"ImageObject\",\"url\":\"https:\\\/\\\/www.eldigitaldeasturias.com\\\/noticias\\\/wp-content\\\/uploads\\\/2018\\\/06\\\/blue-1283011_960_720.jpg\",\"width\":960,\"height\":671},\"datePublished\":\"2019-02-22T13:22:24+01:00\",\"dateModified\":\"2019-02-22T13:22:24+01:00\",\"inLanguage\":\"es-ES\",\"mainEntityOfPage\":{\"@id\":\"https:\\\/\\\/www.eldigitaldeasturias.com\\\/noticias\\\/el-limite-maximo-de-las-ayudas-nacionales-a-los-agricultores-aumentara\\\/#webpage\"},\"isPartOf\":{\"@id\":\"https:\\\/\\\/www.eldigitaldeasturias.com\\\/noticias\\\/el-limite-maximo-de-las-ayudas-nacionales-a-los-agricultores-aumentara\\\/#webpage\"},\"articleSection\":\"Econom\\u00eda\"},{\"@type\":\"BreadcrumbList\",\"@id\":\"https:\\\/\\\/www.eldigitaldeasturias.com\\\/noticias\\\/el-limite-maximo-de-las-ayudas-nacionales-a-los-agricultores-aumentara\\\/#breadcrumblist\",\"itemListElement\":[{\"@type\":\"ListItem\",\"@id\":\"https:\\\/\\\/www.eldigitaldeasturias.com\\\/noticias#listItem\",\"position\":1,\"name\":\"Home\",\"item\":\"https:\\\/\\\/www.eldigitaldeasturias.com\\\/noticias\",\"nextItem\":{\"@type\":\"ListItem\",\"@id\":\"https:\\\/\\\/www.eldigitaldeasturias.com\\\/noticias\\\/category\\\/economia\\\/#listItem\",\"name\":\"Econom\\u00eda\"}},{\"@type\":\"ListItem\",\"@id\":\"https:\\\/\\\/www.eldigitaldeasturias.com\\\/noticias\\\/category\\\/economia\\\/#listItem\",\"position\":2,\"name\":\"Econom\\u00eda\",\"item\":\"https:\\\/\\\/www.eldigitaldeasturias.com\\\/noticias\\\/category\\\/economia\\\/\",\"nextItem\":{\"@type\":\"ListItem\",\"@id\":\"https:\\\/\\\/www.eldigitaldeasturias.com\\\/noticias\\\/el-limite-maximo-de-las-ayudas-nacionales-a-los-agricultores-aumentara\\\/#listItem\",\"name\":\"El l\\u00edmite m\\u00e1ximo de las ayudas nacionales a los agricultores aumentar\\u00e1\"},\"previousItem\":{\"@type\":\"ListItem\",\"@id\":\"https:\\\/\\\/www.eldigitaldeasturias.com\\\/noticias#listItem\",\"name\":\"Home\"}},{\"@type\":\"ListItem\",\"@id\":\"https:\\\/\\\/www.eldigitaldeasturias.com\\\/noticias\\\/el-limite-maximo-de-las-ayudas-nacionales-a-los-agricultores-aumentara\\\/#listItem\",\"position\":3,\"name\":\"El l\\u00edmite m\\u00e1ximo de las ayudas nacionales a los agricultores aumentar\\u00e1\",\"previousItem\":{\"@type\":\"ListItem\",\"@id\":\"https:\\\/\\\/www.eldigitaldeasturias.com\\\/noticias\\\/category\\\/economia\\\/#listItem\",\"name\":\"Econom\\u00eda\"}}]},{\"@type\":\"Organization\",\"@id\":\"https:\\\/\\\/www.eldigitaldeasturias.com\\\/noticias\\\/#organization\",\"name\":\"El Digital de Asturias\",\"description\":\"Hemeroteca\",\"url\":\"https:\\\/\\\/www.eldigitaldeasturias.com\\\/noticias\\\/\",\"email\":\"info@eldigitaldeasturias.com\",\"telephone\":\"+34652131393\",\"logo\":{\"@type\":\"ImageObject\",\"url\":\"https:\\\/\\\/www.eldigitaldeasturias.com\\\/noticias\\\/wp-content\\\/uploads\\\/2020\\\/12\\\/EDA.jpg\",\"@id\":\"https:\\\/\\\/www.eldigitaldeasturias.com\\\/noticias\\\/el-limite-maximo-de-las-ayudas-nacionales-a-los-agricultores-aumentara\\\/#organizationLogo\",\"width\":649,\"height\":297},\"image\":{\"@id\":\"https:\\\/\\\/www.eldigitaldeasturias.com\\\/noticias\\\/el-limite-maximo-de-las-ayudas-nacionales-a-los-agricultores-aumentara\\\/#organizationLogo\"},\"sameAs\":[\"https:\\\/\\\/facebook.com\\\/eldigitaldeasturias\",\"https:\\\/\\\/www.youtube.com\\\/channel\\\/UCZP-2wLEB9Rv6erhFmqVnvg\"],\"address\":{\"@id\":\"https:\\\/\\\/www.eldigitaldeasturias.com\\\/noticias\\\/#postaladdress\",\"@type\":\"PostalAddress\",\"streetAddress\":\"san antonio 4,\",\"postalCode\":\"33430\",\"addressLocality\":\"Cand\\u00e1s\",\"addressRegion\":\"Asturias\",\"addressCountry\":\"ES\"}},{\"@type\":\"Person\",\"@id\":\"https:\\\/\\\/www.eldigitaldeasturias.com\\\/noticias\\\/author\\\/admin\\\/#author\",\"url\":\"https:\\\/\\\/www.eldigitaldeasturias.com\\\/noticias\\\/author\\\/admin\\\/\",\"name\":\"El Digital de Asturias\",\"image\":{\"@type\":\"ImageObject\",\"@id\":\"https:\\\/\\\/www.eldigitaldeasturias.com\\\/noticias\\\/el-limite-maximo-de-las-ayudas-nacionales-a-los-agricultores-aumentara\\\/#authorImage\",\"url\":\"https:\\\/\\\/www.eldigitaldeasturias.com\\\/noticias\\\/wp-content\\\/litespeed\\\/avatar\\\/18677e78aa0546b92d9dbf31ec7d7668.jpg?ver=1777290358\",\"width\":96,\"height\":96,\"caption\":\"El Digital de Asturias\"}},{\"@type\":\"WebPage\",\"@id\":\"https:\\\/\\\/www.eldigitaldeasturias.com\\\/noticias\\\/el-limite-maximo-de-las-ayudas-nacionales-a-los-agricultores-aumentara\\\/#webpage\",\"url\":\"https:\\\/\\\/www.eldigitaldeasturias.com\\\/noticias\\\/el-limite-maximo-de-las-ayudas-nacionales-a-los-agricultores-aumentara\\\/\",\"name\":\"El l\\u00edmite m\\u00e1ximo de las ayudas nacionales a los agricultores aumentar\\u00e1 - El Digital de Asturias\",\"description\":\"La Comisi\\u00f3n Europea anunci\\u00f3 este viernes mediante un comunicado de prensa que el l\\u00edmite m\\u00e1ximo de las ayudas nacionales a los agricultores aumentar\\u00e1 considerablemente, lo que facilitar\\u00e1 una mayor flexibilidad y eficiencia, especialmente en tiempos de crisis y en situaciones que exijan una r\\u00e1pida respuesta de las autoridades. El comunicado completo expone la siguiente informaci\\u00f3n:\",\"inLanguage\":\"es-ES\",\"isPartOf\":{\"@id\":\"https:\\\/\\\/www.eldigitaldeasturias.com\\\/noticias\\\/#website\"},\"breadcrumb\":{\"@id\":\"https:\\\/\\\/www.eldigitaldeasturias.com\\\/noticias\\\/el-limite-maximo-de-las-ayudas-nacionales-a-los-agricultores-aumentara\\\/#breadcrumblist\"},\"author\":{\"@id\":\"https:\\\/\\\/www.eldigitaldeasturias.com\\\/noticias\\\/author\\\/admin\\\/#author\"},\"creator\":{\"@id\":\"https:\\\/\\\/www.eldigitaldeasturias.com\\\/noticias\\\/author\\\/admin\\\/#author\"},\"image\":{\"@type\":\"ImageObject\",\"url\":\"https:\\\/\\\/www.eldigitaldeasturias.com\\\/noticias\\\/wp-content\\\/uploads\\\/2018\\\/06\\\/blue-1283011_960_720.jpg\",\"@id\":\"https:\\\/\\\/www.eldigitaldeasturias.com\\\/noticias\\\/el-limite-maximo-de-las-ayudas-nacionales-a-los-agricultores-aumentara\\\/#mainImage\",\"width\":960,\"height\":671},\"primaryImageOfPage\":{\"@id\":\"https:\\\/\\\/www.eldigitaldeasturias.com\\\/noticias\\\/el-limite-maximo-de-las-ayudas-nacionales-a-los-agricultores-aumentara\\\/#mainImage\"},\"datePublished\":\"2019-02-22T13:22:24+01:00\",\"dateModified\":\"2019-02-22T13:22:24+01:00\"},{\"@type\":\"WebSite\",\"@id\":\"https:\\\/\\\/www.eldigitaldeasturias.com\\\/noticias\\\/#website\",\"url\":\"https:\\\/\\\/www.eldigitaldeasturias.com\\\/noticias\\\/\",\"name\":\"El Digital de Asturias - Diario de actualidad y noticias\",\"alternateName\":\"El Digital de Asturias - Diario de actualidad y noticias\",\"description\":\"Hemeroteca\",\"inLanguage\":\"es-ES\",\"publisher\":{\"@id\":\"https:\\\/\\\/www.eldigitaldeasturias.com\\\/noticias\\\/#organization\"}}]}\n\t\t<\/script>\n\t\t<!-- All in One SEO Pro -->\r\n\t\t<title>El l\u00edmite m\u00e1ximo de las ayudas nacionales a los agricultores aumentar\u00e1 - El Digital de Asturias<\/title>\n\n","aioseo_head_json":{"title":"El l\u00edmite m\u00e1ximo de las ayudas nacionales a los agricultores aumentar\u00e1 - El Digital de Asturias","description":"La Comisi\u00f3n Europea anunci\u00f3 este viernes mediante un comunicado de prensa que el l\u00edmite m\u00e1ximo de las ayudas nacionales a los agricultores aumentar\u00e1 considerablemente, lo que facilitar\u00e1 una mayor flexibilidad y eficiencia, especialmente en tiempos de crisis y en situaciones que exijan una r\u00e1pida respuesta de las autoridades. El comunicado completo expone la siguiente informaci\u00f3n:","canonical_url":"https:\/\/www.eldigitaldeasturias.com\/noticias\/el-limite-maximo-de-las-ayudas-nacionales-a-los-agricultores-aumentara\/","robots":"max-image-preview:large","keywords":"econom\u00eda","webmasterTools":{"google-site-verification":"UA-38556648-1","msvalidate.01":"7dfe9f3f1b24437ab69f4f2559babe99","miscellaneous":""},"schema":{"@context":"https:\/\/schema.org","@graph":[{"@type":"BlogPosting","@id":"https:\/\/www.eldigitaldeasturias.com\/noticias\/el-limite-maximo-de-las-ayudas-nacionales-a-los-agricultores-aumentara\/#blogposting","name":"El l\u00edmite m\u00e1ximo de las ayudas nacionales a los agricultores aumentar\u00e1 - El Digital de Asturias","headline":"El l\u00edmite m\u00e1ximo de las ayudas nacionales a los agricultores aumentar\u00e1","author":{"@id":"https:\/\/www.eldigitaldeasturias.com\/noticias\/author\/admin\/#author"},"publisher":{"@id":"https:\/\/www.eldigitaldeasturias.com\/noticias\/#organization"},"image":{"@type":"ImageObject","url":"https:\/\/www.eldigitaldeasturias.com\/noticias\/wp-content\/uploads\/2018\/06\/blue-1283011_960_720.jpg","width":960,"height":671},"datePublished":"2019-02-22T13:22:24+01:00","dateModified":"2019-02-22T13:22:24+01:00","inLanguage":"es-ES","mainEntityOfPage":{"@id":"https:\/\/www.eldigitaldeasturias.com\/noticias\/el-limite-maximo-de-las-ayudas-nacionales-a-los-agricultores-aumentara\/#webpage"},"isPartOf":{"@id":"https:\/\/www.eldigitaldeasturias.com\/noticias\/el-limite-maximo-de-las-ayudas-nacionales-a-los-agricultores-aumentara\/#webpage"},"articleSection":"Econom\u00eda"},{"@type":"BreadcrumbList","@id":"https:\/\/www.eldigitaldeasturias.com\/noticias\/el-limite-maximo-de-las-ayudas-nacionales-a-los-agricultores-aumentara\/#breadcrumblist","itemListElement":[{"@type":"ListItem","@id":"https:\/\/www.eldigitaldeasturias.com\/noticias#listItem","position":1,"name":"Home","item":"https:\/\/www.eldigitaldeasturias.com\/noticias","nextItem":{"@type":"ListItem","@id":"https:\/\/www.eldigitaldeasturias.com\/noticias\/category\/economia\/#listItem","name":"Econom\u00eda"}},{"@type":"ListItem","@id":"https:\/\/www.eldigitaldeasturias.com\/noticias\/category\/economia\/#listItem","position":2,"name":"Econom\u00eda","item":"https:\/\/www.eldigitaldeasturias.com\/noticias\/category\/economia\/","nextItem":{"@type":"ListItem","@id":"https:\/\/www.eldigitaldeasturias.com\/noticias\/el-limite-maximo-de-las-ayudas-nacionales-a-los-agricultores-aumentara\/#listItem","name":"El l\u00edmite m\u00e1ximo de las ayudas nacionales a los agricultores aumentar\u00e1"},"previousItem":{"@type":"ListItem","@id":"https:\/\/www.eldigitaldeasturias.com\/noticias#listItem","name":"Home"}},{"@type":"ListItem","@id":"https:\/\/www.eldigitaldeasturias.com\/noticias\/el-limite-maximo-de-las-ayudas-nacionales-a-los-agricultores-aumentara\/#listItem","position":3,"name":"El l\u00edmite m\u00e1ximo de las ayudas nacionales a los agricultores aumentar\u00e1","previousItem":{"@type":"ListItem","@id":"https:\/\/www.eldigitaldeasturias.com\/noticias\/category\/economia\/#listItem","name":"Econom\u00eda"}}]},{"@type":"Organization","@id":"https:\/\/www.eldigitaldeasturias.com\/noticias\/#organization","name":"El Digital de Asturias","description":"Hemeroteca","url":"https:\/\/www.eldigitaldeasturias.com\/noticias\/","email":"info@eldigitaldeasturias.com","telephone":"+34652131393","logo":{"@type":"ImageObject","url":"https:\/\/www.eldigitaldeasturias.com\/noticias\/wp-content\/uploads\/2020\/12\/EDA.jpg","@id":"https:\/\/www.eldigitaldeasturias.com\/noticias\/el-limite-maximo-de-las-ayudas-nacionales-a-los-agricultores-aumentara\/#organizationLogo","width":649,"height":297},"image":{"@id":"https:\/\/www.eldigitaldeasturias.com\/noticias\/el-limite-maximo-de-las-ayudas-nacionales-a-los-agricultores-aumentara\/#organizationLogo"},"sameAs":["https:\/\/facebook.com\/eldigitaldeasturias","https:\/\/www.youtube.com\/channel\/UCZP-2wLEB9Rv6erhFmqVnvg"],"address":{"@id":"https:\/\/www.eldigitaldeasturias.com\/noticias\/#postaladdress","@type":"PostalAddress","streetAddress":"san antonio 4,","postalCode":"33430","addressLocality":"Cand\u00e1s","addressRegion":"Asturias","addressCountry":"ES"}},{"@type":"Person","@id":"https:\/\/www.eldigitaldeasturias.com\/noticias\/author\/admin\/#author","url":"https:\/\/www.eldigitaldeasturias.com\/noticias\/author\/admin\/","name":"El Digital de Asturias","image":{"@type":"ImageObject","@id":"https:\/\/www.eldigitaldeasturias.com\/noticias\/el-limite-maximo-de-las-ayudas-nacionales-a-los-agricultores-aumentara\/#authorImage","url":"https:\/\/www.eldigitaldeasturias.com\/noticias\/wp-content\/litespeed\/avatar\/18677e78aa0546b92d9dbf31ec7d7668.jpg?ver=1777290358","width":96,"height":96,"caption":"El Digital de Asturias"}},{"@type":"WebPage","@id":"https:\/\/www.eldigitaldeasturias.com\/noticias\/el-limite-maximo-de-las-ayudas-nacionales-a-los-agricultores-aumentara\/#webpage","url":"https:\/\/www.eldigitaldeasturias.com\/noticias\/el-limite-maximo-de-las-ayudas-nacionales-a-los-agricultores-aumentara\/","name":"El l\u00edmite m\u00e1ximo de las ayudas nacionales a los agricultores aumentar\u00e1 - El Digital de Asturias","description":"La Comisi\u00f3n Europea anunci\u00f3 este viernes mediante un comunicado de prensa que el l\u00edmite m\u00e1ximo de las ayudas nacionales a los agricultores aumentar\u00e1 considerablemente, lo que facilitar\u00e1 una mayor flexibilidad y eficiencia, especialmente en tiempos de crisis y en situaciones que exijan una r\u00e1pida respuesta de las autoridades. El comunicado completo expone la siguiente informaci\u00f3n:","inLanguage":"es-ES","isPartOf":{"@id":"https:\/\/www.eldigitaldeasturias.com\/noticias\/#website"},"breadcrumb":{"@id":"https:\/\/www.eldigitaldeasturias.com\/noticias\/el-limite-maximo-de-las-ayudas-nacionales-a-los-agricultores-aumentara\/#breadcrumblist"},"author":{"@id":"https:\/\/www.eldigitaldeasturias.com\/noticias\/author\/admin\/#author"},"creator":{"@id":"https:\/\/www.eldigitaldeasturias.com\/noticias\/author\/admin\/#author"},"image":{"@type":"ImageObject","url":"https:\/\/www.eldigitaldeasturias.com\/noticias\/wp-content\/uploads\/2018\/06\/blue-1283011_960_720.jpg","@id":"https:\/\/www.eldigitaldeasturias.com\/noticias\/el-limite-maximo-de-las-ayudas-nacionales-a-los-agricultores-aumentara\/#mainImage","width":960,"height":671},"primaryImageOfPage":{"@id":"https:\/\/www.eldigitaldeasturias.com\/noticias\/el-limite-maximo-de-las-ayudas-nacionales-a-los-agricultores-aumentara\/#mainImage"},"datePublished":"2019-02-22T13:22:24+01:00","dateModified":"2019-02-22T13:22:24+01:00"},{"@type":"WebSite","@id":"https:\/\/www.eldigitaldeasturias.com\/noticias\/#website","url":"https:\/\/www.eldigitaldeasturias.com\/noticias\/","name":"El Digital de Asturias - Diario de actualidad y noticias","alternateName":"El Digital de Asturias - Diario de actualidad y noticias","description":"Hemeroteca","inLanguage":"es-ES","publisher":{"@id":"https:\/\/www.eldigitaldeasturias.com\/noticias\/#organization"}}]},"og:locale":"es_ES","og:site_name":"El Digital de Asturias","og:type":"article","og:title":"El l\u00edmite m\u00e1ximo de las ayudas nacionales a los agricultores aumentar\u00e1 - El Digital de Asturias","og:description":"La Comisi\u00f3n Europea anunci\u00f3 este viernes mediante un comunicado de prensa que el l\u00edmite m\u00e1ximo de las ayudas nacionales a los agricultores aumentar\u00e1 considerablemente, lo que facilitar\u00e1 una mayor flexibilidad y eficiencia, especialmente en tiempos de crisis y en situaciones que exijan una r\u00e1pida respuesta de las autoridades. El comunicado completo expone la siguiente informaci\u00f3n:","og:url":"https:\/\/www.eldigitaldeasturias.com\/noticias\/el-limite-maximo-de-las-ayudas-nacionales-a-los-agricultores-aumentara\/","og:image":"https:\/\/www.eldigitaldeasturias.com\/noticias\/wp-content\/uploads\/2018\/06\/blue-1283011_960_720.jpg","og:image:secure_url":"https:\/\/www.eldigitaldeasturias.com\/noticias\/wp-content\/uploads\/2018\/06\/blue-1283011_960_720.jpg","og:image:width":960,"og:image:height":671,"article:tag":["econom\u00eda"],"article:published_time":"2019-02-22T13:22:24+00:00","article:modified_time":"2019-02-22T13:22:24+00:00","article:publisher":"https:\/\/facebook.com\/eldigitaldeasturias","twitter:card":"summary_large_image","twitter:title":"El l\u00edmite m\u00e1ximo de las ayudas nacionales a los agricultores aumentar\u00e1 - El Digital de Asturias","twitter:description":"La Comisi\u00f3n Europea anunci\u00f3 este viernes mediante un comunicado de prensa que el l\u00edmite m\u00e1ximo de las ayudas nacionales a los agricultores aumentar\u00e1 considerablemente, lo que facilitar\u00e1 una mayor flexibilidad y eficiencia, especialmente en tiempos de crisis y en situaciones que exijan una r\u00e1pida respuesta de las autoridades. El comunicado completo expone la siguiente informaci\u00f3n:","twitter:image":"https:\/\/www.eldigitaldeasturias.com\/noticias\/wp-content\/uploads\/2018\/06\/blue-1283011_960_720.jpg","twitter:label1":"Escrito por","twitter:data1":"El Digital de Asturias","twitter:label2":"Tiempo de lectura estimado","twitter:data2":"3 minutos"},"aioseo_meta_data":{"post_id":"1017842","title":null,"description":null,"keywords":null,"keyphrases":null,"primary_term":null,"canonical_url":null,"og_title":null,"og_description":null,"og_object_type":"default","og_image_type":"default","og_image_url":null,"og_image_width":null,"og_image_height":null,"og_image_custom_url":null,"og_image_custom_fields":null,"og_video":null,"og_custom_url":null,"og_article_section":null,"og_article_tags":null,"twitter_use_og":false,"twitter_card":"default","twitter_image_type":"default","twitter_image_url":null,"twitter_image_custom_url":null,"twitter_image_custom_fields":null,"twitter_title":null,"twitter_description":null,"schema":{"blockGraphs":[],"customGraphs":[],"default":{"data":{"Article":[],"Course":[],"Dataset":[],"FAQPage":[],"Movie":[],"Person":[],"Product":[],"ProductReview":[],"Car":[],"Recipe":[],"Service":[],"SoftwareApplication":[],"WebPage":[]},"graphName":"","isEnabled":true},"graphs":[],"defaultGraph":"","defaultPostTypeGraph":""},"schema_type":null,"schema_type_options":null,"pillar_content":false,"robots_default":true,"robots_noindex":false,"robots_noarchive":false,"robots_nosnippet":false,"robots_nofollow":false,"robots_noimageindex":false,"robots_noodp":false,"robots_notranslate":false,"robots_max_snippet":null,"robots_max_videopreview":null,"robots_max_imagepreview":"large","priority":null,"frequency":null,"local_seo":null,"seo_analyzer_scan_date":"2025-10-16 10:25:13","breadcrumb_settings":null,"limit_modified_date":false,"open_ai":null,"ai":null,"created":"2020-12-21 11:18:36","updated":"2025-10-16 10:25:13"},"aioseo_breadcrumb":"<div class=\"aioseo-breadcrumbs\"><span class=\"aioseo-breadcrumb\">\n\t<a href=\"https:\/\/www.eldigitaldeasturias.com\/noticias\" title=\"Home\">Home<\/a>\n<\/span><span class=\"aioseo-breadcrumb-separator\">\u2013<\/span><span class=\"aioseo-breadcrumb\">\n\t<a href=\"https:\/\/www.eldigitaldeasturias.com\/noticias\/category\/economia\/\" title=\"Econom\u00eda\">Econom\u00eda<\/a>\n<\/span><span class=\"aioseo-breadcrumb-separator\">\u2013<\/span><span class=\"aioseo-breadcrumb\">\n\t<a href=\"https:\/\/www.eldigitaldeasturias.com\/noticias\/el-limite-maximo-de-las-ayudas-nacionales-a-los-agricultores-aumentara\/\" title=\"El l\u00edmite m\u00e1ximo de las ayudas nacionales a los agricultores aumentar\u00e1\">El l\u00edmite m\u00e1ximo de las ayudas nacionales a los agricultores aumentar\u00e1<\/a>\n<\/span><\/div>","aioseo_breadcrumb_json":[{"label":"Home","link":"https:\/\/www.eldigitaldeasturias.com\/noticias"},{"label":"Econom\u00eda","link":"https:\/\/www.eldigitaldeasturias.com\/noticias\/category\/economia\/"},{"label":"El l\u00edmite m\u00e1ximo de las ayudas nacionales a los agricultores aumentar\u00e1","link":"https:\/\/www.eldigitaldeasturias.com\/noticias\/el-limite-maximo-de-las-ayudas-nacionales-a-los-agricultores-aumentara\/"}],"_links":{"self":[{"href":"https:\/\/www.eldigitaldeasturias.com\/noticias\/wp-json\/wp\/v2\/posts\/1017842","targetHints":{"allow":["GET"]}}],"collection":[{"href":"https:\/\/www.eldigitaldeasturias.com\/noticias\/wp-json\/wp\/v2\/posts"}],"about":[{"href":"https:\/\/www.eldigitaldeasturias.com\/noticias\/wp-json\/wp\/v2\/types\/post"}],"author":[{"embeddable":true,"href":"https:\/\/www.eldigitaldeasturias.com\/noticias\/wp-json\/wp\/v2\/users\/1"}],"replies":[{"embeddable":true,"href":"https:\/\/www.eldigitaldeasturias.com\/noticias\/wp-json\/wp\/v2\/comments?post=1017842"}],"version-history":[{"count":0,"href":"https:\/\/www.eldigitaldeasturias.com\/noticias\/wp-json\/wp\/v2\/posts\/1017842\/revisions"}],"wp:featuredmedia":[{"embeddable":true,"href":"https:\/\/www.eldigitaldeasturias.com\/noticias\/wp-json\/wp\/v2\/media\/983320"}],"wp:attachment":[{"href":"https:\/\/www.eldigitaldeasturias.com\/noticias\/wp-json\/wp\/v2\/media?parent=1017842"}],"wp:term":[{"taxonomy":"category","embeddable":true,"href":"https:\/\/www.eldigitaldeasturias.com\/noticias\/wp-json\/wp\/v2\/categories?post=1017842"},{"taxonomy":"post_tag","embeddable":true,"href":"https:\/\/www.eldigitaldeasturias.com\/noticias\/wp-json\/wp\/v2\/tags?post=1017842"}],"curies":[{"name":"wp","href":"https:\/\/api.w.org\/{rel}","templated":true}]}}