{"id":1017810,"date":"2019-02-21T22:58:37","date_gmt":"2019-02-21T22:58:37","guid":{"rendered":"https:\/\/www.eldigitaldeasturias.com\/noticias\/?p=1017810"},"modified":"2019-02-21T22:58:37","modified_gmt":"2019-02-21T22:58:37","slug":"la-industria-papelera-alemana-continua-su-camino-de-transformacion","status":"publish","type":"post","link":"https:\/\/www.eldigitaldeasturias.com\/noticias\/la-industria-papelera-alemana-continua-su-camino-de-transformacion\/","title":{"rendered":"La industria papelera alemana contin\u00faa su camino de transformaci\u00f3n"},"content":{"rendered":"<p><img loading=\"lazy\" decoding=\"async\" class=\"alignleft size-medium wp-image-1017811\" src=\"https:\/\/www.eldigitaldeasturias.com\/noticias\/wp-content\/uploads\/2019\/02\/books-1245690_960_720-360x240.jpg\" alt=\"\" width=\"360\" height=\"240\" srcset=\"https:\/\/www.eldigitaldeasturias.com\/noticias\/wp-content\/uploads\/2019\/02\/books-1245690_960_720-360x240.jpg 360w, https:\/\/www.eldigitaldeasturias.com\/noticias\/wp-content\/uploads\/2019\/02\/books-1245690_960_720-768x512.jpg 768w, https:\/\/www.eldigitaldeasturias.com\/noticias\/wp-content\/uploads\/2019\/02\/books-1245690_960_720-650x433.jpg 650w, https:\/\/www.eldigitaldeasturias.com\/noticias\/wp-content\/uploads\/2019\/02\/books-1245690_960_720.jpg 960w\" sizes=\"auto, (max-width: 360px) 100vw, 360px\" \/>Bonn (Alemania), 21 feb (dpa) &#8211; La industria papelera alemana contin\u00faa su camino de transformaci\u00f3n y registr\u00f3 en 2018 un incremento de facturaci\u00f3n a pesar de las consecuencias de la digitalizaci\u00f3n, inform\u00f3 hoy la Asociaci\u00f3n de F\u00e1bricas de Papel Alemanas en Bonn.<\/p>\n<p>Por un lado, la demanda de papel gr\u00e1fico (para impresi\u00f3n) disminuy\u00f3 en 2018 a causa de la digitalizaci\u00f3n y la reducci\u00f3n de las tiradas de diarios y revistas. La producci\u00f3n de papel baj\u00f3 un 5,2 por ciento hasta los 7,7 millones de toneladas, comunicaron desde el sector.<\/p>\n<p>Por otro parte aument\u00f3 la producci\u00f3n de cajas de cart\u00f3n y otros embalajes, al igual que en los a\u00f1os precedentes. El incremento fue esta vez del 1,6 por ciento hasta los 12 millones de toneladas, seg\u00fan los datos.<\/p>\n<p>Este incremento se debe a que los consumidores compran cada vez m\u00e1s en Internet y tambi\u00e9n la industria encarga m\u00e1s embalajes en vista de la bonanza econ\u00f3mica.<\/p>\n<p>M\u00e1s de la mitad de la producci\u00f3n total de 22,7 millones de toneladas va destinada a papeles de embalaje y s\u00f3lo un tercio se dedica al papel gr\u00e1fico de impresi\u00f3n. El resto lo forman art\u00edculos de higiene, como papel higi\u00e9nico, y papeles especiales, como aquellos para filtros de caf\u00e9 o para tickets de compra.<\/p>\n<p>Si se suman todos los tipos, la producci\u00f3n total se redujo un 1,1 por ciento. Sin embargo, la facturaci\u00f3n aument\u00f3 un 5,4 por ciento hasta ubicarse en 15.500 millones de euros (17.500 millones de d\u00f3lares), gracias a la evoluci\u00f3n favorable del negocio de embalajes y a subidas en el precio del papel gr\u00e1fico.<\/p>\n<p>Las perspectivas para el sector papelero son buenas, estim\u00f3 la asociaci\u00f3n. La demanda de material de embalaje continuar\u00e1 en aumento y la recesi\u00f3n en el papel gr\u00e1fico llegar\u00e1 \u00aben un futuro pr\u00f3ximo\u00bb a su fin, vaticinaron los industriales.<\/p>\n<p>Entre los fabricantes de papel en Alemania se encuentran las compa\u00f1\u00edas UPM, con plantas en las localidades b\u00e1varas de Augsburgo y Ettringen, Essity en Mannheim, Progroup en Landau y Eiseh\u00fcttenstadt o Sch\u00f6llershammer en D\u00fcrren. Unas 40.000 personas trabajan en la industria papelera alemana.<\/p>\n","protected":false},"excerpt":{"rendered":"<p>Bonn (Alemania), 21 feb (dpa) &#8211; La industria papelera alemana contin\u00faa su camino de transformaci\u00f3n y registr\u00f3 en 2018 un incremento de facturaci\u00f3n a pesar de las consecuencias de la digitalizaci\u00f3n, inform\u00f3 hoy la Asociaci\u00f3n de F\u00e1bricas de Papel Alemanas en Bonn. Por un lado, la demanda de papel gr\u00e1fico (para impresi\u00f3n) disminuy\u00f3 en 2018 [&hellip;]<\/p>\n","protected":false},"author":1,"featured_media":1017811,"comment_status":"closed","ping_status":"closed","sticky":false,"template":"","format":"standard","meta":{"footnotes":""},"categories":[187],"tags":[],"class_list":["post-1017810","post","type-post","status-publish","format-standard","has-post-thumbnail","hentry","category-economia"],"aioseo_notices":[],"aioseo_head":"\n\t\t<!-- All in One SEO Pro 4.9.6.2 - aioseo.com -->\n\t<meta name=\"description\" content=\"Bonn (Alemania), 21 feb (dpa) - La industria papelera alemana contin\u00faa su camino de transformaci\u00f3n y registr\u00f3 en 2018 un incremento de facturaci\u00f3n a pesar de las consecuencias de la digitalizaci\u00f3n, inform\u00f3 hoy la Asociaci\u00f3n de F\u00e1bricas de Papel Alemanas en Bonn. Por un lado, la demanda de papel gr\u00e1fico (para impresi\u00f3n) disminuy\u00f3 en 2018\" \/>\n\t<meta name=\"robots\" content=\"max-image-preview:large\" \/>\n\t<meta name=\"author\" content=\"El Digital de Asturias\"\/>\n\t<meta name=\"google-site-verification\" content=\"UA-38556648-1\" \/>\n\t<meta name=\"msvalidate.01\" content=\"7dfe9f3f1b24437ab69f4f2559babe99\" \/>\n\t<meta name=\"keywords\" content=\"econom\u00eda\" \/>\n\t<link rel=\"canonical\" href=\"https:\/\/www.eldigitaldeasturias.com\/noticias\/la-industria-papelera-alemana-continua-su-camino-de-transformacion\/\" \/>\n\t<meta name=\"generator\" content=\"All in One SEO Pro (AIOSEO) 4.9.6.2\" \/>\n\t\t<meta property=\"og:locale\" content=\"es_ES\" \/>\n\t\t<meta property=\"og:site_name\" content=\"El Digital de Asturias\" \/>\n\t\t<meta property=\"og:type\" content=\"article\" \/>\n\t\t<meta property=\"og:title\" content=\"La industria papelera alemana contin\u00faa su camino de transformaci\u00f3n - El Digital de Asturias\" \/>\n\t\t<meta property=\"og:description\" content=\"Bonn (Alemania), 21 feb (dpa) - La industria papelera alemana contin\u00faa su camino de transformaci\u00f3n y registr\u00f3 en 2018 un incremento de facturaci\u00f3n a pesar de las consecuencias de la digitalizaci\u00f3n, inform\u00f3 hoy la Asociaci\u00f3n de F\u00e1bricas de Papel Alemanas en Bonn. Por un lado, la demanda de papel gr\u00e1fico (para impresi\u00f3n) disminuy\u00f3 en 2018\" \/>\n\t\t<meta property=\"og:url\" content=\"https:\/\/www.eldigitaldeasturias.com\/noticias\/la-industria-papelera-alemana-continua-su-camino-de-transformacion\/\" \/>\n\t\t<meta property=\"og:image\" content=\"https:\/\/www.eldigitaldeasturias.com\/noticias\/wp-content\/uploads\/2019\/02\/books-1245690_960_720.jpg\" \/>\n\t\t<meta property=\"og:image:secure_url\" content=\"https:\/\/www.eldigitaldeasturias.com\/noticias\/wp-content\/uploads\/2019\/02\/books-1245690_960_720.jpg\" \/>\n\t\t<meta property=\"og:image:width\" content=\"960\" \/>\n\t\t<meta property=\"og:image:height\" content=\"640\" \/>\n\t\t<meta property=\"article:tag\" content=\"econom\u00eda\" \/>\n\t\t<meta property=\"article:published_time\" content=\"2019-02-21T22:58:37+00:00\" \/>\n\t\t<meta property=\"article:modified_time\" content=\"2019-02-21T22:58:37+00:00\" \/>\n\t\t<meta property=\"article:publisher\" content=\"https:\/\/facebook.com\/eldigitaldeasturias\" \/>\n\t\t<meta name=\"twitter:card\" content=\"summary_large_image\" \/>\n\t\t<meta name=\"twitter:title\" content=\"La industria papelera alemana contin\u00faa su camino de transformaci\u00f3n - El Digital de Asturias\" \/>\n\t\t<meta name=\"twitter:description\" content=\"Bonn (Alemania), 21 feb (dpa) - La industria papelera alemana contin\u00faa su camino de transformaci\u00f3n y registr\u00f3 en 2018 un incremento de facturaci\u00f3n a pesar de las consecuencias de la digitalizaci\u00f3n, inform\u00f3 hoy la Asociaci\u00f3n de F\u00e1bricas de Papel Alemanas en Bonn. Por un lado, la demanda de papel gr\u00e1fico (para impresi\u00f3n) disminuy\u00f3 en 2018\" \/>\n\t\t<meta name=\"twitter:image\" content=\"https:\/\/www.eldigitaldeasturias.com\/noticias\/wp-content\/uploads\/2019\/02\/books-1245690_960_720.jpg\" \/>\n\t\t<meta name=\"twitter:label1\" content=\"Escrito por\" \/>\n\t\t<meta name=\"twitter:data1\" content=\"El Digital de Asturias\" \/>\n\t\t<meta name=\"twitter:label2\" content=\"Tiempo de lectura estimado\" \/>\n\t\t<meta name=\"twitter:data2\" content=\"2 minutos\" \/>\n\t\t<script type=\"application\/ld+json\" class=\"aioseo-schema\">\n\t\t\t{\"@context\":\"https:\\\/\\\/schema.org\",\"@graph\":[{\"@type\":\"BlogPosting\",\"@id\":\"https:\\\/\\\/www.eldigitaldeasturias.com\\\/noticias\\\/la-industria-papelera-alemana-continua-su-camino-de-transformacion\\\/#blogposting\",\"name\":\"La industria papelera alemana contin\\u00faa su camino de transformaci\\u00f3n - El Digital de Asturias\",\"headline\":\"La industria papelera alemana contin\\u00faa su camino de transformaci\\u00f3n\",\"author\":{\"@id\":\"https:\\\/\\\/www.eldigitaldeasturias.com\\\/noticias\\\/author\\\/admin\\\/#author\"},\"publisher\":{\"@id\":\"https:\\\/\\\/www.eldigitaldeasturias.com\\\/noticias\\\/#organization\"},\"image\":{\"@type\":\"ImageObject\",\"url\":\"https:\\\/\\\/www.eldigitaldeasturias.com\\\/noticias\\\/wp-content\\\/uploads\\\/2019\\\/02\\\/books-1245690_960_720.jpg\",\"width\":960,\"height\":640},\"datePublished\":\"2019-02-21T22:58:37+01:00\",\"dateModified\":\"2019-02-21T22:58:37+01:00\",\"inLanguage\":\"es-ES\",\"mainEntityOfPage\":{\"@id\":\"https:\\\/\\\/www.eldigitaldeasturias.com\\\/noticias\\\/la-industria-papelera-alemana-continua-su-camino-de-transformacion\\\/#webpage\"},\"isPartOf\":{\"@id\":\"https:\\\/\\\/www.eldigitaldeasturias.com\\\/noticias\\\/la-industria-papelera-alemana-continua-su-camino-de-transformacion\\\/#webpage\"},\"articleSection\":\"Econom\\u00eda\"},{\"@type\":\"BreadcrumbList\",\"@id\":\"https:\\\/\\\/www.eldigitaldeasturias.com\\\/noticias\\\/la-industria-papelera-alemana-continua-su-camino-de-transformacion\\\/#breadcrumblist\",\"itemListElement\":[{\"@type\":\"ListItem\",\"@id\":\"https:\\\/\\\/www.eldigitaldeasturias.com\\\/noticias#listItem\",\"position\":1,\"name\":\"Home\",\"item\":\"https:\\\/\\\/www.eldigitaldeasturias.com\\\/noticias\",\"nextItem\":{\"@type\":\"ListItem\",\"@id\":\"https:\\\/\\\/www.eldigitaldeasturias.com\\\/noticias\\\/category\\\/economia\\\/#listItem\",\"name\":\"Econom\\u00eda\"}},{\"@type\":\"ListItem\",\"@id\":\"https:\\\/\\\/www.eldigitaldeasturias.com\\\/noticias\\\/category\\\/economia\\\/#listItem\",\"position\":2,\"name\":\"Econom\\u00eda\",\"item\":\"https:\\\/\\\/www.eldigitaldeasturias.com\\\/noticias\\\/category\\\/economia\\\/\",\"nextItem\":{\"@type\":\"ListItem\",\"@id\":\"https:\\\/\\\/www.eldigitaldeasturias.com\\\/noticias\\\/la-industria-papelera-alemana-continua-su-camino-de-transformacion\\\/#listItem\",\"name\":\"La industria papelera alemana contin\\u00faa su camino de transformaci\\u00f3n\"},\"previousItem\":{\"@type\":\"ListItem\",\"@id\":\"https:\\\/\\\/www.eldigitaldeasturias.com\\\/noticias#listItem\",\"name\":\"Home\"}},{\"@type\":\"ListItem\",\"@id\":\"https:\\\/\\\/www.eldigitaldeasturias.com\\\/noticias\\\/la-industria-papelera-alemana-continua-su-camino-de-transformacion\\\/#listItem\",\"position\":3,\"name\":\"La industria papelera alemana contin\\u00faa su camino de transformaci\\u00f3n\",\"previousItem\":{\"@type\":\"ListItem\",\"@id\":\"https:\\\/\\\/www.eldigitaldeasturias.com\\\/noticias\\\/category\\\/economia\\\/#listItem\",\"name\":\"Econom\\u00eda\"}}]},{\"@type\":\"Organization\",\"@id\":\"https:\\\/\\\/www.eldigitaldeasturias.com\\\/noticias\\\/#organization\",\"name\":\"El Digital de Asturias\",\"description\":\"Hemeroteca\",\"url\":\"https:\\\/\\\/www.eldigitaldeasturias.com\\\/noticias\\\/\",\"email\":\"info@eldigitaldeasturias.com\",\"telephone\":\"+34652131393\",\"logo\":{\"@type\":\"ImageObject\",\"url\":\"https:\\\/\\\/www.eldigitaldeasturias.com\\\/noticias\\\/wp-content\\\/uploads\\\/2020\\\/12\\\/EDA.jpg\",\"@id\":\"https:\\\/\\\/www.eldigitaldeasturias.com\\\/noticias\\\/la-industria-papelera-alemana-continua-su-camino-de-transformacion\\\/#organizationLogo\",\"width\":649,\"height\":297},\"image\":{\"@id\":\"https:\\\/\\\/www.eldigitaldeasturias.com\\\/noticias\\\/la-industria-papelera-alemana-continua-su-camino-de-transformacion\\\/#organizationLogo\"},\"sameAs\":[\"https:\\\/\\\/facebook.com\\\/eldigitaldeasturias\",\"https:\\\/\\\/www.youtube.com\\\/channel\\\/UCZP-2wLEB9Rv6erhFmqVnvg\"],\"address\":{\"@id\":\"https:\\\/\\\/www.eldigitaldeasturias.com\\\/noticias\\\/#postaladdress\",\"@type\":\"PostalAddress\",\"streetAddress\":\"san antonio 4,\",\"postalCode\":\"33430\",\"addressLocality\":\"Cand\\u00e1s\",\"addressRegion\":\"Asturias\",\"addressCountry\":\"ES\"}},{\"@type\":\"Person\",\"@id\":\"https:\\\/\\\/www.eldigitaldeasturias.com\\\/noticias\\\/author\\\/admin\\\/#author\",\"url\":\"https:\\\/\\\/www.eldigitaldeasturias.com\\\/noticias\\\/author\\\/admin\\\/\",\"name\":\"El Digital de Asturias\",\"image\":{\"@type\":\"ImageObject\",\"@id\":\"https:\\\/\\\/www.eldigitaldeasturias.com\\\/noticias\\\/la-industria-papelera-alemana-continua-su-camino-de-transformacion\\\/#authorImage\",\"url\":\"https:\\\/\\\/www.eldigitaldeasturias.com\\\/noticias\\\/wp-content\\\/litespeed\\\/avatar\\\/18677e78aa0546b92d9dbf31ec7d7668.jpg?ver=1777290358\",\"width\":96,\"height\":96,\"caption\":\"El Digital de Asturias\"}},{\"@type\":\"WebPage\",\"@id\":\"https:\\\/\\\/www.eldigitaldeasturias.com\\\/noticias\\\/la-industria-papelera-alemana-continua-su-camino-de-transformacion\\\/#webpage\",\"url\":\"https:\\\/\\\/www.eldigitaldeasturias.com\\\/noticias\\\/la-industria-papelera-alemana-continua-su-camino-de-transformacion\\\/\",\"name\":\"La industria papelera alemana contin\\u00faa su camino de transformaci\\u00f3n - El Digital de Asturias\",\"description\":\"Bonn (Alemania), 21 feb (dpa) - La industria papelera alemana contin\\u00faa su camino de transformaci\\u00f3n y registr\\u00f3 en 2018 un incremento de facturaci\\u00f3n a pesar de las consecuencias de la digitalizaci\\u00f3n, inform\\u00f3 hoy la Asociaci\\u00f3n de F\\u00e1bricas de Papel Alemanas en Bonn. Por un lado, la demanda de papel gr\\u00e1fico (para impresi\\u00f3n) disminuy\\u00f3 en 2018\",\"inLanguage\":\"es-ES\",\"isPartOf\":{\"@id\":\"https:\\\/\\\/www.eldigitaldeasturias.com\\\/noticias\\\/#website\"},\"breadcrumb\":{\"@id\":\"https:\\\/\\\/www.eldigitaldeasturias.com\\\/noticias\\\/la-industria-papelera-alemana-continua-su-camino-de-transformacion\\\/#breadcrumblist\"},\"author\":{\"@id\":\"https:\\\/\\\/www.eldigitaldeasturias.com\\\/noticias\\\/author\\\/admin\\\/#author\"},\"creator\":{\"@id\":\"https:\\\/\\\/www.eldigitaldeasturias.com\\\/noticias\\\/author\\\/admin\\\/#author\"},\"image\":{\"@type\":\"ImageObject\",\"url\":\"https:\\\/\\\/www.eldigitaldeasturias.com\\\/noticias\\\/wp-content\\\/uploads\\\/2019\\\/02\\\/books-1245690_960_720.jpg\",\"@id\":\"https:\\\/\\\/www.eldigitaldeasturias.com\\\/noticias\\\/la-industria-papelera-alemana-continua-su-camino-de-transformacion\\\/#mainImage\",\"width\":960,\"height\":640},\"primaryImageOfPage\":{\"@id\":\"https:\\\/\\\/www.eldigitaldeasturias.com\\\/noticias\\\/la-industria-papelera-alemana-continua-su-camino-de-transformacion\\\/#mainImage\"},\"datePublished\":\"2019-02-21T22:58:37+01:00\",\"dateModified\":\"2019-02-21T22:58:37+01:00\"},{\"@type\":\"WebSite\",\"@id\":\"https:\\\/\\\/www.eldigitaldeasturias.com\\\/noticias\\\/#website\",\"url\":\"https:\\\/\\\/www.eldigitaldeasturias.com\\\/noticias\\\/\",\"name\":\"El Digital de Asturias - Diario de actualidad y noticias\",\"alternateName\":\"El Digital de Asturias - Diario de actualidad y noticias\",\"description\":\"Hemeroteca\",\"inLanguage\":\"es-ES\",\"publisher\":{\"@id\":\"https:\\\/\\\/www.eldigitaldeasturias.com\\\/noticias\\\/#organization\"}}]}\n\t\t<\/script>\n\t\t<!-- All in One SEO Pro -->\r\n\t\t<title>La industria papelera alemana contin\u00faa su camino de transformaci\u00f3n - El Digital de Asturias<\/title>\n\n","aioseo_head_json":{"title":"La industria papelera alemana contin\u00faa su camino de transformaci\u00f3n - El Digital de Asturias","description":"Bonn (Alemania), 21 feb (dpa) - La industria papelera alemana contin\u00faa su camino de transformaci\u00f3n y registr\u00f3 en 2018 un incremento de facturaci\u00f3n a pesar de las consecuencias de la digitalizaci\u00f3n, inform\u00f3 hoy la Asociaci\u00f3n de F\u00e1bricas de Papel Alemanas en Bonn. Por un lado, la demanda de papel gr\u00e1fico (para impresi\u00f3n) disminuy\u00f3 en 2018","canonical_url":"https:\/\/www.eldigitaldeasturias.com\/noticias\/la-industria-papelera-alemana-continua-su-camino-de-transformacion\/","robots":"max-image-preview:large","keywords":"econom\u00eda","webmasterTools":{"google-site-verification":"UA-38556648-1","msvalidate.01":"7dfe9f3f1b24437ab69f4f2559babe99","miscellaneous":""},"schema":{"@context":"https:\/\/schema.org","@graph":[{"@type":"BlogPosting","@id":"https:\/\/www.eldigitaldeasturias.com\/noticias\/la-industria-papelera-alemana-continua-su-camino-de-transformacion\/#blogposting","name":"La industria papelera alemana contin\u00faa su camino de transformaci\u00f3n - El Digital de Asturias","headline":"La industria papelera alemana contin\u00faa su camino de transformaci\u00f3n","author":{"@id":"https:\/\/www.eldigitaldeasturias.com\/noticias\/author\/admin\/#author"},"publisher":{"@id":"https:\/\/www.eldigitaldeasturias.com\/noticias\/#organization"},"image":{"@type":"ImageObject","url":"https:\/\/www.eldigitaldeasturias.com\/noticias\/wp-content\/uploads\/2019\/02\/books-1245690_960_720.jpg","width":960,"height":640},"datePublished":"2019-02-21T22:58:37+01:00","dateModified":"2019-02-21T22:58:37+01:00","inLanguage":"es-ES","mainEntityOfPage":{"@id":"https:\/\/www.eldigitaldeasturias.com\/noticias\/la-industria-papelera-alemana-continua-su-camino-de-transformacion\/#webpage"},"isPartOf":{"@id":"https:\/\/www.eldigitaldeasturias.com\/noticias\/la-industria-papelera-alemana-continua-su-camino-de-transformacion\/#webpage"},"articleSection":"Econom\u00eda"},{"@type":"BreadcrumbList","@id":"https:\/\/www.eldigitaldeasturias.com\/noticias\/la-industria-papelera-alemana-continua-su-camino-de-transformacion\/#breadcrumblist","itemListElement":[{"@type":"ListItem","@id":"https:\/\/www.eldigitaldeasturias.com\/noticias#listItem","position":1,"name":"Home","item":"https:\/\/www.eldigitaldeasturias.com\/noticias","nextItem":{"@type":"ListItem","@id":"https:\/\/www.eldigitaldeasturias.com\/noticias\/category\/economia\/#listItem","name":"Econom\u00eda"}},{"@type":"ListItem","@id":"https:\/\/www.eldigitaldeasturias.com\/noticias\/category\/economia\/#listItem","position":2,"name":"Econom\u00eda","item":"https:\/\/www.eldigitaldeasturias.com\/noticias\/category\/economia\/","nextItem":{"@type":"ListItem","@id":"https:\/\/www.eldigitaldeasturias.com\/noticias\/la-industria-papelera-alemana-continua-su-camino-de-transformacion\/#listItem","name":"La industria papelera alemana contin\u00faa su camino de transformaci\u00f3n"},"previousItem":{"@type":"ListItem","@id":"https:\/\/www.eldigitaldeasturias.com\/noticias#listItem","name":"Home"}},{"@type":"ListItem","@id":"https:\/\/www.eldigitaldeasturias.com\/noticias\/la-industria-papelera-alemana-continua-su-camino-de-transformacion\/#listItem","position":3,"name":"La industria papelera alemana contin\u00faa su camino de transformaci\u00f3n","previousItem":{"@type":"ListItem","@id":"https:\/\/www.eldigitaldeasturias.com\/noticias\/category\/economia\/#listItem","name":"Econom\u00eda"}}]},{"@type":"Organization","@id":"https:\/\/www.eldigitaldeasturias.com\/noticias\/#organization","name":"El Digital de Asturias","description":"Hemeroteca","url":"https:\/\/www.eldigitaldeasturias.com\/noticias\/","email":"info@eldigitaldeasturias.com","telephone":"+34652131393","logo":{"@type":"ImageObject","url":"https:\/\/www.eldigitaldeasturias.com\/noticias\/wp-content\/uploads\/2020\/12\/EDA.jpg","@id":"https:\/\/www.eldigitaldeasturias.com\/noticias\/la-industria-papelera-alemana-continua-su-camino-de-transformacion\/#organizationLogo","width":649,"height":297},"image":{"@id":"https:\/\/www.eldigitaldeasturias.com\/noticias\/la-industria-papelera-alemana-continua-su-camino-de-transformacion\/#organizationLogo"},"sameAs":["https:\/\/facebook.com\/eldigitaldeasturias","https:\/\/www.youtube.com\/channel\/UCZP-2wLEB9Rv6erhFmqVnvg"],"address":{"@id":"https:\/\/www.eldigitaldeasturias.com\/noticias\/#postaladdress","@type":"PostalAddress","streetAddress":"san antonio 4,","postalCode":"33430","addressLocality":"Cand\u00e1s","addressRegion":"Asturias","addressCountry":"ES"}},{"@type":"Person","@id":"https:\/\/www.eldigitaldeasturias.com\/noticias\/author\/admin\/#author","url":"https:\/\/www.eldigitaldeasturias.com\/noticias\/author\/admin\/","name":"El Digital de Asturias","image":{"@type":"ImageObject","@id":"https:\/\/www.eldigitaldeasturias.com\/noticias\/la-industria-papelera-alemana-continua-su-camino-de-transformacion\/#authorImage","url":"https:\/\/www.eldigitaldeasturias.com\/noticias\/wp-content\/litespeed\/avatar\/18677e78aa0546b92d9dbf31ec7d7668.jpg?ver=1777290358","width":96,"height":96,"caption":"El Digital de Asturias"}},{"@type":"WebPage","@id":"https:\/\/www.eldigitaldeasturias.com\/noticias\/la-industria-papelera-alemana-continua-su-camino-de-transformacion\/#webpage","url":"https:\/\/www.eldigitaldeasturias.com\/noticias\/la-industria-papelera-alemana-continua-su-camino-de-transformacion\/","name":"La industria papelera alemana contin\u00faa su camino de transformaci\u00f3n - El Digital de Asturias","description":"Bonn (Alemania), 21 feb (dpa) - La industria papelera alemana contin\u00faa su camino de transformaci\u00f3n y registr\u00f3 en 2018 un incremento de facturaci\u00f3n a pesar de las consecuencias de la digitalizaci\u00f3n, inform\u00f3 hoy la Asociaci\u00f3n de F\u00e1bricas de Papel Alemanas en Bonn. Por un lado, la demanda de papel gr\u00e1fico (para impresi\u00f3n) disminuy\u00f3 en 2018","inLanguage":"es-ES","isPartOf":{"@id":"https:\/\/www.eldigitaldeasturias.com\/noticias\/#website"},"breadcrumb":{"@id":"https:\/\/www.eldigitaldeasturias.com\/noticias\/la-industria-papelera-alemana-continua-su-camino-de-transformacion\/#breadcrumblist"},"author":{"@id":"https:\/\/www.eldigitaldeasturias.com\/noticias\/author\/admin\/#author"},"creator":{"@id":"https:\/\/www.eldigitaldeasturias.com\/noticias\/author\/admin\/#author"},"image":{"@type":"ImageObject","url":"https:\/\/www.eldigitaldeasturias.com\/noticias\/wp-content\/uploads\/2019\/02\/books-1245690_960_720.jpg","@id":"https:\/\/www.eldigitaldeasturias.com\/noticias\/la-industria-papelera-alemana-continua-su-camino-de-transformacion\/#mainImage","width":960,"height":640},"primaryImageOfPage":{"@id":"https:\/\/www.eldigitaldeasturias.com\/noticias\/la-industria-papelera-alemana-continua-su-camino-de-transformacion\/#mainImage"},"datePublished":"2019-02-21T22:58:37+01:00","dateModified":"2019-02-21T22:58:37+01:00"},{"@type":"WebSite","@id":"https:\/\/www.eldigitaldeasturias.com\/noticias\/#website","url":"https:\/\/www.eldigitaldeasturias.com\/noticias\/","name":"El Digital de Asturias - Diario de actualidad y noticias","alternateName":"El Digital de Asturias - Diario de actualidad y noticias","description":"Hemeroteca","inLanguage":"es-ES","publisher":{"@id":"https:\/\/www.eldigitaldeasturias.com\/noticias\/#organization"}}]},"og:locale":"es_ES","og:site_name":"El Digital de Asturias","og:type":"article","og:title":"La industria papelera alemana contin\u00faa su camino de transformaci\u00f3n - El Digital de Asturias","og:description":"Bonn (Alemania), 21 feb (dpa) - La industria papelera alemana contin\u00faa su camino de transformaci\u00f3n y registr\u00f3 en 2018 un incremento de facturaci\u00f3n a pesar de las consecuencias de la digitalizaci\u00f3n, inform\u00f3 hoy la Asociaci\u00f3n de F\u00e1bricas de Papel Alemanas en Bonn. Por un lado, la demanda de papel gr\u00e1fico (para impresi\u00f3n) disminuy\u00f3 en 2018","og:url":"https:\/\/www.eldigitaldeasturias.com\/noticias\/la-industria-papelera-alemana-continua-su-camino-de-transformacion\/","og:image":"https:\/\/www.eldigitaldeasturias.com\/noticias\/wp-content\/uploads\/2019\/02\/books-1245690_960_720.jpg","og:image:secure_url":"https:\/\/www.eldigitaldeasturias.com\/noticias\/wp-content\/uploads\/2019\/02\/books-1245690_960_720.jpg","og:image:width":960,"og:image:height":640,"article:tag":["econom\u00eda"],"article:published_time":"2019-02-21T22:58:37+00:00","article:modified_time":"2019-02-21T22:58:37+00:00","article:publisher":"https:\/\/facebook.com\/eldigitaldeasturias","twitter:card":"summary_large_image","twitter:title":"La industria papelera alemana contin\u00faa su camino de transformaci\u00f3n - El Digital de Asturias","twitter:description":"Bonn (Alemania), 21 feb (dpa) - La industria papelera alemana contin\u00faa su camino de transformaci\u00f3n y registr\u00f3 en 2018 un incremento de facturaci\u00f3n a pesar de las consecuencias de la digitalizaci\u00f3n, inform\u00f3 hoy la Asociaci\u00f3n de F\u00e1bricas de Papel Alemanas en Bonn. Por un lado, la demanda de papel gr\u00e1fico (para impresi\u00f3n) disminuy\u00f3 en 2018","twitter:image":"https:\/\/www.eldigitaldeasturias.com\/noticias\/wp-content\/uploads\/2019\/02\/books-1245690_960_720.jpg","twitter:label1":"Escrito por","twitter:data1":"El Digital de Asturias","twitter:label2":"Tiempo de lectura estimado","twitter:data2":"2 minutos"},"aioseo_meta_data":{"post_id":"1017810","title":null,"description":null,"keywords":null,"keyphrases":null,"primary_term":null,"canonical_url":null,"og_title":null,"og_description":null,"og_object_type":"default","og_image_type":"default","og_image_url":null,"og_image_width":null,"og_image_height":null,"og_image_custom_url":null,"og_image_custom_fields":null,"og_video":null,"og_custom_url":null,"og_article_section":null,"og_article_tags":null,"twitter_use_og":false,"twitter_card":"default","twitter_image_type":"default","twitter_image_url":null,"twitter_image_custom_url":null,"twitter_image_custom_fields":null,"twitter_title":null,"twitter_description":null,"schema":{"blockGraphs":[],"customGraphs":[],"default":{"data":{"Article":[],"Course":[],"Dataset":[],"FAQPage":[],"Movie":[],"Person":[],"Product":[],"ProductReview":[],"Car":[],"Recipe":[],"Service":[],"SoftwareApplication":[],"WebPage":[]},"graphName":"","isEnabled":true},"graphs":[],"defaultGraph":"","defaultPostTypeGraph":""},"schema_type":null,"schema_type_options":null,"pillar_content":false,"robots_default":true,"robots_noindex":false,"robots_noarchive":false,"robots_nosnippet":false,"robots_nofollow":false,"robots_noimageindex":false,"robots_noodp":false,"robots_notranslate":false,"robots_max_snippet":null,"robots_max_videopreview":null,"robots_max_imagepreview":"large","priority":null,"frequency":null,"local_seo":null,"seo_analyzer_scan_date":"2025-10-16 10:13:39","breadcrumb_settings":null,"limit_modified_date":false,"open_ai":null,"ai":null,"created":"2020-12-21 11:18:36","updated":"2025-10-16 10:13:39"},"aioseo_breadcrumb":"<div class=\"aioseo-breadcrumbs\"><span class=\"aioseo-breadcrumb\">\n\t<a href=\"https:\/\/www.eldigitaldeasturias.com\/noticias\" title=\"Home\">Home<\/a>\n<\/span><span class=\"aioseo-breadcrumb-separator\">\u2013<\/span><span class=\"aioseo-breadcrumb\">\n\t<a href=\"https:\/\/www.eldigitaldeasturias.com\/noticias\/category\/economia\/\" title=\"Econom\u00eda\">Econom\u00eda<\/a>\n<\/span><span class=\"aioseo-breadcrumb-separator\">\u2013<\/span><span class=\"aioseo-breadcrumb\">\n\t<a href=\"https:\/\/www.eldigitaldeasturias.com\/noticias\/la-industria-papelera-alemana-continua-su-camino-de-transformacion\/\" title=\"La industria papelera alemana contin\u00faa su camino de transformaci\u00f3n\">La industria papelera alemana contin\u00faa su camino de transformaci\u00f3n<\/a>\n<\/span><\/div>","aioseo_breadcrumb_json":[{"label":"Home","link":"https:\/\/www.eldigitaldeasturias.com\/noticias"},{"label":"Econom\u00eda","link":"https:\/\/www.eldigitaldeasturias.com\/noticias\/category\/economia\/"},{"label":"La industria papelera alemana contin\u00faa su camino de transformaci\u00f3n","link":"https:\/\/www.eldigitaldeasturias.com\/noticias\/la-industria-papelera-alemana-continua-su-camino-de-transformacion\/"}],"_links":{"self":[{"href":"https:\/\/www.eldigitaldeasturias.com\/noticias\/wp-json\/wp\/v2\/posts\/1017810","targetHints":{"allow":["GET"]}}],"collection":[{"href":"https:\/\/www.eldigitaldeasturias.com\/noticias\/wp-json\/wp\/v2\/posts"}],"about":[{"href":"https:\/\/www.eldigitaldeasturias.com\/noticias\/wp-json\/wp\/v2\/types\/post"}],"author":[{"embeddable":true,"href":"https:\/\/www.eldigitaldeasturias.com\/noticias\/wp-json\/wp\/v2\/users\/1"}],"replies":[{"embeddable":true,"href":"https:\/\/www.eldigitaldeasturias.com\/noticias\/wp-json\/wp\/v2\/comments?post=1017810"}],"version-history":[{"count":0,"href":"https:\/\/www.eldigitaldeasturias.com\/noticias\/wp-json\/wp\/v2\/posts\/1017810\/revisions"}],"wp:featuredmedia":[{"embeddable":true,"href":"https:\/\/www.eldigitaldeasturias.com\/noticias\/wp-json\/wp\/v2\/media\/1017811"}],"wp:attachment":[{"href":"https:\/\/www.eldigitaldeasturias.com\/noticias\/wp-json\/wp\/v2\/media?parent=1017810"}],"wp:term":[{"taxonomy":"category","embeddable":true,"href":"https:\/\/www.eldigitaldeasturias.com\/noticias\/wp-json\/wp\/v2\/categories?post=1017810"},{"taxonomy":"post_tag","embeddable":true,"href":"https:\/\/www.eldigitaldeasturias.com\/noticias\/wp-json\/wp\/v2\/tags?post=1017810"}],"curies":[{"name":"wp","href":"https:\/\/api.w.org\/{rel}","templated":true}]}}